{"id":853651,"date":"2016-02-03T21:22:54","date_gmt":"2016-02-03T21:22:54","guid":{"rendered":"http:\/\/www.eldigitaldeasturias.com\/noticias\/?p=853651"},"modified":"2016-02-03T21:22:54","modified_gmt":"2016-02-03T21:22:54","slug":"inhabilitan-a-seis-funcionarios-de-prisiones-por-la-fuga-de-el-chapo","status":"publish","type":"post","link":"https:\/\/www.eldigitaldeasturias.com\/noticias\/inhabilitan-a-seis-funcionarios-de-prisiones-por-la-fuga-de-el-chapo\/","title":{"rendered":"Inhabilitan a seis funcionarios de prisiones por la fuga de &#8216;El Chapo&#8217;"},"content":{"rendered":"<p><img loading=\"lazy\" decoding=\"async\" class=\"alignleft size-medium wp-image-853652\" src=\"https:\/\/www.eldigitaldeasturias.com\/noticias\/wp-content\/uploads\/2016\/02\/fotonoticia_20160203100122_800-360x240.jpg\" alt=\"fotonoticia_20160203100122_800\" width=\"360\" height=\"240\" srcset=\"https:\/\/www.eldigitaldeasturias.com\/noticias\/wp-content\/uploads\/2016\/02\/fotonoticia_20160203100122_800-360x240.jpg 360w, https:\/\/www.eldigitaldeasturias.com\/noticias\/wp-content\/uploads\/2016\/02\/fotonoticia_20160203100122_800-768x513.jpg 768w, https:\/\/www.eldigitaldeasturias.com\/noticias\/wp-content\/uploads\/2016\/02\/fotonoticia_20160203100122_800-650x434.jpg 650w, https:\/\/www.eldigitaldeasturias.com\/noticias\/wp-content\/uploads\/2016\/02\/fotonoticia_20160203100122_800-84x55.jpg 84w, https:\/\/www.eldigitaldeasturias.com\/noticias\/wp-content\/uploads\/2016\/02\/fotonoticia_20160203100122_800-49x32.jpg 49w, https:\/\/www.eldigitaldeasturias.com\/noticias\/wp-content\/uploads\/2016\/02\/fotonoticia_20160203100122_800.jpg 800w\" sizes=\"auto, (max-width: 360px) 100vw, 360px\" \/>La Secretar\u00eda de la Funci\u00f3n P\u00fablica de M\u00e9xico ha anunciado este lunes la inhabilitaci\u00f3n por un periodo de diez a\u00f1os a seis funcionarios de prisiones por las faltas administrativas en las que incurrieron y que pudieron propiciar la fuga del narcotraficante Joaqu\u00edn &#8216;El Chapo&#8217; Guzm\u00e1n en julio de 2015.<\/p>\n<p>El titular del organismo, Virgilio Andrade Mart\u00ednez, ha detallado que dos de ellos son funcionarios de alto nivel: la coordinadora nacional de Centros Federales de Readaptaci\u00f3n Social (Ceferesos), Celina Oseguera, y el exdirector del penal de El Altiplano, Valent\u00edn C\u00e1rdenas Lerma.<\/p>\n<p>Los otros cuatro sancionados han sido identificados como Leonor Garc\u00eda, directora jur\u00eddica de El Altiplano, y los custodios Roberto Cruz, Estaban Estrada y Juan Ignacio Cuarenta, seg\u00fan ha informado el diario mexicano &#8216;Excelsior&#8217;. Se les acusa, entre otras cosas, por la tardanza al emitir alerta roja cuando &#8216;El Chapo&#8217; desapareci\u00f3 del monitor de seguridad.<\/p>\n<p>Guzm\u00e1n se fug\u00f3 el 11 de julio por la noche de la c\u00e1rcel de m\u00e1xima seguridad de El Altiplano I, en Almoloya, donde se encontraba preso. Lo hizo a trav\u00e9s de un t\u00fanel que desembocaba en la ducha de su celda, que los guardias encontraron vac\u00eda tras perder de vista al &#8216;narco&#8217; con las c\u00e1maras de vigilancia.<\/p>\n<p>Su huida menos de cinco meses despu\u00e9s de ser detenido puso en evidencia a las autoridades mexicanas y las cr\u00edticas se extendieron tambi\u00e9n al Gobierno de Enrique Pe\u00f1a Nieto. El presidente lleg\u00f3 a asumir p\u00fablicamente el error y, en el marco de las investigaciones abiertas sobre la hu\u00edda, las autoridades han detenido a m\u00e1s de una treintena de personas.<\/p>\n","protected":false},"excerpt":{"rendered":"<p>La Secretar\u00eda de la Funci\u00f3n P\u00fablica de M\u00e9xico ha anunciado este lunes la inhabilitaci\u00f3n por un periodo de diez a\u00f1os a seis funcionarios de prisiones por las faltas administrativas en las que incurrieron y que pudieron propiciar la fuga del narcotraficante Joaqu\u00edn &#8216;El Chapo&#8217; Guzm\u00e1n en julio de 2015. El titular del organismo, Virgilio Andrade [&hellip;]<\/p>\n","protected":false},"author":1,"featured_media":853652,"comment_status":"closed","ping_status":"closed","sticky":false,"template":"","format":"standard","meta":{"footnotes":""},"categories":[5],"tags":[],"class_list":["post-853651","post","type-post","status-publish","format-standard","has-post-thumbnail","hentry","category-sucesos"],"aioseo_notices":[],"aioseo_head":"\n\t\t<!-- All in One SEO Pro 4.9.6.2 - aioseo.com -->\n\t<meta name=\"description\" content=\"La Secretar\u00eda de la Funci\u00f3n P\u00fablica de M\u00e9xico ha anunciado este lunes la inhabilitaci\u00f3n por un periodo de diez a\u00f1os a seis funcionarios de prisiones por las faltas administrativas en las que incurrieron y que pudieron propiciar la fuga del narcotraficante Joaqu\u00edn &#039;El Chapo&#039; Guzm\u00e1n en julio de 2015. El titular del organismo, Virgilio Andrade\" \/>\n\t<meta name=\"robots\" content=\"max-image-preview:large\" \/>\n\t<meta name=\"author\" content=\"El Digital de Asturias\"\/>\n\t<meta name=\"google-site-verification\" content=\"UA-38556648-1\" \/>\n\t<meta name=\"msvalidate.01\" content=\"7dfe9f3f1b24437ab69f4f2559babe99\" \/>\n\t<meta name=\"keywords\" content=\"sucesos\" \/>\n\t<link rel=\"canonical\" href=\"https:\/\/www.eldigitaldeasturias.com\/noticias\/inhabilitan-a-seis-funcionarios-de-prisiones-por-la-fuga-de-el-chapo\/\" \/>\n\t<meta name=\"generator\" content=\"All in One SEO Pro (AIOSEO) 4.9.6.2\" \/>\n\t\t<meta property=\"og:locale\" content=\"es_ES\" \/>\n\t\t<meta property=\"og:site_name\" content=\"El Digital de Asturias\" \/>\n\t\t<meta property=\"og:type\" content=\"article\" \/>\n\t\t<meta property=\"og:title\" content=\"Inhabilitan a seis funcionarios de prisiones por la fuga de \u2018El Chapo\u2019 - El Digital de Asturias\" \/>\n\t\t<meta property=\"og:description\" content=\"La Secretar\u00eda de la Funci\u00f3n P\u00fablica de M\u00e9xico ha anunciado este lunes la inhabilitaci\u00f3n por un periodo de diez a\u00f1os a seis funcionarios de prisiones por las faltas administrativas en las que incurrieron y que pudieron propiciar la fuga del narcotraficante Joaqu\u00edn &#039;El Chapo&#039; Guzm\u00e1n en julio de 2015. El titular del organismo, Virgilio Andrade\" \/>\n\t\t<meta property=\"og:url\" content=\"https:\/\/www.eldigitaldeasturias.com\/noticias\/inhabilitan-a-seis-funcionarios-de-prisiones-por-la-fuga-de-el-chapo\/\" \/>\n\t\t<meta property=\"og:image\" content=\"https:\/\/www.eldigitaldeasturias.com\/noticias\/wp-content\/uploads\/2016\/02\/fotonoticia_20160203100122_800.jpg\" \/>\n\t\t<meta property=\"og:image:secure_url\" content=\"https:\/\/www.eldigitaldeasturias.com\/noticias\/wp-content\/uploads\/2016\/02\/fotonoticia_20160203100122_800.jpg\" \/>\n\t\t<meta property=\"og:image:width\" content=\"800\" \/>\n\t\t<meta property=\"og:image:height\" content=\"534\" \/>\n\t\t<meta property=\"article:tag\" content=\"sucesos\" \/>\n\t\t<meta property=\"article:published_time\" content=\"2016-02-03T21:22:54+00:00\" \/>\n\t\t<meta property=\"article:modified_time\" content=\"2016-02-03T21:22:54+00:00\" \/>\n\t\t<meta property=\"article:publisher\" content=\"https:\/\/facebook.com\/eldigitaldeasturias\" \/>\n\t\t<meta name=\"twitter:card\" content=\"summary_large_image\" \/>\n\t\t<meta name=\"twitter:title\" content=\"Inhabilitan a seis funcionarios de prisiones por la fuga de \u2018El Chapo\u2019 - El Digital de Asturias\" \/>\n\t\t<meta name=\"twitter:description\" content=\"La Secretar\u00eda de la Funci\u00f3n P\u00fablica de M\u00e9xico ha anunciado este lunes la inhabilitaci\u00f3n por un periodo de diez a\u00f1os a seis funcionarios de prisiones por las faltas administrativas en las que incurrieron y que pudieron propiciar la fuga del narcotraficante Joaqu\u00edn &#039;El Chapo&#039; Guzm\u00e1n en julio de 2015. El titular del organismo, Virgilio Andrade\" \/>\n\t\t<meta name=\"twitter:image\" content=\"https:\/\/www.eldigitaldeasturias.com\/noticias\/wp-content\/uploads\/2016\/02\/fotonoticia_20160203100122_800.jpg\" \/>\n\t\t<meta name=\"twitter:label1\" content=\"Escrito por\" \/>\n\t\t<meta name=\"twitter:data1\" content=\"El Digital de Asturias\" \/>\n\t\t<meta name=\"twitter:label2\" content=\"Tiempo de lectura estimado\" \/>\n\t\t<meta name=\"twitter:data2\" content=\"1 minuto\" \/>\n\t\t<script type=\"application\/ld+json\" class=\"aioseo-schema\">\n\t\t\t{\"@context\":\"https:\\\/\\\/schema.org\",\"@graph\":[{\"@type\":\"BlogPosting\",\"@id\":\"https:\\\/\\\/www.eldigitaldeasturias.com\\\/noticias\\\/inhabilitan-a-seis-funcionarios-de-prisiones-por-la-fuga-de-el-chapo\\\/#blogposting\",\"name\":\"Inhabilitan a seis funcionarios de prisiones por la fuga de \\u2018El Chapo\\u2019 - El Digital de Asturias\",\"headline\":\"Inhabilitan a seis funcionarios de prisiones por la fuga de &#8216;El Chapo&#8217;\",\"author\":{\"@id\":\"https:\\\/\\\/www.eldigitaldeasturias.com\\\/noticias\\\/author\\\/admin\\\/#author\"},\"publisher\":{\"@id\":\"https:\\\/\\\/www.eldigitaldeasturias.com\\\/noticias\\\/#organization\"},\"image\":{\"@type\":\"ImageObject\",\"url\":\"https:\\\/\\\/www.eldigitaldeasturias.com\\\/noticias\\\/wp-content\\\/uploads\\\/2016\\\/02\\\/fotonoticia_20160203100122_800.jpg\",\"width\":800,\"height\":534},\"datePublished\":\"2016-02-03T21:22:54+01:00\",\"dateModified\":\"2016-02-03T21:22:54+01:00\",\"inLanguage\":\"es-ES\",\"mainEntityOfPage\":{\"@id\":\"https:\\\/\\\/www.eldigitaldeasturias.com\\\/noticias\\\/inhabilitan-a-seis-funcionarios-de-prisiones-por-la-fuga-de-el-chapo\\\/#webpage\"},\"isPartOf\":{\"@id\":\"https:\\\/\\\/www.eldigitaldeasturias.com\\\/noticias\\\/inhabilitan-a-seis-funcionarios-de-prisiones-por-la-fuga-de-el-chapo\\\/#webpage\"},\"articleSection\":\"Sucesos\"},{\"@type\":\"BreadcrumbList\",\"@id\":\"https:\\\/\\\/www.eldigitaldeasturias.com\\\/noticias\\\/inhabilitan-a-seis-funcionarios-de-prisiones-por-la-fuga-de-el-chapo\\\/#breadcrumblist\",\"itemListElement\":[{\"@type\":\"ListItem\",\"@id\":\"https:\\\/\\\/www.eldigitaldeasturias.com\\\/noticias#listItem\",\"position\":1,\"name\":\"Home\",\"item\":\"https:\\\/\\\/www.eldigitaldeasturias.com\\\/noticias\",\"nextItem\":{\"@type\":\"ListItem\",\"@id\":\"https:\\\/\\\/www.eldigitaldeasturias.com\\\/noticias\\\/category\\\/sucesos\\\/#listItem\",\"name\":\"Sucesos\"}},{\"@type\":\"ListItem\",\"@id\":\"https:\\\/\\\/www.eldigitaldeasturias.com\\\/noticias\\\/category\\\/sucesos\\\/#listItem\",\"position\":2,\"name\":\"Sucesos\",\"item\":\"https:\\\/\\\/www.eldigitaldeasturias.com\\\/noticias\\\/category\\\/sucesos\\\/\",\"nextItem\":{\"@type\":\"ListItem\",\"@id\":\"https:\\\/\\\/www.eldigitaldeasturias.com\\\/noticias\\\/inhabilitan-a-seis-funcionarios-de-prisiones-por-la-fuga-de-el-chapo\\\/#listItem\",\"name\":\"Inhabilitan a seis funcionarios de prisiones por la fuga de &#8216;El Chapo&#8217;\"},\"previousItem\":{\"@type\":\"ListItem\",\"@id\":\"https:\\\/\\\/www.eldigitaldeasturias.com\\\/noticias#listItem\",\"name\":\"Home\"}},{\"@type\":\"ListItem\",\"@id\":\"https:\\\/\\\/www.eldigitaldeasturias.com\\\/noticias\\\/inhabilitan-a-seis-funcionarios-de-prisiones-por-la-fuga-de-el-chapo\\\/#listItem\",\"position\":3,\"name\":\"Inhabilitan a seis funcionarios de prisiones por la fuga de &#8216;El Chapo&#8217;\",\"previousItem\":{\"@type\":\"ListItem\",\"@id\":\"https:\\\/\\\/www.eldigitaldeasturias.com\\\/noticias\\\/category\\\/sucesos\\\/#listItem\",\"name\":\"Sucesos\"}}]},{\"@type\":\"Organization\",\"@id\":\"https:\\\/\\\/www.eldigitaldeasturias.com\\\/noticias\\\/#organization\",\"name\":\"El Digital de Asturias\",\"description\":\"Hemeroteca\",\"url\":\"https:\\\/\\\/www.eldigitaldeasturias.com\\\/noticias\\\/\",\"email\":\"info@eldigitaldeasturias.com\",\"telephone\":\"+34652131393\",\"logo\":{\"@type\":\"ImageObject\",\"url\":\"https:\\\/\\\/www.eldigitaldeasturias.com\\\/noticias\\\/wp-content\\\/uploads\\\/2020\\\/12\\\/EDA.jpg\",\"@id\":\"https:\\\/\\\/www.eldigitaldeasturias.com\\\/noticias\\\/inhabilitan-a-seis-funcionarios-de-prisiones-por-la-fuga-de-el-chapo\\\/#organizationLogo\",\"width\":649,\"height\":297},\"image\":{\"@id\":\"https:\\\/\\\/www.eldigitaldeasturias.com\\\/noticias\\\/inhabilitan-a-seis-funcionarios-de-prisiones-por-la-fuga-de-el-chapo\\\/#organizationLogo\"},\"sameAs\":[\"https:\\\/\\\/facebook.com\\\/eldigitaldeasturias\",\"https:\\\/\\\/www.youtube.com\\\/channel\\\/UCZP-2wLEB9Rv6erhFmqVnvg\"],\"address\":{\"@id\":\"https:\\\/\\\/www.eldigitaldeasturias.com\\\/noticias\\\/#postaladdress\",\"@type\":\"PostalAddress\",\"streetAddress\":\"san antonio 4,\",\"postalCode\":\"33430\",\"addressLocality\":\"Cand\\u00e1s\",\"addressRegion\":\"Asturias\",\"addressCountry\":\"ES\"}},{\"@type\":\"Person\",\"@id\":\"https:\\\/\\\/www.eldigitaldeasturias.com\\\/noticias\\\/author\\\/admin\\\/#author\",\"url\":\"https:\\\/\\\/www.eldigitaldeasturias.com\\\/noticias\\\/author\\\/admin\\\/\",\"name\":\"El Digital de Asturias\",\"image\":{\"@type\":\"ImageObject\",\"@id\":\"https:\\\/\\\/www.eldigitaldeasturias.com\\\/noticias\\\/inhabilitan-a-seis-funcionarios-de-prisiones-por-la-fuga-de-el-chapo\\\/#authorImage\",\"url\":\"https:\\\/\\\/www.eldigitaldeasturias.com\\\/noticias\\\/wp-content\\\/litespeed\\\/avatar\\\/18677e78aa0546b92d9dbf31ec7d7668.jpg?ver=1777290358\",\"width\":96,\"height\":96,\"caption\":\"El Digital de Asturias\"}},{\"@type\":\"WebPage\",\"@id\":\"https:\\\/\\\/www.eldigitaldeasturias.com\\\/noticias\\\/inhabilitan-a-seis-funcionarios-de-prisiones-por-la-fuga-de-el-chapo\\\/#webpage\",\"url\":\"https:\\\/\\\/www.eldigitaldeasturias.com\\\/noticias\\\/inhabilitan-a-seis-funcionarios-de-prisiones-por-la-fuga-de-el-chapo\\\/\",\"name\":\"Inhabilitan a seis funcionarios de prisiones por la fuga de \\u2018El Chapo\\u2019 - El Digital de Asturias\",\"description\":\"La Secretar\\u00eda de la Funci\\u00f3n P\\u00fablica de M\\u00e9xico ha anunciado este lunes la inhabilitaci\\u00f3n por un periodo de diez a\\u00f1os a seis funcionarios de prisiones por las faltas administrativas en las que incurrieron y que pudieron propiciar la fuga del narcotraficante Joaqu\\u00edn 'El Chapo' Guzm\\u00e1n en julio de 2015. El titular del organismo, Virgilio Andrade\",\"inLanguage\":\"es-ES\",\"isPartOf\":{\"@id\":\"https:\\\/\\\/www.eldigitaldeasturias.com\\\/noticias\\\/#website\"},\"breadcrumb\":{\"@id\":\"https:\\\/\\\/www.eldigitaldeasturias.com\\\/noticias\\\/inhabilitan-a-seis-funcionarios-de-prisiones-por-la-fuga-de-el-chapo\\\/#breadcrumblist\"},\"author\":{\"@id\":\"https:\\\/\\\/www.eldigitaldeasturias.com\\\/noticias\\\/author\\\/admin\\\/#author\"},\"creator\":{\"@id\":\"https:\\\/\\\/www.eldigitaldeasturias.com\\\/noticias\\\/author\\\/admin\\\/#author\"},\"image\":{\"@type\":\"ImageObject\",\"url\":\"https:\\\/\\\/www.eldigitaldeasturias.com\\\/noticias\\\/wp-content\\\/uploads\\\/2016\\\/02\\\/fotonoticia_20160203100122_800.jpg\",\"@id\":\"https:\\\/\\\/www.eldigitaldeasturias.com\\\/noticias\\\/inhabilitan-a-seis-funcionarios-de-prisiones-por-la-fuga-de-el-chapo\\\/#mainImage\",\"width\":800,\"height\":534},\"primaryImageOfPage\":{\"@id\":\"https:\\\/\\\/www.eldigitaldeasturias.com\\\/noticias\\\/inhabilitan-a-seis-funcionarios-de-prisiones-por-la-fuga-de-el-chapo\\\/#mainImage\"},\"datePublished\":\"2016-02-03T21:22:54+01:00\",\"dateModified\":\"2016-02-03T21:22:54+01:00\"},{\"@type\":\"WebSite\",\"@id\":\"https:\\\/\\\/www.eldigitaldeasturias.com\\\/noticias\\\/#website\",\"url\":\"https:\\\/\\\/www.eldigitaldeasturias.com\\\/noticias\\\/\",\"name\":\"El Digital de Asturias - Diario de actualidad y noticias\",\"alternateName\":\"El Digital de Asturias - Diario de actualidad y noticias\",\"description\":\"Hemeroteca\",\"inLanguage\":\"es-ES\",\"publisher\":{\"@id\":\"https:\\\/\\\/www.eldigitaldeasturias.com\\\/noticias\\\/#organization\"}}]}\n\t\t<\/script>\n\t\t<!-- All in One SEO Pro -->\r\n\t\t<title>Inhabilitan a seis funcionarios de prisiones por la fuga de \u2018El Chapo\u2019 - El Digital de Asturias<\/title>\n\n","aioseo_head_json":{"title":"Inhabilitan a seis funcionarios de prisiones por la fuga de \u2018El Chapo\u2019 - El Digital de Asturias","description":"La Secretar\u00eda de la Funci\u00f3n P\u00fablica de M\u00e9xico ha anunciado este lunes la inhabilitaci\u00f3n por un periodo de diez a\u00f1os a seis funcionarios de prisiones por las faltas administrativas en las que incurrieron y que pudieron propiciar la fuga del narcotraficante Joaqu\u00edn 'El Chapo' Guzm\u00e1n en julio de 2015. El titular del organismo, Virgilio Andrade","canonical_url":"https:\/\/www.eldigitaldeasturias.com\/noticias\/inhabilitan-a-seis-funcionarios-de-prisiones-por-la-fuga-de-el-chapo\/","robots":"max-image-preview:large","keywords":"sucesos","webmasterTools":{"google-site-verification":"UA-38556648-1","msvalidate.01":"7dfe9f3f1b24437ab69f4f2559babe99","miscellaneous":""},"schema":{"@context":"https:\/\/schema.org","@graph":[{"@type":"BlogPosting","@id":"https:\/\/www.eldigitaldeasturias.com\/noticias\/inhabilitan-a-seis-funcionarios-de-prisiones-por-la-fuga-de-el-chapo\/#blogposting","name":"Inhabilitan a seis funcionarios de prisiones por la fuga de \u2018El Chapo\u2019 - El Digital de Asturias","headline":"Inhabilitan a seis funcionarios de prisiones por la fuga de &#8216;El Chapo&#8217;","author":{"@id":"https:\/\/www.eldigitaldeasturias.com\/noticias\/author\/admin\/#author"},"publisher":{"@id":"https:\/\/www.eldigitaldeasturias.com\/noticias\/#organization"},"image":{"@type":"ImageObject","url":"https:\/\/www.eldigitaldeasturias.com\/noticias\/wp-content\/uploads\/2016\/02\/fotonoticia_20160203100122_800.jpg","width":800,"height":534},"datePublished":"2016-02-03T21:22:54+01:00","dateModified":"2016-02-03T21:22:54+01:00","inLanguage":"es-ES","mainEntityOfPage":{"@id":"https:\/\/www.eldigitaldeasturias.com\/noticias\/inhabilitan-a-seis-funcionarios-de-prisiones-por-la-fuga-de-el-chapo\/#webpage"},"isPartOf":{"@id":"https:\/\/www.eldigitaldeasturias.com\/noticias\/inhabilitan-a-seis-funcionarios-de-prisiones-por-la-fuga-de-el-chapo\/#webpage"},"articleSection":"Sucesos"},{"@type":"BreadcrumbList","@id":"https:\/\/www.eldigitaldeasturias.com\/noticias\/inhabilitan-a-seis-funcionarios-de-prisiones-por-la-fuga-de-el-chapo\/#breadcrumblist","itemListElement":[{"@type":"ListItem","@id":"https:\/\/www.eldigitaldeasturias.com\/noticias#listItem","position":1,"name":"Home","item":"https:\/\/www.eldigitaldeasturias.com\/noticias","nextItem":{"@type":"ListItem","@id":"https:\/\/www.eldigitaldeasturias.com\/noticias\/category\/sucesos\/#listItem","name":"Sucesos"}},{"@type":"ListItem","@id":"https:\/\/www.eldigitaldeasturias.com\/noticias\/category\/sucesos\/#listItem","position":2,"name":"Sucesos","item":"https:\/\/www.eldigitaldeasturias.com\/noticias\/category\/sucesos\/","nextItem":{"@type":"ListItem","@id":"https:\/\/www.eldigitaldeasturias.com\/noticias\/inhabilitan-a-seis-funcionarios-de-prisiones-por-la-fuga-de-el-chapo\/#listItem","name":"Inhabilitan a seis funcionarios de prisiones por la fuga de &#8216;El Chapo&#8217;"},"previousItem":{"@type":"ListItem","@id":"https:\/\/www.eldigitaldeasturias.com\/noticias#listItem","name":"Home"}},{"@type":"ListItem","@id":"https:\/\/www.eldigitaldeasturias.com\/noticias\/inhabilitan-a-seis-funcionarios-de-prisiones-por-la-fuga-de-el-chapo\/#listItem","position":3,"name":"Inhabilitan a seis funcionarios de prisiones por la fuga de &#8216;El Chapo&#8217;","previousItem":{"@type":"ListItem","@id":"https:\/\/www.eldigitaldeasturias.com\/noticias\/category\/sucesos\/#listItem","name":"Sucesos"}}]},{"@type":"Organization","@id":"https:\/\/www.eldigitaldeasturias.com\/noticias\/#organization","name":"El Digital de Asturias","description":"Hemeroteca","url":"https:\/\/www.eldigitaldeasturias.com\/noticias\/","email":"info@eldigitaldeasturias.com","telephone":"+34652131393","logo":{"@type":"ImageObject","url":"https:\/\/www.eldigitaldeasturias.com\/noticias\/wp-content\/uploads\/2020\/12\/EDA.jpg","@id":"https:\/\/www.eldigitaldeasturias.com\/noticias\/inhabilitan-a-seis-funcionarios-de-prisiones-por-la-fuga-de-el-chapo\/#organizationLogo","width":649,"height":297},"image":{"@id":"https:\/\/www.eldigitaldeasturias.com\/noticias\/inhabilitan-a-seis-funcionarios-de-prisiones-por-la-fuga-de-el-chapo\/#organizationLogo"},"sameAs":["https:\/\/facebook.com\/eldigitaldeasturias","https:\/\/www.youtube.com\/channel\/UCZP-2wLEB9Rv6erhFmqVnvg"],"address":{"@id":"https:\/\/www.eldigitaldeasturias.com\/noticias\/#postaladdress","@type":"PostalAddress","streetAddress":"san antonio 4,","postalCode":"33430","addressLocality":"Cand\u00e1s","addressRegion":"Asturias","addressCountry":"ES"}},{"@type":"Person","@id":"https:\/\/www.eldigitaldeasturias.com\/noticias\/author\/admin\/#author","url":"https:\/\/www.eldigitaldeasturias.com\/noticias\/author\/admin\/","name":"El Digital de Asturias","image":{"@type":"ImageObject","@id":"https:\/\/www.eldigitaldeasturias.com\/noticias\/inhabilitan-a-seis-funcionarios-de-prisiones-por-la-fuga-de-el-chapo\/#authorImage","url":"https:\/\/www.eldigitaldeasturias.com\/noticias\/wp-content\/litespeed\/avatar\/18677e78aa0546b92d9dbf31ec7d7668.jpg?ver=1777290358","width":96,"height":96,"caption":"El Digital de Asturias"}},{"@type":"WebPage","@id":"https:\/\/www.eldigitaldeasturias.com\/noticias\/inhabilitan-a-seis-funcionarios-de-prisiones-por-la-fuga-de-el-chapo\/#webpage","url":"https:\/\/www.eldigitaldeasturias.com\/noticias\/inhabilitan-a-seis-funcionarios-de-prisiones-por-la-fuga-de-el-chapo\/","name":"Inhabilitan a seis funcionarios de prisiones por la fuga de \u2018El Chapo\u2019 - El Digital de Asturias","description":"La Secretar\u00eda de la Funci\u00f3n P\u00fablica de M\u00e9xico ha anunciado este lunes la inhabilitaci\u00f3n por un periodo de diez a\u00f1os a seis funcionarios de prisiones por las faltas administrativas en las que incurrieron y que pudieron propiciar la fuga del narcotraficante Joaqu\u00edn 'El Chapo' Guzm\u00e1n en julio de 2015. El titular del organismo, Virgilio Andrade","inLanguage":"es-ES","isPartOf":{"@id":"https:\/\/www.eldigitaldeasturias.com\/noticias\/#website"},"breadcrumb":{"@id":"https:\/\/www.eldigitaldeasturias.com\/noticias\/inhabilitan-a-seis-funcionarios-de-prisiones-por-la-fuga-de-el-chapo\/#breadcrumblist"},"author":{"@id":"https:\/\/www.eldigitaldeasturias.com\/noticias\/author\/admin\/#author"},"creator":{"@id":"https:\/\/www.eldigitaldeasturias.com\/noticias\/author\/admin\/#author"},"image":{"@type":"ImageObject","url":"https:\/\/www.eldigitaldeasturias.com\/noticias\/wp-content\/uploads\/2016\/02\/fotonoticia_20160203100122_800.jpg","@id":"https:\/\/www.eldigitaldeasturias.com\/noticias\/inhabilitan-a-seis-funcionarios-de-prisiones-por-la-fuga-de-el-chapo\/#mainImage","width":800,"height":534},"primaryImageOfPage":{"@id":"https:\/\/www.eldigitaldeasturias.com\/noticias\/inhabilitan-a-seis-funcionarios-de-prisiones-por-la-fuga-de-el-chapo\/#mainImage"},"datePublished":"2016-02-03T21:22:54+01:00","dateModified":"2016-02-03T21:22:54+01:00"},{"@type":"WebSite","@id":"https:\/\/www.eldigitaldeasturias.com\/noticias\/#website","url":"https:\/\/www.eldigitaldeasturias.com\/noticias\/","name":"El Digital de Asturias - Diario de actualidad y noticias","alternateName":"El Digital de Asturias - Diario de actualidad y noticias","description":"Hemeroteca","inLanguage":"es-ES","publisher":{"@id":"https:\/\/www.eldigitaldeasturias.com\/noticias\/#organization"}}]},"og:locale":"es_ES","og:site_name":"El Digital de Asturias","og:type":"article","og:title":"Inhabilitan a seis funcionarios de prisiones por la fuga de \u2018El Chapo\u2019 - El Digital de Asturias","og:description":"La Secretar\u00eda de la Funci\u00f3n P\u00fablica de M\u00e9xico ha anunciado este lunes la inhabilitaci\u00f3n por un periodo de diez a\u00f1os a seis funcionarios de prisiones por las faltas administrativas en las que incurrieron y que pudieron propiciar la fuga del narcotraficante Joaqu\u00edn 'El Chapo' Guzm\u00e1n en julio de 2015. El titular del organismo, Virgilio Andrade","og:url":"https:\/\/www.eldigitaldeasturias.com\/noticias\/inhabilitan-a-seis-funcionarios-de-prisiones-por-la-fuga-de-el-chapo\/","og:image":"https:\/\/www.eldigitaldeasturias.com\/noticias\/wp-content\/uploads\/2016\/02\/fotonoticia_20160203100122_800.jpg","og:image:secure_url":"https:\/\/www.eldigitaldeasturias.com\/noticias\/wp-content\/uploads\/2016\/02\/fotonoticia_20160203100122_800.jpg","og:image:width":800,"og:image:height":534,"article:tag":["sucesos"],"article:published_time":"2016-02-03T21:22:54+00:00","article:modified_time":"2016-02-03T21:22:54+00:00","article:publisher":"https:\/\/facebook.com\/eldigitaldeasturias","twitter:card":"summary_large_image","twitter:title":"Inhabilitan a seis funcionarios de prisiones por la fuga de \u2018El Chapo\u2019 - El Digital de Asturias","twitter:description":"La Secretar\u00eda de la Funci\u00f3n P\u00fablica de M\u00e9xico ha anunciado este lunes la inhabilitaci\u00f3n por un periodo de diez a\u00f1os a seis funcionarios de prisiones por las faltas administrativas en las que incurrieron y que pudieron propiciar la fuga del narcotraficante Joaqu\u00edn 'El Chapo' Guzm\u00e1n en julio de 2015. El titular del organismo, Virgilio Andrade","twitter:image":"https:\/\/www.eldigitaldeasturias.com\/noticias\/wp-content\/uploads\/2016\/02\/fotonoticia_20160203100122_800.jpg","twitter:label1":"Escrito por","twitter:data1":"El Digital de Asturias","twitter:label2":"Tiempo de lectura estimado","twitter:data2":"1 minuto"},"aioseo_meta_data":{"post_id":"853651","title":null,"description":null,"keywords":null,"keyphrases":null,"primary_term":null,"canonical_url":null,"og_title":null,"og_description":null,"og_object_type":"default","og_image_type":"default","og_image_url":null,"og_image_width":null,"og_image_height":null,"og_image_custom_url":null,"og_image_custom_fields":null,"og_video":null,"og_custom_url":null,"og_article_section":null,"og_article_tags":null,"twitter_use_og":false,"twitter_card":"default","twitter_image_type":"default","twitter_image_url":null,"twitter_image_custom_url":null,"twitter_image_custom_fields":null,"twitter_title":null,"twitter_description":null,"schema":{"blockGraphs":[],"customGraphs":[],"default":{"data":{"Article":[],"Course":[],"Dataset":[],"FAQPage":[],"Movie":[],"Person":[],"Product":[],"ProductReview":[],"Car":[],"Recipe":[],"Service":[],"SoftwareApplication":[],"WebPage":[]},"graphName":"","isEnabled":true},"graphs":[],"defaultGraph":"","defaultPostTypeGraph":""},"schema_type":null,"schema_type_options":null,"pillar_content":false,"robots_default":true,"robots_noindex":false,"robots_noarchive":false,"robots_nosnippet":false,"robots_nofollow":false,"robots_noimageindex":false,"robots_noodp":false,"robots_notranslate":false,"robots_max_snippet":null,"robots_max_videopreview":null,"robots_max_imagepreview":"large","priority":null,"frequency":null,"local_seo":null,"seo_analyzer_scan_date":"2025-12-09 18:52:25","breadcrumb_settings":null,"limit_modified_date":false,"open_ai":null,"ai":null,"created":"2021-01-22 03:10:09","updated":"2025-12-09 18:52:25"},"aioseo_breadcrumb":"<div class=\"aioseo-breadcrumbs\"><span class=\"aioseo-breadcrumb\">\n\t<a href=\"https:\/\/www.eldigitaldeasturias.com\/noticias\" title=\"Home\">Home<\/a>\n<\/span><span class=\"aioseo-breadcrumb-separator\">\u2013<\/span><span class=\"aioseo-breadcrumb\">\n\t<a href=\"https:\/\/www.eldigitaldeasturias.com\/noticias\/category\/sucesos\/\" title=\"Sucesos\">Sucesos<\/a>\n<\/span><span class=\"aioseo-breadcrumb-separator\">\u2013<\/span><span class=\"aioseo-breadcrumb\">\n\t<a href=\"https:\/\/www.eldigitaldeasturias.com\/noticias\/inhabilitan-a-seis-funcionarios-de-prisiones-por-la-fuga-de-el-chapo\/\" title=\"Inhabilitan a seis funcionarios de prisiones por la fuga de \u2018El Chapo\u2019\">Inhabilitan a seis funcionarios de prisiones por la fuga de \u2018El Chapo\u2019<\/a>\n<\/span><\/div>","aioseo_breadcrumb_json":[{"label":"Home","link":"https:\/\/www.eldigitaldeasturias.com\/noticias"},{"label":"Sucesos","link":"https:\/\/www.eldigitaldeasturias.com\/noticias\/category\/sucesos\/"},{"label":"Inhabilitan a seis funcionarios de prisiones por la fuga de &#8216;El Chapo&#8217;","link":"https:\/\/www.eldigitaldeasturias.com\/noticias\/inhabilitan-a-seis-funcionarios-de-prisiones-por-la-fuga-de-el-chapo\/"}],"_links":{"self":[{"href":"https:\/\/www.eldigitaldeasturias.com\/noticias\/wp-json\/wp\/v2\/posts\/853651","targetHints":{"allow":["GET"]}}],"collection":[{"href":"https:\/\/www.eldigitaldeasturias.com\/noticias\/wp-json\/wp\/v2\/posts"}],"about":[{"href":"https:\/\/www.eldigitaldeasturias.com\/noticias\/wp-json\/wp\/v2\/types\/post"}],"author":[{"embeddable":true,"href":"https:\/\/www.eldigitaldeasturias.com\/noticias\/wp-json\/wp\/v2\/users\/1"}],"replies":[{"embeddable":true,"href":"https:\/\/www.eldigitaldeasturias.com\/noticias\/wp-json\/wp\/v2\/comments?post=853651"}],"version-history":[{"count":0,"href":"https:\/\/www.eldigitaldeasturias.com\/noticias\/wp-json\/wp\/v2\/posts\/853651\/revisions"}],"wp:featuredmedia":[{"embeddable":true,"href":"https:\/\/www.eldigitaldeasturias.com\/noticias\/wp-json\/wp\/v2\/media\/853652"}],"wp:attachment":[{"href":"https:\/\/www.eldigitaldeasturias.com\/noticias\/wp-json\/wp\/v2\/media?parent=853651"}],"wp:term":[{"taxonomy":"category","embeddable":true,"href":"https:\/\/www.eldigitaldeasturias.com\/noticias\/wp-json\/wp\/v2\/categories?post=853651"},{"taxonomy":"post_tag","embeddable":true,"href":"https:\/\/www.eldigitaldeasturias.com\/noticias\/wp-json\/wp\/v2\/tags?post=853651"}],"curies":[{"name":"wp","href":"https:\/\/api.w.org\/{rel}","templated":true}]}}