{"id":853639,"date":"2016-02-03T21:09:52","date_gmt":"2016-02-03T21:09:52","guid":{"rendered":"http:\/\/www.eldigitaldeasturias.com\/noticias\/?p=853639"},"modified":"2016-02-03T21:09:52","modified_gmt":"2016-02-03T21:09:52","slug":"kanye-west-presentara-su-nuevo-album-desde-nueva-york-en-directo-a-cines-de-todo-el-mundo","status":"publish","type":"post","link":"https:\/\/www.eldigitaldeasturias.com\/noticias\/kanye-west-presentara-su-nuevo-album-desde-nueva-york-en-directo-a-cines-de-todo-el-mundo\/","title":{"rendered":"Kanye West presentar\u00e1 su nuevo \u00e1lbum desde Nueva York en directo a cines de todo el mundo"},"content":{"rendered":"<p><img loading=\"lazy\" decoding=\"async\" class=\"alignleft size-medium wp-image-853640\" src=\"https:\/\/www.eldigitaldeasturias.com\/noticias\/wp-content\/uploads\/2016\/02\/fotonoticia_20160203145400_800-213x320.jpg\" alt=\"fotonoticia_20160203145400_800\" width=\"213\" height=\"320\" srcset=\"https:\/\/www.eldigitaldeasturias.com\/noticias\/wp-content\/uploads\/2016\/02\/fotonoticia_20160203145400_800-213x320.jpg 213w, https:\/\/www.eldigitaldeasturias.com\/noticias\/wp-content\/uploads\/2016\/02\/fotonoticia_20160203145400_800-768x1152.jpg 768w, https:\/\/www.eldigitaldeasturias.com\/noticias\/wp-content\/uploads\/2016\/02\/fotonoticia_20160203145400_800-433x650.jpg 433w, https:\/\/www.eldigitaldeasturias.com\/noticias\/wp-content\/uploads\/2016\/02\/fotonoticia_20160203145400_800.jpg 800w\" sizes=\"auto, (max-width: 213px) 100vw, 213px\" \/>El pr\u00f3ximo 11 de febrero a partir de las 4PM hora EST (es decir, las diez de la noche hora espa\u00f1ola, el rapero estadounidense Kanye West celebrar\u00e1 estreno mundial \u00fanico.<\/p>\n<p>En directo, desde el Madison Square Garden de Nueva York hasta 700 cines de 23 pa\u00edses en todo el mundo se desvelar\u00e1 de manera simult\u00e1nea la tercera temporada de la colecci\u00f3n Yeezy y se estrenar\u00e1 tambi\u00e9n su s\u00e9ptimo \u00e1lbum, finalmente titulado Waves.<\/p>\n<p>La presentaci\u00f3n ir\u00e1 acompa\u00f1ada de una actuaci\u00f3n visual a cargo de la artista Vanessa Beecroft, informa Universal Music.<\/p>\n<p>Las entradas para vivir la experiencia en cines est\u00e1n ya disponibles a trav\u00e9s de tickets.kanyewest.com.<\/p>\n","protected":false},"excerpt":{"rendered":"<p>El pr\u00f3ximo 11 de febrero a partir de las 4PM hora EST (es decir, las diez de la noche hora espa\u00f1ola, el rapero estadounidense Kanye West celebrar\u00e1 estreno mundial \u00fanico. En directo, desde el Madison Square Garden de Nueva York hasta 700 cines de 23 pa\u00edses en todo el mundo se desvelar\u00e1 de manera simult\u00e1nea [&hellip;]<\/p>\n","protected":false},"author":1,"featured_media":853640,"comment_status":"closed","ping_status":"closed","sticky":false,"template":"","format":"standard","meta":{"footnotes":""},"categories":[50],"tags":[],"class_list":["post-853639","post","type-post","status-publish","format-standard","has-post-thumbnail","hentry","category-revista-de-ocio"],"aioseo_notices":[],"aioseo_head":"\n\t\t<!-- All in One SEO Pro 4.9.6.2 - aioseo.com -->\n\t<meta name=\"description\" content=\"El pr\u00f3ximo 11 de febrero a partir de las 4PM hora EST (es decir, las diez de la noche hora espa\u00f1ola, el rapero estadounidense Kanye West celebrar\u00e1 estreno mundial \u00fanico. En directo, desde el Madison Square Garden de Nueva York hasta 700 cines de 23 pa\u00edses en todo el mundo se desvelar\u00e1 de manera simult\u00e1nea\" \/>\n\t<meta name=\"robots\" content=\"max-image-preview:large\" \/>\n\t<meta name=\"author\" content=\"El Digital de Asturias\"\/>\n\t<meta name=\"google-site-verification\" content=\"UA-38556648-1\" \/>\n\t<meta name=\"msvalidate.01\" content=\"7dfe9f3f1b24437ab69f4f2559babe99\" \/>\n\t<meta name=\"keywords\" content=\"revista de ocio\" \/>\n\t<link rel=\"canonical\" href=\"https:\/\/www.eldigitaldeasturias.com\/noticias\/kanye-west-presentara-su-nuevo-album-desde-nueva-york-en-directo-a-cines-de-todo-el-mundo\/\" \/>\n\t<meta name=\"generator\" content=\"All in One SEO Pro (AIOSEO) 4.9.6.2\" \/>\n\t\t<meta property=\"og:locale\" content=\"es_ES\" \/>\n\t\t<meta property=\"og:site_name\" content=\"El Digital de Asturias\" \/>\n\t\t<meta property=\"og:type\" content=\"article\" \/>\n\t\t<meta property=\"og:title\" content=\"Kanye West presentar\u00e1 su nuevo \u00e1lbum desde Nueva York en directo a cines de todo el mundo - El Digital de Asturias\" \/>\n\t\t<meta property=\"og:description\" content=\"El pr\u00f3ximo 11 de febrero a partir de las 4PM hora EST (es decir, las diez de la noche hora espa\u00f1ola, el rapero estadounidense Kanye West celebrar\u00e1 estreno mundial \u00fanico. En directo, desde el Madison Square Garden de Nueva York hasta 700 cines de 23 pa\u00edses en todo el mundo se desvelar\u00e1 de manera simult\u00e1nea\" \/>\n\t\t<meta property=\"og:url\" content=\"https:\/\/www.eldigitaldeasturias.com\/noticias\/kanye-west-presentara-su-nuevo-album-desde-nueva-york-en-directo-a-cines-de-todo-el-mundo\/\" \/>\n\t\t<meta property=\"og:image\" content=\"https:\/\/www.eldigitaldeasturias.com\/noticias\/wp-content\/uploads\/2016\/02\/fotonoticia_20160203145400_800.jpg\" \/>\n\t\t<meta property=\"og:image:secure_url\" content=\"https:\/\/www.eldigitaldeasturias.com\/noticias\/wp-content\/uploads\/2016\/02\/fotonoticia_20160203145400_800.jpg\" \/>\n\t\t<meta property=\"og:image:width\" content=\"800\" \/>\n\t\t<meta property=\"og:image:height\" content=\"1200\" \/>\n\t\t<meta property=\"article:tag\" content=\"revista de ocio\" \/>\n\t\t<meta property=\"article:published_time\" content=\"2016-02-03T21:09:52+00:00\" \/>\n\t\t<meta property=\"article:modified_time\" content=\"2016-02-03T21:09:52+00:00\" \/>\n\t\t<meta property=\"article:publisher\" content=\"https:\/\/facebook.com\/eldigitaldeasturias\" \/>\n\t\t<meta name=\"twitter:card\" content=\"summary_large_image\" \/>\n\t\t<meta name=\"twitter:title\" content=\"Kanye West presentar\u00e1 su nuevo \u00e1lbum desde Nueva York en directo a cines de todo el mundo - El Digital de Asturias\" \/>\n\t\t<meta name=\"twitter:description\" content=\"El pr\u00f3ximo 11 de febrero a partir de las 4PM hora EST (es decir, las diez de la noche hora espa\u00f1ola, el rapero estadounidense Kanye West celebrar\u00e1 estreno mundial \u00fanico. En directo, desde el Madison Square Garden de Nueva York hasta 700 cines de 23 pa\u00edses en todo el mundo se desvelar\u00e1 de manera simult\u00e1nea\" \/>\n\t\t<meta name=\"twitter:image\" content=\"https:\/\/www.eldigitaldeasturias.com\/noticias\/wp-content\/uploads\/2016\/02\/fotonoticia_20160203145400_800.jpg\" \/>\n\t\t<meta name=\"twitter:label1\" content=\"Escrito por\" \/>\n\t\t<meta name=\"twitter:data1\" content=\"El Digital de Asturias\" \/>\n\t\t<meta name=\"twitter:label2\" content=\"Tiempo de lectura estimado\" \/>\n\t\t<meta name=\"twitter:data2\" content=\"1 minuto\" \/>\n\t\t<script type=\"application\/ld+json\" class=\"aioseo-schema\">\n\t\t\t{\"@context\":\"https:\\\/\\\/schema.org\",\"@graph\":[{\"@type\":\"BlogPosting\",\"@id\":\"https:\\\/\\\/www.eldigitaldeasturias.com\\\/noticias\\\/kanye-west-presentara-su-nuevo-album-desde-nueva-york-en-directo-a-cines-de-todo-el-mundo\\\/#blogposting\",\"name\":\"Kanye West presentar\\u00e1 su nuevo \\u00e1lbum desde Nueva York en directo a cines de todo el mundo - El Digital de Asturias\",\"headline\":\"Kanye West presentar\\u00e1 su nuevo \\u00e1lbum desde Nueva York en directo a cines de todo el mundo\",\"author\":{\"@id\":\"https:\\\/\\\/www.eldigitaldeasturias.com\\\/noticias\\\/author\\\/admin\\\/#author\"},\"publisher\":{\"@id\":\"https:\\\/\\\/www.eldigitaldeasturias.com\\\/noticias\\\/#organization\"},\"image\":{\"@type\":\"ImageObject\",\"url\":\"https:\\\/\\\/www.eldigitaldeasturias.com\\\/noticias\\\/wp-content\\\/uploads\\\/2016\\\/02\\\/fotonoticia_20160203145400_800.jpg\",\"width\":800,\"height\":1200},\"datePublished\":\"2016-02-03T21:09:52+01:00\",\"dateModified\":\"2016-02-03T21:09:52+01:00\",\"inLanguage\":\"es-ES\",\"mainEntityOfPage\":{\"@id\":\"https:\\\/\\\/www.eldigitaldeasturias.com\\\/noticias\\\/kanye-west-presentara-su-nuevo-album-desde-nueva-york-en-directo-a-cines-de-todo-el-mundo\\\/#webpage\"},\"isPartOf\":{\"@id\":\"https:\\\/\\\/www.eldigitaldeasturias.com\\\/noticias\\\/kanye-west-presentara-su-nuevo-album-desde-nueva-york-en-directo-a-cines-de-todo-el-mundo\\\/#webpage\"},\"articleSection\":\"Revista de Ocio\"},{\"@type\":\"BreadcrumbList\",\"@id\":\"https:\\\/\\\/www.eldigitaldeasturias.com\\\/noticias\\\/kanye-west-presentara-su-nuevo-album-desde-nueva-york-en-directo-a-cines-de-todo-el-mundo\\\/#breadcrumblist\",\"itemListElement\":[{\"@type\":\"ListItem\",\"@id\":\"https:\\\/\\\/www.eldigitaldeasturias.com\\\/noticias#listItem\",\"position\":1,\"name\":\"Home\",\"item\":\"https:\\\/\\\/www.eldigitaldeasturias.com\\\/noticias\",\"nextItem\":{\"@type\":\"ListItem\",\"@id\":\"https:\\\/\\\/www.eldigitaldeasturias.com\\\/noticias\\\/category\\\/revista-de-ocio\\\/#listItem\",\"name\":\"Revista de Ocio\"}},{\"@type\":\"ListItem\",\"@id\":\"https:\\\/\\\/www.eldigitaldeasturias.com\\\/noticias\\\/category\\\/revista-de-ocio\\\/#listItem\",\"position\":2,\"name\":\"Revista de Ocio\",\"item\":\"https:\\\/\\\/www.eldigitaldeasturias.com\\\/noticias\\\/category\\\/revista-de-ocio\\\/\",\"nextItem\":{\"@type\":\"ListItem\",\"@id\":\"https:\\\/\\\/www.eldigitaldeasturias.com\\\/noticias\\\/kanye-west-presentara-su-nuevo-album-desde-nueva-york-en-directo-a-cines-de-todo-el-mundo\\\/#listItem\",\"name\":\"Kanye West presentar\\u00e1 su nuevo \\u00e1lbum desde Nueva York en directo a cines de todo el mundo\"},\"previousItem\":{\"@type\":\"ListItem\",\"@id\":\"https:\\\/\\\/www.eldigitaldeasturias.com\\\/noticias#listItem\",\"name\":\"Home\"}},{\"@type\":\"ListItem\",\"@id\":\"https:\\\/\\\/www.eldigitaldeasturias.com\\\/noticias\\\/kanye-west-presentara-su-nuevo-album-desde-nueva-york-en-directo-a-cines-de-todo-el-mundo\\\/#listItem\",\"position\":3,\"name\":\"Kanye West presentar\\u00e1 su nuevo \\u00e1lbum desde Nueva York en directo a cines de todo el mundo\",\"previousItem\":{\"@type\":\"ListItem\",\"@id\":\"https:\\\/\\\/www.eldigitaldeasturias.com\\\/noticias\\\/category\\\/revista-de-ocio\\\/#listItem\",\"name\":\"Revista de Ocio\"}}]},{\"@type\":\"Organization\",\"@id\":\"https:\\\/\\\/www.eldigitaldeasturias.com\\\/noticias\\\/#organization\",\"name\":\"El Digital de Asturias\",\"description\":\"Hemeroteca\",\"url\":\"https:\\\/\\\/www.eldigitaldeasturias.com\\\/noticias\\\/\",\"email\":\"info@eldigitaldeasturias.com\",\"telephone\":\"+34652131393\",\"logo\":{\"@type\":\"ImageObject\",\"url\":\"https:\\\/\\\/www.eldigitaldeasturias.com\\\/noticias\\\/wp-content\\\/uploads\\\/2020\\\/12\\\/EDA.jpg\",\"@id\":\"https:\\\/\\\/www.eldigitaldeasturias.com\\\/noticias\\\/kanye-west-presentara-su-nuevo-album-desde-nueva-york-en-directo-a-cines-de-todo-el-mundo\\\/#organizationLogo\",\"width\":649,\"height\":297},\"image\":{\"@id\":\"https:\\\/\\\/www.eldigitaldeasturias.com\\\/noticias\\\/kanye-west-presentara-su-nuevo-album-desde-nueva-york-en-directo-a-cines-de-todo-el-mundo\\\/#organizationLogo\"},\"sameAs\":[\"https:\\\/\\\/facebook.com\\\/eldigitaldeasturias\",\"https:\\\/\\\/www.youtube.com\\\/channel\\\/UCZP-2wLEB9Rv6erhFmqVnvg\"],\"address\":{\"@id\":\"https:\\\/\\\/www.eldigitaldeasturias.com\\\/noticias\\\/#postaladdress\",\"@type\":\"PostalAddress\",\"streetAddress\":\"san antonio 4,\",\"postalCode\":\"33430\",\"addressLocality\":\"Cand\\u00e1s\",\"addressRegion\":\"Asturias\",\"addressCountry\":\"ES\"}},{\"@type\":\"Person\",\"@id\":\"https:\\\/\\\/www.eldigitaldeasturias.com\\\/noticias\\\/author\\\/admin\\\/#author\",\"url\":\"https:\\\/\\\/www.eldigitaldeasturias.com\\\/noticias\\\/author\\\/admin\\\/\",\"name\":\"El Digital de Asturias\",\"image\":{\"@type\":\"ImageObject\",\"@id\":\"https:\\\/\\\/www.eldigitaldeasturias.com\\\/noticias\\\/kanye-west-presentara-su-nuevo-album-desde-nueva-york-en-directo-a-cines-de-todo-el-mundo\\\/#authorImage\",\"url\":\"https:\\\/\\\/www.eldigitaldeasturias.com\\\/noticias\\\/wp-content\\\/litespeed\\\/avatar\\\/18677e78aa0546b92d9dbf31ec7d7668.jpg?ver=1777290358\",\"width\":96,\"height\":96,\"caption\":\"El Digital de Asturias\"}},{\"@type\":\"WebPage\",\"@id\":\"https:\\\/\\\/www.eldigitaldeasturias.com\\\/noticias\\\/kanye-west-presentara-su-nuevo-album-desde-nueva-york-en-directo-a-cines-de-todo-el-mundo\\\/#webpage\",\"url\":\"https:\\\/\\\/www.eldigitaldeasturias.com\\\/noticias\\\/kanye-west-presentara-su-nuevo-album-desde-nueva-york-en-directo-a-cines-de-todo-el-mundo\\\/\",\"name\":\"Kanye West presentar\\u00e1 su nuevo \\u00e1lbum desde Nueva York en directo a cines de todo el mundo - El Digital de Asturias\",\"description\":\"El pr\\u00f3ximo 11 de febrero a partir de las 4PM hora EST (es decir, las diez de la noche hora espa\\u00f1ola, el rapero estadounidense Kanye West celebrar\\u00e1 estreno mundial \\u00fanico. En directo, desde el Madison Square Garden de Nueva York hasta 700 cines de 23 pa\\u00edses en todo el mundo se desvelar\\u00e1 de manera simult\\u00e1nea\",\"inLanguage\":\"es-ES\",\"isPartOf\":{\"@id\":\"https:\\\/\\\/www.eldigitaldeasturias.com\\\/noticias\\\/#website\"},\"breadcrumb\":{\"@id\":\"https:\\\/\\\/www.eldigitaldeasturias.com\\\/noticias\\\/kanye-west-presentara-su-nuevo-album-desde-nueva-york-en-directo-a-cines-de-todo-el-mundo\\\/#breadcrumblist\"},\"author\":{\"@id\":\"https:\\\/\\\/www.eldigitaldeasturias.com\\\/noticias\\\/author\\\/admin\\\/#author\"},\"creator\":{\"@id\":\"https:\\\/\\\/www.eldigitaldeasturias.com\\\/noticias\\\/author\\\/admin\\\/#author\"},\"image\":{\"@type\":\"ImageObject\",\"url\":\"https:\\\/\\\/www.eldigitaldeasturias.com\\\/noticias\\\/wp-content\\\/uploads\\\/2016\\\/02\\\/fotonoticia_20160203145400_800.jpg\",\"@id\":\"https:\\\/\\\/www.eldigitaldeasturias.com\\\/noticias\\\/kanye-west-presentara-su-nuevo-album-desde-nueva-york-en-directo-a-cines-de-todo-el-mundo\\\/#mainImage\",\"width\":800,\"height\":1200},\"primaryImageOfPage\":{\"@id\":\"https:\\\/\\\/www.eldigitaldeasturias.com\\\/noticias\\\/kanye-west-presentara-su-nuevo-album-desde-nueva-york-en-directo-a-cines-de-todo-el-mundo\\\/#mainImage\"},\"datePublished\":\"2016-02-03T21:09:52+01:00\",\"dateModified\":\"2016-02-03T21:09:52+01:00\"},{\"@type\":\"WebSite\",\"@id\":\"https:\\\/\\\/www.eldigitaldeasturias.com\\\/noticias\\\/#website\",\"url\":\"https:\\\/\\\/www.eldigitaldeasturias.com\\\/noticias\\\/\",\"name\":\"El Digital de Asturias - Diario de actualidad y noticias\",\"alternateName\":\"El Digital de Asturias - Diario de actualidad y noticias\",\"description\":\"Hemeroteca\",\"inLanguage\":\"es-ES\",\"publisher\":{\"@id\":\"https:\\\/\\\/www.eldigitaldeasturias.com\\\/noticias\\\/#organization\"}}]}\n\t\t<\/script>\n\t\t<!-- All in One SEO Pro -->\r\n\t\t<title>Kanye West presentar\u00e1 su nuevo \u00e1lbum desde Nueva York en directo a cines de todo el mundo - El Digital de Asturias<\/title>\n\n","aioseo_head_json":{"title":"Kanye West presentar\u00e1 su nuevo \u00e1lbum desde Nueva York en directo a cines de todo el mundo - El Digital de Asturias","description":"El pr\u00f3ximo 11 de febrero a partir de las 4PM hora EST (es decir, las diez de la noche hora espa\u00f1ola, el rapero estadounidense Kanye West celebrar\u00e1 estreno mundial \u00fanico. En directo, desde el Madison Square Garden de Nueva York hasta 700 cines de 23 pa\u00edses en todo el mundo se desvelar\u00e1 de manera simult\u00e1nea","canonical_url":"https:\/\/www.eldigitaldeasturias.com\/noticias\/kanye-west-presentara-su-nuevo-album-desde-nueva-york-en-directo-a-cines-de-todo-el-mundo\/","robots":"max-image-preview:large","keywords":"revista de ocio","webmasterTools":{"google-site-verification":"UA-38556648-1","msvalidate.01":"7dfe9f3f1b24437ab69f4f2559babe99","miscellaneous":""},"schema":{"@context":"https:\/\/schema.org","@graph":[{"@type":"BlogPosting","@id":"https:\/\/www.eldigitaldeasturias.com\/noticias\/kanye-west-presentara-su-nuevo-album-desde-nueva-york-en-directo-a-cines-de-todo-el-mundo\/#blogposting","name":"Kanye West presentar\u00e1 su nuevo \u00e1lbum desde Nueva York en directo a cines de todo el mundo - El Digital de Asturias","headline":"Kanye West presentar\u00e1 su nuevo \u00e1lbum desde Nueva York en directo a cines de todo el mundo","author":{"@id":"https:\/\/www.eldigitaldeasturias.com\/noticias\/author\/admin\/#author"},"publisher":{"@id":"https:\/\/www.eldigitaldeasturias.com\/noticias\/#organization"},"image":{"@type":"ImageObject","url":"https:\/\/www.eldigitaldeasturias.com\/noticias\/wp-content\/uploads\/2016\/02\/fotonoticia_20160203145400_800.jpg","width":800,"height":1200},"datePublished":"2016-02-03T21:09:52+01:00","dateModified":"2016-02-03T21:09:52+01:00","inLanguage":"es-ES","mainEntityOfPage":{"@id":"https:\/\/www.eldigitaldeasturias.com\/noticias\/kanye-west-presentara-su-nuevo-album-desde-nueva-york-en-directo-a-cines-de-todo-el-mundo\/#webpage"},"isPartOf":{"@id":"https:\/\/www.eldigitaldeasturias.com\/noticias\/kanye-west-presentara-su-nuevo-album-desde-nueva-york-en-directo-a-cines-de-todo-el-mundo\/#webpage"},"articleSection":"Revista de Ocio"},{"@type":"BreadcrumbList","@id":"https:\/\/www.eldigitaldeasturias.com\/noticias\/kanye-west-presentara-su-nuevo-album-desde-nueva-york-en-directo-a-cines-de-todo-el-mundo\/#breadcrumblist","itemListElement":[{"@type":"ListItem","@id":"https:\/\/www.eldigitaldeasturias.com\/noticias#listItem","position":1,"name":"Home","item":"https:\/\/www.eldigitaldeasturias.com\/noticias","nextItem":{"@type":"ListItem","@id":"https:\/\/www.eldigitaldeasturias.com\/noticias\/category\/revista-de-ocio\/#listItem","name":"Revista de Ocio"}},{"@type":"ListItem","@id":"https:\/\/www.eldigitaldeasturias.com\/noticias\/category\/revista-de-ocio\/#listItem","position":2,"name":"Revista de Ocio","item":"https:\/\/www.eldigitaldeasturias.com\/noticias\/category\/revista-de-ocio\/","nextItem":{"@type":"ListItem","@id":"https:\/\/www.eldigitaldeasturias.com\/noticias\/kanye-west-presentara-su-nuevo-album-desde-nueva-york-en-directo-a-cines-de-todo-el-mundo\/#listItem","name":"Kanye West presentar\u00e1 su nuevo \u00e1lbum desde Nueva York en directo a cines de todo el mundo"},"previousItem":{"@type":"ListItem","@id":"https:\/\/www.eldigitaldeasturias.com\/noticias#listItem","name":"Home"}},{"@type":"ListItem","@id":"https:\/\/www.eldigitaldeasturias.com\/noticias\/kanye-west-presentara-su-nuevo-album-desde-nueva-york-en-directo-a-cines-de-todo-el-mundo\/#listItem","position":3,"name":"Kanye West presentar\u00e1 su nuevo \u00e1lbum desde Nueva York en directo a cines de todo el mundo","previousItem":{"@type":"ListItem","@id":"https:\/\/www.eldigitaldeasturias.com\/noticias\/category\/revista-de-ocio\/#listItem","name":"Revista de Ocio"}}]},{"@type":"Organization","@id":"https:\/\/www.eldigitaldeasturias.com\/noticias\/#organization","name":"El Digital de Asturias","description":"Hemeroteca","url":"https:\/\/www.eldigitaldeasturias.com\/noticias\/","email":"info@eldigitaldeasturias.com","telephone":"+34652131393","logo":{"@type":"ImageObject","url":"https:\/\/www.eldigitaldeasturias.com\/noticias\/wp-content\/uploads\/2020\/12\/EDA.jpg","@id":"https:\/\/www.eldigitaldeasturias.com\/noticias\/kanye-west-presentara-su-nuevo-album-desde-nueva-york-en-directo-a-cines-de-todo-el-mundo\/#organizationLogo","width":649,"height":297},"image":{"@id":"https:\/\/www.eldigitaldeasturias.com\/noticias\/kanye-west-presentara-su-nuevo-album-desde-nueva-york-en-directo-a-cines-de-todo-el-mundo\/#organizationLogo"},"sameAs":["https:\/\/facebook.com\/eldigitaldeasturias","https:\/\/www.youtube.com\/channel\/UCZP-2wLEB9Rv6erhFmqVnvg"],"address":{"@id":"https:\/\/www.eldigitaldeasturias.com\/noticias\/#postaladdress","@type":"PostalAddress","streetAddress":"san antonio 4,","postalCode":"33430","addressLocality":"Cand\u00e1s","addressRegion":"Asturias","addressCountry":"ES"}},{"@type":"Person","@id":"https:\/\/www.eldigitaldeasturias.com\/noticias\/author\/admin\/#author","url":"https:\/\/www.eldigitaldeasturias.com\/noticias\/author\/admin\/","name":"El Digital de Asturias","image":{"@type":"ImageObject","@id":"https:\/\/www.eldigitaldeasturias.com\/noticias\/kanye-west-presentara-su-nuevo-album-desde-nueva-york-en-directo-a-cines-de-todo-el-mundo\/#authorImage","url":"https:\/\/www.eldigitaldeasturias.com\/noticias\/wp-content\/litespeed\/avatar\/18677e78aa0546b92d9dbf31ec7d7668.jpg?ver=1777290358","width":96,"height":96,"caption":"El Digital de Asturias"}},{"@type":"WebPage","@id":"https:\/\/www.eldigitaldeasturias.com\/noticias\/kanye-west-presentara-su-nuevo-album-desde-nueva-york-en-directo-a-cines-de-todo-el-mundo\/#webpage","url":"https:\/\/www.eldigitaldeasturias.com\/noticias\/kanye-west-presentara-su-nuevo-album-desde-nueva-york-en-directo-a-cines-de-todo-el-mundo\/","name":"Kanye West presentar\u00e1 su nuevo \u00e1lbum desde Nueva York en directo a cines de todo el mundo - El Digital de Asturias","description":"El pr\u00f3ximo 11 de febrero a partir de las 4PM hora EST (es decir, las diez de la noche hora espa\u00f1ola, el rapero estadounidense Kanye West celebrar\u00e1 estreno mundial \u00fanico. En directo, desde el Madison Square Garden de Nueva York hasta 700 cines de 23 pa\u00edses en todo el mundo se desvelar\u00e1 de manera simult\u00e1nea","inLanguage":"es-ES","isPartOf":{"@id":"https:\/\/www.eldigitaldeasturias.com\/noticias\/#website"},"breadcrumb":{"@id":"https:\/\/www.eldigitaldeasturias.com\/noticias\/kanye-west-presentara-su-nuevo-album-desde-nueva-york-en-directo-a-cines-de-todo-el-mundo\/#breadcrumblist"},"author":{"@id":"https:\/\/www.eldigitaldeasturias.com\/noticias\/author\/admin\/#author"},"creator":{"@id":"https:\/\/www.eldigitaldeasturias.com\/noticias\/author\/admin\/#author"},"image":{"@type":"ImageObject","url":"https:\/\/www.eldigitaldeasturias.com\/noticias\/wp-content\/uploads\/2016\/02\/fotonoticia_20160203145400_800.jpg","@id":"https:\/\/www.eldigitaldeasturias.com\/noticias\/kanye-west-presentara-su-nuevo-album-desde-nueva-york-en-directo-a-cines-de-todo-el-mundo\/#mainImage","width":800,"height":1200},"primaryImageOfPage":{"@id":"https:\/\/www.eldigitaldeasturias.com\/noticias\/kanye-west-presentara-su-nuevo-album-desde-nueva-york-en-directo-a-cines-de-todo-el-mundo\/#mainImage"},"datePublished":"2016-02-03T21:09:52+01:00","dateModified":"2016-02-03T21:09:52+01:00"},{"@type":"WebSite","@id":"https:\/\/www.eldigitaldeasturias.com\/noticias\/#website","url":"https:\/\/www.eldigitaldeasturias.com\/noticias\/","name":"El Digital de Asturias - Diario de actualidad y noticias","alternateName":"El Digital de Asturias - Diario de actualidad y noticias","description":"Hemeroteca","inLanguage":"es-ES","publisher":{"@id":"https:\/\/www.eldigitaldeasturias.com\/noticias\/#organization"}}]},"og:locale":"es_ES","og:site_name":"El Digital de Asturias","og:type":"article","og:title":"Kanye West presentar\u00e1 su nuevo \u00e1lbum desde Nueva York en directo a cines de todo el mundo - El Digital de Asturias","og:description":"El pr\u00f3ximo 11 de febrero a partir de las 4PM hora EST (es decir, las diez de la noche hora espa\u00f1ola, el rapero estadounidense Kanye West celebrar\u00e1 estreno mundial \u00fanico. En directo, desde el Madison Square Garden de Nueva York hasta 700 cines de 23 pa\u00edses en todo el mundo se desvelar\u00e1 de manera simult\u00e1nea","og:url":"https:\/\/www.eldigitaldeasturias.com\/noticias\/kanye-west-presentara-su-nuevo-album-desde-nueva-york-en-directo-a-cines-de-todo-el-mundo\/","og:image":"https:\/\/www.eldigitaldeasturias.com\/noticias\/wp-content\/uploads\/2016\/02\/fotonoticia_20160203145400_800.jpg","og:image:secure_url":"https:\/\/www.eldigitaldeasturias.com\/noticias\/wp-content\/uploads\/2016\/02\/fotonoticia_20160203145400_800.jpg","og:image:width":800,"og:image:height":1200,"article:tag":["revista de ocio"],"article:published_time":"2016-02-03T21:09:52+00:00","article:modified_time":"2016-02-03T21:09:52+00:00","article:publisher":"https:\/\/facebook.com\/eldigitaldeasturias","twitter:card":"summary_large_image","twitter:title":"Kanye West presentar\u00e1 su nuevo \u00e1lbum desde Nueva York en directo a cines de todo el mundo - El Digital de Asturias","twitter:description":"El pr\u00f3ximo 11 de febrero a partir de las 4PM hora EST (es decir, las diez de la noche hora espa\u00f1ola, el rapero estadounidense Kanye West celebrar\u00e1 estreno mundial \u00fanico. En directo, desde el Madison Square Garden de Nueva York hasta 700 cines de 23 pa\u00edses en todo el mundo se desvelar\u00e1 de manera simult\u00e1nea","twitter:image":"https:\/\/www.eldigitaldeasturias.com\/noticias\/wp-content\/uploads\/2016\/02\/fotonoticia_20160203145400_800.jpg","twitter:label1":"Escrito por","twitter:data1":"El Digital de Asturias","twitter:label2":"Tiempo de lectura estimado","twitter:data2":"1 minuto"},"aioseo_meta_data":{"post_id":"853639","title":null,"description":null,"keywords":null,"keyphrases":null,"primary_term":null,"canonical_url":null,"og_title":null,"og_description":null,"og_object_type":"default","og_image_type":"default","og_image_url":null,"og_image_width":null,"og_image_height":null,"og_image_custom_url":null,"og_image_custom_fields":null,"og_video":null,"og_custom_url":null,"og_article_section":null,"og_article_tags":null,"twitter_use_og":false,"twitter_card":"default","twitter_image_type":"default","twitter_image_url":null,"twitter_image_custom_url":null,"twitter_image_custom_fields":null,"twitter_title":null,"twitter_description":null,"schema":{"blockGraphs":[],"customGraphs":[],"default":{"data":{"Article":[],"Course":[],"Dataset":[],"FAQPage":[],"Movie":[],"Person":[],"Product":[],"ProductReview":[],"Car":[],"Recipe":[],"Service":[],"SoftwareApplication":[],"WebPage":[]},"graphName":"","isEnabled":true},"graphs":[],"defaultGraph":"","defaultPostTypeGraph":""},"schema_type":null,"schema_type_options":null,"pillar_content":false,"robots_default":true,"robots_noindex":false,"robots_noarchive":false,"robots_nosnippet":false,"robots_nofollow":false,"robots_noimageindex":false,"robots_noodp":false,"robots_notranslate":false,"robots_max_snippet":null,"robots_max_videopreview":null,"robots_max_imagepreview":"large","priority":null,"frequency":null,"local_seo":null,"seo_analyzer_scan_date":"2025-12-09 18:50:46","breadcrumb_settings":null,"limit_modified_date":false,"open_ai":null,"ai":null,"created":"2021-01-23 14:10:14","updated":"2025-12-09 18:50:46"},"aioseo_breadcrumb":"<div class=\"aioseo-breadcrumbs\"><span class=\"aioseo-breadcrumb\">\n\t<a href=\"https:\/\/www.eldigitaldeasturias.com\/noticias\" title=\"Home\">Home<\/a>\n<\/span><span class=\"aioseo-breadcrumb-separator\">\u2013<\/span><span class=\"aioseo-breadcrumb\">\n\t<a href=\"https:\/\/www.eldigitaldeasturias.com\/noticias\/category\/revista-de-ocio\/\" title=\"Revista de Ocio\">Revista de Ocio<\/a>\n<\/span><span class=\"aioseo-breadcrumb-separator\">\u2013<\/span><span class=\"aioseo-breadcrumb\">\n\t<a href=\"https:\/\/www.eldigitaldeasturias.com\/noticias\/kanye-west-presentara-su-nuevo-album-desde-nueva-york-en-directo-a-cines-de-todo-el-mundo\/\" title=\"Kanye West presentar\u00e1 su nuevo \u00e1lbum desde Nueva York en directo a cines de todo el mundo\">Kanye West presentar\u00e1 su nuevo \u00e1lbum desde Nueva York en directo a cines de todo el mundo<\/a>\n<\/span><\/div>","aioseo_breadcrumb_json":[{"label":"Home","link":"https:\/\/www.eldigitaldeasturias.com\/noticias"},{"label":"Revista de Ocio","link":"https:\/\/www.eldigitaldeasturias.com\/noticias\/category\/revista-de-ocio\/"},{"label":"Kanye West presentar\u00e1 su nuevo \u00e1lbum desde Nueva York en directo a cines de todo el mundo","link":"https:\/\/www.eldigitaldeasturias.com\/noticias\/kanye-west-presentara-su-nuevo-album-desde-nueva-york-en-directo-a-cines-de-todo-el-mundo\/"}],"_links":{"self":[{"href":"https:\/\/www.eldigitaldeasturias.com\/noticias\/wp-json\/wp\/v2\/posts\/853639","targetHints":{"allow":["GET"]}}],"collection":[{"href":"https:\/\/www.eldigitaldeasturias.com\/noticias\/wp-json\/wp\/v2\/posts"}],"about":[{"href":"https:\/\/www.eldigitaldeasturias.com\/noticias\/wp-json\/wp\/v2\/types\/post"}],"author":[{"embeddable":true,"href":"https:\/\/www.eldigitaldeasturias.com\/noticias\/wp-json\/wp\/v2\/users\/1"}],"replies":[{"embeddable":true,"href":"https:\/\/www.eldigitaldeasturias.com\/noticias\/wp-json\/wp\/v2\/comments?post=853639"}],"version-history":[{"count":0,"href":"https:\/\/www.eldigitaldeasturias.com\/noticias\/wp-json\/wp\/v2\/posts\/853639\/revisions"}],"wp:featuredmedia":[{"embeddable":true,"href":"https:\/\/www.eldigitaldeasturias.com\/noticias\/wp-json\/wp\/v2\/media\/853640"}],"wp:attachment":[{"href":"https:\/\/www.eldigitaldeasturias.com\/noticias\/wp-json\/wp\/v2\/media?parent=853639"}],"wp:term":[{"taxonomy":"category","embeddable":true,"href":"https:\/\/www.eldigitaldeasturias.com\/noticias\/wp-json\/wp\/v2\/categories?post=853639"},{"taxonomy":"post_tag","embeddable":true,"href":"https:\/\/www.eldigitaldeasturias.com\/noticias\/wp-json\/wp\/v2\/tags?post=853639"}],"curies":[{"name":"wp","href":"https:\/\/api.w.org\/{rel}","templated":true}]}}