{"id":853636,"date":"2016-02-03T21:08:01","date_gmt":"2016-02-03T21:08:01","guid":{"rendered":"http:\/\/www.eldigitaldeasturias.com\/noticias\/?p=853636"},"modified":"2016-02-03T21:08:01","modified_gmt":"2016-02-03T21:08:01","slug":"mana-tendran-su-estrella-en-el-paseo-de-la-fama-de-hollywood","status":"publish","type":"post","link":"https:\/\/www.eldigitaldeasturias.com\/noticias\/mana-tendran-su-estrella-en-el-paseo-de-la-fama-de-hollywood\/","title":{"rendered":"Man\u00e1 tendr\u00e1n su estrella en el Paseo de la Fama de Hollywood"},"content":{"rendered":"<p><img loading=\"lazy\" decoding=\"async\" class=\"alignleft size-medium wp-image-853637\" src=\"https:\/\/www.eldigitaldeasturias.com\/noticias\/wp-content\/uploads\/2016\/02\/fotonoticia_20160203143854_800-360x270.jpg\" alt=\"fotonoticia_20160203143854_800\" width=\"360\" height=\"270\" srcset=\"https:\/\/www.eldigitaldeasturias.com\/noticias\/wp-content\/uploads\/2016\/02\/fotonoticia_20160203143854_800-360x270.jpg 360w, https:\/\/www.eldigitaldeasturias.com\/noticias\/wp-content\/uploads\/2016\/02\/fotonoticia_20160203143854_800-768x575.jpg 768w, https:\/\/www.eldigitaldeasturias.com\/noticias\/wp-content\/uploads\/2016\/02\/fotonoticia_20160203143854_800-650x487.jpg 650w, https:\/\/www.eldigitaldeasturias.com\/noticias\/wp-content\/uploads\/2016\/02\/fotonoticia_20160203143854_800-125x95.jpg 125w, https:\/\/www.eldigitaldeasturias.com\/noticias\/wp-content\/uploads\/2016\/02\/fotonoticia_20160203143854_800-100x75.jpg 100w, https:\/\/www.eldigitaldeasturias.com\/noticias\/wp-content\/uploads\/2016\/02\/fotonoticia_20160203143854_800.jpg 800w\" sizes=\"auto, (max-width: 360px) 100vw, 360px\" \/>El grupo mexicano Man\u00e1 recibir\u00e1 su estrella en The Hollywood Walk of Fame (Paseo de la Fama) este pr\u00f3ximo mi\u00e9rcoles 19 de febrero, tal y como adelanta Billboard, en un acto que podr\u00e1 verse en directo en streaming en www.walkoffame.com.<\/p>\n<p>Para celebrar este nuevo hito en su carrera, el cuarteto har\u00e1 una actuaci\u00f3n especial ese mismo d\u00eda en el escenario que el programa televisivo Jimmy Kimmel Live! prepara en la calle en Los Angeles para las ocasiones especiales.<\/p>\n<p>Man\u00e1 siguen actualmente de gira presentando su \u00faltimo disco, Cama incendiada, con el que ya han recorrido medio mundo (ya pasaron por Espa\u00f1a el pasado verano) y que incluye el gran \u00e9xito Mi verdad, cantado a d\u00fao con la colombiana Shakira.<\/p>\n","protected":false},"excerpt":{"rendered":"<p>El grupo mexicano Man\u00e1 recibir\u00e1 su estrella en The Hollywood Walk of Fame (Paseo de la Fama) este pr\u00f3ximo mi\u00e9rcoles 19 de febrero, tal y como adelanta Billboard, en un acto que podr\u00e1 verse en directo en streaming en www.walkoffame.com. Para celebrar este nuevo hito en su carrera, el cuarteto har\u00e1 una actuaci\u00f3n especial ese [&hellip;]<\/p>\n","protected":false},"author":1,"featured_media":853637,"comment_status":"closed","ping_status":"closed","sticky":false,"template":"","format":"standard","meta":{"footnotes":""},"categories":[50],"tags":[],"class_list":["post-853636","post","type-post","status-publish","format-standard","has-post-thumbnail","hentry","category-revista-de-ocio"],"aioseo_notices":[],"aioseo_head":"\n\t\t<!-- All in One SEO Pro 4.9.6.2 - aioseo.com -->\n\t<meta name=\"description\" content=\"El grupo mexicano Man\u00e1 recibir\u00e1 su estrella en The Hollywood Walk of Fame (Paseo de la Fama) este pr\u00f3ximo mi\u00e9rcoles 19 de febrero, tal y como adelanta Billboard, en un acto que podr\u00e1 verse en directo en streaming en www.walkoffame.com. Para celebrar este nuevo hito en su carrera, el cuarteto har\u00e1 una actuaci\u00f3n especial ese\" \/>\n\t<meta name=\"robots\" content=\"max-image-preview:large\" \/>\n\t<meta name=\"author\" content=\"El Digital de Asturias\"\/>\n\t<meta name=\"google-site-verification\" content=\"UA-38556648-1\" \/>\n\t<meta name=\"msvalidate.01\" content=\"7dfe9f3f1b24437ab69f4f2559babe99\" \/>\n\t<meta name=\"keywords\" content=\"revista de ocio\" \/>\n\t<link rel=\"canonical\" href=\"https:\/\/www.eldigitaldeasturias.com\/noticias\/mana-tendran-su-estrella-en-el-paseo-de-la-fama-de-hollywood\/\" \/>\n\t<meta name=\"generator\" content=\"All in One SEO Pro (AIOSEO) 4.9.6.2\" \/>\n\t\t<meta property=\"og:locale\" content=\"es_ES\" \/>\n\t\t<meta property=\"og:site_name\" content=\"El Digital de Asturias\" \/>\n\t\t<meta property=\"og:type\" content=\"article\" \/>\n\t\t<meta property=\"og:title\" content=\"Man\u00e1 tendr\u00e1n su estrella en el Paseo de la Fama de Hollywood - El Digital de Asturias\" \/>\n\t\t<meta property=\"og:description\" content=\"El grupo mexicano Man\u00e1 recibir\u00e1 su estrella en The Hollywood Walk of Fame (Paseo de la Fama) este pr\u00f3ximo mi\u00e9rcoles 19 de febrero, tal y como adelanta Billboard, en un acto que podr\u00e1 verse en directo en streaming en www.walkoffame.com. Para celebrar este nuevo hito en su carrera, el cuarteto har\u00e1 una actuaci\u00f3n especial ese\" \/>\n\t\t<meta property=\"og:url\" content=\"https:\/\/www.eldigitaldeasturias.com\/noticias\/mana-tendran-su-estrella-en-el-paseo-de-la-fama-de-hollywood\/\" \/>\n\t\t<meta property=\"og:image\" content=\"https:\/\/www.eldigitaldeasturias.com\/noticias\/wp-content\/uploads\/2016\/02\/fotonoticia_20160203143854_800.jpg\" \/>\n\t\t<meta property=\"og:image:secure_url\" content=\"https:\/\/www.eldigitaldeasturias.com\/noticias\/wp-content\/uploads\/2016\/02\/fotonoticia_20160203143854_800.jpg\" \/>\n\t\t<meta property=\"og:image:width\" content=\"800\" \/>\n\t\t<meta property=\"og:image:height\" content=\"599\" \/>\n\t\t<meta property=\"article:tag\" content=\"revista de ocio\" \/>\n\t\t<meta property=\"article:published_time\" content=\"2016-02-03T21:08:01+00:00\" \/>\n\t\t<meta property=\"article:modified_time\" content=\"2016-02-03T21:08:01+00:00\" \/>\n\t\t<meta property=\"article:publisher\" content=\"https:\/\/facebook.com\/eldigitaldeasturias\" \/>\n\t\t<meta name=\"twitter:card\" content=\"summary_large_image\" \/>\n\t\t<meta name=\"twitter:title\" content=\"Man\u00e1 tendr\u00e1n su estrella en el Paseo de la Fama de Hollywood - El Digital de Asturias\" \/>\n\t\t<meta name=\"twitter:description\" content=\"El grupo mexicano Man\u00e1 recibir\u00e1 su estrella en The Hollywood Walk of Fame (Paseo de la Fama) este pr\u00f3ximo mi\u00e9rcoles 19 de febrero, tal y como adelanta Billboard, en un acto que podr\u00e1 verse en directo en streaming en www.walkoffame.com. Para celebrar este nuevo hito en su carrera, el cuarteto har\u00e1 una actuaci\u00f3n especial ese\" \/>\n\t\t<meta name=\"twitter:image\" content=\"https:\/\/www.eldigitaldeasturias.com\/noticias\/wp-content\/uploads\/2016\/02\/fotonoticia_20160203143854_800.jpg\" \/>\n\t\t<meta name=\"twitter:label1\" content=\"Escrito por\" \/>\n\t\t<meta name=\"twitter:data1\" content=\"El Digital de Asturias\" \/>\n\t\t<meta name=\"twitter:label2\" content=\"Tiempo de lectura estimado\" \/>\n\t\t<meta name=\"twitter:data2\" content=\"1 minuto\" \/>\n\t\t<script type=\"application\/ld+json\" class=\"aioseo-schema\">\n\t\t\t{\"@context\":\"https:\\\/\\\/schema.org\",\"@graph\":[{\"@type\":\"BlogPosting\",\"@id\":\"https:\\\/\\\/www.eldigitaldeasturias.com\\\/noticias\\\/mana-tendran-su-estrella-en-el-paseo-de-la-fama-de-hollywood\\\/#blogposting\",\"name\":\"Man\\u00e1 tendr\\u00e1n su estrella en el Paseo de la Fama de Hollywood - El Digital de Asturias\",\"headline\":\"Man\\u00e1 tendr\\u00e1n su estrella en el Paseo de la Fama de Hollywood\",\"author\":{\"@id\":\"https:\\\/\\\/www.eldigitaldeasturias.com\\\/noticias\\\/author\\\/admin\\\/#author\"},\"publisher\":{\"@id\":\"https:\\\/\\\/www.eldigitaldeasturias.com\\\/noticias\\\/#organization\"},\"image\":{\"@type\":\"ImageObject\",\"url\":\"https:\\\/\\\/www.eldigitaldeasturias.com\\\/noticias\\\/wp-content\\\/uploads\\\/2016\\\/02\\\/fotonoticia_20160203143854_800.jpg\",\"width\":800,\"height\":599},\"datePublished\":\"2016-02-03T21:08:01+01:00\",\"dateModified\":\"2016-02-03T21:08:01+01:00\",\"inLanguage\":\"es-ES\",\"mainEntityOfPage\":{\"@id\":\"https:\\\/\\\/www.eldigitaldeasturias.com\\\/noticias\\\/mana-tendran-su-estrella-en-el-paseo-de-la-fama-de-hollywood\\\/#webpage\"},\"isPartOf\":{\"@id\":\"https:\\\/\\\/www.eldigitaldeasturias.com\\\/noticias\\\/mana-tendran-su-estrella-en-el-paseo-de-la-fama-de-hollywood\\\/#webpage\"},\"articleSection\":\"Revista de Ocio\"},{\"@type\":\"BreadcrumbList\",\"@id\":\"https:\\\/\\\/www.eldigitaldeasturias.com\\\/noticias\\\/mana-tendran-su-estrella-en-el-paseo-de-la-fama-de-hollywood\\\/#breadcrumblist\",\"itemListElement\":[{\"@type\":\"ListItem\",\"@id\":\"https:\\\/\\\/www.eldigitaldeasturias.com\\\/noticias#listItem\",\"position\":1,\"name\":\"Home\",\"item\":\"https:\\\/\\\/www.eldigitaldeasturias.com\\\/noticias\",\"nextItem\":{\"@type\":\"ListItem\",\"@id\":\"https:\\\/\\\/www.eldigitaldeasturias.com\\\/noticias\\\/category\\\/revista-de-ocio\\\/#listItem\",\"name\":\"Revista de Ocio\"}},{\"@type\":\"ListItem\",\"@id\":\"https:\\\/\\\/www.eldigitaldeasturias.com\\\/noticias\\\/category\\\/revista-de-ocio\\\/#listItem\",\"position\":2,\"name\":\"Revista de Ocio\",\"item\":\"https:\\\/\\\/www.eldigitaldeasturias.com\\\/noticias\\\/category\\\/revista-de-ocio\\\/\",\"nextItem\":{\"@type\":\"ListItem\",\"@id\":\"https:\\\/\\\/www.eldigitaldeasturias.com\\\/noticias\\\/mana-tendran-su-estrella-en-el-paseo-de-la-fama-de-hollywood\\\/#listItem\",\"name\":\"Man\\u00e1 tendr\\u00e1n su estrella en el Paseo de la Fama de Hollywood\"},\"previousItem\":{\"@type\":\"ListItem\",\"@id\":\"https:\\\/\\\/www.eldigitaldeasturias.com\\\/noticias#listItem\",\"name\":\"Home\"}},{\"@type\":\"ListItem\",\"@id\":\"https:\\\/\\\/www.eldigitaldeasturias.com\\\/noticias\\\/mana-tendran-su-estrella-en-el-paseo-de-la-fama-de-hollywood\\\/#listItem\",\"position\":3,\"name\":\"Man\\u00e1 tendr\\u00e1n su estrella en el Paseo de la Fama de Hollywood\",\"previousItem\":{\"@type\":\"ListItem\",\"@id\":\"https:\\\/\\\/www.eldigitaldeasturias.com\\\/noticias\\\/category\\\/revista-de-ocio\\\/#listItem\",\"name\":\"Revista de Ocio\"}}]},{\"@type\":\"Organization\",\"@id\":\"https:\\\/\\\/www.eldigitaldeasturias.com\\\/noticias\\\/#organization\",\"name\":\"El Digital de Asturias\",\"description\":\"Hemeroteca\",\"url\":\"https:\\\/\\\/www.eldigitaldeasturias.com\\\/noticias\\\/\",\"email\":\"info@eldigitaldeasturias.com\",\"telephone\":\"+34652131393\",\"logo\":{\"@type\":\"ImageObject\",\"url\":\"https:\\\/\\\/www.eldigitaldeasturias.com\\\/noticias\\\/wp-content\\\/uploads\\\/2020\\\/12\\\/EDA.jpg\",\"@id\":\"https:\\\/\\\/www.eldigitaldeasturias.com\\\/noticias\\\/mana-tendran-su-estrella-en-el-paseo-de-la-fama-de-hollywood\\\/#organizationLogo\",\"width\":649,\"height\":297},\"image\":{\"@id\":\"https:\\\/\\\/www.eldigitaldeasturias.com\\\/noticias\\\/mana-tendran-su-estrella-en-el-paseo-de-la-fama-de-hollywood\\\/#organizationLogo\"},\"sameAs\":[\"https:\\\/\\\/facebook.com\\\/eldigitaldeasturias\",\"https:\\\/\\\/www.youtube.com\\\/channel\\\/UCZP-2wLEB9Rv6erhFmqVnvg\"],\"address\":{\"@id\":\"https:\\\/\\\/www.eldigitaldeasturias.com\\\/noticias\\\/#postaladdress\",\"@type\":\"PostalAddress\",\"streetAddress\":\"san antonio 4,\",\"postalCode\":\"33430\",\"addressLocality\":\"Cand\\u00e1s\",\"addressRegion\":\"Asturias\",\"addressCountry\":\"ES\"}},{\"@type\":\"Person\",\"@id\":\"https:\\\/\\\/www.eldigitaldeasturias.com\\\/noticias\\\/author\\\/admin\\\/#author\",\"url\":\"https:\\\/\\\/www.eldigitaldeasturias.com\\\/noticias\\\/author\\\/admin\\\/\",\"name\":\"El Digital de Asturias\",\"image\":{\"@type\":\"ImageObject\",\"@id\":\"https:\\\/\\\/www.eldigitaldeasturias.com\\\/noticias\\\/mana-tendran-su-estrella-en-el-paseo-de-la-fama-de-hollywood\\\/#authorImage\",\"url\":\"https:\\\/\\\/www.eldigitaldeasturias.com\\\/noticias\\\/wp-content\\\/litespeed\\\/avatar\\\/18677e78aa0546b92d9dbf31ec7d7668.jpg?ver=1777290358\",\"width\":96,\"height\":96,\"caption\":\"El Digital de Asturias\"}},{\"@type\":\"WebPage\",\"@id\":\"https:\\\/\\\/www.eldigitaldeasturias.com\\\/noticias\\\/mana-tendran-su-estrella-en-el-paseo-de-la-fama-de-hollywood\\\/#webpage\",\"url\":\"https:\\\/\\\/www.eldigitaldeasturias.com\\\/noticias\\\/mana-tendran-su-estrella-en-el-paseo-de-la-fama-de-hollywood\\\/\",\"name\":\"Man\\u00e1 tendr\\u00e1n su estrella en el Paseo de la Fama de Hollywood - El Digital de Asturias\",\"description\":\"El grupo mexicano Man\\u00e1 recibir\\u00e1 su estrella en The Hollywood Walk of Fame (Paseo de la Fama) este pr\\u00f3ximo mi\\u00e9rcoles 19 de febrero, tal y como adelanta Billboard, en un acto que podr\\u00e1 verse en directo en streaming en www.walkoffame.com. Para celebrar este nuevo hito en su carrera, el cuarteto har\\u00e1 una actuaci\\u00f3n especial ese\",\"inLanguage\":\"es-ES\",\"isPartOf\":{\"@id\":\"https:\\\/\\\/www.eldigitaldeasturias.com\\\/noticias\\\/#website\"},\"breadcrumb\":{\"@id\":\"https:\\\/\\\/www.eldigitaldeasturias.com\\\/noticias\\\/mana-tendran-su-estrella-en-el-paseo-de-la-fama-de-hollywood\\\/#breadcrumblist\"},\"author\":{\"@id\":\"https:\\\/\\\/www.eldigitaldeasturias.com\\\/noticias\\\/author\\\/admin\\\/#author\"},\"creator\":{\"@id\":\"https:\\\/\\\/www.eldigitaldeasturias.com\\\/noticias\\\/author\\\/admin\\\/#author\"},\"image\":{\"@type\":\"ImageObject\",\"url\":\"https:\\\/\\\/www.eldigitaldeasturias.com\\\/noticias\\\/wp-content\\\/uploads\\\/2016\\\/02\\\/fotonoticia_20160203143854_800.jpg\",\"@id\":\"https:\\\/\\\/www.eldigitaldeasturias.com\\\/noticias\\\/mana-tendran-su-estrella-en-el-paseo-de-la-fama-de-hollywood\\\/#mainImage\",\"width\":800,\"height\":599},\"primaryImageOfPage\":{\"@id\":\"https:\\\/\\\/www.eldigitaldeasturias.com\\\/noticias\\\/mana-tendran-su-estrella-en-el-paseo-de-la-fama-de-hollywood\\\/#mainImage\"},\"datePublished\":\"2016-02-03T21:08:01+01:00\",\"dateModified\":\"2016-02-03T21:08:01+01:00\"},{\"@type\":\"WebSite\",\"@id\":\"https:\\\/\\\/www.eldigitaldeasturias.com\\\/noticias\\\/#website\",\"url\":\"https:\\\/\\\/www.eldigitaldeasturias.com\\\/noticias\\\/\",\"name\":\"El Digital de Asturias - Diario de actualidad y noticias\",\"alternateName\":\"El Digital de Asturias - Diario de actualidad y noticias\",\"description\":\"Hemeroteca\",\"inLanguage\":\"es-ES\",\"publisher\":{\"@id\":\"https:\\\/\\\/www.eldigitaldeasturias.com\\\/noticias\\\/#organization\"}}]}\n\t\t<\/script>\n\t\t<!-- All in One SEO Pro -->\r\n\t\t<title>Man\u00e1 tendr\u00e1n su estrella en el Paseo de la Fama de Hollywood - El Digital de Asturias<\/title>\n\n","aioseo_head_json":{"title":"Man\u00e1 tendr\u00e1n su estrella en el Paseo de la Fama de Hollywood - El Digital de Asturias","description":"El grupo mexicano Man\u00e1 recibir\u00e1 su estrella en The Hollywood Walk of Fame (Paseo de la Fama) este pr\u00f3ximo mi\u00e9rcoles 19 de febrero, tal y como adelanta Billboard, en un acto que podr\u00e1 verse en directo en streaming en www.walkoffame.com. Para celebrar este nuevo hito en su carrera, el cuarteto har\u00e1 una actuaci\u00f3n especial ese","canonical_url":"https:\/\/www.eldigitaldeasturias.com\/noticias\/mana-tendran-su-estrella-en-el-paseo-de-la-fama-de-hollywood\/","robots":"max-image-preview:large","keywords":"revista de ocio","webmasterTools":{"google-site-verification":"UA-38556648-1","msvalidate.01":"7dfe9f3f1b24437ab69f4f2559babe99","miscellaneous":""},"schema":{"@context":"https:\/\/schema.org","@graph":[{"@type":"BlogPosting","@id":"https:\/\/www.eldigitaldeasturias.com\/noticias\/mana-tendran-su-estrella-en-el-paseo-de-la-fama-de-hollywood\/#blogposting","name":"Man\u00e1 tendr\u00e1n su estrella en el Paseo de la Fama de Hollywood - El Digital de Asturias","headline":"Man\u00e1 tendr\u00e1n su estrella en el Paseo de la Fama de Hollywood","author":{"@id":"https:\/\/www.eldigitaldeasturias.com\/noticias\/author\/admin\/#author"},"publisher":{"@id":"https:\/\/www.eldigitaldeasturias.com\/noticias\/#organization"},"image":{"@type":"ImageObject","url":"https:\/\/www.eldigitaldeasturias.com\/noticias\/wp-content\/uploads\/2016\/02\/fotonoticia_20160203143854_800.jpg","width":800,"height":599},"datePublished":"2016-02-03T21:08:01+01:00","dateModified":"2016-02-03T21:08:01+01:00","inLanguage":"es-ES","mainEntityOfPage":{"@id":"https:\/\/www.eldigitaldeasturias.com\/noticias\/mana-tendran-su-estrella-en-el-paseo-de-la-fama-de-hollywood\/#webpage"},"isPartOf":{"@id":"https:\/\/www.eldigitaldeasturias.com\/noticias\/mana-tendran-su-estrella-en-el-paseo-de-la-fama-de-hollywood\/#webpage"},"articleSection":"Revista de Ocio"},{"@type":"BreadcrumbList","@id":"https:\/\/www.eldigitaldeasturias.com\/noticias\/mana-tendran-su-estrella-en-el-paseo-de-la-fama-de-hollywood\/#breadcrumblist","itemListElement":[{"@type":"ListItem","@id":"https:\/\/www.eldigitaldeasturias.com\/noticias#listItem","position":1,"name":"Home","item":"https:\/\/www.eldigitaldeasturias.com\/noticias","nextItem":{"@type":"ListItem","@id":"https:\/\/www.eldigitaldeasturias.com\/noticias\/category\/revista-de-ocio\/#listItem","name":"Revista de Ocio"}},{"@type":"ListItem","@id":"https:\/\/www.eldigitaldeasturias.com\/noticias\/category\/revista-de-ocio\/#listItem","position":2,"name":"Revista de Ocio","item":"https:\/\/www.eldigitaldeasturias.com\/noticias\/category\/revista-de-ocio\/","nextItem":{"@type":"ListItem","@id":"https:\/\/www.eldigitaldeasturias.com\/noticias\/mana-tendran-su-estrella-en-el-paseo-de-la-fama-de-hollywood\/#listItem","name":"Man\u00e1 tendr\u00e1n su estrella en el Paseo de la Fama de Hollywood"},"previousItem":{"@type":"ListItem","@id":"https:\/\/www.eldigitaldeasturias.com\/noticias#listItem","name":"Home"}},{"@type":"ListItem","@id":"https:\/\/www.eldigitaldeasturias.com\/noticias\/mana-tendran-su-estrella-en-el-paseo-de-la-fama-de-hollywood\/#listItem","position":3,"name":"Man\u00e1 tendr\u00e1n su estrella en el Paseo de la Fama de Hollywood","previousItem":{"@type":"ListItem","@id":"https:\/\/www.eldigitaldeasturias.com\/noticias\/category\/revista-de-ocio\/#listItem","name":"Revista de Ocio"}}]},{"@type":"Organization","@id":"https:\/\/www.eldigitaldeasturias.com\/noticias\/#organization","name":"El Digital de Asturias","description":"Hemeroteca","url":"https:\/\/www.eldigitaldeasturias.com\/noticias\/","email":"info@eldigitaldeasturias.com","telephone":"+34652131393","logo":{"@type":"ImageObject","url":"https:\/\/www.eldigitaldeasturias.com\/noticias\/wp-content\/uploads\/2020\/12\/EDA.jpg","@id":"https:\/\/www.eldigitaldeasturias.com\/noticias\/mana-tendran-su-estrella-en-el-paseo-de-la-fama-de-hollywood\/#organizationLogo","width":649,"height":297},"image":{"@id":"https:\/\/www.eldigitaldeasturias.com\/noticias\/mana-tendran-su-estrella-en-el-paseo-de-la-fama-de-hollywood\/#organizationLogo"},"sameAs":["https:\/\/facebook.com\/eldigitaldeasturias","https:\/\/www.youtube.com\/channel\/UCZP-2wLEB9Rv6erhFmqVnvg"],"address":{"@id":"https:\/\/www.eldigitaldeasturias.com\/noticias\/#postaladdress","@type":"PostalAddress","streetAddress":"san antonio 4,","postalCode":"33430","addressLocality":"Cand\u00e1s","addressRegion":"Asturias","addressCountry":"ES"}},{"@type":"Person","@id":"https:\/\/www.eldigitaldeasturias.com\/noticias\/author\/admin\/#author","url":"https:\/\/www.eldigitaldeasturias.com\/noticias\/author\/admin\/","name":"El Digital de Asturias","image":{"@type":"ImageObject","@id":"https:\/\/www.eldigitaldeasturias.com\/noticias\/mana-tendran-su-estrella-en-el-paseo-de-la-fama-de-hollywood\/#authorImage","url":"https:\/\/www.eldigitaldeasturias.com\/noticias\/wp-content\/litespeed\/avatar\/18677e78aa0546b92d9dbf31ec7d7668.jpg?ver=1777290358","width":96,"height":96,"caption":"El Digital de Asturias"}},{"@type":"WebPage","@id":"https:\/\/www.eldigitaldeasturias.com\/noticias\/mana-tendran-su-estrella-en-el-paseo-de-la-fama-de-hollywood\/#webpage","url":"https:\/\/www.eldigitaldeasturias.com\/noticias\/mana-tendran-su-estrella-en-el-paseo-de-la-fama-de-hollywood\/","name":"Man\u00e1 tendr\u00e1n su estrella en el Paseo de la Fama de Hollywood - El Digital de Asturias","description":"El grupo mexicano Man\u00e1 recibir\u00e1 su estrella en The Hollywood Walk of Fame (Paseo de la Fama) este pr\u00f3ximo mi\u00e9rcoles 19 de febrero, tal y como adelanta Billboard, en un acto que podr\u00e1 verse en directo en streaming en www.walkoffame.com. Para celebrar este nuevo hito en su carrera, el cuarteto har\u00e1 una actuaci\u00f3n especial ese","inLanguage":"es-ES","isPartOf":{"@id":"https:\/\/www.eldigitaldeasturias.com\/noticias\/#website"},"breadcrumb":{"@id":"https:\/\/www.eldigitaldeasturias.com\/noticias\/mana-tendran-su-estrella-en-el-paseo-de-la-fama-de-hollywood\/#breadcrumblist"},"author":{"@id":"https:\/\/www.eldigitaldeasturias.com\/noticias\/author\/admin\/#author"},"creator":{"@id":"https:\/\/www.eldigitaldeasturias.com\/noticias\/author\/admin\/#author"},"image":{"@type":"ImageObject","url":"https:\/\/www.eldigitaldeasturias.com\/noticias\/wp-content\/uploads\/2016\/02\/fotonoticia_20160203143854_800.jpg","@id":"https:\/\/www.eldigitaldeasturias.com\/noticias\/mana-tendran-su-estrella-en-el-paseo-de-la-fama-de-hollywood\/#mainImage","width":800,"height":599},"primaryImageOfPage":{"@id":"https:\/\/www.eldigitaldeasturias.com\/noticias\/mana-tendran-su-estrella-en-el-paseo-de-la-fama-de-hollywood\/#mainImage"},"datePublished":"2016-02-03T21:08:01+01:00","dateModified":"2016-02-03T21:08:01+01:00"},{"@type":"WebSite","@id":"https:\/\/www.eldigitaldeasturias.com\/noticias\/#website","url":"https:\/\/www.eldigitaldeasturias.com\/noticias\/","name":"El Digital de Asturias - Diario de actualidad y noticias","alternateName":"El Digital de Asturias - Diario de actualidad y noticias","description":"Hemeroteca","inLanguage":"es-ES","publisher":{"@id":"https:\/\/www.eldigitaldeasturias.com\/noticias\/#organization"}}]},"og:locale":"es_ES","og:site_name":"El Digital de Asturias","og:type":"article","og:title":"Man\u00e1 tendr\u00e1n su estrella en el Paseo de la Fama de Hollywood - El Digital de Asturias","og:description":"El grupo mexicano Man\u00e1 recibir\u00e1 su estrella en The Hollywood Walk of Fame (Paseo de la Fama) este pr\u00f3ximo mi\u00e9rcoles 19 de febrero, tal y como adelanta Billboard, en un acto que podr\u00e1 verse en directo en streaming en www.walkoffame.com. Para celebrar este nuevo hito en su carrera, el cuarteto har\u00e1 una actuaci\u00f3n especial ese","og:url":"https:\/\/www.eldigitaldeasturias.com\/noticias\/mana-tendran-su-estrella-en-el-paseo-de-la-fama-de-hollywood\/","og:image":"https:\/\/www.eldigitaldeasturias.com\/noticias\/wp-content\/uploads\/2016\/02\/fotonoticia_20160203143854_800.jpg","og:image:secure_url":"https:\/\/www.eldigitaldeasturias.com\/noticias\/wp-content\/uploads\/2016\/02\/fotonoticia_20160203143854_800.jpg","og:image:width":800,"og:image:height":599,"article:tag":["revista de ocio"],"article:published_time":"2016-02-03T21:08:01+00:00","article:modified_time":"2016-02-03T21:08:01+00:00","article:publisher":"https:\/\/facebook.com\/eldigitaldeasturias","twitter:card":"summary_large_image","twitter:title":"Man\u00e1 tendr\u00e1n su estrella en el Paseo de la Fama de Hollywood - El Digital de Asturias","twitter:description":"El grupo mexicano Man\u00e1 recibir\u00e1 su estrella en The Hollywood Walk of Fame (Paseo de la Fama) este pr\u00f3ximo mi\u00e9rcoles 19 de febrero, tal y como adelanta Billboard, en un acto que podr\u00e1 verse en directo en streaming en www.walkoffame.com. Para celebrar este nuevo hito en su carrera, el cuarteto har\u00e1 una actuaci\u00f3n especial ese","twitter:image":"https:\/\/www.eldigitaldeasturias.com\/noticias\/wp-content\/uploads\/2016\/02\/fotonoticia_20160203143854_800.jpg","twitter:label1":"Escrito por","twitter:data1":"El Digital de Asturias","twitter:label2":"Tiempo de lectura estimado","twitter:data2":"1 minuto"},"aioseo_meta_data":{"post_id":"853636","title":null,"description":null,"keywords":null,"keyphrases":null,"primary_term":null,"canonical_url":null,"og_title":null,"og_description":null,"og_object_type":"default","og_image_type":"default","og_image_url":null,"og_image_width":null,"og_image_height":null,"og_image_custom_url":null,"og_image_custom_fields":null,"og_video":null,"og_custom_url":null,"og_article_section":null,"og_article_tags":null,"twitter_use_og":false,"twitter_card":"default","twitter_image_type":"default","twitter_image_url":null,"twitter_image_custom_url":null,"twitter_image_custom_fields":null,"twitter_title":null,"twitter_description":null,"schema":{"blockGraphs":[],"customGraphs":[],"default":{"data":{"Article":[],"Course":[],"Dataset":[],"FAQPage":[],"Movie":[],"Person":[],"Product":[],"ProductReview":[],"Car":[],"Recipe":[],"Service":[],"SoftwareApplication":[],"WebPage":[]},"graphName":"","isEnabled":true},"graphs":[],"defaultGraph":"","defaultPostTypeGraph":""},"schema_type":null,"schema_type_options":null,"pillar_content":false,"robots_default":true,"robots_noindex":false,"robots_noarchive":false,"robots_nosnippet":false,"robots_nofollow":false,"robots_noimageindex":false,"robots_noodp":false,"robots_notranslate":false,"robots_max_snippet":null,"robots_max_videopreview":null,"robots_max_imagepreview":"large","priority":null,"frequency":null,"local_seo":null,"seo_analyzer_scan_date":"2025-12-09 18:50:45","breadcrumb_settings":null,"limit_modified_date":false,"open_ai":null,"ai":null,"created":"2021-01-23 14:10:14","updated":"2025-12-09 18:50:45"},"aioseo_breadcrumb":"<div class=\"aioseo-breadcrumbs\"><span class=\"aioseo-breadcrumb\">\n\t<a href=\"https:\/\/www.eldigitaldeasturias.com\/noticias\" title=\"Home\">Home<\/a>\n<\/span><span class=\"aioseo-breadcrumb-separator\">\u2013<\/span><span class=\"aioseo-breadcrumb\">\n\t<a href=\"https:\/\/www.eldigitaldeasturias.com\/noticias\/category\/revista-de-ocio\/\" title=\"Revista de Ocio\">Revista de Ocio<\/a>\n<\/span><span class=\"aioseo-breadcrumb-separator\">\u2013<\/span><span class=\"aioseo-breadcrumb\">\n\t<a href=\"https:\/\/www.eldigitaldeasturias.com\/noticias\/mana-tendran-su-estrella-en-el-paseo-de-la-fama-de-hollywood\/\" title=\"Man\u00e1 tendr\u00e1n su estrella en el Paseo de la Fama de Hollywood\">Man\u00e1 tendr\u00e1n su estrella en el Paseo de la Fama de Hollywood<\/a>\n<\/span><\/div>","aioseo_breadcrumb_json":[{"label":"Home","link":"https:\/\/www.eldigitaldeasturias.com\/noticias"},{"label":"Revista de Ocio","link":"https:\/\/www.eldigitaldeasturias.com\/noticias\/category\/revista-de-ocio\/"},{"label":"Man\u00e1 tendr\u00e1n su estrella en el Paseo de la Fama de Hollywood","link":"https:\/\/www.eldigitaldeasturias.com\/noticias\/mana-tendran-su-estrella-en-el-paseo-de-la-fama-de-hollywood\/"}],"_links":{"self":[{"href":"https:\/\/www.eldigitaldeasturias.com\/noticias\/wp-json\/wp\/v2\/posts\/853636","targetHints":{"allow":["GET"]}}],"collection":[{"href":"https:\/\/www.eldigitaldeasturias.com\/noticias\/wp-json\/wp\/v2\/posts"}],"about":[{"href":"https:\/\/www.eldigitaldeasturias.com\/noticias\/wp-json\/wp\/v2\/types\/post"}],"author":[{"embeddable":true,"href":"https:\/\/www.eldigitaldeasturias.com\/noticias\/wp-json\/wp\/v2\/users\/1"}],"replies":[{"embeddable":true,"href":"https:\/\/www.eldigitaldeasturias.com\/noticias\/wp-json\/wp\/v2\/comments?post=853636"}],"version-history":[{"count":0,"href":"https:\/\/www.eldigitaldeasturias.com\/noticias\/wp-json\/wp\/v2\/posts\/853636\/revisions"}],"wp:featuredmedia":[{"embeddable":true,"href":"https:\/\/www.eldigitaldeasturias.com\/noticias\/wp-json\/wp\/v2\/media\/853637"}],"wp:attachment":[{"href":"https:\/\/www.eldigitaldeasturias.com\/noticias\/wp-json\/wp\/v2\/media?parent=853636"}],"wp:term":[{"taxonomy":"category","embeddable":true,"href":"https:\/\/www.eldigitaldeasturias.com\/noticias\/wp-json\/wp\/v2\/categories?post=853636"},{"taxonomy":"post_tag","embeddable":true,"href":"https:\/\/www.eldigitaldeasturias.com\/noticias\/wp-json\/wp\/v2\/tags?post=853636"}],"curies":[{"name":"wp","href":"https:\/\/api.w.org\/{rel}","templated":true}]}}