{"id":853633,"date":"2016-02-03T21:06:11","date_gmt":"2016-02-03T21:06:11","guid":{"rendered":"http:\/\/www.eldigitaldeasturias.com\/noticias\/?p=853633"},"modified":"2016-02-03T21:06:11","modified_gmt":"2016-02-03T21:06:11","slug":"la-pegatina-anuncia-nueva-gira-convertida-en-una-big-band","status":"publish","type":"post","link":"https:\/\/www.eldigitaldeasturias.com\/noticias\/la-pegatina-anuncia-nueva-gira-convertida-en-una-big-band\/","title":{"rendered":"La Pegatina anuncia nueva gira convertida en una &#8216;big band&#8217;"},"content":{"rendered":"<p><img loading=\"lazy\" decoding=\"async\" class=\"alignleft size-medium wp-image-853634\" src=\"https:\/\/www.eldigitaldeasturias.com\/noticias\/wp-content\/uploads\/2016\/02\/fotonoticia_20160203132343_800-226x320.jpg\" alt=\"fotonoticia_20160203132343_800\" width=\"226\" height=\"320\" srcset=\"https:\/\/www.eldigitaldeasturias.com\/noticias\/wp-content\/uploads\/2016\/02\/fotonoticia_20160203132343_800-226x320.jpg 226w, https:\/\/www.eldigitaldeasturias.com\/noticias\/wp-content\/uploads\/2016\/02\/fotonoticia_20160203132343_800-768x1086.jpg 768w, https:\/\/www.eldigitaldeasturias.com\/noticias\/wp-content\/uploads\/2016\/02\/fotonoticia_20160203132343_800-460x650.jpg 460w, https:\/\/www.eldigitaldeasturias.com\/noticias\/wp-content\/uploads\/2016\/02\/fotonoticia_20160203132343_800.jpg 800w\" sizes=\"auto, (max-width: 226px) 100vw, 226px\" \/>La Pegatina se convierte en una &#8216;big band&#8217; en 2016 sumando a su formaci\u00f3n original dos coristas, una secci\u00f3n de vientos, un guitarra el\u00e9ctrica y un violinista.<\/p>\n<p>As\u00ed, la &#8216;gran pegatina&#8217; pasar\u00e1 a ser la formaci\u00f3n de pop festivo m\u00e1s grande del pa\u00eds, algo que celebrar\u00e1 con una larga gira europea para conmemorar sus trece exitosos a\u00f1os de vida con trece m\u00fasicos encima del escenario.<\/p>\n<p>En esta Gran Pegatina estar\u00e1n La Canija, cantante de D&#8217;Callaos, con la que en 2009 grabaron la canci\u00f3n Alosque (cuyo clip ya suma m\u00e1s de 2 millones de reproducciones en Youtube). Tambi\u00e9n contar\u00e1 con Pipo Ti, cantante de Gregtown quien est\u00e1 girando en la actualidad por Latinoam\u00e9rica donde colabora con grandes artistas de la escena del Reggae.<\/p>\n<p>La secci\u00f3n de vientos est\u00e1 formada por Tuli, saxofonista de Alamedadosoulna, Pereza y Leiva y que ha dirigido art\u00edsticamente los espect\u00e1culos de los \u00faltimos directos de La Pegatina. Se une adem\u00e1s Marcos Crespo trombonista que ha grabado discos y ha girado con Vetusta Morla, Dani Mart\u00edn o Loquillo.<\/p>\n<p>Adem\u00e1s, se apuntan Miki Florensa, guitarra el\u00e9ctrica de M\u00f6ndo Loco y V\u00edctor Guadiana, prestigioso violinista flamenco que ha realizado giras mundiales con Chano Dom\u00ednguez o Antonio Canales. La guinda la pone el VJ franc\u00e9s Thibault Chenard, artesano visual que ha elaborado mappings sobre edificios tan emblem\u00e1ticos como el Kremlin de Mosc\u00fa o Les Invalides de Paris.<\/p>\n<p>Esta mega banda de trece m\u00fasicos ofrecer\u00e1 una gira excepcional que recorrer\u00e1 Espa\u00f1a y visitar\u00e1 diferentes pa\u00edses de Europa. A este AllStars de lujo e in\u00e9dito en nuestro pa\u00eds, tambi\u00e9n se le sumar\u00e1 un Vj que ilustrar\u00e1 los conciertos de esta gira transformando el escenario en un lienzo.<\/p>\n<p>La puesta de largo de La Gran Pegatina ser\u00e1 en el Festival Vi\u00f1arock el pr\u00f3ximo 29 de abril y la gira pasar\u00e1 por varios pa\u00edses de Europa hasta octubre de 2016, momento en que despedir\u00e1n el tour y este formato.<\/p>\n<p>PRIMERAS FECHAS DE LA GRAN PEGATINA<\/p>\n<p>29 de abril &#8211; Vi\u00f1a Rock &#8211; Villarobledo<\/p>\n<p>14 de mayo &#8211; Tarrega &#8211; Lleida<\/p>\n<p>28 de mayo &#8211; Festival les arts s&#8217;en m\u00ealent &#8211; Francia<\/p>\n<p>29 de mayo &#8211; Holanda<\/p>\n<p>23 de junio &#8211; Catalu\u00f1a<\/p>\n<p>25 de junio &#8211; Francia<\/p>\n<p>26 de junio &#8211; Holanda<\/p>\n<p>02 de julio &#8211; Canet rock &#8211; Canet de Mar<\/p>\n<p>08 de julio &#8211; Weekend Beach Festival &#8211; M\u00e1laga<\/p>\n<p>09 de julio &#8211; Granirock &#8211; Quintana de la Serena<\/p>\n<p>05 de agosto &#8211; Galicia<\/p>\n<p>07 de agosto &#8211; Arenal Sound &#8211; Castell\u00f3n<\/p>\n<p>13 de agosto &#8211; Medusa Sunbeach Festival &#8211; Cullera<\/p>\n<p>20 de agosto &#8211; Rabolagartija Festival &#8211; Villena<\/p>\n<p>02 de septiembre &#8211; Festival Gigante &#8211; Guadalajara<\/p>\n<p>14 de octubre &#8211; La Riviera &#8211; Madrid<\/p>\n<p>15 de octubre &#8211; La Riviera &#8211; Madrid<\/p>\n","protected":false},"excerpt":{"rendered":"<p>La Pegatina se convierte en una &#8216;big band&#8217; en 2016 sumando a su formaci\u00f3n original dos coristas, una secci\u00f3n de vientos, un guitarra el\u00e9ctrica y un violinista. As\u00ed, la &#8216;gran pegatina&#8217; pasar\u00e1 a ser la formaci\u00f3n de pop festivo m\u00e1s grande del pa\u00eds, algo que celebrar\u00e1 con una larga gira europea para conmemorar sus trece [&hellip;]<\/p>\n","protected":false},"author":1,"featured_media":853634,"comment_status":"closed","ping_status":"closed","sticky":false,"template":"","format":"standard","meta":{"footnotes":""},"categories":[50],"tags":[],"class_list":["post-853633","post","type-post","status-publish","format-standard","has-post-thumbnail","hentry","category-revista-de-ocio"],"aioseo_notices":[],"aioseo_head":"\n\t\t<!-- All in One SEO Pro 4.9.6.2 - aioseo.com -->\n\t<meta name=\"description\" content=\"La Pegatina se convierte en una &#039;big band&#039; en 2016 sumando a su formaci\u00f3n original dos coristas, una secci\u00f3n de vientos, un guitarra el\u00e9ctrica y un violinista. As\u00ed, la &#039;gran pegatina&#039; pasar\u00e1 a ser la formaci\u00f3n de pop festivo m\u00e1s grande del pa\u00eds, algo que celebrar\u00e1 con una larga gira europea para conmemorar sus trece\" \/>\n\t<meta name=\"robots\" content=\"max-image-preview:large\" \/>\n\t<meta name=\"author\" content=\"El Digital de Asturias\"\/>\n\t<meta name=\"google-site-verification\" content=\"UA-38556648-1\" \/>\n\t<meta name=\"msvalidate.01\" content=\"7dfe9f3f1b24437ab69f4f2559babe99\" \/>\n\t<meta name=\"keywords\" content=\"revista de ocio\" \/>\n\t<link rel=\"canonical\" href=\"https:\/\/www.eldigitaldeasturias.com\/noticias\/la-pegatina-anuncia-nueva-gira-convertida-en-una-big-band\/\" \/>\n\t<meta name=\"generator\" content=\"All in One SEO Pro (AIOSEO) 4.9.6.2\" \/>\n\t\t<meta property=\"og:locale\" content=\"es_ES\" \/>\n\t\t<meta property=\"og:site_name\" content=\"El Digital de Asturias\" \/>\n\t\t<meta property=\"og:type\" content=\"article\" \/>\n\t\t<meta property=\"og:title\" content=\"La Pegatina anuncia nueva gira convertida en una \u2018big band\u2019 - El Digital de Asturias\" \/>\n\t\t<meta property=\"og:description\" content=\"La Pegatina se convierte en una &#039;big band&#039; en 2016 sumando a su formaci\u00f3n original dos coristas, una secci\u00f3n de vientos, un guitarra el\u00e9ctrica y un violinista. As\u00ed, la &#039;gran pegatina&#039; pasar\u00e1 a ser la formaci\u00f3n de pop festivo m\u00e1s grande del pa\u00eds, algo que celebrar\u00e1 con una larga gira europea para conmemorar sus trece\" \/>\n\t\t<meta property=\"og:url\" content=\"https:\/\/www.eldigitaldeasturias.com\/noticias\/la-pegatina-anuncia-nueva-gira-convertida-en-una-big-band\/\" \/>\n\t\t<meta property=\"og:image\" content=\"https:\/\/www.eldigitaldeasturias.com\/noticias\/wp-content\/uploads\/2016\/02\/fotonoticia_20160203132343_800.jpg\" \/>\n\t\t<meta property=\"og:image:secure_url\" content=\"https:\/\/www.eldigitaldeasturias.com\/noticias\/wp-content\/uploads\/2016\/02\/fotonoticia_20160203132343_800.jpg\" \/>\n\t\t<meta property=\"og:image:width\" content=\"800\" \/>\n\t\t<meta property=\"og:image:height\" content=\"1131\" \/>\n\t\t<meta property=\"article:tag\" content=\"revista de ocio\" \/>\n\t\t<meta property=\"article:published_time\" content=\"2016-02-03T21:06:11+00:00\" \/>\n\t\t<meta property=\"article:modified_time\" content=\"2016-02-03T21:06:11+00:00\" \/>\n\t\t<meta property=\"article:publisher\" content=\"https:\/\/facebook.com\/eldigitaldeasturias\" \/>\n\t\t<meta name=\"twitter:card\" content=\"summary_large_image\" \/>\n\t\t<meta name=\"twitter:title\" content=\"La Pegatina anuncia nueva gira convertida en una \u2018big band\u2019 - El Digital de Asturias\" \/>\n\t\t<meta name=\"twitter:description\" content=\"La Pegatina se convierte en una &#039;big band&#039; en 2016 sumando a su formaci\u00f3n original dos coristas, una secci\u00f3n de vientos, un guitarra el\u00e9ctrica y un violinista. As\u00ed, la &#039;gran pegatina&#039; pasar\u00e1 a ser la formaci\u00f3n de pop festivo m\u00e1s grande del pa\u00eds, algo que celebrar\u00e1 con una larga gira europea para conmemorar sus trece\" \/>\n\t\t<meta name=\"twitter:image\" content=\"https:\/\/www.eldigitaldeasturias.com\/noticias\/wp-content\/uploads\/2016\/02\/fotonoticia_20160203132343_800.jpg\" \/>\n\t\t<meta name=\"twitter:label1\" content=\"Escrito por\" \/>\n\t\t<meta name=\"twitter:data1\" content=\"El Digital de Asturias\" \/>\n\t\t<meta name=\"twitter:label2\" content=\"Tiempo de lectura estimado\" \/>\n\t\t<meta name=\"twitter:data2\" content=\"2 minutos\" \/>\n\t\t<script type=\"application\/ld+json\" class=\"aioseo-schema\">\n\t\t\t{\"@context\":\"https:\\\/\\\/schema.org\",\"@graph\":[{\"@type\":\"BlogPosting\",\"@id\":\"https:\\\/\\\/www.eldigitaldeasturias.com\\\/noticias\\\/la-pegatina-anuncia-nueva-gira-convertida-en-una-big-band\\\/#blogposting\",\"name\":\"La Pegatina anuncia nueva gira convertida en una \\u2018big band\\u2019 - El Digital de Asturias\",\"headline\":\"La Pegatina anuncia nueva gira convertida en una &#8216;big band&#8217;\",\"author\":{\"@id\":\"https:\\\/\\\/www.eldigitaldeasturias.com\\\/noticias\\\/author\\\/admin\\\/#author\"},\"publisher\":{\"@id\":\"https:\\\/\\\/www.eldigitaldeasturias.com\\\/noticias\\\/#organization\"},\"image\":{\"@type\":\"ImageObject\",\"url\":\"https:\\\/\\\/www.eldigitaldeasturias.com\\\/noticias\\\/wp-content\\\/uploads\\\/2016\\\/02\\\/fotonoticia_20160203132343_800.jpg\",\"width\":800,\"height\":1131},\"datePublished\":\"2016-02-03T21:06:11+01:00\",\"dateModified\":\"2016-02-03T21:06:11+01:00\",\"inLanguage\":\"es-ES\",\"mainEntityOfPage\":{\"@id\":\"https:\\\/\\\/www.eldigitaldeasturias.com\\\/noticias\\\/la-pegatina-anuncia-nueva-gira-convertida-en-una-big-band\\\/#webpage\"},\"isPartOf\":{\"@id\":\"https:\\\/\\\/www.eldigitaldeasturias.com\\\/noticias\\\/la-pegatina-anuncia-nueva-gira-convertida-en-una-big-band\\\/#webpage\"},\"articleSection\":\"Revista de Ocio\"},{\"@type\":\"BreadcrumbList\",\"@id\":\"https:\\\/\\\/www.eldigitaldeasturias.com\\\/noticias\\\/la-pegatina-anuncia-nueva-gira-convertida-en-una-big-band\\\/#breadcrumblist\",\"itemListElement\":[{\"@type\":\"ListItem\",\"@id\":\"https:\\\/\\\/www.eldigitaldeasturias.com\\\/noticias#listItem\",\"position\":1,\"name\":\"Home\",\"item\":\"https:\\\/\\\/www.eldigitaldeasturias.com\\\/noticias\",\"nextItem\":{\"@type\":\"ListItem\",\"@id\":\"https:\\\/\\\/www.eldigitaldeasturias.com\\\/noticias\\\/category\\\/revista-de-ocio\\\/#listItem\",\"name\":\"Revista de Ocio\"}},{\"@type\":\"ListItem\",\"@id\":\"https:\\\/\\\/www.eldigitaldeasturias.com\\\/noticias\\\/category\\\/revista-de-ocio\\\/#listItem\",\"position\":2,\"name\":\"Revista de Ocio\",\"item\":\"https:\\\/\\\/www.eldigitaldeasturias.com\\\/noticias\\\/category\\\/revista-de-ocio\\\/\",\"nextItem\":{\"@type\":\"ListItem\",\"@id\":\"https:\\\/\\\/www.eldigitaldeasturias.com\\\/noticias\\\/la-pegatina-anuncia-nueva-gira-convertida-en-una-big-band\\\/#listItem\",\"name\":\"La Pegatina anuncia nueva gira convertida en una &#8216;big band&#8217;\"},\"previousItem\":{\"@type\":\"ListItem\",\"@id\":\"https:\\\/\\\/www.eldigitaldeasturias.com\\\/noticias#listItem\",\"name\":\"Home\"}},{\"@type\":\"ListItem\",\"@id\":\"https:\\\/\\\/www.eldigitaldeasturias.com\\\/noticias\\\/la-pegatina-anuncia-nueva-gira-convertida-en-una-big-band\\\/#listItem\",\"position\":3,\"name\":\"La Pegatina anuncia nueva gira convertida en una &#8216;big band&#8217;\",\"previousItem\":{\"@type\":\"ListItem\",\"@id\":\"https:\\\/\\\/www.eldigitaldeasturias.com\\\/noticias\\\/category\\\/revista-de-ocio\\\/#listItem\",\"name\":\"Revista de Ocio\"}}]},{\"@type\":\"Organization\",\"@id\":\"https:\\\/\\\/www.eldigitaldeasturias.com\\\/noticias\\\/#organization\",\"name\":\"El Digital de Asturias\",\"description\":\"Hemeroteca\",\"url\":\"https:\\\/\\\/www.eldigitaldeasturias.com\\\/noticias\\\/\",\"email\":\"info@eldigitaldeasturias.com\",\"telephone\":\"+34652131393\",\"logo\":{\"@type\":\"ImageObject\",\"url\":\"https:\\\/\\\/www.eldigitaldeasturias.com\\\/noticias\\\/wp-content\\\/uploads\\\/2020\\\/12\\\/EDA.jpg\",\"@id\":\"https:\\\/\\\/www.eldigitaldeasturias.com\\\/noticias\\\/la-pegatina-anuncia-nueva-gira-convertida-en-una-big-band\\\/#organizationLogo\",\"width\":649,\"height\":297},\"image\":{\"@id\":\"https:\\\/\\\/www.eldigitaldeasturias.com\\\/noticias\\\/la-pegatina-anuncia-nueva-gira-convertida-en-una-big-band\\\/#organizationLogo\"},\"sameAs\":[\"https:\\\/\\\/facebook.com\\\/eldigitaldeasturias\",\"https:\\\/\\\/www.youtube.com\\\/channel\\\/UCZP-2wLEB9Rv6erhFmqVnvg\"],\"address\":{\"@id\":\"https:\\\/\\\/www.eldigitaldeasturias.com\\\/noticias\\\/#postaladdress\",\"@type\":\"PostalAddress\",\"streetAddress\":\"san antonio 4,\",\"postalCode\":\"33430\",\"addressLocality\":\"Cand\\u00e1s\",\"addressRegion\":\"Asturias\",\"addressCountry\":\"ES\"}},{\"@type\":\"Person\",\"@id\":\"https:\\\/\\\/www.eldigitaldeasturias.com\\\/noticias\\\/author\\\/admin\\\/#author\",\"url\":\"https:\\\/\\\/www.eldigitaldeasturias.com\\\/noticias\\\/author\\\/admin\\\/\",\"name\":\"El Digital de Asturias\",\"image\":{\"@type\":\"ImageObject\",\"@id\":\"https:\\\/\\\/www.eldigitaldeasturias.com\\\/noticias\\\/la-pegatina-anuncia-nueva-gira-convertida-en-una-big-band\\\/#authorImage\",\"url\":\"https:\\\/\\\/www.eldigitaldeasturias.com\\\/noticias\\\/wp-content\\\/litespeed\\\/avatar\\\/18677e78aa0546b92d9dbf31ec7d7668.jpg?ver=1777290358\",\"width\":96,\"height\":96,\"caption\":\"El Digital de Asturias\"}},{\"@type\":\"WebPage\",\"@id\":\"https:\\\/\\\/www.eldigitaldeasturias.com\\\/noticias\\\/la-pegatina-anuncia-nueva-gira-convertida-en-una-big-band\\\/#webpage\",\"url\":\"https:\\\/\\\/www.eldigitaldeasturias.com\\\/noticias\\\/la-pegatina-anuncia-nueva-gira-convertida-en-una-big-band\\\/\",\"name\":\"La Pegatina anuncia nueva gira convertida en una \\u2018big band\\u2019 - El Digital de Asturias\",\"description\":\"La Pegatina se convierte en una 'big band' en 2016 sumando a su formaci\\u00f3n original dos coristas, una secci\\u00f3n de vientos, un guitarra el\\u00e9ctrica y un violinista. As\\u00ed, la 'gran pegatina' pasar\\u00e1 a ser la formaci\\u00f3n de pop festivo m\\u00e1s grande del pa\\u00eds, algo que celebrar\\u00e1 con una larga gira europea para conmemorar sus trece\",\"inLanguage\":\"es-ES\",\"isPartOf\":{\"@id\":\"https:\\\/\\\/www.eldigitaldeasturias.com\\\/noticias\\\/#website\"},\"breadcrumb\":{\"@id\":\"https:\\\/\\\/www.eldigitaldeasturias.com\\\/noticias\\\/la-pegatina-anuncia-nueva-gira-convertida-en-una-big-band\\\/#breadcrumblist\"},\"author\":{\"@id\":\"https:\\\/\\\/www.eldigitaldeasturias.com\\\/noticias\\\/author\\\/admin\\\/#author\"},\"creator\":{\"@id\":\"https:\\\/\\\/www.eldigitaldeasturias.com\\\/noticias\\\/author\\\/admin\\\/#author\"},\"image\":{\"@type\":\"ImageObject\",\"url\":\"https:\\\/\\\/www.eldigitaldeasturias.com\\\/noticias\\\/wp-content\\\/uploads\\\/2016\\\/02\\\/fotonoticia_20160203132343_800.jpg\",\"@id\":\"https:\\\/\\\/www.eldigitaldeasturias.com\\\/noticias\\\/la-pegatina-anuncia-nueva-gira-convertida-en-una-big-band\\\/#mainImage\",\"width\":800,\"height\":1131},\"primaryImageOfPage\":{\"@id\":\"https:\\\/\\\/www.eldigitaldeasturias.com\\\/noticias\\\/la-pegatina-anuncia-nueva-gira-convertida-en-una-big-band\\\/#mainImage\"},\"datePublished\":\"2016-02-03T21:06:11+01:00\",\"dateModified\":\"2016-02-03T21:06:11+01:00\"},{\"@type\":\"WebSite\",\"@id\":\"https:\\\/\\\/www.eldigitaldeasturias.com\\\/noticias\\\/#website\",\"url\":\"https:\\\/\\\/www.eldigitaldeasturias.com\\\/noticias\\\/\",\"name\":\"El Digital de Asturias - Diario de actualidad y noticias\",\"alternateName\":\"El Digital de Asturias - Diario de actualidad y noticias\",\"description\":\"Hemeroteca\",\"inLanguage\":\"es-ES\",\"publisher\":{\"@id\":\"https:\\\/\\\/www.eldigitaldeasturias.com\\\/noticias\\\/#organization\"}}]}\n\t\t<\/script>\n\t\t<!-- All in One SEO Pro -->\r\n\t\t<title>La Pegatina anuncia nueva gira convertida en una \u2018big band\u2019 - El Digital de Asturias<\/title>\n\n","aioseo_head_json":{"title":"La Pegatina anuncia nueva gira convertida en una \u2018big band\u2019 - El Digital de Asturias","description":"La Pegatina se convierte en una 'big band' en 2016 sumando a su formaci\u00f3n original dos coristas, una secci\u00f3n de vientos, un guitarra el\u00e9ctrica y un violinista. As\u00ed, la 'gran pegatina' pasar\u00e1 a ser la formaci\u00f3n de pop festivo m\u00e1s grande del pa\u00eds, algo que celebrar\u00e1 con una larga gira europea para conmemorar sus trece","canonical_url":"https:\/\/www.eldigitaldeasturias.com\/noticias\/la-pegatina-anuncia-nueva-gira-convertida-en-una-big-band\/","robots":"max-image-preview:large","keywords":"revista de ocio","webmasterTools":{"google-site-verification":"UA-38556648-1","msvalidate.01":"7dfe9f3f1b24437ab69f4f2559babe99","miscellaneous":""},"schema":{"@context":"https:\/\/schema.org","@graph":[{"@type":"BlogPosting","@id":"https:\/\/www.eldigitaldeasturias.com\/noticias\/la-pegatina-anuncia-nueva-gira-convertida-en-una-big-band\/#blogposting","name":"La Pegatina anuncia nueva gira convertida en una \u2018big band\u2019 - El Digital de Asturias","headline":"La Pegatina anuncia nueva gira convertida en una &#8216;big band&#8217;","author":{"@id":"https:\/\/www.eldigitaldeasturias.com\/noticias\/author\/admin\/#author"},"publisher":{"@id":"https:\/\/www.eldigitaldeasturias.com\/noticias\/#organization"},"image":{"@type":"ImageObject","url":"https:\/\/www.eldigitaldeasturias.com\/noticias\/wp-content\/uploads\/2016\/02\/fotonoticia_20160203132343_800.jpg","width":800,"height":1131},"datePublished":"2016-02-03T21:06:11+01:00","dateModified":"2016-02-03T21:06:11+01:00","inLanguage":"es-ES","mainEntityOfPage":{"@id":"https:\/\/www.eldigitaldeasturias.com\/noticias\/la-pegatina-anuncia-nueva-gira-convertida-en-una-big-band\/#webpage"},"isPartOf":{"@id":"https:\/\/www.eldigitaldeasturias.com\/noticias\/la-pegatina-anuncia-nueva-gira-convertida-en-una-big-band\/#webpage"},"articleSection":"Revista de Ocio"},{"@type":"BreadcrumbList","@id":"https:\/\/www.eldigitaldeasturias.com\/noticias\/la-pegatina-anuncia-nueva-gira-convertida-en-una-big-band\/#breadcrumblist","itemListElement":[{"@type":"ListItem","@id":"https:\/\/www.eldigitaldeasturias.com\/noticias#listItem","position":1,"name":"Home","item":"https:\/\/www.eldigitaldeasturias.com\/noticias","nextItem":{"@type":"ListItem","@id":"https:\/\/www.eldigitaldeasturias.com\/noticias\/category\/revista-de-ocio\/#listItem","name":"Revista de Ocio"}},{"@type":"ListItem","@id":"https:\/\/www.eldigitaldeasturias.com\/noticias\/category\/revista-de-ocio\/#listItem","position":2,"name":"Revista de Ocio","item":"https:\/\/www.eldigitaldeasturias.com\/noticias\/category\/revista-de-ocio\/","nextItem":{"@type":"ListItem","@id":"https:\/\/www.eldigitaldeasturias.com\/noticias\/la-pegatina-anuncia-nueva-gira-convertida-en-una-big-band\/#listItem","name":"La Pegatina anuncia nueva gira convertida en una &#8216;big band&#8217;"},"previousItem":{"@type":"ListItem","@id":"https:\/\/www.eldigitaldeasturias.com\/noticias#listItem","name":"Home"}},{"@type":"ListItem","@id":"https:\/\/www.eldigitaldeasturias.com\/noticias\/la-pegatina-anuncia-nueva-gira-convertida-en-una-big-band\/#listItem","position":3,"name":"La Pegatina anuncia nueva gira convertida en una &#8216;big band&#8217;","previousItem":{"@type":"ListItem","@id":"https:\/\/www.eldigitaldeasturias.com\/noticias\/category\/revista-de-ocio\/#listItem","name":"Revista de Ocio"}}]},{"@type":"Organization","@id":"https:\/\/www.eldigitaldeasturias.com\/noticias\/#organization","name":"El Digital de Asturias","description":"Hemeroteca","url":"https:\/\/www.eldigitaldeasturias.com\/noticias\/","email":"info@eldigitaldeasturias.com","telephone":"+34652131393","logo":{"@type":"ImageObject","url":"https:\/\/www.eldigitaldeasturias.com\/noticias\/wp-content\/uploads\/2020\/12\/EDA.jpg","@id":"https:\/\/www.eldigitaldeasturias.com\/noticias\/la-pegatina-anuncia-nueva-gira-convertida-en-una-big-band\/#organizationLogo","width":649,"height":297},"image":{"@id":"https:\/\/www.eldigitaldeasturias.com\/noticias\/la-pegatina-anuncia-nueva-gira-convertida-en-una-big-band\/#organizationLogo"},"sameAs":["https:\/\/facebook.com\/eldigitaldeasturias","https:\/\/www.youtube.com\/channel\/UCZP-2wLEB9Rv6erhFmqVnvg"],"address":{"@id":"https:\/\/www.eldigitaldeasturias.com\/noticias\/#postaladdress","@type":"PostalAddress","streetAddress":"san antonio 4,","postalCode":"33430","addressLocality":"Cand\u00e1s","addressRegion":"Asturias","addressCountry":"ES"}},{"@type":"Person","@id":"https:\/\/www.eldigitaldeasturias.com\/noticias\/author\/admin\/#author","url":"https:\/\/www.eldigitaldeasturias.com\/noticias\/author\/admin\/","name":"El Digital de Asturias","image":{"@type":"ImageObject","@id":"https:\/\/www.eldigitaldeasturias.com\/noticias\/la-pegatina-anuncia-nueva-gira-convertida-en-una-big-band\/#authorImage","url":"https:\/\/www.eldigitaldeasturias.com\/noticias\/wp-content\/litespeed\/avatar\/18677e78aa0546b92d9dbf31ec7d7668.jpg?ver=1777290358","width":96,"height":96,"caption":"El Digital de Asturias"}},{"@type":"WebPage","@id":"https:\/\/www.eldigitaldeasturias.com\/noticias\/la-pegatina-anuncia-nueva-gira-convertida-en-una-big-band\/#webpage","url":"https:\/\/www.eldigitaldeasturias.com\/noticias\/la-pegatina-anuncia-nueva-gira-convertida-en-una-big-band\/","name":"La Pegatina anuncia nueva gira convertida en una \u2018big band\u2019 - El Digital de Asturias","description":"La Pegatina se convierte en una 'big band' en 2016 sumando a su formaci\u00f3n original dos coristas, una secci\u00f3n de vientos, un guitarra el\u00e9ctrica y un violinista. As\u00ed, la 'gran pegatina' pasar\u00e1 a ser la formaci\u00f3n de pop festivo m\u00e1s grande del pa\u00eds, algo que celebrar\u00e1 con una larga gira europea para conmemorar sus trece","inLanguage":"es-ES","isPartOf":{"@id":"https:\/\/www.eldigitaldeasturias.com\/noticias\/#website"},"breadcrumb":{"@id":"https:\/\/www.eldigitaldeasturias.com\/noticias\/la-pegatina-anuncia-nueva-gira-convertida-en-una-big-band\/#breadcrumblist"},"author":{"@id":"https:\/\/www.eldigitaldeasturias.com\/noticias\/author\/admin\/#author"},"creator":{"@id":"https:\/\/www.eldigitaldeasturias.com\/noticias\/author\/admin\/#author"},"image":{"@type":"ImageObject","url":"https:\/\/www.eldigitaldeasturias.com\/noticias\/wp-content\/uploads\/2016\/02\/fotonoticia_20160203132343_800.jpg","@id":"https:\/\/www.eldigitaldeasturias.com\/noticias\/la-pegatina-anuncia-nueva-gira-convertida-en-una-big-band\/#mainImage","width":800,"height":1131},"primaryImageOfPage":{"@id":"https:\/\/www.eldigitaldeasturias.com\/noticias\/la-pegatina-anuncia-nueva-gira-convertida-en-una-big-band\/#mainImage"},"datePublished":"2016-02-03T21:06:11+01:00","dateModified":"2016-02-03T21:06:11+01:00"},{"@type":"WebSite","@id":"https:\/\/www.eldigitaldeasturias.com\/noticias\/#website","url":"https:\/\/www.eldigitaldeasturias.com\/noticias\/","name":"El Digital de Asturias - Diario de actualidad y noticias","alternateName":"El Digital de Asturias - Diario de actualidad y noticias","description":"Hemeroteca","inLanguage":"es-ES","publisher":{"@id":"https:\/\/www.eldigitaldeasturias.com\/noticias\/#organization"}}]},"og:locale":"es_ES","og:site_name":"El Digital de Asturias","og:type":"article","og:title":"La Pegatina anuncia nueva gira convertida en una \u2018big band\u2019 - El Digital de Asturias","og:description":"La Pegatina se convierte en una 'big band' en 2016 sumando a su formaci\u00f3n original dos coristas, una secci\u00f3n de vientos, un guitarra el\u00e9ctrica y un violinista. As\u00ed, la 'gran pegatina' pasar\u00e1 a ser la formaci\u00f3n de pop festivo m\u00e1s grande del pa\u00eds, algo que celebrar\u00e1 con una larga gira europea para conmemorar sus trece","og:url":"https:\/\/www.eldigitaldeasturias.com\/noticias\/la-pegatina-anuncia-nueva-gira-convertida-en-una-big-band\/","og:image":"https:\/\/www.eldigitaldeasturias.com\/noticias\/wp-content\/uploads\/2016\/02\/fotonoticia_20160203132343_800.jpg","og:image:secure_url":"https:\/\/www.eldigitaldeasturias.com\/noticias\/wp-content\/uploads\/2016\/02\/fotonoticia_20160203132343_800.jpg","og:image:width":800,"og:image:height":1131,"article:tag":["revista de ocio"],"article:published_time":"2016-02-03T21:06:11+00:00","article:modified_time":"2016-02-03T21:06:11+00:00","article:publisher":"https:\/\/facebook.com\/eldigitaldeasturias","twitter:card":"summary_large_image","twitter:title":"La Pegatina anuncia nueva gira convertida en una \u2018big band\u2019 - El Digital de Asturias","twitter:description":"La Pegatina se convierte en una 'big band' en 2016 sumando a su formaci\u00f3n original dos coristas, una secci\u00f3n de vientos, un guitarra el\u00e9ctrica y un violinista. As\u00ed, la 'gran pegatina' pasar\u00e1 a ser la formaci\u00f3n de pop festivo m\u00e1s grande del pa\u00eds, algo que celebrar\u00e1 con una larga gira europea para conmemorar sus trece","twitter:image":"https:\/\/www.eldigitaldeasturias.com\/noticias\/wp-content\/uploads\/2016\/02\/fotonoticia_20160203132343_800.jpg","twitter:label1":"Escrito por","twitter:data1":"El Digital de Asturias","twitter:label2":"Tiempo de lectura estimado","twitter:data2":"2 minutos"},"aioseo_meta_data":{"post_id":"853633","title":null,"description":null,"keywords":null,"keyphrases":null,"primary_term":null,"canonical_url":null,"og_title":null,"og_description":null,"og_object_type":"default","og_image_type":"default","og_image_url":null,"og_image_width":null,"og_image_height":null,"og_image_custom_url":null,"og_image_custom_fields":null,"og_video":null,"og_custom_url":null,"og_article_section":null,"og_article_tags":null,"twitter_use_og":false,"twitter_card":"default","twitter_image_type":"default","twitter_image_url":null,"twitter_image_custom_url":null,"twitter_image_custom_fields":null,"twitter_title":null,"twitter_description":null,"schema":{"blockGraphs":[],"customGraphs":[],"default":{"data":{"Article":[],"Course":[],"Dataset":[],"FAQPage":[],"Movie":[],"Person":[],"Product":[],"ProductReview":[],"Car":[],"Recipe":[],"Service":[],"SoftwareApplication":[],"WebPage":[]},"graphName":"","isEnabled":true},"graphs":[],"defaultGraph":"","defaultPostTypeGraph":""},"schema_type":null,"schema_type_options":null,"pillar_content":false,"robots_default":true,"robots_noindex":false,"robots_noarchive":false,"robots_nosnippet":false,"robots_nofollow":false,"robots_noimageindex":false,"robots_noodp":false,"robots_notranslate":false,"robots_max_snippet":null,"robots_max_videopreview":null,"robots_max_imagepreview":"large","priority":null,"frequency":null,"local_seo":null,"seo_analyzer_scan_date":"2025-12-09 18:50:45","breadcrumb_settings":null,"limit_modified_date":false,"open_ai":null,"ai":null,"created":"2021-01-23 14:10:14","updated":"2025-12-09 18:50:45"},"aioseo_breadcrumb":"<div class=\"aioseo-breadcrumbs\"><span class=\"aioseo-breadcrumb\">\n\t<a href=\"https:\/\/www.eldigitaldeasturias.com\/noticias\" title=\"Home\">Home<\/a>\n<\/span><span class=\"aioseo-breadcrumb-separator\">\u2013<\/span><span class=\"aioseo-breadcrumb\">\n\t<a href=\"https:\/\/www.eldigitaldeasturias.com\/noticias\/category\/revista-de-ocio\/\" title=\"Revista de Ocio\">Revista de Ocio<\/a>\n<\/span><span class=\"aioseo-breadcrumb-separator\">\u2013<\/span><span class=\"aioseo-breadcrumb\">\n\t<a href=\"https:\/\/www.eldigitaldeasturias.com\/noticias\/la-pegatina-anuncia-nueva-gira-convertida-en-una-big-band\/\" title=\"La Pegatina anuncia nueva gira convertida en una \u2018big band\u2019\">La Pegatina anuncia nueva gira convertida en una \u2018big band\u2019<\/a>\n<\/span><\/div>","aioseo_breadcrumb_json":[{"label":"Home","link":"https:\/\/www.eldigitaldeasturias.com\/noticias"},{"label":"Revista de Ocio","link":"https:\/\/www.eldigitaldeasturias.com\/noticias\/category\/revista-de-ocio\/"},{"label":"La Pegatina anuncia nueva gira convertida en una &#8216;big band&#8217;","link":"https:\/\/www.eldigitaldeasturias.com\/noticias\/la-pegatina-anuncia-nueva-gira-convertida-en-una-big-band\/"}],"_links":{"self":[{"href":"https:\/\/www.eldigitaldeasturias.com\/noticias\/wp-json\/wp\/v2\/posts\/853633","targetHints":{"allow":["GET"]}}],"collection":[{"href":"https:\/\/www.eldigitaldeasturias.com\/noticias\/wp-json\/wp\/v2\/posts"}],"about":[{"href":"https:\/\/www.eldigitaldeasturias.com\/noticias\/wp-json\/wp\/v2\/types\/post"}],"author":[{"embeddable":true,"href":"https:\/\/www.eldigitaldeasturias.com\/noticias\/wp-json\/wp\/v2\/users\/1"}],"replies":[{"embeddable":true,"href":"https:\/\/www.eldigitaldeasturias.com\/noticias\/wp-json\/wp\/v2\/comments?post=853633"}],"version-history":[{"count":0,"href":"https:\/\/www.eldigitaldeasturias.com\/noticias\/wp-json\/wp\/v2\/posts\/853633\/revisions"}],"wp:featuredmedia":[{"embeddable":true,"href":"https:\/\/www.eldigitaldeasturias.com\/noticias\/wp-json\/wp\/v2\/media\/853634"}],"wp:attachment":[{"href":"https:\/\/www.eldigitaldeasturias.com\/noticias\/wp-json\/wp\/v2\/media?parent=853633"}],"wp:term":[{"taxonomy":"category","embeddable":true,"href":"https:\/\/www.eldigitaldeasturias.com\/noticias\/wp-json\/wp\/v2\/categories?post=853633"},{"taxonomy":"post_tag","embeddable":true,"href":"https:\/\/www.eldigitaldeasturias.com\/noticias\/wp-json\/wp\/v2\/tags?post=853633"}],"curies":[{"name":"wp","href":"https:\/\/api.w.org\/{rel}","templated":true}]}}