{"id":853625,"date":"2016-02-03T21:02:35","date_gmt":"2016-02-03T21:02:35","guid":{"rendered":"http:\/\/www.eldigitaldeasturias.com\/noticias\/?p=853625"},"modified":"2016-02-03T21:03:43","modified_gmt":"2016-02-03T21:03:43","slug":"simply-red-actuara-en-palma-de-mallorca-el-20-de-agosto","status":"publish","type":"post","link":"https:\/\/www.eldigitaldeasturias.com\/noticias\/simply-red-actuara-en-palma-de-mallorca-el-20-de-agosto\/","title":{"rendered":"Simply Red actuar\u00e1 en Palma de Mallorca el 20 de agosto"},"content":{"rendered":"<p><img loading=\"lazy\" decoding=\"async\" class=\"alignleft size-medium wp-image-853626\" src=\"https:\/\/www.eldigitaldeasturias.com\/noticias\/wp-content\/uploads\/2016\/02\/fotonoticia_20160203125158_800-227x320.jpg\" alt=\"fotonoticia_20160203125158_800\" width=\"227\" height=\"320\" srcset=\"https:\/\/www.eldigitaldeasturias.com\/noticias\/wp-content\/uploads\/2016\/02\/fotonoticia_20160203125158_800-227x320.jpg 227w, https:\/\/www.eldigitaldeasturias.com\/noticias\/wp-content\/uploads\/2016\/02\/fotonoticia_20160203125158_800-768x1085.jpg 768w, https:\/\/www.eldigitaldeasturias.com\/noticias\/wp-content\/uploads\/2016\/02\/fotonoticia_20160203125158_800-460x650.jpg 460w, https:\/\/www.eldigitaldeasturias.com\/noticias\/wp-content\/uploads\/2016\/02\/fotonoticia_20160203125158_800.jpg 800w\" sizes=\"auto, (max-width: 227px) 100vw, 227px\" \/>Ocho a\u00f1os despu\u00e9s de ofrecer uno de los conciertos m\u00e1s memorables en Mallorca, Mick Hucknall y Simply Red regresan a la Plaza de Toros de Palma en el marco de su gira mundial de 30 aniversario, &#8216;Big Love&#8217;.<\/p>\n<p>Con solo dos actuaciones previstas en Espa\u00f1a, el de Mallorca ser\u00e1, sin duda, uno de los conciertos del pr\u00f3ximo verano, seg\u00fan informa el promotor del concierto en un comunicado.<\/p>\n<p>Con m\u00e1s de 50 millones de discos vendidos desde mediados de los a\u00f1os 80, los seguidores de la banda de Mick Hucknall, podr\u00e1n disfrutar de todos sus hits en directo incluyendo Stars, If you don&#8217;t know me by now, So not over you y por supuesto Money&#8217;s too tight to mention, adem\u00e1s de canciones de su nuevo disco Big Love.<\/p>\n<p>El sonido caracter\u00edstico de Simply Red, con la voz de Mick como punto fuerte, es una mezcla de soul, pop, rock y reggae. Desde baladas rom\u00e1nticas a temas dance, su sonido es inconfundible.<\/p>\n<p>El promotor del concierto, David Giles (Crazy Music Productions SL) ha se\u00f1alado \u00abEstoy encantado de volver a traer a Simply Red a Palma despu\u00e9s de 8 a\u00f1os de su espectacular concierto, al que entonces asistieron los actuales reyes Felipe VI y Do\u00f1a Letizia junto a 8.000 fans\u00bb.<\/p>\n<p>\u00abLa voz de Mick encaja perfectamente con la incre\u00edble ac\u00fastica de la plaza de toros y estoy seguro de que se volver\u00e1 a meter al p\u00fablico en el bolsillo de nuevo este agosto\u00bb, apunta.<\/p>\n","protected":false},"excerpt":{"rendered":"<p>Ocho a\u00f1os despu\u00e9s de ofrecer uno de los conciertos m\u00e1s memorables en Mallorca, Mick Hucknall y Simply Red regresan a la Plaza de Toros de Palma en el marco de su gira mundial de 30 aniversario, &#8216;Big Love&#8217;. Con solo dos actuaciones previstas en Espa\u00f1a, el de Mallorca ser\u00e1, sin duda, uno de los conciertos [&hellip;]<\/p>\n","protected":false},"author":1,"featured_media":853626,"comment_status":"closed","ping_status":"closed","sticky":false,"template":"","format":"standard","meta":{"footnotes":""},"categories":[1],"tags":[],"class_list":["post-853625","post","type-post","status-publish","format-standard","has-post-thumbnail","hentry","category-actualidad"],"aioseo_notices":[],"aioseo_head":"\n\t\t<!-- All in One SEO Pro 4.9.6.2 - aioseo.com -->\n\t<meta name=\"description\" content=\"Ocho a\u00f1os despu\u00e9s de ofrecer uno de los conciertos m\u00e1s memorables en Mallorca, Mick Hucknall y Simply Red regresan a la Plaza de Toros de Palma en el marco de su gira mundial de 30 aniversario, &#039;Big Love&#039;. Con solo dos actuaciones previstas en Espa\u00f1a, el de Mallorca ser\u00e1, sin duda, uno de los conciertos\" \/>\n\t<meta name=\"robots\" content=\"max-image-preview:large\" \/>\n\t<meta name=\"author\" content=\"El Digital de Asturias\"\/>\n\t<meta name=\"google-site-verification\" content=\"UA-38556648-1\" \/>\n\t<meta name=\"msvalidate.01\" content=\"7dfe9f3f1b24437ab69f4f2559babe99\" \/>\n\t<meta name=\"keywords\" content=\"actualidad\" \/>\n\t<link rel=\"canonical\" href=\"https:\/\/www.eldigitaldeasturias.com\/noticias\/simply-red-actuara-en-palma-de-mallorca-el-20-de-agosto\/\" \/>\n\t<meta name=\"generator\" content=\"All in One SEO Pro (AIOSEO) 4.9.6.2\" \/>\n\t\t<meta property=\"og:locale\" content=\"es_ES\" \/>\n\t\t<meta property=\"og:site_name\" content=\"El Digital de Asturias\" \/>\n\t\t<meta property=\"og:type\" content=\"article\" \/>\n\t\t<meta property=\"og:title\" content=\"Simply Red actuar\u00e1 en Palma de Mallorca el 20 de agosto - El Digital de Asturias\" \/>\n\t\t<meta property=\"og:description\" content=\"Ocho a\u00f1os despu\u00e9s de ofrecer uno de los conciertos m\u00e1s memorables en Mallorca, Mick Hucknall y Simply Red regresan a la Plaza de Toros de Palma en el marco de su gira mundial de 30 aniversario, &#039;Big Love&#039;. Con solo dos actuaciones previstas en Espa\u00f1a, el de Mallorca ser\u00e1, sin duda, uno de los conciertos\" \/>\n\t\t<meta property=\"og:url\" content=\"https:\/\/www.eldigitaldeasturias.com\/noticias\/simply-red-actuara-en-palma-de-mallorca-el-20-de-agosto\/\" \/>\n\t\t<meta property=\"og:image\" content=\"https:\/\/www.eldigitaldeasturias.com\/noticias\/wp-content\/uploads\/2016\/02\/fotonoticia_20160203125158_800.jpg\" \/>\n\t\t<meta property=\"og:image:secure_url\" content=\"https:\/\/www.eldigitaldeasturias.com\/noticias\/wp-content\/uploads\/2016\/02\/fotonoticia_20160203125158_800.jpg\" \/>\n\t\t<meta property=\"og:image:width\" content=\"800\" \/>\n\t\t<meta property=\"og:image:height\" content=\"1130\" \/>\n\t\t<meta property=\"article:tag\" content=\"actualidad\" \/>\n\t\t<meta property=\"article:published_time\" content=\"2016-02-03T21:02:35+00:00\" \/>\n\t\t<meta property=\"article:modified_time\" content=\"2016-02-03T21:03:43+00:00\" \/>\n\t\t<meta property=\"article:publisher\" content=\"https:\/\/facebook.com\/eldigitaldeasturias\" \/>\n\t\t<meta name=\"twitter:card\" content=\"summary_large_image\" \/>\n\t\t<meta name=\"twitter:title\" content=\"Simply Red actuar\u00e1 en Palma de Mallorca el 20 de agosto - El Digital de Asturias\" \/>\n\t\t<meta name=\"twitter:description\" content=\"Ocho a\u00f1os despu\u00e9s de ofrecer uno de los conciertos m\u00e1s memorables en Mallorca, Mick Hucknall y Simply Red regresan a la Plaza de Toros de Palma en el marco de su gira mundial de 30 aniversario, &#039;Big Love&#039;. Con solo dos actuaciones previstas en Espa\u00f1a, el de Mallorca ser\u00e1, sin duda, uno de los conciertos\" \/>\n\t\t<meta name=\"twitter:image\" content=\"https:\/\/www.eldigitaldeasturias.com\/noticias\/wp-content\/uploads\/2016\/02\/fotonoticia_20160203125158_800.jpg\" \/>\n\t\t<meta name=\"twitter:label1\" content=\"Escrito por\" \/>\n\t\t<meta name=\"twitter:data1\" content=\"El Digital de Asturias\" \/>\n\t\t<meta name=\"twitter:label2\" content=\"Tiempo de lectura estimado\" \/>\n\t\t<meta name=\"twitter:data2\" content=\"1 minuto\" \/>\n\t\t<script type=\"application\/ld+json\" class=\"aioseo-schema\">\n\t\t\t{\"@context\":\"https:\\\/\\\/schema.org\",\"@graph\":[{\"@type\":\"BlogPosting\",\"@id\":\"https:\\\/\\\/www.eldigitaldeasturias.com\\\/noticias\\\/simply-red-actuara-en-palma-de-mallorca-el-20-de-agosto\\\/#blogposting\",\"name\":\"Simply Red actuar\\u00e1 en Palma de Mallorca el 20 de agosto - El Digital de Asturias\",\"headline\":\"Simply Red actuar\\u00e1 en Palma de Mallorca el 20 de agosto\",\"author\":{\"@id\":\"https:\\\/\\\/www.eldigitaldeasturias.com\\\/noticias\\\/author\\\/admin\\\/#author\"},\"publisher\":{\"@id\":\"https:\\\/\\\/www.eldigitaldeasturias.com\\\/noticias\\\/#organization\"},\"image\":{\"@type\":\"ImageObject\",\"url\":\"https:\\\/\\\/www.eldigitaldeasturias.com\\\/noticias\\\/wp-content\\\/uploads\\\/2016\\\/02\\\/fotonoticia_20160203125158_800.jpg\",\"width\":800,\"height\":1130},\"datePublished\":\"2016-02-03T21:02:35+01:00\",\"dateModified\":\"2016-02-03T21:03:43+01:00\",\"inLanguage\":\"es-ES\",\"mainEntityOfPage\":{\"@id\":\"https:\\\/\\\/www.eldigitaldeasturias.com\\\/noticias\\\/simply-red-actuara-en-palma-de-mallorca-el-20-de-agosto\\\/#webpage\"},\"isPartOf\":{\"@id\":\"https:\\\/\\\/www.eldigitaldeasturias.com\\\/noticias\\\/simply-red-actuara-en-palma-de-mallorca-el-20-de-agosto\\\/#webpage\"},\"articleSection\":\"Actualidad\"},{\"@type\":\"BreadcrumbList\",\"@id\":\"https:\\\/\\\/www.eldigitaldeasturias.com\\\/noticias\\\/simply-red-actuara-en-palma-de-mallorca-el-20-de-agosto\\\/#breadcrumblist\",\"itemListElement\":[{\"@type\":\"ListItem\",\"@id\":\"https:\\\/\\\/www.eldigitaldeasturias.com\\\/noticias#listItem\",\"position\":1,\"name\":\"Home\",\"item\":\"https:\\\/\\\/www.eldigitaldeasturias.com\\\/noticias\",\"nextItem\":{\"@type\":\"ListItem\",\"@id\":\"https:\\\/\\\/www.eldigitaldeasturias.com\\\/noticias\\\/category\\\/actualidad\\\/#listItem\",\"name\":\"Actualidad\"}},{\"@type\":\"ListItem\",\"@id\":\"https:\\\/\\\/www.eldigitaldeasturias.com\\\/noticias\\\/category\\\/actualidad\\\/#listItem\",\"position\":2,\"name\":\"Actualidad\",\"item\":\"https:\\\/\\\/www.eldigitaldeasturias.com\\\/noticias\\\/category\\\/actualidad\\\/\",\"nextItem\":{\"@type\":\"ListItem\",\"@id\":\"https:\\\/\\\/www.eldigitaldeasturias.com\\\/noticias\\\/simply-red-actuara-en-palma-de-mallorca-el-20-de-agosto\\\/#listItem\",\"name\":\"Simply Red actuar\\u00e1 en Palma de Mallorca el 20 de agosto\"},\"previousItem\":{\"@type\":\"ListItem\",\"@id\":\"https:\\\/\\\/www.eldigitaldeasturias.com\\\/noticias#listItem\",\"name\":\"Home\"}},{\"@type\":\"ListItem\",\"@id\":\"https:\\\/\\\/www.eldigitaldeasturias.com\\\/noticias\\\/simply-red-actuara-en-palma-de-mallorca-el-20-de-agosto\\\/#listItem\",\"position\":3,\"name\":\"Simply Red actuar\\u00e1 en Palma de Mallorca el 20 de agosto\",\"previousItem\":{\"@type\":\"ListItem\",\"@id\":\"https:\\\/\\\/www.eldigitaldeasturias.com\\\/noticias\\\/category\\\/actualidad\\\/#listItem\",\"name\":\"Actualidad\"}}]},{\"@type\":\"Organization\",\"@id\":\"https:\\\/\\\/www.eldigitaldeasturias.com\\\/noticias\\\/#organization\",\"name\":\"El Digital de Asturias\",\"description\":\"Hemeroteca\",\"url\":\"https:\\\/\\\/www.eldigitaldeasturias.com\\\/noticias\\\/\",\"email\":\"info@eldigitaldeasturias.com\",\"telephone\":\"+34652131393\",\"logo\":{\"@type\":\"ImageObject\",\"url\":\"https:\\\/\\\/www.eldigitaldeasturias.com\\\/noticias\\\/wp-content\\\/uploads\\\/2020\\\/12\\\/EDA.jpg\",\"@id\":\"https:\\\/\\\/www.eldigitaldeasturias.com\\\/noticias\\\/simply-red-actuara-en-palma-de-mallorca-el-20-de-agosto\\\/#organizationLogo\",\"width\":649,\"height\":297},\"image\":{\"@id\":\"https:\\\/\\\/www.eldigitaldeasturias.com\\\/noticias\\\/simply-red-actuara-en-palma-de-mallorca-el-20-de-agosto\\\/#organizationLogo\"},\"sameAs\":[\"https:\\\/\\\/facebook.com\\\/eldigitaldeasturias\",\"https:\\\/\\\/www.youtube.com\\\/channel\\\/UCZP-2wLEB9Rv6erhFmqVnvg\"],\"address\":{\"@id\":\"https:\\\/\\\/www.eldigitaldeasturias.com\\\/noticias\\\/#postaladdress\",\"@type\":\"PostalAddress\",\"streetAddress\":\"san antonio 4,\",\"postalCode\":\"33430\",\"addressLocality\":\"Cand\\u00e1s\",\"addressRegion\":\"Asturias\",\"addressCountry\":\"ES\"}},{\"@type\":\"Person\",\"@id\":\"https:\\\/\\\/www.eldigitaldeasturias.com\\\/noticias\\\/author\\\/admin\\\/#author\",\"url\":\"https:\\\/\\\/www.eldigitaldeasturias.com\\\/noticias\\\/author\\\/admin\\\/\",\"name\":\"El Digital de Asturias\",\"image\":{\"@type\":\"ImageObject\",\"@id\":\"https:\\\/\\\/www.eldigitaldeasturias.com\\\/noticias\\\/simply-red-actuara-en-palma-de-mallorca-el-20-de-agosto\\\/#authorImage\",\"url\":\"https:\\\/\\\/www.eldigitaldeasturias.com\\\/noticias\\\/wp-content\\\/litespeed\\\/avatar\\\/18677e78aa0546b92d9dbf31ec7d7668.jpg?ver=1777290358\",\"width\":96,\"height\":96,\"caption\":\"El Digital de Asturias\"}},{\"@type\":\"WebPage\",\"@id\":\"https:\\\/\\\/www.eldigitaldeasturias.com\\\/noticias\\\/simply-red-actuara-en-palma-de-mallorca-el-20-de-agosto\\\/#webpage\",\"url\":\"https:\\\/\\\/www.eldigitaldeasturias.com\\\/noticias\\\/simply-red-actuara-en-palma-de-mallorca-el-20-de-agosto\\\/\",\"name\":\"Simply Red actuar\\u00e1 en Palma de Mallorca el 20 de agosto - El Digital de Asturias\",\"description\":\"Ocho a\\u00f1os despu\\u00e9s de ofrecer uno de los conciertos m\\u00e1s memorables en Mallorca, Mick Hucknall y Simply Red regresan a la Plaza de Toros de Palma en el marco de su gira mundial de 30 aniversario, 'Big Love'. Con solo dos actuaciones previstas en Espa\\u00f1a, el de Mallorca ser\\u00e1, sin duda, uno de los conciertos\",\"inLanguage\":\"es-ES\",\"isPartOf\":{\"@id\":\"https:\\\/\\\/www.eldigitaldeasturias.com\\\/noticias\\\/#website\"},\"breadcrumb\":{\"@id\":\"https:\\\/\\\/www.eldigitaldeasturias.com\\\/noticias\\\/simply-red-actuara-en-palma-de-mallorca-el-20-de-agosto\\\/#breadcrumblist\"},\"author\":{\"@id\":\"https:\\\/\\\/www.eldigitaldeasturias.com\\\/noticias\\\/author\\\/admin\\\/#author\"},\"creator\":{\"@id\":\"https:\\\/\\\/www.eldigitaldeasturias.com\\\/noticias\\\/author\\\/admin\\\/#author\"},\"image\":{\"@type\":\"ImageObject\",\"url\":\"https:\\\/\\\/www.eldigitaldeasturias.com\\\/noticias\\\/wp-content\\\/uploads\\\/2016\\\/02\\\/fotonoticia_20160203125158_800.jpg\",\"@id\":\"https:\\\/\\\/www.eldigitaldeasturias.com\\\/noticias\\\/simply-red-actuara-en-palma-de-mallorca-el-20-de-agosto\\\/#mainImage\",\"width\":800,\"height\":1130},\"primaryImageOfPage\":{\"@id\":\"https:\\\/\\\/www.eldigitaldeasturias.com\\\/noticias\\\/simply-red-actuara-en-palma-de-mallorca-el-20-de-agosto\\\/#mainImage\"},\"datePublished\":\"2016-02-03T21:02:35+01:00\",\"dateModified\":\"2016-02-03T21:03:43+01:00\"},{\"@type\":\"WebSite\",\"@id\":\"https:\\\/\\\/www.eldigitaldeasturias.com\\\/noticias\\\/#website\",\"url\":\"https:\\\/\\\/www.eldigitaldeasturias.com\\\/noticias\\\/\",\"name\":\"El Digital de Asturias - Diario de actualidad y noticias\",\"alternateName\":\"El Digital de Asturias - Diario de actualidad y noticias\",\"description\":\"Hemeroteca\",\"inLanguage\":\"es-ES\",\"publisher\":{\"@id\":\"https:\\\/\\\/www.eldigitaldeasturias.com\\\/noticias\\\/#organization\"}}]}\n\t\t<\/script>\n\t\t<!-- All in One SEO Pro -->\r\n\t\t<title>Simply Red actuar\u00e1 en Palma de Mallorca el 20 de agosto - El Digital de Asturias<\/title>\n\n","aioseo_head_json":{"title":"Simply Red actuar\u00e1 en Palma de Mallorca el 20 de agosto - El Digital de Asturias","description":"Ocho a\u00f1os despu\u00e9s de ofrecer uno de los conciertos m\u00e1s memorables en Mallorca, Mick Hucknall y Simply Red regresan a la Plaza de Toros de Palma en el marco de su gira mundial de 30 aniversario, 'Big Love'. Con solo dos actuaciones previstas en Espa\u00f1a, el de Mallorca ser\u00e1, sin duda, uno de los conciertos","canonical_url":"https:\/\/www.eldigitaldeasturias.com\/noticias\/simply-red-actuara-en-palma-de-mallorca-el-20-de-agosto\/","robots":"max-image-preview:large","keywords":"actualidad","webmasterTools":{"google-site-verification":"UA-38556648-1","msvalidate.01":"7dfe9f3f1b24437ab69f4f2559babe99","miscellaneous":""},"schema":{"@context":"https:\/\/schema.org","@graph":[{"@type":"BlogPosting","@id":"https:\/\/www.eldigitaldeasturias.com\/noticias\/simply-red-actuara-en-palma-de-mallorca-el-20-de-agosto\/#blogposting","name":"Simply Red actuar\u00e1 en Palma de Mallorca el 20 de agosto - El Digital de Asturias","headline":"Simply Red actuar\u00e1 en Palma de Mallorca el 20 de agosto","author":{"@id":"https:\/\/www.eldigitaldeasturias.com\/noticias\/author\/admin\/#author"},"publisher":{"@id":"https:\/\/www.eldigitaldeasturias.com\/noticias\/#organization"},"image":{"@type":"ImageObject","url":"https:\/\/www.eldigitaldeasturias.com\/noticias\/wp-content\/uploads\/2016\/02\/fotonoticia_20160203125158_800.jpg","width":800,"height":1130},"datePublished":"2016-02-03T21:02:35+01:00","dateModified":"2016-02-03T21:03:43+01:00","inLanguage":"es-ES","mainEntityOfPage":{"@id":"https:\/\/www.eldigitaldeasturias.com\/noticias\/simply-red-actuara-en-palma-de-mallorca-el-20-de-agosto\/#webpage"},"isPartOf":{"@id":"https:\/\/www.eldigitaldeasturias.com\/noticias\/simply-red-actuara-en-palma-de-mallorca-el-20-de-agosto\/#webpage"},"articleSection":"Actualidad"},{"@type":"BreadcrumbList","@id":"https:\/\/www.eldigitaldeasturias.com\/noticias\/simply-red-actuara-en-palma-de-mallorca-el-20-de-agosto\/#breadcrumblist","itemListElement":[{"@type":"ListItem","@id":"https:\/\/www.eldigitaldeasturias.com\/noticias#listItem","position":1,"name":"Home","item":"https:\/\/www.eldigitaldeasturias.com\/noticias","nextItem":{"@type":"ListItem","@id":"https:\/\/www.eldigitaldeasturias.com\/noticias\/category\/actualidad\/#listItem","name":"Actualidad"}},{"@type":"ListItem","@id":"https:\/\/www.eldigitaldeasturias.com\/noticias\/category\/actualidad\/#listItem","position":2,"name":"Actualidad","item":"https:\/\/www.eldigitaldeasturias.com\/noticias\/category\/actualidad\/","nextItem":{"@type":"ListItem","@id":"https:\/\/www.eldigitaldeasturias.com\/noticias\/simply-red-actuara-en-palma-de-mallorca-el-20-de-agosto\/#listItem","name":"Simply Red actuar\u00e1 en Palma de Mallorca el 20 de agosto"},"previousItem":{"@type":"ListItem","@id":"https:\/\/www.eldigitaldeasturias.com\/noticias#listItem","name":"Home"}},{"@type":"ListItem","@id":"https:\/\/www.eldigitaldeasturias.com\/noticias\/simply-red-actuara-en-palma-de-mallorca-el-20-de-agosto\/#listItem","position":3,"name":"Simply Red actuar\u00e1 en Palma de Mallorca el 20 de agosto","previousItem":{"@type":"ListItem","@id":"https:\/\/www.eldigitaldeasturias.com\/noticias\/category\/actualidad\/#listItem","name":"Actualidad"}}]},{"@type":"Organization","@id":"https:\/\/www.eldigitaldeasturias.com\/noticias\/#organization","name":"El Digital de Asturias","description":"Hemeroteca","url":"https:\/\/www.eldigitaldeasturias.com\/noticias\/","email":"info@eldigitaldeasturias.com","telephone":"+34652131393","logo":{"@type":"ImageObject","url":"https:\/\/www.eldigitaldeasturias.com\/noticias\/wp-content\/uploads\/2020\/12\/EDA.jpg","@id":"https:\/\/www.eldigitaldeasturias.com\/noticias\/simply-red-actuara-en-palma-de-mallorca-el-20-de-agosto\/#organizationLogo","width":649,"height":297},"image":{"@id":"https:\/\/www.eldigitaldeasturias.com\/noticias\/simply-red-actuara-en-palma-de-mallorca-el-20-de-agosto\/#organizationLogo"},"sameAs":["https:\/\/facebook.com\/eldigitaldeasturias","https:\/\/www.youtube.com\/channel\/UCZP-2wLEB9Rv6erhFmqVnvg"],"address":{"@id":"https:\/\/www.eldigitaldeasturias.com\/noticias\/#postaladdress","@type":"PostalAddress","streetAddress":"san antonio 4,","postalCode":"33430","addressLocality":"Cand\u00e1s","addressRegion":"Asturias","addressCountry":"ES"}},{"@type":"Person","@id":"https:\/\/www.eldigitaldeasturias.com\/noticias\/author\/admin\/#author","url":"https:\/\/www.eldigitaldeasturias.com\/noticias\/author\/admin\/","name":"El Digital de Asturias","image":{"@type":"ImageObject","@id":"https:\/\/www.eldigitaldeasturias.com\/noticias\/simply-red-actuara-en-palma-de-mallorca-el-20-de-agosto\/#authorImage","url":"https:\/\/www.eldigitaldeasturias.com\/noticias\/wp-content\/litespeed\/avatar\/18677e78aa0546b92d9dbf31ec7d7668.jpg?ver=1777290358","width":96,"height":96,"caption":"El Digital de Asturias"}},{"@type":"WebPage","@id":"https:\/\/www.eldigitaldeasturias.com\/noticias\/simply-red-actuara-en-palma-de-mallorca-el-20-de-agosto\/#webpage","url":"https:\/\/www.eldigitaldeasturias.com\/noticias\/simply-red-actuara-en-palma-de-mallorca-el-20-de-agosto\/","name":"Simply Red actuar\u00e1 en Palma de Mallorca el 20 de agosto - El Digital de Asturias","description":"Ocho a\u00f1os despu\u00e9s de ofrecer uno de los conciertos m\u00e1s memorables en Mallorca, Mick Hucknall y Simply Red regresan a la Plaza de Toros de Palma en el marco de su gira mundial de 30 aniversario, 'Big Love'. Con solo dos actuaciones previstas en Espa\u00f1a, el de Mallorca ser\u00e1, sin duda, uno de los conciertos","inLanguage":"es-ES","isPartOf":{"@id":"https:\/\/www.eldigitaldeasturias.com\/noticias\/#website"},"breadcrumb":{"@id":"https:\/\/www.eldigitaldeasturias.com\/noticias\/simply-red-actuara-en-palma-de-mallorca-el-20-de-agosto\/#breadcrumblist"},"author":{"@id":"https:\/\/www.eldigitaldeasturias.com\/noticias\/author\/admin\/#author"},"creator":{"@id":"https:\/\/www.eldigitaldeasturias.com\/noticias\/author\/admin\/#author"},"image":{"@type":"ImageObject","url":"https:\/\/www.eldigitaldeasturias.com\/noticias\/wp-content\/uploads\/2016\/02\/fotonoticia_20160203125158_800.jpg","@id":"https:\/\/www.eldigitaldeasturias.com\/noticias\/simply-red-actuara-en-palma-de-mallorca-el-20-de-agosto\/#mainImage","width":800,"height":1130},"primaryImageOfPage":{"@id":"https:\/\/www.eldigitaldeasturias.com\/noticias\/simply-red-actuara-en-palma-de-mallorca-el-20-de-agosto\/#mainImage"},"datePublished":"2016-02-03T21:02:35+01:00","dateModified":"2016-02-03T21:03:43+01:00"},{"@type":"WebSite","@id":"https:\/\/www.eldigitaldeasturias.com\/noticias\/#website","url":"https:\/\/www.eldigitaldeasturias.com\/noticias\/","name":"El Digital de Asturias - Diario de actualidad y noticias","alternateName":"El Digital de Asturias - Diario de actualidad y noticias","description":"Hemeroteca","inLanguage":"es-ES","publisher":{"@id":"https:\/\/www.eldigitaldeasturias.com\/noticias\/#organization"}}]},"og:locale":"es_ES","og:site_name":"El Digital de Asturias","og:type":"article","og:title":"Simply Red actuar\u00e1 en Palma de Mallorca el 20 de agosto - El Digital de Asturias","og:description":"Ocho a\u00f1os despu\u00e9s de ofrecer uno de los conciertos m\u00e1s memorables en Mallorca, Mick Hucknall y Simply Red regresan a la Plaza de Toros de Palma en el marco de su gira mundial de 30 aniversario, 'Big Love'. Con solo dos actuaciones previstas en Espa\u00f1a, el de Mallorca ser\u00e1, sin duda, uno de los conciertos","og:url":"https:\/\/www.eldigitaldeasturias.com\/noticias\/simply-red-actuara-en-palma-de-mallorca-el-20-de-agosto\/","og:image":"https:\/\/www.eldigitaldeasturias.com\/noticias\/wp-content\/uploads\/2016\/02\/fotonoticia_20160203125158_800.jpg","og:image:secure_url":"https:\/\/www.eldigitaldeasturias.com\/noticias\/wp-content\/uploads\/2016\/02\/fotonoticia_20160203125158_800.jpg","og:image:width":800,"og:image:height":1130,"article:tag":["actualidad"],"article:published_time":"2016-02-03T21:02:35+00:00","article:modified_time":"2016-02-03T21:03:43+00:00","article:publisher":"https:\/\/facebook.com\/eldigitaldeasturias","twitter:card":"summary_large_image","twitter:title":"Simply Red actuar\u00e1 en Palma de Mallorca el 20 de agosto - El Digital de Asturias","twitter:description":"Ocho a\u00f1os despu\u00e9s de ofrecer uno de los conciertos m\u00e1s memorables en Mallorca, Mick Hucknall y Simply Red regresan a la Plaza de Toros de Palma en el marco de su gira mundial de 30 aniversario, 'Big Love'. Con solo dos actuaciones previstas en Espa\u00f1a, el de Mallorca ser\u00e1, sin duda, uno de los conciertos","twitter:image":"https:\/\/www.eldigitaldeasturias.com\/noticias\/wp-content\/uploads\/2016\/02\/fotonoticia_20160203125158_800.jpg","twitter:label1":"Escrito por","twitter:data1":"El Digital de Asturias","twitter:label2":"Tiempo de lectura estimado","twitter:data2":"1 minuto"},"aioseo_meta_data":{"post_id":"853625","title":null,"description":null,"keywords":null,"keyphrases":null,"primary_term":null,"canonical_url":null,"og_title":null,"og_description":null,"og_object_type":"default","og_image_type":"default","og_image_url":null,"og_image_width":null,"og_image_height":null,"og_image_custom_url":null,"og_image_custom_fields":null,"og_video":null,"og_custom_url":null,"og_article_section":null,"og_article_tags":null,"twitter_use_og":false,"twitter_card":"default","twitter_image_type":"default","twitter_image_url":null,"twitter_image_custom_url":null,"twitter_image_custom_fields":null,"twitter_title":null,"twitter_description":null,"schema":{"blockGraphs":[],"customGraphs":[],"default":{"data":{"Article":[],"Course":[],"Dataset":[],"FAQPage":[],"Movie":[],"Person":[],"Product":[],"ProductReview":[],"Car":[],"Recipe":[],"Service":[],"SoftwareApplication":[],"WebPage":[]},"graphName":"","isEnabled":true},"graphs":[]},"schema_type":null,"schema_type_options":null,"pillar_content":false,"robots_default":true,"robots_noindex":false,"robots_noarchive":false,"robots_nosnippet":false,"robots_nofollow":false,"robots_noimageindex":false,"robots_noodp":false,"robots_notranslate":false,"robots_max_snippet":null,"robots_max_videopreview":null,"robots_max_imagepreview":"large","priority":null,"frequency":null,"local_seo":null,"seo_analyzer_scan_date":"2025-12-09 18:48:10","breadcrumb_settings":null,"limit_modified_date":false,"open_ai":null,"ai":null,"created":"2021-01-23 14:10:14","updated":"2025-12-09 18:48:10"},"aioseo_breadcrumb":"<div class=\"aioseo-breadcrumbs\"><span class=\"aioseo-breadcrumb\">\n\t<a href=\"https:\/\/www.eldigitaldeasturias.com\/noticias\" title=\"Home\">Home<\/a>\n<\/span><span class=\"aioseo-breadcrumb-separator\">\u2013<\/span><span class=\"aioseo-breadcrumb\">\n\t<a href=\"https:\/\/www.eldigitaldeasturias.com\/noticias\/category\/actualidad\/\" title=\"Actualidad\">Actualidad<\/a>\n<\/span><span class=\"aioseo-breadcrumb-separator\">\u2013<\/span><span class=\"aioseo-breadcrumb\">\n\t<a href=\"https:\/\/www.eldigitaldeasturias.com\/noticias\/simply-red-actuara-en-palma-de-mallorca-el-20-de-agosto\/\" title=\"Simply Red actuar\u00e1 en Palma de Mallorca el 20 de agosto\">Simply Red actuar\u00e1 en Palma de Mallorca el 20 de agosto<\/a>\n<\/span><\/div>","aioseo_breadcrumb_json":[{"label":"Home","link":"https:\/\/www.eldigitaldeasturias.com\/noticias"},{"label":"Actualidad","link":"https:\/\/www.eldigitaldeasturias.com\/noticias\/category\/actualidad\/"},{"label":"Simply Red actuar\u00e1 en Palma de Mallorca el 20 de agosto","link":"https:\/\/www.eldigitaldeasturias.com\/noticias\/simply-red-actuara-en-palma-de-mallorca-el-20-de-agosto\/"}],"_links":{"self":[{"href":"https:\/\/www.eldigitaldeasturias.com\/noticias\/wp-json\/wp\/v2\/posts\/853625","targetHints":{"allow":["GET"]}}],"collection":[{"href":"https:\/\/www.eldigitaldeasturias.com\/noticias\/wp-json\/wp\/v2\/posts"}],"about":[{"href":"https:\/\/www.eldigitaldeasturias.com\/noticias\/wp-json\/wp\/v2\/types\/post"}],"author":[{"embeddable":true,"href":"https:\/\/www.eldigitaldeasturias.com\/noticias\/wp-json\/wp\/v2\/users\/1"}],"replies":[{"embeddable":true,"href":"https:\/\/www.eldigitaldeasturias.com\/noticias\/wp-json\/wp\/v2\/comments?post=853625"}],"version-history":[{"count":0,"href":"https:\/\/www.eldigitaldeasturias.com\/noticias\/wp-json\/wp\/v2\/posts\/853625\/revisions"}],"wp:featuredmedia":[{"embeddable":true,"href":"https:\/\/www.eldigitaldeasturias.com\/noticias\/wp-json\/wp\/v2\/media\/853626"}],"wp:attachment":[{"href":"https:\/\/www.eldigitaldeasturias.com\/noticias\/wp-json\/wp\/v2\/media?parent=853625"}],"wp:term":[{"taxonomy":"category","embeddable":true,"href":"https:\/\/www.eldigitaldeasturias.com\/noticias\/wp-json\/wp\/v2\/categories?post=853625"},{"taxonomy":"post_tag","embeddable":true,"href":"https:\/\/www.eldigitaldeasturias.com\/noticias\/wp-json\/wp\/v2\/tags?post=853625"}],"curies":[{"name":"wp","href":"https:\/\/api.w.org\/{rel}","templated":true}]}}