{"id":853616,"date":"2016-02-03T20:39:27","date_gmt":"2016-02-03T20:39:27","guid":{"rendered":"http:\/\/www.eldigitaldeasturias.com\/noticias\/?p=853616"},"modified":"2016-02-03T20:39:27","modified_gmt":"2016-02-03T20:39:27","slug":"ccoo-considera-que-el-rechazo-de-la-ue-a-la-orden-de-ayudas-es-el-naufragio-total-de-la-mineria","status":"publish","type":"post","link":"https:\/\/www.eldigitaldeasturias.com\/noticias\/ccoo-considera-que-el-rechazo-de-la-ue-a-la-orden-de-ayudas-es-el-naufragio-total-de-la-mineria\/","title":{"rendered":"CCOO considera que el rechazo de la UE a la orden de ayudas es el \u00abnaufragio total\u00bb de la miner\u00eda"},"content":{"rendered":"<p><img loading=\"lazy\" decoding=\"async\" class=\"alignleft size-medium wp-image-1018\" src=\"https:\/\/www.eldigitaldeasturias.com\/noticias\/wp-content\/uploads\/2013\/09\/carbon_20130920131909_800-360x240.jpg\" alt=\"carbon_20130920131909_800\" width=\"360\" height=\"240\" srcset=\"https:\/\/www.eldigitaldeasturias.com\/noticias\/wp-content\/uploads\/2013\/09\/carbon_20130920131909_800-360x240.jpg 360w, https:\/\/www.eldigitaldeasturias.com\/noticias\/wp-content\/uploads\/2013\/09\/carbon_20130920131909_800-650x433.jpg 650w, https:\/\/www.eldigitaldeasturias.com\/noticias\/wp-content\/uploads\/2013\/09\/carbon_20130920131909_800-84x55.jpg 84w, https:\/\/www.eldigitaldeasturias.com\/noticias\/wp-content\/uploads\/2013\/09\/carbon_20130920131909_800-49x32.jpg 49w, https:\/\/www.eldigitaldeasturias.com\/noticias\/wp-content\/uploads\/2013\/09\/carbon_20130920131909_800.jpg 750w\" sizes=\"auto, (max-width: 360px) 100vw, 360px\" \/>El responsable del sector de Miner\u00eda de CCOO Asturias, Jaime Mart\u00ednez Caliero, ha considerado que el rechazo de la UE a la orden ministerial de ayudas al sector del carb\u00f3n que hab\u00eda planteado el Gobierno de Espa\u00f1a supone el \u00abnaufragio total\u00bb de la miner\u00eda en Asturias y en Castilla y Le\u00f3n.<\/p>\n<p>Caliero se ha referido en declaraciones a Europa Press a la noticia, dada a conocer por la consejera de Econom\u00eda y Hacienda de Castilla y Le\u00f3n. El sindicato a\u00fan no tiene ninguna comunicaci\u00f3n oficial, pero \u00absi lo dice un alto cargo del PP suponemos que ser\u00e1 verdad\u00bb, ha se\u00f1alado Caliero.<\/p>\n<p>El representante sindical ha culpado de esta situaci\u00f3n a la \u00abinacci\u00f3n de este gobierno (central) y a sus enga\u00f1os y su dejaci\u00f3n de funciones durante cuatro a\u00f1os, que nos avocan a un callej\u00f3n sin salida\u00bb.<\/p>\n<p>Ha mantenido la apuesta del sindicato por un mecanismo que garantice el consumo del carb\u00f3n, y que en opini\u00f3n de CCOO ha de ser el \u00abc\u00e9ntimo verde\u00bb. As\u00ed, ha reprochado que el Ejecutivo central no buscara alternativas cuando la Comisi\u00f3n Nacional del Mercado de Valores inform\u00f3 desfavorablemente de esta misma propuesta de ayudas<\/p>\n<p>Recuerda adem\u00e1s que aquel informe \u00abno era vinculante y el gobierno es soberano para tomar decisiones oportunas\u00bb. A su juicio, el Gobierno espa\u00f1ol estaba deseando que \u00abalguien en Europa nos dijera que no\u00bb. Ha criticado adem\u00e1s los \u00abintereses\u00bb que se esconden en su opini\u00f3n tras esta negativa, y ha recordado que el carb\u00f3n espa\u00f1ol tiene que compatir con otro carb\u00f3n extra\u00eddo en situaciones lamentables y condiciones laborales precarias.<\/p>\n","protected":false},"excerpt":{"rendered":"<p>El responsable del sector de Miner\u00eda de CCOO Asturias, Jaime Mart\u00ednez Caliero, ha considerado que el rechazo de la UE a la orden ministerial de ayudas al sector del carb\u00f3n que hab\u00eda planteado el Gobierno de Espa\u00f1a supone el \u00abnaufragio total\u00bb de la miner\u00eda en Asturias y en Castilla y Le\u00f3n. Caliero se ha referido [&hellip;]<\/p>\n","protected":false},"author":1,"featured_media":1018,"comment_status":"closed","ping_status":"closed","sticky":false,"template":"","format":"standard","meta":{"footnotes":""},"categories":[12],"tags":[],"class_list":["post-853616","post","type-post","status-publish","format-standard","has-post-thumbnail","hentry","category-actualidad-asturias"],"aioseo_notices":[],"aioseo_head":"\n\t\t<!-- All in One SEO Pro 4.9.6.2 - aioseo.com -->\n\t<meta name=\"description\" content=\"El responsable del sector de Miner\u00eda de CCOO Asturias, Jaime Mart\u00ednez Caliero, ha considerado que el rechazo de la UE a la orden ministerial de ayudas al sector del carb\u00f3n que hab\u00eda planteado el Gobierno de Espa\u00f1a supone el &quot;naufragio total&quot; de la miner\u00eda en Asturias y en Castilla y Le\u00f3n. Caliero se ha referido\" \/>\n\t<meta name=\"robots\" content=\"max-image-preview:large\" \/>\n\t<meta name=\"author\" content=\"El Digital de Asturias\"\/>\n\t<meta name=\"google-site-verification\" content=\"UA-38556648-1\" \/>\n\t<meta name=\"msvalidate.01\" content=\"7dfe9f3f1b24437ab69f4f2559babe99\" \/>\n\t<meta name=\"keywords\" content=\"actualidad asturias\" \/>\n\t<link rel=\"canonical\" href=\"https:\/\/www.eldigitaldeasturias.com\/noticias\/ccoo-considera-que-el-rechazo-de-la-ue-a-la-orden-de-ayudas-es-el-naufragio-total-de-la-mineria\/\" \/>\n\t<meta name=\"generator\" content=\"All in One SEO Pro (AIOSEO) 4.9.6.2\" \/>\n\t\t<meta property=\"og:locale\" content=\"es_ES\" \/>\n\t\t<meta property=\"og:site_name\" content=\"El Digital de Asturias\" \/>\n\t\t<meta property=\"og:type\" content=\"article\" \/>\n\t\t<meta property=\"og:title\" content=\"CCOO considera que el rechazo de la UE a la orden de ayudas es el \u00abnaufragio total\u00bb de la miner\u00eda - El Digital de Asturias\" \/>\n\t\t<meta property=\"og:description\" content=\"El responsable del sector de Miner\u00eda de CCOO Asturias, Jaime Mart\u00ednez Caliero, ha considerado que el rechazo de la UE a la orden ministerial de ayudas al sector del carb\u00f3n que hab\u00eda planteado el Gobierno de Espa\u00f1a supone el &quot;naufragio total&quot; de la miner\u00eda en Asturias y en Castilla y Le\u00f3n. Caliero se ha referido\" \/>\n\t\t<meta property=\"og:url\" content=\"https:\/\/www.eldigitaldeasturias.com\/noticias\/ccoo-considera-que-el-rechazo-de-la-ue-a-la-orden-de-ayudas-es-el-naufragio-total-de-la-mineria\/\" \/>\n\t\t<meta property=\"og:image\" content=\"https:\/\/www.eldigitaldeasturias.com\/noticias\/wp-content\/uploads\/2013\/09\/carbon_20130920131909_800.jpg\" \/>\n\t\t<meta property=\"og:image:secure_url\" content=\"https:\/\/www.eldigitaldeasturias.com\/noticias\/wp-content\/uploads\/2013\/09\/carbon_20130920131909_800.jpg\" \/>\n\t\t<meta property=\"og:image:width\" content=\"750\" \/>\n\t\t<meta property=\"og:image:height\" content=\"500\" \/>\n\t\t<meta property=\"article:tag\" content=\"actualidad asturias\" \/>\n\t\t<meta property=\"article:published_time\" content=\"2016-02-03T20:39:27+00:00\" \/>\n\t\t<meta property=\"article:modified_time\" content=\"2016-02-03T20:39:27+00:00\" \/>\n\t\t<meta property=\"article:publisher\" content=\"https:\/\/facebook.com\/eldigitaldeasturias\" \/>\n\t\t<meta name=\"twitter:card\" content=\"summary_large_image\" \/>\n\t\t<meta name=\"twitter:title\" content=\"CCOO considera que el rechazo de la UE a la orden de ayudas es el \u00abnaufragio total\u00bb de la miner\u00eda - El Digital de Asturias\" \/>\n\t\t<meta name=\"twitter:description\" content=\"El responsable del sector de Miner\u00eda de CCOO Asturias, Jaime Mart\u00ednez Caliero, ha considerado que el rechazo de la UE a la orden ministerial de ayudas al sector del carb\u00f3n que hab\u00eda planteado el Gobierno de Espa\u00f1a supone el &quot;naufragio total&quot; de la miner\u00eda en Asturias y en Castilla y Le\u00f3n. Caliero se ha referido\" \/>\n\t\t<meta name=\"twitter:image\" content=\"https:\/\/www.eldigitaldeasturias.com\/noticias\/wp-content\/uploads\/2013\/09\/carbon_20130920131909_800.jpg\" \/>\n\t\t<meta name=\"twitter:label1\" content=\"Escrito por\" \/>\n\t\t<meta name=\"twitter:data1\" content=\"El Digital de Asturias\" \/>\n\t\t<meta name=\"twitter:label2\" content=\"Tiempo de lectura estimado\" \/>\n\t\t<meta name=\"twitter:data2\" content=\"1 minuto\" \/>\n\t\t<script type=\"application\/ld+json\" class=\"aioseo-schema\">\n\t\t\t{\"@context\":\"https:\\\/\\\/schema.org\",\"@graph\":[{\"@type\":\"BlogPosting\",\"@id\":\"https:\\\/\\\/www.eldigitaldeasturias.com\\\/noticias\\\/ccoo-considera-que-el-rechazo-de-la-ue-a-la-orden-de-ayudas-es-el-naufragio-total-de-la-mineria\\\/#blogposting\",\"name\":\"CCOO considera que el rechazo de la UE a la orden de ayudas es el \\u00abnaufragio total\\u00bb de la miner\\u00eda - El Digital de Asturias\",\"headline\":\"CCOO considera que el rechazo de la UE a la orden de ayudas es el \\u00abnaufragio total\\u00bb de la miner\\u00eda\",\"author\":{\"@id\":\"https:\\\/\\\/www.eldigitaldeasturias.com\\\/noticias\\\/author\\\/admin\\\/#author\"},\"publisher\":{\"@id\":\"https:\\\/\\\/www.eldigitaldeasturias.com\\\/noticias\\\/#organization\"},\"image\":{\"@type\":\"ImageObject\",\"url\":\"https:\\\/\\\/www.eldigitaldeasturias.com\\\/noticias\\\/wp-content\\\/uploads\\\/2013\\\/09\\\/carbon_20130920131909_800.jpg\",\"width\":750,\"height\":500},\"datePublished\":\"2016-02-03T20:39:27+01:00\",\"dateModified\":\"2016-02-03T20:39:27+01:00\",\"inLanguage\":\"es-ES\",\"mainEntityOfPage\":{\"@id\":\"https:\\\/\\\/www.eldigitaldeasturias.com\\\/noticias\\\/ccoo-considera-que-el-rechazo-de-la-ue-a-la-orden-de-ayudas-es-el-naufragio-total-de-la-mineria\\\/#webpage\"},\"isPartOf\":{\"@id\":\"https:\\\/\\\/www.eldigitaldeasturias.com\\\/noticias\\\/ccoo-considera-que-el-rechazo-de-la-ue-a-la-orden-de-ayudas-es-el-naufragio-total-de-la-mineria\\\/#webpage\"},\"articleSection\":\"Actualidad Asturias\"},{\"@type\":\"BreadcrumbList\",\"@id\":\"https:\\\/\\\/www.eldigitaldeasturias.com\\\/noticias\\\/ccoo-considera-que-el-rechazo-de-la-ue-a-la-orden-de-ayudas-es-el-naufragio-total-de-la-mineria\\\/#breadcrumblist\",\"itemListElement\":[{\"@type\":\"ListItem\",\"@id\":\"https:\\\/\\\/www.eldigitaldeasturias.com\\\/noticias#listItem\",\"position\":1,\"name\":\"Home\",\"item\":\"https:\\\/\\\/www.eldigitaldeasturias.com\\\/noticias\",\"nextItem\":{\"@type\":\"ListItem\",\"@id\":\"https:\\\/\\\/www.eldigitaldeasturias.com\\\/noticias\\\/category\\\/actualidad-asturias\\\/#listItem\",\"name\":\"Actualidad Asturias\"}},{\"@type\":\"ListItem\",\"@id\":\"https:\\\/\\\/www.eldigitaldeasturias.com\\\/noticias\\\/category\\\/actualidad-asturias\\\/#listItem\",\"position\":2,\"name\":\"Actualidad Asturias\",\"item\":\"https:\\\/\\\/www.eldigitaldeasturias.com\\\/noticias\\\/category\\\/actualidad-asturias\\\/\",\"nextItem\":{\"@type\":\"ListItem\",\"@id\":\"https:\\\/\\\/www.eldigitaldeasturias.com\\\/noticias\\\/ccoo-considera-que-el-rechazo-de-la-ue-a-la-orden-de-ayudas-es-el-naufragio-total-de-la-mineria\\\/#listItem\",\"name\":\"CCOO considera que el rechazo de la UE a la orden de ayudas es el \\u00abnaufragio total\\u00bb de la miner\\u00eda\"},\"previousItem\":{\"@type\":\"ListItem\",\"@id\":\"https:\\\/\\\/www.eldigitaldeasturias.com\\\/noticias#listItem\",\"name\":\"Home\"}},{\"@type\":\"ListItem\",\"@id\":\"https:\\\/\\\/www.eldigitaldeasturias.com\\\/noticias\\\/ccoo-considera-que-el-rechazo-de-la-ue-a-la-orden-de-ayudas-es-el-naufragio-total-de-la-mineria\\\/#listItem\",\"position\":3,\"name\":\"CCOO considera que el rechazo de la UE a la orden de ayudas es el \\u00abnaufragio total\\u00bb de la miner\\u00eda\",\"previousItem\":{\"@type\":\"ListItem\",\"@id\":\"https:\\\/\\\/www.eldigitaldeasturias.com\\\/noticias\\\/category\\\/actualidad-asturias\\\/#listItem\",\"name\":\"Actualidad Asturias\"}}]},{\"@type\":\"Organization\",\"@id\":\"https:\\\/\\\/www.eldigitaldeasturias.com\\\/noticias\\\/#organization\",\"name\":\"El Digital de Asturias\",\"description\":\"Hemeroteca\",\"url\":\"https:\\\/\\\/www.eldigitaldeasturias.com\\\/noticias\\\/\",\"email\":\"info@eldigitaldeasturias.com\",\"telephone\":\"+34652131393\",\"logo\":{\"@type\":\"ImageObject\",\"url\":\"https:\\\/\\\/www.eldigitaldeasturias.com\\\/noticias\\\/wp-content\\\/uploads\\\/2020\\\/12\\\/EDA.jpg\",\"@id\":\"https:\\\/\\\/www.eldigitaldeasturias.com\\\/noticias\\\/ccoo-considera-que-el-rechazo-de-la-ue-a-la-orden-de-ayudas-es-el-naufragio-total-de-la-mineria\\\/#organizationLogo\",\"width\":649,\"height\":297},\"image\":{\"@id\":\"https:\\\/\\\/www.eldigitaldeasturias.com\\\/noticias\\\/ccoo-considera-que-el-rechazo-de-la-ue-a-la-orden-de-ayudas-es-el-naufragio-total-de-la-mineria\\\/#organizationLogo\"},\"sameAs\":[\"https:\\\/\\\/facebook.com\\\/eldigitaldeasturias\",\"https:\\\/\\\/www.youtube.com\\\/channel\\\/UCZP-2wLEB9Rv6erhFmqVnvg\"],\"address\":{\"@id\":\"https:\\\/\\\/www.eldigitaldeasturias.com\\\/noticias\\\/#postaladdress\",\"@type\":\"PostalAddress\",\"streetAddress\":\"san antonio 4,\",\"postalCode\":\"33430\",\"addressLocality\":\"Cand\\u00e1s\",\"addressRegion\":\"Asturias\",\"addressCountry\":\"ES\"}},{\"@type\":\"Person\",\"@id\":\"https:\\\/\\\/www.eldigitaldeasturias.com\\\/noticias\\\/author\\\/admin\\\/#author\",\"url\":\"https:\\\/\\\/www.eldigitaldeasturias.com\\\/noticias\\\/author\\\/admin\\\/\",\"name\":\"El Digital de Asturias\",\"image\":{\"@type\":\"ImageObject\",\"@id\":\"https:\\\/\\\/www.eldigitaldeasturias.com\\\/noticias\\\/ccoo-considera-que-el-rechazo-de-la-ue-a-la-orden-de-ayudas-es-el-naufragio-total-de-la-mineria\\\/#authorImage\",\"url\":\"https:\\\/\\\/www.eldigitaldeasturias.com\\\/noticias\\\/wp-content\\\/litespeed\\\/avatar\\\/18677e78aa0546b92d9dbf31ec7d7668.jpg?ver=1777290358\",\"width\":96,\"height\":96,\"caption\":\"El Digital de Asturias\"}},{\"@type\":\"WebPage\",\"@id\":\"https:\\\/\\\/www.eldigitaldeasturias.com\\\/noticias\\\/ccoo-considera-que-el-rechazo-de-la-ue-a-la-orden-de-ayudas-es-el-naufragio-total-de-la-mineria\\\/#webpage\",\"url\":\"https:\\\/\\\/www.eldigitaldeasturias.com\\\/noticias\\\/ccoo-considera-que-el-rechazo-de-la-ue-a-la-orden-de-ayudas-es-el-naufragio-total-de-la-mineria\\\/\",\"name\":\"CCOO considera que el rechazo de la UE a la orden de ayudas es el \\u00abnaufragio total\\u00bb de la miner\\u00eda - El Digital de Asturias\",\"description\":\"El responsable del sector de Miner\\u00eda de CCOO Asturias, Jaime Mart\\u00ednez Caliero, ha considerado que el rechazo de la UE a la orden ministerial de ayudas al sector del carb\\u00f3n que hab\\u00eda planteado el Gobierno de Espa\\u00f1a supone el \\\"naufragio total\\\" de la miner\\u00eda en Asturias y en Castilla y Le\\u00f3n. Caliero se ha referido\",\"inLanguage\":\"es-ES\",\"isPartOf\":{\"@id\":\"https:\\\/\\\/www.eldigitaldeasturias.com\\\/noticias\\\/#website\"},\"breadcrumb\":{\"@id\":\"https:\\\/\\\/www.eldigitaldeasturias.com\\\/noticias\\\/ccoo-considera-que-el-rechazo-de-la-ue-a-la-orden-de-ayudas-es-el-naufragio-total-de-la-mineria\\\/#breadcrumblist\"},\"author\":{\"@id\":\"https:\\\/\\\/www.eldigitaldeasturias.com\\\/noticias\\\/author\\\/admin\\\/#author\"},\"creator\":{\"@id\":\"https:\\\/\\\/www.eldigitaldeasturias.com\\\/noticias\\\/author\\\/admin\\\/#author\"},\"image\":{\"@type\":\"ImageObject\",\"url\":\"https:\\\/\\\/www.eldigitaldeasturias.com\\\/noticias\\\/wp-content\\\/uploads\\\/2013\\\/09\\\/carbon_20130920131909_800.jpg\",\"@id\":\"https:\\\/\\\/www.eldigitaldeasturias.com\\\/noticias\\\/ccoo-considera-que-el-rechazo-de-la-ue-a-la-orden-de-ayudas-es-el-naufragio-total-de-la-mineria\\\/#mainImage\",\"width\":750,\"height\":500},\"primaryImageOfPage\":{\"@id\":\"https:\\\/\\\/www.eldigitaldeasturias.com\\\/noticias\\\/ccoo-considera-que-el-rechazo-de-la-ue-a-la-orden-de-ayudas-es-el-naufragio-total-de-la-mineria\\\/#mainImage\"},\"datePublished\":\"2016-02-03T20:39:27+01:00\",\"dateModified\":\"2016-02-03T20:39:27+01:00\"},{\"@type\":\"WebSite\",\"@id\":\"https:\\\/\\\/www.eldigitaldeasturias.com\\\/noticias\\\/#website\",\"url\":\"https:\\\/\\\/www.eldigitaldeasturias.com\\\/noticias\\\/\",\"name\":\"El Digital de Asturias - Diario de actualidad y noticias\",\"alternateName\":\"El Digital de Asturias - Diario de actualidad y noticias\",\"description\":\"Hemeroteca\",\"inLanguage\":\"es-ES\",\"publisher\":{\"@id\":\"https:\\\/\\\/www.eldigitaldeasturias.com\\\/noticias\\\/#organization\"}}]}\n\t\t<\/script>\n\t\t<!-- All in One SEO Pro -->\r\n\t\t<title>CCOO considera que el rechazo de la UE a la orden de ayudas es el \u00abnaufragio total\u00bb de la miner\u00eda - El Digital de Asturias<\/title>\n\n","aioseo_head_json":{"title":"CCOO considera que el rechazo de la UE a la orden de ayudas es el \u00abnaufragio total\u00bb de la miner\u00eda - El Digital de Asturias","description":"El responsable del sector de Miner\u00eda de CCOO Asturias, Jaime Mart\u00ednez Caliero, ha considerado que el rechazo de la UE a la orden ministerial de ayudas al sector del carb\u00f3n que hab\u00eda planteado el Gobierno de Espa\u00f1a supone el \"naufragio total\" de la miner\u00eda en Asturias y en Castilla y Le\u00f3n. Caliero se ha referido","canonical_url":"https:\/\/www.eldigitaldeasturias.com\/noticias\/ccoo-considera-que-el-rechazo-de-la-ue-a-la-orden-de-ayudas-es-el-naufragio-total-de-la-mineria\/","robots":"max-image-preview:large","keywords":"actualidad asturias","webmasterTools":{"google-site-verification":"UA-38556648-1","msvalidate.01":"7dfe9f3f1b24437ab69f4f2559babe99","miscellaneous":""},"schema":{"@context":"https:\/\/schema.org","@graph":[{"@type":"BlogPosting","@id":"https:\/\/www.eldigitaldeasturias.com\/noticias\/ccoo-considera-que-el-rechazo-de-la-ue-a-la-orden-de-ayudas-es-el-naufragio-total-de-la-mineria\/#blogposting","name":"CCOO considera que el rechazo de la UE a la orden de ayudas es el \u00abnaufragio total\u00bb de la miner\u00eda - El Digital de Asturias","headline":"CCOO considera que el rechazo de la UE a la orden de ayudas es el \u00abnaufragio total\u00bb de la miner\u00eda","author":{"@id":"https:\/\/www.eldigitaldeasturias.com\/noticias\/author\/admin\/#author"},"publisher":{"@id":"https:\/\/www.eldigitaldeasturias.com\/noticias\/#organization"},"image":{"@type":"ImageObject","url":"https:\/\/www.eldigitaldeasturias.com\/noticias\/wp-content\/uploads\/2013\/09\/carbon_20130920131909_800.jpg","width":750,"height":500},"datePublished":"2016-02-03T20:39:27+01:00","dateModified":"2016-02-03T20:39:27+01:00","inLanguage":"es-ES","mainEntityOfPage":{"@id":"https:\/\/www.eldigitaldeasturias.com\/noticias\/ccoo-considera-que-el-rechazo-de-la-ue-a-la-orden-de-ayudas-es-el-naufragio-total-de-la-mineria\/#webpage"},"isPartOf":{"@id":"https:\/\/www.eldigitaldeasturias.com\/noticias\/ccoo-considera-que-el-rechazo-de-la-ue-a-la-orden-de-ayudas-es-el-naufragio-total-de-la-mineria\/#webpage"},"articleSection":"Actualidad Asturias"},{"@type":"BreadcrumbList","@id":"https:\/\/www.eldigitaldeasturias.com\/noticias\/ccoo-considera-que-el-rechazo-de-la-ue-a-la-orden-de-ayudas-es-el-naufragio-total-de-la-mineria\/#breadcrumblist","itemListElement":[{"@type":"ListItem","@id":"https:\/\/www.eldigitaldeasturias.com\/noticias#listItem","position":1,"name":"Home","item":"https:\/\/www.eldigitaldeasturias.com\/noticias","nextItem":{"@type":"ListItem","@id":"https:\/\/www.eldigitaldeasturias.com\/noticias\/category\/actualidad-asturias\/#listItem","name":"Actualidad Asturias"}},{"@type":"ListItem","@id":"https:\/\/www.eldigitaldeasturias.com\/noticias\/category\/actualidad-asturias\/#listItem","position":2,"name":"Actualidad Asturias","item":"https:\/\/www.eldigitaldeasturias.com\/noticias\/category\/actualidad-asturias\/","nextItem":{"@type":"ListItem","@id":"https:\/\/www.eldigitaldeasturias.com\/noticias\/ccoo-considera-que-el-rechazo-de-la-ue-a-la-orden-de-ayudas-es-el-naufragio-total-de-la-mineria\/#listItem","name":"CCOO considera que el rechazo de la UE a la orden de ayudas es el \u00abnaufragio total\u00bb de la miner\u00eda"},"previousItem":{"@type":"ListItem","@id":"https:\/\/www.eldigitaldeasturias.com\/noticias#listItem","name":"Home"}},{"@type":"ListItem","@id":"https:\/\/www.eldigitaldeasturias.com\/noticias\/ccoo-considera-que-el-rechazo-de-la-ue-a-la-orden-de-ayudas-es-el-naufragio-total-de-la-mineria\/#listItem","position":3,"name":"CCOO considera que el rechazo de la UE a la orden de ayudas es el \u00abnaufragio total\u00bb de la miner\u00eda","previousItem":{"@type":"ListItem","@id":"https:\/\/www.eldigitaldeasturias.com\/noticias\/category\/actualidad-asturias\/#listItem","name":"Actualidad Asturias"}}]},{"@type":"Organization","@id":"https:\/\/www.eldigitaldeasturias.com\/noticias\/#organization","name":"El Digital de Asturias","description":"Hemeroteca","url":"https:\/\/www.eldigitaldeasturias.com\/noticias\/","email":"info@eldigitaldeasturias.com","telephone":"+34652131393","logo":{"@type":"ImageObject","url":"https:\/\/www.eldigitaldeasturias.com\/noticias\/wp-content\/uploads\/2020\/12\/EDA.jpg","@id":"https:\/\/www.eldigitaldeasturias.com\/noticias\/ccoo-considera-que-el-rechazo-de-la-ue-a-la-orden-de-ayudas-es-el-naufragio-total-de-la-mineria\/#organizationLogo","width":649,"height":297},"image":{"@id":"https:\/\/www.eldigitaldeasturias.com\/noticias\/ccoo-considera-que-el-rechazo-de-la-ue-a-la-orden-de-ayudas-es-el-naufragio-total-de-la-mineria\/#organizationLogo"},"sameAs":["https:\/\/facebook.com\/eldigitaldeasturias","https:\/\/www.youtube.com\/channel\/UCZP-2wLEB9Rv6erhFmqVnvg"],"address":{"@id":"https:\/\/www.eldigitaldeasturias.com\/noticias\/#postaladdress","@type":"PostalAddress","streetAddress":"san antonio 4,","postalCode":"33430","addressLocality":"Cand\u00e1s","addressRegion":"Asturias","addressCountry":"ES"}},{"@type":"Person","@id":"https:\/\/www.eldigitaldeasturias.com\/noticias\/author\/admin\/#author","url":"https:\/\/www.eldigitaldeasturias.com\/noticias\/author\/admin\/","name":"El Digital de Asturias","image":{"@type":"ImageObject","@id":"https:\/\/www.eldigitaldeasturias.com\/noticias\/ccoo-considera-que-el-rechazo-de-la-ue-a-la-orden-de-ayudas-es-el-naufragio-total-de-la-mineria\/#authorImage","url":"https:\/\/www.eldigitaldeasturias.com\/noticias\/wp-content\/litespeed\/avatar\/18677e78aa0546b92d9dbf31ec7d7668.jpg?ver=1777290358","width":96,"height":96,"caption":"El Digital de Asturias"}},{"@type":"WebPage","@id":"https:\/\/www.eldigitaldeasturias.com\/noticias\/ccoo-considera-que-el-rechazo-de-la-ue-a-la-orden-de-ayudas-es-el-naufragio-total-de-la-mineria\/#webpage","url":"https:\/\/www.eldigitaldeasturias.com\/noticias\/ccoo-considera-que-el-rechazo-de-la-ue-a-la-orden-de-ayudas-es-el-naufragio-total-de-la-mineria\/","name":"CCOO considera que el rechazo de la UE a la orden de ayudas es el \u00abnaufragio total\u00bb de la miner\u00eda - El Digital de Asturias","description":"El responsable del sector de Miner\u00eda de CCOO Asturias, Jaime Mart\u00ednez Caliero, ha considerado que el rechazo de la UE a la orden ministerial de ayudas al sector del carb\u00f3n que hab\u00eda planteado el Gobierno de Espa\u00f1a supone el \"naufragio total\" de la miner\u00eda en Asturias y en Castilla y Le\u00f3n. Caliero se ha referido","inLanguage":"es-ES","isPartOf":{"@id":"https:\/\/www.eldigitaldeasturias.com\/noticias\/#website"},"breadcrumb":{"@id":"https:\/\/www.eldigitaldeasturias.com\/noticias\/ccoo-considera-que-el-rechazo-de-la-ue-a-la-orden-de-ayudas-es-el-naufragio-total-de-la-mineria\/#breadcrumblist"},"author":{"@id":"https:\/\/www.eldigitaldeasturias.com\/noticias\/author\/admin\/#author"},"creator":{"@id":"https:\/\/www.eldigitaldeasturias.com\/noticias\/author\/admin\/#author"},"image":{"@type":"ImageObject","url":"https:\/\/www.eldigitaldeasturias.com\/noticias\/wp-content\/uploads\/2013\/09\/carbon_20130920131909_800.jpg","@id":"https:\/\/www.eldigitaldeasturias.com\/noticias\/ccoo-considera-que-el-rechazo-de-la-ue-a-la-orden-de-ayudas-es-el-naufragio-total-de-la-mineria\/#mainImage","width":750,"height":500},"primaryImageOfPage":{"@id":"https:\/\/www.eldigitaldeasturias.com\/noticias\/ccoo-considera-que-el-rechazo-de-la-ue-a-la-orden-de-ayudas-es-el-naufragio-total-de-la-mineria\/#mainImage"},"datePublished":"2016-02-03T20:39:27+01:00","dateModified":"2016-02-03T20:39:27+01:00"},{"@type":"WebSite","@id":"https:\/\/www.eldigitaldeasturias.com\/noticias\/#website","url":"https:\/\/www.eldigitaldeasturias.com\/noticias\/","name":"El Digital de Asturias - Diario de actualidad y noticias","alternateName":"El Digital de Asturias - Diario de actualidad y noticias","description":"Hemeroteca","inLanguage":"es-ES","publisher":{"@id":"https:\/\/www.eldigitaldeasturias.com\/noticias\/#organization"}}]},"og:locale":"es_ES","og:site_name":"El Digital de Asturias","og:type":"article","og:title":"CCOO considera que el rechazo de la UE a la orden de ayudas es el \u00abnaufragio total\u00bb de la miner\u00eda - El Digital de Asturias","og:description":"El responsable del sector de Miner\u00eda de CCOO Asturias, Jaime Mart\u00ednez Caliero, ha considerado que el rechazo de la UE a la orden ministerial de ayudas al sector del carb\u00f3n que hab\u00eda planteado el Gobierno de Espa\u00f1a supone el &quot;naufragio total&quot; de la miner\u00eda en Asturias y en Castilla y Le\u00f3n. Caliero se ha referido","og:url":"https:\/\/www.eldigitaldeasturias.com\/noticias\/ccoo-considera-que-el-rechazo-de-la-ue-a-la-orden-de-ayudas-es-el-naufragio-total-de-la-mineria\/","og:image":"https:\/\/www.eldigitaldeasturias.com\/noticias\/wp-content\/uploads\/2013\/09\/carbon_20130920131909_800.jpg","og:image:secure_url":"https:\/\/www.eldigitaldeasturias.com\/noticias\/wp-content\/uploads\/2013\/09\/carbon_20130920131909_800.jpg","og:image:width":750,"og:image:height":500,"article:tag":["actualidad asturias"],"article:published_time":"2016-02-03T20:39:27+00:00","article:modified_time":"2016-02-03T20:39:27+00:00","article:publisher":"https:\/\/facebook.com\/eldigitaldeasturias","twitter:card":"summary_large_image","twitter:title":"CCOO considera que el rechazo de la UE a la orden de ayudas es el \u00abnaufragio total\u00bb de la miner\u00eda - El Digital de Asturias","twitter:description":"El responsable del sector de Miner\u00eda de CCOO Asturias, Jaime Mart\u00ednez Caliero, ha considerado que el rechazo de la UE a la orden ministerial de ayudas al sector del carb\u00f3n que hab\u00eda planteado el Gobierno de Espa\u00f1a supone el &quot;naufragio total&quot; de la miner\u00eda en Asturias y en Castilla y Le\u00f3n. Caliero se ha referido","twitter:image":"https:\/\/www.eldigitaldeasturias.com\/noticias\/wp-content\/uploads\/2013\/09\/carbon_20130920131909_800.jpg","twitter:label1":"Escrito por","twitter:data1":"El Digital de Asturias","twitter:label2":"Tiempo de lectura estimado","twitter:data2":"1 minuto"},"aioseo_meta_data":{"post_id":"853616","title":null,"description":null,"keywords":null,"keyphrases":null,"primary_term":null,"canonical_url":null,"og_title":null,"og_description":null,"og_object_type":"default","og_image_type":"default","og_image_url":null,"og_image_width":null,"og_image_height":null,"og_image_custom_url":null,"og_image_custom_fields":null,"og_video":null,"og_custom_url":null,"og_article_section":null,"og_article_tags":null,"twitter_use_og":false,"twitter_card":"default","twitter_image_type":"default","twitter_image_url":null,"twitter_image_custom_url":null,"twitter_image_custom_fields":null,"twitter_title":null,"twitter_description":null,"schema":{"blockGraphs":[],"customGraphs":[],"default":{"data":{"Article":[],"Course":[],"Dataset":[],"FAQPage":[],"Movie":[],"Person":[],"Product":[],"ProductReview":[],"Car":[],"Recipe":[],"Service":[],"SoftwareApplication":[],"WebPage":[]},"graphName":"","isEnabled":true},"graphs":[],"defaultGraph":"","defaultPostTypeGraph":""},"schema_type":null,"schema_type_options":null,"pillar_content":false,"robots_default":true,"robots_noindex":false,"robots_noarchive":false,"robots_nosnippet":false,"robots_nofollow":false,"robots_noimageindex":false,"robots_noodp":false,"robots_notranslate":false,"robots_max_snippet":null,"robots_max_videopreview":null,"robots_max_imagepreview":"large","priority":null,"frequency":null,"local_seo":null,"seo_analyzer_scan_date":"2025-12-09 18:48:08","breadcrumb_settings":null,"limit_modified_date":false,"open_ai":null,"ai":null,"created":"2021-01-23 14:10:14","updated":"2025-12-09 18:48:08"},"aioseo_breadcrumb":"<div class=\"aioseo-breadcrumbs\"><span class=\"aioseo-breadcrumb\">\n\t<a href=\"https:\/\/www.eldigitaldeasturias.com\/noticias\" title=\"Home\">Home<\/a>\n<\/span><span class=\"aioseo-breadcrumb-separator\">\u2013<\/span><span class=\"aioseo-breadcrumb\">\n\t<a href=\"https:\/\/www.eldigitaldeasturias.com\/noticias\/category\/actualidad-asturias\/\" title=\"Actualidad Asturias\">Actualidad Asturias<\/a>\n<\/span><span class=\"aioseo-breadcrumb-separator\">\u2013<\/span><span class=\"aioseo-breadcrumb\">\n\t<a href=\"https:\/\/www.eldigitaldeasturias.com\/noticias\/ccoo-considera-que-el-rechazo-de-la-ue-a-la-orden-de-ayudas-es-el-naufragio-total-de-la-mineria\/\" title=\"CCOO considera que el rechazo de la UE a la orden de ayudas es el \u00abnaufragio total\u00bb de la miner\u00eda\">CCOO considera que el rechazo de la UE a la orden de ayudas es el \u00abnaufragio total\u00bb de la miner\u00eda<\/a>\n<\/span><\/div>","aioseo_breadcrumb_json":[{"label":"Home","link":"https:\/\/www.eldigitaldeasturias.com\/noticias"},{"label":"Actualidad Asturias","link":"https:\/\/www.eldigitaldeasturias.com\/noticias\/category\/actualidad-asturias\/"},{"label":"CCOO considera que el rechazo de la UE a la orden de ayudas es el \u00abnaufragio total\u00bb de la miner\u00eda","link":"https:\/\/www.eldigitaldeasturias.com\/noticias\/ccoo-considera-que-el-rechazo-de-la-ue-a-la-orden-de-ayudas-es-el-naufragio-total-de-la-mineria\/"}],"_links":{"self":[{"href":"https:\/\/www.eldigitaldeasturias.com\/noticias\/wp-json\/wp\/v2\/posts\/853616","targetHints":{"allow":["GET"]}}],"collection":[{"href":"https:\/\/www.eldigitaldeasturias.com\/noticias\/wp-json\/wp\/v2\/posts"}],"about":[{"href":"https:\/\/www.eldigitaldeasturias.com\/noticias\/wp-json\/wp\/v2\/types\/post"}],"author":[{"embeddable":true,"href":"https:\/\/www.eldigitaldeasturias.com\/noticias\/wp-json\/wp\/v2\/users\/1"}],"replies":[{"embeddable":true,"href":"https:\/\/www.eldigitaldeasturias.com\/noticias\/wp-json\/wp\/v2\/comments?post=853616"}],"version-history":[{"count":0,"href":"https:\/\/www.eldigitaldeasturias.com\/noticias\/wp-json\/wp\/v2\/posts\/853616\/revisions"}],"wp:featuredmedia":[{"embeddable":true,"href":"https:\/\/www.eldigitaldeasturias.com\/noticias\/wp-json\/wp\/v2\/media\/1018"}],"wp:attachment":[{"href":"https:\/\/www.eldigitaldeasturias.com\/noticias\/wp-json\/wp\/v2\/media?parent=853616"}],"wp:term":[{"taxonomy":"category","embeddable":true,"href":"https:\/\/www.eldigitaldeasturias.com\/noticias\/wp-json\/wp\/v2\/categories?post=853616"},{"taxonomy":"post_tag","embeddable":true,"href":"https:\/\/www.eldigitaldeasturias.com\/noticias\/wp-json\/wp\/v2\/tags?post=853616"}],"curies":[{"name":"wp","href":"https:\/\/api.w.org\/{rel}","templated":true}]}}