{"id":853611,"date":"2016-02-03T20:29:11","date_gmt":"2016-02-03T20:29:11","guid":{"rendered":"http:\/\/www.eldigitaldeasturias.com\/noticias\/?p=853611"},"modified":"2016-02-03T20:29:11","modified_gmt":"2016-02-03T20:29:11","slug":"podemos-asturias-pregunta-a-que-se-dedica-el-presupuesto-del-sepepa","status":"publish","type":"post","link":"https:\/\/www.eldigitaldeasturias.com\/noticias\/podemos-asturias-pregunta-a-que-se-dedica-el-presupuesto-del-sepepa\/","title":{"rendered":"Podemos Asturias pregunta a qu\u00e9 se dedica el presupuesto del Sepepa"},"content":{"rendered":"<p><img loading=\"lazy\" decoding=\"async\" class=\"alignleft size-medium wp-image-765818\" src=\"https:\/\/www.eldigitaldeasturias.com\/noticias\/wp-content\/uploads\/2015\/01\/paro-360x240.jpg\" alt=\"paro\" width=\"360\" height=\"240\" srcset=\"https:\/\/www.eldigitaldeasturias.com\/noticias\/wp-content\/uploads\/2015\/01\/paro-360x240.jpg 360w, https:\/\/www.eldigitaldeasturias.com\/noticias\/wp-content\/uploads\/2015\/01\/paro-768x512.jpg 768w, https:\/\/www.eldigitaldeasturias.com\/noticias\/wp-content\/uploads\/2015\/01\/paro-650x433.jpg 650w, https:\/\/www.eldigitaldeasturias.com\/noticias\/wp-content\/uploads\/2015\/01\/paro.jpg 800w\" sizes=\"auto, (max-width: 360px) 100vw, 360px\" \/>Podemos Asturias ha emitido este mi\u00e9rcoles un comunicado en el que se pregunta \u00ab\u00bfa qu\u00e9 se destinan los 89 millones de euros anuales que recibe el Servicio P\u00fablico de Empleo (Sepepa)\u00bb si tal y como afirma la directora de este organismo, Luisa P\u00e9rez, \u00abno se encarga de buscar trabajo\u00bb.<\/p>\n<p>Adem\u00e1s, desde esta formaci\u00f3n se ha afirmado que este servicio \u00absolo interviene en el 2 por ciento de los puestos de trabajo que se crean en la comunidad\u00bb y por ello \u00abquiz\u00e1 merezca la pena preguntarse en qu\u00e9 se gastan, entonces, esos 89 millones de euros que recibe este organismo\u00bb.<\/p>\n<p>\u00abSi el Sepepa no busca trabajo y Hacienda no somos todos, alguien deber\u00eda explicar a la ciudadan\u00eda cu\u00e1l es el sistema fiscal y el modelo de servicio p\u00fablico que las fuerzas pol\u00edticas que encarnan el antiguo bipartidismo tienen para este pa\u00eds\u00bb, ha indicado la diputada y portavoz de Empleo de Podemos, Lorena Gil.<\/p>\n<p>Asimismo, la formaci\u00f3n morada ha considerado \u00abque la privatizaci\u00f3n encubierta del Sepepa a trav\u00e9s de las agencias de colocaci\u00f3n, a las que el gobierno de Javier Fern\u00e1ndez est\u00e1 derivando, es un signo m\u00e1s de la pol\u00edtica de derribo de los servicios p\u00fablicos que tanto PP como PSOE est\u00e1n llevando a cabo en Asturias y en el resto de Espa\u00f1a\u00bb. \u00abDichas entidades defienden sus intereses, que no coinciden necesariamente con los de los trabajadores. Los ciudadanos de Asturias deber\u00edan pagar sus impuestos para que el Gobierno solucione sus problemas, no para que deje la b\u00fasqueda de empleo en manos de agentes privados\u00bb, ha comentado Gil.<\/p>\n","protected":false},"excerpt":{"rendered":"<p>Podemos Asturias ha emitido este mi\u00e9rcoles un comunicado en el que se pregunta \u00ab\u00bfa qu\u00e9 se destinan los 89 millones de euros anuales que recibe el Servicio P\u00fablico de Empleo (Sepepa)\u00bb si tal y como afirma la directora de este organismo, Luisa P\u00e9rez, \u00abno se encarga de buscar trabajo\u00bb. Adem\u00e1s, desde esta formaci\u00f3n se ha [&hellip;]<\/p>\n","protected":false},"author":1,"featured_media":765818,"comment_status":"closed","ping_status":"closed","sticky":false,"template":"","format":"standard","meta":{"footnotes":""},"categories":[12],"tags":[],"class_list":["post-853611","post","type-post","status-publish","format-standard","has-post-thumbnail","hentry","category-actualidad-asturias"],"aioseo_notices":[],"aioseo_head":"\n\t\t<!-- All in One SEO Pro 4.9.6.2 - aioseo.com -->\n\t<meta name=\"description\" content=\"Podemos Asturias ha emitido este mi\u00e9rcoles un comunicado en el que se pregunta &quot;\u00bfa qu\u00e9 se destinan los 89 millones de euros anuales que recibe el Servicio P\u00fablico de Empleo (Sepepa)&quot; si tal y como afirma la directora de este organismo, Luisa P\u00e9rez, &quot;no se encarga de buscar trabajo&quot;. Adem\u00e1s, desde esta formaci\u00f3n se ha\" \/>\n\t<meta name=\"robots\" content=\"max-image-preview:large\" \/>\n\t<meta name=\"author\" content=\"El Digital de Asturias\"\/>\n\t<meta name=\"google-site-verification\" content=\"UA-38556648-1\" \/>\n\t<meta name=\"msvalidate.01\" content=\"7dfe9f3f1b24437ab69f4f2559babe99\" \/>\n\t<meta name=\"keywords\" content=\"actualidad asturias\" \/>\n\t<link rel=\"canonical\" href=\"https:\/\/www.eldigitaldeasturias.com\/noticias\/podemos-asturias-pregunta-a-que-se-dedica-el-presupuesto-del-sepepa\/\" \/>\n\t<meta name=\"generator\" content=\"All in One SEO Pro (AIOSEO) 4.9.6.2\" \/>\n\t\t<meta property=\"og:locale\" content=\"es_ES\" \/>\n\t\t<meta property=\"og:site_name\" content=\"El Digital de Asturias\" \/>\n\t\t<meta property=\"og:type\" content=\"article\" \/>\n\t\t<meta property=\"og:title\" content=\"Podemos Asturias pregunta a qu\u00e9 se dedica el presupuesto del Sepepa - El Digital de Asturias\" \/>\n\t\t<meta property=\"og:description\" content=\"Podemos Asturias ha emitido este mi\u00e9rcoles un comunicado en el que se pregunta &quot;\u00bfa qu\u00e9 se destinan los 89 millones de euros anuales que recibe el Servicio P\u00fablico de Empleo (Sepepa)&quot; si tal y como afirma la directora de este organismo, Luisa P\u00e9rez, &quot;no se encarga de buscar trabajo&quot;. Adem\u00e1s, desde esta formaci\u00f3n se ha\" \/>\n\t\t<meta property=\"og:url\" content=\"https:\/\/www.eldigitaldeasturias.com\/noticias\/podemos-asturias-pregunta-a-que-se-dedica-el-presupuesto-del-sepepa\/\" \/>\n\t\t<meta property=\"og:image\" content=\"https:\/\/www.eldigitaldeasturias.com\/noticias\/wp-content\/uploads\/2015\/01\/paro.jpg\" \/>\n\t\t<meta property=\"og:image:secure_url\" content=\"https:\/\/www.eldigitaldeasturias.com\/noticias\/wp-content\/uploads\/2015\/01\/paro.jpg\" \/>\n\t\t<meta property=\"og:image:width\" content=\"800\" \/>\n\t\t<meta property=\"og:image:height\" content=\"533\" \/>\n\t\t<meta property=\"article:tag\" content=\"actualidad asturias\" \/>\n\t\t<meta property=\"article:published_time\" content=\"2016-02-03T20:29:11+00:00\" \/>\n\t\t<meta property=\"article:modified_time\" content=\"2016-02-03T20:29:11+00:00\" \/>\n\t\t<meta property=\"article:publisher\" content=\"https:\/\/facebook.com\/eldigitaldeasturias\" \/>\n\t\t<meta name=\"twitter:card\" content=\"summary_large_image\" \/>\n\t\t<meta name=\"twitter:title\" content=\"Podemos Asturias pregunta a qu\u00e9 se dedica el presupuesto del Sepepa - El Digital de Asturias\" \/>\n\t\t<meta name=\"twitter:description\" content=\"Podemos Asturias ha emitido este mi\u00e9rcoles un comunicado en el que se pregunta &quot;\u00bfa qu\u00e9 se destinan los 89 millones de euros anuales que recibe el Servicio P\u00fablico de Empleo (Sepepa)&quot; si tal y como afirma la directora de este organismo, Luisa P\u00e9rez, &quot;no se encarga de buscar trabajo&quot;. Adem\u00e1s, desde esta formaci\u00f3n se ha\" \/>\n\t\t<meta name=\"twitter:image\" content=\"https:\/\/www.eldigitaldeasturias.com\/noticias\/wp-content\/uploads\/2015\/01\/paro.jpg\" \/>\n\t\t<meta name=\"twitter:label1\" content=\"Escrito por\" \/>\n\t\t<meta name=\"twitter:data1\" content=\"El Digital de Asturias\" \/>\n\t\t<meta name=\"twitter:label2\" content=\"Tiempo de lectura estimado\" \/>\n\t\t<meta name=\"twitter:data2\" content=\"1 minuto\" \/>\n\t\t<script type=\"application\/ld+json\" class=\"aioseo-schema\">\n\t\t\t{\"@context\":\"https:\\\/\\\/schema.org\",\"@graph\":[{\"@type\":\"BlogPosting\",\"@id\":\"https:\\\/\\\/www.eldigitaldeasturias.com\\\/noticias\\\/podemos-asturias-pregunta-a-que-se-dedica-el-presupuesto-del-sepepa\\\/#blogposting\",\"name\":\"Podemos Asturias pregunta a qu\\u00e9 se dedica el presupuesto del Sepepa - El Digital de Asturias\",\"headline\":\"Podemos Asturias pregunta a qu\\u00e9 se dedica el presupuesto del Sepepa\",\"author\":{\"@id\":\"https:\\\/\\\/www.eldigitaldeasturias.com\\\/noticias\\\/author\\\/admin\\\/#author\"},\"publisher\":{\"@id\":\"https:\\\/\\\/www.eldigitaldeasturias.com\\\/noticias\\\/#organization\"},\"image\":{\"@type\":\"ImageObject\",\"url\":\"https:\\\/\\\/www.eldigitaldeasturias.com\\\/noticias\\\/wp-content\\\/uploads\\\/2015\\\/01\\\/paro.jpg\",\"width\":800,\"height\":533},\"datePublished\":\"2016-02-03T20:29:11+01:00\",\"dateModified\":\"2016-02-03T20:29:11+01:00\",\"inLanguage\":\"es-ES\",\"mainEntityOfPage\":{\"@id\":\"https:\\\/\\\/www.eldigitaldeasturias.com\\\/noticias\\\/podemos-asturias-pregunta-a-que-se-dedica-el-presupuesto-del-sepepa\\\/#webpage\"},\"isPartOf\":{\"@id\":\"https:\\\/\\\/www.eldigitaldeasturias.com\\\/noticias\\\/podemos-asturias-pregunta-a-que-se-dedica-el-presupuesto-del-sepepa\\\/#webpage\"},\"articleSection\":\"Actualidad Asturias\"},{\"@type\":\"BreadcrumbList\",\"@id\":\"https:\\\/\\\/www.eldigitaldeasturias.com\\\/noticias\\\/podemos-asturias-pregunta-a-que-se-dedica-el-presupuesto-del-sepepa\\\/#breadcrumblist\",\"itemListElement\":[{\"@type\":\"ListItem\",\"@id\":\"https:\\\/\\\/www.eldigitaldeasturias.com\\\/noticias#listItem\",\"position\":1,\"name\":\"Home\",\"item\":\"https:\\\/\\\/www.eldigitaldeasturias.com\\\/noticias\",\"nextItem\":{\"@type\":\"ListItem\",\"@id\":\"https:\\\/\\\/www.eldigitaldeasturias.com\\\/noticias\\\/category\\\/actualidad-asturias\\\/#listItem\",\"name\":\"Actualidad Asturias\"}},{\"@type\":\"ListItem\",\"@id\":\"https:\\\/\\\/www.eldigitaldeasturias.com\\\/noticias\\\/category\\\/actualidad-asturias\\\/#listItem\",\"position\":2,\"name\":\"Actualidad Asturias\",\"item\":\"https:\\\/\\\/www.eldigitaldeasturias.com\\\/noticias\\\/category\\\/actualidad-asturias\\\/\",\"nextItem\":{\"@type\":\"ListItem\",\"@id\":\"https:\\\/\\\/www.eldigitaldeasturias.com\\\/noticias\\\/podemos-asturias-pregunta-a-que-se-dedica-el-presupuesto-del-sepepa\\\/#listItem\",\"name\":\"Podemos Asturias pregunta a qu\\u00e9 se dedica el presupuesto del Sepepa\"},\"previousItem\":{\"@type\":\"ListItem\",\"@id\":\"https:\\\/\\\/www.eldigitaldeasturias.com\\\/noticias#listItem\",\"name\":\"Home\"}},{\"@type\":\"ListItem\",\"@id\":\"https:\\\/\\\/www.eldigitaldeasturias.com\\\/noticias\\\/podemos-asturias-pregunta-a-que-se-dedica-el-presupuesto-del-sepepa\\\/#listItem\",\"position\":3,\"name\":\"Podemos Asturias pregunta a qu\\u00e9 se dedica el presupuesto del Sepepa\",\"previousItem\":{\"@type\":\"ListItem\",\"@id\":\"https:\\\/\\\/www.eldigitaldeasturias.com\\\/noticias\\\/category\\\/actualidad-asturias\\\/#listItem\",\"name\":\"Actualidad Asturias\"}}]},{\"@type\":\"Organization\",\"@id\":\"https:\\\/\\\/www.eldigitaldeasturias.com\\\/noticias\\\/#organization\",\"name\":\"El Digital de Asturias\",\"description\":\"Hemeroteca\",\"url\":\"https:\\\/\\\/www.eldigitaldeasturias.com\\\/noticias\\\/\",\"email\":\"info@eldigitaldeasturias.com\",\"telephone\":\"+34652131393\",\"logo\":{\"@type\":\"ImageObject\",\"url\":\"https:\\\/\\\/www.eldigitaldeasturias.com\\\/noticias\\\/wp-content\\\/uploads\\\/2020\\\/12\\\/EDA.jpg\",\"@id\":\"https:\\\/\\\/www.eldigitaldeasturias.com\\\/noticias\\\/podemos-asturias-pregunta-a-que-se-dedica-el-presupuesto-del-sepepa\\\/#organizationLogo\",\"width\":649,\"height\":297},\"image\":{\"@id\":\"https:\\\/\\\/www.eldigitaldeasturias.com\\\/noticias\\\/podemos-asturias-pregunta-a-que-se-dedica-el-presupuesto-del-sepepa\\\/#organizationLogo\"},\"sameAs\":[\"https:\\\/\\\/facebook.com\\\/eldigitaldeasturias\",\"https:\\\/\\\/www.youtube.com\\\/channel\\\/UCZP-2wLEB9Rv6erhFmqVnvg\"],\"address\":{\"@id\":\"https:\\\/\\\/www.eldigitaldeasturias.com\\\/noticias\\\/#postaladdress\",\"@type\":\"PostalAddress\",\"streetAddress\":\"san antonio 4,\",\"postalCode\":\"33430\",\"addressLocality\":\"Cand\\u00e1s\",\"addressRegion\":\"Asturias\",\"addressCountry\":\"ES\"}},{\"@type\":\"Person\",\"@id\":\"https:\\\/\\\/www.eldigitaldeasturias.com\\\/noticias\\\/author\\\/admin\\\/#author\",\"url\":\"https:\\\/\\\/www.eldigitaldeasturias.com\\\/noticias\\\/author\\\/admin\\\/\",\"name\":\"El Digital de Asturias\",\"image\":{\"@type\":\"ImageObject\",\"@id\":\"https:\\\/\\\/www.eldigitaldeasturias.com\\\/noticias\\\/podemos-asturias-pregunta-a-que-se-dedica-el-presupuesto-del-sepepa\\\/#authorImage\",\"url\":\"https:\\\/\\\/www.eldigitaldeasturias.com\\\/noticias\\\/wp-content\\\/litespeed\\\/avatar\\\/18677e78aa0546b92d9dbf31ec7d7668.jpg?ver=1777290358\",\"width\":96,\"height\":96,\"caption\":\"El Digital de Asturias\"}},{\"@type\":\"WebPage\",\"@id\":\"https:\\\/\\\/www.eldigitaldeasturias.com\\\/noticias\\\/podemos-asturias-pregunta-a-que-se-dedica-el-presupuesto-del-sepepa\\\/#webpage\",\"url\":\"https:\\\/\\\/www.eldigitaldeasturias.com\\\/noticias\\\/podemos-asturias-pregunta-a-que-se-dedica-el-presupuesto-del-sepepa\\\/\",\"name\":\"Podemos Asturias pregunta a qu\\u00e9 se dedica el presupuesto del Sepepa - El Digital de Asturias\",\"description\":\"Podemos Asturias ha emitido este mi\\u00e9rcoles un comunicado en el que se pregunta \\\"\\u00bfa qu\\u00e9 se destinan los 89 millones de euros anuales que recibe el Servicio P\\u00fablico de Empleo (Sepepa)\\\" si tal y como afirma la directora de este organismo, Luisa P\\u00e9rez, \\\"no se encarga de buscar trabajo\\\". Adem\\u00e1s, desde esta formaci\\u00f3n se ha\",\"inLanguage\":\"es-ES\",\"isPartOf\":{\"@id\":\"https:\\\/\\\/www.eldigitaldeasturias.com\\\/noticias\\\/#website\"},\"breadcrumb\":{\"@id\":\"https:\\\/\\\/www.eldigitaldeasturias.com\\\/noticias\\\/podemos-asturias-pregunta-a-que-se-dedica-el-presupuesto-del-sepepa\\\/#breadcrumblist\"},\"author\":{\"@id\":\"https:\\\/\\\/www.eldigitaldeasturias.com\\\/noticias\\\/author\\\/admin\\\/#author\"},\"creator\":{\"@id\":\"https:\\\/\\\/www.eldigitaldeasturias.com\\\/noticias\\\/author\\\/admin\\\/#author\"},\"image\":{\"@type\":\"ImageObject\",\"url\":\"https:\\\/\\\/www.eldigitaldeasturias.com\\\/noticias\\\/wp-content\\\/uploads\\\/2015\\\/01\\\/paro.jpg\",\"@id\":\"https:\\\/\\\/www.eldigitaldeasturias.com\\\/noticias\\\/podemos-asturias-pregunta-a-que-se-dedica-el-presupuesto-del-sepepa\\\/#mainImage\",\"width\":800,\"height\":533},\"primaryImageOfPage\":{\"@id\":\"https:\\\/\\\/www.eldigitaldeasturias.com\\\/noticias\\\/podemos-asturias-pregunta-a-que-se-dedica-el-presupuesto-del-sepepa\\\/#mainImage\"},\"datePublished\":\"2016-02-03T20:29:11+01:00\",\"dateModified\":\"2016-02-03T20:29:11+01:00\"},{\"@type\":\"WebSite\",\"@id\":\"https:\\\/\\\/www.eldigitaldeasturias.com\\\/noticias\\\/#website\",\"url\":\"https:\\\/\\\/www.eldigitaldeasturias.com\\\/noticias\\\/\",\"name\":\"El Digital de Asturias - Diario de actualidad y noticias\",\"alternateName\":\"El Digital de Asturias - Diario de actualidad y noticias\",\"description\":\"Hemeroteca\",\"inLanguage\":\"es-ES\",\"publisher\":{\"@id\":\"https:\\\/\\\/www.eldigitaldeasturias.com\\\/noticias\\\/#organization\"}}]}\n\t\t<\/script>\n\t\t<!-- All in One SEO Pro -->\r\n\t\t<title>Podemos Asturias pregunta a qu\u00e9 se dedica el presupuesto del Sepepa - El Digital de Asturias<\/title>\n\n","aioseo_head_json":{"title":"Podemos Asturias pregunta a qu\u00e9 se dedica el presupuesto del Sepepa - El Digital de Asturias","description":"Podemos Asturias ha emitido este mi\u00e9rcoles un comunicado en el que se pregunta \"\u00bfa qu\u00e9 se destinan los 89 millones de euros anuales que recibe el Servicio P\u00fablico de Empleo (Sepepa)\" si tal y como afirma la directora de este organismo, Luisa P\u00e9rez, \"no se encarga de buscar trabajo\". Adem\u00e1s, desde esta formaci\u00f3n se ha","canonical_url":"https:\/\/www.eldigitaldeasturias.com\/noticias\/podemos-asturias-pregunta-a-que-se-dedica-el-presupuesto-del-sepepa\/","robots":"max-image-preview:large","keywords":"actualidad asturias","webmasterTools":{"google-site-verification":"UA-38556648-1","msvalidate.01":"7dfe9f3f1b24437ab69f4f2559babe99","miscellaneous":""},"schema":{"@context":"https:\/\/schema.org","@graph":[{"@type":"BlogPosting","@id":"https:\/\/www.eldigitaldeasturias.com\/noticias\/podemos-asturias-pregunta-a-que-se-dedica-el-presupuesto-del-sepepa\/#blogposting","name":"Podemos Asturias pregunta a qu\u00e9 se dedica el presupuesto del Sepepa - El Digital de Asturias","headline":"Podemos Asturias pregunta a qu\u00e9 se dedica el presupuesto del Sepepa","author":{"@id":"https:\/\/www.eldigitaldeasturias.com\/noticias\/author\/admin\/#author"},"publisher":{"@id":"https:\/\/www.eldigitaldeasturias.com\/noticias\/#organization"},"image":{"@type":"ImageObject","url":"https:\/\/www.eldigitaldeasturias.com\/noticias\/wp-content\/uploads\/2015\/01\/paro.jpg","width":800,"height":533},"datePublished":"2016-02-03T20:29:11+01:00","dateModified":"2016-02-03T20:29:11+01:00","inLanguage":"es-ES","mainEntityOfPage":{"@id":"https:\/\/www.eldigitaldeasturias.com\/noticias\/podemos-asturias-pregunta-a-que-se-dedica-el-presupuesto-del-sepepa\/#webpage"},"isPartOf":{"@id":"https:\/\/www.eldigitaldeasturias.com\/noticias\/podemos-asturias-pregunta-a-que-se-dedica-el-presupuesto-del-sepepa\/#webpage"},"articleSection":"Actualidad Asturias"},{"@type":"BreadcrumbList","@id":"https:\/\/www.eldigitaldeasturias.com\/noticias\/podemos-asturias-pregunta-a-que-se-dedica-el-presupuesto-del-sepepa\/#breadcrumblist","itemListElement":[{"@type":"ListItem","@id":"https:\/\/www.eldigitaldeasturias.com\/noticias#listItem","position":1,"name":"Home","item":"https:\/\/www.eldigitaldeasturias.com\/noticias","nextItem":{"@type":"ListItem","@id":"https:\/\/www.eldigitaldeasturias.com\/noticias\/category\/actualidad-asturias\/#listItem","name":"Actualidad Asturias"}},{"@type":"ListItem","@id":"https:\/\/www.eldigitaldeasturias.com\/noticias\/category\/actualidad-asturias\/#listItem","position":2,"name":"Actualidad Asturias","item":"https:\/\/www.eldigitaldeasturias.com\/noticias\/category\/actualidad-asturias\/","nextItem":{"@type":"ListItem","@id":"https:\/\/www.eldigitaldeasturias.com\/noticias\/podemos-asturias-pregunta-a-que-se-dedica-el-presupuesto-del-sepepa\/#listItem","name":"Podemos Asturias pregunta a qu\u00e9 se dedica el presupuesto del Sepepa"},"previousItem":{"@type":"ListItem","@id":"https:\/\/www.eldigitaldeasturias.com\/noticias#listItem","name":"Home"}},{"@type":"ListItem","@id":"https:\/\/www.eldigitaldeasturias.com\/noticias\/podemos-asturias-pregunta-a-que-se-dedica-el-presupuesto-del-sepepa\/#listItem","position":3,"name":"Podemos Asturias pregunta a qu\u00e9 se dedica el presupuesto del Sepepa","previousItem":{"@type":"ListItem","@id":"https:\/\/www.eldigitaldeasturias.com\/noticias\/category\/actualidad-asturias\/#listItem","name":"Actualidad Asturias"}}]},{"@type":"Organization","@id":"https:\/\/www.eldigitaldeasturias.com\/noticias\/#organization","name":"El Digital de Asturias","description":"Hemeroteca","url":"https:\/\/www.eldigitaldeasturias.com\/noticias\/","email":"info@eldigitaldeasturias.com","telephone":"+34652131393","logo":{"@type":"ImageObject","url":"https:\/\/www.eldigitaldeasturias.com\/noticias\/wp-content\/uploads\/2020\/12\/EDA.jpg","@id":"https:\/\/www.eldigitaldeasturias.com\/noticias\/podemos-asturias-pregunta-a-que-se-dedica-el-presupuesto-del-sepepa\/#organizationLogo","width":649,"height":297},"image":{"@id":"https:\/\/www.eldigitaldeasturias.com\/noticias\/podemos-asturias-pregunta-a-que-se-dedica-el-presupuesto-del-sepepa\/#organizationLogo"},"sameAs":["https:\/\/facebook.com\/eldigitaldeasturias","https:\/\/www.youtube.com\/channel\/UCZP-2wLEB9Rv6erhFmqVnvg"],"address":{"@id":"https:\/\/www.eldigitaldeasturias.com\/noticias\/#postaladdress","@type":"PostalAddress","streetAddress":"san antonio 4,","postalCode":"33430","addressLocality":"Cand\u00e1s","addressRegion":"Asturias","addressCountry":"ES"}},{"@type":"Person","@id":"https:\/\/www.eldigitaldeasturias.com\/noticias\/author\/admin\/#author","url":"https:\/\/www.eldigitaldeasturias.com\/noticias\/author\/admin\/","name":"El Digital de Asturias","image":{"@type":"ImageObject","@id":"https:\/\/www.eldigitaldeasturias.com\/noticias\/podemos-asturias-pregunta-a-que-se-dedica-el-presupuesto-del-sepepa\/#authorImage","url":"https:\/\/www.eldigitaldeasturias.com\/noticias\/wp-content\/litespeed\/avatar\/18677e78aa0546b92d9dbf31ec7d7668.jpg?ver=1777290358","width":96,"height":96,"caption":"El Digital de Asturias"}},{"@type":"WebPage","@id":"https:\/\/www.eldigitaldeasturias.com\/noticias\/podemos-asturias-pregunta-a-que-se-dedica-el-presupuesto-del-sepepa\/#webpage","url":"https:\/\/www.eldigitaldeasturias.com\/noticias\/podemos-asturias-pregunta-a-que-se-dedica-el-presupuesto-del-sepepa\/","name":"Podemos Asturias pregunta a qu\u00e9 se dedica el presupuesto del Sepepa - El Digital de Asturias","description":"Podemos Asturias ha emitido este mi\u00e9rcoles un comunicado en el que se pregunta \"\u00bfa qu\u00e9 se destinan los 89 millones de euros anuales que recibe el Servicio P\u00fablico de Empleo (Sepepa)\" si tal y como afirma la directora de este organismo, Luisa P\u00e9rez, \"no se encarga de buscar trabajo\". Adem\u00e1s, desde esta formaci\u00f3n se ha","inLanguage":"es-ES","isPartOf":{"@id":"https:\/\/www.eldigitaldeasturias.com\/noticias\/#website"},"breadcrumb":{"@id":"https:\/\/www.eldigitaldeasturias.com\/noticias\/podemos-asturias-pregunta-a-que-se-dedica-el-presupuesto-del-sepepa\/#breadcrumblist"},"author":{"@id":"https:\/\/www.eldigitaldeasturias.com\/noticias\/author\/admin\/#author"},"creator":{"@id":"https:\/\/www.eldigitaldeasturias.com\/noticias\/author\/admin\/#author"},"image":{"@type":"ImageObject","url":"https:\/\/www.eldigitaldeasturias.com\/noticias\/wp-content\/uploads\/2015\/01\/paro.jpg","@id":"https:\/\/www.eldigitaldeasturias.com\/noticias\/podemos-asturias-pregunta-a-que-se-dedica-el-presupuesto-del-sepepa\/#mainImage","width":800,"height":533},"primaryImageOfPage":{"@id":"https:\/\/www.eldigitaldeasturias.com\/noticias\/podemos-asturias-pregunta-a-que-se-dedica-el-presupuesto-del-sepepa\/#mainImage"},"datePublished":"2016-02-03T20:29:11+01:00","dateModified":"2016-02-03T20:29:11+01:00"},{"@type":"WebSite","@id":"https:\/\/www.eldigitaldeasturias.com\/noticias\/#website","url":"https:\/\/www.eldigitaldeasturias.com\/noticias\/","name":"El Digital de Asturias - Diario de actualidad y noticias","alternateName":"El Digital de Asturias - Diario de actualidad y noticias","description":"Hemeroteca","inLanguage":"es-ES","publisher":{"@id":"https:\/\/www.eldigitaldeasturias.com\/noticias\/#organization"}}]},"og:locale":"es_ES","og:site_name":"El Digital de Asturias","og:type":"article","og:title":"Podemos Asturias pregunta a qu\u00e9 se dedica el presupuesto del Sepepa - El Digital de Asturias","og:description":"Podemos Asturias ha emitido este mi\u00e9rcoles un comunicado en el que se pregunta &quot;\u00bfa qu\u00e9 se destinan los 89 millones de euros anuales que recibe el Servicio P\u00fablico de Empleo (Sepepa)&quot; si tal y como afirma la directora de este organismo, Luisa P\u00e9rez, &quot;no se encarga de buscar trabajo&quot;. Adem\u00e1s, desde esta formaci\u00f3n se ha","og:url":"https:\/\/www.eldigitaldeasturias.com\/noticias\/podemos-asturias-pregunta-a-que-se-dedica-el-presupuesto-del-sepepa\/","og:image":"https:\/\/www.eldigitaldeasturias.com\/noticias\/wp-content\/uploads\/2015\/01\/paro.jpg","og:image:secure_url":"https:\/\/www.eldigitaldeasturias.com\/noticias\/wp-content\/uploads\/2015\/01\/paro.jpg","og:image:width":800,"og:image:height":533,"article:tag":["actualidad asturias"],"article:published_time":"2016-02-03T20:29:11+00:00","article:modified_time":"2016-02-03T20:29:11+00:00","article:publisher":"https:\/\/facebook.com\/eldigitaldeasturias","twitter:card":"summary_large_image","twitter:title":"Podemos Asturias pregunta a qu\u00e9 se dedica el presupuesto del Sepepa - El Digital de Asturias","twitter:description":"Podemos Asturias ha emitido este mi\u00e9rcoles un comunicado en el que se pregunta &quot;\u00bfa qu\u00e9 se destinan los 89 millones de euros anuales que recibe el Servicio P\u00fablico de Empleo (Sepepa)&quot; si tal y como afirma la directora de este organismo, Luisa P\u00e9rez, &quot;no se encarga de buscar trabajo&quot;. Adem\u00e1s, desde esta formaci\u00f3n se ha","twitter:image":"https:\/\/www.eldigitaldeasturias.com\/noticias\/wp-content\/uploads\/2015\/01\/paro.jpg","twitter:label1":"Escrito por","twitter:data1":"El Digital de Asturias","twitter:label2":"Tiempo de lectura estimado","twitter:data2":"1 minuto"},"aioseo_meta_data":{"post_id":"853611","title":null,"description":null,"keywords":null,"keyphrases":null,"primary_term":null,"canonical_url":null,"og_title":null,"og_description":null,"og_object_type":"default","og_image_type":"default","og_image_url":null,"og_image_width":null,"og_image_height":null,"og_image_custom_url":null,"og_image_custom_fields":null,"og_video":null,"og_custom_url":null,"og_article_section":null,"og_article_tags":null,"twitter_use_og":false,"twitter_card":"default","twitter_image_type":"default","twitter_image_url":null,"twitter_image_custom_url":null,"twitter_image_custom_fields":null,"twitter_title":null,"twitter_description":null,"schema":{"blockGraphs":[],"customGraphs":[],"default":{"data":{"Article":[],"Course":[],"Dataset":[],"FAQPage":[],"Movie":[],"Person":[],"Product":[],"ProductReview":[],"Car":[],"Recipe":[],"Service":[],"SoftwareApplication":[],"WebPage":[]},"graphName":"","isEnabled":true},"graphs":[],"defaultGraph":"","defaultPostTypeGraph":""},"schema_type":null,"schema_type_options":null,"pillar_content":false,"robots_default":true,"robots_noindex":false,"robots_noarchive":false,"robots_nosnippet":false,"robots_nofollow":false,"robots_noimageindex":false,"robots_noodp":false,"robots_notranslate":false,"robots_max_snippet":null,"robots_max_videopreview":null,"robots_max_imagepreview":"large","priority":null,"frequency":null,"local_seo":null,"seo_analyzer_scan_date":"2025-12-09 18:46:16","breadcrumb_settings":null,"limit_modified_date":false,"open_ai":null,"ai":null,"created":"2021-01-23 14:10:14","updated":"2025-12-09 18:46:16"},"aioseo_breadcrumb":"<div class=\"aioseo-breadcrumbs\"><span class=\"aioseo-breadcrumb\">\n\t<a href=\"https:\/\/www.eldigitaldeasturias.com\/noticias\" title=\"Home\">Home<\/a>\n<\/span><span class=\"aioseo-breadcrumb-separator\">\u2013<\/span><span class=\"aioseo-breadcrumb\">\n\t<a href=\"https:\/\/www.eldigitaldeasturias.com\/noticias\/category\/actualidad-asturias\/\" title=\"Actualidad Asturias\">Actualidad Asturias<\/a>\n<\/span><span class=\"aioseo-breadcrumb-separator\">\u2013<\/span><span class=\"aioseo-breadcrumb\">\n\t<a href=\"https:\/\/www.eldigitaldeasturias.com\/noticias\/podemos-asturias-pregunta-a-que-se-dedica-el-presupuesto-del-sepepa\/\" title=\"Podemos Asturias pregunta a qu\u00e9 se dedica el presupuesto del Sepepa\">Podemos Asturias pregunta a qu\u00e9 se dedica el presupuesto del Sepepa<\/a>\n<\/span><\/div>","aioseo_breadcrumb_json":[{"label":"Home","link":"https:\/\/www.eldigitaldeasturias.com\/noticias"},{"label":"Actualidad Asturias","link":"https:\/\/www.eldigitaldeasturias.com\/noticias\/category\/actualidad-asturias\/"},{"label":"Podemos Asturias pregunta a qu\u00e9 se dedica el presupuesto del Sepepa","link":"https:\/\/www.eldigitaldeasturias.com\/noticias\/podemos-asturias-pregunta-a-que-se-dedica-el-presupuesto-del-sepepa\/"}],"_links":{"self":[{"href":"https:\/\/www.eldigitaldeasturias.com\/noticias\/wp-json\/wp\/v2\/posts\/853611","targetHints":{"allow":["GET"]}}],"collection":[{"href":"https:\/\/www.eldigitaldeasturias.com\/noticias\/wp-json\/wp\/v2\/posts"}],"about":[{"href":"https:\/\/www.eldigitaldeasturias.com\/noticias\/wp-json\/wp\/v2\/types\/post"}],"author":[{"embeddable":true,"href":"https:\/\/www.eldigitaldeasturias.com\/noticias\/wp-json\/wp\/v2\/users\/1"}],"replies":[{"embeddable":true,"href":"https:\/\/www.eldigitaldeasturias.com\/noticias\/wp-json\/wp\/v2\/comments?post=853611"}],"version-history":[{"count":0,"href":"https:\/\/www.eldigitaldeasturias.com\/noticias\/wp-json\/wp\/v2\/posts\/853611\/revisions"}],"wp:featuredmedia":[{"embeddable":true,"href":"https:\/\/www.eldigitaldeasturias.com\/noticias\/wp-json\/wp\/v2\/media\/765818"}],"wp:attachment":[{"href":"https:\/\/www.eldigitaldeasturias.com\/noticias\/wp-json\/wp\/v2\/media?parent=853611"}],"wp:term":[{"taxonomy":"category","embeddable":true,"href":"https:\/\/www.eldigitaldeasturias.com\/noticias\/wp-json\/wp\/v2\/categories?post=853611"},{"taxonomy":"post_tag","embeddable":true,"href":"https:\/\/www.eldigitaldeasturias.com\/noticias\/wp-json\/wp\/v2\/tags?post=853611"}],"curies":[{"name":"wp","href":"https:\/\/api.w.org\/{rel}","templated":true}]}}