{"id":853609,"date":"2016-02-03T20:27:37","date_gmt":"2016-02-03T20:27:37","guid":{"rendered":"http:\/\/www.eldigitaldeasturias.com\/noticias\/?p=853609"},"modified":"2016-02-03T20:27:37","modified_gmt":"2016-02-03T20:27:37","slug":"un-incendio-causa-desperfectos-en-una-vivienda-en-penamellera-baja","status":"publish","type":"post","link":"https:\/\/www.eldigitaldeasturias.com\/noticias\/un-incendio-causa-desperfectos-en-una-vivienda-en-penamellera-baja\/","title":{"rendered":"Un incendio causa desperfectos en una vivienda en Pe\u00f1amellera Baja"},"content":{"rendered":"<p><img loading=\"lazy\" decoding=\"async\" class=\"alignleft size-medium wp-image-792637\" src=\"https:\/\/www.eldigitaldeasturias.com\/noticias\/wp-content\/uploads\/2015\/06\/bomberos-360x198.jpg\" alt=\"bomberos\" width=\"360\" height=\"198\" srcset=\"https:\/\/www.eldigitaldeasturias.com\/noticias\/wp-content\/uploads\/2015\/06\/bomberos-360x198.jpg 360w, https:\/\/www.eldigitaldeasturias.com\/noticias\/wp-content\/uploads\/2015\/06\/bomberos-650x357.jpg 650w, https:\/\/www.eldigitaldeasturias.com\/noticias\/wp-content\/uploads\/2015\/06\/bomberos.jpg 655w\" sizes=\"auto, (max-width: 360px) 100vw, 360px\" \/>Un incendio ha causado desperfectos en la chimenea, la viga y unas placas aislantes de una vivienda de Panes (Pe\u00f1amellera Baja), seg\u00fan han informado fuentes del Servicio de Emergencias (SEPA).<\/p>\n<p>Seis efectivos del Parque de Bomberos de Llanes han extinguido el fuego, que no ha ocasionado da\u00f1os personales. El Centro de Coordinaci\u00f3n de Emergencias recibi\u00f3 la llamada de aviso del propietario de la vivienda a las 16,07 horas. El incendio se origin\u00f3 en una de las vigas de madera de la casa, de tres plantas.<\/p>\n<p>De inmediato se moviliz\u00f3 al parque de bomberos con base en Llanes,<\/p>\n<p>desde el que se desplazaron al lugar del incendio seis efectivos con un veh\u00edculo primera salida urbana y una autobomba forestal ligera. Tambi\u00e9n se moviliz\u00f3 a un bombero del Sepa con base en el Parque de Cangas de On\u00eds, aunque no tuvo que intervenir, y se dio aviso a la Guardia Civil, a servicios sanitarios, al jefe de zona y al jefe supervisor de bomberos del Sepa. El fuego se declar\u00f3 extinguido a las 17.15 horas.<\/p>\n","protected":false},"excerpt":{"rendered":"<p>Un incendio ha causado desperfectos en la chimenea, la viga y unas placas aislantes de una vivienda de Panes (Pe\u00f1amellera Baja), seg\u00fan han informado fuentes del Servicio de Emergencias (SEPA). Seis efectivos del Parque de Bomberos de Llanes han extinguido el fuego, que no ha ocasionado da\u00f1os personales. El Centro de Coordinaci\u00f3n de Emergencias recibi\u00f3 [&hellip;]<\/p>\n","protected":false},"author":1,"featured_media":792637,"comment_status":"closed","ping_status":"closed","sticky":false,"template":"","format":"standard","meta":{"footnotes":""},"categories":[5],"tags":[],"class_list":["post-853609","post","type-post","status-publish","format-standard","has-post-thumbnail","hentry","category-sucesos"],"aioseo_notices":[],"aioseo_head":"\n\t\t<!-- All in One SEO Pro 4.9.6.2 - aioseo.com -->\n\t<meta name=\"description\" content=\"Un incendio ha causado desperfectos en la chimenea, la viga y unas placas aislantes de una vivienda de Panes (Pe\u00f1amellera Baja), seg\u00fan han informado fuentes del Servicio de Emergencias (SEPA). Seis efectivos del Parque de Bomberos de Llanes han extinguido el fuego, que no ha ocasionado da\u00f1os personales. El Centro de Coordinaci\u00f3n de Emergencias recibi\u00f3\" \/>\n\t<meta name=\"robots\" content=\"max-image-preview:large\" \/>\n\t<meta name=\"author\" content=\"El Digital de Asturias\"\/>\n\t<meta name=\"google-site-verification\" content=\"UA-38556648-1\" \/>\n\t<meta name=\"msvalidate.01\" content=\"7dfe9f3f1b24437ab69f4f2559babe99\" \/>\n\t<meta name=\"keywords\" content=\"sucesos\" \/>\n\t<link rel=\"canonical\" href=\"https:\/\/www.eldigitaldeasturias.com\/noticias\/un-incendio-causa-desperfectos-en-una-vivienda-en-penamellera-baja\/\" \/>\n\t<meta name=\"generator\" content=\"All in One SEO Pro (AIOSEO) 4.9.6.2\" \/>\n\t\t<meta property=\"og:locale\" content=\"es_ES\" \/>\n\t\t<meta property=\"og:site_name\" content=\"El Digital de Asturias\" \/>\n\t\t<meta property=\"og:type\" content=\"article\" \/>\n\t\t<meta property=\"og:title\" content=\"Un incendio causa desperfectos en una vivienda en Pe\u00f1amellera Baja - El Digital de Asturias\" \/>\n\t\t<meta property=\"og:description\" content=\"Un incendio ha causado desperfectos en la chimenea, la viga y unas placas aislantes de una vivienda de Panes (Pe\u00f1amellera Baja), seg\u00fan han informado fuentes del Servicio de Emergencias (SEPA). Seis efectivos del Parque de Bomberos de Llanes han extinguido el fuego, que no ha ocasionado da\u00f1os personales. El Centro de Coordinaci\u00f3n de Emergencias recibi\u00f3\" \/>\n\t\t<meta property=\"og:url\" content=\"https:\/\/www.eldigitaldeasturias.com\/noticias\/un-incendio-causa-desperfectos-en-una-vivienda-en-penamellera-baja\/\" \/>\n\t\t<meta property=\"og:image\" content=\"https:\/\/www.eldigitaldeasturias.com\/noticias\/wp-content\/uploads\/2015\/06\/bomberos.jpg\" \/>\n\t\t<meta property=\"og:image:secure_url\" content=\"https:\/\/www.eldigitaldeasturias.com\/noticias\/wp-content\/uploads\/2015\/06\/bomberos.jpg\" \/>\n\t\t<meta property=\"og:image:width\" content=\"655\" \/>\n\t\t<meta property=\"og:image:height\" content=\"360\" \/>\n\t\t<meta property=\"article:tag\" content=\"sucesos\" \/>\n\t\t<meta property=\"article:published_time\" content=\"2016-02-03T20:27:37+00:00\" \/>\n\t\t<meta property=\"article:modified_time\" content=\"2016-02-03T20:27:37+00:00\" \/>\n\t\t<meta property=\"article:publisher\" content=\"https:\/\/facebook.com\/eldigitaldeasturias\" \/>\n\t\t<meta name=\"twitter:card\" content=\"summary_large_image\" \/>\n\t\t<meta name=\"twitter:title\" content=\"Un incendio causa desperfectos en una vivienda en Pe\u00f1amellera Baja - El Digital de Asturias\" \/>\n\t\t<meta name=\"twitter:description\" content=\"Un incendio ha causado desperfectos en la chimenea, la viga y unas placas aislantes de una vivienda de Panes (Pe\u00f1amellera Baja), seg\u00fan han informado fuentes del Servicio de Emergencias (SEPA). Seis efectivos del Parque de Bomberos de Llanes han extinguido el fuego, que no ha ocasionado da\u00f1os personales. El Centro de Coordinaci\u00f3n de Emergencias recibi\u00f3\" \/>\n\t\t<meta name=\"twitter:image\" content=\"https:\/\/www.eldigitaldeasturias.com\/noticias\/wp-content\/uploads\/2015\/06\/bomberos.jpg\" \/>\n\t\t<meta name=\"twitter:label1\" content=\"Escrito por\" \/>\n\t\t<meta name=\"twitter:data1\" content=\"El Digital de Asturias\" \/>\n\t\t<meta name=\"twitter:label2\" content=\"Tiempo de lectura estimado\" \/>\n\t\t<meta name=\"twitter:data2\" content=\"1 minuto\" \/>\n\t\t<script type=\"application\/ld+json\" class=\"aioseo-schema\">\n\t\t\t{\"@context\":\"https:\\\/\\\/schema.org\",\"@graph\":[{\"@type\":\"BlogPosting\",\"@id\":\"https:\\\/\\\/www.eldigitaldeasturias.com\\\/noticias\\\/un-incendio-causa-desperfectos-en-una-vivienda-en-penamellera-baja\\\/#blogposting\",\"name\":\"Un incendio causa desperfectos en una vivienda en Pe\\u00f1amellera Baja - El Digital de Asturias\",\"headline\":\"Un incendio causa desperfectos en una vivienda en Pe\\u00f1amellera Baja\",\"author\":{\"@id\":\"https:\\\/\\\/www.eldigitaldeasturias.com\\\/noticias\\\/author\\\/admin\\\/#author\"},\"publisher\":{\"@id\":\"https:\\\/\\\/www.eldigitaldeasturias.com\\\/noticias\\\/#organization\"},\"image\":{\"@type\":\"ImageObject\",\"url\":\"https:\\\/\\\/www.eldigitaldeasturias.com\\\/noticias\\\/wp-content\\\/uploads\\\/2015\\\/06\\\/bomberos.jpg\",\"width\":655,\"height\":360},\"datePublished\":\"2016-02-03T20:27:37+01:00\",\"dateModified\":\"2016-02-03T20:27:37+01:00\",\"inLanguage\":\"es-ES\",\"mainEntityOfPage\":{\"@id\":\"https:\\\/\\\/www.eldigitaldeasturias.com\\\/noticias\\\/un-incendio-causa-desperfectos-en-una-vivienda-en-penamellera-baja\\\/#webpage\"},\"isPartOf\":{\"@id\":\"https:\\\/\\\/www.eldigitaldeasturias.com\\\/noticias\\\/un-incendio-causa-desperfectos-en-una-vivienda-en-penamellera-baja\\\/#webpage\"},\"articleSection\":\"Sucesos\"},{\"@type\":\"BreadcrumbList\",\"@id\":\"https:\\\/\\\/www.eldigitaldeasturias.com\\\/noticias\\\/un-incendio-causa-desperfectos-en-una-vivienda-en-penamellera-baja\\\/#breadcrumblist\",\"itemListElement\":[{\"@type\":\"ListItem\",\"@id\":\"https:\\\/\\\/www.eldigitaldeasturias.com\\\/noticias#listItem\",\"position\":1,\"name\":\"Home\",\"item\":\"https:\\\/\\\/www.eldigitaldeasturias.com\\\/noticias\",\"nextItem\":{\"@type\":\"ListItem\",\"@id\":\"https:\\\/\\\/www.eldigitaldeasturias.com\\\/noticias\\\/category\\\/sucesos\\\/#listItem\",\"name\":\"Sucesos\"}},{\"@type\":\"ListItem\",\"@id\":\"https:\\\/\\\/www.eldigitaldeasturias.com\\\/noticias\\\/category\\\/sucesos\\\/#listItem\",\"position\":2,\"name\":\"Sucesos\",\"item\":\"https:\\\/\\\/www.eldigitaldeasturias.com\\\/noticias\\\/category\\\/sucesos\\\/\",\"nextItem\":{\"@type\":\"ListItem\",\"@id\":\"https:\\\/\\\/www.eldigitaldeasturias.com\\\/noticias\\\/un-incendio-causa-desperfectos-en-una-vivienda-en-penamellera-baja\\\/#listItem\",\"name\":\"Un incendio causa desperfectos en una vivienda en Pe\\u00f1amellera Baja\"},\"previousItem\":{\"@type\":\"ListItem\",\"@id\":\"https:\\\/\\\/www.eldigitaldeasturias.com\\\/noticias#listItem\",\"name\":\"Home\"}},{\"@type\":\"ListItem\",\"@id\":\"https:\\\/\\\/www.eldigitaldeasturias.com\\\/noticias\\\/un-incendio-causa-desperfectos-en-una-vivienda-en-penamellera-baja\\\/#listItem\",\"position\":3,\"name\":\"Un incendio causa desperfectos en una vivienda en Pe\\u00f1amellera Baja\",\"previousItem\":{\"@type\":\"ListItem\",\"@id\":\"https:\\\/\\\/www.eldigitaldeasturias.com\\\/noticias\\\/category\\\/sucesos\\\/#listItem\",\"name\":\"Sucesos\"}}]},{\"@type\":\"Organization\",\"@id\":\"https:\\\/\\\/www.eldigitaldeasturias.com\\\/noticias\\\/#organization\",\"name\":\"El Digital de Asturias\",\"description\":\"Hemeroteca\",\"url\":\"https:\\\/\\\/www.eldigitaldeasturias.com\\\/noticias\\\/\",\"email\":\"info@eldigitaldeasturias.com\",\"telephone\":\"+34652131393\",\"logo\":{\"@type\":\"ImageObject\",\"url\":\"https:\\\/\\\/www.eldigitaldeasturias.com\\\/noticias\\\/wp-content\\\/uploads\\\/2020\\\/12\\\/EDA.jpg\",\"@id\":\"https:\\\/\\\/www.eldigitaldeasturias.com\\\/noticias\\\/un-incendio-causa-desperfectos-en-una-vivienda-en-penamellera-baja\\\/#organizationLogo\",\"width\":649,\"height\":297},\"image\":{\"@id\":\"https:\\\/\\\/www.eldigitaldeasturias.com\\\/noticias\\\/un-incendio-causa-desperfectos-en-una-vivienda-en-penamellera-baja\\\/#organizationLogo\"},\"sameAs\":[\"https:\\\/\\\/facebook.com\\\/eldigitaldeasturias\",\"https:\\\/\\\/www.youtube.com\\\/channel\\\/UCZP-2wLEB9Rv6erhFmqVnvg\"],\"address\":{\"@id\":\"https:\\\/\\\/www.eldigitaldeasturias.com\\\/noticias\\\/#postaladdress\",\"@type\":\"PostalAddress\",\"streetAddress\":\"san antonio 4,\",\"postalCode\":\"33430\",\"addressLocality\":\"Cand\\u00e1s\",\"addressRegion\":\"Asturias\",\"addressCountry\":\"ES\"}},{\"@type\":\"Person\",\"@id\":\"https:\\\/\\\/www.eldigitaldeasturias.com\\\/noticias\\\/author\\\/admin\\\/#author\",\"url\":\"https:\\\/\\\/www.eldigitaldeasturias.com\\\/noticias\\\/author\\\/admin\\\/\",\"name\":\"El Digital de Asturias\",\"image\":{\"@type\":\"ImageObject\",\"@id\":\"https:\\\/\\\/www.eldigitaldeasturias.com\\\/noticias\\\/un-incendio-causa-desperfectos-en-una-vivienda-en-penamellera-baja\\\/#authorImage\",\"url\":\"https:\\\/\\\/www.eldigitaldeasturias.com\\\/noticias\\\/wp-content\\\/litespeed\\\/avatar\\\/18677e78aa0546b92d9dbf31ec7d7668.jpg?ver=1777290358\",\"width\":96,\"height\":96,\"caption\":\"El Digital de Asturias\"}},{\"@type\":\"WebPage\",\"@id\":\"https:\\\/\\\/www.eldigitaldeasturias.com\\\/noticias\\\/un-incendio-causa-desperfectos-en-una-vivienda-en-penamellera-baja\\\/#webpage\",\"url\":\"https:\\\/\\\/www.eldigitaldeasturias.com\\\/noticias\\\/un-incendio-causa-desperfectos-en-una-vivienda-en-penamellera-baja\\\/\",\"name\":\"Un incendio causa desperfectos en una vivienda en Pe\\u00f1amellera Baja - El Digital de Asturias\",\"description\":\"Un incendio ha causado desperfectos en la chimenea, la viga y unas placas aislantes de una vivienda de Panes (Pe\\u00f1amellera Baja), seg\\u00fan han informado fuentes del Servicio de Emergencias (SEPA). Seis efectivos del Parque de Bomberos de Llanes han extinguido el fuego, que no ha ocasionado da\\u00f1os personales. El Centro de Coordinaci\\u00f3n de Emergencias recibi\\u00f3\",\"inLanguage\":\"es-ES\",\"isPartOf\":{\"@id\":\"https:\\\/\\\/www.eldigitaldeasturias.com\\\/noticias\\\/#website\"},\"breadcrumb\":{\"@id\":\"https:\\\/\\\/www.eldigitaldeasturias.com\\\/noticias\\\/un-incendio-causa-desperfectos-en-una-vivienda-en-penamellera-baja\\\/#breadcrumblist\"},\"author\":{\"@id\":\"https:\\\/\\\/www.eldigitaldeasturias.com\\\/noticias\\\/author\\\/admin\\\/#author\"},\"creator\":{\"@id\":\"https:\\\/\\\/www.eldigitaldeasturias.com\\\/noticias\\\/author\\\/admin\\\/#author\"},\"image\":{\"@type\":\"ImageObject\",\"url\":\"https:\\\/\\\/www.eldigitaldeasturias.com\\\/noticias\\\/wp-content\\\/uploads\\\/2015\\\/06\\\/bomberos.jpg\",\"@id\":\"https:\\\/\\\/www.eldigitaldeasturias.com\\\/noticias\\\/un-incendio-causa-desperfectos-en-una-vivienda-en-penamellera-baja\\\/#mainImage\",\"width\":655,\"height\":360},\"primaryImageOfPage\":{\"@id\":\"https:\\\/\\\/www.eldigitaldeasturias.com\\\/noticias\\\/un-incendio-causa-desperfectos-en-una-vivienda-en-penamellera-baja\\\/#mainImage\"},\"datePublished\":\"2016-02-03T20:27:37+01:00\",\"dateModified\":\"2016-02-03T20:27:37+01:00\"},{\"@type\":\"WebSite\",\"@id\":\"https:\\\/\\\/www.eldigitaldeasturias.com\\\/noticias\\\/#website\",\"url\":\"https:\\\/\\\/www.eldigitaldeasturias.com\\\/noticias\\\/\",\"name\":\"El Digital de Asturias - Diario de actualidad y noticias\",\"alternateName\":\"El Digital de Asturias - Diario de actualidad y noticias\",\"description\":\"Hemeroteca\",\"inLanguage\":\"es-ES\",\"publisher\":{\"@id\":\"https:\\\/\\\/www.eldigitaldeasturias.com\\\/noticias\\\/#organization\"}}]}\n\t\t<\/script>\n\t\t<!-- All in One SEO Pro -->\r\n\t\t<title>Un incendio causa desperfectos en una vivienda en Pe\u00f1amellera Baja - El Digital de Asturias<\/title>\n\n","aioseo_head_json":{"title":"Un incendio causa desperfectos en una vivienda en Pe\u00f1amellera Baja - El Digital de Asturias","description":"Un incendio ha causado desperfectos en la chimenea, la viga y unas placas aislantes de una vivienda de Panes (Pe\u00f1amellera Baja), seg\u00fan han informado fuentes del Servicio de Emergencias (SEPA). Seis efectivos del Parque de Bomberos de Llanes han extinguido el fuego, que no ha ocasionado da\u00f1os personales. El Centro de Coordinaci\u00f3n de Emergencias recibi\u00f3","canonical_url":"https:\/\/www.eldigitaldeasturias.com\/noticias\/un-incendio-causa-desperfectos-en-una-vivienda-en-penamellera-baja\/","robots":"max-image-preview:large","keywords":"sucesos","webmasterTools":{"google-site-verification":"UA-38556648-1","msvalidate.01":"7dfe9f3f1b24437ab69f4f2559babe99","miscellaneous":""},"schema":{"@context":"https:\/\/schema.org","@graph":[{"@type":"BlogPosting","@id":"https:\/\/www.eldigitaldeasturias.com\/noticias\/un-incendio-causa-desperfectos-en-una-vivienda-en-penamellera-baja\/#blogposting","name":"Un incendio causa desperfectos en una vivienda en Pe\u00f1amellera Baja - El Digital de Asturias","headline":"Un incendio causa desperfectos en una vivienda en Pe\u00f1amellera Baja","author":{"@id":"https:\/\/www.eldigitaldeasturias.com\/noticias\/author\/admin\/#author"},"publisher":{"@id":"https:\/\/www.eldigitaldeasturias.com\/noticias\/#organization"},"image":{"@type":"ImageObject","url":"https:\/\/www.eldigitaldeasturias.com\/noticias\/wp-content\/uploads\/2015\/06\/bomberos.jpg","width":655,"height":360},"datePublished":"2016-02-03T20:27:37+01:00","dateModified":"2016-02-03T20:27:37+01:00","inLanguage":"es-ES","mainEntityOfPage":{"@id":"https:\/\/www.eldigitaldeasturias.com\/noticias\/un-incendio-causa-desperfectos-en-una-vivienda-en-penamellera-baja\/#webpage"},"isPartOf":{"@id":"https:\/\/www.eldigitaldeasturias.com\/noticias\/un-incendio-causa-desperfectos-en-una-vivienda-en-penamellera-baja\/#webpage"},"articleSection":"Sucesos"},{"@type":"BreadcrumbList","@id":"https:\/\/www.eldigitaldeasturias.com\/noticias\/un-incendio-causa-desperfectos-en-una-vivienda-en-penamellera-baja\/#breadcrumblist","itemListElement":[{"@type":"ListItem","@id":"https:\/\/www.eldigitaldeasturias.com\/noticias#listItem","position":1,"name":"Home","item":"https:\/\/www.eldigitaldeasturias.com\/noticias","nextItem":{"@type":"ListItem","@id":"https:\/\/www.eldigitaldeasturias.com\/noticias\/category\/sucesos\/#listItem","name":"Sucesos"}},{"@type":"ListItem","@id":"https:\/\/www.eldigitaldeasturias.com\/noticias\/category\/sucesos\/#listItem","position":2,"name":"Sucesos","item":"https:\/\/www.eldigitaldeasturias.com\/noticias\/category\/sucesos\/","nextItem":{"@type":"ListItem","@id":"https:\/\/www.eldigitaldeasturias.com\/noticias\/un-incendio-causa-desperfectos-en-una-vivienda-en-penamellera-baja\/#listItem","name":"Un incendio causa desperfectos en una vivienda en Pe\u00f1amellera Baja"},"previousItem":{"@type":"ListItem","@id":"https:\/\/www.eldigitaldeasturias.com\/noticias#listItem","name":"Home"}},{"@type":"ListItem","@id":"https:\/\/www.eldigitaldeasturias.com\/noticias\/un-incendio-causa-desperfectos-en-una-vivienda-en-penamellera-baja\/#listItem","position":3,"name":"Un incendio causa desperfectos en una vivienda en Pe\u00f1amellera Baja","previousItem":{"@type":"ListItem","@id":"https:\/\/www.eldigitaldeasturias.com\/noticias\/category\/sucesos\/#listItem","name":"Sucesos"}}]},{"@type":"Organization","@id":"https:\/\/www.eldigitaldeasturias.com\/noticias\/#organization","name":"El Digital de Asturias","description":"Hemeroteca","url":"https:\/\/www.eldigitaldeasturias.com\/noticias\/","email":"info@eldigitaldeasturias.com","telephone":"+34652131393","logo":{"@type":"ImageObject","url":"https:\/\/www.eldigitaldeasturias.com\/noticias\/wp-content\/uploads\/2020\/12\/EDA.jpg","@id":"https:\/\/www.eldigitaldeasturias.com\/noticias\/un-incendio-causa-desperfectos-en-una-vivienda-en-penamellera-baja\/#organizationLogo","width":649,"height":297},"image":{"@id":"https:\/\/www.eldigitaldeasturias.com\/noticias\/un-incendio-causa-desperfectos-en-una-vivienda-en-penamellera-baja\/#organizationLogo"},"sameAs":["https:\/\/facebook.com\/eldigitaldeasturias","https:\/\/www.youtube.com\/channel\/UCZP-2wLEB9Rv6erhFmqVnvg"],"address":{"@id":"https:\/\/www.eldigitaldeasturias.com\/noticias\/#postaladdress","@type":"PostalAddress","streetAddress":"san antonio 4,","postalCode":"33430","addressLocality":"Cand\u00e1s","addressRegion":"Asturias","addressCountry":"ES"}},{"@type":"Person","@id":"https:\/\/www.eldigitaldeasturias.com\/noticias\/author\/admin\/#author","url":"https:\/\/www.eldigitaldeasturias.com\/noticias\/author\/admin\/","name":"El Digital de Asturias","image":{"@type":"ImageObject","@id":"https:\/\/www.eldigitaldeasturias.com\/noticias\/un-incendio-causa-desperfectos-en-una-vivienda-en-penamellera-baja\/#authorImage","url":"https:\/\/www.eldigitaldeasturias.com\/noticias\/wp-content\/litespeed\/avatar\/18677e78aa0546b92d9dbf31ec7d7668.jpg?ver=1777290358","width":96,"height":96,"caption":"El Digital de Asturias"}},{"@type":"WebPage","@id":"https:\/\/www.eldigitaldeasturias.com\/noticias\/un-incendio-causa-desperfectos-en-una-vivienda-en-penamellera-baja\/#webpage","url":"https:\/\/www.eldigitaldeasturias.com\/noticias\/un-incendio-causa-desperfectos-en-una-vivienda-en-penamellera-baja\/","name":"Un incendio causa desperfectos en una vivienda en Pe\u00f1amellera Baja - El Digital de Asturias","description":"Un incendio ha causado desperfectos en la chimenea, la viga y unas placas aislantes de una vivienda de Panes (Pe\u00f1amellera Baja), seg\u00fan han informado fuentes del Servicio de Emergencias (SEPA). Seis efectivos del Parque de Bomberos de Llanes han extinguido el fuego, que no ha ocasionado da\u00f1os personales. El Centro de Coordinaci\u00f3n de Emergencias recibi\u00f3","inLanguage":"es-ES","isPartOf":{"@id":"https:\/\/www.eldigitaldeasturias.com\/noticias\/#website"},"breadcrumb":{"@id":"https:\/\/www.eldigitaldeasturias.com\/noticias\/un-incendio-causa-desperfectos-en-una-vivienda-en-penamellera-baja\/#breadcrumblist"},"author":{"@id":"https:\/\/www.eldigitaldeasturias.com\/noticias\/author\/admin\/#author"},"creator":{"@id":"https:\/\/www.eldigitaldeasturias.com\/noticias\/author\/admin\/#author"},"image":{"@type":"ImageObject","url":"https:\/\/www.eldigitaldeasturias.com\/noticias\/wp-content\/uploads\/2015\/06\/bomberos.jpg","@id":"https:\/\/www.eldigitaldeasturias.com\/noticias\/un-incendio-causa-desperfectos-en-una-vivienda-en-penamellera-baja\/#mainImage","width":655,"height":360},"primaryImageOfPage":{"@id":"https:\/\/www.eldigitaldeasturias.com\/noticias\/un-incendio-causa-desperfectos-en-una-vivienda-en-penamellera-baja\/#mainImage"},"datePublished":"2016-02-03T20:27:37+01:00","dateModified":"2016-02-03T20:27:37+01:00"},{"@type":"WebSite","@id":"https:\/\/www.eldigitaldeasturias.com\/noticias\/#website","url":"https:\/\/www.eldigitaldeasturias.com\/noticias\/","name":"El Digital de Asturias - Diario de actualidad y noticias","alternateName":"El Digital de Asturias - Diario de actualidad y noticias","description":"Hemeroteca","inLanguage":"es-ES","publisher":{"@id":"https:\/\/www.eldigitaldeasturias.com\/noticias\/#organization"}}]},"og:locale":"es_ES","og:site_name":"El Digital de Asturias","og:type":"article","og:title":"Un incendio causa desperfectos en una vivienda en Pe\u00f1amellera Baja - El Digital de Asturias","og:description":"Un incendio ha causado desperfectos en la chimenea, la viga y unas placas aislantes de una vivienda de Panes (Pe\u00f1amellera Baja), seg\u00fan han informado fuentes del Servicio de Emergencias (SEPA). Seis efectivos del Parque de Bomberos de Llanes han extinguido el fuego, que no ha ocasionado da\u00f1os personales. El Centro de Coordinaci\u00f3n de Emergencias recibi\u00f3","og:url":"https:\/\/www.eldigitaldeasturias.com\/noticias\/un-incendio-causa-desperfectos-en-una-vivienda-en-penamellera-baja\/","og:image":"https:\/\/www.eldigitaldeasturias.com\/noticias\/wp-content\/uploads\/2015\/06\/bomberos.jpg","og:image:secure_url":"https:\/\/www.eldigitaldeasturias.com\/noticias\/wp-content\/uploads\/2015\/06\/bomberos.jpg","og:image:width":655,"og:image:height":360,"article:tag":["sucesos"],"article:published_time":"2016-02-03T20:27:37+00:00","article:modified_time":"2016-02-03T20:27:37+00:00","article:publisher":"https:\/\/facebook.com\/eldigitaldeasturias","twitter:card":"summary_large_image","twitter:title":"Un incendio causa desperfectos en una vivienda en Pe\u00f1amellera Baja - El Digital de Asturias","twitter:description":"Un incendio ha causado desperfectos en la chimenea, la viga y unas placas aislantes de una vivienda de Panes (Pe\u00f1amellera Baja), seg\u00fan han informado fuentes del Servicio de Emergencias (SEPA). Seis efectivos del Parque de Bomberos de Llanes han extinguido el fuego, que no ha ocasionado da\u00f1os personales. El Centro de Coordinaci\u00f3n de Emergencias recibi\u00f3","twitter:image":"https:\/\/www.eldigitaldeasturias.com\/noticias\/wp-content\/uploads\/2015\/06\/bomberos.jpg","twitter:label1":"Escrito por","twitter:data1":"El Digital de Asturias","twitter:label2":"Tiempo de lectura estimado","twitter:data2":"1 minuto"},"aioseo_meta_data":{"post_id":"853609","title":null,"description":null,"keywords":null,"keyphrases":null,"primary_term":null,"canonical_url":null,"og_title":null,"og_description":null,"og_object_type":"default","og_image_type":"default","og_image_url":null,"og_image_width":null,"og_image_height":null,"og_image_custom_url":null,"og_image_custom_fields":null,"og_video":null,"og_custom_url":null,"og_article_section":null,"og_article_tags":null,"twitter_use_og":false,"twitter_card":"default","twitter_image_type":"default","twitter_image_url":null,"twitter_image_custom_url":null,"twitter_image_custom_fields":null,"twitter_title":null,"twitter_description":null,"schema":{"blockGraphs":[],"customGraphs":[],"default":{"data":{"Article":[],"Course":[],"Dataset":[],"FAQPage":[],"Movie":[],"Person":[],"Product":[],"ProductReview":[],"Car":[],"Recipe":[],"Service":[],"SoftwareApplication":[],"WebPage":[]},"graphName":"","isEnabled":true},"graphs":[],"defaultGraph":"","defaultPostTypeGraph":""},"schema_type":null,"schema_type_options":null,"pillar_content":false,"robots_default":true,"robots_noindex":false,"robots_noarchive":false,"robots_nosnippet":false,"robots_nofollow":false,"robots_noimageindex":false,"robots_noodp":false,"robots_notranslate":false,"robots_max_snippet":null,"robots_max_videopreview":null,"robots_max_imagepreview":"large","priority":null,"frequency":null,"local_seo":null,"seo_analyzer_scan_date":"2025-12-09 18:46:15","breadcrumb_settings":null,"limit_modified_date":false,"open_ai":null,"ai":null,"created":"2021-01-22 03:10:09","updated":"2025-12-09 18:46:15"},"aioseo_breadcrumb":"<div class=\"aioseo-breadcrumbs\"><span class=\"aioseo-breadcrumb\">\n\t<a href=\"https:\/\/www.eldigitaldeasturias.com\/noticias\" title=\"Home\">Home<\/a>\n<\/span><span class=\"aioseo-breadcrumb-separator\">\u2013<\/span><span class=\"aioseo-breadcrumb\">\n\t<a href=\"https:\/\/www.eldigitaldeasturias.com\/noticias\/category\/sucesos\/\" title=\"Sucesos\">Sucesos<\/a>\n<\/span><span class=\"aioseo-breadcrumb-separator\">\u2013<\/span><span class=\"aioseo-breadcrumb\">\n\t<a href=\"https:\/\/www.eldigitaldeasturias.com\/noticias\/un-incendio-causa-desperfectos-en-una-vivienda-en-penamellera-baja\/\" title=\"Un incendio causa desperfectos en una vivienda en Pe\u00f1amellera Baja\">Un incendio causa desperfectos en una vivienda en Pe\u00f1amellera Baja<\/a>\n<\/span><\/div>","aioseo_breadcrumb_json":[{"label":"Home","link":"https:\/\/www.eldigitaldeasturias.com\/noticias"},{"label":"Sucesos","link":"https:\/\/www.eldigitaldeasturias.com\/noticias\/category\/sucesos\/"},{"label":"Un incendio causa desperfectos en una vivienda en Pe\u00f1amellera Baja","link":"https:\/\/www.eldigitaldeasturias.com\/noticias\/un-incendio-causa-desperfectos-en-una-vivienda-en-penamellera-baja\/"}],"_links":{"self":[{"href":"https:\/\/www.eldigitaldeasturias.com\/noticias\/wp-json\/wp\/v2\/posts\/853609","targetHints":{"allow":["GET"]}}],"collection":[{"href":"https:\/\/www.eldigitaldeasturias.com\/noticias\/wp-json\/wp\/v2\/posts"}],"about":[{"href":"https:\/\/www.eldigitaldeasturias.com\/noticias\/wp-json\/wp\/v2\/types\/post"}],"author":[{"embeddable":true,"href":"https:\/\/www.eldigitaldeasturias.com\/noticias\/wp-json\/wp\/v2\/users\/1"}],"replies":[{"embeddable":true,"href":"https:\/\/www.eldigitaldeasturias.com\/noticias\/wp-json\/wp\/v2\/comments?post=853609"}],"version-history":[{"count":0,"href":"https:\/\/www.eldigitaldeasturias.com\/noticias\/wp-json\/wp\/v2\/posts\/853609\/revisions"}],"wp:featuredmedia":[{"embeddable":true,"href":"https:\/\/www.eldigitaldeasturias.com\/noticias\/wp-json\/wp\/v2\/media\/792637"}],"wp:attachment":[{"href":"https:\/\/www.eldigitaldeasturias.com\/noticias\/wp-json\/wp\/v2\/media?parent=853609"}],"wp:term":[{"taxonomy":"category","embeddable":true,"href":"https:\/\/www.eldigitaldeasturias.com\/noticias\/wp-json\/wp\/v2\/categories?post=853609"},{"taxonomy":"post_tag","embeddable":true,"href":"https:\/\/www.eldigitaldeasturias.com\/noticias\/wp-json\/wp\/v2\/tags?post=853609"}],"curies":[{"name":"wp","href":"https:\/\/api.w.org\/{rel}","templated":true}]}}