{"id":853604,"date":"2016-02-03T20:24:20","date_gmt":"2016-02-03T20:24:20","guid":{"rendered":"http:\/\/www.eldigitaldeasturias.com\/noticias\/?p=853604"},"modified":"2016-02-03T20:24:20","modified_gmt":"2016-02-03T20:24:20","slug":"la-mortalidad-por-cancer-desciende-a-un-ritmo-anual-del-1-en-los-varones-asturianos","status":"publish","type":"post","link":"https:\/\/www.eldigitaldeasturias.com\/noticias\/la-mortalidad-por-cancer-desciende-a-un-ritmo-anual-del-1-en-los-varones-asturianos\/","title":{"rendered":"La mortalidad por c\u00e1ncer desciende a un ritmo anual del 1% en los varones asturianos"},"content":{"rendered":"<p><img loading=\"lazy\" decoding=\"async\" class=\"alignleft size-medium wp-image-659697\" src=\"https:\/\/www.eldigitaldeasturias.com\/noticias\/wp-content\/uploads\/2014\/10\/6837097w-215x320.jpg\" alt=\"gente\" width=\"215\" height=\"320\" srcset=\"https:\/\/www.eldigitaldeasturias.com\/noticias\/wp-content\/uploads\/2014\/10\/6837097w-215x320.jpg 215w, https:\/\/www.eldigitaldeasturias.com\/noticias\/wp-content\/uploads\/2014\/10\/6837097w-436x650.jpg 436w, https:\/\/www.eldigitaldeasturias.com\/noticias\/wp-content\/uploads\/2014\/10\/6837097w.jpg 700w\" sizes=\"auto, (max-width: 215px) 100vw, 215px\" \/>La mortalidad por c\u00e1ncer entre los varones asturianos viene descendiendo desde hace dos d\u00e9cadas a un ritmo anual del 1 por ciento, mientras que entre las mujeres esta reducci\u00f3n se ha visto estancada desde 2003.<\/p>\n<p>Seg\u00fan informa el Principado en una nota de prensa, las mujeres asturianas est\u00e1n por debajo de la media nacional en cuanto a riesgo de padecer cualquier tipo de tumor y se sit\u00faan entre las que presentan menor riesgo de Europa. Los varones, en cambio, figuran entre los que presentan mayor riesgo de todo el pa\u00eds y en el conjunto de las regiones y pa\u00edses de la UE.<\/p>\n<p>Coincidiendo con la conmemoraci\u00f3n, este jueves, del D\u00eda Mundial de Lucha contra el C\u00e1ncer, la Consejer\u00eda de Sanidad se\u00f1ala que los programas de detecci\u00f3n temprana y la r\u00e1pida incorporaci\u00f3n de los \u00faltimos avances en los tratamientos quir\u00fargicos, farmacol\u00f3gicos y radiol\u00f3gicos a la sanidad asturiana est\u00e1n consiguiendo mejoras significativas en la supervivencia, especialmente entre los varones, que son los que registran los peores \u00edndices de mortalidad.<\/p>\n<p>Con los \u00faltimos datos oficiales disponibles, el c\u00e1ncer provoc\u00f3 en 2013, 3.620 muertes en Asturias, 2.193 en varones y 1.427 mujeres, lo que indica que contin\u00faa siendo un serio problema de salud en el que es preciso seguir incidiendo desde el punto de vista de la prevenci\u00f3n.<\/p>\n<p>En menores de 65 a\u00f1os el c\u00e1ncer es responsable del 43 por ciento de los fallecimientos en varones y del 58% en mujeres. En todas las \u00e1reas sanitarias, es la primera causa de muerte tanto en varones como en mujeres menores de 65 a\u00f1os.<\/p>\n<p>En 2013, en varones, el de pulm\u00f3n ocasion\u00f3 m\u00e1s de la cuarta parte de los fallecimientos por c\u00e1ncer (26 por ciento), seguido del colorrectal (11%), pr\u00f3stata (9%), vejiga (6%), h\u00edgado (5%) y est\u00f3mago (5%). Entre las mujeres, el c\u00e1ncer de pulm\u00f3n (11%) figura en segundo lugar tras el de mama (13%) y por delante del de colon-recto (11%), p\u00e1ncreas (7%), linfomas (6%), ovario (6%) y est\u00f3mago.<\/p>\n<p>Cuando se analizan los fallecimientos por tumores malignos seg\u00fan grupos de edad, se observa que entre varones menores de 65 a\u00f1os los m\u00e1s frecuentes son el de pulm\u00f3n y ciertos tumores digestivos (colon, h\u00edgado, cavidad oral, est\u00f3mago y p\u00e1ncreas), mientras que en las mujeres los m\u00e1s frecuentes son los de mama, pulm\u00f3n, est\u00f3mago y ovario.<\/p>\n<p>En mayores de 65 a\u00f1os, pulm\u00f3n y colon siguen dominando entre los varones, seguidos de pr\u00f3stata, vejiga y est\u00f3mago, mientras que entre las mujeres, el de colon asciende al primer lugar, seguido por mama, pulm\u00f3n, p\u00e1ncreas y linfomas.<\/p>\n<p>Con respecto al c\u00e1ncer de pulm\u00f3n, en 2013 fue la primera causa de muerte en varones entre 45 y 84 a\u00f1os, y en mujeres entre 55 y 74 a\u00f1os. El n\u00famero de muertes por c\u00e1ncer de pulm\u00f3n en mujeres se ha triplicado en los \u00faltimos 20 a\u00f1os, pasando de 56 fallecidas en 1996 a 161 en 2013. En mujeres menores de 65 a\u00f1os el n\u00famero de muertes debidas a c\u00e1ncer de pulm\u00f3n en 2013 se increment\u00f3 un 24% respecto del 2012.<\/p>\n<p>Los h\u00e1bitos nocivos como el tabaquismo, el consumo excesivo de alcohol o la obesidad, estrechamente relacionados con el origen de algunos de los c\u00e1nceres m\u00e1s frecuentes, siguen teniendo una alta prevalencia entre la poblaci\u00f3n asturiana. Por esta raz\u00f3n, la Direcci\u00f3n General de Salud P\u00fablica recuerda que la prevenci\u00f3n basada en h\u00e1bitos de vida saludable constituye la estrategia m\u00e1s eficaz y eficiente para prevenir y controlar la enfermedad.<\/p>\n","protected":false},"excerpt":{"rendered":"<p>La mortalidad por c\u00e1ncer entre los varones asturianos viene descendiendo desde hace dos d\u00e9cadas a un ritmo anual del 1 por ciento, mientras que entre las mujeres esta reducci\u00f3n se ha visto estancada desde 2003. Seg\u00fan informa el Principado en una nota de prensa, las mujeres asturianas est\u00e1n por debajo de la media nacional en [&hellip;]<\/p>\n","protected":false},"author":1,"featured_media":659697,"comment_status":"closed","ping_status":"closed","sticky":false,"template":"","format":"standard","meta":{"footnotes":""},"categories":[28],"tags":[],"class_list":["post-853604","post","type-post","status-publish","format-standard","has-post-thumbnail","hentry","category-sociedad"],"aioseo_notices":[],"aioseo_head":"\n\t\t<!-- All in One SEO Pro 4.9.6.2 - aioseo.com -->\n\t<meta name=\"description\" content=\"La mortalidad por c\u00e1ncer entre los varones asturianos viene descendiendo desde hace dos d\u00e9cadas a un ritmo anual del 1 por ciento, mientras que entre las mujeres esta reducci\u00f3n se ha visto estancada desde 2003. Seg\u00fan informa el Principado en una nota de prensa, las mujeres asturianas est\u00e1n por debajo de la media nacional en\" \/>\n\t<meta name=\"robots\" content=\"max-image-preview:large\" \/>\n\t<meta name=\"author\" content=\"El Digital de Asturias\"\/>\n\t<meta name=\"google-site-verification\" content=\"UA-38556648-1\" \/>\n\t<meta name=\"msvalidate.01\" content=\"7dfe9f3f1b24437ab69f4f2559babe99\" \/>\n\t<meta name=\"keywords\" content=\"sociedad\" \/>\n\t<link rel=\"canonical\" href=\"https:\/\/www.eldigitaldeasturias.com\/noticias\/la-mortalidad-por-cancer-desciende-a-un-ritmo-anual-del-1-en-los-varones-asturianos\/\" \/>\n\t<meta name=\"generator\" content=\"All in One SEO Pro (AIOSEO) 4.9.6.2\" \/>\n\t\t<meta property=\"og:locale\" content=\"es_ES\" \/>\n\t\t<meta property=\"og:site_name\" content=\"El Digital de Asturias\" \/>\n\t\t<meta property=\"og:type\" content=\"article\" \/>\n\t\t<meta property=\"og:title\" content=\"La mortalidad por c\u00e1ncer desciende a un ritmo anual del 1% en los varones asturianos - El Digital de Asturias\" \/>\n\t\t<meta property=\"og:description\" content=\"La mortalidad por c\u00e1ncer entre los varones asturianos viene descendiendo desde hace dos d\u00e9cadas a un ritmo anual del 1 por ciento, mientras que entre las mujeres esta reducci\u00f3n se ha visto estancada desde 2003. Seg\u00fan informa el Principado en una nota de prensa, las mujeres asturianas est\u00e1n por debajo de la media nacional en\" \/>\n\t\t<meta property=\"og:url\" content=\"https:\/\/www.eldigitaldeasturias.com\/noticias\/la-mortalidad-por-cancer-desciende-a-un-ritmo-anual-del-1-en-los-varones-asturianos\/\" \/>\n\t\t<meta property=\"og:image\" content=\"https:\/\/www.eldigitaldeasturias.com\/noticias\/wp-content\/uploads\/2014\/10\/6837097w.jpg\" \/>\n\t\t<meta property=\"og:image:secure_url\" content=\"https:\/\/www.eldigitaldeasturias.com\/noticias\/wp-content\/uploads\/2014\/10\/6837097w.jpg\" \/>\n\t\t<meta property=\"og:image:width\" content=\"700\" \/>\n\t\t<meta property=\"og:image:height\" content=\"1044\" \/>\n\t\t<meta property=\"article:tag\" content=\"sociedad\" \/>\n\t\t<meta property=\"article:published_time\" content=\"2016-02-03T20:24:20+00:00\" \/>\n\t\t<meta property=\"article:modified_time\" content=\"2016-02-03T20:24:20+00:00\" \/>\n\t\t<meta property=\"article:publisher\" content=\"https:\/\/facebook.com\/eldigitaldeasturias\" \/>\n\t\t<meta name=\"twitter:card\" content=\"summary_large_image\" \/>\n\t\t<meta name=\"twitter:title\" content=\"La mortalidad por c\u00e1ncer desciende a un ritmo anual del 1% en los varones asturianos - El Digital de Asturias\" \/>\n\t\t<meta name=\"twitter:description\" content=\"La mortalidad por c\u00e1ncer entre los varones asturianos viene descendiendo desde hace dos d\u00e9cadas a un ritmo anual del 1 por ciento, mientras que entre las mujeres esta reducci\u00f3n se ha visto estancada desde 2003. Seg\u00fan informa el Principado en una nota de prensa, las mujeres asturianas est\u00e1n por debajo de la media nacional en\" \/>\n\t\t<meta name=\"twitter:image\" content=\"https:\/\/www.eldigitaldeasturias.com\/noticias\/wp-content\/uploads\/2014\/10\/6837097w.jpg\" \/>\n\t\t<meta name=\"twitter:label1\" content=\"Escrito por\" \/>\n\t\t<meta name=\"twitter:data1\" content=\"El Digital de Asturias\" \/>\n\t\t<meta name=\"twitter:label2\" content=\"Tiempo de lectura estimado\" \/>\n\t\t<meta name=\"twitter:data2\" content=\"3 minutos\" \/>\n\t\t<script type=\"application\/ld+json\" class=\"aioseo-schema\">\n\t\t\t{\"@context\":\"https:\\\/\\\/schema.org\",\"@graph\":[{\"@type\":\"BlogPosting\",\"@id\":\"https:\\\/\\\/www.eldigitaldeasturias.com\\\/noticias\\\/la-mortalidad-por-cancer-desciende-a-un-ritmo-anual-del-1-en-los-varones-asturianos\\\/#blogposting\",\"name\":\"La mortalidad por c\\u00e1ncer desciende a un ritmo anual del 1% en los varones asturianos - El Digital de Asturias\",\"headline\":\"La mortalidad por c\\u00e1ncer desciende a un ritmo anual del 1% en los varones asturianos\",\"author\":{\"@id\":\"https:\\\/\\\/www.eldigitaldeasturias.com\\\/noticias\\\/author\\\/admin\\\/#author\"},\"publisher\":{\"@id\":\"https:\\\/\\\/www.eldigitaldeasturias.com\\\/noticias\\\/#organization\"},\"image\":{\"@type\":\"ImageObject\",\"url\":\"https:\\\/\\\/www.eldigitaldeasturias.com\\\/noticias\\\/wp-content\\\/uploads\\\/2014\\\/10\\\/6837097w.jpg\",\"width\":700,\"height\":1044},\"datePublished\":\"2016-02-03T20:24:20+01:00\",\"dateModified\":\"2016-02-03T20:24:20+01:00\",\"inLanguage\":\"es-ES\",\"mainEntityOfPage\":{\"@id\":\"https:\\\/\\\/www.eldigitaldeasturias.com\\\/noticias\\\/la-mortalidad-por-cancer-desciende-a-un-ritmo-anual-del-1-en-los-varones-asturianos\\\/#webpage\"},\"isPartOf\":{\"@id\":\"https:\\\/\\\/www.eldigitaldeasturias.com\\\/noticias\\\/la-mortalidad-por-cancer-desciende-a-un-ritmo-anual-del-1-en-los-varones-asturianos\\\/#webpage\"},\"articleSection\":\"Sociedad\"},{\"@type\":\"BreadcrumbList\",\"@id\":\"https:\\\/\\\/www.eldigitaldeasturias.com\\\/noticias\\\/la-mortalidad-por-cancer-desciende-a-un-ritmo-anual-del-1-en-los-varones-asturianos\\\/#breadcrumblist\",\"itemListElement\":[{\"@type\":\"ListItem\",\"@id\":\"https:\\\/\\\/www.eldigitaldeasturias.com\\\/noticias#listItem\",\"position\":1,\"name\":\"Home\",\"item\":\"https:\\\/\\\/www.eldigitaldeasturias.com\\\/noticias\",\"nextItem\":{\"@type\":\"ListItem\",\"@id\":\"https:\\\/\\\/www.eldigitaldeasturias.com\\\/noticias\\\/category\\\/sociedad\\\/#listItem\",\"name\":\"Sociedad\"}},{\"@type\":\"ListItem\",\"@id\":\"https:\\\/\\\/www.eldigitaldeasturias.com\\\/noticias\\\/category\\\/sociedad\\\/#listItem\",\"position\":2,\"name\":\"Sociedad\",\"item\":\"https:\\\/\\\/www.eldigitaldeasturias.com\\\/noticias\\\/category\\\/sociedad\\\/\",\"nextItem\":{\"@type\":\"ListItem\",\"@id\":\"https:\\\/\\\/www.eldigitaldeasturias.com\\\/noticias\\\/la-mortalidad-por-cancer-desciende-a-un-ritmo-anual-del-1-en-los-varones-asturianos\\\/#listItem\",\"name\":\"La mortalidad por c\\u00e1ncer desciende a un ritmo anual del 1% en los varones asturianos\"},\"previousItem\":{\"@type\":\"ListItem\",\"@id\":\"https:\\\/\\\/www.eldigitaldeasturias.com\\\/noticias#listItem\",\"name\":\"Home\"}},{\"@type\":\"ListItem\",\"@id\":\"https:\\\/\\\/www.eldigitaldeasturias.com\\\/noticias\\\/la-mortalidad-por-cancer-desciende-a-un-ritmo-anual-del-1-en-los-varones-asturianos\\\/#listItem\",\"position\":3,\"name\":\"La mortalidad por c\\u00e1ncer desciende a un ritmo anual del 1% en los varones asturianos\",\"previousItem\":{\"@type\":\"ListItem\",\"@id\":\"https:\\\/\\\/www.eldigitaldeasturias.com\\\/noticias\\\/category\\\/sociedad\\\/#listItem\",\"name\":\"Sociedad\"}}]},{\"@type\":\"Organization\",\"@id\":\"https:\\\/\\\/www.eldigitaldeasturias.com\\\/noticias\\\/#organization\",\"name\":\"El Digital de Asturias\",\"description\":\"Hemeroteca\",\"url\":\"https:\\\/\\\/www.eldigitaldeasturias.com\\\/noticias\\\/\",\"email\":\"info@eldigitaldeasturias.com\",\"telephone\":\"+34652131393\",\"logo\":{\"@type\":\"ImageObject\",\"url\":\"https:\\\/\\\/www.eldigitaldeasturias.com\\\/noticias\\\/wp-content\\\/uploads\\\/2020\\\/12\\\/EDA.jpg\",\"@id\":\"https:\\\/\\\/www.eldigitaldeasturias.com\\\/noticias\\\/la-mortalidad-por-cancer-desciende-a-un-ritmo-anual-del-1-en-los-varones-asturianos\\\/#organizationLogo\",\"width\":649,\"height\":297},\"image\":{\"@id\":\"https:\\\/\\\/www.eldigitaldeasturias.com\\\/noticias\\\/la-mortalidad-por-cancer-desciende-a-un-ritmo-anual-del-1-en-los-varones-asturianos\\\/#organizationLogo\"},\"sameAs\":[\"https:\\\/\\\/facebook.com\\\/eldigitaldeasturias\",\"https:\\\/\\\/www.youtube.com\\\/channel\\\/UCZP-2wLEB9Rv6erhFmqVnvg\"],\"address\":{\"@id\":\"https:\\\/\\\/www.eldigitaldeasturias.com\\\/noticias\\\/#postaladdress\",\"@type\":\"PostalAddress\",\"streetAddress\":\"san antonio 4,\",\"postalCode\":\"33430\",\"addressLocality\":\"Cand\\u00e1s\",\"addressRegion\":\"Asturias\",\"addressCountry\":\"ES\"}},{\"@type\":\"Person\",\"@id\":\"https:\\\/\\\/www.eldigitaldeasturias.com\\\/noticias\\\/author\\\/admin\\\/#author\",\"url\":\"https:\\\/\\\/www.eldigitaldeasturias.com\\\/noticias\\\/author\\\/admin\\\/\",\"name\":\"El Digital de Asturias\",\"image\":{\"@type\":\"ImageObject\",\"@id\":\"https:\\\/\\\/www.eldigitaldeasturias.com\\\/noticias\\\/la-mortalidad-por-cancer-desciende-a-un-ritmo-anual-del-1-en-los-varones-asturianos\\\/#authorImage\",\"url\":\"https:\\\/\\\/www.eldigitaldeasturias.com\\\/noticias\\\/wp-content\\\/litespeed\\\/avatar\\\/18677e78aa0546b92d9dbf31ec7d7668.jpg?ver=1777290358\",\"width\":96,\"height\":96,\"caption\":\"El Digital de Asturias\"}},{\"@type\":\"WebPage\",\"@id\":\"https:\\\/\\\/www.eldigitaldeasturias.com\\\/noticias\\\/la-mortalidad-por-cancer-desciende-a-un-ritmo-anual-del-1-en-los-varones-asturianos\\\/#webpage\",\"url\":\"https:\\\/\\\/www.eldigitaldeasturias.com\\\/noticias\\\/la-mortalidad-por-cancer-desciende-a-un-ritmo-anual-del-1-en-los-varones-asturianos\\\/\",\"name\":\"La mortalidad por c\\u00e1ncer desciende a un ritmo anual del 1% en los varones asturianos - El Digital de Asturias\",\"description\":\"La mortalidad por c\\u00e1ncer entre los varones asturianos viene descendiendo desde hace dos d\\u00e9cadas a un ritmo anual del 1 por ciento, mientras que entre las mujeres esta reducci\\u00f3n se ha visto estancada desde 2003. Seg\\u00fan informa el Principado en una nota de prensa, las mujeres asturianas est\\u00e1n por debajo de la media nacional en\",\"inLanguage\":\"es-ES\",\"isPartOf\":{\"@id\":\"https:\\\/\\\/www.eldigitaldeasturias.com\\\/noticias\\\/#website\"},\"breadcrumb\":{\"@id\":\"https:\\\/\\\/www.eldigitaldeasturias.com\\\/noticias\\\/la-mortalidad-por-cancer-desciende-a-un-ritmo-anual-del-1-en-los-varones-asturianos\\\/#breadcrumblist\"},\"author\":{\"@id\":\"https:\\\/\\\/www.eldigitaldeasturias.com\\\/noticias\\\/author\\\/admin\\\/#author\"},\"creator\":{\"@id\":\"https:\\\/\\\/www.eldigitaldeasturias.com\\\/noticias\\\/author\\\/admin\\\/#author\"},\"image\":{\"@type\":\"ImageObject\",\"url\":\"https:\\\/\\\/www.eldigitaldeasturias.com\\\/noticias\\\/wp-content\\\/uploads\\\/2014\\\/10\\\/6837097w.jpg\",\"@id\":\"https:\\\/\\\/www.eldigitaldeasturias.com\\\/noticias\\\/la-mortalidad-por-cancer-desciende-a-un-ritmo-anual-del-1-en-los-varones-asturianos\\\/#mainImage\",\"width\":700,\"height\":1044},\"primaryImageOfPage\":{\"@id\":\"https:\\\/\\\/www.eldigitaldeasturias.com\\\/noticias\\\/la-mortalidad-por-cancer-desciende-a-un-ritmo-anual-del-1-en-los-varones-asturianos\\\/#mainImage\"},\"datePublished\":\"2016-02-03T20:24:20+01:00\",\"dateModified\":\"2016-02-03T20:24:20+01:00\"},{\"@type\":\"WebSite\",\"@id\":\"https:\\\/\\\/www.eldigitaldeasturias.com\\\/noticias\\\/#website\",\"url\":\"https:\\\/\\\/www.eldigitaldeasturias.com\\\/noticias\\\/\",\"name\":\"El Digital de Asturias - Diario de actualidad y noticias\",\"alternateName\":\"El Digital de Asturias - Diario de actualidad y noticias\",\"description\":\"Hemeroteca\",\"inLanguage\":\"es-ES\",\"publisher\":{\"@id\":\"https:\\\/\\\/www.eldigitaldeasturias.com\\\/noticias\\\/#organization\"}}]}\n\t\t<\/script>\n\t\t<!-- All in One SEO Pro -->\r\n\t\t<title>La mortalidad por c\u00e1ncer desciende a un ritmo anual del 1% en los varones asturianos - El Digital de Asturias<\/title>\n\n","aioseo_head_json":{"title":"La mortalidad por c\u00e1ncer desciende a un ritmo anual del 1% en los varones asturianos - El Digital de Asturias","description":"La mortalidad por c\u00e1ncer entre los varones asturianos viene descendiendo desde hace dos d\u00e9cadas a un ritmo anual del 1 por ciento, mientras que entre las mujeres esta reducci\u00f3n se ha visto estancada desde 2003. Seg\u00fan informa el Principado en una nota de prensa, las mujeres asturianas est\u00e1n por debajo de la media nacional en","canonical_url":"https:\/\/www.eldigitaldeasturias.com\/noticias\/la-mortalidad-por-cancer-desciende-a-un-ritmo-anual-del-1-en-los-varones-asturianos\/","robots":"max-image-preview:large","keywords":"sociedad","webmasterTools":{"google-site-verification":"UA-38556648-1","msvalidate.01":"7dfe9f3f1b24437ab69f4f2559babe99","miscellaneous":""},"schema":{"@context":"https:\/\/schema.org","@graph":[{"@type":"BlogPosting","@id":"https:\/\/www.eldigitaldeasturias.com\/noticias\/la-mortalidad-por-cancer-desciende-a-un-ritmo-anual-del-1-en-los-varones-asturianos\/#blogposting","name":"La mortalidad por c\u00e1ncer desciende a un ritmo anual del 1% en los varones asturianos - El Digital de Asturias","headline":"La mortalidad por c\u00e1ncer desciende a un ritmo anual del 1% en los varones asturianos","author":{"@id":"https:\/\/www.eldigitaldeasturias.com\/noticias\/author\/admin\/#author"},"publisher":{"@id":"https:\/\/www.eldigitaldeasturias.com\/noticias\/#organization"},"image":{"@type":"ImageObject","url":"https:\/\/www.eldigitaldeasturias.com\/noticias\/wp-content\/uploads\/2014\/10\/6837097w.jpg","width":700,"height":1044},"datePublished":"2016-02-03T20:24:20+01:00","dateModified":"2016-02-03T20:24:20+01:00","inLanguage":"es-ES","mainEntityOfPage":{"@id":"https:\/\/www.eldigitaldeasturias.com\/noticias\/la-mortalidad-por-cancer-desciende-a-un-ritmo-anual-del-1-en-los-varones-asturianos\/#webpage"},"isPartOf":{"@id":"https:\/\/www.eldigitaldeasturias.com\/noticias\/la-mortalidad-por-cancer-desciende-a-un-ritmo-anual-del-1-en-los-varones-asturianos\/#webpage"},"articleSection":"Sociedad"},{"@type":"BreadcrumbList","@id":"https:\/\/www.eldigitaldeasturias.com\/noticias\/la-mortalidad-por-cancer-desciende-a-un-ritmo-anual-del-1-en-los-varones-asturianos\/#breadcrumblist","itemListElement":[{"@type":"ListItem","@id":"https:\/\/www.eldigitaldeasturias.com\/noticias#listItem","position":1,"name":"Home","item":"https:\/\/www.eldigitaldeasturias.com\/noticias","nextItem":{"@type":"ListItem","@id":"https:\/\/www.eldigitaldeasturias.com\/noticias\/category\/sociedad\/#listItem","name":"Sociedad"}},{"@type":"ListItem","@id":"https:\/\/www.eldigitaldeasturias.com\/noticias\/category\/sociedad\/#listItem","position":2,"name":"Sociedad","item":"https:\/\/www.eldigitaldeasturias.com\/noticias\/category\/sociedad\/","nextItem":{"@type":"ListItem","@id":"https:\/\/www.eldigitaldeasturias.com\/noticias\/la-mortalidad-por-cancer-desciende-a-un-ritmo-anual-del-1-en-los-varones-asturianos\/#listItem","name":"La mortalidad por c\u00e1ncer desciende a un ritmo anual del 1% en los varones asturianos"},"previousItem":{"@type":"ListItem","@id":"https:\/\/www.eldigitaldeasturias.com\/noticias#listItem","name":"Home"}},{"@type":"ListItem","@id":"https:\/\/www.eldigitaldeasturias.com\/noticias\/la-mortalidad-por-cancer-desciende-a-un-ritmo-anual-del-1-en-los-varones-asturianos\/#listItem","position":3,"name":"La mortalidad por c\u00e1ncer desciende a un ritmo anual del 1% en los varones asturianos","previousItem":{"@type":"ListItem","@id":"https:\/\/www.eldigitaldeasturias.com\/noticias\/category\/sociedad\/#listItem","name":"Sociedad"}}]},{"@type":"Organization","@id":"https:\/\/www.eldigitaldeasturias.com\/noticias\/#organization","name":"El Digital de Asturias","description":"Hemeroteca","url":"https:\/\/www.eldigitaldeasturias.com\/noticias\/","email":"info@eldigitaldeasturias.com","telephone":"+34652131393","logo":{"@type":"ImageObject","url":"https:\/\/www.eldigitaldeasturias.com\/noticias\/wp-content\/uploads\/2020\/12\/EDA.jpg","@id":"https:\/\/www.eldigitaldeasturias.com\/noticias\/la-mortalidad-por-cancer-desciende-a-un-ritmo-anual-del-1-en-los-varones-asturianos\/#organizationLogo","width":649,"height":297},"image":{"@id":"https:\/\/www.eldigitaldeasturias.com\/noticias\/la-mortalidad-por-cancer-desciende-a-un-ritmo-anual-del-1-en-los-varones-asturianos\/#organizationLogo"},"sameAs":["https:\/\/facebook.com\/eldigitaldeasturias","https:\/\/www.youtube.com\/channel\/UCZP-2wLEB9Rv6erhFmqVnvg"],"address":{"@id":"https:\/\/www.eldigitaldeasturias.com\/noticias\/#postaladdress","@type":"PostalAddress","streetAddress":"san antonio 4,","postalCode":"33430","addressLocality":"Cand\u00e1s","addressRegion":"Asturias","addressCountry":"ES"}},{"@type":"Person","@id":"https:\/\/www.eldigitaldeasturias.com\/noticias\/author\/admin\/#author","url":"https:\/\/www.eldigitaldeasturias.com\/noticias\/author\/admin\/","name":"El Digital de Asturias","image":{"@type":"ImageObject","@id":"https:\/\/www.eldigitaldeasturias.com\/noticias\/la-mortalidad-por-cancer-desciende-a-un-ritmo-anual-del-1-en-los-varones-asturianos\/#authorImage","url":"https:\/\/www.eldigitaldeasturias.com\/noticias\/wp-content\/litespeed\/avatar\/18677e78aa0546b92d9dbf31ec7d7668.jpg?ver=1777290358","width":96,"height":96,"caption":"El Digital de Asturias"}},{"@type":"WebPage","@id":"https:\/\/www.eldigitaldeasturias.com\/noticias\/la-mortalidad-por-cancer-desciende-a-un-ritmo-anual-del-1-en-los-varones-asturianos\/#webpage","url":"https:\/\/www.eldigitaldeasturias.com\/noticias\/la-mortalidad-por-cancer-desciende-a-un-ritmo-anual-del-1-en-los-varones-asturianos\/","name":"La mortalidad por c\u00e1ncer desciende a un ritmo anual del 1% en los varones asturianos - El Digital de Asturias","description":"La mortalidad por c\u00e1ncer entre los varones asturianos viene descendiendo desde hace dos d\u00e9cadas a un ritmo anual del 1 por ciento, mientras que entre las mujeres esta reducci\u00f3n se ha visto estancada desde 2003. Seg\u00fan informa el Principado en una nota de prensa, las mujeres asturianas est\u00e1n por debajo de la media nacional en","inLanguage":"es-ES","isPartOf":{"@id":"https:\/\/www.eldigitaldeasturias.com\/noticias\/#website"},"breadcrumb":{"@id":"https:\/\/www.eldigitaldeasturias.com\/noticias\/la-mortalidad-por-cancer-desciende-a-un-ritmo-anual-del-1-en-los-varones-asturianos\/#breadcrumblist"},"author":{"@id":"https:\/\/www.eldigitaldeasturias.com\/noticias\/author\/admin\/#author"},"creator":{"@id":"https:\/\/www.eldigitaldeasturias.com\/noticias\/author\/admin\/#author"},"image":{"@type":"ImageObject","url":"https:\/\/www.eldigitaldeasturias.com\/noticias\/wp-content\/uploads\/2014\/10\/6837097w.jpg","@id":"https:\/\/www.eldigitaldeasturias.com\/noticias\/la-mortalidad-por-cancer-desciende-a-un-ritmo-anual-del-1-en-los-varones-asturianos\/#mainImage","width":700,"height":1044},"primaryImageOfPage":{"@id":"https:\/\/www.eldigitaldeasturias.com\/noticias\/la-mortalidad-por-cancer-desciende-a-un-ritmo-anual-del-1-en-los-varones-asturianos\/#mainImage"},"datePublished":"2016-02-03T20:24:20+01:00","dateModified":"2016-02-03T20:24:20+01:00"},{"@type":"WebSite","@id":"https:\/\/www.eldigitaldeasturias.com\/noticias\/#website","url":"https:\/\/www.eldigitaldeasturias.com\/noticias\/","name":"El Digital de Asturias - Diario de actualidad y noticias","alternateName":"El Digital de Asturias - Diario de actualidad y noticias","description":"Hemeroteca","inLanguage":"es-ES","publisher":{"@id":"https:\/\/www.eldigitaldeasturias.com\/noticias\/#organization"}}]},"og:locale":"es_ES","og:site_name":"El Digital de Asturias","og:type":"article","og:title":"La mortalidad por c\u00e1ncer desciende a un ritmo anual del 1% en los varones asturianos - El Digital de Asturias","og:description":"La mortalidad por c\u00e1ncer entre los varones asturianos viene descendiendo desde hace dos d\u00e9cadas a un ritmo anual del 1 por ciento, mientras que entre las mujeres esta reducci\u00f3n se ha visto estancada desde 2003. Seg\u00fan informa el Principado en una nota de prensa, las mujeres asturianas est\u00e1n por debajo de la media nacional en","og:url":"https:\/\/www.eldigitaldeasturias.com\/noticias\/la-mortalidad-por-cancer-desciende-a-un-ritmo-anual-del-1-en-los-varones-asturianos\/","og:image":"https:\/\/www.eldigitaldeasturias.com\/noticias\/wp-content\/uploads\/2014\/10\/6837097w.jpg","og:image:secure_url":"https:\/\/www.eldigitaldeasturias.com\/noticias\/wp-content\/uploads\/2014\/10\/6837097w.jpg","og:image:width":700,"og:image:height":1044,"article:tag":["sociedad"],"article:published_time":"2016-02-03T20:24:20+00:00","article:modified_time":"2016-02-03T20:24:20+00:00","article:publisher":"https:\/\/facebook.com\/eldigitaldeasturias","twitter:card":"summary_large_image","twitter:title":"La mortalidad por c\u00e1ncer desciende a un ritmo anual del 1% en los varones asturianos - El Digital de Asturias","twitter:description":"La mortalidad por c\u00e1ncer entre los varones asturianos viene descendiendo desde hace dos d\u00e9cadas a un ritmo anual del 1 por ciento, mientras que entre las mujeres esta reducci\u00f3n se ha visto estancada desde 2003. Seg\u00fan informa el Principado en una nota de prensa, las mujeres asturianas est\u00e1n por debajo de la media nacional en","twitter:image":"https:\/\/www.eldigitaldeasturias.com\/noticias\/wp-content\/uploads\/2014\/10\/6837097w.jpg","twitter:label1":"Escrito por","twitter:data1":"El Digital de Asturias","twitter:label2":"Tiempo de lectura estimado","twitter:data2":"3 minutos"},"aioseo_meta_data":{"post_id":"853604","title":null,"description":null,"keywords":null,"keyphrases":null,"primary_term":null,"canonical_url":null,"og_title":null,"og_description":null,"og_object_type":"default","og_image_type":"default","og_image_url":null,"og_image_width":null,"og_image_height":null,"og_image_custom_url":null,"og_image_custom_fields":null,"og_video":null,"og_custom_url":null,"og_article_section":null,"og_article_tags":null,"twitter_use_og":false,"twitter_card":"default","twitter_image_type":"default","twitter_image_url":null,"twitter_image_custom_url":null,"twitter_image_custom_fields":null,"twitter_title":null,"twitter_description":null,"schema":{"blockGraphs":[],"customGraphs":[],"default":{"data":{"Article":[],"Course":[],"Dataset":[],"FAQPage":[],"Movie":[],"Person":[],"Product":[],"ProductReview":[],"Car":[],"Recipe":[],"Service":[],"SoftwareApplication":[],"WebPage":[]},"graphName":"","isEnabled":true},"graphs":[],"defaultGraph":"","defaultPostTypeGraph":""},"schema_type":null,"schema_type_options":null,"pillar_content":false,"robots_default":true,"robots_noindex":false,"robots_noarchive":false,"robots_nosnippet":false,"robots_nofollow":false,"robots_noimageindex":false,"robots_noodp":false,"robots_notranslate":false,"robots_max_snippet":null,"robots_max_videopreview":null,"robots_max_imagepreview":"large","priority":null,"frequency":null,"local_seo":null,"seo_analyzer_scan_date":"2025-12-09 18:44:27","breadcrumb_settings":null,"limit_modified_date":false,"open_ai":null,"ai":null,"created":"2021-01-22 11:24:10","updated":"2025-12-09 18:44:27"},"aioseo_breadcrumb":"<div class=\"aioseo-breadcrumbs\"><span class=\"aioseo-breadcrumb\">\n\t<a href=\"https:\/\/www.eldigitaldeasturias.com\/noticias\" title=\"Home\">Home<\/a>\n<\/span><span class=\"aioseo-breadcrumb-separator\">\u2013<\/span><span class=\"aioseo-breadcrumb\">\n\t<a href=\"https:\/\/www.eldigitaldeasturias.com\/noticias\/category\/sociedad\/\" title=\"Sociedad\">Sociedad<\/a>\n<\/span><span class=\"aioseo-breadcrumb-separator\">\u2013<\/span><span class=\"aioseo-breadcrumb\">\n\t<a href=\"https:\/\/www.eldigitaldeasturias.com\/noticias\/la-mortalidad-por-cancer-desciende-a-un-ritmo-anual-del-1-en-los-varones-asturianos\/\" title=\"La mortalidad por c\u00e1ncer desciende a un ritmo anual del 1% en los varones asturianos\">La mortalidad por c\u00e1ncer desciende a un ritmo anual del 1% en los varones asturianos<\/a>\n<\/span><\/div>","aioseo_breadcrumb_json":[{"label":"Home","link":"https:\/\/www.eldigitaldeasturias.com\/noticias"},{"label":"Sociedad","link":"https:\/\/www.eldigitaldeasturias.com\/noticias\/category\/sociedad\/"},{"label":"La mortalidad por c\u00e1ncer desciende a un ritmo anual del 1% en los varones asturianos","link":"https:\/\/www.eldigitaldeasturias.com\/noticias\/la-mortalidad-por-cancer-desciende-a-un-ritmo-anual-del-1-en-los-varones-asturianos\/"}],"_links":{"self":[{"href":"https:\/\/www.eldigitaldeasturias.com\/noticias\/wp-json\/wp\/v2\/posts\/853604","targetHints":{"allow":["GET"]}}],"collection":[{"href":"https:\/\/www.eldigitaldeasturias.com\/noticias\/wp-json\/wp\/v2\/posts"}],"about":[{"href":"https:\/\/www.eldigitaldeasturias.com\/noticias\/wp-json\/wp\/v2\/types\/post"}],"author":[{"embeddable":true,"href":"https:\/\/www.eldigitaldeasturias.com\/noticias\/wp-json\/wp\/v2\/users\/1"}],"replies":[{"embeddable":true,"href":"https:\/\/www.eldigitaldeasturias.com\/noticias\/wp-json\/wp\/v2\/comments?post=853604"}],"version-history":[{"count":0,"href":"https:\/\/www.eldigitaldeasturias.com\/noticias\/wp-json\/wp\/v2\/posts\/853604\/revisions"}],"wp:featuredmedia":[{"embeddable":true,"href":"https:\/\/www.eldigitaldeasturias.com\/noticias\/wp-json\/wp\/v2\/media\/659697"}],"wp:attachment":[{"href":"https:\/\/www.eldigitaldeasturias.com\/noticias\/wp-json\/wp\/v2\/media?parent=853604"}],"wp:term":[{"taxonomy":"category","embeddable":true,"href":"https:\/\/www.eldigitaldeasturias.com\/noticias\/wp-json\/wp\/v2\/categories?post=853604"},{"taxonomy":"post_tag","embeddable":true,"href":"https:\/\/www.eldigitaldeasturias.com\/noticias\/wp-json\/wp\/v2\/tags?post=853604"}],"curies":[{"name":"wp","href":"https:\/\/api.w.org\/{rel}","templated":true}]}}