{"id":853595,"date":"2016-02-03T20:18:25","date_gmt":"2016-02-03T20:18:25","guid":{"rendered":"http:\/\/www.eldigitaldeasturias.com\/noticias\/?p=853595"},"modified":"2016-02-03T20:19:37","modified_gmt":"2016-02-03T20:19:37","slug":"los-agentes-de-la-policia-local-de-oviedo-ya-tienen-su-placa-identificativa-numerada","status":"publish","type":"post","link":"https:\/\/www.eldigitaldeasturias.com\/noticias\/los-agentes-de-la-policia-local-de-oviedo-ya-tienen-su-placa-identificativa-numerada\/","title":{"rendered":"Los agentes de la Polic\u00eda Local de Oviedo ya tienen su placa identificativa numerada"},"content":{"rendered":"<p><img loading=\"lazy\" decoding=\"async\" class=\"alignleft size-medium wp-image-853596\" src=\"https:\/\/www.eldigitaldeasturias.com\/noticias\/wp-content\/uploads\/2016\/02\/fotonoticia_20160203174259_800-360x240.jpg\" alt=\"fotonoticia_20160203174259_800\" width=\"360\" height=\"240\" srcset=\"https:\/\/www.eldigitaldeasturias.com\/noticias\/wp-content\/uploads\/2016\/02\/fotonoticia_20160203174259_800-360x240.jpg 360w, https:\/\/www.eldigitaldeasturias.com\/noticias\/wp-content\/uploads\/2016\/02\/fotonoticia_20160203174259_800-768x513.jpg 768w, https:\/\/www.eldigitaldeasturias.com\/noticias\/wp-content\/uploads\/2016\/02\/fotonoticia_20160203174259_800-650x434.jpg 650w, https:\/\/www.eldigitaldeasturias.com\/noticias\/wp-content\/uploads\/2016\/02\/fotonoticia_20160203174259_800-84x55.jpg 84w, https:\/\/www.eldigitaldeasturias.com\/noticias\/wp-content\/uploads\/2016\/02\/fotonoticia_20160203174259_800-49x32.jpg 49w, https:\/\/www.eldigitaldeasturias.com\/noticias\/wp-content\/uploads\/2016\/02\/fotonoticia_20160203174259_800.jpg 800w\" sizes=\"auto, (max-width: 360px) 100vw, 360px\" \/>La plantilla de municipales de Oviedo, en concreto 271 agentes, disponen ya de su placa identificativa numerada. Con la puesta en marcha de esta medida, la concejal\u00eda de Seguridad Ciudadana da cumplimiento a uno de los puntos incluidos en la ley de Coordinaci\u00f3n de las Polic\u00edas Locales.<\/p>\n<p>Seg\u00fan informa el Ayuntamiento en una nota de prensa, los miembros de los Cuerpos de la Polic\u00eda Local deber\u00e1n vestir el uniforme reglamentario con el n\u00famero de identificaci\u00f3n profesional. Adem\u00e1s ir\u00e1n provistos de un documento acreditativo profesional.<\/p>\n<p>La recepci\u00f3n de este material, que ya lucen a diario los agentes uniformados &#8211;salvo los de la Polic\u00eda Judicial porque suelen trabajar \u00abde paisano&#8211; permitir\u00e1 que \u00ablos cuerpos de seguridad hagan su trabajo con mejores condiciones y que ello repercuta directamente en los ciudadanos y ciudadanas\u00bb, ha se\u00f1alado el concejal encargado de esta cartera, Ricardo Fern\u00e1nez.<\/p>\n<p>De forma paralela, el \u00e1rea de Seguridad Ciudadana trabaja actualmente en un Plan de modernizaci\u00f3n con la introducci\u00f3n de dispositivos tecnol\u00f3gicos para la gesti\u00f3n de los procedimientos sancionadores y la digitalizaci\u00f3n de los procedimientos que hasta ahora se hacen en papel.<\/p>\n","protected":false},"excerpt":{"rendered":"<p>La plantilla de municipales de Oviedo, en concreto 271 agentes, disponen ya de su placa identificativa numerada. Con la puesta en marcha de esta medida, la concejal\u00eda de Seguridad Ciudadana da cumplimiento a uno de los puntos incluidos en la ley de Coordinaci\u00f3n de las Polic\u00edas Locales. Seg\u00fan informa el Ayuntamiento en una nota de [&hellip;]<\/p>\n","protected":false},"author":1,"featured_media":853596,"comment_status":"closed","ping_status":"closed","sticky":false,"template":"","format":"standard","meta":{"footnotes":""},"categories":[12],"tags":[],"class_list":["post-853595","post","type-post","status-publish","format-standard","has-post-thumbnail","hentry","category-actualidad-asturias"],"aioseo_notices":[],"aioseo_head":"\n\t\t<!-- All in One SEO Pro 4.9.6.2 - aioseo.com -->\n\t<meta name=\"description\" content=\"La plantilla de municipales de Oviedo, en concreto 271 agentes, disponen ya de su placa identificativa numerada. Con la puesta en marcha de esta medida, la concejal\u00eda de Seguridad Ciudadana da cumplimiento a uno de los puntos incluidos en la ley de Coordinaci\u00f3n de las Polic\u00edas Locales. Seg\u00fan informa el Ayuntamiento en una nota de\" \/>\n\t<meta name=\"robots\" content=\"max-image-preview:large\" \/>\n\t<meta name=\"author\" content=\"El Digital de Asturias\"\/>\n\t<meta name=\"google-site-verification\" content=\"UA-38556648-1\" \/>\n\t<meta name=\"msvalidate.01\" content=\"7dfe9f3f1b24437ab69f4f2559babe99\" \/>\n\t<meta name=\"keywords\" content=\"actualidad asturias\" \/>\n\t<link rel=\"canonical\" href=\"https:\/\/www.eldigitaldeasturias.com\/noticias\/los-agentes-de-la-policia-local-de-oviedo-ya-tienen-su-placa-identificativa-numerada\/\" \/>\n\t<meta name=\"generator\" content=\"All in One SEO Pro (AIOSEO) 4.9.6.2\" \/>\n\t\t<meta property=\"og:locale\" content=\"es_ES\" \/>\n\t\t<meta property=\"og:site_name\" content=\"El Digital de Asturias\" \/>\n\t\t<meta property=\"og:type\" content=\"article\" \/>\n\t\t<meta property=\"og:title\" content=\"Los agentes de la Polic\u00eda Local de Oviedo ya tienen su placa identificativa numerada - El Digital de Asturias\" \/>\n\t\t<meta property=\"og:description\" content=\"La plantilla de municipales de Oviedo, en concreto 271 agentes, disponen ya de su placa identificativa numerada. Con la puesta en marcha de esta medida, la concejal\u00eda de Seguridad Ciudadana da cumplimiento a uno de los puntos incluidos en la ley de Coordinaci\u00f3n de las Polic\u00edas Locales. Seg\u00fan informa el Ayuntamiento en una nota de\" \/>\n\t\t<meta property=\"og:url\" content=\"https:\/\/www.eldigitaldeasturias.com\/noticias\/los-agentes-de-la-policia-local-de-oviedo-ya-tienen-su-placa-identificativa-numerada\/\" \/>\n\t\t<meta property=\"og:image\" content=\"https:\/\/www.eldigitaldeasturias.com\/noticias\/wp-content\/uploads\/2016\/02\/fotonoticia_20160203174259_800.jpg\" \/>\n\t\t<meta property=\"og:image:secure_url\" content=\"https:\/\/www.eldigitaldeasturias.com\/noticias\/wp-content\/uploads\/2016\/02\/fotonoticia_20160203174259_800.jpg\" \/>\n\t\t<meta property=\"og:image:width\" content=\"800\" \/>\n\t\t<meta property=\"og:image:height\" content=\"534\" \/>\n\t\t<meta property=\"article:tag\" content=\"actualidad asturias\" \/>\n\t\t<meta property=\"article:published_time\" content=\"2016-02-03T20:18:25+00:00\" \/>\n\t\t<meta property=\"article:modified_time\" content=\"2016-02-03T20:19:37+00:00\" \/>\n\t\t<meta property=\"article:publisher\" content=\"https:\/\/facebook.com\/eldigitaldeasturias\" \/>\n\t\t<meta name=\"twitter:card\" content=\"summary_large_image\" \/>\n\t\t<meta name=\"twitter:title\" content=\"Los agentes de la Polic\u00eda Local de Oviedo ya tienen su placa identificativa numerada - El Digital de Asturias\" \/>\n\t\t<meta name=\"twitter:description\" content=\"La plantilla de municipales de Oviedo, en concreto 271 agentes, disponen ya de su placa identificativa numerada. Con la puesta en marcha de esta medida, la concejal\u00eda de Seguridad Ciudadana da cumplimiento a uno de los puntos incluidos en la ley de Coordinaci\u00f3n de las Polic\u00edas Locales. Seg\u00fan informa el Ayuntamiento en una nota de\" \/>\n\t\t<meta name=\"twitter:image\" content=\"https:\/\/www.eldigitaldeasturias.com\/noticias\/wp-content\/uploads\/2016\/02\/fotonoticia_20160203174259_800.jpg\" \/>\n\t\t<meta name=\"twitter:label1\" content=\"Escrito por\" \/>\n\t\t<meta name=\"twitter:data1\" content=\"El Digital de Asturias\" \/>\n\t\t<meta name=\"twitter:label2\" content=\"Tiempo de lectura estimado\" \/>\n\t\t<meta name=\"twitter:data2\" content=\"1 minuto\" \/>\n\t\t<script type=\"application\/ld+json\" class=\"aioseo-schema\">\n\t\t\t{\"@context\":\"https:\\\/\\\/schema.org\",\"@graph\":[{\"@type\":\"BlogPosting\",\"@id\":\"https:\\\/\\\/www.eldigitaldeasturias.com\\\/noticias\\\/los-agentes-de-la-policia-local-de-oviedo-ya-tienen-su-placa-identificativa-numerada\\\/#blogposting\",\"name\":\"Los agentes de la Polic\\u00eda Local de Oviedo ya tienen su placa identificativa numerada - El Digital de Asturias\",\"headline\":\"Los agentes de la Polic\\u00eda Local de Oviedo ya tienen su placa identificativa numerada\",\"author\":{\"@id\":\"https:\\\/\\\/www.eldigitaldeasturias.com\\\/noticias\\\/author\\\/admin\\\/#author\"},\"publisher\":{\"@id\":\"https:\\\/\\\/www.eldigitaldeasturias.com\\\/noticias\\\/#organization\"},\"image\":{\"@type\":\"ImageObject\",\"url\":\"https:\\\/\\\/www.eldigitaldeasturias.com\\\/noticias\\\/wp-content\\\/uploads\\\/2016\\\/02\\\/fotonoticia_20160203174259_800.jpg\",\"width\":800,\"height\":534},\"datePublished\":\"2016-02-03T20:18:25+01:00\",\"dateModified\":\"2016-02-03T20:19:37+01:00\",\"inLanguage\":\"es-ES\",\"mainEntityOfPage\":{\"@id\":\"https:\\\/\\\/www.eldigitaldeasturias.com\\\/noticias\\\/los-agentes-de-la-policia-local-de-oviedo-ya-tienen-su-placa-identificativa-numerada\\\/#webpage\"},\"isPartOf\":{\"@id\":\"https:\\\/\\\/www.eldigitaldeasturias.com\\\/noticias\\\/los-agentes-de-la-policia-local-de-oviedo-ya-tienen-su-placa-identificativa-numerada\\\/#webpage\"},\"articleSection\":\"Actualidad Asturias\"},{\"@type\":\"BreadcrumbList\",\"@id\":\"https:\\\/\\\/www.eldigitaldeasturias.com\\\/noticias\\\/los-agentes-de-la-policia-local-de-oviedo-ya-tienen-su-placa-identificativa-numerada\\\/#breadcrumblist\",\"itemListElement\":[{\"@type\":\"ListItem\",\"@id\":\"https:\\\/\\\/www.eldigitaldeasturias.com\\\/noticias#listItem\",\"position\":1,\"name\":\"Home\",\"item\":\"https:\\\/\\\/www.eldigitaldeasturias.com\\\/noticias\",\"nextItem\":{\"@type\":\"ListItem\",\"@id\":\"https:\\\/\\\/www.eldigitaldeasturias.com\\\/noticias\\\/category\\\/actualidad-asturias\\\/#listItem\",\"name\":\"Actualidad Asturias\"}},{\"@type\":\"ListItem\",\"@id\":\"https:\\\/\\\/www.eldigitaldeasturias.com\\\/noticias\\\/category\\\/actualidad-asturias\\\/#listItem\",\"position\":2,\"name\":\"Actualidad Asturias\",\"item\":\"https:\\\/\\\/www.eldigitaldeasturias.com\\\/noticias\\\/category\\\/actualidad-asturias\\\/\",\"nextItem\":{\"@type\":\"ListItem\",\"@id\":\"https:\\\/\\\/www.eldigitaldeasturias.com\\\/noticias\\\/los-agentes-de-la-policia-local-de-oviedo-ya-tienen-su-placa-identificativa-numerada\\\/#listItem\",\"name\":\"Los agentes de la Polic\\u00eda Local de Oviedo ya tienen su placa identificativa numerada\"},\"previousItem\":{\"@type\":\"ListItem\",\"@id\":\"https:\\\/\\\/www.eldigitaldeasturias.com\\\/noticias#listItem\",\"name\":\"Home\"}},{\"@type\":\"ListItem\",\"@id\":\"https:\\\/\\\/www.eldigitaldeasturias.com\\\/noticias\\\/los-agentes-de-la-policia-local-de-oviedo-ya-tienen-su-placa-identificativa-numerada\\\/#listItem\",\"position\":3,\"name\":\"Los agentes de la Polic\\u00eda Local de Oviedo ya tienen su placa identificativa numerada\",\"previousItem\":{\"@type\":\"ListItem\",\"@id\":\"https:\\\/\\\/www.eldigitaldeasturias.com\\\/noticias\\\/category\\\/actualidad-asturias\\\/#listItem\",\"name\":\"Actualidad Asturias\"}}]},{\"@type\":\"Organization\",\"@id\":\"https:\\\/\\\/www.eldigitaldeasturias.com\\\/noticias\\\/#organization\",\"name\":\"El Digital de Asturias\",\"description\":\"Hemeroteca\",\"url\":\"https:\\\/\\\/www.eldigitaldeasturias.com\\\/noticias\\\/\",\"email\":\"info@eldigitaldeasturias.com\",\"telephone\":\"+34652131393\",\"logo\":{\"@type\":\"ImageObject\",\"url\":\"https:\\\/\\\/www.eldigitaldeasturias.com\\\/noticias\\\/wp-content\\\/uploads\\\/2020\\\/12\\\/EDA.jpg\",\"@id\":\"https:\\\/\\\/www.eldigitaldeasturias.com\\\/noticias\\\/los-agentes-de-la-policia-local-de-oviedo-ya-tienen-su-placa-identificativa-numerada\\\/#organizationLogo\",\"width\":649,\"height\":297},\"image\":{\"@id\":\"https:\\\/\\\/www.eldigitaldeasturias.com\\\/noticias\\\/los-agentes-de-la-policia-local-de-oviedo-ya-tienen-su-placa-identificativa-numerada\\\/#organizationLogo\"},\"sameAs\":[\"https:\\\/\\\/facebook.com\\\/eldigitaldeasturias\",\"https:\\\/\\\/www.youtube.com\\\/channel\\\/UCZP-2wLEB9Rv6erhFmqVnvg\"],\"address\":{\"@id\":\"https:\\\/\\\/www.eldigitaldeasturias.com\\\/noticias\\\/#postaladdress\",\"@type\":\"PostalAddress\",\"streetAddress\":\"san antonio 4,\",\"postalCode\":\"33430\",\"addressLocality\":\"Cand\\u00e1s\",\"addressRegion\":\"Asturias\",\"addressCountry\":\"ES\"}},{\"@type\":\"Person\",\"@id\":\"https:\\\/\\\/www.eldigitaldeasturias.com\\\/noticias\\\/author\\\/admin\\\/#author\",\"url\":\"https:\\\/\\\/www.eldigitaldeasturias.com\\\/noticias\\\/author\\\/admin\\\/\",\"name\":\"El Digital de Asturias\",\"image\":{\"@type\":\"ImageObject\",\"@id\":\"https:\\\/\\\/www.eldigitaldeasturias.com\\\/noticias\\\/los-agentes-de-la-policia-local-de-oviedo-ya-tienen-su-placa-identificativa-numerada\\\/#authorImage\",\"url\":\"https:\\\/\\\/www.eldigitaldeasturias.com\\\/noticias\\\/wp-content\\\/litespeed\\\/avatar\\\/18677e78aa0546b92d9dbf31ec7d7668.jpg?ver=1777290358\",\"width\":96,\"height\":96,\"caption\":\"El Digital de Asturias\"}},{\"@type\":\"WebPage\",\"@id\":\"https:\\\/\\\/www.eldigitaldeasturias.com\\\/noticias\\\/los-agentes-de-la-policia-local-de-oviedo-ya-tienen-su-placa-identificativa-numerada\\\/#webpage\",\"url\":\"https:\\\/\\\/www.eldigitaldeasturias.com\\\/noticias\\\/los-agentes-de-la-policia-local-de-oviedo-ya-tienen-su-placa-identificativa-numerada\\\/\",\"name\":\"Los agentes de la Polic\\u00eda Local de Oviedo ya tienen su placa identificativa numerada - El Digital de Asturias\",\"description\":\"La plantilla de municipales de Oviedo, en concreto 271 agentes, disponen ya de su placa identificativa numerada. Con la puesta en marcha de esta medida, la concejal\\u00eda de Seguridad Ciudadana da cumplimiento a uno de los puntos incluidos en la ley de Coordinaci\\u00f3n de las Polic\\u00edas Locales. Seg\\u00fan informa el Ayuntamiento en una nota de\",\"inLanguage\":\"es-ES\",\"isPartOf\":{\"@id\":\"https:\\\/\\\/www.eldigitaldeasturias.com\\\/noticias\\\/#website\"},\"breadcrumb\":{\"@id\":\"https:\\\/\\\/www.eldigitaldeasturias.com\\\/noticias\\\/los-agentes-de-la-policia-local-de-oviedo-ya-tienen-su-placa-identificativa-numerada\\\/#breadcrumblist\"},\"author\":{\"@id\":\"https:\\\/\\\/www.eldigitaldeasturias.com\\\/noticias\\\/author\\\/admin\\\/#author\"},\"creator\":{\"@id\":\"https:\\\/\\\/www.eldigitaldeasturias.com\\\/noticias\\\/author\\\/admin\\\/#author\"},\"image\":{\"@type\":\"ImageObject\",\"url\":\"https:\\\/\\\/www.eldigitaldeasturias.com\\\/noticias\\\/wp-content\\\/uploads\\\/2016\\\/02\\\/fotonoticia_20160203174259_800.jpg\",\"@id\":\"https:\\\/\\\/www.eldigitaldeasturias.com\\\/noticias\\\/los-agentes-de-la-policia-local-de-oviedo-ya-tienen-su-placa-identificativa-numerada\\\/#mainImage\",\"width\":800,\"height\":534},\"primaryImageOfPage\":{\"@id\":\"https:\\\/\\\/www.eldigitaldeasturias.com\\\/noticias\\\/los-agentes-de-la-policia-local-de-oviedo-ya-tienen-su-placa-identificativa-numerada\\\/#mainImage\"},\"datePublished\":\"2016-02-03T20:18:25+01:00\",\"dateModified\":\"2016-02-03T20:19:37+01:00\"},{\"@type\":\"WebSite\",\"@id\":\"https:\\\/\\\/www.eldigitaldeasturias.com\\\/noticias\\\/#website\",\"url\":\"https:\\\/\\\/www.eldigitaldeasturias.com\\\/noticias\\\/\",\"name\":\"El Digital de Asturias - Diario de actualidad y noticias\",\"alternateName\":\"El Digital de Asturias - Diario de actualidad y noticias\",\"description\":\"Hemeroteca\",\"inLanguage\":\"es-ES\",\"publisher\":{\"@id\":\"https:\\\/\\\/www.eldigitaldeasturias.com\\\/noticias\\\/#organization\"}}]}\n\t\t<\/script>\n\t\t<!-- All in One SEO Pro -->\r\n\t\t<title>Los agentes de la Polic\u00eda Local de Oviedo ya tienen su placa identificativa numerada - El Digital de Asturias<\/title>\n\n","aioseo_head_json":{"title":"Los agentes de la Polic\u00eda Local de Oviedo ya tienen su placa identificativa numerada - El Digital de Asturias","description":"La plantilla de municipales de Oviedo, en concreto 271 agentes, disponen ya de su placa identificativa numerada. Con la puesta en marcha de esta medida, la concejal\u00eda de Seguridad Ciudadana da cumplimiento a uno de los puntos incluidos en la ley de Coordinaci\u00f3n de las Polic\u00edas Locales. Seg\u00fan informa el Ayuntamiento en una nota de","canonical_url":"https:\/\/www.eldigitaldeasturias.com\/noticias\/los-agentes-de-la-policia-local-de-oviedo-ya-tienen-su-placa-identificativa-numerada\/","robots":"max-image-preview:large","keywords":"actualidad asturias","webmasterTools":{"google-site-verification":"UA-38556648-1","msvalidate.01":"7dfe9f3f1b24437ab69f4f2559babe99","miscellaneous":""},"schema":{"@context":"https:\/\/schema.org","@graph":[{"@type":"BlogPosting","@id":"https:\/\/www.eldigitaldeasturias.com\/noticias\/los-agentes-de-la-policia-local-de-oviedo-ya-tienen-su-placa-identificativa-numerada\/#blogposting","name":"Los agentes de la Polic\u00eda Local de Oviedo ya tienen su placa identificativa numerada - El Digital de Asturias","headline":"Los agentes de la Polic\u00eda Local de Oviedo ya tienen su placa identificativa numerada","author":{"@id":"https:\/\/www.eldigitaldeasturias.com\/noticias\/author\/admin\/#author"},"publisher":{"@id":"https:\/\/www.eldigitaldeasturias.com\/noticias\/#organization"},"image":{"@type":"ImageObject","url":"https:\/\/www.eldigitaldeasturias.com\/noticias\/wp-content\/uploads\/2016\/02\/fotonoticia_20160203174259_800.jpg","width":800,"height":534},"datePublished":"2016-02-03T20:18:25+01:00","dateModified":"2016-02-03T20:19:37+01:00","inLanguage":"es-ES","mainEntityOfPage":{"@id":"https:\/\/www.eldigitaldeasturias.com\/noticias\/los-agentes-de-la-policia-local-de-oviedo-ya-tienen-su-placa-identificativa-numerada\/#webpage"},"isPartOf":{"@id":"https:\/\/www.eldigitaldeasturias.com\/noticias\/los-agentes-de-la-policia-local-de-oviedo-ya-tienen-su-placa-identificativa-numerada\/#webpage"},"articleSection":"Actualidad Asturias"},{"@type":"BreadcrumbList","@id":"https:\/\/www.eldigitaldeasturias.com\/noticias\/los-agentes-de-la-policia-local-de-oviedo-ya-tienen-su-placa-identificativa-numerada\/#breadcrumblist","itemListElement":[{"@type":"ListItem","@id":"https:\/\/www.eldigitaldeasturias.com\/noticias#listItem","position":1,"name":"Home","item":"https:\/\/www.eldigitaldeasturias.com\/noticias","nextItem":{"@type":"ListItem","@id":"https:\/\/www.eldigitaldeasturias.com\/noticias\/category\/actualidad-asturias\/#listItem","name":"Actualidad Asturias"}},{"@type":"ListItem","@id":"https:\/\/www.eldigitaldeasturias.com\/noticias\/category\/actualidad-asturias\/#listItem","position":2,"name":"Actualidad Asturias","item":"https:\/\/www.eldigitaldeasturias.com\/noticias\/category\/actualidad-asturias\/","nextItem":{"@type":"ListItem","@id":"https:\/\/www.eldigitaldeasturias.com\/noticias\/los-agentes-de-la-policia-local-de-oviedo-ya-tienen-su-placa-identificativa-numerada\/#listItem","name":"Los agentes de la Polic\u00eda Local de Oviedo ya tienen su placa identificativa numerada"},"previousItem":{"@type":"ListItem","@id":"https:\/\/www.eldigitaldeasturias.com\/noticias#listItem","name":"Home"}},{"@type":"ListItem","@id":"https:\/\/www.eldigitaldeasturias.com\/noticias\/los-agentes-de-la-policia-local-de-oviedo-ya-tienen-su-placa-identificativa-numerada\/#listItem","position":3,"name":"Los agentes de la Polic\u00eda Local de Oviedo ya tienen su placa identificativa numerada","previousItem":{"@type":"ListItem","@id":"https:\/\/www.eldigitaldeasturias.com\/noticias\/category\/actualidad-asturias\/#listItem","name":"Actualidad Asturias"}}]},{"@type":"Organization","@id":"https:\/\/www.eldigitaldeasturias.com\/noticias\/#organization","name":"El Digital de Asturias","description":"Hemeroteca","url":"https:\/\/www.eldigitaldeasturias.com\/noticias\/","email":"info@eldigitaldeasturias.com","telephone":"+34652131393","logo":{"@type":"ImageObject","url":"https:\/\/www.eldigitaldeasturias.com\/noticias\/wp-content\/uploads\/2020\/12\/EDA.jpg","@id":"https:\/\/www.eldigitaldeasturias.com\/noticias\/los-agentes-de-la-policia-local-de-oviedo-ya-tienen-su-placa-identificativa-numerada\/#organizationLogo","width":649,"height":297},"image":{"@id":"https:\/\/www.eldigitaldeasturias.com\/noticias\/los-agentes-de-la-policia-local-de-oviedo-ya-tienen-su-placa-identificativa-numerada\/#organizationLogo"},"sameAs":["https:\/\/facebook.com\/eldigitaldeasturias","https:\/\/www.youtube.com\/channel\/UCZP-2wLEB9Rv6erhFmqVnvg"],"address":{"@id":"https:\/\/www.eldigitaldeasturias.com\/noticias\/#postaladdress","@type":"PostalAddress","streetAddress":"san antonio 4,","postalCode":"33430","addressLocality":"Cand\u00e1s","addressRegion":"Asturias","addressCountry":"ES"}},{"@type":"Person","@id":"https:\/\/www.eldigitaldeasturias.com\/noticias\/author\/admin\/#author","url":"https:\/\/www.eldigitaldeasturias.com\/noticias\/author\/admin\/","name":"El Digital de Asturias","image":{"@type":"ImageObject","@id":"https:\/\/www.eldigitaldeasturias.com\/noticias\/los-agentes-de-la-policia-local-de-oviedo-ya-tienen-su-placa-identificativa-numerada\/#authorImage","url":"https:\/\/www.eldigitaldeasturias.com\/noticias\/wp-content\/litespeed\/avatar\/18677e78aa0546b92d9dbf31ec7d7668.jpg?ver=1777290358","width":96,"height":96,"caption":"El Digital de Asturias"}},{"@type":"WebPage","@id":"https:\/\/www.eldigitaldeasturias.com\/noticias\/los-agentes-de-la-policia-local-de-oviedo-ya-tienen-su-placa-identificativa-numerada\/#webpage","url":"https:\/\/www.eldigitaldeasturias.com\/noticias\/los-agentes-de-la-policia-local-de-oviedo-ya-tienen-su-placa-identificativa-numerada\/","name":"Los agentes de la Polic\u00eda Local de Oviedo ya tienen su placa identificativa numerada - El Digital de Asturias","description":"La plantilla de municipales de Oviedo, en concreto 271 agentes, disponen ya de su placa identificativa numerada. Con la puesta en marcha de esta medida, la concejal\u00eda de Seguridad Ciudadana da cumplimiento a uno de los puntos incluidos en la ley de Coordinaci\u00f3n de las Polic\u00edas Locales. Seg\u00fan informa el Ayuntamiento en una nota de","inLanguage":"es-ES","isPartOf":{"@id":"https:\/\/www.eldigitaldeasturias.com\/noticias\/#website"},"breadcrumb":{"@id":"https:\/\/www.eldigitaldeasturias.com\/noticias\/los-agentes-de-la-policia-local-de-oviedo-ya-tienen-su-placa-identificativa-numerada\/#breadcrumblist"},"author":{"@id":"https:\/\/www.eldigitaldeasturias.com\/noticias\/author\/admin\/#author"},"creator":{"@id":"https:\/\/www.eldigitaldeasturias.com\/noticias\/author\/admin\/#author"},"image":{"@type":"ImageObject","url":"https:\/\/www.eldigitaldeasturias.com\/noticias\/wp-content\/uploads\/2016\/02\/fotonoticia_20160203174259_800.jpg","@id":"https:\/\/www.eldigitaldeasturias.com\/noticias\/los-agentes-de-la-policia-local-de-oviedo-ya-tienen-su-placa-identificativa-numerada\/#mainImage","width":800,"height":534},"primaryImageOfPage":{"@id":"https:\/\/www.eldigitaldeasturias.com\/noticias\/los-agentes-de-la-policia-local-de-oviedo-ya-tienen-su-placa-identificativa-numerada\/#mainImage"},"datePublished":"2016-02-03T20:18:25+01:00","dateModified":"2016-02-03T20:19:37+01:00"},{"@type":"WebSite","@id":"https:\/\/www.eldigitaldeasturias.com\/noticias\/#website","url":"https:\/\/www.eldigitaldeasturias.com\/noticias\/","name":"El Digital de Asturias - Diario de actualidad y noticias","alternateName":"El Digital de Asturias - Diario de actualidad y noticias","description":"Hemeroteca","inLanguage":"es-ES","publisher":{"@id":"https:\/\/www.eldigitaldeasturias.com\/noticias\/#organization"}}]},"og:locale":"es_ES","og:site_name":"El Digital de Asturias","og:type":"article","og:title":"Los agentes de la Polic\u00eda Local de Oviedo ya tienen su placa identificativa numerada - El Digital de Asturias","og:description":"La plantilla de municipales de Oviedo, en concreto 271 agentes, disponen ya de su placa identificativa numerada. Con la puesta en marcha de esta medida, la concejal\u00eda de Seguridad Ciudadana da cumplimiento a uno de los puntos incluidos en la ley de Coordinaci\u00f3n de las Polic\u00edas Locales. Seg\u00fan informa el Ayuntamiento en una nota de","og:url":"https:\/\/www.eldigitaldeasturias.com\/noticias\/los-agentes-de-la-policia-local-de-oviedo-ya-tienen-su-placa-identificativa-numerada\/","og:image":"https:\/\/www.eldigitaldeasturias.com\/noticias\/wp-content\/uploads\/2016\/02\/fotonoticia_20160203174259_800.jpg","og:image:secure_url":"https:\/\/www.eldigitaldeasturias.com\/noticias\/wp-content\/uploads\/2016\/02\/fotonoticia_20160203174259_800.jpg","og:image:width":800,"og:image:height":534,"article:tag":["actualidad asturias"],"article:published_time":"2016-02-03T20:18:25+00:00","article:modified_time":"2016-02-03T20:19:37+00:00","article:publisher":"https:\/\/facebook.com\/eldigitaldeasturias","twitter:card":"summary_large_image","twitter:title":"Los agentes de la Polic\u00eda Local de Oviedo ya tienen su placa identificativa numerada - El Digital de Asturias","twitter:description":"La plantilla de municipales de Oviedo, en concreto 271 agentes, disponen ya de su placa identificativa numerada. Con la puesta en marcha de esta medida, la concejal\u00eda de Seguridad Ciudadana da cumplimiento a uno de los puntos incluidos en la ley de Coordinaci\u00f3n de las Polic\u00edas Locales. Seg\u00fan informa el Ayuntamiento en una nota de","twitter:image":"https:\/\/www.eldigitaldeasturias.com\/noticias\/wp-content\/uploads\/2016\/02\/fotonoticia_20160203174259_800.jpg","twitter:label1":"Escrito por","twitter:data1":"El Digital de Asturias","twitter:label2":"Tiempo de lectura estimado","twitter:data2":"1 minuto"},"aioseo_meta_data":{"post_id":"853595","title":null,"description":null,"keywords":null,"keyphrases":null,"primary_term":null,"canonical_url":null,"og_title":null,"og_description":null,"og_object_type":"default","og_image_type":"default","og_image_url":null,"og_image_width":null,"og_image_height":null,"og_image_custom_url":null,"og_image_custom_fields":null,"og_video":null,"og_custom_url":null,"og_article_section":null,"og_article_tags":null,"twitter_use_og":false,"twitter_card":"default","twitter_image_type":"default","twitter_image_url":null,"twitter_image_custom_url":null,"twitter_image_custom_fields":null,"twitter_title":null,"twitter_description":null,"schema":{"blockGraphs":[],"customGraphs":[],"default":{"data":{"Article":[],"Course":[],"Dataset":[],"FAQPage":[],"Movie":[],"Person":[],"Product":[],"ProductReview":[],"Car":[],"Recipe":[],"Service":[],"SoftwareApplication":[],"WebPage":[]},"graphName":"","isEnabled":true},"graphs":[],"defaultGraph":"","defaultPostTypeGraph":""},"schema_type":null,"schema_type_options":null,"pillar_content":false,"robots_default":true,"robots_noindex":false,"robots_noarchive":false,"robots_nosnippet":false,"robots_nofollow":false,"robots_noimageindex":false,"robots_noodp":false,"robots_notranslate":false,"robots_max_snippet":null,"robots_max_videopreview":null,"robots_max_imagepreview":"large","priority":null,"frequency":null,"local_seo":null,"seo_analyzer_scan_date":"2025-12-09 18:44:22","breadcrumb_settings":null,"limit_modified_date":false,"open_ai":null,"ai":null,"created":"2021-01-23 14:09:17","updated":"2025-12-09 18:44:22"},"aioseo_breadcrumb":"<div class=\"aioseo-breadcrumbs\"><span class=\"aioseo-breadcrumb\">\n\t<a href=\"https:\/\/www.eldigitaldeasturias.com\/noticias\" title=\"Home\">Home<\/a>\n<\/span><span class=\"aioseo-breadcrumb-separator\">\u2013<\/span><span class=\"aioseo-breadcrumb\">\n\t<a href=\"https:\/\/www.eldigitaldeasturias.com\/noticias\/category\/actualidad-asturias\/\" title=\"Actualidad Asturias\">Actualidad Asturias<\/a>\n<\/span><span class=\"aioseo-breadcrumb-separator\">\u2013<\/span><span class=\"aioseo-breadcrumb\">\n\t<a href=\"https:\/\/www.eldigitaldeasturias.com\/noticias\/los-agentes-de-la-policia-local-de-oviedo-ya-tienen-su-placa-identificativa-numerada\/\" title=\"Los agentes de la Polic\u00eda Local de Oviedo ya tienen su placa identificativa numerada\">Los agentes de la Polic\u00eda Local de Oviedo ya tienen su placa identificativa numerada<\/a>\n<\/span><\/div>","aioseo_breadcrumb_json":[{"label":"Home","link":"https:\/\/www.eldigitaldeasturias.com\/noticias"},{"label":"Actualidad Asturias","link":"https:\/\/www.eldigitaldeasturias.com\/noticias\/category\/actualidad-asturias\/"},{"label":"Los agentes de la Polic\u00eda Local de Oviedo ya tienen su placa identificativa numerada","link":"https:\/\/www.eldigitaldeasturias.com\/noticias\/los-agentes-de-la-policia-local-de-oviedo-ya-tienen-su-placa-identificativa-numerada\/"}],"_links":{"self":[{"href":"https:\/\/www.eldigitaldeasturias.com\/noticias\/wp-json\/wp\/v2\/posts\/853595","targetHints":{"allow":["GET"]}}],"collection":[{"href":"https:\/\/www.eldigitaldeasturias.com\/noticias\/wp-json\/wp\/v2\/posts"}],"about":[{"href":"https:\/\/www.eldigitaldeasturias.com\/noticias\/wp-json\/wp\/v2\/types\/post"}],"author":[{"embeddable":true,"href":"https:\/\/www.eldigitaldeasturias.com\/noticias\/wp-json\/wp\/v2\/users\/1"}],"replies":[{"embeddable":true,"href":"https:\/\/www.eldigitaldeasturias.com\/noticias\/wp-json\/wp\/v2\/comments?post=853595"}],"version-history":[{"count":0,"href":"https:\/\/www.eldigitaldeasturias.com\/noticias\/wp-json\/wp\/v2\/posts\/853595\/revisions"}],"wp:featuredmedia":[{"embeddable":true,"href":"https:\/\/www.eldigitaldeasturias.com\/noticias\/wp-json\/wp\/v2\/media\/853596"}],"wp:attachment":[{"href":"https:\/\/www.eldigitaldeasturias.com\/noticias\/wp-json\/wp\/v2\/media?parent=853595"}],"wp:term":[{"taxonomy":"category","embeddable":true,"href":"https:\/\/www.eldigitaldeasturias.com\/noticias\/wp-json\/wp\/v2\/categories?post=853595"},{"taxonomy":"post_tag","embeddable":true,"href":"https:\/\/www.eldigitaldeasturias.com\/noticias\/wp-json\/wp\/v2\/tags?post=853595"}],"curies":[{"name":"wp","href":"https:\/\/api.w.org\/{rel}","templated":true}]}}