{"id":853592,"date":"2016-02-03T20:16:33","date_gmt":"2016-02-03T20:16:33","guid":{"rendered":"http:\/\/www.eldigitaldeasturias.com\/noticias\/?p=853592"},"modified":"2016-02-03T20:16:33","modified_gmt":"2016-02-03T20:16:33","slug":"confirmado-el-rechazo-de-la-ue-a-la-orden-ministerial-de-ayudas-al-carbon-autoctono","status":"publish","type":"post","link":"https:\/\/www.eldigitaldeasturias.com\/noticias\/confirmado-el-rechazo-de-la-ue-a-la-orden-ministerial-de-ayudas-al-carbon-autoctono\/","title":{"rendered":"Confirmado el rechazo de la UE a la orden ministerial de ayudas al carb\u00f3n aut\u00f3ctono"},"content":{"rendered":"<p><img loading=\"lazy\" decoding=\"async\" class=\"alignleft size-medium wp-image-853593\" src=\"https:\/\/www.eldigitaldeasturias.com\/noticias\/wp-content\/uploads\/2016\/02\/fotonoticia_20160203173318_800-360x257.jpg\" alt=\"fotonoticia_20160203173318_800\" width=\"360\" height=\"257\" srcset=\"https:\/\/www.eldigitaldeasturias.com\/noticias\/wp-content\/uploads\/2016\/02\/fotonoticia_20160203173318_800-360x257.jpg 360w, https:\/\/www.eldigitaldeasturias.com\/noticias\/wp-content\/uploads\/2016\/02\/fotonoticia_20160203173318_800-768x548.jpg 768w, https:\/\/www.eldigitaldeasturias.com\/noticias\/wp-content\/uploads\/2016\/02\/fotonoticia_20160203173318_800-650x464.jpg 650w, https:\/\/www.eldigitaldeasturias.com\/noticias\/wp-content\/uploads\/2016\/02\/fotonoticia_20160203173318_800.jpg 800w\" sizes=\"auto, (max-width: 360px) 100vw, 360px\" \/>La Junta de Castilla y Le\u00f3n ha confirmado que la orden que fijaba ayudas al carb\u00f3n aut\u00f3ctono ha recibido el rechazo de la Uni\u00f3n Europea, por lo que buscar\u00e1 convencer a la Comisi\u00f3n de su necesidad y tratar\u00e1 de justificar que no son ayudas de Estado.<\/p>\n<p>As\u00ed lo ha dado a conocer la consejera de Econom\u00eda y Hacienda, Pilar del Olmo, tras la reuni\u00f3n del &#8216;Foro para el futuro del sector del carb\u00f3n y de las cuencas mineras de Castilla y Le\u00f3n&#8217;, en la que est\u00e1n representadas la patronal castellanoleonesa y los sindicatos UGT y CCOO.<\/p>\n<p>Del Olmo, en declaraciones a los medios recogidas por Europa Press, ha recordado que la orden ministerial que contemplaba ayudas al consumo de carb\u00f3n aut\u00f3ctono y para desnitrificaci\u00f3n cont\u00f3 con el informe desfavorable de la Comisi\u00f3n Nacional del Mercado de la Competencia y ahora \u00abse ha ca\u00eddo\u00bb.<\/p>\n<p>Sin embargo, la consejera ha se\u00f1alado que tratar\u00e1n de convencer a la Comisi\u00f3n Europea de que las ayudas no se consideren \u00abde Estado\u00bb y de la necesidad de las mismas para la existencia de carb\u00f3n aut\u00f3ctono, como fuente energ\u00e9tica natural que garantice el suministro el\u00e9ctrico en Espa\u00f1a. As\u00ed, tratar\u00e1n de explicar qu\u00e9 significa la \u00abseguridad del suministro\u00bb y el motivo por el que no puede considerarse ayuda de Estado.<\/p>\n<p>La consejera ha explicado que actualmente \u00aburge\u00bb conseguir las ayudas equivalentes al &#8216;c\u00e9ntimo verde&#8217;, que supondr\u00edan entre 10 y 15 euros por tonelada, que har\u00eda que el carb\u00f3n aut\u00f3ctono fuera competitivo en relaci\u00f3n al importado.<\/p>\n<p>As\u00ed, la Junta, que cuenta con el apoyo de los sindicatos y la patronal, acudir\u00e1 a la Uni\u00f3n Europea para pedir tambi\u00e9n que no se consideren as\u00ed las ayudas a la desnitrificaci\u00f3n que contemplaba la orden ministerial, dado que es tan importante hacer competitivo el carb\u00f3n como que las centrales lo compren y se adapten a la directiva de emisiones industriales.<\/p>\n<p>La titular de Econom\u00eda y Hacienda ha asegurado que el Ministerio, aunque su titular, Jos\u00e9 Manuel Soria, est\u00e1 en funciones, mantiene reuniones con la Uni\u00f3n Europea en este sentido, algo que tambi\u00e9n har\u00e1 Castilla y Le\u00f3n para buscar el \u00abdesbloqueo\u00bb de estas ayudas, que \u00abse necesitan urgentemente\u00bb.<\/p>\n<p>Paralelamente, la Junta ha indicado que tambi\u00e9n mantendr\u00e1n reuniones con las compa\u00f1\u00edas el\u00e9ctricas para abordar esta situaci\u00f3n.<\/p>\n<p>LA MINER\u00cdA, EN EL \u00abABISMO\u00bb<\/p>\n<p>En este contexto, el representante del Sector Minero de UGT en Castilla y Le\u00f3n, Jorge D\u00edez, ha mostrado su sorpresa ante el anuncio de que la orden se ha \u00abca\u00eddo\u00bb porque la Comisi\u00f3n Europea no da el visto bueno a la misma, ya que esto les lleva el \u00ababismo\u00bb, ya que se puede aguantar \u00abpoco m\u00e1s\u00bb e incluso ha dudado de que si esto no se soluciona antes de verano el sector pueda sobrevivir m\u00e1s all\u00e1 de este a\u00f1o.<\/p>\n<p>D\u00edez ha aclarado que no se puede obligar a comprar el carb\u00f3n aut\u00f3ctono a las el\u00e9ctricas, que \u00abjuegan su baza\u00bb, por lo que no ve \u00absalida\u00bb y ha criticado que ahora se diga que el Gobierno est\u00e1 \u00aben funciones\u00bb cuando en los \u00faltimos cuatro a\u00f1os ha \u00abincumplido\u00bb.<\/p>\n<p>Por su parte, el secretario general de CCOO Industria en Castilla y Le\u00f3n, \u00c1ngel Manuel Santos, ha exigido a la Junta un compromiso con el sector en un momento \u00abdram\u00e1tico y urgente\u00bb si realmente hay intenciones de salvarlo despu\u00e9s de que el Gobierno central lo haya \u00abdilapilado\u00bb y haber \u00abincumplido absolutamente todo\u00bb.<\/p>\n<p>Sin embargo, frente a esta visi\u00f3n negativa de los sindicatos, el presidente de la Confederaci\u00f3n de Organizaciones Empresariales de Castilla y Le\u00f3n (Cecale), Santiago Aparicio, considera que hay que ser \u00abpacientes\u00bb y \u00abesperar\u00bb para ver las determinaciones que se toman a lo largo del tiempo.<\/p>\n<p>Aparicio ha incidido en que no es una cuesti\u00f3n que dependa de Castilla y Le\u00f3n, sino del Ejecutivo central y de Europa, por lo que una vez que se trabajen \u00abesos flecos\u00bb habr\u00e1 que ver lo que pasa y analizar la situaci\u00f3n.<\/p>\n","protected":false},"excerpt":{"rendered":"<p>La Junta de Castilla y Le\u00f3n ha confirmado que la orden que fijaba ayudas al carb\u00f3n aut\u00f3ctono ha recibido el rechazo de la Uni\u00f3n Europea, por lo que buscar\u00e1 convencer a la Comisi\u00f3n de su necesidad y tratar\u00e1 de justificar que no son ayudas de Estado. As\u00ed lo ha dado a conocer la consejera de [&hellip;]<\/p>\n","protected":false},"author":1,"featured_media":853593,"comment_status":"closed","ping_status":"closed","sticky":false,"template":"","format":"standard","meta":{"footnotes":""},"categories":[1],"tags":[],"class_list":["post-853592","post","type-post","status-publish","format-standard","has-post-thumbnail","hentry","category-actualidad"],"aioseo_notices":[],"aioseo_head":"\n\t\t<!-- All in One SEO Pro 4.9.6.2 - aioseo.com -->\n\t<meta name=\"description\" content=\"La Junta de Castilla y Le\u00f3n ha confirmado que la orden que fijaba ayudas al carb\u00f3n aut\u00f3ctono ha recibido el rechazo de la Uni\u00f3n Europea, por lo que buscar\u00e1 convencer a la Comisi\u00f3n de su necesidad y tratar\u00e1 de justificar que no son ayudas de Estado. As\u00ed lo ha dado a conocer la consejera de\" \/>\n\t<meta name=\"robots\" content=\"max-image-preview:large\" \/>\n\t<meta name=\"author\" content=\"El Digital de Asturias\"\/>\n\t<meta name=\"google-site-verification\" content=\"UA-38556648-1\" \/>\n\t<meta name=\"msvalidate.01\" content=\"7dfe9f3f1b24437ab69f4f2559babe99\" \/>\n\t<meta name=\"keywords\" content=\"actualidad\" \/>\n\t<link rel=\"canonical\" href=\"https:\/\/www.eldigitaldeasturias.com\/noticias\/confirmado-el-rechazo-de-la-ue-a-la-orden-ministerial-de-ayudas-al-carbon-autoctono\/\" \/>\n\t<meta name=\"generator\" content=\"All in One SEO Pro (AIOSEO) 4.9.6.2\" \/>\n\t\t<meta property=\"og:locale\" content=\"es_ES\" \/>\n\t\t<meta property=\"og:site_name\" content=\"El Digital de Asturias\" \/>\n\t\t<meta property=\"og:type\" content=\"article\" \/>\n\t\t<meta property=\"og:title\" content=\"Confirmado el rechazo de la UE a la orden ministerial de ayudas al carb\u00f3n aut\u00f3ctono - El Digital de Asturias\" \/>\n\t\t<meta property=\"og:description\" content=\"La Junta de Castilla y Le\u00f3n ha confirmado que la orden que fijaba ayudas al carb\u00f3n aut\u00f3ctono ha recibido el rechazo de la Uni\u00f3n Europea, por lo que buscar\u00e1 convencer a la Comisi\u00f3n de su necesidad y tratar\u00e1 de justificar que no son ayudas de Estado. As\u00ed lo ha dado a conocer la consejera de\" \/>\n\t\t<meta property=\"og:url\" content=\"https:\/\/www.eldigitaldeasturias.com\/noticias\/confirmado-el-rechazo-de-la-ue-a-la-orden-ministerial-de-ayudas-al-carbon-autoctono\/\" \/>\n\t\t<meta property=\"og:image\" content=\"https:\/\/www.eldigitaldeasturias.com\/noticias\/wp-content\/uploads\/2016\/02\/fotonoticia_20160203173318_800.jpg\" \/>\n\t\t<meta property=\"og:image:secure_url\" content=\"https:\/\/www.eldigitaldeasturias.com\/noticias\/wp-content\/uploads\/2016\/02\/fotonoticia_20160203173318_800.jpg\" \/>\n\t\t<meta property=\"og:image:width\" content=\"800\" \/>\n\t\t<meta property=\"og:image:height\" content=\"571\" \/>\n\t\t<meta property=\"article:tag\" content=\"actualidad\" \/>\n\t\t<meta property=\"article:published_time\" content=\"2016-02-03T20:16:33+00:00\" \/>\n\t\t<meta property=\"article:modified_time\" content=\"2016-02-03T20:16:33+00:00\" \/>\n\t\t<meta property=\"article:publisher\" content=\"https:\/\/facebook.com\/eldigitaldeasturias\" \/>\n\t\t<meta name=\"twitter:card\" content=\"summary_large_image\" \/>\n\t\t<meta name=\"twitter:title\" content=\"Confirmado el rechazo de la UE a la orden ministerial de ayudas al carb\u00f3n aut\u00f3ctono - El Digital de Asturias\" \/>\n\t\t<meta name=\"twitter:description\" content=\"La Junta de Castilla y Le\u00f3n ha confirmado que la orden que fijaba ayudas al carb\u00f3n aut\u00f3ctono ha recibido el rechazo de la Uni\u00f3n Europea, por lo que buscar\u00e1 convencer a la Comisi\u00f3n de su necesidad y tratar\u00e1 de justificar que no son ayudas de Estado. As\u00ed lo ha dado a conocer la consejera de\" \/>\n\t\t<meta name=\"twitter:image\" content=\"https:\/\/www.eldigitaldeasturias.com\/noticias\/wp-content\/uploads\/2016\/02\/fotonoticia_20160203173318_800.jpg\" \/>\n\t\t<meta name=\"twitter:label1\" content=\"Escrito por\" \/>\n\t\t<meta name=\"twitter:data1\" content=\"El Digital de Asturias\" \/>\n\t\t<meta name=\"twitter:label2\" content=\"Tiempo de lectura estimado\" \/>\n\t\t<meta name=\"twitter:data2\" content=\"4 minutos\" \/>\n\t\t<script type=\"application\/ld+json\" class=\"aioseo-schema\">\n\t\t\t{\"@context\":\"https:\\\/\\\/schema.org\",\"@graph\":[{\"@type\":\"BlogPosting\",\"@id\":\"https:\\\/\\\/www.eldigitaldeasturias.com\\\/noticias\\\/confirmado-el-rechazo-de-la-ue-a-la-orden-ministerial-de-ayudas-al-carbon-autoctono\\\/#blogposting\",\"name\":\"Confirmado el rechazo de la UE a la orden ministerial de ayudas al carb\\u00f3n aut\\u00f3ctono - El Digital de Asturias\",\"headline\":\"Confirmado el rechazo de la UE a la orden ministerial de ayudas al carb\\u00f3n aut\\u00f3ctono\",\"author\":{\"@id\":\"https:\\\/\\\/www.eldigitaldeasturias.com\\\/noticias\\\/author\\\/admin\\\/#author\"},\"publisher\":{\"@id\":\"https:\\\/\\\/www.eldigitaldeasturias.com\\\/noticias\\\/#organization\"},\"image\":{\"@type\":\"ImageObject\",\"url\":\"https:\\\/\\\/www.eldigitaldeasturias.com\\\/noticias\\\/wp-content\\\/uploads\\\/2016\\\/02\\\/fotonoticia_20160203173318_800.jpg\",\"width\":800,\"height\":571},\"datePublished\":\"2016-02-03T20:16:33+01:00\",\"dateModified\":\"2016-02-03T20:16:33+01:00\",\"inLanguage\":\"es-ES\",\"mainEntityOfPage\":{\"@id\":\"https:\\\/\\\/www.eldigitaldeasturias.com\\\/noticias\\\/confirmado-el-rechazo-de-la-ue-a-la-orden-ministerial-de-ayudas-al-carbon-autoctono\\\/#webpage\"},\"isPartOf\":{\"@id\":\"https:\\\/\\\/www.eldigitaldeasturias.com\\\/noticias\\\/confirmado-el-rechazo-de-la-ue-a-la-orden-ministerial-de-ayudas-al-carbon-autoctono\\\/#webpage\"},\"articleSection\":\"Actualidad\"},{\"@type\":\"BreadcrumbList\",\"@id\":\"https:\\\/\\\/www.eldigitaldeasturias.com\\\/noticias\\\/confirmado-el-rechazo-de-la-ue-a-la-orden-ministerial-de-ayudas-al-carbon-autoctono\\\/#breadcrumblist\",\"itemListElement\":[{\"@type\":\"ListItem\",\"@id\":\"https:\\\/\\\/www.eldigitaldeasturias.com\\\/noticias#listItem\",\"position\":1,\"name\":\"Home\",\"item\":\"https:\\\/\\\/www.eldigitaldeasturias.com\\\/noticias\",\"nextItem\":{\"@type\":\"ListItem\",\"@id\":\"https:\\\/\\\/www.eldigitaldeasturias.com\\\/noticias\\\/category\\\/actualidad\\\/#listItem\",\"name\":\"Actualidad\"}},{\"@type\":\"ListItem\",\"@id\":\"https:\\\/\\\/www.eldigitaldeasturias.com\\\/noticias\\\/category\\\/actualidad\\\/#listItem\",\"position\":2,\"name\":\"Actualidad\",\"item\":\"https:\\\/\\\/www.eldigitaldeasturias.com\\\/noticias\\\/category\\\/actualidad\\\/\",\"nextItem\":{\"@type\":\"ListItem\",\"@id\":\"https:\\\/\\\/www.eldigitaldeasturias.com\\\/noticias\\\/confirmado-el-rechazo-de-la-ue-a-la-orden-ministerial-de-ayudas-al-carbon-autoctono\\\/#listItem\",\"name\":\"Confirmado el rechazo de la UE a la orden ministerial de ayudas al carb\\u00f3n aut\\u00f3ctono\"},\"previousItem\":{\"@type\":\"ListItem\",\"@id\":\"https:\\\/\\\/www.eldigitaldeasturias.com\\\/noticias#listItem\",\"name\":\"Home\"}},{\"@type\":\"ListItem\",\"@id\":\"https:\\\/\\\/www.eldigitaldeasturias.com\\\/noticias\\\/confirmado-el-rechazo-de-la-ue-a-la-orden-ministerial-de-ayudas-al-carbon-autoctono\\\/#listItem\",\"position\":3,\"name\":\"Confirmado el rechazo de la UE a la orden ministerial de ayudas al carb\\u00f3n aut\\u00f3ctono\",\"previousItem\":{\"@type\":\"ListItem\",\"@id\":\"https:\\\/\\\/www.eldigitaldeasturias.com\\\/noticias\\\/category\\\/actualidad\\\/#listItem\",\"name\":\"Actualidad\"}}]},{\"@type\":\"Organization\",\"@id\":\"https:\\\/\\\/www.eldigitaldeasturias.com\\\/noticias\\\/#organization\",\"name\":\"El Digital de Asturias\",\"description\":\"Hemeroteca\",\"url\":\"https:\\\/\\\/www.eldigitaldeasturias.com\\\/noticias\\\/\",\"email\":\"info@eldigitaldeasturias.com\",\"telephone\":\"+34652131393\",\"logo\":{\"@type\":\"ImageObject\",\"url\":\"https:\\\/\\\/www.eldigitaldeasturias.com\\\/noticias\\\/wp-content\\\/uploads\\\/2020\\\/12\\\/EDA.jpg\",\"@id\":\"https:\\\/\\\/www.eldigitaldeasturias.com\\\/noticias\\\/confirmado-el-rechazo-de-la-ue-a-la-orden-ministerial-de-ayudas-al-carbon-autoctono\\\/#organizationLogo\",\"width\":649,\"height\":297},\"image\":{\"@id\":\"https:\\\/\\\/www.eldigitaldeasturias.com\\\/noticias\\\/confirmado-el-rechazo-de-la-ue-a-la-orden-ministerial-de-ayudas-al-carbon-autoctono\\\/#organizationLogo\"},\"sameAs\":[\"https:\\\/\\\/facebook.com\\\/eldigitaldeasturias\",\"https:\\\/\\\/www.youtube.com\\\/channel\\\/UCZP-2wLEB9Rv6erhFmqVnvg\"],\"address\":{\"@id\":\"https:\\\/\\\/www.eldigitaldeasturias.com\\\/noticias\\\/#postaladdress\",\"@type\":\"PostalAddress\",\"streetAddress\":\"san antonio 4,\",\"postalCode\":\"33430\",\"addressLocality\":\"Cand\\u00e1s\",\"addressRegion\":\"Asturias\",\"addressCountry\":\"ES\"}},{\"@type\":\"Person\",\"@id\":\"https:\\\/\\\/www.eldigitaldeasturias.com\\\/noticias\\\/author\\\/admin\\\/#author\",\"url\":\"https:\\\/\\\/www.eldigitaldeasturias.com\\\/noticias\\\/author\\\/admin\\\/\",\"name\":\"El Digital de Asturias\",\"image\":{\"@type\":\"ImageObject\",\"@id\":\"https:\\\/\\\/www.eldigitaldeasturias.com\\\/noticias\\\/confirmado-el-rechazo-de-la-ue-a-la-orden-ministerial-de-ayudas-al-carbon-autoctono\\\/#authorImage\",\"url\":\"https:\\\/\\\/www.eldigitaldeasturias.com\\\/noticias\\\/wp-content\\\/litespeed\\\/avatar\\\/18677e78aa0546b92d9dbf31ec7d7668.jpg?ver=1777290358\",\"width\":96,\"height\":96,\"caption\":\"El Digital de Asturias\"}},{\"@type\":\"WebPage\",\"@id\":\"https:\\\/\\\/www.eldigitaldeasturias.com\\\/noticias\\\/confirmado-el-rechazo-de-la-ue-a-la-orden-ministerial-de-ayudas-al-carbon-autoctono\\\/#webpage\",\"url\":\"https:\\\/\\\/www.eldigitaldeasturias.com\\\/noticias\\\/confirmado-el-rechazo-de-la-ue-a-la-orden-ministerial-de-ayudas-al-carbon-autoctono\\\/\",\"name\":\"Confirmado el rechazo de la UE a la orden ministerial de ayudas al carb\\u00f3n aut\\u00f3ctono - El Digital de Asturias\",\"description\":\"La Junta de Castilla y Le\\u00f3n ha confirmado que la orden que fijaba ayudas al carb\\u00f3n aut\\u00f3ctono ha recibido el rechazo de la Uni\\u00f3n Europea, por lo que buscar\\u00e1 convencer a la Comisi\\u00f3n de su necesidad y tratar\\u00e1 de justificar que no son ayudas de Estado. As\\u00ed lo ha dado a conocer la consejera de\",\"inLanguage\":\"es-ES\",\"isPartOf\":{\"@id\":\"https:\\\/\\\/www.eldigitaldeasturias.com\\\/noticias\\\/#website\"},\"breadcrumb\":{\"@id\":\"https:\\\/\\\/www.eldigitaldeasturias.com\\\/noticias\\\/confirmado-el-rechazo-de-la-ue-a-la-orden-ministerial-de-ayudas-al-carbon-autoctono\\\/#breadcrumblist\"},\"author\":{\"@id\":\"https:\\\/\\\/www.eldigitaldeasturias.com\\\/noticias\\\/author\\\/admin\\\/#author\"},\"creator\":{\"@id\":\"https:\\\/\\\/www.eldigitaldeasturias.com\\\/noticias\\\/author\\\/admin\\\/#author\"},\"image\":{\"@type\":\"ImageObject\",\"url\":\"https:\\\/\\\/www.eldigitaldeasturias.com\\\/noticias\\\/wp-content\\\/uploads\\\/2016\\\/02\\\/fotonoticia_20160203173318_800.jpg\",\"@id\":\"https:\\\/\\\/www.eldigitaldeasturias.com\\\/noticias\\\/confirmado-el-rechazo-de-la-ue-a-la-orden-ministerial-de-ayudas-al-carbon-autoctono\\\/#mainImage\",\"width\":800,\"height\":571},\"primaryImageOfPage\":{\"@id\":\"https:\\\/\\\/www.eldigitaldeasturias.com\\\/noticias\\\/confirmado-el-rechazo-de-la-ue-a-la-orden-ministerial-de-ayudas-al-carbon-autoctono\\\/#mainImage\"},\"datePublished\":\"2016-02-03T20:16:33+01:00\",\"dateModified\":\"2016-02-03T20:16:33+01:00\"},{\"@type\":\"WebSite\",\"@id\":\"https:\\\/\\\/www.eldigitaldeasturias.com\\\/noticias\\\/#website\",\"url\":\"https:\\\/\\\/www.eldigitaldeasturias.com\\\/noticias\\\/\",\"name\":\"El Digital de Asturias - Diario de actualidad y noticias\",\"alternateName\":\"El Digital de Asturias - Diario de actualidad y noticias\",\"description\":\"Hemeroteca\",\"inLanguage\":\"es-ES\",\"publisher\":{\"@id\":\"https:\\\/\\\/www.eldigitaldeasturias.com\\\/noticias\\\/#organization\"}}]}\n\t\t<\/script>\n\t\t<!-- All in One SEO Pro -->\r\n\t\t<title>Confirmado el rechazo de la UE a la orden ministerial de ayudas al carb\u00f3n aut\u00f3ctono - El Digital de Asturias<\/title>\n\n","aioseo_head_json":{"title":"Confirmado el rechazo de la UE a la orden ministerial de ayudas al carb\u00f3n aut\u00f3ctono - El Digital de Asturias","description":"La Junta de Castilla y Le\u00f3n ha confirmado que la orden que fijaba ayudas al carb\u00f3n aut\u00f3ctono ha recibido el rechazo de la Uni\u00f3n Europea, por lo que buscar\u00e1 convencer a la Comisi\u00f3n de su necesidad y tratar\u00e1 de justificar que no son ayudas de Estado. As\u00ed lo ha dado a conocer la consejera de","canonical_url":"https:\/\/www.eldigitaldeasturias.com\/noticias\/confirmado-el-rechazo-de-la-ue-a-la-orden-ministerial-de-ayudas-al-carbon-autoctono\/","robots":"max-image-preview:large","keywords":"actualidad","webmasterTools":{"google-site-verification":"UA-38556648-1","msvalidate.01":"7dfe9f3f1b24437ab69f4f2559babe99","miscellaneous":""},"schema":{"@context":"https:\/\/schema.org","@graph":[{"@type":"BlogPosting","@id":"https:\/\/www.eldigitaldeasturias.com\/noticias\/confirmado-el-rechazo-de-la-ue-a-la-orden-ministerial-de-ayudas-al-carbon-autoctono\/#blogposting","name":"Confirmado el rechazo de la UE a la orden ministerial de ayudas al carb\u00f3n aut\u00f3ctono - El Digital de Asturias","headline":"Confirmado el rechazo de la UE a la orden ministerial de ayudas al carb\u00f3n aut\u00f3ctono","author":{"@id":"https:\/\/www.eldigitaldeasturias.com\/noticias\/author\/admin\/#author"},"publisher":{"@id":"https:\/\/www.eldigitaldeasturias.com\/noticias\/#organization"},"image":{"@type":"ImageObject","url":"https:\/\/www.eldigitaldeasturias.com\/noticias\/wp-content\/uploads\/2016\/02\/fotonoticia_20160203173318_800.jpg","width":800,"height":571},"datePublished":"2016-02-03T20:16:33+01:00","dateModified":"2016-02-03T20:16:33+01:00","inLanguage":"es-ES","mainEntityOfPage":{"@id":"https:\/\/www.eldigitaldeasturias.com\/noticias\/confirmado-el-rechazo-de-la-ue-a-la-orden-ministerial-de-ayudas-al-carbon-autoctono\/#webpage"},"isPartOf":{"@id":"https:\/\/www.eldigitaldeasturias.com\/noticias\/confirmado-el-rechazo-de-la-ue-a-la-orden-ministerial-de-ayudas-al-carbon-autoctono\/#webpage"},"articleSection":"Actualidad"},{"@type":"BreadcrumbList","@id":"https:\/\/www.eldigitaldeasturias.com\/noticias\/confirmado-el-rechazo-de-la-ue-a-la-orden-ministerial-de-ayudas-al-carbon-autoctono\/#breadcrumblist","itemListElement":[{"@type":"ListItem","@id":"https:\/\/www.eldigitaldeasturias.com\/noticias#listItem","position":1,"name":"Home","item":"https:\/\/www.eldigitaldeasturias.com\/noticias","nextItem":{"@type":"ListItem","@id":"https:\/\/www.eldigitaldeasturias.com\/noticias\/category\/actualidad\/#listItem","name":"Actualidad"}},{"@type":"ListItem","@id":"https:\/\/www.eldigitaldeasturias.com\/noticias\/category\/actualidad\/#listItem","position":2,"name":"Actualidad","item":"https:\/\/www.eldigitaldeasturias.com\/noticias\/category\/actualidad\/","nextItem":{"@type":"ListItem","@id":"https:\/\/www.eldigitaldeasturias.com\/noticias\/confirmado-el-rechazo-de-la-ue-a-la-orden-ministerial-de-ayudas-al-carbon-autoctono\/#listItem","name":"Confirmado el rechazo de la UE a la orden ministerial de ayudas al carb\u00f3n aut\u00f3ctono"},"previousItem":{"@type":"ListItem","@id":"https:\/\/www.eldigitaldeasturias.com\/noticias#listItem","name":"Home"}},{"@type":"ListItem","@id":"https:\/\/www.eldigitaldeasturias.com\/noticias\/confirmado-el-rechazo-de-la-ue-a-la-orden-ministerial-de-ayudas-al-carbon-autoctono\/#listItem","position":3,"name":"Confirmado el rechazo de la UE a la orden ministerial de ayudas al carb\u00f3n aut\u00f3ctono","previousItem":{"@type":"ListItem","@id":"https:\/\/www.eldigitaldeasturias.com\/noticias\/category\/actualidad\/#listItem","name":"Actualidad"}}]},{"@type":"Organization","@id":"https:\/\/www.eldigitaldeasturias.com\/noticias\/#organization","name":"El Digital de Asturias","description":"Hemeroteca","url":"https:\/\/www.eldigitaldeasturias.com\/noticias\/","email":"info@eldigitaldeasturias.com","telephone":"+34652131393","logo":{"@type":"ImageObject","url":"https:\/\/www.eldigitaldeasturias.com\/noticias\/wp-content\/uploads\/2020\/12\/EDA.jpg","@id":"https:\/\/www.eldigitaldeasturias.com\/noticias\/confirmado-el-rechazo-de-la-ue-a-la-orden-ministerial-de-ayudas-al-carbon-autoctono\/#organizationLogo","width":649,"height":297},"image":{"@id":"https:\/\/www.eldigitaldeasturias.com\/noticias\/confirmado-el-rechazo-de-la-ue-a-la-orden-ministerial-de-ayudas-al-carbon-autoctono\/#organizationLogo"},"sameAs":["https:\/\/facebook.com\/eldigitaldeasturias","https:\/\/www.youtube.com\/channel\/UCZP-2wLEB9Rv6erhFmqVnvg"],"address":{"@id":"https:\/\/www.eldigitaldeasturias.com\/noticias\/#postaladdress","@type":"PostalAddress","streetAddress":"san antonio 4,","postalCode":"33430","addressLocality":"Cand\u00e1s","addressRegion":"Asturias","addressCountry":"ES"}},{"@type":"Person","@id":"https:\/\/www.eldigitaldeasturias.com\/noticias\/author\/admin\/#author","url":"https:\/\/www.eldigitaldeasturias.com\/noticias\/author\/admin\/","name":"El Digital de Asturias","image":{"@type":"ImageObject","@id":"https:\/\/www.eldigitaldeasturias.com\/noticias\/confirmado-el-rechazo-de-la-ue-a-la-orden-ministerial-de-ayudas-al-carbon-autoctono\/#authorImage","url":"https:\/\/www.eldigitaldeasturias.com\/noticias\/wp-content\/litespeed\/avatar\/18677e78aa0546b92d9dbf31ec7d7668.jpg?ver=1777290358","width":96,"height":96,"caption":"El Digital de Asturias"}},{"@type":"WebPage","@id":"https:\/\/www.eldigitaldeasturias.com\/noticias\/confirmado-el-rechazo-de-la-ue-a-la-orden-ministerial-de-ayudas-al-carbon-autoctono\/#webpage","url":"https:\/\/www.eldigitaldeasturias.com\/noticias\/confirmado-el-rechazo-de-la-ue-a-la-orden-ministerial-de-ayudas-al-carbon-autoctono\/","name":"Confirmado el rechazo de la UE a la orden ministerial de ayudas al carb\u00f3n aut\u00f3ctono - El Digital de Asturias","description":"La Junta de Castilla y Le\u00f3n ha confirmado que la orden que fijaba ayudas al carb\u00f3n aut\u00f3ctono ha recibido el rechazo de la Uni\u00f3n Europea, por lo que buscar\u00e1 convencer a la Comisi\u00f3n de su necesidad y tratar\u00e1 de justificar que no son ayudas de Estado. As\u00ed lo ha dado a conocer la consejera de","inLanguage":"es-ES","isPartOf":{"@id":"https:\/\/www.eldigitaldeasturias.com\/noticias\/#website"},"breadcrumb":{"@id":"https:\/\/www.eldigitaldeasturias.com\/noticias\/confirmado-el-rechazo-de-la-ue-a-la-orden-ministerial-de-ayudas-al-carbon-autoctono\/#breadcrumblist"},"author":{"@id":"https:\/\/www.eldigitaldeasturias.com\/noticias\/author\/admin\/#author"},"creator":{"@id":"https:\/\/www.eldigitaldeasturias.com\/noticias\/author\/admin\/#author"},"image":{"@type":"ImageObject","url":"https:\/\/www.eldigitaldeasturias.com\/noticias\/wp-content\/uploads\/2016\/02\/fotonoticia_20160203173318_800.jpg","@id":"https:\/\/www.eldigitaldeasturias.com\/noticias\/confirmado-el-rechazo-de-la-ue-a-la-orden-ministerial-de-ayudas-al-carbon-autoctono\/#mainImage","width":800,"height":571},"primaryImageOfPage":{"@id":"https:\/\/www.eldigitaldeasturias.com\/noticias\/confirmado-el-rechazo-de-la-ue-a-la-orden-ministerial-de-ayudas-al-carbon-autoctono\/#mainImage"},"datePublished":"2016-02-03T20:16:33+01:00","dateModified":"2016-02-03T20:16:33+01:00"},{"@type":"WebSite","@id":"https:\/\/www.eldigitaldeasturias.com\/noticias\/#website","url":"https:\/\/www.eldigitaldeasturias.com\/noticias\/","name":"El Digital de Asturias - Diario de actualidad y noticias","alternateName":"El Digital de Asturias - Diario de actualidad y noticias","description":"Hemeroteca","inLanguage":"es-ES","publisher":{"@id":"https:\/\/www.eldigitaldeasturias.com\/noticias\/#organization"}}]},"og:locale":"es_ES","og:site_name":"El Digital de Asturias","og:type":"article","og:title":"Confirmado el rechazo de la UE a la orden ministerial de ayudas al carb\u00f3n aut\u00f3ctono - El Digital de Asturias","og:description":"La Junta de Castilla y Le\u00f3n ha confirmado que la orden que fijaba ayudas al carb\u00f3n aut\u00f3ctono ha recibido el rechazo de la Uni\u00f3n Europea, por lo que buscar\u00e1 convencer a la Comisi\u00f3n de su necesidad y tratar\u00e1 de justificar que no son ayudas de Estado. As\u00ed lo ha dado a conocer la consejera de","og:url":"https:\/\/www.eldigitaldeasturias.com\/noticias\/confirmado-el-rechazo-de-la-ue-a-la-orden-ministerial-de-ayudas-al-carbon-autoctono\/","og:image":"https:\/\/www.eldigitaldeasturias.com\/noticias\/wp-content\/uploads\/2016\/02\/fotonoticia_20160203173318_800.jpg","og:image:secure_url":"https:\/\/www.eldigitaldeasturias.com\/noticias\/wp-content\/uploads\/2016\/02\/fotonoticia_20160203173318_800.jpg","og:image:width":800,"og:image:height":571,"article:tag":["actualidad"],"article:published_time":"2016-02-03T20:16:33+00:00","article:modified_time":"2016-02-03T20:16:33+00:00","article:publisher":"https:\/\/facebook.com\/eldigitaldeasturias","twitter:card":"summary_large_image","twitter:title":"Confirmado el rechazo de la UE a la orden ministerial de ayudas al carb\u00f3n aut\u00f3ctono - El Digital de Asturias","twitter:description":"La Junta de Castilla y Le\u00f3n ha confirmado que la orden que fijaba ayudas al carb\u00f3n aut\u00f3ctono ha recibido el rechazo de la Uni\u00f3n Europea, por lo que buscar\u00e1 convencer a la Comisi\u00f3n de su necesidad y tratar\u00e1 de justificar que no son ayudas de Estado. As\u00ed lo ha dado a conocer la consejera de","twitter:image":"https:\/\/www.eldigitaldeasturias.com\/noticias\/wp-content\/uploads\/2016\/02\/fotonoticia_20160203173318_800.jpg","twitter:label1":"Escrito por","twitter:data1":"El Digital de Asturias","twitter:label2":"Tiempo de lectura estimado","twitter:data2":"4 minutos"},"aioseo_meta_data":{"post_id":"853592","title":null,"description":null,"keywords":null,"keyphrases":null,"primary_term":null,"canonical_url":null,"og_title":null,"og_description":null,"og_object_type":"default","og_image_type":"default","og_image_url":null,"og_image_width":null,"og_image_height":null,"og_image_custom_url":null,"og_image_custom_fields":null,"og_video":null,"og_custom_url":null,"og_article_section":null,"og_article_tags":null,"twitter_use_og":false,"twitter_card":"default","twitter_image_type":"default","twitter_image_url":null,"twitter_image_custom_url":null,"twitter_image_custom_fields":null,"twitter_title":null,"twitter_description":null,"schema":{"blockGraphs":[],"customGraphs":[],"default":{"data":{"Article":[],"Course":[],"Dataset":[],"FAQPage":[],"Movie":[],"Person":[],"Product":[],"ProductReview":[],"Car":[],"Recipe":[],"Service":[],"SoftwareApplication":[],"WebPage":[]},"graphName":"","isEnabled":true},"graphs":[],"defaultGraph":"","defaultPostTypeGraph":""},"schema_type":null,"schema_type_options":null,"pillar_content":false,"robots_default":true,"robots_noindex":false,"robots_noarchive":false,"robots_nosnippet":false,"robots_nofollow":false,"robots_noimageindex":false,"robots_noodp":false,"robots_notranslate":false,"robots_max_snippet":null,"robots_max_videopreview":null,"robots_max_imagepreview":"large","priority":null,"frequency":null,"local_seo":null,"seo_analyzer_scan_date":"2025-12-09 18:42:10","breadcrumb_settings":null,"limit_modified_date":false,"open_ai":null,"ai":null,"created":"2021-01-22 11:38:24","updated":"2025-12-09 18:42:10"},"aioseo_breadcrumb":"<div class=\"aioseo-breadcrumbs\"><span class=\"aioseo-breadcrumb\">\n\t<a href=\"https:\/\/www.eldigitaldeasturias.com\/noticias\" title=\"Home\">Home<\/a>\n<\/span><span class=\"aioseo-breadcrumb-separator\">\u2013<\/span><span class=\"aioseo-breadcrumb\">\n\t<a href=\"https:\/\/www.eldigitaldeasturias.com\/noticias\/category\/actualidad\/\" title=\"Actualidad\">Actualidad<\/a>\n<\/span><span class=\"aioseo-breadcrumb-separator\">\u2013<\/span><span class=\"aioseo-breadcrumb\">\n\t<a href=\"https:\/\/www.eldigitaldeasturias.com\/noticias\/confirmado-el-rechazo-de-la-ue-a-la-orden-ministerial-de-ayudas-al-carbon-autoctono\/\" title=\"Confirmado el rechazo de la UE a la orden ministerial de ayudas al carb\u00f3n aut\u00f3ctono\">Confirmado el rechazo de la UE a la orden ministerial de ayudas al carb\u00f3n aut\u00f3ctono<\/a>\n<\/span><\/div>","aioseo_breadcrumb_json":[{"label":"Home","link":"https:\/\/www.eldigitaldeasturias.com\/noticias"},{"label":"Actualidad","link":"https:\/\/www.eldigitaldeasturias.com\/noticias\/category\/actualidad\/"},{"label":"Confirmado el rechazo de la UE a la orden ministerial de ayudas al carb\u00f3n aut\u00f3ctono","link":"https:\/\/www.eldigitaldeasturias.com\/noticias\/confirmado-el-rechazo-de-la-ue-a-la-orden-ministerial-de-ayudas-al-carbon-autoctono\/"}],"_links":{"self":[{"href":"https:\/\/www.eldigitaldeasturias.com\/noticias\/wp-json\/wp\/v2\/posts\/853592","targetHints":{"allow":["GET"]}}],"collection":[{"href":"https:\/\/www.eldigitaldeasturias.com\/noticias\/wp-json\/wp\/v2\/posts"}],"about":[{"href":"https:\/\/www.eldigitaldeasturias.com\/noticias\/wp-json\/wp\/v2\/types\/post"}],"author":[{"embeddable":true,"href":"https:\/\/www.eldigitaldeasturias.com\/noticias\/wp-json\/wp\/v2\/users\/1"}],"replies":[{"embeddable":true,"href":"https:\/\/www.eldigitaldeasturias.com\/noticias\/wp-json\/wp\/v2\/comments?post=853592"}],"version-history":[{"count":0,"href":"https:\/\/www.eldigitaldeasturias.com\/noticias\/wp-json\/wp\/v2\/posts\/853592\/revisions"}],"wp:featuredmedia":[{"embeddable":true,"href":"https:\/\/www.eldigitaldeasturias.com\/noticias\/wp-json\/wp\/v2\/media\/853593"}],"wp:attachment":[{"href":"https:\/\/www.eldigitaldeasturias.com\/noticias\/wp-json\/wp\/v2\/media?parent=853592"}],"wp:term":[{"taxonomy":"category","embeddable":true,"href":"https:\/\/www.eldigitaldeasturias.com\/noticias\/wp-json\/wp\/v2\/categories?post=853592"},{"taxonomy":"post_tag","embeddable":true,"href":"https:\/\/www.eldigitaldeasturias.com\/noticias\/wp-json\/wp\/v2\/tags?post=853592"}],"curies":[{"name":"wp","href":"https:\/\/api.w.org\/{rel}","templated":true}]}}