{"id":853589,"date":"2016-02-03T20:15:17","date_gmt":"2016-02-03T20:15:17","guid":{"rendered":"http:\/\/www.eldigitaldeasturias.com\/noticias\/?p=853589"},"modified":"2016-02-03T20:15:17","modified_gmt":"2016-02-03T20:15:17","slug":"abierto-hasta-el-amanecer-inicia-la-24-edicion-del-programa-de-ocio-nocturno-alternativo","status":"publish","type":"post","link":"https:\/\/www.eldigitaldeasturias.com\/noticias\/abierto-hasta-el-amanecer-inicia-la-24-edicion-del-programa-de-ocio-nocturno-alternativo\/","title":{"rendered":"Abierto hasta el Amanecer inicia la 24 Edici\u00f3n del Programa de Ocio Nocturno Alternativo"},"content":{"rendered":"<p><img loading=\"lazy\" decoding=\"async\" class=\"alignleft size-medium wp-image-853590\" src=\"https:\/\/www.eldigitaldeasturias.com\/noticias\/wp-content\/uploads\/2016\/02\/fotonoticia_20160203172425_800-360x270.jpg\" alt=\"fotonoticia_20160203172425_800\" width=\"360\" height=\"270\" srcset=\"https:\/\/www.eldigitaldeasturias.com\/noticias\/wp-content\/uploads\/2016\/02\/fotonoticia_20160203172425_800-360x270.jpg 360w, https:\/\/www.eldigitaldeasturias.com\/noticias\/wp-content\/uploads\/2016\/02\/fotonoticia_20160203172425_800-768x576.jpg 768w, https:\/\/www.eldigitaldeasturias.com\/noticias\/wp-content\/uploads\/2016\/02\/fotonoticia_20160203172425_800-650x488.jpg 650w, https:\/\/www.eldigitaldeasturias.com\/noticias\/wp-content\/uploads\/2016\/02\/fotonoticia_20160203172425_800-125x95.jpg 125w, https:\/\/www.eldigitaldeasturias.com\/noticias\/wp-content\/uploads\/2016\/02\/fotonoticia_20160203172425_800-100x75.jpg 100w, https:\/\/www.eldigitaldeasturias.com\/noticias\/wp-content\/uploads\/2016\/02\/fotonoticia_20160203172425_800.jpg 800w\" sizes=\"auto, (max-width: 360px) 100vw, 360px\" \/>La Asociaci\u00f3n &#8216;Abierto hasta el Amanecer&#8217; dar\u00e1 comienzo en Gij\u00f3n este pr\u00f3ximo viernes a la segunda fase de la 24 Edici\u00f3n del Programa de Ocio Nocturno Alternativo, que se desarrollar\u00e1 hasta el pr\u00f3ximo 20 de marzo y ofrece 73 talleres formativos y l\u00fadicos con m\u00e1s de 1.200 plazas gratuitas para j\u00f3venes de entre 13 y 35 a\u00f1os. Desde la asociaci\u00f3n, se ha confiado en que se apruebe en el Pleno de febrero la modificaci\u00f3n presupuestaria que permita la firma del convenio con el Ayuntamiento, por 142.000 euros.<\/p>\n<p>As\u00ed lo han presentado este mi\u00e9rcoles en el Ayuntamiento gijon\u00e9s representantes de la asociaci\u00f3n, acompa\u00f1ados del concejal de Festejos, Jes\u00fas Mart\u00ednez Salvador. Este ha destacado el \u00e9xito de esta iniciativa multidisciplinar que se desarrolla en espacios p\u00fablicos municipales los fines de semana.<\/p>\n<p>Tambi\u00e9n se ha resaltado, por parte de la asociaci\u00f3n, que hay m\u00e1s de 260 j\u00f3venes en reserva, por lo que se intentar\u00e1 desdoblar algunos de los talleres y cursos en los que hay m\u00e1s gente en lista de espera. Entre las actividades, hay un amplio abanico, desde idiomas a cocina, caligraf\u00eda japonesa, m\u00fasica, magia o t\u00e9cnicas de Clown, entre otros.<\/p>\n<p>Otras actividades son: el XIV Concurso de M\u00fasica en Directo, con 22 grupos a competici\u00f3n, y el Concurso Fotografica para Instagram con la tem\u00e1tica de &#8216;La mujer en el trabajo&#8217;. Dentro de la oferta deportiva, hay cinco torneos de larga duraci\u00f3n en los que participar\u00e1n 115 equipos cada fin de semana, adem\u00e1s de abrir espacios deportivos y pistas de colegios. Tambi\u00e9n se ha destacado la Marat\u00f3n Nocturna de F\u00fatbol Sala, el 12 de marzo en el Palacio de los Deportes Adolfo Su\u00e1rez.<\/p>\n<p>Desde la Asociaci\u00f3n, al margen de este programa, se organiza un curso de formaci\u00f3n de mediadores de ocio juvenil. En esta d\u00e9cima edici\u00f3n que se desarrollar\u00e1 este a\u00f1o, participar\u00e1n 28 j\u00f3venes de diferentes partes de Espa\u00f1a.<\/p>\n","protected":false},"excerpt":{"rendered":"<p>La Asociaci\u00f3n &#8216;Abierto hasta el Amanecer&#8217; dar\u00e1 comienzo en Gij\u00f3n este pr\u00f3ximo viernes a la segunda fase de la 24 Edici\u00f3n del Programa de Ocio Nocturno Alternativo, que se desarrollar\u00e1 hasta el pr\u00f3ximo 20 de marzo y ofrece 73 talleres formativos y l\u00fadicos con m\u00e1s de 1.200 plazas gratuitas para j\u00f3venes de entre 13 y [&hellip;]<\/p>\n","protected":false},"author":1,"featured_media":853590,"comment_status":"closed","ping_status":"closed","sticky":false,"template":"","format":"standard","meta":{"footnotes":""},"categories":[12],"tags":[],"class_list":["post-853589","post","type-post","status-publish","format-standard","has-post-thumbnail","hentry","category-actualidad-asturias"],"aioseo_notices":[],"aioseo_head":"\n\t\t<!-- All in One SEO Pro 4.9.6.2 - aioseo.com -->\n\t<meta name=\"description\" content=\"La Asociaci\u00f3n &#039;Abierto hasta el Amanecer&#039; dar\u00e1 comienzo en Gij\u00f3n este pr\u00f3ximo viernes a la segunda fase de la 24 Edici\u00f3n del Programa de Ocio Nocturno Alternativo, que se desarrollar\u00e1 hasta el pr\u00f3ximo 20 de marzo y ofrece 73 talleres formativos y l\u00fadicos con m\u00e1s de 1.200 plazas gratuitas para j\u00f3venes de entre 13 y\" \/>\n\t<meta name=\"robots\" content=\"max-image-preview:large\" \/>\n\t<meta name=\"author\" content=\"El Digital de Asturias\"\/>\n\t<meta name=\"google-site-verification\" content=\"UA-38556648-1\" \/>\n\t<meta name=\"msvalidate.01\" content=\"7dfe9f3f1b24437ab69f4f2559babe99\" \/>\n\t<meta name=\"keywords\" content=\"actualidad asturias\" \/>\n\t<link rel=\"canonical\" href=\"https:\/\/www.eldigitaldeasturias.com\/noticias\/abierto-hasta-el-amanecer-inicia-la-24-edicion-del-programa-de-ocio-nocturno-alternativo\/\" \/>\n\t<meta name=\"generator\" content=\"All in One SEO Pro (AIOSEO) 4.9.6.2\" \/>\n\t\t<meta property=\"og:locale\" content=\"es_ES\" \/>\n\t\t<meta property=\"og:site_name\" content=\"El Digital de Asturias\" \/>\n\t\t<meta property=\"og:type\" content=\"article\" \/>\n\t\t<meta property=\"og:title\" content=\"Abierto hasta el Amanecer inicia la 24 Edici\u00f3n del Programa de Ocio Nocturno Alternativo - El Digital de Asturias\" \/>\n\t\t<meta property=\"og:description\" content=\"La Asociaci\u00f3n &#039;Abierto hasta el Amanecer&#039; dar\u00e1 comienzo en Gij\u00f3n este pr\u00f3ximo viernes a la segunda fase de la 24 Edici\u00f3n del Programa de Ocio Nocturno Alternativo, que se desarrollar\u00e1 hasta el pr\u00f3ximo 20 de marzo y ofrece 73 talleres formativos y l\u00fadicos con m\u00e1s de 1.200 plazas gratuitas para j\u00f3venes de entre 13 y\" \/>\n\t\t<meta property=\"og:url\" content=\"https:\/\/www.eldigitaldeasturias.com\/noticias\/abierto-hasta-el-amanecer-inicia-la-24-edicion-del-programa-de-ocio-nocturno-alternativo\/\" \/>\n\t\t<meta property=\"og:image\" content=\"https:\/\/www.eldigitaldeasturias.com\/noticias\/wp-content\/uploads\/2016\/02\/fotonoticia_20160203172425_800.jpg\" \/>\n\t\t<meta property=\"og:image:secure_url\" content=\"https:\/\/www.eldigitaldeasturias.com\/noticias\/wp-content\/uploads\/2016\/02\/fotonoticia_20160203172425_800.jpg\" \/>\n\t\t<meta property=\"og:image:width\" content=\"800\" \/>\n\t\t<meta property=\"og:image:height\" content=\"600\" \/>\n\t\t<meta property=\"article:tag\" content=\"actualidad asturias\" \/>\n\t\t<meta property=\"article:published_time\" content=\"2016-02-03T20:15:17+00:00\" \/>\n\t\t<meta property=\"article:modified_time\" content=\"2016-02-03T20:15:17+00:00\" \/>\n\t\t<meta property=\"article:publisher\" content=\"https:\/\/facebook.com\/eldigitaldeasturias\" \/>\n\t\t<meta name=\"twitter:card\" content=\"summary_large_image\" \/>\n\t\t<meta name=\"twitter:title\" content=\"Abierto hasta el Amanecer inicia la 24 Edici\u00f3n del Programa de Ocio Nocturno Alternativo - El Digital de Asturias\" \/>\n\t\t<meta name=\"twitter:description\" content=\"La Asociaci\u00f3n &#039;Abierto hasta el Amanecer&#039; dar\u00e1 comienzo en Gij\u00f3n este pr\u00f3ximo viernes a la segunda fase de la 24 Edici\u00f3n del Programa de Ocio Nocturno Alternativo, que se desarrollar\u00e1 hasta el pr\u00f3ximo 20 de marzo y ofrece 73 talleres formativos y l\u00fadicos con m\u00e1s de 1.200 plazas gratuitas para j\u00f3venes de entre 13 y\" \/>\n\t\t<meta name=\"twitter:image\" content=\"https:\/\/www.eldigitaldeasturias.com\/noticias\/wp-content\/uploads\/2016\/02\/fotonoticia_20160203172425_800.jpg\" \/>\n\t\t<meta name=\"twitter:label1\" content=\"Escrito por\" \/>\n\t\t<meta name=\"twitter:data1\" content=\"El Digital de Asturias\" \/>\n\t\t<meta name=\"twitter:label2\" content=\"Tiempo de lectura estimado\" \/>\n\t\t<meta name=\"twitter:data2\" content=\"2 minutos\" \/>\n\t\t<script type=\"application\/ld+json\" class=\"aioseo-schema\">\n\t\t\t{\"@context\":\"https:\\\/\\\/schema.org\",\"@graph\":[{\"@type\":\"BlogPosting\",\"@id\":\"https:\\\/\\\/www.eldigitaldeasturias.com\\\/noticias\\\/abierto-hasta-el-amanecer-inicia-la-24-edicion-del-programa-de-ocio-nocturno-alternativo\\\/#blogposting\",\"name\":\"Abierto hasta el Amanecer inicia la 24 Edici\\u00f3n del Programa de Ocio Nocturno Alternativo - El Digital de Asturias\",\"headline\":\"Abierto hasta el Amanecer inicia la 24 Edici\\u00f3n del Programa de Ocio Nocturno Alternativo\",\"author\":{\"@id\":\"https:\\\/\\\/www.eldigitaldeasturias.com\\\/noticias\\\/author\\\/admin\\\/#author\"},\"publisher\":{\"@id\":\"https:\\\/\\\/www.eldigitaldeasturias.com\\\/noticias\\\/#organization\"},\"image\":{\"@type\":\"ImageObject\",\"url\":\"https:\\\/\\\/www.eldigitaldeasturias.com\\\/noticias\\\/wp-content\\\/uploads\\\/2016\\\/02\\\/fotonoticia_20160203172425_800.jpg\",\"width\":800,\"height\":600},\"datePublished\":\"2016-02-03T20:15:17+01:00\",\"dateModified\":\"2016-02-03T20:15:17+01:00\",\"inLanguage\":\"es-ES\",\"mainEntityOfPage\":{\"@id\":\"https:\\\/\\\/www.eldigitaldeasturias.com\\\/noticias\\\/abierto-hasta-el-amanecer-inicia-la-24-edicion-del-programa-de-ocio-nocturno-alternativo\\\/#webpage\"},\"isPartOf\":{\"@id\":\"https:\\\/\\\/www.eldigitaldeasturias.com\\\/noticias\\\/abierto-hasta-el-amanecer-inicia-la-24-edicion-del-programa-de-ocio-nocturno-alternativo\\\/#webpage\"},\"articleSection\":\"Actualidad Asturias\"},{\"@type\":\"BreadcrumbList\",\"@id\":\"https:\\\/\\\/www.eldigitaldeasturias.com\\\/noticias\\\/abierto-hasta-el-amanecer-inicia-la-24-edicion-del-programa-de-ocio-nocturno-alternativo\\\/#breadcrumblist\",\"itemListElement\":[{\"@type\":\"ListItem\",\"@id\":\"https:\\\/\\\/www.eldigitaldeasturias.com\\\/noticias#listItem\",\"position\":1,\"name\":\"Home\",\"item\":\"https:\\\/\\\/www.eldigitaldeasturias.com\\\/noticias\",\"nextItem\":{\"@type\":\"ListItem\",\"@id\":\"https:\\\/\\\/www.eldigitaldeasturias.com\\\/noticias\\\/category\\\/actualidad-asturias\\\/#listItem\",\"name\":\"Actualidad Asturias\"}},{\"@type\":\"ListItem\",\"@id\":\"https:\\\/\\\/www.eldigitaldeasturias.com\\\/noticias\\\/category\\\/actualidad-asturias\\\/#listItem\",\"position\":2,\"name\":\"Actualidad Asturias\",\"item\":\"https:\\\/\\\/www.eldigitaldeasturias.com\\\/noticias\\\/category\\\/actualidad-asturias\\\/\",\"nextItem\":{\"@type\":\"ListItem\",\"@id\":\"https:\\\/\\\/www.eldigitaldeasturias.com\\\/noticias\\\/abierto-hasta-el-amanecer-inicia-la-24-edicion-del-programa-de-ocio-nocturno-alternativo\\\/#listItem\",\"name\":\"Abierto hasta el Amanecer inicia la 24 Edici\\u00f3n del Programa de Ocio Nocturno Alternativo\"},\"previousItem\":{\"@type\":\"ListItem\",\"@id\":\"https:\\\/\\\/www.eldigitaldeasturias.com\\\/noticias#listItem\",\"name\":\"Home\"}},{\"@type\":\"ListItem\",\"@id\":\"https:\\\/\\\/www.eldigitaldeasturias.com\\\/noticias\\\/abierto-hasta-el-amanecer-inicia-la-24-edicion-del-programa-de-ocio-nocturno-alternativo\\\/#listItem\",\"position\":3,\"name\":\"Abierto hasta el Amanecer inicia la 24 Edici\\u00f3n del Programa de Ocio Nocturno Alternativo\",\"previousItem\":{\"@type\":\"ListItem\",\"@id\":\"https:\\\/\\\/www.eldigitaldeasturias.com\\\/noticias\\\/category\\\/actualidad-asturias\\\/#listItem\",\"name\":\"Actualidad Asturias\"}}]},{\"@type\":\"Organization\",\"@id\":\"https:\\\/\\\/www.eldigitaldeasturias.com\\\/noticias\\\/#organization\",\"name\":\"El Digital de Asturias\",\"description\":\"Hemeroteca\",\"url\":\"https:\\\/\\\/www.eldigitaldeasturias.com\\\/noticias\\\/\",\"email\":\"info@eldigitaldeasturias.com\",\"telephone\":\"+34652131393\",\"logo\":{\"@type\":\"ImageObject\",\"url\":\"https:\\\/\\\/www.eldigitaldeasturias.com\\\/noticias\\\/wp-content\\\/uploads\\\/2020\\\/12\\\/EDA.jpg\",\"@id\":\"https:\\\/\\\/www.eldigitaldeasturias.com\\\/noticias\\\/abierto-hasta-el-amanecer-inicia-la-24-edicion-del-programa-de-ocio-nocturno-alternativo\\\/#organizationLogo\",\"width\":649,\"height\":297},\"image\":{\"@id\":\"https:\\\/\\\/www.eldigitaldeasturias.com\\\/noticias\\\/abierto-hasta-el-amanecer-inicia-la-24-edicion-del-programa-de-ocio-nocturno-alternativo\\\/#organizationLogo\"},\"sameAs\":[\"https:\\\/\\\/facebook.com\\\/eldigitaldeasturias\",\"https:\\\/\\\/www.youtube.com\\\/channel\\\/UCZP-2wLEB9Rv6erhFmqVnvg\"],\"address\":{\"@id\":\"https:\\\/\\\/www.eldigitaldeasturias.com\\\/noticias\\\/#postaladdress\",\"@type\":\"PostalAddress\",\"streetAddress\":\"san antonio 4,\",\"postalCode\":\"33430\",\"addressLocality\":\"Cand\\u00e1s\",\"addressRegion\":\"Asturias\",\"addressCountry\":\"ES\"}},{\"@type\":\"Person\",\"@id\":\"https:\\\/\\\/www.eldigitaldeasturias.com\\\/noticias\\\/author\\\/admin\\\/#author\",\"url\":\"https:\\\/\\\/www.eldigitaldeasturias.com\\\/noticias\\\/author\\\/admin\\\/\",\"name\":\"El Digital de Asturias\",\"image\":{\"@type\":\"ImageObject\",\"@id\":\"https:\\\/\\\/www.eldigitaldeasturias.com\\\/noticias\\\/abierto-hasta-el-amanecer-inicia-la-24-edicion-del-programa-de-ocio-nocturno-alternativo\\\/#authorImage\",\"url\":\"https:\\\/\\\/www.eldigitaldeasturias.com\\\/noticias\\\/wp-content\\\/litespeed\\\/avatar\\\/18677e78aa0546b92d9dbf31ec7d7668.jpg?ver=1777290358\",\"width\":96,\"height\":96,\"caption\":\"El Digital de Asturias\"}},{\"@type\":\"WebPage\",\"@id\":\"https:\\\/\\\/www.eldigitaldeasturias.com\\\/noticias\\\/abierto-hasta-el-amanecer-inicia-la-24-edicion-del-programa-de-ocio-nocturno-alternativo\\\/#webpage\",\"url\":\"https:\\\/\\\/www.eldigitaldeasturias.com\\\/noticias\\\/abierto-hasta-el-amanecer-inicia-la-24-edicion-del-programa-de-ocio-nocturno-alternativo\\\/\",\"name\":\"Abierto hasta el Amanecer inicia la 24 Edici\\u00f3n del Programa de Ocio Nocturno Alternativo - El Digital de Asturias\",\"description\":\"La Asociaci\\u00f3n 'Abierto hasta el Amanecer' dar\\u00e1 comienzo en Gij\\u00f3n este pr\\u00f3ximo viernes a la segunda fase de la 24 Edici\\u00f3n del Programa de Ocio Nocturno Alternativo, que se desarrollar\\u00e1 hasta el pr\\u00f3ximo 20 de marzo y ofrece 73 talleres formativos y l\\u00fadicos con m\\u00e1s de 1.200 plazas gratuitas para j\\u00f3venes de entre 13 y\",\"inLanguage\":\"es-ES\",\"isPartOf\":{\"@id\":\"https:\\\/\\\/www.eldigitaldeasturias.com\\\/noticias\\\/#website\"},\"breadcrumb\":{\"@id\":\"https:\\\/\\\/www.eldigitaldeasturias.com\\\/noticias\\\/abierto-hasta-el-amanecer-inicia-la-24-edicion-del-programa-de-ocio-nocturno-alternativo\\\/#breadcrumblist\"},\"author\":{\"@id\":\"https:\\\/\\\/www.eldigitaldeasturias.com\\\/noticias\\\/author\\\/admin\\\/#author\"},\"creator\":{\"@id\":\"https:\\\/\\\/www.eldigitaldeasturias.com\\\/noticias\\\/author\\\/admin\\\/#author\"},\"image\":{\"@type\":\"ImageObject\",\"url\":\"https:\\\/\\\/www.eldigitaldeasturias.com\\\/noticias\\\/wp-content\\\/uploads\\\/2016\\\/02\\\/fotonoticia_20160203172425_800.jpg\",\"@id\":\"https:\\\/\\\/www.eldigitaldeasturias.com\\\/noticias\\\/abierto-hasta-el-amanecer-inicia-la-24-edicion-del-programa-de-ocio-nocturno-alternativo\\\/#mainImage\",\"width\":800,\"height\":600},\"primaryImageOfPage\":{\"@id\":\"https:\\\/\\\/www.eldigitaldeasturias.com\\\/noticias\\\/abierto-hasta-el-amanecer-inicia-la-24-edicion-del-programa-de-ocio-nocturno-alternativo\\\/#mainImage\"},\"datePublished\":\"2016-02-03T20:15:17+01:00\",\"dateModified\":\"2016-02-03T20:15:17+01:00\"},{\"@type\":\"WebSite\",\"@id\":\"https:\\\/\\\/www.eldigitaldeasturias.com\\\/noticias\\\/#website\",\"url\":\"https:\\\/\\\/www.eldigitaldeasturias.com\\\/noticias\\\/\",\"name\":\"El Digital de Asturias - Diario de actualidad y noticias\",\"alternateName\":\"El Digital de Asturias - Diario de actualidad y noticias\",\"description\":\"Hemeroteca\",\"inLanguage\":\"es-ES\",\"publisher\":{\"@id\":\"https:\\\/\\\/www.eldigitaldeasturias.com\\\/noticias\\\/#organization\"}}]}\n\t\t<\/script>\n\t\t<!-- All in One SEO Pro -->\r\n\t\t<title>Abierto hasta el Amanecer inicia la 24 Edici\u00f3n del Programa de Ocio Nocturno Alternativo - El Digital de Asturias<\/title>\n\n","aioseo_head_json":{"title":"Abierto hasta el Amanecer inicia la 24 Edici\u00f3n del Programa de Ocio Nocturno Alternativo - El Digital de Asturias","description":"La Asociaci\u00f3n 'Abierto hasta el Amanecer' dar\u00e1 comienzo en Gij\u00f3n este pr\u00f3ximo viernes a la segunda fase de la 24 Edici\u00f3n del Programa de Ocio Nocturno Alternativo, que se desarrollar\u00e1 hasta el pr\u00f3ximo 20 de marzo y ofrece 73 talleres formativos y l\u00fadicos con m\u00e1s de 1.200 plazas gratuitas para j\u00f3venes de entre 13 y","canonical_url":"https:\/\/www.eldigitaldeasturias.com\/noticias\/abierto-hasta-el-amanecer-inicia-la-24-edicion-del-programa-de-ocio-nocturno-alternativo\/","robots":"max-image-preview:large","keywords":"actualidad asturias","webmasterTools":{"google-site-verification":"UA-38556648-1","msvalidate.01":"7dfe9f3f1b24437ab69f4f2559babe99","miscellaneous":""},"schema":{"@context":"https:\/\/schema.org","@graph":[{"@type":"BlogPosting","@id":"https:\/\/www.eldigitaldeasturias.com\/noticias\/abierto-hasta-el-amanecer-inicia-la-24-edicion-del-programa-de-ocio-nocturno-alternativo\/#blogposting","name":"Abierto hasta el Amanecer inicia la 24 Edici\u00f3n del Programa de Ocio Nocturno Alternativo - El Digital de Asturias","headline":"Abierto hasta el Amanecer inicia la 24 Edici\u00f3n del Programa de Ocio Nocturno Alternativo","author":{"@id":"https:\/\/www.eldigitaldeasturias.com\/noticias\/author\/admin\/#author"},"publisher":{"@id":"https:\/\/www.eldigitaldeasturias.com\/noticias\/#organization"},"image":{"@type":"ImageObject","url":"https:\/\/www.eldigitaldeasturias.com\/noticias\/wp-content\/uploads\/2016\/02\/fotonoticia_20160203172425_800.jpg","width":800,"height":600},"datePublished":"2016-02-03T20:15:17+01:00","dateModified":"2016-02-03T20:15:17+01:00","inLanguage":"es-ES","mainEntityOfPage":{"@id":"https:\/\/www.eldigitaldeasturias.com\/noticias\/abierto-hasta-el-amanecer-inicia-la-24-edicion-del-programa-de-ocio-nocturno-alternativo\/#webpage"},"isPartOf":{"@id":"https:\/\/www.eldigitaldeasturias.com\/noticias\/abierto-hasta-el-amanecer-inicia-la-24-edicion-del-programa-de-ocio-nocturno-alternativo\/#webpage"},"articleSection":"Actualidad Asturias"},{"@type":"BreadcrumbList","@id":"https:\/\/www.eldigitaldeasturias.com\/noticias\/abierto-hasta-el-amanecer-inicia-la-24-edicion-del-programa-de-ocio-nocturno-alternativo\/#breadcrumblist","itemListElement":[{"@type":"ListItem","@id":"https:\/\/www.eldigitaldeasturias.com\/noticias#listItem","position":1,"name":"Home","item":"https:\/\/www.eldigitaldeasturias.com\/noticias","nextItem":{"@type":"ListItem","@id":"https:\/\/www.eldigitaldeasturias.com\/noticias\/category\/actualidad-asturias\/#listItem","name":"Actualidad Asturias"}},{"@type":"ListItem","@id":"https:\/\/www.eldigitaldeasturias.com\/noticias\/category\/actualidad-asturias\/#listItem","position":2,"name":"Actualidad Asturias","item":"https:\/\/www.eldigitaldeasturias.com\/noticias\/category\/actualidad-asturias\/","nextItem":{"@type":"ListItem","@id":"https:\/\/www.eldigitaldeasturias.com\/noticias\/abierto-hasta-el-amanecer-inicia-la-24-edicion-del-programa-de-ocio-nocturno-alternativo\/#listItem","name":"Abierto hasta el Amanecer inicia la 24 Edici\u00f3n del Programa de Ocio Nocturno Alternativo"},"previousItem":{"@type":"ListItem","@id":"https:\/\/www.eldigitaldeasturias.com\/noticias#listItem","name":"Home"}},{"@type":"ListItem","@id":"https:\/\/www.eldigitaldeasturias.com\/noticias\/abierto-hasta-el-amanecer-inicia-la-24-edicion-del-programa-de-ocio-nocturno-alternativo\/#listItem","position":3,"name":"Abierto hasta el Amanecer inicia la 24 Edici\u00f3n del Programa de Ocio Nocturno Alternativo","previousItem":{"@type":"ListItem","@id":"https:\/\/www.eldigitaldeasturias.com\/noticias\/category\/actualidad-asturias\/#listItem","name":"Actualidad Asturias"}}]},{"@type":"Organization","@id":"https:\/\/www.eldigitaldeasturias.com\/noticias\/#organization","name":"El Digital de Asturias","description":"Hemeroteca","url":"https:\/\/www.eldigitaldeasturias.com\/noticias\/","email":"info@eldigitaldeasturias.com","telephone":"+34652131393","logo":{"@type":"ImageObject","url":"https:\/\/www.eldigitaldeasturias.com\/noticias\/wp-content\/uploads\/2020\/12\/EDA.jpg","@id":"https:\/\/www.eldigitaldeasturias.com\/noticias\/abierto-hasta-el-amanecer-inicia-la-24-edicion-del-programa-de-ocio-nocturno-alternativo\/#organizationLogo","width":649,"height":297},"image":{"@id":"https:\/\/www.eldigitaldeasturias.com\/noticias\/abierto-hasta-el-amanecer-inicia-la-24-edicion-del-programa-de-ocio-nocturno-alternativo\/#organizationLogo"},"sameAs":["https:\/\/facebook.com\/eldigitaldeasturias","https:\/\/www.youtube.com\/channel\/UCZP-2wLEB9Rv6erhFmqVnvg"],"address":{"@id":"https:\/\/www.eldigitaldeasturias.com\/noticias\/#postaladdress","@type":"PostalAddress","streetAddress":"san antonio 4,","postalCode":"33430","addressLocality":"Cand\u00e1s","addressRegion":"Asturias","addressCountry":"ES"}},{"@type":"Person","@id":"https:\/\/www.eldigitaldeasturias.com\/noticias\/author\/admin\/#author","url":"https:\/\/www.eldigitaldeasturias.com\/noticias\/author\/admin\/","name":"El Digital de Asturias","image":{"@type":"ImageObject","@id":"https:\/\/www.eldigitaldeasturias.com\/noticias\/abierto-hasta-el-amanecer-inicia-la-24-edicion-del-programa-de-ocio-nocturno-alternativo\/#authorImage","url":"https:\/\/www.eldigitaldeasturias.com\/noticias\/wp-content\/litespeed\/avatar\/18677e78aa0546b92d9dbf31ec7d7668.jpg?ver=1777290358","width":96,"height":96,"caption":"El Digital de Asturias"}},{"@type":"WebPage","@id":"https:\/\/www.eldigitaldeasturias.com\/noticias\/abierto-hasta-el-amanecer-inicia-la-24-edicion-del-programa-de-ocio-nocturno-alternativo\/#webpage","url":"https:\/\/www.eldigitaldeasturias.com\/noticias\/abierto-hasta-el-amanecer-inicia-la-24-edicion-del-programa-de-ocio-nocturno-alternativo\/","name":"Abierto hasta el Amanecer inicia la 24 Edici\u00f3n del Programa de Ocio Nocturno Alternativo - El Digital de Asturias","description":"La Asociaci\u00f3n 'Abierto hasta el Amanecer' dar\u00e1 comienzo en Gij\u00f3n este pr\u00f3ximo viernes a la segunda fase de la 24 Edici\u00f3n del Programa de Ocio Nocturno Alternativo, que se desarrollar\u00e1 hasta el pr\u00f3ximo 20 de marzo y ofrece 73 talleres formativos y l\u00fadicos con m\u00e1s de 1.200 plazas gratuitas para j\u00f3venes de entre 13 y","inLanguage":"es-ES","isPartOf":{"@id":"https:\/\/www.eldigitaldeasturias.com\/noticias\/#website"},"breadcrumb":{"@id":"https:\/\/www.eldigitaldeasturias.com\/noticias\/abierto-hasta-el-amanecer-inicia-la-24-edicion-del-programa-de-ocio-nocturno-alternativo\/#breadcrumblist"},"author":{"@id":"https:\/\/www.eldigitaldeasturias.com\/noticias\/author\/admin\/#author"},"creator":{"@id":"https:\/\/www.eldigitaldeasturias.com\/noticias\/author\/admin\/#author"},"image":{"@type":"ImageObject","url":"https:\/\/www.eldigitaldeasturias.com\/noticias\/wp-content\/uploads\/2016\/02\/fotonoticia_20160203172425_800.jpg","@id":"https:\/\/www.eldigitaldeasturias.com\/noticias\/abierto-hasta-el-amanecer-inicia-la-24-edicion-del-programa-de-ocio-nocturno-alternativo\/#mainImage","width":800,"height":600},"primaryImageOfPage":{"@id":"https:\/\/www.eldigitaldeasturias.com\/noticias\/abierto-hasta-el-amanecer-inicia-la-24-edicion-del-programa-de-ocio-nocturno-alternativo\/#mainImage"},"datePublished":"2016-02-03T20:15:17+01:00","dateModified":"2016-02-03T20:15:17+01:00"},{"@type":"WebSite","@id":"https:\/\/www.eldigitaldeasturias.com\/noticias\/#website","url":"https:\/\/www.eldigitaldeasturias.com\/noticias\/","name":"El Digital de Asturias - Diario de actualidad y noticias","alternateName":"El Digital de Asturias - Diario de actualidad y noticias","description":"Hemeroteca","inLanguage":"es-ES","publisher":{"@id":"https:\/\/www.eldigitaldeasturias.com\/noticias\/#organization"}}]},"og:locale":"es_ES","og:site_name":"El Digital de Asturias","og:type":"article","og:title":"Abierto hasta el Amanecer inicia la 24 Edici\u00f3n del Programa de Ocio Nocturno Alternativo - El Digital de Asturias","og:description":"La Asociaci\u00f3n 'Abierto hasta el Amanecer' dar\u00e1 comienzo en Gij\u00f3n este pr\u00f3ximo viernes a la segunda fase de la 24 Edici\u00f3n del Programa de Ocio Nocturno Alternativo, que se desarrollar\u00e1 hasta el pr\u00f3ximo 20 de marzo y ofrece 73 talleres formativos y l\u00fadicos con m\u00e1s de 1.200 plazas gratuitas para j\u00f3venes de entre 13 y","og:url":"https:\/\/www.eldigitaldeasturias.com\/noticias\/abierto-hasta-el-amanecer-inicia-la-24-edicion-del-programa-de-ocio-nocturno-alternativo\/","og:image":"https:\/\/www.eldigitaldeasturias.com\/noticias\/wp-content\/uploads\/2016\/02\/fotonoticia_20160203172425_800.jpg","og:image:secure_url":"https:\/\/www.eldigitaldeasturias.com\/noticias\/wp-content\/uploads\/2016\/02\/fotonoticia_20160203172425_800.jpg","og:image:width":800,"og:image:height":600,"article:tag":["actualidad asturias"],"article:published_time":"2016-02-03T20:15:17+00:00","article:modified_time":"2016-02-03T20:15:17+00:00","article:publisher":"https:\/\/facebook.com\/eldigitaldeasturias","twitter:card":"summary_large_image","twitter:title":"Abierto hasta el Amanecer inicia la 24 Edici\u00f3n del Programa de Ocio Nocturno Alternativo - El Digital de Asturias","twitter:description":"La Asociaci\u00f3n 'Abierto hasta el Amanecer' dar\u00e1 comienzo en Gij\u00f3n este pr\u00f3ximo viernes a la segunda fase de la 24 Edici\u00f3n del Programa de Ocio Nocturno Alternativo, que se desarrollar\u00e1 hasta el pr\u00f3ximo 20 de marzo y ofrece 73 talleres formativos y l\u00fadicos con m\u00e1s de 1.200 plazas gratuitas para j\u00f3venes de entre 13 y","twitter:image":"https:\/\/www.eldigitaldeasturias.com\/noticias\/wp-content\/uploads\/2016\/02\/fotonoticia_20160203172425_800.jpg","twitter:label1":"Escrito por","twitter:data1":"El Digital de Asturias","twitter:label2":"Tiempo de lectura estimado","twitter:data2":"2 minutos"},"aioseo_meta_data":{"post_id":"853589","title":null,"description":null,"keywords":null,"keyphrases":null,"primary_term":null,"canonical_url":null,"og_title":null,"og_description":null,"og_object_type":"default","og_image_type":"default","og_image_url":null,"og_image_width":null,"og_image_height":null,"og_image_custom_url":null,"og_image_custom_fields":null,"og_video":null,"og_custom_url":null,"og_article_section":null,"og_article_tags":null,"twitter_use_og":false,"twitter_card":"default","twitter_image_type":"default","twitter_image_url":null,"twitter_image_custom_url":null,"twitter_image_custom_fields":null,"twitter_title":null,"twitter_description":null,"schema":{"blockGraphs":[],"customGraphs":[],"default":{"data":{"Article":[],"Course":[],"Dataset":[],"FAQPage":[],"Movie":[],"Person":[],"Product":[],"ProductReview":[],"Car":[],"Recipe":[],"Service":[],"SoftwareApplication":[],"WebPage":[]},"graphName":"","isEnabled":true},"graphs":[]},"schema_type":null,"schema_type_options":null,"pillar_content":false,"robots_default":true,"robots_noindex":false,"robots_noarchive":false,"robots_nosnippet":false,"robots_nofollow":false,"robots_noimageindex":false,"robots_noodp":false,"robots_notranslate":false,"robots_max_snippet":null,"robots_max_videopreview":null,"robots_max_imagepreview":"large","priority":null,"frequency":null,"local_seo":null,"seo_analyzer_scan_date":"2025-12-09 18:42:09","breadcrumb_settings":null,"limit_modified_date":false,"open_ai":null,"ai":null,"created":"2021-01-23 14:09:17","updated":"2025-12-09 18:42:09"},"aioseo_breadcrumb":"<div class=\"aioseo-breadcrumbs\"><span class=\"aioseo-breadcrumb\">\n\t<a href=\"https:\/\/www.eldigitaldeasturias.com\/noticias\" title=\"Home\">Home<\/a>\n<\/span><span class=\"aioseo-breadcrumb-separator\">\u2013<\/span><span class=\"aioseo-breadcrumb\">\n\t<a href=\"https:\/\/www.eldigitaldeasturias.com\/noticias\/category\/actualidad-asturias\/\" title=\"Actualidad Asturias\">Actualidad Asturias<\/a>\n<\/span><span class=\"aioseo-breadcrumb-separator\">\u2013<\/span><span class=\"aioseo-breadcrumb\">\n\t<a href=\"https:\/\/www.eldigitaldeasturias.com\/noticias\/abierto-hasta-el-amanecer-inicia-la-24-edicion-del-programa-de-ocio-nocturno-alternativo\/\" title=\"Abierto hasta el Amanecer inicia la 24 Edici\u00f3n del Programa de Ocio Nocturno Alternativo\">Abierto hasta el Amanecer inicia la 24 Edici\u00f3n del Programa de Ocio Nocturno Alternativo<\/a>\n<\/span><\/div>","aioseo_breadcrumb_json":[{"label":"Home","link":"https:\/\/www.eldigitaldeasturias.com\/noticias"},{"label":"Actualidad Asturias","link":"https:\/\/www.eldigitaldeasturias.com\/noticias\/category\/actualidad-asturias\/"},{"label":"Abierto hasta el Amanecer inicia la 24 Edici\u00f3n del Programa de Ocio Nocturno Alternativo","link":"https:\/\/www.eldigitaldeasturias.com\/noticias\/abierto-hasta-el-amanecer-inicia-la-24-edicion-del-programa-de-ocio-nocturno-alternativo\/"}],"_links":{"self":[{"href":"https:\/\/www.eldigitaldeasturias.com\/noticias\/wp-json\/wp\/v2\/posts\/853589","targetHints":{"allow":["GET"]}}],"collection":[{"href":"https:\/\/www.eldigitaldeasturias.com\/noticias\/wp-json\/wp\/v2\/posts"}],"about":[{"href":"https:\/\/www.eldigitaldeasturias.com\/noticias\/wp-json\/wp\/v2\/types\/post"}],"author":[{"embeddable":true,"href":"https:\/\/www.eldigitaldeasturias.com\/noticias\/wp-json\/wp\/v2\/users\/1"}],"replies":[{"embeddable":true,"href":"https:\/\/www.eldigitaldeasturias.com\/noticias\/wp-json\/wp\/v2\/comments?post=853589"}],"version-history":[{"count":0,"href":"https:\/\/www.eldigitaldeasturias.com\/noticias\/wp-json\/wp\/v2\/posts\/853589\/revisions"}],"wp:featuredmedia":[{"embeddable":true,"href":"https:\/\/www.eldigitaldeasturias.com\/noticias\/wp-json\/wp\/v2\/media\/853590"}],"wp:attachment":[{"href":"https:\/\/www.eldigitaldeasturias.com\/noticias\/wp-json\/wp\/v2\/media?parent=853589"}],"wp:term":[{"taxonomy":"category","embeddable":true,"href":"https:\/\/www.eldigitaldeasturias.com\/noticias\/wp-json\/wp\/v2\/categories?post=853589"},{"taxonomy":"post_tag","embeddable":true,"href":"https:\/\/www.eldigitaldeasturias.com\/noticias\/wp-json\/wp\/v2\/tags?post=853589"}],"curies":[{"name":"wp","href":"https:\/\/api.w.org\/{rel}","templated":true}]}}