{"id":853587,"date":"2016-02-03T20:13:18","date_gmt":"2016-02-03T20:13:18","guid":{"rendered":"http:\/\/www.eldigitaldeasturias.com\/noticias\/?p=853587"},"modified":"2016-02-03T20:13:18","modified_gmt":"2016-02-03T20:13:18","slug":"un-hombre-se-enfrenta-a-12-anos-de-prision-por-intentar-asesinar-a-su-pareja-en-oviedo","status":"publish","type":"post","link":"https:\/\/www.eldigitaldeasturias.com\/noticias\/un-hombre-se-enfrenta-a-12-anos-de-prision-por-intentar-asesinar-a-su-pareja-en-oviedo\/","title":{"rendered":"Un hombre se enfrenta a 12 a\u00f1os de prisi\u00f3n por intentar asesinar a su pareja en Oviedo"},"content":{"rendered":"<p><img loading=\"lazy\" decoding=\"async\" class=\"alignleft size-medium wp-image-780850\" src=\"https:\/\/www.eldigitaldeasturias.com\/noticias\/wp-content\/uploads\/2015\/04\/juzgados-360x270.jpg\" alt=\"juzgados\" width=\"360\" height=\"270\" srcset=\"https:\/\/www.eldigitaldeasturias.com\/noticias\/wp-content\/uploads\/2015\/04\/juzgados-360x270.jpg 360w, https:\/\/www.eldigitaldeasturias.com\/noticias\/wp-content\/uploads\/2015\/04\/juzgados-400x300.jpg 400w, https:\/\/www.eldigitaldeasturias.com\/noticias\/wp-content\/uploads\/2015\/04\/juzgados-768x576.jpg 768w, https:\/\/www.eldigitaldeasturias.com\/noticias\/wp-content\/uploads\/2015\/04\/juzgados-640x480.jpg 640w, https:\/\/www.eldigitaldeasturias.com\/noticias\/wp-content\/uploads\/2015\/04\/juzgados-20x15.jpg 20w, https:\/\/www.eldigitaldeasturias.com\/noticias\/wp-content\/uploads\/2015\/04\/juzgados.jpg 800w\" sizes=\"auto, (max-width: 360px) 100vw, 360px\" \/>La Fiscal\u00eda del Principado de Asturias solicita 12 a\u00f1os de prisi\u00f3n y alejamiento para un procesado por intentar asesinar en Oviedo a su pareja, a la que supuestamente roci\u00f3 con gasolina y prendi\u00f3 fuego mientras dorm\u00eda. La vista oral se celebrar\u00e1 el pr\u00f3ximo d\u00eda 18 de febrero de 2016 en la Secci\u00f3n Tercera de la Audiencia Provincial de Asturias, con sede en Oviedo, a las 10.00 horas, seg\u00fan han informado a Europa Press fuentes judiciales.<\/p>\n<p>El Ministerio Fiscal sostiene que el procesado manten\u00eda una relaci\u00f3n de pareja con convivencia con una mujer desde hac\u00eda unos dos a\u00f1os, sin hijos en com\u00fan. Sobre las 23.00 horas del 10 de abril de 2015, cuando ambos regresaron al domicilio que compart\u00edan en el municipio de Oviedo, el procesado, muy alterado, comenz\u00f3 a pedir explicaciones a la v\u00edctima sobre un n\u00famero de tel\u00e9fono que hab\u00eda apuntado en un papel. Cuando ella respondi\u00f3 que desconoc\u00eda a qui\u00e9n pertenec\u00eda, comenz\u00f3 a golpearla e insultarla, seg\u00fan el relato del Ministerio Fiscal.<\/p>\n<p>La mujer opt\u00f3 por irse a dormir, confiando en que as\u00ed se calmar\u00eda. Sin embargo, el procesado continu\u00f3 con su comportamiento violento y, tras esperar una media hora, aprovechando que la mujer se encontraba ya profundamente dormida, cogi\u00f3 una botella que conten\u00eda gasolina y se dirigi\u00f3 al dormitorio. A continuaci\u00f3n, la roci\u00f3 con el combustible y le prendi\u00f3 fuego.<\/p>\n<p>La mujer se despert\u00f3 y, al ver un fogonazo sobre su cuerpo, se levant\u00f3 envuelta en llamas y gritando. Ante esto, el procesado trat\u00f3 de apagar el fuego, tirando a la mujer al suelo. Sin embargo, y pese a la gravedad de lo ocurrido, no la acompa\u00f1\u00f3 a un centro m\u00e9dico ni llam\u00f3 a ning\u00fan servicio de emergencias.<\/p>\n<p>A consecuencia de estos hechos, la mujer sufri\u00f3 quemaduras en varios puntos del cuerpo, entre ellas la cara, algunas de ellas profundas. Tard\u00f3 en curar 46 d\u00edas, de los que 16 fueron de hospitalizaci\u00f3n. Le quedaron cicatrices como secuelas. La perjudicada, que fue asistida en el Sespa, ha renunciado a toda indemnizaci\u00f3n.<\/p>\n<p>La Fiscal\u00eda considera que los hechos son constitutivos de un delito de asesinato en grado de tentativa, con la agravante de parentesco, y solicita que se condene al procesado a 12 a\u00f1os de prisi\u00f3n, inhabilitaci\u00f3n absoluta para el derecho de sufragio pasivo durante el tiempo de la condena, prohibici\u00f3n de aproximarse a la mujer, a su domicilio, lugar de trabajo, ocio o cualquier otro frecuentado por ella a una distancia inferior a 500 metros, y de comunicaci\u00f3n con ella por cualquier medio, durante un tiempo superior en 5 a\u00f1os a la pena de prisi\u00f3n que se imponga en caso de condena, pago de las costas procesales y abono de una indemnizaci\u00f3n al Sespa correspondiente a los gastos m\u00e9dicos acreditados.<\/p>\n","protected":false},"excerpt":{"rendered":"<p>La Fiscal\u00eda del Principado de Asturias solicita 12 a\u00f1os de prisi\u00f3n y alejamiento para un procesado por intentar asesinar en Oviedo a su pareja, a la que supuestamente roci\u00f3 con gasolina y prendi\u00f3 fuego mientras dorm\u00eda. La vista oral se celebrar\u00e1 el pr\u00f3ximo d\u00eda 18 de febrero de 2016 en la Secci\u00f3n Tercera de la [&hellip;]<\/p>\n","protected":false},"author":1,"featured_media":780850,"comment_status":"closed","ping_status":"closed","sticky":false,"template":"","format":"standard","meta":{"footnotes":""},"categories":[5],"tags":[],"class_list":["post-853587","post","type-post","status-publish","format-standard","has-post-thumbnail","hentry","category-sucesos"],"aioseo_notices":[],"aioseo_head":"\n\t\t<!-- All in One SEO Pro 4.9.6.2 - aioseo.com -->\n\t<meta name=\"description\" content=\"La Fiscal\u00eda del Principado de Asturias solicita 12 a\u00f1os de prisi\u00f3n y alejamiento para un procesado por intentar asesinar en Oviedo a su pareja, a la que supuestamente roci\u00f3 con gasolina y prendi\u00f3 fuego mientras dorm\u00eda. La vista oral se celebrar\u00e1 el pr\u00f3ximo d\u00eda 18 de febrero de 2016 en la Secci\u00f3n Tercera de la\" \/>\n\t<meta name=\"robots\" content=\"max-image-preview:large\" \/>\n\t<meta name=\"author\" content=\"El Digital de Asturias\"\/>\n\t<meta name=\"google-site-verification\" content=\"UA-38556648-1\" \/>\n\t<meta name=\"msvalidate.01\" content=\"7dfe9f3f1b24437ab69f4f2559babe99\" \/>\n\t<meta name=\"keywords\" content=\"sucesos\" \/>\n\t<link rel=\"canonical\" href=\"https:\/\/www.eldigitaldeasturias.com\/noticias\/un-hombre-se-enfrenta-a-12-anos-de-prision-por-intentar-asesinar-a-su-pareja-en-oviedo\/\" \/>\n\t<meta name=\"generator\" content=\"All in One SEO Pro (AIOSEO) 4.9.6.2\" \/>\n\t\t<meta property=\"og:locale\" content=\"es_ES\" \/>\n\t\t<meta property=\"og:site_name\" content=\"El Digital de Asturias\" \/>\n\t\t<meta property=\"og:type\" content=\"article\" \/>\n\t\t<meta property=\"og:title\" content=\"Un hombre se enfrenta a 12 a\u00f1os de prisi\u00f3n por intentar asesinar a su pareja en Oviedo - El Digital de Asturias\" \/>\n\t\t<meta property=\"og:description\" content=\"La Fiscal\u00eda del Principado de Asturias solicita 12 a\u00f1os de prisi\u00f3n y alejamiento para un procesado por intentar asesinar en Oviedo a su pareja, a la que supuestamente roci\u00f3 con gasolina y prendi\u00f3 fuego mientras dorm\u00eda. La vista oral se celebrar\u00e1 el pr\u00f3ximo d\u00eda 18 de febrero de 2016 en la Secci\u00f3n Tercera de la\" \/>\n\t\t<meta property=\"og:url\" content=\"https:\/\/www.eldigitaldeasturias.com\/noticias\/un-hombre-se-enfrenta-a-12-anos-de-prision-por-intentar-asesinar-a-su-pareja-en-oviedo\/\" \/>\n\t\t<meta property=\"og:image\" content=\"https:\/\/www.eldigitaldeasturias.com\/noticias\/wp-content\/uploads\/2015\/04\/juzgados.jpg\" \/>\n\t\t<meta property=\"og:image:secure_url\" content=\"https:\/\/www.eldigitaldeasturias.com\/noticias\/wp-content\/uploads\/2015\/04\/juzgados.jpg\" \/>\n\t\t<meta property=\"og:image:width\" content=\"800\" \/>\n\t\t<meta property=\"og:image:height\" content=\"600\" \/>\n\t\t<meta property=\"article:tag\" content=\"sucesos\" \/>\n\t\t<meta property=\"article:published_time\" content=\"2016-02-03T20:13:18+00:00\" \/>\n\t\t<meta property=\"article:modified_time\" content=\"2016-02-03T20:13:18+00:00\" \/>\n\t\t<meta property=\"article:publisher\" content=\"https:\/\/facebook.com\/eldigitaldeasturias\" \/>\n\t\t<meta name=\"twitter:card\" content=\"summary_large_image\" \/>\n\t\t<meta name=\"twitter:title\" content=\"Un hombre se enfrenta a 12 a\u00f1os de prisi\u00f3n por intentar asesinar a su pareja en Oviedo - El Digital de Asturias\" \/>\n\t\t<meta name=\"twitter:description\" content=\"La Fiscal\u00eda del Principado de Asturias solicita 12 a\u00f1os de prisi\u00f3n y alejamiento para un procesado por intentar asesinar en Oviedo a su pareja, a la que supuestamente roci\u00f3 con gasolina y prendi\u00f3 fuego mientras dorm\u00eda. La vista oral se celebrar\u00e1 el pr\u00f3ximo d\u00eda 18 de febrero de 2016 en la Secci\u00f3n Tercera de la\" \/>\n\t\t<meta name=\"twitter:image\" content=\"https:\/\/www.eldigitaldeasturias.com\/noticias\/wp-content\/uploads\/2015\/04\/juzgados.jpg\" \/>\n\t\t<meta name=\"twitter:label1\" content=\"Escrito por\" \/>\n\t\t<meta name=\"twitter:data1\" content=\"El Digital de Asturias\" \/>\n\t\t<meta name=\"twitter:label2\" content=\"Tiempo de lectura estimado\" \/>\n\t\t<meta name=\"twitter:data2\" content=\"2 minutos\" \/>\n\t\t<script type=\"application\/ld+json\" class=\"aioseo-schema\">\n\t\t\t{\"@context\":\"https:\\\/\\\/schema.org\",\"@graph\":[{\"@type\":\"BlogPosting\",\"@id\":\"https:\\\/\\\/www.eldigitaldeasturias.com\\\/noticias\\\/un-hombre-se-enfrenta-a-12-anos-de-prision-por-intentar-asesinar-a-su-pareja-en-oviedo\\\/#blogposting\",\"name\":\"Un hombre se enfrenta a 12 a\\u00f1os de prisi\\u00f3n por intentar asesinar a su pareja en Oviedo - El Digital de Asturias\",\"headline\":\"Un hombre se enfrenta a 12 a\\u00f1os de prisi\\u00f3n por intentar asesinar a su pareja en Oviedo\",\"author\":{\"@id\":\"https:\\\/\\\/www.eldigitaldeasturias.com\\\/noticias\\\/author\\\/admin\\\/#author\"},\"publisher\":{\"@id\":\"https:\\\/\\\/www.eldigitaldeasturias.com\\\/noticias\\\/#organization\"},\"image\":{\"@type\":\"ImageObject\",\"url\":\"https:\\\/\\\/www.eldigitaldeasturias.com\\\/noticias\\\/wp-content\\\/uploads\\\/2015\\\/04\\\/juzgados.jpg\",\"width\":800,\"height\":600},\"datePublished\":\"2016-02-03T20:13:18+01:00\",\"dateModified\":\"2016-02-03T20:13:18+01:00\",\"inLanguage\":\"es-ES\",\"mainEntityOfPage\":{\"@id\":\"https:\\\/\\\/www.eldigitaldeasturias.com\\\/noticias\\\/un-hombre-se-enfrenta-a-12-anos-de-prision-por-intentar-asesinar-a-su-pareja-en-oviedo\\\/#webpage\"},\"isPartOf\":{\"@id\":\"https:\\\/\\\/www.eldigitaldeasturias.com\\\/noticias\\\/un-hombre-se-enfrenta-a-12-anos-de-prision-por-intentar-asesinar-a-su-pareja-en-oviedo\\\/#webpage\"},\"articleSection\":\"Sucesos\"},{\"@type\":\"BreadcrumbList\",\"@id\":\"https:\\\/\\\/www.eldigitaldeasturias.com\\\/noticias\\\/un-hombre-se-enfrenta-a-12-anos-de-prision-por-intentar-asesinar-a-su-pareja-en-oviedo\\\/#breadcrumblist\",\"itemListElement\":[{\"@type\":\"ListItem\",\"@id\":\"https:\\\/\\\/www.eldigitaldeasturias.com\\\/noticias#listItem\",\"position\":1,\"name\":\"Home\",\"item\":\"https:\\\/\\\/www.eldigitaldeasturias.com\\\/noticias\",\"nextItem\":{\"@type\":\"ListItem\",\"@id\":\"https:\\\/\\\/www.eldigitaldeasturias.com\\\/noticias\\\/category\\\/sucesos\\\/#listItem\",\"name\":\"Sucesos\"}},{\"@type\":\"ListItem\",\"@id\":\"https:\\\/\\\/www.eldigitaldeasturias.com\\\/noticias\\\/category\\\/sucesos\\\/#listItem\",\"position\":2,\"name\":\"Sucesos\",\"item\":\"https:\\\/\\\/www.eldigitaldeasturias.com\\\/noticias\\\/category\\\/sucesos\\\/\",\"nextItem\":{\"@type\":\"ListItem\",\"@id\":\"https:\\\/\\\/www.eldigitaldeasturias.com\\\/noticias\\\/un-hombre-se-enfrenta-a-12-anos-de-prision-por-intentar-asesinar-a-su-pareja-en-oviedo\\\/#listItem\",\"name\":\"Un hombre se enfrenta a 12 a\\u00f1os de prisi\\u00f3n por intentar asesinar a su pareja en Oviedo\"},\"previousItem\":{\"@type\":\"ListItem\",\"@id\":\"https:\\\/\\\/www.eldigitaldeasturias.com\\\/noticias#listItem\",\"name\":\"Home\"}},{\"@type\":\"ListItem\",\"@id\":\"https:\\\/\\\/www.eldigitaldeasturias.com\\\/noticias\\\/un-hombre-se-enfrenta-a-12-anos-de-prision-por-intentar-asesinar-a-su-pareja-en-oviedo\\\/#listItem\",\"position\":3,\"name\":\"Un hombre se enfrenta a 12 a\\u00f1os de prisi\\u00f3n por intentar asesinar a su pareja en Oviedo\",\"previousItem\":{\"@type\":\"ListItem\",\"@id\":\"https:\\\/\\\/www.eldigitaldeasturias.com\\\/noticias\\\/category\\\/sucesos\\\/#listItem\",\"name\":\"Sucesos\"}}]},{\"@type\":\"Organization\",\"@id\":\"https:\\\/\\\/www.eldigitaldeasturias.com\\\/noticias\\\/#organization\",\"name\":\"El Digital de Asturias\",\"description\":\"Hemeroteca\",\"url\":\"https:\\\/\\\/www.eldigitaldeasturias.com\\\/noticias\\\/\",\"email\":\"info@eldigitaldeasturias.com\",\"telephone\":\"+34652131393\",\"logo\":{\"@type\":\"ImageObject\",\"url\":\"https:\\\/\\\/www.eldigitaldeasturias.com\\\/noticias\\\/wp-content\\\/uploads\\\/2020\\\/12\\\/EDA.jpg\",\"@id\":\"https:\\\/\\\/www.eldigitaldeasturias.com\\\/noticias\\\/un-hombre-se-enfrenta-a-12-anos-de-prision-por-intentar-asesinar-a-su-pareja-en-oviedo\\\/#organizationLogo\",\"width\":649,\"height\":297},\"image\":{\"@id\":\"https:\\\/\\\/www.eldigitaldeasturias.com\\\/noticias\\\/un-hombre-se-enfrenta-a-12-anos-de-prision-por-intentar-asesinar-a-su-pareja-en-oviedo\\\/#organizationLogo\"},\"sameAs\":[\"https:\\\/\\\/facebook.com\\\/eldigitaldeasturias\",\"https:\\\/\\\/www.youtube.com\\\/channel\\\/UCZP-2wLEB9Rv6erhFmqVnvg\"],\"address\":{\"@id\":\"https:\\\/\\\/www.eldigitaldeasturias.com\\\/noticias\\\/#postaladdress\",\"@type\":\"PostalAddress\",\"streetAddress\":\"san antonio 4,\",\"postalCode\":\"33430\",\"addressLocality\":\"Cand\\u00e1s\",\"addressRegion\":\"Asturias\",\"addressCountry\":\"ES\"}},{\"@type\":\"Person\",\"@id\":\"https:\\\/\\\/www.eldigitaldeasturias.com\\\/noticias\\\/author\\\/admin\\\/#author\",\"url\":\"https:\\\/\\\/www.eldigitaldeasturias.com\\\/noticias\\\/author\\\/admin\\\/\",\"name\":\"El Digital de Asturias\",\"image\":{\"@type\":\"ImageObject\",\"@id\":\"https:\\\/\\\/www.eldigitaldeasturias.com\\\/noticias\\\/un-hombre-se-enfrenta-a-12-anos-de-prision-por-intentar-asesinar-a-su-pareja-en-oviedo\\\/#authorImage\",\"url\":\"https:\\\/\\\/www.eldigitaldeasturias.com\\\/noticias\\\/wp-content\\\/litespeed\\\/avatar\\\/18677e78aa0546b92d9dbf31ec7d7668.jpg?ver=1777290358\",\"width\":96,\"height\":96,\"caption\":\"El Digital de Asturias\"}},{\"@type\":\"WebPage\",\"@id\":\"https:\\\/\\\/www.eldigitaldeasturias.com\\\/noticias\\\/un-hombre-se-enfrenta-a-12-anos-de-prision-por-intentar-asesinar-a-su-pareja-en-oviedo\\\/#webpage\",\"url\":\"https:\\\/\\\/www.eldigitaldeasturias.com\\\/noticias\\\/un-hombre-se-enfrenta-a-12-anos-de-prision-por-intentar-asesinar-a-su-pareja-en-oviedo\\\/\",\"name\":\"Un hombre se enfrenta a 12 a\\u00f1os de prisi\\u00f3n por intentar asesinar a su pareja en Oviedo - El Digital de Asturias\",\"description\":\"La Fiscal\\u00eda del Principado de Asturias solicita 12 a\\u00f1os de prisi\\u00f3n y alejamiento para un procesado por intentar asesinar en Oviedo a su pareja, a la que supuestamente roci\\u00f3 con gasolina y prendi\\u00f3 fuego mientras dorm\\u00eda. La vista oral se celebrar\\u00e1 el pr\\u00f3ximo d\\u00eda 18 de febrero de 2016 en la Secci\\u00f3n Tercera de la\",\"inLanguage\":\"es-ES\",\"isPartOf\":{\"@id\":\"https:\\\/\\\/www.eldigitaldeasturias.com\\\/noticias\\\/#website\"},\"breadcrumb\":{\"@id\":\"https:\\\/\\\/www.eldigitaldeasturias.com\\\/noticias\\\/un-hombre-se-enfrenta-a-12-anos-de-prision-por-intentar-asesinar-a-su-pareja-en-oviedo\\\/#breadcrumblist\"},\"author\":{\"@id\":\"https:\\\/\\\/www.eldigitaldeasturias.com\\\/noticias\\\/author\\\/admin\\\/#author\"},\"creator\":{\"@id\":\"https:\\\/\\\/www.eldigitaldeasturias.com\\\/noticias\\\/author\\\/admin\\\/#author\"},\"image\":{\"@type\":\"ImageObject\",\"url\":\"https:\\\/\\\/www.eldigitaldeasturias.com\\\/noticias\\\/wp-content\\\/uploads\\\/2015\\\/04\\\/juzgados.jpg\",\"@id\":\"https:\\\/\\\/www.eldigitaldeasturias.com\\\/noticias\\\/un-hombre-se-enfrenta-a-12-anos-de-prision-por-intentar-asesinar-a-su-pareja-en-oviedo\\\/#mainImage\",\"width\":800,\"height\":600},\"primaryImageOfPage\":{\"@id\":\"https:\\\/\\\/www.eldigitaldeasturias.com\\\/noticias\\\/un-hombre-se-enfrenta-a-12-anos-de-prision-por-intentar-asesinar-a-su-pareja-en-oviedo\\\/#mainImage\"},\"datePublished\":\"2016-02-03T20:13:18+01:00\",\"dateModified\":\"2016-02-03T20:13:18+01:00\"},{\"@type\":\"WebSite\",\"@id\":\"https:\\\/\\\/www.eldigitaldeasturias.com\\\/noticias\\\/#website\",\"url\":\"https:\\\/\\\/www.eldigitaldeasturias.com\\\/noticias\\\/\",\"name\":\"El Digital de Asturias - Diario de actualidad y noticias\",\"alternateName\":\"El Digital de Asturias - Diario de actualidad y noticias\",\"description\":\"Hemeroteca\",\"inLanguage\":\"es-ES\",\"publisher\":{\"@id\":\"https:\\\/\\\/www.eldigitaldeasturias.com\\\/noticias\\\/#organization\"}}]}\n\t\t<\/script>\n\t\t<!-- All in One SEO Pro -->\r\n\t\t<title>Un hombre se enfrenta a 12 a\u00f1os de prisi\u00f3n por intentar asesinar a su pareja en Oviedo - El Digital de Asturias<\/title>\n\n","aioseo_head_json":{"title":"Un hombre se enfrenta a 12 a\u00f1os de prisi\u00f3n por intentar asesinar a su pareja en Oviedo - El Digital de Asturias","description":"La Fiscal\u00eda del Principado de Asturias solicita 12 a\u00f1os de prisi\u00f3n y alejamiento para un procesado por intentar asesinar en Oviedo a su pareja, a la que supuestamente roci\u00f3 con gasolina y prendi\u00f3 fuego mientras dorm\u00eda. La vista oral se celebrar\u00e1 el pr\u00f3ximo d\u00eda 18 de febrero de 2016 en la Secci\u00f3n Tercera de la","canonical_url":"https:\/\/www.eldigitaldeasturias.com\/noticias\/un-hombre-se-enfrenta-a-12-anos-de-prision-por-intentar-asesinar-a-su-pareja-en-oviedo\/","robots":"max-image-preview:large","keywords":"sucesos","webmasterTools":{"google-site-verification":"UA-38556648-1","msvalidate.01":"7dfe9f3f1b24437ab69f4f2559babe99","miscellaneous":""},"schema":{"@context":"https:\/\/schema.org","@graph":[{"@type":"BlogPosting","@id":"https:\/\/www.eldigitaldeasturias.com\/noticias\/un-hombre-se-enfrenta-a-12-anos-de-prision-por-intentar-asesinar-a-su-pareja-en-oviedo\/#blogposting","name":"Un hombre se enfrenta a 12 a\u00f1os de prisi\u00f3n por intentar asesinar a su pareja en Oviedo - El Digital de Asturias","headline":"Un hombre se enfrenta a 12 a\u00f1os de prisi\u00f3n por intentar asesinar a su pareja en Oviedo","author":{"@id":"https:\/\/www.eldigitaldeasturias.com\/noticias\/author\/admin\/#author"},"publisher":{"@id":"https:\/\/www.eldigitaldeasturias.com\/noticias\/#organization"},"image":{"@type":"ImageObject","url":"https:\/\/www.eldigitaldeasturias.com\/noticias\/wp-content\/uploads\/2015\/04\/juzgados.jpg","width":800,"height":600},"datePublished":"2016-02-03T20:13:18+01:00","dateModified":"2016-02-03T20:13:18+01:00","inLanguage":"es-ES","mainEntityOfPage":{"@id":"https:\/\/www.eldigitaldeasturias.com\/noticias\/un-hombre-se-enfrenta-a-12-anos-de-prision-por-intentar-asesinar-a-su-pareja-en-oviedo\/#webpage"},"isPartOf":{"@id":"https:\/\/www.eldigitaldeasturias.com\/noticias\/un-hombre-se-enfrenta-a-12-anos-de-prision-por-intentar-asesinar-a-su-pareja-en-oviedo\/#webpage"},"articleSection":"Sucesos"},{"@type":"BreadcrumbList","@id":"https:\/\/www.eldigitaldeasturias.com\/noticias\/un-hombre-se-enfrenta-a-12-anos-de-prision-por-intentar-asesinar-a-su-pareja-en-oviedo\/#breadcrumblist","itemListElement":[{"@type":"ListItem","@id":"https:\/\/www.eldigitaldeasturias.com\/noticias#listItem","position":1,"name":"Home","item":"https:\/\/www.eldigitaldeasturias.com\/noticias","nextItem":{"@type":"ListItem","@id":"https:\/\/www.eldigitaldeasturias.com\/noticias\/category\/sucesos\/#listItem","name":"Sucesos"}},{"@type":"ListItem","@id":"https:\/\/www.eldigitaldeasturias.com\/noticias\/category\/sucesos\/#listItem","position":2,"name":"Sucesos","item":"https:\/\/www.eldigitaldeasturias.com\/noticias\/category\/sucesos\/","nextItem":{"@type":"ListItem","@id":"https:\/\/www.eldigitaldeasturias.com\/noticias\/un-hombre-se-enfrenta-a-12-anos-de-prision-por-intentar-asesinar-a-su-pareja-en-oviedo\/#listItem","name":"Un hombre se enfrenta a 12 a\u00f1os de prisi\u00f3n por intentar asesinar a su pareja en Oviedo"},"previousItem":{"@type":"ListItem","@id":"https:\/\/www.eldigitaldeasturias.com\/noticias#listItem","name":"Home"}},{"@type":"ListItem","@id":"https:\/\/www.eldigitaldeasturias.com\/noticias\/un-hombre-se-enfrenta-a-12-anos-de-prision-por-intentar-asesinar-a-su-pareja-en-oviedo\/#listItem","position":3,"name":"Un hombre se enfrenta a 12 a\u00f1os de prisi\u00f3n por intentar asesinar a su pareja en Oviedo","previousItem":{"@type":"ListItem","@id":"https:\/\/www.eldigitaldeasturias.com\/noticias\/category\/sucesos\/#listItem","name":"Sucesos"}}]},{"@type":"Organization","@id":"https:\/\/www.eldigitaldeasturias.com\/noticias\/#organization","name":"El Digital de Asturias","description":"Hemeroteca","url":"https:\/\/www.eldigitaldeasturias.com\/noticias\/","email":"info@eldigitaldeasturias.com","telephone":"+34652131393","logo":{"@type":"ImageObject","url":"https:\/\/www.eldigitaldeasturias.com\/noticias\/wp-content\/uploads\/2020\/12\/EDA.jpg","@id":"https:\/\/www.eldigitaldeasturias.com\/noticias\/un-hombre-se-enfrenta-a-12-anos-de-prision-por-intentar-asesinar-a-su-pareja-en-oviedo\/#organizationLogo","width":649,"height":297},"image":{"@id":"https:\/\/www.eldigitaldeasturias.com\/noticias\/un-hombre-se-enfrenta-a-12-anos-de-prision-por-intentar-asesinar-a-su-pareja-en-oviedo\/#organizationLogo"},"sameAs":["https:\/\/facebook.com\/eldigitaldeasturias","https:\/\/www.youtube.com\/channel\/UCZP-2wLEB9Rv6erhFmqVnvg"],"address":{"@id":"https:\/\/www.eldigitaldeasturias.com\/noticias\/#postaladdress","@type":"PostalAddress","streetAddress":"san antonio 4,","postalCode":"33430","addressLocality":"Cand\u00e1s","addressRegion":"Asturias","addressCountry":"ES"}},{"@type":"Person","@id":"https:\/\/www.eldigitaldeasturias.com\/noticias\/author\/admin\/#author","url":"https:\/\/www.eldigitaldeasturias.com\/noticias\/author\/admin\/","name":"El Digital de Asturias","image":{"@type":"ImageObject","@id":"https:\/\/www.eldigitaldeasturias.com\/noticias\/un-hombre-se-enfrenta-a-12-anos-de-prision-por-intentar-asesinar-a-su-pareja-en-oviedo\/#authorImage","url":"https:\/\/www.eldigitaldeasturias.com\/noticias\/wp-content\/litespeed\/avatar\/18677e78aa0546b92d9dbf31ec7d7668.jpg?ver=1777290358","width":96,"height":96,"caption":"El Digital de Asturias"}},{"@type":"WebPage","@id":"https:\/\/www.eldigitaldeasturias.com\/noticias\/un-hombre-se-enfrenta-a-12-anos-de-prision-por-intentar-asesinar-a-su-pareja-en-oviedo\/#webpage","url":"https:\/\/www.eldigitaldeasturias.com\/noticias\/un-hombre-se-enfrenta-a-12-anos-de-prision-por-intentar-asesinar-a-su-pareja-en-oviedo\/","name":"Un hombre se enfrenta a 12 a\u00f1os de prisi\u00f3n por intentar asesinar a su pareja en Oviedo - El Digital de Asturias","description":"La Fiscal\u00eda del Principado de Asturias solicita 12 a\u00f1os de prisi\u00f3n y alejamiento para un procesado por intentar asesinar en Oviedo a su pareja, a la que supuestamente roci\u00f3 con gasolina y prendi\u00f3 fuego mientras dorm\u00eda. La vista oral se celebrar\u00e1 el pr\u00f3ximo d\u00eda 18 de febrero de 2016 en la Secci\u00f3n Tercera de la","inLanguage":"es-ES","isPartOf":{"@id":"https:\/\/www.eldigitaldeasturias.com\/noticias\/#website"},"breadcrumb":{"@id":"https:\/\/www.eldigitaldeasturias.com\/noticias\/un-hombre-se-enfrenta-a-12-anos-de-prision-por-intentar-asesinar-a-su-pareja-en-oviedo\/#breadcrumblist"},"author":{"@id":"https:\/\/www.eldigitaldeasturias.com\/noticias\/author\/admin\/#author"},"creator":{"@id":"https:\/\/www.eldigitaldeasturias.com\/noticias\/author\/admin\/#author"},"image":{"@type":"ImageObject","url":"https:\/\/www.eldigitaldeasturias.com\/noticias\/wp-content\/uploads\/2015\/04\/juzgados.jpg","@id":"https:\/\/www.eldigitaldeasturias.com\/noticias\/un-hombre-se-enfrenta-a-12-anos-de-prision-por-intentar-asesinar-a-su-pareja-en-oviedo\/#mainImage","width":800,"height":600},"primaryImageOfPage":{"@id":"https:\/\/www.eldigitaldeasturias.com\/noticias\/un-hombre-se-enfrenta-a-12-anos-de-prision-por-intentar-asesinar-a-su-pareja-en-oviedo\/#mainImage"},"datePublished":"2016-02-03T20:13:18+01:00","dateModified":"2016-02-03T20:13:18+01:00"},{"@type":"WebSite","@id":"https:\/\/www.eldigitaldeasturias.com\/noticias\/#website","url":"https:\/\/www.eldigitaldeasturias.com\/noticias\/","name":"El Digital de Asturias - Diario de actualidad y noticias","alternateName":"El Digital de Asturias - Diario de actualidad y noticias","description":"Hemeroteca","inLanguage":"es-ES","publisher":{"@id":"https:\/\/www.eldigitaldeasturias.com\/noticias\/#organization"}}]},"og:locale":"es_ES","og:site_name":"El Digital de Asturias","og:type":"article","og:title":"Un hombre se enfrenta a 12 a\u00f1os de prisi\u00f3n por intentar asesinar a su pareja en Oviedo - El Digital de Asturias","og:description":"La Fiscal\u00eda del Principado de Asturias solicita 12 a\u00f1os de prisi\u00f3n y alejamiento para un procesado por intentar asesinar en Oviedo a su pareja, a la que supuestamente roci\u00f3 con gasolina y prendi\u00f3 fuego mientras dorm\u00eda. La vista oral se celebrar\u00e1 el pr\u00f3ximo d\u00eda 18 de febrero de 2016 en la Secci\u00f3n Tercera de la","og:url":"https:\/\/www.eldigitaldeasturias.com\/noticias\/un-hombre-se-enfrenta-a-12-anos-de-prision-por-intentar-asesinar-a-su-pareja-en-oviedo\/","og:image":"https:\/\/www.eldigitaldeasturias.com\/noticias\/wp-content\/uploads\/2015\/04\/juzgados.jpg","og:image:secure_url":"https:\/\/www.eldigitaldeasturias.com\/noticias\/wp-content\/uploads\/2015\/04\/juzgados.jpg","og:image:width":800,"og:image:height":600,"article:tag":["sucesos"],"article:published_time":"2016-02-03T20:13:18+00:00","article:modified_time":"2016-02-03T20:13:18+00:00","article:publisher":"https:\/\/facebook.com\/eldigitaldeasturias","twitter:card":"summary_large_image","twitter:title":"Un hombre se enfrenta a 12 a\u00f1os de prisi\u00f3n por intentar asesinar a su pareja en Oviedo - El Digital de Asturias","twitter:description":"La Fiscal\u00eda del Principado de Asturias solicita 12 a\u00f1os de prisi\u00f3n y alejamiento para un procesado por intentar asesinar en Oviedo a su pareja, a la que supuestamente roci\u00f3 con gasolina y prendi\u00f3 fuego mientras dorm\u00eda. La vista oral se celebrar\u00e1 el pr\u00f3ximo d\u00eda 18 de febrero de 2016 en la Secci\u00f3n Tercera de la","twitter:image":"https:\/\/www.eldigitaldeasturias.com\/noticias\/wp-content\/uploads\/2015\/04\/juzgados.jpg","twitter:label1":"Escrito por","twitter:data1":"El Digital de Asturias","twitter:label2":"Tiempo de lectura estimado","twitter:data2":"2 minutos"},"aioseo_meta_data":{"post_id":"853587","title":null,"description":null,"keywords":null,"keyphrases":null,"primary_term":null,"canonical_url":null,"og_title":null,"og_description":null,"og_object_type":"default","og_image_type":"default","og_image_url":null,"og_image_width":null,"og_image_height":null,"og_image_custom_url":null,"og_image_custom_fields":null,"og_video":null,"og_custom_url":null,"og_article_section":null,"og_article_tags":null,"twitter_use_og":false,"twitter_card":"default","twitter_image_type":"default","twitter_image_url":null,"twitter_image_custom_url":null,"twitter_image_custom_fields":null,"twitter_title":null,"twitter_description":null,"schema":{"blockGraphs":[],"customGraphs":[],"default":{"data":{"Article":[],"Course":[],"Dataset":[],"FAQPage":[],"Movie":[],"Person":[],"Product":[],"ProductReview":[],"Car":[],"Recipe":[],"Service":[],"SoftwareApplication":[],"WebPage":[]},"graphName":"","isEnabled":true},"graphs":[],"defaultGraph":"","defaultPostTypeGraph":""},"schema_type":null,"schema_type_options":null,"pillar_content":false,"robots_default":true,"robots_noindex":false,"robots_noarchive":false,"robots_nosnippet":false,"robots_nofollow":false,"robots_noimageindex":false,"robots_noodp":false,"robots_notranslate":false,"robots_max_snippet":null,"robots_max_videopreview":null,"robots_max_imagepreview":"large","priority":null,"frequency":null,"local_seo":null,"seo_analyzer_scan_date":"2025-12-09 18:42:09","breadcrumb_settings":null,"limit_modified_date":false,"open_ai":null,"ai":null,"created":"2021-01-22 03:10:09","updated":"2025-12-09 18:42:09"},"aioseo_breadcrumb":"<div class=\"aioseo-breadcrumbs\"><span class=\"aioseo-breadcrumb\">\n\t<a href=\"https:\/\/www.eldigitaldeasturias.com\/noticias\" title=\"Home\">Home<\/a>\n<\/span><span class=\"aioseo-breadcrumb-separator\">\u2013<\/span><span class=\"aioseo-breadcrumb\">\n\t<a href=\"https:\/\/www.eldigitaldeasturias.com\/noticias\/category\/sucesos\/\" title=\"Sucesos\">Sucesos<\/a>\n<\/span><span class=\"aioseo-breadcrumb-separator\">\u2013<\/span><span class=\"aioseo-breadcrumb\">\n\t<a href=\"https:\/\/www.eldigitaldeasturias.com\/noticias\/un-hombre-se-enfrenta-a-12-anos-de-prision-por-intentar-asesinar-a-su-pareja-en-oviedo\/\" title=\"Un hombre se enfrenta a 12 a\u00f1os de prisi\u00f3n por intentar asesinar a su pareja en Oviedo\">Un hombre se enfrenta a 12 a\u00f1os de prisi\u00f3n por intentar asesinar a su pareja en Oviedo<\/a>\n<\/span><\/div>","aioseo_breadcrumb_json":[{"label":"Home","link":"https:\/\/www.eldigitaldeasturias.com\/noticias"},{"label":"Sucesos","link":"https:\/\/www.eldigitaldeasturias.com\/noticias\/category\/sucesos\/"},{"label":"Un hombre se enfrenta a 12 a\u00f1os de prisi\u00f3n por intentar asesinar a su pareja en Oviedo","link":"https:\/\/www.eldigitaldeasturias.com\/noticias\/un-hombre-se-enfrenta-a-12-anos-de-prision-por-intentar-asesinar-a-su-pareja-en-oviedo\/"}],"_links":{"self":[{"href":"https:\/\/www.eldigitaldeasturias.com\/noticias\/wp-json\/wp\/v2\/posts\/853587","targetHints":{"allow":["GET"]}}],"collection":[{"href":"https:\/\/www.eldigitaldeasturias.com\/noticias\/wp-json\/wp\/v2\/posts"}],"about":[{"href":"https:\/\/www.eldigitaldeasturias.com\/noticias\/wp-json\/wp\/v2\/types\/post"}],"author":[{"embeddable":true,"href":"https:\/\/www.eldigitaldeasturias.com\/noticias\/wp-json\/wp\/v2\/users\/1"}],"replies":[{"embeddable":true,"href":"https:\/\/www.eldigitaldeasturias.com\/noticias\/wp-json\/wp\/v2\/comments?post=853587"}],"version-history":[{"count":0,"href":"https:\/\/www.eldigitaldeasturias.com\/noticias\/wp-json\/wp\/v2\/posts\/853587\/revisions"}],"wp:featuredmedia":[{"embeddable":true,"href":"https:\/\/www.eldigitaldeasturias.com\/noticias\/wp-json\/wp\/v2\/media\/780850"}],"wp:attachment":[{"href":"https:\/\/www.eldigitaldeasturias.com\/noticias\/wp-json\/wp\/v2\/media?parent=853587"}],"wp:term":[{"taxonomy":"category","embeddable":true,"href":"https:\/\/www.eldigitaldeasturias.com\/noticias\/wp-json\/wp\/v2\/categories?post=853587"},{"taxonomy":"post_tag","embeddable":true,"href":"https:\/\/www.eldigitaldeasturias.com\/noticias\/wp-json\/wp\/v2\/tags?post=853587"}],"curies":[{"name":"wp","href":"https:\/\/api.w.org\/{rel}","templated":true}]}}