{"id":853585,"date":"2016-02-03T20:11:45","date_gmt":"2016-02-03T20:11:45","guid":{"rendered":"http:\/\/www.eldigitaldeasturias.com\/noticias\/?p=853585"},"modified":"2016-02-03T20:11:45","modified_gmt":"2016-02-03T20:11:45","slug":"un-home-enfrentar-a-12-anos-de-prision-por-intentar-asesinar-a-la-so-pareya-nuvieu","status":"publish","type":"post","link":"https:\/\/www.eldigitaldeasturias.com\/noticias\/un-home-enfrentar-a-12-anos-de-prision-por-intentar-asesinar-a-la-so-pareya-nuvieu\/","title":{"rendered":"Un home enfrentar a 12 a\u00f1os de prisi\u00f3n por intentar asesinar a la so pareya n&#8217;Uvi\u00e9u"},"content":{"rendered":"<p><img loading=\"lazy\" decoding=\"async\" class=\"alignleft size-medium wp-image-788444\" src=\"https:\/\/www.eldigitaldeasturias.com\/noticias\/wp-content\/uploads\/2015\/06\/juzgados-360x198.jpg\" alt=\"juzgados\" width=\"360\" height=\"198\" srcset=\"https:\/\/www.eldigitaldeasturias.com\/noticias\/wp-content\/uploads\/2015\/06\/juzgados-360x198.jpg 360w, https:\/\/www.eldigitaldeasturias.com\/noticias\/wp-content\/uploads\/2015\/06\/juzgados-480x264.jpg 480w, https:\/\/www.eldigitaldeasturias.com\/noticias\/wp-content\/uploads\/2015\/06\/juzgados-20x11.jpg 20w, https:\/\/www.eldigitaldeasturias.com\/noticias\/wp-content\/uploads\/2015\/06\/juzgados.jpg 655w\" sizes=\"auto, (max-width: 360px) 100vw, 360px\" \/>La Fiscal\u00eda del Princip\u00e1u d&#8217;Asturies solicita 12 a\u00f1os de prisi\u00f3n y allo\u00f1amientu pa un proces\u00e1u por intentar asesinar n&#8217;Uvi\u00e9u a la so pareya, a la que supuestamente roci\u00f3 con gasolina y prendi\u00f3 fueu mientres dorm\u00eda. La vista oral va celebrase&#8217;l pr\u00f3ximu d\u00eda 18 de febreru de 2016 na Secci\u00f3n Tercer de l&#8217;Audiencia Provincial d&#8217;Asturies, con see n&#8217;Uvi\u00e9u, a les 10.00 hores, seg\u00fan informaron a Europa Press fontes xudiciales.<\/p>\n<p>El Ministeriu Fiscal sostien que&#8217;l proces\u00e1u calten\u00eda una relaci\u00f3n de pareya con convivencia con una muyer dende fa\u00eda unos dos a\u00f1os, ensin f\u00edos de mancom\u00fan. Sobre les 23.00 hores del 10 d&#8217;abril de 2015, cuando dambos tornaron a la casa que compart\u00eden nel conceyu d&#8217;Uvi\u00e9u, el proces\u00e1u, bien alteri\u00e1u, empez\u00f3 a pidir esplicaciones a la v\u00edctima sobre un n\u00famberu de tel\u00e9fonu qu&#8217;apuntara nun papel. Cuando ella respondi\u00f3 que desconoc\u00eda a qui\u00e9n pertenec\u00eda, empez\u00f3 a cutila y faltala, seg\u00fan el relatu del Ministeriu Fiscal.<\/p>\n<p>La muyer opt\u00f3 por dir se a dormir, col enfotu de qu&#8217;asina s&#8217;aselar\u00eda. Sicas\u00ed, el proces\u00e1u sigui\u00f3 col so comportamientu violentu y, n&#8217;esperando una media hora, aprovechando que la muyer atop\u00e1base y\u00e1 fondamente dormida, coy\u00f3 una botella que conten\u00eda gasolina y dirixi\u00f3se al cuartu. De sigu\u00edo, la roci\u00f3 col combustible y prendi\u00f3-y fueu.<\/p>\n<p>La muyer espert\u00f3se y, al ver un fogonazu sobre&#8217;l so cuerpu, llevant\u00f3se envolubrada en llapaes y glayando. Ante esto, el proces\u00e1u trat\u00f3 d&#8217;apagar el fueu, tirando a la muyer al suelu. Sicas\u00ed, y magar la graved\u00e1 de asoceder, nun la acompa\u00f1\u00f3 a un centru m\u00e9dicu nin llam\u00f3 a neng\u00fan serviciu d&#8217;emerxencies.<\/p>\n<p>Por cuenta de estos fechos, la muyer sufri\u00f3 quemadures en dellos puntos del cuerpu, ente elles la cara, dalgunes d&#8217;elles fondes. Tard\u00f3 en curar 46 d\u00edes, de los que 16 fueron d&#8217;hospitalizaci\u00f3n. Qued\u00e1ron-y repulgu como remortines. La perxudicada, que foi asistida nel Sespa, arrenunci\u00f3 a toa indemnizaci\u00f3n.<\/p>\n<p>La Fiscal\u00eda considera que los fechos son constitutivos d&#8217;un delitu d&#8217;asesinatu en grau de tentativa, col agravante de parentescu, y solicita que se condergue al proces\u00e1u a 12 a\u00f1os de prisi\u00f3n, inhabilitaci\u00f3n absoluta pal derechu de sufraxu pasivu mientres el tiempu de la condena, prohibici\u00f3n d&#8217;averase a la muyer, a la so casa, llugar de trabayu, ociu o cualesquier otru frecuent\u00e1u por ella a una distancia inferior a 500 metros, y de comunicaci\u00f3n con ella per cualesquier mediu, mientres un tiempu cimeru en 5 a\u00f1os a la pena de prisi\u00f3n que s&#8217;imponga en casu de condena, pagu de les mari\u00f1es procesales y abonu d&#8217;una indemnizaci\u00f3n al Sespa correspondiente a los gastos m\u00e9dicos acreditaos.<\/p>\n","protected":false},"excerpt":{"rendered":"<p>La Fiscal\u00eda del Princip\u00e1u d&#8217;Asturies solicita 12 a\u00f1os de prisi\u00f3n y allo\u00f1amientu pa un proces\u00e1u por intentar asesinar n&#8217;Uvi\u00e9u a la so pareya, a la que supuestamente roci\u00f3 con gasolina y prendi\u00f3 fueu mientres dorm\u00eda. La vista oral va celebrase&#8217;l pr\u00f3ximu d\u00eda 18 de febreru de 2016 na Secci\u00f3n Tercer de l&#8217;Audiencia Provincial d&#8217;Asturies, con [&hellip;]<\/p>\n","protected":false},"author":1,"featured_media":788444,"comment_status":"closed","ping_status":"closed","sticky":false,"template":"","format":"standard","meta":{"footnotes":""},"categories":[12],"tags":[],"class_list":["post-853585","post","type-post","status-publish","format-standard","has-post-thumbnail","hentry","category-actualidad-asturias"],"aioseo_notices":[],"aioseo_head":"\n\t\t<!-- All in One SEO Pro 4.9.6.2 - aioseo.com -->\n\t<meta name=\"description\" content=\"La Fiscal\u00eda del Princip\u00e1u d&#039;Asturies solicita 12 a\u00f1os de prisi\u00f3n y allo\u00f1amientu pa un proces\u00e1u por intentar asesinar n&#039;Uvi\u00e9u a la so pareya, a la que supuestamente roci\u00f3 con gasolina y prendi\u00f3 fueu mientres dorm\u00eda. La vista oral va celebrase&#039;l pr\u00f3ximu d\u00eda 18 de febreru de 2016 na Secci\u00f3n Tercer de l&#039;Audiencia Provincial d&#039;Asturies, con\" \/>\n\t<meta name=\"robots\" content=\"max-image-preview:large\" \/>\n\t<meta name=\"author\" content=\"El Digital de Asturias\"\/>\n\t<meta name=\"google-site-verification\" content=\"UA-38556648-1\" \/>\n\t<meta name=\"msvalidate.01\" content=\"7dfe9f3f1b24437ab69f4f2559babe99\" \/>\n\t<meta name=\"keywords\" content=\"actualidad asturias\" \/>\n\t<link rel=\"canonical\" href=\"https:\/\/www.eldigitaldeasturias.com\/noticias\/un-home-enfrentar-a-12-anos-de-prision-por-intentar-asesinar-a-la-so-pareya-nuvieu\/\" \/>\n\t<meta name=\"generator\" content=\"All in One SEO Pro (AIOSEO) 4.9.6.2\" \/>\n\t\t<meta property=\"og:locale\" content=\"es_ES\" \/>\n\t\t<meta property=\"og:site_name\" content=\"El Digital de Asturias\" \/>\n\t\t<meta property=\"og:type\" content=\"article\" \/>\n\t\t<meta property=\"og:title\" content=\"Un home enfrentar a 12 a\u00f1os de prisi\u00f3n por intentar asesinar a la so pareya n\u2019Uvi\u00e9u - El Digital de Asturias\" \/>\n\t\t<meta property=\"og:description\" content=\"La Fiscal\u00eda del Princip\u00e1u d&#039;Asturies solicita 12 a\u00f1os de prisi\u00f3n y allo\u00f1amientu pa un proces\u00e1u por intentar asesinar n&#039;Uvi\u00e9u a la so pareya, a la que supuestamente roci\u00f3 con gasolina y prendi\u00f3 fueu mientres dorm\u00eda. La vista oral va celebrase&#039;l pr\u00f3ximu d\u00eda 18 de febreru de 2016 na Secci\u00f3n Tercer de l&#039;Audiencia Provincial d&#039;Asturies, con\" \/>\n\t\t<meta property=\"og:url\" content=\"https:\/\/www.eldigitaldeasturias.com\/noticias\/un-home-enfrentar-a-12-anos-de-prision-por-intentar-asesinar-a-la-so-pareya-nuvieu\/\" \/>\n\t\t<meta property=\"og:image\" content=\"https:\/\/www.eldigitaldeasturias.com\/noticias\/wp-content\/uploads\/2015\/06\/juzgados.jpg\" \/>\n\t\t<meta property=\"og:image:secure_url\" content=\"https:\/\/www.eldigitaldeasturias.com\/noticias\/wp-content\/uploads\/2015\/06\/juzgados.jpg\" \/>\n\t\t<meta property=\"og:image:width\" content=\"655\" \/>\n\t\t<meta property=\"og:image:height\" content=\"360\" \/>\n\t\t<meta property=\"article:tag\" content=\"actualidad asturias\" \/>\n\t\t<meta property=\"article:published_time\" content=\"2016-02-03T20:11:45+00:00\" \/>\n\t\t<meta property=\"article:modified_time\" content=\"2016-02-03T20:11:45+00:00\" \/>\n\t\t<meta property=\"article:publisher\" content=\"https:\/\/facebook.com\/eldigitaldeasturias\" \/>\n\t\t<meta name=\"twitter:card\" content=\"summary_large_image\" \/>\n\t\t<meta name=\"twitter:title\" content=\"Un home enfrentar a 12 a\u00f1os de prisi\u00f3n por intentar asesinar a la so pareya n\u2019Uvi\u00e9u - El Digital de Asturias\" \/>\n\t\t<meta name=\"twitter:description\" content=\"La Fiscal\u00eda del Princip\u00e1u d&#039;Asturies solicita 12 a\u00f1os de prisi\u00f3n y allo\u00f1amientu pa un proces\u00e1u por intentar asesinar n&#039;Uvi\u00e9u a la so pareya, a la que supuestamente roci\u00f3 con gasolina y prendi\u00f3 fueu mientres dorm\u00eda. La vista oral va celebrase&#039;l pr\u00f3ximu d\u00eda 18 de febreru de 2016 na Secci\u00f3n Tercer de l&#039;Audiencia Provincial d&#039;Asturies, con\" \/>\n\t\t<meta name=\"twitter:image\" content=\"https:\/\/www.eldigitaldeasturias.com\/noticias\/wp-content\/uploads\/2015\/06\/juzgados.jpg\" \/>\n\t\t<meta name=\"twitter:label1\" content=\"Escrito por\" \/>\n\t\t<meta name=\"twitter:data1\" content=\"El Digital de Asturias\" \/>\n\t\t<meta name=\"twitter:label2\" content=\"Tiempo de lectura estimado\" \/>\n\t\t<meta name=\"twitter:data2\" content=\"2 minutos\" \/>\n\t\t<script type=\"application\/ld+json\" class=\"aioseo-schema\">\n\t\t\t{\"@context\":\"https:\\\/\\\/schema.org\",\"@graph\":[{\"@type\":\"BlogPosting\",\"@id\":\"https:\\\/\\\/www.eldigitaldeasturias.com\\\/noticias\\\/un-home-enfrentar-a-12-anos-de-prision-por-intentar-asesinar-a-la-so-pareya-nuvieu\\\/#blogposting\",\"name\":\"Un home enfrentar a 12 a\\u00f1os de prisi\\u00f3n por intentar asesinar a la so pareya n\\u2019Uvi\\u00e9u - El Digital de Asturias\",\"headline\":\"Un home enfrentar a 12 a\\u00f1os de prisi\\u00f3n por intentar asesinar a la so pareya n&#8217;Uvi\\u00e9u\",\"author\":{\"@id\":\"https:\\\/\\\/www.eldigitaldeasturias.com\\\/noticias\\\/author\\\/admin\\\/#author\"},\"publisher\":{\"@id\":\"https:\\\/\\\/www.eldigitaldeasturias.com\\\/noticias\\\/#organization\"},\"image\":{\"@type\":\"ImageObject\",\"url\":\"https:\\\/\\\/www.eldigitaldeasturias.com\\\/noticias\\\/wp-content\\\/uploads\\\/2015\\\/06\\\/juzgados.jpg\",\"width\":655,\"height\":360},\"datePublished\":\"2016-02-03T20:11:45+01:00\",\"dateModified\":\"2016-02-03T20:11:45+01:00\",\"inLanguage\":\"es-ES\",\"mainEntityOfPage\":{\"@id\":\"https:\\\/\\\/www.eldigitaldeasturias.com\\\/noticias\\\/un-home-enfrentar-a-12-anos-de-prision-por-intentar-asesinar-a-la-so-pareya-nuvieu\\\/#webpage\"},\"isPartOf\":{\"@id\":\"https:\\\/\\\/www.eldigitaldeasturias.com\\\/noticias\\\/un-home-enfrentar-a-12-anos-de-prision-por-intentar-asesinar-a-la-so-pareya-nuvieu\\\/#webpage\"},\"articleSection\":\"Actualidad Asturias\"},{\"@type\":\"BreadcrumbList\",\"@id\":\"https:\\\/\\\/www.eldigitaldeasturias.com\\\/noticias\\\/un-home-enfrentar-a-12-anos-de-prision-por-intentar-asesinar-a-la-so-pareya-nuvieu\\\/#breadcrumblist\",\"itemListElement\":[{\"@type\":\"ListItem\",\"@id\":\"https:\\\/\\\/www.eldigitaldeasturias.com\\\/noticias#listItem\",\"position\":1,\"name\":\"Home\",\"item\":\"https:\\\/\\\/www.eldigitaldeasturias.com\\\/noticias\",\"nextItem\":{\"@type\":\"ListItem\",\"@id\":\"https:\\\/\\\/www.eldigitaldeasturias.com\\\/noticias\\\/category\\\/actualidad-asturias\\\/#listItem\",\"name\":\"Actualidad Asturias\"}},{\"@type\":\"ListItem\",\"@id\":\"https:\\\/\\\/www.eldigitaldeasturias.com\\\/noticias\\\/category\\\/actualidad-asturias\\\/#listItem\",\"position\":2,\"name\":\"Actualidad Asturias\",\"item\":\"https:\\\/\\\/www.eldigitaldeasturias.com\\\/noticias\\\/category\\\/actualidad-asturias\\\/\",\"nextItem\":{\"@type\":\"ListItem\",\"@id\":\"https:\\\/\\\/www.eldigitaldeasturias.com\\\/noticias\\\/un-home-enfrentar-a-12-anos-de-prision-por-intentar-asesinar-a-la-so-pareya-nuvieu\\\/#listItem\",\"name\":\"Un home enfrentar a 12 a\\u00f1os de prisi\\u00f3n por intentar asesinar a la so pareya n&#8217;Uvi\\u00e9u\"},\"previousItem\":{\"@type\":\"ListItem\",\"@id\":\"https:\\\/\\\/www.eldigitaldeasturias.com\\\/noticias#listItem\",\"name\":\"Home\"}},{\"@type\":\"ListItem\",\"@id\":\"https:\\\/\\\/www.eldigitaldeasturias.com\\\/noticias\\\/un-home-enfrentar-a-12-anos-de-prision-por-intentar-asesinar-a-la-so-pareya-nuvieu\\\/#listItem\",\"position\":3,\"name\":\"Un home enfrentar a 12 a\\u00f1os de prisi\\u00f3n por intentar asesinar a la so pareya n&#8217;Uvi\\u00e9u\",\"previousItem\":{\"@type\":\"ListItem\",\"@id\":\"https:\\\/\\\/www.eldigitaldeasturias.com\\\/noticias\\\/category\\\/actualidad-asturias\\\/#listItem\",\"name\":\"Actualidad Asturias\"}}]},{\"@type\":\"Organization\",\"@id\":\"https:\\\/\\\/www.eldigitaldeasturias.com\\\/noticias\\\/#organization\",\"name\":\"El Digital de Asturias\",\"description\":\"Hemeroteca\",\"url\":\"https:\\\/\\\/www.eldigitaldeasturias.com\\\/noticias\\\/\",\"email\":\"info@eldigitaldeasturias.com\",\"telephone\":\"+34652131393\",\"logo\":{\"@type\":\"ImageObject\",\"url\":\"https:\\\/\\\/www.eldigitaldeasturias.com\\\/noticias\\\/wp-content\\\/uploads\\\/2020\\\/12\\\/EDA.jpg\",\"@id\":\"https:\\\/\\\/www.eldigitaldeasturias.com\\\/noticias\\\/un-home-enfrentar-a-12-anos-de-prision-por-intentar-asesinar-a-la-so-pareya-nuvieu\\\/#organizationLogo\",\"width\":649,\"height\":297},\"image\":{\"@id\":\"https:\\\/\\\/www.eldigitaldeasturias.com\\\/noticias\\\/un-home-enfrentar-a-12-anos-de-prision-por-intentar-asesinar-a-la-so-pareya-nuvieu\\\/#organizationLogo\"},\"sameAs\":[\"https:\\\/\\\/facebook.com\\\/eldigitaldeasturias\",\"https:\\\/\\\/www.youtube.com\\\/channel\\\/UCZP-2wLEB9Rv6erhFmqVnvg\"],\"address\":{\"@id\":\"https:\\\/\\\/www.eldigitaldeasturias.com\\\/noticias\\\/#postaladdress\",\"@type\":\"PostalAddress\",\"streetAddress\":\"san antonio 4,\",\"postalCode\":\"33430\",\"addressLocality\":\"Cand\\u00e1s\",\"addressRegion\":\"Asturias\",\"addressCountry\":\"ES\"}},{\"@type\":\"Person\",\"@id\":\"https:\\\/\\\/www.eldigitaldeasturias.com\\\/noticias\\\/author\\\/admin\\\/#author\",\"url\":\"https:\\\/\\\/www.eldigitaldeasturias.com\\\/noticias\\\/author\\\/admin\\\/\",\"name\":\"El Digital de Asturias\",\"image\":{\"@type\":\"ImageObject\",\"@id\":\"https:\\\/\\\/www.eldigitaldeasturias.com\\\/noticias\\\/un-home-enfrentar-a-12-anos-de-prision-por-intentar-asesinar-a-la-so-pareya-nuvieu\\\/#authorImage\",\"url\":\"https:\\\/\\\/www.eldigitaldeasturias.com\\\/noticias\\\/wp-content\\\/litespeed\\\/avatar\\\/18677e78aa0546b92d9dbf31ec7d7668.jpg?ver=1777290358\",\"width\":96,\"height\":96,\"caption\":\"El Digital de Asturias\"}},{\"@type\":\"WebPage\",\"@id\":\"https:\\\/\\\/www.eldigitaldeasturias.com\\\/noticias\\\/un-home-enfrentar-a-12-anos-de-prision-por-intentar-asesinar-a-la-so-pareya-nuvieu\\\/#webpage\",\"url\":\"https:\\\/\\\/www.eldigitaldeasturias.com\\\/noticias\\\/un-home-enfrentar-a-12-anos-de-prision-por-intentar-asesinar-a-la-so-pareya-nuvieu\\\/\",\"name\":\"Un home enfrentar a 12 a\\u00f1os de prisi\\u00f3n por intentar asesinar a la so pareya n\\u2019Uvi\\u00e9u - El Digital de Asturias\",\"description\":\"La Fiscal\\u00eda del Princip\\u00e1u d'Asturies solicita 12 a\\u00f1os de prisi\\u00f3n y allo\\u00f1amientu pa un proces\\u00e1u por intentar asesinar n'Uvi\\u00e9u a la so pareya, a la que supuestamente roci\\u00f3 con gasolina y prendi\\u00f3 fueu mientres dorm\\u00eda. La vista oral va celebrase'l pr\\u00f3ximu d\\u00eda 18 de febreru de 2016 na Secci\\u00f3n Tercer de l'Audiencia Provincial d'Asturies, con\",\"inLanguage\":\"es-ES\",\"isPartOf\":{\"@id\":\"https:\\\/\\\/www.eldigitaldeasturias.com\\\/noticias\\\/#website\"},\"breadcrumb\":{\"@id\":\"https:\\\/\\\/www.eldigitaldeasturias.com\\\/noticias\\\/un-home-enfrentar-a-12-anos-de-prision-por-intentar-asesinar-a-la-so-pareya-nuvieu\\\/#breadcrumblist\"},\"author\":{\"@id\":\"https:\\\/\\\/www.eldigitaldeasturias.com\\\/noticias\\\/author\\\/admin\\\/#author\"},\"creator\":{\"@id\":\"https:\\\/\\\/www.eldigitaldeasturias.com\\\/noticias\\\/author\\\/admin\\\/#author\"},\"image\":{\"@type\":\"ImageObject\",\"url\":\"https:\\\/\\\/www.eldigitaldeasturias.com\\\/noticias\\\/wp-content\\\/uploads\\\/2015\\\/06\\\/juzgados.jpg\",\"@id\":\"https:\\\/\\\/www.eldigitaldeasturias.com\\\/noticias\\\/un-home-enfrentar-a-12-anos-de-prision-por-intentar-asesinar-a-la-so-pareya-nuvieu\\\/#mainImage\",\"width\":655,\"height\":360},\"primaryImageOfPage\":{\"@id\":\"https:\\\/\\\/www.eldigitaldeasturias.com\\\/noticias\\\/un-home-enfrentar-a-12-anos-de-prision-por-intentar-asesinar-a-la-so-pareya-nuvieu\\\/#mainImage\"},\"datePublished\":\"2016-02-03T20:11:45+01:00\",\"dateModified\":\"2016-02-03T20:11:45+01:00\"},{\"@type\":\"WebSite\",\"@id\":\"https:\\\/\\\/www.eldigitaldeasturias.com\\\/noticias\\\/#website\",\"url\":\"https:\\\/\\\/www.eldigitaldeasturias.com\\\/noticias\\\/\",\"name\":\"El Digital de Asturias - Diario de actualidad y noticias\",\"alternateName\":\"El Digital de Asturias - Diario de actualidad y noticias\",\"description\":\"Hemeroteca\",\"inLanguage\":\"es-ES\",\"publisher\":{\"@id\":\"https:\\\/\\\/www.eldigitaldeasturias.com\\\/noticias\\\/#organization\"}}]}\n\t\t<\/script>\n\t\t<!-- All in One SEO Pro -->\r\n\t\t<title>Un home enfrentar a 12 a\u00f1os de prisi\u00f3n por intentar asesinar a la so pareya n\u2019Uvi\u00e9u - El Digital de Asturias<\/title>\n\n","aioseo_head_json":{"title":"Un home enfrentar a 12 a\u00f1os de prisi\u00f3n por intentar asesinar a la so pareya n\u2019Uvi\u00e9u - El Digital de Asturias","description":"La Fiscal\u00eda del Princip\u00e1u d'Asturies solicita 12 a\u00f1os de prisi\u00f3n y allo\u00f1amientu pa un proces\u00e1u por intentar asesinar n'Uvi\u00e9u a la so pareya, a la que supuestamente roci\u00f3 con gasolina y prendi\u00f3 fueu mientres dorm\u00eda. La vista oral va celebrase'l pr\u00f3ximu d\u00eda 18 de febreru de 2016 na Secci\u00f3n Tercer de l'Audiencia Provincial d'Asturies, con","canonical_url":"https:\/\/www.eldigitaldeasturias.com\/noticias\/un-home-enfrentar-a-12-anos-de-prision-por-intentar-asesinar-a-la-so-pareya-nuvieu\/","robots":"max-image-preview:large","keywords":"actualidad asturias","webmasterTools":{"google-site-verification":"UA-38556648-1","msvalidate.01":"7dfe9f3f1b24437ab69f4f2559babe99","miscellaneous":""},"schema":{"@context":"https:\/\/schema.org","@graph":[{"@type":"BlogPosting","@id":"https:\/\/www.eldigitaldeasturias.com\/noticias\/un-home-enfrentar-a-12-anos-de-prision-por-intentar-asesinar-a-la-so-pareya-nuvieu\/#blogposting","name":"Un home enfrentar a 12 a\u00f1os de prisi\u00f3n por intentar asesinar a la so pareya n\u2019Uvi\u00e9u - El Digital de Asturias","headline":"Un home enfrentar a 12 a\u00f1os de prisi\u00f3n por intentar asesinar a la so pareya n&#8217;Uvi\u00e9u","author":{"@id":"https:\/\/www.eldigitaldeasturias.com\/noticias\/author\/admin\/#author"},"publisher":{"@id":"https:\/\/www.eldigitaldeasturias.com\/noticias\/#organization"},"image":{"@type":"ImageObject","url":"https:\/\/www.eldigitaldeasturias.com\/noticias\/wp-content\/uploads\/2015\/06\/juzgados.jpg","width":655,"height":360},"datePublished":"2016-02-03T20:11:45+01:00","dateModified":"2016-02-03T20:11:45+01:00","inLanguage":"es-ES","mainEntityOfPage":{"@id":"https:\/\/www.eldigitaldeasturias.com\/noticias\/un-home-enfrentar-a-12-anos-de-prision-por-intentar-asesinar-a-la-so-pareya-nuvieu\/#webpage"},"isPartOf":{"@id":"https:\/\/www.eldigitaldeasturias.com\/noticias\/un-home-enfrentar-a-12-anos-de-prision-por-intentar-asesinar-a-la-so-pareya-nuvieu\/#webpage"},"articleSection":"Actualidad Asturias"},{"@type":"BreadcrumbList","@id":"https:\/\/www.eldigitaldeasturias.com\/noticias\/un-home-enfrentar-a-12-anos-de-prision-por-intentar-asesinar-a-la-so-pareya-nuvieu\/#breadcrumblist","itemListElement":[{"@type":"ListItem","@id":"https:\/\/www.eldigitaldeasturias.com\/noticias#listItem","position":1,"name":"Home","item":"https:\/\/www.eldigitaldeasturias.com\/noticias","nextItem":{"@type":"ListItem","@id":"https:\/\/www.eldigitaldeasturias.com\/noticias\/category\/actualidad-asturias\/#listItem","name":"Actualidad Asturias"}},{"@type":"ListItem","@id":"https:\/\/www.eldigitaldeasturias.com\/noticias\/category\/actualidad-asturias\/#listItem","position":2,"name":"Actualidad Asturias","item":"https:\/\/www.eldigitaldeasturias.com\/noticias\/category\/actualidad-asturias\/","nextItem":{"@type":"ListItem","@id":"https:\/\/www.eldigitaldeasturias.com\/noticias\/un-home-enfrentar-a-12-anos-de-prision-por-intentar-asesinar-a-la-so-pareya-nuvieu\/#listItem","name":"Un home enfrentar a 12 a\u00f1os de prisi\u00f3n por intentar asesinar a la so pareya n&#8217;Uvi\u00e9u"},"previousItem":{"@type":"ListItem","@id":"https:\/\/www.eldigitaldeasturias.com\/noticias#listItem","name":"Home"}},{"@type":"ListItem","@id":"https:\/\/www.eldigitaldeasturias.com\/noticias\/un-home-enfrentar-a-12-anos-de-prision-por-intentar-asesinar-a-la-so-pareya-nuvieu\/#listItem","position":3,"name":"Un home enfrentar a 12 a\u00f1os de prisi\u00f3n por intentar asesinar a la so pareya n&#8217;Uvi\u00e9u","previousItem":{"@type":"ListItem","@id":"https:\/\/www.eldigitaldeasturias.com\/noticias\/category\/actualidad-asturias\/#listItem","name":"Actualidad Asturias"}}]},{"@type":"Organization","@id":"https:\/\/www.eldigitaldeasturias.com\/noticias\/#organization","name":"El Digital de Asturias","description":"Hemeroteca","url":"https:\/\/www.eldigitaldeasturias.com\/noticias\/","email":"info@eldigitaldeasturias.com","telephone":"+34652131393","logo":{"@type":"ImageObject","url":"https:\/\/www.eldigitaldeasturias.com\/noticias\/wp-content\/uploads\/2020\/12\/EDA.jpg","@id":"https:\/\/www.eldigitaldeasturias.com\/noticias\/un-home-enfrentar-a-12-anos-de-prision-por-intentar-asesinar-a-la-so-pareya-nuvieu\/#organizationLogo","width":649,"height":297},"image":{"@id":"https:\/\/www.eldigitaldeasturias.com\/noticias\/un-home-enfrentar-a-12-anos-de-prision-por-intentar-asesinar-a-la-so-pareya-nuvieu\/#organizationLogo"},"sameAs":["https:\/\/facebook.com\/eldigitaldeasturias","https:\/\/www.youtube.com\/channel\/UCZP-2wLEB9Rv6erhFmqVnvg"],"address":{"@id":"https:\/\/www.eldigitaldeasturias.com\/noticias\/#postaladdress","@type":"PostalAddress","streetAddress":"san antonio 4,","postalCode":"33430","addressLocality":"Cand\u00e1s","addressRegion":"Asturias","addressCountry":"ES"}},{"@type":"Person","@id":"https:\/\/www.eldigitaldeasturias.com\/noticias\/author\/admin\/#author","url":"https:\/\/www.eldigitaldeasturias.com\/noticias\/author\/admin\/","name":"El Digital de Asturias","image":{"@type":"ImageObject","@id":"https:\/\/www.eldigitaldeasturias.com\/noticias\/un-home-enfrentar-a-12-anos-de-prision-por-intentar-asesinar-a-la-so-pareya-nuvieu\/#authorImage","url":"https:\/\/www.eldigitaldeasturias.com\/noticias\/wp-content\/litespeed\/avatar\/18677e78aa0546b92d9dbf31ec7d7668.jpg?ver=1777290358","width":96,"height":96,"caption":"El Digital de Asturias"}},{"@type":"WebPage","@id":"https:\/\/www.eldigitaldeasturias.com\/noticias\/un-home-enfrentar-a-12-anos-de-prision-por-intentar-asesinar-a-la-so-pareya-nuvieu\/#webpage","url":"https:\/\/www.eldigitaldeasturias.com\/noticias\/un-home-enfrentar-a-12-anos-de-prision-por-intentar-asesinar-a-la-so-pareya-nuvieu\/","name":"Un home enfrentar a 12 a\u00f1os de prisi\u00f3n por intentar asesinar a la so pareya n\u2019Uvi\u00e9u - El Digital de Asturias","description":"La Fiscal\u00eda del Princip\u00e1u d'Asturies solicita 12 a\u00f1os de prisi\u00f3n y allo\u00f1amientu pa un proces\u00e1u por intentar asesinar n'Uvi\u00e9u a la so pareya, a la que supuestamente roci\u00f3 con gasolina y prendi\u00f3 fueu mientres dorm\u00eda. La vista oral va celebrase'l pr\u00f3ximu d\u00eda 18 de febreru de 2016 na Secci\u00f3n Tercer de l'Audiencia Provincial d'Asturies, con","inLanguage":"es-ES","isPartOf":{"@id":"https:\/\/www.eldigitaldeasturias.com\/noticias\/#website"},"breadcrumb":{"@id":"https:\/\/www.eldigitaldeasturias.com\/noticias\/un-home-enfrentar-a-12-anos-de-prision-por-intentar-asesinar-a-la-so-pareya-nuvieu\/#breadcrumblist"},"author":{"@id":"https:\/\/www.eldigitaldeasturias.com\/noticias\/author\/admin\/#author"},"creator":{"@id":"https:\/\/www.eldigitaldeasturias.com\/noticias\/author\/admin\/#author"},"image":{"@type":"ImageObject","url":"https:\/\/www.eldigitaldeasturias.com\/noticias\/wp-content\/uploads\/2015\/06\/juzgados.jpg","@id":"https:\/\/www.eldigitaldeasturias.com\/noticias\/un-home-enfrentar-a-12-anos-de-prision-por-intentar-asesinar-a-la-so-pareya-nuvieu\/#mainImage","width":655,"height":360},"primaryImageOfPage":{"@id":"https:\/\/www.eldigitaldeasturias.com\/noticias\/un-home-enfrentar-a-12-anos-de-prision-por-intentar-asesinar-a-la-so-pareya-nuvieu\/#mainImage"},"datePublished":"2016-02-03T20:11:45+01:00","dateModified":"2016-02-03T20:11:45+01:00"},{"@type":"WebSite","@id":"https:\/\/www.eldigitaldeasturias.com\/noticias\/#website","url":"https:\/\/www.eldigitaldeasturias.com\/noticias\/","name":"El Digital de Asturias - Diario de actualidad y noticias","alternateName":"El Digital de Asturias - Diario de actualidad y noticias","description":"Hemeroteca","inLanguage":"es-ES","publisher":{"@id":"https:\/\/www.eldigitaldeasturias.com\/noticias\/#organization"}}]},"og:locale":"es_ES","og:site_name":"El Digital de Asturias","og:type":"article","og:title":"Un home enfrentar a 12 a\u00f1os de prisi\u00f3n por intentar asesinar a la so pareya n\u2019Uvi\u00e9u - El Digital de Asturias","og:description":"La Fiscal\u00eda del Princip\u00e1u d'Asturies solicita 12 a\u00f1os de prisi\u00f3n y allo\u00f1amientu pa un proces\u00e1u por intentar asesinar n'Uvi\u00e9u a la so pareya, a la que supuestamente roci\u00f3 con gasolina y prendi\u00f3 fueu mientres dorm\u00eda. La vista oral va celebrase'l pr\u00f3ximu d\u00eda 18 de febreru de 2016 na Secci\u00f3n Tercer de l'Audiencia Provincial d'Asturies, con","og:url":"https:\/\/www.eldigitaldeasturias.com\/noticias\/un-home-enfrentar-a-12-anos-de-prision-por-intentar-asesinar-a-la-so-pareya-nuvieu\/","og:image":"https:\/\/www.eldigitaldeasturias.com\/noticias\/wp-content\/uploads\/2015\/06\/juzgados.jpg","og:image:secure_url":"https:\/\/www.eldigitaldeasturias.com\/noticias\/wp-content\/uploads\/2015\/06\/juzgados.jpg","og:image:width":655,"og:image:height":360,"article:tag":["actualidad asturias"],"article:published_time":"2016-02-03T20:11:45+00:00","article:modified_time":"2016-02-03T20:11:45+00:00","article:publisher":"https:\/\/facebook.com\/eldigitaldeasturias","twitter:card":"summary_large_image","twitter:title":"Un home enfrentar a 12 a\u00f1os de prisi\u00f3n por intentar asesinar a la so pareya n\u2019Uvi\u00e9u - El Digital de Asturias","twitter:description":"La Fiscal\u00eda del Princip\u00e1u d'Asturies solicita 12 a\u00f1os de prisi\u00f3n y allo\u00f1amientu pa un proces\u00e1u por intentar asesinar n'Uvi\u00e9u a la so pareya, a la que supuestamente roci\u00f3 con gasolina y prendi\u00f3 fueu mientres dorm\u00eda. La vista oral va celebrase'l pr\u00f3ximu d\u00eda 18 de febreru de 2016 na Secci\u00f3n Tercer de l'Audiencia Provincial d'Asturies, con","twitter:image":"https:\/\/www.eldigitaldeasturias.com\/noticias\/wp-content\/uploads\/2015\/06\/juzgados.jpg","twitter:label1":"Escrito por","twitter:data1":"El Digital de Asturias","twitter:label2":"Tiempo de lectura estimado","twitter:data2":"2 minutos"},"aioseo_meta_data":{"post_id":"853585","title":null,"description":null,"keywords":null,"keyphrases":null,"primary_term":null,"canonical_url":null,"og_title":null,"og_description":null,"og_object_type":"default","og_image_type":"default","og_image_url":null,"og_image_width":null,"og_image_height":null,"og_image_custom_url":null,"og_image_custom_fields":null,"og_video":null,"og_custom_url":null,"og_article_section":null,"og_article_tags":null,"twitter_use_og":false,"twitter_card":"default","twitter_image_type":"default","twitter_image_url":null,"twitter_image_custom_url":null,"twitter_image_custom_fields":null,"twitter_title":null,"twitter_description":null,"schema":{"blockGraphs":[],"customGraphs":[],"default":{"data":{"Article":[],"Course":[],"Dataset":[],"FAQPage":[],"Movie":[],"Person":[],"Product":[],"ProductReview":[],"Car":[],"Recipe":[],"Service":[],"SoftwareApplication":[],"WebPage":[]},"graphName":"","isEnabled":true},"graphs":[],"defaultGraph":"","defaultPostTypeGraph":""},"schema_type":null,"schema_type_options":null,"pillar_content":false,"robots_default":true,"robots_noindex":false,"robots_noarchive":false,"robots_nosnippet":false,"robots_nofollow":false,"robots_noimageindex":false,"robots_noodp":false,"robots_notranslate":false,"robots_max_snippet":null,"robots_max_videopreview":null,"robots_max_imagepreview":"large","priority":null,"frequency":null,"local_seo":null,"seo_analyzer_scan_date":"2025-12-09 18:42:08","breadcrumb_settings":null,"limit_modified_date":false,"open_ai":null,"ai":null,"created":"2021-01-23 14:09:17","updated":"2025-12-09 18:42:08"},"aioseo_breadcrumb":"<div class=\"aioseo-breadcrumbs\"><span class=\"aioseo-breadcrumb\">\n\t<a href=\"https:\/\/www.eldigitaldeasturias.com\/noticias\" title=\"Home\">Home<\/a>\n<\/span><span class=\"aioseo-breadcrumb-separator\">\u2013<\/span><span class=\"aioseo-breadcrumb\">\n\t<a href=\"https:\/\/www.eldigitaldeasturias.com\/noticias\/category\/actualidad-asturias\/\" title=\"Actualidad Asturias\">Actualidad Asturias<\/a>\n<\/span><span class=\"aioseo-breadcrumb-separator\">\u2013<\/span><span class=\"aioseo-breadcrumb\">\n\t<a href=\"https:\/\/www.eldigitaldeasturias.com\/noticias\/un-home-enfrentar-a-12-anos-de-prision-por-intentar-asesinar-a-la-so-pareya-nuvieu\/\" title=\"Un home enfrentar a 12 a\u00f1os de prisi\u00f3n por intentar asesinar a la so pareya n\u2019Uvi\u00e9u\">Un home enfrentar a 12 a\u00f1os de prisi\u00f3n por intentar asesinar a la so pareya n\u2019Uvi\u00e9u<\/a>\n<\/span><\/div>","aioseo_breadcrumb_json":[{"label":"Home","link":"https:\/\/www.eldigitaldeasturias.com\/noticias"},{"label":"Actualidad Asturias","link":"https:\/\/www.eldigitaldeasturias.com\/noticias\/category\/actualidad-asturias\/"},{"label":"Un home enfrentar a 12 a\u00f1os de prisi\u00f3n por intentar asesinar a la so pareya n&#8217;Uvi\u00e9u","link":"https:\/\/www.eldigitaldeasturias.com\/noticias\/un-home-enfrentar-a-12-anos-de-prision-por-intentar-asesinar-a-la-so-pareya-nuvieu\/"}],"_links":{"self":[{"href":"https:\/\/www.eldigitaldeasturias.com\/noticias\/wp-json\/wp\/v2\/posts\/853585","targetHints":{"allow":["GET"]}}],"collection":[{"href":"https:\/\/www.eldigitaldeasturias.com\/noticias\/wp-json\/wp\/v2\/posts"}],"about":[{"href":"https:\/\/www.eldigitaldeasturias.com\/noticias\/wp-json\/wp\/v2\/types\/post"}],"author":[{"embeddable":true,"href":"https:\/\/www.eldigitaldeasturias.com\/noticias\/wp-json\/wp\/v2\/users\/1"}],"replies":[{"embeddable":true,"href":"https:\/\/www.eldigitaldeasturias.com\/noticias\/wp-json\/wp\/v2\/comments?post=853585"}],"version-history":[{"count":0,"href":"https:\/\/www.eldigitaldeasturias.com\/noticias\/wp-json\/wp\/v2\/posts\/853585\/revisions"}],"wp:featuredmedia":[{"embeddable":true,"href":"https:\/\/www.eldigitaldeasturias.com\/noticias\/wp-json\/wp\/v2\/media\/788444"}],"wp:attachment":[{"href":"https:\/\/www.eldigitaldeasturias.com\/noticias\/wp-json\/wp\/v2\/media?parent=853585"}],"wp:term":[{"taxonomy":"category","embeddable":true,"href":"https:\/\/www.eldigitaldeasturias.com\/noticias\/wp-json\/wp\/v2\/categories?post=853585"},{"taxonomy":"post_tag","embeddable":true,"href":"https:\/\/www.eldigitaldeasturias.com\/noticias\/wp-json\/wp\/v2\/tags?post=853585"}],"curies":[{"name":"wp","href":"https:\/\/api.w.org\/{rel}","templated":true}]}}