{"id":853583,"date":"2016-02-03T20:10:07","date_gmt":"2016-02-03T20:10:07","guid":{"rendered":"http:\/\/www.eldigitaldeasturias.com\/noticias\/?p=853583"},"modified":"2016-02-03T20:10:07","modified_gmt":"2016-02-03T20:10:07","slug":"pedro-sanchez-empieza-a-axuntase-con-quien-pueden-ayudar-a-formar-gobiernu","status":"publish","type":"post","link":"https:\/\/www.eldigitaldeasturias.com\/noticias\/pedro-sanchez-empieza-a-axuntase-con-quien-pueden-ayudar-a-formar-gobiernu\/","title":{"rendered":"Pedro S\u00e1nchez empieza a axuntase con quien \u00abpueden\u00bb ayudar a formar gobiernu"},"content":{"rendered":"<p><img loading=\"lazy\" decoding=\"async\" class=\"alignleft size-medium wp-image-793321\" src=\"https:\/\/www.eldigitaldeasturias.com\/noticias\/wp-content\/uploads\/2015\/07\/pedro-sanchez-360x240.jpg\" alt=\"pedro sanchez\" width=\"360\" height=\"240\" srcset=\"https:\/\/www.eldigitaldeasturias.com\/noticias\/wp-content\/uploads\/2015\/07\/pedro-sanchez-360x240.jpg 360w, https:\/\/www.eldigitaldeasturias.com\/noticias\/wp-content\/uploads\/2015\/07\/pedro-sanchez-650x433.jpg 650w, https:\/\/www.eldigitaldeasturias.com\/noticias\/wp-content\/uploads\/2015\/07\/pedro-sanchez.jpg 800w\" sizes=\"auto, (max-width: 360px) 100vw, 360px\" \/>El secretariu xeneral del PSOE, Pedro S\u00e1nchez, va empezar esti mi\u00e9rcoles les conversaciones con aquellos part\u00edos que considera que \u00abpueden\u00bb sofita-y pa ser investido presidente del Gobiernu, una ronda que se va enllargar hasta&#8217;l s\u00e1badu y de la qu&#8217;escluy\u00f3 al PP, ERC, Democracia y Llibert\u00e1 y Bildu.<\/p>\n<p>Un d\u00eda dempu\u00e9s de recibir l&#8217;encargu del Rei pa tratar de formar gobiernu, el l\u00edder del PSOE anunci\u00f3 a los sos compa\u00f1eros del Grupu Socialista nel Congresu la so intenci\u00f3n de caltener xuntes con aquelles fuerces parlamentaries que cree que pueden sofita-y nuna investidura y na formaci\u00f3n de \u00abun gobiernu estable, de progresu y reformista pa los pr\u00f3ximos cuatro a\u00f1os\u00bb.<\/p>\n<p>S\u00e1nchez incluy\u00f3 nesta ronda a Coalici\u00f3n Canaria, Nueva Canaria, IX, Comprom\u00eds, Ciudadanos, Podemos y la PNV. Fontes socialistes esplicaron que&#8217;l PSOE ta dispuestu a axuntase colos socios del part\u00edu mor\u00e1u en Catalu\u00f1a (En Com\u00fa Podem) y Galicia (En Marea), anque, s\u00eda que non, en primer llugar S\u00e1nchez va ver con Pablo Iglesias.<\/p>\n<p>Y refug\u00f3 al PP, UPN, Foro Asturies, EH Bildu, ERC y Democracia y Llibert\u00e1. Anque ayeri dixo que la so volunt\u00e1 ye falar con \u00abtoos\u00bb los part\u00edos pol\u00edticos, decidi\u00f3 empezar por aquellos a los que va pidir el sofitu.<\/p>\n<p>Ente estes formaciones nun ta la de Mariano Rajoy. S\u00e1nchez asegur\u00f3 que, si llega a La Moncloa, quier \u00abtender la mano\u00bb al PP pa reformar la Constituci\u00f3n y n&#8217;asuntos d&#8217;Est\u00e1u, nos qu&#8217;espera que s\u00eda&#8217;l sociu lleal\u00bb que, dixo, foi&#8217;l PSOE.<\/p>\n<p>Pero nun lu incl\u00fai nel planteamientu de formaci\u00f3n de gobiernu que ta faciendo, porque&#8217;l PSOE ye \u00abl&#8217;alternativa\u00bb al PP y porque cree qu&#8217;esti part\u00edu tien de pasar a la oposici\u00f3n pa refaese\u00bb, dempu\u00e9s d&#8217;a\u00f1os de casos de corrupci\u00f3n.<\/p>\n<p>Mentanto, S\u00e1nchez tami\u00e9n s&#8217;amos\u00f3 dispuestu a falar con ERC y Democracia y Llibert\u00e1, anque s\u00eda pa dici-y que &#8216;non&#8217; al so procesu independentista, y dexando claro que nun va buscar el so sofitu\u00bb. Delles federaciones socialistes refuguen tami\u00e9n la so astenci\u00f3n, que ser\u00eda necesaria nel casu de qu&#8217;haya alcuerdu con Podemos y Ciudadanos vote en contra.<\/p>\n<p>Coles mesmes, les xuntes, que van tener llugar en dependencies del Congresu, van empezar a les 16.30 de g\u00fcei cola diputada de Coalici\u00f3n Canaria, Ana Oramas, y, media hora m\u00e1s tarde, col de Nueva Canaries, Pedro Quevedo, que se present\u00f3 a les xenerales en coalici\u00f3n col PSOE.<\/p>\n<p>CAYO LARA Y M\u00d3NICA OLTRA, POR IX Y COMPROM\u00cdS<\/p>\n<p>A les 17.30 hores va ser la vez d&#8217;Izquierda Xunida-Unid\u00e1 Popular, que va tar representada pol so candidatu&#8217;l pas\u00e1u 20D, Alberto Garz\u00f3n, y el coordinador federal, Cayo Lara. Una hora m\u00e1s tarde, a les 18.30 hores, el l\u00edder socialista va tener cita cola vicepresidenta valenciano y l\u00edder de Comprom\u00eds, M\u00f3nica Oltra, y el so voceru nel Congresu, Joan Baldov\u00ed.<\/p>\n<p>Esta primera toma de contactu va siguir esti xueves cola xunta que S\u00e1nchez va caltener col presidente de Ciudadanos, Albert Rivera, un alcuentru que va tener llugar a les 11.00 hores, y el vienres tien previstu axuntase col so hom\u00f3logu de Podemos, Pablo Iglesias, l&#8217;\u00fanicu dirixente pol\u00edticu que-y fixo una propuesta en firme pa formar un Gobiernu.<\/p>\n<p>La ronda va concluyir el s\u00e1badu, col alcuentru del secretariu xeneral col presidente de la PNV, Andoni Ortuzar, y el voceru parlamentariu, Aitor Esteban.<\/p>\n","protected":false},"excerpt":{"rendered":"<p>El secretariu xeneral del PSOE, Pedro S\u00e1nchez, va empezar esti mi\u00e9rcoles les conversaciones con aquellos part\u00edos que considera que \u00abpueden\u00bb sofita-y pa ser investido presidente del Gobiernu, una ronda que se va enllargar hasta&#8217;l s\u00e1badu y de la qu&#8217;escluy\u00f3 al PP, ERC, Democracia y Llibert\u00e1 y Bildu. Un d\u00eda dempu\u00e9s de recibir l&#8217;encargu del Rei [&hellip;]<\/p>\n","protected":false},"author":1,"featured_media":793321,"comment_status":"closed","ping_status":"closed","sticky":false,"template":"","format":"standard","meta":{"footnotes":""},"categories":[12],"tags":[],"class_list":["post-853583","post","type-post","status-publish","format-standard","has-post-thumbnail","hentry","category-actualidad-asturias"],"aioseo_notices":[],"aioseo_head":"\n\t\t<!-- All in One SEO Pro 4.9.6.2 - aioseo.com -->\n\t<meta name=\"description\" content=\"El secretariu xeneral del PSOE, Pedro S\u00e1nchez, va empezar esti mi\u00e9rcoles les conversaciones con aquellos part\u00edos que considera que &quot;pueden&quot; sofita-y pa ser investido presidente del Gobiernu, una ronda que se va enllargar hasta&#039;l s\u00e1badu y de la qu&#039;escluy\u00f3 al PP, ERC, Democracia y Llibert\u00e1 y Bildu. Un d\u00eda dempu\u00e9s de recibir l&#039;encargu del Rei\" \/>\n\t<meta name=\"robots\" content=\"max-image-preview:large\" \/>\n\t<meta name=\"author\" content=\"El Digital de Asturias\"\/>\n\t<meta name=\"google-site-verification\" content=\"UA-38556648-1\" \/>\n\t<meta name=\"msvalidate.01\" content=\"7dfe9f3f1b24437ab69f4f2559babe99\" \/>\n\t<meta name=\"keywords\" content=\"actualidad asturias\" \/>\n\t<link rel=\"canonical\" href=\"https:\/\/www.eldigitaldeasturias.com\/noticias\/pedro-sanchez-empieza-a-axuntase-con-quien-pueden-ayudar-a-formar-gobiernu\/\" \/>\n\t<meta name=\"generator\" content=\"All in One SEO Pro (AIOSEO) 4.9.6.2\" \/>\n\t\t<meta property=\"og:locale\" content=\"es_ES\" \/>\n\t\t<meta property=\"og:site_name\" content=\"El Digital de Asturias\" \/>\n\t\t<meta property=\"og:type\" content=\"article\" \/>\n\t\t<meta property=\"og:title\" content=\"Pedro S\u00e1nchez empieza a axuntase con quien \u00abpueden\u00bb ayudar a formar gobiernu - El Digital de Asturias\" \/>\n\t\t<meta property=\"og:description\" content=\"El secretariu xeneral del PSOE, Pedro S\u00e1nchez, va empezar esti mi\u00e9rcoles les conversaciones con aquellos part\u00edos que considera que &quot;pueden&quot; sofita-y pa ser investido presidente del Gobiernu, una ronda que se va enllargar hasta&#039;l s\u00e1badu y de la qu&#039;escluy\u00f3 al PP, ERC, Democracia y Llibert\u00e1 y Bildu. Un d\u00eda dempu\u00e9s de recibir l&#039;encargu del Rei\" \/>\n\t\t<meta property=\"og:url\" content=\"https:\/\/www.eldigitaldeasturias.com\/noticias\/pedro-sanchez-empieza-a-axuntase-con-quien-pueden-ayudar-a-formar-gobiernu\/\" \/>\n\t\t<meta property=\"og:image\" content=\"https:\/\/www.eldigitaldeasturias.com\/noticias\/wp-content\/uploads\/2015\/07\/pedro-sanchez.jpg\" \/>\n\t\t<meta property=\"og:image:secure_url\" content=\"https:\/\/www.eldigitaldeasturias.com\/noticias\/wp-content\/uploads\/2015\/07\/pedro-sanchez.jpg\" \/>\n\t\t<meta property=\"og:image:width\" content=\"800\" \/>\n\t\t<meta property=\"og:image:height\" content=\"533\" \/>\n\t\t<meta property=\"article:tag\" content=\"actualidad asturias\" \/>\n\t\t<meta property=\"article:published_time\" content=\"2016-02-03T20:10:07+00:00\" \/>\n\t\t<meta property=\"article:modified_time\" content=\"2016-02-03T20:10:07+00:00\" \/>\n\t\t<meta property=\"article:publisher\" content=\"https:\/\/facebook.com\/eldigitaldeasturias\" \/>\n\t\t<meta name=\"twitter:card\" content=\"summary_large_image\" \/>\n\t\t<meta name=\"twitter:title\" content=\"Pedro S\u00e1nchez empieza a axuntase con quien \u00abpueden\u00bb ayudar a formar gobiernu - El Digital de Asturias\" \/>\n\t\t<meta name=\"twitter:description\" content=\"El secretariu xeneral del PSOE, Pedro S\u00e1nchez, va empezar esti mi\u00e9rcoles les conversaciones con aquellos part\u00edos que considera que &quot;pueden&quot; sofita-y pa ser investido presidente del Gobiernu, una ronda que se va enllargar hasta&#039;l s\u00e1badu y de la qu&#039;escluy\u00f3 al PP, ERC, Democracia y Llibert\u00e1 y Bildu. Un d\u00eda dempu\u00e9s de recibir l&#039;encargu del Rei\" \/>\n\t\t<meta name=\"twitter:image\" content=\"https:\/\/www.eldigitaldeasturias.com\/noticias\/wp-content\/uploads\/2015\/07\/pedro-sanchez.jpg\" \/>\n\t\t<meta name=\"twitter:label1\" content=\"Escrito por\" \/>\n\t\t<meta name=\"twitter:data1\" content=\"El Digital de Asturias\" \/>\n\t\t<meta name=\"twitter:label2\" content=\"Tiempo de lectura estimado\" \/>\n\t\t<meta name=\"twitter:data2\" content=\"3 minutos\" \/>\n\t\t<script type=\"application\/ld+json\" class=\"aioseo-schema\">\n\t\t\t{\"@context\":\"https:\\\/\\\/schema.org\",\"@graph\":[{\"@type\":\"BlogPosting\",\"@id\":\"https:\\\/\\\/www.eldigitaldeasturias.com\\\/noticias\\\/pedro-sanchez-empieza-a-axuntase-con-quien-pueden-ayudar-a-formar-gobiernu\\\/#blogposting\",\"name\":\"Pedro S\\u00e1nchez empieza a axuntase con quien \\u00abpueden\\u00bb ayudar a formar gobiernu - El Digital de Asturias\",\"headline\":\"Pedro S\\u00e1nchez empieza a axuntase con quien \\u00abpueden\\u00bb ayudar a formar gobiernu\",\"author\":{\"@id\":\"https:\\\/\\\/www.eldigitaldeasturias.com\\\/noticias\\\/author\\\/admin\\\/#author\"},\"publisher\":{\"@id\":\"https:\\\/\\\/www.eldigitaldeasturias.com\\\/noticias\\\/#organization\"},\"image\":{\"@type\":\"ImageObject\",\"url\":\"https:\\\/\\\/www.eldigitaldeasturias.com\\\/noticias\\\/wp-content\\\/uploads\\\/2015\\\/07\\\/pedro-sanchez.jpg\",\"width\":800,\"height\":533},\"datePublished\":\"2016-02-03T20:10:07+01:00\",\"dateModified\":\"2016-02-03T20:10:07+01:00\",\"inLanguage\":\"es-ES\",\"mainEntityOfPage\":{\"@id\":\"https:\\\/\\\/www.eldigitaldeasturias.com\\\/noticias\\\/pedro-sanchez-empieza-a-axuntase-con-quien-pueden-ayudar-a-formar-gobiernu\\\/#webpage\"},\"isPartOf\":{\"@id\":\"https:\\\/\\\/www.eldigitaldeasturias.com\\\/noticias\\\/pedro-sanchez-empieza-a-axuntase-con-quien-pueden-ayudar-a-formar-gobiernu\\\/#webpage\"},\"articleSection\":\"Actualidad Asturias\"},{\"@type\":\"BreadcrumbList\",\"@id\":\"https:\\\/\\\/www.eldigitaldeasturias.com\\\/noticias\\\/pedro-sanchez-empieza-a-axuntase-con-quien-pueden-ayudar-a-formar-gobiernu\\\/#breadcrumblist\",\"itemListElement\":[{\"@type\":\"ListItem\",\"@id\":\"https:\\\/\\\/www.eldigitaldeasturias.com\\\/noticias#listItem\",\"position\":1,\"name\":\"Home\",\"item\":\"https:\\\/\\\/www.eldigitaldeasturias.com\\\/noticias\",\"nextItem\":{\"@type\":\"ListItem\",\"@id\":\"https:\\\/\\\/www.eldigitaldeasturias.com\\\/noticias\\\/category\\\/actualidad-asturias\\\/#listItem\",\"name\":\"Actualidad Asturias\"}},{\"@type\":\"ListItem\",\"@id\":\"https:\\\/\\\/www.eldigitaldeasturias.com\\\/noticias\\\/category\\\/actualidad-asturias\\\/#listItem\",\"position\":2,\"name\":\"Actualidad Asturias\",\"item\":\"https:\\\/\\\/www.eldigitaldeasturias.com\\\/noticias\\\/category\\\/actualidad-asturias\\\/\",\"nextItem\":{\"@type\":\"ListItem\",\"@id\":\"https:\\\/\\\/www.eldigitaldeasturias.com\\\/noticias\\\/pedro-sanchez-empieza-a-axuntase-con-quien-pueden-ayudar-a-formar-gobiernu\\\/#listItem\",\"name\":\"Pedro S\\u00e1nchez empieza a axuntase con quien \\u00abpueden\\u00bb ayudar a formar gobiernu\"},\"previousItem\":{\"@type\":\"ListItem\",\"@id\":\"https:\\\/\\\/www.eldigitaldeasturias.com\\\/noticias#listItem\",\"name\":\"Home\"}},{\"@type\":\"ListItem\",\"@id\":\"https:\\\/\\\/www.eldigitaldeasturias.com\\\/noticias\\\/pedro-sanchez-empieza-a-axuntase-con-quien-pueden-ayudar-a-formar-gobiernu\\\/#listItem\",\"position\":3,\"name\":\"Pedro S\\u00e1nchez empieza a axuntase con quien \\u00abpueden\\u00bb ayudar a formar gobiernu\",\"previousItem\":{\"@type\":\"ListItem\",\"@id\":\"https:\\\/\\\/www.eldigitaldeasturias.com\\\/noticias\\\/category\\\/actualidad-asturias\\\/#listItem\",\"name\":\"Actualidad Asturias\"}}]},{\"@type\":\"Organization\",\"@id\":\"https:\\\/\\\/www.eldigitaldeasturias.com\\\/noticias\\\/#organization\",\"name\":\"El Digital de Asturias\",\"description\":\"Hemeroteca\",\"url\":\"https:\\\/\\\/www.eldigitaldeasturias.com\\\/noticias\\\/\",\"email\":\"info@eldigitaldeasturias.com\",\"telephone\":\"+34652131393\",\"logo\":{\"@type\":\"ImageObject\",\"url\":\"https:\\\/\\\/www.eldigitaldeasturias.com\\\/noticias\\\/wp-content\\\/uploads\\\/2020\\\/12\\\/EDA.jpg\",\"@id\":\"https:\\\/\\\/www.eldigitaldeasturias.com\\\/noticias\\\/pedro-sanchez-empieza-a-axuntase-con-quien-pueden-ayudar-a-formar-gobiernu\\\/#organizationLogo\",\"width\":649,\"height\":297},\"image\":{\"@id\":\"https:\\\/\\\/www.eldigitaldeasturias.com\\\/noticias\\\/pedro-sanchez-empieza-a-axuntase-con-quien-pueden-ayudar-a-formar-gobiernu\\\/#organizationLogo\"},\"sameAs\":[\"https:\\\/\\\/facebook.com\\\/eldigitaldeasturias\",\"https:\\\/\\\/www.youtube.com\\\/channel\\\/UCZP-2wLEB9Rv6erhFmqVnvg\"],\"address\":{\"@id\":\"https:\\\/\\\/www.eldigitaldeasturias.com\\\/noticias\\\/#postaladdress\",\"@type\":\"PostalAddress\",\"streetAddress\":\"san antonio 4,\",\"postalCode\":\"33430\",\"addressLocality\":\"Cand\\u00e1s\",\"addressRegion\":\"Asturias\",\"addressCountry\":\"ES\"}},{\"@type\":\"Person\",\"@id\":\"https:\\\/\\\/www.eldigitaldeasturias.com\\\/noticias\\\/author\\\/admin\\\/#author\",\"url\":\"https:\\\/\\\/www.eldigitaldeasturias.com\\\/noticias\\\/author\\\/admin\\\/\",\"name\":\"El Digital de Asturias\",\"image\":{\"@type\":\"ImageObject\",\"@id\":\"https:\\\/\\\/www.eldigitaldeasturias.com\\\/noticias\\\/pedro-sanchez-empieza-a-axuntase-con-quien-pueden-ayudar-a-formar-gobiernu\\\/#authorImage\",\"url\":\"https:\\\/\\\/www.eldigitaldeasturias.com\\\/noticias\\\/wp-content\\\/litespeed\\\/avatar\\\/18677e78aa0546b92d9dbf31ec7d7668.jpg?ver=1777290358\",\"width\":96,\"height\":96,\"caption\":\"El Digital de Asturias\"}},{\"@type\":\"WebPage\",\"@id\":\"https:\\\/\\\/www.eldigitaldeasturias.com\\\/noticias\\\/pedro-sanchez-empieza-a-axuntase-con-quien-pueden-ayudar-a-formar-gobiernu\\\/#webpage\",\"url\":\"https:\\\/\\\/www.eldigitaldeasturias.com\\\/noticias\\\/pedro-sanchez-empieza-a-axuntase-con-quien-pueden-ayudar-a-formar-gobiernu\\\/\",\"name\":\"Pedro S\\u00e1nchez empieza a axuntase con quien \\u00abpueden\\u00bb ayudar a formar gobiernu - El Digital de Asturias\",\"description\":\"El secretariu xeneral del PSOE, Pedro S\\u00e1nchez, va empezar esti mi\\u00e9rcoles les conversaciones con aquellos part\\u00edos que considera que \\\"pueden\\\" sofita-y pa ser investido presidente del Gobiernu, una ronda que se va enllargar hasta'l s\\u00e1badu y de la qu'escluy\\u00f3 al PP, ERC, Democracia y Llibert\\u00e1 y Bildu. Un d\\u00eda dempu\\u00e9s de recibir l'encargu del Rei\",\"inLanguage\":\"es-ES\",\"isPartOf\":{\"@id\":\"https:\\\/\\\/www.eldigitaldeasturias.com\\\/noticias\\\/#website\"},\"breadcrumb\":{\"@id\":\"https:\\\/\\\/www.eldigitaldeasturias.com\\\/noticias\\\/pedro-sanchez-empieza-a-axuntase-con-quien-pueden-ayudar-a-formar-gobiernu\\\/#breadcrumblist\"},\"author\":{\"@id\":\"https:\\\/\\\/www.eldigitaldeasturias.com\\\/noticias\\\/author\\\/admin\\\/#author\"},\"creator\":{\"@id\":\"https:\\\/\\\/www.eldigitaldeasturias.com\\\/noticias\\\/author\\\/admin\\\/#author\"},\"image\":{\"@type\":\"ImageObject\",\"url\":\"https:\\\/\\\/www.eldigitaldeasturias.com\\\/noticias\\\/wp-content\\\/uploads\\\/2015\\\/07\\\/pedro-sanchez.jpg\",\"@id\":\"https:\\\/\\\/www.eldigitaldeasturias.com\\\/noticias\\\/pedro-sanchez-empieza-a-axuntase-con-quien-pueden-ayudar-a-formar-gobiernu\\\/#mainImage\",\"width\":800,\"height\":533},\"primaryImageOfPage\":{\"@id\":\"https:\\\/\\\/www.eldigitaldeasturias.com\\\/noticias\\\/pedro-sanchez-empieza-a-axuntase-con-quien-pueden-ayudar-a-formar-gobiernu\\\/#mainImage\"},\"datePublished\":\"2016-02-03T20:10:07+01:00\",\"dateModified\":\"2016-02-03T20:10:07+01:00\"},{\"@type\":\"WebSite\",\"@id\":\"https:\\\/\\\/www.eldigitaldeasturias.com\\\/noticias\\\/#website\",\"url\":\"https:\\\/\\\/www.eldigitaldeasturias.com\\\/noticias\\\/\",\"name\":\"El Digital de Asturias - Diario de actualidad y noticias\",\"alternateName\":\"El Digital de Asturias - Diario de actualidad y noticias\",\"description\":\"Hemeroteca\",\"inLanguage\":\"es-ES\",\"publisher\":{\"@id\":\"https:\\\/\\\/www.eldigitaldeasturias.com\\\/noticias\\\/#organization\"}}]}\n\t\t<\/script>\n\t\t<!-- All in One SEO Pro -->\r\n\t\t<title>Pedro S\u00e1nchez empieza a axuntase con quien \u00abpueden\u00bb ayudar a formar gobiernu - El Digital de Asturias<\/title>\n\n","aioseo_head_json":{"title":"Pedro S\u00e1nchez empieza a axuntase con quien \u00abpueden\u00bb ayudar a formar gobiernu - El Digital de Asturias","description":"El secretariu xeneral del PSOE, Pedro S\u00e1nchez, va empezar esti mi\u00e9rcoles les conversaciones con aquellos part\u00edos que considera que \"pueden\" sofita-y pa ser investido presidente del Gobiernu, una ronda que se va enllargar hasta'l s\u00e1badu y de la qu'escluy\u00f3 al PP, ERC, Democracia y Llibert\u00e1 y Bildu. Un d\u00eda dempu\u00e9s de recibir l'encargu del Rei","canonical_url":"https:\/\/www.eldigitaldeasturias.com\/noticias\/pedro-sanchez-empieza-a-axuntase-con-quien-pueden-ayudar-a-formar-gobiernu\/","robots":"max-image-preview:large","keywords":"actualidad asturias","webmasterTools":{"google-site-verification":"UA-38556648-1","msvalidate.01":"7dfe9f3f1b24437ab69f4f2559babe99","miscellaneous":""},"schema":{"@context":"https:\/\/schema.org","@graph":[{"@type":"BlogPosting","@id":"https:\/\/www.eldigitaldeasturias.com\/noticias\/pedro-sanchez-empieza-a-axuntase-con-quien-pueden-ayudar-a-formar-gobiernu\/#blogposting","name":"Pedro S\u00e1nchez empieza a axuntase con quien \u00abpueden\u00bb ayudar a formar gobiernu - El Digital de Asturias","headline":"Pedro S\u00e1nchez empieza a axuntase con quien \u00abpueden\u00bb ayudar a formar gobiernu","author":{"@id":"https:\/\/www.eldigitaldeasturias.com\/noticias\/author\/admin\/#author"},"publisher":{"@id":"https:\/\/www.eldigitaldeasturias.com\/noticias\/#organization"},"image":{"@type":"ImageObject","url":"https:\/\/www.eldigitaldeasturias.com\/noticias\/wp-content\/uploads\/2015\/07\/pedro-sanchez.jpg","width":800,"height":533},"datePublished":"2016-02-03T20:10:07+01:00","dateModified":"2016-02-03T20:10:07+01:00","inLanguage":"es-ES","mainEntityOfPage":{"@id":"https:\/\/www.eldigitaldeasturias.com\/noticias\/pedro-sanchez-empieza-a-axuntase-con-quien-pueden-ayudar-a-formar-gobiernu\/#webpage"},"isPartOf":{"@id":"https:\/\/www.eldigitaldeasturias.com\/noticias\/pedro-sanchez-empieza-a-axuntase-con-quien-pueden-ayudar-a-formar-gobiernu\/#webpage"},"articleSection":"Actualidad Asturias"},{"@type":"BreadcrumbList","@id":"https:\/\/www.eldigitaldeasturias.com\/noticias\/pedro-sanchez-empieza-a-axuntase-con-quien-pueden-ayudar-a-formar-gobiernu\/#breadcrumblist","itemListElement":[{"@type":"ListItem","@id":"https:\/\/www.eldigitaldeasturias.com\/noticias#listItem","position":1,"name":"Home","item":"https:\/\/www.eldigitaldeasturias.com\/noticias","nextItem":{"@type":"ListItem","@id":"https:\/\/www.eldigitaldeasturias.com\/noticias\/category\/actualidad-asturias\/#listItem","name":"Actualidad Asturias"}},{"@type":"ListItem","@id":"https:\/\/www.eldigitaldeasturias.com\/noticias\/category\/actualidad-asturias\/#listItem","position":2,"name":"Actualidad Asturias","item":"https:\/\/www.eldigitaldeasturias.com\/noticias\/category\/actualidad-asturias\/","nextItem":{"@type":"ListItem","@id":"https:\/\/www.eldigitaldeasturias.com\/noticias\/pedro-sanchez-empieza-a-axuntase-con-quien-pueden-ayudar-a-formar-gobiernu\/#listItem","name":"Pedro S\u00e1nchez empieza a axuntase con quien \u00abpueden\u00bb ayudar a formar gobiernu"},"previousItem":{"@type":"ListItem","@id":"https:\/\/www.eldigitaldeasturias.com\/noticias#listItem","name":"Home"}},{"@type":"ListItem","@id":"https:\/\/www.eldigitaldeasturias.com\/noticias\/pedro-sanchez-empieza-a-axuntase-con-quien-pueden-ayudar-a-formar-gobiernu\/#listItem","position":3,"name":"Pedro S\u00e1nchez empieza a axuntase con quien \u00abpueden\u00bb ayudar a formar gobiernu","previousItem":{"@type":"ListItem","@id":"https:\/\/www.eldigitaldeasturias.com\/noticias\/category\/actualidad-asturias\/#listItem","name":"Actualidad Asturias"}}]},{"@type":"Organization","@id":"https:\/\/www.eldigitaldeasturias.com\/noticias\/#organization","name":"El Digital de Asturias","description":"Hemeroteca","url":"https:\/\/www.eldigitaldeasturias.com\/noticias\/","email":"info@eldigitaldeasturias.com","telephone":"+34652131393","logo":{"@type":"ImageObject","url":"https:\/\/www.eldigitaldeasturias.com\/noticias\/wp-content\/uploads\/2020\/12\/EDA.jpg","@id":"https:\/\/www.eldigitaldeasturias.com\/noticias\/pedro-sanchez-empieza-a-axuntase-con-quien-pueden-ayudar-a-formar-gobiernu\/#organizationLogo","width":649,"height":297},"image":{"@id":"https:\/\/www.eldigitaldeasturias.com\/noticias\/pedro-sanchez-empieza-a-axuntase-con-quien-pueden-ayudar-a-formar-gobiernu\/#organizationLogo"},"sameAs":["https:\/\/facebook.com\/eldigitaldeasturias","https:\/\/www.youtube.com\/channel\/UCZP-2wLEB9Rv6erhFmqVnvg"],"address":{"@id":"https:\/\/www.eldigitaldeasturias.com\/noticias\/#postaladdress","@type":"PostalAddress","streetAddress":"san antonio 4,","postalCode":"33430","addressLocality":"Cand\u00e1s","addressRegion":"Asturias","addressCountry":"ES"}},{"@type":"Person","@id":"https:\/\/www.eldigitaldeasturias.com\/noticias\/author\/admin\/#author","url":"https:\/\/www.eldigitaldeasturias.com\/noticias\/author\/admin\/","name":"El Digital de Asturias","image":{"@type":"ImageObject","@id":"https:\/\/www.eldigitaldeasturias.com\/noticias\/pedro-sanchez-empieza-a-axuntase-con-quien-pueden-ayudar-a-formar-gobiernu\/#authorImage","url":"https:\/\/www.eldigitaldeasturias.com\/noticias\/wp-content\/litespeed\/avatar\/18677e78aa0546b92d9dbf31ec7d7668.jpg?ver=1777290358","width":96,"height":96,"caption":"El Digital de Asturias"}},{"@type":"WebPage","@id":"https:\/\/www.eldigitaldeasturias.com\/noticias\/pedro-sanchez-empieza-a-axuntase-con-quien-pueden-ayudar-a-formar-gobiernu\/#webpage","url":"https:\/\/www.eldigitaldeasturias.com\/noticias\/pedro-sanchez-empieza-a-axuntase-con-quien-pueden-ayudar-a-formar-gobiernu\/","name":"Pedro S\u00e1nchez empieza a axuntase con quien \u00abpueden\u00bb ayudar a formar gobiernu - El Digital de Asturias","description":"El secretariu xeneral del PSOE, Pedro S\u00e1nchez, va empezar esti mi\u00e9rcoles les conversaciones con aquellos part\u00edos que considera que \"pueden\" sofita-y pa ser investido presidente del Gobiernu, una ronda que se va enllargar hasta'l s\u00e1badu y de la qu'escluy\u00f3 al PP, ERC, Democracia y Llibert\u00e1 y Bildu. Un d\u00eda dempu\u00e9s de recibir l'encargu del Rei","inLanguage":"es-ES","isPartOf":{"@id":"https:\/\/www.eldigitaldeasturias.com\/noticias\/#website"},"breadcrumb":{"@id":"https:\/\/www.eldigitaldeasturias.com\/noticias\/pedro-sanchez-empieza-a-axuntase-con-quien-pueden-ayudar-a-formar-gobiernu\/#breadcrumblist"},"author":{"@id":"https:\/\/www.eldigitaldeasturias.com\/noticias\/author\/admin\/#author"},"creator":{"@id":"https:\/\/www.eldigitaldeasturias.com\/noticias\/author\/admin\/#author"},"image":{"@type":"ImageObject","url":"https:\/\/www.eldigitaldeasturias.com\/noticias\/wp-content\/uploads\/2015\/07\/pedro-sanchez.jpg","@id":"https:\/\/www.eldigitaldeasturias.com\/noticias\/pedro-sanchez-empieza-a-axuntase-con-quien-pueden-ayudar-a-formar-gobiernu\/#mainImage","width":800,"height":533},"primaryImageOfPage":{"@id":"https:\/\/www.eldigitaldeasturias.com\/noticias\/pedro-sanchez-empieza-a-axuntase-con-quien-pueden-ayudar-a-formar-gobiernu\/#mainImage"},"datePublished":"2016-02-03T20:10:07+01:00","dateModified":"2016-02-03T20:10:07+01:00"},{"@type":"WebSite","@id":"https:\/\/www.eldigitaldeasturias.com\/noticias\/#website","url":"https:\/\/www.eldigitaldeasturias.com\/noticias\/","name":"El Digital de Asturias - Diario de actualidad y noticias","alternateName":"El Digital de Asturias - Diario de actualidad y noticias","description":"Hemeroteca","inLanguage":"es-ES","publisher":{"@id":"https:\/\/www.eldigitaldeasturias.com\/noticias\/#organization"}}]},"og:locale":"es_ES","og:site_name":"El Digital de Asturias","og:type":"article","og:title":"Pedro S\u00e1nchez empieza a axuntase con quien \u00abpueden\u00bb ayudar a formar gobiernu - El Digital de Asturias","og:description":"El secretariu xeneral del PSOE, Pedro S\u00e1nchez, va empezar esti mi\u00e9rcoles les conversaciones con aquellos part\u00edos que considera que &quot;pueden&quot; sofita-y pa ser investido presidente del Gobiernu, una ronda que se va enllargar hasta'l s\u00e1badu y de la qu'escluy\u00f3 al PP, ERC, Democracia y Llibert\u00e1 y Bildu. Un d\u00eda dempu\u00e9s de recibir l'encargu del Rei","og:url":"https:\/\/www.eldigitaldeasturias.com\/noticias\/pedro-sanchez-empieza-a-axuntase-con-quien-pueden-ayudar-a-formar-gobiernu\/","og:image":"https:\/\/www.eldigitaldeasturias.com\/noticias\/wp-content\/uploads\/2015\/07\/pedro-sanchez.jpg","og:image:secure_url":"https:\/\/www.eldigitaldeasturias.com\/noticias\/wp-content\/uploads\/2015\/07\/pedro-sanchez.jpg","og:image:width":800,"og:image:height":533,"article:tag":["actualidad asturias"],"article:published_time":"2016-02-03T20:10:07+00:00","article:modified_time":"2016-02-03T20:10:07+00:00","article:publisher":"https:\/\/facebook.com\/eldigitaldeasturias","twitter:card":"summary_large_image","twitter:title":"Pedro S\u00e1nchez empieza a axuntase con quien \u00abpueden\u00bb ayudar a formar gobiernu - El Digital de Asturias","twitter:description":"El secretariu xeneral del PSOE, Pedro S\u00e1nchez, va empezar esti mi\u00e9rcoles les conversaciones con aquellos part\u00edos que considera que &quot;pueden&quot; sofita-y pa ser investido presidente del Gobiernu, una ronda que se va enllargar hasta'l s\u00e1badu y de la qu'escluy\u00f3 al PP, ERC, Democracia y Llibert\u00e1 y Bildu. Un d\u00eda dempu\u00e9s de recibir l'encargu del Rei","twitter:image":"https:\/\/www.eldigitaldeasturias.com\/noticias\/wp-content\/uploads\/2015\/07\/pedro-sanchez.jpg","twitter:label1":"Escrito por","twitter:data1":"El Digital de Asturias","twitter:label2":"Tiempo de lectura estimado","twitter:data2":"3 minutos"},"aioseo_meta_data":{"post_id":"853583","title":null,"description":null,"keywords":null,"keyphrases":null,"primary_term":null,"canonical_url":null,"og_title":null,"og_description":null,"og_object_type":"default","og_image_type":"default","og_image_url":null,"og_image_width":null,"og_image_height":null,"og_image_custom_url":null,"og_image_custom_fields":null,"og_video":null,"og_custom_url":null,"og_article_section":null,"og_article_tags":null,"twitter_use_og":false,"twitter_card":"default","twitter_image_type":"default","twitter_image_url":null,"twitter_image_custom_url":null,"twitter_image_custom_fields":null,"twitter_title":null,"twitter_description":null,"schema":{"blockGraphs":[],"customGraphs":[],"default":{"data":{"Article":[],"Course":[],"Dataset":[],"FAQPage":[],"Movie":[],"Person":[],"Product":[],"ProductReview":[],"Car":[],"Recipe":[],"Service":[],"SoftwareApplication":[],"WebPage":[]},"graphName":"","isEnabled":true},"graphs":[],"defaultGraph":"","defaultPostTypeGraph":""},"schema_type":null,"schema_type_options":null,"pillar_content":false,"robots_default":true,"robots_noindex":false,"robots_noarchive":false,"robots_nosnippet":false,"robots_nofollow":false,"robots_noimageindex":false,"robots_noodp":false,"robots_notranslate":false,"robots_max_snippet":null,"robots_max_videopreview":null,"robots_max_imagepreview":"large","priority":null,"frequency":null,"local_seo":null,"seo_analyzer_scan_date":"2025-12-09 18:40:27","breadcrumb_settings":null,"limit_modified_date":false,"open_ai":null,"ai":null,"created":"2021-01-22 17:02:09","updated":"2025-12-09 18:40:27"},"aioseo_breadcrumb":"<div class=\"aioseo-breadcrumbs\"><span class=\"aioseo-breadcrumb\">\n\t<a href=\"https:\/\/www.eldigitaldeasturias.com\/noticias\" title=\"Home\">Home<\/a>\n<\/span><span class=\"aioseo-breadcrumb-separator\">\u2013<\/span><span class=\"aioseo-breadcrumb\">\n\t<a href=\"https:\/\/www.eldigitaldeasturias.com\/noticias\/category\/actualidad-asturias\/\" title=\"Actualidad Asturias\">Actualidad Asturias<\/a>\n<\/span><span class=\"aioseo-breadcrumb-separator\">\u2013<\/span><span class=\"aioseo-breadcrumb\">\n\t<a href=\"https:\/\/www.eldigitaldeasturias.com\/noticias\/pedro-sanchez-empieza-a-axuntase-con-quien-pueden-ayudar-a-formar-gobiernu\/\" title=\"Pedro S\u00e1nchez empieza a axuntase con quien \u00abpueden\u00bb ayudar a formar gobiernu\">Pedro S\u00e1nchez empieza a axuntase con quien \u00abpueden\u00bb ayudar a formar gobiernu<\/a>\n<\/span><\/div>","aioseo_breadcrumb_json":[{"label":"Home","link":"https:\/\/www.eldigitaldeasturias.com\/noticias"},{"label":"Actualidad Asturias","link":"https:\/\/www.eldigitaldeasturias.com\/noticias\/category\/actualidad-asturias\/"},{"label":"Pedro S\u00e1nchez empieza a axuntase con quien \u00abpueden\u00bb ayudar a formar gobiernu","link":"https:\/\/www.eldigitaldeasturias.com\/noticias\/pedro-sanchez-empieza-a-axuntase-con-quien-pueden-ayudar-a-formar-gobiernu\/"}],"_links":{"self":[{"href":"https:\/\/www.eldigitaldeasturias.com\/noticias\/wp-json\/wp\/v2\/posts\/853583","targetHints":{"allow":["GET"]}}],"collection":[{"href":"https:\/\/www.eldigitaldeasturias.com\/noticias\/wp-json\/wp\/v2\/posts"}],"about":[{"href":"https:\/\/www.eldigitaldeasturias.com\/noticias\/wp-json\/wp\/v2\/types\/post"}],"author":[{"embeddable":true,"href":"https:\/\/www.eldigitaldeasturias.com\/noticias\/wp-json\/wp\/v2\/users\/1"}],"replies":[{"embeddable":true,"href":"https:\/\/www.eldigitaldeasturias.com\/noticias\/wp-json\/wp\/v2\/comments?post=853583"}],"version-history":[{"count":0,"href":"https:\/\/www.eldigitaldeasturias.com\/noticias\/wp-json\/wp\/v2\/posts\/853583\/revisions"}],"wp:featuredmedia":[{"embeddable":true,"href":"https:\/\/www.eldigitaldeasturias.com\/noticias\/wp-json\/wp\/v2\/media\/793321"}],"wp:attachment":[{"href":"https:\/\/www.eldigitaldeasturias.com\/noticias\/wp-json\/wp\/v2\/media?parent=853583"}],"wp:term":[{"taxonomy":"category","embeddable":true,"href":"https:\/\/www.eldigitaldeasturias.com\/noticias\/wp-json\/wp\/v2\/categories?post=853583"},{"taxonomy":"post_tag","embeddable":true,"href":"https:\/\/www.eldigitaldeasturias.com\/noticias\/wp-json\/wp\/v2\/tags?post=853583"}],"curies":[{"name":"wp","href":"https:\/\/api.w.org\/{rel}","templated":true}]}}