{"id":853581,"date":"2016-02-03T20:07:51","date_gmt":"2016-02-03T20:07:51","guid":{"rendered":"http:\/\/www.eldigitaldeasturias.com\/noticias\/?p=853581"},"modified":"2016-02-03T20:07:51","modified_gmt":"2016-02-03T20:07:51","slug":"el-gobierno-de-aviles-da-por-rota-la-negociacion-del-presupuesto-con-iu","status":"publish","type":"post","link":"https:\/\/www.eldigitaldeasturias.com\/noticias\/el-gobierno-de-aviles-da-por-rota-la-negociacion-del-presupuesto-con-iu\/","title":{"rendered":"El gobierno de Avil\u00e9s da por rota la negociaci\u00f3n del presupuesto con IU"},"content":{"rendered":"<p><img loading=\"lazy\" decoding=\"async\" class=\"alignleft size-medium wp-image-785778\" src=\"https:\/\/www.eldigitaldeasturias.com\/noticias\/wp-content\/uploads\/2015\/05\/aviles1-360x241.jpg\" alt=\"aviles\" width=\"360\" height=\"241\" srcset=\"https:\/\/www.eldigitaldeasturias.com\/noticias\/wp-content\/uploads\/2015\/05\/aviles1-360x241.jpg 360w, https:\/\/www.eldigitaldeasturias.com\/noticias\/wp-content\/uploads\/2015\/05\/aviles1-768x515.jpg 768w, https:\/\/www.eldigitaldeasturias.com\/noticias\/wp-content\/uploads\/2015\/05\/aviles1-650x436.jpg 650w, https:\/\/www.eldigitaldeasturias.com\/noticias\/wp-content\/uploads\/2015\/05\/aviles1.jpg 800w\" sizes=\"auto, (max-width: 360px) 100vw, 360px\" \/>El gobierno local de Avil\u00e9s da por rotas las negociaciones presupuestarias con IU seg\u00fan ha asegurado el portavoz municipal de la coalici\u00f3n este mi\u00e9rcoles. El motivo, seg\u00fan ha indicado Alejandro Cueli a Europa Press, es que le han pedido recuperar los servicios privatizados, potenciar la empresa municipal y crear m\u00e1s empleo p\u00fablico \u00aby nos han dicho que no\u00bb\u00b7.<\/p>\n<p>El PSOE hab\u00eda iniciado con IU la primera ronda de negociaciones presupuestarias y en poco m\u00e1s de una hora la han solventado. \u00abNos han dijo que nos mantendr\u00edan informados de c\u00f3mo van las negociaciones con otros grupos. Nosotros someteremos su borrador a las bases y los \u00f3rganos de direcci\u00f3n\u00bb, ha indicado Cueli.<\/p>\n<p>\u00abSeguimos con la idea de que el PSOE d\u00e9 un giro a la izquierda, pero parece que ellos est\u00e1n muy c\u00f3modos en el carril de la derecha\u00bb, ha indicado el portavoz de IU, que planet\u00f3 a los socialistas propuestas para la legislatura y no solo para el presente ejercicio.<\/p>\n<p>El encuentro sirvi\u00f3 para que desde IU se aclararan algunas propuestas incluidas en el borrador de presupuestos, les dieran explicaciones del plan de empleo joven que espera poner en marcha el consistorio y dar el detalle de las inversiones, presupuestadas en tres millones de euros.<\/p>\n","protected":false},"excerpt":{"rendered":"<p>El gobierno local de Avil\u00e9s da por rotas las negociaciones presupuestarias con IU seg\u00fan ha asegurado el portavoz municipal de la coalici\u00f3n este mi\u00e9rcoles. El motivo, seg\u00fan ha indicado Alejandro Cueli a Europa Press, es que le han pedido recuperar los servicios privatizados, potenciar la empresa municipal y crear m\u00e1s empleo p\u00fablico \u00aby nos han [&hellip;]<\/p>\n","protected":false},"author":1,"featured_media":785778,"comment_status":"closed","ping_status":"closed","sticky":false,"template":"","format":"standard","meta":{"footnotes":""},"categories":[12],"tags":[],"class_list":["post-853581","post","type-post","status-publish","format-standard","has-post-thumbnail","hentry","category-actualidad-asturias"],"aioseo_notices":[],"aioseo_head":"\n\t\t<!-- All in One SEO Pro 4.9.6.2 - aioseo.com -->\n\t<meta name=\"description\" content=\"El gobierno local de Avil\u00e9s da por rotas las negociaciones presupuestarias con IU seg\u00fan ha asegurado el portavoz municipal de la coalici\u00f3n este mi\u00e9rcoles. El motivo, seg\u00fan ha indicado Alejandro Cueli a Europa Press, es que le han pedido recuperar los servicios privatizados, potenciar la empresa municipal y crear m\u00e1s empleo p\u00fablico &quot;y nos han\" \/>\n\t<meta name=\"robots\" content=\"max-image-preview:large\" \/>\n\t<meta name=\"author\" content=\"El Digital de Asturias\"\/>\n\t<meta name=\"google-site-verification\" content=\"UA-38556648-1\" \/>\n\t<meta name=\"msvalidate.01\" content=\"7dfe9f3f1b24437ab69f4f2559babe99\" \/>\n\t<meta name=\"keywords\" content=\"actualidad asturias\" \/>\n\t<link rel=\"canonical\" href=\"https:\/\/www.eldigitaldeasturias.com\/noticias\/el-gobierno-de-aviles-da-por-rota-la-negociacion-del-presupuesto-con-iu\/\" \/>\n\t<meta name=\"generator\" content=\"All in One SEO Pro (AIOSEO) 4.9.6.2\" \/>\n\t\t<meta property=\"og:locale\" content=\"es_ES\" \/>\n\t\t<meta property=\"og:site_name\" content=\"El Digital de Asturias\" \/>\n\t\t<meta property=\"og:type\" content=\"article\" \/>\n\t\t<meta property=\"og:title\" content=\"El gobierno de Avil\u00e9s da por rota la negociaci\u00f3n del presupuesto con IU - El Digital de Asturias\" \/>\n\t\t<meta property=\"og:description\" content=\"El gobierno local de Avil\u00e9s da por rotas las negociaciones presupuestarias con IU seg\u00fan ha asegurado el portavoz municipal de la coalici\u00f3n este mi\u00e9rcoles. El motivo, seg\u00fan ha indicado Alejandro Cueli a Europa Press, es que le han pedido recuperar los servicios privatizados, potenciar la empresa municipal y crear m\u00e1s empleo p\u00fablico &quot;y nos han\" \/>\n\t\t<meta property=\"og:url\" content=\"https:\/\/www.eldigitaldeasturias.com\/noticias\/el-gobierno-de-aviles-da-por-rota-la-negociacion-del-presupuesto-con-iu\/\" \/>\n\t\t<meta property=\"og:image\" content=\"https:\/\/www.eldigitaldeasturias.com\/noticias\/wp-content\/uploads\/2015\/05\/aviles1.jpg\" \/>\n\t\t<meta property=\"og:image:secure_url\" content=\"https:\/\/www.eldigitaldeasturias.com\/noticias\/wp-content\/uploads\/2015\/05\/aviles1.jpg\" \/>\n\t\t<meta property=\"og:image:width\" content=\"800\" \/>\n\t\t<meta property=\"og:image:height\" content=\"536\" \/>\n\t\t<meta property=\"article:tag\" content=\"actualidad asturias\" \/>\n\t\t<meta property=\"article:published_time\" content=\"2016-02-03T20:07:51+00:00\" \/>\n\t\t<meta property=\"article:modified_time\" content=\"2016-02-03T20:07:51+00:00\" \/>\n\t\t<meta property=\"article:publisher\" content=\"https:\/\/facebook.com\/eldigitaldeasturias\" \/>\n\t\t<meta name=\"twitter:card\" content=\"summary_large_image\" \/>\n\t\t<meta name=\"twitter:title\" content=\"El gobierno de Avil\u00e9s da por rota la negociaci\u00f3n del presupuesto con IU - El Digital de Asturias\" \/>\n\t\t<meta name=\"twitter:description\" content=\"El gobierno local de Avil\u00e9s da por rotas las negociaciones presupuestarias con IU seg\u00fan ha asegurado el portavoz municipal de la coalici\u00f3n este mi\u00e9rcoles. El motivo, seg\u00fan ha indicado Alejandro Cueli a Europa Press, es que le han pedido recuperar los servicios privatizados, potenciar la empresa municipal y crear m\u00e1s empleo p\u00fablico &quot;y nos han\" \/>\n\t\t<meta name=\"twitter:image\" content=\"https:\/\/www.eldigitaldeasturias.com\/noticias\/wp-content\/uploads\/2015\/05\/aviles1.jpg\" \/>\n\t\t<meta name=\"twitter:label1\" content=\"Escrito por\" \/>\n\t\t<meta name=\"twitter:data1\" content=\"El Digital de Asturias\" \/>\n\t\t<meta name=\"twitter:label2\" content=\"Tiempo de lectura estimado\" \/>\n\t\t<meta name=\"twitter:data2\" content=\"1 minuto\" \/>\n\t\t<script type=\"application\/ld+json\" class=\"aioseo-schema\">\n\t\t\t{\"@context\":\"https:\\\/\\\/schema.org\",\"@graph\":[{\"@type\":\"BlogPosting\",\"@id\":\"https:\\\/\\\/www.eldigitaldeasturias.com\\\/noticias\\\/el-gobierno-de-aviles-da-por-rota-la-negociacion-del-presupuesto-con-iu\\\/#blogposting\",\"name\":\"El gobierno de Avil\\u00e9s da por rota la negociaci\\u00f3n del presupuesto con IU - El Digital de Asturias\",\"headline\":\"El gobierno de Avil\\u00e9s da por rota la negociaci\\u00f3n del presupuesto con IU\",\"author\":{\"@id\":\"https:\\\/\\\/www.eldigitaldeasturias.com\\\/noticias\\\/author\\\/admin\\\/#author\"},\"publisher\":{\"@id\":\"https:\\\/\\\/www.eldigitaldeasturias.com\\\/noticias\\\/#organization\"},\"image\":{\"@type\":\"ImageObject\",\"url\":\"https:\\\/\\\/www.eldigitaldeasturias.com\\\/noticias\\\/wp-content\\\/uploads\\\/2015\\\/05\\\/aviles1.jpg\",\"width\":800,\"height\":536},\"datePublished\":\"2016-02-03T20:07:51+01:00\",\"dateModified\":\"2016-02-03T20:07:51+01:00\",\"inLanguage\":\"es-ES\",\"mainEntityOfPage\":{\"@id\":\"https:\\\/\\\/www.eldigitaldeasturias.com\\\/noticias\\\/el-gobierno-de-aviles-da-por-rota-la-negociacion-del-presupuesto-con-iu\\\/#webpage\"},\"isPartOf\":{\"@id\":\"https:\\\/\\\/www.eldigitaldeasturias.com\\\/noticias\\\/el-gobierno-de-aviles-da-por-rota-la-negociacion-del-presupuesto-con-iu\\\/#webpage\"},\"articleSection\":\"Actualidad Asturias\"},{\"@type\":\"BreadcrumbList\",\"@id\":\"https:\\\/\\\/www.eldigitaldeasturias.com\\\/noticias\\\/el-gobierno-de-aviles-da-por-rota-la-negociacion-del-presupuesto-con-iu\\\/#breadcrumblist\",\"itemListElement\":[{\"@type\":\"ListItem\",\"@id\":\"https:\\\/\\\/www.eldigitaldeasturias.com\\\/noticias#listItem\",\"position\":1,\"name\":\"Home\",\"item\":\"https:\\\/\\\/www.eldigitaldeasturias.com\\\/noticias\",\"nextItem\":{\"@type\":\"ListItem\",\"@id\":\"https:\\\/\\\/www.eldigitaldeasturias.com\\\/noticias\\\/category\\\/actualidad-asturias\\\/#listItem\",\"name\":\"Actualidad Asturias\"}},{\"@type\":\"ListItem\",\"@id\":\"https:\\\/\\\/www.eldigitaldeasturias.com\\\/noticias\\\/category\\\/actualidad-asturias\\\/#listItem\",\"position\":2,\"name\":\"Actualidad Asturias\",\"item\":\"https:\\\/\\\/www.eldigitaldeasturias.com\\\/noticias\\\/category\\\/actualidad-asturias\\\/\",\"nextItem\":{\"@type\":\"ListItem\",\"@id\":\"https:\\\/\\\/www.eldigitaldeasturias.com\\\/noticias\\\/el-gobierno-de-aviles-da-por-rota-la-negociacion-del-presupuesto-con-iu\\\/#listItem\",\"name\":\"El gobierno de Avil\\u00e9s da por rota la negociaci\\u00f3n del presupuesto con IU\"},\"previousItem\":{\"@type\":\"ListItem\",\"@id\":\"https:\\\/\\\/www.eldigitaldeasturias.com\\\/noticias#listItem\",\"name\":\"Home\"}},{\"@type\":\"ListItem\",\"@id\":\"https:\\\/\\\/www.eldigitaldeasturias.com\\\/noticias\\\/el-gobierno-de-aviles-da-por-rota-la-negociacion-del-presupuesto-con-iu\\\/#listItem\",\"position\":3,\"name\":\"El gobierno de Avil\\u00e9s da por rota la negociaci\\u00f3n del presupuesto con IU\",\"previousItem\":{\"@type\":\"ListItem\",\"@id\":\"https:\\\/\\\/www.eldigitaldeasturias.com\\\/noticias\\\/category\\\/actualidad-asturias\\\/#listItem\",\"name\":\"Actualidad Asturias\"}}]},{\"@type\":\"Organization\",\"@id\":\"https:\\\/\\\/www.eldigitaldeasturias.com\\\/noticias\\\/#organization\",\"name\":\"El Digital de Asturias\",\"description\":\"Hemeroteca\",\"url\":\"https:\\\/\\\/www.eldigitaldeasturias.com\\\/noticias\\\/\",\"email\":\"info@eldigitaldeasturias.com\",\"telephone\":\"+34652131393\",\"logo\":{\"@type\":\"ImageObject\",\"url\":\"https:\\\/\\\/www.eldigitaldeasturias.com\\\/noticias\\\/wp-content\\\/uploads\\\/2020\\\/12\\\/EDA.jpg\",\"@id\":\"https:\\\/\\\/www.eldigitaldeasturias.com\\\/noticias\\\/el-gobierno-de-aviles-da-por-rota-la-negociacion-del-presupuesto-con-iu\\\/#organizationLogo\",\"width\":649,\"height\":297},\"image\":{\"@id\":\"https:\\\/\\\/www.eldigitaldeasturias.com\\\/noticias\\\/el-gobierno-de-aviles-da-por-rota-la-negociacion-del-presupuesto-con-iu\\\/#organizationLogo\"},\"sameAs\":[\"https:\\\/\\\/facebook.com\\\/eldigitaldeasturias\",\"https:\\\/\\\/www.youtube.com\\\/channel\\\/UCZP-2wLEB9Rv6erhFmqVnvg\"],\"address\":{\"@id\":\"https:\\\/\\\/www.eldigitaldeasturias.com\\\/noticias\\\/#postaladdress\",\"@type\":\"PostalAddress\",\"streetAddress\":\"san antonio 4,\",\"postalCode\":\"33430\",\"addressLocality\":\"Cand\\u00e1s\",\"addressRegion\":\"Asturias\",\"addressCountry\":\"ES\"}},{\"@type\":\"Person\",\"@id\":\"https:\\\/\\\/www.eldigitaldeasturias.com\\\/noticias\\\/author\\\/admin\\\/#author\",\"url\":\"https:\\\/\\\/www.eldigitaldeasturias.com\\\/noticias\\\/author\\\/admin\\\/\",\"name\":\"El Digital de Asturias\",\"image\":{\"@type\":\"ImageObject\",\"@id\":\"https:\\\/\\\/www.eldigitaldeasturias.com\\\/noticias\\\/el-gobierno-de-aviles-da-por-rota-la-negociacion-del-presupuesto-con-iu\\\/#authorImage\",\"url\":\"https:\\\/\\\/www.eldigitaldeasturias.com\\\/noticias\\\/wp-content\\\/litespeed\\\/avatar\\\/18677e78aa0546b92d9dbf31ec7d7668.jpg?ver=1777290358\",\"width\":96,\"height\":96,\"caption\":\"El Digital de Asturias\"}},{\"@type\":\"WebPage\",\"@id\":\"https:\\\/\\\/www.eldigitaldeasturias.com\\\/noticias\\\/el-gobierno-de-aviles-da-por-rota-la-negociacion-del-presupuesto-con-iu\\\/#webpage\",\"url\":\"https:\\\/\\\/www.eldigitaldeasturias.com\\\/noticias\\\/el-gobierno-de-aviles-da-por-rota-la-negociacion-del-presupuesto-con-iu\\\/\",\"name\":\"El gobierno de Avil\\u00e9s da por rota la negociaci\\u00f3n del presupuesto con IU - El Digital de Asturias\",\"description\":\"El gobierno local de Avil\\u00e9s da por rotas las negociaciones presupuestarias con IU seg\\u00fan ha asegurado el portavoz municipal de la coalici\\u00f3n este mi\\u00e9rcoles. El motivo, seg\\u00fan ha indicado Alejandro Cueli a Europa Press, es que le han pedido recuperar los servicios privatizados, potenciar la empresa municipal y crear m\\u00e1s empleo p\\u00fablico \\\"y nos han\",\"inLanguage\":\"es-ES\",\"isPartOf\":{\"@id\":\"https:\\\/\\\/www.eldigitaldeasturias.com\\\/noticias\\\/#website\"},\"breadcrumb\":{\"@id\":\"https:\\\/\\\/www.eldigitaldeasturias.com\\\/noticias\\\/el-gobierno-de-aviles-da-por-rota-la-negociacion-del-presupuesto-con-iu\\\/#breadcrumblist\"},\"author\":{\"@id\":\"https:\\\/\\\/www.eldigitaldeasturias.com\\\/noticias\\\/author\\\/admin\\\/#author\"},\"creator\":{\"@id\":\"https:\\\/\\\/www.eldigitaldeasturias.com\\\/noticias\\\/author\\\/admin\\\/#author\"},\"image\":{\"@type\":\"ImageObject\",\"url\":\"https:\\\/\\\/www.eldigitaldeasturias.com\\\/noticias\\\/wp-content\\\/uploads\\\/2015\\\/05\\\/aviles1.jpg\",\"@id\":\"https:\\\/\\\/www.eldigitaldeasturias.com\\\/noticias\\\/el-gobierno-de-aviles-da-por-rota-la-negociacion-del-presupuesto-con-iu\\\/#mainImage\",\"width\":800,\"height\":536},\"primaryImageOfPage\":{\"@id\":\"https:\\\/\\\/www.eldigitaldeasturias.com\\\/noticias\\\/el-gobierno-de-aviles-da-por-rota-la-negociacion-del-presupuesto-con-iu\\\/#mainImage\"},\"datePublished\":\"2016-02-03T20:07:51+01:00\",\"dateModified\":\"2016-02-03T20:07:51+01:00\"},{\"@type\":\"WebSite\",\"@id\":\"https:\\\/\\\/www.eldigitaldeasturias.com\\\/noticias\\\/#website\",\"url\":\"https:\\\/\\\/www.eldigitaldeasturias.com\\\/noticias\\\/\",\"name\":\"El Digital de Asturias - Diario de actualidad y noticias\",\"alternateName\":\"El Digital de Asturias - Diario de actualidad y noticias\",\"description\":\"Hemeroteca\",\"inLanguage\":\"es-ES\",\"publisher\":{\"@id\":\"https:\\\/\\\/www.eldigitaldeasturias.com\\\/noticias\\\/#organization\"}}]}\n\t\t<\/script>\n\t\t<!-- All in One SEO Pro -->\r\n\t\t<title>El gobierno de Avil\u00e9s da por rota la negociaci\u00f3n del presupuesto con IU - El Digital de Asturias<\/title>\n\n","aioseo_head_json":{"title":"El gobierno de Avil\u00e9s da por rota la negociaci\u00f3n del presupuesto con IU - El Digital de Asturias","description":"El gobierno local de Avil\u00e9s da por rotas las negociaciones presupuestarias con IU seg\u00fan ha asegurado el portavoz municipal de la coalici\u00f3n este mi\u00e9rcoles. El motivo, seg\u00fan ha indicado Alejandro Cueli a Europa Press, es que le han pedido recuperar los servicios privatizados, potenciar la empresa municipal y crear m\u00e1s empleo p\u00fablico \"y nos han","canonical_url":"https:\/\/www.eldigitaldeasturias.com\/noticias\/el-gobierno-de-aviles-da-por-rota-la-negociacion-del-presupuesto-con-iu\/","robots":"max-image-preview:large","keywords":"actualidad asturias","webmasterTools":{"google-site-verification":"UA-38556648-1","msvalidate.01":"7dfe9f3f1b24437ab69f4f2559babe99","miscellaneous":""},"schema":{"@context":"https:\/\/schema.org","@graph":[{"@type":"BlogPosting","@id":"https:\/\/www.eldigitaldeasturias.com\/noticias\/el-gobierno-de-aviles-da-por-rota-la-negociacion-del-presupuesto-con-iu\/#blogposting","name":"El gobierno de Avil\u00e9s da por rota la negociaci\u00f3n del presupuesto con IU - El Digital de Asturias","headline":"El gobierno de Avil\u00e9s da por rota la negociaci\u00f3n del presupuesto con IU","author":{"@id":"https:\/\/www.eldigitaldeasturias.com\/noticias\/author\/admin\/#author"},"publisher":{"@id":"https:\/\/www.eldigitaldeasturias.com\/noticias\/#organization"},"image":{"@type":"ImageObject","url":"https:\/\/www.eldigitaldeasturias.com\/noticias\/wp-content\/uploads\/2015\/05\/aviles1.jpg","width":800,"height":536},"datePublished":"2016-02-03T20:07:51+01:00","dateModified":"2016-02-03T20:07:51+01:00","inLanguage":"es-ES","mainEntityOfPage":{"@id":"https:\/\/www.eldigitaldeasturias.com\/noticias\/el-gobierno-de-aviles-da-por-rota-la-negociacion-del-presupuesto-con-iu\/#webpage"},"isPartOf":{"@id":"https:\/\/www.eldigitaldeasturias.com\/noticias\/el-gobierno-de-aviles-da-por-rota-la-negociacion-del-presupuesto-con-iu\/#webpage"},"articleSection":"Actualidad Asturias"},{"@type":"BreadcrumbList","@id":"https:\/\/www.eldigitaldeasturias.com\/noticias\/el-gobierno-de-aviles-da-por-rota-la-negociacion-del-presupuesto-con-iu\/#breadcrumblist","itemListElement":[{"@type":"ListItem","@id":"https:\/\/www.eldigitaldeasturias.com\/noticias#listItem","position":1,"name":"Home","item":"https:\/\/www.eldigitaldeasturias.com\/noticias","nextItem":{"@type":"ListItem","@id":"https:\/\/www.eldigitaldeasturias.com\/noticias\/category\/actualidad-asturias\/#listItem","name":"Actualidad Asturias"}},{"@type":"ListItem","@id":"https:\/\/www.eldigitaldeasturias.com\/noticias\/category\/actualidad-asturias\/#listItem","position":2,"name":"Actualidad Asturias","item":"https:\/\/www.eldigitaldeasturias.com\/noticias\/category\/actualidad-asturias\/","nextItem":{"@type":"ListItem","@id":"https:\/\/www.eldigitaldeasturias.com\/noticias\/el-gobierno-de-aviles-da-por-rota-la-negociacion-del-presupuesto-con-iu\/#listItem","name":"El gobierno de Avil\u00e9s da por rota la negociaci\u00f3n del presupuesto con IU"},"previousItem":{"@type":"ListItem","@id":"https:\/\/www.eldigitaldeasturias.com\/noticias#listItem","name":"Home"}},{"@type":"ListItem","@id":"https:\/\/www.eldigitaldeasturias.com\/noticias\/el-gobierno-de-aviles-da-por-rota-la-negociacion-del-presupuesto-con-iu\/#listItem","position":3,"name":"El gobierno de Avil\u00e9s da por rota la negociaci\u00f3n del presupuesto con IU","previousItem":{"@type":"ListItem","@id":"https:\/\/www.eldigitaldeasturias.com\/noticias\/category\/actualidad-asturias\/#listItem","name":"Actualidad Asturias"}}]},{"@type":"Organization","@id":"https:\/\/www.eldigitaldeasturias.com\/noticias\/#organization","name":"El Digital de Asturias","description":"Hemeroteca","url":"https:\/\/www.eldigitaldeasturias.com\/noticias\/","email":"info@eldigitaldeasturias.com","telephone":"+34652131393","logo":{"@type":"ImageObject","url":"https:\/\/www.eldigitaldeasturias.com\/noticias\/wp-content\/uploads\/2020\/12\/EDA.jpg","@id":"https:\/\/www.eldigitaldeasturias.com\/noticias\/el-gobierno-de-aviles-da-por-rota-la-negociacion-del-presupuesto-con-iu\/#organizationLogo","width":649,"height":297},"image":{"@id":"https:\/\/www.eldigitaldeasturias.com\/noticias\/el-gobierno-de-aviles-da-por-rota-la-negociacion-del-presupuesto-con-iu\/#organizationLogo"},"sameAs":["https:\/\/facebook.com\/eldigitaldeasturias","https:\/\/www.youtube.com\/channel\/UCZP-2wLEB9Rv6erhFmqVnvg"],"address":{"@id":"https:\/\/www.eldigitaldeasturias.com\/noticias\/#postaladdress","@type":"PostalAddress","streetAddress":"san antonio 4,","postalCode":"33430","addressLocality":"Cand\u00e1s","addressRegion":"Asturias","addressCountry":"ES"}},{"@type":"Person","@id":"https:\/\/www.eldigitaldeasturias.com\/noticias\/author\/admin\/#author","url":"https:\/\/www.eldigitaldeasturias.com\/noticias\/author\/admin\/","name":"El Digital de Asturias","image":{"@type":"ImageObject","@id":"https:\/\/www.eldigitaldeasturias.com\/noticias\/el-gobierno-de-aviles-da-por-rota-la-negociacion-del-presupuesto-con-iu\/#authorImage","url":"https:\/\/www.eldigitaldeasturias.com\/noticias\/wp-content\/litespeed\/avatar\/18677e78aa0546b92d9dbf31ec7d7668.jpg?ver=1777290358","width":96,"height":96,"caption":"El Digital de Asturias"}},{"@type":"WebPage","@id":"https:\/\/www.eldigitaldeasturias.com\/noticias\/el-gobierno-de-aviles-da-por-rota-la-negociacion-del-presupuesto-con-iu\/#webpage","url":"https:\/\/www.eldigitaldeasturias.com\/noticias\/el-gobierno-de-aviles-da-por-rota-la-negociacion-del-presupuesto-con-iu\/","name":"El gobierno de Avil\u00e9s da por rota la negociaci\u00f3n del presupuesto con IU - El Digital de Asturias","description":"El gobierno local de Avil\u00e9s da por rotas las negociaciones presupuestarias con IU seg\u00fan ha asegurado el portavoz municipal de la coalici\u00f3n este mi\u00e9rcoles. El motivo, seg\u00fan ha indicado Alejandro Cueli a Europa Press, es que le han pedido recuperar los servicios privatizados, potenciar la empresa municipal y crear m\u00e1s empleo p\u00fablico \"y nos han","inLanguage":"es-ES","isPartOf":{"@id":"https:\/\/www.eldigitaldeasturias.com\/noticias\/#website"},"breadcrumb":{"@id":"https:\/\/www.eldigitaldeasturias.com\/noticias\/el-gobierno-de-aviles-da-por-rota-la-negociacion-del-presupuesto-con-iu\/#breadcrumblist"},"author":{"@id":"https:\/\/www.eldigitaldeasturias.com\/noticias\/author\/admin\/#author"},"creator":{"@id":"https:\/\/www.eldigitaldeasturias.com\/noticias\/author\/admin\/#author"},"image":{"@type":"ImageObject","url":"https:\/\/www.eldigitaldeasturias.com\/noticias\/wp-content\/uploads\/2015\/05\/aviles1.jpg","@id":"https:\/\/www.eldigitaldeasturias.com\/noticias\/el-gobierno-de-aviles-da-por-rota-la-negociacion-del-presupuesto-con-iu\/#mainImage","width":800,"height":536},"primaryImageOfPage":{"@id":"https:\/\/www.eldigitaldeasturias.com\/noticias\/el-gobierno-de-aviles-da-por-rota-la-negociacion-del-presupuesto-con-iu\/#mainImage"},"datePublished":"2016-02-03T20:07:51+01:00","dateModified":"2016-02-03T20:07:51+01:00"},{"@type":"WebSite","@id":"https:\/\/www.eldigitaldeasturias.com\/noticias\/#website","url":"https:\/\/www.eldigitaldeasturias.com\/noticias\/","name":"El Digital de Asturias - Diario de actualidad y noticias","alternateName":"El Digital de Asturias - Diario de actualidad y noticias","description":"Hemeroteca","inLanguage":"es-ES","publisher":{"@id":"https:\/\/www.eldigitaldeasturias.com\/noticias\/#organization"}}]},"og:locale":"es_ES","og:site_name":"El Digital de Asturias","og:type":"article","og:title":"El gobierno de Avil\u00e9s da por rota la negociaci\u00f3n del presupuesto con IU - El Digital de Asturias","og:description":"El gobierno local de Avil\u00e9s da por rotas las negociaciones presupuestarias con IU seg\u00fan ha asegurado el portavoz municipal de la coalici\u00f3n este mi\u00e9rcoles. El motivo, seg\u00fan ha indicado Alejandro Cueli a Europa Press, es que le han pedido recuperar los servicios privatizados, potenciar la empresa municipal y crear m\u00e1s empleo p\u00fablico &quot;y nos han","og:url":"https:\/\/www.eldigitaldeasturias.com\/noticias\/el-gobierno-de-aviles-da-por-rota-la-negociacion-del-presupuesto-con-iu\/","og:image":"https:\/\/www.eldigitaldeasturias.com\/noticias\/wp-content\/uploads\/2015\/05\/aviles1.jpg","og:image:secure_url":"https:\/\/www.eldigitaldeasturias.com\/noticias\/wp-content\/uploads\/2015\/05\/aviles1.jpg","og:image:width":800,"og:image:height":536,"article:tag":["actualidad asturias"],"article:published_time":"2016-02-03T20:07:51+00:00","article:modified_time":"2016-02-03T20:07:51+00:00","article:publisher":"https:\/\/facebook.com\/eldigitaldeasturias","twitter:card":"summary_large_image","twitter:title":"El gobierno de Avil\u00e9s da por rota la negociaci\u00f3n del presupuesto con IU - El Digital de Asturias","twitter:description":"El gobierno local de Avil\u00e9s da por rotas las negociaciones presupuestarias con IU seg\u00fan ha asegurado el portavoz municipal de la coalici\u00f3n este mi\u00e9rcoles. El motivo, seg\u00fan ha indicado Alejandro Cueli a Europa Press, es que le han pedido recuperar los servicios privatizados, potenciar la empresa municipal y crear m\u00e1s empleo p\u00fablico &quot;y nos han","twitter:image":"https:\/\/www.eldigitaldeasturias.com\/noticias\/wp-content\/uploads\/2015\/05\/aviles1.jpg","twitter:label1":"Escrito por","twitter:data1":"El Digital de Asturias","twitter:label2":"Tiempo de lectura estimado","twitter:data2":"1 minuto"},"aioseo_meta_data":{"post_id":"853581","title":null,"description":null,"keywords":null,"keyphrases":null,"primary_term":null,"canonical_url":null,"og_title":null,"og_description":null,"og_object_type":"default","og_image_type":"default","og_image_url":null,"og_image_width":null,"og_image_height":null,"og_image_custom_url":null,"og_image_custom_fields":null,"og_video":null,"og_custom_url":null,"og_article_section":null,"og_article_tags":null,"twitter_use_og":false,"twitter_card":"default","twitter_image_type":"default","twitter_image_url":null,"twitter_image_custom_url":null,"twitter_image_custom_fields":null,"twitter_title":null,"twitter_description":null,"schema":{"blockGraphs":[],"customGraphs":[],"default":{"data":{"Article":[],"Course":[],"Dataset":[],"FAQPage":[],"Movie":[],"Person":[],"Product":[],"ProductReview":[],"Car":[],"Recipe":[],"Service":[],"SoftwareApplication":[],"WebPage":[]},"graphName":"","isEnabled":true},"graphs":[],"defaultGraph":"","defaultPostTypeGraph":""},"schema_type":null,"schema_type_options":null,"pillar_content":false,"robots_default":true,"robots_noindex":false,"robots_noarchive":false,"robots_nosnippet":false,"robots_nofollow":false,"robots_noimageindex":false,"robots_noodp":false,"robots_notranslate":false,"robots_max_snippet":null,"robots_max_videopreview":null,"robots_max_imagepreview":"large","priority":null,"frequency":null,"local_seo":null,"seo_analyzer_scan_date":"2025-12-09 18:40:27","breadcrumb_settings":null,"limit_modified_date":false,"open_ai":null,"ai":null,"created":"2021-01-23 14:09:17","updated":"2025-12-09 18:40:27"},"aioseo_breadcrumb":"<div class=\"aioseo-breadcrumbs\"><span class=\"aioseo-breadcrumb\">\n\t<a href=\"https:\/\/www.eldigitaldeasturias.com\/noticias\" title=\"Home\">Home<\/a>\n<\/span><span class=\"aioseo-breadcrumb-separator\">\u2013<\/span><span class=\"aioseo-breadcrumb\">\n\t<a href=\"https:\/\/www.eldigitaldeasturias.com\/noticias\/category\/actualidad-asturias\/\" title=\"Actualidad Asturias\">Actualidad Asturias<\/a>\n<\/span><span class=\"aioseo-breadcrumb-separator\">\u2013<\/span><span class=\"aioseo-breadcrumb\">\n\t<a href=\"https:\/\/www.eldigitaldeasturias.com\/noticias\/el-gobierno-de-aviles-da-por-rota-la-negociacion-del-presupuesto-con-iu\/\" title=\"El gobierno de Avil\u00e9s da por rota la negociaci\u00f3n del presupuesto con IU\">El gobierno de Avil\u00e9s da por rota la negociaci\u00f3n del presupuesto con IU<\/a>\n<\/span><\/div>","aioseo_breadcrumb_json":[{"label":"Home","link":"https:\/\/www.eldigitaldeasturias.com\/noticias"},{"label":"Actualidad Asturias","link":"https:\/\/www.eldigitaldeasturias.com\/noticias\/category\/actualidad-asturias\/"},{"label":"El gobierno de Avil\u00e9s da por rota la negociaci\u00f3n del presupuesto con IU","link":"https:\/\/www.eldigitaldeasturias.com\/noticias\/el-gobierno-de-aviles-da-por-rota-la-negociacion-del-presupuesto-con-iu\/"}],"_links":{"self":[{"href":"https:\/\/www.eldigitaldeasturias.com\/noticias\/wp-json\/wp\/v2\/posts\/853581","targetHints":{"allow":["GET"]}}],"collection":[{"href":"https:\/\/www.eldigitaldeasturias.com\/noticias\/wp-json\/wp\/v2\/posts"}],"about":[{"href":"https:\/\/www.eldigitaldeasturias.com\/noticias\/wp-json\/wp\/v2\/types\/post"}],"author":[{"embeddable":true,"href":"https:\/\/www.eldigitaldeasturias.com\/noticias\/wp-json\/wp\/v2\/users\/1"}],"replies":[{"embeddable":true,"href":"https:\/\/www.eldigitaldeasturias.com\/noticias\/wp-json\/wp\/v2\/comments?post=853581"}],"version-history":[{"count":0,"href":"https:\/\/www.eldigitaldeasturias.com\/noticias\/wp-json\/wp\/v2\/posts\/853581\/revisions"}],"wp:featuredmedia":[{"embeddable":true,"href":"https:\/\/www.eldigitaldeasturias.com\/noticias\/wp-json\/wp\/v2\/media\/785778"}],"wp:attachment":[{"href":"https:\/\/www.eldigitaldeasturias.com\/noticias\/wp-json\/wp\/v2\/media?parent=853581"}],"wp:term":[{"taxonomy":"category","embeddable":true,"href":"https:\/\/www.eldigitaldeasturias.com\/noticias\/wp-json\/wp\/v2\/categories?post=853581"},{"taxonomy":"post_tag","embeddable":true,"href":"https:\/\/www.eldigitaldeasturias.com\/noticias\/wp-json\/wp\/v2\/tags?post=853581"}],"curies":[{"name":"wp","href":"https:\/\/api.w.org\/{rel}","templated":true}]}}