{"id":853578,"date":"2016-02-03T20:06:34","date_gmt":"2016-02-03T20:06:34","guid":{"rendered":"http:\/\/www.eldigitaldeasturias.com\/noticias\/?p=853578"},"modified":"2016-02-03T20:06:34","modified_gmt":"2016-02-03T20:06:34","slug":"upa-coag-piden-una-reunion-al-mas-alto-nivel-de-la-mesa-de-la-plataforma-de-competitividad-del-sector-lacteo","status":"publish","type":"post","link":"https:\/\/www.eldigitaldeasturias.com\/noticias\/upa-coag-piden-una-reunion-al-mas-alto-nivel-de-la-mesa-de-la-plataforma-de-competitividad-del-sector-lacteo\/","title":{"rendered":"UPA-COAG piden una reuni\u00f3n al m\u00e1s alto nivel de la mesa de la plataforma de competitividad del sector l\u00e1cteo"},"content":{"rendered":"<p><img loading=\"lazy\" decoding=\"async\" class=\"alignleft size-medium wp-image-853579\" src=\"https:\/\/www.eldigitaldeasturias.com\/noticias\/wp-content\/uploads\/2016\/02\/fotonoticia_20160203165847_800-360x270.jpg\" alt=\"fotonoticia_20160203165847_800\" width=\"360\" height=\"270\" srcset=\"https:\/\/www.eldigitaldeasturias.com\/noticias\/wp-content\/uploads\/2016\/02\/fotonoticia_20160203165847_800-360x270.jpg 360w, https:\/\/www.eldigitaldeasturias.com\/noticias\/wp-content\/uploads\/2016\/02\/fotonoticia_20160203165847_800-768x576.jpg 768w, https:\/\/www.eldigitaldeasturias.com\/noticias\/wp-content\/uploads\/2016\/02\/fotonoticia_20160203165847_800-650x488.jpg 650w, https:\/\/www.eldigitaldeasturias.com\/noticias\/wp-content\/uploads\/2016\/02\/fotonoticia_20160203165847_800-125x95.jpg 125w, https:\/\/www.eldigitaldeasturias.com\/noticias\/wp-content\/uploads\/2016\/02\/fotonoticia_20160203165847_800-100x75.jpg 100w, https:\/\/www.eldigitaldeasturias.com\/noticias\/wp-content\/uploads\/2016\/02\/fotonoticia_20160203165847_800.jpg 800w\" sizes=\"auto, (max-width: 360px) 100vw, 360px\" \/>Los integrantes de la Alianza UPA-COAG han urgido este mi\u00e9rcoles a la reuni\u00f3n al m\u00e1s alto nivel de la Mesa de Seguimiento de la Plataforma de Competitividad del Sector L\u00e1cteo ante la \u00abamenaza\u00bb de una nueva bajada de precios al sector productor.<\/p>\n<p>Para estas OPA esa reuni\u00f3n al m\u00e1s alto nivel es \u00abclave\u00bb para evaluar el grado de cumplimiento del acuerdo firmado el pasado 17 de noviembre y para adoptar las medidas necesarias para que no se agrave \u00aba\u00fan m\u00e1s\u00bb una \u00absituaci\u00f3n extrema\u00bb que los ganaderos achacan a las estrategias de la industria \u00abque apuntan a una nueva bajada de los precios\u00bb.<\/p>\n<p>La Alianza UPA-COAG ha trasladado su temor ante la falta de compromiso de la industria y su imposici\u00f3n en el sector l\u00e1cteo \u00abcon unos precios injustificadamente bajos en su origen\u00bb.<\/p>\n<p>\u00abNuestra intenci\u00f3n es avanzar en la mesa de trabajo y por lo tanto dar nuevos pasos adelante en el desarrollo de una estrategia impulsada desde la Consejer\u00eda de Agricultura y Ganader\u00eda para ordenar un sector que desde hace tiempo se encuentra inmerso en una crisis estructural que afecta directamente a los ganaderos\u00bb, han argumentado desde UPA y COAG.<\/p>\n","protected":false},"excerpt":{"rendered":"<p>Los integrantes de la Alianza UPA-COAG han urgido este mi\u00e9rcoles a la reuni\u00f3n al m\u00e1s alto nivel de la Mesa de Seguimiento de la Plataforma de Competitividad del Sector L\u00e1cteo ante la \u00abamenaza\u00bb de una nueva bajada de precios al sector productor. Para estas OPA esa reuni\u00f3n al m\u00e1s alto nivel es \u00abclave\u00bb para evaluar [&hellip;]<\/p>\n","protected":false},"author":1,"featured_media":853579,"comment_status":"closed","ping_status":"closed","sticky":false,"template":"","format":"standard","meta":{"footnotes":""},"categories":[12],"tags":[],"class_list":["post-853578","post","type-post","status-publish","format-standard","has-post-thumbnail","hentry","category-actualidad-asturias"],"aioseo_notices":[],"aioseo_head":"\n\t\t<!-- All in One SEO Pro 4.9.6.2 - aioseo.com -->\n\t<meta name=\"description\" content=\"Los integrantes de la Alianza UPA-COAG han urgido este mi\u00e9rcoles a la reuni\u00f3n al m\u00e1s alto nivel de la Mesa de Seguimiento de la Plataforma de Competitividad del Sector L\u00e1cteo ante la &quot;amenaza&quot; de una nueva bajada de precios al sector productor. Para estas OPA esa reuni\u00f3n al m\u00e1s alto nivel es &quot;clave&quot; para evaluar\" \/>\n\t<meta name=\"robots\" content=\"max-image-preview:large\" \/>\n\t<meta name=\"author\" content=\"El Digital de Asturias\"\/>\n\t<meta name=\"google-site-verification\" content=\"UA-38556648-1\" \/>\n\t<meta name=\"msvalidate.01\" content=\"7dfe9f3f1b24437ab69f4f2559babe99\" \/>\n\t<meta name=\"keywords\" content=\"actualidad asturias\" \/>\n\t<link rel=\"canonical\" href=\"https:\/\/www.eldigitaldeasturias.com\/noticias\/upa-coag-piden-una-reunion-al-mas-alto-nivel-de-la-mesa-de-la-plataforma-de-competitividad-del-sector-lacteo\/\" \/>\n\t<meta name=\"generator\" content=\"All in One SEO Pro (AIOSEO) 4.9.6.2\" \/>\n\t\t<meta property=\"og:locale\" content=\"es_ES\" \/>\n\t\t<meta property=\"og:site_name\" content=\"El Digital de Asturias\" \/>\n\t\t<meta property=\"og:type\" content=\"article\" \/>\n\t\t<meta property=\"og:title\" content=\"UPA-COAG piden una reuni\u00f3n al m\u00e1s alto nivel de la mesa de la plataforma de competitividad del sector l\u00e1cteo - El Digital de Asturias\" \/>\n\t\t<meta property=\"og:description\" content=\"Los integrantes de la Alianza UPA-COAG han urgido este mi\u00e9rcoles a la reuni\u00f3n al m\u00e1s alto nivel de la Mesa de Seguimiento de la Plataforma de Competitividad del Sector L\u00e1cteo ante la &quot;amenaza&quot; de una nueva bajada de precios al sector productor. Para estas OPA esa reuni\u00f3n al m\u00e1s alto nivel es &quot;clave&quot; para evaluar\" \/>\n\t\t<meta property=\"og:url\" content=\"https:\/\/www.eldigitaldeasturias.com\/noticias\/upa-coag-piden-una-reunion-al-mas-alto-nivel-de-la-mesa-de-la-plataforma-de-competitividad-del-sector-lacteo\/\" \/>\n\t\t<meta property=\"og:image\" content=\"https:\/\/www.eldigitaldeasturias.com\/noticias\/wp-content\/uploads\/2016\/02\/fotonoticia_20160203165847_800.jpg\" \/>\n\t\t<meta property=\"og:image:secure_url\" content=\"https:\/\/www.eldigitaldeasturias.com\/noticias\/wp-content\/uploads\/2016\/02\/fotonoticia_20160203165847_800.jpg\" \/>\n\t\t<meta property=\"og:image:width\" content=\"800\" \/>\n\t\t<meta property=\"og:image:height\" content=\"600\" \/>\n\t\t<meta property=\"article:tag\" content=\"actualidad asturias\" \/>\n\t\t<meta property=\"article:published_time\" content=\"2016-02-03T20:06:34+00:00\" \/>\n\t\t<meta property=\"article:modified_time\" content=\"2016-02-03T20:06:34+00:00\" \/>\n\t\t<meta property=\"article:publisher\" content=\"https:\/\/facebook.com\/eldigitaldeasturias\" \/>\n\t\t<meta name=\"twitter:card\" content=\"summary_large_image\" \/>\n\t\t<meta name=\"twitter:title\" content=\"UPA-COAG piden una reuni\u00f3n al m\u00e1s alto nivel de la mesa de la plataforma de competitividad del sector l\u00e1cteo - El Digital de Asturias\" \/>\n\t\t<meta name=\"twitter:description\" content=\"Los integrantes de la Alianza UPA-COAG han urgido este mi\u00e9rcoles a la reuni\u00f3n al m\u00e1s alto nivel de la Mesa de Seguimiento de la Plataforma de Competitividad del Sector L\u00e1cteo ante la &quot;amenaza&quot; de una nueva bajada de precios al sector productor. Para estas OPA esa reuni\u00f3n al m\u00e1s alto nivel es &quot;clave&quot; para evaluar\" \/>\n\t\t<meta name=\"twitter:image\" content=\"https:\/\/www.eldigitaldeasturias.com\/noticias\/wp-content\/uploads\/2016\/02\/fotonoticia_20160203165847_800.jpg\" \/>\n\t\t<meta name=\"twitter:label1\" content=\"Escrito por\" \/>\n\t\t<meta name=\"twitter:data1\" content=\"El Digital de Asturias\" \/>\n\t\t<meta name=\"twitter:label2\" content=\"Tiempo de lectura estimado\" \/>\n\t\t<meta name=\"twitter:data2\" content=\"1 minuto\" \/>\n\t\t<script type=\"application\/ld+json\" class=\"aioseo-schema\">\n\t\t\t{\"@context\":\"https:\\\/\\\/schema.org\",\"@graph\":[{\"@type\":\"BlogPosting\",\"@id\":\"https:\\\/\\\/www.eldigitaldeasturias.com\\\/noticias\\\/upa-coag-piden-una-reunion-al-mas-alto-nivel-de-la-mesa-de-la-plataforma-de-competitividad-del-sector-lacteo\\\/#blogposting\",\"name\":\"UPA-COAG piden una reuni\\u00f3n al m\\u00e1s alto nivel de la mesa de la plataforma de competitividad del sector l\\u00e1cteo - El Digital de Asturias\",\"headline\":\"UPA-COAG piden una reuni\\u00f3n al m\\u00e1s alto nivel de la mesa de la plataforma de competitividad del sector l\\u00e1cteo\",\"author\":{\"@id\":\"https:\\\/\\\/www.eldigitaldeasturias.com\\\/noticias\\\/author\\\/admin\\\/#author\"},\"publisher\":{\"@id\":\"https:\\\/\\\/www.eldigitaldeasturias.com\\\/noticias\\\/#organization\"},\"image\":{\"@type\":\"ImageObject\",\"url\":\"https:\\\/\\\/www.eldigitaldeasturias.com\\\/noticias\\\/wp-content\\\/uploads\\\/2016\\\/02\\\/fotonoticia_20160203165847_800.jpg\",\"width\":800,\"height\":600},\"datePublished\":\"2016-02-03T20:06:34+01:00\",\"dateModified\":\"2016-02-03T20:06:34+01:00\",\"inLanguage\":\"es-ES\",\"mainEntityOfPage\":{\"@id\":\"https:\\\/\\\/www.eldigitaldeasturias.com\\\/noticias\\\/upa-coag-piden-una-reunion-al-mas-alto-nivel-de-la-mesa-de-la-plataforma-de-competitividad-del-sector-lacteo\\\/#webpage\"},\"isPartOf\":{\"@id\":\"https:\\\/\\\/www.eldigitaldeasturias.com\\\/noticias\\\/upa-coag-piden-una-reunion-al-mas-alto-nivel-de-la-mesa-de-la-plataforma-de-competitividad-del-sector-lacteo\\\/#webpage\"},\"articleSection\":\"Actualidad Asturias\"},{\"@type\":\"BreadcrumbList\",\"@id\":\"https:\\\/\\\/www.eldigitaldeasturias.com\\\/noticias\\\/upa-coag-piden-una-reunion-al-mas-alto-nivel-de-la-mesa-de-la-plataforma-de-competitividad-del-sector-lacteo\\\/#breadcrumblist\",\"itemListElement\":[{\"@type\":\"ListItem\",\"@id\":\"https:\\\/\\\/www.eldigitaldeasturias.com\\\/noticias#listItem\",\"position\":1,\"name\":\"Home\",\"item\":\"https:\\\/\\\/www.eldigitaldeasturias.com\\\/noticias\",\"nextItem\":{\"@type\":\"ListItem\",\"@id\":\"https:\\\/\\\/www.eldigitaldeasturias.com\\\/noticias\\\/category\\\/actualidad-asturias\\\/#listItem\",\"name\":\"Actualidad Asturias\"}},{\"@type\":\"ListItem\",\"@id\":\"https:\\\/\\\/www.eldigitaldeasturias.com\\\/noticias\\\/category\\\/actualidad-asturias\\\/#listItem\",\"position\":2,\"name\":\"Actualidad Asturias\",\"item\":\"https:\\\/\\\/www.eldigitaldeasturias.com\\\/noticias\\\/category\\\/actualidad-asturias\\\/\",\"nextItem\":{\"@type\":\"ListItem\",\"@id\":\"https:\\\/\\\/www.eldigitaldeasturias.com\\\/noticias\\\/upa-coag-piden-una-reunion-al-mas-alto-nivel-de-la-mesa-de-la-plataforma-de-competitividad-del-sector-lacteo\\\/#listItem\",\"name\":\"UPA-COAG piden una reuni\\u00f3n al m\\u00e1s alto nivel de la mesa de la plataforma de competitividad del sector l\\u00e1cteo\"},\"previousItem\":{\"@type\":\"ListItem\",\"@id\":\"https:\\\/\\\/www.eldigitaldeasturias.com\\\/noticias#listItem\",\"name\":\"Home\"}},{\"@type\":\"ListItem\",\"@id\":\"https:\\\/\\\/www.eldigitaldeasturias.com\\\/noticias\\\/upa-coag-piden-una-reunion-al-mas-alto-nivel-de-la-mesa-de-la-plataforma-de-competitividad-del-sector-lacteo\\\/#listItem\",\"position\":3,\"name\":\"UPA-COAG piden una reuni\\u00f3n al m\\u00e1s alto nivel de la mesa de la plataforma de competitividad del sector l\\u00e1cteo\",\"previousItem\":{\"@type\":\"ListItem\",\"@id\":\"https:\\\/\\\/www.eldigitaldeasturias.com\\\/noticias\\\/category\\\/actualidad-asturias\\\/#listItem\",\"name\":\"Actualidad Asturias\"}}]},{\"@type\":\"Organization\",\"@id\":\"https:\\\/\\\/www.eldigitaldeasturias.com\\\/noticias\\\/#organization\",\"name\":\"El Digital de Asturias\",\"description\":\"Hemeroteca\",\"url\":\"https:\\\/\\\/www.eldigitaldeasturias.com\\\/noticias\\\/\",\"email\":\"info@eldigitaldeasturias.com\",\"telephone\":\"+34652131393\",\"logo\":{\"@type\":\"ImageObject\",\"url\":\"https:\\\/\\\/www.eldigitaldeasturias.com\\\/noticias\\\/wp-content\\\/uploads\\\/2020\\\/12\\\/EDA.jpg\",\"@id\":\"https:\\\/\\\/www.eldigitaldeasturias.com\\\/noticias\\\/upa-coag-piden-una-reunion-al-mas-alto-nivel-de-la-mesa-de-la-plataforma-de-competitividad-del-sector-lacteo\\\/#organizationLogo\",\"width\":649,\"height\":297},\"image\":{\"@id\":\"https:\\\/\\\/www.eldigitaldeasturias.com\\\/noticias\\\/upa-coag-piden-una-reunion-al-mas-alto-nivel-de-la-mesa-de-la-plataforma-de-competitividad-del-sector-lacteo\\\/#organizationLogo\"},\"sameAs\":[\"https:\\\/\\\/facebook.com\\\/eldigitaldeasturias\",\"https:\\\/\\\/www.youtube.com\\\/channel\\\/UCZP-2wLEB9Rv6erhFmqVnvg\"],\"address\":{\"@id\":\"https:\\\/\\\/www.eldigitaldeasturias.com\\\/noticias\\\/#postaladdress\",\"@type\":\"PostalAddress\",\"streetAddress\":\"san antonio 4,\",\"postalCode\":\"33430\",\"addressLocality\":\"Cand\\u00e1s\",\"addressRegion\":\"Asturias\",\"addressCountry\":\"ES\"}},{\"@type\":\"Person\",\"@id\":\"https:\\\/\\\/www.eldigitaldeasturias.com\\\/noticias\\\/author\\\/admin\\\/#author\",\"url\":\"https:\\\/\\\/www.eldigitaldeasturias.com\\\/noticias\\\/author\\\/admin\\\/\",\"name\":\"El Digital de Asturias\",\"image\":{\"@type\":\"ImageObject\",\"@id\":\"https:\\\/\\\/www.eldigitaldeasturias.com\\\/noticias\\\/upa-coag-piden-una-reunion-al-mas-alto-nivel-de-la-mesa-de-la-plataforma-de-competitividad-del-sector-lacteo\\\/#authorImage\",\"url\":\"https:\\\/\\\/www.eldigitaldeasturias.com\\\/noticias\\\/wp-content\\\/litespeed\\\/avatar\\\/18677e78aa0546b92d9dbf31ec7d7668.jpg?ver=1777290358\",\"width\":96,\"height\":96,\"caption\":\"El Digital de Asturias\"}},{\"@type\":\"WebPage\",\"@id\":\"https:\\\/\\\/www.eldigitaldeasturias.com\\\/noticias\\\/upa-coag-piden-una-reunion-al-mas-alto-nivel-de-la-mesa-de-la-plataforma-de-competitividad-del-sector-lacteo\\\/#webpage\",\"url\":\"https:\\\/\\\/www.eldigitaldeasturias.com\\\/noticias\\\/upa-coag-piden-una-reunion-al-mas-alto-nivel-de-la-mesa-de-la-plataforma-de-competitividad-del-sector-lacteo\\\/\",\"name\":\"UPA-COAG piden una reuni\\u00f3n al m\\u00e1s alto nivel de la mesa de la plataforma de competitividad del sector l\\u00e1cteo - El Digital de Asturias\",\"description\":\"Los integrantes de la Alianza UPA-COAG han urgido este mi\\u00e9rcoles a la reuni\\u00f3n al m\\u00e1s alto nivel de la Mesa de Seguimiento de la Plataforma de Competitividad del Sector L\\u00e1cteo ante la \\\"amenaza\\\" de una nueva bajada de precios al sector productor. Para estas OPA esa reuni\\u00f3n al m\\u00e1s alto nivel es \\\"clave\\\" para evaluar\",\"inLanguage\":\"es-ES\",\"isPartOf\":{\"@id\":\"https:\\\/\\\/www.eldigitaldeasturias.com\\\/noticias\\\/#website\"},\"breadcrumb\":{\"@id\":\"https:\\\/\\\/www.eldigitaldeasturias.com\\\/noticias\\\/upa-coag-piden-una-reunion-al-mas-alto-nivel-de-la-mesa-de-la-plataforma-de-competitividad-del-sector-lacteo\\\/#breadcrumblist\"},\"author\":{\"@id\":\"https:\\\/\\\/www.eldigitaldeasturias.com\\\/noticias\\\/author\\\/admin\\\/#author\"},\"creator\":{\"@id\":\"https:\\\/\\\/www.eldigitaldeasturias.com\\\/noticias\\\/author\\\/admin\\\/#author\"},\"image\":{\"@type\":\"ImageObject\",\"url\":\"https:\\\/\\\/www.eldigitaldeasturias.com\\\/noticias\\\/wp-content\\\/uploads\\\/2016\\\/02\\\/fotonoticia_20160203165847_800.jpg\",\"@id\":\"https:\\\/\\\/www.eldigitaldeasturias.com\\\/noticias\\\/upa-coag-piden-una-reunion-al-mas-alto-nivel-de-la-mesa-de-la-plataforma-de-competitividad-del-sector-lacteo\\\/#mainImage\",\"width\":800,\"height\":600},\"primaryImageOfPage\":{\"@id\":\"https:\\\/\\\/www.eldigitaldeasturias.com\\\/noticias\\\/upa-coag-piden-una-reunion-al-mas-alto-nivel-de-la-mesa-de-la-plataforma-de-competitividad-del-sector-lacteo\\\/#mainImage\"},\"datePublished\":\"2016-02-03T20:06:34+01:00\",\"dateModified\":\"2016-02-03T20:06:34+01:00\"},{\"@type\":\"WebSite\",\"@id\":\"https:\\\/\\\/www.eldigitaldeasturias.com\\\/noticias\\\/#website\",\"url\":\"https:\\\/\\\/www.eldigitaldeasturias.com\\\/noticias\\\/\",\"name\":\"El Digital de Asturias - Diario de actualidad y noticias\",\"alternateName\":\"El Digital de Asturias - Diario de actualidad y noticias\",\"description\":\"Hemeroteca\",\"inLanguage\":\"es-ES\",\"publisher\":{\"@id\":\"https:\\\/\\\/www.eldigitaldeasturias.com\\\/noticias\\\/#organization\"}}]}\n\t\t<\/script>\n\t\t<!-- All in One SEO Pro -->\r\n\t\t<title>UPA-COAG piden una reuni\u00f3n al m\u00e1s alto nivel de la mesa de la plataforma de competitividad del sector l\u00e1cteo - El Digital de Asturias<\/title>\n\n","aioseo_head_json":{"title":"UPA-COAG piden una reuni\u00f3n al m\u00e1s alto nivel de la mesa de la plataforma de competitividad del sector l\u00e1cteo - El Digital de Asturias","description":"Los integrantes de la Alianza UPA-COAG han urgido este mi\u00e9rcoles a la reuni\u00f3n al m\u00e1s alto nivel de la Mesa de Seguimiento de la Plataforma de Competitividad del Sector L\u00e1cteo ante la \"amenaza\" de una nueva bajada de precios al sector productor. Para estas OPA esa reuni\u00f3n al m\u00e1s alto nivel es \"clave\" para evaluar","canonical_url":"https:\/\/www.eldigitaldeasturias.com\/noticias\/upa-coag-piden-una-reunion-al-mas-alto-nivel-de-la-mesa-de-la-plataforma-de-competitividad-del-sector-lacteo\/","robots":"max-image-preview:large","keywords":"actualidad asturias","webmasterTools":{"google-site-verification":"UA-38556648-1","msvalidate.01":"7dfe9f3f1b24437ab69f4f2559babe99","miscellaneous":""},"schema":{"@context":"https:\/\/schema.org","@graph":[{"@type":"BlogPosting","@id":"https:\/\/www.eldigitaldeasturias.com\/noticias\/upa-coag-piden-una-reunion-al-mas-alto-nivel-de-la-mesa-de-la-plataforma-de-competitividad-del-sector-lacteo\/#blogposting","name":"UPA-COAG piden una reuni\u00f3n al m\u00e1s alto nivel de la mesa de la plataforma de competitividad del sector l\u00e1cteo - El Digital de Asturias","headline":"UPA-COAG piden una reuni\u00f3n al m\u00e1s alto nivel de la mesa de la plataforma de competitividad del sector l\u00e1cteo","author":{"@id":"https:\/\/www.eldigitaldeasturias.com\/noticias\/author\/admin\/#author"},"publisher":{"@id":"https:\/\/www.eldigitaldeasturias.com\/noticias\/#organization"},"image":{"@type":"ImageObject","url":"https:\/\/www.eldigitaldeasturias.com\/noticias\/wp-content\/uploads\/2016\/02\/fotonoticia_20160203165847_800.jpg","width":800,"height":600},"datePublished":"2016-02-03T20:06:34+01:00","dateModified":"2016-02-03T20:06:34+01:00","inLanguage":"es-ES","mainEntityOfPage":{"@id":"https:\/\/www.eldigitaldeasturias.com\/noticias\/upa-coag-piden-una-reunion-al-mas-alto-nivel-de-la-mesa-de-la-plataforma-de-competitividad-del-sector-lacteo\/#webpage"},"isPartOf":{"@id":"https:\/\/www.eldigitaldeasturias.com\/noticias\/upa-coag-piden-una-reunion-al-mas-alto-nivel-de-la-mesa-de-la-plataforma-de-competitividad-del-sector-lacteo\/#webpage"},"articleSection":"Actualidad Asturias"},{"@type":"BreadcrumbList","@id":"https:\/\/www.eldigitaldeasturias.com\/noticias\/upa-coag-piden-una-reunion-al-mas-alto-nivel-de-la-mesa-de-la-plataforma-de-competitividad-del-sector-lacteo\/#breadcrumblist","itemListElement":[{"@type":"ListItem","@id":"https:\/\/www.eldigitaldeasturias.com\/noticias#listItem","position":1,"name":"Home","item":"https:\/\/www.eldigitaldeasturias.com\/noticias","nextItem":{"@type":"ListItem","@id":"https:\/\/www.eldigitaldeasturias.com\/noticias\/category\/actualidad-asturias\/#listItem","name":"Actualidad Asturias"}},{"@type":"ListItem","@id":"https:\/\/www.eldigitaldeasturias.com\/noticias\/category\/actualidad-asturias\/#listItem","position":2,"name":"Actualidad Asturias","item":"https:\/\/www.eldigitaldeasturias.com\/noticias\/category\/actualidad-asturias\/","nextItem":{"@type":"ListItem","@id":"https:\/\/www.eldigitaldeasturias.com\/noticias\/upa-coag-piden-una-reunion-al-mas-alto-nivel-de-la-mesa-de-la-plataforma-de-competitividad-del-sector-lacteo\/#listItem","name":"UPA-COAG piden una reuni\u00f3n al m\u00e1s alto nivel de la mesa de la plataforma de competitividad del sector l\u00e1cteo"},"previousItem":{"@type":"ListItem","@id":"https:\/\/www.eldigitaldeasturias.com\/noticias#listItem","name":"Home"}},{"@type":"ListItem","@id":"https:\/\/www.eldigitaldeasturias.com\/noticias\/upa-coag-piden-una-reunion-al-mas-alto-nivel-de-la-mesa-de-la-plataforma-de-competitividad-del-sector-lacteo\/#listItem","position":3,"name":"UPA-COAG piden una reuni\u00f3n al m\u00e1s alto nivel de la mesa de la plataforma de competitividad del sector l\u00e1cteo","previousItem":{"@type":"ListItem","@id":"https:\/\/www.eldigitaldeasturias.com\/noticias\/category\/actualidad-asturias\/#listItem","name":"Actualidad Asturias"}}]},{"@type":"Organization","@id":"https:\/\/www.eldigitaldeasturias.com\/noticias\/#organization","name":"El Digital de Asturias","description":"Hemeroteca","url":"https:\/\/www.eldigitaldeasturias.com\/noticias\/","email":"info@eldigitaldeasturias.com","telephone":"+34652131393","logo":{"@type":"ImageObject","url":"https:\/\/www.eldigitaldeasturias.com\/noticias\/wp-content\/uploads\/2020\/12\/EDA.jpg","@id":"https:\/\/www.eldigitaldeasturias.com\/noticias\/upa-coag-piden-una-reunion-al-mas-alto-nivel-de-la-mesa-de-la-plataforma-de-competitividad-del-sector-lacteo\/#organizationLogo","width":649,"height":297},"image":{"@id":"https:\/\/www.eldigitaldeasturias.com\/noticias\/upa-coag-piden-una-reunion-al-mas-alto-nivel-de-la-mesa-de-la-plataforma-de-competitividad-del-sector-lacteo\/#organizationLogo"},"sameAs":["https:\/\/facebook.com\/eldigitaldeasturias","https:\/\/www.youtube.com\/channel\/UCZP-2wLEB9Rv6erhFmqVnvg"],"address":{"@id":"https:\/\/www.eldigitaldeasturias.com\/noticias\/#postaladdress","@type":"PostalAddress","streetAddress":"san antonio 4,","postalCode":"33430","addressLocality":"Cand\u00e1s","addressRegion":"Asturias","addressCountry":"ES"}},{"@type":"Person","@id":"https:\/\/www.eldigitaldeasturias.com\/noticias\/author\/admin\/#author","url":"https:\/\/www.eldigitaldeasturias.com\/noticias\/author\/admin\/","name":"El Digital de Asturias","image":{"@type":"ImageObject","@id":"https:\/\/www.eldigitaldeasturias.com\/noticias\/upa-coag-piden-una-reunion-al-mas-alto-nivel-de-la-mesa-de-la-plataforma-de-competitividad-del-sector-lacteo\/#authorImage","url":"https:\/\/www.eldigitaldeasturias.com\/noticias\/wp-content\/litespeed\/avatar\/18677e78aa0546b92d9dbf31ec7d7668.jpg?ver=1777290358","width":96,"height":96,"caption":"El Digital de Asturias"}},{"@type":"WebPage","@id":"https:\/\/www.eldigitaldeasturias.com\/noticias\/upa-coag-piden-una-reunion-al-mas-alto-nivel-de-la-mesa-de-la-plataforma-de-competitividad-del-sector-lacteo\/#webpage","url":"https:\/\/www.eldigitaldeasturias.com\/noticias\/upa-coag-piden-una-reunion-al-mas-alto-nivel-de-la-mesa-de-la-plataforma-de-competitividad-del-sector-lacteo\/","name":"UPA-COAG piden una reuni\u00f3n al m\u00e1s alto nivel de la mesa de la plataforma de competitividad del sector l\u00e1cteo - El Digital de Asturias","description":"Los integrantes de la Alianza UPA-COAG han urgido este mi\u00e9rcoles a la reuni\u00f3n al m\u00e1s alto nivel de la Mesa de Seguimiento de la Plataforma de Competitividad del Sector L\u00e1cteo ante la \"amenaza\" de una nueva bajada de precios al sector productor. Para estas OPA esa reuni\u00f3n al m\u00e1s alto nivel es \"clave\" para evaluar","inLanguage":"es-ES","isPartOf":{"@id":"https:\/\/www.eldigitaldeasturias.com\/noticias\/#website"},"breadcrumb":{"@id":"https:\/\/www.eldigitaldeasturias.com\/noticias\/upa-coag-piden-una-reunion-al-mas-alto-nivel-de-la-mesa-de-la-plataforma-de-competitividad-del-sector-lacteo\/#breadcrumblist"},"author":{"@id":"https:\/\/www.eldigitaldeasturias.com\/noticias\/author\/admin\/#author"},"creator":{"@id":"https:\/\/www.eldigitaldeasturias.com\/noticias\/author\/admin\/#author"},"image":{"@type":"ImageObject","url":"https:\/\/www.eldigitaldeasturias.com\/noticias\/wp-content\/uploads\/2016\/02\/fotonoticia_20160203165847_800.jpg","@id":"https:\/\/www.eldigitaldeasturias.com\/noticias\/upa-coag-piden-una-reunion-al-mas-alto-nivel-de-la-mesa-de-la-plataforma-de-competitividad-del-sector-lacteo\/#mainImage","width":800,"height":600},"primaryImageOfPage":{"@id":"https:\/\/www.eldigitaldeasturias.com\/noticias\/upa-coag-piden-una-reunion-al-mas-alto-nivel-de-la-mesa-de-la-plataforma-de-competitividad-del-sector-lacteo\/#mainImage"},"datePublished":"2016-02-03T20:06:34+01:00","dateModified":"2016-02-03T20:06:34+01:00"},{"@type":"WebSite","@id":"https:\/\/www.eldigitaldeasturias.com\/noticias\/#website","url":"https:\/\/www.eldigitaldeasturias.com\/noticias\/","name":"El Digital de Asturias - Diario de actualidad y noticias","alternateName":"El Digital de Asturias - Diario de actualidad y noticias","description":"Hemeroteca","inLanguage":"es-ES","publisher":{"@id":"https:\/\/www.eldigitaldeasturias.com\/noticias\/#organization"}}]},"og:locale":"es_ES","og:site_name":"El Digital de Asturias","og:type":"article","og:title":"UPA-COAG piden una reuni\u00f3n al m\u00e1s alto nivel de la mesa de la plataforma de competitividad del sector l\u00e1cteo - El Digital de Asturias","og:description":"Los integrantes de la Alianza UPA-COAG han urgido este mi\u00e9rcoles a la reuni\u00f3n al m\u00e1s alto nivel de la Mesa de Seguimiento de la Plataforma de Competitividad del Sector L\u00e1cteo ante la &quot;amenaza&quot; de una nueva bajada de precios al sector productor. Para estas OPA esa reuni\u00f3n al m\u00e1s alto nivel es &quot;clave&quot; para evaluar","og:url":"https:\/\/www.eldigitaldeasturias.com\/noticias\/upa-coag-piden-una-reunion-al-mas-alto-nivel-de-la-mesa-de-la-plataforma-de-competitividad-del-sector-lacteo\/","og:image":"https:\/\/www.eldigitaldeasturias.com\/noticias\/wp-content\/uploads\/2016\/02\/fotonoticia_20160203165847_800.jpg","og:image:secure_url":"https:\/\/www.eldigitaldeasturias.com\/noticias\/wp-content\/uploads\/2016\/02\/fotonoticia_20160203165847_800.jpg","og:image:width":800,"og:image:height":600,"article:tag":["actualidad asturias"],"article:published_time":"2016-02-03T20:06:34+00:00","article:modified_time":"2016-02-03T20:06:34+00:00","article:publisher":"https:\/\/facebook.com\/eldigitaldeasturias","twitter:card":"summary_large_image","twitter:title":"UPA-COAG piden una reuni\u00f3n al m\u00e1s alto nivel de la mesa de la plataforma de competitividad del sector l\u00e1cteo - El Digital de Asturias","twitter:description":"Los integrantes de la Alianza UPA-COAG han urgido este mi\u00e9rcoles a la reuni\u00f3n al m\u00e1s alto nivel de la Mesa de Seguimiento de la Plataforma de Competitividad del Sector L\u00e1cteo ante la &quot;amenaza&quot; de una nueva bajada de precios al sector productor. Para estas OPA esa reuni\u00f3n al m\u00e1s alto nivel es &quot;clave&quot; para evaluar","twitter:image":"https:\/\/www.eldigitaldeasturias.com\/noticias\/wp-content\/uploads\/2016\/02\/fotonoticia_20160203165847_800.jpg","twitter:label1":"Escrito por","twitter:data1":"El Digital de Asturias","twitter:label2":"Tiempo de lectura estimado","twitter:data2":"1 minuto"},"aioseo_meta_data":{"post_id":"853578","title":null,"description":null,"keywords":null,"keyphrases":null,"primary_term":null,"canonical_url":null,"og_title":null,"og_description":null,"og_object_type":"default","og_image_type":"default","og_image_url":null,"og_image_width":null,"og_image_height":null,"og_image_custom_url":null,"og_image_custom_fields":null,"og_video":null,"og_custom_url":null,"og_article_section":null,"og_article_tags":null,"twitter_use_og":false,"twitter_card":"default","twitter_image_type":"default","twitter_image_url":null,"twitter_image_custom_url":null,"twitter_image_custom_fields":null,"twitter_title":null,"twitter_description":null,"schema":{"blockGraphs":[],"customGraphs":[],"default":{"data":{"Article":[],"Course":[],"Dataset":[],"FAQPage":[],"Movie":[],"Person":[],"Product":[],"ProductReview":[],"Car":[],"Recipe":[],"Service":[],"SoftwareApplication":[],"WebPage":[]},"graphName":"","isEnabled":true},"graphs":[],"defaultGraph":"","defaultPostTypeGraph":""},"schema_type":null,"schema_type_options":null,"pillar_content":false,"robots_default":true,"robots_noindex":false,"robots_noarchive":false,"robots_nosnippet":false,"robots_nofollow":false,"robots_noimageindex":false,"robots_noodp":false,"robots_notranslate":false,"robots_max_snippet":null,"robots_max_videopreview":null,"robots_max_imagepreview":"large","priority":null,"frequency":null,"local_seo":null,"seo_analyzer_scan_date":"2025-12-09 18:40:25","breadcrumb_settings":null,"limit_modified_date":false,"open_ai":null,"ai":null,"created":"2021-01-22 16:03:18","updated":"2025-12-09 18:40:25"},"aioseo_breadcrumb":"<div class=\"aioseo-breadcrumbs\"><span class=\"aioseo-breadcrumb\">\n\t<a href=\"https:\/\/www.eldigitaldeasturias.com\/noticias\" title=\"Home\">Home<\/a>\n<\/span><span class=\"aioseo-breadcrumb-separator\">\u2013<\/span><span class=\"aioseo-breadcrumb\">\n\t<a href=\"https:\/\/www.eldigitaldeasturias.com\/noticias\/category\/actualidad-asturias\/\" title=\"Actualidad Asturias\">Actualidad Asturias<\/a>\n<\/span><span class=\"aioseo-breadcrumb-separator\">\u2013<\/span><span class=\"aioseo-breadcrumb\">\n\t<a href=\"https:\/\/www.eldigitaldeasturias.com\/noticias\/upa-coag-piden-una-reunion-al-mas-alto-nivel-de-la-mesa-de-la-plataforma-de-competitividad-del-sector-lacteo\/\" title=\"UPA-COAG piden una reuni\u00f3n al m\u00e1s alto nivel de la mesa de la plataforma de competitividad del sector l\u00e1cteo\">UPA-COAG piden una reuni\u00f3n al m\u00e1s alto nivel de la mesa de la plataforma de competitividad del sector l\u00e1cteo<\/a>\n<\/span><\/div>","aioseo_breadcrumb_json":[{"label":"Home","link":"https:\/\/www.eldigitaldeasturias.com\/noticias"},{"label":"Actualidad Asturias","link":"https:\/\/www.eldigitaldeasturias.com\/noticias\/category\/actualidad-asturias\/"},{"label":"UPA-COAG piden una reuni\u00f3n al m\u00e1s alto nivel de la mesa de la plataforma de competitividad del sector l\u00e1cteo","link":"https:\/\/www.eldigitaldeasturias.com\/noticias\/upa-coag-piden-una-reunion-al-mas-alto-nivel-de-la-mesa-de-la-plataforma-de-competitividad-del-sector-lacteo\/"}],"_links":{"self":[{"href":"https:\/\/www.eldigitaldeasturias.com\/noticias\/wp-json\/wp\/v2\/posts\/853578","targetHints":{"allow":["GET"]}}],"collection":[{"href":"https:\/\/www.eldigitaldeasturias.com\/noticias\/wp-json\/wp\/v2\/posts"}],"about":[{"href":"https:\/\/www.eldigitaldeasturias.com\/noticias\/wp-json\/wp\/v2\/types\/post"}],"author":[{"embeddable":true,"href":"https:\/\/www.eldigitaldeasturias.com\/noticias\/wp-json\/wp\/v2\/users\/1"}],"replies":[{"embeddable":true,"href":"https:\/\/www.eldigitaldeasturias.com\/noticias\/wp-json\/wp\/v2\/comments?post=853578"}],"version-history":[{"count":0,"href":"https:\/\/www.eldigitaldeasturias.com\/noticias\/wp-json\/wp\/v2\/posts\/853578\/revisions"}],"wp:featuredmedia":[{"embeddable":true,"href":"https:\/\/www.eldigitaldeasturias.com\/noticias\/wp-json\/wp\/v2\/media\/853579"}],"wp:attachment":[{"href":"https:\/\/www.eldigitaldeasturias.com\/noticias\/wp-json\/wp\/v2\/media?parent=853578"}],"wp:term":[{"taxonomy":"category","embeddable":true,"href":"https:\/\/www.eldigitaldeasturias.com\/noticias\/wp-json\/wp\/v2\/categories?post=853578"},{"taxonomy":"post_tag","embeddable":true,"href":"https:\/\/www.eldigitaldeasturias.com\/noticias\/wp-json\/wp\/v2\/tags?post=853578"}],"curies":[{"name":"wp","href":"https:\/\/api.w.org\/{rel}","templated":true}]}}