{"id":853576,"date":"2016-02-03T20:05:13","date_gmt":"2016-02-03T20:05:13","guid":{"rendered":"http:\/\/www.eldigitaldeasturias.com\/noticias\/?p=853576"},"modified":"2016-02-03T20:05:13","modified_gmt":"2016-02-03T20:05:13","slug":"enfermeria-estudia-denunciar-a-las-comunidades-que-animen-a-los-profesionales-a-saltarse-a-la-torera-el-real-decreto-de-prescripcion","status":"publish","type":"post","link":"https:\/\/www.eldigitaldeasturias.com\/noticias\/enfermeria-estudia-denunciar-a-las-comunidades-que-animen-a-los-profesionales-a-saltarse-a-la-torera-el-real-decreto-de-prescripcion\/","title":{"rendered":"Enfermer\u00eda estudia denunciar a las Comunidades que animen a los profesionales a \u00absaltarse a la torera\u00bb el Real Decreto de prescripci\u00f3n"},"content":{"rendered":"<p><img loading=\"lazy\" decoding=\"async\" class=\"alignleft size-medium wp-image-438770\" src=\"https:\/\/www.eldigitaldeasturias.com\/noticias\/wp-content\/uploads\/2013\/10\/cabue\u00f1es-360x270.jpg\" alt=\"cabue\u00f1es\" width=\"360\" height=\"270\" srcset=\"https:\/\/www.eldigitaldeasturias.com\/noticias\/wp-content\/uploads\/2013\/10\/cabue\u00f1es-360x270.jpg 360w, https:\/\/www.eldigitaldeasturias.com\/noticias\/wp-content\/uploads\/2013\/10\/cabue\u00f1es-400x300.jpg 400w, https:\/\/www.eldigitaldeasturias.com\/noticias\/wp-content\/uploads\/2013\/10\/cabue\u00f1es-20x15.jpg 20w, https:\/\/www.eldigitaldeasturias.com\/noticias\/wp-content\/uploads\/2013\/10\/cabue\u00f1es.jpg 632w\" sizes=\"auto, (max-width: 360px) 100vw, 360px\" \/>Los servicios jur\u00eddicos de la Mesa de la Profesi\u00f3n Enfermera, integrada por el Consejo General de Enfermer\u00eda y el Sindicato de Enfermer\u00eda (SATSE) est\u00e1n estudiando las posibles acciones judiciales a realizar para evitar que los gobiernos auton\u00f3micos animen a los profesionales enfermeros a \u00absaltarse a la torera\u00bb el Real Decreto que regula la conocida como &#8216;prescripci\u00f3n enfermera&#8217;.<\/p>\n<p>Y es que, a su juicio, es \u00ababsolutamente inadmisible\u00bb que algunas comunidades aut\u00f3nomas hayan difundido entre sus profesionales documentos en los que se\u00f1alan que el Real Decreto no es aplicable en su territorio por distintas razones, y han avisado de que est\u00e1n \u00abmalinterpretando\u00bb la ley y generando \u00abconfusi\u00f3n e inseguridad\u00bb entre los profesionales afectados.<\/p>\n<p>De hecho, la Mesa de la Profesi\u00f3n Enfermera envi\u00f3 recientemente una carta a todos los consejeros de Salud de las comunidades aut\u00f3nomas para recordarles que el Real Decreto de &#8216;prescripci\u00f3n enfermera&#8217; es una norma b\u00e1sica estatal, por lo que \u00abno existe forma alguna de evitar su aplicaci\u00f3n\u00bb.<\/p>\n<p>De igual manera, les inform\u00f3 de que ning\u00fan enfermero en todo el Estado est\u00e1 acreditado para prescribir, que los protocolos hasta ahora existentes en la pr\u00e1ctica asistencial ya no son v\u00e1lidos porque no cumplen los requisitos exigidos en el RD, y que, en lo relativo a medicamentos sujetos a prescripci\u00f3n m\u00e9dica, es \u00abimprescindible\u00bb que el m\u00e9dico determine previamente la prescripci\u00f3n, el diagn\u00f3stico y la selecci\u00f3n del correspondiente protocolo o gu\u00eda de pr\u00e1ctica cl\u00ednica y asistencial a seguir, as\u00ed como que realice el oportuno seguimiento de la evoluci\u00f3n del tratamiento.<\/p>\n<p>Asimismo, ha informado de que est\u00e1n recibiendo un n\u00famero cada vez mayor de peticiones de los propios profesionales para realizar acciones de presi\u00f3n \u00abm\u00e1s contundentes\u00bb ante las diferentes administraciones p\u00fablicas, como movilizaciones o la convocatoria de una huelga.<\/p>\n<p>ACCIONES DE INFORMACI\u00d3N Y SENSIBILIZACI\u00d3N<\/p>\n<p>Adem\u00e1s de continuar con la celebraci\u00f3n de jornadas sobre responsabilidad profesional en los centros sanitarios de todo el pa\u00eds, con el objetivo de informar a todas las enfermeras sobre la grave situaci\u00f3n de inseguridad jur\u00eddica a la que se enfrentan tras la entrada en vigor del Real Decreto, desde la Mesa de la Profesi\u00f3n Enfermera ha informado de que van a desarrollar nuevas acciones de informaci\u00f3n y sensibilizaci\u00f3n a lo largo del mes de febrero.<\/p>\n<p>Entre otras, se pondr\u00e1 a disposici\u00f3n de los profesionales la chapa &#8216;Prescripci\u00f3n, soluci\u00f3n&#8217; con el objetivo de que estos reivindiquen de manera visible y permanente su competencia prescriptora. \u00abPor un lado, se busca llamar la atenci\u00f3n a las autoridades sanitarias y que sean muy conscientes de que se trata de una demanda del colectivo enfermero en su conjunto, y, por otro, se pretende visibilizar ante los usuarios y los pacientes la situaci\u00f3n que ha generado el Real Decreto y las graves consecuencias que tambi\u00e9n tiene en la atenci\u00f3n que se le ofrece en los centros sanitarios\u00bb, ha explicado la organizaci\u00f3n.<\/p>\n<p>De manera paralela, se ha editado un pr\u00e1ctico folleto explicativo que se entregar\u00e1 en los centros sanitarios de las distintas comunidades aut\u00f3nomas, para que todos los profesionales conozcan las consecuencias de la aplicaci\u00f3n del Real Decreto en el desempe\u00f1o de su trabajo diario, y tengan muy claro lo que deben hacer para cumplir lo que este establece.<\/p>\n","protected":false},"excerpt":{"rendered":"<p>Los servicios jur\u00eddicos de la Mesa de la Profesi\u00f3n Enfermera, integrada por el Consejo General de Enfermer\u00eda y el Sindicato de Enfermer\u00eda (SATSE) est\u00e1n estudiando las posibles acciones judiciales a realizar para evitar que los gobiernos auton\u00f3micos animen a los profesionales enfermeros a \u00absaltarse a la torera\u00bb el Real Decreto que regula la conocida como [&hellip;]<\/p>\n","protected":false},"author":1,"featured_media":438770,"comment_status":"closed","ping_status":"closed","sticky":false,"template":"","format":"standard","meta":{"footnotes":""},"categories":[28],"tags":[],"class_list":["post-853576","post","type-post","status-publish","format-standard","has-post-thumbnail","hentry","category-sociedad"],"aioseo_notices":[],"aioseo_head":"\n\t\t<!-- All in One SEO Pro 4.9.6.2 - aioseo.com -->\n\t<meta name=\"description\" content=\"Los servicios jur\u00eddicos de la Mesa de la Profesi\u00f3n Enfermera, integrada por el Consejo General de Enfermer\u00eda y el Sindicato de Enfermer\u00eda (SATSE) est\u00e1n estudiando las posibles acciones judiciales a realizar para evitar que los gobiernos auton\u00f3micos animen a los profesionales enfermeros a &quot;saltarse a la torera&quot; el Real Decreto que regula la conocida como\" \/>\n\t<meta name=\"robots\" content=\"max-image-preview:large\" \/>\n\t<meta name=\"author\" content=\"El Digital de Asturias\"\/>\n\t<meta name=\"google-site-verification\" content=\"UA-38556648-1\" \/>\n\t<meta name=\"msvalidate.01\" content=\"7dfe9f3f1b24437ab69f4f2559babe99\" \/>\n\t<meta name=\"keywords\" content=\"sociedad\" \/>\n\t<link rel=\"canonical\" href=\"https:\/\/www.eldigitaldeasturias.com\/noticias\/enfermeria-estudia-denunciar-a-las-comunidades-que-animen-a-los-profesionales-a-saltarse-a-la-torera-el-real-decreto-de-prescripcion\/\" \/>\n\t<meta name=\"generator\" content=\"All in One SEO Pro (AIOSEO) 4.9.6.2\" \/>\n\t\t<meta property=\"og:locale\" content=\"es_ES\" \/>\n\t\t<meta property=\"og:site_name\" content=\"El Digital de Asturias\" \/>\n\t\t<meta property=\"og:type\" content=\"article\" \/>\n\t\t<meta property=\"og:title\" content=\"Enfermer\u00eda estudia denunciar a las Comunidades que animen a los profesionales a \u00absaltarse a la torera\u00bb el Real Decreto de prescripci\u00f3n - El Digital de Asturias\" \/>\n\t\t<meta property=\"og:description\" content=\"Los servicios jur\u00eddicos de la Mesa de la Profesi\u00f3n Enfermera, integrada por el Consejo General de Enfermer\u00eda y el Sindicato de Enfermer\u00eda (SATSE) est\u00e1n estudiando las posibles acciones judiciales a realizar para evitar que los gobiernos auton\u00f3micos animen a los profesionales enfermeros a &quot;saltarse a la torera&quot; el Real Decreto que regula la conocida como\" \/>\n\t\t<meta property=\"og:url\" content=\"https:\/\/www.eldigitaldeasturias.com\/noticias\/enfermeria-estudia-denunciar-a-las-comunidades-que-animen-a-los-profesionales-a-saltarse-a-la-torera-el-real-decreto-de-prescripcion\/\" \/>\n\t\t<meta property=\"og:image\" content=\"https:\/\/www.eldigitaldeasturias.com\/noticias\/wp-content\/uploads\/2013\/10\/cabue\u00f1es.jpg\" \/>\n\t\t<meta property=\"og:image:secure_url\" content=\"https:\/\/www.eldigitaldeasturias.com\/noticias\/wp-content\/uploads\/2013\/10\/cabue\u00f1es.jpg\" \/>\n\t\t<meta property=\"og:image:width\" content=\"632\" \/>\n\t\t<meta property=\"og:image:height\" content=\"474\" \/>\n\t\t<meta property=\"article:tag\" content=\"sociedad\" \/>\n\t\t<meta property=\"article:published_time\" content=\"2016-02-03T20:05:13+00:00\" \/>\n\t\t<meta property=\"article:modified_time\" content=\"2016-02-03T20:05:13+00:00\" \/>\n\t\t<meta property=\"article:publisher\" content=\"https:\/\/facebook.com\/eldigitaldeasturias\" \/>\n\t\t<meta name=\"twitter:card\" content=\"summary_large_image\" \/>\n\t\t<meta name=\"twitter:title\" content=\"Enfermer\u00eda estudia denunciar a las Comunidades que animen a los profesionales a \u00absaltarse a la torera\u00bb el Real Decreto de prescripci\u00f3n - El Digital de Asturias\" \/>\n\t\t<meta name=\"twitter:description\" content=\"Los servicios jur\u00eddicos de la Mesa de la Profesi\u00f3n Enfermera, integrada por el Consejo General de Enfermer\u00eda y el Sindicato de Enfermer\u00eda (SATSE) est\u00e1n estudiando las posibles acciones judiciales a realizar para evitar que los gobiernos auton\u00f3micos animen a los profesionales enfermeros a &quot;saltarse a la torera&quot; el Real Decreto que regula la conocida como\" \/>\n\t\t<meta name=\"twitter:image\" content=\"https:\/\/www.eldigitaldeasturias.com\/noticias\/wp-content\/uploads\/2013\/10\/cabue\u00f1es.jpg\" \/>\n\t\t<meta name=\"twitter:label1\" content=\"Escrito por\" \/>\n\t\t<meta name=\"twitter:data1\" content=\"El Digital de Asturias\" \/>\n\t\t<meta name=\"twitter:label2\" content=\"Tiempo de lectura estimado\" \/>\n\t\t<meta name=\"twitter:data2\" content=\"3 minutos\" \/>\n\t\t<script type=\"application\/ld+json\" class=\"aioseo-schema\">\n\t\t\t{\"@context\":\"https:\\\/\\\/schema.org\",\"@graph\":[{\"@type\":\"BlogPosting\",\"@id\":\"https:\\\/\\\/www.eldigitaldeasturias.com\\\/noticias\\\/enfermeria-estudia-denunciar-a-las-comunidades-que-animen-a-los-profesionales-a-saltarse-a-la-torera-el-real-decreto-de-prescripcion\\\/#blogposting\",\"name\":\"Enfermer\\u00eda estudia denunciar a las Comunidades que animen a los profesionales a \\u00absaltarse a la torera\\u00bb el Real Decreto de prescripci\\u00f3n - El Digital de Asturias\",\"headline\":\"Enfermer\\u00eda estudia denunciar a las Comunidades que animen a los profesionales a \\u00absaltarse a la torera\\u00bb el Real Decreto de prescripci\\u00f3n\",\"author\":{\"@id\":\"https:\\\/\\\/www.eldigitaldeasturias.com\\\/noticias\\\/author\\\/admin\\\/#author\"},\"publisher\":{\"@id\":\"https:\\\/\\\/www.eldigitaldeasturias.com\\\/noticias\\\/#organization\"},\"image\":{\"@type\":\"ImageObject\",\"url\":\"https:\\\/\\\/www.eldigitaldeasturias.com\\\/noticias\\\/wp-content\\\/uploads\\\/2013\\\/10\\\/cabue\\u00f1es.jpg\",\"width\":632,\"height\":474,\"caption\":\"Cabue\\u00f1es\"},\"datePublished\":\"2016-02-03T20:05:13+01:00\",\"dateModified\":\"2016-02-03T20:05:13+01:00\",\"inLanguage\":\"es-ES\",\"mainEntityOfPage\":{\"@id\":\"https:\\\/\\\/www.eldigitaldeasturias.com\\\/noticias\\\/enfermeria-estudia-denunciar-a-las-comunidades-que-animen-a-los-profesionales-a-saltarse-a-la-torera-el-real-decreto-de-prescripcion\\\/#webpage\"},\"isPartOf\":{\"@id\":\"https:\\\/\\\/www.eldigitaldeasturias.com\\\/noticias\\\/enfermeria-estudia-denunciar-a-las-comunidades-que-animen-a-los-profesionales-a-saltarse-a-la-torera-el-real-decreto-de-prescripcion\\\/#webpage\"},\"articleSection\":\"Sociedad\"},{\"@type\":\"BreadcrumbList\",\"@id\":\"https:\\\/\\\/www.eldigitaldeasturias.com\\\/noticias\\\/enfermeria-estudia-denunciar-a-las-comunidades-que-animen-a-los-profesionales-a-saltarse-a-la-torera-el-real-decreto-de-prescripcion\\\/#breadcrumblist\",\"itemListElement\":[{\"@type\":\"ListItem\",\"@id\":\"https:\\\/\\\/www.eldigitaldeasturias.com\\\/noticias#listItem\",\"position\":1,\"name\":\"Home\",\"item\":\"https:\\\/\\\/www.eldigitaldeasturias.com\\\/noticias\",\"nextItem\":{\"@type\":\"ListItem\",\"@id\":\"https:\\\/\\\/www.eldigitaldeasturias.com\\\/noticias\\\/category\\\/sociedad\\\/#listItem\",\"name\":\"Sociedad\"}},{\"@type\":\"ListItem\",\"@id\":\"https:\\\/\\\/www.eldigitaldeasturias.com\\\/noticias\\\/category\\\/sociedad\\\/#listItem\",\"position\":2,\"name\":\"Sociedad\",\"item\":\"https:\\\/\\\/www.eldigitaldeasturias.com\\\/noticias\\\/category\\\/sociedad\\\/\",\"nextItem\":{\"@type\":\"ListItem\",\"@id\":\"https:\\\/\\\/www.eldigitaldeasturias.com\\\/noticias\\\/enfermeria-estudia-denunciar-a-las-comunidades-que-animen-a-los-profesionales-a-saltarse-a-la-torera-el-real-decreto-de-prescripcion\\\/#listItem\",\"name\":\"Enfermer\\u00eda estudia denunciar a las Comunidades que animen a los profesionales a \\u00absaltarse a la torera\\u00bb el Real Decreto de prescripci\\u00f3n\"},\"previousItem\":{\"@type\":\"ListItem\",\"@id\":\"https:\\\/\\\/www.eldigitaldeasturias.com\\\/noticias#listItem\",\"name\":\"Home\"}},{\"@type\":\"ListItem\",\"@id\":\"https:\\\/\\\/www.eldigitaldeasturias.com\\\/noticias\\\/enfermeria-estudia-denunciar-a-las-comunidades-que-animen-a-los-profesionales-a-saltarse-a-la-torera-el-real-decreto-de-prescripcion\\\/#listItem\",\"position\":3,\"name\":\"Enfermer\\u00eda estudia denunciar a las Comunidades que animen a los profesionales a \\u00absaltarse a la torera\\u00bb el Real Decreto de prescripci\\u00f3n\",\"previousItem\":{\"@type\":\"ListItem\",\"@id\":\"https:\\\/\\\/www.eldigitaldeasturias.com\\\/noticias\\\/category\\\/sociedad\\\/#listItem\",\"name\":\"Sociedad\"}}]},{\"@type\":\"Organization\",\"@id\":\"https:\\\/\\\/www.eldigitaldeasturias.com\\\/noticias\\\/#organization\",\"name\":\"El Digital de Asturias\",\"description\":\"Hemeroteca\",\"url\":\"https:\\\/\\\/www.eldigitaldeasturias.com\\\/noticias\\\/\",\"email\":\"info@eldigitaldeasturias.com\",\"telephone\":\"+34652131393\",\"logo\":{\"@type\":\"ImageObject\",\"url\":\"https:\\\/\\\/www.eldigitaldeasturias.com\\\/noticias\\\/wp-content\\\/uploads\\\/2020\\\/12\\\/EDA.jpg\",\"@id\":\"https:\\\/\\\/www.eldigitaldeasturias.com\\\/noticias\\\/enfermeria-estudia-denunciar-a-las-comunidades-que-animen-a-los-profesionales-a-saltarse-a-la-torera-el-real-decreto-de-prescripcion\\\/#organizationLogo\",\"width\":649,\"height\":297},\"image\":{\"@id\":\"https:\\\/\\\/www.eldigitaldeasturias.com\\\/noticias\\\/enfermeria-estudia-denunciar-a-las-comunidades-que-animen-a-los-profesionales-a-saltarse-a-la-torera-el-real-decreto-de-prescripcion\\\/#organizationLogo\"},\"sameAs\":[\"https:\\\/\\\/facebook.com\\\/eldigitaldeasturias\",\"https:\\\/\\\/www.youtube.com\\\/channel\\\/UCZP-2wLEB9Rv6erhFmqVnvg\"],\"address\":{\"@id\":\"https:\\\/\\\/www.eldigitaldeasturias.com\\\/noticias\\\/#postaladdress\",\"@type\":\"PostalAddress\",\"streetAddress\":\"san antonio 4,\",\"postalCode\":\"33430\",\"addressLocality\":\"Cand\\u00e1s\",\"addressRegion\":\"Asturias\",\"addressCountry\":\"ES\"}},{\"@type\":\"Person\",\"@id\":\"https:\\\/\\\/www.eldigitaldeasturias.com\\\/noticias\\\/author\\\/admin\\\/#author\",\"url\":\"https:\\\/\\\/www.eldigitaldeasturias.com\\\/noticias\\\/author\\\/admin\\\/\",\"name\":\"El Digital de Asturias\",\"image\":{\"@type\":\"ImageObject\",\"@id\":\"https:\\\/\\\/www.eldigitaldeasturias.com\\\/noticias\\\/enfermeria-estudia-denunciar-a-las-comunidades-que-animen-a-los-profesionales-a-saltarse-a-la-torera-el-real-decreto-de-prescripcion\\\/#authorImage\",\"url\":\"https:\\\/\\\/www.eldigitaldeasturias.com\\\/noticias\\\/wp-content\\\/litespeed\\\/avatar\\\/18677e78aa0546b92d9dbf31ec7d7668.jpg?ver=1777290358\",\"width\":96,\"height\":96,\"caption\":\"El Digital de Asturias\"}},{\"@type\":\"WebPage\",\"@id\":\"https:\\\/\\\/www.eldigitaldeasturias.com\\\/noticias\\\/enfermeria-estudia-denunciar-a-las-comunidades-que-animen-a-los-profesionales-a-saltarse-a-la-torera-el-real-decreto-de-prescripcion\\\/#webpage\",\"url\":\"https:\\\/\\\/www.eldigitaldeasturias.com\\\/noticias\\\/enfermeria-estudia-denunciar-a-las-comunidades-que-animen-a-los-profesionales-a-saltarse-a-la-torera-el-real-decreto-de-prescripcion\\\/\",\"name\":\"Enfermer\\u00eda estudia denunciar a las Comunidades que animen a los profesionales a \\u00absaltarse a la torera\\u00bb el Real Decreto de prescripci\\u00f3n - El Digital de Asturias\",\"description\":\"Los servicios jur\\u00eddicos de la Mesa de la Profesi\\u00f3n Enfermera, integrada por el Consejo General de Enfermer\\u00eda y el Sindicato de Enfermer\\u00eda (SATSE) est\\u00e1n estudiando las posibles acciones judiciales a realizar para evitar que los gobiernos auton\\u00f3micos animen a los profesionales enfermeros a \\\"saltarse a la torera\\\" el Real Decreto que regula la conocida como\",\"inLanguage\":\"es-ES\",\"isPartOf\":{\"@id\":\"https:\\\/\\\/www.eldigitaldeasturias.com\\\/noticias\\\/#website\"},\"breadcrumb\":{\"@id\":\"https:\\\/\\\/www.eldigitaldeasturias.com\\\/noticias\\\/enfermeria-estudia-denunciar-a-las-comunidades-que-animen-a-los-profesionales-a-saltarse-a-la-torera-el-real-decreto-de-prescripcion\\\/#breadcrumblist\"},\"author\":{\"@id\":\"https:\\\/\\\/www.eldigitaldeasturias.com\\\/noticias\\\/author\\\/admin\\\/#author\"},\"creator\":{\"@id\":\"https:\\\/\\\/www.eldigitaldeasturias.com\\\/noticias\\\/author\\\/admin\\\/#author\"},\"image\":{\"@type\":\"ImageObject\",\"url\":\"https:\\\/\\\/www.eldigitaldeasturias.com\\\/noticias\\\/wp-content\\\/uploads\\\/2013\\\/10\\\/cabue\\u00f1es.jpg\",\"@id\":\"https:\\\/\\\/www.eldigitaldeasturias.com\\\/noticias\\\/enfermeria-estudia-denunciar-a-las-comunidades-que-animen-a-los-profesionales-a-saltarse-a-la-torera-el-real-decreto-de-prescripcion\\\/#mainImage\",\"width\":632,\"height\":474,\"caption\":\"Cabue\\u00f1es\"},\"primaryImageOfPage\":{\"@id\":\"https:\\\/\\\/www.eldigitaldeasturias.com\\\/noticias\\\/enfermeria-estudia-denunciar-a-las-comunidades-que-animen-a-los-profesionales-a-saltarse-a-la-torera-el-real-decreto-de-prescripcion\\\/#mainImage\"},\"datePublished\":\"2016-02-03T20:05:13+01:00\",\"dateModified\":\"2016-02-03T20:05:13+01:00\"},{\"@type\":\"WebSite\",\"@id\":\"https:\\\/\\\/www.eldigitaldeasturias.com\\\/noticias\\\/#website\",\"url\":\"https:\\\/\\\/www.eldigitaldeasturias.com\\\/noticias\\\/\",\"name\":\"El Digital de Asturias - Diario de actualidad y noticias\",\"alternateName\":\"El Digital de Asturias - Diario de actualidad y noticias\",\"description\":\"Hemeroteca\",\"inLanguage\":\"es-ES\",\"publisher\":{\"@id\":\"https:\\\/\\\/www.eldigitaldeasturias.com\\\/noticias\\\/#organization\"}}]}\n\t\t<\/script>\n\t\t<!-- All in One SEO Pro -->\r\n\t\t<title>Enfermer\u00eda estudia denunciar a las Comunidades que animen a los profesionales a \u00absaltarse a la torera\u00bb el Real Decreto de prescripci\u00f3n - El Digital de Asturias<\/title>\n\n","aioseo_head_json":{"title":"Enfermer\u00eda estudia denunciar a las Comunidades que animen a los profesionales a \u00absaltarse a la torera\u00bb el Real Decreto de prescripci\u00f3n - El Digital de Asturias","description":"Los servicios jur\u00eddicos de la Mesa de la Profesi\u00f3n Enfermera, integrada por el Consejo General de Enfermer\u00eda y el Sindicato de Enfermer\u00eda (SATSE) est\u00e1n estudiando las posibles acciones judiciales a realizar para evitar que los gobiernos auton\u00f3micos animen a los profesionales enfermeros a \"saltarse a la torera\" el Real Decreto que regula la conocida como","canonical_url":"https:\/\/www.eldigitaldeasturias.com\/noticias\/enfermeria-estudia-denunciar-a-las-comunidades-que-animen-a-los-profesionales-a-saltarse-a-la-torera-el-real-decreto-de-prescripcion\/","robots":"max-image-preview:large","keywords":"sociedad","webmasterTools":{"google-site-verification":"UA-38556648-1","msvalidate.01":"7dfe9f3f1b24437ab69f4f2559babe99","miscellaneous":""},"schema":{"@context":"https:\/\/schema.org","@graph":[{"@type":"BlogPosting","@id":"https:\/\/www.eldigitaldeasturias.com\/noticias\/enfermeria-estudia-denunciar-a-las-comunidades-que-animen-a-los-profesionales-a-saltarse-a-la-torera-el-real-decreto-de-prescripcion\/#blogposting","name":"Enfermer\u00eda estudia denunciar a las Comunidades que animen a los profesionales a \u00absaltarse a la torera\u00bb el Real Decreto de prescripci\u00f3n - El Digital de Asturias","headline":"Enfermer\u00eda estudia denunciar a las Comunidades que animen a los profesionales a \u00absaltarse a la torera\u00bb el Real Decreto de prescripci\u00f3n","author":{"@id":"https:\/\/www.eldigitaldeasturias.com\/noticias\/author\/admin\/#author"},"publisher":{"@id":"https:\/\/www.eldigitaldeasturias.com\/noticias\/#organization"},"image":{"@type":"ImageObject","url":"https:\/\/www.eldigitaldeasturias.com\/noticias\/wp-content\/uploads\/2013\/10\/cabue\u00f1es.jpg","width":632,"height":474,"caption":"Cabue\u00f1es"},"datePublished":"2016-02-03T20:05:13+01:00","dateModified":"2016-02-03T20:05:13+01:00","inLanguage":"es-ES","mainEntityOfPage":{"@id":"https:\/\/www.eldigitaldeasturias.com\/noticias\/enfermeria-estudia-denunciar-a-las-comunidades-que-animen-a-los-profesionales-a-saltarse-a-la-torera-el-real-decreto-de-prescripcion\/#webpage"},"isPartOf":{"@id":"https:\/\/www.eldigitaldeasturias.com\/noticias\/enfermeria-estudia-denunciar-a-las-comunidades-que-animen-a-los-profesionales-a-saltarse-a-la-torera-el-real-decreto-de-prescripcion\/#webpage"},"articleSection":"Sociedad"},{"@type":"BreadcrumbList","@id":"https:\/\/www.eldigitaldeasturias.com\/noticias\/enfermeria-estudia-denunciar-a-las-comunidades-que-animen-a-los-profesionales-a-saltarse-a-la-torera-el-real-decreto-de-prescripcion\/#breadcrumblist","itemListElement":[{"@type":"ListItem","@id":"https:\/\/www.eldigitaldeasturias.com\/noticias#listItem","position":1,"name":"Home","item":"https:\/\/www.eldigitaldeasturias.com\/noticias","nextItem":{"@type":"ListItem","@id":"https:\/\/www.eldigitaldeasturias.com\/noticias\/category\/sociedad\/#listItem","name":"Sociedad"}},{"@type":"ListItem","@id":"https:\/\/www.eldigitaldeasturias.com\/noticias\/category\/sociedad\/#listItem","position":2,"name":"Sociedad","item":"https:\/\/www.eldigitaldeasturias.com\/noticias\/category\/sociedad\/","nextItem":{"@type":"ListItem","@id":"https:\/\/www.eldigitaldeasturias.com\/noticias\/enfermeria-estudia-denunciar-a-las-comunidades-que-animen-a-los-profesionales-a-saltarse-a-la-torera-el-real-decreto-de-prescripcion\/#listItem","name":"Enfermer\u00eda estudia denunciar a las Comunidades que animen a los profesionales a \u00absaltarse a la torera\u00bb el Real Decreto de prescripci\u00f3n"},"previousItem":{"@type":"ListItem","@id":"https:\/\/www.eldigitaldeasturias.com\/noticias#listItem","name":"Home"}},{"@type":"ListItem","@id":"https:\/\/www.eldigitaldeasturias.com\/noticias\/enfermeria-estudia-denunciar-a-las-comunidades-que-animen-a-los-profesionales-a-saltarse-a-la-torera-el-real-decreto-de-prescripcion\/#listItem","position":3,"name":"Enfermer\u00eda estudia denunciar a las Comunidades que animen a los profesionales a \u00absaltarse a la torera\u00bb el Real Decreto de prescripci\u00f3n","previousItem":{"@type":"ListItem","@id":"https:\/\/www.eldigitaldeasturias.com\/noticias\/category\/sociedad\/#listItem","name":"Sociedad"}}]},{"@type":"Organization","@id":"https:\/\/www.eldigitaldeasturias.com\/noticias\/#organization","name":"El Digital de Asturias","description":"Hemeroteca","url":"https:\/\/www.eldigitaldeasturias.com\/noticias\/","email":"info@eldigitaldeasturias.com","telephone":"+34652131393","logo":{"@type":"ImageObject","url":"https:\/\/www.eldigitaldeasturias.com\/noticias\/wp-content\/uploads\/2020\/12\/EDA.jpg","@id":"https:\/\/www.eldigitaldeasturias.com\/noticias\/enfermeria-estudia-denunciar-a-las-comunidades-que-animen-a-los-profesionales-a-saltarse-a-la-torera-el-real-decreto-de-prescripcion\/#organizationLogo","width":649,"height":297},"image":{"@id":"https:\/\/www.eldigitaldeasturias.com\/noticias\/enfermeria-estudia-denunciar-a-las-comunidades-que-animen-a-los-profesionales-a-saltarse-a-la-torera-el-real-decreto-de-prescripcion\/#organizationLogo"},"sameAs":["https:\/\/facebook.com\/eldigitaldeasturias","https:\/\/www.youtube.com\/channel\/UCZP-2wLEB9Rv6erhFmqVnvg"],"address":{"@id":"https:\/\/www.eldigitaldeasturias.com\/noticias\/#postaladdress","@type":"PostalAddress","streetAddress":"san antonio 4,","postalCode":"33430","addressLocality":"Cand\u00e1s","addressRegion":"Asturias","addressCountry":"ES"}},{"@type":"Person","@id":"https:\/\/www.eldigitaldeasturias.com\/noticias\/author\/admin\/#author","url":"https:\/\/www.eldigitaldeasturias.com\/noticias\/author\/admin\/","name":"El Digital de Asturias","image":{"@type":"ImageObject","@id":"https:\/\/www.eldigitaldeasturias.com\/noticias\/enfermeria-estudia-denunciar-a-las-comunidades-que-animen-a-los-profesionales-a-saltarse-a-la-torera-el-real-decreto-de-prescripcion\/#authorImage","url":"https:\/\/www.eldigitaldeasturias.com\/noticias\/wp-content\/litespeed\/avatar\/18677e78aa0546b92d9dbf31ec7d7668.jpg?ver=1777290358","width":96,"height":96,"caption":"El Digital de Asturias"}},{"@type":"WebPage","@id":"https:\/\/www.eldigitaldeasturias.com\/noticias\/enfermeria-estudia-denunciar-a-las-comunidades-que-animen-a-los-profesionales-a-saltarse-a-la-torera-el-real-decreto-de-prescripcion\/#webpage","url":"https:\/\/www.eldigitaldeasturias.com\/noticias\/enfermeria-estudia-denunciar-a-las-comunidades-que-animen-a-los-profesionales-a-saltarse-a-la-torera-el-real-decreto-de-prescripcion\/","name":"Enfermer\u00eda estudia denunciar a las Comunidades que animen a los profesionales a \u00absaltarse a la torera\u00bb el Real Decreto de prescripci\u00f3n - El Digital de Asturias","description":"Los servicios jur\u00eddicos de la Mesa de la Profesi\u00f3n Enfermera, integrada por el Consejo General de Enfermer\u00eda y el Sindicato de Enfermer\u00eda (SATSE) est\u00e1n estudiando las posibles acciones judiciales a realizar para evitar que los gobiernos auton\u00f3micos animen a los profesionales enfermeros a \"saltarse a la torera\" el Real Decreto que regula la conocida como","inLanguage":"es-ES","isPartOf":{"@id":"https:\/\/www.eldigitaldeasturias.com\/noticias\/#website"},"breadcrumb":{"@id":"https:\/\/www.eldigitaldeasturias.com\/noticias\/enfermeria-estudia-denunciar-a-las-comunidades-que-animen-a-los-profesionales-a-saltarse-a-la-torera-el-real-decreto-de-prescripcion\/#breadcrumblist"},"author":{"@id":"https:\/\/www.eldigitaldeasturias.com\/noticias\/author\/admin\/#author"},"creator":{"@id":"https:\/\/www.eldigitaldeasturias.com\/noticias\/author\/admin\/#author"},"image":{"@type":"ImageObject","url":"https:\/\/www.eldigitaldeasturias.com\/noticias\/wp-content\/uploads\/2013\/10\/cabue\u00f1es.jpg","@id":"https:\/\/www.eldigitaldeasturias.com\/noticias\/enfermeria-estudia-denunciar-a-las-comunidades-que-animen-a-los-profesionales-a-saltarse-a-la-torera-el-real-decreto-de-prescripcion\/#mainImage","width":632,"height":474,"caption":"Cabue\u00f1es"},"primaryImageOfPage":{"@id":"https:\/\/www.eldigitaldeasturias.com\/noticias\/enfermeria-estudia-denunciar-a-las-comunidades-que-animen-a-los-profesionales-a-saltarse-a-la-torera-el-real-decreto-de-prescripcion\/#mainImage"},"datePublished":"2016-02-03T20:05:13+01:00","dateModified":"2016-02-03T20:05:13+01:00"},{"@type":"WebSite","@id":"https:\/\/www.eldigitaldeasturias.com\/noticias\/#website","url":"https:\/\/www.eldigitaldeasturias.com\/noticias\/","name":"El Digital de Asturias - Diario de actualidad y noticias","alternateName":"El Digital de Asturias - Diario de actualidad y noticias","description":"Hemeroteca","inLanguage":"es-ES","publisher":{"@id":"https:\/\/www.eldigitaldeasturias.com\/noticias\/#organization"}}]},"og:locale":"es_ES","og:site_name":"El Digital de Asturias","og:type":"article","og:title":"Enfermer\u00eda estudia denunciar a las Comunidades que animen a los profesionales a \u00absaltarse a la torera\u00bb el Real Decreto de prescripci\u00f3n - El Digital de Asturias","og:description":"Los servicios jur\u00eddicos de la Mesa de la Profesi\u00f3n Enfermera, integrada por el Consejo General de Enfermer\u00eda y el Sindicato de Enfermer\u00eda (SATSE) est\u00e1n estudiando las posibles acciones judiciales a realizar para evitar que los gobiernos auton\u00f3micos animen a los profesionales enfermeros a &quot;saltarse a la torera&quot; el Real Decreto que regula la conocida como","og:url":"https:\/\/www.eldigitaldeasturias.com\/noticias\/enfermeria-estudia-denunciar-a-las-comunidades-que-animen-a-los-profesionales-a-saltarse-a-la-torera-el-real-decreto-de-prescripcion\/","og:image":"https:\/\/www.eldigitaldeasturias.com\/noticias\/wp-content\/uploads\/2013\/10\/cabue\u00f1es.jpg","og:image:secure_url":"https:\/\/www.eldigitaldeasturias.com\/noticias\/wp-content\/uploads\/2013\/10\/cabue\u00f1es.jpg","og:image:width":632,"og:image:height":474,"article:tag":["sociedad"],"article:published_time":"2016-02-03T20:05:13+00:00","article:modified_time":"2016-02-03T20:05:13+00:00","article:publisher":"https:\/\/facebook.com\/eldigitaldeasturias","twitter:card":"summary_large_image","twitter:title":"Enfermer\u00eda estudia denunciar a las Comunidades que animen a los profesionales a \u00absaltarse a la torera\u00bb el Real Decreto de prescripci\u00f3n - El Digital de Asturias","twitter:description":"Los servicios jur\u00eddicos de la Mesa de la Profesi\u00f3n Enfermera, integrada por el Consejo General de Enfermer\u00eda y el Sindicato de Enfermer\u00eda (SATSE) est\u00e1n estudiando las posibles acciones judiciales a realizar para evitar que los gobiernos auton\u00f3micos animen a los profesionales enfermeros a &quot;saltarse a la torera&quot; el Real Decreto que regula la conocida como","twitter:image":"https:\/\/www.eldigitaldeasturias.com\/noticias\/wp-content\/uploads\/2013\/10\/cabue\u00f1es.jpg","twitter:label1":"Escrito por","twitter:data1":"El Digital de Asturias","twitter:label2":"Tiempo de lectura estimado","twitter:data2":"3 minutos"},"aioseo_meta_data":{"post_id":"853576","title":null,"description":null,"keywords":null,"keyphrases":null,"primary_term":null,"canonical_url":null,"og_title":null,"og_description":null,"og_object_type":"default","og_image_type":"default","og_image_url":null,"og_image_width":null,"og_image_height":null,"og_image_custom_url":null,"og_image_custom_fields":null,"og_video":null,"og_custom_url":null,"og_article_section":null,"og_article_tags":null,"twitter_use_og":false,"twitter_card":"default","twitter_image_type":"default","twitter_image_url":null,"twitter_image_custom_url":null,"twitter_image_custom_fields":null,"twitter_title":null,"twitter_description":null,"schema":{"blockGraphs":[],"customGraphs":[],"default":{"data":{"Article":[],"Course":[],"Dataset":[],"FAQPage":[],"Movie":[],"Person":[],"Product":[],"ProductReview":[],"Car":[],"Recipe":[],"Service":[],"SoftwareApplication":[],"WebPage":[]},"graphName":"","isEnabled":true},"graphs":[],"defaultGraph":"","defaultPostTypeGraph":""},"schema_type":null,"schema_type_options":null,"pillar_content":false,"robots_default":true,"robots_noindex":false,"robots_noarchive":false,"robots_nosnippet":false,"robots_nofollow":false,"robots_noimageindex":false,"robots_noodp":false,"robots_notranslate":false,"robots_max_snippet":null,"robots_max_videopreview":null,"robots_max_imagepreview":"large","priority":null,"frequency":null,"local_seo":null,"seo_analyzer_scan_date":"2025-12-09 18:40:24","breadcrumb_settings":null,"limit_modified_date":false,"open_ai":null,"ai":null,"created":"2021-01-22 11:24:10","updated":"2025-12-09 18:40:24"},"aioseo_breadcrumb":"<div class=\"aioseo-breadcrumbs\"><span class=\"aioseo-breadcrumb\">\n\t<a href=\"https:\/\/www.eldigitaldeasturias.com\/noticias\" title=\"Home\">Home<\/a>\n<\/span><span class=\"aioseo-breadcrumb-separator\">\u2013<\/span><span class=\"aioseo-breadcrumb\">\n\t<a href=\"https:\/\/www.eldigitaldeasturias.com\/noticias\/category\/sociedad\/\" title=\"Sociedad\">Sociedad<\/a>\n<\/span><span class=\"aioseo-breadcrumb-separator\">\u2013<\/span><span class=\"aioseo-breadcrumb\">\n\t<a href=\"https:\/\/www.eldigitaldeasturias.com\/noticias\/enfermeria-estudia-denunciar-a-las-comunidades-que-animen-a-los-profesionales-a-saltarse-a-la-torera-el-real-decreto-de-prescripcion\/\" title=\"Enfermer\u00eda estudia denunciar a las Comunidades que animen a los profesionales a \u00absaltarse a la torera\u00bb el Real Decreto de prescripci\u00f3n\">Enfermer\u00eda estudia denunciar a las Comunidades que animen a los profesionales a \u00absaltarse a la torera\u00bb el Real Decreto de prescripci\u00f3n<\/a>\n<\/span><\/div>","aioseo_breadcrumb_json":[{"label":"Home","link":"https:\/\/www.eldigitaldeasturias.com\/noticias"},{"label":"Sociedad","link":"https:\/\/www.eldigitaldeasturias.com\/noticias\/category\/sociedad\/"},{"label":"Enfermer\u00eda estudia denunciar a las Comunidades que animen a los profesionales a \u00absaltarse a la torera\u00bb el Real Decreto de prescripci\u00f3n","link":"https:\/\/www.eldigitaldeasturias.com\/noticias\/enfermeria-estudia-denunciar-a-las-comunidades-que-animen-a-los-profesionales-a-saltarse-a-la-torera-el-real-decreto-de-prescripcion\/"}],"_links":{"self":[{"href":"https:\/\/www.eldigitaldeasturias.com\/noticias\/wp-json\/wp\/v2\/posts\/853576","targetHints":{"allow":["GET"]}}],"collection":[{"href":"https:\/\/www.eldigitaldeasturias.com\/noticias\/wp-json\/wp\/v2\/posts"}],"about":[{"href":"https:\/\/www.eldigitaldeasturias.com\/noticias\/wp-json\/wp\/v2\/types\/post"}],"author":[{"embeddable":true,"href":"https:\/\/www.eldigitaldeasturias.com\/noticias\/wp-json\/wp\/v2\/users\/1"}],"replies":[{"embeddable":true,"href":"https:\/\/www.eldigitaldeasturias.com\/noticias\/wp-json\/wp\/v2\/comments?post=853576"}],"version-history":[{"count":0,"href":"https:\/\/www.eldigitaldeasturias.com\/noticias\/wp-json\/wp\/v2\/posts\/853576\/revisions"}],"wp:featuredmedia":[{"embeddable":true,"href":"https:\/\/www.eldigitaldeasturias.com\/noticias\/wp-json\/wp\/v2\/media\/438770"}],"wp:attachment":[{"href":"https:\/\/www.eldigitaldeasturias.com\/noticias\/wp-json\/wp\/v2\/media?parent=853576"}],"wp:term":[{"taxonomy":"category","embeddable":true,"href":"https:\/\/www.eldigitaldeasturias.com\/noticias\/wp-json\/wp\/v2\/categories?post=853576"},{"taxonomy":"post_tag","embeddable":true,"href":"https:\/\/www.eldigitaldeasturias.com\/noticias\/wp-json\/wp\/v2\/tags?post=853576"}],"curies":[{"name":"wp","href":"https:\/\/api.w.org\/{rel}","templated":true}]}}