{"id":853572,"date":"2016-02-03T20:02:20","date_gmt":"2016-02-03T20:02:20","guid":{"rendered":"http:\/\/www.eldigitaldeasturias.com\/noticias\/?p=853572"},"modified":"2016-02-03T20:02:20","modified_gmt":"2016-02-03T20:02:20","slug":"un-tercio-de-los-graduados-universitarios-asturianos-esta-sobrecualificado-para-su-puesto-de-trabajo","status":"publish","type":"post","link":"https:\/\/www.eldigitaldeasturias.com\/noticias\/un-tercio-de-los-graduados-universitarios-asturianos-esta-sobrecualificado-para-su-puesto-de-trabajo\/","title":{"rendered":"Un tercio de los graduados universitarios asturianos est\u00e1 sobrecualificado para su puesto de trabajo"},"content":{"rendered":"<p><img loading=\"lazy\" decoding=\"async\" class=\"alignleft size-medium wp-image-853573\" src=\"https:\/\/www.eldigitaldeasturias.com\/noticias\/wp-content\/uploads\/2016\/02\/fotonoticia_20160203165438_800-360x240.jpg\" alt=\"fotonoticia_20160203165438_800\" width=\"360\" height=\"240\" srcset=\"https:\/\/www.eldigitaldeasturias.com\/noticias\/wp-content\/uploads\/2016\/02\/fotonoticia_20160203165438_800-360x240.jpg 360w, https:\/\/www.eldigitaldeasturias.com\/noticias\/wp-content\/uploads\/2016\/02\/fotonoticia_20160203165438_800-768x512.jpg 768w, https:\/\/www.eldigitaldeasturias.com\/noticias\/wp-content\/uploads\/2016\/02\/fotonoticia_20160203165438_800-650x433.jpg 650w, https:\/\/www.eldigitaldeasturias.com\/noticias\/wp-content\/uploads\/2016\/02\/fotonoticia_20160203165438_800-84x55.jpg 84w, https:\/\/www.eldigitaldeasturias.com\/noticias\/wp-content\/uploads\/2016\/02\/fotonoticia_20160203165438_800-49x32.jpg 49w, https:\/\/www.eldigitaldeasturias.com\/noticias\/wp-content\/uploads\/2016\/02\/fotonoticia_20160203165438_800.jpg 800w\" sizes=\"auto, (max-width: 360px) 100vw, 360px\" \/>El 29,9 por ciento de la poblaci\u00f3n asturiana con estudios superiores universitarios contratados est\u00e1 sobrecualificada para el puesto de trabajo que ocupa, seg\u00fan recoge el informe &#8216;Las universidades espa\u00f1olas. Una perspectiva auton\u00f3mica. 2015&#8217; de la Fundaci\u00f3n CYD (Conocimiento y Desarrollo).<\/p>\n<p>A nivel nacional ese porcentaje es del 33 por ciento y, por comunidades, Madrid (33,4 por ciento), Asturias (33,5), Comunidad Valenciana (33,6), Extremadura (34,4), Murcia (34,8), Galicia (34,9), Baleares (35,5) Andaluc\u00eda (35,6), Cantabria (35,8), Pa\u00eds Vasco (36,8), Canarias (37,7), Arag\u00f3n (39,8), La Rioja (39,8) y Castilla y Le\u00f3n (44,7), son las que tienen las mayores tasas de \u00absobreeducaci\u00f3n\u00bb, esto es, contratos de trabajo firmados con graduados universitarios para desempe\u00f1ar tareas que no eran de alta cualificaci\u00f3n.<\/p>\n<p>Por el contrario, las que presentan mayores tasas de graduados con trabajos adecuados a su cualificaci\u00f3n son Navarra, con el 74,8 por ciento; Catalu\u00f1a, con el 73,6 por ciento; y Castilla-La Mancha, con el 67,3 por ciento, seg\u00fan la estad\u00edstica correspondiente a 2014.<\/p>\n<p>En Espa\u00f1a, un 27,6 por ciento de la poblaci\u00f3n tienen estudios superiores. En concreto, las comunidades \u00abm\u00e1s formadas\u00bb &#8211;con una mayor proporci\u00f3n de titulados en educaci\u00f3n superior&#8211; son Madrid, con un 39 por ciento; el Pa\u00eds Vasco, con un 36,6 por ciento; Navarra, con un 33,7 por ciento; La Rioja, con un 30 por ciento; Asturias, con el 29,9 por ciento; Cantabria, con un 29,8 por ciento; Catalu\u00f1a, con el 29 por ciento; y Arag\u00f3n, con el 27,7 por ciento. En los \u00faltimos puestos, Murcia (21,9 por ciento), Castilla-La Mancha (21,2) y Extremadura (20,1) son las comunidades con menor poblaci\u00f3n con estudios superiores.<\/p>\n<p>La tasa de rendimiento de los matriculados en grado universitario, que era del 79 por ciento en el conjunto de las universidades presenciales, iba desde el 86 por ciento de Navarra al 70 por ciento en Canarias; mientras que la tasa de abandono, que se situaba en un 16,2 por ciento en el total de Espa\u00f1a, presentaba una oscilaci\u00f3n entre su m\u00e1ximo, del 23,2 por ciento en Baleares; y el m\u00ednimo, del 12,5 por ciento en Extremadura.<\/p>\n<p>Otro de los datos que trata el estudio es la formaci\u00f3n permanente entre la poblaci\u00f3n con edades de entre 25 a 64 a\u00f1os. En Espa\u00f1a, un 9,8 de la poblaci\u00f3n adulta cursaba estudios &#8211;tanto de educaci\u00f3n reglada con t\u00edtulo oficial, o aquellas que no tienen reconocimiento oficial&#8211; en 2014. Del total del territorio, en el Pa\u00eds Vasco, Madrid, Comunidad Valenciana y Navarra, el porcentaje superaba el 11 por ciento; frente a Catalu\u00f1a y Baleares, que se situaba por debajo de la media, en el 8 por ciento.<\/p>\n<p>\u00bfD\u00d3NDE CUESTA MENOS ESTUDIAR?<\/p>\n<p>Los precios de primera matr\u00edcula en universidades p\u00fablicas espa\u00f1olas var\u00eda entre los 3.000 y los 8.000 euros seg\u00fan las comunidades aut\u00f3nomas. As\u00ed, los estudiantes que pagan menos por matricularse en un grado son los gallegos, a quienes la matr\u00edcula les cuesta 2.856 euros; seguidos de los andaluces, que pagan un total de 3.024 euros; los c\u00e1ntabros, que destinan 3.240 euros a la matr\u00edcula; y los extreme\u00f1os, que pagan 3.528 euros.<\/p>\n<p>Las comunidades en las cuesta m\u00e1s caro estudiar son Catalu\u00f1a, donde los universitarios pagan 8.040 euros por la primera matr\u00edcula; Madrid, donde pagan 7.272 euros; Castilla y Le\u00f3n, donde el precio de la matr\u00edcula asciende a 5.592 euros; la Comunidad Valenciana, con 4.896 euros; y Arag\u00f3n, donde estudiar cuesta 4.824 euros.<\/p>\n<p>LA TASA DE PARO ENTRE LOS GRADUADOS SUPERIORES<\/p>\n<p>La tasa de poblaci\u00f3n activa &#8211;aquellos que trabajan en un empleo remunerado o se encuentran en b\u00fasqueda de empleo&#8211; con estudios superiores, en el total de Espa\u00f1a, es del 81,6 por ciento. De este porcentaje, un 69 por ciento tienen un empleo.<\/p>\n<p>En concreto, las regiones que tienen un mayor n\u00famero de poblaci\u00f3n con estudios superiores empleada son Navarra (75,9 por ciento), Catalu\u00f1a (75,6 por ciento), Madrid (74,5 por ciento), La Rioja (73,1 por ciento), Arag\u00f3n (72,7 por ciento), Baleares (72,3 por ciento) y Pa\u00eds Vasco (71,9 por ciento).<\/p>\n<p>El estudio apunta que la tasa de paro de la poblaci\u00f3n con estudios superiores en 2014 era del 14,3 por ciento, con comunidades, como Canarias y Andaluc\u00eda, en las que se superaba el 20 por ciento; frente a Baleares, Madrid y Navarra, donde la tasa oscilaba entre el 8 y el 10 por ciento.<\/p>\n<p>En relaci\u00f3n al a\u00f1o 2013, Madrid (3,15 puntos menos), Castilla y Le\u00f3n (2,83 puntos menos) y Baleares (2,60 puntos menos) presentaban en 2014 un descenso de los graduados universitarios en situaci\u00f3n de desempleo. Sin embargo, Asturias y Canarias fueron las \u00fanicas comunidades donde el n\u00famero de parados aument\u00f3 en 1,60 puntos y 0,68 puntos, respectivamente.<\/p>\n","protected":false},"excerpt":{"rendered":"<p>El 29,9 por ciento de la poblaci\u00f3n asturiana con estudios superiores universitarios contratados est\u00e1 sobrecualificada para el puesto de trabajo que ocupa, seg\u00fan recoge el informe &#8216;Las universidades espa\u00f1olas. Una perspectiva auton\u00f3mica. 2015&#8217; de la Fundaci\u00f3n CYD (Conocimiento y Desarrollo). A nivel nacional ese porcentaje es del 33 por ciento y, por comunidades, Madrid (33,4 [&hellip;]<\/p>\n","protected":false},"author":1,"featured_media":853573,"comment_status":"closed","ping_status":"closed","sticky":false,"template":"","format":"standard","meta":{"footnotes":""},"categories":[12],"tags":[],"class_list":["post-853572","post","type-post","status-publish","format-standard","has-post-thumbnail","hentry","category-actualidad-asturias"],"aioseo_notices":[],"aioseo_head":"\n\t\t<!-- All in One SEO Pro 4.9.6.2 - aioseo.com -->\n\t<meta name=\"description\" content=\"El 29,9 por ciento de la poblaci\u00f3n asturiana con estudios superiores universitarios contratados est\u00e1 sobrecualificada para el puesto de trabajo que ocupa, seg\u00fan recoge el informe &#039;Las universidades espa\u00f1olas. Una perspectiva auton\u00f3mica. 2015&#039; de la Fundaci\u00f3n CYD (Conocimiento y Desarrollo). A nivel nacional ese porcentaje es del 33 por ciento y, por comunidades, Madrid (33,4\" \/>\n\t<meta name=\"robots\" content=\"max-image-preview:large\" \/>\n\t<meta name=\"author\" content=\"El Digital de Asturias\"\/>\n\t<meta name=\"google-site-verification\" content=\"UA-38556648-1\" \/>\n\t<meta name=\"msvalidate.01\" content=\"7dfe9f3f1b24437ab69f4f2559babe99\" \/>\n\t<meta name=\"keywords\" content=\"actualidad asturias\" \/>\n\t<link rel=\"canonical\" href=\"https:\/\/www.eldigitaldeasturias.com\/noticias\/un-tercio-de-los-graduados-universitarios-asturianos-esta-sobrecualificado-para-su-puesto-de-trabajo\/\" \/>\n\t<meta name=\"generator\" content=\"All in One SEO Pro (AIOSEO) 4.9.6.2\" \/>\n\t\t<meta property=\"og:locale\" content=\"es_ES\" \/>\n\t\t<meta property=\"og:site_name\" content=\"El Digital de Asturias\" \/>\n\t\t<meta property=\"og:type\" content=\"article\" \/>\n\t\t<meta property=\"og:title\" content=\"Un tercio de los graduados universitarios asturianos est\u00e1 sobrecualificado para su puesto de trabajo - El Digital de Asturias\" \/>\n\t\t<meta property=\"og:description\" content=\"El 29,9 por ciento de la poblaci\u00f3n asturiana con estudios superiores universitarios contratados est\u00e1 sobrecualificada para el puesto de trabajo que ocupa, seg\u00fan recoge el informe &#039;Las universidades espa\u00f1olas. Una perspectiva auton\u00f3mica. 2015&#039; de la Fundaci\u00f3n CYD (Conocimiento y Desarrollo). A nivel nacional ese porcentaje es del 33 por ciento y, por comunidades, Madrid (33,4\" \/>\n\t\t<meta property=\"og:url\" content=\"https:\/\/www.eldigitaldeasturias.com\/noticias\/un-tercio-de-los-graduados-universitarios-asturianos-esta-sobrecualificado-para-su-puesto-de-trabajo\/\" \/>\n\t\t<meta property=\"og:image\" content=\"https:\/\/www.eldigitaldeasturias.com\/noticias\/wp-content\/uploads\/2016\/02\/fotonoticia_20160203165438_800.jpg\" \/>\n\t\t<meta property=\"og:image:secure_url\" content=\"https:\/\/www.eldigitaldeasturias.com\/noticias\/wp-content\/uploads\/2016\/02\/fotonoticia_20160203165438_800.jpg\" \/>\n\t\t<meta property=\"og:image:width\" content=\"800\" \/>\n\t\t<meta property=\"og:image:height\" content=\"533\" \/>\n\t\t<meta property=\"article:tag\" content=\"actualidad asturias\" \/>\n\t\t<meta property=\"article:published_time\" content=\"2016-02-03T20:02:20+00:00\" \/>\n\t\t<meta property=\"article:modified_time\" content=\"2016-02-03T20:02:20+00:00\" \/>\n\t\t<meta property=\"article:publisher\" content=\"https:\/\/facebook.com\/eldigitaldeasturias\" \/>\n\t\t<meta name=\"twitter:card\" content=\"summary_large_image\" \/>\n\t\t<meta name=\"twitter:title\" content=\"Un tercio de los graduados universitarios asturianos est\u00e1 sobrecualificado para su puesto de trabajo - El Digital de Asturias\" \/>\n\t\t<meta name=\"twitter:description\" content=\"El 29,9 por ciento de la poblaci\u00f3n asturiana con estudios superiores universitarios contratados est\u00e1 sobrecualificada para el puesto de trabajo que ocupa, seg\u00fan recoge el informe &#039;Las universidades espa\u00f1olas. Una perspectiva auton\u00f3mica. 2015&#039; de la Fundaci\u00f3n CYD (Conocimiento y Desarrollo). A nivel nacional ese porcentaje es del 33 por ciento y, por comunidades, Madrid (33,4\" \/>\n\t\t<meta name=\"twitter:image\" content=\"https:\/\/www.eldigitaldeasturias.com\/noticias\/wp-content\/uploads\/2016\/02\/fotonoticia_20160203165438_800.jpg\" \/>\n\t\t<meta name=\"twitter:label1\" content=\"Escrito por\" \/>\n\t\t<meta name=\"twitter:data1\" content=\"El Digital de Asturias\" \/>\n\t\t<meta name=\"twitter:label2\" content=\"Tiempo de lectura estimado\" \/>\n\t\t<meta name=\"twitter:data2\" content=\"4 minutos\" \/>\n\t\t<script type=\"application\/ld+json\" class=\"aioseo-schema\">\n\t\t\t{\"@context\":\"https:\\\/\\\/schema.org\",\"@graph\":[{\"@type\":\"BlogPosting\",\"@id\":\"https:\\\/\\\/www.eldigitaldeasturias.com\\\/noticias\\\/un-tercio-de-los-graduados-universitarios-asturianos-esta-sobrecualificado-para-su-puesto-de-trabajo\\\/#blogposting\",\"name\":\"Un tercio de los graduados universitarios asturianos est\\u00e1 sobrecualificado para su puesto de trabajo - El Digital de Asturias\",\"headline\":\"Un tercio de los graduados universitarios asturianos est\\u00e1 sobrecualificado para su puesto de trabajo\",\"author\":{\"@id\":\"https:\\\/\\\/www.eldigitaldeasturias.com\\\/noticias\\\/author\\\/admin\\\/#author\"},\"publisher\":{\"@id\":\"https:\\\/\\\/www.eldigitaldeasturias.com\\\/noticias\\\/#organization\"},\"image\":{\"@type\":\"ImageObject\",\"url\":\"https:\\\/\\\/www.eldigitaldeasturias.com\\\/noticias\\\/wp-content\\\/uploads\\\/2016\\\/02\\\/fotonoticia_20160203165438_800.jpg\",\"width\":800,\"height\":533},\"datePublished\":\"2016-02-03T20:02:20+01:00\",\"dateModified\":\"2016-02-03T20:02:20+01:00\",\"inLanguage\":\"es-ES\",\"mainEntityOfPage\":{\"@id\":\"https:\\\/\\\/www.eldigitaldeasturias.com\\\/noticias\\\/un-tercio-de-los-graduados-universitarios-asturianos-esta-sobrecualificado-para-su-puesto-de-trabajo\\\/#webpage\"},\"isPartOf\":{\"@id\":\"https:\\\/\\\/www.eldigitaldeasturias.com\\\/noticias\\\/un-tercio-de-los-graduados-universitarios-asturianos-esta-sobrecualificado-para-su-puesto-de-trabajo\\\/#webpage\"},\"articleSection\":\"Actualidad Asturias\"},{\"@type\":\"BreadcrumbList\",\"@id\":\"https:\\\/\\\/www.eldigitaldeasturias.com\\\/noticias\\\/un-tercio-de-los-graduados-universitarios-asturianos-esta-sobrecualificado-para-su-puesto-de-trabajo\\\/#breadcrumblist\",\"itemListElement\":[{\"@type\":\"ListItem\",\"@id\":\"https:\\\/\\\/www.eldigitaldeasturias.com\\\/noticias#listItem\",\"position\":1,\"name\":\"Home\",\"item\":\"https:\\\/\\\/www.eldigitaldeasturias.com\\\/noticias\",\"nextItem\":{\"@type\":\"ListItem\",\"@id\":\"https:\\\/\\\/www.eldigitaldeasturias.com\\\/noticias\\\/category\\\/actualidad-asturias\\\/#listItem\",\"name\":\"Actualidad Asturias\"}},{\"@type\":\"ListItem\",\"@id\":\"https:\\\/\\\/www.eldigitaldeasturias.com\\\/noticias\\\/category\\\/actualidad-asturias\\\/#listItem\",\"position\":2,\"name\":\"Actualidad Asturias\",\"item\":\"https:\\\/\\\/www.eldigitaldeasturias.com\\\/noticias\\\/category\\\/actualidad-asturias\\\/\",\"nextItem\":{\"@type\":\"ListItem\",\"@id\":\"https:\\\/\\\/www.eldigitaldeasturias.com\\\/noticias\\\/un-tercio-de-los-graduados-universitarios-asturianos-esta-sobrecualificado-para-su-puesto-de-trabajo\\\/#listItem\",\"name\":\"Un tercio de los graduados universitarios asturianos est\\u00e1 sobrecualificado para su puesto de trabajo\"},\"previousItem\":{\"@type\":\"ListItem\",\"@id\":\"https:\\\/\\\/www.eldigitaldeasturias.com\\\/noticias#listItem\",\"name\":\"Home\"}},{\"@type\":\"ListItem\",\"@id\":\"https:\\\/\\\/www.eldigitaldeasturias.com\\\/noticias\\\/un-tercio-de-los-graduados-universitarios-asturianos-esta-sobrecualificado-para-su-puesto-de-trabajo\\\/#listItem\",\"position\":3,\"name\":\"Un tercio de los graduados universitarios asturianos est\\u00e1 sobrecualificado para su puesto de trabajo\",\"previousItem\":{\"@type\":\"ListItem\",\"@id\":\"https:\\\/\\\/www.eldigitaldeasturias.com\\\/noticias\\\/category\\\/actualidad-asturias\\\/#listItem\",\"name\":\"Actualidad Asturias\"}}]},{\"@type\":\"Organization\",\"@id\":\"https:\\\/\\\/www.eldigitaldeasturias.com\\\/noticias\\\/#organization\",\"name\":\"El Digital de Asturias\",\"description\":\"Hemeroteca\",\"url\":\"https:\\\/\\\/www.eldigitaldeasturias.com\\\/noticias\\\/\",\"email\":\"info@eldigitaldeasturias.com\",\"telephone\":\"+34652131393\",\"logo\":{\"@type\":\"ImageObject\",\"url\":\"https:\\\/\\\/www.eldigitaldeasturias.com\\\/noticias\\\/wp-content\\\/uploads\\\/2020\\\/12\\\/EDA.jpg\",\"@id\":\"https:\\\/\\\/www.eldigitaldeasturias.com\\\/noticias\\\/un-tercio-de-los-graduados-universitarios-asturianos-esta-sobrecualificado-para-su-puesto-de-trabajo\\\/#organizationLogo\",\"width\":649,\"height\":297},\"image\":{\"@id\":\"https:\\\/\\\/www.eldigitaldeasturias.com\\\/noticias\\\/un-tercio-de-los-graduados-universitarios-asturianos-esta-sobrecualificado-para-su-puesto-de-trabajo\\\/#organizationLogo\"},\"sameAs\":[\"https:\\\/\\\/facebook.com\\\/eldigitaldeasturias\",\"https:\\\/\\\/www.youtube.com\\\/channel\\\/UCZP-2wLEB9Rv6erhFmqVnvg\"],\"address\":{\"@id\":\"https:\\\/\\\/www.eldigitaldeasturias.com\\\/noticias\\\/#postaladdress\",\"@type\":\"PostalAddress\",\"streetAddress\":\"san antonio 4,\",\"postalCode\":\"33430\",\"addressLocality\":\"Cand\\u00e1s\",\"addressRegion\":\"Asturias\",\"addressCountry\":\"ES\"}},{\"@type\":\"Person\",\"@id\":\"https:\\\/\\\/www.eldigitaldeasturias.com\\\/noticias\\\/author\\\/admin\\\/#author\",\"url\":\"https:\\\/\\\/www.eldigitaldeasturias.com\\\/noticias\\\/author\\\/admin\\\/\",\"name\":\"El Digital de Asturias\",\"image\":{\"@type\":\"ImageObject\",\"@id\":\"https:\\\/\\\/www.eldigitaldeasturias.com\\\/noticias\\\/un-tercio-de-los-graduados-universitarios-asturianos-esta-sobrecualificado-para-su-puesto-de-trabajo\\\/#authorImage\",\"url\":\"https:\\\/\\\/www.eldigitaldeasturias.com\\\/noticias\\\/wp-content\\\/litespeed\\\/avatar\\\/18677e78aa0546b92d9dbf31ec7d7668.jpg?ver=1777290358\",\"width\":96,\"height\":96,\"caption\":\"El Digital de Asturias\"}},{\"@type\":\"WebPage\",\"@id\":\"https:\\\/\\\/www.eldigitaldeasturias.com\\\/noticias\\\/un-tercio-de-los-graduados-universitarios-asturianos-esta-sobrecualificado-para-su-puesto-de-trabajo\\\/#webpage\",\"url\":\"https:\\\/\\\/www.eldigitaldeasturias.com\\\/noticias\\\/un-tercio-de-los-graduados-universitarios-asturianos-esta-sobrecualificado-para-su-puesto-de-trabajo\\\/\",\"name\":\"Un tercio de los graduados universitarios asturianos est\\u00e1 sobrecualificado para su puesto de trabajo - El Digital de Asturias\",\"description\":\"El 29,9 por ciento de la poblaci\\u00f3n asturiana con estudios superiores universitarios contratados est\\u00e1 sobrecualificada para el puesto de trabajo que ocupa, seg\\u00fan recoge el informe 'Las universidades espa\\u00f1olas. Una perspectiva auton\\u00f3mica. 2015' de la Fundaci\\u00f3n CYD (Conocimiento y Desarrollo). A nivel nacional ese porcentaje es del 33 por ciento y, por comunidades, Madrid (33,4\",\"inLanguage\":\"es-ES\",\"isPartOf\":{\"@id\":\"https:\\\/\\\/www.eldigitaldeasturias.com\\\/noticias\\\/#website\"},\"breadcrumb\":{\"@id\":\"https:\\\/\\\/www.eldigitaldeasturias.com\\\/noticias\\\/un-tercio-de-los-graduados-universitarios-asturianos-esta-sobrecualificado-para-su-puesto-de-trabajo\\\/#breadcrumblist\"},\"author\":{\"@id\":\"https:\\\/\\\/www.eldigitaldeasturias.com\\\/noticias\\\/author\\\/admin\\\/#author\"},\"creator\":{\"@id\":\"https:\\\/\\\/www.eldigitaldeasturias.com\\\/noticias\\\/author\\\/admin\\\/#author\"},\"image\":{\"@type\":\"ImageObject\",\"url\":\"https:\\\/\\\/www.eldigitaldeasturias.com\\\/noticias\\\/wp-content\\\/uploads\\\/2016\\\/02\\\/fotonoticia_20160203165438_800.jpg\",\"@id\":\"https:\\\/\\\/www.eldigitaldeasturias.com\\\/noticias\\\/un-tercio-de-los-graduados-universitarios-asturianos-esta-sobrecualificado-para-su-puesto-de-trabajo\\\/#mainImage\",\"width\":800,\"height\":533},\"primaryImageOfPage\":{\"@id\":\"https:\\\/\\\/www.eldigitaldeasturias.com\\\/noticias\\\/un-tercio-de-los-graduados-universitarios-asturianos-esta-sobrecualificado-para-su-puesto-de-trabajo\\\/#mainImage\"},\"datePublished\":\"2016-02-03T20:02:20+01:00\",\"dateModified\":\"2016-02-03T20:02:20+01:00\"},{\"@type\":\"WebSite\",\"@id\":\"https:\\\/\\\/www.eldigitaldeasturias.com\\\/noticias\\\/#website\",\"url\":\"https:\\\/\\\/www.eldigitaldeasturias.com\\\/noticias\\\/\",\"name\":\"El Digital de Asturias - Diario de actualidad y noticias\",\"alternateName\":\"El Digital de Asturias - Diario de actualidad y noticias\",\"description\":\"Hemeroteca\",\"inLanguage\":\"es-ES\",\"publisher\":{\"@id\":\"https:\\\/\\\/www.eldigitaldeasturias.com\\\/noticias\\\/#organization\"}}]}\n\t\t<\/script>\n\t\t<!-- All in One SEO Pro -->\r\n\t\t<title>Un tercio de los graduados universitarios asturianos est\u00e1 sobrecualificado para su puesto de trabajo - El Digital de Asturias<\/title>\n\n","aioseo_head_json":{"title":"Un tercio de los graduados universitarios asturianos est\u00e1 sobrecualificado para su puesto de trabajo - El Digital de Asturias","description":"El 29,9 por ciento de la poblaci\u00f3n asturiana con estudios superiores universitarios contratados est\u00e1 sobrecualificada para el puesto de trabajo que ocupa, seg\u00fan recoge el informe 'Las universidades espa\u00f1olas. Una perspectiva auton\u00f3mica. 2015' de la Fundaci\u00f3n CYD (Conocimiento y Desarrollo). A nivel nacional ese porcentaje es del 33 por ciento y, por comunidades, Madrid (33,4","canonical_url":"https:\/\/www.eldigitaldeasturias.com\/noticias\/un-tercio-de-los-graduados-universitarios-asturianos-esta-sobrecualificado-para-su-puesto-de-trabajo\/","robots":"max-image-preview:large","keywords":"actualidad asturias","webmasterTools":{"google-site-verification":"UA-38556648-1","msvalidate.01":"7dfe9f3f1b24437ab69f4f2559babe99","miscellaneous":""},"schema":{"@context":"https:\/\/schema.org","@graph":[{"@type":"BlogPosting","@id":"https:\/\/www.eldigitaldeasturias.com\/noticias\/un-tercio-de-los-graduados-universitarios-asturianos-esta-sobrecualificado-para-su-puesto-de-trabajo\/#blogposting","name":"Un tercio de los graduados universitarios asturianos est\u00e1 sobrecualificado para su puesto de trabajo - El Digital de Asturias","headline":"Un tercio de los graduados universitarios asturianos est\u00e1 sobrecualificado para su puesto de trabajo","author":{"@id":"https:\/\/www.eldigitaldeasturias.com\/noticias\/author\/admin\/#author"},"publisher":{"@id":"https:\/\/www.eldigitaldeasturias.com\/noticias\/#organization"},"image":{"@type":"ImageObject","url":"https:\/\/www.eldigitaldeasturias.com\/noticias\/wp-content\/uploads\/2016\/02\/fotonoticia_20160203165438_800.jpg","width":800,"height":533},"datePublished":"2016-02-03T20:02:20+01:00","dateModified":"2016-02-03T20:02:20+01:00","inLanguage":"es-ES","mainEntityOfPage":{"@id":"https:\/\/www.eldigitaldeasturias.com\/noticias\/un-tercio-de-los-graduados-universitarios-asturianos-esta-sobrecualificado-para-su-puesto-de-trabajo\/#webpage"},"isPartOf":{"@id":"https:\/\/www.eldigitaldeasturias.com\/noticias\/un-tercio-de-los-graduados-universitarios-asturianos-esta-sobrecualificado-para-su-puesto-de-trabajo\/#webpage"},"articleSection":"Actualidad Asturias"},{"@type":"BreadcrumbList","@id":"https:\/\/www.eldigitaldeasturias.com\/noticias\/un-tercio-de-los-graduados-universitarios-asturianos-esta-sobrecualificado-para-su-puesto-de-trabajo\/#breadcrumblist","itemListElement":[{"@type":"ListItem","@id":"https:\/\/www.eldigitaldeasturias.com\/noticias#listItem","position":1,"name":"Home","item":"https:\/\/www.eldigitaldeasturias.com\/noticias","nextItem":{"@type":"ListItem","@id":"https:\/\/www.eldigitaldeasturias.com\/noticias\/category\/actualidad-asturias\/#listItem","name":"Actualidad Asturias"}},{"@type":"ListItem","@id":"https:\/\/www.eldigitaldeasturias.com\/noticias\/category\/actualidad-asturias\/#listItem","position":2,"name":"Actualidad Asturias","item":"https:\/\/www.eldigitaldeasturias.com\/noticias\/category\/actualidad-asturias\/","nextItem":{"@type":"ListItem","@id":"https:\/\/www.eldigitaldeasturias.com\/noticias\/un-tercio-de-los-graduados-universitarios-asturianos-esta-sobrecualificado-para-su-puesto-de-trabajo\/#listItem","name":"Un tercio de los graduados universitarios asturianos est\u00e1 sobrecualificado para su puesto de trabajo"},"previousItem":{"@type":"ListItem","@id":"https:\/\/www.eldigitaldeasturias.com\/noticias#listItem","name":"Home"}},{"@type":"ListItem","@id":"https:\/\/www.eldigitaldeasturias.com\/noticias\/un-tercio-de-los-graduados-universitarios-asturianos-esta-sobrecualificado-para-su-puesto-de-trabajo\/#listItem","position":3,"name":"Un tercio de los graduados universitarios asturianos est\u00e1 sobrecualificado para su puesto de trabajo","previousItem":{"@type":"ListItem","@id":"https:\/\/www.eldigitaldeasturias.com\/noticias\/category\/actualidad-asturias\/#listItem","name":"Actualidad Asturias"}}]},{"@type":"Organization","@id":"https:\/\/www.eldigitaldeasturias.com\/noticias\/#organization","name":"El Digital de Asturias","description":"Hemeroteca","url":"https:\/\/www.eldigitaldeasturias.com\/noticias\/","email":"info@eldigitaldeasturias.com","telephone":"+34652131393","logo":{"@type":"ImageObject","url":"https:\/\/www.eldigitaldeasturias.com\/noticias\/wp-content\/uploads\/2020\/12\/EDA.jpg","@id":"https:\/\/www.eldigitaldeasturias.com\/noticias\/un-tercio-de-los-graduados-universitarios-asturianos-esta-sobrecualificado-para-su-puesto-de-trabajo\/#organizationLogo","width":649,"height":297},"image":{"@id":"https:\/\/www.eldigitaldeasturias.com\/noticias\/un-tercio-de-los-graduados-universitarios-asturianos-esta-sobrecualificado-para-su-puesto-de-trabajo\/#organizationLogo"},"sameAs":["https:\/\/facebook.com\/eldigitaldeasturias","https:\/\/www.youtube.com\/channel\/UCZP-2wLEB9Rv6erhFmqVnvg"],"address":{"@id":"https:\/\/www.eldigitaldeasturias.com\/noticias\/#postaladdress","@type":"PostalAddress","streetAddress":"san antonio 4,","postalCode":"33430","addressLocality":"Cand\u00e1s","addressRegion":"Asturias","addressCountry":"ES"}},{"@type":"Person","@id":"https:\/\/www.eldigitaldeasturias.com\/noticias\/author\/admin\/#author","url":"https:\/\/www.eldigitaldeasturias.com\/noticias\/author\/admin\/","name":"El Digital de Asturias","image":{"@type":"ImageObject","@id":"https:\/\/www.eldigitaldeasturias.com\/noticias\/un-tercio-de-los-graduados-universitarios-asturianos-esta-sobrecualificado-para-su-puesto-de-trabajo\/#authorImage","url":"https:\/\/www.eldigitaldeasturias.com\/noticias\/wp-content\/litespeed\/avatar\/18677e78aa0546b92d9dbf31ec7d7668.jpg?ver=1777290358","width":96,"height":96,"caption":"El Digital de Asturias"}},{"@type":"WebPage","@id":"https:\/\/www.eldigitaldeasturias.com\/noticias\/un-tercio-de-los-graduados-universitarios-asturianos-esta-sobrecualificado-para-su-puesto-de-trabajo\/#webpage","url":"https:\/\/www.eldigitaldeasturias.com\/noticias\/un-tercio-de-los-graduados-universitarios-asturianos-esta-sobrecualificado-para-su-puesto-de-trabajo\/","name":"Un tercio de los graduados universitarios asturianos est\u00e1 sobrecualificado para su puesto de trabajo - El Digital de Asturias","description":"El 29,9 por ciento de la poblaci\u00f3n asturiana con estudios superiores universitarios contratados est\u00e1 sobrecualificada para el puesto de trabajo que ocupa, seg\u00fan recoge el informe 'Las universidades espa\u00f1olas. Una perspectiva auton\u00f3mica. 2015' de la Fundaci\u00f3n CYD (Conocimiento y Desarrollo). A nivel nacional ese porcentaje es del 33 por ciento y, por comunidades, Madrid (33,4","inLanguage":"es-ES","isPartOf":{"@id":"https:\/\/www.eldigitaldeasturias.com\/noticias\/#website"},"breadcrumb":{"@id":"https:\/\/www.eldigitaldeasturias.com\/noticias\/un-tercio-de-los-graduados-universitarios-asturianos-esta-sobrecualificado-para-su-puesto-de-trabajo\/#breadcrumblist"},"author":{"@id":"https:\/\/www.eldigitaldeasturias.com\/noticias\/author\/admin\/#author"},"creator":{"@id":"https:\/\/www.eldigitaldeasturias.com\/noticias\/author\/admin\/#author"},"image":{"@type":"ImageObject","url":"https:\/\/www.eldigitaldeasturias.com\/noticias\/wp-content\/uploads\/2016\/02\/fotonoticia_20160203165438_800.jpg","@id":"https:\/\/www.eldigitaldeasturias.com\/noticias\/un-tercio-de-los-graduados-universitarios-asturianos-esta-sobrecualificado-para-su-puesto-de-trabajo\/#mainImage","width":800,"height":533},"primaryImageOfPage":{"@id":"https:\/\/www.eldigitaldeasturias.com\/noticias\/un-tercio-de-los-graduados-universitarios-asturianos-esta-sobrecualificado-para-su-puesto-de-trabajo\/#mainImage"},"datePublished":"2016-02-03T20:02:20+01:00","dateModified":"2016-02-03T20:02:20+01:00"},{"@type":"WebSite","@id":"https:\/\/www.eldigitaldeasturias.com\/noticias\/#website","url":"https:\/\/www.eldigitaldeasturias.com\/noticias\/","name":"El Digital de Asturias - Diario de actualidad y noticias","alternateName":"El Digital de Asturias - Diario de actualidad y noticias","description":"Hemeroteca","inLanguage":"es-ES","publisher":{"@id":"https:\/\/www.eldigitaldeasturias.com\/noticias\/#organization"}}]},"og:locale":"es_ES","og:site_name":"El Digital de Asturias","og:type":"article","og:title":"Un tercio de los graduados universitarios asturianos est\u00e1 sobrecualificado para su puesto de trabajo - El Digital de Asturias","og:description":"El 29,9 por ciento de la poblaci\u00f3n asturiana con estudios superiores universitarios contratados est\u00e1 sobrecualificada para el puesto de trabajo que ocupa, seg\u00fan recoge el informe 'Las universidades espa\u00f1olas. Una perspectiva auton\u00f3mica. 2015' de la Fundaci\u00f3n CYD (Conocimiento y Desarrollo). A nivel nacional ese porcentaje es del 33 por ciento y, por comunidades, Madrid (33,4","og:url":"https:\/\/www.eldigitaldeasturias.com\/noticias\/un-tercio-de-los-graduados-universitarios-asturianos-esta-sobrecualificado-para-su-puesto-de-trabajo\/","og:image":"https:\/\/www.eldigitaldeasturias.com\/noticias\/wp-content\/uploads\/2016\/02\/fotonoticia_20160203165438_800.jpg","og:image:secure_url":"https:\/\/www.eldigitaldeasturias.com\/noticias\/wp-content\/uploads\/2016\/02\/fotonoticia_20160203165438_800.jpg","og:image:width":800,"og:image:height":533,"article:tag":["actualidad asturias"],"article:published_time":"2016-02-03T20:02:20+00:00","article:modified_time":"2016-02-03T20:02:20+00:00","article:publisher":"https:\/\/facebook.com\/eldigitaldeasturias","twitter:card":"summary_large_image","twitter:title":"Un tercio de los graduados universitarios asturianos est\u00e1 sobrecualificado para su puesto de trabajo - El Digital de Asturias","twitter:description":"El 29,9 por ciento de la poblaci\u00f3n asturiana con estudios superiores universitarios contratados est\u00e1 sobrecualificada para el puesto de trabajo que ocupa, seg\u00fan recoge el informe 'Las universidades espa\u00f1olas. Una perspectiva auton\u00f3mica. 2015' de la Fundaci\u00f3n CYD (Conocimiento y Desarrollo). A nivel nacional ese porcentaje es del 33 por ciento y, por comunidades, Madrid (33,4","twitter:image":"https:\/\/www.eldigitaldeasturias.com\/noticias\/wp-content\/uploads\/2016\/02\/fotonoticia_20160203165438_800.jpg","twitter:label1":"Escrito por","twitter:data1":"El Digital de Asturias","twitter:label2":"Tiempo de lectura estimado","twitter:data2":"4 minutos"},"aioseo_meta_data":{"post_id":"853572","title":null,"description":null,"keywords":null,"keyphrases":null,"primary_term":null,"canonical_url":null,"og_title":null,"og_description":null,"og_object_type":"default","og_image_type":"default","og_image_url":null,"og_image_width":null,"og_image_height":null,"og_image_custom_url":null,"og_image_custom_fields":null,"og_video":null,"og_custom_url":null,"og_article_section":null,"og_article_tags":null,"twitter_use_og":false,"twitter_card":"default","twitter_image_type":"default","twitter_image_url":null,"twitter_image_custom_url":null,"twitter_image_custom_fields":null,"twitter_title":null,"twitter_description":null,"schema":{"blockGraphs":[],"customGraphs":[],"default":{"data":{"Article":[],"Course":[],"Dataset":[],"FAQPage":[],"Movie":[],"Person":[],"Product":[],"ProductReview":[],"Car":[],"Recipe":[],"Service":[],"SoftwareApplication":[],"WebPage":[]},"graphName":"","isEnabled":true},"graphs":[],"defaultGraph":"","defaultPostTypeGraph":""},"schema_type":null,"schema_type_options":null,"pillar_content":false,"robots_default":true,"robots_noindex":false,"robots_noarchive":false,"robots_nosnippet":false,"robots_nofollow":false,"robots_noimageindex":false,"robots_noodp":false,"robots_notranslate":false,"robots_max_snippet":null,"robots_max_videopreview":null,"robots_max_imagepreview":"large","priority":null,"frequency":null,"local_seo":null,"seo_analyzer_scan_date":"2025-12-09 18:38:14","breadcrumb_settings":null,"limit_modified_date":false,"open_ai":null,"ai":null,"created":"2021-01-23 14:09:17","updated":"2025-12-09 18:38:14"},"aioseo_breadcrumb":"<div class=\"aioseo-breadcrumbs\"><span class=\"aioseo-breadcrumb\">\n\t<a href=\"https:\/\/www.eldigitaldeasturias.com\/noticias\" title=\"Home\">Home<\/a>\n<\/span><span class=\"aioseo-breadcrumb-separator\">\u2013<\/span><span class=\"aioseo-breadcrumb\">\n\t<a href=\"https:\/\/www.eldigitaldeasturias.com\/noticias\/category\/actualidad-asturias\/\" title=\"Actualidad Asturias\">Actualidad Asturias<\/a>\n<\/span><span class=\"aioseo-breadcrumb-separator\">\u2013<\/span><span class=\"aioseo-breadcrumb\">\n\t<a href=\"https:\/\/www.eldigitaldeasturias.com\/noticias\/un-tercio-de-los-graduados-universitarios-asturianos-esta-sobrecualificado-para-su-puesto-de-trabajo\/\" title=\"Un tercio de los graduados universitarios asturianos est\u00e1 sobrecualificado para su puesto de trabajo\">Un tercio de los graduados universitarios asturianos est\u00e1 sobrecualificado para su puesto de trabajo<\/a>\n<\/span><\/div>","aioseo_breadcrumb_json":[{"label":"Home","link":"https:\/\/www.eldigitaldeasturias.com\/noticias"},{"label":"Actualidad Asturias","link":"https:\/\/www.eldigitaldeasturias.com\/noticias\/category\/actualidad-asturias\/"},{"label":"Un tercio de los graduados universitarios asturianos est\u00e1 sobrecualificado para su puesto de trabajo","link":"https:\/\/www.eldigitaldeasturias.com\/noticias\/un-tercio-de-los-graduados-universitarios-asturianos-esta-sobrecualificado-para-su-puesto-de-trabajo\/"}],"_links":{"self":[{"href":"https:\/\/www.eldigitaldeasturias.com\/noticias\/wp-json\/wp\/v2\/posts\/853572","targetHints":{"allow":["GET"]}}],"collection":[{"href":"https:\/\/www.eldigitaldeasturias.com\/noticias\/wp-json\/wp\/v2\/posts"}],"about":[{"href":"https:\/\/www.eldigitaldeasturias.com\/noticias\/wp-json\/wp\/v2\/types\/post"}],"author":[{"embeddable":true,"href":"https:\/\/www.eldigitaldeasturias.com\/noticias\/wp-json\/wp\/v2\/users\/1"}],"replies":[{"embeddable":true,"href":"https:\/\/www.eldigitaldeasturias.com\/noticias\/wp-json\/wp\/v2\/comments?post=853572"}],"version-history":[{"count":0,"href":"https:\/\/www.eldigitaldeasturias.com\/noticias\/wp-json\/wp\/v2\/posts\/853572\/revisions"}],"wp:featuredmedia":[{"embeddable":true,"href":"https:\/\/www.eldigitaldeasturias.com\/noticias\/wp-json\/wp\/v2\/media\/853573"}],"wp:attachment":[{"href":"https:\/\/www.eldigitaldeasturias.com\/noticias\/wp-json\/wp\/v2\/media?parent=853572"}],"wp:term":[{"taxonomy":"category","embeddable":true,"href":"https:\/\/www.eldigitaldeasturias.com\/noticias\/wp-json\/wp\/v2\/categories?post=853572"},{"taxonomy":"post_tag","embeddable":true,"href":"https:\/\/www.eldigitaldeasturias.com\/noticias\/wp-json\/wp\/v2\/tags?post=853572"}],"curies":[{"name":"wp","href":"https:\/\/api.w.org\/{rel}","templated":true}]}}