{"id":853566,"date":"2016-02-03T19:55:35","date_gmt":"2016-02-03T19:55:35","guid":{"rendered":"http:\/\/www.eldigitaldeasturias.com\/noticias\/?p=853566"},"modified":"2016-02-03T19:55:35","modified_gmt":"2016-02-03T19:55:35","slug":"somos-ve-en-el-presupuesto-de-aviles-continuidad-con-apariencia-de-novedad","status":"publish","type":"post","link":"https:\/\/www.eldigitaldeasturias.com\/noticias\/somos-ve-en-el-presupuesto-de-aviles-continuidad-con-apariencia-de-novedad\/","title":{"rendered":"Somos ve en el presupuesto de Avil\u00e9s \u00abcontinuidad con apariencia de novedad\u00bb"},"content":{"rendered":"<p><img loading=\"lazy\" decoding=\"async\" class=\"alignleft size-medium wp-image-785778\" src=\"https:\/\/www.eldigitaldeasturias.com\/noticias\/wp-content\/uploads\/2015\/05\/aviles1-360x241.jpg\" alt=\"aviles\" width=\"360\" height=\"241\" srcset=\"https:\/\/www.eldigitaldeasturias.com\/noticias\/wp-content\/uploads\/2015\/05\/aviles1-360x241.jpg 360w, https:\/\/www.eldigitaldeasturias.com\/noticias\/wp-content\/uploads\/2015\/05\/aviles1-768x515.jpg 768w, https:\/\/www.eldigitaldeasturias.com\/noticias\/wp-content\/uploads\/2015\/05\/aviles1-650x436.jpg 650w, https:\/\/www.eldigitaldeasturias.com\/noticias\/wp-content\/uploads\/2015\/05\/aviles1.jpg 800w\" sizes=\"auto, (max-width: 360px) 100vw, 360px\" \/>El concejal de Somos en el Ayuntamiento de Avil\u00e9s Primitivo Abella ha visto en la propuesta de presupuestos del gobierno \u00abcontinuidad con apariencia de novedad\u00bb. En un comunicado emitido este mi\u00e9rcoles ha criticado que \u00abobras que hac\u00eda tiempo deber\u00edan estar en marcha se anuncian como nuevas, programas que cambian de nombre se presentan como novedosos. Es una propuesta sin sorpresas. Si le quitamos el perfume huele a lo de siempre\u00bb.<\/p>\n<p>El edil ha criticado la negociaci\u00f3n iniciada por el ejecutivo socialista al asegurar que no la entienden como \u00abun movimiento de 50.000 euros de unas partidas a otras para que as\u00ed cada grupo pueda reconocer algo suyo en \u00e9l, nuestra propuesta exige declaraciones pol\u00edticas de cambio de rumbo. Establecer el rescate ciudadano como prioridad, crear todo el empleo p\u00fablico que se pueda, revertir el proceso de privatizaci\u00f3n de servicios p\u00fablicos, dise\u00f1ar nuevos procesos de participaci\u00f3n ciudadana y eliminar los gastos superfluos\u00bb.<\/p>\n<p>Adem\u00e1s, Abella ha asegurado que los grupos de la oposici\u00f3n est\u00e1n en \u00abdesigualdad en informaci\u00f3n\u00bb frente al gobierno, al que critica por no haberles remitido el archivo de datos de la propuesta de presupuestos y el archivo de ejecuci\u00f3n del presupuesto de 2015, tal y como pidieron. La primera reuni\u00f3n de Somos y el gobierno ser\u00e1 este jueves.<\/p>\n<p>\u00abNo podemos hacer una valoraci\u00f3n de un presupuesto que tiene casi mil programas distribuidos en ocho cap\u00edtulos a partir de una presentaci\u00f3n de Power Point\u00bb, ha indicado el concejal. Y ha manifestado \u00abla sorpresa\u00bb por haber sido llamados a negociar con esta informaci\u00f3n.<\/p>\n<p>\u00abAcudiremos al encuentro entendi\u00e9ndolo como una &#8216;llamada a consulta&#8217; y aprovecharemos este suced\u00e1neo de negociaci\u00f3n para pedir la propuesta de presupuestos para 2016 porque 3 de febrero no la tenemos y presumiblemente se quieran aprobar dentro de 15 d\u00edas\u00bb, ha dicho Abella.<\/p>\n","protected":false},"excerpt":{"rendered":"<p>El concejal de Somos en el Ayuntamiento de Avil\u00e9s Primitivo Abella ha visto en la propuesta de presupuestos del gobierno \u00abcontinuidad con apariencia de novedad\u00bb. En un comunicado emitido este mi\u00e9rcoles ha criticado que \u00abobras que hac\u00eda tiempo deber\u00edan estar en marcha se anuncian como nuevas, programas que cambian de nombre se presentan como novedosos. [&hellip;]<\/p>\n","protected":false},"author":1,"featured_media":785778,"comment_status":"closed","ping_status":"closed","sticky":false,"template":"","format":"standard","meta":{"footnotes":""},"categories":[12],"tags":[],"class_list":["post-853566","post","type-post","status-publish","format-standard","has-post-thumbnail","hentry","category-actualidad-asturias"],"aioseo_notices":[],"aioseo_head":"\n\t\t<!-- All in One SEO Pro 4.9.6.2 - aioseo.com -->\n\t<meta name=\"description\" content=\"El concejal de Somos en el Ayuntamiento de Avil\u00e9s Primitivo Abella ha visto en la propuesta de presupuestos del gobierno &quot;continuidad con apariencia de novedad&quot;. En un comunicado emitido este mi\u00e9rcoles ha criticado que &quot;obras que hac\u00eda tiempo deber\u00edan estar en marcha se anuncian como nuevas, programas que cambian de nombre se presentan como novedosos.\" \/>\n\t<meta name=\"robots\" content=\"max-image-preview:large\" \/>\n\t<meta name=\"author\" content=\"El Digital de Asturias\"\/>\n\t<meta name=\"google-site-verification\" content=\"UA-38556648-1\" \/>\n\t<meta name=\"msvalidate.01\" content=\"7dfe9f3f1b24437ab69f4f2559babe99\" \/>\n\t<meta name=\"keywords\" content=\"actualidad asturias\" \/>\n\t<link rel=\"canonical\" href=\"https:\/\/www.eldigitaldeasturias.com\/noticias\/somos-ve-en-el-presupuesto-de-aviles-continuidad-con-apariencia-de-novedad\/\" \/>\n\t<meta name=\"generator\" content=\"All in One SEO Pro (AIOSEO) 4.9.6.2\" \/>\n\t\t<meta property=\"og:locale\" content=\"es_ES\" \/>\n\t\t<meta property=\"og:site_name\" content=\"El Digital de Asturias\" \/>\n\t\t<meta property=\"og:type\" content=\"article\" \/>\n\t\t<meta property=\"og:title\" content=\"Somos ve en el presupuesto de Avil\u00e9s \u00abcontinuidad con apariencia de novedad\u00bb - El Digital de Asturias\" \/>\n\t\t<meta property=\"og:description\" content=\"El concejal de Somos en el Ayuntamiento de Avil\u00e9s Primitivo Abella ha visto en la propuesta de presupuestos del gobierno &quot;continuidad con apariencia de novedad&quot;. En un comunicado emitido este mi\u00e9rcoles ha criticado que &quot;obras que hac\u00eda tiempo deber\u00edan estar en marcha se anuncian como nuevas, programas que cambian de nombre se presentan como novedosos.\" \/>\n\t\t<meta property=\"og:url\" content=\"https:\/\/www.eldigitaldeasturias.com\/noticias\/somos-ve-en-el-presupuesto-de-aviles-continuidad-con-apariencia-de-novedad\/\" \/>\n\t\t<meta property=\"og:image\" content=\"https:\/\/www.eldigitaldeasturias.com\/noticias\/wp-content\/uploads\/2015\/05\/aviles1.jpg\" \/>\n\t\t<meta property=\"og:image:secure_url\" content=\"https:\/\/www.eldigitaldeasturias.com\/noticias\/wp-content\/uploads\/2015\/05\/aviles1.jpg\" \/>\n\t\t<meta property=\"og:image:width\" content=\"800\" \/>\n\t\t<meta property=\"og:image:height\" content=\"536\" \/>\n\t\t<meta property=\"article:tag\" content=\"actualidad asturias\" \/>\n\t\t<meta property=\"article:published_time\" content=\"2016-02-03T19:55:35+00:00\" \/>\n\t\t<meta property=\"article:modified_time\" content=\"2016-02-03T19:55:35+00:00\" \/>\n\t\t<meta property=\"article:publisher\" content=\"https:\/\/facebook.com\/eldigitaldeasturias\" \/>\n\t\t<meta name=\"twitter:card\" content=\"summary_large_image\" \/>\n\t\t<meta name=\"twitter:title\" content=\"Somos ve en el presupuesto de Avil\u00e9s \u00abcontinuidad con apariencia de novedad\u00bb - El Digital de Asturias\" \/>\n\t\t<meta name=\"twitter:description\" content=\"El concejal de Somos en el Ayuntamiento de Avil\u00e9s Primitivo Abella ha visto en la propuesta de presupuestos del gobierno &quot;continuidad con apariencia de novedad&quot;. En un comunicado emitido este mi\u00e9rcoles ha criticado que &quot;obras que hac\u00eda tiempo deber\u00edan estar en marcha se anuncian como nuevas, programas que cambian de nombre se presentan como novedosos.\" \/>\n\t\t<meta name=\"twitter:image\" content=\"https:\/\/www.eldigitaldeasturias.com\/noticias\/wp-content\/uploads\/2015\/05\/aviles1.jpg\" \/>\n\t\t<meta name=\"twitter:label1\" content=\"Escrito por\" \/>\n\t\t<meta name=\"twitter:data1\" content=\"El Digital de Asturias\" \/>\n\t\t<meta name=\"twitter:label2\" content=\"Tiempo de lectura estimado\" \/>\n\t\t<meta name=\"twitter:data2\" content=\"2 minutos\" \/>\n\t\t<script type=\"application\/ld+json\" class=\"aioseo-schema\">\n\t\t\t{\"@context\":\"https:\\\/\\\/schema.org\",\"@graph\":[{\"@type\":\"BlogPosting\",\"@id\":\"https:\\\/\\\/www.eldigitaldeasturias.com\\\/noticias\\\/somos-ve-en-el-presupuesto-de-aviles-continuidad-con-apariencia-de-novedad\\\/#blogposting\",\"name\":\"Somos ve en el presupuesto de Avil\\u00e9s \\u00abcontinuidad con apariencia de novedad\\u00bb - El Digital de Asturias\",\"headline\":\"Somos ve en el presupuesto de Avil\\u00e9s \\u00abcontinuidad con apariencia de novedad\\u00bb\",\"author\":{\"@id\":\"https:\\\/\\\/www.eldigitaldeasturias.com\\\/noticias\\\/author\\\/admin\\\/#author\"},\"publisher\":{\"@id\":\"https:\\\/\\\/www.eldigitaldeasturias.com\\\/noticias\\\/#organization\"},\"image\":{\"@type\":\"ImageObject\",\"url\":\"https:\\\/\\\/www.eldigitaldeasturias.com\\\/noticias\\\/wp-content\\\/uploads\\\/2015\\\/05\\\/aviles1.jpg\",\"width\":800,\"height\":536},\"datePublished\":\"2016-02-03T19:55:35+01:00\",\"dateModified\":\"2016-02-03T19:55:35+01:00\",\"inLanguage\":\"es-ES\",\"mainEntityOfPage\":{\"@id\":\"https:\\\/\\\/www.eldigitaldeasturias.com\\\/noticias\\\/somos-ve-en-el-presupuesto-de-aviles-continuidad-con-apariencia-de-novedad\\\/#webpage\"},\"isPartOf\":{\"@id\":\"https:\\\/\\\/www.eldigitaldeasturias.com\\\/noticias\\\/somos-ve-en-el-presupuesto-de-aviles-continuidad-con-apariencia-de-novedad\\\/#webpage\"},\"articleSection\":\"Actualidad Asturias\"},{\"@type\":\"BreadcrumbList\",\"@id\":\"https:\\\/\\\/www.eldigitaldeasturias.com\\\/noticias\\\/somos-ve-en-el-presupuesto-de-aviles-continuidad-con-apariencia-de-novedad\\\/#breadcrumblist\",\"itemListElement\":[{\"@type\":\"ListItem\",\"@id\":\"https:\\\/\\\/www.eldigitaldeasturias.com\\\/noticias#listItem\",\"position\":1,\"name\":\"Home\",\"item\":\"https:\\\/\\\/www.eldigitaldeasturias.com\\\/noticias\",\"nextItem\":{\"@type\":\"ListItem\",\"@id\":\"https:\\\/\\\/www.eldigitaldeasturias.com\\\/noticias\\\/category\\\/actualidad-asturias\\\/#listItem\",\"name\":\"Actualidad Asturias\"}},{\"@type\":\"ListItem\",\"@id\":\"https:\\\/\\\/www.eldigitaldeasturias.com\\\/noticias\\\/category\\\/actualidad-asturias\\\/#listItem\",\"position\":2,\"name\":\"Actualidad Asturias\",\"item\":\"https:\\\/\\\/www.eldigitaldeasturias.com\\\/noticias\\\/category\\\/actualidad-asturias\\\/\",\"nextItem\":{\"@type\":\"ListItem\",\"@id\":\"https:\\\/\\\/www.eldigitaldeasturias.com\\\/noticias\\\/somos-ve-en-el-presupuesto-de-aviles-continuidad-con-apariencia-de-novedad\\\/#listItem\",\"name\":\"Somos ve en el presupuesto de Avil\\u00e9s \\u00abcontinuidad con apariencia de novedad\\u00bb\"},\"previousItem\":{\"@type\":\"ListItem\",\"@id\":\"https:\\\/\\\/www.eldigitaldeasturias.com\\\/noticias#listItem\",\"name\":\"Home\"}},{\"@type\":\"ListItem\",\"@id\":\"https:\\\/\\\/www.eldigitaldeasturias.com\\\/noticias\\\/somos-ve-en-el-presupuesto-de-aviles-continuidad-con-apariencia-de-novedad\\\/#listItem\",\"position\":3,\"name\":\"Somos ve en el presupuesto de Avil\\u00e9s \\u00abcontinuidad con apariencia de novedad\\u00bb\",\"previousItem\":{\"@type\":\"ListItem\",\"@id\":\"https:\\\/\\\/www.eldigitaldeasturias.com\\\/noticias\\\/category\\\/actualidad-asturias\\\/#listItem\",\"name\":\"Actualidad Asturias\"}}]},{\"@type\":\"Organization\",\"@id\":\"https:\\\/\\\/www.eldigitaldeasturias.com\\\/noticias\\\/#organization\",\"name\":\"El Digital de Asturias\",\"description\":\"Hemeroteca\",\"url\":\"https:\\\/\\\/www.eldigitaldeasturias.com\\\/noticias\\\/\",\"email\":\"info@eldigitaldeasturias.com\",\"telephone\":\"+34652131393\",\"logo\":{\"@type\":\"ImageObject\",\"url\":\"https:\\\/\\\/www.eldigitaldeasturias.com\\\/noticias\\\/wp-content\\\/uploads\\\/2020\\\/12\\\/EDA.jpg\",\"@id\":\"https:\\\/\\\/www.eldigitaldeasturias.com\\\/noticias\\\/somos-ve-en-el-presupuesto-de-aviles-continuidad-con-apariencia-de-novedad\\\/#organizationLogo\",\"width\":649,\"height\":297},\"image\":{\"@id\":\"https:\\\/\\\/www.eldigitaldeasturias.com\\\/noticias\\\/somos-ve-en-el-presupuesto-de-aviles-continuidad-con-apariencia-de-novedad\\\/#organizationLogo\"},\"sameAs\":[\"https:\\\/\\\/facebook.com\\\/eldigitaldeasturias\",\"https:\\\/\\\/www.youtube.com\\\/channel\\\/UCZP-2wLEB9Rv6erhFmqVnvg\"],\"address\":{\"@id\":\"https:\\\/\\\/www.eldigitaldeasturias.com\\\/noticias\\\/#postaladdress\",\"@type\":\"PostalAddress\",\"streetAddress\":\"san antonio 4,\",\"postalCode\":\"33430\",\"addressLocality\":\"Cand\\u00e1s\",\"addressRegion\":\"Asturias\",\"addressCountry\":\"ES\"}},{\"@type\":\"Person\",\"@id\":\"https:\\\/\\\/www.eldigitaldeasturias.com\\\/noticias\\\/author\\\/admin\\\/#author\",\"url\":\"https:\\\/\\\/www.eldigitaldeasturias.com\\\/noticias\\\/author\\\/admin\\\/\",\"name\":\"El Digital de Asturias\",\"image\":{\"@type\":\"ImageObject\",\"@id\":\"https:\\\/\\\/www.eldigitaldeasturias.com\\\/noticias\\\/somos-ve-en-el-presupuesto-de-aviles-continuidad-con-apariencia-de-novedad\\\/#authorImage\",\"url\":\"https:\\\/\\\/www.eldigitaldeasturias.com\\\/noticias\\\/wp-content\\\/litespeed\\\/avatar\\\/18677e78aa0546b92d9dbf31ec7d7668.jpg?ver=1777290358\",\"width\":96,\"height\":96,\"caption\":\"El Digital de Asturias\"}},{\"@type\":\"WebPage\",\"@id\":\"https:\\\/\\\/www.eldigitaldeasturias.com\\\/noticias\\\/somos-ve-en-el-presupuesto-de-aviles-continuidad-con-apariencia-de-novedad\\\/#webpage\",\"url\":\"https:\\\/\\\/www.eldigitaldeasturias.com\\\/noticias\\\/somos-ve-en-el-presupuesto-de-aviles-continuidad-con-apariencia-de-novedad\\\/\",\"name\":\"Somos ve en el presupuesto de Avil\\u00e9s \\u00abcontinuidad con apariencia de novedad\\u00bb - El Digital de Asturias\",\"description\":\"El concejal de Somos en el Ayuntamiento de Avil\\u00e9s Primitivo Abella ha visto en la propuesta de presupuestos del gobierno \\\"continuidad con apariencia de novedad\\\". En un comunicado emitido este mi\\u00e9rcoles ha criticado que \\\"obras que hac\\u00eda tiempo deber\\u00edan estar en marcha se anuncian como nuevas, programas que cambian de nombre se presentan como novedosos.\",\"inLanguage\":\"es-ES\",\"isPartOf\":{\"@id\":\"https:\\\/\\\/www.eldigitaldeasturias.com\\\/noticias\\\/#website\"},\"breadcrumb\":{\"@id\":\"https:\\\/\\\/www.eldigitaldeasturias.com\\\/noticias\\\/somos-ve-en-el-presupuesto-de-aviles-continuidad-con-apariencia-de-novedad\\\/#breadcrumblist\"},\"author\":{\"@id\":\"https:\\\/\\\/www.eldigitaldeasturias.com\\\/noticias\\\/author\\\/admin\\\/#author\"},\"creator\":{\"@id\":\"https:\\\/\\\/www.eldigitaldeasturias.com\\\/noticias\\\/author\\\/admin\\\/#author\"},\"image\":{\"@type\":\"ImageObject\",\"url\":\"https:\\\/\\\/www.eldigitaldeasturias.com\\\/noticias\\\/wp-content\\\/uploads\\\/2015\\\/05\\\/aviles1.jpg\",\"@id\":\"https:\\\/\\\/www.eldigitaldeasturias.com\\\/noticias\\\/somos-ve-en-el-presupuesto-de-aviles-continuidad-con-apariencia-de-novedad\\\/#mainImage\",\"width\":800,\"height\":536},\"primaryImageOfPage\":{\"@id\":\"https:\\\/\\\/www.eldigitaldeasturias.com\\\/noticias\\\/somos-ve-en-el-presupuesto-de-aviles-continuidad-con-apariencia-de-novedad\\\/#mainImage\"},\"datePublished\":\"2016-02-03T19:55:35+01:00\",\"dateModified\":\"2016-02-03T19:55:35+01:00\"},{\"@type\":\"WebSite\",\"@id\":\"https:\\\/\\\/www.eldigitaldeasturias.com\\\/noticias\\\/#website\",\"url\":\"https:\\\/\\\/www.eldigitaldeasturias.com\\\/noticias\\\/\",\"name\":\"El Digital de Asturias - Diario de actualidad y noticias\",\"alternateName\":\"El Digital de Asturias - Diario de actualidad y noticias\",\"description\":\"Hemeroteca\",\"inLanguage\":\"es-ES\",\"publisher\":{\"@id\":\"https:\\\/\\\/www.eldigitaldeasturias.com\\\/noticias\\\/#organization\"}}]}\n\t\t<\/script>\n\t\t<!-- All in One SEO Pro -->\r\n\t\t<title>Somos ve en el presupuesto de Avil\u00e9s \u00abcontinuidad con apariencia de novedad\u00bb - El Digital de Asturias<\/title>\n\n","aioseo_head_json":{"title":"Somos ve en el presupuesto de Avil\u00e9s \u00abcontinuidad con apariencia de novedad\u00bb - El Digital de Asturias","description":"El concejal de Somos en el Ayuntamiento de Avil\u00e9s Primitivo Abella ha visto en la propuesta de presupuestos del gobierno \"continuidad con apariencia de novedad\". En un comunicado emitido este mi\u00e9rcoles ha criticado que \"obras que hac\u00eda tiempo deber\u00edan estar en marcha se anuncian como nuevas, programas que cambian de nombre se presentan como novedosos.","canonical_url":"https:\/\/www.eldigitaldeasturias.com\/noticias\/somos-ve-en-el-presupuesto-de-aviles-continuidad-con-apariencia-de-novedad\/","robots":"max-image-preview:large","keywords":"actualidad asturias","webmasterTools":{"google-site-verification":"UA-38556648-1","msvalidate.01":"7dfe9f3f1b24437ab69f4f2559babe99","miscellaneous":""},"schema":{"@context":"https:\/\/schema.org","@graph":[{"@type":"BlogPosting","@id":"https:\/\/www.eldigitaldeasturias.com\/noticias\/somos-ve-en-el-presupuesto-de-aviles-continuidad-con-apariencia-de-novedad\/#blogposting","name":"Somos ve en el presupuesto de Avil\u00e9s \u00abcontinuidad con apariencia de novedad\u00bb - El Digital de Asturias","headline":"Somos ve en el presupuesto de Avil\u00e9s \u00abcontinuidad con apariencia de novedad\u00bb","author":{"@id":"https:\/\/www.eldigitaldeasturias.com\/noticias\/author\/admin\/#author"},"publisher":{"@id":"https:\/\/www.eldigitaldeasturias.com\/noticias\/#organization"},"image":{"@type":"ImageObject","url":"https:\/\/www.eldigitaldeasturias.com\/noticias\/wp-content\/uploads\/2015\/05\/aviles1.jpg","width":800,"height":536},"datePublished":"2016-02-03T19:55:35+01:00","dateModified":"2016-02-03T19:55:35+01:00","inLanguage":"es-ES","mainEntityOfPage":{"@id":"https:\/\/www.eldigitaldeasturias.com\/noticias\/somos-ve-en-el-presupuesto-de-aviles-continuidad-con-apariencia-de-novedad\/#webpage"},"isPartOf":{"@id":"https:\/\/www.eldigitaldeasturias.com\/noticias\/somos-ve-en-el-presupuesto-de-aviles-continuidad-con-apariencia-de-novedad\/#webpage"},"articleSection":"Actualidad Asturias"},{"@type":"BreadcrumbList","@id":"https:\/\/www.eldigitaldeasturias.com\/noticias\/somos-ve-en-el-presupuesto-de-aviles-continuidad-con-apariencia-de-novedad\/#breadcrumblist","itemListElement":[{"@type":"ListItem","@id":"https:\/\/www.eldigitaldeasturias.com\/noticias#listItem","position":1,"name":"Home","item":"https:\/\/www.eldigitaldeasturias.com\/noticias","nextItem":{"@type":"ListItem","@id":"https:\/\/www.eldigitaldeasturias.com\/noticias\/category\/actualidad-asturias\/#listItem","name":"Actualidad Asturias"}},{"@type":"ListItem","@id":"https:\/\/www.eldigitaldeasturias.com\/noticias\/category\/actualidad-asturias\/#listItem","position":2,"name":"Actualidad Asturias","item":"https:\/\/www.eldigitaldeasturias.com\/noticias\/category\/actualidad-asturias\/","nextItem":{"@type":"ListItem","@id":"https:\/\/www.eldigitaldeasturias.com\/noticias\/somos-ve-en-el-presupuesto-de-aviles-continuidad-con-apariencia-de-novedad\/#listItem","name":"Somos ve en el presupuesto de Avil\u00e9s \u00abcontinuidad con apariencia de novedad\u00bb"},"previousItem":{"@type":"ListItem","@id":"https:\/\/www.eldigitaldeasturias.com\/noticias#listItem","name":"Home"}},{"@type":"ListItem","@id":"https:\/\/www.eldigitaldeasturias.com\/noticias\/somos-ve-en-el-presupuesto-de-aviles-continuidad-con-apariencia-de-novedad\/#listItem","position":3,"name":"Somos ve en el presupuesto de Avil\u00e9s \u00abcontinuidad con apariencia de novedad\u00bb","previousItem":{"@type":"ListItem","@id":"https:\/\/www.eldigitaldeasturias.com\/noticias\/category\/actualidad-asturias\/#listItem","name":"Actualidad Asturias"}}]},{"@type":"Organization","@id":"https:\/\/www.eldigitaldeasturias.com\/noticias\/#organization","name":"El Digital de Asturias","description":"Hemeroteca","url":"https:\/\/www.eldigitaldeasturias.com\/noticias\/","email":"info@eldigitaldeasturias.com","telephone":"+34652131393","logo":{"@type":"ImageObject","url":"https:\/\/www.eldigitaldeasturias.com\/noticias\/wp-content\/uploads\/2020\/12\/EDA.jpg","@id":"https:\/\/www.eldigitaldeasturias.com\/noticias\/somos-ve-en-el-presupuesto-de-aviles-continuidad-con-apariencia-de-novedad\/#organizationLogo","width":649,"height":297},"image":{"@id":"https:\/\/www.eldigitaldeasturias.com\/noticias\/somos-ve-en-el-presupuesto-de-aviles-continuidad-con-apariencia-de-novedad\/#organizationLogo"},"sameAs":["https:\/\/facebook.com\/eldigitaldeasturias","https:\/\/www.youtube.com\/channel\/UCZP-2wLEB9Rv6erhFmqVnvg"],"address":{"@id":"https:\/\/www.eldigitaldeasturias.com\/noticias\/#postaladdress","@type":"PostalAddress","streetAddress":"san antonio 4,","postalCode":"33430","addressLocality":"Cand\u00e1s","addressRegion":"Asturias","addressCountry":"ES"}},{"@type":"Person","@id":"https:\/\/www.eldigitaldeasturias.com\/noticias\/author\/admin\/#author","url":"https:\/\/www.eldigitaldeasturias.com\/noticias\/author\/admin\/","name":"El Digital de Asturias","image":{"@type":"ImageObject","@id":"https:\/\/www.eldigitaldeasturias.com\/noticias\/somos-ve-en-el-presupuesto-de-aviles-continuidad-con-apariencia-de-novedad\/#authorImage","url":"https:\/\/www.eldigitaldeasturias.com\/noticias\/wp-content\/litespeed\/avatar\/18677e78aa0546b92d9dbf31ec7d7668.jpg?ver=1777290358","width":96,"height":96,"caption":"El Digital de Asturias"}},{"@type":"WebPage","@id":"https:\/\/www.eldigitaldeasturias.com\/noticias\/somos-ve-en-el-presupuesto-de-aviles-continuidad-con-apariencia-de-novedad\/#webpage","url":"https:\/\/www.eldigitaldeasturias.com\/noticias\/somos-ve-en-el-presupuesto-de-aviles-continuidad-con-apariencia-de-novedad\/","name":"Somos ve en el presupuesto de Avil\u00e9s \u00abcontinuidad con apariencia de novedad\u00bb - El Digital de Asturias","description":"El concejal de Somos en el Ayuntamiento de Avil\u00e9s Primitivo Abella ha visto en la propuesta de presupuestos del gobierno \"continuidad con apariencia de novedad\". En un comunicado emitido este mi\u00e9rcoles ha criticado que \"obras que hac\u00eda tiempo deber\u00edan estar en marcha se anuncian como nuevas, programas que cambian de nombre se presentan como novedosos.","inLanguage":"es-ES","isPartOf":{"@id":"https:\/\/www.eldigitaldeasturias.com\/noticias\/#website"},"breadcrumb":{"@id":"https:\/\/www.eldigitaldeasturias.com\/noticias\/somos-ve-en-el-presupuesto-de-aviles-continuidad-con-apariencia-de-novedad\/#breadcrumblist"},"author":{"@id":"https:\/\/www.eldigitaldeasturias.com\/noticias\/author\/admin\/#author"},"creator":{"@id":"https:\/\/www.eldigitaldeasturias.com\/noticias\/author\/admin\/#author"},"image":{"@type":"ImageObject","url":"https:\/\/www.eldigitaldeasturias.com\/noticias\/wp-content\/uploads\/2015\/05\/aviles1.jpg","@id":"https:\/\/www.eldigitaldeasturias.com\/noticias\/somos-ve-en-el-presupuesto-de-aviles-continuidad-con-apariencia-de-novedad\/#mainImage","width":800,"height":536},"primaryImageOfPage":{"@id":"https:\/\/www.eldigitaldeasturias.com\/noticias\/somos-ve-en-el-presupuesto-de-aviles-continuidad-con-apariencia-de-novedad\/#mainImage"},"datePublished":"2016-02-03T19:55:35+01:00","dateModified":"2016-02-03T19:55:35+01:00"},{"@type":"WebSite","@id":"https:\/\/www.eldigitaldeasturias.com\/noticias\/#website","url":"https:\/\/www.eldigitaldeasturias.com\/noticias\/","name":"El Digital de Asturias - Diario de actualidad y noticias","alternateName":"El Digital de Asturias - Diario de actualidad y noticias","description":"Hemeroteca","inLanguage":"es-ES","publisher":{"@id":"https:\/\/www.eldigitaldeasturias.com\/noticias\/#organization"}}]},"og:locale":"es_ES","og:site_name":"El Digital de Asturias","og:type":"article","og:title":"Somos ve en el presupuesto de Avil\u00e9s \u00abcontinuidad con apariencia de novedad\u00bb - El Digital de Asturias","og:description":"El concejal de Somos en el Ayuntamiento de Avil\u00e9s Primitivo Abella ha visto en la propuesta de presupuestos del gobierno &quot;continuidad con apariencia de novedad&quot;. En un comunicado emitido este mi\u00e9rcoles ha criticado que &quot;obras que hac\u00eda tiempo deber\u00edan estar en marcha se anuncian como nuevas, programas que cambian de nombre se presentan como novedosos.","og:url":"https:\/\/www.eldigitaldeasturias.com\/noticias\/somos-ve-en-el-presupuesto-de-aviles-continuidad-con-apariencia-de-novedad\/","og:image":"https:\/\/www.eldigitaldeasturias.com\/noticias\/wp-content\/uploads\/2015\/05\/aviles1.jpg","og:image:secure_url":"https:\/\/www.eldigitaldeasturias.com\/noticias\/wp-content\/uploads\/2015\/05\/aviles1.jpg","og:image:width":800,"og:image:height":536,"article:tag":["actualidad asturias"],"article:published_time":"2016-02-03T19:55:35+00:00","article:modified_time":"2016-02-03T19:55:35+00:00","article:publisher":"https:\/\/facebook.com\/eldigitaldeasturias","twitter:card":"summary_large_image","twitter:title":"Somos ve en el presupuesto de Avil\u00e9s \u00abcontinuidad con apariencia de novedad\u00bb - El Digital de Asturias","twitter:description":"El concejal de Somos en el Ayuntamiento de Avil\u00e9s Primitivo Abella ha visto en la propuesta de presupuestos del gobierno &quot;continuidad con apariencia de novedad&quot;. En un comunicado emitido este mi\u00e9rcoles ha criticado que &quot;obras que hac\u00eda tiempo deber\u00edan estar en marcha se anuncian como nuevas, programas que cambian de nombre se presentan como novedosos.","twitter:image":"https:\/\/www.eldigitaldeasturias.com\/noticias\/wp-content\/uploads\/2015\/05\/aviles1.jpg","twitter:label1":"Escrito por","twitter:data1":"El Digital de Asturias","twitter:label2":"Tiempo de lectura estimado","twitter:data2":"2 minutos"},"aioseo_meta_data":{"post_id":"853566","title":null,"description":null,"keywords":null,"keyphrases":null,"primary_term":null,"canonical_url":null,"og_title":null,"og_description":null,"og_object_type":"default","og_image_type":"default","og_image_url":null,"og_image_width":null,"og_image_height":null,"og_image_custom_url":null,"og_image_custom_fields":null,"og_video":null,"og_custom_url":null,"og_article_section":null,"og_article_tags":null,"twitter_use_og":false,"twitter_card":"default","twitter_image_type":"default","twitter_image_url":null,"twitter_image_custom_url":null,"twitter_image_custom_fields":null,"twitter_title":null,"twitter_description":null,"schema":{"blockGraphs":[],"customGraphs":[],"default":{"data":{"Article":[],"Course":[],"Dataset":[],"FAQPage":[],"Movie":[],"Person":[],"Product":[],"ProductReview":[],"Car":[],"Recipe":[],"Service":[],"SoftwareApplication":[],"WebPage":[]},"graphName":"","isEnabled":true},"graphs":[],"defaultGraph":"","defaultPostTypeGraph":""},"schema_type":null,"schema_type_options":null,"pillar_content":false,"robots_default":true,"robots_noindex":false,"robots_noarchive":false,"robots_nosnippet":false,"robots_nofollow":false,"robots_noimageindex":false,"robots_noodp":false,"robots_notranslate":false,"robots_max_snippet":null,"robots_max_videopreview":null,"robots_max_imagepreview":"large","priority":null,"frequency":null,"local_seo":null,"seo_analyzer_scan_date":"2025-12-09 18:38:13","breadcrumb_settings":null,"limit_modified_date":false,"open_ai":null,"ai":null,"created":"2021-01-23 14:09:17","updated":"2025-12-09 18:38:13"},"aioseo_breadcrumb":"<div class=\"aioseo-breadcrumbs\"><span class=\"aioseo-breadcrumb\">\n\t<a href=\"https:\/\/www.eldigitaldeasturias.com\/noticias\" title=\"Home\">Home<\/a>\n<\/span><span class=\"aioseo-breadcrumb-separator\">\u2013<\/span><span class=\"aioseo-breadcrumb\">\n\t<a href=\"https:\/\/www.eldigitaldeasturias.com\/noticias\/category\/actualidad-asturias\/\" title=\"Actualidad Asturias\">Actualidad Asturias<\/a>\n<\/span><span class=\"aioseo-breadcrumb-separator\">\u2013<\/span><span class=\"aioseo-breadcrumb\">\n\t<a href=\"https:\/\/www.eldigitaldeasturias.com\/noticias\/somos-ve-en-el-presupuesto-de-aviles-continuidad-con-apariencia-de-novedad\/\" title=\"Somos ve en el presupuesto de Avil\u00e9s \u00abcontinuidad con apariencia de novedad\u00bb\">Somos ve en el presupuesto de Avil\u00e9s \u00abcontinuidad con apariencia de novedad\u00bb<\/a>\n<\/span><\/div>","aioseo_breadcrumb_json":[{"label":"Home","link":"https:\/\/www.eldigitaldeasturias.com\/noticias"},{"label":"Actualidad Asturias","link":"https:\/\/www.eldigitaldeasturias.com\/noticias\/category\/actualidad-asturias\/"},{"label":"Somos ve en el presupuesto de Avil\u00e9s \u00abcontinuidad con apariencia de novedad\u00bb","link":"https:\/\/www.eldigitaldeasturias.com\/noticias\/somos-ve-en-el-presupuesto-de-aviles-continuidad-con-apariencia-de-novedad\/"}],"_links":{"self":[{"href":"https:\/\/www.eldigitaldeasturias.com\/noticias\/wp-json\/wp\/v2\/posts\/853566","targetHints":{"allow":["GET"]}}],"collection":[{"href":"https:\/\/www.eldigitaldeasturias.com\/noticias\/wp-json\/wp\/v2\/posts"}],"about":[{"href":"https:\/\/www.eldigitaldeasturias.com\/noticias\/wp-json\/wp\/v2\/types\/post"}],"author":[{"embeddable":true,"href":"https:\/\/www.eldigitaldeasturias.com\/noticias\/wp-json\/wp\/v2\/users\/1"}],"replies":[{"embeddable":true,"href":"https:\/\/www.eldigitaldeasturias.com\/noticias\/wp-json\/wp\/v2\/comments?post=853566"}],"version-history":[{"count":0,"href":"https:\/\/www.eldigitaldeasturias.com\/noticias\/wp-json\/wp\/v2\/posts\/853566\/revisions"}],"wp:featuredmedia":[{"embeddable":true,"href":"https:\/\/www.eldigitaldeasturias.com\/noticias\/wp-json\/wp\/v2\/media\/785778"}],"wp:attachment":[{"href":"https:\/\/www.eldigitaldeasturias.com\/noticias\/wp-json\/wp\/v2\/media?parent=853566"}],"wp:term":[{"taxonomy":"category","embeddable":true,"href":"https:\/\/www.eldigitaldeasturias.com\/noticias\/wp-json\/wp\/v2\/categories?post=853566"},{"taxonomy":"post_tag","embeddable":true,"href":"https:\/\/www.eldigitaldeasturias.com\/noticias\/wp-json\/wp\/v2\/tags?post=853566"}],"curies":[{"name":"wp","href":"https:\/\/api.w.org\/{rel}","templated":true}]}}