{"id":853564,"date":"2016-02-03T19:53:23","date_gmt":"2016-02-03T19:53:23","guid":{"rendered":"http:\/\/www.eldigitaldeasturias.com\/noticias\/?p=853564"},"modified":"2016-02-03T19:53:23","modified_gmt":"2016-02-03T19:53:23","slug":"cristina-ponton-quiere-conocer-la-solucion-que-propone-somos-para-los-trabajadores-del-plan-de-empleo","status":"publish","type":"post","link":"https:\/\/www.eldigitaldeasturias.com\/noticias\/cristina-ponton-quiere-conocer-la-solucion-que-propone-somos-para-los-trabajadores-del-plan-de-empleo\/","title":{"rendered":"Cristina Pont\u00f3n quiere conocer la soluci\u00f3n que propone Somos para los trabajadores del Plan de Empleo"},"content":{"rendered":"<p><img loading=\"lazy\" decoding=\"async\" class=\"alignleft size-medium wp-image-845397\" src=\"https:\/\/www.eldigitaldeasturias.com\/noticias\/wp-content\/uploads\/2016\/01\/pleno-oviedo-360x270.jpg\" alt=\"pleno-oviedo\" width=\"360\" height=\"270\" srcset=\"https:\/\/www.eldigitaldeasturias.com\/noticias\/wp-content\/uploads\/2016\/01\/pleno-oviedo-360x270.jpg 360w, https:\/\/www.eldigitaldeasturias.com\/noticias\/wp-content\/uploads\/2016\/01\/pleno-oviedo-768x576.jpg 768w, https:\/\/www.eldigitaldeasturias.com\/noticias\/wp-content\/uploads\/2016\/01\/pleno-oviedo-650x488.jpg 650w, https:\/\/www.eldigitaldeasturias.com\/noticias\/wp-content\/uploads\/2016\/01\/pleno-oviedo-90x67.jpg 90w, https:\/\/www.eldigitaldeasturias.com\/noticias\/wp-content\/uploads\/2016\/01\/pleno-oviedo-100x75.jpg 100w, https:\/\/www.eldigitaldeasturias.com\/noticias\/wp-content\/uploads\/2016\/01\/pleno-oviedo.jpg 800w\" sizes=\"auto, (max-width: 360px) 100vw, 360px\" \/>La portavoz del Grupo Municipal de IU en el Ayuntamiento de Oviedo, Cristina Pont\u00f3n, se ha mostrado este mi\u00e9rcoles interesada en conocer la soluci\u00f3n que propone Somos para los trabajadores del Plan de Empleo. El grupo municipal de Izquierda Unida de Oviedo ha propuesto este mi\u00e9rcoles celebrar una reuni\u00f3n extraordinaria de la Comisi\u00f3n de econom\u00eda y empleo, que sea p\u00fablica y abierta a todos los ovetenses.<\/p>\n<p>As\u00ed lo ha planteado el concejal Iv\u00e1n \u00c1lvarez en la reuni\u00f3n celebrada con la plataforma de trabajadores del plan de empleo de Oviedo, el alcalde, Wenceslao L\u00f3pez, y el concejal de econom\u00eda, Rub\u00e9n Ros\u00f3n\u00bb.<\/p>\n<p>IU sostiene que en la Junta de Gobierno los concejales de Somos han votado unas veces abstenci\u00f3n y otras han apostado por la indemnizaci\u00f3n, frente a informes id\u00e9nticos. \u00abEntendemos que los compa\u00f1eros de Somos tienen informaciones que sustentan esta estrategia, y que puede que den soluci\u00f3n al conflicto, por eso planteamos esta comisi\u00f3n para la puesta en com\u00fan\u00bb ha querido aclarar la portavoz del grupo municipal.<\/p>\n<p>En la petici\u00f3n se solicita que Somos traslade, informe y explique su propuesta de soluci\u00f3n jur\u00eddica. \u00abHasta ahora las decisiones se han tomado en base a los informes t\u00e9cnicos, pero si tienen una soluci\u00f3n alternativa y legal, debemos conocerla y debatirla\u00bb, afirma la edil de IU.<\/p>\n<p>La propuesta recoge que se tratar\u00eda de una reuni\u00f3n p\u00fablica y abierta a la ciudadan\u00eda, que defienda los principios de transparencia y donde est\u00e9n tambi\u00e9n presentes miembros del servicio jur\u00eddico del Ayuntamiento, el Secretario municipal, representantes del comit\u00e9 de empresa del consistorio y de la Plataforma de trabajadores del plan de empleo.<\/p>\n<p>\u00abLo importante es conocer c\u00f3mo proponen la entrada de los trabajadores al Ayuntamiento sin menoscabar los informes t\u00e9cnicos, los criterios de publicidad, igualdad, m\u00e9rito y capacidad; qu\u00e9 proponen para impedir que el Ayuntamiento cometa un delito de prevaricaci\u00f3n o similares; c\u00f3mo se protege al mismo nivel el derecho de los ciudadanos\/as a acceder a la administraci\u00f3n p\u00fablica en situaci\u00f3n de igualdad; y c\u00f3mo afectar\u00eda esta soluci\u00f3n a los presupuestos y a las contrataciones futuras del consistorio\u00bb, explica Pont\u00f3n.<\/p>\n<p>Finalmente, la concejala ha dejado claro que el objetivo debe ser \u00abrecuperar la unidad de acci\u00f3n del gobierno, sobre todo en problemas como \u00e9ste, generado por veinticuatro a\u00f1os del Partido Popular al frente del consistorio. Tenemos que sentar las bases de un nuevo modelo de contrataci\u00f3n del Ayuntamiento realmente justo e igualitario\u00bb.<\/p>\n","protected":false},"excerpt":{"rendered":"<p>La portavoz del Grupo Municipal de IU en el Ayuntamiento de Oviedo, Cristina Pont\u00f3n, se ha mostrado este mi\u00e9rcoles interesada en conocer la soluci\u00f3n que propone Somos para los trabajadores del Plan de Empleo. El grupo municipal de Izquierda Unida de Oviedo ha propuesto este mi\u00e9rcoles celebrar una reuni\u00f3n extraordinaria de la Comisi\u00f3n de econom\u00eda [&hellip;]<\/p>\n","protected":false},"author":1,"featured_media":845397,"comment_status":"closed","ping_status":"closed","sticky":false,"template":"","format":"standard","meta":{"footnotes":""},"categories":[12],"tags":[],"class_list":["post-853564","post","type-post","status-publish","format-standard","has-post-thumbnail","hentry","category-actualidad-asturias"],"aioseo_notices":[],"aioseo_head":"\n\t\t<!-- All in One SEO Pro 4.9.6.2 - aioseo.com -->\n\t<meta name=\"description\" content=\"La portavoz del Grupo Municipal de IU en el Ayuntamiento de Oviedo, Cristina Pont\u00f3n, se ha mostrado este mi\u00e9rcoles interesada en conocer la soluci\u00f3n que propone Somos para los trabajadores del Plan de Empleo. El grupo municipal de Izquierda Unida de Oviedo ha propuesto este mi\u00e9rcoles celebrar una reuni\u00f3n extraordinaria de la Comisi\u00f3n de econom\u00eda\" \/>\n\t<meta name=\"robots\" content=\"max-image-preview:large\" \/>\n\t<meta name=\"author\" content=\"El Digital de Asturias\"\/>\n\t<meta name=\"google-site-verification\" content=\"UA-38556648-1\" \/>\n\t<meta name=\"msvalidate.01\" content=\"7dfe9f3f1b24437ab69f4f2559babe99\" \/>\n\t<meta name=\"keywords\" content=\"actualidad asturias\" \/>\n\t<link rel=\"canonical\" href=\"https:\/\/www.eldigitaldeasturias.com\/noticias\/cristina-ponton-quiere-conocer-la-solucion-que-propone-somos-para-los-trabajadores-del-plan-de-empleo\/\" \/>\n\t<meta name=\"generator\" content=\"All in One SEO Pro (AIOSEO) 4.9.6.2\" \/>\n\t\t<meta property=\"og:locale\" content=\"es_ES\" \/>\n\t\t<meta property=\"og:site_name\" content=\"El Digital de Asturias\" \/>\n\t\t<meta property=\"og:type\" content=\"article\" \/>\n\t\t<meta property=\"og:title\" content=\"Cristina Pont\u00f3n quiere conocer la soluci\u00f3n que propone Somos para los trabajadores del Plan de Empleo - El Digital de Asturias\" \/>\n\t\t<meta property=\"og:description\" content=\"La portavoz del Grupo Municipal de IU en el Ayuntamiento de Oviedo, Cristina Pont\u00f3n, se ha mostrado este mi\u00e9rcoles interesada en conocer la soluci\u00f3n que propone Somos para los trabajadores del Plan de Empleo. El grupo municipal de Izquierda Unida de Oviedo ha propuesto este mi\u00e9rcoles celebrar una reuni\u00f3n extraordinaria de la Comisi\u00f3n de econom\u00eda\" \/>\n\t\t<meta property=\"og:url\" content=\"https:\/\/www.eldigitaldeasturias.com\/noticias\/cristina-ponton-quiere-conocer-la-solucion-que-propone-somos-para-los-trabajadores-del-plan-de-empleo\/\" \/>\n\t\t<meta property=\"og:image\" content=\"https:\/\/www.eldigitaldeasturias.com\/noticias\/wp-content\/uploads\/2016\/01\/pleno-oviedo.jpg\" \/>\n\t\t<meta property=\"og:image:secure_url\" content=\"https:\/\/www.eldigitaldeasturias.com\/noticias\/wp-content\/uploads\/2016\/01\/pleno-oviedo.jpg\" \/>\n\t\t<meta property=\"og:image:width\" content=\"800\" \/>\n\t\t<meta property=\"og:image:height\" content=\"600\" \/>\n\t\t<meta property=\"article:tag\" content=\"actualidad asturias\" \/>\n\t\t<meta property=\"article:published_time\" content=\"2016-02-03T19:53:23+00:00\" \/>\n\t\t<meta property=\"article:modified_time\" content=\"2016-02-03T19:53:23+00:00\" \/>\n\t\t<meta property=\"article:publisher\" content=\"https:\/\/facebook.com\/eldigitaldeasturias\" \/>\n\t\t<meta name=\"twitter:card\" content=\"summary_large_image\" \/>\n\t\t<meta name=\"twitter:title\" content=\"Cristina Pont\u00f3n quiere conocer la soluci\u00f3n que propone Somos para los trabajadores del Plan de Empleo - El Digital de Asturias\" \/>\n\t\t<meta name=\"twitter:description\" content=\"La portavoz del Grupo Municipal de IU en el Ayuntamiento de Oviedo, Cristina Pont\u00f3n, se ha mostrado este mi\u00e9rcoles interesada en conocer la soluci\u00f3n que propone Somos para los trabajadores del Plan de Empleo. El grupo municipal de Izquierda Unida de Oviedo ha propuesto este mi\u00e9rcoles celebrar una reuni\u00f3n extraordinaria de la Comisi\u00f3n de econom\u00eda\" \/>\n\t\t<meta name=\"twitter:image\" content=\"https:\/\/www.eldigitaldeasturias.com\/noticias\/wp-content\/uploads\/2016\/01\/pleno-oviedo.jpg\" \/>\n\t\t<meta name=\"twitter:label1\" content=\"Escrito por\" \/>\n\t\t<meta name=\"twitter:data1\" content=\"El Digital de Asturias\" \/>\n\t\t<meta name=\"twitter:label2\" content=\"Tiempo de lectura estimado\" \/>\n\t\t<meta name=\"twitter:data2\" content=\"2 minutos\" \/>\n\t\t<script type=\"application\/ld+json\" class=\"aioseo-schema\">\n\t\t\t{\"@context\":\"https:\\\/\\\/schema.org\",\"@graph\":[{\"@type\":\"BlogPosting\",\"@id\":\"https:\\\/\\\/www.eldigitaldeasturias.com\\\/noticias\\\/cristina-ponton-quiere-conocer-la-solucion-que-propone-somos-para-los-trabajadores-del-plan-de-empleo\\\/#blogposting\",\"name\":\"Cristina Pont\\u00f3n quiere conocer la soluci\\u00f3n que propone Somos para los trabajadores del Plan de Empleo - El Digital de Asturias\",\"headline\":\"Cristina Pont\\u00f3n quiere conocer la soluci\\u00f3n que propone Somos para los trabajadores del Plan de Empleo\",\"author\":{\"@id\":\"https:\\\/\\\/www.eldigitaldeasturias.com\\\/noticias\\\/author\\\/admin\\\/#author\"},\"publisher\":{\"@id\":\"https:\\\/\\\/www.eldigitaldeasturias.com\\\/noticias\\\/#organization\"},\"image\":{\"@type\":\"ImageObject\",\"url\":\"https:\\\/\\\/www.eldigitaldeasturias.com\\\/noticias\\\/wp-content\\\/uploads\\\/2016\\\/01\\\/pleno-oviedo.jpg\",\"width\":800,\"height\":600},\"datePublished\":\"2016-02-03T19:53:23+01:00\",\"dateModified\":\"2016-02-03T19:53:23+01:00\",\"inLanguage\":\"es-ES\",\"mainEntityOfPage\":{\"@id\":\"https:\\\/\\\/www.eldigitaldeasturias.com\\\/noticias\\\/cristina-ponton-quiere-conocer-la-solucion-que-propone-somos-para-los-trabajadores-del-plan-de-empleo\\\/#webpage\"},\"isPartOf\":{\"@id\":\"https:\\\/\\\/www.eldigitaldeasturias.com\\\/noticias\\\/cristina-ponton-quiere-conocer-la-solucion-que-propone-somos-para-los-trabajadores-del-plan-de-empleo\\\/#webpage\"},\"articleSection\":\"Actualidad Asturias\"},{\"@type\":\"BreadcrumbList\",\"@id\":\"https:\\\/\\\/www.eldigitaldeasturias.com\\\/noticias\\\/cristina-ponton-quiere-conocer-la-solucion-que-propone-somos-para-los-trabajadores-del-plan-de-empleo\\\/#breadcrumblist\",\"itemListElement\":[{\"@type\":\"ListItem\",\"@id\":\"https:\\\/\\\/www.eldigitaldeasturias.com\\\/noticias#listItem\",\"position\":1,\"name\":\"Home\",\"item\":\"https:\\\/\\\/www.eldigitaldeasturias.com\\\/noticias\",\"nextItem\":{\"@type\":\"ListItem\",\"@id\":\"https:\\\/\\\/www.eldigitaldeasturias.com\\\/noticias\\\/category\\\/actualidad-asturias\\\/#listItem\",\"name\":\"Actualidad Asturias\"}},{\"@type\":\"ListItem\",\"@id\":\"https:\\\/\\\/www.eldigitaldeasturias.com\\\/noticias\\\/category\\\/actualidad-asturias\\\/#listItem\",\"position\":2,\"name\":\"Actualidad Asturias\",\"item\":\"https:\\\/\\\/www.eldigitaldeasturias.com\\\/noticias\\\/category\\\/actualidad-asturias\\\/\",\"nextItem\":{\"@type\":\"ListItem\",\"@id\":\"https:\\\/\\\/www.eldigitaldeasturias.com\\\/noticias\\\/cristina-ponton-quiere-conocer-la-solucion-que-propone-somos-para-los-trabajadores-del-plan-de-empleo\\\/#listItem\",\"name\":\"Cristina Pont\\u00f3n quiere conocer la soluci\\u00f3n que propone Somos para los trabajadores del Plan de Empleo\"},\"previousItem\":{\"@type\":\"ListItem\",\"@id\":\"https:\\\/\\\/www.eldigitaldeasturias.com\\\/noticias#listItem\",\"name\":\"Home\"}},{\"@type\":\"ListItem\",\"@id\":\"https:\\\/\\\/www.eldigitaldeasturias.com\\\/noticias\\\/cristina-ponton-quiere-conocer-la-solucion-que-propone-somos-para-los-trabajadores-del-plan-de-empleo\\\/#listItem\",\"position\":3,\"name\":\"Cristina Pont\\u00f3n quiere conocer la soluci\\u00f3n que propone Somos para los trabajadores del Plan de Empleo\",\"previousItem\":{\"@type\":\"ListItem\",\"@id\":\"https:\\\/\\\/www.eldigitaldeasturias.com\\\/noticias\\\/category\\\/actualidad-asturias\\\/#listItem\",\"name\":\"Actualidad Asturias\"}}]},{\"@type\":\"Organization\",\"@id\":\"https:\\\/\\\/www.eldigitaldeasturias.com\\\/noticias\\\/#organization\",\"name\":\"El Digital de Asturias\",\"description\":\"Hemeroteca\",\"url\":\"https:\\\/\\\/www.eldigitaldeasturias.com\\\/noticias\\\/\",\"email\":\"info@eldigitaldeasturias.com\",\"telephone\":\"+34652131393\",\"logo\":{\"@type\":\"ImageObject\",\"url\":\"https:\\\/\\\/www.eldigitaldeasturias.com\\\/noticias\\\/wp-content\\\/uploads\\\/2020\\\/12\\\/EDA.jpg\",\"@id\":\"https:\\\/\\\/www.eldigitaldeasturias.com\\\/noticias\\\/cristina-ponton-quiere-conocer-la-solucion-que-propone-somos-para-los-trabajadores-del-plan-de-empleo\\\/#organizationLogo\",\"width\":649,\"height\":297},\"image\":{\"@id\":\"https:\\\/\\\/www.eldigitaldeasturias.com\\\/noticias\\\/cristina-ponton-quiere-conocer-la-solucion-que-propone-somos-para-los-trabajadores-del-plan-de-empleo\\\/#organizationLogo\"},\"sameAs\":[\"https:\\\/\\\/facebook.com\\\/eldigitaldeasturias\",\"https:\\\/\\\/www.youtube.com\\\/channel\\\/UCZP-2wLEB9Rv6erhFmqVnvg\"],\"address\":{\"@id\":\"https:\\\/\\\/www.eldigitaldeasturias.com\\\/noticias\\\/#postaladdress\",\"@type\":\"PostalAddress\",\"streetAddress\":\"san antonio 4,\",\"postalCode\":\"33430\",\"addressLocality\":\"Cand\\u00e1s\",\"addressRegion\":\"Asturias\",\"addressCountry\":\"ES\"}},{\"@type\":\"Person\",\"@id\":\"https:\\\/\\\/www.eldigitaldeasturias.com\\\/noticias\\\/author\\\/admin\\\/#author\",\"url\":\"https:\\\/\\\/www.eldigitaldeasturias.com\\\/noticias\\\/author\\\/admin\\\/\",\"name\":\"El Digital de Asturias\",\"image\":{\"@type\":\"ImageObject\",\"@id\":\"https:\\\/\\\/www.eldigitaldeasturias.com\\\/noticias\\\/cristina-ponton-quiere-conocer-la-solucion-que-propone-somos-para-los-trabajadores-del-plan-de-empleo\\\/#authorImage\",\"url\":\"https:\\\/\\\/www.eldigitaldeasturias.com\\\/noticias\\\/wp-content\\\/litespeed\\\/avatar\\\/18677e78aa0546b92d9dbf31ec7d7668.jpg?ver=1777290358\",\"width\":96,\"height\":96,\"caption\":\"El Digital de Asturias\"}},{\"@type\":\"WebPage\",\"@id\":\"https:\\\/\\\/www.eldigitaldeasturias.com\\\/noticias\\\/cristina-ponton-quiere-conocer-la-solucion-que-propone-somos-para-los-trabajadores-del-plan-de-empleo\\\/#webpage\",\"url\":\"https:\\\/\\\/www.eldigitaldeasturias.com\\\/noticias\\\/cristina-ponton-quiere-conocer-la-solucion-que-propone-somos-para-los-trabajadores-del-plan-de-empleo\\\/\",\"name\":\"Cristina Pont\\u00f3n quiere conocer la soluci\\u00f3n que propone Somos para los trabajadores del Plan de Empleo - El Digital de Asturias\",\"description\":\"La portavoz del Grupo Municipal de IU en el Ayuntamiento de Oviedo, Cristina Pont\\u00f3n, se ha mostrado este mi\\u00e9rcoles interesada en conocer la soluci\\u00f3n que propone Somos para los trabajadores del Plan de Empleo. El grupo municipal de Izquierda Unida de Oviedo ha propuesto este mi\\u00e9rcoles celebrar una reuni\\u00f3n extraordinaria de la Comisi\\u00f3n de econom\\u00eda\",\"inLanguage\":\"es-ES\",\"isPartOf\":{\"@id\":\"https:\\\/\\\/www.eldigitaldeasturias.com\\\/noticias\\\/#website\"},\"breadcrumb\":{\"@id\":\"https:\\\/\\\/www.eldigitaldeasturias.com\\\/noticias\\\/cristina-ponton-quiere-conocer-la-solucion-que-propone-somos-para-los-trabajadores-del-plan-de-empleo\\\/#breadcrumblist\"},\"author\":{\"@id\":\"https:\\\/\\\/www.eldigitaldeasturias.com\\\/noticias\\\/author\\\/admin\\\/#author\"},\"creator\":{\"@id\":\"https:\\\/\\\/www.eldigitaldeasturias.com\\\/noticias\\\/author\\\/admin\\\/#author\"},\"image\":{\"@type\":\"ImageObject\",\"url\":\"https:\\\/\\\/www.eldigitaldeasturias.com\\\/noticias\\\/wp-content\\\/uploads\\\/2016\\\/01\\\/pleno-oviedo.jpg\",\"@id\":\"https:\\\/\\\/www.eldigitaldeasturias.com\\\/noticias\\\/cristina-ponton-quiere-conocer-la-solucion-que-propone-somos-para-los-trabajadores-del-plan-de-empleo\\\/#mainImage\",\"width\":800,\"height\":600},\"primaryImageOfPage\":{\"@id\":\"https:\\\/\\\/www.eldigitaldeasturias.com\\\/noticias\\\/cristina-ponton-quiere-conocer-la-solucion-que-propone-somos-para-los-trabajadores-del-plan-de-empleo\\\/#mainImage\"},\"datePublished\":\"2016-02-03T19:53:23+01:00\",\"dateModified\":\"2016-02-03T19:53:23+01:00\"},{\"@type\":\"WebSite\",\"@id\":\"https:\\\/\\\/www.eldigitaldeasturias.com\\\/noticias\\\/#website\",\"url\":\"https:\\\/\\\/www.eldigitaldeasturias.com\\\/noticias\\\/\",\"name\":\"El Digital de Asturias - Diario de actualidad y noticias\",\"alternateName\":\"El Digital de Asturias - Diario de actualidad y noticias\",\"description\":\"Hemeroteca\",\"inLanguage\":\"es-ES\",\"publisher\":{\"@id\":\"https:\\\/\\\/www.eldigitaldeasturias.com\\\/noticias\\\/#organization\"}}]}\n\t\t<\/script>\n\t\t<!-- All in One SEO Pro -->\r\n\t\t<title>Cristina Pont\u00f3n quiere conocer la soluci\u00f3n que propone Somos para los trabajadores del Plan de Empleo - El Digital de Asturias<\/title>\n\n","aioseo_head_json":{"title":"Cristina Pont\u00f3n quiere conocer la soluci\u00f3n que propone Somos para los trabajadores del Plan de Empleo - El Digital de Asturias","description":"La portavoz del Grupo Municipal de IU en el Ayuntamiento de Oviedo, Cristina Pont\u00f3n, se ha mostrado este mi\u00e9rcoles interesada en conocer la soluci\u00f3n que propone Somos para los trabajadores del Plan de Empleo. El grupo municipal de Izquierda Unida de Oviedo ha propuesto este mi\u00e9rcoles celebrar una reuni\u00f3n extraordinaria de la Comisi\u00f3n de econom\u00eda","canonical_url":"https:\/\/www.eldigitaldeasturias.com\/noticias\/cristina-ponton-quiere-conocer-la-solucion-que-propone-somos-para-los-trabajadores-del-plan-de-empleo\/","robots":"max-image-preview:large","keywords":"actualidad asturias","webmasterTools":{"google-site-verification":"UA-38556648-1","msvalidate.01":"7dfe9f3f1b24437ab69f4f2559babe99","miscellaneous":""},"schema":{"@context":"https:\/\/schema.org","@graph":[{"@type":"BlogPosting","@id":"https:\/\/www.eldigitaldeasturias.com\/noticias\/cristina-ponton-quiere-conocer-la-solucion-que-propone-somos-para-los-trabajadores-del-plan-de-empleo\/#blogposting","name":"Cristina Pont\u00f3n quiere conocer la soluci\u00f3n que propone Somos para los trabajadores del Plan de Empleo - El Digital de Asturias","headline":"Cristina Pont\u00f3n quiere conocer la soluci\u00f3n que propone Somos para los trabajadores del Plan de Empleo","author":{"@id":"https:\/\/www.eldigitaldeasturias.com\/noticias\/author\/admin\/#author"},"publisher":{"@id":"https:\/\/www.eldigitaldeasturias.com\/noticias\/#organization"},"image":{"@type":"ImageObject","url":"https:\/\/www.eldigitaldeasturias.com\/noticias\/wp-content\/uploads\/2016\/01\/pleno-oviedo.jpg","width":800,"height":600},"datePublished":"2016-02-03T19:53:23+01:00","dateModified":"2016-02-03T19:53:23+01:00","inLanguage":"es-ES","mainEntityOfPage":{"@id":"https:\/\/www.eldigitaldeasturias.com\/noticias\/cristina-ponton-quiere-conocer-la-solucion-que-propone-somos-para-los-trabajadores-del-plan-de-empleo\/#webpage"},"isPartOf":{"@id":"https:\/\/www.eldigitaldeasturias.com\/noticias\/cristina-ponton-quiere-conocer-la-solucion-que-propone-somos-para-los-trabajadores-del-plan-de-empleo\/#webpage"},"articleSection":"Actualidad Asturias"},{"@type":"BreadcrumbList","@id":"https:\/\/www.eldigitaldeasturias.com\/noticias\/cristina-ponton-quiere-conocer-la-solucion-que-propone-somos-para-los-trabajadores-del-plan-de-empleo\/#breadcrumblist","itemListElement":[{"@type":"ListItem","@id":"https:\/\/www.eldigitaldeasturias.com\/noticias#listItem","position":1,"name":"Home","item":"https:\/\/www.eldigitaldeasturias.com\/noticias","nextItem":{"@type":"ListItem","@id":"https:\/\/www.eldigitaldeasturias.com\/noticias\/category\/actualidad-asturias\/#listItem","name":"Actualidad Asturias"}},{"@type":"ListItem","@id":"https:\/\/www.eldigitaldeasturias.com\/noticias\/category\/actualidad-asturias\/#listItem","position":2,"name":"Actualidad Asturias","item":"https:\/\/www.eldigitaldeasturias.com\/noticias\/category\/actualidad-asturias\/","nextItem":{"@type":"ListItem","@id":"https:\/\/www.eldigitaldeasturias.com\/noticias\/cristina-ponton-quiere-conocer-la-solucion-que-propone-somos-para-los-trabajadores-del-plan-de-empleo\/#listItem","name":"Cristina Pont\u00f3n quiere conocer la soluci\u00f3n que propone Somos para los trabajadores del Plan de Empleo"},"previousItem":{"@type":"ListItem","@id":"https:\/\/www.eldigitaldeasturias.com\/noticias#listItem","name":"Home"}},{"@type":"ListItem","@id":"https:\/\/www.eldigitaldeasturias.com\/noticias\/cristina-ponton-quiere-conocer-la-solucion-que-propone-somos-para-los-trabajadores-del-plan-de-empleo\/#listItem","position":3,"name":"Cristina Pont\u00f3n quiere conocer la soluci\u00f3n que propone Somos para los trabajadores del Plan de Empleo","previousItem":{"@type":"ListItem","@id":"https:\/\/www.eldigitaldeasturias.com\/noticias\/category\/actualidad-asturias\/#listItem","name":"Actualidad Asturias"}}]},{"@type":"Organization","@id":"https:\/\/www.eldigitaldeasturias.com\/noticias\/#organization","name":"El Digital de Asturias","description":"Hemeroteca","url":"https:\/\/www.eldigitaldeasturias.com\/noticias\/","email":"info@eldigitaldeasturias.com","telephone":"+34652131393","logo":{"@type":"ImageObject","url":"https:\/\/www.eldigitaldeasturias.com\/noticias\/wp-content\/uploads\/2020\/12\/EDA.jpg","@id":"https:\/\/www.eldigitaldeasturias.com\/noticias\/cristina-ponton-quiere-conocer-la-solucion-que-propone-somos-para-los-trabajadores-del-plan-de-empleo\/#organizationLogo","width":649,"height":297},"image":{"@id":"https:\/\/www.eldigitaldeasturias.com\/noticias\/cristina-ponton-quiere-conocer-la-solucion-que-propone-somos-para-los-trabajadores-del-plan-de-empleo\/#organizationLogo"},"sameAs":["https:\/\/facebook.com\/eldigitaldeasturias","https:\/\/www.youtube.com\/channel\/UCZP-2wLEB9Rv6erhFmqVnvg"],"address":{"@id":"https:\/\/www.eldigitaldeasturias.com\/noticias\/#postaladdress","@type":"PostalAddress","streetAddress":"san antonio 4,","postalCode":"33430","addressLocality":"Cand\u00e1s","addressRegion":"Asturias","addressCountry":"ES"}},{"@type":"Person","@id":"https:\/\/www.eldigitaldeasturias.com\/noticias\/author\/admin\/#author","url":"https:\/\/www.eldigitaldeasturias.com\/noticias\/author\/admin\/","name":"El Digital de Asturias","image":{"@type":"ImageObject","@id":"https:\/\/www.eldigitaldeasturias.com\/noticias\/cristina-ponton-quiere-conocer-la-solucion-que-propone-somos-para-los-trabajadores-del-plan-de-empleo\/#authorImage","url":"https:\/\/www.eldigitaldeasturias.com\/noticias\/wp-content\/litespeed\/avatar\/18677e78aa0546b92d9dbf31ec7d7668.jpg?ver=1777290358","width":96,"height":96,"caption":"El Digital de Asturias"}},{"@type":"WebPage","@id":"https:\/\/www.eldigitaldeasturias.com\/noticias\/cristina-ponton-quiere-conocer-la-solucion-que-propone-somos-para-los-trabajadores-del-plan-de-empleo\/#webpage","url":"https:\/\/www.eldigitaldeasturias.com\/noticias\/cristina-ponton-quiere-conocer-la-solucion-que-propone-somos-para-los-trabajadores-del-plan-de-empleo\/","name":"Cristina Pont\u00f3n quiere conocer la soluci\u00f3n que propone Somos para los trabajadores del Plan de Empleo - El Digital de Asturias","description":"La portavoz del Grupo Municipal de IU en el Ayuntamiento de Oviedo, Cristina Pont\u00f3n, se ha mostrado este mi\u00e9rcoles interesada en conocer la soluci\u00f3n que propone Somos para los trabajadores del Plan de Empleo. El grupo municipal de Izquierda Unida de Oviedo ha propuesto este mi\u00e9rcoles celebrar una reuni\u00f3n extraordinaria de la Comisi\u00f3n de econom\u00eda","inLanguage":"es-ES","isPartOf":{"@id":"https:\/\/www.eldigitaldeasturias.com\/noticias\/#website"},"breadcrumb":{"@id":"https:\/\/www.eldigitaldeasturias.com\/noticias\/cristina-ponton-quiere-conocer-la-solucion-que-propone-somos-para-los-trabajadores-del-plan-de-empleo\/#breadcrumblist"},"author":{"@id":"https:\/\/www.eldigitaldeasturias.com\/noticias\/author\/admin\/#author"},"creator":{"@id":"https:\/\/www.eldigitaldeasturias.com\/noticias\/author\/admin\/#author"},"image":{"@type":"ImageObject","url":"https:\/\/www.eldigitaldeasturias.com\/noticias\/wp-content\/uploads\/2016\/01\/pleno-oviedo.jpg","@id":"https:\/\/www.eldigitaldeasturias.com\/noticias\/cristina-ponton-quiere-conocer-la-solucion-que-propone-somos-para-los-trabajadores-del-plan-de-empleo\/#mainImage","width":800,"height":600},"primaryImageOfPage":{"@id":"https:\/\/www.eldigitaldeasturias.com\/noticias\/cristina-ponton-quiere-conocer-la-solucion-que-propone-somos-para-los-trabajadores-del-plan-de-empleo\/#mainImage"},"datePublished":"2016-02-03T19:53:23+01:00","dateModified":"2016-02-03T19:53:23+01:00"},{"@type":"WebSite","@id":"https:\/\/www.eldigitaldeasturias.com\/noticias\/#website","url":"https:\/\/www.eldigitaldeasturias.com\/noticias\/","name":"El Digital de Asturias - Diario de actualidad y noticias","alternateName":"El Digital de Asturias - Diario de actualidad y noticias","description":"Hemeroteca","inLanguage":"es-ES","publisher":{"@id":"https:\/\/www.eldigitaldeasturias.com\/noticias\/#organization"}}]},"og:locale":"es_ES","og:site_name":"El Digital de Asturias","og:type":"article","og:title":"Cristina Pont\u00f3n quiere conocer la soluci\u00f3n que propone Somos para los trabajadores del Plan de Empleo - El Digital de Asturias","og:description":"La portavoz del Grupo Municipal de IU en el Ayuntamiento de Oviedo, Cristina Pont\u00f3n, se ha mostrado este mi\u00e9rcoles interesada en conocer la soluci\u00f3n que propone Somos para los trabajadores del Plan de Empleo. El grupo municipal de Izquierda Unida de Oviedo ha propuesto este mi\u00e9rcoles celebrar una reuni\u00f3n extraordinaria de la Comisi\u00f3n de econom\u00eda","og:url":"https:\/\/www.eldigitaldeasturias.com\/noticias\/cristina-ponton-quiere-conocer-la-solucion-que-propone-somos-para-los-trabajadores-del-plan-de-empleo\/","og:image":"https:\/\/www.eldigitaldeasturias.com\/noticias\/wp-content\/uploads\/2016\/01\/pleno-oviedo.jpg","og:image:secure_url":"https:\/\/www.eldigitaldeasturias.com\/noticias\/wp-content\/uploads\/2016\/01\/pleno-oviedo.jpg","og:image:width":800,"og:image:height":600,"article:tag":["actualidad asturias"],"article:published_time":"2016-02-03T19:53:23+00:00","article:modified_time":"2016-02-03T19:53:23+00:00","article:publisher":"https:\/\/facebook.com\/eldigitaldeasturias","twitter:card":"summary_large_image","twitter:title":"Cristina Pont\u00f3n quiere conocer la soluci\u00f3n que propone Somos para los trabajadores del Plan de Empleo - El Digital de Asturias","twitter:description":"La portavoz del Grupo Municipal de IU en el Ayuntamiento de Oviedo, Cristina Pont\u00f3n, se ha mostrado este mi\u00e9rcoles interesada en conocer la soluci\u00f3n que propone Somos para los trabajadores del Plan de Empleo. El grupo municipal de Izquierda Unida de Oviedo ha propuesto este mi\u00e9rcoles celebrar una reuni\u00f3n extraordinaria de la Comisi\u00f3n de econom\u00eda","twitter:image":"https:\/\/www.eldigitaldeasturias.com\/noticias\/wp-content\/uploads\/2016\/01\/pleno-oviedo.jpg","twitter:label1":"Escrito por","twitter:data1":"El Digital de Asturias","twitter:label2":"Tiempo de lectura estimado","twitter:data2":"2 minutos"},"aioseo_meta_data":{"post_id":"853564","title":null,"description":null,"keywords":null,"keyphrases":null,"primary_term":null,"canonical_url":null,"og_title":null,"og_description":null,"og_object_type":"default","og_image_type":"default","og_image_url":null,"og_image_width":null,"og_image_height":null,"og_image_custom_url":null,"og_image_custom_fields":null,"og_video":null,"og_custom_url":null,"og_article_section":null,"og_article_tags":null,"twitter_use_og":false,"twitter_card":"default","twitter_image_type":"default","twitter_image_url":null,"twitter_image_custom_url":null,"twitter_image_custom_fields":null,"twitter_title":null,"twitter_description":null,"schema":{"blockGraphs":[],"customGraphs":[],"default":{"data":{"Article":[],"Course":[],"Dataset":[],"FAQPage":[],"Movie":[],"Person":[],"Product":[],"ProductReview":[],"Car":[],"Recipe":[],"Service":[],"SoftwareApplication":[],"WebPage":[]},"graphName":"","isEnabled":true},"graphs":[],"defaultGraph":"","defaultPostTypeGraph":""},"schema_type":null,"schema_type_options":null,"pillar_content":false,"robots_default":true,"robots_noindex":false,"robots_noarchive":false,"robots_nosnippet":false,"robots_nofollow":false,"robots_noimageindex":false,"robots_noodp":false,"robots_notranslate":false,"robots_max_snippet":null,"robots_max_videopreview":null,"robots_max_imagepreview":"large","priority":null,"frequency":null,"local_seo":null,"seo_analyzer_scan_date":"2025-12-09 18:38:12","breadcrumb_settings":null,"limit_modified_date":false,"open_ai":null,"ai":null,"created":"2021-01-23 14:09:17","updated":"2025-12-09 18:38:12"},"aioseo_breadcrumb":"<div class=\"aioseo-breadcrumbs\"><span class=\"aioseo-breadcrumb\">\n\t<a href=\"https:\/\/www.eldigitaldeasturias.com\/noticias\" title=\"Home\">Home<\/a>\n<\/span><span class=\"aioseo-breadcrumb-separator\">\u2013<\/span><span class=\"aioseo-breadcrumb\">\n\t<a href=\"https:\/\/www.eldigitaldeasturias.com\/noticias\/category\/actualidad-asturias\/\" title=\"Actualidad Asturias\">Actualidad Asturias<\/a>\n<\/span><span class=\"aioseo-breadcrumb-separator\">\u2013<\/span><span class=\"aioseo-breadcrumb\">\n\t<a href=\"https:\/\/www.eldigitaldeasturias.com\/noticias\/cristina-ponton-quiere-conocer-la-solucion-que-propone-somos-para-los-trabajadores-del-plan-de-empleo\/\" title=\"Cristina Pont\u00f3n quiere conocer la soluci\u00f3n que propone Somos para los trabajadores del Plan de Empleo\">Cristina Pont\u00f3n quiere conocer la soluci\u00f3n que propone Somos para los trabajadores del Plan de Empleo<\/a>\n<\/span><\/div>","aioseo_breadcrumb_json":[{"label":"Home","link":"https:\/\/www.eldigitaldeasturias.com\/noticias"},{"label":"Actualidad Asturias","link":"https:\/\/www.eldigitaldeasturias.com\/noticias\/category\/actualidad-asturias\/"},{"label":"Cristina Pont\u00f3n quiere conocer la soluci\u00f3n que propone Somos para los trabajadores del Plan de Empleo","link":"https:\/\/www.eldigitaldeasturias.com\/noticias\/cristina-ponton-quiere-conocer-la-solucion-que-propone-somos-para-los-trabajadores-del-plan-de-empleo\/"}],"_links":{"self":[{"href":"https:\/\/www.eldigitaldeasturias.com\/noticias\/wp-json\/wp\/v2\/posts\/853564","targetHints":{"allow":["GET"]}}],"collection":[{"href":"https:\/\/www.eldigitaldeasturias.com\/noticias\/wp-json\/wp\/v2\/posts"}],"about":[{"href":"https:\/\/www.eldigitaldeasturias.com\/noticias\/wp-json\/wp\/v2\/types\/post"}],"author":[{"embeddable":true,"href":"https:\/\/www.eldigitaldeasturias.com\/noticias\/wp-json\/wp\/v2\/users\/1"}],"replies":[{"embeddable":true,"href":"https:\/\/www.eldigitaldeasturias.com\/noticias\/wp-json\/wp\/v2\/comments?post=853564"}],"version-history":[{"count":0,"href":"https:\/\/www.eldigitaldeasturias.com\/noticias\/wp-json\/wp\/v2\/posts\/853564\/revisions"}],"wp:featuredmedia":[{"embeddable":true,"href":"https:\/\/www.eldigitaldeasturias.com\/noticias\/wp-json\/wp\/v2\/media\/845397"}],"wp:attachment":[{"href":"https:\/\/www.eldigitaldeasturias.com\/noticias\/wp-json\/wp\/v2\/media?parent=853564"}],"wp:term":[{"taxonomy":"category","embeddable":true,"href":"https:\/\/www.eldigitaldeasturias.com\/noticias\/wp-json\/wp\/v2\/categories?post=853564"},{"taxonomy":"post_tag","embeddable":true,"href":"https:\/\/www.eldigitaldeasturias.com\/noticias\/wp-json\/wp\/v2\/tags?post=853564"}],"curies":[{"name":"wp","href":"https:\/\/api.w.org\/{rel}","templated":true}]}}