{"id":853562,"date":"2016-02-03T19:51:05","date_gmt":"2016-02-03T19:51:05","guid":{"rendered":"http:\/\/www.eldigitaldeasturias.com\/noticias\/?p=853562"},"modified":"2016-02-03T19:51:05","modified_gmt":"2016-02-03T19:51:05","slug":"cristina-coto-ve-a-pedro-sanchez-como-la-encarnacion-viva-del-fracaso-el-20d","status":"publish","type":"post","link":"https:\/\/www.eldigitaldeasturias.com\/noticias\/cristina-coto-ve-a-pedro-sanchez-como-la-encarnacion-viva-del-fracaso-el-20d\/","title":{"rendered":"Cristina Coto ve a Pedro S\u00e1nchez como \u00abla encarnaci\u00f3n viva del fracaso el 20D\u00bb"},"content":{"rendered":"<p><img loading=\"lazy\" decoding=\"async\" class=\"alignleft size-medium wp-image-814730\" src=\"https:\/\/www.eldigitaldeasturias.com\/noticias\/wp-content\/uploads\/2015\/10\/Cristina-Coto-360x240.jpg\" alt=\"Cristina Coto\" width=\"360\" height=\"240\" srcset=\"https:\/\/www.eldigitaldeasturias.com\/noticias\/wp-content\/uploads\/2015\/10\/Cristina-Coto-360x240.jpg 360w, https:\/\/www.eldigitaldeasturias.com\/noticias\/wp-content\/uploads\/2015\/10\/Cristina-Coto-768x512.jpg 768w, https:\/\/www.eldigitaldeasturias.com\/noticias\/wp-content\/uploads\/2015\/10\/Cristina-Coto-650x433.jpg 650w, https:\/\/www.eldigitaldeasturias.com\/noticias\/wp-content\/uploads\/2015\/10\/Cristina-Coto.jpg 800w\" sizes=\"auto, (max-width: 360px) 100vw, 360px\" \/>La presidenta de Foro, Cristina Coto, ha manifestado este mi\u00e9rcoles que \u00abPedro S\u00e1nchez, la encarnaci\u00f3n viva del fracaso el pasado 20-D y del veto al responder reiteradamente &#8216;!no!&#8217;, ha iniciado una huida hacia delante proponi\u00e9ndose como presidente\u00bb.<\/p>\n<p>Coto se ha referido as\u00ed a la situaci\u00f3n pol\u00edtica nacional surgida por la decisi\u00f3n de SM El Rey de encargar a Pedro S\u00e1nchez que forme gobierno, ante la renuncia temporal de Mariano Rajoy a ser investido.<\/p>\n<p>La diputada de Foro destaca que \u00abhemos asistido a una evoluci\u00f3n ins\u00f3lita viendo c\u00f3mo el 20 de diciembre Pedro S\u00e1nchez era la encarnaci\u00f3n del fracaso despu\u00e9s de haber llevado a su partido al peor resultado de su historia desde la instauraci\u00f3n de la democracia, al lograr 90 diputados, y c\u00f3mo en este momento est\u00e1 planificando una posible investidura. Ha pasado de estar cuestionado por sus propios compa\u00f1eros hasta el punto de plantearse la posibilidad de su relevo, a una posible investidura a base de &#8216;noes&#8217; que le han colocado en la primera posici\u00f3n de cara a ser presidente del gobierno\u00bb.<\/p>\n<p>Cristina Coto advierte sobre Pedro S\u00e1nchez que \u00absus grandilocuentes declaraciones apelando al di\u00e1logo sin vetos han sido meras operaciones de imagen que en la pr\u00e1ctica se traducen en vetos sectarios, en primer lugar con la fuerza m\u00e1s votada. Ha sido una pol\u00edtica permanente de &#8216;noes&#8217; que de forma ins\u00f3lita -insiste Coto- le ha colocado en la rampa de salida para intentar formar gobierno\u00bb.<\/p>\n<p>\u00abForo no desea volver con Pedro S\u00e1nchez a los tiempos del agujero econ\u00f3mico de Zapatero, de la ca\u00edda del crecimiento, de la deuda disparada, de la destrucci\u00f3n de empleo y de la incertidumbre del rescate\u00bb, se\u00f1ala.<\/p>\n<p>Y a\u00f1ade que \u00aben Foro seguimos apostando por el ambicioso programa que pactamos con el PP, con compromisos concretos para Asturias. Lo dem\u00e1s es incertidumbre y volver a las pol\u00edticas socialistas del pasado que tanto da\u00f1o han hecho a nuestra regi\u00f3n. A Asturias, situada a la cola de Espa\u00f1a, le conviene el programa que pactamos con el PP, con compromisos concretos para dar respuesta a las causas de nuestro declive, no la vuelta al pasado que propone S\u00e1nchez\u00bb, concluye.<\/p>\n","protected":false},"excerpt":{"rendered":"<p>La presidenta de Foro, Cristina Coto, ha manifestado este mi\u00e9rcoles que \u00abPedro S\u00e1nchez, la encarnaci\u00f3n viva del fracaso el pasado 20-D y del veto al responder reiteradamente &#8216;!no!&#8217;, ha iniciado una huida hacia delante proponi\u00e9ndose como presidente\u00bb. Coto se ha referido as\u00ed a la situaci\u00f3n pol\u00edtica nacional surgida por la decisi\u00f3n de SM El Rey [&hellip;]<\/p>\n","protected":false},"author":1,"featured_media":814730,"comment_status":"closed","ping_status":"closed","sticky":false,"template":"","format":"standard","meta":{"footnotes":""},"categories":[12],"tags":[],"class_list":["post-853562","post","type-post","status-publish","format-standard","has-post-thumbnail","hentry","category-actualidad-asturias"],"aioseo_notices":[],"aioseo_head":"\n\t\t<!-- All in One SEO Pro 4.9.6.2 - aioseo.com -->\n\t<meta name=\"description\" content=\"La presidenta de Foro, Cristina Coto, ha manifestado este mi\u00e9rcoles que &quot;Pedro S\u00e1nchez, la encarnaci\u00f3n viva del fracaso el pasado 20-D y del veto al responder reiteradamente &#039;!no!&#039;, ha iniciado una huida hacia delante proponi\u00e9ndose como presidente&quot;. Coto se ha referido as\u00ed a la situaci\u00f3n pol\u00edtica nacional surgida por la decisi\u00f3n de SM El Rey\" \/>\n\t<meta name=\"robots\" content=\"max-image-preview:large\" \/>\n\t<meta name=\"author\" content=\"El Digital de Asturias\"\/>\n\t<meta name=\"google-site-verification\" content=\"UA-38556648-1\" \/>\n\t<meta name=\"msvalidate.01\" content=\"7dfe9f3f1b24437ab69f4f2559babe99\" \/>\n\t<meta name=\"keywords\" content=\"actualidad asturias\" \/>\n\t<link rel=\"canonical\" href=\"https:\/\/www.eldigitaldeasturias.com\/noticias\/cristina-coto-ve-a-pedro-sanchez-como-la-encarnacion-viva-del-fracaso-el-20d\/\" \/>\n\t<meta name=\"generator\" content=\"All in One SEO Pro (AIOSEO) 4.9.6.2\" \/>\n\t\t<meta property=\"og:locale\" content=\"es_ES\" \/>\n\t\t<meta property=\"og:site_name\" content=\"El Digital de Asturias\" \/>\n\t\t<meta property=\"og:type\" content=\"article\" \/>\n\t\t<meta property=\"og:title\" content=\"Cristina Coto ve a Pedro S\u00e1nchez como \u00abla encarnaci\u00f3n viva del fracaso el 20D\u00bb - El Digital de Asturias\" \/>\n\t\t<meta property=\"og:description\" content=\"La presidenta de Foro, Cristina Coto, ha manifestado este mi\u00e9rcoles que &quot;Pedro S\u00e1nchez, la encarnaci\u00f3n viva del fracaso el pasado 20-D y del veto al responder reiteradamente &#039;!no!&#039;, ha iniciado una huida hacia delante proponi\u00e9ndose como presidente&quot;. Coto se ha referido as\u00ed a la situaci\u00f3n pol\u00edtica nacional surgida por la decisi\u00f3n de SM El Rey\" \/>\n\t\t<meta property=\"og:url\" content=\"https:\/\/www.eldigitaldeasturias.com\/noticias\/cristina-coto-ve-a-pedro-sanchez-como-la-encarnacion-viva-del-fracaso-el-20d\/\" \/>\n\t\t<meta property=\"og:image\" content=\"https:\/\/www.eldigitaldeasturias.com\/noticias\/wp-content\/uploads\/2015\/10\/Cristina-Coto.jpg\" \/>\n\t\t<meta property=\"og:image:secure_url\" content=\"https:\/\/www.eldigitaldeasturias.com\/noticias\/wp-content\/uploads\/2015\/10\/Cristina-Coto.jpg\" \/>\n\t\t<meta property=\"og:image:width\" content=\"800\" \/>\n\t\t<meta property=\"og:image:height\" content=\"533\" \/>\n\t\t<meta property=\"article:tag\" content=\"actualidad asturias\" \/>\n\t\t<meta property=\"article:published_time\" content=\"2016-02-03T19:51:05+00:00\" \/>\n\t\t<meta property=\"article:modified_time\" content=\"2016-02-03T19:51:05+00:00\" \/>\n\t\t<meta property=\"article:publisher\" content=\"https:\/\/facebook.com\/eldigitaldeasturias\" \/>\n\t\t<meta name=\"twitter:card\" content=\"summary_large_image\" \/>\n\t\t<meta name=\"twitter:title\" content=\"Cristina Coto ve a Pedro S\u00e1nchez como \u00abla encarnaci\u00f3n viva del fracaso el 20D\u00bb - El Digital de Asturias\" \/>\n\t\t<meta name=\"twitter:description\" content=\"La presidenta de Foro, Cristina Coto, ha manifestado este mi\u00e9rcoles que &quot;Pedro S\u00e1nchez, la encarnaci\u00f3n viva del fracaso el pasado 20-D y del veto al responder reiteradamente &#039;!no!&#039;, ha iniciado una huida hacia delante proponi\u00e9ndose como presidente&quot;. Coto se ha referido as\u00ed a la situaci\u00f3n pol\u00edtica nacional surgida por la decisi\u00f3n de SM El Rey\" \/>\n\t\t<meta name=\"twitter:image\" content=\"https:\/\/www.eldigitaldeasturias.com\/noticias\/wp-content\/uploads\/2015\/10\/Cristina-Coto.jpg\" \/>\n\t\t<meta name=\"twitter:label1\" content=\"Escrito por\" \/>\n\t\t<meta name=\"twitter:data1\" content=\"El Digital de Asturias\" \/>\n\t\t<meta name=\"twitter:label2\" content=\"Tiempo de lectura estimado\" \/>\n\t\t<meta name=\"twitter:data2\" content=\"2 minutos\" \/>\n\t\t<script type=\"application\/ld+json\" class=\"aioseo-schema\">\n\t\t\t{\"@context\":\"https:\\\/\\\/schema.org\",\"@graph\":[{\"@type\":\"BlogPosting\",\"@id\":\"https:\\\/\\\/www.eldigitaldeasturias.com\\\/noticias\\\/cristina-coto-ve-a-pedro-sanchez-como-la-encarnacion-viva-del-fracaso-el-20d\\\/#blogposting\",\"name\":\"Cristina Coto ve a Pedro S\\u00e1nchez como \\u00abla encarnaci\\u00f3n viva del fracaso el 20D\\u00bb - El Digital de Asturias\",\"headline\":\"Cristina Coto ve a Pedro S\\u00e1nchez como \\u00abla encarnaci\\u00f3n viva del fracaso el 20D\\u00bb\",\"author\":{\"@id\":\"https:\\\/\\\/www.eldigitaldeasturias.com\\\/noticias\\\/author\\\/admin\\\/#author\"},\"publisher\":{\"@id\":\"https:\\\/\\\/www.eldigitaldeasturias.com\\\/noticias\\\/#organization\"},\"image\":{\"@type\":\"ImageObject\",\"url\":\"https:\\\/\\\/www.eldigitaldeasturias.com\\\/noticias\\\/wp-content\\\/uploads\\\/2015\\\/10\\\/Cristina-Coto.jpg\",\"width\":800,\"height\":533},\"datePublished\":\"2016-02-03T19:51:05+01:00\",\"dateModified\":\"2016-02-03T19:51:05+01:00\",\"inLanguage\":\"es-ES\",\"mainEntityOfPage\":{\"@id\":\"https:\\\/\\\/www.eldigitaldeasturias.com\\\/noticias\\\/cristina-coto-ve-a-pedro-sanchez-como-la-encarnacion-viva-del-fracaso-el-20d\\\/#webpage\"},\"isPartOf\":{\"@id\":\"https:\\\/\\\/www.eldigitaldeasturias.com\\\/noticias\\\/cristina-coto-ve-a-pedro-sanchez-como-la-encarnacion-viva-del-fracaso-el-20d\\\/#webpage\"},\"articleSection\":\"Actualidad Asturias\"},{\"@type\":\"BreadcrumbList\",\"@id\":\"https:\\\/\\\/www.eldigitaldeasturias.com\\\/noticias\\\/cristina-coto-ve-a-pedro-sanchez-como-la-encarnacion-viva-del-fracaso-el-20d\\\/#breadcrumblist\",\"itemListElement\":[{\"@type\":\"ListItem\",\"@id\":\"https:\\\/\\\/www.eldigitaldeasturias.com\\\/noticias#listItem\",\"position\":1,\"name\":\"Home\",\"item\":\"https:\\\/\\\/www.eldigitaldeasturias.com\\\/noticias\",\"nextItem\":{\"@type\":\"ListItem\",\"@id\":\"https:\\\/\\\/www.eldigitaldeasturias.com\\\/noticias\\\/category\\\/actualidad-asturias\\\/#listItem\",\"name\":\"Actualidad Asturias\"}},{\"@type\":\"ListItem\",\"@id\":\"https:\\\/\\\/www.eldigitaldeasturias.com\\\/noticias\\\/category\\\/actualidad-asturias\\\/#listItem\",\"position\":2,\"name\":\"Actualidad Asturias\",\"item\":\"https:\\\/\\\/www.eldigitaldeasturias.com\\\/noticias\\\/category\\\/actualidad-asturias\\\/\",\"nextItem\":{\"@type\":\"ListItem\",\"@id\":\"https:\\\/\\\/www.eldigitaldeasturias.com\\\/noticias\\\/cristina-coto-ve-a-pedro-sanchez-como-la-encarnacion-viva-del-fracaso-el-20d\\\/#listItem\",\"name\":\"Cristina Coto ve a Pedro S\\u00e1nchez como \\u00abla encarnaci\\u00f3n viva del fracaso el 20D\\u00bb\"},\"previousItem\":{\"@type\":\"ListItem\",\"@id\":\"https:\\\/\\\/www.eldigitaldeasturias.com\\\/noticias#listItem\",\"name\":\"Home\"}},{\"@type\":\"ListItem\",\"@id\":\"https:\\\/\\\/www.eldigitaldeasturias.com\\\/noticias\\\/cristina-coto-ve-a-pedro-sanchez-como-la-encarnacion-viva-del-fracaso-el-20d\\\/#listItem\",\"position\":3,\"name\":\"Cristina Coto ve a Pedro S\\u00e1nchez como \\u00abla encarnaci\\u00f3n viva del fracaso el 20D\\u00bb\",\"previousItem\":{\"@type\":\"ListItem\",\"@id\":\"https:\\\/\\\/www.eldigitaldeasturias.com\\\/noticias\\\/category\\\/actualidad-asturias\\\/#listItem\",\"name\":\"Actualidad Asturias\"}}]},{\"@type\":\"Organization\",\"@id\":\"https:\\\/\\\/www.eldigitaldeasturias.com\\\/noticias\\\/#organization\",\"name\":\"El Digital de Asturias\",\"description\":\"Hemeroteca\",\"url\":\"https:\\\/\\\/www.eldigitaldeasturias.com\\\/noticias\\\/\",\"email\":\"info@eldigitaldeasturias.com\",\"telephone\":\"+34652131393\",\"logo\":{\"@type\":\"ImageObject\",\"url\":\"https:\\\/\\\/www.eldigitaldeasturias.com\\\/noticias\\\/wp-content\\\/uploads\\\/2020\\\/12\\\/EDA.jpg\",\"@id\":\"https:\\\/\\\/www.eldigitaldeasturias.com\\\/noticias\\\/cristina-coto-ve-a-pedro-sanchez-como-la-encarnacion-viva-del-fracaso-el-20d\\\/#organizationLogo\",\"width\":649,\"height\":297},\"image\":{\"@id\":\"https:\\\/\\\/www.eldigitaldeasturias.com\\\/noticias\\\/cristina-coto-ve-a-pedro-sanchez-como-la-encarnacion-viva-del-fracaso-el-20d\\\/#organizationLogo\"},\"sameAs\":[\"https:\\\/\\\/facebook.com\\\/eldigitaldeasturias\",\"https:\\\/\\\/www.youtube.com\\\/channel\\\/UCZP-2wLEB9Rv6erhFmqVnvg\"],\"address\":{\"@id\":\"https:\\\/\\\/www.eldigitaldeasturias.com\\\/noticias\\\/#postaladdress\",\"@type\":\"PostalAddress\",\"streetAddress\":\"san antonio 4,\",\"postalCode\":\"33430\",\"addressLocality\":\"Cand\\u00e1s\",\"addressRegion\":\"Asturias\",\"addressCountry\":\"ES\"}},{\"@type\":\"Person\",\"@id\":\"https:\\\/\\\/www.eldigitaldeasturias.com\\\/noticias\\\/author\\\/admin\\\/#author\",\"url\":\"https:\\\/\\\/www.eldigitaldeasturias.com\\\/noticias\\\/author\\\/admin\\\/\",\"name\":\"El Digital de Asturias\",\"image\":{\"@type\":\"ImageObject\",\"@id\":\"https:\\\/\\\/www.eldigitaldeasturias.com\\\/noticias\\\/cristina-coto-ve-a-pedro-sanchez-como-la-encarnacion-viva-del-fracaso-el-20d\\\/#authorImage\",\"url\":\"https:\\\/\\\/www.eldigitaldeasturias.com\\\/noticias\\\/wp-content\\\/litespeed\\\/avatar\\\/18677e78aa0546b92d9dbf31ec7d7668.jpg?ver=1777290358\",\"width\":96,\"height\":96,\"caption\":\"El Digital de Asturias\"}},{\"@type\":\"WebPage\",\"@id\":\"https:\\\/\\\/www.eldigitaldeasturias.com\\\/noticias\\\/cristina-coto-ve-a-pedro-sanchez-como-la-encarnacion-viva-del-fracaso-el-20d\\\/#webpage\",\"url\":\"https:\\\/\\\/www.eldigitaldeasturias.com\\\/noticias\\\/cristina-coto-ve-a-pedro-sanchez-como-la-encarnacion-viva-del-fracaso-el-20d\\\/\",\"name\":\"Cristina Coto ve a Pedro S\\u00e1nchez como \\u00abla encarnaci\\u00f3n viva del fracaso el 20D\\u00bb - El Digital de Asturias\",\"description\":\"La presidenta de Foro, Cristina Coto, ha manifestado este mi\\u00e9rcoles que \\\"Pedro S\\u00e1nchez, la encarnaci\\u00f3n viva del fracaso el pasado 20-D y del veto al responder reiteradamente '!no!', ha iniciado una huida hacia delante proponi\\u00e9ndose como presidente\\\". Coto se ha referido as\\u00ed a la situaci\\u00f3n pol\\u00edtica nacional surgida por la decisi\\u00f3n de SM El Rey\",\"inLanguage\":\"es-ES\",\"isPartOf\":{\"@id\":\"https:\\\/\\\/www.eldigitaldeasturias.com\\\/noticias\\\/#website\"},\"breadcrumb\":{\"@id\":\"https:\\\/\\\/www.eldigitaldeasturias.com\\\/noticias\\\/cristina-coto-ve-a-pedro-sanchez-como-la-encarnacion-viva-del-fracaso-el-20d\\\/#breadcrumblist\"},\"author\":{\"@id\":\"https:\\\/\\\/www.eldigitaldeasturias.com\\\/noticias\\\/author\\\/admin\\\/#author\"},\"creator\":{\"@id\":\"https:\\\/\\\/www.eldigitaldeasturias.com\\\/noticias\\\/author\\\/admin\\\/#author\"},\"image\":{\"@type\":\"ImageObject\",\"url\":\"https:\\\/\\\/www.eldigitaldeasturias.com\\\/noticias\\\/wp-content\\\/uploads\\\/2015\\\/10\\\/Cristina-Coto.jpg\",\"@id\":\"https:\\\/\\\/www.eldigitaldeasturias.com\\\/noticias\\\/cristina-coto-ve-a-pedro-sanchez-como-la-encarnacion-viva-del-fracaso-el-20d\\\/#mainImage\",\"width\":800,\"height\":533},\"primaryImageOfPage\":{\"@id\":\"https:\\\/\\\/www.eldigitaldeasturias.com\\\/noticias\\\/cristina-coto-ve-a-pedro-sanchez-como-la-encarnacion-viva-del-fracaso-el-20d\\\/#mainImage\"},\"datePublished\":\"2016-02-03T19:51:05+01:00\",\"dateModified\":\"2016-02-03T19:51:05+01:00\"},{\"@type\":\"WebSite\",\"@id\":\"https:\\\/\\\/www.eldigitaldeasturias.com\\\/noticias\\\/#website\",\"url\":\"https:\\\/\\\/www.eldigitaldeasturias.com\\\/noticias\\\/\",\"name\":\"El Digital de Asturias - Diario de actualidad y noticias\",\"alternateName\":\"El Digital de Asturias - Diario de actualidad y noticias\",\"description\":\"Hemeroteca\",\"inLanguage\":\"es-ES\",\"publisher\":{\"@id\":\"https:\\\/\\\/www.eldigitaldeasturias.com\\\/noticias\\\/#organization\"}}]}\n\t\t<\/script>\n\t\t<!-- All in One SEO Pro -->\r\n\t\t<title>Cristina Coto ve a Pedro S\u00e1nchez como \u00abla encarnaci\u00f3n viva del fracaso el 20D\u00bb - El Digital de Asturias<\/title>\n\n","aioseo_head_json":{"title":"Cristina Coto ve a Pedro S\u00e1nchez como \u00abla encarnaci\u00f3n viva del fracaso el 20D\u00bb - El Digital de Asturias","description":"La presidenta de Foro, Cristina Coto, ha manifestado este mi\u00e9rcoles que \"Pedro S\u00e1nchez, la encarnaci\u00f3n viva del fracaso el pasado 20-D y del veto al responder reiteradamente '!no!', ha iniciado una huida hacia delante proponi\u00e9ndose como presidente\". Coto se ha referido as\u00ed a la situaci\u00f3n pol\u00edtica nacional surgida por la decisi\u00f3n de SM El Rey","canonical_url":"https:\/\/www.eldigitaldeasturias.com\/noticias\/cristina-coto-ve-a-pedro-sanchez-como-la-encarnacion-viva-del-fracaso-el-20d\/","robots":"max-image-preview:large","keywords":"actualidad asturias","webmasterTools":{"google-site-verification":"UA-38556648-1","msvalidate.01":"7dfe9f3f1b24437ab69f4f2559babe99","miscellaneous":""},"schema":{"@context":"https:\/\/schema.org","@graph":[{"@type":"BlogPosting","@id":"https:\/\/www.eldigitaldeasturias.com\/noticias\/cristina-coto-ve-a-pedro-sanchez-como-la-encarnacion-viva-del-fracaso-el-20d\/#blogposting","name":"Cristina Coto ve a Pedro S\u00e1nchez como \u00abla encarnaci\u00f3n viva del fracaso el 20D\u00bb - El Digital de Asturias","headline":"Cristina Coto ve a Pedro S\u00e1nchez como \u00abla encarnaci\u00f3n viva del fracaso el 20D\u00bb","author":{"@id":"https:\/\/www.eldigitaldeasturias.com\/noticias\/author\/admin\/#author"},"publisher":{"@id":"https:\/\/www.eldigitaldeasturias.com\/noticias\/#organization"},"image":{"@type":"ImageObject","url":"https:\/\/www.eldigitaldeasturias.com\/noticias\/wp-content\/uploads\/2015\/10\/Cristina-Coto.jpg","width":800,"height":533},"datePublished":"2016-02-03T19:51:05+01:00","dateModified":"2016-02-03T19:51:05+01:00","inLanguage":"es-ES","mainEntityOfPage":{"@id":"https:\/\/www.eldigitaldeasturias.com\/noticias\/cristina-coto-ve-a-pedro-sanchez-como-la-encarnacion-viva-del-fracaso-el-20d\/#webpage"},"isPartOf":{"@id":"https:\/\/www.eldigitaldeasturias.com\/noticias\/cristina-coto-ve-a-pedro-sanchez-como-la-encarnacion-viva-del-fracaso-el-20d\/#webpage"},"articleSection":"Actualidad Asturias"},{"@type":"BreadcrumbList","@id":"https:\/\/www.eldigitaldeasturias.com\/noticias\/cristina-coto-ve-a-pedro-sanchez-como-la-encarnacion-viva-del-fracaso-el-20d\/#breadcrumblist","itemListElement":[{"@type":"ListItem","@id":"https:\/\/www.eldigitaldeasturias.com\/noticias#listItem","position":1,"name":"Home","item":"https:\/\/www.eldigitaldeasturias.com\/noticias","nextItem":{"@type":"ListItem","@id":"https:\/\/www.eldigitaldeasturias.com\/noticias\/category\/actualidad-asturias\/#listItem","name":"Actualidad Asturias"}},{"@type":"ListItem","@id":"https:\/\/www.eldigitaldeasturias.com\/noticias\/category\/actualidad-asturias\/#listItem","position":2,"name":"Actualidad Asturias","item":"https:\/\/www.eldigitaldeasturias.com\/noticias\/category\/actualidad-asturias\/","nextItem":{"@type":"ListItem","@id":"https:\/\/www.eldigitaldeasturias.com\/noticias\/cristina-coto-ve-a-pedro-sanchez-como-la-encarnacion-viva-del-fracaso-el-20d\/#listItem","name":"Cristina Coto ve a Pedro S\u00e1nchez como \u00abla encarnaci\u00f3n viva del fracaso el 20D\u00bb"},"previousItem":{"@type":"ListItem","@id":"https:\/\/www.eldigitaldeasturias.com\/noticias#listItem","name":"Home"}},{"@type":"ListItem","@id":"https:\/\/www.eldigitaldeasturias.com\/noticias\/cristina-coto-ve-a-pedro-sanchez-como-la-encarnacion-viva-del-fracaso-el-20d\/#listItem","position":3,"name":"Cristina Coto ve a Pedro S\u00e1nchez como \u00abla encarnaci\u00f3n viva del fracaso el 20D\u00bb","previousItem":{"@type":"ListItem","@id":"https:\/\/www.eldigitaldeasturias.com\/noticias\/category\/actualidad-asturias\/#listItem","name":"Actualidad Asturias"}}]},{"@type":"Organization","@id":"https:\/\/www.eldigitaldeasturias.com\/noticias\/#organization","name":"El Digital de Asturias","description":"Hemeroteca","url":"https:\/\/www.eldigitaldeasturias.com\/noticias\/","email":"info@eldigitaldeasturias.com","telephone":"+34652131393","logo":{"@type":"ImageObject","url":"https:\/\/www.eldigitaldeasturias.com\/noticias\/wp-content\/uploads\/2020\/12\/EDA.jpg","@id":"https:\/\/www.eldigitaldeasturias.com\/noticias\/cristina-coto-ve-a-pedro-sanchez-como-la-encarnacion-viva-del-fracaso-el-20d\/#organizationLogo","width":649,"height":297},"image":{"@id":"https:\/\/www.eldigitaldeasturias.com\/noticias\/cristina-coto-ve-a-pedro-sanchez-como-la-encarnacion-viva-del-fracaso-el-20d\/#organizationLogo"},"sameAs":["https:\/\/facebook.com\/eldigitaldeasturias","https:\/\/www.youtube.com\/channel\/UCZP-2wLEB9Rv6erhFmqVnvg"],"address":{"@id":"https:\/\/www.eldigitaldeasturias.com\/noticias\/#postaladdress","@type":"PostalAddress","streetAddress":"san antonio 4,","postalCode":"33430","addressLocality":"Cand\u00e1s","addressRegion":"Asturias","addressCountry":"ES"}},{"@type":"Person","@id":"https:\/\/www.eldigitaldeasturias.com\/noticias\/author\/admin\/#author","url":"https:\/\/www.eldigitaldeasturias.com\/noticias\/author\/admin\/","name":"El Digital de Asturias","image":{"@type":"ImageObject","@id":"https:\/\/www.eldigitaldeasturias.com\/noticias\/cristina-coto-ve-a-pedro-sanchez-como-la-encarnacion-viva-del-fracaso-el-20d\/#authorImage","url":"https:\/\/www.eldigitaldeasturias.com\/noticias\/wp-content\/litespeed\/avatar\/18677e78aa0546b92d9dbf31ec7d7668.jpg?ver=1777290358","width":96,"height":96,"caption":"El Digital de Asturias"}},{"@type":"WebPage","@id":"https:\/\/www.eldigitaldeasturias.com\/noticias\/cristina-coto-ve-a-pedro-sanchez-como-la-encarnacion-viva-del-fracaso-el-20d\/#webpage","url":"https:\/\/www.eldigitaldeasturias.com\/noticias\/cristina-coto-ve-a-pedro-sanchez-como-la-encarnacion-viva-del-fracaso-el-20d\/","name":"Cristina Coto ve a Pedro S\u00e1nchez como \u00abla encarnaci\u00f3n viva del fracaso el 20D\u00bb - El Digital de Asturias","description":"La presidenta de Foro, Cristina Coto, ha manifestado este mi\u00e9rcoles que \"Pedro S\u00e1nchez, la encarnaci\u00f3n viva del fracaso el pasado 20-D y del veto al responder reiteradamente '!no!', ha iniciado una huida hacia delante proponi\u00e9ndose como presidente\". Coto se ha referido as\u00ed a la situaci\u00f3n pol\u00edtica nacional surgida por la decisi\u00f3n de SM El Rey","inLanguage":"es-ES","isPartOf":{"@id":"https:\/\/www.eldigitaldeasturias.com\/noticias\/#website"},"breadcrumb":{"@id":"https:\/\/www.eldigitaldeasturias.com\/noticias\/cristina-coto-ve-a-pedro-sanchez-como-la-encarnacion-viva-del-fracaso-el-20d\/#breadcrumblist"},"author":{"@id":"https:\/\/www.eldigitaldeasturias.com\/noticias\/author\/admin\/#author"},"creator":{"@id":"https:\/\/www.eldigitaldeasturias.com\/noticias\/author\/admin\/#author"},"image":{"@type":"ImageObject","url":"https:\/\/www.eldigitaldeasturias.com\/noticias\/wp-content\/uploads\/2015\/10\/Cristina-Coto.jpg","@id":"https:\/\/www.eldigitaldeasturias.com\/noticias\/cristina-coto-ve-a-pedro-sanchez-como-la-encarnacion-viva-del-fracaso-el-20d\/#mainImage","width":800,"height":533},"primaryImageOfPage":{"@id":"https:\/\/www.eldigitaldeasturias.com\/noticias\/cristina-coto-ve-a-pedro-sanchez-como-la-encarnacion-viva-del-fracaso-el-20d\/#mainImage"},"datePublished":"2016-02-03T19:51:05+01:00","dateModified":"2016-02-03T19:51:05+01:00"},{"@type":"WebSite","@id":"https:\/\/www.eldigitaldeasturias.com\/noticias\/#website","url":"https:\/\/www.eldigitaldeasturias.com\/noticias\/","name":"El Digital de Asturias - Diario de actualidad y noticias","alternateName":"El Digital de Asturias - Diario de actualidad y noticias","description":"Hemeroteca","inLanguage":"es-ES","publisher":{"@id":"https:\/\/www.eldigitaldeasturias.com\/noticias\/#organization"}}]},"og:locale":"es_ES","og:site_name":"El Digital de Asturias","og:type":"article","og:title":"Cristina Coto ve a Pedro S\u00e1nchez como \u00abla encarnaci\u00f3n viva del fracaso el 20D\u00bb - El Digital de Asturias","og:description":"La presidenta de Foro, Cristina Coto, ha manifestado este mi\u00e9rcoles que &quot;Pedro S\u00e1nchez, la encarnaci\u00f3n viva del fracaso el pasado 20-D y del veto al responder reiteradamente '!no!', ha iniciado una huida hacia delante proponi\u00e9ndose como presidente&quot;. Coto se ha referido as\u00ed a la situaci\u00f3n pol\u00edtica nacional surgida por la decisi\u00f3n de SM El Rey","og:url":"https:\/\/www.eldigitaldeasturias.com\/noticias\/cristina-coto-ve-a-pedro-sanchez-como-la-encarnacion-viva-del-fracaso-el-20d\/","og:image":"https:\/\/www.eldigitaldeasturias.com\/noticias\/wp-content\/uploads\/2015\/10\/Cristina-Coto.jpg","og:image:secure_url":"https:\/\/www.eldigitaldeasturias.com\/noticias\/wp-content\/uploads\/2015\/10\/Cristina-Coto.jpg","og:image:width":800,"og:image:height":533,"article:tag":["actualidad asturias"],"article:published_time":"2016-02-03T19:51:05+00:00","article:modified_time":"2016-02-03T19:51:05+00:00","article:publisher":"https:\/\/facebook.com\/eldigitaldeasturias","twitter:card":"summary_large_image","twitter:title":"Cristina Coto ve a Pedro S\u00e1nchez como \u00abla encarnaci\u00f3n viva del fracaso el 20D\u00bb - El Digital de Asturias","twitter:description":"La presidenta de Foro, Cristina Coto, ha manifestado este mi\u00e9rcoles que &quot;Pedro S\u00e1nchez, la encarnaci\u00f3n viva del fracaso el pasado 20-D y del veto al responder reiteradamente '!no!', ha iniciado una huida hacia delante proponi\u00e9ndose como presidente&quot;. Coto se ha referido as\u00ed a la situaci\u00f3n pol\u00edtica nacional surgida por la decisi\u00f3n de SM El Rey","twitter:image":"https:\/\/www.eldigitaldeasturias.com\/noticias\/wp-content\/uploads\/2015\/10\/Cristina-Coto.jpg","twitter:label1":"Escrito por","twitter:data1":"El Digital de Asturias","twitter:label2":"Tiempo de lectura estimado","twitter:data2":"2 minutos"},"aioseo_meta_data":{"post_id":"853562","title":null,"description":null,"keywords":null,"keyphrases":null,"primary_term":null,"canonical_url":null,"og_title":null,"og_description":null,"og_object_type":"default","og_image_type":"default","og_image_url":null,"og_image_width":null,"og_image_height":null,"og_image_custom_url":null,"og_image_custom_fields":null,"og_video":null,"og_custom_url":null,"og_article_section":null,"og_article_tags":null,"twitter_use_og":false,"twitter_card":"default","twitter_image_type":"default","twitter_image_url":null,"twitter_image_custom_url":null,"twitter_image_custom_fields":null,"twitter_title":null,"twitter_description":null,"schema":{"blockGraphs":[],"customGraphs":[],"default":{"data":{"Article":[],"Course":[],"Dataset":[],"FAQPage":[],"Movie":[],"Person":[],"Product":[],"ProductReview":[],"Car":[],"Recipe":[],"Service":[],"SoftwareApplication":[],"WebPage":[]},"graphName":"","isEnabled":true},"graphs":[],"defaultGraph":"","defaultPostTypeGraph":""},"schema_type":null,"schema_type_options":null,"pillar_content":false,"robots_default":true,"robots_noindex":false,"robots_noarchive":false,"robots_nosnippet":false,"robots_nofollow":false,"robots_noimageindex":false,"robots_noodp":false,"robots_notranslate":false,"robots_max_snippet":null,"robots_max_videopreview":null,"robots_max_imagepreview":"large","priority":null,"frequency":null,"local_seo":null,"seo_analyzer_scan_date":"2025-12-09 18:35:20","breadcrumb_settings":null,"limit_modified_date":false,"open_ai":null,"ai":null,"created":"2021-01-23 14:09:17","updated":"2025-12-09 18:35:20"},"aioseo_breadcrumb":"<div class=\"aioseo-breadcrumbs\"><span class=\"aioseo-breadcrumb\">\n\t<a href=\"https:\/\/www.eldigitaldeasturias.com\/noticias\" title=\"Home\">Home<\/a>\n<\/span><span class=\"aioseo-breadcrumb-separator\">\u2013<\/span><span class=\"aioseo-breadcrumb\">\n\t<a href=\"https:\/\/www.eldigitaldeasturias.com\/noticias\/category\/actualidad-asturias\/\" title=\"Actualidad Asturias\">Actualidad Asturias<\/a>\n<\/span><span class=\"aioseo-breadcrumb-separator\">\u2013<\/span><span class=\"aioseo-breadcrumb\">\n\t<a href=\"https:\/\/www.eldigitaldeasturias.com\/noticias\/cristina-coto-ve-a-pedro-sanchez-como-la-encarnacion-viva-del-fracaso-el-20d\/\" title=\"Cristina Coto ve a Pedro S\u00e1nchez como \u00abla encarnaci\u00f3n viva del fracaso el 20D\u00bb\">Cristina Coto ve a Pedro S\u00e1nchez como \u00abla encarnaci\u00f3n viva del fracaso el 20D\u00bb<\/a>\n<\/span><\/div>","aioseo_breadcrumb_json":[{"label":"Home","link":"https:\/\/www.eldigitaldeasturias.com\/noticias"},{"label":"Actualidad Asturias","link":"https:\/\/www.eldigitaldeasturias.com\/noticias\/category\/actualidad-asturias\/"},{"label":"Cristina Coto ve a Pedro S\u00e1nchez como \u00abla encarnaci\u00f3n viva del fracaso el 20D\u00bb","link":"https:\/\/www.eldigitaldeasturias.com\/noticias\/cristina-coto-ve-a-pedro-sanchez-como-la-encarnacion-viva-del-fracaso-el-20d\/"}],"_links":{"self":[{"href":"https:\/\/www.eldigitaldeasturias.com\/noticias\/wp-json\/wp\/v2\/posts\/853562","targetHints":{"allow":["GET"]}}],"collection":[{"href":"https:\/\/www.eldigitaldeasturias.com\/noticias\/wp-json\/wp\/v2\/posts"}],"about":[{"href":"https:\/\/www.eldigitaldeasturias.com\/noticias\/wp-json\/wp\/v2\/types\/post"}],"author":[{"embeddable":true,"href":"https:\/\/www.eldigitaldeasturias.com\/noticias\/wp-json\/wp\/v2\/users\/1"}],"replies":[{"embeddable":true,"href":"https:\/\/www.eldigitaldeasturias.com\/noticias\/wp-json\/wp\/v2\/comments?post=853562"}],"version-history":[{"count":0,"href":"https:\/\/www.eldigitaldeasturias.com\/noticias\/wp-json\/wp\/v2\/posts\/853562\/revisions"}],"wp:featuredmedia":[{"embeddable":true,"href":"https:\/\/www.eldigitaldeasturias.com\/noticias\/wp-json\/wp\/v2\/media\/814730"}],"wp:attachment":[{"href":"https:\/\/www.eldigitaldeasturias.com\/noticias\/wp-json\/wp\/v2\/media?parent=853562"}],"wp:term":[{"taxonomy":"category","embeddable":true,"href":"https:\/\/www.eldigitaldeasturias.com\/noticias\/wp-json\/wp\/v2\/categories?post=853562"},{"taxonomy":"post_tag","embeddable":true,"href":"https:\/\/www.eldigitaldeasturias.com\/noticias\/wp-json\/wp\/v2\/tags?post=853562"}],"curies":[{"name":"wp","href":"https:\/\/api.w.org\/{rel}","templated":true}]}}