{"id":853544,"date":"2016-02-03T19:40:22","date_gmt":"2016-02-03T19:40:22","guid":{"rendered":"http:\/\/www.eldigitaldeasturias.com\/noticias\/?p=853544"},"modified":"2016-02-03T19:40:22","modified_gmt":"2016-02-03T19:40:22","slug":"la-fiscalia-pide-prision-para-dos-acusados-de-simular-una-lesion-a-consecuencia-de-un-choque-en-oviedo","status":"publish","type":"post","link":"https:\/\/www.eldigitaldeasturias.com\/noticias\/la-fiscalia-pide-prision-para-dos-acusados-de-simular-una-lesion-a-consecuencia-de-un-choque-en-oviedo\/","title":{"rendered":"La Fiscal\u00eda pide prisi\u00f3n para dos acusados de simular una lesi\u00f3n a consecuencia de un choque en Oviedo"},"content":{"rendered":"<p><img loading=\"lazy\" decoding=\"async\" class=\"alignleft size-medium wp-image-788444\" src=\"https:\/\/www.eldigitaldeasturias.com\/noticias\/wp-content\/uploads\/2015\/06\/juzgados-360x198.jpg\" alt=\"juzgados\" width=\"360\" height=\"198\" srcset=\"https:\/\/www.eldigitaldeasturias.com\/noticias\/wp-content\/uploads\/2015\/06\/juzgados-360x198.jpg 360w, https:\/\/www.eldigitaldeasturias.com\/noticias\/wp-content\/uploads\/2015\/06\/juzgados-480x264.jpg 480w, https:\/\/www.eldigitaldeasturias.com\/noticias\/wp-content\/uploads\/2015\/06\/juzgados-20x11.jpg 20w, https:\/\/www.eldigitaldeasturias.com\/noticias\/wp-content\/uploads\/2015\/06\/juzgados.jpg 655w\" sizes=\"auto, (max-width: 360px) 100vw, 360px\" \/>La Fiscal\u00eda del Principado de Asturias solicita la condena de dos acusados de simular una lesi\u00f3n a consecuencia de un choque en Oviedo para cobrar la indemnizaci\u00f3n de la aseguradora. La vista oral se celebrar\u00e1 este jueves, 4 de febrero de 2016, en la Secci\u00f3n Tercera de la Audiencia Provincial de Asturias, con sede en Oviedo, a las 10.00 horas, seg\u00fan ha informado la Fiscal\u00eda.<\/p>\n<p>El Ministerio Fiscal sostiene que, el 3 de mayo de 2014, los acusados simularon haber sufrido una cervicalgia postraum\u00e1tica como consecuencia de un accidente ocurrido en la Plaza Fuente de las Palomas de Oviedo. El 11 de septiembre de ese mismo a\u00f1o, ambos acusados interpusieron demanda de Juicio Verbal contra la compa\u00f1\u00eda aseguradora, reclamando el acusado XXX a esta entidad 2.287,04 euros y el acusado YYY, la cantidad de 1.863,28 euros por las supuestas lesiones causadas.<\/p>\n<p>El 29 de diciembre se dict\u00f3 sentencia en este Juicio, por la que se desestim\u00f3 la demanda planteada, absolvi\u00f3 a la aseguradora y acord\u00f3 deducir testimonio de lo actuado.<\/p>\n<p>Desde el 31 de diciembre de 2003 hasta el 3 de diciembre de 20,14 los acusados se vieron involucrados bien juntos, bien por separado, en 19 accidentes de tr\u00e1fico, todos de similar mec\u00e1nica, de los que 12 ocurrieron durante los a\u00f1os 2013-2014. En 13 de ellos las lesiones que sufrieron consistieron en cervicalgia, cobrando a lo largo de estos a\u00f1os diversas cuant\u00edas indemnizatorias por las supuestas lesiones sufridas.<\/p>\n<p>La Fiscal\u00eda considera que los hechos son constitutivos de un delito de estafa en grado de tentativa y solicita que se condene a cada uno de ellos a 9 meses de prisi\u00f3n, inhabilitaci\u00f3n especial para el derecho de sufragio pasivo durante el tiempo de la condena, multa de 5 meses con una cuota diaria de 8 meses (con la responsabilidad personal subsidiaria de un d\u00eda de privaci\u00f3n de libertad por cada dos cuotas impagadas) y pago de las costas procesales.<\/p>\n","protected":false},"excerpt":{"rendered":"<p>La Fiscal\u00eda del Principado de Asturias solicita la condena de dos acusados de simular una lesi\u00f3n a consecuencia de un choque en Oviedo para cobrar la indemnizaci\u00f3n de la aseguradora. La vista oral se celebrar\u00e1 este jueves, 4 de febrero de 2016, en la Secci\u00f3n Tercera de la Audiencia Provincial de Asturias, con sede en [&hellip;]<\/p>\n","protected":false},"author":1,"featured_media":788444,"comment_status":"closed","ping_status":"closed","sticky":false,"template":"","format":"standard","meta":{"footnotes":""},"categories":[5],"tags":[],"class_list":["post-853544","post","type-post","status-publish","format-standard","has-post-thumbnail","hentry","category-sucesos"],"aioseo_notices":[],"aioseo_head":"\n\t\t<!-- All in One SEO Pro 4.9.6.2 - aioseo.com -->\n\t<meta name=\"description\" content=\"La Fiscal\u00eda del Principado de Asturias solicita la condena de dos acusados de simular una lesi\u00f3n a consecuencia de un choque en Oviedo para cobrar la indemnizaci\u00f3n de la aseguradora. La vista oral se celebrar\u00e1 este jueves, 4 de febrero de 2016, en la Secci\u00f3n Tercera de la Audiencia Provincial de Asturias, con sede en\" \/>\n\t<meta name=\"robots\" content=\"max-image-preview:large\" \/>\n\t<meta name=\"author\" content=\"El Digital de Asturias\"\/>\n\t<meta name=\"google-site-verification\" content=\"UA-38556648-1\" \/>\n\t<meta name=\"msvalidate.01\" content=\"7dfe9f3f1b24437ab69f4f2559babe99\" \/>\n\t<meta name=\"keywords\" content=\"sucesos\" \/>\n\t<link rel=\"canonical\" href=\"https:\/\/www.eldigitaldeasturias.com\/noticias\/la-fiscalia-pide-prision-para-dos-acusados-de-simular-una-lesion-a-consecuencia-de-un-choque-en-oviedo\/\" \/>\n\t<meta name=\"generator\" content=\"All in One SEO Pro (AIOSEO) 4.9.6.2\" \/>\n\t\t<meta property=\"og:locale\" content=\"es_ES\" \/>\n\t\t<meta property=\"og:site_name\" content=\"El Digital de Asturias\" \/>\n\t\t<meta property=\"og:type\" content=\"article\" \/>\n\t\t<meta property=\"og:title\" content=\"La Fiscal\u00eda pide prisi\u00f3n para dos acusados de simular una lesi\u00f3n a consecuencia de un choque en Oviedo - El Digital de Asturias\" \/>\n\t\t<meta property=\"og:description\" content=\"La Fiscal\u00eda del Principado de Asturias solicita la condena de dos acusados de simular una lesi\u00f3n a consecuencia de un choque en Oviedo para cobrar la indemnizaci\u00f3n de la aseguradora. La vista oral se celebrar\u00e1 este jueves, 4 de febrero de 2016, en la Secci\u00f3n Tercera de la Audiencia Provincial de Asturias, con sede en\" \/>\n\t\t<meta property=\"og:url\" content=\"https:\/\/www.eldigitaldeasturias.com\/noticias\/la-fiscalia-pide-prision-para-dos-acusados-de-simular-una-lesion-a-consecuencia-de-un-choque-en-oviedo\/\" \/>\n\t\t<meta property=\"og:image\" content=\"https:\/\/www.eldigitaldeasturias.com\/noticias\/wp-content\/uploads\/2015\/06\/juzgados.jpg\" \/>\n\t\t<meta property=\"og:image:secure_url\" content=\"https:\/\/www.eldigitaldeasturias.com\/noticias\/wp-content\/uploads\/2015\/06\/juzgados.jpg\" \/>\n\t\t<meta property=\"og:image:width\" content=\"655\" \/>\n\t\t<meta property=\"og:image:height\" content=\"360\" \/>\n\t\t<meta property=\"article:tag\" content=\"sucesos\" \/>\n\t\t<meta property=\"article:published_time\" content=\"2016-02-03T19:40:22+00:00\" \/>\n\t\t<meta property=\"article:modified_time\" content=\"2016-02-03T19:40:22+00:00\" \/>\n\t\t<meta property=\"article:publisher\" content=\"https:\/\/facebook.com\/eldigitaldeasturias\" \/>\n\t\t<meta name=\"twitter:card\" content=\"summary_large_image\" \/>\n\t\t<meta name=\"twitter:title\" content=\"La Fiscal\u00eda pide prisi\u00f3n para dos acusados de simular una lesi\u00f3n a consecuencia de un choque en Oviedo - El Digital de Asturias\" \/>\n\t\t<meta name=\"twitter:description\" content=\"La Fiscal\u00eda del Principado de Asturias solicita la condena de dos acusados de simular una lesi\u00f3n a consecuencia de un choque en Oviedo para cobrar la indemnizaci\u00f3n de la aseguradora. La vista oral se celebrar\u00e1 este jueves, 4 de febrero de 2016, en la Secci\u00f3n Tercera de la Audiencia Provincial de Asturias, con sede en\" \/>\n\t\t<meta name=\"twitter:image\" content=\"https:\/\/www.eldigitaldeasturias.com\/noticias\/wp-content\/uploads\/2015\/06\/juzgados.jpg\" \/>\n\t\t<meta name=\"twitter:label1\" content=\"Escrito por\" \/>\n\t\t<meta name=\"twitter:data1\" content=\"El Digital de Asturias\" \/>\n\t\t<meta name=\"twitter:label2\" content=\"Tiempo de lectura estimado\" \/>\n\t\t<meta name=\"twitter:data2\" content=\"2 minutos\" \/>\n\t\t<script type=\"application\/ld+json\" class=\"aioseo-schema\">\n\t\t\t{\"@context\":\"https:\\\/\\\/schema.org\",\"@graph\":[{\"@type\":\"BlogPosting\",\"@id\":\"https:\\\/\\\/www.eldigitaldeasturias.com\\\/noticias\\\/la-fiscalia-pide-prision-para-dos-acusados-de-simular-una-lesion-a-consecuencia-de-un-choque-en-oviedo\\\/#blogposting\",\"name\":\"La Fiscal\\u00eda pide prisi\\u00f3n para dos acusados de simular una lesi\\u00f3n a consecuencia de un choque en Oviedo - El Digital de Asturias\",\"headline\":\"La Fiscal\\u00eda pide prisi\\u00f3n para dos acusados de simular una lesi\\u00f3n a consecuencia de un choque en Oviedo\",\"author\":{\"@id\":\"https:\\\/\\\/www.eldigitaldeasturias.com\\\/noticias\\\/author\\\/admin\\\/#author\"},\"publisher\":{\"@id\":\"https:\\\/\\\/www.eldigitaldeasturias.com\\\/noticias\\\/#organization\"},\"image\":{\"@type\":\"ImageObject\",\"url\":\"https:\\\/\\\/www.eldigitaldeasturias.com\\\/noticias\\\/wp-content\\\/uploads\\\/2015\\\/06\\\/juzgados.jpg\",\"width\":655,\"height\":360},\"datePublished\":\"2016-02-03T19:40:22+01:00\",\"dateModified\":\"2016-02-03T19:40:22+01:00\",\"inLanguage\":\"es-ES\",\"mainEntityOfPage\":{\"@id\":\"https:\\\/\\\/www.eldigitaldeasturias.com\\\/noticias\\\/la-fiscalia-pide-prision-para-dos-acusados-de-simular-una-lesion-a-consecuencia-de-un-choque-en-oviedo\\\/#webpage\"},\"isPartOf\":{\"@id\":\"https:\\\/\\\/www.eldigitaldeasturias.com\\\/noticias\\\/la-fiscalia-pide-prision-para-dos-acusados-de-simular-una-lesion-a-consecuencia-de-un-choque-en-oviedo\\\/#webpage\"},\"articleSection\":\"Sucesos\"},{\"@type\":\"BreadcrumbList\",\"@id\":\"https:\\\/\\\/www.eldigitaldeasturias.com\\\/noticias\\\/la-fiscalia-pide-prision-para-dos-acusados-de-simular-una-lesion-a-consecuencia-de-un-choque-en-oviedo\\\/#breadcrumblist\",\"itemListElement\":[{\"@type\":\"ListItem\",\"@id\":\"https:\\\/\\\/www.eldigitaldeasturias.com\\\/noticias#listItem\",\"position\":1,\"name\":\"Home\",\"item\":\"https:\\\/\\\/www.eldigitaldeasturias.com\\\/noticias\",\"nextItem\":{\"@type\":\"ListItem\",\"@id\":\"https:\\\/\\\/www.eldigitaldeasturias.com\\\/noticias\\\/category\\\/sucesos\\\/#listItem\",\"name\":\"Sucesos\"}},{\"@type\":\"ListItem\",\"@id\":\"https:\\\/\\\/www.eldigitaldeasturias.com\\\/noticias\\\/category\\\/sucesos\\\/#listItem\",\"position\":2,\"name\":\"Sucesos\",\"item\":\"https:\\\/\\\/www.eldigitaldeasturias.com\\\/noticias\\\/category\\\/sucesos\\\/\",\"nextItem\":{\"@type\":\"ListItem\",\"@id\":\"https:\\\/\\\/www.eldigitaldeasturias.com\\\/noticias\\\/la-fiscalia-pide-prision-para-dos-acusados-de-simular-una-lesion-a-consecuencia-de-un-choque-en-oviedo\\\/#listItem\",\"name\":\"La Fiscal\\u00eda pide prisi\\u00f3n para dos acusados de simular una lesi\\u00f3n a consecuencia de un choque en Oviedo\"},\"previousItem\":{\"@type\":\"ListItem\",\"@id\":\"https:\\\/\\\/www.eldigitaldeasturias.com\\\/noticias#listItem\",\"name\":\"Home\"}},{\"@type\":\"ListItem\",\"@id\":\"https:\\\/\\\/www.eldigitaldeasturias.com\\\/noticias\\\/la-fiscalia-pide-prision-para-dos-acusados-de-simular-una-lesion-a-consecuencia-de-un-choque-en-oviedo\\\/#listItem\",\"position\":3,\"name\":\"La Fiscal\\u00eda pide prisi\\u00f3n para dos acusados de simular una lesi\\u00f3n a consecuencia de un choque en Oviedo\",\"previousItem\":{\"@type\":\"ListItem\",\"@id\":\"https:\\\/\\\/www.eldigitaldeasturias.com\\\/noticias\\\/category\\\/sucesos\\\/#listItem\",\"name\":\"Sucesos\"}}]},{\"@type\":\"Organization\",\"@id\":\"https:\\\/\\\/www.eldigitaldeasturias.com\\\/noticias\\\/#organization\",\"name\":\"El Digital de Asturias\",\"description\":\"Hemeroteca\",\"url\":\"https:\\\/\\\/www.eldigitaldeasturias.com\\\/noticias\\\/\",\"email\":\"info@eldigitaldeasturias.com\",\"telephone\":\"+34652131393\",\"logo\":{\"@type\":\"ImageObject\",\"url\":\"https:\\\/\\\/www.eldigitaldeasturias.com\\\/noticias\\\/wp-content\\\/uploads\\\/2020\\\/12\\\/EDA.jpg\",\"@id\":\"https:\\\/\\\/www.eldigitaldeasturias.com\\\/noticias\\\/la-fiscalia-pide-prision-para-dos-acusados-de-simular-una-lesion-a-consecuencia-de-un-choque-en-oviedo\\\/#organizationLogo\",\"width\":649,\"height\":297},\"image\":{\"@id\":\"https:\\\/\\\/www.eldigitaldeasturias.com\\\/noticias\\\/la-fiscalia-pide-prision-para-dos-acusados-de-simular-una-lesion-a-consecuencia-de-un-choque-en-oviedo\\\/#organizationLogo\"},\"sameAs\":[\"https:\\\/\\\/facebook.com\\\/eldigitaldeasturias\",\"https:\\\/\\\/www.youtube.com\\\/channel\\\/UCZP-2wLEB9Rv6erhFmqVnvg\"],\"address\":{\"@id\":\"https:\\\/\\\/www.eldigitaldeasturias.com\\\/noticias\\\/#postaladdress\",\"@type\":\"PostalAddress\",\"streetAddress\":\"san antonio 4,\",\"postalCode\":\"33430\",\"addressLocality\":\"Cand\\u00e1s\",\"addressRegion\":\"Asturias\",\"addressCountry\":\"ES\"}},{\"@type\":\"Person\",\"@id\":\"https:\\\/\\\/www.eldigitaldeasturias.com\\\/noticias\\\/author\\\/admin\\\/#author\",\"url\":\"https:\\\/\\\/www.eldigitaldeasturias.com\\\/noticias\\\/author\\\/admin\\\/\",\"name\":\"El Digital de Asturias\",\"image\":{\"@type\":\"ImageObject\",\"@id\":\"https:\\\/\\\/www.eldigitaldeasturias.com\\\/noticias\\\/la-fiscalia-pide-prision-para-dos-acusados-de-simular-una-lesion-a-consecuencia-de-un-choque-en-oviedo\\\/#authorImage\",\"url\":\"https:\\\/\\\/www.eldigitaldeasturias.com\\\/noticias\\\/wp-content\\\/litespeed\\\/avatar\\\/18677e78aa0546b92d9dbf31ec7d7668.jpg?ver=1777290358\",\"width\":96,\"height\":96,\"caption\":\"El Digital de Asturias\"}},{\"@type\":\"WebPage\",\"@id\":\"https:\\\/\\\/www.eldigitaldeasturias.com\\\/noticias\\\/la-fiscalia-pide-prision-para-dos-acusados-de-simular-una-lesion-a-consecuencia-de-un-choque-en-oviedo\\\/#webpage\",\"url\":\"https:\\\/\\\/www.eldigitaldeasturias.com\\\/noticias\\\/la-fiscalia-pide-prision-para-dos-acusados-de-simular-una-lesion-a-consecuencia-de-un-choque-en-oviedo\\\/\",\"name\":\"La Fiscal\\u00eda pide prisi\\u00f3n para dos acusados de simular una lesi\\u00f3n a consecuencia de un choque en Oviedo - El Digital de Asturias\",\"description\":\"La Fiscal\\u00eda del Principado de Asturias solicita la condena de dos acusados de simular una lesi\\u00f3n a consecuencia de un choque en Oviedo para cobrar la indemnizaci\\u00f3n de la aseguradora. La vista oral se celebrar\\u00e1 este jueves, 4 de febrero de 2016, en la Secci\\u00f3n Tercera de la Audiencia Provincial de Asturias, con sede en\",\"inLanguage\":\"es-ES\",\"isPartOf\":{\"@id\":\"https:\\\/\\\/www.eldigitaldeasturias.com\\\/noticias\\\/#website\"},\"breadcrumb\":{\"@id\":\"https:\\\/\\\/www.eldigitaldeasturias.com\\\/noticias\\\/la-fiscalia-pide-prision-para-dos-acusados-de-simular-una-lesion-a-consecuencia-de-un-choque-en-oviedo\\\/#breadcrumblist\"},\"author\":{\"@id\":\"https:\\\/\\\/www.eldigitaldeasturias.com\\\/noticias\\\/author\\\/admin\\\/#author\"},\"creator\":{\"@id\":\"https:\\\/\\\/www.eldigitaldeasturias.com\\\/noticias\\\/author\\\/admin\\\/#author\"},\"image\":{\"@type\":\"ImageObject\",\"url\":\"https:\\\/\\\/www.eldigitaldeasturias.com\\\/noticias\\\/wp-content\\\/uploads\\\/2015\\\/06\\\/juzgados.jpg\",\"@id\":\"https:\\\/\\\/www.eldigitaldeasturias.com\\\/noticias\\\/la-fiscalia-pide-prision-para-dos-acusados-de-simular-una-lesion-a-consecuencia-de-un-choque-en-oviedo\\\/#mainImage\",\"width\":655,\"height\":360},\"primaryImageOfPage\":{\"@id\":\"https:\\\/\\\/www.eldigitaldeasturias.com\\\/noticias\\\/la-fiscalia-pide-prision-para-dos-acusados-de-simular-una-lesion-a-consecuencia-de-un-choque-en-oviedo\\\/#mainImage\"},\"datePublished\":\"2016-02-03T19:40:22+01:00\",\"dateModified\":\"2016-02-03T19:40:22+01:00\"},{\"@type\":\"WebSite\",\"@id\":\"https:\\\/\\\/www.eldigitaldeasturias.com\\\/noticias\\\/#website\",\"url\":\"https:\\\/\\\/www.eldigitaldeasturias.com\\\/noticias\\\/\",\"name\":\"El Digital de Asturias - Diario de actualidad y noticias\",\"alternateName\":\"El Digital de Asturias - Diario de actualidad y noticias\",\"description\":\"Hemeroteca\",\"inLanguage\":\"es-ES\",\"publisher\":{\"@id\":\"https:\\\/\\\/www.eldigitaldeasturias.com\\\/noticias\\\/#organization\"}}]}\n\t\t<\/script>\n\t\t<!-- All in One SEO Pro -->\r\n\t\t<title>La Fiscal\u00eda pide prisi\u00f3n para dos acusados de simular una lesi\u00f3n a consecuencia de un choque en Oviedo - El Digital de Asturias<\/title>\n\n","aioseo_head_json":{"title":"La Fiscal\u00eda pide prisi\u00f3n para dos acusados de simular una lesi\u00f3n a consecuencia de un choque en Oviedo - El Digital de Asturias","description":"La Fiscal\u00eda del Principado de Asturias solicita la condena de dos acusados de simular una lesi\u00f3n a consecuencia de un choque en Oviedo para cobrar la indemnizaci\u00f3n de la aseguradora. La vista oral se celebrar\u00e1 este jueves, 4 de febrero de 2016, en la Secci\u00f3n Tercera de la Audiencia Provincial de Asturias, con sede en","canonical_url":"https:\/\/www.eldigitaldeasturias.com\/noticias\/la-fiscalia-pide-prision-para-dos-acusados-de-simular-una-lesion-a-consecuencia-de-un-choque-en-oviedo\/","robots":"max-image-preview:large","keywords":"sucesos","webmasterTools":{"google-site-verification":"UA-38556648-1","msvalidate.01":"7dfe9f3f1b24437ab69f4f2559babe99","miscellaneous":""},"schema":{"@context":"https:\/\/schema.org","@graph":[{"@type":"BlogPosting","@id":"https:\/\/www.eldigitaldeasturias.com\/noticias\/la-fiscalia-pide-prision-para-dos-acusados-de-simular-una-lesion-a-consecuencia-de-un-choque-en-oviedo\/#blogposting","name":"La Fiscal\u00eda pide prisi\u00f3n para dos acusados de simular una lesi\u00f3n a consecuencia de un choque en Oviedo - El Digital de Asturias","headline":"La Fiscal\u00eda pide prisi\u00f3n para dos acusados de simular una lesi\u00f3n a consecuencia de un choque en Oviedo","author":{"@id":"https:\/\/www.eldigitaldeasturias.com\/noticias\/author\/admin\/#author"},"publisher":{"@id":"https:\/\/www.eldigitaldeasturias.com\/noticias\/#organization"},"image":{"@type":"ImageObject","url":"https:\/\/www.eldigitaldeasturias.com\/noticias\/wp-content\/uploads\/2015\/06\/juzgados.jpg","width":655,"height":360},"datePublished":"2016-02-03T19:40:22+01:00","dateModified":"2016-02-03T19:40:22+01:00","inLanguage":"es-ES","mainEntityOfPage":{"@id":"https:\/\/www.eldigitaldeasturias.com\/noticias\/la-fiscalia-pide-prision-para-dos-acusados-de-simular-una-lesion-a-consecuencia-de-un-choque-en-oviedo\/#webpage"},"isPartOf":{"@id":"https:\/\/www.eldigitaldeasturias.com\/noticias\/la-fiscalia-pide-prision-para-dos-acusados-de-simular-una-lesion-a-consecuencia-de-un-choque-en-oviedo\/#webpage"},"articleSection":"Sucesos"},{"@type":"BreadcrumbList","@id":"https:\/\/www.eldigitaldeasturias.com\/noticias\/la-fiscalia-pide-prision-para-dos-acusados-de-simular-una-lesion-a-consecuencia-de-un-choque-en-oviedo\/#breadcrumblist","itemListElement":[{"@type":"ListItem","@id":"https:\/\/www.eldigitaldeasturias.com\/noticias#listItem","position":1,"name":"Home","item":"https:\/\/www.eldigitaldeasturias.com\/noticias","nextItem":{"@type":"ListItem","@id":"https:\/\/www.eldigitaldeasturias.com\/noticias\/category\/sucesos\/#listItem","name":"Sucesos"}},{"@type":"ListItem","@id":"https:\/\/www.eldigitaldeasturias.com\/noticias\/category\/sucesos\/#listItem","position":2,"name":"Sucesos","item":"https:\/\/www.eldigitaldeasturias.com\/noticias\/category\/sucesos\/","nextItem":{"@type":"ListItem","@id":"https:\/\/www.eldigitaldeasturias.com\/noticias\/la-fiscalia-pide-prision-para-dos-acusados-de-simular-una-lesion-a-consecuencia-de-un-choque-en-oviedo\/#listItem","name":"La Fiscal\u00eda pide prisi\u00f3n para dos acusados de simular una lesi\u00f3n a consecuencia de un choque en Oviedo"},"previousItem":{"@type":"ListItem","@id":"https:\/\/www.eldigitaldeasturias.com\/noticias#listItem","name":"Home"}},{"@type":"ListItem","@id":"https:\/\/www.eldigitaldeasturias.com\/noticias\/la-fiscalia-pide-prision-para-dos-acusados-de-simular-una-lesion-a-consecuencia-de-un-choque-en-oviedo\/#listItem","position":3,"name":"La Fiscal\u00eda pide prisi\u00f3n para dos acusados de simular una lesi\u00f3n a consecuencia de un choque en Oviedo","previousItem":{"@type":"ListItem","@id":"https:\/\/www.eldigitaldeasturias.com\/noticias\/category\/sucesos\/#listItem","name":"Sucesos"}}]},{"@type":"Organization","@id":"https:\/\/www.eldigitaldeasturias.com\/noticias\/#organization","name":"El Digital de Asturias","description":"Hemeroteca","url":"https:\/\/www.eldigitaldeasturias.com\/noticias\/","email":"info@eldigitaldeasturias.com","telephone":"+34652131393","logo":{"@type":"ImageObject","url":"https:\/\/www.eldigitaldeasturias.com\/noticias\/wp-content\/uploads\/2020\/12\/EDA.jpg","@id":"https:\/\/www.eldigitaldeasturias.com\/noticias\/la-fiscalia-pide-prision-para-dos-acusados-de-simular-una-lesion-a-consecuencia-de-un-choque-en-oviedo\/#organizationLogo","width":649,"height":297},"image":{"@id":"https:\/\/www.eldigitaldeasturias.com\/noticias\/la-fiscalia-pide-prision-para-dos-acusados-de-simular-una-lesion-a-consecuencia-de-un-choque-en-oviedo\/#organizationLogo"},"sameAs":["https:\/\/facebook.com\/eldigitaldeasturias","https:\/\/www.youtube.com\/channel\/UCZP-2wLEB9Rv6erhFmqVnvg"],"address":{"@id":"https:\/\/www.eldigitaldeasturias.com\/noticias\/#postaladdress","@type":"PostalAddress","streetAddress":"san antonio 4,","postalCode":"33430","addressLocality":"Cand\u00e1s","addressRegion":"Asturias","addressCountry":"ES"}},{"@type":"Person","@id":"https:\/\/www.eldigitaldeasturias.com\/noticias\/author\/admin\/#author","url":"https:\/\/www.eldigitaldeasturias.com\/noticias\/author\/admin\/","name":"El Digital de Asturias","image":{"@type":"ImageObject","@id":"https:\/\/www.eldigitaldeasturias.com\/noticias\/la-fiscalia-pide-prision-para-dos-acusados-de-simular-una-lesion-a-consecuencia-de-un-choque-en-oviedo\/#authorImage","url":"https:\/\/www.eldigitaldeasturias.com\/noticias\/wp-content\/litespeed\/avatar\/18677e78aa0546b92d9dbf31ec7d7668.jpg?ver=1777290358","width":96,"height":96,"caption":"El Digital de Asturias"}},{"@type":"WebPage","@id":"https:\/\/www.eldigitaldeasturias.com\/noticias\/la-fiscalia-pide-prision-para-dos-acusados-de-simular-una-lesion-a-consecuencia-de-un-choque-en-oviedo\/#webpage","url":"https:\/\/www.eldigitaldeasturias.com\/noticias\/la-fiscalia-pide-prision-para-dos-acusados-de-simular-una-lesion-a-consecuencia-de-un-choque-en-oviedo\/","name":"La Fiscal\u00eda pide prisi\u00f3n para dos acusados de simular una lesi\u00f3n a consecuencia de un choque en Oviedo - El Digital de Asturias","description":"La Fiscal\u00eda del Principado de Asturias solicita la condena de dos acusados de simular una lesi\u00f3n a consecuencia de un choque en Oviedo para cobrar la indemnizaci\u00f3n de la aseguradora. La vista oral se celebrar\u00e1 este jueves, 4 de febrero de 2016, en la Secci\u00f3n Tercera de la Audiencia Provincial de Asturias, con sede en","inLanguage":"es-ES","isPartOf":{"@id":"https:\/\/www.eldigitaldeasturias.com\/noticias\/#website"},"breadcrumb":{"@id":"https:\/\/www.eldigitaldeasturias.com\/noticias\/la-fiscalia-pide-prision-para-dos-acusados-de-simular-una-lesion-a-consecuencia-de-un-choque-en-oviedo\/#breadcrumblist"},"author":{"@id":"https:\/\/www.eldigitaldeasturias.com\/noticias\/author\/admin\/#author"},"creator":{"@id":"https:\/\/www.eldigitaldeasturias.com\/noticias\/author\/admin\/#author"},"image":{"@type":"ImageObject","url":"https:\/\/www.eldigitaldeasturias.com\/noticias\/wp-content\/uploads\/2015\/06\/juzgados.jpg","@id":"https:\/\/www.eldigitaldeasturias.com\/noticias\/la-fiscalia-pide-prision-para-dos-acusados-de-simular-una-lesion-a-consecuencia-de-un-choque-en-oviedo\/#mainImage","width":655,"height":360},"primaryImageOfPage":{"@id":"https:\/\/www.eldigitaldeasturias.com\/noticias\/la-fiscalia-pide-prision-para-dos-acusados-de-simular-una-lesion-a-consecuencia-de-un-choque-en-oviedo\/#mainImage"},"datePublished":"2016-02-03T19:40:22+01:00","dateModified":"2016-02-03T19:40:22+01:00"},{"@type":"WebSite","@id":"https:\/\/www.eldigitaldeasturias.com\/noticias\/#website","url":"https:\/\/www.eldigitaldeasturias.com\/noticias\/","name":"El Digital de Asturias - Diario de actualidad y noticias","alternateName":"El Digital de Asturias - Diario de actualidad y noticias","description":"Hemeroteca","inLanguage":"es-ES","publisher":{"@id":"https:\/\/www.eldigitaldeasturias.com\/noticias\/#organization"}}]},"og:locale":"es_ES","og:site_name":"El Digital de Asturias","og:type":"article","og:title":"La Fiscal\u00eda pide prisi\u00f3n para dos acusados de simular una lesi\u00f3n a consecuencia de un choque en Oviedo - El Digital de Asturias","og:description":"La Fiscal\u00eda del Principado de Asturias solicita la condena de dos acusados de simular una lesi\u00f3n a consecuencia de un choque en Oviedo para cobrar la indemnizaci\u00f3n de la aseguradora. La vista oral se celebrar\u00e1 este jueves, 4 de febrero de 2016, en la Secci\u00f3n Tercera de la Audiencia Provincial de Asturias, con sede en","og:url":"https:\/\/www.eldigitaldeasturias.com\/noticias\/la-fiscalia-pide-prision-para-dos-acusados-de-simular-una-lesion-a-consecuencia-de-un-choque-en-oviedo\/","og:image":"https:\/\/www.eldigitaldeasturias.com\/noticias\/wp-content\/uploads\/2015\/06\/juzgados.jpg","og:image:secure_url":"https:\/\/www.eldigitaldeasturias.com\/noticias\/wp-content\/uploads\/2015\/06\/juzgados.jpg","og:image:width":655,"og:image:height":360,"article:tag":["sucesos"],"article:published_time":"2016-02-03T19:40:22+00:00","article:modified_time":"2016-02-03T19:40:22+00:00","article:publisher":"https:\/\/facebook.com\/eldigitaldeasturias","twitter:card":"summary_large_image","twitter:title":"La Fiscal\u00eda pide prisi\u00f3n para dos acusados de simular una lesi\u00f3n a consecuencia de un choque en Oviedo - El Digital de Asturias","twitter:description":"La Fiscal\u00eda del Principado de Asturias solicita la condena de dos acusados de simular una lesi\u00f3n a consecuencia de un choque en Oviedo para cobrar la indemnizaci\u00f3n de la aseguradora. La vista oral se celebrar\u00e1 este jueves, 4 de febrero de 2016, en la Secci\u00f3n Tercera de la Audiencia Provincial de Asturias, con sede en","twitter:image":"https:\/\/www.eldigitaldeasturias.com\/noticias\/wp-content\/uploads\/2015\/06\/juzgados.jpg","twitter:label1":"Escrito por","twitter:data1":"El Digital de Asturias","twitter:label2":"Tiempo de lectura estimado","twitter:data2":"2 minutos"},"aioseo_meta_data":{"post_id":"853544","title":null,"description":null,"keywords":null,"keyphrases":null,"primary_term":null,"canonical_url":null,"og_title":null,"og_description":null,"og_object_type":"default","og_image_type":"default","og_image_url":null,"og_image_width":null,"og_image_height":null,"og_image_custom_url":null,"og_image_custom_fields":null,"og_video":null,"og_custom_url":null,"og_article_section":null,"og_article_tags":null,"twitter_use_og":false,"twitter_card":"default","twitter_image_type":"default","twitter_image_url":null,"twitter_image_custom_url":null,"twitter_image_custom_fields":null,"twitter_title":null,"twitter_description":null,"schema":{"blockGraphs":[],"customGraphs":[],"default":{"data":{"Article":[],"Course":[],"Dataset":[],"FAQPage":[],"Movie":[],"Person":[],"Product":[],"ProductReview":[],"Car":[],"Recipe":[],"Service":[],"SoftwareApplication":[],"WebPage":[]},"graphName":"","isEnabled":true},"graphs":[],"defaultGraph":"","defaultPostTypeGraph":""},"schema_type":null,"schema_type_options":null,"pillar_content":false,"robots_default":true,"robots_noindex":false,"robots_noarchive":false,"robots_nosnippet":false,"robots_nofollow":false,"robots_noimageindex":false,"robots_noodp":false,"robots_notranslate":false,"robots_max_snippet":null,"robots_max_videopreview":null,"robots_max_imagepreview":"large","priority":null,"frequency":null,"local_seo":null,"seo_analyzer_scan_date":"2025-12-09 18:33:10","breadcrumb_settings":null,"limit_modified_date":false,"open_ai":null,"ai":null,"created":"2021-01-22 03:10:09","updated":"2025-12-09 18:33:10"},"aioseo_breadcrumb":"<div class=\"aioseo-breadcrumbs\"><span class=\"aioseo-breadcrumb\">\n\t<a href=\"https:\/\/www.eldigitaldeasturias.com\/noticias\" title=\"Home\">Home<\/a>\n<\/span><span class=\"aioseo-breadcrumb-separator\">\u2013<\/span><span class=\"aioseo-breadcrumb\">\n\t<a href=\"https:\/\/www.eldigitaldeasturias.com\/noticias\/category\/sucesos\/\" title=\"Sucesos\">Sucesos<\/a>\n<\/span><span class=\"aioseo-breadcrumb-separator\">\u2013<\/span><span class=\"aioseo-breadcrumb\">\n\t<a href=\"https:\/\/www.eldigitaldeasturias.com\/noticias\/la-fiscalia-pide-prision-para-dos-acusados-de-simular-una-lesion-a-consecuencia-de-un-choque-en-oviedo\/\" title=\"La Fiscal\u00eda pide prisi\u00f3n para dos acusados de simular una lesi\u00f3n a consecuencia de un choque en Oviedo\">La Fiscal\u00eda pide prisi\u00f3n para dos acusados de simular una lesi\u00f3n a consecuencia de un choque en Oviedo<\/a>\n<\/span><\/div>","aioseo_breadcrumb_json":[{"label":"Home","link":"https:\/\/www.eldigitaldeasturias.com\/noticias"},{"label":"Sucesos","link":"https:\/\/www.eldigitaldeasturias.com\/noticias\/category\/sucesos\/"},{"label":"La Fiscal\u00eda pide prisi\u00f3n para dos acusados de simular una lesi\u00f3n a consecuencia de un choque en Oviedo","link":"https:\/\/www.eldigitaldeasturias.com\/noticias\/la-fiscalia-pide-prision-para-dos-acusados-de-simular-una-lesion-a-consecuencia-de-un-choque-en-oviedo\/"}],"_links":{"self":[{"href":"https:\/\/www.eldigitaldeasturias.com\/noticias\/wp-json\/wp\/v2\/posts\/853544","targetHints":{"allow":["GET"]}}],"collection":[{"href":"https:\/\/www.eldigitaldeasturias.com\/noticias\/wp-json\/wp\/v2\/posts"}],"about":[{"href":"https:\/\/www.eldigitaldeasturias.com\/noticias\/wp-json\/wp\/v2\/types\/post"}],"author":[{"embeddable":true,"href":"https:\/\/www.eldigitaldeasturias.com\/noticias\/wp-json\/wp\/v2\/users\/1"}],"replies":[{"embeddable":true,"href":"https:\/\/www.eldigitaldeasturias.com\/noticias\/wp-json\/wp\/v2\/comments?post=853544"}],"version-history":[{"count":0,"href":"https:\/\/www.eldigitaldeasturias.com\/noticias\/wp-json\/wp\/v2\/posts\/853544\/revisions"}],"wp:featuredmedia":[{"embeddable":true,"href":"https:\/\/www.eldigitaldeasturias.com\/noticias\/wp-json\/wp\/v2\/media\/788444"}],"wp:attachment":[{"href":"https:\/\/www.eldigitaldeasturias.com\/noticias\/wp-json\/wp\/v2\/media?parent=853544"}],"wp:term":[{"taxonomy":"category","embeddable":true,"href":"https:\/\/www.eldigitaldeasturias.com\/noticias\/wp-json\/wp\/v2\/categories?post=853544"},{"taxonomy":"post_tag","embeddable":true,"href":"https:\/\/www.eldigitaldeasturias.com\/noticias\/wp-json\/wp\/v2\/tags?post=853544"}],"curies":[{"name":"wp","href":"https:\/\/api.w.org\/{rel}","templated":true}]}}