{"id":853539,"date":"2016-02-03T19:37:46","date_gmt":"2016-02-03T19:37:46","guid":{"rendered":"http:\/\/www.eldigitaldeasturias.com\/noticias\/?p=853539"},"modified":"2016-02-03T19:37:46","modified_gmt":"2016-02-03T19:37:46","slug":"lara-martinez-propone-crear-un-consejo-local-de-cultura-en-gijon","status":"publish","type":"post","link":"https:\/\/www.eldigitaldeasturias.com\/noticias\/lara-martinez-propone-crear-un-consejo-local-de-cultura-en-gijon\/","title":{"rendered":"Lara Mart\u00ednez propone crear un Consejo Local de Cultura en Gij\u00f3n"},"content":{"rendered":"<p><img loading=\"lazy\" decoding=\"async\" class=\"alignleft size-medium wp-image-853540\" src=\"https:\/\/www.eldigitaldeasturias.com\/noticias\/wp-content\/uploads\/2016\/02\/fotonoticia_20160203141956_800-240x320.jpg\" alt=\"fotonoticia_20160203141956_800\" width=\"240\" height=\"320\" srcset=\"https:\/\/www.eldigitaldeasturias.com\/noticias\/wp-content\/uploads\/2016\/02\/fotonoticia_20160203141956_800-240x320.jpg 240w, https:\/\/www.eldigitaldeasturias.com\/noticias\/wp-content\/uploads\/2016\/02\/fotonoticia_20160203141956_800-768x1024.jpg 768w, https:\/\/www.eldigitaldeasturias.com\/noticias\/wp-content\/uploads\/2016\/02\/fotonoticia_20160203141956_800-487x650.jpg 487w, https:\/\/www.eldigitaldeasturias.com\/noticias\/wp-content\/uploads\/2016\/02\/fotonoticia_20160203141956_800.jpg 800w\" sizes=\"auto, (max-width: 240px) 100vw, 240px\" \/>La concejala del Grupo Municipal Socialista en el Ayuntamiento de Gij\u00f3n Lara Mart\u00ednez llevar\u00e1 al Pleno una iniciativa para crear un Consejo Local de Cultura que garantice la pluralidad e independencia y se pueda debatir sobre cuestiones culturales importantes que est\u00e1n sobre la mesa, a lo que ha visto necesario repensar la Fundaci\u00f3n Municipal de Cultura (FMC) para adaptarse a las necesidades actuales y futuras.<\/p>\n<p>Mart\u00ednez, en rueda de prensa en el Consistorio, ha indicado que este Consejo Local de Cultura estar\u00eda formado por grupos pol\u00edticos y agentes culturales de la ciudad. Para ella, es importante dejar de programar actividades para el corto plazo y pensando en resultados inmediatos, sin hacerlo en futuras generaciones.<\/p>\n<p>En el caso de la FMC, ha indicado que habr\u00e1 que analizar si responde a necesidades actuales de la ciudad. Como ejemplo, ha citado los cursos de la Universidad Popular, que en los 80 ten\u00eda un sentido y car\u00e1cter innovador, pero m\u00e1s de 20 a\u00f1os despu\u00e9s es momento de repensar su funci\u00f3n.<\/p>\n<p>Tambi\u00e9n ha acusado a Foro de llevar a cabo un \u00abdesmantelamiento progresivo\u00bb de los servicios culturales municipales de la ciudad, como pueda ser con la creaci\u00f3n de Divertia, que ha pasado a llevar asuntos que depend\u00edan de otros departamentos culturales. Es m\u00e1s, ha aludido a un \u00abdesconocimiento total\u00bb de Divertia en ciertas facetas culturales, que, seg\u00fan la edil, se puso de manifiesto con el proyecto de recuperaci\u00f3n de medianeras en Cimavilla &#8216;Galer\u00eda Abierta&#8217;, que no se pudo llevar a cabo y cost\u00f3 a las arcas municipales 20.000 euros.<\/p>\n<p>A esto ha sumado que el Gobierno local solo centra la cultura en Tabacalera, edificio llamado a convertirse en el Museo de la ciudad y en un centro de creaci\u00f3n cultural y creativa. Mart\u00ednez ha resaltado, sobre esto \u00faltimo, que &#8216;Gij\u00f3n creativo&#8217;, no deja de ser un \u00absimple\u00bb listado de empresas, sin nada detr\u00e1s ni un planteamiento de futuro. Tambi\u00e9n ha dado por \u00absuperada\u00bb hace a\u00f1os la fase de l\u00ednea de subvenciones para estas empresas para que puedan estar presentes en ferias y para la creaci\u00f3n de p\u00e1ginas Web.<\/p>\n","protected":false},"excerpt":{"rendered":"<p>La concejala del Grupo Municipal Socialista en el Ayuntamiento de Gij\u00f3n Lara Mart\u00ednez llevar\u00e1 al Pleno una iniciativa para crear un Consejo Local de Cultura que garantice la pluralidad e independencia y se pueda debatir sobre cuestiones culturales importantes que est\u00e1n sobre la mesa, a lo que ha visto necesario repensar la Fundaci\u00f3n Municipal de [&hellip;]<\/p>\n","protected":false},"author":1,"featured_media":853540,"comment_status":"closed","ping_status":"closed","sticky":false,"template":"","format":"standard","meta":{"footnotes":""},"categories":[50],"tags":[],"class_list":["post-853539","post","type-post","status-publish","format-standard","has-post-thumbnail","hentry","category-revista-de-ocio"],"aioseo_notices":[],"aioseo_head":"\n\t\t<!-- All in One SEO Pro 4.9.6.2 - aioseo.com -->\n\t<meta name=\"description\" content=\"La concejala del Grupo Municipal Socialista en el Ayuntamiento de Gij\u00f3n Lara Mart\u00ednez llevar\u00e1 al Pleno una iniciativa para crear un Consejo Local de Cultura que garantice la pluralidad e independencia y se pueda debatir sobre cuestiones culturales importantes que est\u00e1n sobre la mesa, a lo que ha visto necesario repensar la Fundaci\u00f3n Municipal de\" \/>\n\t<meta name=\"robots\" content=\"max-image-preview:large\" \/>\n\t<meta name=\"author\" content=\"El Digital de Asturias\"\/>\n\t<meta name=\"google-site-verification\" content=\"UA-38556648-1\" \/>\n\t<meta name=\"msvalidate.01\" content=\"7dfe9f3f1b24437ab69f4f2559babe99\" \/>\n\t<meta name=\"keywords\" content=\"revista de ocio\" \/>\n\t<link rel=\"canonical\" href=\"https:\/\/www.eldigitaldeasturias.com\/noticias\/lara-martinez-propone-crear-un-consejo-local-de-cultura-en-gijon\/\" \/>\n\t<meta name=\"generator\" content=\"All in One SEO Pro (AIOSEO) 4.9.6.2\" \/>\n\t\t<meta property=\"og:locale\" content=\"es_ES\" \/>\n\t\t<meta property=\"og:site_name\" content=\"El Digital de Asturias\" \/>\n\t\t<meta property=\"og:type\" content=\"article\" \/>\n\t\t<meta property=\"og:title\" content=\"Lara Mart\u00ednez propone crear un Consejo Local de Cultura en Gij\u00f3n - El Digital de Asturias\" \/>\n\t\t<meta property=\"og:description\" content=\"La concejala del Grupo Municipal Socialista en el Ayuntamiento de Gij\u00f3n Lara Mart\u00ednez llevar\u00e1 al Pleno una iniciativa para crear un Consejo Local de Cultura que garantice la pluralidad e independencia y se pueda debatir sobre cuestiones culturales importantes que est\u00e1n sobre la mesa, a lo que ha visto necesario repensar la Fundaci\u00f3n Municipal de\" \/>\n\t\t<meta property=\"og:url\" content=\"https:\/\/www.eldigitaldeasturias.com\/noticias\/lara-martinez-propone-crear-un-consejo-local-de-cultura-en-gijon\/\" \/>\n\t\t<meta property=\"og:image\" content=\"https:\/\/www.eldigitaldeasturias.com\/noticias\/wp-content\/uploads\/2016\/02\/fotonoticia_20160203141956_800.jpg\" \/>\n\t\t<meta property=\"og:image:secure_url\" content=\"https:\/\/www.eldigitaldeasturias.com\/noticias\/wp-content\/uploads\/2016\/02\/fotonoticia_20160203141956_800.jpg\" \/>\n\t\t<meta property=\"og:image:width\" content=\"800\" \/>\n\t\t<meta property=\"og:image:height\" content=\"1067\" \/>\n\t\t<meta property=\"article:tag\" content=\"revista de ocio\" \/>\n\t\t<meta property=\"article:published_time\" content=\"2016-02-03T19:37:46+00:00\" \/>\n\t\t<meta property=\"article:modified_time\" content=\"2016-02-03T19:37:46+00:00\" \/>\n\t\t<meta property=\"article:publisher\" content=\"https:\/\/facebook.com\/eldigitaldeasturias\" \/>\n\t\t<meta name=\"twitter:card\" content=\"summary_large_image\" \/>\n\t\t<meta name=\"twitter:title\" content=\"Lara Mart\u00ednez propone crear un Consejo Local de Cultura en Gij\u00f3n - El Digital de Asturias\" \/>\n\t\t<meta name=\"twitter:description\" content=\"La concejala del Grupo Municipal Socialista en el Ayuntamiento de Gij\u00f3n Lara Mart\u00ednez llevar\u00e1 al Pleno una iniciativa para crear un Consejo Local de Cultura que garantice la pluralidad e independencia y se pueda debatir sobre cuestiones culturales importantes que est\u00e1n sobre la mesa, a lo que ha visto necesario repensar la Fundaci\u00f3n Municipal de\" \/>\n\t\t<meta name=\"twitter:image\" content=\"https:\/\/www.eldigitaldeasturias.com\/noticias\/wp-content\/uploads\/2016\/02\/fotonoticia_20160203141956_800.jpg\" \/>\n\t\t<meta name=\"twitter:label1\" content=\"Escrito por\" \/>\n\t\t<meta name=\"twitter:data1\" content=\"El Digital de Asturias\" \/>\n\t\t<meta name=\"twitter:label2\" content=\"Tiempo de lectura estimado\" \/>\n\t\t<meta name=\"twitter:data2\" content=\"2 minutos\" \/>\n\t\t<script type=\"application\/ld+json\" class=\"aioseo-schema\">\n\t\t\t{\"@context\":\"https:\\\/\\\/schema.org\",\"@graph\":[{\"@type\":\"BlogPosting\",\"@id\":\"https:\\\/\\\/www.eldigitaldeasturias.com\\\/noticias\\\/lara-martinez-propone-crear-un-consejo-local-de-cultura-en-gijon\\\/#blogposting\",\"name\":\"Lara Mart\\u00ednez propone crear un Consejo Local de Cultura en Gij\\u00f3n - El Digital de Asturias\",\"headline\":\"Lara Mart\\u00ednez propone crear un Consejo Local de Cultura en Gij\\u00f3n\",\"author\":{\"@id\":\"https:\\\/\\\/www.eldigitaldeasturias.com\\\/noticias\\\/author\\\/admin\\\/#author\"},\"publisher\":{\"@id\":\"https:\\\/\\\/www.eldigitaldeasturias.com\\\/noticias\\\/#organization\"},\"image\":{\"@type\":\"ImageObject\",\"url\":\"https:\\\/\\\/www.eldigitaldeasturias.com\\\/noticias\\\/wp-content\\\/uploads\\\/2016\\\/02\\\/fotonoticia_20160203141956_800.jpg\",\"width\":800,\"height\":1067},\"datePublished\":\"2016-02-03T19:37:46+01:00\",\"dateModified\":\"2016-02-03T19:37:46+01:00\",\"inLanguage\":\"es-ES\",\"mainEntityOfPage\":{\"@id\":\"https:\\\/\\\/www.eldigitaldeasturias.com\\\/noticias\\\/lara-martinez-propone-crear-un-consejo-local-de-cultura-en-gijon\\\/#webpage\"},\"isPartOf\":{\"@id\":\"https:\\\/\\\/www.eldigitaldeasturias.com\\\/noticias\\\/lara-martinez-propone-crear-un-consejo-local-de-cultura-en-gijon\\\/#webpage\"},\"articleSection\":\"Revista de Ocio\"},{\"@type\":\"BreadcrumbList\",\"@id\":\"https:\\\/\\\/www.eldigitaldeasturias.com\\\/noticias\\\/lara-martinez-propone-crear-un-consejo-local-de-cultura-en-gijon\\\/#breadcrumblist\",\"itemListElement\":[{\"@type\":\"ListItem\",\"@id\":\"https:\\\/\\\/www.eldigitaldeasturias.com\\\/noticias#listItem\",\"position\":1,\"name\":\"Home\",\"item\":\"https:\\\/\\\/www.eldigitaldeasturias.com\\\/noticias\",\"nextItem\":{\"@type\":\"ListItem\",\"@id\":\"https:\\\/\\\/www.eldigitaldeasturias.com\\\/noticias\\\/category\\\/revista-de-ocio\\\/#listItem\",\"name\":\"Revista de Ocio\"}},{\"@type\":\"ListItem\",\"@id\":\"https:\\\/\\\/www.eldigitaldeasturias.com\\\/noticias\\\/category\\\/revista-de-ocio\\\/#listItem\",\"position\":2,\"name\":\"Revista de Ocio\",\"item\":\"https:\\\/\\\/www.eldigitaldeasturias.com\\\/noticias\\\/category\\\/revista-de-ocio\\\/\",\"nextItem\":{\"@type\":\"ListItem\",\"@id\":\"https:\\\/\\\/www.eldigitaldeasturias.com\\\/noticias\\\/lara-martinez-propone-crear-un-consejo-local-de-cultura-en-gijon\\\/#listItem\",\"name\":\"Lara Mart\\u00ednez propone crear un Consejo Local de Cultura en Gij\\u00f3n\"},\"previousItem\":{\"@type\":\"ListItem\",\"@id\":\"https:\\\/\\\/www.eldigitaldeasturias.com\\\/noticias#listItem\",\"name\":\"Home\"}},{\"@type\":\"ListItem\",\"@id\":\"https:\\\/\\\/www.eldigitaldeasturias.com\\\/noticias\\\/lara-martinez-propone-crear-un-consejo-local-de-cultura-en-gijon\\\/#listItem\",\"position\":3,\"name\":\"Lara Mart\\u00ednez propone crear un Consejo Local de Cultura en Gij\\u00f3n\",\"previousItem\":{\"@type\":\"ListItem\",\"@id\":\"https:\\\/\\\/www.eldigitaldeasturias.com\\\/noticias\\\/category\\\/revista-de-ocio\\\/#listItem\",\"name\":\"Revista de Ocio\"}}]},{\"@type\":\"Organization\",\"@id\":\"https:\\\/\\\/www.eldigitaldeasturias.com\\\/noticias\\\/#organization\",\"name\":\"El Digital de Asturias\",\"description\":\"Hemeroteca\",\"url\":\"https:\\\/\\\/www.eldigitaldeasturias.com\\\/noticias\\\/\",\"email\":\"info@eldigitaldeasturias.com\",\"telephone\":\"+34652131393\",\"logo\":{\"@type\":\"ImageObject\",\"url\":\"https:\\\/\\\/www.eldigitaldeasturias.com\\\/noticias\\\/wp-content\\\/uploads\\\/2020\\\/12\\\/EDA.jpg\",\"@id\":\"https:\\\/\\\/www.eldigitaldeasturias.com\\\/noticias\\\/lara-martinez-propone-crear-un-consejo-local-de-cultura-en-gijon\\\/#organizationLogo\",\"width\":649,\"height\":297},\"image\":{\"@id\":\"https:\\\/\\\/www.eldigitaldeasturias.com\\\/noticias\\\/lara-martinez-propone-crear-un-consejo-local-de-cultura-en-gijon\\\/#organizationLogo\"},\"sameAs\":[\"https:\\\/\\\/facebook.com\\\/eldigitaldeasturias\",\"https:\\\/\\\/www.youtube.com\\\/channel\\\/UCZP-2wLEB9Rv6erhFmqVnvg\"],\"address\":{\"@id\":\"https:\\\/\\\/www.eldigitaldeasturias.com\\\/noticias\\\/#postaladdress\",\"@type\":\"PostalAddress\",\"streetAddress\":\"san antonio 4,\",\"postalCode\":\"33430\",\"addressLocality\":\"Cand\\u00e1s\",\"addressRegion\":\"Asturias\",\"addressCountry\":\"ES\"}},{\"@type\":\"Person\",\"@id\":\"https:\\\/\\\/www.eldigitaldeasturias.com\\\/noticias\\\/author\\\/admin\\\/#author\",\"url\":\"https:\\\/\\\/www.eldigitaldeasturias.com\\\/noticias\\\/author\\\/admin\\\/\",\"name\":\"El Digital de Asturias\",\"image\":{\"@type\":\"ImageObject\",\"@id\":\"https:\\\/\\\/www.eldigitaldeasturias.com\\\/noticias\\\/lara-martinez-propone-crear-un-consejo-local-de-cultura-en-gijon\\\/#authorImage\",\"url\":\"https:\\\/\\\/www.eldigitaldeasturias.com\\\/noticias\\\/wp-content\\\/litespeed\\\/avatar\\\/18677e78aa0546b92d9dbf31ec7d7668.jpg?ver=1777290358\",\"width\":96,\"height\":96,\"caption\":\"El Digital de Asturias\"}},{\"@type\":\"WebPage\",\"@id\":\"https:\\\/\\\/www.eldigitaldeasturias.com\\\/noticias\\\/lara-martinez-propone-crear-un-consejo-local-de-cultura-en-gijon\\\/#webpage\",\"url\":\"https:\\\/\\\/www.eldigitaldeasturias.com\\\/noticias\\\/lara-martinez-propone-crear-un-consejo-local-de-cultura-en-gijon\\\/\",\"name\":\"Lara Mart\\u00ednez propone crear un Consejo Local de Cultura en Gij\\u00f3n - El Digital de Asturias\",\"description\":\"La concejala del Grupo Municipal Socialista en el Ayuntamiento de Gij\\u00f3n Lara Mart\\u00ednez llevar\\u00e1 al Pleno una iniciativa para crear un Consejo Local de Cultura que garantice la pluralidad e independencia y se pueda debatir sobre cuestiones culturales importantes que est\\u00e1n sobre la mesa, a lo que ha visto necesario repensar la Fundaci\\u00f3n Municipal de\",\"inLanguage\":\"es-ES\",\"isPartOf\":{\"@id\":\"https:\\\/\\\/www.eldigitaldeasturias.com\\\/noticias\\\/#website\"},\"breadcrumb\":{\"@id\":\"https:\\\/\\\/www.eldigitaldeasturias.com\\\/noticias\\\/lara-martinez-propone-crear-un-consejo-local-de-cultura-en-gijon\\\/#breadcrumblist\"},\"author\":{\"@id\":\"https:\\\/\\\/www.eldigitaldeasturias.com\\\/noticias\\\/author\\\/admin\\\/#author\"},\"creator\":{\"@id\":\"https:\\\/\\\/www.eldigitaldeasturias.com\\\/noticias\\\/author\\\/admin\\\/#author\"},\"image\":{\"@type\":\"ImageObject\",\"url\":\"https:\\\/\\\/www.eldigitaldeasturias.com\\\/noticias\\\/wp-content\\\/uploads\\\/2016\\\/02\\\/fotonoticia_20160203141956_800.jpg\",\"@id\":\"https:\\\/\\\/www.eldigitaldeasturias.com\\\/noticias\\\/lara-martinez-propone-crear-un-consejo-local-de-cultura-en-gijon\\\/#mainImage\",\"width\":800,\"height\":1067},\"primaryImageOfPage\":{\"@id\":\"https:\\\/\\\/www.eldigitaldeasturias.com\\\/noticias\\\/lara-martinez-propone-crear-un-consejo-local-de-cultura-en-gijon\\\/#mainImage\"},\"datePublished\":\"2016-02-03T19:37:46+01:00\",\"dateModified\":\"2016-02-03T19:37:46+01:00\"},{\"@type\":\"WebSite\",\"@id\":\"https:\\\/\\\/www.eldigitaldeasturias.com\\\/noticias\\\/#website\",\"url\":\"https:\\\/\\\/www.eldigitaldeasturias.com\\\/noticias\\\/\",\"name\":\"El Digital de Asturias - Diario de actualidad y noticias\",\"alternateName\":\"El Digital de Asturias - Diario de actualidad y noticias\",\"description\":\"Hemeroteca\",\"inLanguage\":\"es-ES\",\"publisher\":{\"@id\":\"https:\\\/\\\/www.eldigitaldeasturias.com\\\/noticias\\\/#organization\"}}]}\n\t\t<\/script>\n\t\t<!-- All in One SEO Pro -->\r\n\t\t<title>Lara Mart\u00ednez propone crear un Consejo Local de Cultura en Gij\u00f3n - El Digital de Asturias<\/title>\n\n","aioseo_head_json":{"title":"Lara Mart\u00ednez propone crear un Consejo Local de Cultura en Gij\u00f3n - El Digital de Asturias","description":"La concejala del Grupo Municipal Socialista en el Ayuntamiento de Gij\u00f3n Lara Mart\u00ednez llevar\u00e1 al Pleno una iniciativa para crear un Consejo Local de Cultura que garantice la pluralidad e independencia y se pueda debatir sobre cuestiones culturales importantes que est\u00e1n sobre la mesa, a lo que ha visto necesario repensar la Fundaci\u00f3n Municipal de","canonical_url":"https:\/\/www.eldigitaldeasturias.com\/noticias\/lara-martinez-propone-crear-un-consejo-local-de-cultura-en-gijon\/","robots":"max-image-preview:large","keywords":"revista de ocio","webmasterTools":{"google-site-verification":"UA-38556648-1","msvalidate.01":"7dfe9f3f1b24437ab69f4f2559babe99","miscellaneous":""},"schema":{"@context":"https:\/\/schema.org","@graph":[{"@type":"BlogPosting","@id":"https:\/\/www.eldigitaldeasturias.com\/noticias\/lara-martinez-propone-crear-un-consejo-local-de-cultura-en-gijon\/#blogposting","name":"Lara Mart\u00ednez propone crear un Consejo Local de Cultura en Gij\u00f3n - El Digital de Asturias","headline":"Lara Mart\u00ednez propone crear un Consejo Local de Cultura en Gij\u00f3n","author":{"@id":"https:\/\/www.eldigitaldeasturias.com\/noticias\/author\/admin\/#author"},"publisher":{"@id":"https:\/\/www.eldigitaldeasturias.com\/noticias\/#organization"},"image":{"@type":"ImageObject","url":"https:\/\/www.eldigitaldeasturias.com\/noticias\/wp-content\/uploads\/2016\/02\/fotonoticia_20160203141956_800.jpg","width":800,"height":1067},"datePublished":"2016-02-03T19:37:46+01:00","dateModified":"2016-02-03T19:37:46+01:00","inLanguage":"es-ES","mainEntityOfPage":{"@id":"https:\/\/www.eldigitaldeasturias.com\/noticias\/lara-martinez-propone-crear-un-consejo-local-de-cultura-en-gijon\/#webpage"},"isPartOf":{"@id":"https:\/\/www.eldigitaldeasturias.com\/noticias\/lara-martinez-propone-crear-un-consejo-local-de-cultura-en-gijon\/#webpage"},"articleSection":"Revista de Ocio"},{"@type":"BreadcrumbList","@id":"https:\/\/www.eldigitaldeasturias.com\/noticias\/lara-martinez-propone-crear-un-consejo-local-de-cultura-en-gijon\/#breadcrumblist","itemListElement":[{"@type":"ListItem","@id":"https:\/\/www.eldigitaldeasturias.com\/noticias#listItem","position":1,"name":"Home","item":"https:\/\/www.eldigitaldeasturias.com\/noticias","nextItem":{"@type":"ListItem","@id":"https:\/\/www.eldigitaldeasturias.com\/noticias\/category\/revista-de-ocio\/#listItem","name":"Revista de Ocio"}},{"@type":"ListItem","@id":"https:\/\/www.eldigitaldeasturias.com\/noticias\/category\/revista-de-ocio\/#listItem","position":2,"name":"Revista de Ocio","item":"https:\/\/www.eldigitaldeasturias.com\/noticias\/category\/revista-de-ocio\/","nextItem":{"@type":"ListItem","@id":"https:\/\/www.eldigitaldeasturias.com\/noticias\/lara-martinez-propone-crear-un-consejo-local-de-cultura-en-gijon\/#listItem","name":"Lara Mart\u00ednez propone crear un Consejo Local de Cultura en Gij\u00f3n"},"previousItem":{"@type":"ListItem","@id":"https:\/\/www.eldigitaldeasturias.com\/noticias#listItem","name":"Home"}},{"@type":"ListItem","@id":"https:\/\/www.eldigitaldeasturias.com\/noticias\/lara-martinez-propone-crear-un-consejo-local-de-cultura-en-gijon\/#listItem","position":3,"name":"Lara Mart\u00ednez propone crear un Consejo Local de Cultura en Gij\u00f3n","previousItem":{"@type":"ListItem","@id":"https:\/\/www.eldigitaldeasturias.com\/noticias\/category\/revista-de-ocio\/#listItem","name":"Revista de Ocio"}}]},{"@type":"Organization","@id":"https:\/\/www.eldigitaldeasturias.com\/noticias\/#organization","name":"El Digital de Asturias","description":"Hemeroteca","url":"https:\/\/www.eldigitaldeasturias.com\/noticias\/","email":"info@eldigitaldeasturias.com","telephone":"+34652131393","logo":{"@type":"ImageObject","url":"https:\/\/www.eldigitaldeasturias.com\/noticias\/wp-content\/uploads\/2020\/12\/EDA.jpg","@id":"https:\/\/www.eldigitaldeasturias.com\/noticias\/lara-martinez-propone-crear-un-consejo-local-de-cultura-en-gijon\/#organizationLogo","width":649,"height":297},"image":{"@id":"https:\/\/www.eldigitaldeasturias.com\/noticias\/lara-martinez-propone-crear-un-consejo-local-de-cultura-en-gijon\/#organizationLogo"},"sameAs":["https:\/\/facebook.com\/eldigitaldeasturias","https:\/\/www.youtube.com\/channel\/UCZP-2wLEB9Rv6erhFmqVnvg"],"address":{"@id":"https:\/\/www.eldigitaldeasturias.com\/noticias\/#postaladdress","@type":"PostalAddress","streetAddress":"san antonio 4,","postalCode":"33430","addressLocality":"Cand\u00e1s","addressRegion":"Asturias","addressCountry":"ES"}},{"@type":"Person","@id":"https:\/\/www.eldigitaldeasturias.com\/noticias\/author\/admin\/#author","url":"https:\/\/www.eldigitaldeasturias.com\/noticias\/author\/admin\/","name":"El Digital de Asturias","image":{"@type":"ImageObject","@id":"https:\/\/www.eldigitaldeasturias.com\/noticias\/lara-martinez-propone-crear-un-consejo-local-de-cultura-en-gijon\/#authorImage","url":"https:\/\/www.eldigitaldeasturias.com\/noticias\/wp-content\/litespeed\/avatar\/18677e78aa0546b92d9dbf31ec7d7668.jpg?ver=1777290358","width":96,"height":96,"caption":"El Digital de Asturias"}},{"@type":"WebPage","@id":"https:\/\/www.eldigitaldeasturias.com\/noticias\/lara-martinez-propone-crear-un-consejo-local-de-cultura-en-gijon\/#webpage","url":"https:\/\/www.eldigitaldeasturias.com\/noticias\/lara-martinez-propone-crear-un-consejo-local-de-cultura-en-gijon\/","name":"Lara Mart\u00ednez propone crear un Consejo Local de Cultura en Gij\u00f3n - El Digital de Asturias","description":"La concejala del Grupo Municipal Socialista en el Ayuntamiento de Gij\u00f3n Lara Mart\u00ednez llevar\u00e1 al Pleno una iniciativa para crear un Consejo Local de Cultura que garantice la pluralidad e independencia y se pueda debatir sobre cuestiones culturales importantes que est\u00e1n sobre la mesa, a lo que ha visto necesario repensar la Fundaci\u00f3n Municipal de","inLanguage":"es-ES","isPartOf":{"@id":"https:\/\/www.eldigitaldeasturias.com\/noticias\/#website"},"breadcrumb":{"@id":"https:\/\/www.eldigitaldeasturias.com\/noticias\/lara-martinez-propone-crear-un-consejo-local-de-cultura-en-gijon\/#breadcrumblist"},"author":{"@id":"https:\/\/www.eldigitaldeasturias.com\/noticias\/author\/admin\/#author"},"creator":{"@id":"https:\/\/www.eldigitaldeasturias.com\/noticias\/author\/admin\/#author"},"image":{"@type":"ImageObject","url":"https:\/\/www.eldigitaldeasturias.com\/noticias\/wp-content\/uploads\/2016\/02\/fotonoticia_20160203141956_800.jpg","@id":"https:\/\/www.eldigitaldeasturias.com\/noticias\/lara-martinez-propone-crear-un-consejo-local-de-cultura-en-gijon\/#mainImage","width":800,"height":1067},"primaryImageOfPage":{"@id":"https:\/\/www.eldigitaldeasturias.com\/noticias\/lara-martinez-propone-crear-un-consejo-local-de-cultura-en-gijon\/#mainImage"},"datePublished":"2016-02-03T19:37:46+01:00","dateModified":"2016-02-03T19:37:46+01:00"},{"@type":"WebSite","@id":"https:\/\/www.eldigitaldeasturias.com\/noticias\/#website","url":"https:\/\/www.eldigitaldeasturias.com\/noticias\/","name":"El Digital de Asturias - Diario de actualidad y noticias","alternateName":"El Digital de Asturias - Diario de actualidad y noticias","description":"Hemeroteca","inLanguage":"es-ES","publisher":{"@id":"https:\/\/www.eldigitaldeasturias.com\/noticias\/#organization"}}]},"og:locale":"es_ES","og:site_name":"El Digital de Asturias","og:type":"article","og:title":"Lara Mart\u00ednez propone crear un Consejo Local de Cultura en Gij\u00f3n - El Digital de Asturias","og:description":"La concejala del Grupo Municipal Socialista en el Ayuntamiento de Gij\u00f3n Lara Mart\u00ednez llevar\u00e1 al Pleno una iniciativa para crear un Consejo Local de Cultura que garantice la pluralidad e independencia y se pueda debatir sobre cuestiones culturales importantes que est\u00e1n sobre la mesa, a lo que ha visto necesario repensar la Fundaci\u00f3n Municipal de","og:url":"https:\/\/www.eldigitaldeasturias.com\/noticias\/lara-martinez-propone-crear-un-consejo-local-de-cultura-en-gijon\/","og:image":"https:\/\/www.eldigitaldeasturias.com\/noticias\/wp-content\/uploads\/2016\/02\/fotonoticia_20160203141956_800.jpg","og:image:secure_url":"https:\/\/www.eldigitaldeasturias.com\/noticias\/wp-content\/uploads\/2016\/02\/fotonoticia_20160203141956_800.jpg","og:image:width":800,"og:image:height":1067,"article:tag":["revista de ocio"],"article:published_time":"2016-02-03T19:37:46+00:00","article:modified_time":"2016-02-03T19:37:46+00:00","article:publisher":"https:\/\/facebook.com\/eldigitaldeasturias","twitter:card":"summary_large_image","twitter:title":"Lara Mart\u00ednez propone crear un Consejo Local de Cultura en Gij\u00f3n - El Digital de Asturias","twitter:description":"La concejala del Grupo Municipal Socialista en el Ayuntamiento de Gij\u00f3n Lara Mart\u00ednez llevar\u00e1 al Pleno una iniciativa para crear un Consejo Local de Cultura que garantice la pluralidad e independencia y se pueda debatir sobre cuestiones culturales importantes que est\u00e1n sobre la mesa, a lo que ha visto necesario repensar la Fundaci\u00f3n Municipal de","twitter:image":"https:\/\/www.eldigitaldeasturias.com\/noticias\/wp-content\/uploads\/2016\/02\/fotonoticia_20160203141956_800.jpg","twitter:label1":"Escrito por","twitter:data1":"El Digital de Asturias","twitter:label2":"Tiempo de lectura estimado","twitter:data2":"2 minutos"},"aioseo_meta_data":{"post_id":"853539","title":null,"description":null,"keywords":null,"keyphrases":null,"primary_term":null,"canonical_url":null,"og_title":null,"og_description":null,"og_object_type":"default","og_image_type":"default","og_image_url":null,"og_image_width":null,"og_image_height":null,"og_image_custom_url":null,"og_image_custom_fields":null,"og_video":null,"og_custom_url":null,"og_article_section":null,"og_article_tags":null,"twitter_use_og":false,"twitter_card":"default","twitter_image_type":"default","twitter_image_url":null,"twitter_image_custom_url":null,"twitter_image_custom_fields":null,"twitter_title":null,"twitter_description":null,"schema":{"blockGraphs":[],"customGraphs":[],"default":{"data":{"Article":[],"Course":[],"Dataset":[],"FAQPage":[],"Movie":[],"Person":[],"Product":[],"ProductReview":[],"Car":[],"Recipe":[],"Service":[],"SoftwareApplication":[],"WebPage":[]},"graphName":"","isEnabled":true},"graphs":[],"defaultGraph":"","defaultPostTypeGraph":""},"schema_type":null,"schema_type_options":null,"pillar_content":false,"robots_default":true,"robots_noindex":false,"robots_noarchive":false,"robots_nosnippet":false,"robots_nofollow":false,"robots_noimageindex":false,"robots_noodp":false,"robots_notranslate":false,"robots_max_snippet":null,"robots_max_videopreview":null,"robots_max_imagepreview":"large","priority":null,"frequency":null,"local_seo":null,"seo_analyzer_scan_date":"2025-12-09 18:29:54","breadcrumb_settings":null,"limit_modified_date":false,"open_ai":null,"ai":null,"created":"2021-01-23 14:09:17","updated":"2025-12-09 18:29:54"},"aioseo_breadcrumb":"<div class=\"aioseo-breadcrumbs\"><span class=\"aioseo-breadcrumb\">\n\t<a href=\"https:\/\/www.eldigitaldeasturias.com\/noticias\" title=\"Home\">Home<\/a>\n<\/span><span class=\"aioseo-breadcrumb-separator\">\u2013<\/span><span class=\"aioseo-breadcrumb\">\n\t<a href=\"https:\/\/www.eldigitaldeasturias.com\/noticias\/category\/revista-de-ocio\/\" title=\"Revista de Ocio\">Revista de Ocio<\/a>\n<\/span><span class=\"aioseo-breadcrumb-separator\">\u2013<\/span><span class=\"aioseo-breadcrumb\">\n\t<a href=\"https:\/\/www.eldigitaldeasturias.com\/noticias\/lara-martinez-propone-crear-un-consejo-local-de-cultura-en-gijon\/\" title=\"Lara Mart\u00ednez propone crear un Consejo Local de Cultura en Gij\u00f3n\">Lara Mart\u00ednez propone crear un Consejo Local de Cultura en Gij\u00f3n<\/a>\n<\/span><\/div>","aioseo_breadcrumb_json":[{"label":"Home","link":"https:\/\/www.eldigitaldeasturias.com\/noticias"},{"label":"Revista de Ocio","link":"https:\/\/www.eldigitaldeasturias.com\/noticias\/category\/revista-de-ocio\/"},{"label":"Lara Mart\u00ednez propone crear un Consejo Local de Cultura en Gij\u00f3n","link":"https:\/\/www.eldigitaldeasturias.com\/noticias\/lara-martinez-propone-crear-un-consejo-local-de-cultura-en-gijon\/"}],"_links":{"self":[{"href":"https:\/\/www.eldigitaldeasturias.com\/noticias\/wp-json\/wp\/v2\/posts\/853539","targetHints":{"allow":["GET"]}}],"collection":[{"href":"https:\/\/www.eldigitaldeasturias.com\/noticias\/wp-json\/wp\/v2\/posts"}],"about":[{"href":"https:\/\/www.eldigitaldeasturias.com\/noticias\/wp-json\/wp\/v2\/types\/post"}],"author":[{"embeddable":true,"href":"https:\/\/www.eldigitaldeasturias.com\/noticias\/wp-json\/wp\/v2\/users\/1"}],"replies":[{"embeddable":true,"href":"https:\/\/www.eldigitaldeasturias.com\/noticias\/wp-json\/wp\/v2\/comments?post=853539"}],"version-history":[{"count":0,"href":"https:\/\/www.eldigitaldeasturias.com\/noticias\/wp-json\/wp\/v2\/posts\/853539\/revisions"}],"wp:featuredmedia":[{"embeddable":true,"href":"https:\/\/www.eldigitaldeasturias.com\/noticias\/wp-json\/wp\/v2\/media\/853540"}],"wp:attachment":[{"href":"https:\/\/www.eldigitaldeasturias.com\/noticias\/wp-json\/wp\/v2\/media?parent=853539"}],"wp:term":[{"taxonomy":"category","embeddable":true,"href":"https:\/\/www.eldigitaldeasturias.com\/noticias\/wp-json\/wp\/v2\/categories?post=853539"},{"taxonomy":"post_tag","embeddable":true,"href":"https:\/\/www.eldigitaldeasturias.com\/noticias\/wp-json\/wp\/v2\/tags?post=853539"}],"curies":[{"name":"wp","href":"https:\/\/api.w.org\/{rel}","templated":true}]}}