{"id":853537,"date":"2016-02-03T19:35:43","date_gmt":"2016-02-03T19:35:43","guid":{"rendered":"http:\/\/www.eldigitaldeasturias.com\/noticias\/?p=853537"},"modified":"2016-02-03T19:35:43","modified_gmt":"2016-02-03T19:35:43","slug":"hospitalizada-una-mujer-de-67-anos-que-sufrio-una-caida-en-ribadesella","status":"publish","type":"post","link":"https:\/\/www.eldigitaldeasturias.com\/noticias\/hospitalizada-una-mujer-de-67-anos-que-sufrio-una-caida-en-ribadesella\/","title":{"rendered":"Hospitalizada una mujer de 67 a\u00f1os que sufri\u00f3 una ca\u00edda en Ribadesella"},"content":{"rendered":"<p><img loading=\"lazy\" decoding=\"async\" class=\"alignleft size-medium wp-image-542436\" src=\"https:\/\/www.eldigitaldeasturias.com\/noticias\/wp-content\/uploads\/2014\/06\/RESCATE-MONTA\u00d1A-CANGAS-DE-ONIS-360x240.jpg\" alt=\"helicop\" width=\"360\" height=\"240\" srcset=\"https:\/\/www.eldigitaldeasturias.com\/noticias\/wp-content\/uploads\/2014\/06\/RESCATE-MONTA\u00d1A-CANGAS-DE-ONIS-360x240.jpg 360w, https:\/\/www.eldigitaldeasturias.com\/noticias\/wp-content\/uploads\/2014\/06\/RESCATE-MONTA\u00d1A-CANGAS-DE-ONIS-768x512.jpg 768w, https:\/\/www.eldigitaldeasturias.com\/noticias\/wp-content\/uploads\/2014\/06\/RESCATE-MONTA\u00d1A-CANGAS-DE-ONIS-650x433.jpg 650w\" sizes=\"auto, (max-width: 360px) 100vw, 360px\" \/>Efectivos del parque de bomberos de Llanes y el helic\u00f3ptero del Servicio de Emergencias del Principado de Asturias (SEPA) han evacuado este mi\u00e9rcoles a una mujer de 67 a\u00f1os que result\u00f3 herida tras sufrir una ca\u00edda en la localidad de Tere\u00f1es, en Ribadesella.<\/p>\n<p>El Centro de Coordinaci\u00f3n de Emergencias recibi\u00f3 la llamada de aviso a las 11.51 horas y moviliz\u00f3 a los bomberos del parque de Llanes y al helic\u00f3ptero con el grupo de rescate.<\/p>\n<p>La v\u00edctima, una mujer cuya identidad responde a las iniciales J. P.G., sufri\u00f3 una ca\u00edda cuando trataba de acceder a un pedrero, en Tere\u00f1es. La mujer fue trasladada al Hospital de Arriondas, donde recibi\u00f3 atenci\u00f3n por una fractura de tobillo.<\/p>\n","protected":false},"excerpt":{"rendered":"<p>Efectivos del parque de bomberos de Llanes y el helic\u00f3ptero del Servicio de Emergencias del Principado de Asturias (SEPA) han evacuado este mi\u00e9rcoles a una mujer de 67 a\u00f1os que result\u00f3 herida tras sufrir una ca\u00edda en la localidad de Tere\u00f1es, en Ribadesella. El Centro de Coordinaci\u00f3n de Emergencias recibi\u00f3 la llamada de aviso a [&hellip;]<\/p>\n","protected":false},"author":1,"featured_media":542436,"comment_status":"closed","ping_status":"closed","sticky":false,"template":"","format":"standard","meta":{"footnotes":""},"categories":[5],"tags":[],"class_list":["post-853537","post","type-post","status-publish","format-standard","has-post-thumbnail","hentry","category-sucesos"],"aioseo_notices":[],"aioseo_head":"\n\t\t<!-- All in One SEO Pro 4.9.6.2 - aioseo.com -->\n\t<meta name=\"description\" content=\"Efectivos del parque de bomberos de Llanes y el helic\u00f3ptero del Servicio de Emergencias del Principado de Asturias (SEPA) han evacuado este mi\u00e9rcoles a una mujer de 67 a\u00f1os que result\u00f3 herida tras sufrir una ca\u00edda en la localidad de Tere\u00f1es, en Ribadesella. El Centro de Coordinaci\u00f3n de Emergencias recibi\u00f3 la llamada de aviso a\" \/>\n\t<meta name=\"robots\" content=\"max-image-preview:large\" \/>\n\t<meta name=\"author\" content=\"El Digital de Asturias\"\/>\n\t<meta name=\"google-site-verification\" content=\"UA-38556648-1\" \/>\n\t<meta name=\"msvalidate.01\" content=\"7dfe9f3f1b24437ab69f4f2559babe99\" \/>\n\t<meta name=\"keywords\" content=\"sucesos\" \/>\n\t<link rel=\"canonical\" href=\"https:\/\/www.eldigitaldeasturias.com\/noticias\/hospitalizada-una-mujer-de-67-anos-que-sufrio-una-caida-en-ribadesella\/\" \/>\n\t<meta name=\"generator\" content=\"All in One SEO Pro (AIOSEO) 4.9.6.2\" \/>\n\t\t<meta property=\"og:locale\" content=\"es_ES\" \/>\n\t\t<meta property=\"og:site_name\" content=\"El Digital de Asturias\" \/>\n\t\t<meta property=\"og:type\" content=\"article\" \/>\n\t\t<meta property=\"og:title\" content=\"Hospitalizada una mujer de 67 a\u00f1os que sufri\u00f3 una ca\u00edda en Ribadesella - El Digital de Asturias\" \/>\n\t\t<meta property=\"og:description\" content=\"Efectivos del parque de bomberos de Llanes y el helic\u00f3ptero del Servicio de Emergencias del Principado de Asturias (SEPA) han evacuado este mi\u00e9rcoles a una mujer de 67 a\u00f1os que result\u00f3 herida tras sufrir una ca\u00edda en la localidad de Tere\u00f1es, en Ribadesella. El Centro de Coordinaci\u00f3n de Emergencias recibi\u00f3 la llamada de aviso a\" \/>\n\t\t<meta property=\"og:url\" content=\"https:\/\/www.eldigitaldeasturias.com\/noticias\/hospitalizada-una-mujer-de-67-anos-que-sufrio-una-caida-en-ribadesella\/\" \/>\n\t\t<meta property=\"og:image\" content=\"https:\/\/www.eldigitaldeasturias.com\/noticias\/wp-content\/uploads\/2014\/06\/RESCATE-MONTA\u00d1A-CANGAS-DE-ONIS.jpg\" \/>\n\t\t<meta property=\"og:image:secure_url\" content=\"https:\/\/www.eldigitaldeasturias.com\/noticias\/wp-content\/uploads\/2014\/06\/RESCATE-MONTA\u00d1A-CANGAS-DE-ONIS.jpg\" \/>\n\t\t<meta property=\"og:image:width\" content=\"5184\" \/>\n\t\t<meta property=\"og:image:height\" content=\"3456\" \/>\n\t\t<meta property=\"article:tag\" content=\"sucesos\" \/>\n\t\t<meta property=\"article:published_time\" content=\"2016-02-03T19:35:43+00:00\" \/>\n\t\t<meta property=\"article:modified_time\" content=\"2016-02-03T19:35:43+00:00\" \/>\n\t\t<meta property=\"article:publisher\" content=\"https:\/\/facebook.com\/eldigitaldeasturias\" \/>\n\t\t<meta name=\"twitter:card\" content=\"summary_large_image\" \/>\n\t\t<meta name=\"twitter:title\" content=\"Hospitalizada una mujer de 67 a\u00f1os que sufri\u00f3 una ca\u00edda en Ribadesella - El Digital de Asturias\" \/>\n\t\t<meta name=\"twitter:description\" content=\"Efectivos del parque de bomberos de Llanes y el helic\u00f3ptero del Servicio de Emergencias del Principado de Asturias (SEPA) han evacuado este mi\u00e9rcoles a una mujer de 67 a\u00f1os que result\u00f3 herida tras sufrir una ca\u00edda en la localidad de Tere\u00f1es, en Ribadesella. El Centro de Coordinaci\u00f3n de Emergencias recibi\u00f3 la llamada de aviso a\" \/>\n\t\t<meta name=\"twitter:image\" content=\"https:\/\/www.eldigitaldeasturias.com\/noticias\/wp-content\/uploads\/2014\/06\/RESCATE-MONTA\u00d1A-CANGAS-DE-ONIS.jpg\" \/>\n\t\t<meta name=\"twitter:label1\" content=\"Escrito por\" \/>\n\t\t<meta name=\"twitter:data1\" content=\"El Digital de Asturias\" \/>\n\t\t<meta name=\"twitter:label2\" content=\"Tiempo de lectura estimado\" \/>\n\t\t<meta name=\"twitter:data2\" content=\"1 minuto\" \/>\n\t\t<script type=\"application\/ld+json\" class=\"aioseo-schema\">\n\t\t\t{\"@context\":\"https:\\\/\\\/schema.org\",\"@graph\":[{\"@type\":\"BlogPosting\",\"@id\":\"https:\\\/\\\/www.eldigitaldeasturias.com\\\/noticias\\\/hospitalizada-una-mujer-de-67-anos-que-sufrio-una-caida-en-ribadesella\\\/#blogposting\",\"name\":\"Hospitalizada una mujer de 67 a\\u00f1os que sufri\\u00f3 una ca\\u00edda en Ribadesella - El Digital de Asturias\",\"headline\":\"Hospitalizada una mujer de 67 a\\u00f1os que sufri\\u00f3 una ca\\u00edda en Ribadesella\",\"author\":{\"@id\":\"https:\\\/\\\/www.eldigitaldeasturias.com\\\/noticias\\\/author\\\/admin\\\/#author\"},\"publisher\":{\"@id\":\"https:\\\/\\\/www.eldigitaldeasturias.com\\\/noticias\\\/#organization\"},\"image\":{\"@type\":\"ImageObject\",\"url\":\"https:\\\/\\\/www.eldigitaldeasturias.com\\\/noticias\\\/wp-content\\\/uploads\\\/2014\\\/06\\\/RESCATE-MONTA\\u00d1A-CANGAS-DE-ONIS.jpg\",\"width\":5184,\"height\":3456},\"datePublished\":\"2016-02-03T19:35:43+01:00\",\"dateModified\":\"2016-02-03T19:35:43+01:00\",\"inLanguage\":\"es-ES\",\"mainEntityOfPage\":{\"@id\":\"https:\\\/\\\/www.eldigitaldeasturias.com\\\/noticias\\\/hospitalizada-una-mujer-de-67-anos-que-sufrio-una-caida-en-ribadesella\\\/#webpage\"},\"isPartOf\":{\"@id\":\"https:\\\/\\\/www.eldigitaldeasturias.com\\\/noticias\\\/hospitalizada-una-mujer-de-67-anos-que-sufrio-una-caida-en-ribadesella\\\/#webpage\"},\"articleSection\":\"Sucesos\"},{\"@type\":\"BreadcrumbList\",\"@id\":\"https:\\\/\\\/www.eldigitaldeasturias.com\\\/noticias\\\/hospitalizada-una-mujer-de-67-anos-que-sufrio-una-caida-en-ribadesella\\\/#breadcrumblist\",\"itemListElement\":[{\"@type\":\"ListItem\",\"@id\":\"https:\\\/\\\/www.eldigitaldeasturias.com\\\/noticias#listItem\",\"position\":1,\"name\":\"Home\",\"item\":\"https:\\\/\\\/www.eldigitaldeasturias.com\\\/noticias\",\"nextItem\":{\"@type\":\"ListItem\",\"@id\":\"https:\\\/\\\/www.eldigitaldeasturias.com\\\/noticias\\\/category\\\/sucesos\\\/#listItem\",\"name\":\"Sucesos\"}},{\"@type\":\"ListItem\",\"@id\":\"https:\\\/\\\/www.eldigitaldeasturias.com\\\/noticias\\\/category\\\/sucesos\\\/#listItem\",\"position\":2,\"name\":\"Sucesos\",\"item\":\"https:\\\/\\\/www.eldigitaldeasturias.com\\\/noticias\\\/category\\\/sucesos\\\/\",\"nextItem\":{\"@type\":\"ListItem\",\"@id\":\"https:\\\/\\\/www.eldigitaldeasturias.com\\\/noticias\\\/hospitalizada-una-mujer-de-67-anos-que-sufrio-una-caida-en-ribadesella\\\/#listItem\",\"name\":\"Hospitalizada una mujer de 67 a\\u00f1os que sufri\\u00f3 una ca\\u00edda en Ribadesella\"},\"previousItem\":{\"@type\":\"ListItem\",\"@id\":\"https:\\\/\\\/www.eldigitaldeasturias.com\\\/noticias#listItem\",\"name\":\"Home\"}},{\"@type\":\"ListItem\",\"@id\":\"https:\\\/\\\/www.eldigitaldeasturias.com\\\/noticias\\\/hospitalizada-una-mujer-de-67-anos-que-sufrio-una-caida-en-ribadesella\\\/#listItem\",\"position\":3,\"name\":\"Hospitalizada una mujer de 67 a\\u00f1os que sufri\\u00f3 una ca\\u00edda en Ribadesella\",\"previousItem\":{\"@type\":\"ListItem\",\"@id\":\"https:\\\/\\\/www.eldigitaldeasturias.com\\\/noticias\\\/category\\\/sucesos\\\/#listItem\",\"name\":\"Sucesos\"}}]},{\"@type\":\"Organization\",\"@id\":\"https:\\\/\\\/www.eldigitaldeasturias.com\\\/noticias\\\/#organization\",\"name\":\"El Digital de Asturias\",\"description\":\"Hemeroteca\",\"url\":\"https:\\\/\\\/www.eldigitaldeasturias.com\\\/noticias\\\/\",\"email\":\"info@eldigitaldeasturias.com\",\"telephone\":\"+34652131393\",\"logo\":{\"@type\":\"ImageObject\",\"url\":\"https:\\\/\\\/www.eldigitaldeasturias.com\\\/noticias\\\/wp-content\\\/uploads\\\/2020\\\/12\\\/EDA.jpg\",\"@id\":\"https:\\\/\\\/www.eldigitaldeasturias.com\\\/noticias\\\/hospitalizada-una-mujer-de-67-anos-que-sufrio-una-caida-en-ribadesella\\\/#organizationLogo\",\"width\":649,\"height\":297},\"image\":{\"@id\":\"https:\\\/\\\/www.eldigitaldeasturias.com\\\/noticias\\\/hospitalizada-una-mujer-de-67-anos-que-sufrio-una-caida-en-ribadesella\\\/#organizationLogo\"},\"sameAs\":[\"https:\\\/\\\/facebook.com\\\/eldigitaldeasturias\",\"https:\\\/\\\/www.youtube.com\\\/channel\\\/UCZP-2wLEB9Rv6erhFmqVnvg\"],\"address\":{\"@id\":\"https:\\\/\\\/www.eldigitaldeasturias.com\\\/noticias\\\/#postaladdress\",\"@type\":\"PostalAddress\",\"streetAddress\":\"san antonio 4,\",\"postalCode\":\"33430\",\"addressLocality\":\"Cand\\u00e1s\",\"addressRegion\":\"Asturias\",\"addressCountry\":\"ES\"}},{\"@type\":\"Person\",\"@id\":\"https:\\\/\\\/www.eldigitaldeasturias.com\\\/noticias\\\/author\\\/admin\\\/#author\",\"url\":\"https:\\\/\\\/www.eldigitaldeasturias.com\\\/noticias\\\/author\\\/admin\\\/\",\"name\":\"El Digital de Asturias\",\"image\":{\"@type\":\"ImageObject\",\"@id\":\"https:\\\/\\\/www.eldigitaldeasturias.com\\\/noticias\\\/hospitalizada-una-mujer-de-67-anos-que-sufrio-una-caida-en-ribadesella\\\/#authorImage\",\"url\":\"https:\\\/\\\/www.eldigitaldeasturias.com\\\/noticias\\\/wp-content\\\/litespeed\\\/avatar\\\/18677e78aa0546b92d9dbf31ec7d7668.jpg?ver=1777290358\",\"width\":96,\"height\":96,\"caption\":\"El Digital de Asturias\"}},{\"@type\":\"WebPage\",\"@id\":\"https:\\\/\\\/www.eldigitaldeasturias.com\\\/noticias\\\/hospitalizada-una-mujer-de-67-anos-que-sufrio-una-caida-en-ribadesella\\\/#webpage\",\"url\":\"https:\\\/\\\/www.eldigitaldeasturias.com\\\/noticias\\\/hospitalizada-una-mujer-de-67-anos-que-sufrio-una-caida-en-ribadesella\\\/\",\"name\":\"Hospitalizada una mujer de 67 a\\u00f1os que sufri\\u00f3 una ca\\u00edda en Ribadesella - El Digital de Asturias\",\"description\":\"Efectivos del parque de bomberos de Llanes y el helic\\u00f3ptero del Servicio de Emergencias del Principado de Asturias (SEPA) han evacuado este mi\\u00e9rcoles a una mujer de 67 a\\u00f1os que result\\u00f3 herida tras sufrir una ca\\u00edda en la localidad de Tere\\u00f1es, en Ribadesella. El Centro de Coordinaci\\u00f3n de Emergencias recibi\\u00f3 la llamada de aviso a\",\"inLanguage\":\"es-ES\",\"isPartOf\":{\"@id\":\"https:\\\/\\\/www.eldigitaldeasturias.com\\\/noticias\\\/#website\"},\"breadcrumb\":{\"@id\":\"https:\\\/\\\/www.eldigitaldeasturias.com\\\/noticias\\\/hospitalizada-una-mujer-de-67-anos-que-sufrio-una-caida-en-ribadesella\\\/#breadcrumblist\"},\"author\":{\"@id\":\"https:\\\/\\\/www.eldigitaldeasturias.com\\\/noticias\\\/author\\\/admin\\\/#author\"},\"creator\":{\"@id\":\"https:\\\/\\\/www.eldigitaldeasturias.com\\\/noticias\\\/author\\\/admin\\\/#author\"},\"image\":{\"@type\":\"ImageObject\",\"url\":\"https:\\\/\\\/www.eldigitaldeasturias.com\\\/noticias\\\/wp-content\\\/uploads\\\/2014\\\/06\\\/RESCATE-MONTA\\u00d1A-CANGAS-DE-ONIS.jpg\",\"@id\":\"https:\\\/\\\/www.eldigitaldeasturias.com\\\/noticias\\\/hospitalizada-una-mujer-de-67-anos-que-sufrio-una-caida-en-ribadesella\\\/#mainImage\",\"width\":5184,\"height\":3456},\"primaryImageOfPage\":{\"@id\":\"https:\\\/\\\/www.eldigitaldeasturias.com\\\/noticias\\\/hospitalizada-una-mujer-de-67-anos-que-sufrio-una-caida-en-ribadesella\\\/#mainImage\"},\"datePublished\":\"2016-02-03T19:35:43+01:00\",\"dateModified\":\"2016-02-03T19:35:43+01:00\"},{\"@type\":\"WebSite\",\"@id\":\"https:\\\/\\\/www.eldigitaldeasturias.com\\\/noticias\\\/#website\",\"url\":\"https:\\\/\\\/www.eldigitaldeasturias.com\\\/noticias\\\/\",\"name\":\"El Digital de Asturias - Diario de actualidad y noticias\",\"alternateName\":\"El Digital de Asturias - Diario de actualidad y noticias\",\"description\":\"Hemeroteca\",\"inLanguage\":\"es-ES\",\"publisher\":{\"@id\":\"https:\\\/\\\/www.eldigitaldeasturias.com\\\/noticias\\\/#organization\"}}]}\n\t\t<\/script>\n\t\t<!-- All in One SEO Pro -->\r\n\t\t<title>Hospitalizada una mujer de 67 a\u00f1os que sufri\u00f3 una ca\u00edda en Ribadesella - El Digital de Asturias<\/title>\n\n","aioseo_head_json":{"title":"Hospitalizada una mujer de 67 a\u00f1os que sufri\u00f3 una ca\u00edda en Ribadesella - El Digital de Asturias","description":"Efectivos del parque de bomberos de Llanes y el helic\u00f3ptero del Servicio de Emergencias del Principado de Asturias (SEPA) han evacuado este mi\u00e9rcoles a una mujer de 67 a\u00f1os que result\u00f3 herida tras sufrir una ca\u00edda en la localidad de Tere\u00f1es, en Ribadesella. El Centro de Coordinaci\u00f3n de Emergencias recibi\u00f3 la llamada de aviso a","canonical_url":"https:\/\/www.eldigitaldeasturias.com\/noticias\/hospitalizada-una-mujer-de-67-anos-que-sufrio-una-caida-en-ribadesella\/","robots":"max-image-preview:large","keywords":"sucesos","webmasterTools":{"google-site-verification":"UA-38556648-1","msvalidate.01":"7dfe9f3f1b24437ab69f4f2559babe99","miscellaneous":""},"schema":{"@context":"https:\/\/schema.org","@graph":[{"@type":"BlogPosting","@id":"https:\/\/www.eldigitaldeasturias.com\/noticias\/hospitalizada-una-mujer-de-67-anos-que-sufrio-una-caida-en-ribadesella\/#blogposting","name":"Hospitalizada una mujer de 67 a\u00f1os que sufri\u00f3 una ca\u00edda en Ribadesella - El Digital de Asturias","headline":"Hospitalizada una mujer de 67 a\u00f1os que sufri\u00f3 una ca\u00edda en Ribadesella","author":{"@id":"https:\/\/www.eldigitaldeasturias.com\/noticias\/author\/admin\/#author"},"publisher":{"@id":"https:\/\/www.eldigitaldeasturias.com\/noticias\/#organization"},"image":{"@type":"ImageObject","url":"https:\/\/www.eldigitaldeasturias.com\/noticias\/wp-content\/uploads\/2014\/06\/RESCATE-MONTA\u00d1A-CANGAS-DE-ONIS.jpg","width":5184,"height":3456},"datePublished":"2016-02-03T19:35:43+01:00","dateModified":"2016-02-03T19:35:43+01:00","inLanguage":"es-ES","mainEntityOfPage":{"@id":"https:\/\/www.eldigitaldeasturias.com\/noticias\/hospitalizada-una-mujer-de-67-anos-que-sufrio-una-caida-en-ribadesella\/#webpage"},"isPartOf":{"@id":"https:\/\/www.eldigitaldeasturias.com\/noticias\/hospitalizada-una-mujer-de-67-anos-que-sufrio-una-caida-en-ribadesella\/#webpage"},"articleSection":"Sucesos"},{"@type":"BreadcrumbList","@id":"https:\/\/www.eldigitaldeasturias.com\/noticias\/hospitalizada-una-mujer-de-67-anos-que-sufrio-una-caida-en-ribadesella\/#breadcrumblist","itemListElement":[{"@type":"ListItem","@id":"https:\/\/www.eldigitaldeasturias.com\/noticias#listItem","position":1,"name":"Home","item":"https:\/\/www.eldigitaldeasturias.com\/noticias","nextItem":{"@type":"ListItem","@id":"https:\/\/www.eldigitaldeasturias.com\/noticias\/category\/sucesos\/#listItem","name":"Sucesos"}},{"@type":"ListItem","@id":"https:\/\/www.eldigitaldeasturias.com\/noticias\/category\/sucesos\/#listItem","position":2,"name":"Sucesos","item":"https:\/\/www.eldigitaldeasturias.com\/noticias\/category\/sucesos\/","nextItem":{"@type":"ListItem","@id":"https:\/\/www.eldigitaldeasturias.com\/noticias\/hospitalizada-una-mujer-de-67-anos-que-sufrio-una-caida-en-ribadesella\/#listItem","name":"Hospitalizada una mujer de 67 a\u00f1os que sufri\u00f3 una ca\u00edda en Ribadesella"},"previousItem":{"@type":"ListItem","@id":"https:\/\/www.eldigitaldeasturias.com\/noticias#listItem","name":"Home"}},{"@type":"ListItem","@id":"https:\/\/www.eldigitaldeasturias.com\/noticias\/hospitalizada-una-mujer-de-67-anos-que-sufrio-una-caida-en-ribadesella\/#listItem","position":3,"name":"Hospitalizada una mujer de 67 a\u00f1os que sufri\u00f3 una ca\u00edda en Ribadesella","previousItem":{"@type":"ListItem","@id":"https:\/\/www.eldigitaldeasturias.com\/noticias\/category\/sucesos\/#listItem","name":"Sucesos"}}]},{"@type":"Organization","@id":"https:\/\/www.eldigitaldeasturias.com\/noticias\/#organization","name":"El Digital de Asturias","description":"Hemeroteca","url":"https:\/\/www.eldigitaldeasturias.com\/noticias\/","email":"info@eldigitaldeasturias.com","telephone":"+34652131393","logo":{"@type":"ImageObject","url":"https:\/\/www.eldigitaldeasturias.com\/noticias\/wp-content\/uploads\/2020\/12\/EDA.jpg","@id":"https:\/\/www.eldigitaldeasturias.com\/noticias\/hospitalizada-una-mujer-de-67-anos-que-sufrio-una-caida-en-ribadesella\/#organizationLogo","width":649,"height":297},"image":{"@id":"https:\/\/www.eldigitaldeasturias.com\/noticias\/hospitalizada-una-mujer-de-67-anos-que-sufrio-una-caida-en-ribadesella\/#organizationLogo"},"sameAs":["https:\/\/facebook.com\/eldigitaldeasturias","https:\/\/www.youtube.com\/channel\/UCZP-2wLEB9Rv6erhFmqVnvg"],"address":{"@id":"https:\/\/www.eldigitaldeasturias.com\/noticias\/#postaladdress","@type":"PostalAddress","streetAddress":"san antonio 4,","postalCode":"33430","addressLocality":"Cand\u00e1s","addressRegion":"Asturias","addressCountry":"ES"}},{"@type":"Person","@id":"https:\/\/www.eldigitaldeasturias.com\/noticias\/author\/admin\/#author","url":"https:\/\/www.eldigitaldeasturias.com\/noticias\/author\/admin\/","name":"El Digital de Asturias","image":{"@type":"ImageObject","@id":"https:\/\/www.eldigitaldeasturias.com\/noticias\/hospitalizada-una-mujer-de-67-anos-que-sufrio-una-caida-en-ribadesella\/#authorImage","url":"https:\/\/www.eldigitaldeasturias.com\/noticias\/wp-content\/litespeed\/avatar\/18677e78aa0546b92d9dbf31ec7d7668.jpg?ver=1777290358","width":96,"height":96,"caption":"El Digital de Asturias"}},{"@type":"WebPage","@id":"https:\/\/www.eldigitaldeasturias.com\/noticias\/hospitalizada-una-mujer-de-67-anos-que-sufrio-una-caida-en-ribadesella\/#webpage","url":"https:\/\/www.eldigitaldeasturias.com\/noticias\/hospitalizada-una-mujer-de-67-anos-que-sufrio-una-caida-en-ribadesella\/","name":"Hospitalizada una mujer de 67 a\u00f1os que sufri\u00f3 una ca\u00edda en Ribadesella - El Digital de Asturias","description":"Efectivos del parque de bomberos de Llanes y el helic\u00f3ptero del Servicio de Emergencias del Principado de Asturias (SEPA) han evacuado este mi\u00e9rcoles a una mujer de 67 a\u00f1os que result\u00f3 herida tras sufrir una ca\u00edda en la localidad de Tere\u00f1es, en Ribadesella. El Centro de Coordinaci\u00f3n de Emergencias recibi\u00f3 la llamada de aviso a","inLanguage":"es-ES","isPartOf":{"@id":"https:\/\/www.eldigitaldeasturias.com\/noticias\/#website"},"breadcrumb":{"@id":"https:\/\/www.eldigitaldeasturias.com\/noticias\/hospitalizada-una-mujer-de-67-anos-que-sufrio-una-caida-en-ribadesella\/#breadcrumblist"},"author":{"@id":"https:\/\/www.eldigitaldeasturias.com\/noticias\/author\/admin\/#author"},"creator":{"@id":"https:\/\/www.eldigitaldeasturias.com\/noticias\/author\/admin\/#author"},"image":{"@type":"ImageObject","url":"https:\/\/www.eldigitaldeasturias.com\/noticias\/wp-content\/uploads\/2014\/06\/RESCATE-MONTA\u00d1A-CANGAS-DE-ONIS.jpg","@id":"https:\/\/www.eldigitaldeasturias.com\/noticias\/hospitalizada-una-mujer-de-67-anos-que-sufrio-una-caida-en-ribadesella\/#mainImage","width":5184,"height":3456},"primaryImageOfPage":{"@id":"https:\/\/www.eldigitaldeasturias.com\/noticias\/hospitalizada-una-mujer-de-67-anos-que-sufrio-una-caida-en-ribadesella\/#mainImage"},"datePublished":"2016-02-03T19:35:43+01:00","dateModified":"2016-02-03T19:35:43+01:00"},{"@type":"WebSite","@id":"https:\/\/www.eldigitaldeasturias.com\/noticias\/#website","url":"https:\/\/www.eldigitaldeasturias.com\/noticias\/","name":"El Digital de Asturias - Diario de actualidad y noticias","alternateName":"El Digital de Asturias - Diario de actualidad y noticias","description":"Hemeroteca","inLanguage":"es-ES","publisher":{"@id":"https:\/\/www.eldigitaldeasturias.com\/noticias\/#organization"}}]},"og:locale":"es_ES","og:site_name":"El Digital de Asturias","og:type":"article","og:title":"Hospitalizada una mujer de 67 a\u00f1os que sufri\u00f3 una ca\u00edda en Ribadesella - El Digital de Asturias","og:description":"Efectivos del parque de bomberos de Llanes y el helic\u00f3ptero del Servicio de Emergencias del Principado de Asturias (SEPA) han evacuado este mi\u00e9rcoles a una mujer de 67 a\u00f1os que result\u00f3 herida tras sufrir una ca\u00edda en la localidad de Tere\u00f1es, en Ribadesella. El Centro de Coordinaci\u00f3n de Emergencias recibi\u00f3 la llamada de aviso a","og:url":"https:\/\/www.eldigitaldeasturias.com\/noticias\/hospitalizada-una-mujer-de-67-anos-que-sufrio-una-caida-en-ribadesella\/","og:image":"https:\/\/www.eldigitaldeasturias.com\/noticias\/wp-content\/uploads\/2014\/06\/RESCATE-MONTA\u00d1A-CANGAS-DE-ONIS.jpg","og:image:secure_url":"https:\/\/www.eldigitaldeasturias.com\/noticias\/wp-content\/uploads\/2014\/06\/RESCATE-MONTA\u00d1A-CANGAS-DE-ONIS.jpg","og:image:width":5184,"og:image:height":3456,"article:tag":["sucesos"],"article:published_time":"2016-02-03T19:35:43+00:00","article:modified_time":"2016-02-03T19:35:43+00:00","article:publisher":"https:\/\/facebook.com\/eldigitaldeasturias","twitter:card":"summary_large_image","twitter:title":"Hospitalizada una mujer de 67 a\u00f1os que sufri\u00f3 una ca\u00edda en Ribadesella - El Digital de Asturias","twitter:description":"Efectivos del parque de bomberos de Llanes y el helic\u00f3ptero del Servicio de Emergencias del Principado de Asturias (SEPA) han evacuado este mi\u00e9rcoles a una mujer de 67 a\u00f1os que result\u00f3 herida tras sufrir una ca\u00edda en la localidad de Tere\u00f1es, en Ribadesella. El Centro de Coordinaci\u00f3n de Emergencias recibi\u00f3 la llamada de aviso a","twitter:image":"https:\/\/www.eldigitaldeasturias.com\/noticias\/wp-content\/uploads\/2014\/06\/RESCATE-MONTA\u00d1A-CANGAS-DE-ONIS.jpg","twitter:label1":"Escrito por","twitter:data1":"El Digital de Asturias","twitter:label2":"Tiempo de lectura estimado","twitter:data2":"1 minuto"},"aioseo_meta_data":{"post_id":"853537","title":null,"description":null,"keywords":null,"keyphrases":null,"primary_term":null,"canonical_url":null,"og_title":null,"og_description":null,"og_object_type":"default","og_image_type":"default","og_image_url":null,"og_image_width":null,"og_image_height":null,"og_image_custom_url":null,"og_image_custom_fields":null,"og_video":null,"og_custom_url":null,"og_article_section":null,"og_article_tags":null,"twitter_use_og":false,"twitter_card":"default","twitter_image_type":"default","twitter_image_url":null,"twitter_image_custom_url":null,"twitter_image_custom_fields":null,"twitter_title":null,"twitter_description":null,"schema":{"blockGraphs":[],"customGraphs":[],"default":{"data":{"Article":[],"Course":[],"Dataset":[],"FAQPage":[],"Movie":[],"Person":[],"Product":[],"ProductReview":[],"Car":[],"Recipe":[],"Service":[],"SoftwareApplication":[],"WebPage":[]},"graphName":"","isEnabled":true},"graphs":[],"defaultGraph":"","defaultPostTypeGraph":""},"schema_type":null,"schema_type_options":null,"pillar_content":false,"robots_default":true,"robots_noindex":false,"robots_noarchive":false,"robots_nosnippet":false,"robots_nofollow":false,"robots_noimageindex":false,"robots_noodp":false,"robots_notranslate":false,"robots_max_snippet":null,"robots_max_videopreview":null,"robots_max_imagepreview":"large","priority":null,"frequency":null,"local_seo":null,"seo_analyzer_scan_date":"2025-12-09 18:29:53","breadcrumb_settings":null,"limit_modified_date":false,"open_ai":null,"ai":null,"created":"2021-01-23 14:09:17","updated":"2025-12-09 18:29:53"},"aioseo_breadcrumb":"<div class=\"aioseo-breadcrumbs\"><span class=\"aioseo-breadcrumb\">\n\t<a href=\"https:\/\/www.eldigitaldeasturias.com\/noticias\" title=\"Home\">Home<\/a>\n<\/span><span class=\"aioseo-breadcrumb-separator\">\u2013<\/span><span class=\"aioseo-breadcrumb\">\n\t<a href=\"https:\/\/www.eldigitaldeasturias.com\/noticias\/category\/sucesos\/\" title=\"Sucesos\">Sucesos<\/a>\n<\/span><span class=\"aioseo-breadcrumb-separator\">\u2013<\/span><span class=\"aioseo-breadcrumb\">\n\t<a href=\"https:\/\/www.eldigitaldeasturias.com\/noticias\/hospitalizada-una-mujer-de-67-anos-que-sufrio-una-caida-en-ribadesella\/\" title=\"Hospitalizada una mujer de 67 a\u00f1os que sufri\u00f3 una ca\u00edda en Ribadesella\">Hospitalizada una mujer de 67 a\u00f1os que sufri\u00f3 una ca\u00edda en Ribadesella<\/a>\n<\/span><\/div>","aioseo_breadcrumb_json":[{"label":"Home","link":"https:\/\/www.eldigitaldeasturias.com\/noticias"},{"label":"Sucesos","link":"https:\/\/www.eldigitaldeasturias.com\/noticias\/category\/sucesos\/"},{"label":"Hospitalizada una mujer de 67 a\u00f1os que sufri\u00f3 una ca\u00edda en Ribadesella","link":"https:\/\/www.eldigitaldeasturias.com\/noticias\/hospitalizada-una-mujer-de-67-anos-que-sufrio-una-caida-en-ribadesella\/"}],"_links":{"self":[{"href":"https:\/\/www.eldigitaldeasturias.com\/noticias\/wp-json\/wp\/v2\/posts\/853537","targetHints":{"allow":["GET"]}}],"collection":[{"href":"https:\/\/www.eldigitaldeasturias.com\/noticias\/wp-json\/wp\/v2\/posts"}],"about":[{"href":"https:\/\/www.eldigitaldeasturias.com\/noticias\/wp-json\/wp\/v2\/types\/post"}],"author":[{"embeddable":true,"href":"https:\/\/www.eldigitaldeasturias.com\/noticias\/wp-json\/wp\/v2\/users\/1"}],"replies":[{"embeddable":true,"href":"https:\/\/www.eldigitaldeasturias.com\/noticias\/wp-json\/wp\/v2\/comments?post=853537"}],"version-history":[{"count":0,"href":"https:\/\/www.eldigitaldeasturias.com\/noticias\/wp-json\/wp\/v2\/posts\/853537\/revisions"}],"wp:featuredmedia":[{"embeddable":true,"href":"https:\/\/www.eldigitaldeasturias.com\/noticias\/wp-json\/wp\/v2\/media\/542436"}],"wp:attachment":[{"href":"https:\/\/www.eldigitaldeasturias.com\/noticias\/wp-json\/wp\/v2\/media?parent=853537"}],"wp:term":[{"taxonomy":"category","embeddable":true,"href":"https:\/\/www.eldigitaldeasturias.com\/noticias\/wp-json\/wp\/v2\/categories?post=853537"},{"taxonomy":"post_tag","embeddable":true,"href":"https:\/\/www.eldigitaldeasturias.com\/noticias\/wp-json\/wp\/v2\/tags?post=853537"}],"curies":[{"name":"wp","href":"https:\/\/api.w.org\/{rel}","templated":true}]}}