{"id":853534,"date":"2016-02-03T19:31:33","date_gmt":"2016-02-03T19:31:33","guid":{"rendered":"http:\/\/www.eldigitaldeasturias.com\/noticias\/?p=853534"},"modified":"2016-02-03T19:31:33","modified_gmt":"2016-02-03T19:31:33","slug":"iu-insta-al-gobierno-de-gijon-a-que-se-prohiban-circos-que-utilicen-animales","status":"publish","type":"post","link":"https:\/\/www.eldigitaldeasturias.com\/noticias\/iu-insta-al-gobierno-de-gijon-a-que-se-prohiban-circos-que-utilicen-animales\/","title":{"rendered":"IU insta al Gobierno de Gij\u00f3n a que se proh\u00edban circos que utilicen animales"},"content":{"rendered":"<p><img loading=\"lazy\" decoding=\"async\" class=\"alignleft size-medium wp-image-853535\" src=\"https:\/\/www.eldigitaldeasturias.com\/noticias\/wp-content\/uploads\/2016\/02\/fotonoticia_20160203140954_800-360x270.jpg\" alt=\"fotonoticia_20160203140954_800\" width=\"360\" height=\"270\" srcset=\"https:\/\/www.eldigitaldeasturias.com\/noticias\/wp-content\/uploads\/2016\/02\/fotonoticia_20160203140954_800-360x270.jpg 360w, https:\/\/www.eldigitaldeasturias.com\/noticias\/wp-content\/uploads\/2016\/02\/fotonoticia_20160203140954_800-768x576.jpg 768w, https:\/\/www.eldigitaldeasturias.com\/noticias\/wp-content\/uploads\/2016\/02\/fotonoticia_20160203140954_800-650x488.jpg 650w, https:\/\/www.eldigitaldeasturias.com\/noticias\/wp-content\/uploads\/2016\/02\/fotonoticia_20160203140954_800-125x95.jpg 125w, https:\/\/www.eldigitaldeasturias.com\/noticias\/wp-content\/uploads\/2016\/02\/fotonoticia_20160203140954_800-100x75.jpg 100w, https:\/\/www.eldigitaldeasturias.com\/noticias\/wp-content\/uploads\/2016\/02\/fotonoticia_20160203140954_800.jpg 800w\" sizes=\"auto, (max-width: 360px) 100vw, 360px\" \/>La concejala del Grupo Municipal de IU en el Ayuntamiento de Gij\u00f3n Ana Casta\u00f1o ha presentado este mi\u00e9rcoles una iniciativa que llevar\u00e1 al pr\u00f3ximo Pleno para instar al Equipo de Gobierno a que se evite, en el marco de las competencias municipales, la instalaci\u00f3n de circos que utilicen a animales en sus espect\u00e1culos.<\/p>\n<p>Casta\u00f1o, en rueda de prensa en el Consistorio, ha explicado que ya hay m\u00e1s de 180 ayuntamientos en Espa\u00f1a que han aprobado medidas en esta l\u00ednea, de todo signo pol\u00edtico, como M\u00e1laga y Vitoria, del PP, u Oviedo, en el que se aprob\u00f3 por unanimidad.<\/p>\n<p>Es por ello, que ha confiado en que la propuesta no sea objeto de enorme controversia en el Pleno. Seg\u00fan ella, la iniciativa obedece a un cambio de la sensibilidad social que hace que pr\u00e1cticas de hace diez o 20 a\u00f1os se ve\u00edan normales, pero ahora ya no.<\/p>\n<p>En este sentido, ha remarcado que a los animales salvajes que participan en estos espect\u00e1culos se les adiestra con pr\u00e1cticas de maltrato, lo que, a su juicio, \u00abno parece tolerable\u00bb. Eso s\u00ed, ha matizado que no significa que IU quiera acabar con el circo, algo que puede seguir existiendo ya que los espect\u00e1culos tambi\u00e9n evolucionan. La medida quieren que se aplique a todo tipo de animales y en cualquier terreno, aunque legalmente habr\u00e1 que estudiar si solo puede ser en terreno p\u00fablico municipal.<\/p>\n","protected":false},"excerpt":{"rendered":"<p>La concejala del Grupo Municipal de IU en el Ayuntamiento de Gij\u00f3n Ana Casta\u00f1o ha presentado este mi\u00e9rcoles una iniciativa que llevar\u00e1 al pr\u00f3ximo Pleno para instar al Equipo de Gobierno a que se evite, en el marco de las competencias municipales, la instalaci\u00f3n de circos que utilicen a animales en sus espect\u00e1culos. Casta\u00f1o, en [&hellip;]<\/p>\n","protected":false},"author":1,"featured_media":853535,"comment_status":"closed","ping_status":"closed","sticky":false,"template":"","format":"standard","meta":{"footnotes":""},"categories":[12],"tags":[],"class_list":["post-853534","post","type-post","status-publish","format-standard","has-post-thumbnail","hentry","category-actualidad-asturias"],"aioseo_notices":[],"aioseo_head":"\n\t\t<!-- All in One SEO Pro 4.9.6.2 - aioseo.com -->\n\t<meta name=\"description\" content=\"La concejala del Grupo Municipal de IU en el Ayuntamiento de Gij\u00f3n Ana Casta\u00f1o ha presentado este mi\u00e9rcoles una iniciativa que llevar\u00e1 al pr\u00f3ximo Pleno para instar al Equipo de Gobierno a que se evite, en el marco de las competencias municipales, la instalaci\u00f3n de circos que utilicen a animales en sus espect\u00e1culos. Casta\u00f1o, en\" \/>\n\t<meta name=\"robots\" content=\"max-image-preview:large\" \/>\n\t<meta name=\"author\" content=\"El Digital de Asturias\"\/>\n\t<meta name=\"google-site-verification\" content=\"UA-38556648-1\" \/>\n\t<meta name=\"msvalidate.01\" content=\"7dfe9f3f1b24437ab69f4f2559babe99\" \/>\n\t<meta name=\"keywords\" content=\"actualidad asturias\" \/>\n\t<link rel=\"canonical\" href=\"https:\/\/www.eldigitaldeasturias.com\/noticias\/iu-insta-al-gobierno-de-gijon-a-que-se-prohiban-circos-que-utilicen-animales\/\" \/>\n\t<meta name=\"generator\" content=\"All in One SEO Pro (AIOSEO) 4.9.6.2\" \/>\n\t\t<meta property=\"og:locale\" content=\"es_ES\" \/>\n\t\t<meta property=\"og:site_name\" content=\"El Digital de Asturias\" \/>\n\t\t<meta property=\"og:type\" content=\"article\" \/>\n\t\t<meta property=\"og:title\" content=\"IU insta al Gobierno de Gij\u00f3n a que se proh\u00edban circos que utilicen animales - El Digital de Asturias\" \/>\n\t\t<meta property=\"og:description\" content=\"La concejala del Grupo Municipal de IU en el Ayuntamiento de Gij\u00f3n Ana Casta\u00f1o ha presentado este mi\u00e9rcoles una iniciativa que llevar\u00e1 al pr\u00f3ximo Pleno para instar al Equipo de Gobierno a que se evite, en el marco de las competencias municipales, la instalaci\u00f3n de circos que utilicen a animales en sus espect\u00e1culos. Casta\u00f1o, en\" \/>\n\t\t<meta property=\"og:url\" content=\"https:\/\/www.eldigitaldeasturias.com\/noticias\/iu-insta-al-gobierno-de-gijon-a-que-se-prohiban-circos-que-utilicen-animales\/\" \/>\n\t\t<meta property=\"og:image\" content=\"https:\/\/www.eldigitaldeasturias.com\/noticias\/wp-content\/uploads\/2016\/02\/fotonoticia_20160203140954_800.jpg\" \/>\n\t\t<meta property=\"og:image:secure_url\" content=\"https:\/\/www.eldigitaldeasturias.com\/noticias\/wp-content\/uploads\/2016\/02\/fotonoticia_20160203140954_800.jpg\" \/>\n\t\t<meta property=\"og:image:width\" content=\"800\" \/>\n\t\t<meta property=\"og:image:height\" content=\"600\" \/>\n\t\t<meta property=\"article:tag\" content=\"actualidad asturias\" \/>\n\t\t<meta property=\"article:published_time\" content=\"2016-02-03T19:31:33+00:00\" \/>\n\t\t<meta property=\"article:modified_time\" content=\"2016-02-03T19:31:33+00:00\" \/>\n\t\t<meta property=\"article:publisher\" content=\"https:\/\/facebook.com\/eldigitaldeasturias\" \/>\n\t\t<meta name=\"twitter:card\" content=\"summary_large_image\" \/>\n\t\t<meta name=\"twitter:title\" content=\"IU insta al Gobierno de Gij\u00f3n a que se proh\u00edban circos que utilicen animales - El Digital de Asturias\" \/>\n\t\t<meta name=\"twitter:description\" content=\"La concejala del Grupo Municipal de IU en el Ayuntamiento de Gij\u00f3n Ana Casta\u00f1o ha presentado este mi\u00e9rcoles una iniciativa que llevar\u00e1 al pr\u00f3ximo Pleno para instar al Equipo de Gobierno a que se evite, en el marco de las competencias municipales, la instalaci\u00f3n de circos que utilicen a animales en sus espect\u00e1culos. Casta\u00f1o, en\" \/>\n\t\t<meta name=\"twitter:image\" content=\"https:\/\/www.eldigitaldeasturias.com\/noticias\/wp-content\/uploads\/2016\/02\/fotonoticia_20160203140954_800.jpg\" \/>\n\t\t<meta name=\"twitter:label1\" content=\"Escrito por\" \/>\n\t\t<meta name=\"twitter:data1\" content=\"El Digital de Asturias\" \/>\n\t\t<meta name=\"twitter:label2\" content=\"Tiempo de lectura estimado\" \/>\n\t\t<meta name=\"twitter:data2\" content=\"1 minuto\" \/>\n\t\t<script type=\"application\/ld+json\" class=\"aioseo-schema\">\n\t\t\t{\"@context\":\"https:\\\/\\\/schema.org\",\"@graph\":[{\"@type\":\"BlogPosting\",\"@id\":\"https:\\\/\\\/www.eldigitaldeasturias.com\\\/noticias\\\/iu-insta-al-gobierno-de-gijon-a-que-se-prohiban-circos-que-utilicen-animales\\\/#blogposting\",\"name\":\"IU insta al Gobierno de Gij\\u00f3n a que se proh\\u00edban circos que utilicen animales - El Digital de Asturias\",\"headline\":\"IU insta al Gobierno de Gij\\u00f3n a que se proh\\u00edban circos que utilicen animales\",\"author\":{\"@id\":\"https:\\\/\\\/www.eldigitaldeasturias.com\\\/noticias\\\/author\\\/admin\\\/#author\"},\"publisher\":{\"@id\":\"https:\\\/\\\/www.eldigitaldeasturias.com\\\/noticias\\\/#organization\"},\"image\":{\"@type\":\"ImageObject\",\"url\":\"https:\\\/\\\/www.eldigitaldeasturias.com\\\/noticias\\\/wp-content\\\/uploads\\\/2016\\\/02\\\/fotonoticia_20160203140954_800.jpg\",\"width\":800,\"height\":600},\"datePublished\":\"2016-02-03T19:31:33+01:00\",\"dateModified\":\"2016-02-03T19:31:33+01:00\",\"inLanguage\":\"es-ES\",\"mainEntityOfPage\":{\"@id\":\"https:\\\/\\\/www.eldigitaldeasturias.com\\\/noticias\\\/iu-insta-al-gobierno-de-gijon-a-que-se-prohiban-circos-que-utilicen-animales\\\/#webpage\"},\"isPartOf\":{\"@id\":\"https:\\\/\\\/www.eldigitaldeasturias.com\\\/noticias\\\/iu-insta-al-gobierno-de-gijon-a-que-se-prohiban-circos-que-utilicen-animales\\\/#webpage\"},\"articleSection\":\"Actualidad Asturias\"},{\"@type\":\"BreadcrumbList\",\"@id\":\"https:\\\/\\\/www.eldigitaldeasturias.com\\\/noticias\\\/iu-insta-al-gobierno-de-gijon-a-que-se-prohiban-circos-que-utilicen-animales\\\/#breadcrumblist\",\"itemListElement\":[{\"@type\":\"ListItem\",\"@id\":\"https:\\\/\\\/www.eldigitaldeasturias.com\\\/noticias#listItem\",\"position\":1,\"name\":\"Home\",\"item\":\"https:\\\/\\\/www.eldigitaldeasturias.com\\\/noticias\",\"nextItem\":{\"@type\":\"ListItem\",\"@id\":\"https:\\\/\\\/www.eldigitaldeasturias.com\\\/noticias\\\/category\\\/actualidad-asturias\\\/#listItem\",\"name\":\"Actualidad Asturias\"}},{\"@type\":\"ListItem\",\"@id\":\"https:\\\/\\\/www.eldigitaldeasturias.com\\\/noticias\\\/category\\\/actualidad-asturias\\\/#listItem\",\"position\":2,\"name\":\"Actualidad Asturias\",\"item\":\"https:\\\/\\\/www.eldigitaldeasturias.com\\\/noticias\\\/category\\\/actualidad-asturias\\\/\",\"nextItem\":{\"@type\":\"ListItem\",\"@id\":\"https:\\\/\\\/www.eldigitaldeasturias.com\\\/noticias\\\/iu-insta-al-gobierno-de-gijon-a-que-se-prohiban-circos-que-utilicen-animales\\\/#listItem\",\"name\":\"IU insta al Gobierno de Gij\\u00f3n a que se proh\\u00edban circos que utilicen animales\"},\"previousItem\":{\"@type\":\"ListItem\",\"@id\":\"https:\\\/\\\/www.eldigitaldeasturias.com\\\/noticias#listItem\",\"name\":\"Home\"}},{\"@type\":\"ListItem\",\"@id\":\"https:\\\/\\\/www.eldigitaldeasturias.com\\\/noticias\\\/iu-insta-al-gobierno-de-gijon-a-que-se-prohiban-circos-que-utilicen-animales\\\/#listItem\",\"position\":3,\"name\":\"IU insta al Gobierno de Gij\\u00f3n a que se proh\\u00edban circos que utilicen animales\",\"previousItem\":{\"@type\":\"ListItem\",\"@id\":\"https:\\\/\\\/www.eldigitaldeasturias.com\\\/noticias\\\/category\\\/actualidad-asturias\\\/#listItem\",\"name\":\"Actualidad Asturias\"}}]},{\"@type\":\"Organization\",\"@id\":\"https:\\\/\\\/www.eldigitaldeasturias.com\\\/noticias\\\/#organization\",\"name\":\"El Digital de Asturias\",\"description\":\"Hemeroteca\",\"url\":\"https:\\\/\\\/www.eldigitaldeasturias.com\\\/noticias\\\/\",\"email\":\"info@eldigitaldeasturias.com\",\"telephone\":\"+34652131393\",\"logo\":{\"@type\":\"ImageObject\",\"url\":\"https:\\\/\\\/www.eldigitaldeasturias.com\\\/noticias\\\/wp-content\\\/uploads\\\/2020\\\/12\\\/EDA.jpg\",\"@id\":\"https:\\\/\\\/www.eldigitaldeasturias.com\\\/noticias\\\/iu-insta-al-gobierno-de-gijon-a-que-se-prohiban-circos-que-utilicen-animales\\\/#organizationLogo\",\"width\":649,\"height\":297},\"image\":{\"@id\":\"https:\\\/\\\/www.eldigitaldeasturias.com\\\/noticias\\\/iu-insta-al-gobierno-de-gijon-a-que-se-prohiban-circos-que-utilicen-animales\\\/#organizationLogo\"},\"sameAs\":[\"https:\\\/\\\/facebook.com\\\/eldigitaldeasturias\",\"https:\\\/\\\/www.youtube.com\\\/channel\\\/UCZP-2wLEB9Rv6erhFmqVnvg\"],\"address\":{\"@id\":\"https:\\\/\\\/www.eldigitaldeasturias.com\\\/noticias\\\/#postaladdress\",\"@type\":\"PostalAddress\",\"streetAddress\":\"san antonio 4,\",\"postalCode\":\"33430\",\"addressLocality\":\"Cand\\u00e1s\",\"addressRegion\":\"Asturias\",\"addressCountry\":\"ES\"}},{\"@type\":\"Person\",\"@id\":\"https:\\\/\\\/www.eldigitaldeasturias.com\\\/noticias\\\/author\\\/admin\\\/#author\",\"url\":\"https:\\\/\\\/www.eldigitaldeasturias.com\\\/noticias\\\/author\\\/admin\\\/\",\"name\":\"El Digital de Asturias\",\"image\":{\"@type\":\"ImageObject\",\"@id\":\"https:\\\/\\\/www.eldigitaldeasturias.com\\\/noticias\\\/iu-insta-al-gobierno-de-gijon-a-que-se-prohiban-circos-que-utilicen-animales\\\/#authorImage\",\"url\":\"https:\\\/\\\/www.eldigitaldeasturias.com\\\/noticias\\\/wp-content\\\/litespeed\\\/avatar\\\/18677e78aa0546b92d9dbf31ec7d7668.jpg?ver=1777290358\",\"width\":96,\"height\":96,\"caption\":\"El Digital de Asturias\"}},{\"@type\":\"WebPage\",\"@id\":\"https:\\\/\\\/www.eldigitaldeasturias.com\\\/noticias\\\/iu-insta-al-gobierno-de-gijon-a-que-se-prohiban-circos-que-utilicen-animales\\\/#webpage\",\"url\":\"https:\\\/\\\/www.eldigitaldeasturias.com\\\/noticias\\\/iu-insta-al-gobierno-de-gijon-a-que-se-prohiban-circos-que-utilicen-animales\\\/\",\"name\":\"IU insta al Gobierno de Gij\\u00f3n a que se proh\\u00edban circos que utilicen animales - El Digital de Asturias\",\"description\":\"La concejala del Grupo Municipal de IU en el Ayuntamiento de Gij\\u00f3n Ana Casta\\u00f1o ha presentado este mi\\u00e9rcoles una iniciativa que llevar\\u00e1 al pr\\u00f3ximo Pleno para instar al Equipo de Gobierno a que se evite, en el marco de las competencias municipales, la instalaci\\u00f3n de circos que utilicen a animales en sus espect\\u00e1culos. Casta\\u00f1o, en\",\"inLanguage\":\"es-ES\",\"isPartOf\":{\"@id\":\"https:\\\/\\\/www.eldigitaldeasturias.com\\\/noticias\\\/#website\"},\"breadcrumb\":{\"@id\":\"https:\\\/\\\/www.eldigitaldeasturias.com\\\/noticias\\\/iu-insta-al-gobierno-de-gijon-a-que-se-prohiban-circos-que-utilicen-animales\\\/#breadcrumblist\"},\"author\":{\"@id\":\"https:\\\/\\\/www.eldigitaldeasturias.com\\\/noticias\\\/author\\\/admin\\\/#author\"},\"creator\":{\"@id\":\"https:\\\/\\\/www.eldigitaldeasturias.com\\\/noticias\\\/author\\\/admin\\\/#author\"},\"image\":{\"@type\":\"ImageObject\",\"url\":\"https:\\\/\\\/www.eldigitaldeasturias.com\\\/noticias\\\/wp-content\\\/uploads\\\/2016\\\/02\\\/fotonoticia_20160203140954_800.jpg\",\"@id\":\"https:\\\/\\\/www.eldigitaldeasturias.com\\\/noticias\\\/iu-insta-al-gobierno-de-gijon-a-que-se-prohiban-circos-que-utilicen-animales\\\/#mainImage\",\"width\":800,\"height\":600},\"primaryImageOfPage\":{\"@id\":\"https:\\\/\\\/www.eldigitaldeasturias.com\\\/noticias\\\/iu-insta-al-gobierno-de-gijon-a-que-se-prohiban-circos-que-utilicen-animales\\\/#mainImage\"},\"datePublished\":\"2016-02-03T19:31:33+01:00\",\"dateModified\":\"2016-02-03T19:31:33+01:00\"},{\"@type\":\"WebSite\",\"@id\":\"https:\\\/\\\/www.eldigitaldeasturias.com\\\/noticias\\\/#website\",\"url\":\"https:\\\/\\\/www.eldigitaldeasturias.com\\\/noticias\\\/\",\"name\":\"El Digital de Asturias - Diario de actualidad y noticias\",\"alternateName\":\"El Digital de Asturias - Diario de actualidad y noticias\",\"description\":\"Hemeroteca\",\"inLanguage\":\"es-ES\",\"publisher\":{\"@id\":\"https:\\\/\\\/www.eldigitaldeasturias.com\\\/noticias\\\/#organization\"}}]}\n\t\t<\/script>\n\t\t<!-- All in One SEO Pro -->\r\n\t\t<title>IU insta al Gobierno de Gij\u00f3n a que se proh\u00edban circos que utilicen animales - El Digital de Asturias<\/title>\n\n","aioseo_head_json":{"title":"IU insta al Gobierno de Gij\u00f3n a que se proh\u00edban circos que utilicen animales - El Digital de Asturias","description":"La concejala del Grupo Municipal de IU en el Ayuntamiento de Gij\u00f3n Ana Casta\u00f1o ha presentado este mi\u00e9rcoles una iniciativa que llevar\u00e1 al pr\u00f3ximo Pleno para instar al Equipo de Gobierno a que se evite, en el marco de las competencias municipales, la instalaci\u00f3n de circos que utilicen a animales en sus espect\u00e1culos. Casta\u00f1o, en","canonical_url":"https:\/\/www.eldigitaldeasturias.com\/noticias\/iu-insta-al-gobierno-de-gijon-a-que-se-prohiban-circos-que-utilicen-animales\/","robots":"max-image-preview:large","keywords":"actualidad asturias","webmasterTools":{"google-site-verification":"UA-38556648-1","msvalidate.01":"7dfe9f3f1b24437ab69f4f2559babe99","miscellaneous":""},"schema":{"@context":"https:\/\/schema.org","@graph":[{"@type":"BlogPosting","@id":"https:\/\/www.eldigitaldeasturias.com\/noticias\/iu-insta-al-gobierno-de-gijon-a-que-se-prohiban-circos-que-utilicen-animales\/#blogposting","name":"IU insta al Gobierno de Gij\u00f3n a que se proh\u00edban circos que utilicen animales - El Digital de Asturias","headline":"IU insta al Gobierno de Gij\u00f3n a que se proh\u00edban circos que utilicen animales","author":{"@id":"https:\/\/www.eldigitaldeasturias.com\/noticias\/author\/admin\/#author"},"publisher":{"@id":"https:\/\/www.eldigitaldeasturias.com\/noticias\/#organization"},"image":{"@type":"ImageObject","url":"https:\/\/www.eldigitaldeasturias.com\/noticias\/wp-content\/uploads\/2016\/02\/fotonoticia_20160203140954_800.jpg","width":800,"height":600},"datePublished":"2016-02-03T19:31:33+01:00","dateModified":"2016-02-03T19:31:33+01:00","inLanguage":"es-ES","mainEntityOfPage":{"@id":"https:\/\/www.eldigitaldeasturias.com\/noticias\/iu-insta-al-gobierno-de-gijon-a-que-se-prohiban-circos-que-utilicen-animales\/#webpage"},"isPartOf":{"@id":"https:\/\/www.eldigitaldeasturias.com\/noticias\/iu-insta-al-gobierno-de-gijon-a-que-se-prohiban-circos-que-utilicen-animales\/#webpage"},"articleSection":"Actualidad Asturias"},{"@type":"BreadcrumbList","@id":"https:\/\/www.eldigitaldeasturias.com\/noticias\/iu-insta-al-gobierno-de-gijon-a-que-se-prohiban-circos-que-utilicen-animales\/#breadcrumblist","itemListElement":[{"@type":"ListItem","@id":"https:\/\/www.eldigitaldeasturias.com\/noticias#listItem","position":1,"name":"Home","item":"https:\/\/www.eldigitaldeasturias.com\/noticias","nextItem":{"@type":"ListItem","@id":"https:\/\/www.eldigitaldeasturias.com\/noticias\/category\/actualidad-asturias\/#listItem","name":"Actualidad Asturias"}},{"@type":"ListItem","@id":"https:\/\/www.eldigitaldeasturias.com\/noticias\/category\/actualidad-asturias\/#listItem","position":2,"name":"Actualidad Asturias","item":"https:\/\/www.eldigitaldeasturias.com\/noticias\/category\/actualidad-asturias\/","nextItem":{"@type":"ListItem","@id":"https:\/\/www.eldigitaldeasturias.com\/noticias\/iu-insta-al-gobierno-de-gijon-a-que-se-prohiban-circos-que-utilicen-animales\/#listItem","name":"IU insta al Gobierno de Gij\u00f3n a que se proh\u00edban circos que utilicen animales"},"previousItem":{"@type":"ListItem","@id":"https:\/\/www.eldigitaldeasturias.com\/noticias#listItem","name":"Home"}},{"@type":"ListItem","@id":"https:\/\/www.eldigitaldeasturias.com\/noticias\/iu-insta-al-gobierno-de-gijon-a-que-se-prohiban-circos-que-utilicen-animales\/#listItem","position":3,"name":"IU insta al Gobierno de Gij\u00f3n a que se proh\u00edban circos que utilicen animales","previousItem":{"@type":"ListItem","@id":"https:\/\/www.eldigitaldeasturias.com\/noticias\/category\/actualidad-asturias\/#listItem","name":"Actualidad Asturias"}}]},{"@type":"Organization","@id":"https:\/\/www.eldigitaldeasturias.com\/noticias\/#organization","name":"El Digital de Asturias","description":"Hemeroteca","url":"https:\/\/www.eldigitaldeasturias.com\/noticias\/","email":"info@eldigitaldeasturias.com","telephone":"+34652131393","logo":{"@type":"ImageObject","url":"https:\/\/www.eldigitaldeasturias.com\/noticias\/wp-content\/uploads\/2020\/12\/EDA.jpg","@id":"https:\/\/www.eldigitaldeasturias.com\/noticias\/iu-insta-al-gobierno-de-gijon-a-que-se-prohiban-circos-que-utilicen-animales\/#organizationLogo","width":649,"height":297},"image":{"@id":"https:\/\/www.eldigitaldeasturias.com\/noticias\/iu-insta-al-gobierno-de-gijon-a-que-se-prohiban-circos-que-utilicen-animales\/#organizationLogo"},"sameAs":["https:\/\/facebook.com\/eldigitaldeasturias","https:\/\/www.youtube.com\/channel\/UCZP-2wLEB9Rv6erhFmqVnvg"],"address":{"@id":"https:\/\/www.eldigitaldeasturias.com\/noticias\/#postaladdress","@type":"PostalAddress","streetAddress":"san antonio 4,","postalCode":"33430","addressLocality":"Cand\u00e1s","addressRegion":"Asturias","addressCountry":"ES"}},{"@type":"Person","@id":"https:\/\/www.eldigitaldeasturias.com\/noticias\/author\/admin\/#author","url":"https:\/\/www.eldigitaldeasturias.com\/noticias\/author\/admin\/","name":"El Digital de Asturias","image":{"@type":"ImageObject","@id":"https:\/\/www.eldigitaldeasturias.com\/noticias\/iu-insta-al-gobierno-de-gijon-a-que-se-prohiban-circos-que-utilicen-animales\/#authorImage","url":"https:\/\/www.eldigitaldeasturias.com\/noticias\/wp-content\/litespeed\/avatar\/18677e78aa0546b92d9dbf31ec7d7668.jpg?ver=1777290358","width":96,"height":96,"caption":"El Digital de Asturias"}},{"@type":"WebPage","@id":"https:\/\/www.eldigitaldeasturias.com\/noticias\/iu-insta-al-gobierno-de-gijon-a-que-se-prohiban-circos-que-utilicen-animales\/#webpage","url":"https:\/\/www.eldigitaldeasturias.com\/noticias\/iu-insta-al-gobierno-de-gijon-a-que-se-prohiban-circos-que-utilicen-animales\/","name":"IU insta al Gobierno de Gij\u00f3n a que se proh\u00edban circos que utilicen animales - El Digital de Asturias","description":"La concejala del Grupo Municipal de IU en el Ayuntamiento de Gij\u00f3n Ana Casta\u00f1o ha presentado este mi\u00e9rcoles una iniciativa que llevar\u00e1 al pr\u00f3ximo Pleno para instar al Equipo de Gobierno a que se evite, en el marco de las competencias municipales, la instalaci\u00f3n de circos que utilicen a animales en sus espect\u00e1culos. Casta\u00f1o, en","inLanguage":"es-ES","isPartOf":{"@id":"https:\/\/www.eldigitaldeasturias.com\/noticias\/#website"},"breadcrumb":{"@id":"https:\/\/www.eldigitaldeasturias.com\/noticias\/iu-insta-al-gobierno-de-gijon-a-que-se-prohiban-circos-que-utilicen-animales\/#breadcrumblist"},"author":{"@id":"https:\/\/www.eldigitaldeasturias.com\/noticias\/author\/admin\/#author"},"creator":{"@id":"https:\/\/www.eldigitaldeasturias.com\/noticias\/author\/admin\/#author"},"image":{"@type":"ImageObject","url":"https:\/\/www.eldigitaldeasturias.com\/noticias\/wp-content\/uploads\/2016\/02\/fotonoticia_20160203140954_800.jpg","@id":"https:\/\/www.eldigitaldeasturias.com\/noticias\/iu-insta-al-gobierno-de-gijon-a-que-se-prohiban-circos-que-utilicen-animales\/#mainImage","width":800,"height":600},"primaryImageOfPage":{"@id":"https:\/\/www.eldigitaldeasturias.com\/noticias\/iu-insta-al-gobierno-de-gijon-a-que-se-prohiban-circos-que-utilicen-animales\/#mainImage"},"datePublished":"2016-02-03T19:31:33+01:00","dateModified":"2016-02-03T19:31:33+01:00"},{"@type":"WebSite","@id":"https:\/\/www.eldigitaldeasturias.com\/noticias\/#website","url":"https:\/\/www.eldigitaldeasturias.com\/noticias\/","name":"El Digital de Asturias - Diario de actualidad y noticias","alternateName":"El Digital de Asturias - Diario de actualidad y noticias","description":"Hemeroteca","inLanguage":"es-ES","publisher":{"@id":"https:\/\/www.eldigitaldeasturias.com\/noticias\/#organization"}}]},"og:locale":"es_ES","og:site_name":"El Digital de Asturias","og:type":"article","og:title":"IU insta al Gobierno de Gij\u00f3n a que se proh\u00edban circos que utilicen animales - El Digital de Asturias","og:description":"La concejala del Grupo Municipal de IU en el Ayuntamiento de Gij\u00f3n Ana Casta\u00f1o ha presentado este mi\u00e9rcoles una iniciativa que llevar\u00e1 al pr\u00f3ximo Pleno para instar al Equipo de Gobierno a que se evite, en el marco de las competencias municipales, la instalaci\u00f3n de circos que utilicen a animales en sus espect\u00e1culos. Casta\u00f1o, en","og:url":"https:\/\/www.eldigitaldeasturias.com\/noticias\/iu-insta-al-gobierno-de-gijon-a-que-se-prohiban-circos-que-utilicen-animales\/","og:image":"https:\/\/www.eldigitaldeasturias.com\/noticias\/wp-content\/uploads\/2016\/02\/fotonoticia_20160203140954_800.jpg","og:image:secure_url":"https:\/\/www.eldigitaldeasturias.com\/noticias\/wp-content\/uploads\/2016\/02\/fotonoticia_20160203140954_800.jpg","og:image:width":800,"og:image:height":600,"article:tag":["actualidad asturias"],"article:published_time":"2016-02-03T19:31:33+00:00","article:modified_time":"2016-02-03T19:31:33+00:00","article:publisher":"https:\/\/facebook.com\/eldigitaldeasturias","twitter:card":"summary_large_image","twitter:title":"IU insta al Gobierno de Gij\u00f3n a que se proh\u00edban circos que utilicen animales - El Digital de Asturias","twitter:description":"La concejala del Grupo Municipal de IU en el Ayuntamiento de Gij\u00f3n Ana Casta\u00f1o ha presentado este mi\u00e9rcoles una iniciativa que llevar\u00e1 al pr\u00f3ximo Pleno para instar al Equipo de Gobierno a que se evite, en el marco de las competencias municipales, la instalaci\u00f3n de circos que utilicen a animales en sus espect\u00e1culos. Casta\u00f1o, en","twitter:image":"https:\/\/www.eldigitaldeasturias.com\/noticias\/wp-content\/uploads\/2016\/02\/fotonoticia_20160203140954_800.jpg","twitter:label1":"Escrito por","twitter:data1":"El Digital de Asturias","twitter:label2":"Tiempo de lectura estimado","twitter:data2":"1 minuto"},"aioseo_meta_data":{"post_id":"853534","title":null,"description":null,"keywords":null,"keyphrases":null,"primary_term":null,"canonical_url":null,"og_title":null,"og_description":null,"og_object_type":"default","og_image_type":"default","og_image_url":null,"og_image_width":null,"og_image_height":null,"og_image_custom_url":null,"og_image_custom_fields":null,"og_video":null,"og_custom_url":null,"og_article_section":null,"og_article_tags":null,"twitter_use_og":false,"twitter_card":"default","twitter_image_type":"default","twitter_image_url":null,"twitter_image_custom_url":null,"twitter_image_custom_fields":null,"twitter_title":null,"twitter_description":null,"schema":{"blockGraphs":[],"customGraphs":[],"default":{"data":{"Article":[],"Course":[],"Dataset":[],"FAQPage":[],"Movie":[],"Person":[],"Product":[],"ProductReview":[],"Car":[],"Recipe":[],"Service":[],"SoftwareApplication":[],"WebPage":[]},"graphName":"","isEnabled":true},"graphs":[],"defaultGraph":"","defaultPostTypeGraph":""},"schema_type":null,"schema_type_options":null,"pillar_content":false,"robots_default":true,"robots_noindex":false,"robots_noarchive":false,"robots_nosnippet":false,"robots_nofollow":false,"robots_noimageindex":false,"robots_noodp":false,"robots_notranslate":false,"robots_max_snippet":null,"robots_max_videopreview":null,"robots_max_imagepreview":"large","priority":null,"frequency":null,"local_seo":null,"seo_analyzer_scan_date":"2025-12-09 18:29:52","breadcrumb_settings":null,"limit_modified_date":false,"open_ai":null,"ai":null,"created":"2021-01-23 14:09:17","updated":"2025-12-09 18:29:52"},"aioseo_breadcrumb":"<div class=\"aioseo-breadcrumbs\"><span class=\"aioseo-breadcrumb\">\n\t<a href=\"https:\/\/www.eldigitaldeasturias.com\/noticias\" title=\"Home\">Home<\/a>\n<\/span><span class=\"aioseo-breadcrumb-separator\">\u2013<\/span><span class=\"aioseo-breadcrumb\">\n\t<a href=\"https:\/\/www.eldigitaldeasturias.com\/noticias\/category\/actualidad-asturias\/\" title=\"Actualidad Asturias\">Actualidad Asturias<\/a>\n<\/span><span class=\"aioseo-breadcrumb-separator\">\u2013<\/span><span class=\"aioseo-breadcrumb\">\n\t<a href=\"https:\/\/www.eldigitaldeasturias.com\/noticias\/iu-insta-al-gobierno-de-gijon-a-que-se-prohiban-circos-que-utilicen-animales\/\" title=\"IU insta al Gobierno de Gij\u00f3n a que se proh\u00edban circos que utilicen animales\">IU insta al Gobierno de Gij\u00f3n a que se proh\u00edban circos que utilicen animales<\/a>\n<\/span><\/div>","aioseo_breadcrumb_json":[{"label":"Home","link":"https:\/\/www.eldigitaldeasturias.com\/noticias"},{"label":"Actualidad Asturias","link":"https:\/\/www.eldigitaldeasturias.com\/noticias\/category\/actualidad-asturias\/"},{"label":"IU insta al Gobierno de Gij\u00f3n a que se proh\u00edban circos que utilicen animales","link":"https:\/\/www.eldigitaldeasturias.com\/noticias\/iu-insta-al-gobierno-de-gijon-a-que-se-prohiban-circos-que-utilicen-animales\/"}],"_links":{"self":[{"href":"https:\/\/www.eldigitaldeasturias.com\/noticias\/wp-json\/wp\/v2\/posts\/853534","targetHints":{"allow":["GET"]}}],"collection":[{"href":"https:\/\/www.eldigitaldeasturias.com\/noticias\/wp-json\/wp\/v2\/posts"}],"about":[{"href":"https:\/\/www.eldigitaldeasturias.com\/noticias\/wp-json\/wp\/v2\/types\/post"}],"author":[{"embeddable":true,"href":"https:\/\/www.eldigitaldeasturias.com\/noticias\/wp-json\/wp\/v2\/users\/1"}],"replies":[{"embeddable":true,"href":"https:\/\/www.eldigitaldeasturias.com\/noticias\/wp-json\/wp\/v2\/comments?post=853534"}],"version-history":[{"count":0,"href":"https:\/\/www.eldigitaldeasturias.com\/noticias\/wp-json\/wp\/v2\/posts\/853534\/revisions"}],"wp:featuredmedia":[{"embeddable":true,"href":"https:\/\/www.eldigitaldeasturias.com\/noticias\/wp-json\/wp\/v2\/media\/853535"}],"wp:attachment":[{"href":"https:\/\/www.eldigitaldeasturias.com\/noticias\/wp-json\/wp\/v2\/media?parent=853534"}],"wp:term":[{"taxonomy":"category","embeddable":true,"href":"https:\/\/www.eldigitaldeasturias.com\/noticias\/wp-json\/wp\/v2\/categories?post=853534"},{"taxonomy":"post_tag","embeddable":true,"href":"https:\/\/www.eldigitaldeasturias.com\/noticias\/wp-json\/wp\/v2\/tags?post=853534"}],"curies":[{"name":"wp","href":"https:\/\/api.w.org\/{rel}","templated":true}]}}