{"id":853532,"date":"2016-02-03T19:27:26","date_gmt":"2016-02-03T19:27:26","guid":{"rendered":"http:\/\/www.eldigitaldeasturias.com\/noticias\/?p=853532"},"modified":"2016-02-03T19:27:26","modified_gmt":"2016-02-03T19:27:26","slug":"marcelino-marcos-nuevo-presidente-de-la-comision-del-sector-forestal","status":"publish","type":"post","link":"https:\/\/www.eldigitaldeasturias.com\/noticias\/marcelino-marcos-nuevo-presidente-de-la-comision-del-sector-forestal\/","title":{"rendered":"Marcelino Marcos nuevo presidente de la comisi\u00f3n del sector forestal"},"content":{"rendered":"<p><img loading=\"lazy\" decoding=\"async\" class=\"alignleft size-medium wp-image-780295\" src=\"https:\/\/www.eldigitaldeasturias.com\/noticias\/wp-content\/uploads\/2015\/04\/arboles-360x198.jpg\" alt=\"arboles\" width=\"360\" height=\"198\" srcset=\"https:\/\/www.eldigitaldeasturias.com\/noticias\/wp-content\/uploads\/2015\/04\/arboles-360x198.jpg 360w, https:\/\/www.eldigitaldeasturias.com\/noticias\/wp-content\/uploads\/2015\/04\/arboles-650x357.jpg 650w, https:\/\/www.eldigitaldeasturias.com\/noticias\/wp-content\/uploads\/2015\/04\/arboles.jpg 655w\" sizes=\"auto, (max-width: 360px) 100vw, 360px\" \/>El diputado del PSOE en la Junta General del Principado de Asturias Marcelino Marcos es el presidente de la nueva comisi\u00f3n parlamentario del sector forestal constituida este mi\u00e9rcoles en el parlamento asturiano.<\/p>\n<p>La vicepresidencia la ocupar\u00e1 Mar\u00eda Jos\u00e9 Miranda (IU) y la secretar\u00eda Diana S\u00e1nchez (Ciudadanos). A trav\u00e9s de unas declaraciones distribuidas por el grupo parlamentario, Marcelino Marcos ha dicho que se trata de una comisi\u00f3n \u00absin plazos cerrados\u00bb para el desarrollo de su trabajo puesto que el objetivo primordial de la misma es obtener una \u00abvisi\u00f3n cualificada\u00bb de la situaci\u00f3n, los problemas y las posibles soluciones o propuestas para el sector forestal.<\/p>\n<p>De esta forma, se buscar\u00e1 que el Parlamento d\u00e9 voz a expertos, colectivos o entidades que pueden aportar en ese sentido para mejorar la situaci\u00f3n de dicho sector.<\/p>\n<p>\u00abDeseo que sea una comisi\u00f3n que pueda recoger todas aquellas aportaciones que puedan enriquecer y buscar soluciones a los problemas que tenemos en general en el sector forestal. Visiones distintas, visiones enriquecedoras y, como presidente de la comisi\u00f3n, espero y deseo colaboraci\u00f3n para que al final las conclusiones sea enriquecedoras\u00bb, explic\u00f3 el parlamentario socialista.<\/p>\n","protected":false},"excerpt":{"rendered":"<p>El diputado del PSOE en la Junta General del Principado de Asturias Marcelino Marcos es el presidente de la nueva comisi\u00f3n parlamentario del sector forestal constituida este mi\u00e9rcoles en el parlamento asturiano. La vicepresidencia la ocupar\u00e1 Mar\u00eda Jos\u00e9 Miranda (IU) y la secretar\u00eda Diana S\u00e1nchez (Ciudadanos). A trav\u00e9s de unas declaraciones distribuidas por el grupo [&hellip;]<\/p>\n","protected":false},"author":1,"featured_media":780295,"comment_status":"closed","ping_status":"closed","sticky":false,"template":"","format":"standard","meta":{"footnotes":""},"categories":[12],"tags":[],"class_list":["post-853532","post","type-post","status-publish","format-standard","has-post-thumbnail","hentry","category-actualidad-asturias"],"aioseo_notices":[],"aioseo_head":"\n\t\t<!-- All in One SEO Pro 4.9.6.2 - aioseo.com -->\n\t<meta name=\"description\" content=\"El diputado del PSOE en la Junta General del Principado de Asturias Marcelino Marcos es el presidente de la nueva comisi\u00f3n parlamentario del sector forestal constituida este mi\u00e9rcoles en el parlamento asturiano. La vicepresidencia la ocupar\u00e1 Mar\u00eda Jos\u00e9 Miranda (IU) y la secretar\u00eda Diana S\u00e1nchez (Ciudadanos). A trav\u00e9s de unas declaraciones distribuidas por el grupo\" \/>\n\t<meta name=\"robots\" content=\"max-image-preview:large\" \/>\n\t<meta name=\"author\" content=\"El Digital de Asturias\"\/>\n\t<meta name=\"google-site-verification\" content=\"UA-38556648-1\" \/>\n\t<meta name=\"msvalidate.01\" content=\"7dfe9f3f1b24437ab69f4f2559babe99\" \/>\n\t<meta name=\"keywords\" content=\"actualidad asturias\" \/>\n\t<link rel=\"canonical\" href=\"https:\/\/www.eldigitaldeasturias.com\/noticias\/marcelino-marcos-nuevo-presidente-de-la-comision-del-sector-forestal\/\" \/>\n\t<meta name=\"generator\" content=\"All in One SEO Pro (AIOSEO) 4.9.6.2\" \/>\n\t\t<meta property=\"og:locale\" content=\"es_ES\" \/>\n\t\t<meta property=\"og:site_name\" content=\"El Digital de Asturias\" \/>\n\t\t<meta property=\"og:type\" content=\"article\" \/>\n\t\t<meta property=\"og:title\" content=\"Marcelino Marcos nuevo presidente de la comisi\u00f3n del sector forestal - El Digital de Asturias\" \/>\n\t\t<meta property=\"og:description\" content=\"El diputado del PSOE en la Junta General del Principado de Asturias Marcelino Marcos es el presidente de la nueva comisi\u00f3n parlamentario del sector forestal constituida este mi\u00e9rcoles en el parlamento asturiano. La vicepresidencia la ocupar\u00e1 Mar\u00eda Jos\u00e9 Miranda (IU) y la secretar\u00eda Diana S\u00e1nchez (Ciudadanos). A trav\u00e9s de unas declaraciones distribuidas por el grupo\" \/>\n\t\t<meta property=\"og:url\" content=\"https:\/\/www.eldigitaldeasturias.com\/noticias\/marcelino-marcos-nuevo-presidente-de-la-comision-del-sector-forestal\/\" \/>\n\t\t<meta property=\"og:image\" content=\"https:\/\/www.eldigitaldeasturias.com\/noticias\/wp-content\/uploads\/2015\/04\/arboles.jpg\" \/>\n\t\t<meta property=\"og:image:secure_url\" content=\"https:\/\/www.eldigitaldeasturias.com\/noticias\/wp-content\/uploads\/2015\/04\/arboles.jpg\" \/>\n\t\t<meta property=\"og:image:width\" content=\"655\" \/>\n\t\t<meta property=\"og:image:height\" content=\"360\" \/>\n\t\t<meta property=\"article:tag\" content=\"actualidad asturias\" \/>\n\t\t<meta property=\"article:published_time\" content=\"2016-02-03T19:27:26+00:00\" \/>\n\t\t<meta property=\"article:modified_time\" content=\"2016-02-03T19:27:26+00:00\" \/>\n\t\t<meta property=\"article:publisher\" content=\"https:\/\/facebook.com\/eldigitaldeasturias\" \/>\n\t\t<meta name=\"twitter:card\" content=\"summary_large_image\" \/>\n\t\t<meta name=\"twitter:title\" content=\"Marcelino Marcos nuevo presidente de la comisi\u00f3n del sector forestal - El Digital de Asturias\" \/>\n\t\t<meta name=\"twitter:description\" content=\"El diputado del PSOE en la Junta General del Principado de Asturias Marcelino Marcos es el presidente de la nueva comisi\u00f3n parlamentario del sector forestal constituida este mi\u00e9rcoles en el parlamento asturiano. La vicepresidencia la ocupar\u00e1 Mar\u00eda Jos\u00e9 Miranda (IU) y la secretar\u00eda Diana S\u00e1nchez (Ciudadanos). A trav\u00e9s de unas declaraciones distribuidas por el grupo\" \/>\n\t\t<meta name=\"twitter:image\" content=\"https:\/\/www.eldigitaldeasturias.com\/noticias\/wp-content\/uploads\/2015\/04\/arboles.jpg\" \/>\n\t\t<meta name=\"twitter:label1\" content=\"Escrito por\" \/>\n\t\t<meta name=\"twitter:data1\" content=\"El Digital de Asturias\" \/>\n\t\t<meta name=\"twitter:label2\" content=\"Tiempo de lectura estimado\" \/>\n\t\t<meta name=\"twitter:data2\" content=\"1 minuto\" \/>\n\t\t<script type=\"application\/ld+json\" class=\"aioseo-schema\">\n\t\t\t{\"@context\":\"https:\\\/\\\/schema.org\",\"@graph\":[{\"@type\":\"BlogPosting\",\"@id\":\"https:\\\/\\\/www.eldigitaldeasturias.com\\\/noticias\\\/marcelino-marcos-nuevo-presidente-de-la-comision-del-sector-forestal\\\/#blogposting\",\"name\":\"Marcelino Marcos nuevo presidente de la comisi\\u00f3n del sector forestal - El Digital de Asturias\",\"headline\":\"Marcelino Marcos nuevo presidente de la comisi\\u00f3n del sector forestal\",\"author\":{\"@id\":\"https:\\\/\\\/www.eldigitaldeasturias.com\\\/noticias\\\/author\\\/admin\\\/#author\"},\"publisher\":{\"@id\":\"https:\\\/\\\/www.eldigitaldeasturias.com\\\/noticias\\\/#organization\"},\"image\":{\"@type\":\"ImageObject\",\"url\":\"https:\\\/\\\/www.eldigitaldeasturias.com\\\/noticias\\\/wp-content\\\/uploads\\\/2015\\\/04\\\/arboles.jpg\",\"width\":655,\"height\":360,\"caption\":\"arboles\"},\"datePublished\":\"2016-02-03T19:27:26+01:00\",\"dateModified\":\"2016-02-03T19:27:26+01:00\",\"inLanguage\":\"es-ES\",\"mainEntityOfPage\":{\"@id\":\"https:\\\/\\\/www.eldigitaldeasturias.com\\\/noticias\\\/marcelino-marcos-nuevo-presidente-de-la-comision-del-sector-forestal\\\/#webpage\"},\"isPartOf\":{\"@id\":\"https:\\\/\\\/www.eldigitaldeasturias.com\\\/noticias\\\/marcelino-marcos-nuevo-presidente-de-la-comision-del-sector-forestal\\\/#webpage\"},\"articleSection\":\"Actualidad Asturias\"},{\"@type\":\"BreadcrumbList\",\"@id\":\"https:\\\/\\\/www.eldigitaldeasturias.com\\\/noticias\\\/marcelino-marcos-nuevo-presidente-de-la-comision-del-sector-forestal\\\/#breadcrumblist\",\"itemListElement\":[{\"@type\":\"ListItem\",\"@id\":\"https:\\\/\\\/www.eldigitaldeasturias.com\\\/noticias#listItem\",\"position\":1,\"name\":\"Home\",\"item\":\"https:\\\/\\\/www.eldigitaldeasturias.com\\\/noticias\",\"nextItem\":{\"@type\":\"ListItem\",\"@id\":\"https:\\\/\\\/www.eldigitaldeasturias.com\\\/noticias\\\/category\\\/actualidad-asturias\\\/#listItem\",\"name\":\"Actualidad Asturias\"}},{\"@type\":\"ListItem\",\"@id\":\"https:\\\/\\\/www.eldigitaldeasturias.com\\\/noticias\\\/category\\\/actualidad-asturias\\\/#listItem\",\"position\":2,\"name\":\"Actualidad Asturias\",\"item\":\"https:\\\/\\\/www.eldigitaldeasturias.com\\\/noticias\\\/category\\\/actualidad-asturias\\\/\",\"nextItem\":{\"@type\":\"ListItem\",\"@id\":\"https:\\\/\\\/www.eldigitaldeasturias.com\\\/noticias\\\/marcelino-marcos-nuevo-presidente-de-la-comision-del-sector-forestal\\\/#listItem\",\"name\":\"Marcelino Marcos nuevo presidente de la comisi\\u00f3n del sector forestal\"},\"previousItem\":{\"@type\":\"ListItem\",\"@id\":\"https:\\\/\\\/www.eldigitaldeasturias.com\\\/noticias#listItem\",\"name\":\"Home\"}},{\"@type\":\"ListItem\",\"@id\":\"https:\\\/\\\/www.eldigitaldeasturias.com\\\/noticias\\\/marcelino-marcos-nuevo-presidente-de-la-comision-del-sector-forestal\\\/#listItem\",\"position\":3,\"name\":\"Marcelino Marcos nuevo presidente de la comisi\\u00f3n del sector forestal\",\"previousItem\":{\"@type\":\"ListItem\",\"@id\":\"https:\\\/\\\/www.eldigitaldeasturias.com\\\/noticias\\\/category\\\/actualidad-asturias\\\/#listItem\",\"name\":\"Actualidad Asturias\"}}]},{\"@type\":\"Organization\",\"@id\":\"https:\\\/\\\/www.eldigitaldeasturias.com\\\/noticias\\\/#organization\",\"name\":\"El Digital de Asturias\",\"description\":\"Hemeroteca\",\"url\":\"https:\\\/\\\/www.eldigitaldeasturias.com\\\/noticias\\\/\",\"email\":\"info@eldigitaldeasturias.com\",\"telephone\":\"+34652131393\",\"logo\":{\"@type\":\"ImageObject\",\"url\":\"https:\\\/\\\/www.eldigitaldeasturias.com\\\/noticias\\\/wp-content\\\/uploads\\\/2020\\\/12\\\/EDA.jpg\",\"@id\":\"https:\\\/\\\/www.eldigitaldeasturias.com\\\/noticias\\\/marcelino-marcos-nuevo-presidente-de-la-comision-del-sector-forestal\\\/#organizationLogo\",\"width\":649,\"height\":297},\"image\":{\"@id\":\"https:\\\/\\\/www.eldigitaldeasturias.com\\\/noticias\\\/marcelino-marcos-nuevo-presidente-de-la-comision-del-sector-forestal\\\/#organizationLogo\"},\"sameAs\":[\"https:\\\/\\\/facebook.com\\\/eldigitaldeasturias\",\"https:\\\/\\\/www.youtube.com\\\/channel\\\/UCZP-2wLEB9Rv6erhFmqVnvg\"],\"address\":{\"@id\":\"https:\\\/\\\/www.eldigitaldeasturias.com\\\/noticias\\\/#postaladdress\",\"@type\":\"PostalAddress\",\"streetAddress\":\"san antonio 4,\",\"postalCode\":\"33430\",\"addressLocality\":\"Cand\\u00e1s\",\"addressRegion\":\"Asturias\",\"addressCountry\":\"ES\"}},{\"@type\":\"Person\",\"@id\":\"https:\\\/\\\/www.eldigitaldeasturias.com\\\/noticias\\\/author\\\/admin\\\/#author\",\"url\":\"https:\\\/\\\/www.eldigitaldeasturias.com\\\/noticias\\\/author\\\/admin\\\/\",\"name\":\"El Digital de Asturias\",\"image\":{\"@type\":\"ImageObject\",\"@id\":\"https:\\\/\\\/www.eldigitaldeasturias.com\\\/noticias\\\/marcelino-marcos-nuevo-presidente-de-la-comision-del-sector-forestal\\\/#authorImage\",\"url\":\"https:\\\/\\\/www.eldigitaldeasturias.com\\\/noticias\\\/wp-content\\\/litespeed\\\/avatar\\\/18677e78aa0546b92d9dbf31ec7d7668.jpg?ver=1777290358\",\"width\":96,\"height\":96,\"caption\":\"El Digital de Asturias\"}},{\"@type\":\"WebPage\",\"@id\":\"https:\\\/\\\/www.eldigitaldeasturias.com\\\/noticias\\\/marcelino-marcos-nuevo-presidente-de-la-comision-del-sector-forestal\\\/#webpage\",\"url\":\"https:\\\/\\\/www.eldigitaldeasturias.com\\\/noticias\\\/marcelino-marcos-nuevo-presidente-de-la-comision-del-sector-forestal\\\/\",\"name\":\"Marcelino Marcos nuevo presidente de la comisi\\u00f3n del sector forestal - El Digital de Asturias\",\"description\":\"El diputado del PSOE en la Junta General del Principado de Asturias Marcelino Marcos es el presidente de la nueva comisi\\u00f3n parlamentario del sector forestal constituida este mi\\u00e9rcoles en el parlamento asturiano. La vicepresidencia la ocupar\\u00e1 Mar\\u00eda Jos\\u00e9 Miranda (IU) y la secretar\\u00eda Diana S\\u00e1nchez (Ciudadanos). A trav\\u00e9s de unas declaraciones distribuidas por el grupo\",\"inLanguage\":\"es-ES\",\"isPartOf\":{\"@id\":\"https:\\\/\\\/www.eldigitaldeasturias.com\\\/noticias\\\/#website\"},\"breadcrumb\":{\"@id\":\"https:\\\/\\\/www.eldigitaldeasturias.com\\\/noticias\\\/marcelino-marcos-nuevo-presidente-de-la-comision-del-sector-forestal\\\/#breadcrumblist\"},\"author\":{\"@id\":\"https:\\\/\\\/www.eldigitaldeasturias.com\\\/noticias\\\/author\\\/admin\\\/#author\"},\"creator\":{\"@id\":\"https:\\\/\\\/www.eldigitaldeasturias.com\\\/noticias\\\/author\\\/admin\\\/#author\"},\"image\":{\"@type\":\"ImageObject\",\"url\":\"https:\\\/\\\/www.eldigitaldeasturias.com\\\/noticias\\\/wp-content\\\/uploads\\\/2015\\\/04\\\/arboles.jpg\",\"@id\":\"https:\\\/\\\/www.eldigitaldeasturias.com\\\/noticias\\\/marcelino-marcos-nuevo-presidente-de-la-comision-del-sector-forestal\\\/#mainImage\",\"width\":655,\"height\":360,\"caption\":\"arboles\"},\"primaryImageOfPage\":{\"@id\":\"https:\\\/\\\/www.eldigitaldeasturias.com\\\/noticias\\\/marcelino-marcos-nuevo-presidente-de-la-comision-del-sector-forestal\\\/#mainImage\"},\"datePublished\":\"2016-02-03T19:27:26+01:00\",\"dateModified\":\"2016-02-03T19:27:26+01:00\"},{\"@type\":\"WebSite\",\"@id\":\"https:\\\/\\\/www.eldigitaldeasturias.com\\\/noticias\\\/#website\",\"url\":\"https:\\\/\\\/www.eldigitaldeasturias.com\\\/noticias\\\/\",\"name\":\"El Digital de Asturias - Diario de actualidad y noticias\",\"alternateName\":\"El Digital de Asturias - Diario de actualidad y noticias\",\"description\":\"Hemeroteca\",\"inLanguage\":\"es-ES\",\"publisher\":{\"@id\":\"https:\\\/\\\/www.eldigitaldeasturias.com\\\/noticias\\\/#organization\"}}]}\n\t\t<\/script>\n\t\t<!-- All in One SEO Pro -->\r\n\t\t<title>Marcelino Marcos nuevo presidente de la comisi\u00f3n del sector forestal - El Digital de Asturias<\/title>\n\n","aioseo_head_json":{"title":"Marcelino Marcos nuevo presidente de la comisi\u00f3n del sector forestal - El Digital de Asturias","description":"El diputado del PSOE en la Junta General del Principado de Asturias Marcelino Marcos es el presidente de la nueva comisi\u00f3n parlamentario del sector forestal constituida este mi\u00e9rcoles en el parlamento asturiano. La vicepresidencia la ocupar\u00e1 Mar\u00eda Jos\u00e9 Miranda (IU) y la secretar\u00eda Diana S\u00e1nchez (Ciudadanos). A trav\u00e9s de unas declaraciones distribuidas por el grupo","canonical_url":"https:\/\/www.eldigitaldeasturias.com\/noticias\/marcelino-marcos-nuevo-presidente-de-la-comision-del-sector-forestal\/","robots":"max-image-preview:large","keywords":"actualidad asturias","webmasterTools":{"google-site-verification":"UA-38556648-1","msvalidate.01":"7dfe9f3f1b24437ab69f4f2559babe99","miscellaneous":""},"schema":{"@context":"https:\/\/schema.org","@graph":[{"@type":"BlogPosting","@id":"https:\/\/www.eldigitaldeasturias.com\/noticias\/marcelino-marcos-nuevo-presidente-de-la-comision-del-sector-forestal\/#blogposting","name":"Marcelino Marcos nuevo presidente de la comisi\u00f3n del sector forestal - El Digital de Asturias","headline":"Marcelino Marcos nuevo presidente de la comisi\u00f3n del sector forestal","author":{"@id":"https:\/\/www.eldigitaldeasturias.com\/noticias\/author\/admin\/#author"},"publisher":{"@id":"https:\/\/www.eldigitaldeasturias.com\/noticias\/#organization"},"image":{"@type":"ImageObject","url":"https:\/\/www.eldigitaldeasturias.com\/noticias\/wp-content\/uploads\/2015\/04\/arboles.jpg","width":655,"height":360,"caption":"arboles"},"datePublished":"2016-02-03T19:27:26+01:00","dateModified":"2016-02-03T19:27:26+01:00","inLanguage":"es-ES","mainEntityOfPage":{"@id":"https:\/\/www.eldigitaldeasturias.com\/noticias\/marcelino-marcos-nuevo-presidente-de-la-comision-del-sector-forestal\/#webpage"},"isPartOf":{"@id":"https:\/\/www.eldigitaldeasturias.com\/noticias\/marcelino-marcos-nuevo-presidente-de-la-comision-del-sector-forestal\/#webpage"},"articleSection":"Actualidad Asturias"},{"@type":"BreadcrumbList","@id":"https:\/\/www.eldigitaldeasturias.com\/noticias\/marcelino-marcos-nuevo-presidente-de-la-comision-del-sector-forestal\/#breadcrumblist","itemListElement":[{"@type":"ListItem","@id":"https:\/\/www.eldigitaldeasturias.com\/noticias#listItem","position":1,"name":"Home","item":"https:\/\/www.eldigitaldeasturias.com\/noticias","nextItem":{"@type":"ListItem","@id":"https:\/\/www.eldigitaldeasturias.com\/noticias\/category\/actualidad-asturias\/#listItem","name":"Actualidad Asturias"}},{"@type":"ListItem","@id":"https:\/\/www.eldigitaldeasturias.com\/noticias\/category\/actualidad-asturias\/#listItem","position":2,"name":"Actualidad Asturias","item":"https:\/\/www.eldigitaldeasturias.com\/noticias\/category\/actualidad-asturias\/","nextItem":{"@type":"ListItem","@id":"https:\/\/www.eldigitaldeasturias.com\/noticias\/marcelino-marcos-nuevo-presidente-de-la-comision-del-sector-forestal\/#listItem","name":"Marcelino Marcos nuevo presidente de la comisi\u00f3n del sector forestal"},"previousItem":{"@type":"ListItem","@id":"https:\/\/www.eldigitaldeasturias.com\/noticias#listItem","name":"Home"}},{"@type":"ListItem","@id":"https:\/\/www.eldigitaldeasturias.com\/noticias\/marcelino-marcos-nuevo-presidente-de-la-comision-del-sector-forestal\/#listItem","position":3,"name":"Marcelino Marcos nuevo presidente de la comisi\u00f3n del sector forestal","previousItem":{"@type":"ListItem","@id":"https:\/\/www.eldigitaldeasturias.com\/noticias\/category\/actualidad-asturias\/#listItem","name":"Actualidad Asturias"}}]},{"@type":"Organization","@id":"https:\/\/www.eldigitaldeasturias.com\/noticias\/#organization","name":"El Digital de Asturias","description":"Hemeroteca","url":"https:\/\/www.eldigitaldeasturias.com\/noticias\/","email":"info@eldigitaldeasturias.com","telephone":"+34652131393","logo":{"@type":"ImageObject","url":"https:\/\/www.eldigitaldeasturias.com\/noticias\/wp-content\/uploads\/2020\/12\/EDA.jpg","@id":"https:\/\/www.eldigitaldeasturias.com\/noticias\/marcelino-marcos-nuevo-presidente-de-la-comision-del-sector-forestal\/#organizationLogo","width":649,"height":297},"image":{"@id":"https:\/\/www.eldigitaldeasturias.com\/noticias\/marcelino-marcos-nuevo-presidente-de-la-comision-del-sector-forestal\/#organizationLogo"},"sameAs":["https:\/\/facebook.com\/eldigitaldeasturias","https:\/\/www.youtube.com\/channel\/UCZP-2wLEB9Rv6erhFmqVnvg"],"address":{"@id":"https:\/\/www.eldigitaldeasturias.com\/noticias\/#postaladdress","@type":"PostalAddress","streetAddress":"san antonio 4,","postalCode":"33430","addressLocality":"Cand\u00e1s","addressRegion":"Asturias","addressCountry":"ES"}},{"@type":"Person","@id":"https:\/\/www.eldigitaldeasturias.com\/noticias\/author\/admin\/#author","url":"https:\/\/www.eldigitaldeasturias.com\/noticias\/author\/admin\/","name":"El Digital de Asturias","image":{"@type":"ImageObject","@id":"https:\/\/www.eldigitaldeasturias.com\/noticias\/marcelino-marcos-nuevo-presidente-de-la-comision-del-sector-forestal\/#authorImage","url":"https:\/\/www.eldigitaldeasturias.com\/noticias\/wp-content\/litespeed\/avatar\/18677e78aa0546b92d9dbf31ec7d7668.jpg?ver=1777290358","width":96,"height":96,"caption":"El Digital de Asturias"}},{"@type":"WebPage","@id":"https:\/\/www.eldigitaldeasturias.com\/noticias\/marcelino-marcos-nuevo-presidente-de-la-comision-del-sector-forestal\/#webpage","url":"https:\/\/www.eldigitaldeasturias.com\/noticias\/marcelino-marcos-nuevo-presidente-de-la-comision-del-sector-forestal\/","name":"Marcelino Marcos nuevo presidente de la comisi\u00f3n del sector forestal - El Digital de Asturias","description":"El diputado del PSOE en la Junta General del Principado de Asturias Marcelino Marcos es el presidente de la nueva comisi\u00f3n parlamentario del sector forestal constituida este mi\u00e9rcoles en el parlamento asturiano. La vicepresidencia la ocupar\u00e1 Mar\u00eda Jos\u00e9 Miranda (IU) y la secretar\u00eda Diana S\u00e1nchez (Ciudadanos). A trav\u00e9s de unas declaraciones distribuidas por el grupo","inLanguage":"es-ES","isPartOf":{"@id":"https:\/\/www.eldigitaldeasturias.com\/noticias\/#website"},"breadcrumb":{"@id":"https:\/\/www.eldigitaldeasturias.com\/noticias\/marcelino-marcos-nuevo-presidente-de-la-comision-del-sector-forestal\/#breadcrumblist"},"author":{"@id":"https:\/\/www.eldigitaldeasturias.com\/noticias\/author\/admin\/#author"},"creator":{"@id":"https:\/\/www.eldigitaldeasturias.com\/noticias\/author\/admin\/#author"},"image":{"@type":"ImageObject","url":"https:\/\/www.eldigitaldeasturias.com\/noticias\/wp-content\/uploads\/2015\/04\/arboles.jpg","@id":"https:\/\/www.eldigitaldeasturias.com\/noticias\/marcelino-marcos-nuevo-presidente-de-la-comision-del-sector-forestal\/#mainImage","width":655,"height":360,"caption":"arboles"},"primaryImageOfPage":{"@id":"https:\/\/www.eldigitaldeasturias.com\/noticias\/marcelino-marcos-nuevo-presidente-de-la-comision-del-sector-forestal\/#mainImage"},"datePublished":"2016-02-03T19:27:26+01:00","dateModified":"2016-02-03T19:27:26+01:00"},{"@type":"WebSite","@id":"https:\/\/www.eldigitaldeasturias.com\/noticias\/#website","url":"https:\/\/www.eldigitaldeasturias.com\/noticias\/","name":"El Digital de Asturias - Diario de actualidad y noticias","alternateName":"El Digital de Asturias - Diario de actualidad y noticias","description":"Hemeroteca","inLanguage":"es-ES","publisher":{"@id":"https:\/\/www.eldigitaldeasturias.com\/noticias\/#organization"}}]},"og:locale":"es_ES","og:site_name":"El Digital de Asturias","og:type":"article","og:title":"Marcelino Marcos nuevo presidente de la comisi\u00f3n del sector forestal - El Digital de Asturias","og:description":"El diputado del PSOE en la Junta General del Principado de Asturias Marcelino Marcos es el presidente de la nueva comisi\u00f3n parlamentario del sector forestal constituida este mi\u00e9rcoles en el parlamento asturiano. La vicepresidencia la ocupar\u00e1 Mar\u00eda Jos\u00e9 Miranda (IU) y la secretar\u00eda Diana S\u00e1nchez (Ciudadanos). A trav\u00e9s de unas declaraciones distribuidas por el grupo","og:url":"https:\/\/www.eldigitaldeasturias.com\/noticias\/marcelino-marcos-nuevo-presidente-de-la-comision-del-sector-forestal\/","og:image":"https:\/\/www.eldigitaldeasturias.com\/noticias\/wp-content\/uploads\/2015\/04\/arboles.jpg","og:image:secure_url":"https:\/\/www.eldigitaldeasturias.com\/noticias\/wp-content\/uploads\/2015\/04\/arboles.jpg","og:image:width":655,"og:image:height":360,"article:tag":["actualidad asturias"],"article:published_time":"2016-02-03T19:27:26+00:00","article:modified_time":"2016-02-03T19:27:26+00:00","article:publisher":"https:\/\/facebook.com\/eldigitaldeasturias","twitter:card":"summary_large_image","twitter:title":"Marcelino Marcos nuevo presidente de la comisi\u00f3n del sector forestal - El Digital de Asturias","twitter:description":"El diputado del PSOE en la Junta General del Principado de Asturias Marcelino Marcos es el presidente de la nueva comisi\u00f3n parlamentario del sector forestal constituida este mi\u00e9rcoles en el parlamento asturiano. La vicepresidencia la ocupar\u00e1 Mar\u00eda Jos\u00e9 Miranda (IU) y la secretar\u00eda Diana S\u00e1nchez (Ciudadanos). A trav\u00e9s de unas declaraciones distribuidas por el grupo","twitter:image":"https:\/\/www.eldigitaldeasturias.com\/noticias\/wp-content\/uploads\/2015\/04\/arboles.jpg","twitter:label1":"Escrito por","twitter:data1":"El Digital de Asturias","twitter:label2":"Tiempo de lectura estimado","twitter:data2":"1 minuto"},"aioseo_meta_data":{"post_id":"853532","title":null,"description":null,"keywords":null,"keyphrases":null,"primary_term":null,"canonical_url":null,"og_title":null,"og_description":null,"og_object_type":"default","og_image_type":"default","og_image_url":null,"og_image_width":null,"og_image_height":null,"og_image_custom_url":null,"og_image_custom_fields":null,"og_video":null,"og_custom_url":null,"og_article_section":null,"og_article_tags":null,"twitter_use_og":false,"twitter_card":"default","twitter_image_type":"default","twitter_image_url":null,"twitter_image_custom_url":null,"twitter_image_custom_fields":null,"twitter_title":null,"twitter_description":null,"schema":{"blockGraphs":[],"customGraphs":[],"default":{"data":{"Article":[],"Course":[],"Dataset":[],"FAQPage":[],"Movie":[],"Person":[],"Product":[],"ProductReview":[],"Car":[],"Recipe":[],"Service":[],"SoftwareApplication":[],"WebPage":[]},"graphName":"","isEnabled":true},"graphs":[],"defaultGraph":"","defaultPostTypeGraph":""},"schema_type":null,"schema_type_options":null,"pillar_content":false,"robots_default":true,"robots_noindex":false,"robots_noarchive":false,"robots_nosnippet":false,"robots_nofollow":false,"robots_noimageindex":false,"robots_noodp":false,"robots_notranslate":false,"robots_max_snippet":null,"robots_max_videopreview":null,"robots_max_imagepreview":"large","priority":null,"frequency":null,"local_seo":null,"seo_analyzer_scan_date":"2025-12-09 18:23:08","breadcrumb_settings":null,"limit_modified_date":false,"open_ai":null,"ai":null,"created":"2021-01-22 08:35:03","updated":"2025-12-09 18:23:08"},"aioseo_breadcrumb":"<div class=\"aioseo-breadcrumbs\"><span class=\"aioseo-breadcrumb\">\n\t<a href=\"https:\/\/www.eldigitaldeasturias.com\/noticias\" title=\"Home\">Home<\/a>\n<\/span><span class=\"aioseo-breadcrumb-separator\">\u2013<\/span><span class=\"aioseo-breadcrumb\">\n\t<a href=\"https:\/\/www.eldigitaldeasturias.com\/noticias\/category\/actualidad-asturias\/\" title=\"Actualidad Asturias\">Actualidad Asturias<\/a>\n<\/span><span class=\"aioseo-breadcrumb-separator\">\u2013<\/span><span class=\"aioseo-breadcrumb\">\n\t<a href=\"https:\/\/www.eldigitaldeasturias.com\/noticias\/marcelino-marcos-nuevo-presidente-de-la-comision-del-sector-forestal\/\" title=\"Marcelino Marcos nuevo presidente de la comisi\u00f3n del sector forestal\">Marcelino Marcos nuevo presidente de la comisi\u00f3n del sector forestal<\/a>\n<\/span><\/div>","aioseo_breadcrumb_json":[{"label":"Home","link":"https:\/\/www.eldigitaldeasturias.com\/noticias"},{"label":"Actualidad Asturias","link":"https:\/\/www.eldigitaldeasturias.com\/noticias\/category\/actualidad-asturias\/"},{"label":"Marcelino Marcos nuevo presidente de la comisi\u00f3n del sector forestal","link":"https:\/\/www.eldigitaldeasturias.com\/noticias\/marcelino-marcos-nuevo-presidente-de-la-comision-del-sector-forestal\/"}],"_links":{"self":[{"href":"https:\/\/www.eldigitaldeasturias.com\/noticias\/wp-json\/wp\/v2\/posts\/853532","targetHints":{"allow":["GET"]}}],"collection":[{"href":"https:\/\/www.eldigitaldeasturias.com\/noticias\/wp-json\/wp\/v2\/posts"}],"about":[{"href":"https:\/\/www.eldigitaldeasturias.com\/noticias\/wp-json\/wp\/v2\/types\/post"}],"author":[{"embeddable":true,"href":"https:\/\/www.eldigitaldeasturias.com\/noticias\/wp-json\/wp\/v2\/users\/1"}],"replies":[{"embeddable":true,"href":"https:\/\/www.eldigitaldeasturias.com\/noticias\/wp-json\/wp\/v2\/comments?post=853532"}],"version-history":[{"count":0,"href":"https:\/\/www.eldigitaldeasturias.com\/noticias\/wp-json\/wp\/v2\/posts\/853532\/revisions"}],"wp:featuredmedia":[{"embeddable":true,"href":"https:\/\/www.eldigitaldeasturias.com\/noticias\/wp-json\/wp\/v2\/media\/780295"}],"wp:attachment":[{"href":"https:\/\/www.eldigitaldeasturias.com\/noticias\/wp-json\/wp\/v2\/media?parent=853532"}],"wp:term":[{"taxonomy":"category","embeddable":true,"href":"https:\/\/www.eldigitaldeasturias.com\/noticias\/wp-json\/wp\/v2\/categories?post=853532"},{"taxonomy":"post_tag","embeddable":true,"href":"https:\/\/www.eldigitaldeasturias.com\/noticias\/wp-json\/wp\/v2\/tags?post=853532"}],"curies":[{"name":"wp","href":"https:\/\/api.w.org\/{rel}","templated":true}]}}