{"id":853530,"date":"2016-02-03T19:24:21","date_gmt":"2016-02-03T19:24:21","guid":{"rendered":"http:\/\/www.eldigitaldeasturias.com\/noticias\/?p=853530"},"modified":"2016-02-03T19:24:21","modified_gmt":"2016-02-03T19:24:21","slug":"iu-y-psoe-ven-necesario-un-cambio-de-gobierno-en-gijon","status":"publish","type":"post","link":"https:\/\/www.eldigitaldeasturias.com\/noticias\/iu-y-psoe-ven-necesario-un-cambio-de-gobierno-en-gijon\/","title":{"rendered":"IU y PSOE ven necesario un cambio de Gobierno en Gij\u00f3n"},"content":{"rendered":"<p><img loading=\"lazy\" decoding=\"async\" class=\"alignleft size-medium wp-image-797538\" src=\"https:\/\/www.eldigitaldeasturias.com\/noticias\/wp-content\/uploads\/2015\/07\/gij\u00f3n-360x270.jpg\" alt=\"gij\u00f3n\" width=\"360\" height=\"270\" srcset=\"https:\/\/www.eldigitaldeasturias.com\/noticias\/wp-content\/uploads\/2015\/07\/gij\u00f3n-360x270.jpg 360w, https:\/\/www.eldigitaldeasturias.com\/noticias\/wp-content\/uploads\/2015\/07\/gij\u00f3n-768x576.jpg 768w, https:\/\/www.eldigitaldeasturias.com\/noticias\/wp-content\/uploads\/2015\/07\/gij\u00f3n-650x488.jpg 650w, https:\/\/www.eldigitaldeasturias.com\/noticias\/wp-content\/uploads\/2015\/07\/gij\u00f3n-90x67.jpg 90w, https:\/\/www.eldigitaldeasturias.com\/noticias\/wp-content\/uploads\/2015\/07\/gij\u00f3n-100x75.jpg 100w, https:\/\/www.eldigitaldeasturias.com\/noticias\/wp-content\/uploads\/2015\/07\/gij\u00f3n.jpg 800w\" sizes=\"auto, (max-width: 360px) 100vw, 360px\" \/>El Grupo Municipal Socialista en el Ayuntamiento de Gij\u00f3n ha se\u00f1alado que la posibilidad de una moci\u00f3n de censura, para que la izquierda arrebate el Gobierno local a Foro, depende de Xix\u00f3n S\u00ed Puede (XSP), partido que dice no tener abierto ese debate, por el momento. Al tiempo, IU ha asegurado no estar dispuesto a dar el primero paso, pero s\u00ed estar\u00eda de acuerdo en un pacto de izquierdas.<\/p>\n<p>En este sentido, el portavoz de XSP, Mario Su\u00e1rez, ha indicado que ni en el Grupo Municipal ni en Podemos Xix\u00f3n se plantean en estos momentos una moci\u00f3n de censura, ya que no hay \u00abninguna\u00bb variaci\u00f3n en su posicionamiento desde el pasado 12 de junio, Pleno de Investidura en la que presentaron candidato como resultado de la consulta ciudadana organizada.<\/p>\n<p>Su\u00e1rez, en respuesta a los medios de comunicaci\u00f3n tras una rueda de prensa, ha indicado que son responsables con la decisi\u00f3n que tomaron en su d\u00eda de no llegar a un acuerdo con PSOE e IU, al tiempo que ha remarcado que intentan llevar adelante medidas importantes para Gij\u00f3n.<\/p>\n<p>Eso s\u00ed, ha matizado que con paso del tiempo, ir\u00e1n evaluando el grado y la forma de ejecuci\u00f3n de temas como el Plan de Choque, el Plan General de Ordenaci\u00f3n o el Plan de V\u00edas y, en funci\u00f3n de la situaci\u00f3n, se abrir\u00e1 un debate que ha recalcado no se est\u00e1 desarrollando en estos momentos. En este sentido, ha se\u00f1alado que no hay un plazo determinado.<\/p>\n<p>Y respecto a posibles pactos de investidura a nivel nacional, ha indicado que habr\u00e1 que ver qu\u00e9 va a pasar y cuando pase algo en Madrid, si pasa, se analizar\u00e1 si puede influir en Asturias y Gij\u00f3n. \u00abNo hay nada nuevo\u00bb, ha vuelto a indicar.<\/p>\n<p>Tampoco ha querido hablar de publicaciones salidas a la luz sobre los ofrecimientos del PSOE a Podemos en Gij\u00f3n para llegar a un pacto tras las elecciones locales, al se\u00f1alar que ellos no pueden entrar \u00aba propuestas extra\u00f1as, bajo cuerda, que vienen de lugares extra\u00f1os\u00bb. Seg\u00fan Su\u00e1rez, el proceso de negociaci\u00f3n seguido entre los tres partidos de la izquierda fue \u00abclaro, limpio y transparente\u00bb.<\/p>\n<p>EN FUNCI\u00d3N DE XSP<\/p>\n<p>Por parte del portavoz socialista, Jos\u00e9 Mar\u00eda P\u00e9rez, este ha recalcado que si en la ciudad gobierna Foro es porque Xix\u00f3n S\u00ed Puede no quiso llegar a un acuerdo con PSOE e IU, a lo que ha recalcado que a d\u00eda de hoy no se conoce que haya cambiado de opini\u00f3n. Es por ello, que ha visto dif\u00edcil una moci\u00f3n de censura si XSP no cambia su postura, ya que se precisan de un m\u00ednimo de 14 concejales firmen un documento en el que propongan un candidato (los tres partidos suman 15).<\/p>\n<p>P\u00e9rez, asimismo, ha indicado que el PSOE ya hab\u00eda advertido de que no iban a estar revisando \u00abcada semana\u00bb si XSP cambiaba de opini\u00f3n. Seg\u00fan \u00e9l, se da una situaci\u00f3n en la ciudad que no es la m\u00e1s optima, con un gobierno en minor\u00eda que se compromete a acuerdos pero no los desarrolla y lleva a par\u00e1lisis en la ciudad. Se ha mostrado convencido, unido a ello, de que ese incumplimiento de los acuerdos produce \u00abbastante malestar\u00bb a Xix\u00f3n S\u00ed Puede.<\/p>\n<p>Ha puntualizado, adem\u00e1s, que en el caso de posibles pactos a nivel nacional no se da el caso de una mayor\u00eda ideol\u00f3gica y Podemos rechaza por ello que en el acuerdo se incluya a Ciudadanos, mientras que en Gij\u00f3n si hay una mayor\u00eda de izquierdas y XSP no quiso formar Gobierno con PSOE e IU.<\/p>\n<p>NO DAR EL PASO PRIMERO<\/p>\n<p>En el caso de IU, su portavoz municipal, Aurelio Mart\u00edn, ha asegurado que sigue pensando lo mismo que en junio, es decir, que para que haya un cambio en Gij\u00f3n es necesario un programa fuerte de izquierda consensuado con la mayor\u00eda pol\u00edtica, pero tambi\u00e9n social.<\/p>\n<p>Eso s\u00ed, ha incidido en que, con dos concejales, actuar\u00e1n \u00abcon modestia\u00bb y no propondr\u00e1n la moci\u00f3n de censura, pero s\u00ed estar\u00edan de acuerdo y har\u00e1n \u00ablo posible\u00bb para que se den las condiciones para que haya otro Gobierno en la ciudad.<\/p>\n<p>\u00abNo ser\u00e9 yo el que d\u00e9 el paso\u00bb, ha reiterado. Tambi\u00e9n ha matizado que no pretende hacer ning\u00fan emplazamiento a ning\u00fan partido, ya que cada uno tiene sus ritmos, a lo que mostrar\u00e1 \u00ababsoluto respeto\u00bb por el posicionamiento de cada cual.<\/p>\n<p>Mart\u00edn, adem\u00e1s, se ha mostrado partidario de pasar de la cr\u00edtica a la soluci\u00f3n a los problemas de la ciudad, algo que pasa desde posiciones de la izquierda que responden, a su vez, a una mayor\u00eda social de izquierda en Gij\u00f3n.<\/p>\n<p>Preguntado por la influencia de un posible pacto a nivel estatal en el que estuviera PSOE, Podemos e IU, ha apuntado que lo deseable es \u00abvencer\u00bb el debate de los cargos y responsabilidades y que los partidos tengan una posici\u00f3n para todos los sitios. Sin embargo, ha remarcado que en cualquier debate nominal de cargos deber\u00eda estar al servicio de un programa de cambio.<\/p>\n<p>Mart\u00edn, vinculado a ello, que ha dicho no ser optimista del todo a un pacto entre PSOE y Podemos a nivel nacional, ha apuntado que, de haberlo, tendr\u00eda una coherencia con lo que ha planteado este \u00faltimo partido de la necesidad de desalojar a la derecha y hacer gobiernos de cambio.<\/p>\n<p>Por este motivo, ha insistido en que desde IU har\u00e1n lo posible para que se den las condiciones para que Gij\u00f3n est\u00e9 en la ola de cambio, \u00abque no viene de la mano de Foro\u00bb, ha remarcado. Es m\u00e1s, ha recordado que Foro fue en las pasadas elecciones generales en coalici\u00f3n con el PP y dijo que el mejor candidato para la investidura era el l\u00edder &#8216;popular&#8217;, Mariano Rajoy.<\/p>\n","protected":false},"excerpt":{"rendered":"<p>El Grupo Municipal Socialista en el Ayuntamiento de Gij\u00f3n ha se\u00f1alado que la posibilidad de una moci\u00f3n de censura, para que la izquierda arrebate el Gobierno local a Foro, depende de Xix\u00f3n S\u00ed Puede (XSP), partido que dice no tener abierto ese debate, por el momento. Al tiempo, IU ha asegurado no estar dispuesto a [&hellip;]<\/p>\n","protected":false},"author":1,"featured_media":797538,"comment_status":"closed","ping_status":"closed","sticky":false,"template":"","format":"standard","meta":{"footnotes":""},"categories":[12],"tags":[],"class_list":["post-853530","post","type-post","status-publish","format-standard","has-post-thumbnail","hentry","category-actualidad-asturias"],"aioseo_notices":[],"aioseo_head":"\n\t\t<!-- All in One SEO Pro 4.9.6.2 - aioseo.com -->\n\t<meta name=\"description\" content=\"El Grupo Municipal Socialista en el Ayuntamiento de Gij\u00f3n ha se\u00f1alado que la posibilidad de una moci\u00f3n de censura, para que la izquierda arrebate el Gobierno local a Foro, depende de Xix\u00f3n S\u00ed Puede (XSP), partido que dice no tener abierto ese debate, por el momento. Al tiempo, IU ha asegurado no estar dispuesto a\" \/>\n\t<meta name=\"robots\" content=\"max-image-preview:large\" \/>\n\t<meta name=\"author\" content=\"El Digital de Asturias\"\/>\n\t<meta name=\"google-site-verification\" content=\"UA-38556648-1\" \/>\n\t<meta name=\"msvalidate.01\" content=\"7dfe9f3f1b24437ab69f4f2559babe99\" \/>\n\t<meta name=\"keywords\" content=\"actualidad asturias\" \/>\n\t<link rel=\"canonical\" href=\"https:\/\/www.eldigitaldeasturias.com\/noticias\/iu-y-psoe-ven-necesario-un-cambio-de-gobierno-en-gijon\/\" \/>\n\t<meta name=\"generator\" content=\"All in One SEO Pro (AIOSEO) 4.9.6.2\" \/>\n\t\t<meta property=\"og:locale\" content=\"es_ES\" \/>\n\t\t<meta property=\"og:site_name\" content=\"El Digital de Asturias\" \/>\n\t\t<meta property=\"og:type\" content=\"article\" \/>\n\t\t<meta property=\"og:title\" content=\"IU y PSOE ven necesario un cambio de Gobierno en Gij\u00f3n - El Digital de Asturias\" \/>\n\t\t<meta property=\"og:description\" content=\"El Grupo Municipal Socialista en el Ayuntamiento de Gij\u00f3n ha se\u00f1alado que la posibilidad de una moci\u00f3n de censura, para que la izquierda arrebate el Gobierno local a Foro, depende de Xix\u00f3n S\u00ed Puede (XSP), partido que dice no tener abierto ese debate, por el momento. Al tiempo, IU ha asegurado no estar dispuesto a\" \/>\n\t\t<meta property=\"og:url\" content=\"https:\/\/www.eldigitaldeasturias.com\/noticias\/iu-y-psoe-ven-necesario-un-cambio-de-gobierno-en-gijon\/\" \/>\n\t\t<meta property=\"og:image\" content=\"https:\/\/www.eldigitaldeasturias.com\/noticias\/wp-content\/uploads\/2015\/07\/gij\u00f3n.jpg\" \/>\n\t\t<meta property=\"og:image:secure_url\" content=\"https:\/\/www.eldigitaldeasturias.com\/noticias\/wp-content\/uploads\/2015\/07\/gij\u00f3n.jpg\" \/>\n\t\t<meta property=\"og:image:width\" content=\"800\" \/>\n\t\t<meta property=\"og:image:height\" content=\"600\" \/>\n\t\t<meta property=\"article:tag\" content=\"actualidad asturias\" \/>\n\t\t<meta property=\"article:published_time\" content=\"2016-02-03T19:24:21+00:00\" \/>\n\t\t<meta property=\"article:modified_time\" content=\"2016-02-03T19:24:21+00:00\" \/>\n\t\t<meta property=\"article:publisher\" content=\"https:\/\/facebook.com\/eldigitaldeasturias\" \/>\n\t\t<meta name=\"twitter:card\" content=\"summary_large_image\" \/>\n\t\t<meta name=\"twitter:title\" content=\"IU y PSOE ven necesario un cambio de Gobierno en Gij\u00f3n - El Digital de Asturias\" \/>\n\t\t<meta name=\"twitter:description\" content=\"El Grupo Municipal Socialista en el Ayuntamiento de Gij\u00f3n ha se\u00f1alado que la posibilidad de una moci\u00f3n de censura, para que la izquierda arrebate el Gobierno local a Foro, depende de Xix\u00f3n S\u00ed Puede (XSP), partido que dice no tener abierto ese debate, por el momento. Al tiempo, IU ha asegurado no estar dispuesto a\" \/>\n\t\t<meta name=\"twitter:image\" content=\"https:\/\/www.eldigitaldeasturias.com\/noticias\/wp-content\/uploads\/2015\/07\/gij\u00f3n.jpg\" \/>\n\t\t<meta name=\"twitter:label1\" content=\"Escrito por\" \/>\n\t\t<meta name=\"twitter:data1\" content=\"El Digital de Asturias\" \/>\n\t\t<meta name=\"twitter:label2\" content=\"Tiempo de lectura estimado\" \/>\n\t\t<meta name=\"twitter:data2\" content=\"5 minutos\" \/>\n\t\t<script type=\"application\/ld+json\" class=\"aioseo-schema\">\n\t\t\t{\"@context\":\"https:\\\/\\\/schema.org\",\"@graph\":[{\"@type\":\"BlogPosting\",\"@id\":\"https:\\\/\\\/www.eldigitaldeasturias.com\\\/noticias\\\/iu-y-psoe-ven-necesario-un-cambio-de-gobierno-en-gijon\\\/#blogposting\",\"name\":\"IU y PSOE ven necesario un cambio de Gobierno en Gij\\u00f3n - El Digital de Asturias\",\"headline\":\"IU y PSOE ven necesario un cambio de Gobierno en Gij\\u00f3n\",\"author\":{\"@id\":\"https:\\\/\\\/www.eldigitaldeasturias.com\\\/noticias\\\/author\\\/admin\\\/#author\"},\"publisher\":{\"@id\":\"https:\\\/\\\/www.eldigitaldeasturias.com\\\/noticias\\\/#organization\"},\"image\":{\"@type\":\"ImageObject\",\"url\":\"https:\\\/\\\/www.eldigitaldeasturias.com\\\/noticias\\\/wp-content\\\/uploads\\\/2015\\\/07\\\/gij\\u00f3n.jpg\",\"width\":800,\"height\":600},\"datePublished\":\"2016-02-03T19:24:21+01:00\",\"dateModified\":\"2016-02-03T19:24:21+01:00\",\"inLanguage\":\"es-ES\",\"mainEntityOfPage\":{\"@id\":\"https:\\\/\\\/www.eldigitaldeasturias.com\\\/noticias\\\/iu-y-psoe-ven-necesario-un-cambio-de-gobierno-en-gijon\\\/#webpage\"},\"isPartOf\":{\"@id\":\"https:\\\/\\\/www.eldigitaldeasturias.com\\\/noticias\\\/iu-y-psoe-ven-necesario-un-cambio-de-gobierno-en-gijon\\\/#webpage\"},\"articleSection\":\"Actualidad Asturias\"},{\"@type\":\"BreadcrumbList\",\"@id\":\"https:\\\/\\\/www.eldigitaldeasturias.com\\\/noticias\\\/iu-y-psoe-ven-necesario-un-cambio-de-gobierno-en-gijon\\\/#breadcrumblist\",\"itemListElement\":[{\"@type\":\"ListItem\",\"@id\":\"https:\\\/\\\/www.eldigitaldeasturias.com\\\/noticias#listItem\",\"position\":1,\"name\":\"Home\",\"item\":\"https:\\\/\\\/www.eldigitaldeasturias.com\\\/noticias\",\"nextItem\":{\"@type\":\"ListItem\",\"@id\":\"https:\\\/\\\/www.eldigitaldeasturias.com\\\/noticias\\\/category\\\/actualidad-asturias\\\/#listItem\",\"name\":\"Actualidad Asturias\"}},{\"@type\":\"ListItem\",\"@id\":\"https:\\\/\\\/www.eldigitaldeasturias.com\\\/noticias\\\/category\\\/actualidad-asturias\\\/#listItem\",\"position\":2,\"name\":\"Actualidad Asturias\",\"item\":\"https:\\\/\\\/www.eldigitaldeasturias.com\\\/noticias\\\/category\\\/actualidad-asturias\\\/\",\"nextItem\":{\"@type\":\"ListItem\",\"@id\":\"https:\\\/\\\/www.eldigitaldeasturias.com\\\/noticias\\\/iu-y-psoe-ven-necesario-un-cambio-de-gobierno-en-gijon\\\/#listItem\",\"name\":\"IU y PSOE ven necesario un cambio de Gobierno en Gij\\u00f3n\"},\"previousItem\":{\"@type\":\"ListItem\",\"@id\":\"https:\\\/\\\/www.eldigitaldeasturias.com\\\/noticias#listItem\",\"name\":\"Home\"}},{\"@type\":\"ListItem\",\"@id\":\"https:\\\/\\\/www.eldigitaldeasturias.com\\\/noticias\\\/iu-y-psoe-ven-necesario-un-cambio-de-gobierno-en-gijon\\\/#listItem\",\"position\":3,\"name\":\"IU y PSOE ven necesario un cambio de Gobierno en Gij\\u00f3n\",\"previousItem\":{\"@type\":\"ListItem\",\"@id\":\"https:\\\/\\\/www.eldigitaldeasturias.com\\\/noticias\\\/category\\\/actualidad-asturias\\\/#listItem\",\"name\":\"Actualidad Asturias\"}}]},{\"@type\":\"Organization\",\"@id\":\"https:\\\/\\\/www.eldigitaldeasturias.com\\\/noticias\\\/#organization\",\"name\":\"El Digital de Asturias\",\"description\":\"Hemeroteca\",\"url\":\"https:\\\/\\\/www.eldigitaldeasturias.com\\\/noticias\\\/\",\"email\":\"info@eldigitaldeasturias.com\",\"telephone\":\"+34652131393\",\"logo\":{\"@type\":\"ImageObject\",\"url\":\"https:\\\/\\\/www.eldigitaldeasturias.com\\\/noticias\\\/wp-content\\\/uploads\\\/2020\\\/12\\\/EDA.jpg\",\"@id\":\"https:\\\/\\\/www.eldigitaldeasturias.com\\\/noticias\\\/iu-y-psoe-ven-necesario-un-cambio-de-gobierno-en-gijon\\\/#organizationLogo\",\"width\":649,\"height\":297},\"image\":{\"@id\":\"https:\\\/\\\/www.eldigitaldeasturias.com\\\/noticias\\\/iu-y-psoe-ven-necesario-un-cambio-de-gobierno-en-gijon\\\/#organizationLogo\"},\"sameAs\":[\"https:\\\/\\\/facebook.com\\\/eldigitaldeasturias\",\"https:\\\/\\\/www.youtube.com\\\/channel\\\/UCZP-2wLEB9Rv6erhFmqVnvg\"],\"address\":{\"@id\":\"https:\\\/\\\/www.eldigitaldeasturias.com\\\/noticias\\\/#postaladdress\",\"@type\":\"PostalAddress\",\"streetAddress\":\"san antonio 4,\",\"postalCode\":\"33430\",\"addressLocality\":\"Cand\\u00e1s\",\"addressRegion\":\"Asturias\",\"addressCountry\":\"ES\"}},{\"@type\":\"Person\",\"@id\":\"https:\\\/\\\/www.eldigitaldeasturias.com\\\/noticias\\\/author\\\/admin\\\/#author\",\"url\":\"https:\\\/\\\/www.eldigitaldeasturias.com\\\/noticias\\\/author\\\/admin\\\/\",\"name\":\"El Digital de Asturias\",\"image\":{\"@type\":\"ImageObject\",\"@id\":\"https:\\\/\\\/www.eldigitaldeasturias.com\\\/noticias\\\/iu-y-psoe-ven-necesario-un-cambio-de-gobierno-en-gijon\\\/#authorImage\",\"url\":\"https:\\\/\\\/www.eldigitaldeasturias.com\\\/noticias\\\/wp-content\\\/litespeed\\\/avatar\\\/18677e78aa0546b92d9dbf31ec7d7668.jpg?ver=1777290358\",\"width\":96,\"height\":96,\"caption\":\"El Digital de Asturias\"}},{\"@type\":\"WebPage\",\"@id\":\"https:\\\/\\\/www.eldigitaldeasturias.com\\\/noticias\\\/iu-y-psoe-ven-necesario-un-cambio-de-gobierno-en-gijon\\\/#webpage\",\"url\":\"https:\\\/\\\/www.eldigitaldeasturias.com\\\/noticias\\\/iu-y-psoe-ven-necesario-un-cambio-de-gobierno-en-gijon\\\/\",\"name\":\"IU y PSOE ven necesario un cambio de Gobierno en Gij\\u00f3n - El Digital de Asturias\",\"description\":\"El Grupo Municipal Socialista en el Ayuntamiento de Gij\\u00f3n ha se\\u00f1alado que la posibilidad de una moci\\u00f3n de censura, para que la izquierda arrebate el Gobierno local a Foro, depende de Xix\\u00f3n S\\u00ed Puede (XSP), partido que dice no tener abierto ese debate, por el momento. Al tiempo, IU ha asegurado no estar dispuesto a\",\"inLanguage\":\"es-ES\",\"isPartOf\":{\"@id\":\"https:\\\/\\\/www.eldigitaldeasturias.com\\\/noticias\\\/#website\"},\"breadcrumb\":{\"@id\":\"https:\\\/\\\/www.eldigitaldeasturias.com\\\/noticias\\\/iu-y-psoe-ven-necesario-un-cambio-de-gobierno-en-gijon\\\/#breadcrumblist\"},\"author\":{\"@id\":\"https:\\\/\\\/www.eldigitaldeasturias.com\\\/noticias\\\/author\\\/admin\\\/#author\"},\"creator\":{\"@id\":\"https:\\\/\\\/www.eldigitaldeasturias.com\\\/noticias\\\/author\\\/admin\\\/#author\"},\"image\":{\"@type\":\"ImageObject\",\"url\":\"https:\\\/\\\/www.eldigitaldeasturias.com\\\/noticias\\\/wp-content\\\/uploads\\\/2015\\\/07\\\/gij\\u00f3n.jpg\",\"@id\":\"https:\\\/\\\/www.eldigitaldeasturias.com\\\/noticias\\\/iu-y-psoe-ven-necesario-un-cambio-de-gobierno-en-gijon\\\/#mainImage\",\"width\":800,\"height\":600},\"primaryImageOfPage\":{\"@id\":\"https:\\\/\\\/www.eldigitaldeasturias.com\\\/noticias\\\/iu-y-psoe-ven-necesario-un-cambio-de-gobierno-en-gijon\\\/#mainImage\"},\"datePublished\":\"2016-02-03T19:24:21+01:00\",\"dateModified\":\"2016-02-03T19:24:21+01:00\"},{\"@type\":\"WebSite\",\"@id\":\"https:\\\/\\\/www.eldigitaldeasturias.com\\\/noticias\\\/#website\",\"url\":\"https:\\\/\\\/www.eldigitaldeasturias.com\\\/noticias\\\/\",\"name\":\"El Digital de Asturias - Diario de actualidad y noticias\",\"alternateName\":\"El Digital de Asturias - Diario de actualidad y noticias\",\"description\":\"Hemeroteca\",\"inLanguage\":\"es-ES\",\"publisher\":{\"@id\":\"https:\\\/\\\/www.eldigitaldeasturias.com\\\/noticias\\\/#organization\"}}]}\n\t\t<\/script>\n\t\t<!-- All in One SEO Pro -->\r\n\t\t<title>IU y PSOE ven necesario un cambio de Gobierno en Gij\u00f3n - El Digital de Asturias<\/title>\n\n","aioseo_head_json":{"title":"IU y PSOE ven necesario un cambio de Gobierno en Gij\u00f3n - El Digital de Asturias","description":"El Grupo Municipal Socialista en el Ayuntamiento de Gij\u00f3n ha se\u00f1alado que la posibilidad de una moci\u00f3n de censura, para que la izquierda arrebate el Gobierno local a Foro, depende de Xix\u00f3n S\u00ed Puede (XSP), partido que dice no tener abierto ese debate, por el momento. Al tiempo, IU ha asegurado no estar dispuesto a","canonical_url":"https:\/\/www.eldigitaldeasturias.com\/noticias\/iu-y-psoe-ven-necesario-un-cambio-de-gobierno-en-gijon\/","robots":"max-image-preview:large","keywords":"actualidad asturias","webmasterTools":{"google-site-verification":"UA-38556648-1","msvalidate.01":"7dfe9f3f1b24437ab69f4f2559babe99","miscellaneous":""},"schema":{"@context":"https:\/\/schema.org","@graph":[{"@type":"BlogPosting","@id":"https:\/\/www.eldigitaldeasturias.com\/noticias\/iu-y-psoe-ven-necesario-un-cambio-de-gobierno-en-gijon\/#blogposting","name":"IU y PSOE ven necesario un cambio de Gobierno en Gij\u00f3n - El Digital de Asturias","headline":"IU y PSOE ven necesario un cambio de Gobierno en Gij\u00f3n","author":{"@id":"https:\/\/www.eldigitaldeasturias.com\/noticias\/author\/admin\/#author"},"publisher":{"@id":"https:\/\/www.eldigitaldeasturias.com\/noticias\/#organization"},"image":{"@type":"ImageObject","url":"https:\/\/www.eldigitaldeasturias.com\/noticias\/wp-content\/uploads\/2015\/07\/gij\u00f3n.jpg","width":800,"height":600},"datePublished":"2016-02-03T19:24:21+01:00","dateModified":"2016-02-03T19:24:21+01:00","inLanguage":"es-ES","mainEntityOfPage":{"@id":"https:\/\/www.eldigitaldeasturias.com\/noticias\/iu-y-psoe-ven-necesario-un-cambio-de-gobierno-en-gijon\/#webpage"},"isPartOf":{"@id":"https:\/\/www.eldigitaldeasturias.com\/noticias\/iu-y-psoe-ven-necesario-un-cambio-de-gobierno-en-gijon\/#webpage"},"articleSection":"Actualidad Asturias"},{"@type":"BreadcrumbList","@id":"https:\/\/www.eldigitaldeasturias.com\/noticias\/iu-y-psoe-ven-necesario-un-cambio-de-gobierno-en-gijon\/#breadcrumblist","itemListElement":[{"@type":"ListItem","@id":"https:\/\/www.eldigitaldeasturias.com\/noticias#listItem","position":1,"name":"Home","item":"https:\/\/www.eldigitaldeasturias.com\/noticias","nextItem":{"@type":"ListItem","@id":"https:\/\/www.eldigitaldeasturias.com\/noticias\/category\/actualidad-asturias\/#listItem","name":"Actualidad Asturias"}},{"@type":"ListItem","@id":"https:\/\/www.eldigitaldeasturias.com\/noticias\/category\/actualidad-asturias\/#listItem","position":2,"name":"Actualidad Asturias","item":"https:\/\/www.eldigitaldeasturias.com\/noticias\/category\/actualidad-asturias\/","nextItem":{"@type":"ListItem","@id":"https:\/\/www.eldigitaldeasturias.com\/noticias\/iu-y-psoe-ven-necesario-un-cambio-de-gobierno-en-gijon\/#listItem","name":"IU y PSOE ven necesario un cambio de Gobierno en Gij\u00f3n"},"previousItem":{"@type":"ListItem","@id":"https:\/\/www.eldigitaldeasturias.com\/noticias#listItem","name":"Home"}},{"@type":"ListItem","@id":"https:\/\/www.eldigitaldeasturias.com\/noticias\/iu-y-psoe-ven-necesario-un-cambio-de-gobierno-en-gijon\/#listItem","position":3,"name":"IU y PSOE ven necesario un cambio de Gobierno en Gij\u00f3n","previousItem":{"@type":"ListItem","@id":"https:\/\/www.eldigitaldeasturias.com\/noticias\/category\/actualidad-asturias\/#listItem","name":"Actualidad Asturias"}}]},{"@type":"Organization","@id":"https:\/\/www.eldigitaldeasturias.com\/noticias\/#organization","name":"El Digital de Asturias","description":"Hemeroteca","url":"https:\/\/www.eldigitaldeasturias.com\/noticias\/","email":"info@eldigitaldeasturias.com","telephone":"+34652131393","logo":{"@type":"ImageObject","url":"https:\/\/www.eldigitaldeasturias.com\/noticias\/wp-content\/uploads\/2020\/12\/EDA.jpg","@id":"https:\/\/www.eldigitaldeasturias.com\/noticias\/iu-y-psoe-ven-necesario-un-cambio-de-gobierno-en-gijon\/#organizationLogo","width":649,"height":297},"image":{"@id":"https:\/\/www.eldigitaldeasturias.com\/noticias\/iu-y-psoe-ven-necesario-un-cambio-de-gobierno-en-gijon\/#organizationLogo"},"sameAs":["https:\/\/facebook.com\/eldigitaldeasturias","https:\/\/www.youtube.com\/channel\/UCZP-2wLEB9Rv6erhFmqVnvg"],"address":{"@id":"https:\/\/www.eldigitaldeasturias.com\/noticias\/#postaladdress","@type":"PostalAddress","streetAddress":"san antonio 4,","postalCode":"33430","addressLocality":"Cand\u00e1s","addressRegion":"Asturias","addressCountry":"ES"}},{"@type":"Person","@id":"https:\/\/www.eldigitaldeasturias.com\/noticias\/author\/admin\/#author","url":"https:\/\/www.eldigitaldeasturias.com\/noticias\/author\/admin\/","name":"El Digital de Asturias","image":{"@type":"ImageObject","@id":"https:\/\/www.eldigitaldeasturias.com\/noticias\/iu-y-psoe-ven-necesario-un-cambio-de-gobierno-en-gijon\/#authorImage","url":"https:\/\/www.eldigitaldeasturias.com\/noticias\/wp-content\/litespeed\/avatar\/18677e78aa0546b92d9dbf31ec7d7668.jpg?ver=1777290358","width":96,"height":96,"caption":"El Digital de Asturias"}},{"@type":"WebPage","@id":"https:\/\/www.eldigitaldeasturias.com\/noticias\/iu-y-psoe-ven-necesario-un-cambio-de-gobierno-en-gijon\/#webpage","url":"https:\/\/www.eldigitaldeasturias.com\/noticias\/iu-y-psoe-ven-necesario-un-cambio-de-gobierno-en-gijon\/","name":"IU y PSOE ven necesario un cambio de Gobierno en Gij\u00f3n - El Digital de Asturias","description":"El Grupo Municipal Socialista en el Ayuntamiento de Gij\u00f3n ha se\u00f1alado que la posibilidad de una moci\u00f3n de censura, para que la izquierda arrebate el Gobierno local a Foro, depende de Xix\u00f3n S\u00ed Puede (XSP), partido que dice no tener abierto ese debate, por el momento. Al tiempo, IU ha asegurado no estar dispuesto a","inLanguage":"es-ES","isPartOf":{"@id":"https:\/\/www.eldigitaldeasturias.com\/noticias\/#website"},"breadcrumb":{"@id":"https:\/\/www.eldigitaldeasturias.com\/noticias\/iu-y-psoe-ven-necesario-un-cambio-de-gobierno-en-gijon\/#breadcrumblist"},"author":{"@id":"https:\/\/www.eldigitaldeasturias.com\/noticias\/author\/admin\/#author"},"creator":{"@id":"https:\/\/www.eldigitaldeasturias.com\/noticias\/author\/admin\/#author"},"image":{"@type":"ImageObject","url":"https:\/\/www.eldigitaldeasturias.com\/noticias\/wp-content\/uploads\/2015\/07\/gij\u00f3n.jpg","@id":"https:\/\/www.eldigitaldeasturias.com\/noticias\/iu-y-psoe-ven-necesario-un-cambio-de-gobierno-en-gijon\/#mainImage","width":800,"height":600},"primaryImageOfPage":{"@id":"https:\/\/www.eldigitaldeasturias.com\/noticias\/iu-y-psoe-ven-necesario-un-cambio-de-gobierno-en-gijon\/#mainImage"},"datePublished":"2016-02-03T19:24:21+01:00","dateModified":"2016-02-03T19:24:21+01:00"},{"@type":"WebSite","@id":"https:\/\/www.eldigitaldeasturias.com\/noticias\/#website","url":"https:\/\/www.eldigitaldeasturias.com\/noticias\/","name":"El Digital de Asturias - Diario de actualidad y noticias","alternateName":"El Digital de Asturias - Diario de actualidad y noticias","description":"Hemeroteca","inLanguage":"es-ES","publisher":{"@id":"https:\/\/www.eldigitaldeasturias.com\/noticias\/#organization"}}]},"og:locale":"es_ES","og:site_name":"El Digital de Asturias","og:type":"article","og:title":"IU y PSOE ven necesario un cambio de Gobierno en Gij\u00f3n - El Digital de Asturias","og:description":"El Grupo Municipal Socialista en el Ayuntamiento de Gij\u00f3n ha se\u00f1alado que la posibilidad de una moci\u00f3n de censura, para que la izquierda arrebate el Gobierno local a Foro, depende de Xix\u00f3n S\u00ed Puede (XSP), partido que dice no tener abierto ese debate, por el momento. Al tiempo, IU ha asegurado no estar dispuesto a","og:url":"https:\/\/www.eldigitaldeasturias.com\/noticias\/iu-y-psoe-ven-necesario-un-cambio-de-gobierno-en-gijon\/","og:image":"https:\/\/www.eldigitaldeasturias.com\/noticias\/wp-content\/uploads\/2015\/07\/gij\u00f3n.jpg","og:image:secure_url":"https:\/\/www.eldigitaldeasturias.com\/noticias\/wp-content\/uploads\/2015\/07\/gij\u00f3n.jpg","og:image:width":800,"og:image:height":600,"article:tag":["actualidad asturias"],"article:published_time":"2016-02-03T19:24:21+00:00","article:modified_time":"2016-02-03T19:24:21+00:00","article:publisher":"https:\/\/facebook.com\/eldigitaldeasturias","twitter:card":"summary_large_image","twitter:title":"IU y PSOE ven necesario un cambio de Gobierno en Gij\u00f3n - El Digital de Asturias","twitter:description":"El Grupo Municipal Socialista en el Ayuntamiento de Gij\u00f3n ha se\u00f1alado que la posibilidad de una moci\u00f3n de censura, para que la izquierda arrebate el Gobierno local a Foro, depende de Xix\u00f3n S\u00ed Puede (XSP), partido que dice no tener abierto ese debate, por el momento. Al tiempo, IU ha asegurado no estar dispuesto a","twitter:image":"https:\/\/www.eldigitaldeasturias.com\/noticias\/wp-content\/uploads\/2015\/07\/gij\u00f3n.jpg","twitter:label1":"Escrito por","twitter:data1":"El Digital de Asturias","twitter:label2":"Tiempo de lectura estimado","twitter:data2":"5 minutos"},"aioseo_meta_data":{"post_id":"853530","title":null,"description":null,"keywords":null,"keyphrases":null,"primary_term":null,"canonical_url":null,"og_title":null,"og_description":null,"og_object_type":"default","og_image_type":"default","og_image_url":null,"og_image_width":null,"og_image_height":null,"og_image_custom_url":null,"og_image_custom_fields":null,"og_video":null,"og_custom_url":null,"og_article_section":null,"og_article_tags":null,"twitter_use_og":false,"twitter_card":"default","twitter_image_type":"default","twitter_image_url":null,"twitter_image_custom_url":null,"twitter_image_custom_fields":null,"twitter_title":null,"twitter_description":null,"schema":{"blockGraphs":[],"customGraphs":[],"default":{"data":{"Article":[],"Course":[],"Dataset":[],"FAQPage":[],"Movie":[],"Person":[],"Product":[],"ProductReview":[],"Car":[],"Recipe":[],"Service":[],"SoftwareApplication":[],"WebPage":[]},"graphName":"","isEnabled":true},"graphs":[],"defaultGraph":"","defaultPostTypeGraph":""},"schema_type":null,"schema_type_options":null,"pillar_content":false,"robots_default":true,"robots_noindex":false,"robots_noarchive":false,"robots_nosnippet":false,"robots_nofollow":false,"robots_noimageindex":false,"robots_noodp":false,"robots_notranslate":false,"robots_max_snippet":null,"robots_max_videopreview":null,"robots_max_imagepreview":"large","priority":null,"frequency":null,"local_seo":null,"seo_analyzer_scan_date":"2025-12-09 18:23:07","breadcrumb_settings":null,"limit_modified_date":false,"open_ai":null,"ai":null,"created":"2021-01-22 07:39:41","updated":"2025-12-09 18:23:07"},"aioseo_breadcrumb":"<div class=\"aioseo-breadcrumbs\"><span class=\"aioseo-breadcrumb\">\n\t<a href=\"https:\/\/www.eldigitaldeasturias.com\/noticias\" title=\"Home\">Home<\/a>\n<\/span><span class=\"aioseo-breadcrumb-separator\">\u2013<\/span><span class=\"aioseo-breadcrumb\">\n\t<a href=\"https:\/\/www.eldigitaldeasturias.com\/noticias\/category\/actualidad-asturias\/\" title=\"Actualidad Asturias\">Actualidad Asturias<\/a>\n<\/span><span class=\"aioseo-breadcrumb-separator\">\u2013<\/span><span class=\"aioseo-breadcrumb\">\n\t<a href=\"https:\/\/www.eldigitaldeasturias.com\/noticias\/iu-y-psoe-ven-necesario-un-cambio-de-gobierno-en-gijon\/\" title=\"IU y PSOE ven necesario un cambio de Gobierno en Gij\u00f3n\">IU y PSOE ven necesario un cambio de Gobierno en Gij\u00f3n<\/a>\n<\/span><\/div>","aioseo_breadcrumb_json":[{"label":"Home","link":"https:\/\/www.eldigitaldeasturias.com\/noticias"},{"label":"Actualidad Asturias","link":"https:\/\/www.eldigitaldeasturias.com\/noticias\/category\/actualidad-asturias\/"},{"label":"IU y PSOE ven necesario un cambio de Gobierno en Gij\u00f3n","link":"https:\/\/www.eldigitaldeasturias.com\/noticias\/iu-y-psoe-ven-necesario-un-cambio-de-gobierno-en-gijon\/"}],"_links":{"self":[{"href":"https:\/\/www.eldigitaldeasturias.com\/noticias\/wp-json\/wp\/v2\/posts\/853530","targetHints":{"allow":["GET"]}}],"collection":[{"href":"https:\/\/www.eldigitaldeasturias.com\/noticias\/wp-json\/wp\/v2\/posts"}],"about":[{"href":"https:\/\/www.eldigitaldeasturias.com\/noticias\/wp-json\/wp\/v2\/types\/post"}],"author":[{"embeddable":true,"href":"https:\/\/www.eldigitaldeasturias.com\/noticias\/wp-json\/wp\/v2\/users\/1"}],"replies":[{"embeddable":true,"href":"https:\/\/www.eldigitaldeasturias.com\/noticias\/wp-json\/wp\/v2\/comments?post=853530"}],"version-history":[{"count":0,"href":"https:\/\/www.eldigitaldeasturias.com\/noticias\/wp-json\/wp\/v2\/posts\/853530\/revisions"}],"wp:featuredmedia":[{"embeddable":true,"href":"https:\/\/www.eldigitaldeasturias.com\/noticias\/wp-json\/wp\/v2\/media\/797538"}],"wp:attachment":[{"href":"https:\/\/www.eldigitaldeasturias.com\/noticias\/wp-json\/wp\/v2\/media?parent=853530"}],"wp:term":[{"taxonomy":"category","embeddable":true,"href":"https:\/\/www.eldigitaldeasturias.com\/noticias\/wp-json\/wp\/v2\/categories?post=853530"},{"taxonomy":"post_tag","embeddable":true,"href":"https:\/\/www.eldigitaldeasturias.com\/noticias\/wp-json\/wp\/v2\/tags?post=853530"}],"curies":[{"name":"wp","href":"https:\/\/api.w.org\/{rel}","templated":true}]}}