{"id":853527,"date":"2016-02-03T19:20:25","date_gmt":"2016-02-03T19:20:25","guid":{"rendered":"http:\/\/www.eldigitaldeasturias.com\/noticias\/?p=853527"},"modified":"2016-02-03T19:20:25","modified_gmt":"2016-02-03T19:20:25","slug":"la-editorial-trabe-ha-recuperado-tantu-escaezu-de-ricardo-candas","status":"publish","type":"post","link":"https:\/\/www.eldigitaldeasturias.com\/noticias\/la-editorial-trabe-ha-recuperado-tantu-escaezu-de-ricardo-candas\/","title":{"rendered":"La editorial Trabe ha recuperado \u00abTantu escaezu\u00bb de Ricardo Cand\u00e1s"},"content":{"rendered":"<p><img loading=\"lazy\" decoding=\"async\" class=\"alignleft size-medium wp-image-853528\" src=\"https:\/\/www.eldigitaldeasturias.com\/noticias\/wp-content\/uploads\/2016\/02\/fotonoticia_20160203135515_800-360x270.jpg\" alt=\"fotonoticia_20160203135515_800\" width=\"360\" height=\"270\" srcset=\"https:\/\/www.eldigitaldeasturias.com\/noticias\/wp-content\/uploads\/2016\/02\/fotonoticia_20160203135515_800-360x270.jpg 360w, https:\/\/www.eldigitaldeasturias.com\/noticias\/wp-content\/uploads\/2016\/02\/fotonoticia_20160203135515_800-768x577.jpg 768w, https:\/\/www.eldigitaldeasturias.com\/noticias\/wp-content\/uploads\/2016\/02\/fotonoticia_20160203135515_800-650x488.jpg 650w, https:\/\/www.eldigitaldeasturias.com\/noticias\/wp-content\/uploads\/2016\/02\/fotonoticia_20160203135515_800-125x95.jpg 125w, https:\/\/www.eldigitaldeasturias.com\/noticias\/wp-content\/uploads\/2016\/02\/fotonoticia_20160203135515_800-100x75.jpg 100w, https:\/\/www.eldigitaldeasturias.com\/noticias\/wp-content\/uploads\/2016\/02\/fotonoticia_20160203135515_800.jpg 800w\" sizes=\"auto, (max-width: 360px) 100vw, 360px\" \/>La editorial Trabe ha recuperado el poemario &#8216;Tantu escaezu&#8217;, de Ricardo Cand\u00e1s, escrito hace algunos a\u00f1os y recientemente publicado, en el que el autor gijon\u00e9s, en su habitual poes\u00eda nost\u00e1lgica, reflexiona sobre c\u00f3mo son las experiencias negativas las que marcan los recuerdos de la memoria con el paso del tiempo.<\/p>\n<p>Si bien el libro sali\u00f3 a la venta en diciembre, al autor le gusta matizar que no un es su \u00faltimo poemario desde el punto de vista cronol\u00f3gico, sino que ya lleva tiempo escrito. Concretamente, lo compuso entre &#8216;Nos d\u00edes pensatibles&#8217; (2011), con el que gan\u00f3 el premio Llorienzu Novo Mier, y el &#8216;Naufraxos&#8217; (2013), con el que consigui\u00f3 el Nen\u00e9 Losada Rico.<\/p>\n<p>Se compone de una treintena de poemas en los que mantiene su l\u00ednea po\u00e9tica pesimista y \u00aba veces un poco dif\u00edcil de entender\u00bb, reconoce el propio autor. Reflexiona sobre el paso del tiempo y \u00abc\u00f3mo las experiencias m\u00e1s nost\u00e1lgicas van apuntalando ese pasado, que va quedando recogido, y los momentos m\u00e1s negativos van ahondando en la memoria\u00bb, comenta.<\/p>\n<p>Insiste en que es una obra \u00abmuy nost\u00e1lgica, un libro de experiencias negativas\u00bb, y sobre c\u00f3mo a partir de ellas, \u00abhay que seguir adelante, porque desde las visiones del pasado vamos construyendo el futuro\u00bb, reflexiona. Los poemas son de verso libre, porque como explica Cand\u00e1s en no le gusta estructurar la poes\u00eda de forma sistem\u00e1tica. Jos\u00e9 Caballero Bonald y Jos\u00e9 \u00c1ngel Valente siguen siendo sus principales fuentes de inspiraci\u00f3n po\u00e9tica.<\/p>\n<p>Ricardo Cand\u00e1s (Gij\u00f3n, 1977) es licenciado en Filosof\u00eda por la Universidad de Oviedo y en su curr\u00edculo como escritor destaca como ganador de algunos de los premios m\u00e1s prestigiosos del panorama po\u00e9tico asturiano, como el &#8216;Fern\u00e1n Coronas&#8217;, con el poemario &#8216;Quici\u00e1s&#8217;, y el Xuan Mar\u00eda Acebal, con &#8216;Superficie del silencio&#8217;, adem\u00e1s de los ya mencionados Llorienzu Novo Mier y Nen\u00e9 Losada Requiero. Como narrador se estren\u00f3 con el volumen de cuentos &#8216;Les \u00faltimes palabres&#8217; (2010).<\/p>\n","protected":false},"excerpt":{"rendered":"<p>La editorial Trabe ha recuperado el poemario &#8216;Tantu escaezu&#8217;, de Ricardo Cand\u00e1s, escrito hace algunos a\u00f1os y recientemente publicado, en el que el autor gijon\u00e9s, en su habitual poes\u00eda nost\u00e1lgica, reflexiona sobre c\u00f3mo son las experiencias negativas las que marcan los recuerdos de la memoria con el paso del tiempo. Si bien el libro sali\u00f3 [&hellip;]<\/p>\n","protected":false},"author":1,"featured_media":853528,"comment_status":"closed","ping_status":"closed","sticky":false,"template":"","format":"standard","meta":{"footnotes":""},"categories":[50],"tags":[],"class_list":["post-853527","post","type-post","status-publish","format-standard","has-post-thumbnail","hentry","category-revista-de-ocio"],"aioseo_notices":[],"aioseo_head":"\n\t\t<!-- All in One SEO Pro 4.9.6.2 - aioseo.com -->\n\t<meta name=\"description\" content=\"La editorial Trabe ha recuperado el poemario &#039;Tantu escaezu&#039;, de Ricardo Cand\u00e1s, escrito hace algunos a\u00f1os y recientemente publicado, en el que el autor gijon\u00e9s, en su habitual poes\u00eda nost\u00e1lgica, reflexiona sobre c\u00f3mo son las experiencias negativas las que marcan los recuerdos de la memoria con el paso del tiempo. Si bien el libro sali\u00f3\" \/>\n\t<meta name=\"robots\" content=\"max-image-preview:large\" \/>\n\t<meta name=\"author\" content=\"El Digital de Asturias\"\/>\n\t<meta name=\"google-site-verification\" content=\"UA-38556648-1\" \/>\n\t<meta name=\"msvalidate.01\" content=\"7dfe9f3f1b24437ab69f4f2559babe99\" \/>\n\t<meta name=\"keywords\" content=\"revista de ocio\" \/>\n\t<link rel=\"canonical\" href=\"https:\/\/www.eldigitaldeasturias.com\/noticias\/la-editorial-trabe-ha-recuperado-tantu-escaezu-de-ricardo-candas\/\" \/>\n\t<meta name=\"generator\" content=\"All in One SEO Pro (AIOSEO) 4.9.6.2\" \/>\n\t\t<meta property=\"og:locale\" content=\"es_ES\" \/>\n\t\t<meta property=\"og:site_name\" content=\"El Digital de Asturias\" \/>\n\t\t<meta property=\"og:type\" content=\"article\" \/>\n\t\t<meta property=\"og:title\" content=\"La editorial Trabe ha recuperado \u00abTantu escaezu\u00bb de Ricardo Cand\u00e1s - El Digital de Asturias\" \/>\n\t\t<meta property=\"og:description\" content=\"La editorial Trabe ha recuperado el poemario &#039;Tantu escaezu&#039;, de Ricardo Cand\u00e1s, escrito hace algunos a\u00f1os y recientemente publicado, en el que el autor gijon\u00e9s, en su habitual poes\u00eda nost\u00e1lgica, reflexiona sobre c\u00f3mo son las experiencias negativas las que marcan los recuerdos de la memoria con el paso del tiempo. Si bien el libro sali\u00f3\" \/>\n\t\t<meta property=\"og:url\" content=\"https:\/\/www.eldigitaldeasturias.com\/noticias\/la-editorial-trabe-ha-recuperado-tantu-escaezu-de-ricardo-candas\/\" \/>\n\t\t<meta property=\"og:image\" content=\"https:\/\/www.eldigitaldeasturias.com\/noticias\/wp-content\/uploads\/2016\/02\/fotonoticia_20160203135515_800.jpg\" \/>\n\t\t<meta property=\"og:image:secure_url\" content=\"https:\/\/www.eldigitaldeasturias.com\/noticias\/wp-content\/uploads\/2016\/02\/fotonoticia_20160203135515_800.jpg\" \/>\n\t\t<meta property=\"og:image:width\" content=\"800\" \/>\n\t\t<meta property=\"og:image:height\" content=\"601\" \/>\n\t\t<meta property=\"article:tag\" content=\"revista de ocio\" \/>\n\t\t<meta property=\"article:published_time\" content=\"2016-02-03T19:20:25+00:00\" \/>\n\t\t<meta property=\"article:modified_time\" content=\"2016-02-03T19:20:25+00:00\" \/>\n\t\t<meta property=\"article:publisher\" content=\"https:\/\/facebook.com\/eldigitaldeasturias\" \/>\n\t\t<meta name=\"twitter:card\" content=\"summary_large_image\" \/>\n\t\t<meta name=\"twitter:title\" content=\"La editorial Trabe ha recuperado \u00abTantu escaezu\u00bb de Ricardo Cand\u00e1s - El Digital de Asturias\" \/>\n\t\t<meta name=\"twitter:description\" content=\"La editorial Trabe ha recuperado el poemario &#039;Tantu escaezu&#039;, de Ricardo Cand\u00e1s, escrito hace algunos a\u00f1os y recientemente publicado, en el que el autor gijon\u00e9s, en su habitual poes\u00eda nost\u00e1lgica, reflexiona sobre c\u00f3mo son las experiencias negativas las que marcan los recuerdos de la memoria con el paso del tiempo. Si bien el libro sali\u00f3\" \/>\n\t\t<meta name=\"twitter:image\" content=\"https:\/\/www.eldigitaldeasturias.com\/noticias\/wp-content\/uploads\/2016\/02\/fotonoticia_20160203135515_800.jpg\" \/>\n\t\t<meta name=\"twitter:label1\" content=\"Escrito por\" \/>\n\t\t<meta name=\"twitter:data1\" content=\"El Digital de Asturias\" \/>\n\t\t<meta name=\"twitter:label2\" content=\"Tiempo de lectura estimado\" \/>\n\t\t<meta name=\"twitter:data2\" content=\"2 minutos\" \/>\n\t\t<script type=\"application\/ld+json\" class=\"aioseo-schema\">\n\t\t\t{\"@context\":\"https:\\\/\\\/schema.org\",\"@graph\":[{\"@type\":\"BlogPosting\",\"@id\":\"https:\\\/\\\/www.eldigitaldeasturias.com\\\/noticias\\\/la-editorial-trabe-ha-recuperado-tantu-escaezu-de-ricardo-candas\\\/#blogposting\",\"name\":\"La editorial Trabe ha recuperado \\u00abTantu escaezu\\u00bb de Ricardo Cand\\u00e1s - El Digital de Asturias\",\"headline\":\"La editorial Trabe ha recuperado \\u00abTantu escaezu\\u00bb de Ricardo Cand\\u00e1s\",\"author\":{\"@id\":\"https:\\\/\\\/www.eldigitaldeasturias.com\\\/noticias\\\/author\\\/admin\\\/#author\"},\"publisher\":{\"@id\":\"https:\\\/\\\/www.eldigitaldeasturias.com\\\/noticias\\\/#organization\"},\"image\":{\"@type\":\"ImageObject\",\"url\":\"https:\\\/\\\/www.eldigitaldeasturias.com\\\/noticias\\\/wp-content\\\/uploads\\\/2016\\\/02\\\/fotonoticia_20160203135515_800.jpg\",\"width\":800,\"height\":601},\"datePublished\":\"2016-02-03T19:20:25+01:00\",\"dateModified\":\"2016-02-03T19:20:25+01:00\",\"inLanguage\":\"es-ES\",\"mainEntityOfPage\":{\"@id\":\"https:\\\/\\\/www.eldigitaldeasturias.com\\\/noticias\\\/la-editorial-trabe-ha-recuperado-tantu-escaezu-de-ricardo-candas\\\/#webpage\"},\"isPartOf\":{\"@id\":\"https:\\\/\\\/www.eldigitaldeasturias.com\\\/noticias\\\/la-editorial-trabe-ha-recuperado-tantu-escaezu-de-ricardo-candas\\\/#webpage\"},\"articleSection\":\"Revista de Ocio\"},{\"@type\":\"BreadcrumbList\",\"@id\":\"https:\\\/\\\/www.eldigitaldeasturias.com\\\/noticias\\\/la-editorial-trabe-ha-recuperado-tantu-escaezu-de-ricardo-candas\\\/#breadcrumblist\",\"itemListElement\":[{\"@type\":\"ListItem\",\"@id\":\"https:\\\/\\\/www.eldigitaldeasturias.com\\\/noticias#listItem\",\"position\":1,\"name\":\"Home\",\"item\":\"https:\\\/\\\/www.eldigitaldeasturias.com\\\/noticias\",\"nextItem\":{\"@type\":\"ListItem\",\"@id\":\"https:\\\/\\\/www.eldigitaldeasturias.com\\\/noticias\\\/category\\\/revista-de-ocio\\\/#listItem\",\"name\":\"Revista de Ocio\"}},{\"@type\":\"ListItem\",\"@id\":\"https:\\\/\\\/www.eldigitaldeasturias.com\\\/noticias\\\/category\\\/revista-de-ocio\\\/#listItem\",\"position\":2,\"name\":\"Revista de Ocio\",\"item\":\"https:\\\/\\\/www.eldigitaldeasturias.com\\\/noticias\\\/category\\\/revista-de-ocio\\\/\",\"nextItem\":{\"@type\":\"ListItem\",\"@id\":\"https:\\\/\\\/www.eldigitaldeasturias.com\\\/noticias\\\/la-editorial-trabe-ha-recuperado-tantu-escaezu-de-ricardo-candas\\\/#listItem\",\"name\":\"La editorial Trabe ha recuperado \\u00abTantu escaezu\\u00bb de Ricardo Cand\\u00e1s\"},\"previousItem\":{\"@type\":\"ListItem\",\"@id\":\"https:\\\/\\\/www.eldigitaldeasturias.com\\\/noticias#listItem\",\"name\":\"Home\"}},{\"@type\":\"ListItem\",\"@id\":\"https:\\\/\\\/www.eldigitaldeasturias.com\\\/noticias\\\/la-editorial-trabe-ha-recuperado-tantu-escaezu-de-ricardo-candas\\\/#listItem\",\"position\":3,\"name\":\"La editorial Trabe ha recuperado \\u00abTantu escaezu\\u00bb de Ricardo Cand\\u00e1s\",\"previousItem\":{\"@type\":\"ListItem\",\"@id\":\"https:\\\/\\\/www.eldigitaldeasturias.com\\\/noticias\\\/category\\\/revista-de-ocio\\\/#listItem\",\"name\":\"Revista de Ocio\"}}]},{\"@type\":\"Organization\",\"@id\":\"https:\\\/\\\/www.eldigitaldeasturias.com\\\/noticias\\\/#organization\",\"name\":\"El Digital de Asturias\",\"description\":\"Hemeroteca\",\"url\":\"https:\\\/\\\/www.eldigitaldeasturias.com\\\/noticias\\\/\",\"email\":\"info@eldigitaldeasturias.com\",\"telephone\":\"+34652131393\",\"logo\":{\"@type\":\"ImageObject\",\"url\":\"https:\\\/\\\/www.eldigitaldeasturias.com\\\/noticias\\\/wp-content\\\/uploads\\\/2020\\\/12\\\/EDA.jpg\",\"@id\":\"https:\\\/\\\/www.eldigitaldeasturias.com\\\/noticias\\\/la-editorial-trabe-ha-recuperado-tantu-escaezu-de-ricardo-candas\\\/#organizationLogo\",\"width\":649,\"height\":297},\"image\":{\"@id\":\"https:\\\/\\\/www.eldigitaldeasturias.com\\\/noticias\\\/la-editorial-trabe-ha-recuperado-tantu-escaezu-de-ricardo-candas\\\/#organizationLogo\"},\"sameAs\":[\"https:\\\/\\\/facebook.com\\\/eldigitaldeasturias\",\"https:\\\/\\\/www.youtube.com\\\/channel\\\/UCZP-2wLEB9Rv6erhFmqVnvg\"],\"address\":{\"@id\":\"https:\\\/\\\/www.eldigitaldeasturias.com\\\/noticias\\\/#postaladdress\",\"@type\":\"PostalAddress\",\"streetAddress\":\"san antonio 4,\",\"postalCode\":\"33430\",\"addressLocality\":\"Cand\\u00e1s\",\"addressRegion\":\"Asturias\",\"addressCountry\":\"ES\"}},{\"@type\":\"Person\",\"@id\":\"https:\\\/\\\/www.eldigitaldeasturias.com\\\/noticias\\\/author\\\/admin\\\/#author\",\"url\":\"https:\\\/\\\/www.eldigitaldeasturias.com\\\/noticias\\\/author\\\/admin\\\/\",\"name\":\"El Digital de Asturias\",\"image\":{\"@type\":\"ImageObject\",\"@id\":\"https:\\\/\\\/www.eldigitaldeasturias.com\\\/noticias\\\/la-editorial-trabe-ha-recuperado-tantu-escaezu-de-ricardo-candas\\\/#authorImage\",\"url\":\"https:\\\/\\\/www.eldigitaldeasturias.com\\\/noticias\\\/wp-content\\\/litespeed\\\/avatar\\\/18677e78aa0546b92d9dbf31ec7d7668.jpg?ver=1777290358\",\"width\":96,\"height\":96,\"caption\":\"El Digital de Asturias\"}},{\"@type\":\"WebPage\",\"@id\":\"https:\\\/\\\/www.eldigitaldeasturias.com\\\/noticias\\\/la-editorial-trabe-ha-recuperado-tantu-escaezu-de-ricardo-candas\\\/#webpage\",\"url\":\"https:\\\/\\\/www.eldigitaldeasturias.com\\\/noticias\\\/la-editorial-trabe-ha-recuperado-tantu-escaezu-de-ricardo-candas\\\/\",\"name\":\"La editorial Trabe ha recuperado \\u00abTantu escaezu\\u00bb de Ricardo Cand\\u00e1s - El Digital de Asturias\",\"description\":\"La editorial Trabe ha recuperado el poemario 'Tantu escaezu', de Ricardo Cand\\u00e1s, escrito hace algunos a\\u00f1os y recientemente publicado, en el que el autor gijon\\u00e9s, en su habitual poes\\u00eda nost\\u00e1lgica, reflexiona sobre c\\u00f3mo son las experiencias negativas las que marcan los recuerdos de la memoria con el paso del tiempo. Si bien el libro sali\\u00f3\",\"inLanguage\":\"es-ES\",\"isPartOf\":{\"@id\":\"https:\\\/\\\/www.eldigitaldeasturias.com\\\/noticias\\\/#website\"},\"breadcrumb\":{\"@id\":\"https:\\\/\\\/www.eldigitaldeasturias.com\\\/noticias\\\/la-editorial-trabe-ha-recuperado-tantu-escaezu-de-ricardo-candas\\\/#breadcrumblist\"},\"author\":{\"@id\":\"https:\\\/\\\/www.eldigitaldeasturias.com\\\/noticias\\\/author\\\/admin\\\/#author\"},\"creator\":{\"@id\":\"https:\\\/\\\/www.eldigitaldeasturias.com\\\/noticias\\\/author\\\/admin\\\/#author\"},\"image\":{\"@type\":\"ImageObject\",\"url\":\"https:\\\/\\\/www.eldigitaldeasturias.com\\\/noticias\\\/wp-content\\\/uploads\\\/2016\\\/02\\\/fotonoticia_20160203135515_800.jpg\",\"@id\":\"https:\\\/\\\/www.eldigitaldeasturias.com\\\/noticias\\\/la-editorial-trabe-ha-recuperado-tantu-escaezu-de-ricardo-candas\\\/#mainImage\",\"width\":800,\"height\":601},\"primaryImageOfPage\":{\"@id\":\"https:\\\/\\\/www.eldigitaldeasturias.com\\\/noticias\\\/la-editorial-trabe-ha-recuperado-tantu-escaezu-de-ricardo-candas\\\/#mainImage\"},\"datePublished\":\"2016-02-03T19:20:25+01:00\",\"dateModified\":\"2016-02-03T19:20:25+01:00\"},{\"@type\":\"WebSite\",\"@id\":\"https:\\\/\\\/www.eldigitaldeasturias.com\\\/noticias\\\/#website\",\"url\":\"https:\\\/\\\/www.eldigitaldeasturias.com\\\/noticias\\\/\",\"name\":\"El Digital de Asturias - Diario de actualidad y noticias\",\"alternateName\":\"El Digital de Asturias - Diario de actualidad y noticias\",\"description\":\"Hemeroteca\",\"inLanguage\":\"es-ES\",\"publisher\":{\"@id\":\"https:\\\/\\\/www.eldigitaldeasturias.com\\\/noticias\\\/#organization\"}}]}\n\t\t<\/script>\n\t\t<!-- All in One SEO Pro -->\r\n\t\t<title>La editorial Trabe ha recuperado \u00abTantu escaezu\u00bb de Ricardo Cand\u00e1s - El Digital de Asturias<\/title>\n\n","aioseo_head_json":{"title":"La editorial Trabe ha recuperado \u00abTantu escaezu\u00bb de Ricardo Cand\u00e1s - El Digital de Asturias","description":"La editorial Trabe ha recuperado el poemario 'Tantu escaezu', de Ricardo Cand\u00e1s, escrito hace algunos a\u00f1os y recientemente publicado, en el que el autor gijon\u00e9s, en su habitual poes\u00eda nost\u00e1lgica, reflexiona sobre c\u00f3mo son las experiencias negativas las que marcan los recuerdos de la memoria con el paso del tiempo. Si bien el libro sali\u00f3","canonical_url":"https:\/\/www.eldigitaldeasturias.com\/noticias\/la-editorial-trabe-ha-recuperado-tantu-escaezu-de-ricardo-candas\/","robots":"max-image-preview:large","keywords":"revista de ocio","webmasterTools":{"google-site-verification":"UA-38556648-1","msvalidate.01":"7dfe9f3f1b24437ab69f4f2559babe99","miscellaneous":""},"schema":{"@context":"https:\/\/schema.org","@graph":[{"@type":"BlogPosting","@id":"https:\/\/www.eldigitaldeasturias.com\/noticias\/la-editorial-trabe-ha-recuperado-tantu-escaezu-de-ricardo-candas\/#blogposting","name":"La editorial Trabe ha recuperado \u00abTantu escaezu\u00bb de Ricardo Cand\u00e1s - El Digital de Asturias","headline":"La editorial Trabe ha recuperado \u00abTantu escaezu\u00bb de Ricardo Cand\u00e1s","author":{"@id":"https:\/\/www.eldigitaldeasturias.com\/noticias\/author\/admin\/#author"},"publisher":{"@id":"https:\/\/www.eldigitaldeasturias.com\/noticias\/#organization"},"image":{"@type":"ImageObject","url":"https:\/\/www.eldigitaldeasturias.com\/noticias\/wp-content\/uploads\/2016\/02\/fotonoticia_20160203135515_800.jpg","width":800,"height":601},"datePublished":"2016-02-03T19:20:25+01:00","dateModified":"2016-02-03T19:20:25+01:00","inLanguage":"es-ES","mainEntityOfPage":{"@id":"https:\/\/www.eldigitaldeasturias.com\/noticias\/la-editorial-trabe-ha-recuperado-tantu-escaezu-de-ricardo-candas\/#webpage"},"isPartOf":{"@id":"https:\/\/www.eldigitaldeasturias.com\/noticias\/la-editorial-trabe-ha-recuperado-tantu-escaezu-de-ricardo-candas\/#webpage"},"articleSection":"Revista de Ocio"},{"@type":"BreadcrumbList","@id":"https:\/\/www.eldigitaldeasturias.com\/noticias\/la-editorial-trabe-ha-recuperado-tantu-escaezu-de-ricardo-candas\/#breadcrumblist","itemListElement":[{"@type":"ListItem","@id":"https:\/\/www.eldigitaldeasturias.com\/noticias#listItem","position":1,"name":"Home","item":"https:\/\/www.eldigitaldeasturias.com\/noticias","nextItem":{"@type":"ListItem","@id":"https:\/\/www.eldigitaldeasturias.com\/noticias\/category\/revista-de-ocio\/#listItem","name":"Revista de Ocio"}},{"@type":"ListItem","@id":"https:\/\/www.eldigitaldeasturias.com\/noticias\/category\/revista-de-ocio\/#listItem","position":2,"name":"Revista de Ocio","item":"https:\/\/www.eldigitaldeasturias.com\/noticias\/category\/revista-de-ocio\/","nextItem":{"@type":"ListItem","@id":"https:\/\/www.eldigitaldeasturias.com\/noticias\/la-editorial-trabe-ha-recuperado-tantu-escaezu-de-ricardo-candas\/#listItem","name":"La editorial Trabe ha recuperado \u00abTantu escaezu\u00bb de Ricardo Cand\u00e1s"},"previousItem":{"@type":"ListItem","@id":"https:\/\/www.eldigitaldeasturias.com\/noticias#listItem","name":"Home"}},{"@type":"ListItem","@id":"https:\/\/www.eldigitaldeasturias.com\/noticias\/la-editorial-trabe-ha-recuperado-tantu-escaezu-de-ricardo-candas\/#listItem","position":3,"name":"La editorial Trabe ha recuperado \u00abTantu escaezu\u00bb de Ricardo Cand\u00e1s","previousItem":{"@type":"ListItem","@id":"https:\/\/www.eldigitaldeasturias.com\/noticias\/category\/revista-de-ocio\/#listItem","name":"Revista de Ocio"}}]},{"@type":"Organization","@id":"https:\/\/www.eldigitaldeasturias.com\/noticias\/#organization","name":"El Digital de Asturias","description":"Hemeroteca","url":"https:\/\/www.eldigitaldeasturias.com\/noticias\/","email":"info@eldigitaldeasturias.com","telephone":"+34652131393","logo":{"@type":"ImageObject","url":"https:\/\/www.eldigitaldeasturias.com\/noticias\/wp-content\/uploads\/2020\/12\/EDA.jpg","@id":"https:\/\/www.eldigitaldeasturias.com\/noticias\/la-editorial-trabe-ha-recuperado-tantu-escaezu-de-ricardo-candas\/#organizationLogo","width":649,"height":297},"image":{"@id":"https:\/\/www.eldigitaldeasturias.com\/noticias\/la-editorial-trabe-ha-recuperado-tantu-escaezu-de-ricardo-candas\/#organizationLogo"},"sameAs":["https:\/\/facebook.com\/eldigitaldeasturias","https:\/\/www.youtube.com\/channel\/UCZP-2wLEB9Rv6erhFmqVnvg"],"address":{"@id":"https:\/\/www.eldigitaldeasturias.com\/noticias\/#postaladdress","@type":"PostalAddress","streetAddress":"san antonio 4,","postalCode":"33430","addressLocality":"Cand\u00e1s","addressRegion":"Asturias","addressCountry":"ES"}},{"@type":"Person","@id":"https:\/\/www.eldigitaldeasturias.com\/noticias\/author\/admin\/#author","url":"https:\/\/www.eldigitaldeasturias.com\/noticias\/author\/admin\/","name":"El Digital de Asturias","image":{"@type":"ImageObject","@id":"https:\/\/www.eldigitaldeasturias.com\/noticias\/la-editorial-trabe-ha-recuperado-tantu-escaezu-de-ricardo-candas\/#authorImage","url":"https:\/\/www.eldigitaldeasturias.com\/noticias\/wp-content\/litespeed\/avatar\/18677e78aa0546b92d9dbf31ec7d7668.jpg?ver=1777290358","width":96,"height":96,"caption":"El Digital de Asturias"}},{"@type":"WebPage","@id":"https:\/\/www.eldigitaldeasturias.com\/noticias\/la-editorial-trabe-ha-recuperado-tantu-escaezu-de-ricardo-candas\/#webpage","url":"https:\/\/www.eldigitaldeasturias.com\/noticias\/la-editorial-trabe-ha-recuperado-tantu-escaezu-de-ricardo-candas\/","name":"La editorial Trabe ha recuperado \u00abTantu escaezu\u00bb de Ricardo Cand\u00e1s - El Digital de Asturias","description":"La editorial Trabe ha recuperado el poemario 'Tantu escaezu', de Ricardo Cand\u00e1s, escrito hace algunos a\u00f1os y recientemente publicado, en el que el autor gijon\u00e9s, en su habitual poes\u00eda nost\u00e1lgica, reflexiona sobre c\u00f3mo son las experiencias negativas las que marcan los recuerdos de la memoria con el paso del tiempo. Si bien el libro sali\u00f3","inLanguage":"es-ES","isPartOf":{"@id":"https:\/\/www.eldigitaldeasturias.com\/noticias\/#website"},"breadcrumb":{"@id":"https:\/\/www.eldigitaldeasturias.com\/noticias\/la-editorial-trabe-ha-recuperado-tantu-escaezu-de-ricardo-candas\/#breadcrumblist"},"author":{"@id":"https:\/\/www.eldigitaldeasturias.com\/noticias\/author\/admin\/#author"},"creator":{"@id":"https:\/\/www.eldigitaldeasturias.com\/noticias\/author\/admin\/#author"},"image":{"@type":"ImageObject","url":"https:\/\/www.eldigitaldeasturias.com\/noticias\/wp-content\/uploads\/2016\/02\/fotonoticia_20160203135515_800.jpg","@id":"https:\/\/www.eldigitaldeasturias.com\/noticias\/la-editorial-trabe-ha-recuperado-tantu-escaezu-de-ricardo-candas\/#mainImage","width":800,"height":601},"primaryImageOfPage":{"@id":"https:\/\/www.eldigitaldeasturias.com\/noticias\/la-editorial-trabe-ha-recuperado-tantu-escaezu-de-ricardo-candas\/#mainImage"},"datePublished":"2016-02-03T19:20:25+01:00","dateModified":"2016-02-03T19:20:25+01:00"},{"@type":"WebSite","@id":"https:\/\/www.eldigitaldeasturias.com\/noticias\/#website","url":"https:\/\/www.eldigitaldeasturias.com\/noticias\/","name":"El Digital de Asturias - Diario de actualidad y noticias","alternateName":"El Digital de Asturias - Diario de actualidad y noticias","description":"Hemeroteca","inLanguage":"es-ES","publisher":{"@id":"https:\/\/www.eldigitaldeasturias.com\/noticias\/#organization"}}]},"og:locale":"es_ES","og:site_name":"El Digital de Asturias","og:type":"article","og:title":"La editorial Trabe ha recuperado \u00abTantu escaezu\u00bb de Ricardo Cand\u00e1s - El Digital de Asturias","og:description":"La editorial Trabe ha recuperado el poemario 'Tantu escaezu', de Ricardo Cand\u00e1s, escrito hace algunos a\u00f1os y recientemente publicado, en el que el autor gijon\u00e9s, en su habitual poes\u00eda nost\u00e1lgica, reflexiona sobre c\u00f3mo son las experiencias negativas las que marcan los recuerdos de la memoria con el paso del tiempo. Si bien el libro sali\u00f3","og:url":"https:\/\/www.eldigitaldeasturias.com\/noticias\/la-editorial-trabe-ha-recuperado-tantu-escaezu-de-ricardo-candas\/","og:image":"https:\/\/www.eldigitaldeasturias.com\/noticias\/wp-content\/uploads\/2016\/02\/fotonoticia_20160203135515_800.jpg","og:image:secure_url":"https:\/\/www.eldigitaldeasturias.com\/noticias\/wp-content\/uploads\/2016\/02\/fotonoticia_20160203135515_800.jpg","og:image:width":800,"og:image:height":601,"article:tag":["revista de ocio"],"article:published_time":"2016-02-03T19:20:25+00:00","article:modified_time":"2016-02-03T19:20:25+00:00","article:publisher":"https:\/\/facebook.com\/eldigitaldeasturias","twitter:card":"summary_large_image","twitter:title":"La editorial Trabe ha recuperado \u00abTantu escaezu\u00bb de Ricardo Cand\u00e1s - El Digital de Asturias","twitter:description":"La editorial Trabe ha recuperado el poemario 'Tantu escaezu', de Ricardo Cand\u00e1s, escrito hace algunos a\u00f1os y recientemente publicado, en el que el autor gijon\u00e9s, en su habitual poes\u00eda nost\u00e1lgica, reflexiona sobre c\u00f3mo son las experiencias negativas las que marcan los recuerdos de la memoria con el paso del tiempo. Si bien el libro sali\u00f3","twitter:image":"https:\/\/www.eldigitaldeasturias.com\/noticias\/wp-content\/uploads\/2016\/02\/fotonoticia_20160203135515_800.jpg","twitter:label1":"Escrito por","twitter:data1":"El Digital de Asturias","twitter:label2":"Tiempo de lectura estimado","twitter:data2":"2 minutos"},"aioseo_meta_data":{"post_id":"853527","title":null,"description":null,"keywords":null,"keyphrases":null,"primary_term":null,"canonical_url":null,"og_title":null,"og_description":null,"og_object_type":"default","og_image_type":"default","og_image_url":null,"og_image_width":null,"og_image_height":null,"og_image_custom_url":null,"og_image_custom_fields":null,"og_video":null,"og_custom_url":null,"og_article_section":null,"og_article_tags":null,"twitter_use_og":false,"twitter_card":"default","twitter_image_type":"default","twitter_image_url":null,"twitter_image_custom_url":null,"twitter_image_custom_fields":null,"twitter_title":null,"twitter_description":null,"schema":{"blockGraphs":[],"customGraphs":[],"default":{"data":{"Article":[],"Course":[],"Dataset":[],"FAQPage":[],"Movie":[],"Person":[],"Product":[],"ProductReview":[],"Car":[],"Recipe":[],"Service":[],"SoftwareApplication":[],"WebPage":[]},"graphName":"","isEnabled":true},"graphs":[],"defaultGraph":"","defaultPostTypeGraph":""},"schema_type":null,"schema_type_options":null,"pillar_content":false,"robots_default":true,"robots_noindex":false,"robots_noarchive":false,"robots_nosnippet":false,"robots_nofollow":false,"robots_noimageindex":false,"robots_noodp":false,"robots_notranslate":false,"robots_max_snippet":null,"robots_max_videopreview":null,"robots_max_imagepreview":"large","priority":null,"frequency":null,"local_seo":null,"seo_analyzer_scan_date":"2025-12-09 18:23:06","breadcrumb_settings":null,"limit_modified_date":false,"open_ai":null,"ai":null,"created":"2021-01-23 14:09:17","updated":"2025-12-09 18:23:06"},"aioseo_breadcrumb":"<div class=\"aioseo-breadcrumbs\"><span class=\"aioseo-breadcrumb\">\n\t<a href=\"https:\/\/www.eldigitaldeasturias.com\/noticias\" title=\"Home\">Home<\/a>\n<\/span><span class=\"aioseo-breadcrumb-separator\">\u2013<\/span><span class=\"aioseo-breadcrumb\">\n\t<a href=\"https:\/\/www.eldigitaldeasturias.com\/noticias\/category\/revista-de-ocio\/\" title=\"Revista de Ocio\">Revista de Ocio<\/a>\n<\/span><span class=\"aioseo-breadcrumb-separator\">\u2013<\/span><span class=\"aioseo-breadcrumb\">\n\t<a href=\"https:\/\/www.eldigitaldeasturias.com\/noticias\/la-editorial-trabe-ha-recuperado-tantu-escaezu-de-ricardo-candas\/\" title=\"La editorial Trabe ha recuperado \u00abTantu escaezu\u00bb de Ricardo Cand\u00e1s\">La editorial Trabe ha recuperado \u00abTantu escaezu\u00bb de Ricardo Cand\u00e1s<\/a>\n<\/span><\/div>","aioseo_breadcrumb_json":[{"label":"Home","link":"https:\/\/www.eldigitaldeasturias.com\/noticias"},{"label":"Revista de Ocio","link":"https:\/\/www.eldigitaldeasturias.com\/noticias\/category\/revista-de-ocio\/"},{"label":"La editorial Trabe ha recuperado \u00abTantu escaezu\u00bb de Ricardo Cand\u00e1s","link":"https:\/\/www.eldigitaldeasturias.com\/noticias\/la-editorial-trabe-ha-recuperado-tantu-escaezu-de-ricardo-candas\/"}],"_links":{"self":[{"href":"https:\/\/www.eldigitaldeasturias.com\/noticias\/wp-json\/wp\/v2\/posts\/853527","targetHints":{"allow":["GET"]}}],"collection":[{"href":"https:\/\/www.eldigitaldeasturias.com\/noticias\/wp-json\/wp\/v2\/posts"}],"about":[{"href":"https:\/\/www.eldigitaldeasturias.com\/noticias\/wp-json\/wp\/v2\/types\/post"}],"author":[{"embeddable":true,"href":"https:\/\/www.eldigitaldeasturias.com\/noticias\/wp-json\/wp\/v2\/users\/1"}],"replies":[{"embeddable":true,"href":"https:\/\/www.eldigitaldeasturias.com\/noticias\/wp-json\/wp\/v2\/comments?post=853527"}],"version-history":[{"count":0,"href":"https:\/\/www.eldigitaldeasturias.com\/noticias\/wp-json\/wp\/v2\/posts\/853527\/revisions"}],"wp:featuredmedia":[{"embeddable":true,"href":"https:\/\/www.eldigitaldeasturias.com\/noticias\/wp-json\/wp\/v2\/media\/853528"}],"wp:attachment":[{"href":"https:\/\/www.eldigitaldeasturias.com\/noticias\/wp-json\/wp\/v2\/media?parent=853527"}],"wp:term":[{"taxonomy":"category","embeddable":true,"href":"https:\/\/www.eldigitaldeasturias.com\/noticias\/wp-json\/wp\/v2\/categories?post=853527"},{"taxonomy":"post_tag","embeddable":true,"href":"https:\/\/www.eldigitaldeasturias.com\/noticias\/wp-json\/wp\/v2\/tags?post=853527"}],"curies":[{"name":"wp","href":"https:\/\/api.w.org\/{rel}","templated":true}]}}