{"id":853512,"date":"2016-02-03T18:08:47","date_gmt":"2016-02-03T18:08:47","guid":{"rendered":"http:\/\/www.eldigitaldeasturias.com\/noticias\/?p=853512"},"modified":"2016-02-03T18:08:47","modified_gmt":"2016-02-03T18:08:47","slug":"el-principado-movilizara-234-millones-en-programa-de-garantia-habitacional","status":"publish","type":"post","link":"https:\/\/www.eldigitaldeasturias.com\/noticias\/el-principado-movilizara-234-millones-en-programa-de-garantia-habitacional\/","title":{"rendered":"El Principado movilizar\u00e1 23,4 millones en Programa de garant\u00eda habitacional"},"content":{"rendered":"<p><img loading=\"lazy\" decoding=\"async\" class=\"alignleft size-medium wp-image-853513\" src=\"https:\/\/www.eldigitaldeasturias.com\/noticias\/wp-content\/uploads\/2016\/02\/fotonoticia_20160203134032_800-360x232.jpg\" alt=\"fotonoticia_20160203134032_800\" width=\"360\" height=\"232\" srcset=\"https:\/\/www.eldigitaldeasturias.com\/noticias\/wp-content\/uploads\/2016\/02\/fotonoticia_20160203134032_800-360x232.jpg 360w, https:\/\/www.eldigitaldeasturias.com\/noticias\/wp-content\/uploads\/2016\/02\/fotonoticia_20160203134032_800-768x495.jpg 768w, https:\/\/www.eldigitaldeasturias.com\/noticias\/wp-content\/uploads\/2016\/02\/fotonoticia_20160203134032_800-650x419.jpg 650w, https:\/\/www.eldigitaldeasturias.com\/noticias\/wp-content\/uploads\/2016\/02\/fotonoticia_20160203134032_800-84x55.jpg 84w, https:\/\/www.eldigitaldeasturias.com\/noticias\/wp-content\/uploads\/2016\/02\/fotonoticia_20160203134032_800-49x32.jpg 49w, https:\/\/www.eldigitaldeasturias.com\/noticias\/wp-content\/uploads\/2016\/02\/fotonoticia_20160203134032_800.jpg 800w\" sizes=\"auto, (max-width: 360px) 100vw, 360px\" \/>La consejera de Servicios y Derechos Sociales, Pilar Varela, ha presentado este mi\u00e9rcoles al Consejo de Gobierno el Programa de Garant\u00eda Habitacional, que recoge 22 l\u00edneas de actuaci\u00f3n que se pondr\u00e1n en marcha este a\u00f1o para evitar que las familias que atraviesan dificultades econ\u00f3micas pierdan su vivienda habitual.<\/p>\n<p>Seg\u00fan ha explicado en posterior rueda de prensa el portavoz del Ejecutivo, Guillermo Mart\u00ednez, esta iniciativa, que movilizar\u00e1 23,4 millones, persigue un doble objetivo: evitar los desahucios en Asturias y asegurar que, en aquellos casos en los que se produzcan, las familias afectadas tengan acceso a una vivienda p\u00fablica.<\/p>\n<p>Mart\u00ednez ha recordado que este es uno de los compromisos adquiridos en el acuerdo de investidura suscrito con Izquierda Unida que se est\u00e1 cumpliendo.<\/p>\n<p>El Principado trabajar\u00e1 en colaboraci\u00f3n con el Tribunal Superior de Justicia de Asturias (TSJA) y los servicios sociales municipales con el prop\u00f3sito de proteger a las familias afectadas por procesos de desahucios.<\/p>\n<p>De este modo, se pretende evitar que los casos lleguen a juicio o, en su defecto, aplazar el desalojo hasta que sea posible ofrecer una vivienda alternativa.<\/p>\n<p>Entre otras medidas tambi\u00e9n se elaborar\u00e1 un mapa de vivienda p\u00fablica que incluya todas las de titularidad auton\u00f3mica y municipal, adem\u00e1s de las de Vipasa. En ese cat\u00e1logo figurar\u00e1n tambi\u00e9n los inmuebles desocupados y el coste estimado de su reparaci\u00f3n.<\/p>\n<p>Por otra parte, tambi\u00e9n en el \u00e1mbito de las pol\u00edticas de vivienda, el Consejo de Gobierno ha autorizado este mi\u00e9rcoles la adjudicaci\u00f3n de tres pisos p\u00fablicos de alquiler en el concejo de Goz\u00f3n, en cuya reparaci\u00f3n se han invertido 3.746 euros.<\/p>\n<p>El coste de la renta de los inmuebles, ubicados en Luanco, se ajustar\u00e1 a las circunstancias econ\u00f3micas de las familias adjudicatarias.<\/p>\n","protected":false},"excerpt":{"rendered":"<p>La consejera de Servicios y Derechos Sociales, Pilar Varela, ha presentado este mi\u00e9rcoles al Consejo de Gobierno el Programa de Garant\u00eda Habitacional, que recoge 22 l\u00edneas de actuaci\u00f3n que se pondr\u00e1n en marcha este a\u00f1o para evitar que las familias que atraviesan dificultades econ\u00f3micas pierdan su vivienda habitual. Seg\u00fan ha explicado en posterior rueda de [&hellip;]<\/p>\n","protected":false},"author":1,"featured_media":853513,"comment_status":"closed","ping_status":"closed","sticky":false,"template":"","format":"standard","meta":{"footnotes":""},"categories":[12],"tags":[],"class_list":["post-853512","post","type-post","status-publish","format-standard","has-post-thumbnail","hentry","category-actualidad-asturias"],"aioseo_notices":[],"aioseo_head":"\n\t\t<!-- All in One SEO Pro 4.9.6.2 - aioseo.com -->\n\t<meta name=\"description\" content=\"La consejera de Servicios y Derechos Sociales, Pilar Varela, ha presentado este mi\u00e9rcoles al Consejo de Gobierno el Programa de Garant\u00eda Habitacional, que recoge 22 l\u00edneas de actuaci\u00f3n que se pondr\u00e1n en marcha este a\u00f1o para evitar que las familias que atraviesan dificultades econ\u00f3micas pierdan su vivienda habitual. Seg\u00fan ha explicado en posterior rueda de\" \/>\n\t<meta name=\"robots\" content=\"max-image-preview:large\" \/>\n\t<meta name=\"author\" content=\"El Digital de Asturias\"\/>\n\t<meta name=\"google-site-verification\" content=\"UA-38556648-1\" \/>\n\t<meta name=\"msvalidate.01\" content=\"7dfe9f3f1b24437ab69f4f2559babe99\" \/>\n\t<meta name=\"keywords\" content=\"actualidad asturias\" \/>\n\t<link rel=\"canonical\" href=\"https:\/\/www.eldigitaldeasturias.com\/noticias\/el-principado-movilizara-234-millones-en-programa-de-garantia-habitacional\/\" \/>\n\t<meta name=\"generator\" content=\"All in One SEO Pro (AIOSEO) 4.9.6.2\" \/>\n\t\t<meta property=\"og:locale\" content=\"es_ES\" \/>\n\t\t<meta property=\"og:site_name\" content=\"El Digital de Asturias\" \/>\n\t\t<meta property=\"og:type\" content=\"article\" \/>\n\t\t<meta property=\"og:title\" content=\"El Principado movilizar\u00e1 23,4 millones en Programa de garant\u00eda habitacional - El Digital de Asturias\" \/>\n\t\t<meta property=\"og:description\" content=\"La consejera de Servicios y Derechos Sociales, Pilar Varela, ha presentado este mi\u00e9rcoles al Consejo de Gobierno el Programa de Garant\u00eda Habitacional, que recoge 22 l\u00edneas de actuaci\u00f3n que se pondr\u00e1n en marcha este a\u00f1o para evitar que las familias que atraviesan dificultades econ\u00f3micas pierdan su vivienda habitual. Seg\u00fan ha explicado en posterior rueda de\" \/>\n\t\t<meta property=\"og:url\" content=\"https:\/\/www.eldigitaldeasturias.com\/noticias\/el-principado-movilizara-234-millones-en-programa-de-garantia-habitacional\/\" \/>\n\t\t<meta property=\"og:image\" content=\"https:\/\/www.eldigitaldeasturias.com\/noticias\/wp-content\/uploads\/2016\/02\/fotonoticia_20160203134032_800.jpg\" \/>\n\t\t<meta property=\"og:image:secure_url\" content=\"https:\/\/www.eldigitaldeasturias.com\/noticias\/wp-content\/uploads\/2016\/02\/fotonoticia_20160203134032_800.jpg\" \/>\n\t\t<meta property=\"og:image:width\" content=\"800\" \/>\n\t\t<meta property=\"og:image:height\" content=\"516\" \/>\n\t\t<meta property=\"article:tag\" content=\"actualidad asturias\" \/>\n\t\t<meta property=\"article:published_time\" content=\"2016-02-03T18:08:47+00:00\" \/>\n\t\t<meta property=\"article:modified_time\" content=\"2016-02-03T18:08:47+00:00\" \/>\n\t\t<meta property=\"article:publisher\" content=\"https:\/\/facebook.com\/eldigitaldeasturias\" \/>\n\t\t<meta name=\"twitter:card\" content=\"summary_large_image\" \/>\n\t\t<meta name=\"twitter:title\" content=\"El Principado movilizar\u00e1 23,4 millones en Programa de garant\u00eda habitacional - El Digital de Asturias\" \/>\n\t\t<meta name=\"twitter:description\" content=\"La consejera de Servicios y Derechos Sociales, Pilar Varela, ha presentado este mi\u00e9rcoles al Consejo de Gobierno el Programa de Garant\u00eda Habitacional, que recoge 22 l\u00edneas de actuaci\u00f3n que se pondr\u00e1n en marcha este a\u00f1o para evitar que las familias que atraviesan dificultades econ\u00f3micas pierdan su vivienda habitual. Seg\u00fan ha explicado en posterior rueda de\" \/>\n\t\t<meta name=\"twitter:image\" content=\"https:\/\/www.eldigitaldeasturias.com\/noticias\/wp-content\/uploads\/2016\/02\/fotonoticia_20160203134032_800.jpg\" \/>\n\t\t<meta name=\"twitter:label1\" content=\"Escrito por\" \/>\n\t\t<meta name=\"twitter:data1\" content=\"El Digital de Asturias\" \/>\n\t\t<meta name=\"twitter:label2\" content=\"Tiempo de lectura estimado\" \/>\n\t\t<meta name=\"twitter:data2\" content=\"2 minutos\" \/>\n\t\t<script type=\"application\/ld+json\" class=\"aioseo-schema\">\n\t\t\t{\"@context\":\"https:\\\/\\\/schema.org\",\"@graph\":[{\"@type\":\"BlogPosting\",\"@id\":\"https:\\\/\\\/www.eldigitaldeasturias.com\\\/noticias\\\/el-principado-movilizara-234-millones-en-programa-de-garantia-habitacional\\\/#blogposting\",\"name\":\"El Principado movilizar\\u00e1 23,4 millones en Programa de garant\\u00eda habitacional - El Digital de Asturias\",\"headline\":\"El Principado movilizar\\u00e1 23,4 millones en Programa de garant\\u00eda habitacional\",\"author\":{\"@id\":\"https:\\\/\\\/www.eldigitaldeasturias.com\\\/noticias\\\/author\\\/admin\\\/#author\"},\"publisher\":{\"@id\":\"https:\\\/\\\/www.eldigitaldeasturias.com\\\/noticias\\\/#organization\"},\"image\":{\"@type\":\"ImageObject\",\"url\":\"https:\\\/\\\/www.eldigitaldeasturias.com\\\/noticias\\\/wp-content\\\/uploads\\\/2016\\\/02\\\/fotonoticia_20160203134032_800.jpg\",\"width\":800,\"height\":516},\"datePublished\":\"2016-02-03T18:08:47+01:00\",\"dateModified\":\"2016-02-03T18:08:47+01:00\",\"inLanguage\":\"es-ES\",\"mainEntityOfPage\":{\"@id\":\"https:\\\/\\\/www.eldigitaldeasturias.com\\\/noticias\\\/el-principado-movilizara-234-millones-en-programa-de-garantia-habitacional\\\/#webpage\"},\"isPartOf\":{\"@id\":\"https:\\\/\\\/www.eldigitaldeasturias.com\\\/noticias\\\/el-principado-movilizara-234-millones-en-programa-de-garantia-habitacional\\\/#webpage\"},\"articleSection\":\"Actualidad Asturias\"},{\"@type\":\"BreadcrumbList\",\"@id\":\"https:\\\/\\\/www.eldigitaldeasturias.com\\\/noticias\\\/el-principado-movilizara-234-millones-en-programa-de-garantia-habitacional\\\/#breadcrumblist\",\"itemListElement\":[{\"@type\":\"ListItem\",\"@id\":\"https:\\\/\\\/www.eldigitaldeasturias.com\\\/noticias#listItem\",\"position\":1,\"name\":\"Home\",\"item\":\"https:\\\/\\\/www.eldigitaldeasturias.com\\\/noticias\",\"nextItem\":{\"@type\":\"ListItem\",\"@id\":\"https:\\\/\\\/www.eldigitaldeasturias.com\\\/noticias\\\/category\\\/actualidad-asturias\\\/#listItem\",\"name\":\"Actualidad Asturias\"}},{\"@type\":\"ListItem\",\"@id\":\"https:\\\/\\\/www.eldigitaldeasturias.com\\\/noticias\\\/category\\\/actualidad-asturias\\\/#listItem\",\"position\":2,\"name\":\"Actualidad Asturias\",\"item\":\"https:\\\/\\\/www.eldigitaldeasturias.com\\\/noticias\\\/category\\\/actualidad-asturias\\\/\",\"nextItem\":{\"@type\":\"ListItem\",\"@id\":\"https:\\\/\\\/www.eldigitaldeasturias.com\\\/noticias\\\/el-principado-movilizara-234-millones-en-programa-de-garantia-habitacional\\\/#listItem\",\"name\":\"El Principado movilizar\\u00e1 23,4 millones en Programa de garant\\u00eda habitacional\"},\"previousItem\":{\"@type\":\"ListItem\",\"@id\":\"https:\\\/\\\/www.eldigitaldeasturias.com\\\/noticias#listItem\",\"name\":\"Home\"}},{\"@type\":\"ListItem\",\"@id\":\"https:\\\/\\\/www.eldigitaldeasturias.com\\\/noticias\\\/el-principado-movilizara-234-millones-en-programa-de-garantia-habitacional\\\/#listItem\",\"position\":3,\"name\":\"El Principado movilizar\\u00e1 23,4 millones en Programa de garant\\u00eda habitacional\",\"previousItem\":{\"@type\":\"ListItem\",\"@id\":\"https:\\\/\\\/www.eldigitaldeasturias.com\\\/noticias\\\/category\\\/actualidad-asturias\\\/#listItem\",\"name\":\"Actualidad Asturias\"}}]},{\"@type\":\"Organization\",\"@id\":\"https:\\\/\\\/www.eldigitaldeasturias.com\\\/noticias\\\/#organization\",\"name\":\"El Digital de Asturias\",\"description\":\"Hemeroteca\",\"url\":\"https:\\\/\\\/www.eldigitaldeasturias.com\\\/noticias\\\/\",\"email\":\"info@eldigitaldeasturias.com\",\"telephone\":\"+34652131393\",\"logo\":{\"@type\":\"ImageObject\",\"url\":\"https:\\\/\\\/www.eldigitaldeasturias.com\\\/noticias\\\/wp-content\\\/uploads\\\/2020\\\/12\\\/EDA.jpg\",\"@id\":\"https:\\\/\\\/www.eldigitaldeasturias.com\\\/noticias\\\/el-principado-movilizara-234-millones-en-programa-de-garantia-habitacional\\\/#organizationLogo\",\"width\":649,\"height\":297},\"image\":{\"@id\":\"https:\\\/\\\/www.eldigitaldeasturias.com\\\/noticias\\\/el-principado-movilizara-234-millones-en-programa-de-garantia-habitacional\\\/#organizationLogo\"},\"sameAs\":[\"https:\\\/\\\/facebook.com\\\/eldigitaldeasturias\",\"https:\\\/\\\/www.youtube.com\\\/channel\\\/UCZP-2wLEB9Rv6erhFmqVnvg\"],\"address\":{\"@id\":\"https:\\\/\\\/www.eldigitaldeasturias.com\\\/noticias\\\/#postaladdress\",\"@type\":\"PostalAddress\",\"streetAddress\":\"san antonio 4,\",\"postalCode\":\"33430\",\"addressLocality\":\"Cand\\u00e1s\",\"addressRegion\":\"Asturias\",\"addressCountry\":\"ES\"}},{\"@type\":\"Person\",\"@id\":\"https:\\\/\\\/www.eldigitaldeasturias.com\\\/noticias\\\/author\\\/admin\\\/#author\",\"url\":\"https:\\\/\\\/www.eldigitaldeasturias.com\\\/noticias\\\/author\\\/admin\\\/\",\"name\":\"El Digital de Asturias\",\"image\":{\"@type\":\"ImageObject\",\"@id\":\"https:\\\/\\\/www.eldigitaldeasturias.com\\\/noticias\\\/el-principado-movilizara-234-millones-en-programa-de-garantia-habitacional\\\/#authorImage\",\"url\":\"https:\\\/\\\/www.eldigitaldeasturias.com\\\/noticias\\\/wp-content\\\/litespeed\\\/avatar\\\/18677e78aa0546b92d9dbf31ec7d7668.jpg?ver=1777290358\",\"width\":96,\"height\":96,\"caption\":\"El Digital de Asturias\"}},{\"@type\":\"WebPage\",\"@id\":\"https:\\\/\\\/www.eldigitaldeasturias.com\\\/noticias\\\/el-principado-movilizara-234-millones-en-programa-de-garantia-habitacional\\\/#webpage\",\"url\":\"https:\\\/\\\/www.eldigitaldeasturias.com\\\/noticias\\\/el-principado-movilizara-234-millones-en-programa-de-garantia-habitacional\\\/\",\"name\":\"El Principado movilizar\\u00e1 23,4 millones en Programa de garant\\u00eda habitacional - El Digital de Asturias\",\"description\":\"La consejera de Servicios y Derechos Sociales, Pilar Varela, ha presentado este mi\\u00e9rcoles al Consejo de Gobierno el Programa de Garant\\u00eda Habitacional, que recoge 22 l\\u00edneas de actuaci\\u00f3n que se pondr\\u00e1n en marcha este a\\u00f1o para evitar que las familias que atraviesan dificultades econ\\u00f3micas pierdan su vivienda habitual. Seg\\u00fan ha explicado en posterior rueda de\",\"inLanguage\":\"es-ES\",\"isPartOf\":{\"@id\":\"https:\\\/\\\/www.eldigitaldeasturias.com\\\/noticias\\\/#website\"},\"breadcrumb\":{\"@id\":\"https:\\\/\\\/www.eldigitaldeasturias.com\\\/noticias\\\/el-principado-movilizara-234-millones-en-programa-de-garantia-habitacional\\\/#breadcrumblist\"},\"author\":{\"@id\":\"https:\\\/\\\/www.eldigitaldeasturias.com\\\/noticias\\\/author\\\/admin\\\/#author\"},\"creator\":{\"@id\":\"https:\\\/\\\/www.eldigitaldeasturias.com\\\/noticias\\\/author\\\/admin\\\/#author\"},\"image\":{\"@type\":\"ImageObject\",\"url\":\"https:\\\/\\\/www.eldigitaldeasturias.com\\\/noticias\\\/wp-content\\\/uploads\\\/2016\\\/02\\\/fotonoticia_20160203134032_800.jpg\",\"@id\":\"https:\\\/\\\/www.eldigitaldeasturias.com\\\/noticias\\\/el-principado-movilizara-234-millones-en-programa-de-garantia-habitacional\\\/#mainImage\",\"width\":800,\"height\":516},\"primaryImageOfPage\":{\"@id\":\"https:\\\/\\\/www.eldigitaldeasturias.com\\\/noticias\\\/el-principado-movilizara-234-millones-en-programa-de-garantia-habitacional\\\/#mainImage\"},\"datePublished\":\"2016-02-03T18:08:47+01:00\",\"dateModified\":\"2016-02-03T18:08:47+01:00\"},{\"@type\":\"WebSite\",\"@id\":\"https:\\\/\\\/www.eldigitaldeasturias.com\\\/noticias\\\/#website\",\"url\":\"https:\\\/\\\/www.eldigitaldeasturias.com\\\/noticias\\\/\",\"name\":\"El Digital de Asturias - Diario de actualidad y noticias\",\"alternateName\":\"El Digital de Asturias - Diario de actualidad y noticias\",\"description\":\"Hemeroteca\",\"inLanguage\":\"es-ES\",\"publisher\":{\"@id\":\"https:\\\/\\\/www.eldigitaldeasturias.com\\\/noticias\\\/#organization\"}}]}\n\t\t<\/script>\n\t\t<!-- All in One SEO Pro -->\r\n\t\t<title>El Principado movilizar\u00e1 23,4 millones en Programa de garant\u00eda habitacional - El Digital de Asturias<\/title>\n\n","aioseo_head_json":{"title":"El Principado movilizar\u00e1 23,4 millones en Programa de garant\u00eda habitacional - El Digital de Asturias","description":"La consejera de Servicios y Derechos Sociales, Pilar Varela, ha presentado este mi\u00e9rcoles al Consejo de Gobierno el Programa de Garant\u00eda Habitacional, que recoge 22 l\u00edneas de actuaci\u00f3n que se pondr\u00e1n en marcha este a\u00f1o para evitar que las familias que atraviesan dificultades econ\u00f3micas pierdan su vivienda habitual. Seg\u00fan ha explicado en posterior rueda de","canonical_url":"https:\/\/www.eldigitaldeasturias.com\/noticias\/el-principado-movilizara-234-millones-en-programa-de-garantia-habitacional\/","robots":"max-image-preview:large","keywords":"actualidad asturias","webmasterTools":{"google-site-verification":"UA-38556648-1","msvalidate.01":"7dfe9f3f1b24437ab69f4f2559babe99","miscellaneous":""},"schema":{"@context":"https:\/\/schema.org","@graph":[{"@type":"BlogPosting","@id":"https:\/\/www.eldigitaldeasturias.com\/noticias\/el-principado-movilizara-234-millones-en-programa-de-garantia-habitacional\/#blogposting","name":"El Principado movilizar\u00e1 23,4 millones en Programa de garant\u00eda habitacional - El Digital de Asturias","headline":"El Principado movilizar\u00e1 23,4 millones en Programa de garant\u00eda habitacional","author":{"@id":"https:\/\/www.eldigitaldeasturias.com\/noticias\/author\/admin\/#author"},"publisher":{"@id":"https:\/\/www.eldigitaldeasturias.com\/noticias\/#organization"},"image":{"@type":"ImageObject","url":"https:\/\/www.eldigitaldeasturias.com\/noticias\/wp-content\/uploads\/2016\/02\/fotonoticia_20160203134032_800.jpg","width":800,"height":516},"datePublished":"2016-02-03T18:08:47+01:00","dateModified":"2016-02-03T18:08:47+01:00","inLanguage":"es-ES","mainEntityOfPage":{"@id":"https:\/\/www.eldigitaldeasturias.com\/noticias\/el-principado-movilizara-234-millones-en-programa-de-garantia-habitacional\/#webpage"},"isPartOf":{"@id":"https:\/\/www.eldigitaldeasturias.com\/noticias\/el-principado-movilizara-234-millones-en-programa-de-garantia-habitacional\/#webpage"},"articleSection":"Actualidad Asturias"},{"@type":"BreadcrumbList","@id":"https:\/\/www.eldigitaldeasturias.com\/noticias\/el-principado-movilizara-234-millones-en-programa-de-garantia-habitacional\/#breadcrumblist","itemListElement":[{"@type":"ListItem","@id":"https:\/\/www.eldigitaldeasturias.com\/noticias#listItem","position":1,"name":"Home","item":"https:\/\/www.eldigitaldeasturias.com\/noticias","nextItem":{"@type":"ListItem","@id":"https:\/\/www.eldigitaldeasturias.com\/noticias\/category\/actualidad-asturias\/#listItem","name":"Actualidad Asturias"}},{"@type":"ListItem","@id":"https:\/\/www.eldigitaldeasturias.com\/noticias\/category\/actualidad-asturias\/#listItem","position":2,"name":"Actualidad Asturias","item":"https:\/\/www.eldigitaldeasturias.com\/noticias\/category\/actualidad-asturias\/","nextItem":{"@type":"ListItem","@id":"https:\/\/www.eldigitaldeasturias.com\/noticias\/el-principado-movilizara-234-millones-en-programa-de-garantia-habitacional\/#listItem","name":"El Principado movilizar\u00e1 23,4 millones en Programa de garant\u00eda habitacional"},"previousItem":{"@type":"ListItem","@id":"https:\/\/www.eldigitaldeasturias.com\/noticias#listItem","name":"Home"}},{"@type":"ListItem","@id":"https:\/\/www.eldigitaldeasturias.com\/noticias\/el-principado-movilizara-234-millones-en-programa-de-garantia-habitacional\/#listItem","position":3,"name":"El Principado movilizar\u00e1 23,4 millones en Programa de garant\u00eda habitacional","previousItem":{"@type":"ListItem","@id":"https:\/\/www.eldigitaldeasturias.com\/noticias\/category\/actualidad-asturias\/#listItem","name":"Actualidad Asturias"}}]},{"@type":"Organization","@id":"https:\/\/www.eldigitaldeasturias.com\/noticias\/#organization","name":"El Digital de Asturias","description":"Hemeroteca","url":"https:\/\/www.eldigitaldeasturias.com\/noticias\/","email":"info@eldigitaldeasturias.com","telephone":"+34652131393","logo":{"@type":"ImageObject","url":"https:\/\/www.eldigitaldeasturias.com\/noticias\/wp-content\/uploads\/2020\/12\/EDA.jpg","@id":"https:\/\/www.eldigitaldeasturias.com\/noticias\/el-principado-movilizara-234-millones-en-programa-de-garantia-habitacional\/#organizationLogo","width":649,"height":297},"image":{"@id":"https:\/\/www.eldigitaldeasturias.com\/noticias\/el-principado-movilizara-234-millones-en-programa-de-garantia-habitacional\/#organizationLogo"},"sameAs":["https:\/\/facebook.com\/eldigitaldeasturias","https:\/\/www.youtube.com\/channel\/UCZP-2wLEB9Rv6erhFmqVnvg"],"address":{"@id":"https:\/\/www.eldigitaldeasturias.com\/noticias\/#postaladdress","@type":"PostalAddress","streetAddress":"san antonio 4,","postalCode":"33430","addressLocality":"Cand\u00e1s","addressRegion":"Asturias","addressCountry":"ES"}},{"@type":"Person","@id":"https:\/\/www.eldigitaldeasturias.com\/noticias\/author\/admin\/#author","url":"https:\/\/www.eldigitaldeasturias.com\/noticias\/author\/admin\/","name":"El Digital de Asturias","image":{"@type":"ImageObject","@id":"https:\/\/www.eldigitaldeasturias.com\/noticias\/el-principado-movilizara-234-millones-en-programa-de-garantia-habitacional\/#authorImage","url":"https:\/\/www.eldigitaldeasturias.com\/noticias\/wp-content\/litespeed\/avatar\/18677e78aa0546b92d9dbf31ec7d7668.jpg?ver=1777290358","width":96,"height":96,"caption":"El Digital de Asturias"}},{"@type":"WebPage","@id":"https:\/\/www.eldigitaldeasturias.com\/noticias\/el-principado-movilizara-234-millones-en-programa-de-garantia-habitacional\/#webpage","url":"https:\/\/www.eldigitaldeasturias.com\/noticias\/el-principado-movilizara-234-millones-en-programa-de-garantia-habitacional\/","name":"El Principado movilizar\u00e1 23,4 millones en Programa de garant\u00eda habitacional - El Digital de Asturias","description":"La consejera de Servicios y Derechos Sociales, Pilar Varela, ha presentado este mi\u00e9rcoles al Consejo de Gobierno el Programa de Garant\u00eda Habitacional, que recoge 22 l\u00edneas de actuaci\u00f3n que se pondr\u00e1n en marcha este a\u00f1o para evitar que las familias que atraviesan dificultades econ\u00f3micas pierdan su vivienda habitual. Seg\u00fan ha explicado en posterior rueda de","inLanguage":"es-ES","isPartOf":{"@id":"https:\/\/www.eldigitaldeasturias.com\/noticias\/#website"},"breadcrumb":{"@id":"https:\/\/www.eldigitaldeasturias.com\/noticias\/el-principado-movilizara-234-millones-en-programa-de-garantia-habitacional\/#breadcrumblist"},"author":{"@id":"https:\/\/www.eldigitaldeasturias.com\/noticias\/author\/admin\/#author"},"creator":{"@id":"https:\/\/www.eldigitaldeasturias.com\/noticias\/author\/admin\/#author"},"image":{"@type":"ImageObject","url":"https:\/\/www.eldigitaldeasturias.com\/noticias\/wp-content\/uploads\/2016\/02\/fotonoticia_20160203134032_800.jpg","@id":"https:\/\/www.eldigitaldeasturias.com\/noticias\/el-principado-movilizara-234-millones-en-programa-de-garantia-habitacional\/#mainImage","width":800,"height":516},"primaryImageOfPage":{"@id":"https:\/\/www.eldigitaldeasturias.com\/noticias\/el-principado-movilizara-234-millones-en-programa-de-garantia-habitacional\/#mainImage"},"datePublished":"2016-02-03T18:08:47+01:00","dateModified":"2016-02-03T18:08:47+01:00"},{"@type":"WebSite","@id":"https:\/\/www.eldigitaldeasturias.com\/noticias\/#website","url":"https:\/\/www.eldigitaldeasturias.com\/noticias\/","name":"El Digital de Asturias - Diario de actualidad y noticias","alternateName":"El Digital de Asturias - Diario de actualidad y noticias","description":"Hemeroteca","inLanguage":"es-ES","publisher":{"@id":"https:\/\/www.eldigitaldeasturias.com\/noticias\/#organization"}}]},"og:locale":"es_ES","og:site_name":"El Digital de Asturias","og:type":"article","og:title":"El Principado movilizar\u00e1 23,4 millones en Programa de garant\u00eda habitacional - El Digital de Asturias","og:description":"La consejera de Servicios y Derechos Sociales, Pilar Varela, ha presentado este mi\u00e9rcoles al Consejo de Gobierno el Programa de Garant\u00eda Habitacional, que recoge 22 l\u00edneas de actuaci\u00f3n que se pondr\u00e1n en marcha este a\u00f1o para evitar que las familias que atraviesan dificultades econ\u00f3micas pierdan su vivienda habitual. Seg\u00fan ha explicado en posterior rueda de","og:url":"https:\/\/www.eldigitaldeasturias.com\/noticias\/el-principado-movilizara-234-millones-en-programa-de-garantia-habitacional\/","og:image":"https:\/\/www.eldigitaldeasturias.com\/noticias\/wp-content\/uploads\/2016\/02\/fotonoticia_20160203134032_800.jpg","og:image:secure_url":"https:\/\/www.eldigitaldeasturias.com\/noticias\/wp-content\/uploads\/2016\/02\/fotonoticia_20160203134032_800.jpg","og:image:width":800,"og:image:height":516,"article:tag":["actualidad asturias"],"article:published_time":"2016-02-03T18:08:47+00:00","article:modified_time":"2016-02-03T18:08:47+00:00","article:publisher":"https:\/\/facebook.com\/eldigitaldeasturias","twitter:card":"summary_large_image","twitter:title":"El Principado movilizar\u00e1 23,4 millones en Programa de garant\u00eda habitacional - El Digital de Asturias","twitter:description":"La consejera de Servicios y Derechos Sociales, Pilar Varela, ha presentado este mi\u00e9rcoles al Consejo de Gobierno el Programa de Garant\u00eda Habitacional, que recoge 22 l\u00edneas de actuaci\u00f3n que se pondr\u00e1n en marcha este a\u00f1o para evitar que las familias que atraviesan dificultades econ\u00f3micas pierdan su vivienda habitual. Seg\u00fan ha explicado en posterior rueda de","twitter:image":"https:\/\/www.eldigitaldeasturias.com\/noticias\/wp-content\/uploads\/2016\/02\/fotonoticia_20160203134032_800.jpg","twitter:label1":"Escrito por","twitter:data1":"El Digital de Asturias","twitter:label2":"Tiempo de lectura estimado","twitter:data2":"2 minutos"},"aioseo_meta_data":{"post_id":"853512","title":null,"description":null,"keywords":null,"keyphrases":null,"primary_term":null,"canonical_url":null,"og_title":null,"og_description":null,"og_object_type":"default","og_image_type":"default","og_image_url":null,"og_image_width":null,"og_image_height":null,"og_image_custom_url":null,"og_image_custom_fields":null,"og_video":null,"og_custom_url":null,"og_article_section":null,"og_article_tags":null,"twitter_use_og":false,"twitter_card":"default","twitter_image_type":"default","twitter_image_url":null,"twitter_image_custom_url":null,"twitter_image_custom_fields":null,"twitter_title":null,"twitter_description":null,"schema":{"blockGraphs":[],"customGraphs":[],"default":{"data":{"Article":[],"Course":[],"Dataset":[],"FAQPage":[],"Movie":[],"Person":[],"Product":[],"ProductReview":[],"Car":[],"Recipe":[],"Service":[],"SoftwareApplication":[],"WebPage":[]},"graphName":"","isEnabled":true},"graphs":[],"defaultGraph":"","defaultPostTypeGraph":""},"schema_type":null,"schema_type_options":null,"pillar_content":false,"robots_default":true,"robots_noindex":false,"robots_noarchive":false,"robots_nosnippet":false,"robots_nofollow":false,"robots_noimageindex":false,"robots_noodp":false,"robots_notranslate":false,"robots_max_snippet":null,"robots_max_videopreview":null,"robots_max_imagepreview":"large","priority":null,"frequency":null,"local_seo":null,"seo_analyzer_scan_date":"2025-12-09 18:16:08","breadcrumb_settings":null,"limit_modified_date":false,"open_ai":null,"ai":null,"created":"2021-01-23 14:09:17","updated":"2025-12-09 18:16:08"},"aioseo_breadcrumb":"<div class=\"aioseo-breadcrumbs\"><span class=\"aioseo-breadcrumb\">\n\t<a href=\"https:\/\/www.eldigitaldeasturias.com\/noticias\" title=\"Home\">Home<\/a>\n<\/span><span class=\"aioseo-breadcrumb-separator\">\u2013<\/span><span class=\"aioseo-breadcrumb\">\n\t<a href=\"https:\/\/www.eldigitaldeasturias.com\/noticias\/category\/actualidad-asturias\/\" title=\"Actualidad Asturias\">Actualidad Asturias<\/a>\n<\/span><span class=\"aioseo-breadcrumb-separator\">\u2013<\/span><span class=\"aioseo-breadcrumb\">\n\t<a href=\"https:\/\/www.eldigitaldeasturias.com\/noticias\/el-principado-movilizara-234-millones-en-programa-de-garantia-habitacional\/\" title=\"El Principado movilizar\u00e1 23,4 millones en Programa de garant\u00eda habitacional\">El Principado movilizar\u00e1 23,4 millones en Programa de garant\u00eda habitacional<\/a>\n<\/span><\/div>","aioseo_breadcrumb_json":[{"label":"Home","link":"https:\/\/www.eldigitaldeasturias.com\/noticias"},{"label":"Actualidad Asturias","link":"https:\/\/www.eldigitaldeasturias.com\/noticias\/category\/actualidad-asturias\/"},{"label":"El Principado movilizar\u00e1 23,4 millones en Programa de garant\u00eda habitacional","link":"https:\/\/www.eldigitaldeasturias.com\/noticias\/el-principado-movilizara-234-millones-en-programa-de-garantia-habitacional\/"}],"_links":{"self":[{"href":"https:\/\/www.eldigitaldeasturias.com\/noticias\/wp-json\/wp\/v2\/posts\/853512","targetHints":{"allow":["GET"]}}],"collection":[{"href":"https:\/\/www.eldigitaldeasturias.com\/noticias\/wp-json\/wp\/v2\/posts"}],"about":[{"href":"https:\/\/www.eldigitaldeasturias.com\/noticias\/wp-json\/wp\/v2\/types\/post"}],"author":[{"embeddable":true,"href":"https:\/\/www.eldigitaldeasturias.com\/noticias\/wp-json\/wp\/v2\/users\/1"}],"replies":[{"embeddable":true,"href":"https:\/\/www.eldigitaldeasturias.com\/noticias\/wp-json\/wp\/v2\/comments?post=853512"}],"version-history":[{"count":0,"href":"https:\/\/www.eldigitaldeasturias.com\/noticias\/wp-json\/wp\/v2\/posts\/853512\/revisions"}],"wp:featuredmedia":[{"embeddable":true,"href":"https:\/\/www.eldigitaldeasturias.com\/noticias\/wp-json\/wp\/v2\/media\/853513"}],"wp:attachment":[{"href":"https:\/\/www.eldigitaldeasturias.com\/noticias\/wp-json\/wp\/v2\/media?parent=853512"}],"wp:term":[{"taxonomy":"category","embeddable":true,"href":"https:\/\/www.eldigitaldeasturias.com\/noticias\/wp-json\/wp\/v2\/categories?post=853512"},{"taxonomy":"post_tag","embeddable":true,"href":"https:\/\/www.eldigitaldeasturias.com\/noticias\/wp-json\/wp\/v2\/tags?post=853512"}],"curies":[{"name":"wp","href":"https:\/\/api.w.org\/{rel}","templated":true}]}}