{"id":853509,"date":"2016-02-03T18:07:42","date_gmt":"2016-02-03T18:07:42","guid":{"rendered":"http:\/\/www.eldigitaldeasturias.com\/noticias\/?p=853509"},"modified":"2016-02-03T18:07:42","modified_gmt":"2016-02-03T18:07:42","slug":"nestle-ha-invertido-mas-de-380-millones-de-euros-en-sus-centros-de-produccion-espanoles","status":"publish","type":"post","link":"https:\/\/www.eldigitaldeasturias.com\/noticias\/nestle-ha-invertido-mas-de-380-millones-de-euros-en-sus-centros-de-produccion-espanoles\/","title":{"rendered":"Nestl\u00e9 ha invertido m\u00e1s de 380 millones de euros en sus centros de producci\u00f3n espa\u00f1oles"},"content":{"rendered":"<p><img loading=\"lazy\" decoding=\"async\" class=\"alignleft size-medium wp-image-853510\" src=\"https:\/\/www.eldigitaldeasturias.com\/noticias\/wp-content\/uploads\/2016\/02\/fotonoticia_20160203133702_800-360x270.jpg\" alt=\"fotonoticia_20160203133702_800\" width=\"360\" height=\"270\" srcset=\"https:\/\/www.eldigitaldeasturias.com\/noticias\/wp-content\/uploads\/2016\/02\/fotonoticia_20160203133702_800-360x270.jpg 360w, https:\/\/www.eldigitaldeasturias.com\/noticias\/wp-content\/uploads\/2016\/02\/fotonoticia_20160203133702_800-768x576.jpg 768w, https:\/\/www.eldigitaldeasturias.com\/noticias\/wp-content\/uploads\/2016\/02\/fotonoticia_20160203133702_800-650x488.jpg 650w, https:\/\/www.eldigitaldeasturias.com\/noticias\/wp-content\/uploads\/2016\/02\/fotonoticia_20160203133702_800-125x95.jpg 125w, https:\/\/www.eldigitaldeasturias.com\/noticias\/wp-content\/uploads\/2016\/02\/fotonoticia_20160203133702_800-100x75.jpg 100w, https:\/\/www.eldigitaldeasturias.com\/noticias\/wp-content\/uploads\/2016\/02\/fotonoticia_20160203133702_800.jpg 800w\" sizes=\"auto, (max-width: 360px) 100vw, 360px\" \/>Nestl\u00e9 ha invertido en los centros de producci\u00f3n de la compa\u00f1\u00eda, ubicados en Gij\u00f3n y Sevares (Asturias), Pontecesures (Pontevedra), Araia (\u00c1lava), Viladrau (Girona), Castellbisbal (Barcelona), Reus (Tarragona), Miajadas (C\u00e1ceres) y Herrera del Duque (Badajoz), 96 millones de euros desde 2010.<\/p>\n<p>Adem\u00e1s, la multinacional agroalimentaria ha se\u00f1alado que el 74 por ciento de la inversi\u00f3n que ha realizado desde el 2010 hasta el 2015 est\u00e1 destinada a mejoras de productividad y renovaci\u00f3n de instalaciones y en concreto se ha dirigido a las f\u00e1bricas de Girona &#8211;de caf\u00e9 soluble&#8211; y La Penilla (Cantabria), que produce leche en polvo, harinas para alimentaci\u00f3n infantil, cacao soluble y chocolates y emplea a 800 trabajadores.<\/p>\n<p>En concreto, las instalaciones de Girona, donde trabajan 700 empleados, incluyen la f\u00e1brica de caf\u00e9 soluble Nescaf\u00e9 y descafeinado de caf\u00e9 verde, en funcionamiento desde 1968, as\u00ed como la planta de producci\u00f3n de c\u00e1psulas de Nescaf\u00e9 Dolce Gusto, operativa desde 2009, y donde se procesan anualmente 80.000 toneladas de caf\u00e9 verde, m\u00e1s del 1% de la producci\u00f3n mundial de caf\u00e9, ha informado Nestl\u00e9 en un comunicado este mi\u00e9rcoles.<\/p>\n<p>El director general de Nestl\u00e9 Espa\u00f1a, Laurent Dereux, ha destacado que la multinacional suiza ha mantenido un \u00abalto ritmo inversor\u00bb en los a\u00f1os m\u00e1s duros de la crisis econ\u00f3mica, lo que demuestra la competitividad de las f\u00e1bricas espa\u00f1olas, donde trabajan 5.500 personas.<\/p>\n<p>La inversi\u00f3n del ejercicio 2015 ascendi\u00f3 a 49 millones de euros, de los que algo m\u00e1s de un 10% corresponden a la inversi\u00f3n de 102 millones para construir unas nuevas instalaciones dedicadas a la producci\u00f3n de Nescaf\u00e9 en Girona, unas obras que acabar\u00e1n a finales de 2017.<\/p>\n<p>En cuanto al resto de anualidades, el a\u00f1o 2011 fue el que comport\u00f3 un mayor esfuerzo inversor, con 97 millones de euros, seguido de 2012, que cont\u00f3 con una inversi\u00f3n de 83 millones de euros.<\/p>\n","protected":false},"excerpt":{"rendered":"<p>Nestl\u00e9 ha invertido en los centros de producci\u00f3n de la compa\u00f1\u00eda, ubicados en Gij\u00f3n y Sevares (Asturias), Pontecesures (Pontevedra), Araia (\u00c1lava), Viladrau (Girona), Castellbisbal (Barcelona), Reus (Tarragona), Miajadas (C\u00e1ceres) y Herrera del Duque (Badajoz), 96 millones de euros desde 2010. Adem\u00e1s, la multinacional agroalimentaria ha se\u00f1alado que el 74 por ciento de la inversi\u00f3n que [&hellip;]<\/p>\n","protected":false},"author":1,"featured_media":853510,"comment_status":"closed","ping_status":"closed","sticky":false,"template":"","format":"standard","meta":{"footnotes":""},"categories":[12],"tags":[],"class_list":["post-853509","post","type-post","status-publish","format-standard","has-post-thumbnail","hentry","category-actualidad-asturias"],"aioseo_notices":[],"aioseo_head":"\n\t\t<!-- All in One SEO Pro 4.9.6.2 - aioseo.com -->\n\t<meta name=\"description\" content=\"Nestl\u00e9 ha invertido en los centros de producci\u00f3n de la compa\u00f1\u00eda, ubicados en Gij\u00f3n y Sevares (Asturias), Pontecesures (Pontevedra), Araia (\u00c1lava), Viladrau (Girona), Castellbisbal (Barcelona), Reus (Tarragona), Miajadas (C\u00e1ceres) y Herrera del Duque (Badajoz), 96 millones de euros desde 2010. Adem\u00e1s, la multinacional agroalimentaria ha se\u00f1alado que el 74 por ciento de la inversi\u00f3n que\" \/>\n\t<meta name=\"robots\" content=\"max-image-preview:large\" \/>\n\t<meta name=\"author\" content=\"El Digital de Asturias\"\/>\n\t<meta name=\"google-site-verification\" content=\"UA-38556648-1\" \/>\n\t<meta name=\"msvalidate.01\" content=\"7dfe9f3f1b24437ab69f4f2559babe99\" \/>\n\t<meta name=\"keywords\" content=\"actualidad asturias\" \/>\n\t<link rel=\"canonical\" href=\"https:\/\/www.eldigitaldeasturias.com\/noticias\/nestle-ha-invertido-mas-de-380-millones-de-euros-en-sus-centros-de-produccion-espanoles\/\" \/>\n\t<meta name=\"generator\" content=\"All in One SEO Pro (AIOSEO) 4.9.6.2\" \/>\n\t\t<meta property=\"og:locale\" content=\"es_ES\" \/>\n\t\t<meta property=\"og:site_name\" content=\"El Digital de Asturias\" \/>\n\t\t<meta property=\"og:type\" content=\"article\" \/>\n\t\t<meta property=\"og:title\" content=\"Nestl\u00e9 ha invertido m\u00e1s de 380 millones de euros en sus centros de producci\u00f3n espa\u00f1oles - El Digital de Asturias\" \/>\n\t\t<meta property=\"og:description\" content=\"Nestl\u00e9 ha invertido en los centros de producci\u00f3n de la compa\u00f1\u00eda, ubicados en Gij\u00f3n y Sevares (Asturias), Pontecesures (Pontevedra), Araia (\u00c1lava), Viladrau (Girona), Castellbisbal (Barcelona), Reus (Tarragona), Miajadas (C\u00e1ceres) y Herrera del Duque (Badajoz), 96 millones de euros desde 2010. Adem\u00e1s, la multinacional agroalimentaria ha se\u00f1alado que el 74 por ciento de la inversi\u00f3n que\" \/>\n\t\t<meta property=\"og:url\" content=\"https:\/\/www.eldigitaldeasturias.com\/noticias\/nestle-ha-invertido-mas-de-380-millones-de-euros-en-sus-centros-de-produccion-espanoles\/\" \/>\n\t\t<meta property=\"og:image\" content=\"https:\/\/www.eldigitaldeasturias.com\/noticias\/wp-content\/uploads\/2016\/02\/fotonoticia_20160203133702_800.jpg\" \/>\n\t\t<meta property=\"og:image:secure_url\" content=\"https:\/\/www.eldigitaldeasturias.com\/noticias\/wp-content\/uploads\/2016\/02\/fotonoticia_20160203133702_800.jpg\" \/>\n\t\t<meta property=\"og:image:width\" content=\"800\" \/>\n\t\t<meta property=\"og:image:height\" content=\"600\" \/>\n\t\t<meta property=\"article:tag\" content=\"actualidad asturias\" \/>\n\t\t<meta property=\"article:published_time\" content=\"2016-02-03T18:07:42+00:00\" \/>\n\t\t<meta property=\"article:modified_time\" content=\"2016-02-03T18:07:42+00:00\" \/>\n\t\t<meta property=\"article:publisher\" content=\"https:\/\/facebook.com\/eldigitaldeasturias\" \/>\n\t\t<meta name=\"twitter:card\" content=\"summary_large_image\" \/>\n\t\t<meta name=\"twitter:title\" content=\"Nestl\u00e9 ha invertido m\u00e1s de 380 millones de euros en sus centros de producci\u00f3n espa\u00f1oles - El Digital de Asturias\" \/>\n\t\t<meta name=\"twitter:description\" content=\"Nestl\u00e9 ha invertido en los centros de producci\u00f3n de la compa\u00f1\u00eda, ubicados en Gij\u00f3n y Sevares (Asturias), Pontecesures (Pontevedra), Araia (\u00c1lava), Viladrau (Girona), Castellbisbal (Barcelona), Reus (Tarragona), Miajadas (C\u00e1ceres) y Herrera del Duque (Badajoz), 96 millones de euros desde 2010. Adem\u00e1s, la multinacional agroalimentaria ha se\u00f1alado que el 74 por ciento de la inversi\u00f3n que\" \/>\n\t\t<meta name=\"twitter:image\" content=\"https:\/\/www.eldigitaldeasturias.com\/noticias\/wp-content\/uploads\/2016\/02\/fotonoticia_20160203133702_800.jpg\" \/>\n\t\t<meta name=\"twitter:label1\" content=\"Escrito por\" \/>\n\t\t<meta name=\"twitter:data1\" content=\"El Digital de Asturias\" \/>\n\t\t<meta name=\"twitter:label2\" content=\"Tiempo de lectura estimado\" \/>\n\t\t<meta name=\"twitter:data2\" content=\"2 minutos\" \/>\n\t\t<script type=\"application\/ld+json\" class=\"aioseo-schema\">\n\t\t\t{\"@context\":\"https:\\\/\\\/schema.org\",\"@graph\":[{\"@type\":\"BlogPosting\",\"@id\":\"https:\\\/\\\/www.eldigitaldeasturias.com\\\/noticias\\\/nestle-ha-invertido-mas-de-380-millones-de-euros-en-sus-centros-de-produccion-espanoles\\\/#blogposting\",\"name\":\"Nestl\\u00e9 ha invertido m\\u00e1s de 380 millones de euros en sus centros de producci\\u00f3n espa\\u00f1oles - El Digital de Asturias\",\"headline\":\"Nestl\\u00e9 ha invertido m\\u00e1s de 380 millones de euros en sus centros de producci\\u00f3n espa\\u00f1oles\",\"author\":{\"@id\":\"https:\\\/\\\/www.eldigitaldeasturias.com\\\/noticias\\\/author\\\/admin\\\/#author\"},\"publisher\":{\"@id\":\"https:\\\/\\\/www.eldigitaldeasturias.com\\\/noticias\\\/#organization\"},\"image\":{\"@type\":\"ImageObject\",\"url\":\"https:\\\/\\\/www.eldigitaldeasturias.com\\\/noticias\\\/wp-content\\\/uploads\\\/2016\\\/02\\\/fotonoticia_20160203133702_800.jpg\",\"width\":800,\"height\":600},\"datePublished\":\"2016-02-03T18:07:42+01:00\",\"dateModified\":\"2016-02-03T18:07:42+01:00\",\"inLanguage\":\"es-ES\",\"mainEntityOfPage\":{\"@id\":\"https:\\\/\\\/www.eldigitaldeasturias.com\\\/noticias\\\/nestle-ha-invertido-mas-de-380-millones-de-euros-en-sus-centros-de-produccion-espanoles\\\/#webpage\"},\"isPartOf\":{\"@id\":\"https:\\\/\\\/www.eldigitaldeasturias.com\\\/noticias\\\/nestle-ha-invertido-mas-de-380-millones-de-euros-en-sus-centros-de-produccion-espanoles\\\/#webpage\"},\"articleSection\":\"Actualidad Asturias\"},{\"@type\":\"BreadcrumbList\",\"@id\":\"https:\\\/\\\/www.eldigitaldeasturias.com\\\/noticias\\\/nestle-ha-invertido-mas-de-380-millones-de-euros-en-sus-centros-de-produccion-espanoles\\\/#breadcrumblist\",\"itemListElement\":[{\"@type\":\"ListItem\",\"@id\":\"https:\\\/\\\/www.eldigitaldeasturias.com\\\/noticias#listItem\",\"position\":1,\"name\":\"Home\",\"item\":\"https:\\\/\\\/www.eldigitaldeasturias.com\\\/noticias\",\"nextItem\":{\"@type\":\"ListItem\",\"@id\":\"https:\\\/\\\/www.eldigitaldeasturias.com\\\/noticias\\\/category\\\/actualidad-asturias\\\/#listItem\",\"name\":\"Actualidad Asturias\"}},{\"@type\":\"ListItem\",\"@id\":\"https:\\\/\\\/www.eldigitaldeasturias.com\\\/noticias\\\/category\\\/actualidad-asturias\\\/#listItem\",\"position\":2,\"name\":\"Actualidad Asturias\",\"item\":\"https:\\\/\\\/www.eldigitaldeasturias.com\\\/noticias\\\/category\\\/actualidad-asturias\\\/\",\"nextItem\":{\"@type\":\"ListItem\",\"@id\":\"https:\\\/\\\/www.eldigitaldeasturias.com\\\/noticias\\\/nestle-ha-invertido-mas-de-380-millones-de-euros-en-sus-centros-de-produccion-espanoles\\\/#listItem\",\"name\":\"Nestl\\u00e9 ha invertido m\\u00e1s de 380 millones de euros en sus centros de producci\\u00f3n espa\\u00f1oles\"},\"previousItem\":{\"@type\":\"ListItem\",\"@id\":\"https:\\\/\\\/www.eldigitaldeasturias.com\\\/noticias#listItem\",\"name\":\"Home\"}},{\"@type\":\"ListItem\",\"@id\":\"https:\\\/\\\/www.eldigitaldeasturias.com\\\/noticias\\\/nestle-ha-invertido-mas-de-380-millones-de-euros-en-sus-centros-de-produccion-espanoles\\\/#listItem\",\"position\":3,\"name\":\"Nestl\\u00e9 ha invertido m\\u00e1s de 380 millones de euros en sus centros de producci\\u00f3n espa\\u00f1oles\",\"previousItem\":{\"@type\":\"ListItem\",\"@id\":\"https:\\\/\\\/www.eldigitaldeasturias.com\\\/noticias\\\/category\\\/actualidad-asturias\\\/#listItem\",\"name\":\"Actualidad Asturias\"}}]},{\"@type\":\"Organization\",\"@id\":\"https:\\\/\\\/www.eldigitaldeasturias.com\\\/noticias\\\/#organization\",\"name\":\"El Digital de Asturias\",\"description\":\"Hemeroteca\",\"url\":\"https:\\\/\\\/www.eldigitaldeasturias.com\\\/noticias\\\/\",\"email\":\"info@eldigitaldeasturias.com\",\"telephone\":\"+34652131393\",\"logo\":{\"@type\":\"ImageObject\",\"url\":\"https:\\\/\\\/www.eldigitaldeasturias.com\\\/noticias\\\/wp-content\\\/uploads\\\/2020\\\/12\\\/EDA.jpg\",\"@id\":\"https:\\\/\\\/www.eldigitaldeasturias.com\\\/noticias\\\/nestle-ha-invertido-mas-de-380-millones-de-euros-en-sus-centros-de-produccion-espanoles\\\/#organizationLogo\",\"width\":649,\"height\":297},\"image\":{\"@id\":\"https:\\\/\\\/www.eldigitaldeasturias.com\\\/noticias\\\/nestle-ha-invertido-mas-de-380-millones-de-euros-en-sus-centros-de-produccion-espanoles\\\/#organizationLogo\"},\"sameAs\":[\"https:\\\/\\\/facebook.com\\\/eldigitaldeasturias\",\"https:\\\/\\\/www.youtube.com\\\/channel\\\/UCZP-2wLEB9Rv6erhFmqVnvg\"],\"address\":{\"@id\":\"https:\\\/\\\/www.eldigitaldeasturias.com\\\/noticias\\\/#postaladdress\",\"@type\":\"PostalAddress\",\"streetAddress\":\"san antonio 4,\",\"postalCode\":\"33430\",\"addressLocality\":\"Cand\\u00e1s\",\"addressRegion\":\"Asturias\",\"addressCountry\":\"ES\"}},{\"@type\":\"Person\",\"@id\":\"https:\\\/\\\/www.eldigitaldeasturias.com\\\/noticias\\\/author\\\/admin\\\/#author\",\"url\":\"https:\\\/\\\/www.eldigitaldeasturias.com\\\/noticias\\\/author\\\/admin\\\/\",\"name\":\"El Digital de Asturias\",\"image\":{\"@type\":\"ImageObject\",\"@id\":\"https:\\\/\\\/www.eldigitaldeasturias.com\\\/noticias\\\/nestle-ha-invertido-mas-de-380-millones-de-euros-en-sus-centros-de-produccion-espanoles\\\/#authorImage\",\"url\":\"https:\\\/\\\/www.eldigitaldeasturias.com\\\/noticias\\\/wp-content\\\/litespeed\\\/avatar\\\/18677e78aa0546b92d9dbf31ec7d7668.jpg?ver=1777290358\",\"width\":96,\"height\":96,\"caption\":\"El Digital de Asturias\"}},{\"@type\":\"WebPage\",\"@id\":\"https:\\\/\\\/www.eldigitaldeasturias.com\\\/noticias\\\/nestle-ha-invertido-mas-de-380-millones-de-euros-en-sus-centros-de-produccion-espanoles\\\/#webpage\",\"url\":\"https:\\\/\\\/www.eldigitaldeasturias.com\\\/noticias\\\/nestle-ha-invertido-mas-de-380-millones-de-euros-en-sus-centros-de-produccion-espanoles\\\/\",\"name\":\"Nestl\\u00e9 ha invertido m\\u00e1s de 380 millones de euros en sus centros de producci\\u00f3n espa\\u00f1oles - El Digital de Asturias\",\"description\":\"Nestl\\u00e9 ha invertido en los centros de producci\\u00f3n de la compa\\u00f1\\u00eda, ubicados en Gij\\u00f3n y Sevares (Asturias), Pontecesures (Pontevedra), Araia (\\u00c1lava), Viladrau (Girona), Castellbisbal (Barcelona), Reus (Tarragona), Miajadas (C\\u00e1ceres) y Herrera del Duque (Badajoz), 96 millones de euros desde 2010. Adem\\u00e1s, la multinacional agroalimentaria ha se\\u00f1alado que el 74 por ciento de la inversi\\u00f3n que\",\"inLanguage\":\"es-ES\",\"isPartOf\":{\"@id\":\"https:\\\/\\\/www.eldigitaldeasturias.com\\\/noticias\\\/#website\"},\"breadcrumb\":{\"@id\":\"https:\\\/\\\/www.eldigitaldeasturias.com\\\/noticias\\\/nestle-ha-invertido-mas-de-380-millones-de-euros-en-sus-centros-de-produccion-espanoles\\\/#breadcrumblist\"},\"author\":{\"@id\":\"https:\\\/\\\/www.eldigitaldeasturias.com\\\/noticias\\\/author\\\/admin\\\/#author\"},\"creator\":{\"@id\":\"https:\\\/\\\/www.eldigitaldeasturias.com\\\/noticias\\\/author\\\/admin\\\/#author\"},\"image\":{\"@type\":\"ImageObject\",\"url\":\"https:\\\/\\\/www.eldigitaldeasturias.com\\\/noticias\\\/wp-content\\\/uploads\\\/2016\\\/02\\\/fotonoticia_20160203133702_800.jpg\",\"@id\":\"https:\\\/\\\/www.eldigitaldeasturias.com\\\/noticias\\\/nestle-ha-invertido-mas-de-380-millones-de-euros-en-sus-centros-de-produccion-espanoles\\\/#mainImage\",\"width\":800,\"height\":600},\"primaryImageOfPage\":{\"@id\":\"https:\\\/\\\/www.eldigitaldeasturias.com\\\/noticias\\\/nestle-ha-invertido-mas-de-380-millones-de-euros-en-sus-centros-de-produccion-espanoles\\\/#mainImage\"},\"datePublished\":\"2016-02-03T18:07:42+01:00\",\"dateModified\":\"2016-02-03T18:07:42+01:00\"},{\"@type\":\"WebSite\",\"@id\":\"https:\\\/\\\/www.eldigitaldeasturias.com\\\/noticias\\\/#website\",\"url\":\"https:\\\/\\\/www.eldigitaldeasturias.com\\\/noticias\\\/\",\"name\":\"El Digital de Asturias - Diario de actualidad y noticias\",\"alternateName\":\"El Digital de Asturias - Diario de actualidad y noticias\",\"description\":\"Hemeroteca\",\"inLanguage\":\"es-ES\",\"publisher\":{\"@id\":\"https:\\\/\\\/www.eldigitaldeasturias.com\\\/noticias\\\/#organization\"}}]}\n\t\t<\/script>\n\t\t<!-- All in One SEO Pro -->\r\n\t\t<title>Nestl\u00e9 ha invertido m\u00e1s de 380 millones de euros en sus centros de producci\u00f3n espa\u00f1oles - El Digital de Asturias<\/title>\n\n","aioseo_head_json":{"title":"Nestl\u00e9 ha invertido m\u00e1s de 380 millones de euros en sus centros de producci\u00f3n espa\u00f1oles - El Digital de Asturias","description":"Nestl\u00e9 ha invertido en los centros de producci\u00f3n de la compa\u00f1\u00eda, ubicados en Gij\u00f3n y Sevares (Asturias), Pontecesures (Pontevedra), Araia (\u00c1lava), Viladrau (Girona), Castellbisbal (Barcelona), Reus (Tarragona), Miajadas (C\u00e1ceres) y Herrera del Duque (Badajoz), 96 millones de euros desde 2010. Adem\u00e1s, la multinacional agroalimentaria ha se\u00f1alado que el 74 por ciento de la inversi\u00f3n que","canonical_url":"https:\/\/www.eldigitaldeasturias.com\/noticias\/nestle-ha-invertido-mas-de-380-millones-de-euros-en-sus-centros-de-produccion-espanoles\/","robots":"max-image-preview:large","keywords":"actualidad asturias","webmasterTools":{"google-site-verification":"UA-38556648-1","msvalidate.01":"7dfe9f3f1b24437ab69f4f2559babe99","miscellaneous":""},"schema":{"@context":"https:\/\/schema.org","@graph":[{"@type":"BlogPosting","@id":"https:\/\/www.eldigitaldeasturias.com\/noticias\/nestle-ha-invertido-mas-de-380-millones-de-euros-en-sus-centros-de-produccion-espanoles\/#blogposting","name":"Nestl\u00e9 ha invertido m\u00e1s de 380 millones de euros en sus centros de producci\u00f3n espa\u00f1oles - El Digital de Asturias","headline":"Nestl\u00e9 ha invertido m\u00e1s de 380 millones de euros en sus centros de producci\u00f3n espa\u00f1oles","author":{"@id":"https:\/\/www.eldigitaldeasturias.com\/noticias\/author\/admin\/#author"},"publisher":{"@id":"https:\/\/www.eldigitaldeasturias.com\/noticias\/#organization"},"image":{"@type":"ImageObject","url":"https:\/\/www.eldigitaldeasturias.com\/noticias\/wp-content\/uploads\/2016\/02\/fotonoticia_20160203133702_800.jpg","width":800,"height":600},"datePublished":"2016-02-03T18:07:42+01:00","dateModified":"2016-02-03T18:07:42+01:00","inLanguage":"es-ES","mainEntityOfPage":{"@id":"https:\/\/www.eldigitaldeasturias.com\/noticias\/nestle-ha-invertido-mas-de-380-millones-de-euros-en-sus-centros-de-produccion-espanoles\/#webpage"},"isPartOf":{"@id":"https:\/\/www.eldigitaldeasturias.com\/noticias\/nestle-ha-invertido-mas-de-380-millones-de-euros-en-sus-centros-de-produccion-espanoles\/#webpage"},"articleSection":"Actualidad Asturias"},{"@type":"BreadcrumbList","@id":"https:\/\/www.eldigitaldeasturias.com\/noticias\/nestle-ha-invertido-mas-de-380-millones-de-euros-en-sus-centros-de-produccion-espanoles\/#breadcrumblist","itemListElement":[{"@type":"ListItem","@id":"https:\/\/www.eldigitaldeasturias.com\/noticias#listItem","position":1,"name":"Home","item":"https:\/\/www.eldigitaldeasturias.com\/noticias","nextItem":{"@type":"ListItem","@id":"https:\/\/www.eldigitaldeasturias.com\/noticias\/category\/actualidad-asturias\/#listItem","name":"Actualidad Asturias"}},{"@type":"ListItem","@id":"https:\/\/www.eldigitaldeasturias.com\/noticias\/category\/actualidad-asturias\/#listItem","position":2,"name":"Actualidad Asturias","item":"https:\/\/www.eldigitaldeasturias.com\/noticias\/category\/actualidad-asturias\/","nextItem":{"@type":"ListItem","@id":"https:\/\/www.eldigitaldeasturias.com\/noticias\/nestle-ha-invertido-mas-de-380-millones-de-euros-en-sus-centros-de-produccion-espanoles\/#listItem","name":"Nestl\u00e9 ha invertido m\u00e1s de 380 millones de euros en sus centros de producci\u00f3n espa\u00f1oles"},"previousItem":{"@type":"ListItem","@id":"https:\/\/www.eldigitaldeasturias.com\/noticias#listItem","name":"Home"}},{"@type":"ListItem","@id":"https:\/\/www.eldigitaldeasturias.com\/noticias\/nestle-ha-invertido-mas-de-380-millones-de-euros-en-sus-centros-de-produccion-espanoles\/#listItem","position":3,"name":"Nestl\u00e9 ha invertido m\u00e1s de 380 millones de euros en sus centros de producci\u00f3n espa\u00f1oles","previousItem":{"@type":"ListItem","@id":"https:\/\/www.eldigitaldeasturias.com\/noticias\/category\/actualidad-asturias\/#listItem","name":"Actualidad Asturias"}}]},{"@type":"Organization","@id":"https:\/\/www.eldigitaldeasturias.com\/noticias\/#organization","name":"El Digital de Asturias","description":"Hemeroteca","url":"https:\/\/www.eldigitaldeasturias.com\/noticias\/","email":"info@eldigitaldeasturias.com","telephone":"+34652131393","logo":{"@type":"ImageObject","url":"https:\/\/www.eldigitaldeasturias.com\/noticias\/wp-content\/uploads\/2020\/12\/EDA.jpg","@id":"https:\/\/www.eldigitaldeasturias.com\/noticias\/nestle-ha-invertido-mas-de-380-millones-de-euros-en-sus-centros-de-produccion-espanoles\/#organizationLogo","width":649,"height":297},"image":{"@id":"https:\/\/www.eldigitaldeasturias.com\/noticias\/nestle-ha-invertido-mas-de-380-millones-de-euros-en-sus-centros-de-produccion-espanoles\/#organizationLogo"},"sameAs":["https:\/\/facebook.com\/eldigitaldeasturias","https:\/\/www.youtube.com\/channel\/UCZP-2wLEB9Rv6erhFmqVnvg"],"address":{"@id":"https:\/\/www.eldigitaldeasturias.com\/noticias\/#postaladdress","@type":"PostalAddress","streetAddress":"san antonio 4,","postalCode":"33430","addressLocality":"Cand\u00e1s","addressRegion":"Asturias","addressCountry":"ES"}},{"@type":"Person","@id":"https:\/\/www.eldigitaldeasturias.com\/noticias\/author\/admin\/#author","url":"https:\/\/www.eldigitaldeasturias.com\/noticias\/author\/admin\/","name":"El Digital de Asturias","image":{"@type":"ImageObject","@id":"https:\/\/www.eldigitaldeasturias.com\/noticias\/nestle-ha-invertido-mas-de-380-millones-de-euros-en-sus-centros-de-produccion-espanoles\/#authorImage","url":"https:\/\/www.eldigitaldeasturias.com\/noticias\/wp-content\/litespeed\/avatar\/18677e78aa0546b92d9dbf31ec7d7668.jpg?ver=1777290358","width":96,"height":96,"caption":"El Digital de Asturias"}},{"@type":"WebPage","@id":"https:\/\/www.eldigitaldeasturias.com\/noticias\/nestle-ha-invertido-mas-de-380-millones-de-euros-en-sus-centros-de-produccion-espanoles\/#webpage","url":"https:\/\/www.eldigitaldeasturias.com\/noticias\/nestle-ha-invertido-mas-de-380-millones-de-euros-en-sus-centros-de-produccion-espanoles\/","name":"Nestl\u00e9 ha invertido m\u00e1s de 380 millones de euros en sus centros de producci\u00f3n espa\u00f1oles - El Digital de Asturias","description":"Nestl\u00e9 ha invertido en los centros de producci\u00f3n de la compa\u00f1\u00eda, ubicados en Gij\u00f3n y Sevares (Asturias), Pontecesures (Pontevedra), Araia (\u00c1lava), Viladrau (Girona), Castellbisbal (Barcelona), Reus (Tarragona), Miajadas (C\u00e1ceres) y Herrera del Duque (Badajoz), 96 millones de euros desde 2010. Adem\u00e1s, la multinacional agroalimentaria ha se\u00f1alado que el 74 por ciento de la inversi\u00f3n que","inLanguage":"es-ES","isPartOf":{"@id":"https:\/\/www.eldigitaldeasturias.com\/noticias\/#website"},"breadcrumb":{"@id":"https:\/\/www.eldigitaldeasturias.com\/noticias\/nestle-ha-invertido-mas-de-380-millones-de-euros-en-sus-centros-de-produccion-espanoles\/#breadcrumblist"},"author":{"@id":"https:\/\/www.eldigitaldeasturias.com\/noticias\/author\/admin\/#author"},"creator":{"@id":"https:\/\/www.eldigitaldeasturias.com\/noticias\/author\/admin\/#author"},"image":{"@type":"ImageObject","url":"https:\/\/www.eldigitaldeasturias.com\/noticias\/wp-content\/uploads\/2016\/02\/fotonoticia_20160203133702_800.jpg","@id":"https:\/\/www.eldigitaldeasturias.com\/noticias\/nestle-ha-invertido-mas-de-380-millones-de-euros-en-sus-centros-de-produccion-espanoles\/#mainImage","width":800,"height":600},"primaryImageOfPage":{"@id":"https:\/\/www.eldigitaldeasturias.com\/noticias\/nestle-ha-invertido-mas-de-380-millones-de-euros-en-sus-centros-de-produccion-espanoles\/#mainImage"},"datePublished":"2016-02-03T18:07:42+01:00","dateModified":"2016-02-03T18:07:42+01:00"},{"@type":"WebSite","@id":"https:\/\/www.eldigitaldeasturias.com\/noticias\/#website","url":"https:\/\/www.eldigitaldeasturias.com\/noticias\/","name":"El Digital de Asturias - Diario de actualidad y noticias","alternateName":"El Digital de Asturias - Diario de actualidad y noticias","description":"Hemeroteca","inLanguage":"es-ES","publisher":{"@id":"https:\/\/www.eldigitaldeasturias.com\/noticias\/#organization"}}]},"og:locale":"es_ES","og:site_name":"El Digital de Asturias","og:type":"article","og:title":"Nestl\u00e9 ha invertido m\u00e1s de 380 millones de euros en sus centros de producci\u00f3n espa\u00f1oles - El Digital de Asturias","og:description":"Nestl\u00e9 ha invertido en los centros de producci\u00f3n de la compa\u00f1\u00eda, ubicados en Gij\u00f3n y Sevares (Asturias), Pontecesures (Pontevedra), Araia (\u00c1lava), Viladrau (Girona), Castellbisbal (Barcelona), Reus (Tarragona), Miajadas (C\u00e1ceres) y Herrera del Duque (Badajoz), 96 millones de euros desde 2010. Adem\u00e1s, la multinacional agroalimentaria ha se\u00f1alado que el 74 por ciento de la inversi\u00f3n que","og:url":"https:\/\/www.eldigitaldeasturias.com\/noticias\/nestle-ha-invertido-mas-de-380-millones-de-euros-en-sus-centros-de-produccion-espanoles\/","og:image":"https:\/\/www.eldigitaldeasturias.com\/noticias\/wp-content\/uploads\/2016\/02\/fotonoticia_20160203133702_800.jpg","og:image:secure_url":"https:\/\/www.eldigitaldeasturias.com\/noticias\/wp-content\/uploads\/2016\/02\/fotonoticia_20160203133702_800.jpg","og:image:width":800,"og:image:height":600,"article:tag":["actualidad asturias"],"article:published_time":"2016-02-03T18:07:42+00:00","article:modified_time":"2016-02-03T18:07:42+00:00","article:publisher":"https:\/\/facebook.com\/eldigitaldeasturias","twitter:card":"summary_large_image","twitter:title":"Nestl\u00e9 ha invertido m\u00e1s de 380 millones de euros en sus centros de producci\u00f3n espa\u00f1oles - El Digital de Asturias","twitter:description":"Nestl\u00e9 ha invertido en los centros de producci\u00f3n de la compa\u00f1\u00eda, ubicados en Gij\u00f3n y Sevares (Asturias), Pontecesures (Pontevedra), Araia (\u00c1lava), Viladrau (Girona), Castellbisbal (Barcelona), Reus (Tarragona), Miajadas (C\u00e1ceres) y Herrera del Duque (Badajoz), 96 millones de euros desde 2010. Adem\u00e1s, la multinacional agroalimentaria ha se\u00f1alado que el 74 por ciento de la inversi\u00f3n que","twitter:image":"https:\/\/www.eldigitaldeasturias.com\/noticias\/wp-content\/uploads\/2016\/02\/fotonoticia_20160203133702_800.jpg","twitter:label1":"Escrito por","twitter:data1":"El Digital de Asturias","twitter:label2":"Tiempo de lectura estimado","twitter:data2":"2 minutos"},"aioseo_meta_data":{"post_id":"853509","title":null,"description":null,"keywords":null,"keyphrases":null,"primary_term":null,"canonical_url":null,"og_title":null,"og_description":null,"og_object_type":"default","og_image_type":"default","og_image_url":null,"og_image_width":null,"og_image_height":null,"og_image_custom_url":null,"og_image_custom_fields":null,"og_video":null,"og_custom_url":null,"og_article_section":null,"og_article_tags":null,"twitter_use_og":false,"twitter_card":"default","twitter_image_type":"default","twitter_image_url":null,"twitter_image_custom_url":null,"twitter_image_custom_fields":null,"twitter_title":null,"twitter_description":null,"schema":{"blockGraphs":[],"customGraphs":[],"default":{"data":{"Article":[],"Course":[],"Dataset":[],"FAQPage":[],"Movie":[],"Person":[],"Product":[],"ProductReview":[],"Car":[],"Recipe":[],"Service":[],"SoftwareApplication":[],"WebPage":[]},"graphName":"","isEnabled":true},"graphs":[],"defaultGraph":"","defaultPostTypeGraph":""},"schema_type":null,"schema_type_options":null,"pillar_content":false,"robots_default":true,"robots_noindex":false,"robots_noarchive":false,"robots_nosnippet":false,"robots_nofollow":false,"robots_noimageindex":false,"robots_noodp":false,"robots_notranslate":false,"robots_max_snippet":null,"robots_max_videopreview":null,"robots_max_imagepreview":"large","priority":null,"frequency":null,"local_seo":null,"seo_analyzer_scan_date":"2025-12-09 18:16:08","breadcrumb_settings":null,"limit_modified_date":false,"open_ai":null,"ai":null,"created":"2021-01-23 14:09:17","updated":"2025-12-09 18:16:08"},"aioseo_breadcrumb":"<div class=\"aioseo-breadcrumbs\"><span class=\"aioseo-breadcrumb\">\n\t<a href=\"https:\/\/www.eldigitaldeasturias.com\/noticias\" title=\"Home\">Home<\/a>\n<\/span><span class=\"aioseo-breadcrumb-separator\">\u2013<\/span><span class=\"aioseo-breadcrumb\">\n\t<a href=\"https:\/\/www.eldigitaldeasturias.com\/noticias\/category\/actualidad-asturias\/\" title=\"Actualidad Asturias\">Actualidad Asturias<\/a>\n<\/span><span class=\"aioseo-breadcrumb-separator\">\u2013<\/span><span class=\"aioseo-breadcrumb\">\n\t<a href=\"https:\/\/www.eldigitaldeasturias.com\/noticias\/nestle-ha-invertido-mas-de-380-millones-de-euros-en-sus-centros-de-produccion-espanoles\/\" title=\"Nestl\u00e9 ha invertido m\u00e1s de 380 millones de euros en sus centros de producci\u00f3n espa\u00f1oles\">Nestl\u00e9 ha invertido m\u00e1s de 380 millones de euros en sus centros de producci\u00f3n espa\u00f1oles<\/a>\n<\/span><\/div>","aioseo_breadcrumb_json":[{"label":"Home","link":"https:\/\/www.eldigitaldeasturias.com\/noticias"},{"label":"Actualidad Asturias","link":"https:\/\/www.eldigitaldeasturias.com\/noticias\/category\/actualidad-asturias\/"},{"label":"Nestl\u00e9 ha invertido m\u00e1s de 380 millones de euros en sus centros de producci\u00f3n espa\u00f1oles","link":"https:\/\/www.eldigitaldeasturias.com\/noticias\/nestle-ha-invertido-mas-de-380-millones-de-euros-en-sus-centros-de-produccion-espanoles\/"}],"_links":{"self":[{"href":"https:\/\/www.eldigitaldeasturias.com\/noticias\/wp-json\/wp\/v2\/posts\/853509","targetHints":{"allow":["GET"]}}],"collection":[{"href":"https:\/\/www.eldigitaldeasturias.com\/noticias\/wp-json\/wp\/v2\/posts"}],"about":[{"href":"https:\/\/www.eldigitaldeasturias.com\/noticias\/wp-json\/wp\/v2\/types\/post"}],"author":[{"embeddable":true,"href":"https:\/\/www.eldigitaldeasturias.com\/noticias\/wp-json\/wp\/v2\/users\/1"}],"replies":[{"embeddable":true,"href":"https:\/\/www.eldigitaldeasturias.com\/noticias\/wp-json\/wp\/v2\/comments?post=853509"}],"version-history":[{"count":0,"href":"https:\/\/www.eldigitaldeasturias.com\/noticias\/wp-json\/wp\/v2\/posts\/853509\/revisions"}],"wp:featuredmedia":[{"embeddable":true,"href":"https:\/\/www.eldigitaldeasturias.com\/noticias\/wp-json\/wp\/v2\/media\/853510"}],"wp:attachment":[{"href":"https:\/\/www.eldigitaldeasturias.com\/noticias\/wp-json\/wp\/v2\/media?parent=853509"}],"wp:term":[{"taxonomy":"category","embeddable":true,"href":"https:\/\/www.eldigitaldeasturias.com\/noticias\/wp-json\/wp\/v2\/categories?post=853509"},{"taxonomy":"post_tag","embeddable":true,"href":"https:\/\/www.eldigitaldeasturias.com\/noticias\/wp-json\/wp\/v2\/tags?post=853509"}],"curies":[{"name":"wp","href":"https:\/\/api.w.org\/{rel}","templated":true}]}}