{"id":853506,"date":"2016-02-03T18:06:29","date_gmt":"2016-02-03T18:06:29","guid":{"rendered":"http:\/\/www.eldigitaldeasturias.com\/noticias\/?p=853506"},"modified":"2016-02-03T18:06:29","modified_gmt":"2016-02-03T18:06:29","slug":"mercedes-fernandez-si-javier-fernandez-quiere-manana-hay-presupuestos-para-2016","status":"publish","type":"post","link":"https:\/\/www.eldigitaldeasturias.com\/noticias\/mercedes-fernandez-si-javier-fernandez-quiere-manana-hay-presupuestos-para-2016\/","title":{"rendered":"Mercedes Fern\u00e1ndez \u00abSi Javier Fern\u00e1ndez quiere, ma\u00f1ana hay presupuestos para 2016\u00bb"},"content":{"rendered":"<p><img loading=\"lazy\" decoding=\"async\" class=\"alignleft size-medium wp-image-853507\" src=\"https:\/\/www.eldigitaldeasturias.com\/noticias\/wp-content\/uploads\/2016\/02\/fotonoticia_20160203133107_800-214x320.jpg\" alt=\"fotonoticia_20160203133107_800\" width=\"214\" height=\"320\" srcset=\"https:\/\/www.eldigitaldeasturias.com\/noticias\/wp-content\/uploads\/2016\/02\/fotonoticia_20160203133107_800-214x320.jpg 214w, https:\/\/www.eldigitaldeasturias.com\/noticias\/wp-content\/uploads\/2016\/02\/fotonoticia_20160203133107_800-768x1150.jpg 768w, https:\/\/www.eldigitaldeasturias.com\/noticias\/wp-content\/uploads\/2016\/02\/fotonoticia_20160203133107_800-434x650.jpg 434w, https:\/\/www.eldigitaldeasturias.com\/noticias\/wp-content\/uploads\/2016\/02\/fotonoticia_20160203133107_800.jpg 800w\" sizes=\"auto, (max-width: 214px) 100vw, 214px\" \/>La presidenta del PP de Asturias, Mercedes Fern\u00e1ndez, ha reiterado este mi\u00e9rcoles su oferta al Gobierno asturiano liderado por Javier Fern\u00e1ndez (PSOE) para que Asturias pueda salir de la actual situaci\u00f3n de pr\u00f3rroga presupuestaria. \u00abSi Javier Fern\u00e1ndez quiere, ma\u00f1ana hay presupuestos para 2016\u00bb, ha dicho la dirigente &#8216;popular&#8217; asturiana.<\/p>\n<p>El Gobierno del PSOE retir\u00f3 del parlamento su proyecto presupuestario para 2016 una vez que comprob\u00f3 que cuatro de los cinco grupos de la oposici\u00f3n hab\u00edan registrado enmiendas a la totalidad al mismo. S\u00f3lo IU lo respaldaba, pero no sumaban diputados suficientes para sacar la ley adelante.<\/p>\n<p>Mercedes Fern\u00e1ndez ha recordado que los 14 diputados del PSOE y los 11 del PP s\u00ed alcanzan la mayor\u00eda absoluta necesaria en el parlamento asturiano necesaria para aprobar una ley de presupuestos.<\/p>\n<p>As\u00ed, tal y como hizo en diciembre, Mercedes Fern\u00e1ndez ha repetido su oferta al PSOE. Si el Gobierno renuncia su intenci\u00f3n de implantar impuestos verdes y elimina el impuesto de sucesiones, el PP apoyar\u00e1 las cuentas. \u00abLa oferta sigue sobre la mesa\u00bb, ha comentado la presidenta del PP asturiano, que ha pedido a Javier Fern\u00e1ndez \u00abaltura de miras\u00bb.<\/p>\n","protected":false},"excerpt":{"rendered":"<p>La presidenta del PP de Asturias, Mercedes Fern\u00e1ndez, ha reiterado este mi\u00e9rcoles su oferta al Gobierno asturiano liderado por Javier Fern\u00e1ndez (PSOE) para que Asturias pueda salir de la actual situaci\u00f3n de pr\u00f3rroga presupuestaria. \u00abSi Javier Fern\u00e1ndez quiere, ma\u00f1ana hay presupuestos para 2016\u00bb, ha dicho la dirigente &#8216;popular&#8217; asturiana. El Gobierno del PSOE retir\u00f3 del [&hellip;]<\/p>\n","protected":false},"author":1,"featured_media":853507,"comment_status":"closed","ping_status":"closed","sticky":false,"template":"","format":"standard","meta":{"footnotes":""},"categories":[12],"tags":[],"class_list":["post-853506","post","type-post","status-publish","format-standard","has-post-thumbnail","hentry","category-actualidad-asturias"],"aioseo_notices":[],"aioseo_head":"\n\t\t<!-- All in One SEO Pro 4.9.6.2 - aioseo.com -->\n\t<meta name=\"description\" content=\"La presidenta del PP de Asturias, Mercedes Fern\u00e1ndez, ha reiterado este mi\u00e9rcoles su oferta al Gobierno asturiano liderado por Javier Fern\u00e1ndez (PSOE) para que Asturias pueda salir de la actual situaci\u00f3n de pr\u00f3rroga presupuestaria. &quot;Si Javier Fern\u00e1ndez quiere, ma\u00f1ana hay presupuestos para 2016&quot;, ha dicho la dirigente &#039;popular&#039; asturiana. El Gobierno del PSOE retir\u00f3 del\" \/>\n\t<meta name=\"robots\" content=\"max-image-preview:large\" \/>\n\t<meta name=\"author\" content=\"El Digital de Asturias\"\/>\n\t<meta name=\"google-site-verification\" content=\"UA-38556648-1\" \/>\n\t<meta name=\"msvalidate.01\" content=\"7dfe9f3f1b24437ab69f4f2559babe99\" \/>\n\t<meta name=\"keywords\" content=\"actualidad asturias\" \/>\n\t<link rel=\"canonical\" href=\"https:\/\/www.eldigitaldeasturias.com\/noticias\/mercedes-fernandez-si-javier-fernandez-quiere-manana-hay-presupuestos-para-2016\/\" \/>\n\t<meta name=\"generator\" content=\"All in One SEO Pro (AIOSEO) 4.9.6.2\" \/>\n\t\t<meta property=\"og:locale\" content=\"es_ES\" \/>\n\t\t<meta property=\"og:site_name\" content=\"El Digital de Asturias\" \/>\n\t\t<meta property=\"og:type\" content=\"article\" \/>\n\t\t<meta property=\"og:title\" content=\"Mercedes Fern\u00e1ndez \u00abSi Javier Fern\u00e1ndez quiere, ma\u00f1ana hay presupuestos para 2016\u00bb - El Digital de Asturias\" \/>\n\t\t<meta property=\"og:description\" content=\"La presidenta del PP de Asturias, Mercedes Fern\u00e1ndez, ha reiterado este mi\u00e9rcoles su oferta al Gobierno asturiano liderado por Javier Fern\u00e1ndez (PSOE) para que Asturias pueda salir de la actual situaci\u00f3n de pr\u00f3rroga presupuestaria. &quot;Si Javier Fern\u00e1ndez quiere, ma\u00f1ana hay presupuestos para 2016&quot;, ha dicho la dirigente &#039;popular&#039; asturiana. El Gobierno del PSOE retir\u00f3 del\" \/>\n\t\t<meta property=\"og:url\" content=\"https:\/\/www.eldigitaldeasturias.com\/noticias\/mercedes-fernandez-si-javier-fernandez-quiere-manana-hay-presupuestos-para-2016\/\" \/>\n\t\t<meta property=\"og:image\" content=\"https:\/\/www.eldigitaldeasturias.com\/noticias\/wp-content\/uploads\/2016\/02\/fotonoticia_20160203133107_800.jpg\" \/>\n\t\t<meta property=\"og:image:secure_url\" content=\"https:\/\/www.eldigitaldeasturias.com\/noticias\/wp-content\/uploads\/2016\/02\/fotonoticia_20160203133107_800.jpg\" \/>\n\t\t<meta property=\"og:image:width\" content=\"800\" \/>\n\t\t<meta property=\"og:image:height\" content=\"1198\" \/>\n\t\t<meta property=\"article:tag\" content=\"actualidad asturias\" \/>\n\t\t<meta property=\"article:published_time\" content=\"2016-02-03T18:06:29+00:00\" \/>\n\t\t<meta property=\"article:modified_time\" content=\"2016-02-03T18:06:29+00:00\" \/>\n\t\t<meta property=\"article:publisher\" content=\"https:\/\/facebook.com\/eldigitaldeasturias\" \/>\n\t\t<meta name=\"twitter:card\" content=\"summary_large_image\" \/>\n\t\t<meta name=\"twitter:title\" content=\"Mercedes Fern\u00e1ndez \u00abSi Javier Fern\u00e1ndez quiere, ma\u00f1ana hay presupuestos para 2016\u00bb - El Digital de Asturias\" \/>\n\t\t<meta name=\"twitter:description\" content=\"La presidenta del PP de Asturias, Mercedes Fern\u00e1ndez, ha reiterado este mi\u00e9rcoles su oferta al Gobierno asturiano liderado por Javier Fern\u00e1ndez (PSOE) para que Asturias pueda salir de la actual situaci\u00f3n de pr\u00f3rroga presupuestaria. &quot;Si Javier Fern\u00e1ndez quiere, ma\u00f1ana hay presupuestos para 2016&quot;, ha dicho la dirigente &#039;popular&#039; asturiana. El Gobierno del PSOE retir\u00f3 del\" \/>\n\t\t<meta name=\"twitter:image\" content=\"https:\/\/www.eldigitaldeasturias.com\/noticias\/wp-content\/uploads\/2016\/02\/fotonoticia_20160203133107_800.jpg\" \/>\n\t\t<meta name=\"twitter:label1\" content=\"Escrito por\" \/>\n\t\t<meta name=\"twitter:data1\" content=\"El Digital de Asturias\" \/>\n\t\t<meta name=\"twitter:label2\" content=\"Tiempo de lectura estimado\" \/>\n\t\t<meta name=\"twitter:data2\" content=\"1 minuto\" \/>\n\t\t<script type=\"application\/ld+json\" class=\"aioseo-schema\">\n\t\t\t{\"@context\":\"https:\\\/\\\/schema.org\",\"@graph\":[{\"@type\":\"BlogPosting\",\"@id\":\"https:\\\/\\\/www.eldigitaldeasturias.com\\\/noticias\\\/mercedes-fernandez-si-javier-fernandez-quiere-manana-hay-presupuestos-para-2016\\\/#blogposting\",\"name\":\"Mercedes Fern\\u00e1ndez \\u00abSi Javier Fern\\u00e1ndez quiere, ma\\u00f1ana hay presupuestos para 2016\\u00bb - El Digital de Asturias\",\"headline\":\"Mercedes Fern\\u00e1ndez \\u00abSi Javier Fern\\u00e1ndez quiere, ma\\u00f1ana hay presupuestos para 2016\\u00bb\",\"author\":{\"@id\":\"https:\\\/\\\/www.eldigitaldeasturias.com\\\/noticias\\\/author\\\/admin\\\/#author\"},\"publisher\":{\"@id\":\"https:\\\/\\\/www.eldigitaldeasturias.com\\\/noticias\\\/#organization\"},\"image\":{\"@type\":\"ImageObject\",\"url\":\"https:\\\/\\\/www.eldigitaldeasturias.com\\\/noticias\\\/wp-content\\\/uploads\\\/2016\\\/02\\\/fotonoticia_20160203133107_800.jpg\",\"width\":800,\"height\":1198},\"datePublished\":\"2016-02-03T18:06:29+01:00\",\"dateModified\":\"2016-02-03T18:06:29+01:00\",\"inLanguage\":\"es-ES\",\"mainEntityOfPage\":{\"@id\":\"https:\\\/\\\/www.eldigitaldeasturias.com\\\/noticias\\\/mercedes-fernandez-si-javier-fernandez-quiere-manana-hay-presupuestos-para-2016\\\/#webpage\"},\"isPartOf\":{\"@id\":\"https:\\\/\\\/www.eldigitaldeasturias.com\\\/noticias\\\/mercedes-fernandez-si-javier-fernandez-quiere-manana-hay-presupuestos-para-2016\\\/#webpage\"},\"articleSection\":\"Actualidad Asturias\"},{\"@type\":\"BreadcrumbList\",\"@id\":\"https:\\\/\\\/www.eldigitaldeasturias.com\\\/noticias\\\/mercedes-fernandez-si-javier-fernandez-quiere-manana-hay-presupuestos-para-2016\\\/#breadcrumblist\",\"itemListElement\":[{\"@type\":\"ListItem\",\"@id\":\"https:\\\/\\\/www.eldigitaldeasturias.com\\\/noticias#listItem\",\"position\":1,\"name\":\"Home\",\"item\":\"https:\\\/\\\/www.eldigitaldeasturias.com\\\/noticias\",\"nextItem\":{\"@type\":\"ListItem\",\"@id\":\"https:\\\/\\\/www.eldigitaldeasturias.com\\\/noticias\\\/category\\\/actualidad-asturias\\\/#listItem\",\"name\":\"Actualidad Asturias\"}},{\"@type\":\"ListItem\",\"@id\":\"https:\\\/\\\/www.eldigitaldeasturias.com\\\/noticias\\\/category\\\/actualidad-asturias\\\/#listItem\",\"position\":2,\"name\":\"Actualidad Asturias\",\"item\":\"https:\\\/\\\/www.eldigitaldeasturias.com\\\/noticias\\\/category\\\/actualidad-asturias\\\/\",\"nextItem\":{\"@type\":\"ListItem\",\"@id\":\"https:\\\/\\\/www.eldigitaldeasturias.com\\\/noticias\\\/mercedes-fernandez-si-javier-fernandez-quiere-manana-hay-presupuestos-para-2016\\\/#listItem\",\"name\":\"Mercedes Fern\\u00e1ndez \\u00abSi Javier Fern\\u00e1ndez quiere, ma\\u00f1ana hay presupuestos para 2016\\u00bb\"},\"previousItem\":{\"@type\":\"ListItem\",\"@id\":\"https:\\\/\\\/www.eldigitaldeasturias.com\\\/noticias#listItem\",\"name\":\"Home\"}},{\"@type\":\"ListItem\",\"@id\":\"https:\\\/\\\/www.eldigitaldeasturias.com\\\/noticias\\\/mercedes-fernandez-si-javier-fernandez-quiere-manana-hay-presupuestos-para-2016\\\/#listItem\",\"position\":3,\"name\":\"Mercedes Fern\\u00e1ndez \\u00abSi Javier Fern\\u00e1ndez quiere, ma\\u00f1ana hay presupuestos para 2016\\u00bb\",\"previousItem\":{\"@type\":\"ListItem\",\"@id\":\"https:\\\/\\\/www.eldigitaldeasturias.com\\\/noticias\\\/category\\\/actualidad-asturias\\\/#listItem\",\"name\":\"Actualidad Asturias\"}}]},{\"@type\":\"Organization\",\"@id\":\"https:\\\/\\\/www.eldigitaldeasturias.com\\\/noticias\\\/#organization\",\"name\":\"El Digital de Asturias\",\"description\":\"Hemeroteca\",\"url\":\"https:\\\/\\\/www.eldigitaldeasturias.com\\\/noticias\\\/\",\"email\":\"info@eldigitaldeasturias.com\",\"telephone\":\"+34652131393\",\"logo\":{\"@type\":\"ImageObject\",\"url\":\"https:\\\/\\\/www.eldigitaldeasturias.com\\\/noticias\\\/wp-content\\\/uploads\\\/2020\\\/12\\\/EDA.jpg\",\"@id\":\"https:\\\/\\\/www.eldigitaldeasturias.com\\\/noticias\\\/mercedes-fernandez-si-javier-fernandez-quiere-manana-hay-presupuestos-para-2016\\\/#organizationLogo\",\"width\":649,\"height\":297},\"image\":{\"@id\":\"https:\\\/\\\/www.eldigitaldeasturias.com\\\/noticias\\\/mercedes-fernandez-si-javier-fernandez-quiere-manana-hay-presupuestos-para-2016\\\/#organizationLogo\"},\"sameAs\":[\"https:\\\/\\\/facebook.com\\\/eldigitaldeasturias\",\"https:\\\/\\\/www.youtube.com\\\/channel\\\/UCZP-2wLEB9Rv6erhFmqVnvg\"],\"address\":{\"@id\":\"https:\\\/\\\/www.eldigitaldeasturias.com\\\/noticias\\\/#postaladdress\",\"@type\":\"PostalAddress\",\"streetAddress\":\"san antonio 4,\",\"postalCode\":\"33430\",\"addressLocality\":\"Cand\\u00e1s\",\"addressRegion\":\"Asturias\",\"addressCountry\":\"ES\"}},{\"@type\":\"Person\",\"@id\":\"https:\\\/\\\/www.eldigitaldeasturias.com\\\/noticias\\\/author\\\/admin\\\/#author\",\"url\":\"https:\\\/\\\/www.eldigitaldeasturias.com\\\/noticias\\\/author\\\/admin\\\/\",\"name\":\"El Digital de Asturias\",\"image\":{\"@type\":\"ImageObject\",\"@id\":\"https:\\\/\\\/www.eldigitaldeasturias.com\\\/noticias\\\/mercedes-fernandez-si-javier-fernandez-quiere-manana-hay-presupuestos-para-2016\\\/#authorImage\",\"url\":\"https:\\\/\\\/www.eldigitaldeasturias.com\\\/noticias\\\/wp-content\\\/litespeed\\\/avatar\\\/18677e78aa0546b92d9dbf31ec7d7668.jpg?ver=1777290358\",\"width\":96,\"height\":96,\"caption\":\"El Digital de Asturias\"}},{\"@type\":\"WebPage\",\"@id\":\"https:\\\/\\\/www.eldigitaldeasturias.com\\\/noticias\\\/mercedes-fernandez-si-javier-fernandez-quiere-manana-hay-presupuestos-para-2016\\\/#webpage\",\"url\":\"https:\\\/\\\/www.eldigitaldeasturias.com\\\/noticias\\\/mercedes-fernandez-si-javier-fernandez-quiere-manana-hay-presupuestos-para-2016\\\/\",\"name\":\"Mercedes Fern\\u00e1ndez \\u00abSi Javier Fern\\u00e1ndez quiere, ma\\u00f1ana hay presupuestos para 2016\\u00bb - El Digital de Asturias\",\"description\":\"La presidenta del PP de Asturias, Mercedes Fern\\u00e1ndez, ha reiterado este mi\\u00e9rcoles su oferta al Gobierno asturiano liderado por Javier Fern\\u00e1ndez (PSOE) para que Asturias pueda salir de la actual situaci\\u00f3n de pr\\u00f3rroga presupuestaria. \\\"Si Javier Fern\\u00e1ndez quiere, ma\\u00f1ana hay presupuestos para 2016\\\", ha dicho la dirigente 'popular' asturiana. El Gobierno del PSOE retir\\u00f3 del\",\"inLanguage\":\"es-ES\",\"isPartOf\":{\"@id\":\"https:\\\/\\\/www.eldigitaldeasturias.com\\\/noticias\\\/#website\"},\"breadcrumb\":{\"@id\":\"https:\\\/\\\/www.eldigitaldeasturias.com\\\/noticias\\\/mercedes-fernandez-si-javier-fernandez-quiere-manana-hay-presupuestos-para-2016\\\/#breadcrumblist\"},\"author\":{\"@id\":\"https:\\\/\\\/www.eldigitaldeasturias.com\\\/noticias\\\/author\\\/admin\\\/#author\"},\"creator\":{\"@id\":\"https:\\\/\\\/www.eldigitaldeasturias.com\\\/noticias\\\/author\\\/admin\\\/#author\"},\"image\":{\"@type\":\"ImageObject\",\"url\":\"https:\\\/\\\/www.eldigitaldeasturias.com\\\/noticias\\\/wp-content\\\/uploads\\\/2016\\\/02\\\/fotonoticia_20160203133107_800.jpg\",\"@id\":\"https:\\\/\\\/www.eldigitaldeasturias.com\\\/noticias\\\/mercedes-fernandez-si-javier-fernandez-quiere-manana-hay-presupuestos-para-2016\\\/#mainImage\",\"width\":800,\"height\":1198},\"primaryImageOfPage\":{\"@id\":\"https:\\\/\\\/www.eldigitaldeasturias.com\\\/noticias\\\/mercedes-fernandez-si-javier-fernandez-quiere-manana-hay-presupuestos-para-2016\\\/#mainImage\"},\"datePublished\":\"2016-02-03T18:06:29+01:00\",\"dateModified\":\"2016-02-03T18:06:29+01:00\"},{\"@type\":\"WebSite\",\"@id\":\"https:\\\/\\\/www.eldigitaldeasturias.com\\\/noticias\\\/#website\",\"url\":\"https:\\\/\\\/www.eldigitaldeasturias.com\\\/noticias\\\/\",\"name\":\"El Digital de Asturias - Diario de actualidad y noticias\",\"alternateName\":\"El Digital de Asturias - Diario de actualidad y noticias\",\"description\":\"Hemeroteca\",\"inLanguage\":\"es-ES\",\"publisher\":{\"@id\":\"https:\\\/\\\/www.eldigitaldeasturias.com\\\/noticias\\\/#organization\"}}]}\n\t\t<\/script>\n\t\t<!-- All in One SEO Pro -->\r\n\t\t<title>Mercedes Fern\u00e1ndez \u00abSi Javier Fern\u00e1ndez quiere, ma\u00f1ana hay presupuestos para 2016\u00bb - El Digital de Asturias<\/title>\n\n","aioseo_head_json":{"title":"Mercedes Fern\u00e1ndez \u00abSi Javier Fern\u00e1ndez quiere, ma\u00f1ana hay presupuestos para 2016\u00bb - El Digital de Asturias","description":"La presidenta del PP de Asturias, Mercedes Fern\u00e1ndez, ha reiterado este mi\u00e9rcoles su oferta al Gobierno asturiano liderado por Javier Fern\u00e1ndez (PSOE) para que Asturias pueda salir de la actual situaci\u00f3n de pr\u00f3rroga presupuestaria. \"Si Javier Fern\u00e1ndez quiere, ma\u00f1ana hay presupuestos para 2016\", ha dicho la dirigente 'popular' asturiana. El Gobierno del PSOE retir\u00f3 del","canonical_url":"https:\/\/www.eldigitaldeasturias.com\/noticias\/mercedes-fernandez-si-javier-fernandez-quiere-manana-hay-presupuestos-para-2016\/","robots":"max-image-preview:large","keywords":"actualidad asturias","webmasterTools":{"google-site-verification":"UA-38556648-1","msvalidate.01":"7dfe9f3f1b24437ab69f4f2559babe99","miscellaneous":""},"schema":{"@context":"https:\/\/schema.org","@graph":[{"@type":"BlogPosting","@id":"https:\/\/www.eldigitaldeasturias.com\/noticias\/mercedes-fernandez-si-javier-fernandez-quiere-manana-hay-presupuestos-para-2016\/#blogposting","name":"Mercedes Fern\u00e1ndez \u00abSi Javier Fern\u00e1ndez quiere, ma\u00f1ana hay presupuestos para 2016\u00bb - El Digital de Asturias","headline":"Mercedes Fern\u00e1ndez \u00abSi Javier Fern\u00e1ndez quiere, ma\u00f1ana hay presupuestos para 2016\u00bb","author":{"@id":"https:\/\/www.eldigitaldeasturias.com\/noticias\/author\/admin\/#author"},"publisher":{"@id":"https:\/\/www.eldigitaldeasturias.com\/noticias\/#organization"},"image":{"@type":"ImageObject","url":"https:\/\/www.eldigitaldeasturias.com\/noticias\/wp-content\/uploads\/2016\/02\/fotonoticia_20160203133107_800.jpg","width":800,"height":1198},"datePublished":"2016-02-03T18:06:29+01:00","dateModified":"2016-02-03T18:06:29+01:00","inLanguage":"es-ES","mainEntityOfPage":{"@id":"https:\/\/www.eldigitaldeasturias.com\/noticias\/mercedes-fernandez-si-javier-fernandez-quiere-manana-hay-presupuestos-para-2016\/#webpage"},"isPartOf":{"@id":"https:\/\/www.eldigitaldeasturias.com\/noticias\/mercedes-fernandez-si-javier-fernandez-quiere-manana-hay-presupuestos-para-2016\/#webpage"},"articleSection":"Actualidad Asturias"},{"@type":"BreadcrumbList","@id":"https:\/\/www.eldigitaldeasturias.com\/noticias\/mercedes-fernandez-si-javier-fernandez-quiere-manana-hay-presupuestos-para-2016\/#breadcrumblist","itemListElement":[{"@type":"ListItem","@id":"https:\/\/www.eldigitaldeasturias.com\/noticias#listItem","position":1,"name":"Home","item":"https:\/\/www.eldigitaldeasturias.com\/noticias","nextItem":{"@type":"ListItem","@id":"https:\/\/www.eldigitaldeasturias.com\/noticias\/category\/actualidad-asturias\/#listItem","name":"Actualidad Asturias"}},{"@type":"ListItem","@id":"https:\/\/www.eldigitaldeasturias.com\/noticias\/category\/actualidad-asturias\/#listItem","position":2,"name":"Actualidad Asturias","item":"https:\/\/www.eldigitaldeasturias.com\/noticias\/category\/actualidad-asturias\/","nextItem":{"@type":"ListItem","@id":"https:\/\/www.eldigitaldeasturias.com\/noticias\/mercedes-fernandez-si-javier-fernandez-quiere-manana-hay-presupuestos-para-2016\/#listItem","name":"Mercedes Fern\u00e1ndez \u00abSi Javier Fern\u00e1ndez quiere, ma\u00f1ana hay presupuestos para 2016\u00bb"},"previousItem":{"@type":"ListItem","@id":"https:\/\/www.eldigitaldeasturias.com\/noticias#listItem","name":"Home"}},{"@type":"ListItem","@id":"https:\/\/www.eldigitaldeasturias.com\/noticias\/mercedes-fernandez-si-javier-fernandez-quiere-manana-hay-presupuestos-para-2016\/#listItem","position":3,"name":"Mercedes Fern\u00e1ndez \u00abSi Javier Fern\u00e1ndez quiere, ma\u00f1ana hay presupuestos para 2016\u00bb","previousItem":{"@type":"ListItem","@id":"https:\/\/www.eldigitaldeasturias.com\/noticias\/category\/actualidad-asturias\/#listItem","name":"Actualidad Asturias"}}]},{"@type":"Organization","@id":"https:\/\/www.eldigitaldeasturias.com\/noticias\/#organization","name":"El Digital de Asturias","description":"Hemeroteca","url":"https:\/\/www.eldigitaldeasturias.com\/noticias\/","email":"info@eldigitaldeasturias.com","telephone":"+34652131393","logo":{"@type":"ImageObject","url":"https:\/\/www.eldigitaldeasturias.com\/noticias\/wp-content\/uploads\/2020\/12\/EDA.jpg","@id":"https:\/\/www.eldigitaldeasturias.com\/noticias\/mercedes-fernandez-si-javier-fernandez-quiere-manana-hay-presupuestos-para-2016\/#organizationLogo","width":649,"height":297},"image":{"@id":"https:\/\/www.eldigitaldeasturias.com\/noticias\/mercedes-fernandez-si-javier-fernandez-quiere-manana-hay-presupuestos-para-2016\/#organizationLogo"},"sameAs":["https:\/\/facebook.com\/eldigitaldeasturias","https:\/\/www.youtube.com\/channel\/UCZP-2wLEB9Rv6erhFmqVnvg"],"address":{"@id":"https:\/\/www.eldigitaldeasturias.com\/noticias\/#postaladdress","@type":"PostalAddress","streetAddress":"san antonio 4,","postalCode":"33430","addressLocality":"Cand\u00e1s","addressRegion":"Asturias","addressCountry":"ES"}},{"@type":"Person","@id":"https:\/\/www.eldigitaldeasturias.com\/noticias\/author\/admin\/#author","url":"https:\/\/www.eldigitaldeasturias.com\/noticias\/author\/admin\/","name":"El Digital de Asturias","image":{"@type":"ImageObject","@id":"https:\/\/www.eldigitaldeasturias.com\/noticias\/mercedes-fernandez-si-javier-fernandez-quiere-manana-hay-presupuestos-para-2016\/#authorImage","url":"https:\/\/www.eldigitaldeasturias.com\/noticias\/wp-content\/litespeed\/avatar\/18677e78aa0546b92d9dbf31ec7d7668.jpg?ver=1777290358","width":96,"height":96,"caption":"El Digital de Asturias"}},{"@type":"WebPage","@id":"https:\/\/www.eldigitaldeasturias.com\/noticias\/mercedes-fernandez-si-javier-fernandez-quiere-manana-hay-presupuestos-para-2016\/#webpage","url":"https:\/\/www.eldigitaldeasturias.com\/noticias\/mercedes-fernandez-si-javier-fernandez-quiere-manana-hay-presupuestos-para-2016\/","name":"Mercedes Fern\u00e1ndez \u00abSi Javier Fern\u00e1ndez quiere, ma\u00f1ana hay presupuestos para 2016\u00bb - El Digital de Asturias","description":"La presidenta del PP de Asturias, Mercedes Fern\u00e1ndez, ha reiterado este mi\u00e9rcoles su oferta al Gobierno asturiano liderado por Javier Fern\u00e1ndez (PSOE) para que Asturias pueda salir de la actual situaci\u00f3n de pr\u00f3rroga presupuestaria. \"Si Javier Fern\u00e1ndez quiere, ma\u00f1ana hay presupuestos para 2016\", ha dicho la dirigente 'popular' asturiana. El Gobierno del PSOE retir\u00f3 del","inLanguage":"es-ES","isPartOf":{"@id":"https:\/\/www.eldigitaldeasturias.com\/noticias\/#website"},"breadcrumb":{"@id":"https:\/\/www.eldigitaldeasturias.com\/noticias\/mercedes-fernandez-si-javier-fernandez-quiere-manana-hay-presupuestos-para-2016\/#breadcrumblist"},"author":{"@id":"https:\/\/www.eldigitaldeasturias.com\/noticias\/author\/admin\/#author"},"creator":{"@id":"https:\/\/www.eldigitaldeasturias.com\/noticias\/author\/admin\/#author"},"image":{"@type":"ImageObject","url":"https:\/\/www.eldigitaldeasturias.com\/noticias\/wp-content\/uploads\/2016\/02\/fotonoticia_20160203133107_800.jpg","@id":"https:\/\/www.eldigitaldeasturias.com\/noticias\/mercedes-fernandez-si-javier-fernandez-quiere-manana-hay-presupuestos-para-2016\/#mainImage","width":800,"height":1198},"primaryImageOfPage":{"@id":"https:\/\/www.eldigitaldeasturias.com\/noticias\/mercedes-fernandez-si-javier-fernandez-quiere-manana-hay-presupuestos-para-2016\/#mainImage"},"datePublished":"2016-02-03T18:06:29+01:00","dateModified":"2016-02-03T18:06:29+01:00"},{"@type":"WebSite","@id":"https:\/\/www.eldigitaldeasturias.com\/noticias\/#website","url":"https:\/\/www.eldigitaldeasturias.com\/noticias\/","name":"El Digital de Asturias - Diario de actualidad y noticias","alternateName":"El Digital de Asturias - Diario de actualidad y noticias","description":"Hemeroteca","inLanguage":"es-ES","publisher":{"@id":"https:\/\/www.eldigitaldeasturias.com\/noticias\/#organization"}}]},"og:locale":"es_ES","og:site_name":"El Digital de Asturias","og:type":"article","og:title":"Mercedes Fern\u00e1ndez \u00abSi Javier Fern\u00e1ndez quiere, ma\u00f1ana hay presupuestos para 2016\u00bb - El Digital de Asturias","og:description":"La presidenta del PP de Asturias, Mercedes Fern\u00e1ndez, ha reiterado este mi\u00e9rcoles su oferta al Gobierno asturiano liderado por Javier Fern\u00e1ndez (PSOE) para que Asturias pueda salir de la actual situaci\u00f3n de pr\u00f3rroga presupuestaria. &quot;Si Javier Fern\u00e1ndez quiere, ma\u00f1ana hay presupuestos para 2016&quot;, ha dicho la dirigente 'popular' asturiana. El Gobierno del PSOE retir\u00f3 del","og:url":"https:\/\/www.eldigitaldeasturias.com\/noticias\/mercedes-fernandez-si-javier-fernandez-quiere-manana-hay-presupuestos-para-2016\/","og:image":"https:\/\/www.eldigitaldeasturias.com\/noticias\/wp-content\/uploads\/2016\/02\/fotonoticia_20160203133107_800.jpg","og:image:secure_url":"https:\/\/www.eldigitaldeasturias.com\/noticias\/wp-content\/uploads\/2016\/02\/fotonoticia_20160203133107_800.jpg","og:image:width":800,"og:image:height":1198,"article:tag":["actualidad asturias"],"article:published_time":"2016-02-03T18:06:29+00:00","article:modified_time":"2016-02-03T18:06:29+00:00","article:publisher":"https:\/\/facebook.com\/eldigitaldeasturias","twitter:card":"summary_large_image","twitter:title":"Mercedes Fern\u00e1ndez \u00abSi Javier Fern\u00e1ndez quiere, ma\u00f1ana hay presupuestos para 2016\u00bb - El Digital de Asturias","twitter:description":"La presidenta del PP de Asturias, Mercedes Fern\u00e1ndez, ha reiterado este mi\u00e9rcoles su oferta al Gobierno asturiano liderado por Javier Fern\u00e1ndez (PSOE) para que Asturias pueda salir de la actual situaci\u00f3n de pr\u00f3rroga presupuestaria. &quot;Si Javier Fern\u00e1ndez quiere, ma\u00f1ana hay presupuestos para 2016&quot;, ha dicho la dirigente 'popular' asturiana. El Gobierno del PSOE retir\u00f3 del","twitter:image":"https:\/\/www.eldigitaldeasturias.com\/noticias\/wp-content\/uploads\/2016\/02\/fotonoticia_20160203133107_800.jpg","twitter:label1":"Escrito por","twitter:data1":"El Digital de Asturias","twitter:label2":"Tiempo de lectura estimado","twitter:data2":"1 minuto"},"aioseo_meta_data":{"post_id":"853506","title":null,"description":null,"keywords":null,"keyphrases":null,"primary_term":null,"canonical_url":null,"og_title":null,"og_description":null,"og_object_type":"default","og_image_type":"default","og_image_url":null,"og_image_width":null,"og_image_height":null,"og_image_custom_url":null,"og_image_custom_fields":null,"og_video":null,"og_custom_url":null,"og_article_section":null,"og_article_tags":null,"twitter_use_og":false,"twitter_card":"default","twitter_image_type":"default","twitter_image_url":null,"twitter_image_custom_url":null,"twitter_image_custom_fields":null,"twitter_title":null,"twitter_description":null,"schema":{"blockGraphs":[],"customGraphs":[],"default":{"data":{"Article":[],"Course":[],"Dataset":[],"FAQPage":[],"Movie":[],"Person":[],"Product":[],"ProductReview":[],"Car":[],"Recipe":[],"Service":[],"SoftwareApplication":[],"WebPage":[]},"graphName":"","isEnabled":true},"graphs":[],"defaultGraph":"","defaultPostTypeGraph":""},"schema_type":null,"schema_type_options":null,"pillar_content":false,"robots_default":true,"robots_noindex":false,"robots_noarchive":false,"robots_nosnippet":false,"robots_nofollow":false,"robots_noimageindex":false,"robots_noodp":false,"robots_notranslate":false,"robots_max_snippet":null,"robots_max_videopreview":null,"robots_max_imagepreview":"large","priority":null,"frequency":null,"local_seo":null,"seo_analyzer_scan_date":"2025-12-09 18:16:07","breadcrumb_settings":null,"limit_modified_date":false,"open_ai":null,"ai":null,"created":"2021-01-23 14:09:17","updated":"2025-12-09 18:16:07"},"aioseo_breadcrumb":"<div class=\"aioseo-breadcrumbs\"><span class=\"aioseo-breadcrumb\">\n\t<a href=\"https:\/\/www.eldigitaldeasturias.com\/noticias\" title=\"Home\">Home<\/a>\n<\/span><span class=\"aioseo-breadcrumb-separator\">\u2013<\/span><span class=\"aioseo-breadcrumb\">\n\t<a href=\"https:\/\/www.eldigitaldeasturias.com\/noticias\/category\/actualidad-asturias\/\" title=\"Actualidad Asturias\">Actualidad Asturias<\/a>\n<\/span><span class=\"aioseo-breadcrumb-separator\">\u2013<\/span><span class=\"aioseo-breadcrumb\">\n\t<a href=\"https:\/\/www.eldigitaldeasturias.com\/noticias\/mercedes-fernandez-si-javier-fernandez-quiere-manana-hay-presupuestos-para-2016\/\" title=\"Mercedes Fern\u00e1ndez \u00abSi Javier Fern\u00e1ndez quiere, ma\u00f1ana hay presupuestos para 2016\u00bb\">Mercedes Fern\u00e1ndez \u00abSi Javier Fern\u00e1ndez quiere, ma\u00f1ana hay presupuestos para 2016\u00bb<\/a>\n<\/span><\/div>","aioseo_breadcrumb_json":[{"label":"Home","link":"https:\/\/www.eldigitaldeasturias.com\/noticias"},{"label":"Actualidad Asturias","link":"https:\/\/www.eldigitaldeasturias.com\/noticias\/category\/actualidad-asturias\/"},{"label":"Mercedes Fern\u00e1ndez \u00abSi Javier Fern\u00e1ndez quiere, ma\u00f1ana hay presupuestos para 2016\u00bb","link":"https:\/\/www.eldigitaldeasturias.com\/noticias\/mercedes-fernandez-si-javier-fernandez-quiere-manana-hay-presupuestos-para-2016\/"}],"_links":{"self":[{"href":"https:\/\/www.eldigitaldeasturias.com\/noticias\/wp-json\/wp\/v2\/posts\/853506","targetHints":{"allow":["GET"]}}],"collection":[{"href":"https:\/\/www.eldigitaldeasturias.com\/noticias\/wp-json\/wp\/v2\/posts"}],"about":[{"href":"https:\/\/www.eldigitaldeasturias.com\/noticias\/wp-json\/wp\/v2\/types\/post"}],"author":[{"embeddable":true,"href":"https:\/\/www.eldigitaldeasturias.com\/noticias\/wp-json\/wp\/v2\/users\/1"}],"replies":[{"embeddable":true,"href":"https:\/\/www.eldigitaldeasturias.com\/noticias\/wp-json\/wp\/v2\/comments?post=853506"}],"version-history":[{"count":0,"href":"https:\/\/www.eldigitaldeasturias.com\/noticias\/wp-json\/wp\/v2\/posts\/853506\/revisions"}],"wp:featuredmedia":[{"embeddable":true,"href":"https:\/\/www.eldigitaldeasturias.com\/noticias\/wp-json\/wp\/v2\/media\/853507"}],"wp:attachment":[{"href":"https:\/\/www.eldigitaldeasturias.com\/noticias\/wp-json\/wp\/v2\/media?parent=853506"}],"wp:term":[{"taxonomy":"category","embeddable":true,"href":"https:\/\/www.eldigitaldeasturias.com\/noticias\/wp-json\/wp\/v2\/categories?post=853506"},{"taxonomy":"post_tag","embeddable":true,"href":"https:\/\/www.eldigitaldeasturias.com\/noticias\/wp-json\/wp\/v2\/tags?post=853506"}],"curies":[{"name":"wp","href":"https:\/\/api.w.org\/{rel}","templated":true}]}}