{"id":853503,"date":"2016-02-03T18:04:51","date_gmt":"2016-02-03T18:04:51","guid":{"rendered":"http:\/\/www.eldigitaldeasturias.com\/noticias\/?p=853503"},"modified":"2016-02-03T18:04:51","modified_gmt":"2016-02-03T18:04:51","slug":"principado-y-estado-abordaran-en-una-reunion-las-ayudas-a-los-afectados-por-el-fuego","status":"publish","type":"post","link":"https:\/\/www.eldigitaldeasturias.com\/noticias\/principado-y-estado-abordaran-en-una-reunion-las-ayudas-a-los-afectados-por-el-fuego\/","title":{"rendered":"Principado y Estado abordar\u00e1n en una reuni\u00f3n las ayudas a los afectados por el fuego"},"content":{"rendered":"<p><img loading=\"lazy\" decoding=\"async\" class=\"alignleft size-medium wp-image-853504\" src=\"https:\/\/www.eldigitaldeasturias.com\/noticias\/wp-content\/uploads\/2016\/02\/fotonoticia_20160203132936_800-360x203.jpg\" alt=\"fotonoticia_20160203132936_800\" width=\"360\" height=\"203\" srcset=\"https:\/\/www.eldigitaldeasturias.com\/noticias\/wp-content\/uploads\/2016\/02\/fotonoticia_20160203132936_800-360x203.jpg 360w, https:\/\/www.eldigitaldeasturias.com\/noticias\/wp-content\/uploads\/2016\/02\/fotonoticia_20160203132936_800-768x432.jpg 768w, https:\/\/www.eldigitaldeasturias.com\/noticias\/wp-content\/uploads\/2016\/02\/fotonoticia_20160203132936_800-650x366.jpg 650w, https:\/\/www.eldigitaldeasturias.com\/noticias\/wp-content\/uploads\/2016\/02\/fotonoticia_20160203132936_800.jpg 800w\" sizes=\"auto, (max-width: 360px) 100vw, 360px\" \/>El Principado de Asturias mantendr\u00e1 este jueves una reuni\u00f3n en Oviedo con el subsecretario del Ministerio del Interior, Luis Aguilera, en la que solicitar\u00e1n la concesi\u00f3n de ayudas destinadas a los afectados por la ola de incendios que afect\u00f3 al Principado.<\/p>\n<p>As\u00ed lo ha indicado en rueda de prensa posterior al consejo de Gobierno el consejero de Presidencia y portavoz del Ejecutivo, Guillermo Mart\u00ednez.<\/p>\n<p>Mart\u00ednez ha se\u00f1alado que desde el Gobierno asturiano \u00abvolver\u00e1n a pedir que se flexibilice el decreto que regula la concesi\u00f3n de dichas ayudas para facilitar el acceso a las mismas a los afectados\u00bb. En este sentido ha asegurado que esa flexibilizaci\u00f3n es posible porque ya se ha llevado a cabo en ocasiones anteriores.<\/p>\n<p>Mart\u00ednez tambi\u00e9n ha recordado que el Gobierno del Principado est\u00e1 trabajando con celeridad para aprobar un decreto de ayudas para personas que han perdido su primera vivienda. Se trabaja adem\u00e1s en la tramitaci\u00f3n de las subvenciones previstas en el Plan de Desarrollo Rural.<\/p>\n","protected":false},"excerpt":{"rendered":"<p>El Principado de Asturias mantendr\u00e1 este jueves una reuni\u00f3n en Oviedo con el subsecretario del Ministerio del Interior, Luis Aguilera, en la que solicitar\u00e1n la concesi\u00f3n de ayudas destinadas a los afectados por la ola de incendios que afect\u00f3 al Principado. As\u00ed lo ha indicado en rueda de prensa posterior al consejo de Gobierno el [&hellip;]<\/p>\n","protected":false},"author":1,"featured_media":853504,"comment_status":"closed","ping_status":"closed","sticky":false,"template":"","format":"standard","meta":{"footnotes":""},"categories":[12],"tags":[],"class_list":["post-853503","post","type-post","status-publish","format-standard","has-post-thumbnail","hentry","category-actualidad-asturias"],"aioseo_notices":[],"aioseo_head":"\n\t\t<!-- All in One SEO Pro 4.9.6.2 - aioseo.com -->\n\t<meta name=\"description\" content=\"El Principado de Asturias mantendr\u00e1 este jueves una reuni\u00f3n en Oviedo con el subsecretario del Ministerio del Interior, Luis Aguilera, en la que solicitar\u00e1n la concesi\u00f3n de ayudas destinadas a los afectados por la ola de incendios que afect\u00f3 al Principado. As\u00ed lo ha indicado en rueda de prensa posterior al consejo de Gobierno el\" \/>\n\t<meta name=\"robots\" content=\"max-image-preview:large\" \/>\n\t<meta name=\"author\" content=\"El Digital de Asturias\"\/>\n\t<meta name=\"google-site-verification\" content=\"UA-38556648-1\" \/>\n\t<meta name=\"msvalidate.01\" content=\"7dfe9f3f1b24437ab69f4f2559babe99\" \/>\n\t<meta name=\"keywords\" content=\"actualidad asturias\" \/>\n\t<link rel=\"canonical\" href=\"https:\/\/www.eldigitaldeasturias.com\/noticias\/principado-y-estado-abordaran-en-una-reunion-las-ayudas-a-los-afectados-por-el-fuego\/\" \/>\n\t<meta name=\"generator\" content=\"All in One SEO Pro (AIOSEO) 4.9.6.2\" \/>\n\t\t<meta property=\"og:locale\" content=\"es_ES\" \/>\n\t\t<meta property=\"og:site_name\" content=\"El Digital de Asturias\" \/>\n\t\t<meta property=\"og:type\" content=\"article\" \/>\n\t\t<meta property=\"og:title\" content=\"Principado y Estado abordar\u00e1n en una reuni\u00f3n las ayudas a los afectados por el fuego - El Digital de Asturias\" \/>\n\t\t<meta property=\"og:description\" content=\"El Principado de Asturias mantendr\u00e1 este jueves una reuni\u00f3n en Oviedo con el subsecretario del Ministerio del Interior, Luis Aguilera, en la que solicitar\u00e1n la concesi\u00f3n de ayudas destinadas a los afectados por la ola de incendios que afect\u00f3 al Principado. As\u00ed lo ha indicado en rueda de prensa posterior al consejo de Gobierno el\" \/>\n\t\t<meta property=\"og:url\" content=\"https:\/\/www.eldigitaldeasturias.com\/noticias\/principado-y-estado-abordaran-en-una-reunion-las-ayudas-a-los-afectados-por-el-fuego\/\" \/>\n\t\t<meta property=\"og:image\" content=\"https:\/\/www.eldigitaldeasturias.com\/noticias\/wp-content\/uploads\/2016\/02\/fotonoticia_20160203132936_800.jpg\" \/>\n\t\t<meta property=\"og:image:secure_url\" content=\"https:\/\/www.eldigitaldeasturias.com\/noticias\/wp-content\/uploads\/2016\/02\/fotonoticia_20160203132936_800.jpg\" \/>\n\t\t<meta property=\"og:image:width\" content=\"800\" \/>\n\t\t<meta property=\"og:image:height\" content=\"450\" \/>\n\t\t<meta property=\"article:tag\" content=\"actualidad asturias\" \/>\n\t\t<meta property=\"article:published_time\" content=\"2016-02-03T18:04:51+00:00\" \/>\n\t\t<meta property=\"article:modified_time\" content=\"2016-02-03T18:04:51+00:00\" \/>\n\t\t<meta property=\"article:publisher\" content=\"https:\/\/facebook.com\/eldigitaldeasturias\" \/>\n\t\t<meta name=\"twitter:card\" content=\"summary_large_image\" \/>\n\t\t<meta name=\"twitter:title\" content=\"Principado y Estado abordar\u00e1n en una reuni\u00f3n las ayudas a los afectados por el fuego - El Digital de Asturias\" \/>\n\t\t<meta name=\"twitter:description\" content=\"El Principado de Asturias mantendr\u00e1 este jueves una reuni\u00f3n en Oviedo con el subsecretario del Ministerio del Interior, Luis Aguilera, en la que solicitar\u00e1n la concesi\u00f3n de ayudas destinadas a los afectados por la ola de incendios que afect\u00f3 al Principado. As\u00ed lo ha indicado en rueda de prensa posterior al consejo de Gobierno el\" \/>\n\t\t<meta name=\"twitter:image\" content=\"https:\/\/www.eldigitaldeasturias.com\/noticias\/wp-content\/uploads\/2016\/02\/fotonoticia_20160203132936_800.jpg\" \/>\n\t\t<meta name=\"twitter:label1\" content=\"Escrito por\" \/>\n\t\t<meta name=\"twitter:data1\" content=\"El Digital de Asturias\" \/>\n\t\t<meta name=\"twitter:label2\" content=\"Tiempo de lectura estimado\" \/>\n\t\t<meta name=\"twitter:data2\" content=\"1 minuto\" \/>\n\t\t<script type=\"application\/ld+json\" class=\"aioseo-schema\">\n\t\t\t{\"@context\":\"https:\\\/\\\/schema.org\",\"@graph\":[{\"@type\":\"BlogPosting\",\"@id\":\"https:\\\/\\\/www.eldigitaldeasturias.com\\\/noticias\\\/principado-y-estado-abordaran-en-una-reunion-las-ayudas-a-los-afectados-por-el-fuego\\\/#blogposting\",\"name\":\"Principado y Estado abordar\\u00e1n en una reuni\\u00f3n las ayudas a los afectados por el fuego - El Digital de Asturias\",\"headline\":\"Principado y Estado abordar\\u00e1n en una reuni\\u00f3n las ayudas a los afectados por el fuego\",\"author\":{\"@id\":\"https:\\\/\\\/www.eldigitaldeasturias.com\\\/noticias\\\/author\\\/admin\\\/#author\"},\"publisher\":{\"@id\":\"https:\\\/\\\/www.eldigitaldeasturias.com\\\/noticias\\\/#organization\"},\"image\":{\"@type\":\"ImageObject\",\"url\":\"https:\\\/\\\/www.eldigitaldeasturias.com\\\/noticias\\\/wp-content\\\/uploads\\\/2016\\\/02\\\/fotonoticia_20160203132936_800.jpg\",\"width\":800,\"height\":450},\"datePublished\":\"2016-02-03T18:04:51+01:00\",\"dateModified\":\"2016-02-03T18:04:51+01:00\",\"inLanguage\":\"es-ES\",\"mainEntityOfPage\":{\"@id\":\"https:\\\/\\\/www.eldigitaldeasturias.com\\\/noticias\\\/principado-y-estado-abordaran-en-una-reunion-las-ayudas-a-los-afectados-por-el-fuego\\\/#webpage\"},\"isPartOf\":{\"@id\":\"https:\\\/\\\/www.eldigitaldeasturias.com\\\/noticias\\\/principado-y-estado-abordaran-en-una-reunion-las-ayudas-a-los-afectados-por-el-fuego\\\/#webpage\"},\"articleSection\":\"Actualidad Asturias\"},{\"@type\":\"BreadcrumbList\",\"@id\":\"https:\\\/\\\/www.eldigitaldeasturias.com\\\/noticias\\\/principado-y-estado-abordaran-en-una-reunion-las-ayudas-a-los-afectados-por-el-fuego\\\/#breadcrumblist\",\"itemListElement\":[{\"@type\":\"ListItem\",\"@id\":\"https:\\\/\\\/www.eldigitaldeasturias.com\\\/noticias#listItem\",\"position\":1,\"name\":\"Home\",\"item\":\"https:\\\/\\\/www.eldigitaldeasturias.com\\\/noticias\",\"nextItem\":{\"@type\":\"ListItem\",\"@id\":\"https:\\\/\\\/www.eldigitaldeasturias.com\\\/noticias\\\/category\\\/actualidad-asturias\\\/#listItem\",\"name\":\"Actualidad Asturias\"}},{\"@type\":\"ListItem\",\"@id\":\"https:\\\/\\\/www.eldigitaldeasturias.com\\\/noticias\\\/category\\\/actualidad-asturias\\\/#listItem\",\"position\":2,\"name\":\"Actualidad Asturias\",\"item\":\"https:\\\/\\\/www.eldigitaldeasturias.com\\\/noticias\\\/category\\\/actualidad-asturias\\\/\",\"nextItem\":{\"@type\":\"ListItem\",\"@id\":\"https:\\\/\\\/www.eldigitaldeasturias.com\\\/noticias\\\/principado-y-estado-abordaran-en-una-reunion-las-ayudas-a-los-afectados-por-el-fuego\\\/#listItem\",\"name\":\"Principado y Estado abordar\\u00e1n en una reuni\\u00f3n las ayudas a los afectados por el fuego\"},\"previousItem\":{\"@type\":\"ListItem\",\"@id\":\"https:\\\/\\\/www.eldigitaldeasturias.com\\\/noticias#listItem\",\"name\":\"Home\"}},{\"@type\":\"ListItem\",\"@id\":\"https:\\\/\\\/www.eldigitaldeasturias.com\\\/noticias\\\/principado-y-estado-abordaran-en-una-reunion-las-ayudas-a-los-afectados-por-el-fuego\\\/#listItem\",\"position\":3,\"name\":\"Principado y Estado abordar\\u00e1n en una reuni\\u00f3n las ayudas a los afectados por el fuego\",\"previousItem\":{\"@type\":\"ListItem\",\"@id\":\"https:\\\/\\\/www.eldigitaldeasturias.com\\\/noticias\\\/category\\\/actualidad-asturias\\\/#listItem\",\"name\":\"Actualidad Asturias\"}}]},{\"@type\":\"Organization\",\"@id\":\"https:\\\/\\\/www.eldigitaldeasturias.com\\\/noticias\\\/#organization\",\"name\":\"El Digital de Asturias\",\"description\":\"Hemeroteca\",\"url\":\"https:\\\/\\\/www.eldigitaldeasturias.com\\\/noticias\\\/\",\"email\":\"info@eldigitaldeasturias.com\",\"telephone\":\"+34652131393\",\"logo\":{\"@type\":\"ImageObject\",\"url\":\"https:\\\/\\\/www.eldigitaldeasturias.com\\\/noticias\\\/wp-content\\\/uploads\\\/2020\\\/12\\\/EDA.jpg\",\"@id\":\"https:\\\/\\\/www.eldigitaldeasturias.com\\\/noticias\\\/principado-y-estado-abordaran-en-una-reunion-las-ayudas-a-los-afectados-por-el-fuego\\\/#organizationLogo\",\"width\":649,\"height\":297},\"image\":{\"@id\":\"https:\\\/\\\/www.eldigitaldeasturias.com\\\/noticias\\\/principado-y-estado-abordaran-en-una-reunion-las-ayudas-a-los-afectados-por-el-fuego\\\/#organizationLogo\"},\"sameAs\":[\"https:\\\/\\\/facebook.com\\\/eldigitaldeasturias\",\"https:\\\/\\\/www.youtube.com\\\/channel\\\/UCZP-2wLEB9Rv6erhFmqVnvg\"],\"address\":{\"@id\":\"https:\\\/\\\/www.eldigitaldeasturias.com\\\/noticias\\\/#postaladdress\",\"@type\":\"PostalAddress\",\"streetAddress\":\"san antonio 4,\",\"postalCode\":\"33430\",\"addressLocality\":\"Cand\\u00e1s\",\"addressRegion\":\"Asturias\",\"addressCountry\":\"ES\"}},{\"@type\":\"Person\",\"@id\":\"https:\\\/\\\/www.eldigitaldeasturias.com\\\/noticias\\\/author\\\/admin\\\/#author\",\"url\":\"https:\\\/\\\/www.eldigitaldeasturias.com\\\/noticias\\\/author\\\/admin\\\/\",\"name\":\"El Digital de Asturias\",\"image\":{\"@type\":\"ImageObject\",\"@id\":\"https:\\\/\\\/www.eldigitaldeasturias.com\\\/noticias\\\/principado-y-estado-abordaran-en-una-reunion-las-ayudas-a-los-afectados-por-el-fuego\\\/#authorImage\",\"url\":\"https:\\\/\\\/www.eldigitaldeasturias.com\\\/noticias\\\/wp-content\\\/litespeed\\\/avatar\\\/18677e78aa0546b92d9dbf31ec7d7668.jpg?ver=1777290358\",\"width\":96,\"height\":96,\"caption\":\"El Digital de Asturias\"}},{\"@type\":\"WebPage\",\"@id\":\"https:\\\/\\\/www.eldigitaldeasturias.com\\\/noticias\\\/principado-y-estado-abordaran-en-una-reunion-las-ayudas-a-los-afectados-por-el-fuego\\\/#webpage\",\"url\":\"https:\\\/\\\/www.eldigitaldeasturias.com\\\/noticias\\\/principado-y-estado-abordaran-en-una-reunion-las-ayudas-a-los-afectados-por-el-fuego\\\/\",\"name\":\"Principado y Estado abordar\\u00e1n en una reuni\\u00f3n las ayudas a los afectados por el fuego - El Digital de Asturias\",\"description\":\"El Principado de Asturias mantendr\\u00e1 este jueves una reuni\\u00f3n en Oviedo con el subsecretario del Ministerio del Interior, Luis Aguilera, en la que solicitar\\u00e1n la concesi\\u00f3n de ayudas destinadas a los afectados por la ola de incendios que afect\\u00f3 al Principado. As\\u00ed lo ha indicado en rueda de prensa posterior al consejo de Gobierno el\",\"inLanguage\":\"es-ES\",\"isPartOf\":{\"@id\":\"https:\\\/\\\/www.eldigitaldeasturias.com\\\/noticias\\\/#website\"},\"breadcrumb\":{\"@id\":\"https:\\\/\\\/www.eldigitaldeasturias.com\\\/noticias\\\/principado-y-estado-abordaran-en-una-reunion-las-ayudas-a-los-afectados-por-el-fuego\\\/#breadcrumblist\"},\"author\":{\"@id\":\"https:\\\/\\\/www.eldigitaldeasturias.com\\\/noticias\\\/author\\\/admin\\\/#author\"},\"creator\":{\"@id\":\"https:\\\/\\\/www.eldigitaldeasturias.com\\\/noticias\\\/author\\\/admin\\\/#author\"},\"image\":{\"@type\":\"ImageObject\",\"url\":\"https:\\\/\\\/www.eldigitaldeasturias.com\\\/noticias\\\/wp-content\\\/uploads\\\/2016\\\/02\\\/fotonoticia_20160203132936_800.jpg\",\"@id\":\"https:\\\/\\\/www.eldigitaldeasturias.com\\\/noticias\\\/principado-y-estado-abordaran-en-una-reunion-las-ayudas-a-los-afectados-por-el-fuego\\\/#mainImage\",\"width\":800,\"height\":450},\"primaryImageOfPage\":{\"@id\":\"https:\\\/\\\/www.eldigitaldeasturias.com\\\/noticias\\\/principado-y-estado-abordaran-en-una-reunion-las-ayudas-a-los-afectados-por-el-fuego\\\/#mainImage\"},\"datePublished\":\"2016-02-03T18:04:51+01:00\",\"dateModified\":\"2016-02-03T18:04:51+01:00\"},{\"@type\":\"WebSite\",\"@id\":\"https:\\\/\\\/www.eldigitaldeasturias.com\\\/noticias\\\/#website\",\"url\":\"https:\\\/\\\/www.eldigitaldeasturias.com\\\/noticias\\\/\",\"name\":\"El Digital de Asturias - Diario de actualidad y noticias\",\"alternateName\":\"El Digital de Asturias - Diario de actualidad y noticias\",\"description\":\"Hemeroteca\",\"inLanguage\":\"es-ES\",\"publisher\":{\"@id\":\"https:\\\/\\\/www.eldigitaldeasturias.com\\\/noticias\\\/#organization\"}}]}\n\t\t<\/script>\n\t\t<!-- All in One SEO Pro -->\r\n\t\t<title>Principado y Estado abordar\u00e1n en una reuni\u00f3n las ayudas a los afectados por el fuego - El Digital de Asturias<\/title>\n\n","aioseo_head_json":{"title":"Principado y Estado abordar\u00e1n en una reuni\u00f3n las ayudas a los afectados por el fuego - El Digital de Asturias","description":"El Principado de Asturias mantendr\u00e1 este jueves una reuni\u00f3n en Oviedo con el subsecretario del Ministerio del Interior, Luis Aguilera, en la que solicitar\u00e1n la concesi\u00f3n de ayudas destinadas a los afectados por la ola de incendios que afect\u00f3 al Principado. As\u00ed lo ha indicado en rueda de prensa posterior al consejo de Gobierno el","canonical_url":"https:\/\/www.eldigitaldeasturias.com\/noticias\/principado-y-estado-abordaran-en-una-reunion-las-ayudas-a-los-afectados-por-el-fuego\/","robots":"max-image-preview:large","keywords":"actualidad asturias","webmasterTools":{"google-site-verification":"UA-38556648-1","msvalidate.01":"7dfe9f3f1b24437ab69f4f2559babe99","miscellaneous":""},"schema":{"@context":"https:\/\/schema.org","@graph":[{"@type":"BlogPosting","@id":"https:\/\/www.eldigitaldeasturias.com\/noticias\/principado-y-estado-abordaran-en-una-reunion-las-ayudas-a-los-afectados-por-el-fuego\/#blogposting","name":"Principado y Estado abordar\u00e1n en una reuni\u00f3n las ayudas a los afectados por el fuego - El Digital de Asturias","headline":"Principado y Estado abordar\u00e1n en una reuni\u00f3n las ayudas a los afectados por el fuego","author":{"@id":"https:\/\/www.eldigitaldeasturias.com\/noticias\/author\/admin\/#author"},"publisher":{"@id":"https:\/\/www.eldigitaldeasturias.com\/noticias\/#organization"},"image":{"@type":"ImageObject","url":"https:\/\/www.eldigitaldeasturias.com\/noticias\/wp-content\/uploads\/2016\/02\/fotonoticia_20160203132936_800.jpg","width":800,"height":450},"datePublished":"2016-02-03T18:04:51+01:00","dateModified":"2016-02-03T18:04:51+01:00","inLanguage":"es-ES","mainEntityOfPage":{"@id":"https:\/\/www.eldigitaldeasturias.com\/noticias\/principado-y-estado-abordaran-en-una-reunion-las-ayudas-a-los-afectados-por-el-fuego\/#webpage"},"isPartOf":{"@id":"https:\/\/www.eldigitaldeasturias.com\/noticias\/principado-y-estado-abordaran-en-una-reunion-las-ayudas-a-los-afectados-por-el-fuego\/#webpage"},"articleSection":"Actualidad Asturias"},{"@type":"BreadcrumbList","@id":"https:\/\/www.eldigitaldeasturias.com\/noticias\/principado-y-estado-abordaran-en-una-reunion-las-ayudas-a-los-afectados-por-el-fuego\/#breadcrumblist","itemListElement":[{"@type":"ListItem","@id":"https:\/\/www.eldigitaldeasturias.com\/noticias#listItem","position":1,"name":"Home","item":"https:\/\/www.eldigitaldeasturias.com\/noticias","nextItem":{"@type":"ListItem","@id":"https:\/\/www.eldigitaldeasturias.com\/noticias\/category\/actualidad-asturias\/#listItem","name":"Actualidad Asturias"}},{"@type":"ListItem","@id":"https:\/\/www.eldigitaldeasturias.com\/noticias\/category\/actualidad-asturias\/#listItem","position":2,"name":"Actualidad Asturias","item":"https:\/\/www.eldigitaldeasturias.com\/noticias\/category\/actualidad-asturias\/","nextItem":{"@type":"ListItem","@id":"https:\/\/www.eldigitaldeasturias.com\/noticias\/principado-y-estado-abordaran-en-una-reunion-las-ayudas-a-los-afectados-por-el-fuego\/#listItem","name":"Principado y Estado abordar\u00e1n en una reuni\u00f3n las ayudas a los afectados por el fuego"},"previousItem":{"@type":"ListItem","@id":"https:\/\/www.eldigitaldeasturias.com\/noticias#listItem","name":"Home"}},{"@type":"ListItem","@id":"https:\/\/www.eldigitaldeasturias.com\/noticias\/principado-y-estado-abordaran-en-una-reunion-las-ayudas-a-los-afectados-por-el-fuego\/#listItem","position":3,"name":"Principado y Estado abordar\u00e1n en una reuni\u00f3n las ayudas a los afectados por el fuego","previousItem":{"@type":"ListItem","@id":"https:\/\/www.eldigitaldeasturias.com\/noticias\/category\/actualidad-asturias\/#listItem","name":"Actualidad Asturias"}}]},{"@type":"Organization","@id":"https:\/\/www.eldigitaldeasturias.com\/noticias\/#organization","name":"El Digital de Asturias","description":"Hemeroteca","url":"https:\/\/www.eldigitaldeasturias.com\/noticias\/","email":"info@eldigitaldeasturias.com","telephone":"+34652131393","logo":{"@type":"ImageObject","url":"https:\/\/www.eldigitaldeasturias.com\/noticias\/wp-content\/uploads\/2020\/12\/EDA.jpg","@id":"https:\/\/www.eldigitaldeasturias.com\/noticias\/principado-y-estado-abordaran-en-una-reunion-las-ayudas-a-los-afectados-por-el-fuego\/#organizationLogo","width":649,"height":297},"image":{"@id":"https:\/\/www.eldigitaldeasturias.com\/noticias\/principado-y-estado-abordaran-en-una-reunion-las-ayudas-a-los-afectados-por-el-fuego\/#organizationLogo"},"sameAs":["https:\/\/facebook.com\/eldigitaldeasturias","https:\/\/www.youtube.com\/channel\/UCZP-2wLEB9Rv6erhFmqVnvg"],"address":{"@id":"https:\/\/www.eldigitaldeasturias.com\/noticias\/#postaladdress","@type":"PostalAddress","streetAddress":"san antonio 4,","postalCode":"33430","addressLocality":"Cand\u00e1s","addressRegion":"Asturias","addressCountry":"ES"}},{"@type":"Person","@id":"https:\/\/www.eldigitaldeasturias.com\/noticias\/author\/admin\/#author","url":"https:\/\/www.eldigitaldeasturias.com\/noticias\/author\/admin\/","name":"El Digital de Asturias","image":{"@type":"ImageObject","@id":"https:\/\/www.eldigitaldeasturias.com\/noticias\/principado-y-estado-abordaran-en-una-reunion-las-ayudas-a-los-afectados-por-el-fuego\/#authorImage","url":"https:\/\/www.eldigitaldeasturias.com\/noticias\/wp-content\/litespeed\/avatar\/18677e78aa0546b92d9dbf31ec7d7668.jpg?ver=1777290358","width":96,"height":96,"caption":"El Digital de Asturias"}},{"@type":"WebPage","@id":"https:\/\/www.eldigitaldeasturias.com\/noticias\/principado-y-estado-abordaran-en-una-reunion-las-ayudas-a-los-afectados-por-el-fuego\/#webpage","url":"https:\/\/www.eldigitaldeasturias.com\/noticias\/principado-y-estado-abordaran-en-una-reunion-las-ayudas-a-los-afectados-por-el-fuego\/","name":"Principado y Estado abordar\u00e1n en una reuni\u00f3n las ayudas a los afectados por el fuego - El Digital de Asturias","description":"El Principado de Asturias mantendr\u00e1 este jueves una reuni\u00f3n en Oviedo con el subsecretario del Ministerio del Interior, Luis Aguilera, en la que solicitar\u00e1n la concesi\u00f3n de ayudas destinadas a los afectados por la ola de incendios que afect\u00f3 al Principado. As\u00ed lo ha indicado en rueda de prensa posterior al consejo de Gobierno el","inLanguage":"es-ES","isPartOf":{"@id":"https:\/\/www.eldigitaldeasturias.com\/noticias\/#website"},"breadcrumb":{"@id":"https:\/\/www.eldigitaldeasturias.com\/noticias\/principado-y-estado-abordaran-en-una-reunion-las-ayudas-a-los-afectados-por-el-fuego\/#breadcrumblist"},"author":{"@id":"https:\/\/www.eldigitaldeasturias.com\/noticias\/author\/admin\/#author"},"creator":{"@id":"https:\/\/www.eldigitaldeasturias.com\/noticias\/author\/admin\/#author"},"image":{"@type":"ImageObject","url":"https:\/\/www.eldigitaldeasturias.com\/noticias\/wp-content\/uploads\/2016\/02\/fotonoticia_20160203132936_800.jpg","@id":"https:\/\/www.eldigitaldeasturias.com\/noticias\/principado-y-estado-abordaran-en-una-reunion-las-ayudas-a-los-afectados-por-el-fuego\/#mainImage","width":800,"height":450},"primaryImageOfPage":{"@id":"https:\/\/www.eldigitaldeasturias.com\/noticias\/principado-y-estado-abordaran-en-una-reunion-las-ayudas-a-los-afectados-por-el-fuego\/#mainImage"},"datePublished":"2016-02-03T18:04:51+01:00","dateModified":"2016-02-03T18:04:51+01:00"},{"@type":"WebSite","@id":"https:\/\/www.eldigitaldeasturias.com\/noticias\/#website","url":"https:\/\/www.eldigitaldeasturias.com\/noticias\/","name":"El Digital de Asturias - Diario de actualidad y noticias","alternateName":"El Digital de Asturias - Diario de actualidad y noticias","description":"Hemeroteca","inLanguage":"es-ES","publisher":{"@id":"https:\/\/www.eldigitaldeasturias.com\/noticias\/#organization"}}]},"og:locale":"es_ES","og:site_name":"El Digital de Asturias","og:type":"article","og:title":"Principado y Estado abordar\u00e1n en una reuni\u00f3n las ayudas a los afectados por el fuego - El Digital de Asturias","og:description":"El Principado de Asturias mantendr\u00e1 este jueves una reuni\u00f3n en Oviedo con el subsecretario del Ministerio del Interior, Luis Aguilera, en la que solicitar\u00e1n la concesi\u00f3n de ayudas destinadas a los afectados por la ola de incendios que afect\u00f3 al Principado. As\u00ed lo ha indicado en rueda de prensa posterior al consejo de Gobierno el","og:url":"https:\/\/www.eldigitaldeasturias.com\/noticias\/principado-y-estado-abordaran-en-una-reunion-las-ayudas-a-los-afectados-por-el-fuego\/","og:image":"https:\/\/www.eldigitaldeasturias.com\/noticias\/wp-content\/uploads\/2016\/02\/fotonoticia_20160203132936_800.jpg","og:image:secure_url":"https:\/\/www.eldigitaldeasturias.com\/noticias\/wp-content\/uploads\/2016\/02\/fotonoticia_20160203132936_800.jpg","og:image:width":800,"og:image:height":450,"article:tag":["actualidad asturias"],"article:published_time":"2016-02-03T18:04:51+00:00","article:modified_time":"2016-02-03T18:04:51+00:00","article:publisher":"https:\/\/facebook.com\/eldigitaldeasturias","twitter:card":"summary_large_image","twitter:title":"Principado y Estado abordar\u00e1n en una reuni\u00f3n las ayudas a los afectados por el fuego - El Digital de Asturias","twitter:description":"El Principado de Asturias mantendr\u00e1 este jueves una reuni\u00f3n en Oviedo con el subsecretario del Ministerio del Interior, Luis Aguilera, en la que solicitar\u00e1n la concesi\u00f3n de ayudas destinadas a los afectados por la ola de incendios que afect\u00f3 al Principado. As\u00ed lo ha indicado en rueda de prensa posterior al consejo de Gobierno el","twitter:image":"https:\/\/www.eldigitaldeasturias.com\/noticias\/wp-content\/uploads\/2016\/02\/fotonoticia_20160203132936_800.jpg","twitter:label1":"Escrito por","twitter:data1":"El Digital de Asturias","twitter:label2":"Tiempo de lectura estimado","twitter:data2":"1 minuto"},"aioseo_meta_data":{"post_id":"853503","title":null,"description":null,"keywords":null,"keyphrases":null,"primary_term":null,"canonical_url":null,"og_title":null,"og_description":null,"og_object_type":"default","og_image_type":"default","og_image_url":null,"og_image_width":null,"og_image_height":null,"og_image_custom_url":null,"og_image_custom_fields":null,"og_video":null,"og_custom_url":null,"og_article_section":null,"og_article_tags":null,"twitter_use_og":false,"twitter_card":"default","twitter_image_type":"default","twitter_image_url":null,"twitter_image_custom_url":null,"twitter_image_custom_fields":null,"twitter_title":null,"twitter_description":null,"schema":{"blockGraphs":[],"customGraphs":[],"default":{"data":{"Article":[],"Course":[],"Dataset":[],"FAQPage":[],"Movie":[],"Person":[],"Product":[],"ProductReview":[],"Car":[],"Recipe":[],"Service":[],"SoftwareApplication":[],"WebPage":[]},"graphName":"","isEnabled":true},"graphs":[],"defaultGraph":"","defaultPostTypeGraph":""},"schema_type":null,"schema_type_options":null,"pillar_content":false,"robots_default":true,"robots_noindex":false,"robots_noarchive":false,"robots_nosnippet":false,"robots_nofollow":false,"robots_noimageindex":false,"robots_noodp":false,"robots_notranslate":false,"robots_max_snippet":null,"robots_max_videopreview":null,"robots_max_imagepreview":"large","priority":null,"frequency":null,"local_seo":null,"seo_analyzer_scan_date":"2025-12-09 18:16:06","breadcrumb_settings":null,"limit_modified_date":false,"open_ai":null,"ai":null,"created":"2021-01-23 14:09:17","updated":"2025-12-09 18:16:06"},"aioseo_breadcrumb":"<div class=\"aioseo-breadcrumbs\"><span class=\"aioseo-breadcrumb\">\n\t<a href=\"https:\/\/www.eldigitaldeasturias.com\/noticias\" title=\"Home\">Home<\/a>\n<\/span><span class=\"aioseo-breadcrumb-separator\">\u2013<\/span><span class=\"aioseo-breadcrumb\">\n\t<a href=\"https:\/\/www.eldigitaldeasturias.com\/noticias\/category\/actualidad-asturias\/\" title=\"Actualidad Asturias\">Actualidad Asturias<\/a>\n<\/span><span class=\"aioseo-breadcrumb-separator\">\u2013<\/span><span class=\"aioseo-breadcrumb\">\n\t<a href=\"https:\/\/www.eldigitaldeasturias.com\/noticias\/principado-y-estado-abordaran-en-una-reunion-las-ayudas-a-los-afectados-por-el-fuego\/\" title=\"Principado y Estado abordar\u00e1n en una reuni\u00f3n las ayudas a los afectados por el fuego\">Principado y Estado abordar\u00e1n en una reuni\u00f3n las ayudas a los afectados por el fuego<\/a>\n<\/span><\/div>","aioseo_breadcrumb_json":[{"label":"Home","link":"https:\/\/www.eldigitaldeasturias.com\/noticias"},{"label":"Actualidad Asturias","link":"https:\/\/www.eldigitaldeasturias.com\/noticias\/category\/actualidad-asturias\/"},{"label":"Principado y Estado abordar\u00e1n en una reuni\u00f3n las ayudas a los afectados por el fuego","link":"https:\/\/www.eldigitaldeasturias.com\/noticias\/principado-y-estado-abordaran-en-una-reunion-las-ayudas-a-los-afectados-por-el-fuego\/"}],"_links":{"self":[{"href":"https:\/\/www.eldigitaldeasturias.com\/noticias\/wp-json\/wp\/v2\/posts\/853503","targetHints":{"allow":["GET"]}}],"collection":[{"href":"https:\/\/www.eldigitaldeasturias.com\/noticias\/wp-json\/wp\/v2\/posts"}],"about":[{"href":"https:\/\/www.eldigitaldeasturias.com\/noticias\/wp-json\/wp\/v2\/types\/post"}],"author":[{"embeddable":true,"href":"https:\/\/www.eldigitaldeasturias.com\/noticias\/wp-json\/wp\/v2\/users\/1"}],"replies":[{"embeddable":true,"href":"https:\/\/www.eldigitaldeasturias.com\/noticias\/wp-json\/wp\/v2\/comments?post=853503"}],"version-history":[{"count":0,"href":"https:\/\/www.eldigitaldeasturias.com\/noticias\/wp-json\/wp\/v2\/posts\/853503\/revisions"}],"wp:featuredmedia":[{"embeddable":true,"href":"https:\/\/www.eldigitaldeasturias.com\/noticias\/wp-json\/wp\/v2\/media\/853504"}],"wp:attachment":[{"href":"https:\/\/www.eldigitaldeasturias.com\/noticias\/wp-json\/wp\/v2\/media?parent=853503"}],"wp:term":[{"taxonomy":"category","embeddable":true,"href":"https:\/\/www.eldigitaldeasturias.com\/noticias\/wp-json\/wp\/v2\/categories?post=853503"},{"taxonomy":"post_tag","embeddable":true,"href":"https:\/\/www.eldigitaldeasturias.com\/noticias\/wp-json\/wp\/v2\/tags?post=853503"}],"curies":[{"name":"wp","href":"https:\/\/api.w.org\/{rel}","templated":true}]}}