{"id":853501,"date":"2016-02-03T18:03:44","date_gmt":"2016-02-03T18:03:44","guid":{"rendered":"http:\/\/www.eldigitaldeasturias.com\/noticias\/?p=853501"},"modified":"2016-02-03T18:03:44","modified_gmt":"2016-02-03T18:03:44","slug":"ccoo-afirma-que-la-cobertura-por-desempleo-ha-descendido-25-puntos-desde-el-inicio-de-la-crisis","status":"publish","type":"post","link":"https:\/\/www.eldigitaldeasturias.com\/noticias\/ccoo-afirma-que-la-cobertura-por-desempleo-ha-descendido-25-puntos-desde-el-inicio-de-la-crisis\/","title":{"rendered":"CCOO afirma que la cobertura por desempleo \u00abha descendido 25 puntos\u00bb desde el inicio de la crisis"},"content":{"rendered":"<p><img loading=\"lazy\" decoding=\"async\" class=\"alignleft size-medium wp-image-765818\" src=\"https:\/\/www.eldigitaldeasturias.com\/noticias\/wp-content\/uploads\/2015\/01\/paro-360x240.jpg\" alt=\"paro\" width=\"360\" height=\"240\" srcset=\"https:\/\/www.eldigitaldeasturias.com\/noticias\/wp-content\/uploads\/2015\/01\/paro-360x240.jpg 360w, https:\/\/www.eldigitaldeasturias.com\/noticias\/wp-content\/uploads\/2015\/01\/paro-768x512.jpg 768w, https:\/\/www.eldigitaldeasturias.com\/noticias\/wp-content\/uploads\/2015\/01\/paro-650x433.jpg 650w, https:\/\/www.eldigitaldeasturias.com\/noticias\/wp-content\/uploads\/2015\/01\/paro.jpg 800w\" sizes=\"auto, (max-width: 360px) 100vw, 360px\" \/>El secretario de Empleo de CCOO, Adri\u00e1n Redondo, ha se\u00f1alado que la cobertura por desempleo en Asturias \u00abha descendido 25 puntos en los \u00faltimos siete a\u00f1os y la cuant\u00eda de las prestaciones contributivas se ha reducido un 10 por ciento en ese mismo per\u00edodo\u00bb.<\/p>\n<p>Seg\u00fan se informa en una nota de prensa, Redondo ha explicado que \u00ablas pol\u00edticas y recortes impuestos por el Partido Popular, con el pretexto de hacer frente a la crisis, han causado un da\u00f1o terrible en el mercado laboral asturiano, causando que miles de personas\u00bb se hayan quedado sin trabajo.<\/p>\n<p>\u00abLa regi\u00f3n tiene actualmente 56.640 empleos menos que hace ocho a\u00f1os y tiene registrados 38.579 parados m\u00e1s que entonces y en t\u00e9rminos de calidad, la situaci\u00f3n tambi\u00e9n ha empeorado, pues los empleos son ahora m\u00e1s precarios, con un alto porcentaje de temporalidad, parcialidad y bajos salarios, y los parados est\u00e1n m\u00e1s desprotegidos\u00bb, ha afirmado.<\/p>\n<p>Finalmente, el secretario de Empleo de CCOO de Asturias ha recalcado que \u00aben un contexto de paro masivo, precariedad y pobreza cobra una importancia vital el salario social, para impedir que miles de personas acaben en la indigencia\u00bb.<\/p>\n","protected":false},"excerpt":{"rendered":"<p>El secretario de Empleo de CCOO, Adri\u00e1n Redondo, ha se\u00f1alado que la cobertura por desempleo en Asturias \u00abha descendido 25 puntos en los \u00faltimos siete a\u00f1os y la cuant\u00eda de las prestaciones contributivas se ha reducido un 10 por ciento en ese mismo per\u00edodo\u00bb. Seg\u00fan se informa en una nota de prensa, Redondo ha explicado [&hellip;]<\/p>\n","protected":false},"author":1,"featured_media":765818,"comment_status":"closed","ping_status":"closed","sticky":false,"template":"","format":"standard","meta":{"footnotes":""},"categories":[12],"tags":[],"class_list":["post-853501","post","type-post","status-publish","format-standard","has-post-thumbnail","hentry","category-actualidad-asturias"],"aioseo_notices":[],"aioseo_head":"\n\t\t<!-- All in One SEO Pro 4.9.6.2 - aioseo.com -->\n\t<meta name=\"description\" content=\"El secretario de Empleo de CCOO, Adri\u00e1n Redondo, ha se\u00f1alado que la cobertura por desempleo en Asturias &quot;ha descendido 25 puntos en los \u00faltimos siete a\u00f1os y la cuant\u00eda de las prestaciones contributivas se ha reducido un 10 por ciento en ese mismo per\u00edodo&quot;. Seg\u00fan se informa en una nota de prensa, Redondo ha explicado\" \/>\n\t<meta name=\"robots\" content=\"max-image-preview:large\" \/>\n\t<meta name=\"author\" content=\"El Digital de Asturias\"\/>\n\t<meta name=\"google-site-verification\" content=\"UA-38556648-1\" \/>\n\t<meta name=\"msvalidate.01\" content=\"7dfe9f3f1b24437ab69f4f2559babe99\" \/>\n\t<meta name=\"keywords\" content=\"actualidad asturias\" \/>\n\t<link rel=\"canonical\" href=\"https:\/\/www.eldigitaldeasturias.com\/noticias\/ccoo-afirma-que-la-cobertura-por-desempleo-ha-descendido-25-puntos-desde-el-inicio-de-la-crisis\/\" \/>\n\t<meta name=\"generator\" content=\"All in One SEO Pro (AIOSEO) 4.9.6.2\" \/>\n\t\t<meta property=\"og:locale\" content=\"es_ES\" \/>\n\t\t<meta property=\"og:site_name\" content=\"El Digital de Asturias\" \/>\n\t\t<meta property=\"og:type\" content=\"article\" \/>\n\t\t<meta property=\"og:title\" content=\"CCOO afirma que la cobertura por desempleo \u00abha descendido 25 puntos\u00bb desde el inicio de la crisis - El Digital de Asturias\" \/>\n\t\t<meta property=\"og:description\" content=\"El secretario de Empleo de CCOO, Adri\u00e1n Redondo, ha se\u00f1alado que la cobertura por desempleo en Asturias &quot;ha descendido 25 puntos en los \u00faltimos siete a\u00f1os y la cuant\u00eda de las prestaciones contributivas se ha reducido un 10 por ciento en ese mismo per\u00edodo&quot;. Seg\u00fan se informa en una nota de prensa, Redondo ha explicado\" \/>\n\t\t<meta property=\"og:url\" content=\"https:\/\/www.eldigitaldeasturias.com\/noticias\/ccoo-afirma-que-la-cobertura-por-desempleo-ha-descendido-25-puntos-desde-el-inicio-de-la-crisis\/\" \/>\n\t\t<meta property=\"og:image\" content=\"https:\/\/www.eldigitaldeasturias.com\/noticias\/wp-content\/uploads\/2015\/01\/paro.jpg\" \/>\n\t\t<meta property=\"og:image:secure_url\" content=\"https:\/\/www.eldigitaldeasturias.com\/noticias\/wp-content\/uploads\/2015\/01\/paro.jpg\" \/>\n\t\t<meta property=\"og:image:width\" content=\"800\" \/>\n\t\t<meta property=\"og:image:height\" content=\"533\" \/>\n\t\t<meta property=\"article:tag\" content=\"actualidad asturias\" \/>\n\t\t<meta property=\"article:published_time\" content=\"2016-02-03T18:03:44+00:00\" \/>\n\t\t<meta property=\"article:modified_time\" content=\"2016-02-03T18:03:44+00:00\" \/>\n\t\t<meta property=\"article:publisher\" content=\"https:\/\/facebook.com\/eldigitaldeasturias\" \/>\n\t\t<meta name=\"twitter:card\" content=\"summary_large_image\" \/>\n\t\t<meta name=\"twitter:title\" content=\"CCOO afirma que la cobertura por desempleo \u00abha descendido 25 puntos\u00bb desde el inicio de la crisis - El Digital de Asturias\" \/>\n\t\t<meta name=\"twitter:description\" content=\"El secretario de Empleo de CCOO, Adri\u00e1n Redondo, ha se\u00f1alado que la cobertura por desempleo en Asturias &quot;ha descendido 25 puntos en los \u00faltimos siete a\u00f1os y la cuant\u00eda de las prestaciones contributivas se ha reducido un 10 por ciento en ese mismo per\u00edodo&quot;. Seg\u00fan se informa en una nota de prensa, Redondo ha explicado\" \/>\n\t\t<meta name=\"twitter:image\" content=\"https:\/\/www.eldigitaldeasturias.com\/noticias\/wp-content\/uploads\/2015\/01\/paro.jpg\" \/>\n\t\t<meta name=\"twitter:label1\" content=\"Escrito por\" \/>\n\t\t<meta name=\"twitter:data1\" content=\"El Digital de Asturias\" \/>\n\t\t<meta name=\"twitter:label2\" content=\"Tiempo de lectura estimado\" \/>\n\t\t<meta name=\"twitter:data2\" content=\"1 minuto\" \/>\n\t\t<script type=\"application\/ld+json\" class=\"aioseo-schema\">\n\t\t\t{\"@context\":\"https:\\\/\\\/schema.org\",\"@graph\":[{\"@type\":\"BlogPosting\",\"@id\":\"https:\\\/\\\/www.eldigitaldeasturias.com\\\/noticias\\\/ccoo-afirma-que-la-cobertura-por-desempleo-ha-descendido-25-puntos-desde-el-inicio-de-la-crisis\\\/#blogposting\",\"name\":\"CCOO afirma que la cobertura por desempleo \\u00abha descendido 25 puntos\\u00bb desde el inicio de la crisis - El Digital de Asturias\",\"headline\":\"CCOO afirma que la cobertura por desempleo \\u00abha descendido 25 puntos\\u00bb desde el inicio de la crisis\",\"author\":{\"@id\":\"https:\\\/\\\/www.eldigitaldeasturias.com\\\/noticias\\\/author\\\/admin\\\/#author\"},\"publisher\":{\"@id\":\"https:\\\/\\\/www.eldigitaldeasturias.com\\\/noticias\\\/#organization\"},\"image\":{\"@type\":\"ImageObject\",\"url\":\"https:\\\/\\\/www.eldigitaldeasturias.com\\\/noticias\\\/wp-content\\\/uploads\\\/2015\\\/01\\\/paro.jpg\",\"width\":800,\"height\":533},\"datePublished\":\"2016-02-03T18:03:44+01:00\",\"dateModified\":\"2016-02-03T18:03:44+01:00\",\"inLanguage\":\"es-ES\",\"mainEntityOfPage\":{\"@id\":\"https:\\\/\\\/www.eldigitaldeasturias.com\\\/noticias\\\/ccoo-afirma-que-la-cobertura-por-desempleo-ha-descendido-25-puntos-desde-el-inicio-de-la-crisis\\\/#webpage\"},\"isPartOf\":{\"@id\":\"https:\\\/\\\/www.eldigitaldeasturias.com\\\/noticias\\\/ccoo-afirma-que-la-cobertura-por-desempleo-ha-descendido-25-puntos-desde-el-inicio-de-la-crisis\\\/#webpage\"},\"articleSection\":\"Actualidad Asturias\"},{\"@type\":\"BreadcrumbList\",\"@id\":\"https:\\\/\\\/www.eldigitaldeasturias.com\\\/noticias\\\/ccoo-afirma-que-la-cobertura-por-desempleo-ha-descendido-25-puntos-desde-el-inicio-de-la-crisis\\\/#breadcrumblist\",\"itemListElement\":[{\"@type\":\"ListItem\",\"@id\":\"https:\\\/\\\/www.eldigitaldeasturias.com\\\/noticias#listItem\",\"position\":1,\"name\":\"Home\",\"item\":\"https:\\\/\\\/www.eldigitaldeasturias.com\\\/noticias\",\"nextItem\":{\"@type\":\"ListItem\",\"@id\":\"https:\\\/\\\/www.eldigitaldeasturias.com\\\/noticias\\\/category\\\/actualidad-asturias\\\/#listItem\",\"name\":\"Actualidad Asturias\"}},{\"@type\":\"ListItem\",\"@id\":\"https:\\\/\\\/www.eldigitaldeasturias.com\\\/noticias\\\/category\\\/actualidad-asturias\\\/#listItem\",\"position\":2,\"name\":\"Actualidad Asturias\",\"item\":\"https:\\\/\\\/www.eldigitaldeasturias.com\\\/noticias\\\/category\\\/actualidad-asturias\\\/\",\"nextItem\":{\"@type\":\"ListItem\",\"@id\":\"https:\\\/\\\/www.eldigitaldeasturias.com\\\/noticias\\\/ccoo-afirma-que-la-cobertura-por-desempleo-ha-descendido-25-puntos-desde-el-inicio-de-la-crisis\\\/#listItem\",\"name\":\"CCOO afirma que la cobertura por desempleo \\u00abha descendido 25 puntos\\u00bb desde el inicio de la crisis\"},\"previousItem\":{\"@type\":\"ListItem\",\"@id\":\"https:\\\/\\\/www.eldigitaldeasturias.com\\\/noticias#listItem\",\"name\":\"Home\"}},{\"@type\":\"ListItem\",\"@id\":\"https:\\\/\\\/www.eldigitaldeasturias.com\\\/noticias\\\/ccoo-afirma-que-la-cobertura-por-desempleo-ha-descendido-25-puntos-desde-el-inicio-de-la-crisis\\\/#listItem\",\"position\":3,\"name\":\"CCOO afirma que la cobertura por desempleo \\u00abha descendido 25 puntos\\u00bb desde el inicio de la crisis\",\"previousItem\":{\"@type\":\"ListItem\",\"@id\":\"https:\\\/\\\/www.eldigitaldeasturias.com\\\/noticias\\\/category\\\/actualidad-asturias\\\/#listItem\",\"name\":\"Actualidad Asturias\"}}]},{\"@type\":\"Organization\",\"@id\":\"https:\\\/\\\/www.eldigitaldeasturias.com\\\/noticias\\\/#organization\",\"name\":\"El Digital de Asturias\",\"description\":\"Hemeroteca\",\"url\":\"https:\\\/\\\/www.eldigitaldeasturias.com\\\/noticias\\\/\",\"email\":\"info@eldigitaldeasturias.com\",\"telephone\":\"+34652131393\",\"logo\":{\"@type\":\"ImageObject\",\"url\":\"https:\\\/\\\/www.eldigitaldeasturias.com\\\/noticias\\\/wp-content\\\/uploads\\\/2020\\\/12\\\/EDA.jpg\",\"@id\":\"https:\\\/\\\/www.eldigitaldeasturias.com\\\/noticias\\\/ccoo-afirma-que-la-cobertura-por-desempleo-ha-descendido-25-puntos-desde-el-inicio-de-la-crisis\\\/#organizationLogo\",\"width\":649,\"height\":297},\"image\":{\"@id\":\"https:\\\/\\\/www.eldigitaldeasturias.com\\\/noticias\\\/ccoo-afirma-que-la-cobertura-por-desempleo-ha-descendido-25-puntos-desde-el-inicio-de-la-crisis\\\/#organizationLogo\"},\"sameAs\":[\"https:\\\/\\\/facebook.com\\\/eldigitaldeasturias\",\"https:\\\/\\\/www.youtube.com\\\/channel\\\/UCZP-2wLEB9Rv6erhFmqVnvg\"],\"address\":{\"@id\":\"https:\\\/\\\/www.eldigitaldeasturias.com\\\/noticias\\\/#postaladdress\",\"@type\":\"PostalAddress\",\"streetAddress\":\"san antonio 4,\",\"postalCode\":\"33430\",\"addressLocality\":\"Cand\\u00e1s\",\"addressRegion\":\"Asturias\",\"addressCountry\":\"ES\"}},{\"@type\":\"Person\",\"@id\":\"https:\\\/\\\/www.eldigitaldeasturias.com\\\/noticias\\\/author\\\/admin\\\/#author\",\"url\":\"https:\\\/\\\/www.eldigitaldeasturias.com\\\/noticias\\\/author\\\/admin\\\/\",\"name\":\"El Digital de Asturias\",\"image\":{\"@type\":\"ImageObject\",\"@id\":\"https:\\\/\\\/www.eldigitaldeasturias.com\\\/noticias\\\/ccoo-afirma-que-la-cobertura-por-desempleo-ha-descendido-25-puntos-desde-el-inicio-de-la-crisis\\\/#authorImage\",\"url\":\"https:\\\/\\\/www.eldigitaldeasturias.com\\\/noticias\\\/wp-content\\\/litespeed\\\/avatar\\\/18677e78aa0546b92d9dbf31ec7d7668.jpg?ver=1777290358\",\"width\":96,\"height\":96,\"caption\":\"El Digital de Asturias\"}},{\"@type\":\"WebPage\",\"@id\":\"https:\\\/\\\/www.eldigitaldeasturias.com\\\/noticias\\\/ccoo-afirma-que-la-cobertura-por-desempleo-ha-descendido-25-puntos-desde-el-inicio-de-la-crisis\\\/#webpage\",\"url\":\"https:\\\/\\\/www.eldigitaldeasturias.com\\\/noticias\\\/ccoo-afirma-que-la-cobertura-por-desempleo-ha-descendido-25-puntos-desde-el-inicio-de-la-crisis\\\/\",\"name\":\"CCOO afirma que la cobertura por desempleo \\u00abha descendido 25 puntos\\u00bb desde el inicio de la crisis - El Digital de Asturias\",\"description\":\"El secretario de Empleo de CCOO, Adri\\u00e1n Redondo, ha se\\u00f1alado que la cobertura por desempleo en Asturias \\\"ha descendido 25 puntos en los \\u00faltimos siete a\\u00f1os y la cuant\\u00eda de las prestaciones contributivas se ha reducido un 10 por ciento en ese mismo per\\u00edodo\\\". Seg\\u00fan se informa en una nota de prensa, Redondo ha explicado\",\"inLanguage\":\"es-ES\",\"isPartOf\":{\"@id\":\"https:\\\/\\\/www.eldigitaldeasturias.com\\\/noticias\\\/#website\"},\"breadcrumb\":{\"@id\":\"https:\\\/\\\/www.eldigitaldeasturias.com\\\/noticias\\\/ccoo-afirma-que-la-cobertura-por-desempleo-ha-descendido-25-puntos-desde-el-inicio-de-la-crisis\\\/#breadcrumblist\"},\"author\":{\"@id\":\"https:\\\/\\\/www.eldigitaldeasturias.com\\\/noticias\\\/author\\\/admin\\\/#author\"},\"creator\":{\"@id\":\"https:\\\/\\\/www.eldigitaldeasturias.com\\\/noticias\\\/author\\\/admin\\\/#author\"},\"image\":{\"@type\":\"ImageObject\",\"url\":\"https:\\\/\\\/www.eldigitaldeasturias.com\\\/noticias\\\/wp-content\\\/uploads\\\/2015\\\/01\\\/paro.jpg\",\"@id\":\"https:\\\/\\\/www.eldigitaldeasturias.com\\\/noticias\\\/ccoo-afirma-que-la-cobertura-por-desempleo-ha-descendido-25-puntos-desde-el-inicio-de-la-crisis\\\/#mainImage\",\"width\":800,\"height\":533},\"primaryImageOfPage\":{\"@id\":\"https:\\\/\\\/www.eldigitaldeasturias.com\\\/noticias\\\/ccoo-afirma-que-la-cobertura-por-desempleo-ha-descendido-25-puntos-desde-el-inicio-de-la-crisis\\\/#mainImage\"},\"datePublished\":\"2016-02-03T18:03:44+01:00\",\"dateModified\":\"2016-02-03T18:03:44+01:00\"},{\"@type\":\"WebSite\",\"@id\":\"https:\\\/\\\/www.eldigitaldeasturias.com\\\/noticias\\\/#website\",\"url\":\"https:\\\/\\\/www.eldigitaldeasturias.com\\\/noticias\\\/\",\"name\":\"El Digital de Asturias - Diario de actualidad y noticias\",\"alternateName\":\"El Digital de Asturias - Diario de actualidad y noticias\",\"description\":\"Hemeroteca\",\"inLanguage\":\"es-ES\",\"publisher\":{\"@id\":\"https:\\\/\\\/www.eldigitaldeasturias.com\\\/noticias\\\/#organization\"}}]}\n\t\t<\/script>\n\t\t<!-- All in One SEO Pro -->\r\n\t\t<title>CCOO afirma que la cobertura por desempleo \u00abha descendido 25 puntos\u00bb desde el inicio de la crisis - El Digital de Asturias<\/title>\n\n","aioseo_head_json":{"title":"CCOO afirma que la cobertura por desempleo \u00abha descendido 25 puntos\u00bb desde el inicio de la crisis - El Digital de Asturias","description":"El secretario de Empleo de CCOO, Adri\u00e1n Redondo, ha se\u00f1alado que la cobertura por desempleo en Asturias \"ha descendido 25 puntos en los \u00faltimos siete a\u00f1os y la cuant\u00eda de las prestaciones contributivas se ha reducido un 10 por ciento en ese mismo per\u00edodo\". Seg\u00fan se informa en una nota de prensa, Redondo ha explicado","canonical_url":"https:\/\/www.eldigitaldeasturias.com\/noticias\/ccoo-afirma-que-la-cobertura-por-desempleo-ha-descendido-25-puntos-desde-el-inicio-de-la-crisis\/","robots":"max-image-preview:large","keywords":"actualidad asturias","webmasterTools":{"google-site-verification":"UA-38556648-1","msvalidate.01":"7dfe9f3f1b24437ab69f4f2559babe99","miscellaneous":""},"schema":{"@context":"https:\/\/schema.org","@graph":[{"@type":"BlogPosting","@id":"https:\/\/www.eldigitaldeasturias.com\/noticias\/ccoo-afirma-que-la-cobertura-por-desempleo-ha-descendido-25-puntos-desde-el-inicio-de-la-crisis\/#blogposting","name":"CCOO afirma que la cobertura por desempleo \u00abha descendido 25 puntos\u00bb desde el inicio de la crisis - El Digital de Asturias","headline":"CCOO afirma que la cobertura por desempleo \u00abha descendido 25 puntos\u00bb desde el inicio de la crisis","author":{"@id":"https:\/\/www.eldigitaldeasturias.com\/noticias\/author\/admin\/#author"},"publisher":{"@id":"https:\/\/www.eldigitaldeasturias.com\/noticias\/#organization"},"image":{"@type":"ImageObject","url":"https:\/\/www.eldigitaldeasturias.com\/noticias\/wp-content\/uploads\/2015\/01\/paro.jpg","width":800,"height":533},"datePublished":"2016-02-03T18:03:44+01:00","dateModified":"2016-02-03T18:03:44+01:00","inLanguage":"es-ES","mainEntityOfPage":{"@id":"https:\/\/www.eldigitaldeasturias.com\/noticias\/ccoo-afirma-que-la-cobertura-por-desempleo-ha-descendido-25-puntos-desde-el-inicio-de-la-crisis\/#webpage"},"isPartOf":{"@id":"https:\/\/www.eldigitaldeasturias.com\/noticias\/ccoo-afirma-que-la-cobertura-por-desempleo-ha-descendido-25-puntos-desde-el-inicio-de-la-crisis\/#webpage"},"articleSection":"Actualidad Asturias"},{"@type":"BreadcrumbList","@id":"https:\/\/www.eldigitaldeasturias.com\/noticias\/ccoo-afirma-que-la-cobertura-por-desempleo-ha-descendido-25-puntos-desde-el-inicio-de-la-crisis\/#breadcrumblist","itemListElement":[{"@type":"ListItem","@id":"https:\/\/www.eldigitaldeasturias.com\/noticias#listItem","position":1,"name":"Home","item":"https:\/\/www.eldigitaldeasturias.com\/noticias","nextItem":{"@type":"ListItem","@id":"https:\/\/www.eldigitaldeasturias.com\/noticias\/category\/actualidad-asturias\/#listItem","name":"Actualidad Asturias"}},{"@type":"ListItem","@id":"https:\/\/www.eldigitaldeasturias.com\/noticias\/category\/actualidad-asturias\/#listItem","position":2,"name":"Actualidad Asturias","item":"https:\/\/www.eldigitaldeasturias.com\/noticias\/category\/actualidad-asturias\/","nextItem":{"@type":"ListItem","@id":"https:\/\/www.eldigitaldeasturias.com\/noticias\/ccoo-afirma-que-la-cobertura-por-desempleo-ha-descendido-25-puntos-desde-el-inicio-de-la-crisis\/#listItem","name":"CCOO afirma que la cobertura por desempleo \u00abha descendido 25 puntos\u00bb desde el inicio de la crisis"},"previousItem":{"@type":"ListItem","@id":"https:\/\/www.eldigitaldeasturias.com\/noticias#listItem","name":"Home"}},{"@type":"ListItem","@id":"https:\/\/www.eldigitaldeasturias.com\/noticias\/ccoo-afirma-que-la-cobertura-por-desempleo-ha-descendido-25-puntos-desde-el-inicio-de-la-crisis\/#listItem","position":3,"name":"CCOO afirma que la cobertura por desempleo \u00abha descendido 25 puntos\u00bb desde el inicio de la crisis","previousItem":{"@type":"ListItem","@id":"https:\/\/www.eldigitaldeasturias.com\/noticias\/category\/actualidad-asturias\/#listItem","name":"Actualidad Asturias"}}]},{"@type":"Organization","@id":"https:\/\/www.eldigitaldeasturias.com\/noticias\/#organization","name":"El Digital de Asturias","description":"Hemeroteca","url":"https:\/\/www.eldigitaldeasturias.com\/noticias\/","email":"info@eldigitaldeasturias.com","telephone":"+34652131393","logo":{"@type":"ImageObject","url":"https:\/\/www.eldigitaldeasturias.com\/noticias\/wp-content\/uploads\/2020\/12\/EDA.jpg","@id":"https:\/\/www.eldigitaldeasturias.com\/noticias\/ccoo-afirma-que-la-cobertura-por-desempleo-ha-descendido-25-puntos-desde-el-inicio-de-la-crisis\/#organizationLogo","width":649,"height":297},"image":{"@id":"https:\/\/www.eldigitaldeasturias.com\/noticias\/ccoo-afirma-que-la-cobertura-por-desempleo-ha-descendido-25-puntos-desde-el-inicio-de-la-crisis\/#organizationLogo"},"sameAs":["https:\/\/facebook.com\/eldigitaldeasturias","https:\/\/www.youtube.com\/channel\/UCZP-2wLEB9Rv6erhFmqVnvg"],"address":{"@id":"https:\/\/www.eldigitaldeasturias.com\/noticias\/#postaladdress","@type":"PostalAddress","streetAddress":"san antonio 4,","postalCode":"33430","addressLocality":"Cand\u00e1s","addressRegion":"Asturias","addressCountry":"ES"}},{"@type":"Person","@id":"https:\/\/www.eldigitaldeasturias.com\/noticias\/author\/admin\/#author","url":"https:\/\/www.eldigitaldeasturias.com\/noticias\/author\/admin\/","name":"El Digital de Asturias","image":{"@type":"ImageObject","@id":"https:\/\/www.eldigitaldeasturias.com\/noticias\/ccoo-afirma-que-la-cobertura-por-desempleo-ha-descendido-25-puntos-desde-el-inicio-de-la-crisis\/#authorImage","url":"https:\/\/www.eldigitaldeasturias.com\/noticias\/wp-content\/litespeed\/avatar\/18677e78aa0546b92d9dbf31ec7d7668.jpg?ver=1777290358","width":96,"height":96,"caption":"El Digital de Asturias"}},{"@type":"WebPage","@id":"https:\/\/www.eldigitaldeasturias.com\/noticias\/ccoo-afirma-que-la-cobertura-por-desempleo-ha-descendido-25-puntos-desde-el-inicio-de-la-crisis\/#webpage","url":"https:\/\/www.eldigitaldeasturias.com\/noticias\/ccoo-afirma-que-la-cobertura-por-desempleo-ha-descendido-25-puntos-desde-el-inicio-de-la-crisis\/","name":"CCOO afirma que la cobertura por desempleo \u00abha descendido 25 puntos\u00bb desde el inicio de la crisis - El Digital de Asturias","description":"El secretario de Empleo de CCOO, Adri\u00e1n Redondo, ha se\u00f1alado que la cobertura por desempleo en Asturias \"ha descendido 25 puntos en los \u00faltimos siete a\u00f1os y la cuant\u00eda de las prestaciones contributivas se ha reducido un 10 por ciento en ese mismo per\u00edodo\". Seg\u00fan se informa en una nota de prensa, Redondo ha explicado","inLanguage":"es-ES","isPartOf":{"@id":"https:\/\/www.eldigitaldeasturias.com\/noticias\/#website"},"breadcrumb":{"@id":"https:\/\/www.eldigitaldeasturias.com\/noticias\/ccoo-afirma-que-la-cobertura-por-desempleo-ha-descendido-25-puntos-desde-el-inicio-de-la-crisis\/#breadcrumblist"},"author":{"@id":"https:\/\/www.eldigitaldeasturias.com\/noticias\/author\/admin\/#author"},"creator":{"@id":"https:\/\/www.eldigitaldeasturias.com\/noticias\/author\/admin\/#author"},"image":{"@type":"ImageObject","url":"https:\/\/www.eldigitaldeasturias.com\/noticias\/wp-content\/uploads\/2015\/01\/paro.jpg","@id":"https:\/\/www.eldigitaldeasturias.com\/noticias\/ccoo-afirma-que-la-cobertura-por-desempleo-ha-descendido-25-puntos-desde-el-inicio-de-la-crisis\/#mainImage","width":800,"height":533},"primaryImageOfPage":{"@id":"https:\/\/www.eldigitaldeasturias.com\/noticias\/ccoo-afirma-que-la-cobertura-por-desempleo-ha-descendido-25-puntos-desde-el-inicio-de-la-crisis\/#mainImage"},"datePublished":"2016-02-03T18:03:44+01:00","dateModified":"2016-02-03T18:03:44+01:00"},{"@type":"WebSite","@id":"https:\/\/www.eldigitaldeasturias.com\/noticias\/#website","url":"https:\/\/www.eldigitaldeasturias.com\/noticias\/","name":"El Digital de Asturias - Diario de actualidad y noticias","alternateName":"El Digital de Asturias - Diario de actualidad y noticias","description":"Hemeroteca","inLanguage":"es-ES","publisher":{"@id":"https:\/\/www.eldigitaldeasturias.com\/noticias\/#organization"}}]},"og:locale":"es_ES","og:site_name":"El Digital de Asturias","og:type":"article","og:title":"CCOO afirma que la cobertura por desempleo \u00abha descendido 25 puntos\u00bb desde el inicio de la crisis - El Digital de Asturias","og:description":"El secretario de Empleo de CCOO, Adri\u00e1n Redondo, ha se\u00f1alado que la cobertura por desempleo en Asturias &quot;ha descendido 25 puntos en los \u00faltimos siete a\u00f1os y la cuant\u00eda de las prestaciones contributivas se ha reducido un 10 por ciento en ese mismo per\u00edodo&quot;. Seg\u00fan se informa en una nota de prensa, Redondo ha explicado","og:url":"https:\/\/www.eldigitaldeasturias.com\/noticias\/ccoo-afirma-que-la-cobertura-por-desempleo-ha-descendido-25-puntos-desde-el-inicio-de-la-crisis\/","og:image":"https:\/\/www.eldigitaldeasturias.com\/noticias\/wp-content\/uploads\/2015\/01\/paro.jpg","og:image:secure_url":"https:\/\/www.eldigitaldeasturias.com\/noticias\/wp-content\/uploads\/2015\/01\/paro.jpg","og:image:width":800,"og:image:height":533,"article:tag":["actualidad asturias"],"article:published_time":"2016-02-03T18:03:44+00:00","article:modified_time":"2016-02-03T18:03:44+00:00","article:publisher":"https:\/\/facebook.com\/eldigitaldeasturias","twitter:card":"summary_large_image","twitter:title":"CCOO afirma que la cobertura por desempleo \u00abha descendido 25 puntos\u00bb desde el inicio de la crisis - El Digital de Asturias","twitter:description":"El secretario de Empleo de CCOO, Adri\u00e1n Redondo, ha se\u00f1alado que la cobertura por desempleo en Asturias &quot;ha descendido 25 puntos en los \u00faltimos siete a\u00f1os y la cuant\u00eda de las prestaciones contributivas se ha reducido un 10 por ciento en ese mismo per\u00edodo&quot;. Seg\u00fan se informa en una nota de prensa, Redondo ha explicado","twitter:image":"https:\/\/www.eldigitaldeasturias.com\/noticias\/wp-content\/uploads\/2015\/01\/paro.jpg","twitter:label1":"Escrito por","twitter:data1":"El Digital de Asturias","twitter:label2":"Tiempo de lectura estimado","twitter:data2":"1 minuto"},"aioseo_meta_data":{"post_id":"853501","title":null,"description":null,"keywords":null,"keyphrases":null,"primary_term":null,"canonical_url":null,"og_title":null,"og_description":null,"og_object_type":"default","og_image_type":"default","og_image_url":null,"og_image_width":null,"og_image_height":null,"og_image_custom_url":null,"og_image_custom_fields":null,"og_video":null,"og_custom_url":null,"og_article_section":null,"og_article_tags":null,"twitter_use_og":false,"twitter_card":"default","twitter_image_type":"default","twitter_image_url":null,"twitter_image_custom_url":null,"twitter_image_custom_fields":null,"twitter_title":null,"twitter_description":null,"schema":{"blockGraphs":[],"customGraphs":[],"default":{"data":{"Article":[],"Course":[],"Dataset":[],"FAQPage":[],"Movie":[],"Person":[],"Product":[],"ProductReview":[],"Car":[],"Recipe":[],"Service":[],"SoftwareApplication":[],"WebPage":[]},"graphName":"","isEnabled":true},"graphs":[],"defaultGraph":"","defaultPostTypeGraph":""},"schema_type":null,"schema_type_options":null,"pillar_content":false,"robots_default":true,"robots_noindex":false,"robots_noarchive":false,"robots_nosnippet":false,"robots_nofollow":false,"robots_noimageindex":false,"robots_noodp":false,"robots_notranslate":false,"robots_max_snippet":null,"robots_max_videopreview":null,"robots_max_imagepreview":"large","priority":null,"frequency":null,"local_seo":null,"seo_analyzer_scan_date":"2025-12-09 18:14:42","breadcrumb_settings":null,"limit_modified_date":false,"open_ai":null,"ai":null,"created":"2021-01-23 14:09:17","updated":"2025-12-09 18:14:42"},"aioseo_breadcrumb":"<div class=\"aioseo-breadcrumbs\"><span class=\"aioseo-breadcrumb\">\n\t<a href=\"https:\/\/www.eldigitaldeasturias.com\/noticias\" title=\"Home\">Home<\/a>\n<\/span><span class=\"aioseo-breadcrumb-separator\">\u2013<\/span><span class=\"aioseo-breadcrumb\">\n\t<a href=\"https:\/\/www.eldigitaldeasturias.com\/noticias\/category\/actualidad-asturias\/\" title=\"Actualidad Asturias\">Actualidad Asturias<\/a>\n<\/span><span class=\"aioseo-breadcrumb-separator\">\u2013<\/span><span class=\"aioseo-breadcrumb\">\n\t<a href=\"https:\/\/www.eldigitaldeasturias.com\/noticias\/ccoo-afirma-que-la-cobertura-por-desempleo-ha-descendido-25-puntos-desde-el-inicio-de-la-crisis\/\" title=\"CCOO afirma que la cobertura por desempleo \u00abha descendido 25 puntos\u00bb desde el inicio de la crisis\">CCOO afirma que la cobertura por desempleo \u00abha descendido 25 puntos\u00bb desde el inicio de la crisis<\/a>\n<\/span><\/div>","aioseo_breadcrumb_json":[{"label":"Home","link":"https:\/\/www.eldigitaldeasturias.com\/noticias"},{"label":"Actualidad Asturias","link":"https:\/\/www.eldigitaldeasturias.com\/noticias\/category\/actualidad-asturias\/"},{"label":"CCOO afirma que la cobertura por desempleo \u00abha descendido 25 puntos\u00bb desde el inicio de la crisis","link":"https:\/\/www.eldigitaldeasturias.com\/noticias\/ccoo-afirma-que-la-cobertura-por-desempleo-ha-descendido-25-puntos-desde-el-inicio-de-la-crisis\/"}],"_links":{"self":[{"href":"https:\/\/www.eldigitaldeasturias.com\/noticias\/wp-json\/wp\/v2\/posts\/853501","targetHints":{"allow":["GET"]}}],"collection":[{"href":"https:\/\/www.eldigitaldeasturias.com\/noticias\/wp-json\/wp\/v2\/posts"}],"about":[{"href":"https:\/\/www.eldigitaldeasturias.com\/noticias\/wp-json\/wp\/v2\/types\/post"}],"author":[{"embeddable":true,"href":"https:\/\/www.eldigitaldeasturias.com\/noticias\/wp-json\/wp\/v2\/users\/1"}],"replies":[{"embeddable":true,"href":"https:\/\/www.eldigitaldeasturias.com\/noticias\/wp-json\/wp\/v2\/comments?post=853501"}],"version-history":[{"count":0,"href":"https:\/\/www.eldigitaldeasturias.com\/noticias\/wp-json\/wp\/v2\/posts\/853501\/revisions"}],"wp:featuredmedia":[{"embeddable":true,"href":"https:\/\/www.eldigitaldeasturias.com\/noticias\/wp-json\/wp\/v2\/media\/765818"}],"wp:attachment":[{"href":"https:\/\/www.eldigitaldeasturias.com\/noticias\/wp-json\/wp\/v2\/media?parent=853501"}],"wp:term":[{"taxonomy":"category","embeddable":true,"href":"https:\/\/www.eldigitaldeasturias.com\/noticias\/wp-json\/wp\/v2\/categories?post=853501"},{"taxonomy":"post_tag","embeddable":true,"href":"https:\/\/www.eldigitaldeasturias.com\/noticias\/wp-json\/wp\/v2\/tags?post=853501"}],"curies":[{"name":"wp","href":"https:\/\/api.w.org\/{rel}","templated":true}]}}