{"id":853498,"date":"2016-02-03T18:02:08","date_gmt":"2016-02-03T18:02:08","guid":{"rendered":"http:\/\/www.eldigitaldeasturias.com\/noticias\/?p=853498"},"modified":"2016-02-03T18:02:08","modified_gmt":"2016-02-03T18:02:08","slug":"el-principado-trabaja-en-un-plan-integral-de-gestion-del-prerromanico","status":"publish","type":"post","link":"https:\/\/www.eldigitaldeasturias.com\/noticias\/el-principado-trabaja-en-un-plan-integral-de-gestion-del-prerromanico\/","title":{"rendered":"El Principado trabaja en un plan integral de gesti\u00f3n del prerrom\u00e1nico"},"content":{"rendered":"<p><img loading=\"lazy\" decoding=\"async\" class=\"alignleft size-medium wp-image-853499\" src=\"https:\/\/www.eldigitaldeasturias.com\/noticias\/wp-content\/uploads\/2016\/02\/fotonoticia_20160203131943_800-360x217.jpg\" alt=\"fotonoticia_20160203131943_800\" width=\"360\" height=\"217\" srcset=\"https:\/\/www.eldigitaldeasturias.com\/noticias\/wp-content\/uploads\/2016\/02\/fotonoticia_20160203131943_800-360x217.jpg 360w, https:\/\/www.eldigitaldeasturias.com\/noticias\/wp-content\/uploads\/2016\/02\/fotonoticia_20160203131943_800-768x463.jpg 768w, https:\/\/www.eldigitaldeasturias.com\/noticias\/wp-content\/uploads\/2016\/02\/fotonoticia_20160203131943_800-650x392.jpg 650w, https:\/\/www.eldigitaldeasturias.com\/noticias\/wp-content\/uploads\/2016\/02\/fotonoticia_20160203131943_800.jpg 800w\" sizes=\"auto, (max-width: 360px) 100vw, 360px\" \/>El Gobierno del Principado trabaja ya en la elaboraci\u00f3n de un plan integral de gesti\u00f3n del prerrom\u00e1nico que que incluya todos los aspectos relacionados con la protecci\u00f3n, conservaci\u00f3n, restauraci\u00f3n y difusi\u00f3n de monumentos y para ellos estudiar\u00e1 los posibles modelos privados o externos de financiaci\u00f3n m\u00e1s adecuados.<\/p>\n<p>As\u00ed lo ha explicado el consejero de Educaci\u00f3n y Cultura, Genaro Alonso, en rueda de prensa posterior al Consejo de Gobierno. Preguntado por las inversiones previstas por parte del Ejecutivo, Alonso ha indicado que a\u00fan es \u00abprematuro\u00bb hablar de cifras e indicado que la intenci\u00f3n del ejecutivo es poner en marcha dicho plan \u00abcon la m\u00e1xima celeridad posible\u00bb.<\/p>\n<p>En este sentido la Direcci\u00f3n de Patrimonio ya ha encargado estudios para determinar cu\u00e1l es la f\u00f3rmula jur\u00eddica id\u00f3nea para la gesti\u00f3n de este legado, cuyas competencias le corresponden al Principado, teniendo en cuenta que son las tres administraciones implicadas &#8211;estatal, auton\u00f3mica y local&#8211; adem\u00e1s de la Iglesia.<\/p>\n<p>Alonso ha incidido en destacar la implicaci\u00f3n de todas las partes, motivo por el que Cultura ha programado un calendario de reuniones que incluye adem\u00e1s a todos los agentes interesados. Ya hay fijadas para este mes, en el marco de los actos de los 30 a\u00f1os de inclusi\u00f3n en la UNESCO del prerrom\u00e1nico, varias reuniones cient\u00edfico-t\u00e9cnicas.<\/p>\n<p>El consejero ha indicado que si bien los \u00faltimos tres a\u00f1os han supuesto un notable impulso a la actuaci\u00f3n en materia de restauraci\u00f3n del prerrom\u00e1nico con intervenciones en la C\u00e1mara santa, Santa Cristina de Lena o Santo Adriano de Tu\u00f1\u00f3n, entre otros, la intenci\u00f3n del Principado es dar ahora el salto al interior de los edificios.<\/p>\n<p>\u00abSe intervendr\u00e1 en las pinturas murales de San miguel de Lillo, Santo Adriano de Tu\u00f1\u00f3n y San Juli\u00e1n de los Prados. Para San Miguel de Lillo ya existe un proyecto de conservaci\u00f3n y restauraci\u00f3n\u00bb, ha dicho Alonso, que no ha concretado la inversi\u00f3n prevista.<\/p>\n","protected":false},"excerpt":{"rendered":"<p>El Gobierno del Principado trabaja ya en la elaboraci\u00f3n de un plan integral de gesti\u00f3n del prerrom\u00e1nico que que incluya todos los aspectos relacionados con la protecci\u00f3n, conservaci\u00f3n, restauraci\u00f3n y difusi\u00f3n de monumentos y para ellos estudiar\u00e1 los posibles modelos privados o externos de financiaci\u00f3n m\u00e1s adecuados. As\u00ed lo ha explicado el consejero de Educaci\u00f3n [&hellip;]<\/p>\n","protected":false},"author":1,"featured_media":853499,"comment_status":"closed","ping_status":"closed","sticky":false,"template":"","format":"standard","meta":{"footnotes":""},"categories":[12],"tags":[],"class_list":["post-853498","post","type-post","status-publish","format-standard","has-post-thumbnail","hentry","category-actualidad-asturias"],"aioseo_notices":[],"aioseo_head":"\n\t\t<!-- All in One SEO Pro 4.9.6.2 - aioseo.com -->\n\t<meta name=\"description\" content=\"El Gobierno del Principado trabaja ya en la elaboraci\u00f3n de un plan integral de gesti\u00f3n del prerrom\u00e1nico que que incluya todos los aspectos relacionados con la protecci\u00f3n, conservaci\u00f3n, restauraci\u00f3n y difusi\u00f3n de monumentos y para ellos estudiar\u00e1 los posibles modelos privados o externos de financiaci\u00f3n m\u00e1s adecuados. As\u00ed lo ha explicado el consejero de Educaci\u00f3n\" \/>\n\t<meta name=\"robots\" content=\"max-image-preview:large\" \/>\n\t<meta name=\"author\" content=\"El Digital de Asturias\"\/>\n\t<meta name=\"google-site-verification\" content=\"UA-38556648-1\" \/>\n\t<meta name=\"msvalidate.01\" content=\"7dfe9f3f1b24437ab69f4f2559babe99\" \/>\n\t<meta name=\"keywords\" content=\"actualidad asturias\" \/>\n\t<link rel=\"canonical\" href=\"https:\/\/www.eldigitaldeasturias.com\/noticias\/el-principado-trabaja-en-un-plan-integral-de-gestion-del-prerromanico\/\" \/>\n\t<meta name=\"generator\" content=\"All in One SEO Pro (AIOSEO) 4.9.6.2\" \/>\n\t\t<meta property=\"og:locale\" content=\"es_ES\" \/>\n\t\t<meta property=\"og:site_name\" content=\"El Digital de Asturias\" \/>\n\t\t<meta property=\"og:type\" content=\"article\" \/>\n\t\t<meta property=\"og:title\" content=\"El Principado trabaja en un plan integral de gesti\u00f3n del prerrom\u00e1nico - El Digital de Asturias\" \/>\n\t\t<meta property=\"og:description\" content=\"El Gobierno del Principado trabaja ya en la elaboraci\u00f3n de un plan integral de gesti\u00f3n del prerrom\u00e1nico que que incluya todos los aspectos relacionados con la protecci\u00f3n, conservaci\u00f3n, restauraci\u00f3n y difusi\u00f3n de monumentos y para ellos estudiar\u00e1 los posibles modelos privados o externos de financiaci\u00f3n m\u00e1s adecuados. As\u00ed lo ha explicado el consejero de Educaci\u00f3n\" \/>\n\t\t<meta property=\"og:url\" content=\"https:\/\/www.eldigitaldeasturias.com\/noticias\/el-principado-trabaja-en-un-plan-integral-de-gestion-del-prerromanico\/\" \/>\n\t\t<meta property=\"og:image\" content=\"https:\/\/www.eldigitaldeasturias.com\/noticias\/wp-content\/uploads\/2016\/02\/fotonoticia_20160203131943_800.jpg\" \/>\n\t\t<meta property=\"og:image:secure_url\" content=\"https:\/\/www.eldigitaldeasturias.com\/noticias\/wp-content\/uploads\/2016\/02\/fotonoticia_20160203131943_800.jpg\" \/>\n\t\t<meta property=\"og:image:width\" content=\"800\" \/>\n\t\t<meta property=\"og:image:height\" content=\"482\" \/>\n\t\t<meta property=\"article:tag\" content=\"actualidad asturias\" \/>\n\t\t<meta property=\"article:published_time\" content=\"2016-02-03T18:02:08+00:00\" \/>\n\t\t<meta property=\"article:modified_time\" content=\"2016-02-03T18:02:08+00:00\" \/>\n\t\t<meta property=\"article:publisher\" content=\"https:\/\/facebook.com\/eldigitaldeasturias\" \/>\n\t\t<meta name=\"twitter:card\" content=\"summary_large_image\" \/>\n\t\t<meta name=\"twitter:title\" content=\"El Principado trabaja en un plan integral de gesti\u00f3n del prerrom\u00e1nico - El Digital de Asturias\" \/>\n\t\t<meta name=\"twitter:description\" content=\"El Gobierno del Principado trabaja ya en la elaboraci\u00f3n de un plan integral de gesti\u00f3n del prerrom\u00e1nico que que incluya todos los aspectos relacionados con la protecci\u00f3n, conservaci\u00f3n, restauraci\u00f3n y difusi\u00f3n de monumentos y para ellos estudiar\u00e1 los posibles modelos privados o externos de financiaci\u00f3n m\u00e1s adecuados. As\u00ed lo ha explicado el consejero de Educaci\u00f3n\" \/>\n\t\t<meta name=\"twitter:image\" content=\"https:\/\/www.eldigitaldeasturias.com\/noticias\/wp-content\/uploads\/2016\/02\/fotonoticia_20160203131943_800.jpg\" \/>\n\t\t<meta name=\"twitter:label1\" content=\"Escrito por\" \/>\n\t\t<meta name=\"twitter:data1\" content=\"El Digital de Asturias\" \/>\n\t\t<meta name=\"twitter:label2\" content=\"Tiempo de lectura estimado\" \/>\n\t\t<meta name=\"twitter:data2\" content=\"2 minutos\" \/>\n\t\t<script type=\"application\/ld+json\" class=\"aioseo-schema\">\n\t\t\t{\"@context\":\"https:\\\/\\\/schema.org\",\"@graph\":[{\"@type\":\"BlogPosting\",\"@id\":\"https:\\\/\\\/www.eldigitaldeasturias.com\\\/noticias\\\/el-principado-trabaja-en-un-plan-integral-de-gestion-del-prerromanico\\\/#blogposting\",\"name\":\"El Principado trabaja en un plan integral de gesti\\u00f3n del prerrom\\u00e1nico - El Digital de Asturias\",\"headline\":\"El Principado trabaja en un plan integral de gesti\\u00f3n del prerrom\\u00e1nico\",\"author\":{\"@id\":\"https:\\\/\\\/www.eldigitaldeasturias.com\\\/noticias\\\/author\\\/admin\\\/#author\"},\"publisher\":{\"@id\":\"https:\\\/\\\/www.eldigitaldeasturias.com\\\/noticias\\\/#organization\"},\"image\":{\"@type\":\"ImageObject\",\"url\":\"https:\\\/\\\/www.eldigitaldeasturias.com\\\/noticias\\\/wp-content\\\/uploads\\\/2016\\\/02\\\/fotonoticia_20160203131943_800.jpg\",\"width\":800,\"height\":482},\"datePublished\":\"2016-02-03T18:02:08+01:00\",\"dateModified\":\"2016-02-03T18:02:08+01:00\",\"inLanguage\":\"es-ES\",\"mainEntityOfPage\":{\"@id\":\"https:\\\/\\\/www.eldigitaldeasturias.com\\\/noticias\\\/el-principado-trabaja-en-un-plan-integral-de-gestion-del-prerromanico\\\/#webpage\"},\"isPartOf\":{\"@id\":\"https:\\\/\\\/www.eldigitaldeasturias.com\\\/noticias\\\/el-principado-trabaja-en-un-plan-integral-de-gestion-del-prerromanico\\\/#webpage\"},\"articleSection\":\"Actualidad Asturias\"},{\"@type\":\"BreadcrumbList\",\"@id\":\"https:\\\/\\\/www.eldigitaldeasturias.com\\\/noticias\\\/el-principado-trabaja-en-un-plan-integral-de-gestion-del-prerromanico\\\/#breadcrumblist\",\"itemListElement\":[{\"@type\":\"ListItem\",\"@id\":\"https:\\\/\\\/www.eldigitaldeasturias.com\\\/noticias#listItem\",\"position\":1,\"name\":\"Home\",\"item\":\"https:\\\/\\\/www.eldigitaldeasturias.com\\\/noticias\",\"nextItem\":{\"@type\":\"ListItem\",\"@id\":\"https:\\\/\\\/www.eldigitaldeasturias.com\\\/noticias\\\/category\\\/actualidad-asturias\\\/#listItem\",\"name\":\"Actualidad Asturias\"}},{\"@type\":\"ListItem\",\"@id\":\"https:\\\/\\\/www.eldigitaldeasturias.com\\\/noticias\\\/category\\\/actualidad-asturias\\\/#listItem\",\"position\":2,\"name\":\"Actualidad Asturias\",\"item\":\"https:\\\/\\\/www.eldigitaldeasturias.com\\\/noticias\\\/category\\\/actualidad-asturias\\\/\",\"nextItem\":{\"@type\":\"ListItem\",\"@id\":\"https:\\\/\\\/www.eldigitaldeasturias.com\\\/noticias\\\/el-principado-trabaja-en-un-plan-integral-de-gestion-del-prerromanico\\\/#listItem\",\"name\":\"El Principado trabaja en un plan integral de gesti\\u00f3n del prerrom\\u00e1nico\"},\"previousItem\":{\"@type\":\"ListItem\",\"@id\":\"https:\\\/\\\/www.eldigitaldeasturias.com\\\/noticias#listItem\",\"name\":\"Home\"}},{\"@type\":\"ListItem\",\"@id\":\"https:\\\/\\\/www.eldigitaldeasturias.com\\\/noticias\\\/el-principado-trabaja-en-un-plan-integral-de-gestion-del-prerromanico\\\/#listItem\",\"position\":3,\"name\":\"El Principado trabaja en un plan integral de gesti\\u00f3n del prerrom\\u00e1nico\",\"previousItem\":{\"@type\":\"ListItem\",\"@id\":\"https:\\\/\\\/www.eldigitaldeasturias.com\\\/noticias\\\/category\\\/actualidad-asturias\\\/#listItem\",\"name\":\"Actualidad Asturias\"}}]},{\"@type\":\"Organization\",\"@id\":\"https:\\\/\\\/www.eldigitaldeasturias.com\\\/noticias\\\/#organization\",\"name\":\"El Digital de Asturias\",\"description\":\"Hemeroteca\",\"url\":\"https:\\\/\\\/www.eldigitaldeasturias.com\\\/noticias\\\/\",\"email\":\"info@eldigitaldeasturias.com\",\"telephone\":\"+34652131393\",\"logo\":{\"@type\":\"ImageObject\",\"url\":\"https:\\\/\\\/www.eldigitaldeasturias.com\\\/noticias\\\/wp-content\\\/uploads\\\/2020\\\/12\\\/EDA.jpg\",\"@id\":\"https:\\\/\\\/www.eldigitaldeasturias.com\\\/noticias\\\/el-principado-trabaja-en-un-plan-integral-de-gestion-del-prerromanico\\\/#organizationLogo\",\"width\":649,\"height\":297},\"image\":{\"@id\":\"https:\\\/\\\/www.eldigitaldeasturias.com\\\/noticias\\\/el-principado-trabaja-en-un-plan-integral-de-gestion-del-prerromanico\\\/#organizationLogo\"},\"sameAs\":[\"https:\\\/\\\/facebook.com\\\/eldigitaldeasturias\",\"https:\\\/\\\/www.youtube.com\\\/channel\\\/UCZP-2wLEB9Rv6erhFmqVnvg\"],\"address\":{\"@id\":\"https:\\\/\\\/www.eldigitaldeasturias.com\\\/noticias\\\/#postaladdress\",\"@type\":\"PostalAddress\",\"streetAddress\":\"san antonio 4,\",\"postalCode\":\"33430\",\"addressLocality\":\"Cand\\u00e1s\",\"addressRegion\":\"Asturias\",\"addressCountry\":\"ES\"}},{\"@type\":\"Person\",\"@id\":\"https:\\\/\\\/www.eldigitaldeasturias.com\\\/noticias\\\/author\\\/admin\\\/#author\",\"url\":\"https:\\\/\\\/www.eldigitaldeasturias.com\\\/noticias\\\/author\\\/admin\\\/\",\"name\":\"El Digital de Asturias\",\"image\":{\"@type\":\"ImageObject\",\"@id\":\"https:\\\/\\\/www.eldigitaldeasturias.com\\\/noticias\\\/el-principado-trabaja-en-un-plan-integral-de-gestion-del-prerromanico\\\/#authorImage\",\"url\":\"https:\\\/\\\/www.eldigitaldeasturias.com\\\/noticias\\\/wp-content\\\/litespeed\\\/avatar\\\/18677e78aa0546b92d9dbf31ec7d7668.jpg?ver=1777290358\",\"width\":96,\"height\":96,\"caption\":\"El Digital de Asturias\"}},{\"@type\":\"WebPage\",\"@id\":\"https:\\\/\\\/www.eldigitaldeasturias.com\\\/noticias\\\/el-principado-trabaja-en-un-plan-integral-de-gestion-del-prerromanico\\\/#webpage\",\"url\":\"https:\\\/\\\/www.eldigitaldeasturias.com\\\/noticias\\\/el-principado-trabaja-en-un-plan-integral-de-gestion-del-prerromanico\\\/\",\"name\":\"El Principado trabaja en un plan integral de gesti\\u00f3n del prerrom\\u00e1nico - El Digital de Asturias\",\"description\":\"El Gobierno del Principado trabaja ya en la elaboraci\\u00f3n de un plan integral de gesti\\u00f3n del prerrom\\u00e1nico que que incluya todos los aspectos relacionados con la protecci\\u00f3n, conservaci\\u00f3n, restauraci\\u00f3n y difusi\\u00f3n de monumentos y para ellos estudiar\\u00e1 los posibles modelos privados o externos de financiaci\\u00f3n m\\u00e1s adecuados. As\\u00ed lo ha explicado el consejero de Educaci\\u00f3n\",\"inLanguage\":\"es-ES\",\"isPartOf\":{\"@id\":\"https:\\\/\\\/www.eldigitaldeasturias.com\\\/noticias\\\/#website\"},\"breadcrumb\":{\"@id\":\"https:\\\/\\\/www.eldigitaldeasturias.com\\\/noticias\\\/el-principado-trabaja-en-un-plan-integral-de-gestion-del-prerromanico\\\/#breadcrumblist\"},\"author\":{\"@id\":\"https:\\\/\\\/www.eldigitaldeasturias.com\\\/noticias\\\/author\\\/admin\\\/#author\"},\"creator\":{\"@id\":\"https:\\\/\\\/www.eldigitaldeasturias.com\\\/noticias\\\/author\\\/admin\\\/#author\"},\"image\":{\"@type\":\"ImageObject\",\"url\":\"https:\\\/\\\/www.eldigitaldeasturias.com\\\/noticias\\\/wp-content\\\/uploads\\\/2016\\\/02\\\/fotonoticia_20160203131943_800.jpg\",\"@id\":\"https:\\\/\\\/www.eldigitaldeasturias.com\\\/noticias\\\/el-principado-trabaja-en-un-plan-integral-de-gestion-del-prerromanico\\\/#mainImage\",\"width\":800,\"height\":482},\"primaryImageOfPage\":{\"@id\":\"https:\\\/\\\/www.eldigitaldeasturias.com\\\/noticias\\\/el-principado-trabaja-en-un-plan-integral-de-gestion-del-prerromanico\\\/#mainImage\"},\"datePublished\":\"2016-02-03T18:02:08+01:00\",\"dateModified\":\"2016-02-03T18:02:08+01:00\"},{\"@type\":\"WebSite\",\"@id\":\"https:\\\/\\\/www.eldigitaldeasturias.com\\\/noticias\\\/#website\",\"url\":\"https:\\\/\\\/www.eldigitaldeasturias.com\\\/noticias\\\/\",\"name\":\"El Digital de Asturias - Diario de actualidad y noticias\",\"alternateName\":\"El Digital de Asturias - Diario de actualidad y noticias\",\"description\":\"Hemeroteca\",\"inLanguage\":\"es-ES\",\"publisher\":{\"@id\":\"https:\\\/\\\/www.eldigitaldeasturias.com\\\/noticias\\\/#organization\"}}]}\n\t\t<\/script>\n\t\t<!-- All in One SEO Pro -->\r\n\t\t<title>El Principado trabaja en un plan integral de gesti\u00f3n del prerrom\u00e1nico - El Digital de Asturias<\/title>\n\n","aioseo_head_json":{"title":"El Principado trabaja en un plan integral de gesti\u00f3n del prerrom\u00e1nico - El Digital de Asturias","description":"El Gobierno del Principado trabaja ya en la elaboraci\u00f3n de un plan integral de gesti\u00f3n del prerrom\u00e1nico que que incluya todos los aspectos relacionados con la protecci\u00f3n, conservaci\u00f3n, restauraci\u00f3n y difusi\u00f3n de monumentos y para ellos estudiar\u00e1 los posibles modelos privados o externos de financiaci\u00f3n m\u00e1s adecuados. As\u00ed lo ha explicado el consejero de Educaci\u00f3n","canonical_url":"https:\/\/www.eldigitaldeasturias.com\/noticias\/el-principado-trabaja-en-un-plan-integral-de-gestion-del-prerromanico\/","robots":"max-image-preview:large","keywords":"actualidad asturias","webmasterTools":{"google-site-verification":"UA-38556648-1","msvalidate.01":"7dfe9f3f1b24437ab69f4f2559babe99","miscellaneous":""},"schema":{"@context":"https:\/\/schema.org","@graph":[{"@type":"BlogPosting","@id":"https:\/\/www.eldigitaldeasturias.com\/noticias\/el-principado-trabaja-en-un-plan-integral-de-gestion-del-prerromanico\/#blogposting","name":"El Principado trabaja en un plan integral de gesti\u00f3n del prerrom\u00e1nico - El Digital de Asturias","headline":"El Principado trabaja en un plan integral de gesti\u00f3n del prerrom\u00e1nico","author":{"@id":"https:\/\/www.eldigitaldeasturias.com\/noticias\/author\/admin\/#author"},"publisher":{"@id":"https:\/\/www.eldigitaldeasturias.com\/noticias\/#organization"},"image":{"@type":"ImageObject","url":"https:\/\/www.eldigitaldeasturias.com\/noticias\/wp-content\/uploads\/2016\/02\/fotonoticia_20160203131943_800.jpg","width":800,"height":482},"datePublished":"2016-02-03T18:02:08+01:00","dateModified":"2016-02-03T18:02:08+01:00","inLanguage":"es-ES","mainEntityOfPage":{"@id":"https:\/\/www.eldigitaldeasturias.com\/noticias\/el-principado-trabaja-en-un-plan-integral-de-gestion-del-prerromanico\/#webpage"},"isPartOf":{"@id":"https:\/\/www.eldigitaldeasturias.com\/noticias\/el-principado-trabaja-en-un-plan-integral-de-gestion-del-prerromanico\/#webpage"},"articleSection":"Actualidad Asturias"},{"@type":"BreadcrumbList","@id":"https:\/\/www.eldigitaldeasturias.com\/noticias\/el-principado-trabaja-en-un-plan-integral-de-gestion-del-prerromanico\/#breadcrumblist","itemListElement":[{"@type":"ListItem","@id":"https:\/\/www.eldigitaldeasturias.com\/noticias#listItem","position":1,"name":"Home","item":"https:\/\/www.eldigitaldeasturias.com\/noticias","nextItem":{"@type":"ListItem","@id":"https:\/\/www.eldigitaldeasturias.com\/noticias\/category\/actualidad-asturias\/#listItem","name":"Actualidad Asturias"}},{"@type":"ListItem","@id":"https:\/\/www.eldigitaldeasturias.com\/noticias\/category\/actualidad-asturias\/#listItem","position":2,"name":"Actualidad Asturias","item":"https:\/\/www.eldigitaldeasturias.com\/noticias\/category\/actualidad-asturias\/","nextItem":{"@type":"ListItem","@id":"https:\/\/www.eldigitaldeasturias.com\/noticias\/el-principado-trabaja-en-un-plan-integral-de-gestion-del-prerromanico\/#listItem","name":"El Principado trabaja en un plan integral de gesti\u00f3n del prerrom\u00e1nico"},"previousItem":{"@type":"ListItem","@id":"https:\/\/www.eldigitaldeasturias.com\/noticias#listItem","name":"Home"}},{"@type":"ListItem","@id":"https:\/\/www.eldigitaldeasturias.com\/noticias\/el-principado-trabaja-en-un-plan-integral-de-gestion-del-prerromanico\/#listItem","position":3,"name":"El Principado trabaja en un plan integral de gesti\u00f3n del prerrom\u00e1nico","previousItem":{"@type":"ListItem","@id":"https:\/\/www.eldigitaldeasturias.com\/noticias\/category\/actualidad-asturias\/#listItem","name":"Actualidad Asturias"}}]},{"@type":"Organization","@id":"https:\/\/www.eldigitaldeasturias.com\/noticias\/#organization","name":"El Digital de Asturias","description":"Hemeroteca","url":"https:\/\/www.eldigitaldeasturias.com\/noticias\/","email":"info@eldigitaldeasturias.com","telephone":"+34652131393","logo":{"@type":"ImageObject","url":"https:\/\/www.eldigitaldeasturias.com\/noticias\/wp-content\/uploads\/2020\/12\/EDA.jpg","@id":"https:\/\/www.eldigitaldeasturias.com\/noticias\/el-principado-trabaja-en-un-plan-integral-de-gestion-del-prerromanico\/#organizationLogo","width":649,"height":297},"image":{"@id":"https:\/\/www.eldigitaldeasturias.com\/noticias\/el-principado-trabaja-en-un-plan-integral-de-gestion-del-prerromanico\/#organizationLogo"},"sameAs":["https:\/\/facebook.com\/eldigitaldeasturias","https:\/\/www.youtube.com\/channel\/UCZP-2wLEB9Rv6erhFmqVnvg"],"address":{"@id":"https:\/\/www.eldigitaldeasturias.com\/noticias\/#postaladdress","@type":"PostalAddress","streetAddress":"san antonio 4,","postalCode":"33430","addressLocality":"Cand\u00e1s","addressRegion":"Asturias","addressCountry":"ES"}},{"@type":"Person","@id":"https:\/\/www.eldigitaldeasturias.com\/noticias\/author\/admin\/#author","url":"https:\/\/www.eldigitaldeasturias.com\/noticias\/author\/admin\/","name":"El Digital de Asturias","image":{"@type":"ImageObject","@id":"https:\/\/www.eldigitaldeasturias.com\/noticias\/el-principado-trabaja-en-un-plan-integral-de-gestion-del-prerromanico\/#authorImage","url":"https:\/\/www.eldigitaldeasturias.com\/noticias\/wp-content\/litespeed\/avatar\/18677e78aa0546b92d9dbf31ec7d7668.jpg?ver=1777290358","width":96,"height":96,"caption":"El Digital de Asturias"}},{"@type":"WebPage","@id":"https:\/\/www.eldigitaldeasturias.com\/noticias\/el-principado-trabaja-en-un-plan-integral-de-gestion-del-prerromanico\/#webpage","url":"https:\/\/www.eldigitaldeasturias.com\/noticias\/el-principado-trabaja-en-un-plan-integral-de-gestion-del-prerromanico\/","name":"El Principado trabaja en un plan integral de gesti\u00f3n del prerrom\u00e1nico - El Digital de Asturias","description":"El Gobierno del Principado trabaja ya en la elaboraci\u00f3n de un plan integral de gesti\u00f3n del prerrom\u00e1nico que que incluya todos los aspectos relacionados con la protecci\u00f3n, conservaci\u00f3n, restauraci\u00f3n y difusi\u00f3n de monumentos y para ellos estudiar\u00e1 los posibles modelos privados o externos de financiaci\u00f3n m\u00e1s adecuados. As\u00ed lo ha explicado el consejero de Educaci\u00f3n","inLanguage":"es-ES","isPartOf":{"@id":"https:\/\/www.eldigitaldeasturias.com\/noticias\/#website"},"breadcrumb":{"@id":"https:\/\/www.eldigitaldeasturias.com\/noticias\/el-principado-trabaja-en-un-plan-integral-de-gestion-del-prerromanico\/#breadcrumblist"},"author":{"@id":"https:\/\/www.eldigitaldeasturias.com\/noticias\/author\/admin\/#author"},"creator":{"@id":"https:\/\/www.eldigitaldeasturias.com\/noticias\/author\/admin\/#author"},"image":{"@type":"ImageObject","url":"https:\/\/www.eldigitaldeasturias.com\/noticias\/wp-content\/uploads\/2016\/02\/fotonoticia_20160203131943_800.jpg","@id":"https:\/\/www.eldigitaldeasturias.com\/noticias\/el-principado-trabaja-en-un-plan-integral-de-gestion-del-prerromanico\/#mainImage","width":800,"height":482},"primaryImageOfPage":{"@id":"https:\/\/www.eldigitaldeasturias.com\/noticias\/el-principado-trabaja-en-un-plan-integral-de-gestion-del-prerromanico\/#mainImage"},"datePublished":"2016-02-03T18:02:08+01:00","dateModified":"2016-02-03T18:02:08+01:00"},{"@type":"WebSite","@id":"https:\/\/www.eldigitaldeasturias.com\/noticias\/#website","url":"https:\/\/www.eldigitaldeasturias.com\/noticias\/","name":"El Digital de Asturias - Diario de actualidad y noticias","alternateName":"El Digital de Asturias - Diario de actualidad y noticias","description":"Hemeroteca","inLanguage":"es-ES","publisher":{"@id":"https:\/\/www.eldigitaldeasturias.com\/noticias\/#organization"}}]},"og:locale":"es_ES","og:site_name":"El Digital de Asturias","og:type":"article","og:title":"El Principado trabaja en un plan integral de gesti\u00f3n del prerrom\u00e1nico - El Digital de Asturias","og:description":"El Gobierno del Principado trabaja ya en la elaboraci\u00f3n de un plan integral de gesti\u00f3n del prerrom\u00e1nico que que incluya todos los aspectos relacionados con la protecci\u00f3n, conservaci\u00f3n, restauraci\u00f3n y difusi\u00f3n de monumentos y para ellos estudiar\u00e1 los posibles modelos privados o externos de financiaci\u00f3n m\u00e1s adecuados. As\u00ed lo ha explicado el consejero de Educaci\u00f3n","og:url":"https:\/\/www.eldigitaldeasturias.com\/noticias\/el-principado-trabaja-en-un-plan-integral-de-gestion-del-prerromanico\/","og:image":"https:\/\/www.eldigitaldeasturias.com\/noticias\/wp-content\/uploads\/2016\/02\/fotonoticia_20160203131943_800.jpg","og:image:secure_url":"https:\/\/www.eldigitaldeasturias.com\/noticias\/wp-content\/uploads\/2016\/02\/fotonoticia_20160203131943_800.jpg","og:image:width":800,"og:image:height":482,"article:tag":["actualidad asturias"],"article:published_time":"2016-02-03T18:02:08+00:00","article:modified_time":"2016-02-03T18:02:08+00:00","article:publisher":"https:\/\/facebook.com\/eldigitaldeasturias","twitter:card":"summary_large_image","twitter:title":"El Principado trabaja en un plan integral de gesti\u00f3n del prerrom\u00e1nico - El Digital de Asturias","twitter:description":"El Gobierno del Principado trabaja ya en la elaboraci\u00f3n de un plan integral de gesti\u00f3n del prerrom\u00e1nico que que incluya todos los aspectos relacionados con la protecci\u00f3n, conservaci\u00f3n, restauraci\u00f3n y difusi\u00f3n de monumentos y para ellos estudiar\u00e1 los posibles modelos privados o externos de financiaci\u00f3n m\u00e1s adecuados. As\u00ed lo ha explicado el consejero de Educaci\u00f3n","twitter:image":"https:\/\/www.eldigitaldeasturias.com\/noticias\/wp-content\/uploads\/2016\/02\/fotonoticia_20160203131943_800.jpg","twitter:label1":"Escrito por","twitter:data1":"El Digital de Asturias","twitter:label2":"Tiempo de lectura estimado","twitter:data2":"2 minutos"},"aioseo_meta_data":{"post_id":"853498","title":null,"description":null,"keywords":null,"keyphrases":null,"primary_term":null,"canonical_url":null,"og_title":null,"og_description":null,"og_object_type":"default","og_image_type":"default","og_image_url":null,"og_image_width":null,"og_image_height":null,"og_image_custom_url":null,"og_image_custom_fields":null,"og_video":null,"og_custom_url":null,"og_article_section":null,"og_article_tags":null,"twitter_use_og":false,"twitter_card":"default","twitter_image_type":"default","twitter_image_url":null,"twitter_image_custom_url":null,"twitter_image_custom_fields":null,"twitter_title":null,"twitter_description":null,"schema":{"blockGraphs":[],"customGraphs":[],"default":{"data":{"Article":[],"Course":[],"Dataset":[],"FAQPage":[],"Movie":[],"Person":[],"Product":[],"ProductReview":[],"Car":[],"Recipe":[],"Service":[],"SoftwareApplication":[],"WebPage":[]},"graphName":"","isEnabled":true},"graphs":[],"defaultGraph":"","defaultPostTypeGraph":""},"schema_type":null,"schema_type_options":null,"pillar_content":false,"robots_default":true,"robots_noindex":false,"robots_noarchive":false,"robots_nosnippet":false,"robots_nofollow":false,"robots_noimageindex":false,"robots_noodp":false,"robots_notranslate":false,"robots_max_snippet":null,"robots_max_videopreview":null,"robots_max_imagepreview":"large","priority":null,"frequency":null,"local_seo":null,"seo_analyzer_scan_date":"2025-12-09 18:14:41","breadcrumb_settings":null,"limit_modified_date":false,"open_ai":null,"ai":null,"created":"2021-01-23 14:09:17","updated":"2025-12-09 18:14:41"},"aioseo_breadcrumb":"<div class=\"aioseo-breadcrumbs\"><span class=\"aioseo-breadcrumb\">\n\t<a href=\"https:\/\/www.eldigitaldeasturias.com\/noticias\" title=\"Home\">Home<\/a>\n<\/span><span class=\"aioseo-breadcrumb-separator\">\u2013<\/span><span class=\"aioseo-breadcrumb\">\n\t<a href=\"https:\/\/www.eldigitaldeasturias.com\/noticias\/category\/actualidad-asturias\/\" title=\"Actualidad Asturias\">Actualidad Asturias<\/a>\n<\/span><span class=\"aioseo-breadcrumb-separator\">\u2013<\/span><span class=\"aioseo-breadcrumb\">\n\t<a href=\"https:\/\/www.eldigitaldeasturias.com\/noticias\/el-principado-trabaja-en-un-plan-integral-de-gestion-del-prerromanico\/\" title=\"El Principado trabaja en un plan integral de gesti\u00f3n del prerrom\u00e1nico\">El Principado trabaja en un plan integral de gesti\u00f3n del prerrom\u00e1nico<\/a>\n<\/span><\/div>","aioseo_breadcrumb_json":[{"label":"Home","link":"https:\/\/www.eldigitaldeasturias.com\/noticias"},{"label":"Actualidad Asturias","link":"https:\/\/www.eldigitaldeasturias.com\/noticias\/category\/actualidad-asturias\/"},{"label":"El Principado trabaja en un plan integral de gesti\u00f3n del prerrom\u00e1nico","link":"https:\/\/www.eldigitaldeasturias.com\/noticias\/el-principado-trabaja-en-un-plan-integral-de-gestion-del-prerromanico\/"}],"_links":{"self":[{"href":"https:\/\/www.eldigitaldeasturias.com\/noticias\/wp-json\/wp\/v2\/posts\/853498","targetHints":{"allow":["GET"]}}],"collection":[{"href":"https:\/\/www.eldigitaldeasturias.com\/noticias\/wp-json\/wp\/v2\/posts"}],"about":[{"href":"https:\/\/www.eldigitaldeasturias.com\/noticias\/wp-json\/wp\/v2\/types\/post"}],"author":[{"embeddable":true,"href":"https:\/\/www.eldigitaldeasturias.com\/noticias\/wp-json\/wp\/v2\/users\/1"}],"replies":[{"embeddable":true,"href":"https:\/\/www.eldigitaldeasturias.com\/noticias\/wp-json\/wp\/v2\/comments?post=853498"}],"version-history":[{"count":0,"href":"https:\/\/www.eldigitaldeasturias.com\/noticias\/wp-json\/wp\/v2\/posts\/853498\/revisions"}],"wp:featuredmedia":[{"embeddable":true,"href":"https:\/\/www.eldigitaldeasturias.com\/noticias\/wp-json\/wp\/v2\/media\/853499"}],"wp:attachment":[{"href":"https:\/\/www.eldigitaldeasturias.com\/noticias\/wp-json\/wp\/v2\/media?parent=853498"}],"wp:term":[{"taxonomy":"category","embeddable":true,"href":"https:\/\/www.eldigitaldeasturias.com\/noticias\/wp-json\/wp\/v2\/categories?post=853498"},{"taxonomy":"post_tag","embeddable":true,"href":"https:\/\/www.eldigitaldeasturias.com\/noticias\/wp-json\/wp\/v2\/tags?post=853498"}],"curies":[{"name":"wp","href":"https:\/\/api.w.org\/{rel}","templated":true}]}}