{"id":853482,"date":"2016-02-03T17:52:39","date_gmt":"2016-02-03T17:52:39","guid":{"rendered":"http:\/\/www.eldigitaldeasturias.com\/noticias\/?p=853482"},"modified":"2016-02-03T17:52:39","modified_gmt":"2016-02-03T17:52:39","slug":"andres-fernandez-vilanova-presidira-la-comision-de-investigacion-sobre-las-listas-de-espera","status":"publish","type":"post","link":"https:\/\/www.eldigitaldeasturias.com\/noticias\/andres-fernandez-vilanova-presidira-la-comision-de-investigacion-sobre-las-listas-de-espera\/","title":{"rendered":"Andr\u00e9s Fern\u00e1ndez Vilanova presidir\u00e1 la comisi\u00f3n de investigaci\u00f3n sobre las listas de espera"},"content":{"rendered":"<p><img loading=\"lazy\" decoding=\"async\" class=\"alignleft size-medium wp-image-853483\" src=\"https:\/\/www.eldigitaldeasturias.com\/noticias\/wp-content\/uploads\/2016\/02\/fotonoticia_20160203131455_800-360x270.jpg\" alt=\"fotonoticia_20160203131455_800\" width=\"360\" height=\"270\" srcset=\"https:\/\/www.eldigitaldeasturias.com\/noticias\/wp-content\/uploads\/2016\/02\/fotonoticia_20160203131455_800-360x270.jpg 360w, https:\/\/www.eldigitaldeasturias.com\/noticias\/wp-content\/uploads\/2016\/02\/fotonoticia_20160203131455_800-768x576.jpg 768w, https:\/\/www.eldigitaldeasturias.com\/noticias\/wp-content\/uploads\/2016\/02\/fotonoticia_20160203131455_800-650x488.jpg 650w, https:\/\/www.eldigitaldeasturias.com\/noticias\/wp-content\/uploads\/2016\/02\/fotonoticia_20160203131455_800-125x95.jpg 125w, https:\/\/www.eldigitaldeasturias.com\/noticias\/wp-content\/uploads\/2016\/02\/fotonoticia_20160203131455_800-100x75.jpg 100w, https:\/\/www.eldigitaldeasturias.com\/noticias\/wp-content\/uploads\/2016\/02\/fotonoticia_20160203131455_800.jpg 800w\" sizes=\"auto, (max-width: 360px) 100vw, 360px\" \/>El diputado de Podemos Asturies Andr\u00e9s Fern\u00e1ndez Vilanova presidir\u00e1 la comisi\u00f3n de investigaci\u00f3n sobre las listas de espera impulsada por su grupo parlamentario. Tras la constituci\u00f3n de la comisi\u00f3n, Fern\u00e1ndez Vilanova contempla solicitar, entre otras, la comparecencia del exconsejero de Sanidad, Faustino Blanco, y del actual responsable, Francisco del Busto.<\/p>\n<p>As\u00ed lo ha adelantado el diputado asturiano en una rueda de prensa en la que ha detallado c\u00f3mo se articular\u00e1 la comisi\u00f3n una vez constituida la mesa. En primer lugar los diferentes grupos parlamentarios solicitar\u00e1n informaci\u00f3n relativa a las listas de espera en la sanidad p\u00fablica, su gesti\u00f3n, el n\u00famero de afectados y las posibles disfunciones en la distribuci\u00f3n de la espera.<\/p>\n<p>En segundo lugar, ser\u00e1 el turno de las comparecencias, en las que se intentar\u00e1 dilucidar si hay \u00abmaquillaje\u00bb en las listas de espera, valorar la idoneidad de los par\u00e1metros que miden la espera, y analizar las causas del estado actual de las listas. Igualmente, desde Podemos pedir\u00e1n la comparecencia de t\u00e9cnicos, personal administrativo o incluso t\u00e9cnicos matem\u00e1ticos para ver qu\u00e9 soluciones pueden aportar para terminar con las esperas.<\/p>\n<p>Tambi\u00e9n pasar\u00e1n por la Junta General responsables de aseguradoras y hospitales privados ante la sospecha de que \u00abhay quienes sacan grandes beneficios en base a las listas de espera\u00bb, con la derivaci\u00f3n a centros privados de consultas y pruebas diagn\u00f3sticas.<\/p>\n<p>Por \u00faltimo, Podemos quiere llevar a la comisi\u00f3n a responsables de la Direcci\u00f3n General de Salud P\u00fablica para ver en qu\u00e9 medida afecta a la salud de los pacientes la espera.<\/p>\n<p>La comisi\u00f3n se constituye ante la \u00absituaci\u00f3n dram\u00e1tica e injustificada\u00bb que viven \u00abm\u00e1s de 130.000 pacientes\u00bb. Esta situaci\u00f3n, ha explicado Fern\u00e1ndez Vilanova, no se debe a recortes en Sanidad, sino a una \u00abmalversaci\u00f3n\u00bb de los recursos. \u00abEl presupuesto no repercute en beneficio de los pacientes ni de los empleados, sino que alimentan la sombra de la medicina privada\u00bb, ha asegurado.<\/p>\n<p>Seg\u00fan los c\u00e1lculos realizados por el parlamentario de Podemos, la comisi\u00f3n se volver\u00e1 a reunir en un plazo m\u00e1ximo de quince d\u00edas, y se estima que comiencen las comparecencias en abril, despu\u00e9s de que pedir toda la informaci\u00f3n a lo largo del mes de marzo.<\/p>\n<p>Despu\u00e9s de las comparecencias el objetivo de la comisi\u00f3n es elaborar unas conclusiones que incluyan propuestas para dar soluci\u00f3n a la problem\u00e1tica. \u00abSe trata de una oportunidad ideal para poner en relevancia el problema, se podr\u00e1n detectar insuficiencias y quien gestione la Sanidad tendr\u00e1 muy dif\u00edcil volver la espalda a las listas\u00bb, ha advertido Fern\u00e1ndez Vilanova.<\/p>\n<p>La vicepresidencia de la comisi\u00f3n ser\u00e1 regentada por el diputado del PP Pedro de Rueda y la secretar\u00eda la ocupar\u00e1 la diputada del PSOE Carmen Eva P\u00e9rez.<\/p>\n","protected":false},"excerpt":{"rendered":"<p>El diputado de Podemos Asturies Andr\u00e9s Fern\u00e1ndez Vilanova presidir\u00e1 la comisi\u00f3n de investigaci\u00f3n sobre las listas de espera impulsada por su grupo parlamentario. Tras la constituci\u00f3n de la comisi\u00f3n, Fern\u00e1ndez Vilanova contempla solicitar, entre otras, la comparecencia del exconsejero de Sanidad, Faustino Blanco, y del actual responsable, Francisco del Busto. As\u00ed lo ha adelantado el [&hellip;]<\/p>\n","protected":false},"author":1,"featured_media":853483,"comment_status":"closed","ping_status":"closed","sticky":false,"template":"","format":"standard","meta":{"footnotes":""},"categories":[12],"tags":[],"class_list":["post-853482","post","type-post","status-publish","format-standard","has-post-thumbnail","hentry","category-actualidad-asturias"],"aioseo_notices":[],"aioseo_head":"\n\t\t<!-- All in One SEO Pro 4.9.6.2 - aioseo.com -->\n\t<meta name=\"description\" content=\"El diputado de Podemos Asturies Andr\u00e9s Fern\u00e1ndez Vilanova presidir\u00e1 la comisi\u00f3n de investigaci\u00f3n sobre las listas de espera impulsada por su grupo parlamentario. Tras la constituci\u00f3n de la comisi\u00f3n, Fern\u00e1ndez Vilanova contempla solicitar, entre otras, la comparecencia del exconsejero de Sanidad, Faustino Blanco, y del actual responsable, Francisco del Busto. As\u00ed lo ha adelantado el\" \/>\n\t<meta name=\"robots\" content=\"max-image-preview:large\" \/>\n\t<meta name=\"author\" content=\"El Digital de Asturias\"\/>\n\t<meta name=\"google-site-verification\" content=\"UA-38556648-1\" \/>\n\t<meta name=\"msvalidate.01\" content=\"7dfe9f3f1b24437ab69f4f2559babe99\" \/>\n\t<meta name=\"keywords\" content=\"actualidad asturias\" \/>\n\t<link rel=\"canonical\" href=\"https:\/\/www.eldigitaldeasturias.com\/noticias\/andres-fernandez-vilanova-presidira-la-comision-de-investigacion-sobre-las-listas-de-espera\/\" \/>\n\t<meta name=\"generator\" content=\"All in One SEO Pro (AIOSEO) 4.9.6.2\" \/>\n\t\t<meta property=\"og:locale\" content=\"es_ES\" \/>\n\t\t<meta property=\"og:site_name\" content=\"El Digital de Asturias\" \/>\n\t\t<meta property=\"og:type\" content=\"article\" \/>\n\t\t<meta property=\"og:title\" content=\"Andr\u00e9s Fern\u00e1ndez Vilanova presidir\u00e1 la comisi\u00f3n de investigaci\u00f3n sobre las listas de espera - El Digital de Asturias\" \/>\n\t\t<meta property=\"og:description\" content=\"El diputado de Podemos Asturies Andr\u00e9s Fern\u00e1ndez Vilanova presidir\u00e1 la comisi\u00f3n de investigaci\u00f3n sobre las listas de espera impulsada por su grupo parlamentario. Tras la constituci\u00f3n de la comisi\u00f3n, Fern\u00e1ndez Vilanova contempla solicitar, entre otras, la comparecencia del exconsejero de Sanidad, Faustino Blanco, y del actual responsable, Francisco del Busto. As\u00ed lo ha adelantado el\" \/>\n\t\t<meta property=\"og:url\" content=\"https:\/\/www.eldigitaldeasturias.com\/noticias\/andres-fernandez-vilanova-presidira-la-comision-de-investigacion-sobre-las-listas-de-espera\/\" \/>\n\t\t<meta property=\"og:image\" content=\"https:\/\/www.eldigitaldeasturias.com\/noticias\/wp-content\/uploads\/2016\/02\/fotonoticia_20160203131455_800.jpg\" \/>\n\t\t<meta property=\"og:image:secure_url\" content=\"https:\/\/www.eldigitaldeasturias.com\/noticias\/wp-content\/uploads\/2016\/02\/fotonoticia_20160203131455_800.jpg\" \/>\n\t\t<meta property=\"og:image:width\" content=\"800\" \/>\n\t\t<meta property=\"og:image:height\" content=\"600\" \/>\n\t\t<meta property=\"article:tag\" content=\"actualidad asturias\" \/>\n\t\t<meta property=\"article:published_time\" content=\"2016-02-03T17:52:39+00:00\" \/>\n\t\t<meta property=\"article:modified_time\" content=\"2016-02-03T17:52:39+00:00\" \/>\n\t\t<meta property=\"article:publisher\" content=\"https:\/\/facebook.com\/eldigitaldeasturias\" \/>\n\t\t<meta name=\"twitter:card\" content=\"summary_large_image\" \/>\n\t\t<meta name=\"twitter:title\" content=\"Andr\u00e9s Fern\u00e1ndez Vilanova presidir\u00e1 la comisi\u00f3n de investigaci\u00f3n sobre las listas de espera - El Digital de Asturias\" \/>\n\t\t<meta name=\"twitter:description\" content=\"El diputado de Podemos Asturies Andr\u00e9s Fern\u00e1ndez Vilanova presidir\u00e1 la comisi\u00f3n de investigaci\u00f3n sobre las listas de espera impulsada por su grupo parlamentario. Tras la constituci\u00f3n de la comisi\u00f3n, Fern\u00e1ndez Vilanova contempla solicitar, entre otras, la comparecencia del exconsejero de Sanidad, Faustino Blanco, y del actual responsable, Francisco del Busto. As\u00ed lo ha adelantado el\" \/>\n\t\t<meta name=\"twitter:image\" content=\"https:\/\/www.eldigitaldeasturias.com\/noticias\/wp-content\/uploads\/2016\/02\/fotonoticia_20160203131455_800.jpg\" \/>\n\t\t<meta name=\"twitter:label1\" content=\"Escrito por\" \/>\n\t\t<meta name=\"twitter:data1\" content=\"El Digital de Asturias\" \/>\n\t\t<meta name=\"twitter:label2\" content=\"Tiempo de lectura estimado\" \/>\n\t\t<meta name=\"twitter:data2\" content=\"2 minutos\" \/>\n\t\t<script type=\"application\/ld+json\" class=\"aioseo-schema\">\n\t\t\t{\"@context\":\"https:\\\/\\\/schema.org\",\"@graph\":[{\"@type\":\"BlogPosting\",\"@id\":\"https:\\\/\\\/www.eldigitaldeasturias.com\\\/noticias\\\/andres-fernandez-vilanova-presidira-la-comision-de-investigacion-sobre-las-listas-de-espera\\\/#blogposting\",\"name\":\"Andr\\u00e9s Fern\\u00e1ndez Vilanova presidir\\u00e1 la comisi\\u00f3n de investigaci\\u00f3n sobre las listas de espera - El Digital de Asturias\",\"headline\":\"Andr\\u00e9s Fern\\u00e1ndez Vilanova presidir\\u00e1 la comisi\\u00f3n de investigaci\\u00f3n sobre las listas de espera\",\"author\":{\"@id\":\"https:\\\/\\\/www.eldigitaldeasturias.com\\\/noticias\\\/author\\\/admin\\\/#author\"},\"publisher\":{\"@id\":\"https:\\\/\\\/www.eldigitaldeasturias.com\\\/noticias\\\/#organization\"},\"image\":{\"@type\":\"ImageObject\",\"url\":\"https:\\\/\\\/www.eldigitaldeasturias.com\\\/noticias\\\/wp-content\\\/uploads\\\/2016\\\/02\\\/fotonoticia_20160203131455_800.jpg\",\"width\":800,\"height\":600},\"datePublished\":\"2016-02-03T17:52:39+01:00\",\"dateModified\":\"2016-02-03T17:52:39+01:00\",\"inLanguage\":\"es-ES\",\"mainEntityOfPage\":{\"@id\":\"https:\\\/\\\/www.eldigitaldeasturias.com\\\/noticias\\\/andres-fernandez-vilanova-presidira-la-comision-de-investigacion-sobre-las-listas-de-espera\\\/#webpage\"},\"isPartOf\":{\"@id\":\"https:\\\/\\\/www.eldigitaldeasturias.com\\\/noticias\\\/andres-fernandez-vilanova-presidira-la-comision-de-investigacion-sobre-las-listas-de-espera\\\/#webpage\"},\"articleSection\":\"Actualidad Asturias\"},{\"@type\":\"BreadcrumbList\",\"@id\":\"https:\\\/\\\/www.eldigitaldeasturias.com\\\/noticias\\\/andres-fernandez-vilanova-presidira-la-comision-de-investigacion-sobre-las-listas-de-espera\\\/#breadcrumblist\",\"itemListElement\":[{\"@type\":\"ListItem\",\"@id\":\"https:\\\/\\\/www.eldigitaldeasturias.com\\\/noticias#listItem\",\"position\":1,\"name\":\"Home\",\"item\":\"https:\\\/\\\/www.eldigitaldeasturias.com\\\/noticias\",\"nextItem\":{\"@type\":\"ListItem\",\"@id\":\"https:\\\/\\\/www.eldigitaldeasturias.com\\\/noticias\\\/category\\\/actualidad-asturias\\\/#listItem\",\"name\":\"Actualidad Asturias\"}},{\"@type\":\"ListItem\",\"@id\":\"https:\\\/\\\/www.eldigitaldeasturias.com\\\/noticias\\\/category\\\/actualidad-asturias\\\/#listItem\",\"position\":2,\"name\":\"Actualidad Asturias\",\"item\":\"https:\\\/\\\/www.eldigitaldeasturias.com\\\/noticias\\\/category\\\/actualidad-asturias\\\/\",\"nextItem\":{\"@type\":\"ListItem\",\"@id\":\"https:\\\/\\\/www.eldigitaldeasturias.com\\\/noticias\\\/andres-fernandez-vilanova-presidira-la-comision-de-investigacion-sobre-las-listas-de-espera\\\/#listItem\",\"name\":\"Andr\\u00e9s Fern\\u00e1ndez Vilanova presidir\\u00e1 la comisi\\u00f3n de investigaci\\u00f3n sobre las listas de espera\"},\"previousItem\":{\"@type\":\"ListItem\",\"@id\":\"https:\\\/\\\/www.eldigitaldeasturias.com\\\/noticias#listItem\",\"name\":\"Home\"}},{\"@type\":\"ListItem\",\"@id\":\"https:\\\/\\\/www.eldigitaldeasturias.com\\\/noticias\\\/andres-fernandez-vilanova-presidira-la-comision-de-investigacion-sobre-las-listas-de-espera\\\/#listItem\",\"position\":3,\"name\":\"Andr\\u00e9s Fern\\u00e1ndez Vilanova presidir\\u00e1 la comisi\\u00f3n de investigaci\\u00f3n sobre las listas de espera\",\"previousItem\":{\"@type\":\"ListItem\",\"@id\":\"https:\\\/\\\/www.eldigitaldeasturias.com\\\/noticias\\\/category\\\/actualidad-asturias\\\/#listItem\",\"name\":\"Actualidad Asturias\"}}]},{\"@type\":\"Organization\",\"@id\":\"https:\\\/\\\/www.eldigitaldeasturias.com\\\/noticias\\\/#organization\",\"name\":\"El Digital de Asturias\",\"description\":\"Hemeroteca\",\"url\":\"https:\\\/\\\/www.eldigitaldeasturias.com\\\/noticias\\\/\",\"email\":\"info@eldigitaldeasturias.com\",\"telephone\":\"+34652131393\",\"logo\":{\"@type\":\"ImageObject\",\"url\":\"https:\\\/\\\/www.eldigitaldeasturias.com\\\/noticias\\\/wp-content\\\/uploads\\\/2020\\\/12\\\/EDA.jpg\",\"@id\":\"https:\\\/\\\/www.eldigitaldeasturias.com\\\/noticias\\\/andres-fernandez-vilanova-presidira-la-comision-de-investigacion-sobre-las-listas-de-espera\\\/#organizationLogo\",\"width\":649,\"height\":297},\"image\":{\"@id\":\"https:\\\/\\\/www.eldigitaldeasturias.com\\\/noticias\\\/andres-fernandez-vilanova-presidira-la-comision-de-investigacion-sobre-las-listas-de-espera\\\/#organizationLogo\"},\"sameAs\":[\"https:\\\/\\\/facebook.com\\\/eldigitaldeasturias\",\"https:\\\/\\\/www.youtube.com\\\/channel\\\/UCZP-2wLEB9Rv6erhFmqVnvg\"],\"address\":{\"@id\":\"https:\\\/\\\/www.eldigitaldeasturias.com\\\/noticias\\\/#postaladdress\",\"@type\":\"PostalAddress\",\"streetAddress\":\"san antonio 4,\",\"postalCode\":\"33430\",\"addressLocality\":\"Cand\\u00e1s\",\"addressRegion\":\"Asturias\",\"addressCountry\":\"ES\"}},{\"@type\":\"Person\",\"@id\":\"https:\\\/\\\/www.eldigitaldeasturias.com\\\/noticias\\\/author\\\/admin\\\/#author\",\"url\":\"https:\\\/\\\/www.eldigitaldeasturias.com\\\/noticias\\\/author\\\/admin\\\/\",\"name\":\"El Digital de Asturias\",\"image\":{\"@type\":\"ImageObject\",\"@id\":\"https:\\\/\\\/www.eldigitaldeasturias.com\\\/noticias\\\/andres-fernandez-vilanova-presidira-la-comision-de-investigacion-sobre-las-listas-de-espera\\\/#authorImage\",\"url\":\"https:\\\/\\\/www.eldigitaldeasturias.com\\\/noticias\\\/wp-content\\\/litespeed\\\/avatar\\\/18677e78aa0546b92d9dbf31ec7d7668.jpg?ver=1777290358\",\"width\":96,\"height\":96,\"caption\":\"El Digital de Asturias\"}},{\"@type\":\"WebPage\",\"@id\":\"https:\\\/\\\/www.eldigitaldeasturias.com\\\/noticias\\\/andres-fernandez-vilanova-presidira-la-comision-de-investigacion-sobre-las-listas-de-espera\\\/#webpage\",\"url\":\"https:\\\/\\\/www.eldigitaldeasturias.com\\\/noticias\\\/andres-fernandez-vilanova-presidira-la-comision-de-investigacion-sobre-las-listas-de-espera\\\/\",\"name\":\"Andr\\u00e9s Fern\\u00e1ndez Vilanova presidir\\u00e1 la comisi\\u00f3n de investigaci\\u00f3n sobre las listas de espera - El Digital de Asturias\",\"description\":\"El diputado de Podemos Asturies Andr\\u00e9s Fern\\u00e1ndez Vilanova presidir\\u00e1 la comisi\\u00f3n de investigaci\\u00f3n sobre las listas de espera impulsada por su grupo parlamentario. Tras la constituci\\u00f3n de la comisi\\u00f3n, Fern\\u00e1ndez Vilanova contempla solicitar, entre otras, la comparecencia del exconsejero de Sanidad, Faustino Blanco, y del actual responsable, Francisco del Busto. As\\u00ed lo ha adelantado el\",\"inLanguage\":\"es-ES\",\"isPartOf\":{\"@id\":\"https:\\\/\\\/www.eldigitaldeasturias.com\\\/noticias\\\/#website\"},\"breadcrumb\":{\"@id\":\"https:\\\/\\\/www.eldigitaldeasturias.com\\\/noticias\\\/andres-fernandez-vilanova-presidira-la-comision-de-investigacion-sobre-las-listas-de-espera\\\/#breadcrumblist\"},\"author\":{\"@id\":\"https:\\\/\\\/www.eldigitaldeasturias.com\\\/noticias\\\/author\\\/admin\\\/#author\"},\"creator\":{\"@id\":\"https:\\\/\\\/www.eldigitaldeasturias.com\\\/noticias\\\/author\\\/admin\\\/#author\"},\"image\":{\"@type\":\"ImageObject\",\"url\":\"https:\\\/\\\/www.eldigitaldeasturias.com\\\/noticias\\\/wp-content\\\/uploads\\\/2016\\\/02\\\/fotonoticia_20160203131455_800.jpg\",\"@id\":\"https:\\\/\\\/www.eldigitaldeasturias.com\\\/noticias\\\/andres-fernandez-vilanova-presidira-la-comision-de-investigacion-sobre-las-listas-de-espera\\\/#mainImage\",\"width\":800,\"height\":600},\"primaryImageOfPage\":{\"@id\":\"https:\\\/\\\/www.eldigitaldeasturias.com\\\/noticias\\\/andres-fernandez-vilanova-presidira-la-comision-de-investigacion-sobre-las-listas-de-espera\\\/#mainImage\"},\"datePublished\":\"2016-02-03T17:52:39+01:00\",\"dateModified\":\"2016-02-03T17:52:39+01:00\"},{\"@type\":\"WebSite\",\"@id\":\"https:\\\/\\\/www.eldigitaldeasturias.com\\\/noticias\\\/#website\",\"url\":\"https:\\\/\\\/www.eldigitaldeasturias.com\\\/noticias\\\/\",\"name\":\"El Digital de Asturias - Diario de actualidad y noticias\",\"alternateName\":\"El Digital de Asturias - Diario de actualidad y noticias\",\"description\":\"Hemeroteca\",\"inLanguage\":\"es-ES\",\"publisher\":{\"@id\":\"https:\\\/\\\/www.eldigitaldeasturias.com\\\/noticias\\\/#organization\"}}]}\n\t\t<\/script>\n\t\t<!-- All in One SEO Pro -->\r\n\t\t<title>Andr\u00e9s Fern\u00e1ndez Vilanova presidir\u00e1 la comisi\u00f3n de investigaci\u00f3n sobre las listas de espera - El Digital de Asturias<\/title>\n\n","aioseo_head_json":{"title":"Andr\u00e9s Fern\u00e1ndez Vilanova presidir\u00e1 la comisi\u00f3n de investigaci\u00f3n sobre las listas de espera - El Digital de Asturias","description":"El diputado de Podemos Asturies Andr\u00e9s Fern\u00e1ndez Vilanova presidir\u00e1 la comisi\u00f3n de investigaci\u00f3n sobre las listas de espera impulsada por su grupo parlamentario. Tras la constituci\u00f3n de la comisi\u00f3n, Fern\u00e1ndez Vilanova contempla solicitar, entre otras, la comparecencia del exconsejero de Sanidad, Faustino Blanco, y del actual responsable, Francisco del Busto. As\u00ed lo ha adelantado el","canonical_url":"https:\/\/www.eldigitaldeasturias.com\/noticias\/andres-fernandez-vilanova-presidira-la-comision-de-investigacion-sobre-las-listas-de-espera\/","robots":"max-image-preview:large","keywords":"actualidad asturias","webmasterTools":{"google-site-verification":"UA-38556648-1","msvalidate.01":"7dfe9f3f1b24437ab69f4f2559babe99","miscellaneous":""},"schema":{"@context":"https:\/\/schema.org","@graph":[{"@type":"BlogPosting","@id":"https:\/\/www.eldigitaldeasturias.com\/noticias\/andres-fernandez-vilanova-presidira-la-comision-de-investigacion-sobre-las-listas-de-espera\/#blogposting","name":"Andr\u00e9s Fern\u00e1ndez Vilanova presidir\u00e1 la comisi\u00f3n de investigaci\u00f3n sobre las listas de espera - El Digital de Asturias","headline":"Andr\u00e9s Fern\u00e1ndez Vilanova presidir\u00e1 la comisi\u00f3n de investigaci\u00f3n sobre las listas de espera","author":{"@id":"https:\/\/www.eldigitaldeasturias.com\/noticias\/author\/admin\/#author"},"publisher":{"@id":"https:\/\/www.eldigitaldeasturias.com\/noticias\/#organization"},"image":{"@type":"ImageObject","url":"https:\/\/www.eldigitaldeasturias.com\/noticias\/wp-content\/uploads\/2016\/02\/fotonoticia_20160203131455_800.jpg","width":800,"height":600},"datePublished":"2016-02-03T17:52:39+01:00","dateModified":"2016-02-03T17:52:39+01:00","inLanguage":"es-ES","mainEntityOfPage":{"@id":"https:\/\/www.eldigitaldeasturias.com\/noticias\/andres-fernandez-vilanova-presidira-la-comision-de-investigacion-sobre-las-listas-de-espera\/#webpage"},"isPartOf":{"@id":"https:\/\/www.eldigitaldeasturias.com\/noticias\/andres-fernandez-vilanova-presidira-la-comision-de-investigacion-sobre-las-listas-de-espera\/#webpage"},"articleSection":"Actualidad Asturias"},{"@type":"BreadcrumbList","@id":"https:\/\/www.eldigitaldeasturias.com\/noticias\/andres-fernandez-vilanova-presidira-la-comision-de-investigacion-sobre-las-listas-de-espera\/#breadcrumblist","itemListElement":[{"@type":"ListItem","@id":"https:\/\/www.eldigitaldeasturias.com\/noticias#listItem","position":1,"name":"Home","item":"https:\/\/www.eldigitaldeasturias.com\/noticias","nextItem":{"@type":"ListItem","@id":"https:\/\/www.eldigitaldeasturias.com\/noticias\/category\/actualidad-asturias\/#listItem","name":"Actualidad Asturias"}},{"@type":"ListItem","@id":"https:\/\/www.eldigitaldeasturias.com\/noticias\/category\/actualidad-asturias\/#listItem","position":2,"name":"Actualidad Asturias","item":"https:\/\/www.eldigitaldeasturias.com\/noticias\/category\/actualidad-asturias\/","nextItem":{"@type":"ListItem","@id":"https:\/\/www.eldigitaldeasturias.com\/noticias\/andres-fernandez-vilanova-presidira-la-comision-de-investigacion-sobre-las-listas-de-espera\/#listItem","name":"Andr\u00e9s Fern\u00e1ndez Vilanova presidir\u00e1 la comisi\u00f3n de investigaci\u00f3n sobre las listas de espera"},"previousItem":{"@type":"ListItem","@id":"https:\/\/www.eldigitaldeasturias.com\/noticias#listItem","name":"Home"}},{"@type":"ListItem","@id":"https:\/\/www.eldigitaldeasturias.com\/noticias\/andres-fernandez-vilanova-presidira-la-comision-de-investigacion-sobre-las-listas-de-espera\/#listItem","position":3,"name":"Andr\u00e9s Fern\u00e1ndez Vilanova presidir\u00e1 la comisi\u00f3n de investigaci\u00f3n sobre las listas de espera","previousItem":{"@type":"ListItem","@id":"https:\/\/www.eldigitaldeasturias.com\/noticias\/category\/actualidad-asturias\/#listItem","name":"Actualidad Asturias"}}]},{"@type":"Organization","@id":"https:\/\/www.eldigitaldeasturias.com\/noticias\/#organization","name":"El Digital de Asturias","description":"Hemeroteca","url":"https:\/\/www.eldigitaldeasturias.com\/noticias\/","email":"info@eldigitaldeasturias.com","telephone":"+34652131393","logo":{"@type":"ImageObject","url":"https:\/\/www.eldigitaldeasturias.com\/noticias\/wp-content\/uploads\/2020\/12\/EDA.jpg","@id":"https:\/\/www.eldigitaldeasturias.com\/noticias\/andres-fernandez-vilanova-presidira-la-comision-de-investigacion-sobre-las-listas-de-espera\/#organizationLogo","width":649,"height":297},"image":{"@id":"https:\/\/www.eldigitaldeasturias.com\/noticias\/andres-fernandez-vilanova-presidira-la-comision-de-investigacion-sobre-las-listas-de-espera\/#organizationLogo"},"sameAs":["https:\/\/facebook.com\/eldigitaldeasturias","https:\/\/www.youtube.com\/channel\/UCZP-2wLEB9Rv6erhFmqVnvg"],"address":{"@id":"https:\/\/www.eldigitaldeasturias.com\/noticias\/#postaladdress","@type":"PostalAddress","streetAddress":"san antonio 4,","postalCode":"33430","addressLocality":"Cand\u00e1s","addressRegion":"Asturias","addressCountry":"ES"}},{"@type":"Person","@id":"https:\/\/www.eldigitaldeasturias.com\/noticias\/author\/admin\/#author","url":"https:\/\/www.eldigitaldeasturias.com\/noticias\/author\/admin\/","name":"El Digital de Asturias","image":{"@type":"ImageObject","@id":"https:\/\/www.eldigitaldeasturias.com\/noticias\/andres-fernandez-vilanova-presidira-la-comision-de-investigacion-sobre-las-listas-de-espera\/#authorImage","url":"https:\/\/www.eldigitaldeasturias.com\/noticias\/wp-content\/litespeed\/avatar\/18677e78aa0546b92d9dbf31ec7d7668.jpg?ver=1777290358","width":96,"height":96,"caption":"El Digital de Asturias"}},{"@type":"WebPage","@id":"https:\/\/www.eldigitaldeasturias.com\/noticias\/andres-fernandez-vilanova-presidira-la-comision-de-investigacion-sobre-las-listas-de-espera\/#webpage","url":"https:\/\/www.eldigitaldeasturias.com\/noticias\/andres-fernandez-vilanova-presidira-la-comision-de-investigacion-sobre-las-listas-de-espera\/","name":"Andr\u00e9s Fern\u00e1ndez Vilanova presidir\u00e1 la comisi\u00f3n de investigaci\u00f3n sobre las listas de espera - El Digital de Asturias","description":"El diputado de Podemos Asturies Andr\u00e9s Fern\u00e1ndez Vilanova presidir\u00e1 la comisi\u00f3n de investigaci\u00f3n sobre las listas de espera impulsada por su grupo parlamentario. Tras la constituci\u00f3n de la comisi\u00f3n, Fern\u00e1ndez Vilanova contempla solicitar, entre otras, la comparecencia del exconsejero de Sanidad, Faustino Blanco, y del actual responsable, Francisco del Busto. As\u00ed lo ha adelantado el","inLanguage":"es-ES","isPartOf":{"@id":"https:\/\/www.eldigitaldeasturias.com\/noticias\/#website"},"breadcrumb":{"@id":"https:\/\/www.eldigitaldeasturias.com\/noticias\/andres-fernandez-vilanova-presidira-la-comision-de-investigacion-sobre-las-listas-de-espera\/#breadcrumblist"},"author":{"@id":"https:\/\/www.eldigitaldeasturias.com\/noticias\/author\/admin\/#author"},"creator":{"@id":"https:\/\/www.eldigitaldeasturias.com\/noticias\/author\/admin\/#author"},"image":{"@type":"ImageObject","url":"https:\/\/www.eldigitaldeasturias.com\/noticias\/wp-content\/uploads\/2016\/02\/fotonoticia_20160203131455_800.jpg","@id":"https:\/\/www.eldigitaldeasturias.com\/noticias\/andres-fernandez-vilanova-presidira-la-comision-de-investigacion-sobre-las-listas-de-espera\/#mainImage","width":800,"height":600},"primaryImageOfPage":{"@id":"https:\/\/www.eldigitaldeasturias.com\/noticias\/andres-fernandez-vilanova-presidira-la-comision-de-investigacion-sobre-las-listas-de-espera\/#mainImage"},"datePublished":"2016-02-03T17:52:39+01:00","dateModified":"2016-02-03T17:52:39+01:00"},{"@type":"WebSite","@id":"https:\/\/www.eldigitaldeasturias.com\/noticias\/#website","url":"https:\/\/www.eldigitaldeasturias.com\/noticias\/","name":"El Digital de Asturias - Diario de actualidad y noticias","alternateName":"El Digital de Asturias - Diario de actualidad y noticias","description":"Hemeroteca","inLanguage":"es-ES","publisher":{"@id":"https:\/\/www.eldigitaldeasturias.com\/noticias\/#organization"}}]},"og:locale":"es_ES","og:site_name":"El Digital de Asturias","og:type":"article","og:title":"Andr\u00e9s Fern\u00e1ndez Vilanova presidir\u00e1 la comisi\u00f3n de investigaci\u00f3n sobre las listas de espera - El Digital de Asturias","og:description":"El diputado de Podemos Asturies Andr\u00e9s Fern\u00e1ndez Vilanova presidir\u00e1 la comisi\u00f3n de investigaci\u00f3n sobre las listas de espera impulsada por su grupo parlamentario. Tras la constituci\u00f3n de la comisi\u00f3n, Fern\u00e1ndez Vilanova contempla solicitar, entre otras, la comparecencia del exconsejero de Sanidad, Faustino Blanco, y del actual responsable, Francisco del Busto. As\u00ed lo ha adelantado el","og:url":"https:\/\/www.eldigitaldeasturias.com\/noticias\/andres-fernandez-vilanova-presidira-la-comision-de-investigacion-sobre-las-listas-de-espera\/","og:image":"https:\/\/www.eldigitaldeasturias.com\/noticias\/wp-content\/uploads\/2016\/02\/fotonoticia_20160203131455_800.jpg","og:image:secure_url":"https:\/\/www.eldigitaldeasturias.com\/noticias\/wp-content\/uploads\/2016\/02\/fotonoticia_20160203131455_800.jpg","og:image:width":800,"og:image:height":600,"article:tag":["actualidad asturias"],"article:published_time":"2016-02-03T17:52:39+00:00","article:modified_time":"2016-02-03T17:52:39+00:00","article:publisher":"https:\/\/facebook.com\/eldigitaldeasturias","twitter:card":"summary_large_image","twitter:title":"Andr\u00e9s Fern\u00e1ndez Vilanova presidir\u00e1 la comisi\u00f3n de investigaci\u00f3n sobre las listas de espera - El Digital de Asturias","twitter:description":"El diputado de Podemos Asturies Andr\u00e9s Fern\u00e1ndez Vilanova presidir\u00e1 la comisi\u00f3n de investigaci\u00f3n sobre las listas de espera impulsada por su grupo parlamentario. Tras la constituci\u00f3n de la comisi\u00f3n, Fern\u00e1ndez Vilanova contempla solicitar, entre otras, la comparecencia del exconsejero de Sanidad, Faustino Blanco, y del actual responsable, Francisco del Busto. As\u00ed lo ha adelantado el","twitter:image":"https:\/\/www.eldigitaldeasturias.com\/noticias\/wp-content\/uploads\/2016\/02\/fotonoticia_20160203131455_800.jpg","twitter:label1":"Escrito por","twitter:data1":"El Digital de Asturias","twitter:label2":"Tiempo de lectura estimado","twitter:data2":"2 minutos"},"aioseo_meta_data":{"post_id":"853482","title":null,"description":null,"keywords":null,"keyphrases":null,"primary_term":null,"canonical_url":null,"og_title":null,"og_description":null,"og_object_type":"default","og_image_type":"default","og_image_url":null,"og_image_width":null,"og_image_height":null,"og_image_custom_url":null,"og_image_custom_fields":null,"og_video":null,"og_custom_url":null,"og_article_section":null,"og_article_tags":null,"twitter_use_og":false,"twitter_card":"default","twitter_image_type":"default","twitter_image_url":null,"twitter_image_custom_url":null,"twitter_image_custom_fields":null,"twitter_title":null,"twitter_description":null,"schema":{"blockGraphs":[],"customGraphs":[],"default":{"data":{"Article":[],"Course":[],"Dataset":[],"FAQPage":[],"Movie":[],"Person":[],"Product":[],"ProductReview":[],"Car":[],"Recipe":[],"Service":[],"SoftwareApplication":[],"WebPage":[]},"graphName":"","isEnabled":true},"graphs":[],"defaultGraph":"","defaultPostTypeGraph":""},"schema_type":null,"schema_type_options":null,"pillar_content":false,"robots_default":true,"robots_noindex":false,"robots_noarchive":false,"robots_nosnippet":false,"robots_nofollow":false,"robots_noimageindex":false,"robots_noodp":false,"robots_notranslate":false,"robots_max_snippet":null,"robots_max_videopreview":null,"robots_max_imagepreview":"large","priority":null,"frequency":null,"local_seo":null,"seo_analyzer_scan_date":"2025-12-09 18:10:01","breadcrumb_settings":null,"limit_modified_date":false,"open_ai":null,"ai":null,"created":"2021-01-23 14:08:12","updated":"2025-12-09 18:10:01"},"aioseo_breadcrumb":"<div class=\"aioseo-breadcrumbs\"><span class=\"aioseo-breadcrumb\">\n\t<a href=\"https:\/\/www.eldigitaldeasturias.com\/noticias\" title=\"Home\">Home<\/a>\n<\/span><span class=\"aioseo-breadcrumb-separator\">\u2013<\/span><span class=\"aioseo-breadcrumb\">\n\t<a href=\"https:\/\/www.eldigitaldeasturias.com\/noticias\/category\/actualidad-asturias\/\" title=\"Actualidad Asturias\">Actualidad Asturias<\/a>\n<\/span><span class=\"aioseo-breadcrumb-separator\">\u2013<\/span><span class=\"aioseo-breadcrumb\">\n\t<a href=\"https:\/\/www.eldigitaldeasturias.com\/noticias\/andres-fernandez-vilanova-presidira-la-comision-de-investigacion-sobre-las-listas-de-espera\/\" title=\"Andr\u00e9s Fern\u00e1ndez Vilanova presidir\u00e1 la comisi\u00f3n de investigaci\u00f3n sobre las listas de espera\">Andr\u00e9s Fern\u00e1ndez Vilanova presidir\u00e1 la comisi\u00f3n de investigaci\u00f3n sobre las listas de espera<\/a>\n<\/span><\/div>","aioseo_breadcrumb_json":[{"label":"Home","link":"https:\/\/www.eldigitaldeasturias.com\/noticias"},{"label":"Actualidad Asturias","link":"https:\/\/www.eldigitaldeasturias.com\/noticias\/category\/actualidad-asturias\/"},{"label":"Andr\u00e9s Fern\u00e1ndez Vilanova presidir\u00e1 la comisi\u00f3n de investigaci\u00f3n sobre las listas de espera","link":"https:\/\/www.eldigitaldeasturias.com\/noticias\/andres-fernandez-vilanova-presidira-la-comision-de-investigacion-sobre-las-listas-de-espera\/"}],"_links":{"self":[{"href":"https:\/\/www.eldigitaldeasturias.com\/noticias\/wp-json\/wp\/v2\/posts\/853482","targetHints":{"allow":["GET"]}}],"collection":[{"href":"https:\/\/www.eldigitaldeasturias.com\/noticias\/wp-json\/wp\/v2\/posts"}],"about":[{"href":"https:\/\/www.eldigitaldeasturias.com\/noticias\/wp-json\/wp\/v2\/types\/post"}],"author":[{"embeddable":true,"href":"https:\/\/www.eldigitaldeasturias.com\/noticias\/wp-json\/wp\/v2\/users\/1"}],"replies":[{"embeddable":true,"href":"https:\/\/www.eldigitaldeasturias.com\/noticias\/wp-json\/wp\/v2\/comments?post=853482"}],"version-history":[{"count":0,"href":"https:\/\/www.eldigitaldeasturias.com\/noticias\/wp-json\/wp\/v2\/posts\/853482\/revisions"}],"wp:featuredmedia":[{"embeddable":true,"href":"https:\/\/www.eldigitaldeasturias.com\/noticias\/wp-json\/wp\/v2\/media\/853483"}],"wp:attachment":[{"href":"https:\/\/www.eldigitaldeasturias.com\/noticias\/wp-json\/wp\/v2\/media?parent=853482"}],"wp:term":[{"taxonomy":"category","embeddable":true,"href":"https:\/\/www.eldigitaldeasturias.com\/noticias\/wp-json\/wp\/v2\/categories?post=853482"},{"taxonomy":"post_tag","embeddable":true,"href":"https:\/\/www.eldigitaldeasturias.com\/noticias\/wp-json\/wp\/v2\/tags?post=853482"}],"curies":[{"name":"wp","href":"https:\/\/api.w.org\/{rel}","templated":true}]}}