{"id":853479,"date":"2016-02-03T17:51:16","date_gmt":"2016-02-03T17:51:16","guid":{"rendered":"http:\/\/www.eldigitaldeasturias.com\/noticias\/?p=853479"},"modified":"2016-02-03T17:51:16","modified_gmt":"2016-02-03T17:51:16","slug":"mercedes-fernandez-ve-sensatez-en-rajoy-y-frivolidad-en-pedro-sanchez","status":"publish","type":"post","link":"https:\/\/www.eldigitaldeasturias.com\/noticias\/mercedes-fernandez-ve-sensatez-en-rajoy-y-frivolidad-en-pedro-sanchez\/","title":{"rendered":"Mercedes Fern\u00e1ndez ve \u00absensatez\u00bb en Rajoy y \u00abfrivolidad\u00bb en Pedro S\u00e1nchez"},"content":{"rendered":"<p><img loading=\"lazy\" decoding=\"async\" class=\"alignleft size-medium wp-image-853480\" src=\"https:\/\/www.eldigitaldeasturias.com\/noticias\/wp-content\/uploads\/2016\/02\/fotonoticia_20160203131417_800-360x240.jpg\" alt=\"fotonoticia_20160203131417_800\" width=\"360\" height=\"240\" srcset=\"https:\/\/www.eldigitaldeasturias.com\/noticias\/wp-content\/uploads\/2016\/02\/fotonoticia_20160203131417_800-360x240.jpg 360w, https:\/\/www.eldigitaldeasturias.com\/noticias\/wp-content\/uploads\/2016\/02\/fotonoticia_20160203131417_800-768x513.jpg 768w, https:\/\/www.eldigitaldeasturias.com\/noticias\/wp-content\/uploads\/2016\/02\/fotonoticia_20160203131417_800-650x434.jpg 650w, https:\/\/www.eldigitaldeasturias.com\/noticias\/wp-content\/uploads\/2016\/02\/fotonoticia_20160203131417_800-84x55.jpg 84w, https:\/\/www.eldigitaldeasturias.com\/noticias\/wp-content\/uploads\/2016\/02\/fotonoticia_20160203131417_800-49x32.jpg 49w, https:\/\/www.eldigitaldeasturias.com\/noticias\/wp-content\/uploads\/2016\/02\/fotonoticia_20160203131417_800.jpg 800w\" sizes=\"auto, (max-width: 360px) 100vw, 360px\" \/>La presidenta del PP de Asturias, Mercedes Fern\u00e1ndez, ha criticado este mi\u00e9rcoles la \u00abfrivolidad\u00bb del secretario general del PSOE, Pedro S\u00e1nchez, que ha contrapuesto a la \u00absensatez\u00bb del actual presidente en funciones, Mariano Rajoy.<\/p>\n<p>\u00abAyer me sorprend\u00eda el aspecto tan risue\u00f1o de Pedro S\u00e1nchez ante los medios de comunicaci\u00f3n, en una situaci\u00f3n pol\u00edtica de tanta complejidad\u00bb, ha dicho Fern\u00e1ndez cuando ha sido preguntada en Oviedo por la situaci\u00f3n pol\u00edtica nacional, despu\u00e9s de que el Rey de Espa\u00f1a encargase al socialista formar gobierno.<\/p>\n<p>Fern\u00e1ndez, que ha insistido en que no comprende la \u00abalegr\u00eda desmesurada\u00bb mostrada por S\u00e1nchez ante los medios, ha dicho que el socialista sabe que los n\u00fameros le son adversos, porque la aritm\u00e9tica parlamentaria le plantea una complejidad \u00abimposible\u00bb, algo que s\u00f3lo podr\u00eda salvar con pactos \u00abcontra natura\u00bb, o desobedeciendo el mandato de su propio partido.<\/p>\n<p>A juicio de la dirigente asturiana del PP, no es de recibo que S\u00e1nchez haya \u00abvetado\u00bb hasta la fecha al partido que gan\u00f3 las elecciones.<\/p>\n<p>Frente a la conducta del l\u00edder socialista, Mercedes Fern\u00e1ndez se ha referido a Rajoy como una \u00abpersona sensata\u00bb, un \u00abhombre de estado\u00bb, \u00absereno\u00bb y \u00abpatriota\u00bb. Ha explicado que no ha renunciado y que lo que ha hecho es admitir que en estos momentos no tiene la mayor\u00eda suficiente para concurrir a la investidura. \u00abRajoy no hace dejaci\u00f3n de su derecho, s\u00f3lo lo pospone\u00bb, ha apuntado.<\/p>\n","protected":false},"excerpt":{"rendered":"<p>La presidenta del PP de Asturias, Mercedes Fern\u00e1ndez, ha criticado este mi\u00e9rcoles la \u00abfrivolidad\u00bb del secretario general del PSOE, Pedro S\u00e1nchez, que ha contrapuesto a la \u00absensatez\u00bb del actual presidente en funciones, Mariano Rajoy. \u00abAyer me sorprend\u00eda el aspecto tan risue\u00f1o de Pedro S\u00e1nchez ante los medios de comunicaci\u00f3n, en una situaci\u00f3n pol\u00edtica de tanta [&hellip;]<\/p>\n","protected":false},"author":1,"featured_media":853480,"comment_status":"closed","ping_status":"closed","sticky":false,"template":"","format":"standard","meta":{"footnotes":""},"categories":[12],"tags":[],"class_list":["post-853479","post","type-post","status-publish","format-standard","has-post-thumbnail","hentry","category-actualidad-asturias"],"aioseo_notices":[],"aioseo_head":"\n\t\t<!-- All in One SEO Pro 4.9.6.2 - aioseo.com -->\n\t<meta name=\"description\" content=\"La presidenta del PP de Asturias, Mercedes Fern\u00e1ndez, ha criticado este mi\u00e9rcoles la &quot;frivolidad&quot; del secretario general del PSOE, Pedro S\u00e1nchez, que ha contrapuesto a la &quot;sensatez&quot; del actual presidente en funciones, Mariano Rajoy. &quot;Ayer me sorprend\u00eda el aspecto tan risue\u00f1o de Pedro S\u00e1nchez ante los medios de comunicaci\u00f3n, en una situaci\u00f3n pol\u00edtica de tanta\" \/>\n\t<meta name=\"robots\" content=\"max-image-preview:large\" \/>\n\t<meta name=\"author\" content=\"El Digital de Asturias\"\/>\n\t<meta name=\"google-site-verification\" content=\"UA-38556648-1\" \/>\n\t<meta name=\"msvalidate.01\" content=\"7dfe9f3f1b24437ab69f4f2559babe99\" \/>\n\t<meta name=\"keywords\" content=\"actualidad asturias\" \/>\n\t<link rel=\"canonical\" href=\"https:\/\/www.eldigitaldeasturias.com\/noticias\/mercedes-fernandez-ve-sensatez-en-rajoy-y-frivolidad-en-pedro-sanchez\/\" \/>\n\t<meta name=\"generator\" content=\"All in One SEO Pro (AIOSEO) 4.9.6.2\" \/>\n\t\t<meta property=\"og:locale\" content=\"es_ES\" \/>\n\t\t<meta property=\"og:site_name\" content=\"El Digital de Asturias\" \/>\n\t\t<meta property=\"og:type\" content=\"article\" \/>\n\t\t<meta property=\"og:title\" content=\"Mercedes Fern\u00e1ndez ve \u00absensatez\u00bb en Rajoy y \u00abfrivolidad\u00bb en Pedro S\u00e1nchez - El Digital de Asturias\" \/>\n\t\t<meta property=\"og:description\" content=\"La presidenta del PP de Asturias, Mercedes Fern\u00e1ndez, ha criticado este mi\u00e9rcoles la &quot;frivolidad&quot; del secretario general del PSOE, Pedro S\u00e1nchez, que ha contrapuesto a la &quot;sensatez&quot; del actual presidente en funciones, Mariano Rajoy. &quot;Ayer me sorprend\u00eda el aspecto tan risue\u00f1o de Pedro S\u00e1nchez ante los medios de comunicaci\u00f3n, en una situaci\u00f3n pol\u00edtica de tanta\" \/>\n\t\t<meta property=\"og:url\" content=\"https:\/\/www.eldigitaldeasturias.com\/noticias\/mercedes-fernandez-ve-sensatez-en-rajoy-y-frivolidad-en-pedro-sanchez\/\" \/>\n\t\t<meta property=\"og:image\" content=\"https:\/\/www.eldigitaldeasturias.com\/noticias\/wp-content\/uploads\/2016\/02\/fotonoticia_20160203131417_800.jpg\" \/>\n\t\t<meta property=\"og:image:secure_url\" content=\"https:\/\/www.eldigitaldeasturias.com\/noticias\/wp-content\/uploads\/2016\/02\/fotonoticia_20160203131417_800.jpg\" \/>\n\t\t<meta property=\"og:image:width\" content=\"800\" \/>\n\t\t<meta property=\"og:image:height\" content=\"534\" \/>\n\t\t<meta property=\"article:tag\" content=\"actualidad asturias\" \/>\n\t\t<meta property=\"article:published_time\" content=\"2016-02-03T17:51:16+00:00\" \/>\n\t\t<meta property=\"article:modified_time\" content=\"2016-02-03T17:51:16+00:00\" \/>\n\t\t<meta property=\"article:publisher\" content=\"https:\/\/facebook.com\/eldigitaldeasturias\" \/>\n\t\t<meta name=\"twitter:card\" content=\"summary_large_image\" \/>\n\t\t<meta name=\"twitter:title\" content=\"Mercedes Fern\u00e1ndez ve \u00absensatez\u00bb en Rajoy y \u00abfrivolidad\u00bb en Pedro S\u00e1nchez - El Digital de Asturias\" \/>\n\t\t<meta name=\"twitter:description\" content=\"La presidenta del PP de Asturias, Mercedes Fern\u00e1ndez, ha criticado este mi\u00e9rcoles la &quot;frivolidad&quot; del secretario general del PSOE, Pedro S\u00e1nchez, que ha contrapuesto a la &quot;sensatez&quot; del actual presidente en funciones, Mariano Rajoy. &quot;Ayer me sorprend\u00eda el aspecto tan risue\u00f1o de Pedro S\u00e1nchez ante los medios de comunicaci\u00f3n, en una situaci\u00f3n pol\u00edtica de tanta\" \/>\n\t\t<meta name=\"twitter:image\" content=\"https:\/\/www.eldigitaldeasturias.com\/noticias\/wp-content\/uploads\/2016\/02\/fotonoticia_20160203131417_800.jpg\" \/>\n\t\t<meta name=\"twitter:label1\" content=\"Escrito por\" \/>\n\t\t<meta name=\"twitter:data1\" content=\"El Digital de Asturias\" \/>\n\t\t<meta name=\"twitter:label2\" content=\"Tiempo de lectura estimado\" \/>\n\t\t<meta name=\"twitter:data2\" content=\"1 minuto\" \/>\n\t\t<script type=\"application\/ld+json\" class=\"aioseo-schema\">\n\t\t\t{\"@context\":\"https:\\\/\\\/schema.org\",\"@graph\":[{\"@type\":\"BlogPosting\",\"@id\":\"https:\\\/\\\/www.eldigitaldeasturias.com\\\/noticias\\\/mercedes-fernandez-ve-sensatez-en-rajoy-y-frivolidad-en-pedro-sanchez\\\/#blogposting\",\"name\":\"Mercedes Fern\\u00e1ndez ve \\u00absensatez\\u00bb en Rajoy y \\u00abfrivolidad\\u00bb en Pedro S\\u00e1nchez - El Digital de Asturias\",\"headline\":\"Mercedes Fern\\u00e1ndez ve \\u00absensatez\\u00bb en Rajoy y \\u00abfrivolidad\\u00bb en Pedro S\\u00e1nchez\",\"author\":{\"@id\":\"https:\\\/\\\/www.eldigitaldeasturias.com\\\/noticias\\\/author\\\/admin\\\/#author\"},\"publisher\":{\"@id\":\"https:\\\/\\\/www.eldigitaldeasturias.com\\\/noticias\\\/#organization\"},\"image\":{\"@type\":\"ImageObject\",\"url\":\"https:\\\/\\\/www.eldigitaldeasturias.com\\\/noticias\\\/wp-content\\\/uploads\\\/2016\\\/02\\\/fotonoticia_20160203131417_800.jpg\",\"width\":800,\"height\":534},\"datePublished\":\"2016-02-03T17:51:16+01:00\",\"dateModified\":\"2016-02-03T17:51:16+01:00\",\"inLanguage\":\"es-ES\",\"mainEntityOfPage\":{\"@id\":\"https:\\\/\\\/www.eldigitaldeasturias.com\\\/noticias\\\/mercedes-fernandez-ve-sensatez-en-rajoy-y-frivolidad-en-pedro-sanchez\\\/#webpage\"},\"isPartOf\":{\"@id\":\"https:\\\/\\\/www.eldigitaldeasturias.com\\\/noticias\\\/mercedes-fernandez-ve-sensatez-en-rajoy-y-frivolidad-en-pedro-sanchez\\\/#webpage\"},\"articleSection\":\"Actualidad Asturias\"},{\"@type\":\"BreadcrumbList\",\"@id\":\"https:\\\/\\\/www.eldigitaldeasturias.com\\\/noticias\\\/mercedes-fernandez-ve-sensatez-en-rajoy-y-frivolidad-en-pedro-sanchez\\\/#breadcrumblist\",\"itemListElement\":[{\"@type\":\"ListItem\",\"@id\":\"https:\\\/\\\/www.eldigitaldeasturias.com\\\/noticias#listItem\",\"position\":1,\"name\":\"Home\",\"item\":\"https:\\\/\\\/www.eldigitaldeasturias.com\\\/noticias\",\"nextItem\":{\"@type\":\"ListItem\",\"@id\":\"https:\\\/\\\/www.eldigitaldeasturias.com\\\/noticias\\\/category\\\/actualidad-asturias\\\/#listItem\",\"name\":\"Actualidad Asturias\"}},{\"@type\":\"ListItem\",\"@id\":\"https:\\\/\\\/www.eldigitaldeasturias.com\\\/noticias\\\/category\\\/actualidad-asturias\\\/#listItem\",\"position\":2,\"name\":\"Actualidad Asturias\",\"item\":\"https:\\\/\\\/www.eldigitaldeasturias.com\\\/noticias\\\/category\\\/actualidad-asturias\\\/\",\"nextItem\":{\"@type\":\"ListItem\",\"@id\":\"https:\\\/\\\/www.eldigitaldeasturias.com\\\/noticias\\\/mercedes-fernandez-ve-sensatez-en-rajoy-y-frivolidad-en-pedro-sanchez\\\/#listItem\",\"name\":\"Mercedes Fern\\u00e1ndez ve \\u00absensatez\\u00bb en Rajoy y \\u00abfrivolidad\\u00bb en Pedro S\\u00e1nchez\"},\"previousItem\":{\"@type\":\"ListItem\",\"@id\":\"https:\\\/\\\/www.eldigitaldeasturias.com\\\/noticias#listItem\",\"name\":\"Home\"}},{\"@type\":\"ListItem\",\"@id\":\"https:\\\/\\\/www.eldigitaldeasturias.com\\\/noticias\\\/mercedes-fernandez-ve-sensatez-en-rajoy-y-frivolidad-en-pedro-sanchez\\\/#listItem\",\"position\":3,\"name\":\"Mercedes Fern\\u00e1ndez ve \\u00absensatez\\u00bb en Rajoy y \\u00abfrivolidad\\u00bb en Pedro S\\u00e1nchez\",\"previousItem\":{\"@type\":\"ListItem\",\"@id\":\"https:\\\/\\\/www.eldigitaldeasturias.com\\\/noticias\\\/category\\\/actualidad-asturias\\\/#listItem\",\"name\":\"Actualidad Asturias\"}}]},{\"@type\":\"Organization\",\"@id\":\"https:\\\/\\\/www.eldigitaldeasturias.com\\\/noticias\\\/#organization\",\"name\":\"El Digital de Asturias\",\"description\":\"Hemeroteca\",\"url\":\"https:\\\/\\\/www.eldigitaldeasturias.com\\\/noticias\\\/\",\"email\":\"info@eldigitaldeasturias.com\",\"telephone\":\"+34652131393\",\"logo\":{\"@type\":\"ImageObject\",\"url\":\"https:\\\/\\\/www.eldigitaldeasturias.com\\\/noticias\\\/wp-content\\\/uploads\\\/2020\\\/12\\\/EDA.jpg\",\"@id\":\"https:\\\/\\\/www.eldigitaldeasturias.com\\\/noticias\\\/mercedes-fernandez-ve-sensatez-en-rajoy-y-frivolidad-en-pedro-sanchez\\\/#organizationLogo\",\"width\":649,\"height\":297},\"image\":{\"@id\":\"https:\\\/\\\/www.eldigitaldeasturias.com\\\/noticias\\\/mercedes-fernandez-ve-sensatez-en-rajoy-y-frivolidad-en-pedro-sanchez\\\/#organizationLogo\"},\"sameAs\":[\"https:\\\/\\\/facebook.com\\\/eldigitaldeasturias\",\"https:\\\/\\\/www.youtube.com\\\/channel\\\/UCZP-2wLEB9Rv6erhFmqVnvg\"],\"address\":{\"@id\":\"https:\\\/\\\/www.eldigitaldeasturias.com\\\/noticias\\\/#postaladdress\",\"@type\":\"PostalAddress\",\"streetAddress\":\"san antonio 4,\",\"postalCode\":\"33430\",\"addressLocality\":\"Cand\\u00e1s\",\"addressRegion\":\"Asturias\",\"addressCountry\":\"ES\"}},{\"@type\":\"Person\",\"@id\":\"https:\\\/\\\/www.eldigitaldeasturias.com\\\/noticias\\\/author\\\/admin\\\/#author\",\"url\":\"https:\\\/\\\/www.eldigitaldeasturias.com\\\/noticias\\\/author\\\/admin\\\/\",\"name\":\"El Digital de Asturias\",\"image\":{\"@type\":\"ImageObject\",\"@id\":\"https:\\\/\\\/www.eldigitaldeasturias.com\\\/noticias\\\/mercedes-fernandez-ve-sensatez-en-rajoy-y-frivolidad-en-pedro-sanchez\\\/#authorImage\",\"url\":\"https:\\\/\\\/www.eldigitaldeasturias.com\\\/noticias\\\/wp-content\\\/litespeed\\\/avatar\\\/18677e78aa0546b92d9dbf31ec7d7668.jpg?ver=1777290358\",\"width\":96,\"height\":96,\"caption\":\"El Digital de Asturias\"}},{\"@type\":\"WebPage\",\"@id\":\"https:\\\/\\\/www.eldigitaldeasturias.com\\\/noticias\\\/mercedes-fernandez-ve-sensatez-en-rajoy-y-frivolidad-en-pedro-sanchez\\\/#webpage\",\"url\":\"https:\\\/\\\/www.eldigitaldeasturias.com\\\/noticias\\\/mercedes-fernandez-ve-sensatez-en-rajoy-y-frivolidad-en-pedro-sanchez\\\/\",\"name\":\"Mercedes Fern\\u00e1ndez ve \\u00absensatez\\u00bb en Rajoy y \\u00abfrivolidad\\u00bb en Pedro S\\u00e1nchez - El Digital de Asturias\",\"description\":\"La presidenta del PP de Asturias, Mercedes Fern\\u00e1ndez, ha criticado este mi\\u00e9rcoles la \\\"frivolidad\\\" del secretario general del PSOE, Pedro S\\u00e1nchez, que ha contrapuesto a la \\\"sensatez\\\" del actual presidente en funciones, Mariano Rajoy. \\\"Ayer me sorprend\\u00eda el aspecto tan risue\\u00f1o de Pedro S\\u00e1nchez ante los medios de comunicaci\\u00f3n, en una situaci\\u00f3n pol\\u00edtica de tanta\",\"inLanguage\":\"es-ES\",\"isPartOf\":{\"@id\":\"https:\\\/\\\/www.eldigitaldeasturias.com\\\/noticias\\\/#website\"},\"breadcrumb\":{\"@id\":\"https:\\\/\\\/www.eldigitaldeasturias.com\\\/noticias\\\/mercedes-fernandez-ve-sensatez-en-rajoy-y-frivolidad-en-pedro-sanchez\\\/#breadcrumblist\"},\"author\":{\"@id\":\"https:\\\/\\\/www.eldigitaldeasturias.com\\\/noticias\\\/author\\\/admin\\\/#author\"},\"creator\":{\"@id\":\"https:\\\/\\\/www.eldigitaldeasturias.com\\\/noticias\\\/author\\\/admin\\\/#author\"},\"image\":{\"@type\":\"ImageObject\",\"url\":\"https:\\\/\\\/www.eldigitaldeasturias.com\\\/noticias\\\/wp-content\\\/uploads\\\/2016\\\/02\\\/fotonoticia_20160203131417_800.jpg\",\"@id\":\"https:\\\/\\\/www.eldigitaldeasturias.com\\\/noticias\\\/mercedes-fernandez-ve-sensatez-en-rajoy-y-frivolidad-en-pedro-sanchez\\\/#mainImage\",\"width\":800,\"height\":534},\"primaryImageOfPage\":{\"@id\":\"https:\\\/\\\/www.eldigitaldeasturias.com\\\/noticias\\\/mercedes-fernandez-ve-sensatez-en-rajoy-y-frivolidad-en-pedro-sanchez\\\/#mainImage\"},\"datePublished\":\"2016-02-03T17:51:16+01:00\",\"dateModified\":\"2016-02-03T17:51:16+01:00\"},{\"@type\":\"WebSite\",\"@id\":\"https:\\\/\\\/www.eldigitaldeasturias.com\\\/noticias\\\/#website\",\"url\":\"https:\\\/\\\/www.eldigitaldeasturias.com\\\/noticias\\\/\",\"name\":\"El Digital de Asturias - Diario de actualidad y noticias\",\"alternateName\":\"El Digital de Asturias - Diario de actualidad y noticias\",\"description\":\"Hemeroteca\",\"inLanguage\":\"es-ES\",\"publisher\":{\"@id\":\"https:\\\/\\\/www.eldigitaldeasturias.com\\\/noticias\\\/#organization\"}}]}\n\t\t<\/script>\n\t\t<!-- All in One SEO Pro -->\r\n\t\t<title>Mercedes Fern\u00e1ndez ve \u00absensatez\u00bb en Rajoy y \u00abfrivolidad\u00bb en Pedro S\u00e1nchez - El Digital de Asturias<\/title>\n\n","aioseo_head_json":{"title":"Mercedes Fern\u00e1ndez ve \u00absensatez\u00bb en Rajoy y \u00abfrivolidad\u00bb en Pedro S\u00e1nchez - El Digital de Asturias","description":"La presidenta del PP de Asturias, Mercedes Fern\u00e1ndez, ha criticado este mi\u00e9rcoles la \"frivolidad\" del secretario general del PSOE, Pedro S\u00e1nchez, que ha contrapuesto a la \"sensatez\" del actual presidente en funciones, Mariano Rajoy. \"Ayer me sorprend\u00eda el aspecto tan risue\u00f1o de Pedro S\u00e1nchez ante los medios de comunicaci\u00f3n, en una situaci\u00f3n pol\u00edtica de tanta","canonical_url":"https:\/\/www.eldigitaldeasturias.com\/noticias\/mercedes-fernandez-ve-sensatez-en-rajoy-y-frivolidad-en-pedro-sanchez\/","robots":"max-image-preview:large","keywords":"actualidad asturias","webmasterTools":{"google-site-verification":"UA-38556648-1","msvalidate.01":"7dfe9f3f1b24437ab69f4f2559babe99","miscellaneous":""},"schema":{"@context":"https:\/\/schema.org","@graph":[{"@type":"BlogPosting","@id":"https:\/\/www.eldigitaldeasturias.com\/noticias\/mercedes-fernandez-ve-sensatez-en-rajoy-y-frivolidad-en-pedro-sanchez\/#blogposting","name":"Mercedes Fern\u00e1ndez ve \u00absensatez\u00bb en Rajoy y \u00abfrivolidad\u00bb en Pedro S\u00e1nchez - El Digital de Asturias","headline":"Mercedes Fern\u00e1ndez ve \u00absensatez\u00bb en Rajoy y \u00abfrivolidad\u00bb en Pedro S\u00e1nchez","author":{"@id":"https:\/\/www.eldigitaldeasturias.com\/noticias\/author\/admin\/#author"},"publisher":{"@id":"https:\/\/www.eldigitaldeasturias.com\/noticias\/#organization"},"image":{"@type":"ImageObject","url":"https:\/\/www.eldigitaldeasturias.com\/noticias\/wp-content\/uploads\/2016\/02\/fotonoticia_20160203131417_800.jpg","width":800,"height":534},"datePublished":"2016-02-03T17:51:16+01:00","dateModified":"2016-02-03T17:51:16+01:00","inLanguage":"es-ES","mainEntityOfPage":{"@id":"https:\/\/www.eldigitaldeasturias.com\/noticias\/mercedes-fernandez-ve-sensatez-en-rajoy-y-frivolidad-en-pedro-sanchez\/#webpage"},"isPartOf":{"@id":"https:\/\/www.eldigitaldeasturias.com\/noticias\/mercedes-fernandez-ve-sensatez-en-rajoy-y-frivolidad-en-pedro-sanchez\/#webpage"},"articleSection":"Actualidad Asturias"},{"@type":"BreadcrumbList","@id":"https:\/\/www.eldigitaldeasturias.com\/noticias\/mercedes-fernandez-ve-sensatez-en-rajoy-y-frivolidad-en-pedro-sanchez\/#breadcrumblist","itemListElement":[{"@type":"ListItem","@id":"https:\/\/www.eldigitaldeasturias.com\/noticias#listItem","position":1,"name":"Home","item":"https:\/\/www.eldigitaldeasturias.com\/noticias","nextItem":{"@type":"ListItem","@id":"https:\/\/www.eldigitaldeasturias.com\/noticias\/category\/actualidad-asturias\/#listItem","name":"Actualidad Asturias"}},{"@type":"ListItem","@id":"https:\/\/www.eldigitaldeasturias.com\/noticias\/category\/actualidad-asturias\/#listItem","position":2,"name":"Actualidad Asturias","item":"https:\/\/www.eldigitaldeasturias.com\/noticias\/category\/actualidad-asturias\/","nextItem":{"@type":"ListItem","@id":"https:\/\/www.eldigitaldeasturias.com\/noticias\/mercedes-fernandez-ve-sensatez-en-rajoy-y-frivolidad-en-pedro-sanchez\/#listItem","name":"Mercedes Fern\u00e1ndez ve \u00absensatez\u00bb en Rajoy y \u00abfrivolidad\u00bb en Pedro S\u00e1nchez"},"previousItem":{"@type":"ListItem","@id":"https:\/\/www.eldigitaldeasturias.com\/noticias#listItem","name":"Home"}},{"@type":"ListItem","@id":"https:\/\/www.eldigitaldeasturias.com\/noticias\/mercedes-fernandez-ve-sensatez-en-rajoy-y-frivolidad-en-pedro-sanchez\/#listItem","position":3,"name":"Mercedes Fern\u00e1ndez ve \u00absensatez\u00bb en Rajoy y \u00abfrivolidad\u00bb en Pedro S\u00e1nchez","previousItem":{"@type":"ListItem","@id":"https:\/\/www.eldigitaldeasturias.com\/noticias\/category\/actualidad-asturias\/#listItem","name":"Actualidad Asturias"}}]},{"@type":"Organization","@id":"https:\/\/www.eldigitaldeasturias.com\/noticias\/#organization","name":"El Digital de Asturias","description":"Hemeroteca","url":"https:\/\/www.eldigitaldeasturias.com\/noticias\/","email":"info@eldigitaldeasturias.com","telephone":"+34652131393","logo":{"@type":"ImageObject","url":"https:\/\/www.eldigitaldeasturias.com\/noticias\/wp-content\/uploads\/2020\/12\/EDA.jpg","@id":"https:\/\/www.eldigitaldeasturias.com\/noticias\/mercedes-fernandez-ve-sensatez-en-rajoy-y-frivolidad-en-pedro-sanchez\/#organizationLogo","width":649,"height":297},"image":{"@id":"https:\/\/www.eldigitaldeasturias.com\/noticias\/mercedes-fernandez-ve-sensatez-en-rajoy-y-frivolidad-en-pedro-sanchez\/#organizationLogo"},"sameAs":["https:\/\/facebook.com\/eldigitaldeasturias","https:\/\/www.youtube.com\/channel\/UCZP-2wLEB9Rv6erhFmqVnvg"],"address":{"@id":"https:\/\/www.eldigitaldeasturias.com\/noticias\/#postaladdress","@type":"PostalAddress","streetAddress":"san antonio 4,","postalCode":"33430","addressLocality":"Cand\u00e1s","addressRegion":"Asturias","addressCountry":"ES"}},{"@type":"Person","@id":"https:\/\/www.eldigitaldeasturias.com\/noticias\/author\/admin\/#author","url":"https:\/\/www.eldigitaldeasturias.com\/noticias\/author\/admin\/","name":"El Digital de Asturias","image":{"@type":"ImageObject","@id":"https:\/\/www.eldigitaldeasturias.com\/noticias\/mercedes-fernandez-ve-sensatez-en-rajoy-y-frivolidad-en-pedro-sanchez\/#authorImage","url":"https:\/\/www.eldigitaldeasturias.com\/noticias\/wp-content\/litespeed\/avatar\/18677e78aa0546b92d9dbf31ec7d7668.jpg?ver=1777290358","width":96,"height":96,"caption":"El Digital de Asturias"}},{"@type":"WebPage","@id":"https:\/\/www.eldigitaldeasturias.com\/noticias\/mercedes-fernandez-ve-sensatez-en-rajoy-y-frivolidad-en-pedro-sanchez\/#webpage","url":"https:\/\/www.eldigitaldeasturias.com\/noticias\/mercedes-fernandez-ve-sensatez-en-rajoy-y-frivolidad-en-pedro-sanchez\/","name":"Mercedes Fern\u00e1ndez ve \u00absensatez\u00bb en Rajoy y \u00abfrivolidad\u00bb en Pedro S\u00e1nchez - El Digital de Asturias","description":"La presidenta del PP de Asturias, Mercedes Fern\u00e1ndez, ha criticado este mi\u00e9rcoles la \"frivolidad\" del secretario general del PSOE, Pedro S\u00e1nchez, que ha contrapuesto a la \"sensatez\" del actual presidente en funciones, Mariano Rajoy. \"Ayer me sorprend\u00eda el aspecto tan risue\u00f1o de Pedro S\u00e1nchez ante los medios de comunicaci\u00f3n, en una situaci\u00f3n pol\u00edtica de tanta","inLanguage":"es-ES","isPartOf":{"@id":"https:\/\/www.eldigitaldeasturias.com\/noticias\/#website"},"breadcrumb":{"@id":"https:\/\/www.eldigitaldeasturias.com\/noticias\/mercedes-fernandez-ve-sensatez-en-rajoy-y-frivolidad-en-pedro-sanchez\/#breadcrumblist"},"author":{"@id":"https:\/\/www.eldigitaldeasturias.com\/noticias\/author\/admin\/#author"},"creator":{"@id":"https:\/\/www.eldigitaldeasturias.com\/noticias\/author\/admin\/#author"},"image":{"@type":"ImageObject","url":"https:\/\/www.eldigitaldeasturias.com\/noticias\/wp-content\/uploads\/2016\/02\/fotonoticia_20160203131417_800.jpg","@id":"https:\/\/www.eldigitaldeasturias.com\/noticias\/mercedes-fernandez-ve-sensatez-en-rajoy-y-frivolidad-en-pedro-sanchez\/#mainImage","width":800,"height":534},"primaryImageOfPage":{"@id":"https:\/\/www.eldigitaldeasturias.com\/noticias\/mercedes-fernandez-ve-sensatez-en-rajoy-y-frivolidad-en-pedro-sanchez\/#mainImage"},"datePublished":"2016-02-03T17:51:16+01:00","dateModified":"2016-02-03T17:51:16+01:00"},{"@type":"WebSite","@id":"https:\/\/www.eldigitaldeasturias.com\/noticias\/#website","url":"https:\/\/www.eldigitaldeasturias.com\/noticias\/","name":"El Digital de Asturias - Diario de actualidad y noticias","alternateName":"El Digital de Asturias - Diario de actualidad y noticias","description":"Hemeroteca","inLanguage":"es-ES","publisher":{"@id":"https:\/\/www.eldigitaldeasturias.com\/noticias\/#organization"}}]},"og:locale":"es_ES","og:site_name":"El Digital de Asturias","og:type":"article","og:title":"Mercedes Fern\u00e1ndez ve \u00absensatez\u00bb en Rajoy y \u00abfrivolidad\u00bb en Pedro S\u00e1nchez - El Digital de Asturias","og:description":"La presidenta del PP de Asturias, Mercedes Fern\u00e1ndez, ha criticado este mi\u00e9rcoles la &quot;frivolidad&quot; del secretario general del PSOE, Pedro S\u00e1nchez, que ha contrapuesto a la &quot;sensatez&quot; del actual presidente en funciones, Mariano Rajoy. &quot;Ayer me sorprend\u00eda el aspecto tan risue\u00f1o de Pedro S\u00e1nchez ante los medios de comunicaci\u00f3n, en una situaci\u00f3n pol\u00edtica de tanta","og:url":"https:\/\/www.eldigitaldeasturias.com\/noticias\/mercedes-fernandez-ve-sensatez-en-rajoy-y-frivolidad-en-pedro-sanchez\/","og:image":"https:\/\/www.eldigitaldeasturias.com\/noticias\/wp-content\/uploads\/2016\/02\/fotonoticia_20160203131417_800.jpg","og:image:secure_url":"https:\/\/www.eldigitaldeasturias.com\/noticias\/wp-content\/uploads\/2016\/02\/fotonoticia_20160203131417_800.jpg","og:image:width":800,"og:image:height":534,"article:tag":["actualidad asturias"],"article:published_time":"2016-02-03T17:51:16+00:00","article:modified_time":"2016-02-03T17:51:16+00:00","article:publisher":"https:\/\/facebook.com\/eldigitaldeasturias","twitter:card":"summary_large_image","twitter:title":"Mercedes Fern\u00e1ndez ve \u00absensatez\u00bb en Rajoy y \u00abfrivolidad\u00bb en Pedro S\u00e1nchez - El Digital de Asturias","twitter:description":"La presidenta del PP de Asturias, Mercedes Fern\u00e1ndez, ha criticado este mi\u00e9rcoles la &quot;frivolidad&quot; del secretario general del PSOE, Pedro S\u00e1nchez, que ha contrapuesto a la &quot;sensatez&quot; del actual presidente en funciones, Mariano Rajoy. &quot;Ayer me sorprend\u00eda el aspecto tan risue\u00f1o de Pedro S\u00e1nchez ante los medios de comunicaci\u00f3n, en una situaci\u00f3n pol\u00edtica de tanta","twitter:image":"https:\/\/www.eldigitaldeasturias.com\/noticias\/wp-content\/uploads\/2016\/02\/fotonoticia_20160203131417_800.jpg","twitter:label1":"Escrito por","twitter:data1":"El Digital de Asturias","twitter:label2":"Tiempo de lectura estimado","twitter:data2":"1 minuto"},"aioseo_meta_data":{"post_id":"853479","title":null,"description":null,"keywords":null,"keyphrases":null,"primary_term":null,"canonical_url":null,"og_title":null,"og_description":null,"og_object_type":"default","og_image_type":"default","og_image_url":null,"og_image_width":null,"og_image_height":null,"og_image_custom_url":null,"og_image_custom_fields":null,"og_video":null,"og_custom_url":null,"og_article_section":null,"og_article_tags":null,"twitter_use_og":false,"twitter_card":"default","twitter_image_type":"default","twitter_image_url":null,"twitter_image_custom_url":null,"twitter_image_custom_fields":null,"twitter_title":null,"twitter_description":null,"schema":{"blockGraphs":[],"customGraphs":[],"default":{"data":{"Article":[],"Course":[],"Dataset":[],"FAQPage":[],"Movie":[],"Person":[],"Product":[],"ProductReview":[],"Car":[],"Recipe":[],"Service":[],"SoftwareApplication":[],"WebPage":[]},"graphName":"","isEnabled":true},"graphs":[],"defaultGraph":"","defaultPostTypeGraph":""},"schema_type":null,"schema_type_options":null,"pillar_content":false,"robots_default":true,"robots_noindex":false,"robots_noarchive":false,"robots_nosnippet":false,"robots_nofollow":false,"robots_noimageindex":false,"robots_noodp":false,"robots_notranslate":false,"robots_max_snippet":null,"robots_max_videopreview":null,"robots_max_imagepreview":"large","priority":null,"frequency":null,"local_seo":null,"seo_analyzer_scan_date":"2025-12-09 18:10:00","breadcrumb_settings":null,"limit_modified_date":false,"open_ai":null,"ai":null,"created":"2021-01-23 14:08:12","updated":"2025-12-09 18:10:00"},"aioseo_breadcrumb":"<div class=\"aioseo-breadcrumbs\"><span class=\"aioseo-breadcrumb\">\n\t<a href=\"https:\/\/www.eldigitaldeasturias.com\/noticias\" title=\"Home\">Home<\/a>\n<\/span><span class=\"aioseo-breadcrumb-separator\">\u2013<\/span><span class=\"aioseo-breadcrumb\">\n\t<a href=\"https:\/\/www.eldigitaldeasturias.com\/noticias\/category\/actualidad-asturias\/\" title=\"Actualidad Asturias\">Actualidad Asturias<\/a>\n<\/span><span class=\"aioseo-breadcrumb-separator\">\u2013<\/span><span class=\"aioseo-breadcrumb\">\n\t<a href=\"https:\/\/www.eldigitaldeasturias.com\/noticias\/mercedes-fernandez-ve-sensatez-en-rajoy-y-frivolidad-en-pedro-sanchez\/\" title=\"Mercedes Fern\u00e1ndez ve \u00absensatez\u00bb en Rajoy y \u00abfrivolidad\u00bb en Pedro S\u00e1nchez\">Mercedes Fern\u00e1ndez ve \u00absensatez\u00bb en Rajoy y \u00abfrivolidad\u00bb en Pedro S\u00e1nchez<\/a>\n<\/span><\/div>","aioseo_breadcrumb_json":[{"label":"Home","link":"https:\/\/www.eldigitaldeasturias.com\/noticias"},{"label":"Actualidad Asturias","link":"https:\/\/www.eldigitaldeasturias.com\/noticias\/category\/actualidad-asturias\/"},{"label":"Mercedes Fern\u00e1ndez ve \u00absensatez\u00bb en Rajoy y \u00abfrivolidad\u00bb en Pedro S\u00e1nchez","link":"https:\/\/www.eldigitaldeasturias.com\/noticias\/mercedes-fernandez-ve-sensatez-en-rajoy-y-frivolidad-en-pedro-sanchez\/"}],"_links":{"self":[{"href":"https:\/\/www.eldigitaldeasturias.com\/noticias\/wp-json\/wp\/v2\/posts\/853479","targetHints":{"allow":["GET"]}}],"collection":[{"href":"https:\/\/www.eldigitaldeasturias.com\/noticias\/wp-json\/wp\/v2\/posts"}],"about":[{"href":"https:\/\/www.eldigitaldeasturias.com\/noticias\/wp-json\/wp\/v2\/types\/post"}],"author":[{"embeddable":true,"href":"https:\/\/www.eldigitaldeasturias.com\/noticias\/wp-json\/wp\/v2\/users\/1"}],"replies":[{"embeddable":true,"href":"https:\/\/www.eldigitaldeasturias.com\/noticias\/wp-json\/wp\/v2\/comments?post=853479"}],"version-history":[{"count":0,"href":"https:\/\/www.eldigitaldeasturias.com\/noticias\/wp-json\/wp\/v2\/posts\/853479\/revisions"}],"wp:featuredmedia":[{"embeddable":true,"href":"https:\/\/www.eldigitaldeasturias.com\/noticias\/wp-json\/wp\/v2\/media\/853480"}],"wp:attachment":[{"href":"https:\/\/www.eldigitaldeasturias.com\/noticias\/wp-json\/wp\/v2\/media?parent=853479"}],"wp:term":[{"taxonomy":"category","embeddable":true,"href":"https:\/\/www.eldigitaldeasturias.com\/noticias\/wp-json\/wp\/v2\/categories?post=853479"},{"taxonomy":"post_tag","embeddable":true,"href":"https:\/\/www.eldigitaldeasturias.com\/noticias\/wp-json\/wp\/v2\/tags?post=853479"}],"curies":[{"name":"wp","href":"https:\/\/api.w.org\/{rel}","templated":true}]}}