{"id":853476,"date":"2016-02-03T17:49:59","date_gmt":"2016-02-03T17:49:59","guid":{"rendered":"http:\/\/www.eldigitaldeasturias.com\/noticias\/?p=853476"},"modified":"2016-02-03T17:49:59","modified_gmt":"2016-02-03T17:49:59","slug":"couto-espera-que-fructifiquen-las-negociaciones-para-que-verallia-de-carga-de-trabajo-a-gijon-fabril","status":"publish","type":"post","link":"https:\/\/www.eldigitaldeasturias.com\/noticias\/couto-espera-que-fructifiquen-las-negociaciones-para-que-verallia-de-carga-de-trabajo-a-gijon-fabril\/","title":{"rendered":"Couto espera que fructifiquen las negociaciones para que Verallia d\u00e9 carga de trabajo a Gij\u00f3n Fabril"},"content":{"rendered":"<p><img loading=\"lazy\" decoding=\"async\" class=\"alignleft size-medium wp-image-853477\" src=\"https:\/\/www.eldigitaldeasturias.com\/noticias\/wp-content\/uploads\/2016\/02\/fotonoticia_20160203131413_800-360x270.jpg\" alt=\"fotonoticia_20160203131413_800\" width=\"360\" height=\"270\" srcset=\"https:\/\/www.eldigitaldeasturias.com\/noticias\/wp-content\/uploads\/2016\/02\/fotonoticia_20160203131413_800-360x270.jpg 360w, https:\/\/www.eldigitaldeasturias.com\/noticias\/wp-content\/uploads\/2016\/02\/fotonoticia_20160203131413_800-768x576.jpg 768w, https:\/\/www.eldigitaldeasturias.com\/noticias\/wp-content\/uploads\/2016\/02\/fotonoticia_20160203131413_800-650x488.jpg 650w, https:\/\/www.eldigitaldeasturias.com\/noticias\/wp-content\/uploads\/2016\/02\/fotonoticia_20160203131413_800-125x95.jpg 125w, https:\/\/www.eldigitaldeasturias.com\/noticias\/wp-content\/uploads\/2016\/02\/fotonoticia_20160203131413_800-100x75.jpg 100w, https:\/\/www.eldigitaldeasturias.com\/noticias\/wp-content\/uploads\/2016\/02\/fotonoticia_20160203131413_800.jpg 800w\" sizes=\"auto, (max-width: 360px) 100vw, 360px\" \/>El portavoz del Gobierno local en el Ayuntamiento de Gij\u00f3n, Fernando Couto (Foro), ha mostrado este mi\u00e9rcoles su esperanza a que los contactos que se est\u00e1n manteniendo con la empresa Verallia fructifiquen en los pr\u00f3ximos d\u00edas y pueda dar lugar a carga de trabajo a Gij\u00f3n Fabril, con la que ganar un tiempo que favorezca la b\u00fasqueda de un inversor que evite el cierre de la planta.<\/p>\n<p>As\u00ed lo ha indicado durante un acto conjunto de todos los portavoces municipales para dar apoyo a la manifestaci\u00f3n convocada por la plantilla de Gij\u00f3n Fabril para este jueves. En el acto, han participado tambi\u00e9n representantes de los trabajadores de Gij\u00f3n Fabril, uno de los cuales ha le\u00eddo un comunicado en el mismo sentido.<\/p>\n<p>Couto, asimismo, ha explicado, dentro de la prudencia para no avanzar muchos detalles, que Verallia, pese a las reticencias iniciales a no hablar m\u00e1s que con el propietario, atienda al administrador concursal. Se busca, seg\u00fan el portavoz municipal, que Verallia reconsidere su situaci\u00f3n y acepte que el Principado y Ayuntamiento le den a conocer la realidad de la plantilla y de la planta. Por el momento, est\u00e1n manteniendo contactos telef\u00f3nicos con Verallia.<\/p>\n<p>\u00abEn 15 d\u00edas estar\u00edamos de brazos cruzados\u00bb, ha resaltado en este sentido el portavoz de los trabajadores de Gij\u00f3n Fabril, Daniel Reguera Gancedo, sobre la carga de trabajo que a\u00fan tienen en la factor\u00eda. Reguera ha incidido en que los responsables de ventas de Verallia no quieren reunirse con ellos.<\/p>\n<p>Este ha hecho un llamamiento a la ciudadan\u00eda para que participe en la manifestaci\u00f3n convocada, que partir\u00e1 a las 17.00 horas de la f\u00e1brica hasta el Ayuntamiento, a donde estiman llegar a las 20.00 horas. Por el camino, har\u00e1n una parada en Tenneco, donde se unir\u00e1n trabajadores de esta f\u00e1brica que en su d\u00eda lograron la reapertura de la factor\u00eda.<\/p>\n<p>En el comunicado, se remarca que son momentos \u00abdif\u00edciles\u00bb para los 48 trabajadores de la plantilla de esta f\u00e1brica centenaria, al tiempo que se pide el apoyo de toda la ciudadan\u00eda y de los representantes pol\u00edticos. Quieren, asimismo, no solo mantener sus puestos de trabajo, sino que sirvan de ejemplo cuando llegue otro intento de cierre de otro empresa.<\/p>\n","protected":false},"excerpt":{"rendered":"<p>El portavoz del Gobierno local en el Ayuntamiento de Gij\u00f3n, Fernando Couto (Foro), ha mostrado este mi\u00e9rcoles su esperanza a que los contactos que se est\u00e1n manteniendo con la empresa Verallia fructifiquen en los pr\u00f3ximos d\u00edas y pueda dar lugar a carga de trabajo a Gij\u00f3n Fabril, con la que ganar un tiempo que favorezca [&hellip;]<\/p>\n","protected":false},"author":1,"featured_media":853477,"comment_status":"closed","ping_status":"closed","sticky":false,"template":"","format":"standard","meta":{"footnotes":""},"categories":[12],"tags":[],"class_list":["post-853476","post","type-post","status-publish","format-standard","has-post-thumbnail","hentry","category-actualidad-asturias"],"aioseo_notices":[],"aioseo_head":"\n\t\t<!-- All in One SEO Pro 4.9.6.2 - aioseo.com -->\n\t<meta name=\"description\" content=\"El portavoz del Gobierno local en el Ayuntamiento de Gij\u00f3n, Fernando Couto (Foro), ha mostrado este mi\u00e9rcoles su esperanza a que los contactos que se est\u00e1n manteniendo con la empresa Verallia fructifiquen en los pr\u00f3ximos d\u00edas y pueda dar lugar a carga de trabajo a Gij\u00f3n Fabril, con la que ganar un tiempo que favorezca\" \/>\n\t<meta name=\"robots\" content=\"max-image-preview:large\" \/>\n\t<meta name=\"author\" content=\"El Digital de Asturias\"\/>\n\t<meta name=\"google-site-verification\" content=\"UA-38556648-1\" \/>\n\t<meta name=\"msvalidate.01\" content=\"7dfe9f3f1b24437ab69f4f2559babe99\" \/>\n\t<meta name=\"keywords\" content=\"actualidad asturias\" \/>\n\t<link rel=\"canonical\" href=\"https:\/\/www.eldigitaldeasturias.com\/noticias\/couto-espera-que-fructifiquen-las-negociaciones-para-que-verallia-de-carga-de-trabajo-a-gijon-fabril\/\" \/>\n\t<meta name=\"generator\" content=\"All in One SEO Pro (AIOSEO) 4.9.6.2\" \/>\n\t\t<meta property=\"og:locale\" content=\"es_ES\" \/>\n\t\t<meta property=\"og:site_name\" content=\"El Digital de Asturias\" \/>\n\t\t<meta property=\"og:type\" content=\"article\" \/>\n\t\t<meta property=\"og:title\" content=\"Couto espera que fructifiquen las negociaciones para que Verallia d\u00e9 carga de trabajo a Gij\u00f3n Fabril - El Digital de Asturias\" \/>\n\t\t<meta property=\"og:description\" content=\"El portavoz del Gobierno local en el Ayuntamiento de Gij\u00f3n, Fernando Couto (Foro), ha mostrado este mi\u00e9rcoles su esperanza a que los contactos que se est\u00e1n manteniendo con la empresa Verallia fructifiquen en los pr\u00f3ximos d\u00edas y pueda dar lugar a carga de trabajo a Gij\u00f3n Fabril, con la que ganar un tiempo que favorezca\" \/>\n\t\t<meta property=\"og:url\" content=\"https:\/\/www.eldigitaldeasturias.com\/noticias\/couto-espera-que-fructifiquen-las-negociaciones-para-que-verallia-de-carga-de-trabajo-a-gijon-fabril\/\" \/>\n\t\t<meta property=\"og:image\" content=\"https:\/\/www.eldigitaldeasturias.com\/noticias\/wp-content\/uploads\/2016\/02\/fotonoticia_20160203131413_800.jpg\" \/>\n\t\t<meta property=\"og:image:secure_url\" content=\"https:\/\/www.eldigitaldeasturias.com\/noticias\/wp-content\/uploads\/2016\/02\/fotonoticia_20160203131413_800.jpg\" \/>\n\t\t<meta property=\"og:image:width\" content=\"800\" \/>\n\t\t<meta property=\"og:image:height\" content=\"600\" \/>\n\t\t<meta property=\"article:tag\" content=\"actualidad asturias\" \/>\n\t\t<meta property=\"article:published_time\" content=\"2016-02-03T17:49:59+00:00\" \/>\n\t\t<meta property=\"article:modified_time\" content=\"2016-02-03T17:49:59+00:00\" \/>\n\t\t<meta property=\"article:publisher\" content=\"https:\/\/facebook.com\/eldigitaldeasturias\" \/>\n\t\t<meta name=\"twitter:card\" content=\"summary_large_image\" \/>\n\t\t<meta name=\"twitter:title\" content=\"Couto espera que fructifiquen las negociaciones para que Verallia d\u00e9 carga de trabajo a Gij\u00f3n Fabril - El Digital de Asturias\" \/>\n\t\t<meta name=\"twitter:description\" content=\"El portavoz del Gobierno local en el Ayuntamiento de Gij\u00f3n, Fernando Couto (Foro), ha mostrado este mi\u00e9rcoles su esperanza a que los contactos que se est\u00e1n manteniendo con la empresa Verallia fructifiquen en los pr\u00f3ximos d\u00edas y pueda dar lugar a carga de trabajo a Gij\u00f3n Fabril, con la que ganar un tiempo que favorezca\" \/>\n\t\t<meta name=\"twitter:image\" content=\"https:\/\/www.eldigitaldeasturias.com\/noticias\/wp-content\/uploads\/2016\/02\/fotonoticia_20160203131413_800.jpg\" \/>\n\t\t<meta name=\"twitter:label1\" content=\"Escrito por\" \/>\n\t\t<meta name=\"twitter:data1\" content=\"El Digital de Asturias\" \/>\n\t\t<meta name=\"twitter:label2\" content=\"Tiempo de lectura estimado\" \/>\n\t\t<meta name=\"twitter:data2\" content=\"2 minutos\" \/>\n\t\t<script type=\"application\/ld+json\" class=\"aioseo-schema\">\n\t\t\t{\"@context\":\"https:\\\/\\\/schema.org\",\"@graph\":[{\"@type\":\"BlogPosting\",\"@id\":\"https:\\\/\\\/www.eldigitaldeasturias.com\\\/noticias\\\/couto-espera-que-fructifiquen-las-negociaciones-para-que-verallia-de-carga-de-trabajo-a-gijon-fabril\\\/#blogposting\",\"name\":\"Couto espera que fructifiquen las negociaciones para que Verallia d\\u00e9 carga de trabajo a Gij\\u00f3n Fabril - El Digital de Asturias\",\"headline\":\"Couto espera que fructifiquen las negociaciones para que Verallia d\\u00e9 carga de trabajo a Gij\\u00f3n Fabril\",\"author\":{\"@id\":\"https:\\\/\\\/www.eldigitaldeasturias.com\\\/noticias\\\/author\\\/admin\\\/#author\"},\"publisher\":{\"@id\":\"https:\\\/\\\/www.eldigitaldeasturias.com\\\/noticias\\\/#organization\"},\"image\":{\"@type\":\"ImageObject\",\"url\":\"https:\\\/\\\/www.eldigitaldeasturias.com\\\/noticias\\\/wp-content\\\/uploads\\\/2016\\\/02\\\/fotonoticia_20160203131413_800.jpg\",\"width\":800,\"height\":600},\"datePublished\":\"2016-02-03T17:49:59+01:00\",\"dateModified\":\"2016-02-03T17:49:59+01:00\",\"inLanguage\":\"es-ES\",\"mainEntityOfPage\":{\"@id\":\"https:\\\/\\\/www.eldigitaldeasturias.com\\\/noticias\\\/couto-espera-que-fructifiquen-las-negociaciones-para-que-verallia-de-carga-de-trabajo-a-gijon-fabril\\\/#webpage\"},\"isPartOf\":{\"@id\":\"https:\\\/\\\/www.eldigitaldeasturias.com\\\/noticias\\\/couto-espera-que-fructifiquen-las-negociaciones-para-que-verallia-de-carga-de-trabajo-a-gijon-fabril\\\/#webpage\"},\"articleSection\":\"Actualidad Asturias\"},{\"@type\":\"BreadcrumbList\",\"@id\":\"https:\\\/\\\/www.eldigitaldeasturias.com\\\/noticias\\\/couto-espera-que-fructifiquen-las-negociaciones-para-que-verallia-de-carga-de-trabajo-a-gijon-fabril\\\/#breadcrumblist\",\"itemListElement\":[{\"@type\":\"ListItem\",\"@id\":\"https:\\\/\\\/www.eldigitaldeasturias.com\\\/noticias#listItem\",\"position\":1,\"name\":\"Home\",\"item\":\"https:\\\/\\\/www.eldigitaldeasturias.com\\\/noticias\",\"nextItem\":{\"@type\":\"ListItem\",\"@id\":\"https:\\\/\\\/www.eldigitaldeasturias.com\\\/noticias\\\/category\\\/actualidad-asturias\\\/#listItem\",\"name\":\"Actualidad Asturias\"}},{\"@type\":\"ListItem\",\"@id\":\"https:\\\/\\\/www.eldigitaldeasturias.com\\\/noticias\\\/category\\\/actualidad-asturias\\\/#listItem\",\"position\":2,\"name\":\"Actualidad Asturias\",\"item\":\"https:\\\/\\\/www.eldigitaldeasturias.com\\\/noticias\\\/category\\\/actualidad-asturias\\\/\",\"nextItem\":{\"@type\":\"ListItem\",\"@id\":\"https:\\\/\\\/www.eldigitaldeasturias.com\\\/noticias\\\/couto-espera-que-fructifiquen-las-negociaciones-para-que-verallia-de-carga-de-trabajo-a-gijon-fabril\\\/#listItem\",\"name\":\"Couto espera que fructifiquen las negociaciones para que Verallia d\\u00e9 carga de trabajo a Gij\\u00f3n Fabril\"},\"previousItem\":{\"@type\":\"ListItem\",\"@id\":\"https:\\\/\\\/www.eldigitaldeasturias.com\\\/noticias#listItem\",\"name\":\"Home\"}},{\"@type\":\"ListItem\",\"@id\":\"https:\\\/\\\/www.eldigitaldeasturias.com\\\/noticias\\\/couto-espera-que-fructifiquen-las-negociaciones-para-que-verallia-de-carga-de-trabajo-a-gijon-fabril\\\/#listItem\",\"position\":3,\"name\":\"Couto espera que fructifiquen las negociaciones para que Verallia d\\u00e9 carga de trabajo a Gij\\u00f3n Fabril\",\"previousItem\":{\"@type\":\"ListItem\",\"@id\":\"https:\\\/\\\/www.eldigitaldeasturias.com\\\/noticias\\\/category\\\/actualidad-asturias\\\/#listItem\",\"name\":\"Actualidad Asturias\"}}]},{\"@type\":\"Organization\",\"@id\":\"https:\\\/\\\/www.eldigitaldeasturias.com\\\/noticias\\\/#organization\",\"name\":\"El Digital de Asturias\",\"description\":\"Hemeroteca\",\"url\":\"https:\\\/\\\/www.eldigitaldeasturias.com\\\/noticias\\\/\",\"email\":\"info@eldigitaldeasturias.com\",\"telephone\":\"+34652131393\",\"logo\":{\"@type\":\"ImageObject\",\"url\":\"https:\\\/\\\/www.eldigitaldeasturias.com\\\/noticias\\\/wp-content\\\/uploads\\\/2020\\\/12\\\/EDA.jpg\",\"@id\":\"https:\\\/\\\/www.eldigitaldeasturias.com\\\/noticias\\\/couto-espera-que-fructifiquen-las-negociaciones-para-que-verallia-de-carga-de-trabajo-a-gijon-fabril\\\/#organizationLogo\",\"width\":649,\"height\":297},\"image\":{\"@id\":\"https:\\\/\\\/www.eldigitaldeasturias.com\\\/noticias\\\/couto-espera-que-fructifiquen-las-negociaciones-para-que-verallia-de-carga-de-trabajo-a-gijon-fabril\\\/#organizationLogo\"},\"sameAs\":[\"https:\\\/\\\/facebook.com\\\/eldigitaldeasturias\",\"https:\\\/\\\/www.youtube.com\\\/channel\\\/UCZP-2wLEB9Rv6erhFmqVnvg\"],\"address\":{\"@id\":\"https:\\\/\\\/www.eldigitaldeasturias.com\\\/noticias\\\/#postaladdress\",\"@type\":\"PostalAddress\",\"streetAddress\":\"san antonio 4,\",\"postalCode\":\"33430\",\"addressLocality\":\"Cand\\u00e1s\",\"addressRegion\":\"Asturias\",\"addressCountry\":\"ES\"}},{\"@type\":\"Person\",\"@id\":\"https:\\\/\\\/www.eldigitaldeasturias.com\\\/noticias\\\/author\\\/admin\\\/#author\",\"url\":\"https:\\\/\\\/www.eldigitaldeasturias.com\\\/noticias\\\/author\\\/admin\\\/\",\"name\":\"El Digital de Asturias\",\"image\":{\"@type\":\"ImageObject\",\"@id\":\"https:\\\/\\\/www.eldigitaldeasturias.com\\\/noticias\\\/couto-espera-que-fructifiquen-las-negociaciones-para-que-verallia-de-carga-de-trabajo-a-gijon-fabril\\\/#authorImage\",\"url\":\"https:\\\/\\\/www.eldigitaldeasturias.com\\\/noticias\\\/wp-content\\\/litespeed\\\/avatar\\\/18677e78aa0546b92d9dbf31ec7d7668.jpg?ver=1777290358\",\"width\":96,\"height\":96,\"caption\":\"El Digital de Asturias\"}},{\"@type\":\"WebPage\",\"@id\":\"https:\\\/\\\/www.eldigitaldeasturias.com\\\/noticias\\\/couto-espera-que-fructifiquen-las-negociaciones-para-que-verallia-de-carga-de-trabajo-a-gijon-fabril\\\/#webpage\",\"url\":\"https:\\\/\\\/www.eldigitaldeasturias.com\\\/noticias\\\/couto-espera-que-fructifiquen-las-negociaciones-para-que-verallia-de-carga-de-trabajo-a-gijon-fabril\\\/\",\"name\":\"Couto espera que fructifiquen las negociaciones para que Verallia d\\u00e9 carga de trabajo a Gij\\u00f3n Fabril - El Digital de Asturias\",\"description\":\"El portavoz del Gobierno local en el Ayuntamiento de Gij\\u00f3n, Fernando Couto (Foro), ha mostrado este mi\\u00e9rcoles su esperanza a que los contactos que se est\\u00e1n manteniendo con la empresa Verallia fructifiquen en los pr\\u00f3ximos d\\u00edas y pueda dar lugar a carga de trabajo a Gij\\u00f3n Fabril, con la que ganar un tiempo que favorezca\",\"inLanguage\":\"es-ES\",\"isPartOf\":{\"@id\":\"https:\\\/\\\/www.eldigitaldeasturias.com\\\/noticias\\\/#website\"},\"breadcrumb\":{\"@id\":\"https:\\\/\\\/www.eldigitaldeasturias.com\\\/noticias\\\/couto-espera-que-fructifiquen-las-negociaciones-para-que-verallia-de-carga-de-trabajo-a-gijon-fabril\\\/#breadcrumblist\"},\"author\":{\"@id\":\"https:\\\/\\\/www.eldigitaldeasturias.com\\\/noticias\\\/author\\\/admin\\\/#author\"},\"creator\":{\"@id\":\"https:\\\/\\\/www.eldigitaldeasturias.com\\\/noticias\\\/author\\\/admin\\\/#author\"},\"image\":{\"@type\":\"ImageObject\",\"url\":\"https:\\\/\\\/www.eldigitaldeasturias.com\\\/noticias\\\/wp-content\\\/uploads\\\/2016\\\/02\\\/fotonoticia_20160203131413_800.jpg\",\"@id\":\"https:\\\/\\\/www.eldigitaldeasturias.com\\\/noticias\\\/couto-espera-que-fructifiquen-las-negociaciones-para-que-verallia-de-carga-de-trabajo-a-gijon-fabril\\\/#mainImage\",\"width\":800,\"height\":600},\"primaryImageOfPage\":{\"@id\":\"https:\\\/\\\/www.eldigitaldeasturias.com\\\/noticias\\\/couto-espera-que-fructifiquen-las-negociaciones-para-que-verallia-de-carga-de-trabajo-a-gijon-fabril\\\/#mainImage\"},\"datePublished\":\"2016-02-03T17:49:59+01:00\",\"dateModified\":\"2016-02-03T17:49:59+01:00\"},{\"@type\":\"WebSite\",\"@id\":\"https:\\\/\\\/www.eldigitaldeasturias.com\\\/noticias\\\/#website\",\"url\":\"https:\\\/\\\/www.eldigitaldeasturias.com\\\/noticias\\\/\",\"name\":\"El Digital de Asturias - Diario de actualidad y noticias\",\"alternateName\":\"El Digital de Asturias - Diario de actualidad y noticias\",\"description\":\"Hemeroteca\",\"inLanguage\":\"es-ES\",\"publisher\":{\"@id\":\"https:\\\/\\\/www.eldigitaldeasturias.com\\\/noticias\\\/#organization\"}}]}\n\t\t<\/script>\n\t\t<!-- All in One SEO Pro -->\r\n\t\t<title>Couto espera que fructifiquen las negociaciones para que Verallia d\u00e9 carga de trabajo a Gij\u00f3n Fabril - El Digital de Asturias<\/title>\n\n","aioseo_head_json":{"title":"Couto espera que fructifiquen las negociaciones para que Verallia d\u00e9 carga de trabajo a Gij\u00f3n Fabril - El Digital de Asturias","description":"El portavoz del Gobierno local en el Ayuntamiento de Gij\u00f3n, Fernando Couto (Foro), ha mostrado este mi\u00e9rcoles su esperanza a que los contactos que se est\u00e1n manteniendo con la empresa Verallia fructifiquen en los pr\u00f3ximos d\u00edas y pueda dar lugar a carga de trabajo a Gij\u00f3n Fabril, con la que ganar un tiempo que favorezca","canonical_url":"https:\/\/www.eldigitaldeasturias.com\/noticias\/couto-espera-que-fructifiquen-las-negociaciones-para-que-verallia-de-carga-de-trabajo-a-gijon-fabril\/","robots":"max-image-preview:large","keywords":"actualidad asturias","webmasterTools":{"google-site-verification":"UA-38556648-1","msvalidate.01":"7dfe9f3f1b24437ab69f4f2559babe99","miscellaneous":""},"schema":{"@context":"https:\/\/schema.org","@graph":[{"@type":"BlogPosting","@id":"https:\/\/www.eldigitaldeasturias.com\/noticias\/couto-espera-que-fructifiquen-las-negociaciones-para-que-verallia-de-carga-de-trabajo-a-gijon-fabril\/#blogposting","name":"Couto espera que fructifiquen las negociaciones para que Verallia d\u00e9 carga de trabajo a Gij\u00f3n Fabril - El Digital de Asturias","headline":"Couto espera que fructifiquen las negociaciones para que Verallia d\u00e9 carga de trabajo a Gij\u00f3n Fabril","author":{"@id":"https:\/\/www.eldigitaldeasturias.com\/noticias\/author\/admin\/#author"},"publisher":{"@id":"https:\/\/www.eldigitaldeasturias.com\/noticias\/#organization"},"image":{"@type":"ImageObject","url":"https:\/\/www.eldigitaldeasturias.com\/noticias\/wp-content\/uploads\/2016\/02\/fotonoticia_20160203131413_800.jpg","width":800,"height":600},"datePublished":"2016-02-03T17:49:59+01:00","dateModified":"2016-02-03T17:49:59+01:00","inLanguage":"es-ES","mainEntityOfPage":{"@id":"https:\/\/www.eldigitaldeasturias.com\/noticias\/couto-espera-que-fructifiquen-las-negociaciones-para-que-verallia-de-carga-de-trabajo-a-gijon-fabril\/#webpage"},"isPartOf":{"@id":"https:\/\/www.eldigitaldeasturias.com\/noticias\/couto-espera-que-fructifiquen-las-negociaciones-para-que-verallia-de-carga-de-trabajo-a-gijon-fabril\/#webpage"},"articleSection":"Actualidad Asturias"},{"@type":"BreadcrumbList","@id":"https:\/\/www.eldigitaldeasturias.com\/noticias\/couto-espera-que-fructifiquen-las-negociaciones-para-que-verallia-de-carga-de-trabajo-a-gijon-fabril\/#breadcrumblist","itemListElement":[{"@type":"ListItem","@id":"https:\/\/www.eldigitaldeasturias.com\/noticias#listItem","position":1,"name":"Home","item":"https:\/\/www.eldigitaldeasturias.com\/noticias","nextItem":{"@type":"ListItem","@id":"https:\/\/www.eldigitaldeasturias.com\/noticias\/category\/actualidad-asturias\/#listItem","name":"Actualidad Asturias"}},{"@type":"ListItem","@id":"https:\/\/www.eldigitaldeasturias.com\/noticias\/category\/actualidad-asturias\/#listItem","position":2,"name":"Actualidad Asturias","item":"https:\/\/www.eldigitaldeasturias.com\/noticias\/category\/actualidad-asturias\/","nextItem":{"@type":"ListItem","@id":"https:\/\/www.eldigitaldeasturias.com\/noticias\/couto-espera-que-fructifiquen-las-negociaciones-para-que-verallia-de-carga-de-trabajo-a-gijon-fabril\/#listItem","name":"Couto espera que fructifiquen las negociaciones para que Verallia d\u00e9 carga de trabajo a Gij\u00f3n Fabril"},"previousItem":{"@type":"ListItem","@id":"https:\/\/www.eldigitaldeasturias.com\/noticias#listItem","name":"Home"}},{"@type":"ListItem","@id":"https:\/\/www.eldigitaldeasturias.com\/noticias\/couto-espera-que-fructifiquen-las-negociaciones-para-que-verallia-de-carga-de-trabajo-a-gijon-fabril\/#listItem","position":3,"name":"Couto espera que fructifiquen las negociaciones para que Verallia d\u00e9 carga de trabajo a Gij\u00f3n Fabril","previousItem":{"@type":"ListItem","@id":"https:\/\/www.eldigitaldeasturias.com\/noticias\/category\/actualidad-asturias\/#listItem","name":"Actualidad Asturias"}}]},{"@type":"Organization","@id":"https:\/\/www.eldigitaldeasturias.com\/noticias\/#organization","name":"El Digital de Asturias","description":"Hemeroteca","url":"https:\/\/www.eldigitaldeasturias.com\/noticias\/","email":"info@eldigitaldeasturias.com","telephone":"+34652131393","logo":{"@type":"ImageObject","url":"https:\/\/www.eldigitaldeasturias.com\/noticias\/wp-content\/uploads\/2020\/12\/EDA.jpg","@id":"https:\/\/www.eldigitaldeasturias.com\/noticias\/couto-espera-que-fructifiquen-las-negociaciones-para-que-verallia-de-carga-de-trabajo-a-gijon-fabril\/#organizationLogo","width":649,"height":297},"image":{"@id":"https:\/\/www.eldigitaldeasturias.com\/noticias\/couto-espera-que-fructifiquen-las-negociaciones-para-que-verallia-de-carga-de-trabajo-a-gijon-fabril\/#organizationLogo"},"sameAs":["https:\/\/facebook.com\/eldigitaldeasturias","https:\/\/www.youtube.com\/channel\/UCZP-2wLEB9Rv6erhFmqVnvg"],"address":{"@id":"https:\/\/www.eldigitaldeasturias.com\/noticias\/#postaladdress","@type":"PostalAddress","streetAddress":"san antonio 4,","postalCode":"33430","addressLocality":"Cand\u00e1s","addressRegion":"Asturias","addressCountry":"ES"}},{"@type":"Person","@id":"https:\/\/www.eldigitaldeasturias.com\/noticias\/author\/admin\/#author","url":"https:\/\/www.eldigitaldeasturias.com\/noticias\/author\/admin\/","name":"El Digital de Asturias","image":{"@type":"ImageObject","@id":"https:\/\/www.eldigitaldeasturias.com\/noticias\/couto-espera-que-fructifiquen-las-negociaciones-para-que-verallia-de-carga-de-trabajo-a-gijon-fabril\/#authorImage","url":"https:\/\/www.eldigitaldeasturias.com\/noticias\/wp-content\/litespeed\/avatar\/18677e78aa0546b92d9dbf31ec7d7668.jpg?ver=1777290358","width":96,"height":96,"caption":"El Digital de Asturias"}},{"@type":"WebPage","@id":"https:\/\/www.eldigitaldeasturias.com\/noticias\/couto-espera-que-fructifiquen-las-negociaciones-para-que-verallia-de-carga-de-trabajo-a-gijon-fabril\/#webpage","url":"https:\/\/www.eldigitaldeasturias.com\/noticias\/couto-espera-que-fructifiquen-las-negociaciones-para-que-verallia-de-carga-de-trabajo-a-gijon-fabril\/","name":"Couto espera que fructifiquen las negociaciones para que Verallia d\u00e9 carga de trabajo a Gij\u00f3n Fabril - El Digital de Asturias","description":"El portavoz del Gobierno local en el Ayuntamiento de Gij\u00f3n, Fernando Couto (Foro), ha mostrado este mi\u00e9rcoles su esperanza a que los contactos que se est\u00e1n manteniendo con la empresa Verallia fructifiquen en los pr\u00f3ximos d\u00edas y pueda dar lugar a carga de trabajo a Gij\u00f3n Fabril, con la que ganar un tiempo que favorezca","inLanguage":"es-ES","isPartOf":{"@id":"https:\/\/www.eldigitaldeasturias.com\/noticias\/#website"},"breadcrumb":{"@id":"https:\/\/www.eldigitaldeasturias.com\/noticias\/couto-espera-que-fructifiquen-las-negociaciones-para-que-verallia-de-carga-de-trabajo-a-gijon-fabril\/#breadcrumblist"},"author":{"@id":"https:\/\/www.eldigitaldeasturias.com\/noticias\/author\/admin\/#author"},"creator":{"@id":"https:\/\/www.eldigitaldeasturias.com\/noticias\/author\/admin\/#author"},"image":{"@type":"ImageObject","url":"https:\/\/www.eldigitaldeasturias.com\/noticias\/wp-content\/uploads\/2016\/02\/fotonoticia_20160203131413_800.jpg","@id":"https:\/\/www.eldigitaldeasturias.com\/noticias\/couto-espera-que-fructifiquen-las-negociaciones-para-que-verallia-de-carga-de-trabajo-a-gijon-fabril\/#mainImage","width":800,"height":600},"primaryImageOfPage":{"@id":"https:\/\/www.eldigitaldeasturias.com\/noticias\/couto-espera-que-fructifiquen-las-negociaciones-para-que-verallia-de-carga-de-trabajo-a-gijon-fabril\/#mainImage"},"datePublished":"2016-02-03T17:49:59+01:00","dateModified":"2016-02-03T17:49:59+01:00"},{"@type":"WebSite","@id":"https:\/\/www.eldigitaldeasturias.com\/noticias\/#website","url":"https:\/\/www.eldigitaldeasturias.com\/noticias\/","name":"El Digital de Asturias - Diario de actualidad y noticias","alternateName":"El Digital de Asturias - Diario de actualidad y noticias","description":"Hemeroteca","inLanguage":"es-ES","publisher":{"@id":"https:\/\/www.eldigitaldeasturias.com\/noticias\/#organization"}}]},"og:locale":"es_ES","og:site_name":"El Digital de Asturias","og:type":"article","og:title":"Couto espera que fructifiquen las negociaciones para que Verallia d\u00e9 carga de trabajo a Gij\u00f3n Fabril - El Digital de Asturias","og:description":"El portavoz del Gobierno local en el Ayuntamiento de Gij\u00f3n, Fernando Couto (Foro), ha mostrado este mi\u00e9rcoles su esperanza a que los contactos que se est\u00e1n manteniendo con la empresa Verallia fructifiquen en los pr\u00f3ximos d\u00edas y pueda dar lugar a carga de trabajo a Gij\u00f3n Fabril, con la que ganar un tiempo que favorezca","og:url":"https:\/\/www.eldigitaldeasturias.com\/noticias\/couto-espera-que-fructifiquen-las-negociaciones-para-que-verallia-de-carga-de-trabajo-a-gijon-fabril\/","og:image":"https:\/\/www.eldigitaldeasturias.com\/noticias\/wp-content\/uploads\/2016\/02\/fotonoticia_20160203131413_800.jpg","og:image:secure_url":"https:\/\/www.eldigitaldeasturias.com\/noticias\/wp-content\/uploads\/2016\/02\/fotonoticia_20160203131413_800.jpg","og:image:width":800,"og:image:height":600,"article:tag":["actualidad asturias"],"article:published_time":"2016-02-03T17:49:59+00:00","article:modified_time":"2016-02-03T17:49:59+00:00","article:publisher":"https:\/\/facebook.com\/eldigitaldeasturias","twitter:card":"summary_large_image","twitter:title":"Couto espera que fructifiquen las negociaciones para que Verallia d\u00e9 carga de trabajo a Gij\u00f3n Fabril - El Digital de Asturias","twitter:description":"El portavoz del Gobierno local en el Ayuntamiento de Gij\u00f3n, Fernando Couto (Foro), ha mostrado este mi\u00e9rcoles su esperanza a que los contactos que se est\u00e1n manteniendo con la empresa Verallia fructifiquen en los pr\u00f3ximos d\u00edas y pueda dar lugar a carga de trabajo a Gij\u00f3n Fabril, con la que ganar un tiempo que favorezca","twitter:image":"https:\/\/www.eldigitaldeasturias.com\/noticias\/wp-content\/uploads\/2016\/02\/fotonoticia_20160203131413_800.jpg","twitter:label1":"Escrito por","twitter:data1":"El Digital de Asturias","twitter:label2":"Tiempo de lectura estimado","twitter:data2":"2 minutos"},"aioseo_meta_data":{"post_id":"853476","title":null,"description":null,"keywords":null,"keyphrases":null,"primary_term":null,"canonical_url":null,"og_title":null,"og_description":null,"og_object_type":"default","og_image_type":"default","og_image_url":null,"og_image_width":null,"og_image_height":null,"og_image_custom_url":null,"og_image_custom_fields":null,"og_video":null,"og_custom_url":null,"og_article_section":null,"og_article_tags":null,"twitter_use_og":false,"twitter_card":"default","twitter_image_type":"default","twitter_image_url":null,"twitter_image_custom_url":null,"twitter_image_custom_fields":null,"twitter_title":null,"twitter_description":null,"schema":{"blockGraphs":[],"customGraphs":[],"default":{"data":{"Article":[],"Course":[],"Dataset":[],"FAQPage":[],"Movie":[],"Person":[],"Product":[],"ProductReview":[],"Car":[],"Recipe":[],"Service":[],"SoftwareApplication":[],"WebPage":[]},"graphName":"","isEnabled":true},"graphs":[],"defaultGraph":"","defaultPostTypeGraph":""},"schema_type":null,"schema_type_options":null,"pillar_content":false,"robots_default":true,"robots_noindex":false,"robots_noarchive":false,"robots_nosnippet":false,"robots_nofollow":false,"robots_noimageindex":false,"robots_noodp":false,"robots_notranslate":false,"robots_max_snippet":null,"robots_max_videopreview":null,"robots_max_imagepreview":"large","priority":null,"frequency":null,"local_seo":null,"seo_analyzer_scan_date":"2025-12-09 18:10:00","breadcrumb_settings":null,"limit_modified_date":false,"open_ai":null,"ai":null,"created":"2021-01-23 14:08:12","updated":"2025-12-09 18:10:00"},"aioseo_breadcrumb":"<div class=\"aioseo-breadcrumbs\"><span class=\"aioseo-breadcrumb\">\n\t<a href=\"https:\/\/www.eldigitaldeasturias.com\/noticias\" title=\"Home\">Home<\/a>\n<\/span><span class=\"aioseo-breadcrumb-separator\">\u2013<\/span><span class=\"aioseo-breadcrumb\">\n\t<a href=\"https:\/\/www.eldigitaldeasturias.com\/noticias\/category\/actualidad-asturias\/\" title=\"Actualidad Asturias\">Actualidad Asturias<\/a>\n<\/span><span class=\"aioseo-breadcrumb-separator\">\u2013<\/span><span class=\"aioseo-breadcrumb\">\n\t<a href=\"https:\/\/www.eldigitaldeasturias.com\/noticias\/couto-espera-que-fructifiquen-las-negociaciones-para-que-verallia-de-carga-de-trabajo-a-gijon-fabril\/\" title=\"Couto espera que fructifiquen las negociaciones para que Verallia d\u00e9 carga de trabajo a Gij\u00f3n Fabril\">Couto espera que fructifiquen las negociaciones para que Verallia d\u00e9 carga de trabajo a Gij\u00f3n Fabril<\/a>\n<\/span><\/div>","aioseo_breadcrumb_json":[{"label":"Home","link":"https:\/\/www.eldigitaldeasturias.com\/noticias"},{"label":"Actualidad Asturias","link":"https:\/\/www.eldigitaldeasturias.com\/noticias\/category\/actualidad-asturias\/"},{"label":"Couto espera que fructifiquen las negociaciones para que Verallia d\u00e9 carga de trabajo a Gij\u00f3n Fabril","link":"https:\/\/www.eldigitaldeasturias.com\/noticias\/couto-espera-que-fructifiquen-las-negociaciones-para-que-verallia-de-carga-de-trabajo-a-gijon-fabril\/"}],"_links":{"self":[{"href":"https:\/\/www.eldigitaldeasturias.com\/noticias\/wp-json\/wp\/v2\/posts\/853476","targetHints":{"allow":["GET"]}}],"collection":[{"href":"https:\/\/www.eldigitaldeasturias.com\/noticias\/wp-json\/wp\/v2\/posts"}],"about":[{"href":"https:\/\/www.eldigitaldeasturias.com\/noticias\/wp-json\/wp\/v2\/types\/post"}],"author":[{"embeddable":true,"href":"https:\/\/www.eldigitaldeasturias.com\/noticias\/wp-json\/wp\/v2\/users\/1"}],"replies":[{"embeddable":true,"href":"https:\/\/www.eldigitaldeasturias.com\/noticias\/wp-json\/wp\/v2\/comments?post=853476"}],"version-history":[{"count":0,"href":"https:\/\/www.eldigitaldeasturias.com\/noticias\/wp-json\/wp\/v2\/posts\/853476\/revisions"}],"wp:featuredmedia":[{"embeddable":true,"href":"https:\/\/www.eldigitaldeasturias.com\/noticias\/wp-json\/wp\/v2\/media\/853477"}],"wp:attachment":[{"href":"https:\/\/www.eldigitaldeasturias.com\/noticias\/wp-json\/wp\/v2\/media?parent=853476"}],"wp:term":[{"taxonomy":"category","embeddable":true,"href":"https:\/\/www.eldigitaldeasturias.com\/noticias\/wp-json\/wp\/v2\/categories?post=853476"},{"taxonomy":"post_tag","embeddable":true,"href":"https:\/\/www.eldigitaldeasturias.com\/noticias\/wp-json\/wp\/v2\/tags?post=853476"}],"curies":[{"name":"wp","href":"https:\/\/api.w.org\/{rel}","templated":true}]}}