{"id":853470,"date":"2016-02-03T17:46:43","date_gmt":"2016-02-03T17:46:43","guid":{"rendered":"http:\/\/www.eldigitaldeasturias.com\/noticias\/?p=853470"},"modified":"2016-02-03T17:46:43","modified_gmt":"2016-02-03T17:46:43","slug":"patron-capital-se-hace-con-locales-comerciales-en-espana-por-35-millones","status":"publish","type":"post","link":"https:\/\/www.eldigitaldeasturias.com\/noticias\/patron-capital-se-hace-con-locales-comerciales-en-espana-por-35-millones\/","title":{"rendered":"Patron Capital se hace con locales comerciales en Espa\u00f1a por 35 millones"},"content":{"rendered":"<p><img loading=\"lazy\" decoding=\"async\" class=\"alignleft size-medium wp-image-822740\" src=\"https:\/\/www.eldigitaldeasturias.com\/noticias\/wp-content\/uploads\/2015\/11\/euros-360x241.jpg\" alt=\"euros\" width=\"360\" height=\"241\" srcset=\"https:\/\/www.eldigitaldeasturias.com\/noticias\/wp-content\/uploads\/2015\/11\/euros-360x241.jpg 360w, https:\/\/www.eldigitaldeasturias.com\/noticias\/wp-content\/uploads\/2015\/11\/euros-696x466.jpg 696w, https:\/\/www.eldigitaldeasturias.com\/noticias\/wp-content\/uploads\/2015\/11\/euros-627x420.jpg 627w, https:\/\/www.eldigitaldeasturias.com\/noticias\/wp-content\/uploads\/2015\/11\/euros-768x515.jpg 768w, https:\/\/www.eldigitaldeasturias.com\/noticias\/wp-content\/uploads\/2015\/11\/euros-650x436.jpg 650w, https:\/\/www.eldigitaldeasturias.com\/noticias\/wp-content\/uploads\/2015\/11\/euros.jpg 800w\" sizes=\"auto, (max-width: 360px) 100vw, 360px\" \/>El fondo brit\u00e1nico Patron Capital ha adquirido una cartera de 43 locales comerciales en Espa\u00f1a por unos 35 millones de euros, y prev\u00e9 cerrar 2016 con cerca de 200 millones de inversi\u00f3n en el pa\u00eds, ha informado este mi\u00e9rcoles en un comunicado.<\/p>\n<p>La operaci\u00f3n cerrada ahora suma una superficie de alrededor de 40.000 metros cuadrados, que incluyen 32 supermercados en zonas urbanas, cinco locales &#8216;cash&amp;carry&#8217; y seis locales ubicados en zonas c\u00e9ntricas de diversas ciudades espa\u00f1olas.<\/p>\n<p>El 90% de la cartera se encuentra en r\u00e9gimen de alquiler, y entre los inquilinos figuran la cadena de supermercados El \u00c1rbol (Grupo Dia), la firma de moda Cortefiel, y el banco ING Direct.<\/p>\n<p>Los locales est\u00e1n repartidos por toda Espa\u00f1a, con mayor concentraci\u00f3n en Asturias y Castilla y Le\u00f3n, y la operaci\u00f3n ha sido asesorada por Garrigues, Cuatrecasas Gon\u00e7alves Pereira, Aguirre Newman y Deerns.<\/p>\n<p>Con esta \u00faltima adquisici\u00f3n, Patron Capital ampl\u00eda su \u00abapuesta\u00bb por el segmento comercial, cuyo peso en el conjunto de su cartera es de un 50%, frente a un 20% en residencial y 30% en hoteles.<\/p>\n","protected":false},"excerpt":{"rendered":"<p>El fondo brit\u00e1nico Patron Capital ha adquirido una cartera de 43 locales comerciales en Espa\u00f1a por unos 35 millones de euros, y prev\u00e9 cerrar 2016 con cerca de 200 millones de inversi\u00f3n en el pa\u00eds, ha informado este mi\u00e9rcoles en un comunicado. La operaci\u00f3n cerrada ahora suma una superficie de alrededor de 40.000 metros cuadrados, [&hellip;]<\/p>\n","protected":false},"author":1,"featured_media":822740,"comment_status":"closed","ping_status":"closed","sticky":false,"template":"","format":"standard","meta":{"footnotes":""},"categories":[1],"tags":[],"class_list":["post-853470","post","type-post","status-publish","format-standard","has-post-thumbnail","hentry","category-actualidad"],"aioseo_notices":[],"aioseo_head":"\n\t\t<!-- All in One SEO Pro 4.9.6.2 - aioseo.com -->\n\t<meta name=\"description\" content=\"El fondo brit\u00e1nico Patron Capital ha adquirido una cartera de 43 locales comerciales en Espa\u00f1a por unos 35 millones de euros, y prev\u00e9 cerrar 2016 con cerca de 200 millones de inversi\u00f3n en el pa\u00eds, ha informado este mi\u00e9rcoles en un comunicado. La operaci\u00f3n cerrada ahora suma una superficie de alrededor de 40.000 metros cuadrados,\" \/>\n\t<meta name=\"robots\" content=\"max-image-preview:large\" \/>\n\t<meta name=\"author\" content=\"El Digital de Asturias\"\/>\n\t<meta name=\"google-site-verification\" content=\"UA-38556648-1\" \/>\n\t<meta name=\"msvalidate.01\" content=\"7dfe9f3f1b24437ab69f4f2559babe99\" \/>\n\t<meta name=\"keywords\" content=\"actualidad\" \/>\n\t<link rel=\"canonical\" href=\"https:\/\/www.eldigitaldeasturias.com\/noticias\/patron-capital-se-hace-con-locales-comerciales-en-espana-por-35-millones\/\" \/>\n\t<meta name=\"generator\" content=\"All in One SEO Pro (AIOSEO) 4.9.6.2\" \/>\n\t\t<meta property=\"og:locale\" content=\"es_ES\" \/>\n\t\t<meta property=\"og:site_name\" content=\"El Digital de Asturias\" \/>\n\t\t<meta property=\"og:type\" content=\"article\" \/>\n\t\t<meta property=\"og:title\" content=\"Patron Capital se hace con locales comerciales en Espa\u00f1a por 35 millones - El Digital de Asturias\" \/>\n\t\t<meta property=\"og:description\" content=\"El fondo brit\u00e1nico Patron Capital ha adquirido una cartera de 43 locales comerciales en Espa\u00f1a por unos 35 millones de euros, y prev\u00e9 cerrar 2016 con cerca de 200 millones de inversi\u00f3n en el pa\u00eds, ha informado este mi\u00e9rcoles en un comunicado. La operaci\u00f3n cerrada ahora suma una superficie de alrededor de 40.000 metros cuadrados,\" \/>\n\t\t<meta property=\"og:url\" content=\"https:\/\/www.eldigitaldeasturias.com\/noticias\/patron-capital-se-hace-con-locales-comerciales-en-espana-por-35-millones\/\" \/>\n\t\t<meta property=\"og:image\" content=\"https:\/\/www.eldigitaldeasturias.com\/noticias\/wp-content\/uploads\/2015\/11\/euros.jpg\" \/>\n\t\t<meta property=\"og:image:secure_url\" content=\"https:\/\/www.eldigitaldeasturias.com\/noticias\/wp-content\/uploads\/2015\/11\/euros.jpg\" \/>\n\t\t<meta property=\"og:image:width\" content=\"800\" \/>\n\t\t<meta property=\"og:image:height\" content=\"536\" \/>\n\t\t<meta property=\"article:tag\" content=\"actualidad\" \/>\n\t\t<meta property=\"article:published_time\" content=\"2016-02-03T17:46:43+00:00\" \/>\n\t\t<meta property=\"article:modified_time\" content=\"2016-02-03T17:46:43+00:00\" \/>\n\t\t<meta property=\"article:publisher\" content=\"https:\/\/facebook.com\/eldigitaldeasturias\" \/>\n\t\t<meta name=\"twitter:card\" content=\"summary_large_image\" \/>\n\t\t<meta name=\"twitter:title\" content=\"Patron Capital se hace con locales comerciales en Espa\u00f1a por 35 millones - El Digital de Asturias\" \/>\n\t\t<meta name=\"twitter:description\" content=\"El fondo brit\u00e1nico Patron Capital ha adquirido una cartera de 43 locales comerciales en Espa\u00f1a por unos 35 millones de euros, y prev\u00e9 cerrar 2016 con cerca de 200 millones de inversi\u00f3n en el pa\u00eds, ha informado este mi\u00e9rcoles en un comunicado. La operaci\u00f3n cerrada ahora suma una superficie de alrededor de 40.000 metros cuadrados,\" \/>\n\t\t<meta name=\"twitter:image\" content=\"https:\/\/www.eldigitaldeasturias.com\/noticias\/wp-content\/uploads\/2015\/11\/euros.jpg\" \/>\n\t\t<meta name=\"twitter:label1\" content=\"Escrito por\" \/>\n\t\t<meta name=\"twitter:data1\" content=\"El Digital de Asturias\" \/>\n\t\t<meta name=\"twitter:label2\" content=\"Tiempo de lectura estimado\" \/>\n\t\t<meta name=\"twitter:data2\" content=\"1 minuto\" \/>\n\t\t<script type=\"application\/ld+json\" class=\"aioseo-schema\">\n\t\t\t{\"@context\":\"https:\\\/\\\/schema.org\",\"@graph\":[{\"@type\":\"BlogPosting\",\"@id\":\"https:\\\/\\\/www.eldigitaldeasturias.com\\\/noticias\\\/patron-capital-se-hace-con-locales-comerciales-en-espana-por-35-millones\\\/#blogposting\",\"name\":\"Patron Capital se hace con locales comerciales en Espa\\u00f1a por 35 millones - El Digital de Asturias\",\"headline\":\"Patron Capital se hace con locales comerciales en Espa\\u00f1a por 35 millones\",\"author\":{\"@id\":\"https:\\\/\\\/www.eldigitaldeasturias.com\\\/noticias\\\/author\\\/admin\\\/#author\"},\"publisher\":{\"@id\":\"https:\\\/\\\/www.eldigitaldeasturias.com\\\/noticias\\\/#organization\"},\"image\":{\"@type\":\"ImageObject\",\"url\":\"https:\\\/\\\/www.eldigitaldeasturias.com\\\/noticias\\\/wp-content\\\/uploads\\\/2015\\\/11\\\/euros.jpg\",\"width\":800,\"height\":536,\"caption\":\"euros\"},\"datePublished\":\"2016-02-03T17:46:43+01:00\",\"dateModified\":\"2016-02-03T17:46:43+01:00\",\"inLanguage\":\"es-ES\",\"mainEntityOfPage\":{\"@id\":\"https:\\\/\\\/www.eldigitaldeasturias.com\\\/noticias\\\/patron-capital-se-hace-con-locales-comerciales-en-espana-por-35-millones\\\/#webpage\"},\"isPartOf\":{\"@id\":\"https:\\\/\\\/www.eldigitaldeasturias.com\\\/noticias\\\/patron-capital-se-hace-con-locales-comerciales-en-espana-por-35-millones\\\/#webpage\"},\"articleSection\":\"Actualidad\"},{\"@type\":\"BreadcrumbList\",\"@id\":\"https:\\\/\\\/www.eldigitaldeasturias.com\\\/noticias\\\/patron-capital-se-hace-con-locales-comerciales-en-espana-por-35-millones\\\/#breadcrumblist\",\"itemListElement\":[{\"@type\":\"ListItem\",\"@id\":\"https:\\\/\\\/www.eldigitaldeasturias.com\\\/noticias#listItem\",\"position\":1,\"name\":\"Home\",\"item\":\"https:\\\/\\\/www.eldigitaldeasturias.com\\\/noticias\",\"nextItem\":{\"@type\":\"ListItem\",\"@id\":\"https:\\\/\\\/www.eldigitaldeasturias.com\\\/noticias\\\/category\\\/actualidad\\\/#listItem\",\"name\":\"Actualidad\"}},{\"@type\":\"ListItem\",\"@id\":\"https:\\\/\\\/www.eldigitaldeasturias.com\\\/noticias\\\/category\\\/actualidad\\\/#listItem\",\"position\":2,\"name\":\"Actualidad\",\"item\":\"https:\\\/\\\/www.eldigitaldeasturias.com\\\/noticias\\\/category\\\/actualidad\\\/\",\"nextItem\":{\"@type\":\"ListItem\",\"@id\":\"https:\\\/\\\/www.eldigitaldeasturias.com\\\/noticias\\\/patron-capital-se-hace-con-locales-comerciales-en-espana-por-35-millones\\\/#listItem\",\"name\":\"Patron Capital se hace con locales comerciales en Espa\\u00f1a por 35 millones\"},\"previousItem\":{\"@type\":\"ListItem\",\"@id\":\"https:\\\/\\\/www.eldigitaldeasturias.com\\\/noticias#listItem\",\"name\":\"Home\"}},{\"@type\":\"ListItem\",\"@id\":\"https:\\\/\\\/www.eldigitaldeasturias.com\\\/noticias\\\/patron-capital-se-hace-con-locales-comerciales-en-espana-por-35-millones\\\/#listItem\",\"position\":3,\"name\":\"Patron Capital se hace con locales comerciales en Espa\\u00f1a por 35 millones\",\"previousItem\":{\"@type\":\"ListItem\",\"@id\":\"https:\\\/\\\/www.eldigitaldeasturias.com\\\/noticias\\\/category\\\/actualidad\\\/#listItem\",\"name\":\"Actualidad\"}}]},{\"@type\":\"Organization\",\"@id\":\"https:\\\/\\\/www.eldigitaldeasturias.com\\\/noticias\\\/#organization\",\"name\":\"El Digital de Asturias\",\"description\":\"Hemeroteca\",\"url\":\"https:\\\/\\\/www.eldigitaldeasturias.com\\\/noticias\\\/\",\"email\":\"info@eldigitaldeasturias.com\",\"telephone\":\"+34652131393\",\"logo\":{\"@type\":\"ImageObject\",\"url\":\"https:\\\/\\\/www.eldigitaldeasturias.com\\\/noticias\\\/wp-content\\\/uploads\\\/2020\\\/12\\\/EDA.jpg\",\"@id\":\"https:\\\/\\\/www.eldigitaldeasturias.com\\\/noticias\\\/patron-capital-se-hace-con-locales-comerciales-en-espana-por-35-millones\\\/#organizationLogo\",\"width\":649,\"height\":297},\"image\":{\"@id\":\"https:\\\/\\\/www.eldigitaldeasturias.com\\\/noticias\\\/patron-capital-se-hace-con-locales-comerciales-en-espana-por-35-millones\\\/#organizationLogo\"},\"sameAs\":[\"https:\\\/\\\/facebook.com\\\/eldigitaldeasturias\",\"https:\\\/\\\/www.youtube.com\\\/channel\\\/UCZP-2wLEB9Rv6erhFmqVnvg\"],\"address\":{\"@id\":\"https:\\\/\\\/www.eldigitaldeasturias.com\\\/noticias\\\/#postaladdress\",\"@type\":\"PostalAddress\",\"streetAddress\":\"san antonio 4,\",\"postalCode\":\"33430\",\"addressLocality\":\"Cand\\u00e1s\",\"addressRegion\":\"Asturias\",\"addressCountry\":\"ES\"}},{\"@type\":\"Person\",\"@id\":\"https:\\\/\\\/www.eldigitaldeasturias.com\\\/noticias\\\/author\\\/admin\\\/#author\",\"url\":\"https:\\\/\\\/www.eldigitaldeasturias.com\\\/noticias\\\/author\\\/admin\\\/\",\"name\":\"El Digital de Asturias\",\"image\":{\"@type\":\"ImageObject\",\"@id\":\"https:\\\/\\\/www.eldigitaldeasturias.com\\\/noticias\\\/patron-capital-se-hace-con-locales-comerciales-en-espana-por-35-millones\\\/#authorImage\",\"url\":\"https:\\\/\\\/www.eldigitaldeasturias.com\\\/noticias\\\/wp-content\\\/litespeed\\\/avatar\\\/18677e78aa0546b92d9dbf31ec7d7668.jpg?ver=1777290358\",\"width\":96,\"height\":96,\"caption\":\"El Digital de Asturias\"}},{\"@type\":\"WebPage\",\"@id\":\"https:\\\/\\\/www.eldigitaldeasturias.com\\\/noticias\\\/patron-capital-se-hace-con-locales-comerciales-en-espana-por-35-millones\\\/#webpage\",\"url\":\"https:\\\/\\\/www.eldigitaldeasturias.com\\\/noticias\\\/patron-capital-se-hace-con-locales-comerciales-en-espana-por-35-millones\\\/\",\"name\":\"Patron Capital se hace con locales comerciales en Espa\\u00f1a por 35 millones - El Digital de Asturias\",\"description\":\"El fondo brit\\u00e1nico Patron Capital ha adquirido una cartera de 43 locales comerciales en Espa\\u00f1a por unos 35 millones de euros, y prev\\u00e9 cerrar 2016 con cerca de 200 millones de inversi\\u00f3n en el pa\\u00eds, ha informado este mi\\u00e9rcoles en un comunicado. La operaci\\u00f3n cerrada ahora suma una superficie de alrededor de 40.000 metros cuadrados,\",\"inLanguage\":\"es-ES\",\"isPartOf\":{\"@id\":\"https:\\\/\\\/www.eldigitaldeasturias.com\\\/noticias\\\/#website\"},\"breadcrumb\":{\"@id\":\"https:\\\/\\\/www.eldigitaldeasturias.com\\\/noticias\\\/patron-capital-se-hace-con-locales-comerciales-en-espana-por-35-millones\\\/#breadcrumblist\"},\"author\":{\"@id\":\"https:\\\/\\\/www.eldigitaldeasturias.com\\\/noticias\\\/author\\\/admin\\\/#author\"},\"creator\":{\"@id\":\"https:\\\/\\\/www.eldigitaldeasturias.com\\\/noticias\\\/author\\\/admin\\\/#author\"},\"image\":{\"@type\":\"ImageObject\",\"url\":\"https:\\\/\\\/www.eldigitaldeasturias.com\\\/noticias\\\/wp-content\\\/uploads\\\/2015\\\/11\\\/euros.jpg\",\"@id\":\"https:\\\/\\\/www.eldigitaldeasturias.com\\\/noticias\\\/patron-capital-se-hace-con-locales-comerciales-en-espana-por-35-millones\\\/#mainImage\",\"width\":800,\"height\":536,\"caption\":\"euros\"},\"primaryImageOfPage\":{\"@id\":\"https:\\\/\\\/www.eldigitaldeasturias.com\\\/noticias\\\/patron-capital-se-hace-con-locales-comerciales-en-espana-por-35-millones\\\/#mainImage\"},\"datePublished\":\"2016-02-03T17:46:43+01:00\",\"dateModified\":\"2016-02-03T17:46:43+01:00\"},{\"@type\":\"WebSite\",\"@id\":\"https:\\\/\\\/www.eldigitaldeasturias.com\\\/noticias\\\/#website\",\"url\":\"https:\\\/\\\/www.eldigitaldeasturias.com\\\/noticias\\\/\",\"name\":\"El Digital de Asturias - Diario de actualidad y noticias\",\"alternateName\":\"El Digital de Asturias - Diario de actualidad y noticias\",\"description\":\"Hemeroteca\",\"inLanguage\":\"es-ES\",\"publisher\":{\"@id\":\"https:\\\/\\\/www.eldigitaldeasturias.com\\\/noticias\\\/#organization\"}}]}\n\t\t<\/script>\n\t\t<!-- All in One SEO Pro -->\r\n\t\t<title>Patron Capital se hace con locales comerciales en Espa\u00f1a por 35 millones - El Digital de Asturias<\/title>\n\n","aioseo_head_json":{"title":"Patron Capital se hace con locales comerciales en Espa\u00f1a por 35 millones - El Digital de Asturias","description":"El fondo brit\u00e1nico Patron Capital ha adquirido una cartera de 43 locales comerciales en Espa\u00f1a por unos 35 millones de euros, y prev\u00e9 cerrar 2016 con cerca de 200 millones de inversi\u00f3n en el pa\u00eds, ha informado este mi\u00e9rcoles en un comunicado. La operaci\u00f3n cerrada ahora suma una superficie de alrededor de 40.000 metros cuadrados,","canonical_url":"https:\/\/www.eldigitaldeasturias.com\/noticias\/patron-capital-se-hace-con-locales-comerciales-en-espana-por-35-millones\/","robots":"max-image-preview:large","keywords":"actualidad","webmasterTools":{"google-site-verification":"UA-38556648-1","msvalidate.01":"7dfe9f3f1b24437ab69f4f2559babe99","miscellaneous":""},"schema":{"@context":"https:\/\/schema.org","@graph":[{"@type":"BlogPosting","@id":"https:\/\/www.eldigitaldeasturias.com\/noticias\/patron-capital-se-hace-con-locales-comerciales-en-espana-por-35-millones\/#blogposting","name":"Patron Capital se hace con locales comerciales en Espa\u00f1a por 35 millones - El Digital de Asturias","headline":"Patron Capital se hace con locales comerciales en Espa\u00f1a por 35 millones","author":{"@id":"https:\/\/www.eldigitaldeasturias.com\/noticias\/author\/admin\/#author"},"publisher":{"@id":"https:\/\/www.eldigitaldeasturias.com\/noticias\/#organization"},"image":{"@type":"ImageObject","url":"https:\/\/www.eldigitaldeasturias.com\/noticias\/wp-content\/uploads\/2015\/11\/euros.jpg","width":800,"height":536,"caption":"euros"},"datePublished":"2016-02-03T17:46:43+01:00","dateModified":"2016-02-03T17:46:43+01:00","inLanguage":"es-ES","mainEntityOfPage":{"@id":"https:\/\/www.eldigitaldeasturias.com\/noticias\/patron-capital-se-hace-con-locales-comerciales-en-espana-por-35-millones\/#webpage"},"isPartOf":{"@id":"https:\/\/www.eldigitaldeasturias.com\/noticias\/patron-capital-se-hace-con-locales-comerciales-en-espana-por-35-millones\/#webpage"},"articleSection":"Actualidad"},{"@type":"BreadcrumbList","@id":"https:\/\/www.eldigitaldeasturias.com\/noticias\/patron-capital-se-hace-con-locales-comerciales-en-espana-por-35-millones\/#breadcrumblist","itemListElement":[{"@type":"ListItem","@id":"https:\/\/www.eldigitaldeasturias.com\/noticias#listItem","position":1,"name":"Home","item":"https:\/\/www.eldigitaldeasturias.com\/noticias","nextItem":{"@type":"ListItem","@id":"https:\/\/www.eldigitaldeasturias.com\/noticias\/category\/actualidad\/#listItem","name":"Actualidad"}},{"@type":"ListItem","@id":"https:\/\/www.eldigitaldeasturias.com\/noticias\/category\/actualidad\/#listItem","position":2,"name":"Actualidad","item":"https:\/\/www.eldigitaldeasturias.com\/noticias\/category\/actualidad\/","nextItem":{"@type":"ListItem","@id":"https:\/\/www.eldigitaldeasturias.com\/noticias\/patron-capital-se-hace-con-locales-comerciales-en-espana-por-35-millones\/#listItem","name":"Patron Capital se hace con locales comerciales en Espa\u00f1a por 35 millones"},"previousItem":{"@type":"ListItem","@id":"https:\/\/www.eldigitaldeasturias.com\/noticias#listItem","name":"Home"}},{"@type":"ListItem","@id":"https:\/\/www.eldigitaldeasturias.com\/noticias\/patron-capital-se-hace-con-locales-comerciales-en-espana-por-35-millones\/#listItem","position":3,"name":"Patron Capital se hace con locales comerciales en Espa\u00f1a por 35 millones","previousItem":{"@type":"ListItem","@id":"https:\/\/www.eldigitaldeasturias.com\/noticias\/category\/actualidad\/#listItem","name":"Actualidad"}}]},{"@type":"Organization","@id":"https:\/\/www.eldigitaldeasturias.com\/noticias\/#organization","name":"El Digital de Asturias","description":"Hemeroteca","url":"https:\/\/www.eldigitaldeasturias.com\/noticias\/","email":"info@eldigitaldeasturias.com","telephone":"+34652131393","logo":{"@type":"ImageObject","url":"https:\/\/www.eldigitaldeasturias.com\/noticias\/wp-content\/uploads\/2020\/12\/EDA.jpg","@id":"https:\/\/www.eldigitaldeasturias.com\/noticias\/patron-capital-se-hace-con-locales-comerciales-en-espana-por-35-millones\/#organizationLogo","width":649,"height":297},"image":{"@id":"https:\/\/www.eldigitaldeasturias.com\/noticias\/patron-capital-se-hace-con-locales-comerciales-en-espana-por-35-millones\/#organizationLogo"},"sameAs":["https:\/\/facebook.com\/eldigitaldeasturias","https:\/\/www.youtube.com\/channel\/UCZP-2wLEB9Rv6erhFmqVnvg"],"address":{"@id":"https:\/\/www.eldigitaldeasturias.com\/noticias\/#postaladdress","@type":"PostalAddress","streetAddress":"san antonio 4,","postalCode":"33430","addressLocality":"Cand\u00e1s","addressRegion":"Asturias","addressCountry":"ES"}},{"@type":"Person","@id":"https:\/\/www.eldigitaldeasturias.com\/noticias\/author\/admin\/#author","url":"https:\/\/www.eldigitaldeasturias.com\/noticias\/author\/admin\/","name":"El Digital de Asturias","image":{"@type":"ImageObject","@id":"https:\/\/www.eldigitaldeasturias.com\/noticias\/patron-capital-se-hace-con-locales-comerciales-en-espana-por-35-millones\/#authorImage","url":"https:\/\/www.eldigitaldeasturias.com\/noticias\/wp-content\/litespeed\/avatar\/18677e78aa0546b92d9dbf31ec7d7668.jpg?ver=1777290358","width":96,"height":96,"caption":"El Digital de Asturias"}},{"@type":"WebPage","@id":"https:\/\/www.eldigitaldeasturias.com\/noticias\/patron-capital-se-hace-con-locales-comerciales-en-espana-por-35-millones\/#webpage","url":"https:\/\/www.eldigitaldeasturias.com\/noticias\/patron-capital-se-hace-con-locales-comerciales-en-espana-por-35-millones\/","name":"Patron Capital se hace con locales comerciales en Espa\u00f1a por 35 millones - El Digital de Asturias","description":"El fondo brit\u00e1nico Patron Capital ha adquirido una cartera de 43 locales comerciales en Espa\u00f1a por unos 35 millones de euros, y prev\u00e9 cerrar 2016 con cerca de 200 millones de inversi\u00f3n en el pa\u00eds, ha informado este mi\u00e9rcoles en un comunicado. La operaci\u00f3n cerrada ahora suma una superficie de alrededor de 40.000 metros cuadrados,","inLanguage":"es-ES","isPartOf":{"@id":"https:\/\/www.eldigitaldeasturias.com\/noticias\/#website"},"breadcrumb":{"@id":"https:\/\/www.eldigitaldeasturias.com\/noticias\/patron-capital-se-hace-con-locales-comerciales-en-espana-por-35-millones\/#breadcrumblist"},"author":{"@id":"https:\/\/www.eldigitaldeasturias.com\/noticias\/author\/admin\/#author"},"creator":{"@id":"https:\/\/www.eldigitaldeasturias.com\/noticias\/author\/admin\/#author"},"image":{"@type":"ImageObject","url":"https:\/\/www.eldigitaldeasturias.com\/noticias\/wp-content\/uploads\/2015\/11\/euros.jpg","@id":"https:\/\/www.eldigitaldeasturias.com\/noticias\/patron-capital-se-hace-con-locales-comerciales-en-espana-por-35-millones\/#mainImage","width":800,"height":536,"caption":"euros"},"primaryImageOfPage":{"@id":"https:\/\/www.eldigitaldeasturias.com\/noticias\/patron-capital-se-hace-con-locales-comerciales-en-espana-por-35-millones\/#mainImage"},"datePublished":"2016-02-03T17:46:43+01:00","dateModified":"2016-02-03T17:46:43+01:00"},{"@type":"WebSite","@id":"https:\/\/www.eldigitaldeasturias.com\/noticias\/#website","url":"https:\/\/www.eldigitaldeasturias.com\/noticias\/","name":"El Digital de Asturias - Diario de actualidad y noticias","alternateName":"El Digital de Asturias - Diario de actualidad y noticias","description":"Hemeroteca","inLanguage":"es-ES","publisher":{"@id":"https:\/\/www.eldigitaldeasturias.com\/noticias\/#organization"}}]},"og:locale":"es_ES","og:site_name":"El Digital de Asturias","og:type":"article","og:title":"Patron Capital se hace con locales comerciales en Espa\u00f1a por 35 millones - El Digital de Asturias","og:description":"El fondo brit\u00e1nico Patron Capital ha adquirido una cartera de 43 locales comerciales en Espa\u00f1a por unos 35 millones de euros, y prev\u00e9 cerrar 2016 con cerca de 200 millones de inversi\u00f3n en el pa\u00eds, ha informado este mi\u00e9rcoles en un comunicado. La operaci\u00f3n cerrada ahora suma una superficie de alrededor de 40.000 metros cuadrados,","og:url":"https:\/\/www.eldigitaldeasturias.com\/noticias\/patron-capital-se-hace-con-locales-comerciales-en-espana-por-35-millones\/","og:image":"https:\/\/www.eldigitaldeasturias.com\/noticias\/wp-content\/uploads\/2015\/11\/euros.jpg","og:image:secure_url":"https:\/\/www.eldigitaldeasturias.com\/noticias\/wp-content\/uploads\/2015\/11\/euros.jpg","og:image:width":800,"og:image:height":536,"article:tag":["actualidad"],"article:published_time":"2016-02-03T17:46:43+00:00","article:modified_time":"2016-02-03T17:46:43+00:00","article:publisher":"https:\/\/facebook.com\/eldigitaldeasturias","twitter:card":"summary_large_image","twitter:title":"Patron Capital se hace con locales comerciales en Espa\u00f1a por 35 millones - El Digital de Asturias","twitter:description":"El fondo brit\u00e1nico Patron Capital ha adquirido una cartera de 43 locales comerciales en Espa\u00f1a por unos 35 millones de euros, y prev\u00e9 cerrar 2016 con cerca de 200 millones de inversi\u00f3n en el pa\u00eds, ha informado este mi\u00e9rcoles en un comunicado. La operaci\u00f3n cerrada ahora suma una superficie de alrededor de 40.000 metros cuadrados,","twitter:image":"https:\/\/www.eldigitaldeasturias.com\/noticias\/wp-content\/uploads\/2015\/11\/euros.jpg","twitter:label1":"Escrito por","twitter:data1":"El Digital de Asturias","twitter:label2":"Tiempo de lectura estimado","twitter:data2":"1 minuto"},"aioseo_meta_data":{"post_id":"853470","title":null,"description":null,"keywords":null,"keyphrases":null,"primary_term":null,"canonical_url":null,"og_title":null,"og_description":null,"og_object_type":"default","og_image_type":"default","og_image_url":null,"og_image_width":null,"og_image_height":null,"og_image_custom_url":null,"og_image_custom_fields":null,"og_video":null,"og_custom_url":null,"og_article_section":null,"og_article_tags":null,"twitter_use_og":false,"twitter_card":"default","twitter_image_type":"default","twitter_image_url":null,"twitter_image_custom_url":null,"twitter_image_custom_fields":null,"twitter_title":null,"twitter_description":null,"schema":{"blockGraphs":[],"customGraphs":[],"default":{"data":{"Article":[],"Course":[],"Dataset":[],"FAQPage":[],"Movie":[],"Person":[],"Product":[],"ProductReview":[],"Car":[],"Recipe":[],"Service":[],"SoftwareApplication":[],"WebPage":[]},"graphName":"","isEnabled":true},"graphs":[],"defaultGraph":"","defaultPostTypeGraph":""},"schema_type":null,"schema_type_options":null,"pillar_content":false,"robots_default":true,"robots_noindex":false,"robots_noarchive":false,"robots_nosnippet":false,"robots_nofollow":false,"robots_noimageindex":false,"robots_noodp":false,"robots_notranslate":false,"robots_max_snippet":null,"robots_max_videopreview":null,"robots_max_imagepreview":"large","priority":null,"frequency":null,"local_seo":null,"seo_analyzer_scan_date":"2025-12-09 18:08:11","breadcrumb_settings":null,"limit_modified_date":false,"open_ai":null,"ai":null,"created":"2021-01-22 11:38:24","updated":"2025-12-09 18:08:11"},"aioseo_breadcrumb":"<div class=\"aioseo-breadcrumbs\"><span class=\"aioseo-breadcrumb\">\n\t<a href=\"https:\/\/www.eldigitaldeasturias.com\/noticias\" title=\"Home\">Home<\/a>\n<\/span><span class=\"aioseo-breadcrumb-separator\">\u2013<\/span><span class=\"aioseo-breadcrumb\">\n\t<a href=\"https:\/\/www.eldigitaldeasturias.com\/noticias\/category\/actualidad\/\" title=\"Actualidad\">Actualidad<\/a>\n<\/span><span class=\"aioseo-breadcrumb-separator\">\u2013<\/span><span class=\"aioseo-breadcrumb\">\n\t<a href=\"https:\/\/www.eldigitaldeasturias.com\/noticias\/patron-capital-se-hace-con-locales-comerciales-en-espana-por-35-millones\/\" title=\"Patron Capital se hace con locales comerciales en Espa\u00f1a por 35 millones\">Patron Capital se hace con locales comerciales en Espa\u00f1a por 35 millones<\/a>\n<\/span><\/div>","aioseo_breadcrumb_json":[{"label":"Home","link":"https:\/\/www.eldigitaldeasturias.com\/noticias"},{"label":"Actualidad","link":"https:\/\/www.eldigitaldeasturias.com\/noticias\/category\/actualidad\/"},{"label":"Patron Capital se hace con locales comerciales en Espa\u00f1a por 35 millones","link":"https:\/\/www.eldigitaldeasturias.com\/noticias\/patron-capital-se-hace-con-locales-comerciales-en-espana-por-35-millones\/"}],"_links":{"self":[{"href":"https:\/\/www.eldigitaldeasturias.com\/noticias\/wp-json\/wp\/v2\/posts\/853470","targetHints":{"allow":["GET"]}}],"collection":[{"href":"https:\/\/www.eldigitaldeasturias.com\/noticias\/wp-json\/wp\/v2\/posts"}],"about":[{"href":"https:\/\/www.eldigitaldeasturias.com\/noticias\/wp-json\/wp\/v2\/types\/post"}],"author":[{"embeddable":true,"href":"https:\/\/www.eldigitaldeasturias.com\/noticias\/wp-json\/wp\/v2\/users\/1"}],"replies":[{"embeddable":true,"href":"https:\/\/www.eldigitaldeasturias.com\/noticias\/wp-json\/wp\/v2\/comments?post=853470"}],"version-history":[{"count":0,"href":"https:\/\/www.eldigitaldeasturias.com\/noticias\/wp-json\/wp\/v2\/posts\/853470\/revisions"}],"wp:featuredmedia":[{"embeddable":true,"href":"https:\/\/www.eldigitaldeasturias.com\/noticias\/wp-json\/wp\/v2\/media\/822740"}],"wp:attachment":[{"href":"https:\/\/www.eldigitaldeasturias.com\/noticias\/wp-json\/wp\/v2\/media?parent=853470"}],"wp:term":[{"taxonomy":"category","embeddable":true,"href":"https:\/\/www.eldigitaldeasturias.com\/noticias\/wp-json\/wp\/v2\/categories?post=853470"},{"taxonomy":"post_tag","embeddable":true,"href":"https:\/\/www.eldigitaldeasturias.com\/noticias\/wp-json\/wp\/v2\/tags?post=853470"}],"curies":[{"name":"wp","href":"https:\/\/api.w.org\/{rel}","templated":true}]}}