{"id":853468,"date":"2016-02-03T17:45:27","date_gmt":"2016-02-03T17:45:27","guid":{"rendered":"http:\/\/www.eldigitaldeasturias.com\/noticias\/?p=853468"},"modified":"2016-02-03T17:45:27","modified_gmt":"2016-02-03T17:45:27","slug":"juan-antonio-quiros-diserta-sobre-las-casas-y-aldeas-en-la-epoca-del-reino-de-asturias","status":"publish","type":"post","link":"https:\/\/www.eldigitaldeasturias.com\/noticias\/juan-antonio-quiros-diserta-sobre-las-casas-y-aldeas-en-la-epoca-del-reino-de-asturias\/","title":{"rendered":"Juan Antonio Quir\u00f3s diserta sobre las casas y aldeas en la \u00e9poca del Reino de Asturias"},"content":{"rendered":"<p><img loading=\"lazy\" decoding=\"async\" class=\"alignleft size-medium wp-image-435465\" src=\"https:\/\/www.eldigitaldeasturias.com\/noticias\/wp-content\/uploads\/2013\/10\/teverga-360x240.jpg\" alt=\"teverga\" width=\"360\" height=\"240\" srcset=\"https:\/\/www.eldigitaldeasturias.com\/noticias\/wp-content\/uploads\/2013\/10\/teverga-360x240.jpg 360w, https:\/\/www.eldigitaldeasturias.com\/noticias\/wp-content\/uploads\/2013\/10\/teverga-220x146.jpg 220w, https:\/\/www.eldigitaldeasturias.com\/noticias\/wp-content\/uploads\/2013\/10\/teverga.jpg 860w\" sizes=\"auto, (max-width: 360px) 100vw, 360px\" \/>El catedr\u00e1tico de Arqueolog\u00eda de la Universidad del Pa\u00eds Vasco Juan Antonio Quir\u00f3s Castillo ofrecer\u00e1 este jueves, a las 19.30, en el Museo Arqueol\u00f3gico, la conferencia Vivir en la \u00e9poca del reino de Asturias: casas, aldeas y cultura material.<\/p>\n<p>La charla, que ser\u00e1 presentada por la directora general de Patrimonio, Otilia Requejo, se enmarca en el ciclo de conferencias programado por la Consejer\u00eda de Educaci\u00f3n y Cultura en colaboraci\u00f3n de la Universidad de Oviedo, que forma parte de los actos conmemorativos del 30 aniversario de la inclusi\u00f3n del prerrom\u00e1nico asturiano en la lista del patrimonio mundial de la Unesco.<\/p>\n<p>Tambi\u00e9n en el Museo Arqueol\u00f3gico, sede del ciclo de conferencias, est\u00e1 abierta una exposici\u00f3n que muestra la evoluci\u00f3n del paisaje urbano y natural en el que se ubican las joyas prerrom\u00e1nicas. La muestra incluye paneles con textos, fotograf\u00edas y planimetr\u00edas de Santa Mar\u00eda de Naranco, San Miguel de Lillo, Santa Cristina de Lena, San Juli\u00e1n de los Prados (Santullano), la C\u00e1mara Santa de la catedral de Oviedo y la Foncalada, todos ellos incluidos en el listado de la UNESCO, adem\u00e1s de San Salvador de Valdedi\u00f3s, monumento sobre el que se est\u00e1n realizando en la actualidad las gestiones para su inclusi\u00f3n en la lista.<\/p>\n","protected":false},"excerpt":{"rendered":"<p>El catedr\u00e1tico de Arqueolog\u00eda de la Universidad del Pa\u00eds Vasco Juan Antonio Quir\u00f3s Castillo ofrecer\u00e1 este jueves, a las 19.30, en el Museo Arqueol\u00f3gico, la conferencia Vivir en la \u00e9poca del reino de Asturias: casas, aldeas y cultura material. La charla, que ser\u00e1 presentada por la directora general de Patrimonio, Otilia Requejo, se enmarca en [&hellip;]<\/p>\n","protected":false},"author":1,"featured_media":435465,"comment_status":"closed","ping_status":"closed","sticky":false,"template":"","format":"standard","meta":{"footnotes":""},"categories":[50],"tags":[],"class_list":["post-853468","post","type-post","status-publish","format-standard","has-post-thumbnail","hentry","category-revista-de-ocio"],"aioseo_notices":[],"aioseo_head":"\n\t\t<!-- All in One SEO Pro 4.9.6.2 - aioseo.com -->\n\t<meta name=\"description\" content=\"El catedr\u00e1tico de Arqueolog\u00eda de la Universidad del Pa\u00eds Vasco Juan Antonio Quir\u00f3s Castillo ofrecer\u00e1 este jueves, a las 19.30, en el Museo Arqueol\u00f3gico, la conferencia Vivir en la \u00e9poca del reino de Asturias: casas, aldeas y cultura material. La charla, que ser\u00e1 presentada por la directora general de Patrimonio, Otilia Requejo, se enmarca en\" \/>\n\t<meta name=\"robots\" content=\"max-image-preview:large\" \/>\n\t<meta name=\"author\" content=\"El Digital de Asturias\"\/>\n\t<meta name=\"google-site-verification\" content=\"UA-38556648-1\" \/>\n\t<meta name=\"msvalidate.01\" content=\"7dfe9f3f1b24437ab69f4f2559babe99\" \/>\n\t<meta name=\"keywords\" content=\"revista de ocio\" \/>\n\t<link rel=\"canonical\" href=\"https:\/\/www.eldigitaldeasturias.com\/noticias\/juan-antonio-quiros-diserta-sobre-las-casas-y-aldeas-en-la-epoca-del-reino-de-asturias\/\" \/>\n\t<meta name=\"generator\" content=\"All in One SEO Pro (AIOSEO) 4.9.6.2\" \/>\n\t\t<meta property=\"og:locale\" content=\"es_ES\" \/>\n\t\t<meta property=\"og:site_name\" content=\"El Digital de Asturias\" \/>\n\t\t<meta property=\"og:type\" content=\"article\" \/>\n\t\t<meta property=\"og:title\" content=\"Juan Antonio Quir\u00f3s diserta sobre las casas y aldeas en la \u00e9poca del Reino de Asturias - El Digital de Asturias\" \/>\n\t\t<meta property=\"og:description\" content=\"El catedr\u00e1tico de Arqueolog\u00eda de la Universidad del Pa\u00eds Vasco Juan Antonio Quir\u00f3s Castillo ofrecer\u00e1 este jueves, a las 19.30, en el Museo Arqueol\u00f3gico, la conferencia Vivir en la \u00e9poca del reino de Asturias: casas, aldeas y cultura material. La charla, que ser\u00e1 presentada por la directora general de Patrimonio, Otilia Requejo, se enmarca en\" \/>\n\t\t<meta property=\"og:url\" content=\"https:\/\/www.eldigitaldeasturias.com\/noticias\/juan-antonio-quiros-diserta-sobre-las-casas-y-aldeas-en-la-epoca-del-reino-de-asturias\/\" \/>\n\t\t<meta property=\"og:image\" content=\"https:\/\/www.eldigitaldeasturias.com\/noticias\/wp-content\/uploads\/2013\/10\/teverga.jpg\" \/>\n\t\t<meta property=\"og:image:secure_url\" content=\"https:\/\/www.eldigitaldeasturias.com\/noticias\/wp-content\/uploads\/2013\/10\/teverga.jpg\" \/>\n\t\t<meta property=\"og:image:width\" content=\"860\" \/>\n\t\t<meta property=\"og:image:height\" content=\"575\" \/>\n\t\t<meta property=\"article:tag\" content=\"revista de ocio\" \/>\n\t\t<meta property=\"article:published_time\" content=\"2016-02-03T17:45:27+00:00\" \/>\n\t\t<meta property=\"article:modified_time\" content=\"2016-02-03T17:45:27+00:00\" \/>\n\t\t<meta property=\"article:publisher\" content=\"https:\/\/facebook.com\/eldigitaldeasturias\" \/>\n\t\t<meta name=\"twitter:card\" content=\"summary_large_image\" \/>\n\t\t<meta name=\"twitter:title\" content=\"Juan Antonio Quir\u00f3s diserta sobre las casas y aldeas en la \u00e9poca del Reino de Asturias - El Digital de Asturias\" \/>\n\t\t<meta name=\"twitter:description\" content=\"El catedr\u00e1tico de Arqueolog\u00eda de la Universidad del Pa\u00eds Vasco Juan Antonio Quir\u00f3s Castillo ofrecer\u00e1 este jueves, a las 19.30, en el Museo Arqueol\u00f3gico, la conferencia Vivir en la \u00e9poca del reino de Asturias: casas, aldeas y cultura material. La charla, que ser\u00e1 presentada por la directora general de Patrimonio, Otilia Requejo, se enmarca en\" \/>\n\t\t<meta name=\"twitter:image\" content=\"https:\/\/www.eldigitaldeasturias.com\/noticias\/wp-content\/uploads\/2013\/10\/teverga.jpg\" \/>\n\t\t<meta name=\"twitter:label1\" content=\"Escrito por\" \/>\n\t\t<meta name=\"twitter:data1\" content=\"El Digital de Asturias\" \/>\n\t\t<meta name=\"twitter:label2\" content=\"Tiempo de lectura estimado\" \/>\n\t\t<meta name=\"twitter:data2\" content=\"1 minuto\" \/>\n\t\t<script type=\"application\/ld+json\" class=\"aioseo-schema\">\n\t\t\t{\"@context\":\"https:\\\/\\\/schema.org\",\"@graph\":[{\"@type\":\"BlogPosting\",\"@id\":\"https:\\\/\\\/www.eldigitaldeasturias.com\\\/noticias\\\/juan-antonio-quiros-diserta-sobre-las-casas-y-aldeas-en-la-epoca-del-reino-de-asturias\\\/#blogposting\",\"name\":\"Juan Antonio Quir\\u00f3s diserta sobre las casas y aldeas en la \\u00e9poca del Reino de Asturias - El Digital de Asturias\",\"headline\":\"Juan Antonio Quir\\u00f3s diserta sobre las casas y aldeas en la \\u00e9poca del Reino de Asturias\",\"author\":{\"@id\":\"https:\\\/\\\/www.eldigitaldeasturias.com\\\/noticias\\\/author\\\/admin\\\/#author\"},\"publisher\":{\"@id\":\"https:\\\/\\\/www.eldigitaldeasturias.com\\\/noticias\\\/#organization\"},\"image\":{\"@type\":\"ImageObject\",\"url\":\"https:\\\/\\\/www.eldigitaldeasturias.com\\\/noticias\\\/wp-content\\\/uploads\\\/2013\\\/10\\\/teverga.jpg\",\"width\":860,\"height\":575},\"datePublished\":\"2016-02-03T17:45:27+01:00\",\"dateModified\":\"2016-02-03T17:45:27+01:00\",\"inLanguage\":\"es-ES\",\"mainEntityOfPage\":{\"@id\":\"https:\\\/\\\/www.eldigitaldeasturias.com\\\/noticias\\\/juan-antonio-quiros-diserta-sobre-las-casas-y-aldeas-en-la-epoca-del-reino-de-asturias\\\/#webpage\"},\"isPartOf\":{\"@id\":\"https:\\\/\\\/www.eldigitaldeasturias.com\\\/noticias\\\/juan-antonio-quiros-diserta-sobre-las-casas-y-aldeas-en-la-epoca-del-reino-de-asturias\\\/#webpage\"},\"articleSection\":\"Revista de Ocio\"},{\"@type\":\"BreadcrumbList\",\"@id\":\"https:\\\/\\\/www.eldigitaldeasturias.com\\\/noticias\\\/juan-antonio-quiros-diserta-sobre-las-casas-y-aldeas-en-la-epoca-del-reino-de-asturias\\\/#breadcrumblist\",\"itemListElement\":[{\"@type\":\"ListItem\",\"@id\":\"https:\\\/\\\/www.eldigitaldeasturias.com\\\/noticias#listItem\",\"position\":1,\"name\":\"Home\",\"item\":\"https:\\\/\\\/www.eldigitaldeasturias.com\\\/noticias\",\"nextItem\":{\"@type\":\"ListItem\",\"@id\":\"https:\\\/\\\/www.eldigitaldeasturias.com\\\/noticias\\\/category\\\/revista-de-ocio\\\/#listItem\",\"name\":\"Revista de Ocio\"}},{\"@type\":\"ListItem\",\"@id\":\"https:\\\/\\\/www.eldigitaldeasturias.com\\\/noticias\\\/category\\\/revista-de-ocio\\\/#listItem\",\"position\":2,\"name\":\"Revista de Ocio\",\"item\":\"https:\\\/\\\/www.eldigitaldeasturias.com\\\/noticias\\\/category\\\/revista-de-ocio\\\/\",\"nextItem\":{\"@type\":\"ListItem\",\"@id\":\"https:\\\/\\\/www.eldigitaldeasturias.com\\\/noticias\\\/juan-antonio-quiros-diserta-sobre-las-casas-y-aldeas-en-la-epoca-del-reino-de-asturias\\\/#listItem\",\"name\":\"Juan Antonio Quir\\u00f3s diserta sobre las casas y aldeas en la \\u00e9poca del Reino de Asturias\"},\"previousItem\":{\"@type\":\"ListItem\",\"@id\":\"https:\\\/\\\/www.eldigitaldeasturias.com\\\/noticias#listItem\",\"name\":\"Home\"}},{\"@type\":\"ListItem\",\"@id\":\"https:\\\/\\\/www.eldigitaldeasturias.com\\\/noticias\\\/juan-antonio-quiros-diserta-sobre-las-casas-y-aldeas-en-la-epoca-del-reino-de-asturias\\\/#listItem\",\"position\":3,\"name\":\"Juan Antonio Quir\\u00f3s diserta sobre las casas y aldeas en la \\u00e9poca del Reino de Asturias\",\"previousItem\":{\"@type\":\"ListItem\",\"@id\":\"https:\\\/\\\/www.eldigitaldeasturias.com\\\/noticias\\\/category\\\/revista-de-ocio\\\/#listItem\",\"name\":\"Revista de Ocio\"}}]},{\"@type\":\"Organization\",\"@id\":\"https:\\\/\\\/www.eldigitaldeasturias.com\\\/noticias\\\/#organization\",\"name\":\"El Digital de Asturias\",\"description\":\"Hemeroteca\",\"url\":\"https:\\\/\\\/www.eldigitaldeasturias.com\\\/noticias\\\/\",\"email\":\"info@eldigitaldeasturias.com\",\"telephone\":\"+34652131393\",\"logo\":{\"@type\":\"ImageObject\",\"url\":\"https:\\\/\\\/www.eldigitaldeasturias.com\\\/noticias\\\/wp-content\\\/uploads\\\/2020\\\/12\\\/EDA.jpg\",\"@id\":\"https:\\\/\\\/www.eldigitaldeasturias.com\\\/noticias\\\/juan-antonio-quiros-diserta-sobre-las-casas-y-aldeas-en-la-epoca-del-reino-de-asturias\\\/#organizationLogo\",\"width\":649,\"height\":297},\"image\":{\"@id\":\"https:\\\/\\\/www.eldigitaldeasturias.com\\\/noticias\\\/juan-antonio-quiros-diserta-sobre-las-casas-y-aldeas-en-la-epoca-del-reino-de-asturias\\\/#organizationLogo\"},\"sameAs\":[\"https:\\\/\\\/facebook.com\\\/eldigitaldeasturias\",\"https:\\\/\\\/www.youtube.com\\\/channel\\\/UCZP-2wLEB9Rv6erhFmqVnvg\"],\"address\":{\"@id\":\"https:\\\/\\\/www.eldigitaldeasturias.com\\\/noticias\\\/#postaladdress\",\"@type\":\"PostalAddress\",\"streetAddress\":\"san antonio 4,\",\"postalCode\":\"33430\",\"addressLocality\":\"Cand\\u00e1s\",\"addressRegion\":\"Asturias\",\"addressCountry\":\"ES\"}},{\"@type\":\"Person\",\"@id\":\"https:\\\/\\\/www.eldigitaldeasturias.com\\\/noticias\\\/author\\\/admin\\\/#author\",\"url\":\"https:\\\/\\\/www.eldigitaldeasturias.com\\\/noticias\\\/author\\\/admin\\\/\",\"name\":\"El Digital de Asturias\",\"image\":{\"@type\":\"ImageObject\",\"@id\":\"https:\\\/\\\/www.eldigitaldeasturias.com\\\/noticias\\\/juan-antonio-quiros-diserta-sobre-las-casas-y-aldeas-en-la-epoca-del-reino-de-asturias\\\/#authorImage\",\"url\":\"https:\\\/\\\/www.eldigitaldeasturias.com\\\/noticias\\\/wp-content\\\/litespeed\\\/avatar\\\/18677e78aa0546b92d9dbf31ec7d7668.jpg?ver=1777290358\",\"width\":96,\"height\":96,\"caption\":\"El Digital de Asturias\"}},{\"@type\":\"WebPage\",\"@id\":\"https:\\\/\\\/www.eldigitaldeasturias.com\\\/noticias\\\/juan-antonio-quiros-diserta-sobre-las-casas-y-aldeas-en-la-epoca-del-reino-de-asturias\\\/#webpage\",\"url\":\"https:\\\/\\\/www.eldigitaldeasturias.com\\\/noticias\\\/juan-antonio-quiros-diserta-sobre-las-casas-y-aldeas-en-la-epoca-del-reino-de-asturias\\\/\",\"name\":\"Juan Antonio Quir\\u00f3s diserta sobre las casas y aldeas en la \\u00e9poca del Reino de Asturias - El Digital de Asturias\",\"description\":\"El catedr\\u00e1tico de Arqueolog\\u00eda de la Universidad del Pa\\u00eds Vasco Juan Antonio Quir\\u00f3s Castillo ofrecer\\u00e1 este jueves, a las 19.30, en el Museo Arqueol\\u00f3gico, la conferencia Vivir en la \\u00e9poca del reino de Asturias: casas, aldeas y cultura material. La charla, que ser\\u00e1 presentada por la directora general de Patrimonio, Otilia Requejo, se enmarca en\",\"inLanguage\":\"es-ES\",\"isPartOf\":{\"@id\":\"https:\\\/\\\/www.eldigitaldeasturias.com\\\/noticias\\\/#website\"},\"breadcrumb\":{\"@id\":\"https:\\\/\\\/www.eldigitaldeasturias.com\\\/noticias\\\/juan-antonio-quiros-diserta-sobre-las-casas-y-aldeas-en-la-epoca-del-reino-de-asturias\\\/#breadcrumblist\"},\"author\":{\"@id\":\"https:\\\/\\\/www.eldigitaldeasturias.com\\\/noticias\\\/author\\\/admin\\\/#author\"},\"creator\":{\"@id\":\"https:\\\/\\\/www.eldigitaldeasturias.com\\\/noticias\\\/author\\\/admin\\\/#author\"},\"image\":{\"@type\":\"ImageObject\",\"url\":\"https:\\\/\\\/www.eldigitaldeasturias.com\\\/noticias\\\/wp-content\\\/uploads\\\/2013\\\/10\\\/teverga.jpg\",\"@id\":\"https:\\\/\\\/www.eldigitaldeasturias.com\\\/noticias\\\/juan-antonio-quiros-diserta-sobre-las-casas-y-aldeas-en-la-epoca-del-reino-de-asturias\\\/#mainImage\",\"width\":860,\"height\":575},\"primaryImageOfPage\":{\"@id\":\"https:\\\/\\\/www.eldigitaldeasturias.com\\\/noticias\\\/juan-antonio-quiros-diserta-sobre-las-casas-y-aldeas-en-la-epoca-del-reino-de-asturias\\\/#mainImage\"},\"datePublished\":\"2016-02-03T17:45:27+01:00\",\"dateModified\":\"2016-02-03T17:45:27+01:00\"},{\"@type\":\"WebSite\",\"@id\":\"https:\\\/\\\/www.eldigitaldeasturias.com\\\/noticias\\\/#website\",\"url\":\"https:\\\/\\\/www.eldigitaldeasturias.com\\\/noticias\\\/\",\"name\":\"El Digital de Asturias - Diario de actualidad y noticias\",\"alternateName\":\"El Digital de Asturias - Diario de actualidad y noticias\",\"description\":\"Hemeroteca\",\"inLanguage\":\"es-ES\",\"publisher\":{\"@id\":\"https:\\\/\\\/www.eldigitaldeasturias.com\\\/noticias\\\/#organization\"}}]}\n\t\t<\/script>\n\t\t<!-- All in One SEO Pro -->\r\n\t\t<title>Juan Antonio Quir\u00f3s diserta sobre las casas y aldeas en la \u00e9poca del Reino de Asturias - El Digital de Asturias<\/title>\n\n","aioseo_head_json":{"title":"Juan Antonio Quir\u00f3s diserta sobre las casas y aldeas en la \u00e9poca del Reino de Asturias - El Digital de Asturias","description":"El catedr\u00e1tico de Arqueolog\u00eda de la Universidad del Pa\u00eds Vasco Juan Antonio Quir\u00f3s Castillo ofrecer\u00e1 este jueves, a las 19.30, en el Museo Arqueol\u00f3gico, la conferencia Vivir en la \u00e9poca del reino de Asturias: casas, aldeas y cultura material. La charla, que ser\u00e1 presentada por la directora general de Patrimonio, Otilia Requejo, se enmarca en","canonical_url":"https:\/\/www.eldigitaldeasturias.com\/noticias\/juan-antonio-quiros-diserta-sobre-las-casas-y-aldeas-en-la-epoca-del-reino-de-asturias\/","robots":"max-image-preview:large","keywords":"revista de ocio","webmasterTools":{"google-site-verification":"UA-38556648-1","msvalidate.01":"7dfe9f3f1b24437ab69f4f2559babe99","miscellaneous":""},"schema":{"@context":"https:\/\/schema.org","@graph":[{"@type":"BlogPosting","@id":"https:\/\/www.eldigitaldeasturias.com\/noticias\/juan-antonio-quiros-diserta-sobre-las-casas-y-aldeas-en-la-epoca-del-reino-de-asturias\/#blogposting","name":"Juan Antonio Quir\u00f3s diserta sobre las casas y aldeas en la \u00e9poca del Reino de Asturias - El Digital de Asturias","headline":"Juan Antonio Quir\u00f3s diserta sobre las casas y aldeas en la \u00e9poca del Reino de Asturias","author":{"@id":"https:\/\/www.eldigitaldeasturias.com\/noticias\/author\/admin\/#author"},"publisher":{"@id":"https:\/\/www.eldigitaldeasturias.com\/noticias\/#organization"},"image":{"@type":"ImageObject","url":"https:\/\/www.eldigitaldeasturias.com\/noticias\/wp-content\/uploads\/2013\/10\/teverga.jpg","width":860,"height":575},"datePublished":"2016-02-03T17:45:27+01:00","dateModified":"2016-02-03T17:45:27+01:00","inLanguage":"es-ES","mainEntityOfPage":{"@id":"https:\/\/www.eldigitaldeasturias.com\/noticias\/juan-antonio-quiros-diserta-sobre-las-casas-y-aldeas-en-la-epoca-del-reino-de-asturias\/#webpage"},"isPartOf":{"@id":"https:\/\/www.eldigitaldeasturias.com\/noticias\/juan-antonio-quiros-diserta-sobre-las-casas-y-aldeas-en-la-epoca-del-reino-de-asturias\/#webpage"},"articleSection":"Revista de Ocio"},{"@type":"BreadcrumbList","@id":"https:\/\/www.eldigitaldeasturias.com\/noticias\/juan-antonio-quiros-diserta-sobre-las-casas-y-aldeas-en-la-epoca-del-reino-de-asturias\/#breadcrumblist","itemListElement":[{"@type":"ListItem","@id":"https:\/\/www.eldigitaldeasturias.com\/noticias#listItem","position":1,"name":"Home","item":"https:\/\/www.eldigitaldeasturias.com\/noticias","nextItem":{"@type":"ListItem","@id":"https:\/\/www.eldigitaldeasturias.com\/noticias\/category\/revista-de-ocio\/#listItem","name":"Revista de Ocio"}},{"@type":"ListItem","@id":"https:\/\/www.eldigitaldeasturias.com\/noticias\/category\/revista-de-ocio\/#listItem","position":2,"name":"Revista de Ocio","item":"https:\/\/www.eldigitaldeasturias.com\/noticias\/category\/revista-de-ocio\/","nextItem":{"@type":"ListItem","@id":"https:\/\/www.eldigitaldeasturias.com\/noticias\/juan-antonio-quiros-diserta-sobre-las-casas-y-aldeas-en-la-epoca-del-reino-de-asturias\/#listItem","name":"Juan Antonio Quir\u00f3s diserta sobre las casas y aldeas en la \u00e9poca del Reino de Asturias"},"previousItem":{"@type":"ListItem","@id":"https:\/\/www.eldigitaldeasturias.com\/noticias#listItem","name":"Home"}},{"@type":"ListItem","@id":"https:\/\/www.eldigitaldeasturias.com\/noticias\/juan-antonio-quiros-diserta-sobre-las-casas-y-aldeas-en-la-epoca-del-reino-de-asturias\/#listItem","position":3,"name":"Juan Antonio Quir\u00f3s diserta sobre las casas y aldeas en la \u00e9poca del Reino de Asturias","previousItem":{"@type":"ListItem","@id":"https:\/\/www.eldigitaldeasturias.com\/noticias\/category\/revista-de-ocio\/#listItem","name":"Revista de Ocio"}}]},{"@type":"Organization","@id":"https:\/\/www.eldigitaldeasturias.com\/noticias\/#organization","name":"El Digital de Asturias","description":"Hemeroteca","url":"https:\/\/www.eldigitaldeasturias.com\/noticias\/","email":"info@eldigitaldeasturias.com","telephone":"+34652131393","logo":{"@type":"ImageObject","url":"https:\/\/www.eldigitaldeasturias.com\/noticias\/wp-content\/uploads\/2020\/12\/EDA.jpg","@id":"https:\/\/www.eldigitaldeasturias.com\/noticias\/juan-antonio-quiros-diserta-sobre-las-casas-y-aldeas-en-la-epoca-del-reino-de-asturias\/#organizationLogo","width":649,"height":297},"image":{"@id":"https:\/\/www.eldigitaldeasturias.com\/noticias\/juan-antonio-quiros-diserta-sobre-las-casas-y-aldeas-en-la-epoca-del-reino-de-asturias\/#organizationLogo"},"sameAs":["https:\/\/facebook.com\/eldigitaldeasturias","https:\/\/www.youtube.com\/channel\/UCZP-2wLEB9Rv6erhFmqVnvg"],"address":{"@id":"https:\/\/www.eldigitaldeasturias.com\/noticias\/#postaladdress","@type":"PostalAddress","streetAddress":"san antonio 4,","postalCode":"33430","addressLocality":"Cand\u00e1s","addressRegion":"Asturias","addressCountry":"ES"}},{"@type":"Person","@id":"https:\/\/www.eldigitaldeasturias.com\/noticias\/author\/admin\/#author","url":"https:\/\/www.eldigitaldeasturias.com\/noticias\/author\/admin\/","name":"El Digital de Asturias","image":{"@type":"ImageObject","@id":"https:\/\/www.eldigitaldeasturias.com\/noticias\/juan-antonio-quiros-diserta-sobre-las-casas-y-aldeas-en-la-epoca-del-reino-de-asturias\/#authorImage","url":"https:\/\/www.eldigitaldeasturias.com\/noticias\/wp-content\/litespeed\/avatar\/18677e78aa0546b92d9dbf31ec7d7668.jpg?ver=1777290358","width":96,"height":96,"caption":"El Digital de Asturias"}},{"@type":"WebPage","@id":"https:\/\/www.eldigitaldeasturias.com\/noticias\/juan-antonio-quiros-diserta-sobre-las-casas-y-aldeas-en-la-epoca-del-reino-de-asturias\/#webpage","url":"https:\/\/www.eldigitaldeasturias.com\/noticias\/juan-antonio-quiros-diserta-sobre-las-casas-y-aldeas-en-la-epoca-del-reino-de-asturias\/","name":"Juan Antonio Quir\u00f3s diserta sobre las casas y aldeas en la \u00e9poca del Reino de Asturias - El Digital de Asturias","description":"El catedr\u00e1tico de Arqueolog\u00eda de la Universidad del Pa\u00eds Vasco Juan Antonio Quir\u00f3s Castillo ofrecer\u00e1 este jueves, a las 19.30, en el Museo Arqueol\u00f3gico, la conferencia Vivir en la \u00e9poca del reino de Asturias: casas, aldeas y cultura material. La charla, que ser\u00e1 presentada por la directora general de Patrimonio, Otilia Requejo, se enmarca en","inLanguage":"es-ES","isPartOf":{"@id":"https:\/\/www.eldigitaldeasturias.com\/noticias\/#website"},"breadcrumb":{"@id":"https:\/\/www.eldigitaldeasturias.com\/noticias\/juan-antonio-quiros-diserta-sobre-las-casas-y-aldeas-en-la-epoca-del-reino-de-asturias\/#breadcrumblist"},"author":{"@id":"https:\/\/www.eldigitaldeasturias.com\/noticias\/author\/admin\/#author"},"creator":{"@id":"https:\/\/www.eldigitaldeasturias.com\/noticias\/author\/admin\/#author"},"image":{"@type":"ImageObject","url":"https:\/\/www.eldigitaldeasturias.com\/noticias\/wp-content\/uploads\/2013\/10\/teverga.jpg","@id":"https:\/\/www.eldigitaldeasturias.com\/noticias\/juan-antonio-quiros-diserta-sobre-las-casas-y-aldeas-en-la-epoca-del-reino-de-asturias\/#mainImage","width":860,"height":575},"primaryImageOfPage":{"@id":"https:\/\/www.eldigitaldeasturias.com\/noticias\/juan-antonio-quiros-diserta-sobre-las-casas-y-aldeas-en-la-epoca-del-reino-de-asturias\/#mainImage"},"datePublished":"2016-02-03T17:45:27+01:00","dateModified":"2016-02-03T17:45:27+01:00"},{"@type":"WebSite","@id":"https:\/\/www.eldigitaldeasturias.com\/noticias\/#website","url":"https:\/\/www.eldigitaldeasturias.com\/noticias\/","name":"El Digital de Asturias - Diario de actualidad y noticias","alternateName":"El Digital de Asturias - Diario de actualidad y noticias","description":"Hemeroteca","inLanguage":"es-ES","publisher":{"@id":"https:\/\/www.eldigitaldeasturias.com\/noticias\/#organization"}}]},"og:locale":"es_ES","og:site_name":"El Digital de Asturias","og:type":"article","og:title":"Juan Antonio Quir\u00f3s diserta sobre las casas y aldeas en la \u00e9poca del Reino de Asturias - El Digital de Asturias","og:description":"El catedr\u00e1tico de Arqueolog\u00eda de la Universidad del Pa\u00eds Vasco Juan Antonio Quir\u00f3s Castillo ofrecer\u00e1 este jueves, a las 19.30, en el Museo Arqueol\u00f3gico, la conferencia Vivir en la \u00e9poca del reino de Asturias: casas, aldeas y cultura material. La charla, que ser\u00e1 presentada por la directora general de Patrimonio, Otilia Requejo, se enmarca en","og:url":"https:\/\/www.eldigitaldeasturias.com\/noticias\/juan-antonio-quiros-diserta-sobre-las-casas-y-aldeas-en-la-epoca-del-reino-de-asturias\/","og:image":"https:\/\/www.eldigitaldeasturias.com\/noticias\/wp-content\/uploads\/2013\/10\/teverga.jpg","og:image:secure_url":"https:\/\/www.eldigitaldeasturias.com\/noticias\/wp-content\/uploads\/2013\/10\/teverga.jpg","og:image:width":860,"og:image:height":575,"article:tag":["revista de ocio"],"article:published_time":"2016-02-03T17:45:27+00:00","article:modified_time":"2016-02-03T17:45:27+00:00","article:publisher":"https:\/\/facebook.com\/eldigitaldeasturias","twitter:card":"summary_large_image","twitter:title":"Juan Antonio Quir\u00f3s diserta sobre las casas y aldeas en la \u00e9poca del Reino de Asturias - El Digital de Asturias","twitter:description":"El catedr\u00e1tico de Arqueolog\u00eda de la Universidad del Pa\u00eds Vasco Juan Antonio Quir\u00f3s Castillo ofrecer\u00e1 este jueves, a las 19.30, en el Museo Arqueol\u00f3gico, la conferencia Vivir en la \u00e9poca del reino de Asturias: casas, aldeas y cultura material. La charla, que ser\u00e1 presentada por la directora general de Patrimonio, Otilia Requejo, se enmarca en","twitter:image":"https:\/\/www.eldigitaldeasturias.com\/noticias\/wp-content\/uploads\/2013\/10\/teverga.jpg","twitter:label1":"Escrito por","twitter:data1":"El Digital de Asturias","twitter:label2":"Tiempo de lectura estimado","twitter:data2":"1 minuto"},"aioseo_meta_data":{"post_id":"853468","title":null,"description":null,"keywords":null,"keyphrases":null,"primary_term":null,"canonical_url":null,"og_title":null,"og_description":null,"og_object_type":"default","og_image_type":"default","og_image_url":null,"og_image_width":null,"og_image_height":null,"og_image_custom_url":null,"og_image_custom_fields":null,"og_video":null,"og_custom_url":null,"og_article_section":null,"og_article_tags":null,"twitter_use_og":false,"twitter_card":"default","twitter_image_type":"default","twitter_image_url":null,"twitter_image_custom_url":null,"twitter_image_custom_fields":null,"twitter_title":null,"twitter_description":null,"schema":{"blockGraphs":[],"customGraphs":[],"default":{"data":{"Article":[],"Course":[],"Dataset":[],"FAQPage":[],"Movie":[],"Person":[],"Product":[],"ProductReview":[],"Car":[],"Recipe":[],"Service":[],"SoftwareApplication":[],"WebPage":[]},"graphName":"","isEnabled":true},"graphs":[],"defaultGraph":"","defaultPostTypeGraph":""},"schema_type":null,"schema_type_options":null,"pillar_content":false,"robots_default":true,"robots_noindex":false,"robots_noarchive":false,"robots_nosnippet":false,"robots_nofollow":false,"robots_noimageindex":false,"robots_noodp":false,"robots_notranslate":false,"robots_max_snippet":null,"robots_max_videopreview":null,"robots_max_imagepreview":"large","priority":null,"frequency":null,"local_seo":null,"seo_analyzer_scan_date":"2025-12-09 18:08:10","breadcrumb_settings":null,"limit_modified_date":false,"open_ai":null,"ai":null,"created":"2021-01-22 20:06:47","updated":"2025-12-09 18:08:10"},"aioseo_breadcrumb":"<div class=\"aioseo-breadcrumbs\"><span class=\"aioseo-breadcrumb\">\n\t<a href=\"https:\/\/www.eldigitaldeasturias.com\/noticias\" title=\"Home\">Home<\/a>\n<\/span><span class=\"aioseo-breadcrumb-separator\">\u2013<\/span><span class=\"aioseo-breadcrumb\">\n\t<a href=\"https:\/\/www.eldigitaldeasturias.com\/noticias\/category\/revista-de-ocio\/\" title=\"Revista de Ocio\">Revista de Ocio<\/a>\n<\/span><span class=\"aioseo-breadcrumb-separator\">\u2013<\/span><span class=\"aioseo-breadcrumb\">\n\t<a href=\"https:\/\/www.eldigitaldeasturias.com\/noticias\/juan-antonio-quiros-diserta-sobre-las-casas-y-aldeas-en-la-epoca-del-reino-de-asturias\/\" title=\"Juan Antonio Quir\u00f3s diserta sobre las casas y aldeas en la \u00e9poca del Reino de Asturias\">Juan Antonio Quir\u00f3s diserta sobre las casas y aldeas en la \u00e9poca del Reino de Asturias<\/a>\n<\/span><\/div>","aioseo_breadcrumb_json":[{"label":"Home","link":"https:\/\/www.eldigitaldeasturias.com\/noticias"},{"label":"Revista de Ocio","link":"https:\/\/www.eldigitaldeasturias.com\/noticias\/category\/revista-de-ocio\/"},{"label":"Juan Antonio Quir\u00f3s diserta sobre las casas y aldeas en la \u00e9poca del Reino de Asturias","link":"https:\/\/www.eldigitaldeasturias.com\/noticias\/juan-antonio-quiros-diserta-sobre-las-casas-y-aldeas-en-la-epoca-del-reino-de-asturias\/"}],"_links":{"self":[{"href":"https:\/\/www.eldigitaldeasturias.com\/noticias\/wp-json\/wp\/v2\/posts\/853468","targetHints":{"allow":["GET"]}}],"collection":[{"href":"https:\/\/www.eldigitaldeasturias.com\/noticias\/wp-json\/wp\/v2\/posts"}],"about":[{"href":"https:\/\/www.eldigitaldeasturias.com\/noticias\/wp-json\/wp\/v2\/types\/post"}],"author":[{"embeddable":true,"href":"https:\/\/www.eldigitaldeasturias.com\/noticias\/wp-json\/wp\/v2\/users\/1"}],"replies":[{"embeddable":true,"href":"https:\/\/www.eldigitaldeasturias.com\/noticias\/wp-json\/wp\/v2\/comments?post=853468"}],"version-history":[{"count":0,"href":"https:\/\/www.eldigitaldeasturias.com\/noticias\/wp-json\/wp\/v2\/posts\/853468\/revisions"}],"wp:featuredmedia":[{"embeddable":true,"href":"https:\/\/www.eldigitaldeasturias.com\/noticias\/wp-json\/wp\/v2\/media\/435465"}],"wp:attachment":[{"href":"https:\/\/www.eldigitaldeasturias.com\/noticias\/wp-json\/wp\/v2\/media?parent=853468"}],"wp:term":[{"taxonomy":"category","embeddable":true,"href":"https:\/\/www.eldigitaldeasturias.com\/noticias\/wp-json\/wp\/v2\/categories?post=853468"},{"taxonomy":"post_tag","embeddable":true,"href":"https:\/\/www.eldigitaldeasturias.com\/noticias\/wp-json\/wp\/v2\/tags?post=853468"}],"curies":[{"name":"wp","href":"https:\/\/api.w.org\/{rel}","templated":true}]}}