{"id":853446,"date":"2016-02-03T17:34:03","date_gmt":"2016-02-03T17:34:03","guid":{"rendered":"http:\/\/www.eldigitaldeasturias.com\/noticias\/?p=853446"},"modified":"2016-02-03T17:34:03","modified_gmt":"2016-02-03T17:34:03","slug":"ciudadanos-presenta-una-proposicion-no-de-ley-que-promueve-la-igualdad-entre-hombres-y-mujeres","status":"publish","type":"post","link":"https:\/\/www.eldigitaldeasturias.com\/noticias\/ciudadanos-presenta-una-proposicion-no-de-ley-que-promueve-la-igualdad-entre-hombres-y-mujeres\/","title":{"rendered":"Ciudadanos presenta una proposici\u00f3n no de ley que promueve la igualdad entre hombres y mujeres"},"content":{"rendered":"<p><img loading=\"lazy\" decoding=\"async\" class=\"alignleft size-medium wp-image-853447\" src=\"https:\/\/www.eldigitaldeasturias.com\/noticias\/wp-content\/uploads\/2016\/02\/fotonoticia_20160203121751_800-360x280.jpg\" alt=\"fotonoticia_20160203121751_800\" width=\"360\" height=\"280\" srcset=\"https:\/\/www.eldigitaldeasturias.com\/noticias\/wp-content\/uploads\/2016\/02\/fotonoticia_20160203121751_800-360x280.jpg 360w, https:\/\/www.eldigitaldeasturias.com\/noticias\/wp-content\/uploads\/2016\/02\/fotonoticia_20160203121751_800-768x597.jpg 768w, https:\/\/www.eldigitaldeasturias.com\/noticias\/wp-content\/uploads\/2016\/02\/fotonoticia_20160203121751_800-650x505.jpg 650w, https:\/\/www.eldigitaldeasturias.com\/noticias\/wp-content\/uploads\/2016\/02\/fotonoticia_20160203121751_800.jpg 800w\" sizes=\"auto, (max-width: 360px) 100vw, 360px\" \/>La diputada del grupo de Ciudadanos en la Junta General del Principado de Asturias Diana S\u00e1nchez ha presentado este mi\u00e9rcoles una proposici\u00f3n no de ley para que se debata en el Pleno la \u00abigualdad entre las mujeres y los hombres y la conciliaci\u00f3n de la vida laboral y familiar\u00bb.<\/p>\n<p>Seg\u00fan ha se\u00f1alado S\u00e1nchez en una rueda de prensa, esta propuesta incorpora la elaboraci\u00f3n de un plan para que se cumplan estos dos compromisos y se deber\u00e1 realizar \u00aben un plazo m\u00e1ximo de seis meses\u00bb. Asimismo, la proposici\u00f3n aborda \u00abla reducci\u00f3n de la brecha salarial\u00bb entre ambos sexos y \u00abel fomento de la incorporaci\u00f3n de las mujeres a los puestos directivos de las empresas y a los consejos de administraci\u00f3n\u00bb.<\/p>\n<p>Tambi\u00e9n se promover\u00e1n \u00ablos planes de igualdad\u00bb en las sociedades mercantiles, \u00abla prevenci\u00f3n de actitudes que atenten contra la integridad y la dignidad de las mujeres, como la violencia de g\u00e9nero, el acoso sexual o el laboral por raz\u00f3n de g\u00e9nero\u00bb y el establecimiento \u00abde guarder\u00edas en los centros de trabajo y en las administraciones p\u00fablicas\u00bb.<\/p>\n<p>De forma paralela, la proposici\u00f3n se\u00f1ala que se debe \u00abaumentar la escolarizaci\u00f3n de 0 a 3 a\u00f1os y que las escuelas abran antes de las nueve\u00bb. Respecto a este punto, S\u00e1nchez ha destacado que se \u00abdeber\u00e1 estudiar si se hacen conciertos privados\u00bb para que el n\u00famero de plazas se incrementen y se \u00abpromover\u00e1 la conciliaci\u00f3n entre la vida laboral y la familiar con horarios jornadas m\u00e1s flexibles, en particular en el \u00e1mbito de la fundaci\u00f3n p\u00fablica asturiana\u00bb.<\/p>\n<p>Durante su intervenci\u00f3n, S\u00e1nchez ha aclarado que este modelo se \u00absigue en el Reino Unido\u00bb y que esta proposici\u00f3n se promover\u00e1, una vez constituido el pr\u00f3ximo Gobierno nacional, en el Congreso de los Diputados con el fin de promover un pacto nacional por la Racionalizaci\u00f3n de Horarios y la Conciliaci\u00f3n Laboral.<\/p>\n<p>Adem\u00e1s, la diputada regional ha comentado que este proyecto establecer\u00e1 la modificaci\u00f3n de los permisos laborales de paternidad y maternidad con el fin de que tanto las mujeres y los hombres \u00abpuedan disponer de 26 semanas de baja, ocho de ellas ser\u00e1n obligatorias e intransferibles y otras diez obligatorias y divisibles entre ambos\u00bb.<\/p>\n","protected":false},"excerpt":{"rendered":"<p>La diputada del grupo de Ciudadanos en la Junta General del Principado de Asturias Diana S\u00e1nchez ha presentado este mi\u00e9rcoles una proposici\u00f3n no de ley para que se debata en el Pleno la \u00abigualdad entre las mujeres y los hombres y la conciliaci\u00f3n de la vida laboral y familiar\u00bb. Seg\u00fan ha se\u00f1alado S\u00e1nchez en una [&hellip;]<\/p>\n","protected":false},"author":1,"featured_media":853447,"comment_status":"closed","ping_status":"closed","sticky":false,"template":"","format":"standard","meta":{"footnotes":""},"categories":[12],"tags":[],"class_list":["post-853446","post","type-post","status-publish","format-standard","has-post-thumbnail","hentry","category-actualidad-asturias"],"aioseo_notices":[],"aioseo_head":"\n\t\t<!-- All in One SEO Pro 4.9.6.2 - aioseo.com -->\n\t<meta name=\"description\" content=\"La diputada del grupo de Ciudadanos en la Junta General del Principado de Asturias Diana S\u00e1nchez ha presentado este mi\u00e9rcoles una proposici\u00f3n no de ley para que se debata en el Pleno la &quot;igualdad entre las mujeres y los hombres y la conciliaci\u00f3n de la vida laboral y familiar&quot;. Seg\u00fan ha se\u00f1alado S\u00e1nchez en una\" \/>\n\t<meta name=\"robots\" content=\"max-image-preview:large\" \/>\n\t<meta name=\"author\" content=\"El Digital de Asturias\"\/>\n\t<meta name=\"google-site-verification\" content=\"UA-38556648-1\" \/>\n\t<meta name=\"msvalidate.01\" content=\"7dfe9f3f1b24437ab69f4f2559babe99\" \/>\n\t<meta name=\"keywords\" content=\"actualidad asturias\" \/>\n\t<link rel=\"canonical\" href=\"https:\/\/www.eldigitaldeasturias.com\/noticias\/ciudadanos-presenta-una-proposicion-no-de-ley-que-promueve-la-igualdad-entre-hombres-y-mujeres\/\" \/>\n\t<meta name=\"generator\" content=\"All in One SEO Pro (AIOSEO) 4.9.6.2\" \/>\n\t\t<meta property=\"og:locale\" content=\"es_ES\" \/>\n\t\t<meta property=\"og:site_name\" content=\"El Digital de Asturias\" \/>\n\t\t<meta property=\"og:type\" content=\"article\" \/>\n\t\t<meta property=\"og:title\" content=\"Ciudadanos presenta una proposici\u00f3n no de ley que promueve la igualdad entre hombres y mujeres - El Digital de Asturias\" \/>\n\t\t<meta property=\"og:description\" content=\"La diputada del grupo de Ciudadanos en la Junta General del Principado de Asturias Diana S\u00e1nchez ha presentado este mi\u00e9rcoles una proposici\u00f3n no de ley para que se debata en el Pleno la &quot;igualdad entre las mujeres y los hombres y la conciliaci\u00f3n de la vida laboral y familiar&quot;. Seg\u00fan ha se\u00f1alado S\u00e1nchez en una\" \/>\n\t\t<meta property=\"og:url\" content=\"https:\/\/www.eldigitaldeasturias.com\/noticias\/ciudadanos-presenta-una-proposicion-no-de-ley-que-promueve-la-igualdad-entre-hombres-y-mujeres\/\" \/>\n\t\t<meta property=\"og:image\" content=\"https:\/\/www.eldigitaldeasturias.com\/noticias\/wp-content\/uploads\/2016\/02\/fotonoticia_20160203121751_800.jpg\" \/>\n\t\t<meta property=\"og:image:secure_url\" content=\"https:\/\/www.eldigitaldeasturias.com\/noticias\/wp-content\/uploads\/2016\/02\/fotonoticia_20160203121751_800.jpg\" \/>\n\t\t<meta property=\"og:image:width\" content=\"800\" \/>\n\t\t<meta property=\"og:image:height\" content=\"622\" \/>\n\t\t<meta property=\"article:tag\" content=\"actualidad asturias\" \/>\n\t\t<meta property=\"article:published_time\" content=\"2016-02-03T17:34:03+00:00\" \/>\n\t\t<meta property=\"article:modified_time\" content=\"2016-02-03T17:34:03+00:00\" \/>\n\t\t<meta property=\"article:publisher\" content=\"https:\/\/facebook.com\/eldigitaldeasturias\" \/>\n\t\t<meta name=\"twitter:card\" content=\"summary_large_image\" \/>\n\t\t<meta name=\"twitter:title\" content=\"Ciudadanos presenta una proposici\u00f3n no de ley que promueve la igualdad entre hombres y mujeres - El Digital de Asturias\" \/>\n\t\t<meta name=\"twitter:description\" content=\"La diputada del grupo de Ciudadanos en la Junta General del Principado de Asturias Diana S\u00e1nchez ha presentado este mi\u00e9rcoles una proposici\u00f3n no de ley para que se debata en el Pleno la &quot;igualdad entre las mujeres y los hombres y la conciliaci\u00f3n de la vida laboral y familiar&quot;. Seg\u00fan ha se\u00f1alado S\u00e1nchez en una\" \/>\n\t\t<meta name=\"twitter:image\" content=\"https:\/\/www.eldigitaldeasturias.com\/noticias\/wp-content\/uploads\/2016\/02\/fotonoticia_20160203121751_800.jpg\" \/>\n\t\t<meta name=\"twitter:label1\" content=\"Escrito por\" \/>\n\t\t<meta name=\"twitter:data1\" content=\"El Digital de Asturias\" \/>\n\t\t<meta name=\"twitter:label2\" content=\"Tiempo de lectura estimado\" \/>\n\t\t<meta name=\"twitter:data2\" content=\"2 minutos\" \/>\n\t\t<script type=\"application\/ld+json\" class=\"aioseo-schema\">\n\t\t\t{\"@context\":\"https:\\\/\\\/schema.org\",\"@graph\":[{\"@type\":\"BlogPosting\",\"@id\":\"https:\\\/\\\/www.eldigitaldeasturias.com\\\/noticias\\\/ciudadanos-presenta-una-proposicion-no-de-ley-que-promueve-la-igualdad-entre-hombres-y-mujeres\\\/#blogposting\",\"name\":\"Ciudadanos presenta una proposici\\u00f3n no de ley que promueve la igualdad entre hombres y mujeres - El Digital de Asturias\",\"headline\":\"Ciudadanos presenta una proposici\\u00f3n no de ley que promueve la igualdad entre hombres y mujeres\",\"author\":{\"@id\":\"https:\\\/\\\/www.eldigitaldeasturias.com\\\/noticias\\\/author\\\/admin\\\/#author\"},\"publisher\":{\"@id\":\"https:\\\/\\\/www.eldigitaldeasturias.com\\\/noticias\\\/#organization\"},\"image\":{\"@type\":\"ImageObject\",\"url\":\"https:\\\/\\\/www.eldigitaldeasturias.com\\\/noticias\\\/wp-content\\\/uploads\\\/2016\\\/02\\\/fotonoticia_20160203121751_800.jpg\",\"width\":800,\"height\":622},\"datePublished\":\"2016-02-03T17:34:03+01:00\",\"dateModified\":\"2016-02-03T17:34:03+01:00\",\"inLanguage\":\"es-ES\",\"mainEntityOfPage\":{\"@id\":\"https:\\\/\\\/www.eldigitaldeasturias.com\\\/noticias\\\/ciudadanos-presenta-una-proposicion-no-de-ley-que-promueve-la-igualdad-entre-hombres-y-mujeres\\\/#webpage\"},\"isPartOf\":{\"@id\":\"https:\\\/\\\/www.eldigitaldeasturias.com\\\/noticias\\\/ciudadanos-presenta-una-proposicion-no-de-ley-que-promueve-la-igualdad-entre-hombres-y-mujeres\\\/#webpage\"},\"articleSection\":\"Actualidad Asturias\"},{\"@type\":\"BreadcrumbList\",\"@id\":\"https:\\\/\\\/www.eldigitaldeasturias.com\\\/noticias\\\/ciudadanos-presenta-una-proposicion-no-de-ley-que-promueve-la-igualdad-entre-hombres-y-mujeres\\\/#breadcrumblist\",\"itemListElement\":[{\"@type\":\"ListItem\",\"@id\":\"https:\\\/\\\/www.eldigitaldeasturias.com\\\/noticias#listItem\",\"position\":1,\"name\":\"Home\",\"item\":\"https:\\\/\\\/www.eldigitaldeasturias.com\\\/noticias\",\"nextItem\":{\"@type\":\"ListItem\",\"@id\":\"https:\\\/\\\/www.eldigitaldeasturias.com\\\/noticias\\\/category\\\/actualidad-asturias\\\/#listItem\",\"name\":\"Actualidad Asturias\"}},{\"@type\":\"ListItem\",\"@id\":\"https:\\\/\\\/www.eldigitaldeasturias.com\\\/noticias\\\/category\\\/actualidad-asturias\\\/#listItem\",\"position\":2,\"name\":\"Actualidad Asturias\",\"item\":\"https:\\\/\\\/www.eldigitaldeasturias.com\\\/noticias\\\/category\\\/actualidad-asturias\\\/\",\"nextItem\":{\"@type\":\"ListItem\",\"@id\":\"https:\\\/\\\/www.eldigitaldeasturias.com\\\/noticias\\\/ciudadanos-presenta-una-proposicion-no-de-ley-que-promueve-la-igualdad-entre-hombres-y-mujeres\\\/#listItem\",\"name\":\"Ciudadanos presenta una proposici\\u00f3n no de ley que promueve la igualdad entre hombres y mujeres\"},\"previousItem\":{\"@type\":\"ListItem\",\"@id\":\"https:\\\/\\\/www.eldigitaldeasturias.com\\\/noticias#listItem\",\"name\":\"Home\"}},{\"@type\":\"ListItem\",\"@id\":\"https:\\\/\\\/www.eldigitaldeasturias.com\\\/noticias\\\/ciudadanos-presenta-una-proposicion-no-de-ley-que-promueve-la-igualdad-entre-hombres-y-mujeres\\\/#listItem\",\"position\":3,\"name\":\"Ciudadanos presenta una proposici\\u00f3n no de ley que promueve la igualdad entre hombres y mujeres\",\"previousItem\":{\"@type\":\"ListItem\",\"@id\":\"https:\\\/\\\/www.eldigitaldeasturias.com\\\/noticias\\\/category\\\/actualidad-asturias\\\/#listItem\",\"name\":\"Actualidad Asturias\"}}]},{\"@type\":\"Organization\",\"@id\":\"https:\\\/\\\/www.eldigitaldeasturias.com\\\/noticias\\\/#organization\",\"name\":\"El Digital de Asturias\",\"description\":\"Hemeroteca\",\"url\":\"https:\\\/\\\/www.eldigitaldeasturias.com\\\/noticias\\\/\",\"email\":\"info@eldigitaldeasturias.com\",\"telephone\":\"+34652131393\",\"logo\":{\"@type\":\"ImageObject\",\"url\":\"https:\\\/\\\/www.eldigitaldeasturias.com\\\/noticias\\\/wp-content\\\/uploads\\\/2020\\\/12\\\/EDA.jpg\",\"@id\":\"https:\\\/\\\/www.eldigitaldeasturias.com\\\/noticias\\\/ciudadanos-presenta-una-proposicion-no-de-ley-que-promueve-la-igualdad-entre-hombres-y-mujeres\\\/#organizationLogo\",\"width\":649,\"height\":297},\"image\":{\"@id\":\"https:\\\/\\\/www.eldigitaldeasturias.com\\\/noticias\\\/ciudadanos-presenta-una-proposicion-no-de-ley-que-promueve-la-igualdad-entre-hombres-y-mujeres\\\/#organizationLogo\"},\"sameAs\":[\"https:\\\/\\\/facebook.com\\\/eldigitaldeasturias\",\"https:\\\/\\\/www.youtube.com\\\/channel\\\/UCZP-2wLEB9Rv6erhFmqVnvg\"],\"address\":{\"@id\":\"https:\\\/\\\/www.eldigitaldeasturias.com\\\/noticias\\\/#postaladdress\",\"@type\":\"PostalAddress\",\"streetAddress\":\"san antonio 4,\",\"postalCode\":\"33430\",\"addressLocality\":\"Cand\\u00e1s\",\"addressRegion\":\"Asturias\",\"addressCountry\":\"ES\"}},{\"@type\":\"Person\",\"@id\":\"https:\\\/\\\/www.eldigitaldeasturias.com\\\/noticias\\\/author\\\/admin\\\/#author\",\"url\":\"https:\\\/\\\/www.eldigitaldeasturias.com\\\/noticias\\\/author\\\/admin\\\/\",\"name\":\"El Digital de Asturias\",\"image\":{\"@type\":\"ImageObject\",\"@id\":\"https:\\\/\\\/www.eldigitaldeasturias.com\\\/noticias\\\/ciudadanos-presenta-una-proposicion-no-de-ley-que-promueve-la-igualdad-entre-hombres-y-mujeres\\\/#authorImage\",\"url\":\"https:\\\/\\\/www.eldigitaldeasturias.com\\\/noticias\\\/wp-content\\\/litespeed\\\/avatar\\\/18677e78aa0546b92d9dbf31ec7d7668.jpg?ver=1777290358\",\"width\":96,\"height\":96,\"caption\":\"El Digital de Asturias\"}},{\"@type\":\"WebPage\",\"@id\":\"https:\\\/\\\/www.eldigitaldeasturias.com\\\/noticias\\\/ciudadanos-presenta-una-proposicion-no-de-ley-que-promueve-la-igualdad-entre-hombres-y-mujeres\\\/#webpage\",\"url\":\"https:\\\/\\\/www.eldigitaldeasturias.com\\\/noticias\\\/ciudadanos-presenta-una-proposicion-no-de-ley-que-promueve-la-igualdad-entre-hombres-y-mujeres\\\/\",\"name\":\"Ciudadanos presenta una proposici\\u00f3n no de ley que promueve la igualdad entre hombres y mujeres - El Digital de Asturias\",\"description\":\"La diputada del grupo de Ciudadanos en la Junta General del Principado de Asturias Diana S\\u00e1nchez ha presentado este mi\\u00e9rcoles una proposici\\u00f3n no de ley para que se debata en el Pleno la \\\"igualdad entre las mujeres y los hombres y la conciliaci\\u00f3n de la vida laboral y familiar\\\". Seg\\u00fan ha se\\u00f1alado S\\u00e1nchez en una\",\"inLanguage\":\"es-ES\",\"isPartOf\":{\"@id\":\"https:\\\/\\\/www.eldigitaldeasturias.com\\\/noticias\\\/#website\"},\"breadcrumb\":{\"@id\":\"https:\\\/\\\/www.eldigitaldeasturias.com\\\/noticias\\\/ciudadanos-presenta-una-proposicion-no-de-ley-que-promueve-la-igualdad-entre-hombres-y-mujeres\\\/#breadcrumblist\"},\"author\":{\"@id\":\"https:\\\/\\\/www.eldigitaldeasturias.com\\\/noticias\\\/author\\\/admin\\\/#author\"},\"creator\":{\"@id\":\"https:\\\/\\\/www.eldigitaldeasturias.com\\\/noticias\\\/author\\\/admin\\\/#author\"},\"image\":{\"@type\":\"ImageObject\",\"url\":\"https:\\\/\\\/www.eldigitaldeasturias.com\\\/noticias\\\/wp-content\\\/uploads\\\/2016\\\/02\\\/fotonoticia_20160203121751_800.jpg\",\"@id\":\"https:\\\/\\\/www.eldigitaldeasturias.com\\\/noticias\\\/ciudadanos-presenta-una-proposicion-no-de-ley-que-promueve-la-igualdad-entre-hombres-y-mujeres\\\/#mainImage\",\"width\":800,\"height\":622},\"primaryImageOfPage\":{\"@id\":\"https:\\\/\\\/www.eldigitaldeasturias.com\\\/noticias\\\/ciudadanos-presenta-una-proposicion-no-de-ley-que-promueve-la-igualdad-entre-hombres-y-mujeres\\\/#mainImage\"},\"datePublished\":\"2016-02-03T17:34:03+01:00\",\"dateModified\":\"2016-02-03T17:34:03+01:00\"},{\"@type\":\"WebSite\",\"@id\":\"https:\\\/\\\/www.eldigitaldeasturias.com\\\/noticias\\\/#website\",\"url\":\"https:\\\/\\\/www.eldigitaldeasturias.com\\\/noticias\\\/\",\"name\":\"El Digital de Asturias - Diario de actualidad y noticias\",\"alternateName\":\"El Digital de Asturias - Diario de actualidad y noticias\",\"description\":\"Hemeroteca\",\"inLanguage\":\"es-ES\",\"publisher\":{\"@id\":\"https:\\\/\\\/www.eldigitaldeasturias.com\\\/noticias\\\/#organization\"}}]}\n\t\t<\/script>\n\t\t<!-- All in One SEO Pro -->\r\n\t\t<title>Ciudadanos presenta una proposici\u00f3n no de ley que promueve la igualdad entre hombres y mujeres - El Digital de Asturias<\/title>\n\n","aioseo_head_json":{"title":"Ciudadanos presenta una proposici\u00f3n no de ley que promueve la igualdad entre hombres y mujeres - El Digital de Asturias","description":"La diputada del grupo de Ciudadanos en la Junta General del Principado de Asturias Diana S\u00e1nchez ha presentado este mi\u00e9rcoles una proposici\u00f3n no de ley para que se debata en el Pleno la \"igualdad entre las mujeres y los hombres y la conciliaci\u00f3n de la vida laboral y familiar\". Seg\u00fan ha se\u00f1alado S\u00e1nchez en una","canonical_url":"https:\/\/www.eldigitaldeasturias.com\/noticias\/ciudadanos-presenta-una-proposicion-no-de-ley-que-promueve-la-igualdad-entre-hombres-y-mujeres\/","robots":"max-image-preview:large","keywords":"actualidad asturias","webmasterTools":{"google-site-verification":"UA-38556648-1","msvalidate.01":"7dfe9f3f1b24437ab69f4f2559babe99","miscellaneous":""},"schema":{"@context":"https:\/\/schema.org","@graph":[{"@type":"BlogPosting","@id":"https:\/\/www.eldigitaldeasturias.com\/noticias\/ciudadanos-presenta-una-proposicion-no-de-ley-que-promueve-la-igualdad-entre-hombres-y-mujeres\/#blogposting","name":"Ciudadanos presenta una proposici\u00f3n no de ley que promueve la igualdad entre hombres y mujeres - El Digital de Asturias","headline":"Ciudadanos presenta una proposici\u00f3n no de ley que promueve la igualdad entre hombres y mujeres","author":{"@id":"https:\/\/www.eldigitaldeasturias.com\/noticias\/author\/admin\/#author"},"publisher":{"@id":"https:\/\/www.eldigitaldeasturias.com\/noticias\/#organization"},"image":{"@type":"ImageObject","url":"https:\/\/www.eldigitaldeasturias.com\/noticias\/wp-content\/uploads\/2016\/02\/fotonoticia_20160203121751_800.jpg","width":800,"height":622},"datePublished":"2016-02-03T17:34:03+01:00","dateModified":"2016-02-03T17:34:03+01:00","inLanguage":"es-ES","mainEntityOfPage":{"@id":"https:\/\/www.eldigitaldeasturias.com\/noticias\/ciudadanos-presenta-una-proposicion-no-de-ley-que-promueve-la-igualdad-entre-hombres-y-mujeres\/#webpage"},"isPartOf":{"@id":"https:\/\/www.eldigitaldeasturias.com\/noticias\/ciudadanos-presenta-una-proposicion-no-de-ley-que-promueve-la-igualdad-entre-hombres-y-mujeres\/#webpage"},"articleSection":"Actualidad Asturias"},{"@type":"BreadcrumbList","@id":"https:\/\/www.eldigitaldeasturias.com\/noticias\/ciudadanos-presenta-una-proposicion-no-de-ley-que-promueve-la-igualdad-entre-hombres-y-mujeres\/#breadcrumblist","itemListElement":[{"@type":"ListItem","@id":"https:\/\/www.eldigitaldeasturias.com\/noticias#listItem","position":1,"name":"Home","item":"https:\/\/www.eldigitaldeasturias.com\/noticias","nextItem":{"@type":"ListItem","@id":"https:\/\/www.eldigitaldeasturias.com\/noticias\/category\/actualidad-asturias\/#listItem","name":"Actualidad Asturias"}},{"@type":"ListItem","@id":"https:\/\/www.eldigitaldeasturias.com\/noticias\/category\/actualidad-asturias\/#listItem","position":2,"name":"Actualidad Asturias","item":"https:\/\/www.eldigitaldeasturias.com\/noticias\/category\/actualidad-asturias\/","nextItem":{"@type":"ListItem","@id":"https:\/\/www.eldigitaldeasturias.com\/noticias\/ciudadanos-presenta-una-proposicion-no-de-ley-que-promueve-la-igualdad-entre-hombres-y-mujeres\/#listItem","name":"Ciudadanos presenta una proposici\u00f3n no de ley que promueve la igualdad entre hombres y mujeres"},"previousItem":{"@type":"ListItem","@id":"https:\/\/www.eldigitaldeasturias.com\/noticias#listItem","name":"Home"}},{"@type":"ListItem","@id":"https:\/\/www.eldigitaldeasturias.com\/noticias\/ciudadanos-presenta-una-proposicion-no-de-ley-que-promueve-la-igualdad-entre-hombres-y-mujeres\/#listItem","position":3,"name":"Ciudadanos presenta una proposici\u00f3n no de ley que promueve la igualdad entre hombres y mujeres","previousItem":{"@type":"ListItem","@id":"https:\/\/www.eldigitaldeasturias.com\/noticias\/category\/actualidad-asturias\/#listItem","name":"Actualidad Asturias"}}]},{"@type":"Organization","@id":"https:\/\/www.eldigitaldeasturias.com\/noticias\/#organization","name":"El Digital de Asturias","description":"Hemeroteca","url":"https:\/\/www.eldigitaldeasturias.com\/noticias\/","email":"info@eldigitaldeasturias.com","telephone":"+34652131393","logo":{"@type":"ImageObject","url":"https:\/\/www.eldigitaldeasturias.com\/noticias\/wp-content\/uploads\/2020\/12\/EDA.jpg","@id":"https:\/\/www.eldigitaldeasturias.com\/noticias\/ciudadanos-presenta-una-proposicion-no-de-ley-que-promueve-la-igualdad-entre-hombres-y-mujeres\/#organizationLogo","width":649,"height":297},"image":{"@id":"https:\/\/www.eldigitaldeasturias.com\/noticias\/ciudadanos-presenta-una-proposicion-no-de-ley-que-promueve-la-igualdad-entre-hombres-y-mujeres\/#organizationLogo"},"sameAs":["https:\/\/facebook.com\/eldigitaldeasturias","https:\/\/www.youtube.com\/channel\/UCZP-2wLEB9Rv6erhFmqVnvg"],"address":{"@id":"https:\/\/www.eldigitaldeasturias.com\/noticias\/#postaladdress","@type":"PostalAddress","streetAddress":"san antonio 4,","postalCode":"33430","addressLocality":"Cand\u00e1s","addressRegion":"Asturias","addressCountry":"ES"}},{"@type":"Person","@id":"https:\/\/www.eldigitaldeasturias.com\/noticias\/author\/admin\/#author","url":"https:\/\/www.eldigitaldeasturias.com\/noticias\/author\/admin\/","name":"El Digital de Asturias","image":{"@type":"ImageObject","@id":"https:\/\/www.eldigitaldeasturias.com\/noticias\/ciudadanos-presenta-una-proposicion-no-de-ley-que-promueve-la-igualdad-entre-hombres-y-mujeres\/#authorImage","url":"https:\/\/www.eldigitaldeasturias.com\/noticias\/wp-content\/litespeed\/avatar\/18677e78aa0546b92d9dbf31ec7d7668.jpg?ver=1777290358","width":96,"height":96,"caption":"El Digital de Asturias"}},{"@type":"WebPage","@id":"https:\/\/www.eldigitaldeasturias.com\/noticias\/ciudadanos-presenta-una-proposicion-no-de-ley-que-promueve-la-igualdad-entre-hombres-y-mujeres\/#webpage","url":"https:\/\/www.eldigitaldeasturias.com\/noticias\/ciudadanos-presenta-una-proposicion-no-de-ley-que-promueve-la-igualdad-entre-hombres-y-mujeres\/","name":"Ciudadanos presenta una proposici\u00f3n no de ley que promueve la igualdad entre hombres y mujeres - El Digital de Asturias","description":"La diputada del grupo de Ciudadanos en la Junta General del Principado de Asturias Diana S\u00e1nchez ha presentado este mi\u00e9rcoles una proposici\u00f3n no de ley para que se debata en el Pleno la \"igualdad entre las mujeres y los hombres y la conciliaci\u00f3n de la vida laboral y familiar\". Seg\u00fan ha se\u00f1alado S\u00e1nchez en una","inLanguage":"es-ES","isPartOf":{"@id":"https:\/\/www.eldigitaldeasturias.com\/noticias\/#website"},"breadcrumb":{"@id":"https:\/\/www.eldigitaldeasturias.com\/noticias\/ciudadanos-presenta-una-proposicion-no-de-ley-que-promueve-la-igualdad-entre-hombres-y-mujeres\/#breadcrumblist"},"author":{"@id":"https:\/\/www.eldigitaldeasturias.com\/noticias\/author\/admin\/#author"},"creator":{"@id":"https:\/\/www.eldigitaldeasturias.com\/noticias\/author\/admin\/#author"},"image":{"@type":"ImageObject","url":"https:\/\/www.eldigitaldeasturias.com\/noticias\/wp-content\/uploads\/2016\/02\/fotonoticia_20160203121751_800.jpg","@id":"https:\/\/www.eldigitaldeasturias.com\/noticias\/ciudadanos-presenta-una-proposicion-no-de-ley-que-promueve-la-igualdad-entre-hombres-y-mujeres\/#mainImage","width":800,"height":622},"primaryImageOfPage":{"@id":"https:\/\/www.eldigitaldeasturias.com\/noticias\/ciudadanos-presenta-una-proposicion-no-de-ley-que-promueve-la-igualdad-entre-hombres-y-mujeres\/#mainImage"},"datePublished":"2016-02-03T17:34:03+01:00","dateModified":"2016-02-03T17:34:03+01:00"},{"@type":"WebSite","@id":"https:\/\/www.eldigitaldeasturias.com\/noticias\/#website","url":"https:\/\/www.eldigitaldeasturias.com\/noticias\/","name":"El Digital de Asturias - Diario de actualidad y noticias","alternateName":"El Digital de Asturias - Diario de actualidad y noticias","description":"Hemeroteca","inLanguage":"es-ES","publisher":{"@id":"https:\/\/www.eldigitaldeasturias.com\/noticias\/#organization"}}]},"og:locale":"es_ES","og:site_name":"El Digital de Asturias","og:type":"article","og:title":"Ciudadanos presenta una proposici\u00f3n no de ley que promueve la igualdad entre hombres y mujeres - El Digital de Asturias","og:description":"La diputada del grupo de Ciudadanos en la Junta General del Principado de Asturias Diana S\u00e1nchez ha presentado este mi\u00e9rcoles una proposici\u00f3n no de ley para que se debata en el Pleno la &quot;igualdad entre las mujeres y los hombres y la conciliaci\u00f3n de la vida laboral y familiar&quot;. Seg\u00fan ha se\u00f1alado S\u00e1nchez en una","og:url":"https:\/\/www.eldigitaldeasturias.com\/noticias\/ciudadanos-presenta-una-proposicion-no-de-ley-que-promueve-la-igualdad-entre-hombres-y-mujeres\/","og:image":"https:\/\/www.eldigitaldeasturias.com\/noticias\/wp-content\/uploads\/2016\/02\/fotonoticia_20160203121751_800.jpg","og:image:secure_url":"https:\/\/www.eldigitaldeasturias.com\/noticias\/wp-content\/uploads\/2016\/02\/fotonoticia_20160203121751_800.jpg","og:image:width":800,"og:image:height":622,"article:tag":["actualidad asturias"],"article:published_time":"2016-02-03T17:34:03+00:00","article:modified_time":"2016-02-03T17:34:03+00:00","article:publisher":"https:\/\/facebook.com\/eldigitaldeasturias","twitter:card":"summary_large_image","twitter:title":"Ciudadanos presenta una proposici\u00f3n no de ley que promueve la igualdad entre hombres y mujeres - El Digital de Asturias","twitter:description":"La diputada del grupo de Ciudadanos en la Junta General del Principado de Asturias Diana S\u00e1nchez ha presentado este mi\u00e9rcoles una proposici\u00f3n no de ley para que se debata en el Pleno la &quot;igualdad entre las mujeres y los hombres y la conciliaci\u00f3n de la vida laboral y familiar&quot;. Seg\u00fan ha se\u00f1alado S\u00e1nchez en una","twitter:image":"https:\/\/www.eldigitaldeasturias.com\/noticias\/wp-content\/uploads\/2016\/02\/fotonoticia_20160203121751_800.jpg","twitter:label1":"Escrito por","twitter:data1":"El Digital de Asturias","twitter:label2":"Tiempo de lectura estimado","twitter:data2":"2 minutos"},"aioseo_meta_data":{"post_id":"853446","title":null,"description":null,"keywords":null,"keyphrases":null,"primary_term":null,"canonical_url":null,"og_title":null,"og_description":null,"og_object_type":"default","og_image_type":"default","og_image_url":null,"og_image_width":null,"og_image_height":null,"og_image_custom_url":null,"og_image_custom_fields":null,"og_video":null,"og_custom_url":null,"og_article_section":null,"og_article_tags":null,"twitter_use_og":false,"twitter_card":"default","twitter_image_type":"default","twitter_image_url":null,"twitter_image_custom_url":null,"twitter_image_custom_fields":null,"twitter_title":null,"twitter_description":null,"schema":{"blockGraphs":[],"customGraphs":[],"default":{"data":{"Article":[],"Course":[],"Dataset":[],"FAQPage":[],"Movie":[],"Person":[],"Product":[],"ProductReview":[],"Car":[],"Recipe":[],"Service":[],"SoftwareApplication":[],"WebPage":[]},"graphName":"","isEnabled":true},"graphs":[],"defaultGraph":"","defaultPostTypeGraph":""},"schema_type":null,"schema_type_options":null,"pillar_content":false,"robots_default":true,"robots_noindex":false,"robots_noarchive":false,"robots_nosnippet":false,"robots_nofollow":false,"robots_noimageindex":false,"robots_noodp":false,"robots_notranslate":false,"robots_max_snippet":null,"robots_max_videopreview":null,"robots_max_imagepreview":"large","priority":null,"frequency":null,"local_seo":null,"seo_analyzer_scan_date":"2025-12-09 18:04:06","breadcrumb_settings":null,"limit_modified_date":false,"open_ai":null,"ai":null,"created":"2021-01-23 14:08:12","updated":"2025-12-09 18:04:06"},"aioseo_breadcrumb":"<div class=\"aioseo-breadcrumbs\"><span class=\"aioseo-breadcrumb\">\n\t<a href=\"https:\/\/www.eldigitaldeasturias.com\/noticias\" title=\"Home\">Home<\/a>\n<\/span><span class=\"aioseo-breadcrumb-separator\">\u2013<\/span><span class=\"aioseo-breadcrumb\">\n\t<a href=\"https:\/\/www.eldigitaldeasturias.com\/noticias\/category\/actualidad-asturias\/\" title=\"Actualidad Asturias\">Actualidad Asturias<\/a>\n<\/span><span class=\"aioseo-breadcrumb-separator\">\u2013<\/span><span class=\"aioseo-breadcrumb\">\n\t<a href=\"https:\/\/www.eldigitaldeasturias.com\/noticias\/ciudadanos-presenta-una-proposicion-no-de-ley-que-promueve-la-igualdad-entre-hombres-y-mujeres\/\" title=\"Ciudadanos presenta una proposici\u00f3n no de ley que promueve la igualdad entre hombres y mujeres\">Ciudadanos presenta una proposici\u00f3n no de ley que promueve la igualdad entre hombres y mujeres<\/a>\n<\/span><\/div>","aioseo_breadcrumb_json":[{"label":"Home","link":"https:\/\/www.eldigitaldeasturias.com\/noticias"},{"label":"Actualidad Asturias","link":"https:\/\/www.eldigitaldeasturias.com\/noticias\/category\/actualidad-asturias\/"},{"label":"Ciudadanos presenta una proposici\u00f3n no de ley que promueve la igualdad entre hombres y mujeres","link":"https:\/\/www.eldigitaldeasturias.com\/noticias\/ciudadanos-presenta-una-proposicion-no-de-ley-que-promueve-la-igualdad-entre-hombres-y-mujeres\/"}],"_links":{"self":[{"href":"https:\/\/www.eldigitaldeasturias.com\/noticias\/wp-json\/wp\/v2\/posts\/853446","targetHints":{"allow":["GET"]}}],"collection":[{"href":"https:\/\/www.eldigitaldeasturias.com\/noticias\/wp-json\/wp\/v2\/posts"}],"about":[{"href":"https:\/\/www.eldigitaldeasturias.com\/noticias\/wp-json\/wp\/v2\/types\/post"}],"author":[{"embeddable":true,"href":"https:\/\/www.eldigitaldeasturias.com\/noticias\/wp-json\/wp\/v2\/users\/1"}],"replies":[{"embeddable":true,"href":"https:\/\/www.eldigitaldeasturias.com\/noticias\/wp-json\/wp\/v2\/comments?post=853446"}],"version-history":[{"count":0,"href":"https:\/\/www.eldigitaldeasturias.com\/noticias\/wp-json\/wp\/v2\/posts\/853446\/revisions"}],"wp:featuredmedia":[{"embeddable":true,"href":"https:\/\/www.eldigitaldeasturias.com\/noticias\/wp-json\/wp\/v2\/media\/853447"}],"wp:attachment":[{"href":"https:\/\/www.eldigitaldeasturias.com\/noticias\/wp-json\/wp\/v2\/media?parent=853446"}],"wp:term":[{"taxonomy":"category","embeddable":true,"href":"https:\/\/www.eldigitaldeasturias.com\/noticias\/wp-json\/wp\/v2\/categories?post=853446"},{"taxonomy":"post_tag","embeddable":true,"href":"https:\/\/www.eldigitaldeasturias.com\/noticias\/wp-json\/wp\/v2\/tags?post=853446"}],"curies":[{"name":"wp","href":"https:\/\/api.w.org\/{rel}","templated":true}]}}