{"id":853443,"date":"2016-02-03T17:11:20","date_gmt":"2016-02-03T17:11:20","guid":{"rendered":"http:\/\/www.eldigitaldeasturias.com\/noticias\/?p=853443"},"modified":"2016-02-03T17:11:20","modified_gmt":"2016-02-03T17:11:20","slug":"el-principado-nombrara-director-del-instituto-de-silicosis-de-forma-inmediata","status":"publish","type":"post","link":"https:\/\/www.eldigitaldeasturias.com\/noticias\/el-principado-nombrara-director-del-instituto-de-silicosis-de-forma-inmediata\/","title":{"rendered":"El Principado nombrar\u00e1 director del Instituto de Silicosis de forma inmediata"},"content":{"rendered":"<p><img loading=\"lazy\" decoding=\"async\" class=\"alignleft size-medium wp-image-772954\" src=\"https:\/\/www.eldigitaldeasturias.com\/noticias\/wp-content\/uploads\/2015\/03\/principado-360x270.jpg\" alt=\"principado\" width=\"360\" height=\"270\" srcset=\"https:\/\/www.eldigitaldeasturias.com\/noticias\/wp-content\/uploads\/2015\/03\/principado-360x270.jpg 360w, https:\/\/www.eldigitaldeasturias.com\/noticias\/wp-content\/uploads\/2015\/03\/principado-768x576.jpg 768w, https:\/\/www.eldigitaldeasturias.com\/noticias\/wp-content\/uploads\/2015\/03\/principado-650x488.jpg 650w, https:\/\/www.eldigitaldeasturias.com\/noticias\/wp-content\/uploads\/2015\/03\/principado-125x95.jpg 125w, https:\/\/www.eldigitaldeasturias.com\/noticias\/wp-content\/uploads\/2015\/03\/principado-100x75.jpg 100w, https:\/\/www.eldigitaldeasturias.com\/noticias\/wp-content\/uploads\/2015\/03\/principado.jpg 800w\" sizes=\"auto, (max-width: 360px) 100vw, 360px\" \/>La Consejer\u00eda de Sanidad ha remitido al Consejo de Gobierno de Asturias la modificaci\u00f3n de plantilla relacionada con el decreto de estructura del Servicio de Salud del Principado de Asturias en cuyo expediente se recoge la creaci\u00f3n de la plaza de director del Instituto Nacional de Silicosis (INS) que ser\u00e1 convocada \u00abde forma inmediata\u00bb.<\/p>\n<p>As\u00ed consta en una respuesta parlamentaria del consejero de Sanidad, Francisco del Busto, al portavoz de IU en la Junta General del Principado de Asturias, Gaspar Llamazares.<\/p>\n<p>Del Busto se ha comprometido adem\u00e1s al reconocimiento de centro de gasto, para que pueda tener imputaci\u00f3n de gastos primero y despu\u00e9s signaci\u00f3n de presupuesto diferenciado.<\/p>\n<p>IU, a trav\u00e9s de una nota de prensa, se ha mostrado satisfecha por haber arrancado del Principado el compromiso de recuperar y potenciar el Instituto Nacional de Silicosis de manera diferenciada del Hospital Universitario Central de Asturias (HUCA).<\/p>\n<p>La RTPA (Relaci\u00f3n de Puestos de Trabajo) anunciada, han se\u00f1alado, permitir\u00e1 adscribir al INS a todos los profesionales que trabajan de forma directa e indirecta para el organismo.<\/p>\n<p>Gaspar Llamazares ha recordado que estas preguntas son fruto de la preocupaci\u00f3n de IU manifestada en el acuerdo de investidura firmado con la FSA-PSOE porque en los \u00faltimos tiempos este Instituto Nacional de Silicosis se hab\u00eda \u00abdiluido\u00bb dentro del nuevo HUCA.<\/p>\n<p>\u00abEs una preocupaci\u00f3n de IU y de los mineros el recuperar el Instituto, con su identidad propia, con una direcci\u00f3n y estructura definida y un presupuesto y centro de gastos. Ese era el acuerdo de investidura y el Gobierno nos dice ahora que eso se pone en marcha\u00bb, ha manifestado Llamazares<\/p>\n","protected":false},"excerpt":{"rendered":"<p>La Consejer\u00eda de Sanidad ha remitido al Consejo de Gobierno de Asturias la modificaci\u00f3n de plantilla relacionada con el decreto de estructura del Servicio de Salud del Principado de Asturias en cuyo expediente se recoge la creaci\u00f3n de la plaza de director del Instituto Nacional de Silicosis (INS) que ser\u00e1 convocada \u00abde forma inmediata\u00bb. As\u00ed [&hellip;]<\/p>\n","protected":false},"author":1,"featured_media":772954,"comment_status":"closed","ping_status":"closed","sticky":false,"template":"","format":"standard","meta":{"footnotes":""},"categories":[28],"tags":[],"class_list":["post-853443","post","type-post","status-publish","format-standard","has-post-thumbnail","hentry","category-sociedad"],"aioseo_notices":[],"aioseo_head":"\n\t\t<!-- All in One SEO Pro 4.9.6.2 - aioseo.com -->\n\t<meta name=\"description\" content=\"La Consejer\u00eda de Sanidad ha remitido al Consejo de Gobierno de Asturias la modificaci\u00f3n de plantilla relacionada con el decreto de estructura del Servicio de Salud del Principado de Asturias en cuyo expediente se recoge la creaci\u00f3n de la plaza de director del Instituto Nacional de Silicosis (INS) que ser\u00e1 convocada &quot;de forma inmediata&quot;. As\u00ed\" \/>\n\t<meta name=\"robots\" content=\"max-image-preview:large\" \/>\n\t<meta name=\"author\" content=\"El Digital de Asturias\"\/>\n\t<meta name=\"google-site-verification\" content=\"UA-38556648-1\" \/>\n\t<meta name=\"msvalidate.01\" content=\"7dfe9f3f1b24437ab69f4f2559babe99\" \/>\n\t<meta name=\"keywords\" content=\"sociedad\" \/>\n\t<link rel=\"canonical\" href=\"https:\/\/www.eldigitaldeasturias.com\/noticias\/el-principado-nombrara-director-del-instituto-de-silicosis-de-forma-inmediata\/\" \/>\n\t<meta name=\"generator\" content=\"All in One SEO Pro (AIOSEO) 4.9.6.2\" \/>\n\t\t<meta property=\"og:locale\" content=\"es_ES\" \/>\n\t\t<meta property=\"og:site_name\" content=\"El Digital de Asturias\" \/>\n\t\t<meta property=\"og:type\" content=\"article\" \/>\n\t\t<meta property=\"og:title\" content=\"El Principado nombrar\u00e1 director del Instituto de Silicosis de forma inmediata - El Digital de Asturias\" \/>\n\t\t<meta property=\"og:description\" content=\"La Consejer\u00eda de Sanidad ha remitido al Consejo de Gobierno de Asturias la modificaci\u00f3n de plantilla relacionada con el decreto de estructura del Servicio de Salud del Principado de Asturias en cuyo expediente se recoge la creaci\u00f3n de la plaza de director del Instituto Nacional de Silicosis (INS) que ser\u00e1 convocada &quot;de forma inmediata&quot;. As\u00ed\" \/>\n\t\t<meta property=\"og:url\" content=\"https:\/\/www.eldigitaldeasturias.com\/noticias\/el-principado-nombrara-director-del-instituto-de-silicosis-de-forma-inmediata\/\" \/>\n\t\t<meta property=\"og:image\" content=\"https:\/\/www.eldigitaldeasturias.com\/noticias\/wp-content\/uploads\/2015\/03\/principado.jpg\" \/>\n\t\t<meta property=\"og:image:secure_url\" content=\"https:\/\/www.eldigitaldeasturias.com\/noticias\/wp-content\/uploads\/2015\/03\/principado.jpg\" \/>\n\t\t<meta property=\"og:image:width\" content=\"800\" \/>\n\t\t<meta property=\"og:image:height\" content=\"600\" \/>\n\t\t<meta property=\"article:tag\" content=\"sociedad\" \/>\n\t\t<meta property=\"article:published_time\" content=\"2016-02-03T17:11:20+00:00\" \/>\n\t\t<meta property=\"article:modified_time\" content=\"2016-02-03T17:11:20+00:00\" \/>\n\t\t<meta property=\"article:publisher\" content=\"https:\/\/facebook.com\/eldigitaldeasturias\" \/>\n\t\t<meta name=\"twitter:card\" content=\"summary_large_image\" \/>\n\t\t<meta name=\"twitter:title\" content=\"El Principado nombrar\u00e1 director del Instituto de Silicosis de forma inmediata - El Digital de Asturias\" \/>\n\t\t<meta name=\"twitter:description\" content=\"La Consejer\u00eda de Sanidad ha remitido al Consejo de Gobierno de Asturias la modificaci\u00f3n de plantilla relacionada con el decreto de estructura del Servicio de Salud del Principado de Asturias en cuyo expediente se recoge la creaci\u00f3n de la plaza de director del Instituto Nacional de Silicosis (INS) que ser\u00e1 convocada &quot;de forma inmediata&quot;. As\u00ed\" \/>\n\t\t<meta name=\"twitter:image\" content=\"https:\/\/www.eldigitaldeasturias.com\/noticias\/wp-content\/uploads\/2015\/03\/principado.jpg\" \/>\n\t\t<meta name=\"twitter:label1\" content=\"Escrito por\" \/>\n\t\t<meta name=\"twitter:data1\" content=\"El Digital de Asturias\" \/>\n\t\t<meta name=\"twitter:label2\" content=\"Tiempo de lectura estimado\" \/>\n\t\t<meta name=\"twitter:data2\" content=\"1 minuto\" \/>\n\t\t<script type=\"application\/ld+json\" class=\"aioseo-schema\">\n\t\t\t{\"@context\":\"https:\\\/\\\/schema.org\",\"@graph\":[{\"@type\":\"BlogPosting\",\"@id\":\"https:\\\/\\\/www.eldigitaldeasturias.com\\\/noticias\\\/el-principado-nombrara-director-del-instituto-de-silicosis-de-forma-inmediata\\\/#blogposting\",\"name\":\"El Principado nombrar\\u00e1 director del Instituto de Silicosis de forma inmediata - El Digital de Asturias\",\"headline\":\"El Principado nombrar\\u00e1 director del Instituto de Silicosis de forma inmediata\",\"author\":{\"@id\":\"https:\\\/\\\/www.eldigitaldeasturias.com\\\/noticias\\\/author\\\/admin\\\/#author\"},\"publisher\":{\"@id\":\"https:\\\/\\\/www.eldigitaldeasturias.com\\\/noticias\\\/#organization\"},\"image\":{\"@type\":\"ImageObject\",\"url\":\"https:\\\/\\\/www.eldigitaldeasturias.com\\\/noticias\\\/wp-content\\\/uploads\\\/2015\\\/03\\\/principado.jpg\",\"width\":800,\"height\":600,\"caption\":\"Principado\"},\"datePublished\":\"2016-02-03T17:11:20+01:00\",\"dateModified\":\"2016-02-03T17:11:20+01:00\",\"inLanguage\":\"es-ES\",\"mainEntityOfPage\":{\"@id\":\"https:\\\/\\\/www.eldigitaldeasturias.com\\\/noticias\\\/el-principado-nombrara-director-del-instituto-de-silicosis-de-forma-inmediata\\\/#webpage\"},\"isPartOf\":{\"@id\":\"https:\\\/\\\/www.eldigitaldeasturias.com\\\/noticias\\\/el-principado-nombrara-director-del-instituto-de-silicosis-de-forma-inmediata\\\/#webpage\"},\"articleSection\":\"Sociedad\"},{\"@type\":\"BreadcrumbList\",\"@id\":\"https:\\\/\\\/www.eldigitaldeasturias.com\\\/noticias\\\/el-principado-nombrara-director-del-instituto-de-silicosis-de-forma-inmediata\\\/#breadcrumblist\",\"itemListElement\":[{\"@type\":\"ListItem\",\"@id\":\"https:\\\/\\\/www.eldigitaldeasturias.com\\\/noticias#listItem\",\"position\":1,\"name\":\"Home\",\"item\":\"https:\\\/\\\/www.eldigitaldeasturias.com\\\/noticias\",\"nextItem\":{\"@type\":\"ListItem\",\"@id\":\"https:\\\/\\\/www.eldigitaldeasturias.com\\\/noticias\\\/category\\\/sociedad\\\/#listItem\",\"name\":\"Sociedad\"}},{\"@type\":\"ListItem\",\"@id\":\"https:\\\/\\\/www.eldigitaldeasturias.com\\\/noticias\\\/category\\\/sociedad\\\/#listItem\",\"position\":2,\"name\":\"Sociedad\",\"item\":\"https:\\\/\\\/www.eldigitaldeasturias.com\\\/noticias\\\/category\\\/sociedad\\\/\",\"nextItem\":{\"@type\":\"ListItem\",\"@id\":\"https:\\\/\\\/www.eldigitaldeasturias.com\\\/noticias\\\/el-principado-nombrara-director-del-instituto-de-silicosis-de-forma-inmediata\\\/#listItem\",\"name\":\"El Principado nombrar\\u00e1 director del Instituto de Silicosis de forma inmediata\"},\"previousItem\":{\"@type\":\"ListItem\",\"@id\":\"https:\\\/\\\/www.eldigitaldeasturias.com\\\/noticias#listItem\",\"name\":\"Home\"}},{\"@type\":\"ListItem\",\"@id\":\"https:\\\/\\\/www.eldigitaldeasturias.com\\\/noticias\\\/el-principado-nombrara-director-del-instituto-de-silicosis-de-forma-inmediata\\\/#listItem\",\"position\":3,\"name\":\"El Principado nombrar\\u00e1 director del Instituto de Silicosis de forma inmediata\",\"previousItem\":{\"@type\":\"ListItem\",\"@id\":\"https:\\\/\\\/www.eldigitaldeasturias.com\\\/noticias\\\/category\\\/sociedad\\\/#listItem\",\"name\":\"Sociedad\"}}]},{\"@type\":\"Organization\",\"@id\":\"https:\\\/\\\/www.eldigitaldeasturias.com\\\/noticias\\\/#organization\",\"name\":\"El Digital de Asturias\",\"description\":\"Hemeroteca\",\"url\":\"https:\\\/\\\/www.eldigitaldeasturias.com\\\/noticias\\\/\",\"email\":\"info@eldigitaldeasturias.com\",\"telephone\":\"+34652131393\",\"logo\":{\"@type\":\"ImageObject\",\"url\":\"https:\\\/\\\/www.eldigitaldeasturias.com\\\/noticias\\\/wp-content\\\/uploads\\\/2020\\\/12\\\/EDA.jpg\",\"@id\":\"https:\\\/\\\/www.eldigitaldeasturias.com\\\/noticias\\\/el-principado-nombrara-director-del-instituto-de-silicosis-de-forma-inmediata\\\/#organizationLogo\",\"width\":649,\"height\":297},\"image\":{\"@id\":\"https:\\\/\\\/www.eldigitaldeasturias.com\\\/noticias\\\/el-principado-nombrara-director-del-instituto-de-silicosis-de-forma-inmediata\\\/#organizationLogo\"},\"sameAs\":[\"https:\\\/\\\/facebook.com\\\/eldigitaldeasturias\",\"https:\\\/\\\/www.youtube.com\\\/channel\\\/UCZP-2wLEB9Rv6erhFmqVnvg\"],\"address\":{\"@id\":\"https:\\\/\\\/www.eldigitaldeasturias.com\\\/noticias\\\/#postaladdress\",\"@type\":\"PostalAddress\",\"streetAddress\":\"san antonio 4,\",\"postalCode\":\"33430\",\"addressLocality\":\"Cand\\u00e1s\",\"addressRegion\":\"Asturias\",\"addressCountry\":\"ES\"}},{\"@type\":\"Person\",\"@id\":\"https:\\\/\\\/www.eldigitaldeasturias.com\\\/noticias\\\/author\\\/admin\\\/#author\",\"url\":\"https:\\\/\\\/www.eldigitaldeasturias.com\\\/noticias\\\/author\\\/admin\\\/\",\"name\":\"El Digital de Asturias\",\"image\":{\"@type\":\"ImageObject\",\"@id\":\"https:\\\/\\\/www.eldigitaldeasturias.com\\\/noticias\\\/el-principado-nombrara-director-del-instituto-de-silicosis-de-forma-inmediata\\\/#authorImage\",\"url\":\"https:\\\/\\\/www.eldigitaldeasturias.com\\\/noticias\\\/wp-content\\\/litespeed\\\/avatar\\\/18677e78aa0546b92d9dbf31ec7d7668.jpg?ver=1777290358\",\"width\":96,\"height\":96,\"caption\":\"El Digital de Asturias\"}},{\"@type\":\"WebPage\",\"@id\":\"https:\\\/\\\/www.eldigitaldeasturias.com\\\/noticias\\\/el-principado-nombrara-director-del-instituto-de-silicosis-de-forma-inmediata\\\/#webpage\",\"url\":\"https:\\\/\\\/www.eldigitaldeasturias.com\\\/noticias\\\/el-principado-nombrara-director-del-instituto-de-silicosis-de-forma-inmediata\\\/\",\"name\":\"El Principado nombrar\\u00e1 director del Instituto de Silicosis de forma inmediata - El Digital de Asturias\",\"description\":\"La Consejer\\u00eda de Sanidad ha remitido al Consejo de Gobierno de Asturias la modificaci\\u00f3n de plantilla relacionada con el decreto de estructura del Servicio de Salud del Principado de Asturias en cuyo expediente se recoge la creaci\\u00f3n de la plaza de director del Instituto Nacional de Silicosis (INS) que ser\\u00e1 convocada \\\"de forma inmediata\\\". As\\u00ed\",\"inLanguage\":\"es-ES\",\"isPartOf\":{\"@id\":\"https:\\\/\\\/www.eldigitaldeasturias.com\\\/noticias\\\/#website\"},\"breadcrumb\":{\"@id\":\"https:\\\/\\\/www.eldigitaldeasturias.com\\\/noticias\\\/el-principado-nombrara-director-del-instituto-de-silicosis-de-forma-inmediata\\\/#breadcrumblist\"},\"author\":{\"@id\":\"https:\\\/\\\/www.eldigitaldeasturias.com\\\/noticias\\\/author\\\/admin\\\/#author\"},\"creator\":{\"@id\":\"https:\\\/\\\/www.eldigitaldeasturias.com\\\/noticias\\\/author\\\/admin\\\/#author\"},\"image\":{\"@type\":\"ImageObject\",\"url\":\"https:\\\/\\\/www.eldigitaldeasturias.com\\\/noticias\\\/wp-content\\\/uploads\\\/2015\\\/03\\\/principado.jpg\",\"@id\":\"https:\\\/\\\/www.eldigitaldeasturias.com\\\/noticias\\\/el-principado-nombrara-director-del-instituto-de-silicosis-de-forma-inmediata\\\/#mainImage\",\"width\":800,\"height\":600,\"caption\":\"Principado\"},\"primaryImageOfPage\":{\"@id\":\"https:\\\/\\\/www.eldigitaldeasturias.com\\\/noticias\\\/el-principado-nombrara-director-del-instituto-de-silicosis-de-forma-inmediata\\\/#mainImage\"},\"datePublished\":\"2016-02-03T17:11:20+01:00\",\"dateModified\":\"2016-02-03T17:11:20+01:00\"},{\"@type\":\"WebSite\",\"@id\":\"https:\\\/\\\/www.eldigitaldeasturias.com\\\/noticias\\\/#website\",\"url\":\"https:\\\/\\\/www.eldigitaldeasturias.com\\\/noticias\\\/\",\"name\":\"El Digital de Asturias - Diario de actualidad y noticias\",\"alternateName\":\"El Digital de Asturias - Diario de actualidad y noticias\",\"description\":\"Hemeroteca\",\"inLanguage\":\"es-ES\",\"publisher\":{\"@id\":\"https:\\\/\\\/www.eldigitaldeasturias.com\\\/noticias\\\/#organization\"}}]}\n\t\t<\/script>\n\t\t<!-- All in One SEO Pro -->\r\n\t\t<title>El Principado nombrar\u00e1 director del Instituto de Silicosis de forma inmediata - El Digital de Asturias<\/title>\n\n","aioseo_head_json":{"title":"El Principado nombrar\u00e1 director del Instituto de Silicosis de forma inmediata - El Digital de Asturias","description":"La Consejer\u00eda de Sanidad ha remitido al Consejo de Gobierno de Asturias la modificaci\u00f3n de plantilla relacionada con el decreto de estructura del Servicio de Salud del Principado de Asturias en cuyo expediente se recoge la creaci\u00f3n de la plaza de director del Instituto Nacional de Silicosis (INS) que ser\u00e1 convocada \"de forma inmediata\". As\u00ed","canonical_url":"https:\/\/www.eldigitaldeasturias.com\/noticias\/el-principado-nombrara-director-del-instituto-de-silicosis-de-forma-inmediata\/","robots":"max-image-preview:large","keywords":"sociedad","webmasterTools":{"google-site-verification":"UA-38556648-1","msvalidate.01":"7dfe9f3f1b24437ab69f4f2559babe99","miscellaneous":""},"schema":{"@context":"https:\/\/schema.org","@graph":[{"@type":"BlogPosting","@id":"https:\/\/www.eldigitaldeasturias.com\/noticias\/el-principado-nombrara-director-del-instituto-de-silicosis-de-forma-inmediata\/#blogposting","name":"El Principado nombrar\u00e1 director del Instituto de Silicosis de forma inmediata - El Digital de Asturias","headline":"El Principado nombrar\u00e1 director del Instituto de Silicosis de forma inmediata","author":{"@id":"https:\/\/www.eldigitaldeasturias.com\/noticias\/author\/admin\/#author"},"publisher":{"@id":"https:\/\/www.eldigitaldeasturias.com\/noticias\/#organization"},"image":{"@type":"ImageObject","url":"https:\/\/www.eldigitaldeasturias.com\/noticias\/wp-content\/uploads\/2015\/03\/principado.jpg","width":800,"height":600,"caption":"Principado"},"datePublished":"2016-02-03T17:11:20+01:00","dateModified":"2016-02-03T17:11:20+01:00","inLanguage":"es-ES","mainEntityOfPage":{"@id":"https:\/\/www.eldigitaldeasturias.com\/noticias\/el-principado-nombrara-director-del-instituto-de-silicosis-de-forma-inmediata\/#webpage"},"isPartOf":{"@id":"https:\/\/www.eldigitaldeasturias.com\/noticias\/el-principado-nombrara-director-del-instituto-de-silicosis-de-forma-inmediata\/#webpage"},"articleSection":"Sociedad"},{"@type":"BreadcrumbList","@id":"https:\/\/www.eldigitaldeasturias.com\/noticias\/el-principado-nombrara-director-del-instituto-de-silicosis-de-forma-inmediata\/#breadcrumblist","itemListElement":[{"@type":"ListItem","@id":"https:\/\/www.eldigitaldeasturias.com\/noticias#listItem","position":1,"name":"Home","item":"https:\/\/www.eldigitaldeasturias.com\/noticias","nextItem":{"@type":"ListItem","@id":"https:\/\/www.eldigitaldeasturias.com\/noticias\/category\/sociedad\/#listItem","name":"Sociedad"}},{"@type":"ListItem","@id":"https:\/\/www.eldigitaldeasturias.com\/noticias\/category\/sociedad\/#listItem","position":2,"name":"Sociedad","item":"https:\/\/www.eldigitaldeasturias.com\/noticias\/category\/sociedad\/","nextItem":{"@type":"ListItem","@id":"https:\/\/www.eldigitaldeasturias.com\/noticias\/el-principado-nombrara-director-del-instituto-de-silicosis-de-forma-inmediata\/#listItem","name":"El Principado nombrar\u00e1 director del Instituto de Silicosis de forma inmediata"},"previousItem":{"@type":"ListItem","@id":"https:\/\/www.eldigitaldeasturias.com\/noticias#listItem","name":"Home"}},{"@type":"ListItem","@id":"https:\/\/www.eldigitaldeasturias.com\/noticias\/el-principado-nombrara-director-del-instituto-de-silicosis-de-forma-inmediata\/#listItem","position":3,"name":"El Principado nombrar\u00e1 director del Instituto de Silicosis de forma inmediata","previousItem":{"@type":"ListItem","@id":"https:\/\/www.eldigitaldeasturias.com\/noticias\/category\/sociedad\/#listItem","name":"Sociedad"}}]},{"@type":"Organization","@id":"https:\/\/www.eldigitaldeasturias.com\/noticias\/#organization","name":"El Digital de Asturias","description":"Hemeroteca","url":"https:\/\/www.eldigitaldeasturias.com\/noticias\/","email":"info@eldigitaldeasturias.com","telephone":"+34652131393","logo":{"@type":"ImageObject","url":"https:\/\/www.eldigitaldeasturias.com\/noticias\/wp-content\/uploads\/2020\/12\/EDA.jpg","@id":"https:\/\/www.eldigitaldeasturias.com\/noticias\/el-principado-nombrara-director-del-instituto-de-silicosis-de-forma-inmediata\/#organizationLogo","width":649,"height":297},"image":{"@id":"https:\/\/www.eldigitaldeasturias.com\/noticias\/el-principado-nombrara-director-del-instituto-de-silicosis-de-forma-inmediata\/#organizationLogo"},"sameAs":["https:\/\/facebook.com\/eldigitaldeasturias","https:\/\/www.youtube.com\/channel\/UCZP-2wLEB9Rv6erhFmqVnvg"],"address":{"@id":"https:\/\/www.eldigitaldeasturias.com\/noticias\/#postaladdress","@type":"PostalAddress","streetAddress":"san antonio 4,","postalCode":"33430","addressLocality":"Cand\u00e1s","addressRegion":"Asturias","addressCountry":"ES"}},{"@type":"Person","@id":"https:\/\/www.eldigitaldeasturias.com\/noticias\/author\/admin\/#author","url":"https:\/\/www.eldigitaldeasturias.com\/noticias\/author\/admin\/","name":"El Digital de Asturias","image":{"@type":"ImageObject","@id":"https:\/\/www.eldigitaldeasturias.com\/noticias\/el-principado-nombrara-director-del-instituto-de-silicosis-de-forma-inmediata\/#authorImage","url":"https:\/\/www.eldigitaldeasturias.com\/noticias\/wp-content\/litespeed\/avatar\/18677e78aa0546b92d9dbf31ec7d7668.jpg?ver=1777290358","width":96,"height":96,"caption":"El Digital de Asturias"}},{"@type":"WebPage","@id":"https:\/\/www.eldigitaldeasturias.com\/noticias\/el-principado-nombrara-director-del-instituto-de-silicosis-de-forma-inmediata\/#webpage","url":"https:\/\/www.eldigitaldeasturias.com\/noticias\/el-principado-nombrara-director-del-instituto-de-silicosis-de-forma-inmediata\/","name":"El Principado nombrar\u00e1 director del Instituto de Silicosis de forma inmediata - El Digital de Asturias","description":"La Consejer\u00eda de Sanidad ha remitido al Consejo de Gobierno de Asturias la modificaci\u00f3n de plantilla relacionada con el decreto de estructura del Servicio de Salud del Principado de Asturias en cuyo expediente se recoge la creaci\u00f3n de la plaza de director del Instituto Nacional de Silicosis (INS) que ser\u00e1 convocada \"de forma inmediata\". As\u00ed","inLanguage":"es-ES","isPartOf":{"@id":"https:\/\/www.eldigitaldeasturias.com\/noticias\/#website"},"breadcrumb":{"@id":"https:\/\/www.eldigitaldeasturias.com\/noticias\/el-principado-nombrara-director-del-instituto-de-silicosis-de-forma-inmediata\/#breadcrumblist"},"author":{"@id":"https:\/\/www.eldigitaldeasturias.com\/noticias\/author\/admin\/#author"},"creator":{"@id":"https:\/\/www.eldigitaldeasturias.com\/noticias\/author\/admin\/#author"},"image":{"@type":"ImageObject","url":"https:\/\/www.eldigitaldeasturias.com\/noticias\/wp-content\/uploads\/2015\/03\/principado.jpg","@id":"https:\/\/www.eldigitaldeasturias.com\/noticias\/el-principado-nombrara-director-del-instituto-de-silicosis-de-forma-inmediata\/#mainImage","width":800,"height":600,"caption":"Principado"},"primaryImageOfPage":{"@id":"https:\/\/www.eldigitaldeasturias.com\/noticias\/el-principado-nombrara-director-del-instituto-de-silicosis-de-forma-inmediata\/#mainImage"},"datePublished":"2016-02-03T17:11:20+01:00","dateModified":"2016-02-03T17:11:20+01:00"},{"@type":"WebSite","@id":"https:\/\/www.eldigitaldeasturias.com\/noticias\/#website","url":"https:\/\/www.eldigitaldeasturias.com\/noticias\/","name":"El Digital de Asturias - Diario de actualidad y noticias","alternateName":"El Digital de Asturias - Diario de actualidad y noticias","description":"Hemeroteca","inLanguage":"es-ES","publisher":{"@id":"https:\/\/www.eldigitaldeasturias.com\/noticias\/#organization"}}]},"og:locale":"es_ES","og:site_name":"El Digital de Asturias","og:type":"article","og:title":"El Principado nombrar\u00e1 director del Instituto de Silicosis de forma inmediata - El Digital de Asturias","og:description":"La Consejer\u00eda de Sanidad ha remitido al Consejo de Gobierno de Asturias la modificaci\u00f3n de plantilla relacionada con el decreto de estructura del Servicio de Salud del Principado de Asturias en cuyo expediente se recoge la creaci\u00f3n de la plaza de director del Instituto Nacional de Silicosis (INS) que ser\u00e1 convocada &quot;de forma inmediata&quot;. As\u00ed","og:url":"https:\/\/www.eldigitaldeasturias.com\/noticias\/el-principado-nombrara-director-del-instituto-de-silicosis-de-forma-inmediata\/","og:image":"https:\/\/www.eldigitaldeasturias.com\/noticias\/wp-content\/uploads\/2015\/03\/principado.jpg","og:image:secure_url":"https:\/\/www.eldigitaldeasturias.com\/noticias\/wp-content\/uploads\/2015\/03\/principado.jpg","og:image:width":800,"og:image:height":600,"article:tag":["sociedad"],"article:published_time":"2016-02-03T17:11:20+00:00","article:modified_time":"2016-02-03T17:11:20+00:00","article:publisher":"https:\/\/facebook.com\/eldigitaldeasturias","twitter:card":"summary_large_image","twitter:title":"El Principado nombrar\u00e1 director del Instituto de Silicosis de forma inmediata - El Digital de Asturias","twitter:description":"La Consejer\u00eda de Sanidad ha remitido al Consejo de Gobierno de Asturias la modificaci\u00f3n de plantilla relacionada con el decreto de estructura del Servicio de Salud del Principado de Asturias en cuyo expediente se recoge la creaci\u00f3n de la plaza de director del Instituto Nacional de Silicosis (INS) que ser\u00e1 convocada &quot;de forma inmediata&quot;. As\u00ed","twitter:image":"https:\/\/www.eldigitaldeasturias.com\/noticias\/wp-content\/uploads\/2015\/03\/principado.jpg","twitter:label1":"Escrito por","twitter:data1":"El Digital de Asturias","twitter:label2":"Tiempo de lectura estimado","twitter:data2":"1 minuto"},"aioseo_meta_data":{"post_id":"853443","title":null,"description":null,"keywords":null,"keyphrases":null,"primary_term":null,"canonical_url":null,"og_title":null,"og_description":null,"og_object_type":"default","og_image_type":"default","og_image_url":null,"og_image_width":null,"og_image_height":null,"og_image_custom_url":null,"og_image_custom_fields":null,"og_video":null,"og_custom_url":null,"og_article_section":null,"og_article_tags":null,"twitter_use_og":false,"twitter_card":"default","twitter_image_type":"default","twitter_image_url":null,"twitter_image_custom_url":null,"twitter_image_custom_fields":null,"twitter_title":null,"twitter_description":null,"schema":{"blockGraphs":[],"customGraphs":[],"default":{"data":{"Article":[],"Course":[],"Dataset":[],"FAQPage":[],"Movie":[],"Person":[],"Product":[],"ProductReview":[],"Car":[],"Recipe":[],"Service":[],"SoftwareApplication":[],"WebPage":[]},"graphName":"","isEnabled":true},"graphs":[],"defaultGraph":"","defaultPostTypeGraph":""},"schema_type":null,"schema_type_options":null,"pillar_content":false,"robots_default":true,"robots_noindex":false,"robots_noarchive":false,"robots_nosnippet":false,"robots_nofollow":false,"robots_noimageindex":false,"robots_noodp":false,"robots_notranslate":false,"robots_max_snippet":null,"robots_max_videopreview":null,"robots_max_imagepreview":"large","priority":null,"frequency":null,"local_seo":null,"seo_analyzer_scan_date":"2025-12-09 18:02:36","breadcrumb_settings":null,"limit_modified_date":false,"open_ai":null,"ai":null,"created":"2021-01-22 11:24:10","updated":"2025-12-09 18:02:36"},"aioseo_breadcrumb":"<div class=\"aioseo-breadcrumbs\"><span class=\"aioseo-breadcrumb\">\n\t<a href=\"https:\/\/www.eldigitaldeasturias.com\/noticias\" title=\"Home\">Home<\/a>\n<\/span><span class=\"aioseo-breadcrumb-separator\">\u2013<\/span><span class=\"aioseo-breadcrumb\">\n\t<a href=\"https:\/\/www.eldigitaldeasturias.com\/noticias\/category\/sociedad\/\" title=\"Sociedad\">Sociedad<\/a>\n<\/span><span class=\"aioseo-breadcrumb-separator\">\u2013<\/span><span class=\"aioseo-breadcrumb\">\n\t<a href=\"https:\/\/www.eldigitaldeasturias.com\/noticias\/el-principado-nombrara-director-del-instituto-de-silicosis-de-forma-inmediata\/\" title=\"El Principado nombrar\u00e1 director del Instituto de Silicosis de forma inmediata\">El Principado nombrar\u00e1 director del Instituto de Silicosis de forma inmediata<\/a>\n<\/span><\/div>","aioseo_breadcrumb_json":[{"label":"Home","link":"https:\/\/www.eldigitaldeasturias.com\/noticias"},{"label":"Sociedad","link":"https:\/\/www.eldigitaldeasturias.com\/noticias\/category\/sociedad\/"},{"label":"El Principado nombrar\u00e1 director del Instituto de Silicosis de forma inmediata","link":"https:\/\/www.eldigitaldeasturias.com\/noticias\/el-principado-nombrara-director-del-instituto-de-silicosis-de-forma-inmediata\/"}],"_links":{"self":[{"href":"https:\/\/www.eldigitaldeasturias.com\/noticias\/wp-json\/wp\/v2\/posts\/853443","targetHints":{"allow":["GET"]}}],"collection":[{"href":"https:\/\/www.eldigitaldeasturias.com\/noticias\/wp-json\/wp\/v2\/posts"}],"about":[{"href":"https:\/\/www.eldigitaldeasturias.com\/noticias\/wp-json\/wp\/v2\/types\/post"}],"author":[{"embeddable":true,"href":"https:\/\/www.eldigitaldeasturias.com\/noticias\/wp-json\/wp\/v2\/users\/1"}],"replies":[{"embeddable":true,"href":"https:\/\/www.eldigitaldeasturias.com\/noticias\/wp-json\/wp\/v2\/comments?post=853443"}],"version-history":[{"count":0,"href":"https:\/\/www.eldigitaldeasturias.com\/noticias\/wp-json\/wp\/v2\/posts\/853443\/revisions"}],"wp:featuredmedia":[{"embeddable":true,"href":"https:\/\/www.eldigitaldeasturias.com\/noticias\/wp-json\/wp\/v2\/media\/772954"}],"wp:attachment":[{"href":"https:\/\/www.eldigitaldeasturias.com\/noticias\/wp-json\/wp\/v2\/media?parent=853443"}],"wp:term":[{"taxonomy":"category","embeddable":true,"href":"https:\/\/www.eldigitaldeasturias.com\/noticias\/wp-json\/wp\/v2\/categories?post=853443"},{"taxonomy":"post_tag","embeddable":true,"href":"https:\/\/www.eldigitaldeasturias.com\/noticias\/wp-json\/wp\/v2\/tags?post=853443"}],"curies":[{"name":"wp","href":"https:\/\/api.w.org\/{rel}","templated":true}]}}