{"id":853441,"date":"2016-02-03T17:10:07","date_gmt":"2016-02-03T17:10:07","guid":{"rendered":"http:\/\/www.eldigitaldeasturias.com\/noticias\/?p=853441"},"modified":"2016-02-03T17:10:07","modified_gmt":"2016-02-03T17:10:07","slug":"los-negociadores-de-pedro-sanchez","status":"publish","type":"post","link":"https:\/\/www.eldigitaldeasturias.com\/noticias\/los-negociadores-de-pedro-sanchez\/","title":{"rendered":"Los \u201cnegociadores\u201d de Pedro S\u00e1nchez"},"content":{"rendered":"<p><img loading=\"lazy\" decoding=\"async\" class=\"alignleft size-medium wp-image-793321\" src=\"https:\/\/www.eldigitaldeasturias.com\/noticias\/wp-content\/uploads\/2015\/07\/pedro-sanchez-360x240.jpg\" alt=\"pedro sanchez\" width=\"360\" height=\"240\" srcset=\"https:\/\/www.eldigitaldeasturias.com\/noticias\/wp-content\/uploads\/2015\/07\/pedro-sanchez-360x240.jpg 360w, https:\/\/www.eldigitaldeasturias.com\/noticias\/wp-content\/uploads\/2015\/07\/pedro-sanchez-650x433.jpg 650w, https:\/\/www.eldigitaldeasturias.com\/noticias\/wp-content\/uploads\/2015\/07\/pedro-sanchez.jpg 800w\" sizes=\"auto, (max-width: 360px) 100vw, 360px\" \/>El secretario general del PSOE, Pedro S\u00e1nchez, ha presentado este mi\u00e9rcoles a su Ejecutiva los nombres de los integrantes del equipo que va a negociar con el resto de formaciones pol\u00edticas la formaci\u00f3n del pr\u00f3ximo gobierno de Espa\u00f1a, del que ser\u00e1 portavoz Antonio Hernando.<\/p>\n<p>Seg\u00fan ha informado el PSOE, adem\u00e1s del portavoz del Grupo Socialista en el Congreso, conforman este equipo Rodolfo Ares como persona de confianza del secretario general y con amplia experiencia en negociaciones de pactos de legislatura y gobierno en Euskadi; y el que fuera jefe de gabinete de los Gobiernos de Felipe Gonz\u00e1lez y Jos\u00e9 Luis Rodr\u00edguez Zapatero, Jos\u00e9 Enrique Serrano, miembro del grupo de constitucionalistas y del programa electoral, que se qued\u00f3 sin esca\u00f1o.<\/p>\n<p>Tambi\u00e9n est\u00e1n la coordinadora del programa electoral del PSOE, la catalana Meritxell Batet, que fue &#8216;n\u00famero dos&#8217; por Madrid en las elecciones; la senadora asturiana Mar\u00eda Luisa Carcedo, coordinadora del programa electoral del PSOE, como responsable de pol\u00edtica social, y Jordi Sevilla, que no fue en las listas, como portavoz econ\u00f3mico.<\/p>\n<p>En el proceso de negociaciones que arranca este mismo mi\u00e9rcoles, este equipo &#8211;que ha sido aprobado por la Comisi\u00f3n Permanente de la Ejecutiva Federal&#8211; contar\u00e1 con el apoyo de la direcci\u00f3n y del Consejo Pol\u00edtico Federal, al que pertenecen los l\u00edderes territoriales del Partido Socialista.<\/p>\n","protected":false},"excerpt":{"rendered":"<p>El secretario general del PSOE, Pedro S\u00e1nchez, ha presentado este mi\u00e9rcoles a su Ejecutiva los nombres de los integrantes del equipo que va a negociar con el resto de formaciones pol\u00edticas la formaci\u00f3n del pr\u00f3ximo gobierno de Espa\u00f1a, del que ser\u00e1 portavoz Antonio Hernando. Seg\u00fan ha informado el PSOE, adem\u00e1s del portavoz del Grupo Socialista [&hellip;]<\/p>\n","protected":false},"author":1,"featured_media":793321,"comment_status":"closed","ping_status":"closed","sticky":false,"template":"","format":"standard","meta":{"footnotes":""},"categories":[1],"tags":[],"class_list":["post-853441","post","type-post","status-publish","format-standard","has-post-thumbnail","hentry","category-actualidad"],"aioseo_notices":[],"aioseo_head":"\n\t\t<!-- All in One SEO Pro 4.9.6.2 - aioseo.com -->\n\t<meta name=\"description\" content=\"El secretario general del PSOE, Pedro S\u00e1nchez, ha presentado este mi\u00e9rcoles a su Ejecutiva los nombres de los integrantes del equipo que va a negociar con el resto de formaciones pol\u00edticas la formaci\u00f3n del pr\u00f3ximo gobierno de Espa\u00f1a, del que ser\u00e1 portavoz Antonio Hernando. Seg\u00fan ha informado el PSOE, adem\u00e1s del portavoz del Grupo Socialista\" \/>\n\t<meta name=\"robots\" content=\"max-image-preview:large\" \/>\n\t<meta name=\"author\" content=\"El Digital de Asturias\"\/>\n\t<meta name=\"google-site-verification\" content=\"UA-38556648-1\" \/>\n\t<meta name=\"msvalidate.01\" content=\"7dfe9f3f1b24437ab69f4f2559babe99\" \/>\n\t<meta name=\"keywords\" content=\"actualidad\" \/>\n\t<link rel=\"canonical\" href=\"https:\/\/www.eldigitaldeasturias.com\/noticias\/los-negociadores-de-pedro-sanchez\/\" \/>\n\t<meta name=\"generator\" content=\"All in One SEO Pro (AIOSEO) 4.9.6.2\" \/>\n\t\t<meta property=\"og:locale\" content=\"es_ES\" \/>\n\t\t<meta property=\"og:site_name\" content=\"El Digital de Asturias\" \/>\n\t\t<meta property=\"og:type\" content=\"article\" \/>\n\t\t<meta property=\"og:title\" content=\"Los \u201cnegociadores\u201d de Pedro S\u00e1nchez - El Digital de Asturias\" \/>\n\t\t<meta property=\"og:description\" content=\"El secretario general del PSOE, Pedro S\u00e1nchez, ha presentado este mi\u00e9rcoles a su Ejecutiva los nombres de los integrantes del equipo que va a negociar con el resto de formaciones pol\u00edticas la formaci\u00f3n del pr\u00f3ximo gobierno de Espa\u00f1a, del que ser\u00e1 portavoz Antonio Hernando. Seg\u00fan ha informado el PSOE, adem\u00e1s del portavoz del Grupo Socialista\" \/>\n\t\t<meta property=\"og:url\" content=\"https:\/\/www.eldigitaldeasturias.com\/noticias\/los-negociadores-de-pedro-sanchez\/\" \/>\n\t\t<meta property=\"og:image\" content=\"https:\/\/www.eldigitaldeasturias.com\/noticias\/wp-content\/uploads\/2015\/07\/pedro-sanchez.jpg\" \/>\n\t\t<meta property=\"og:image:secure_url\" content=\"https:\/\/www.eldigitaldeasturias.com\/noticias\/wp-content\/uploads\/2015\/07\/pedro-sanchez.jpg\" \/>\n\t\t<meta property=\"og:image:width\" content=\"800\" \/>\n\t\t<meta property=\"og:image:height\" content=\"533\" \/>\n\t\t<meta property=\"article:tag\" content=\"actualidad\" \/>\n\t\t<meta property=\"article:published_time\" content=\"2016-02-03T17:10:07+00:00\" \/>\n\t\t<meta property=\"article:modified_time\" content=\"2016-02-03T17:10:07+00:00\" \/>\n\t\t<meta property=\"article:publisher\" content=\"https:\/\/facebook.com\/eldigitaldeasturias\" \/>\n\t\t<meta name=\"twitter:card\" content=\"summary_large_image\" \/>\n\t\t<meta name=\"twitter:title\" content=\"Los \u201cnegociadores\u201d de Pedro S\u00e1nchez - El Digital de Asturias\" \/>\n\t\t<meta name=\"twitter:description\" content=\"El secretario general del PSOE, Pedro S\u00e1nchez, ha presentado este mi\u00e9rcoles a su Ejecutiva los nombres de los integrantes del equipo que va a negociar con el resto de formaciones pol\u00edticas la formaci\u00f3n del pr\u00f3ximo gobierno de Espa\u00f1a, del que ser\u00e1 portavoz Antonio Hernando. Seg\u00fan ha informado el PSOE, adem\u00e1s del portavoz del Grupo Socialista\" \/>\n\t\t<meta name=\"twitter:image\" content=\"https:\/\/www.eldigitaldeasturias.com\/noticias\/wp-content\/uploads\/2015\/07\/pedro-sanchez.jpg\" \/>\n\t\t<meta name=\"twitter:label1\" content=\"Escrito por\" \/>\n\t\t<meta name=\"twitter:data1\" content=\"El Digital de Asturias\" \/>\n\t\t<meta name=\"twitter:label2\" content=\"Tiempo de lectura estimado\" \/>\n\t\t<meta name=\"twitter:data2\" content=\"1 minuto\" \/>\n\t\t<script type=\"application\/ld+json\" class=\"aioseo-schema\">\n\t\t\t{\"@context\":\"https:\\\/\\\/schema.org\",\"@graph\":[{\"@type\":\"BlogPosting\",\"@id\":\"https:\\\/\\\/www.eldigitaldeasturias.com\\\/noticias\\\/los-negociadores-de-pedro-sanchez\\\/#blogposting\",\"name\":\"Los \\u201cnegociadores\\u201d de Pedro S\\u00e1nchez - El Digital de Asturias\",\"headline\":\"Los \\u201cnegociadores\\u201d de Pedro S\\u00e1nchez\",\"author\":{\"@id\":\"https:\\\/\\\/www.eldigitaldeasturias.com\\\/noticias\\\/author\\\/admin\\\/#author\"},\"publisher\":{\"@id\":\"https:\\\/\\\/www.eldigitaldeasturias.com\\\/noticias\\\/#organization\"},\"image\":{\"@type\":\"ImageObject\",\"url\":\"https:\\\/\\\/www.eldigitaldeasturias.com\\\/noticias\\\/wp-content\\\/uploads\\\/2015\\\/07\\\/pedro-sanchez.jpg\",\"width\":800,\"height\":533},\"datePublished\":\"2016-02-03T17:10:07+01:00\",\"dateModified\":\"2016-02-03T17:10:07+01:00\",\"inLanguage\":\"es-ES\",\"mainEntityOfPage\":{\"@id\":\"https:\\\/\\\/www.eldigitaldeasturias.com\\\/noticias\\\/los-negociadores-de-pedro-sanchez\\\/#webpage\"},\"isPartOf\":{\"@id\":\"https:\\\/\\\/www.eldigitaldeasturias.com\\\/noticias\\\/los-negociadores-de-pedro-sanchez\\\/#webpage\"},\"articleSection\":\"Actualidad\"},{\"@type\":\"BreadcrumbList\",\"@id\":\"https:\\\/\\\/www.eldigitaldeasturias.com\\\/noticias\\\/los-negociadores-de-pedro-sanchez\\\/#breadcrumblist\",\"itemListElement\":[{\"@type\":\"ListItem\",\"@id\":\"https:\\\/\\\/www.eldigitaldeasturias.com\\\/noticias#listItem\",\"position\":1,\"name\":\"Home\",\"item\":\"https:\\\/\\\/www.eldigitaldeasturias.com\\\/noticias\",\"nextItem\":{\"@type\":\"ListItem\",\"@id\":\"https:\\\/\\\/www.eldigitaldeasturias.com\\\/noticias\\\/category\\\/actualidad\\\/#listItem\",\"name\":\"Actualidad\"}},{\"@type\":\"ListItem\",\"@id\":\"https:\\\/\\\/www.eldigitaldeasturias.com\\\/noticias\\\/category\\\/actualidad\\\/#listItem\",\"position\":2,\"name\":\"Actualidad\",\"item\":\"https:\\\/\\\/www.eldigitaldeasturias.com\\\/noticias\\\/category\\\/actualidad\\\/\",\"nextItem\":{\"@type\":\"ListItem\",\"@id\":\"https:\\\/\\\/www.eldigitaldeasturias.com\\\/noticias\\\/los-negociadores-de-pedro-sanchez\\\/#listItem\",\"name\":\"Los \\u201cnegociadores\\u201d de Pedro S\\u00e1nchez\"},\"previousItem\":{\"@type\":\"ListItem\",\"@id\":\"https:\\\/\\\/www.eldigitaldeasturias.com\\\/noticias#listItem\",\"name\":\"Home\"}},{\"@type\":\"ListItem\",\"@id\":\"https:\\\/\\\/www.eldigitaldeasturias.com\\\/noticias\\\/los-negociadores-de-pedro-sanchez\\\/#listItem\",\"position\":3,\"name\":\"Los \\u201cnegociadores\\u201d de Pedro S\\u00e1nchez\",\"previousItem\":{\"@type\":\"ListItem\",\"@id\":\"https:\\\/\\\/www.eldigitaldeasturias.com\\\/noticias\\\/category\\\/actualidad\\\/#listItem\",\"name\":\"Actualidad\"}}]},{\"@type\":\"Organization\",\"@id\":\"https:\\\/\\\/www.eldigitaldeasturias.com\\\/noticias\\\/#organization\",\"name\":\"El Digital de Asturias\",\"description\":\"Hemeroteca\",\"url\":\"https:\\\/\\\/www.eldigitaldeasturias.com\\\/noticias\\\/\",\"email\":\"info@eldigitaldeasturias.com\",\"telephone\":\"+34652131393\",\"logo\":{\"@type\":\"ImageObject\",\"url\":\"https:\\\/\\\/www.eldigitaldeasturias.com\\\/noticias\\\/wp-content\\\/uploads\\\/2020\\\/12\\\/EDA.jpg\",\"@id\":\"https:\\\/\\\/www.eldigitaldeasturias.com\\\/noticias\\\/los-negociadores-de-pedro-sanchez\\\/#organizationLogo\",\"width\":649,\"height\":297},\"image\":{\"@id\":\"https:\\\/\\\/www.eldigitaldeasturias.com\\\/noticias\\\/los-negociadores-de-pedro-sanchez\\\/#organizationLogo\"},\"sameAs\":[\"https:\\\/\\\/facebook.com\\\/eldigitaldeasturias\",\"https:\\\/\\\/www.youtube.com\\\/channel\\\/UCZP-2wLEB9Rv6erhFmqVnvg\"],\"address\":{\"@id\":\"https:\\\/\\\/www.eldigitaldeasturias.com\\\/noticias\\\/#postaladdress\",\"@type\":\"PostalAddress\",\"streetAddress\":\"san antonio 4,\",\"postalCode\":\"33430\",\"addressLocality\":\"Cand\\u00e1s\",\"addressRegion\":\"Asturias\",\"addressCountry\":\"ES\"}},{\"@type\":\"Person\",\"@id\":\"https:\\\/\\\/www.eldigitaldeasturias.com\\\/noticias\\\/author\\\/admin\\\/#author\",\"url\":\"https:\\\/\\\/www.eldigitaldeasturias.com\\\/noticias\\\/author\\\/admin\\\/\",\"name\":\"El Digital de Asturias\",\"image\":{\"@type\":\"ImageObject\",\"@id\":\"https:\\\/\\\/www.eldigitaldeasturias.com\\\/noticias\\\/los-negociadores-de-pedro-sanchez\\\/#authorImage\",\"url\":\"https:\\\/\\\/www.eldigitaldeasturias.com\\\/noticias\\\/wp-content\\\/litespeed\\\/avatar\\\/18677e78aa0546b92d9dbf31ec7d7668.jpg?ver=1777290358\",\"width\":96,\"height\":96,\"caption\":\"El Digital de Asturias\"}},{\"@type\":\"WebPage\",\"@id\":\"https:\\\/\\\/www.eldigitaldeasturias.com\\\/noticias\\\/los-negociadores-de-pedro-sanchez\\\/#webpage\",\"url\":\"https:\\\/\\\/www.eldigitaldeasturias.com\\\/noticias\\\/los-negociadores-de-pedro-sanchez\\\/\",\"name\":\"Los \\u201cnegociadores\\u201d de Pedro S\\u00e1nchez - El Digital de Asturias\",\"description\":\"El secretario general del PSOE, Pedro S\\u00e1nchez, ha presentado este mi\\u00e9rcoles a su Ejecutiva los nombres de los integrantes del equipo que va a negociar con el resto de formaciones pol\\u00edticas la formaci\\u00f3n del pr\\u00f3ximo gobierno de Espa\\u00f1a, del que ser\\u00e1 portavoz Antonio Hernando. Seg\\u00fan ha informado el PSOE, adem\\u00e1s del portavoz del Grupo Socialista\",\"inLanguage\":\"es-ES\",\"isPartOf\":{\"@id\":\"https:\\\/\\\/www.eldigitaldeasturias.com\\\/noticias\\\/#website\"},\"breadcrumb\":{\"@id\":\"https:\\\/\\\/www.eldigitaldeasturias.com\\\/noticias\\\/los-negociadores-de-pedro-sanchez\\\/#breadcrumblist\"},\"author\":{\"@id\":\"https:\\\/\\\/www.eldigitaldeasturias.com\\\/noticias\\\/author\\\/admin\\\/#author\"},\"creator\":{\"@id\":\"https:\\\/\\\/www.eldigitaldeasturias.com\\\/noticias\\\/author\\\/admin\\\/#author\"},\"image\":{\"@type\":\"ImageObject\",\"url\":\"https:\\\/\\\/www.eldigitaldeasturias.com\\\/noticias\\\/wp-content\\\/uploads\\\/2015\\\/07\\\/pedro-sanchez.jpg\",\"@id\":\"https:\\\/\\\/www.eldigitaldeasturias.com\\\/noticias\\\/los-negociadores-de-pedro-sanchez\\\/#mainImage\",\"width\":800,\"height\":533},\"primaryImageOfPage\":{\"@id\":\"https:\\\/\\\/www.eldigitaldeasturias.com\\\/noticias\\\/los-negociadores-de-pedro-sanchez\\\/#mainImage\"},\"datePublished\":\"2016-02-03T17:10:07+01:00\",\"dateModified\":\"2016-02-03T17:10:07+01:00\"},{\"@type\":\"WebSite\",\"@id\":\"https:\\\/\\\/www.eldigitaldeasturias.com\\\/noticias\\\/#website\",\"url\":\"https:\\\/\\\/www.eldigitaldeasturias.com\\\/noticias\\\/\",\"name\":\"El Digital de Asturias - Diario de actualidad y noticias\",\"alternateName\":\"El Digital de Asturias - Diario de actualidad y noticias\",\"description\":\"Hemeroteca\",\"inLanguage\":\"es-ES\",\"publisher\":{\"@id\":\"https:\\\/\\\/www.eldigitaldeasturias.com\\\/noticias\\\/#organization\"}}]}\n\t\t<\/script>\n\t\t<!-- All in One SEO Pro -->\r\n\t\t<title>Los \u201cnegociadores\u201d de Pedro S\u00e1nchez - El Digital de Asturias<\/title>\n\n","aioseo_head_json":{"title":"Los \u201cnegociadores\u201d de Pedro S\u00e1nchez - El Digital de Asturias","description":"El secretario general del PSOE, Pedro S\u00e1nchez, ha presentado este mi\u00e9rcoles a su Ejecutiva los nombres de los integrantes del equipo que va a negociar con el resto de formaciones pol\u00edticas la formaci\u00f3n del pr\u00f3ximo gobierno de Espa\u00f1a, del que ser\u00e1 portavoz Antonio Hernando. Seg\u00fan ha informado el PSOE, adem\u00e1s del portavoz del Grupo Socialista","canonical_url":"https:\/\/www.eldigitaldeasturias.com\/noticias\/los-negociadores-de-pedro-sanchez\/","robots":"max-image-preview:large","keywords":"actualidad","webmasterTools":{"google-site-verification":"UA-38556648-1","msvalidate.01":"7dfe9f3f1b24437ab69f4f2559babe99","miscellaneous":""},"schema":{"@context":"https:\/\/schema.org","@graph":[{"@type":"BlogPosting","@id":"https:\/\/www.eldigitaldeasturias.com\/noticias\/los-negociadores-de-pedro-sanchez\/#blogposting","name":"Los \u201cnegociadores\u201d de Pedro S\u00e1nchez - El Digital de Asturias","headline":"Los \u201cnegociadores\u201d de Pedro S\u00e1nchez","author":{"@id":"https:\/\/www.eldigitaldeasturias.com\/noticias\/author\/admin\/#author"},"publisher":{"@id":"https:\/\/www.eldigitaldeasturias.com\/noticias\/#organization"},"image":{"@type":"ImageObject","url":"https:\/\/www.eldigitaldeasturias.com\/noticias\/wp-content\/uploads\/2015\/07\/pedro-sanchez.jpg","width":800,"height":533},"datePublished":"2016-02-03T17:10:07+01:00","dateModified":"2016-02-03T17:10:07+01:00","inLanguage":"es-ES","mainEntityOfPage":{"@id":"https:\/\/www.eldigitaldeasturias.com\/noticias\/los-negociadores-de-pedro-sanchez\/#webpage"},"isPartOf":{"@id":"https:\/\/www.eldigitaldeasturias.com\/noticias\/los-negociadores-de-pedro-sanchez\/#webpage"},"articleSection":"Actualidad"},{"@type":"BreadcrumbList","@id":"https:\/\/www.eldigitaldeasturias.com\/noticias\/los-negociadores-de-pedro-sanchez\/#breadcrumblist","itemListElement":[{"@type":"ListItem","@id":"https:\/\/www.eldigitaldeasturias.com\/noticias#listItem","position":1,"name":"Home","item":"https:\/\/www.eldigitaldeasturias.com\/noticias","nextItem":{"@type":"ListItem","@id":"https:\/\/www.eldigitaldeasturias.com\/noticias\/category\/actualidad\/#listItem","name":"Actualidad"}},{"@type":"ListItem","@id":"https:\/\/www.eldigitaldeasturias.com\/noticias\/category\/actualidad\/#listItem","position":2,"name":"Actualidad","item":"https:\/\/www.eldigitaldeasturias.com\/noticias\/category\/actualidad\/","nextItem":{"@type":"ListItem","@id":"https:\/\/www.eldigitaldeasturias.com\/noticias\/los-negociadores-de-pedro-sanchez\/#listItem","name":"Los \u201cnegociadores\u201d de Pedro S\u00e1nchez"},"previousItem":{"@type":"ListItem","@id":"https:\/\/www.eldigitaldeasturias.com\/noticias#listItem","name":"Home"}},{"@type":"ListItem","@id":"https:\/\/www.eldigitaldeasturias.com\/noticias\/los-negociadores-de-pedro-sanchez\/#listItem","position":3,"name":"Los \u201cnegociadores\u201d de Pedro S\u00e1nchez","previousItem":{"@type":"ListItem","@id":"https:\/\/www.eldigitaldeasturias.com\/noticias\/category\/actualidad\/#listItem","name":"Actualidad"}}]},{"@type":"Organization","@id":"https:\/\/www.eldigitaldeasturias.com\/noticias\/#organization","name":"El Digital de Asturias","description":"Hemeroteca","url":"https:\/\/www.eldigitaldeasturias.com\/noticias\/","email":"info@eldigitaldeasturias.com","telephone":"+34652131393","logo":{"@type":"ImageObject","url":"https:\/\/www.eldigitaldeasturias.com\/noticias\/wp-content\/uploads\/2020\/12\/EDA.jpg","@id":"https:\/\/www.eldigitaldeasturias.com\/noticias\/los-negociadores-de-pedro-sanchez\/#organizationLogo","width":649,"height":297},"image":{"@id":"https:\/\/www.eldigitaldeasturias.com\/noticias\/los-negociadores-de-pedro-sanchez\/#organizationLogo"},"sameAs":["https:\/\/facebook.com\/eldigitaldeasturias","https:\/\/www.youtube.com\/channel\/UCZP-2wLEB9Rv6erhFmqVnvg"],"address":{"@id":"https:\/\/www.eldigitaldeasturias.com\/noticias\/#postaladdress","@type":"PostalAddress","streetAddress":"san antonio 4,","postalCode":"33430","addressLocality":"Cand\u00e1s","addressRegion":"Asturias","addressCountry":"ES"}},{"@type":"Person","@id":"https:\/\/www.eldigitaldeasturias.com\/noticias\/author\/admin\/#author","url":"https:\/\/www.eldigitaldeasturias.com\/noticias\/author\/admin\/","name":"El Digital de Asturias","image":{"@type":"ImageObject","@id":"https:\/\/www.eldigitaldeasturias.com\/noticias\/los-negociadores-de-pedro-sanchez\/#authorImage","url":"https:\/\/www.eldigitaldeasturias.com\/noticias\/wp-content\/litespeed\/avatar\/18677e78aa0546b92d9dbf31ec7d7668.jpg?ver=1777290358","width":96,"height":96,"caption":"El Digital de Asturias"}},{"@type":"WebPage","@id":"https:\/\/www.eldigitaldeasturias.com\/noticias\/los-negociadores-de-pedro-sanchez\/#webpage","url":"https:\/\/www.eldigitaldeasturias.com\/noticias\/los-negociadores-de-pedro-sanchez\/","name":"Los \u201cnegociadores\u201d de Pedro S\u00e1nchez - El Digital de Asturias","description":"El secretario general del PSOE, Pedro S\u00e1nchez, ha presentado este mi\u00e9rcoles a su Ejecutiva los nombres de los integrantes del equipo que va a negociar con el resto de formaciones pol\u00edticas la formaci\u00f3n del pr\u00f3ximo gobierno de Espa\u00f1a, del que ser\u00e1 portavoz Antonio Hernando. Seg\u00fan ha informado el PSOE, adem\u00e1s del portavoz del Grupo Socialista","inLanguage":"es-ES","isPartOf":{"@id":"https:\/\/www.eldigitaldeasturias.com\/noticias\/#website"},"breadcrumb":{"@id":"https:\/\/www.eldigitaldeasturias.com\/noticias\/los-negociadores-de-pedro-sanchez\/#breadcrumblist"},"author":{"@id":"https:\/\/www.eldigitaldeasturias.com\/noticias\/author\/admin\/#author"},"creator":{"@id":"https:\/\/www.eldigitaldeasturias.com\/noticias\/author\/admin\/#author"},"image":{"@type":"ImageObject","url":"https:\/\/www.eldigitaldeasturias.com\/noticias\/wp-content\/uploads\/2015\/07\/pedro-sanchez.jpg","@id":"https:\/\/www.eldigitaldeasturias.com\/noticias\/los-negociadores-de-pedro-sanchez\/#mainImage","width":800,"height":533},"primaryImageOfPage":{"@id":"https:\/\/www.eldigitaldeasturias.com\/noticias\/los-negociadores-de-pedro-sanchez\/#mainImage"},"datePublished":"2016-02-03T17:10:07+01:00","dateModified":"2016-02-03T17:10:07+01:00"},{"@type":"WebSite","@id":"https:\/\/www.eldigitaldeasturias.com\/noticias\/#website","url":"https:\/\/www.eldigitaldeasturias.com\/noticias\/","name":"El Digital de Asturias - Diario de actualidad y noticias","alternateName":"El Digital de Asturias - Diario de actualidad y noticias","description":"Hemeroteca","inLanguage":"es-ES","publisher":{"@id":"https:\/\/www.eldigitaldeasturias.com\/noticias\/#organization"}}]},"og:locale":"es_ES","og:site_name":"El Digital de Asturias","og:type":"article","og:title":"Los \u201cnegociadores\u201d de Pedro S\u00e1nchez - El Digital de Asturias","og:description":"El secretario general del PSOE, Pedro S\u00e1nchez, ha presentado este mi\u00e9rcoles a su Ejecutiva los nombres de los integrantes del equipo que va a negociar con el resto de formaciones pol\u00edticas la formaci\u00f3n del pr\u00f3ximo gobierno de Espa\u00f1a, del que ser\u00e1 portavoz Antonio Hernando. Seg\u00fan ha informado el PSOE, adem\u00e1s del portavoz del Grupo Socialista","og:url":"https:\/\/www.eldigitaldeasturias.com\/noticias\/los-negociadores-de-pedro-sanchez\/","og:image":"https:\/\/www.eldigitaldeasturias.com\/noticias\/wp-content\/uploads\/2015\/07\/pedro-sanchez.jpg","og:image:secure_url":"https:\/\/www.eldigitaldeasturias.com\/noticias\/wp-content\/uploads\/2015\/07\/pedro-sanchez.jpg","og:image:width":800,"og:image:height":533,"article:tag":["actualidad"],"article:published_time":"2016-02-03T17:10:07+00:00","article:modified_time":"2016-02-03T17:10:07+00:00","article:publisher":"https:\/\/facebook.com\/eldigitaldeasturias","twitter:card":"summary_large_image","twitter:title":"Los \u201cnegociadores\u201d de Pedro S\u00e1nchez - El Digital de Asturias","twitter:description":"El secretario general del PSOE, Pedro S\u00e1nchez, ha presentado este mi\u00e9rcoles a su Ejecutiva los nombres de los integrantes del equipo que va a negociar con el resto de formaciones pol\u00edticas la formaci\u00f3n del pr\u00f3ximo gobierno de Espa\u00f1a, del que ser\u00e1 portavoz Antonio Hernando. Seg\u00fan ha informado el PSOE, adem\u00e1s del portavoz del Grupo Socialista","twitter:image":"https:\/\/www.eldigitaldeasturias.com\/noticias\/wp-content\/uploads\/2015\/07\/pedro-sanchez.jpg","twitter:label1":"Escrito por","twitter:data1":"El Digital de Asturias","twitter:label2":"Tiempo de lectura estimado","twitter:data2":"1 minuto"},"aioseo_meta_data":{"post_id":"853441","title":null,"description":null,"keywords":null,"keyphrases":null,"primary_term":null,"canonical_url":null,"og_title":null,"og_description":null,"og_object_type":"default","og_image_type":"default","og_image_url":null,"og_image_width":null,"og_image_height":null,"og_image_custom_url":null,"og_image_custom_fields":null,"og_video":null,"og_custom_url":null,"og_article_section":null,"og_article_tags":null,"twitter_use_og":false,"twitter_card":"default","twitter_image_type":"default","twitter_image_url":null,"twitter_image_custom_url":null,"twitter_image_custom_fields":null,"twitter_title":null,"twitter_description":null,"schema":{"blockGraphs":[],"customGraphs":[],"default":{"data":{"Article":[],"Course":[],"Dataset":[],"FAQPage":[],"Movie":[],"Person":[],"Product":[],"ProductReview":[],"Car":[],"Recipe":[],"Service":[],"SoftwareApplication":[],"WebPage":[]},"graphName":"","isEnabled":true},"graphs":[],"defaultGraph":"","defaultPostTypeGraph":""},"schema_type":null,"schema_type_options":null,"pillar_content":false,"robots_default":true,"robots_noindex":false,"robots_noarchive":false,"robots_nosnippet":false,"robots_nofollow":false,"robots_noimageindex":false,"robots_noodp":false,"robots_notranslate":false,"robots_max_snippet":null,"robots_max_videopreview":null,"robots_max_imagepreview":"large","priority":null,"frequency":null,"local_seo":null,"seo_analyzer_scan_date":"2025-12-09 18:02:35","breadcrumb_settings":null,"limit_modified_date":false,"open_ai":null,"ai":null,"created":"2021-01-22 11:38:24","updated":"2025-12-09 18:02:35"},"aioseo_breadcrumb":"<div class=\"aioseo-breadcrumbs\"><span class=\"aioseo-breadcrumb\">\n\t<a href=\"https:\/\/www.eldigitaldeasturias.com\/noticias\" title=\"Home\">Home<\/a>\n<\/span><span class=\"aioseo-breadcrumb-separator\">\u2013<\/span><span class=\"aioseo-breadcrumb\">\n\t<a href=\"https:\/\/www.eldigitaldeasturias.com\/noticias\/category\/actualidad\/\" title=\"Actualidad\">Actualidad<\/a>\n<\/span><span class=\"aioseo-breadcrumb-separator\">\u2013<\/span><span class=\"aioseo-breadcrumb\">\n\t<a href=\"https:\/\/www.eldigitaldeasturias.com\/noticias\/los-negociadores-de-pedro-sanchez\/\" title=\"Los \u201cnegociadores\u201d de Pedro S\u00e1nchez\">Los \u201cnegociadores\u201d de Pedro S\u00e1nchez<\/a>\n<\/span><\/div>","aioseo_breadcrumb_json":[{"label":"Home","link":"https:\/\/www.eldigitaldeasturias.com\/noticias"},{"label":"Actualidad","link":"https:\/\/www.eldigitaldeasturias.com\/noticias\/category\/actualidad\/"},{"label":"Los \u201cnegociadores\u201d de Pedro S\u00e1nchez","link":"https:\/\/www.eldigitaldeasturias.com\/noticias\/los-negociadores-de-pedro-sanchez\/"}],"_links":{"self":[{"href":"https:\/\/www.eldigitaldeasturias.com\/noticias\/wp-json\/wp\/v2\/posts\/853441","targetHints":{"allow":["GET"]}}],"collection":[{"href":"https:\/\/www.eldigitaldeasturias.com\/noticias\/wp-json\/wp\/v2\/posts"}],"about":[{"href":"https:\/\/www.eldigitaldeasturias.com\/noticias\/wp-json\/wp\/v2\/types\/post"}],"author":[{"embeddable":true,"href":"https:\/\/www.eldigitaldeasturias.com\/noticias\/wp-json\/wp\/v2\/users\/1"}],"replies":[{"embeddable":true,"href":"https:\/\/www.eldigitaldeasturias.com\/noticias\/wp-json\/wp\/v2\/comments?post=853441"}],"version-history":[{"count":0,"href":"https:\/\/www.eldigitaldeasturias.com\/noticias\/wp-json\/wp\/v2\/posts\/853441\/revisions"}],"wp:featuredmedia":[{"embeddable":true,"href":"https:\/\/www.eldigitaldeasturias.com\/noticias\/wp-json\/wp\/v2\/media\/793321"}],"wp:attachment":[{"href":"https:\/\/www.eldigitaldeasturias.com\/noticias\/wp-json\/wp\/v2\/media?parent=853441"}],"wp:term":[{"taxonomy":"category","embeddable":true,"href":"https:\/\/www.eldigitaldeasturias.com\/noticias\/wp-json\/wp\/v2\/categories?post=853441"},{"taxonomy":"post_tag","embeddable":true,"href":"https:\/\/www.eldigitaldeasturias.com\/noticias\/wp-json\/wp\/v2\/tags?post=853441"}],"curies":[{"name":"wp","href":"https:\/\/api.w.org\/{rel}","templated":true}]}}