{"id":853429,"date":"2016-02-03T16:48:27","date_gmt":"2016-02-03T16:48:27","guid":{"rendered":"http:\/\/www.eldigitaldeasturias.com\/noticias\/?p=853429"},"modified":"2016-02-03T16:48:27","modified_gmt":"2016-02-03T16:48:27","slug":"jose-maria-gimenez-jackson-no-tiro-la-toalla","status":"publish","type":"post","link":"https:\/\/www.eldigitaldeasturias.com\/noticias\/jose-maria-gimenez-jackson-no-tiro-la-toalla\/","title":{"rendered":"Jos\u00e9 Mar\u00eda Gim\u00e9nez \u00abJackson no tir\u00f3 la toalla\u00bb"},"content":{"rendered":"<p><img loading=\"lazy\" decoding=\"async\" class=\"alignleft size-medium wp-image-853430\" src=\"https:\/\/www.eldigitaldeasturias.com\/noticias\/wp-content\/uploads\/2016\/02\/fotonoticia_20160203155402_800-360x240.jpg\" alt=\"fotonoticia_20160203155402_800\" width=\"360\" height=\"240\" srcset=\"https:\/\/www.eldigitaldeasturias.com\/noticias\/wp-content\/uploads\/2016\/02\/fotonoticia_20160203155402_800-360x240.jpg 360w, https:\/\/www.eldigitaldeasturias.com\/noticias\/wp-content\/uploads\/2016\/02\/fotonoticia_20160203155402_800-768x513.jpg 768w, https:\/\/www.eldigitaldeasturias.com\/noticias\/wp-content\/uploads\/2016\/02\/fotonoticia_20160203155402_800-650x434.jpg 650w, https:\/\/www.eldigitaldeasturias.com\/noticias\/wp-content\/uploads\/2016\/02\/fotonoticia_20160203155402_800-84x55.jpg 84w, https:\/\/www.eldigitaldeasturias.com\/noticias\/wp-content\/uploads\/2016\/02\/fotonoticia_20160203155402_800-49x32.jpg 49w, https:\/\/www.eldigitaldeasturias.com\/noticias\/wp-content\/uploads\/2016\/02\/fotonoticia_20160203155402_800.jpg 800w\" sizes=\"auto, (max-width: 360px) 100vw, 360px\" \/>El defensa uruguayo del Atl\u00e9tico de Madrid Jos\u00e9 Mar\u00eda Gim\u00e9nez lament\u00f3 este mi\u00e9rcoles la marcha al f\u00fatbol chino del delantero colombiano Jackson Mart\u00ednez, \u00abun jugador muy importante\u00bb, y dej\u00f3 claro que no cree que se rindiese por su falta de goles y de minutos porque \u00absiempre quiso dar el m\u00e1ximo\u00bb.<\/p>\n<p>\u00abNo pudimos charlar porque todo fue a \u00faltima hora. Era un jugador muy importante y vino con mucha ilusi\u00f3n y a esforzarse un mont\u00f3n, pero no tuvo la suerte que esperaba. Son decisiones que toma cada uno y ojal\u00e1 que le vaya bien\u00bb, expres\u00f3 Gim\u00e9nez en rueda de prensa.<\/p>\n<p>Para el central, el atacante \u00aben absoluto tir\u00f3 la toalla\u00bb. \u00abSiempre quiso dar el m\u00e1ximo\u00bb, advirti\u00f3. \u00abNo marcaba, pero nos daba salidas en el juego en largo porque aguantaba bien el bal\u00f3n. Ahora quiere cambiar de aires y ver como le va en la pr\u00f3xima etapa\u00bb, a\u00f1adi\u00f3 al respecto.<\/p>\n<p>Adem\u00e1s, indic\u00f3 que no el colombiano no ten\u00eda \u00abning\u00fan problema\u00bb en el vestuario. \u00abNo hablaba mucho, pero estaba involucrado. Ten\u00eda esa responsabilidad por hacerlo bien y por eso se pon\u00eda tan mal cuando no le sal\u00edan las cosas\u00bb, record\u00f3 el internacional charr\u00faa.<\/p>\n<p>\u00abSon situaciones diferentes\u00bb, prosigui\u00f3 Gim\u00e9nez, preguntado a la hora de la adaptaci\u00f3n al club, un proceso por el que \u00e9l tambi\u00e9n tuvo que pasar. \u00abEst\u00e1 claro que es dif\u00edcil cuando vienes del f\u00fatbol sudamericano acoplarse al europeo y a m\u00ed me cost\u00f3 un a\u00f1o, pero aqu\u00ed es m\u00e1s f\u00e1cil porque hay una uni\u00f3n muy buena que da mucha confianza, aunque es verdad que es dif\u00edcil adaptarse, aunque es cuesti\u00f3n de cada uno\u00bb, opin\u00f3.<\/p>\n<p>El uruguayo no cree que se vean perjudicados por esta marcha y la de Siqueira en el mercado invernal, remarcando que tambi\u00e9n \u00abvinieron Kranevitter y Augusto\u00bb. \u00abSe fueron dos importantes, pero la fuerza est\u00e1 en el grupo y lo unido que estamos. Los que estamos vamos a luchar hasta el final con ese perfil de esforzarse al m\u00e1ximo\u00bb, apunt\u00f3.<\/p>\n<p>En cuanto a las bajas que tendr\u00e1n ante el Eibar, subray\u00f3 su confianza en la plantilla. \u00abTodo el que est\u00e1 aqu\u00ed est\u00e1 preparado para hacerlo y jugar cualquier partido. La falta de Diego (God\u00edn), Filipe y Juanfran es importante, pero el que salga lo har\u00e1 de la mejor manera posible\u00bb, asever\u00f3.<\/p>\n<p>\u00abHa pasado algo inusual en estos cuatro partidos, pero mantenemos la tranquilidad que ten\u00edamos desde el principio y tenemos que seguir partido a partido. El s\u00e1bado tenemos una posibilidad linda de revertirlo\u00bb, sentenci\u00f3 el zaguero uruguayo.<\/p>\n","protected":false},"excerpt":{"rendered":"<p>El defensa uruguayo del Atl\u00e9tico de Madrid Jos\u00e9 Mar\u00eda Gim\u00e9nez lament\u00f3 este mi\u00e9rcoles la marcha al f\u00fatbol chino del delantero colombiano Jackson Mart\u00ednez, \u00abun jugador muy importante\u00bb, y dej\u00f3 claro que no cree que se rindiese por su falta de goles y de minutos porque \u00absiempre quiso dar el m\u00e1ximo\u00bb. \u00abNo pudimos charlar porque todo [&hellip;]<\/p>\n","protected":false},"author":1,"featured_media":853430,"comment_status":"closed","ping_status":"closed","sticky":false,"template":"","format":"standard","meta":{"footnotes":""},"categories":[190],"tags":[],"class_list":["post-853429","post","type-post","status-publish","format-standard","has-post-thumbnail","hentry","category-deportes"],"aioseo_notices":[],"aioseo_head":"\n\t\t<!-- All in One SEO Pro 4.9.6.2 - aioseo.com -->\n\t<meta name=\"description\" content=\"El defensa uruguayo del Atl\u00e9tico de Madrid Jos\u00e9 Mar\u00eda Gim\u00e9nez lament\u00f3 este mi\u00e9rcoles la marcha al f\u00fatbol chino del delantero colombiano Jackson Mart\u00ednez, &quot;un jugador muy importante&quot;, y dej\u00f3 claro que no cree que se rindiese por su falta de goles y de minutos porque &quot;siempre quiso dar el m\u00e1ximo&quot;. &quot;No pudimos charlar porque todo\" \/>\n\t<meta name=\"robots\" content=\"max-image-preview:large\" \/>\n\t<meta name=\"author\" content=\"El Digital de Asturias\"\/>\n\t<meta name=\"google-site-verification\" content=\"UA-38556648-1\" \/>\n\t<meta name=\"msvalidate.01\" content=\"7dfe9f3f1b24437ab69f4f2559babe99\" \/>\n\t<meta name=\"keywords\" content=\"deportes\" \/>\n\t<link rel=\"canonical\" href=\"https:\/\/www.eldigitaldeasturias.com\/noticias\/jose-maria-gimenez-jackson-no-tiro-la-toalla\/\" \/>\n\t<meta name=\"generator\" content=\"All in One SEO Pro (AIOSEO) 4.9.6.2\" \/>\n\t\t<meta property=\"og:locale\" content=\"es_ES\" \/>\n\t\t<meta property=\"og:site_name\" content=\"El Digital de Asturias\" \/>\n\t\t<meta property=\"og:type\" content=\"article\" \/>\n\t\t<meta property=\"og:title\" content=\"Jos\u00e9 Mar\u00eda Gim\u00e9nez \u00abJackson no tir\u00f3 la toalla\u00bb - El Digital de Asturias\" \/>\n\t\t<meta property=\"og:description\" content=\"El defensa uruguayo del Atl\u00e9tico de Madrid Jos\u00e9 Mar\u00eda Gim\u00e9nez lament\u00f3 este mi\u00e9rcoles la marcha al f\u00fatbol chino del delantero colombiano Jackson Mart\u00ednez, &quot;un jugador muy importante&quot;, y dej\u00f3 claro que no cree que se rindiese por su falta de goles y de minutos porque &quot;siempre quiso dar el m\u00e1ximo&quot;. &quot;No pudimos charlar porque todo\" \/>\n\t\t<meta property=\"og:url\" content=\"https:\/\/www.eldigitaldeasturias.com\/noticias\/jose-maria-gimenez-jackson-no-tiro-la-toalla\/\" \/>\n\t\t<meta property=\"og:image\" content=\"https:\/\/www.eldigitaldeasturias.com\/noticias\/wp-content\/uploads\/2016\/02\/fotonoticia_20160203155402_800.jpg\" \/>\n\t\t<meta property=\"og:image:secure_url\" content=\"https:\/\/www.eldigitaldeasturias.com\/noticias\/wp-content\/uploads\/2016\/02\/fotonoticia_20160203155402_800.jpg\" \/>\n\t\t<meta property=\"og:image:width\" content=\"800\" \/>\n\t\t<meta property=\"og:image:height\" content=\"534\" \/>\n\t\t<meta property=\"article:tag\" content=\"deportes\" \/>\n\t\t<meta property=\"article:published_time\" content=\"2016-02-03T16:48:27+00:00\" \/>\n\t\t<meta property=\"article:modified_time\" content=\"2016-02-03T16:48:27+00:00\" \/>\n\t\t<meta property=\"article:publisher\" content=\"https:\/\/facebook.com\/eldigitaldeasturias\" \/>\n\t\t<meta name=\"twitter:card\" content=\"summary_large_image\" \/>\n\t\t<meta name=\"twitter:title\" content=\"Jos\u00e9 Mar\u00eda Gim\u00e9nez \u00abJackson no tir\u00f3 la toalla\u00bb - El Digital de Asturias\" \/>\n\t\t<meta name=\"twitter:description\" content=\"El defensa uruguayo del Atl\u00e9tico de Madrid Jos\u00e9 Mar\u00eda Gim\u00e9nez lament\u00f3 este mi\u00e9rcoles la marcha al f\u00fatbol chino del delantero colombiano Jackson Mart\u00ednez, &quot;un jugador muy importante&quot;, y dej\u00f3 claro que no cree que se rindiese por su falta de goles y de minutos porque &quot;siempre quiso dar el m\u00e1ximo&quot;. &quot;No pudimos charlar porque todo\" \/>\n\t\t<meta name=\"twitter:image\" content=\"https:\/\/www.eldigitaldeasturias.com\/noticias\/wp-content\/uploads\/2016\/02\/fotonoticia_20160203155402_800.jpg\" \/>\n\t\t<meta name=\"twitter:label1\" content=\"Escrito por\" \/>\n\t\t<meta name=\"twitter:data1\" content=\"El Digital de Asturias\" \/>\n\t\t<meta name=\"twitter:label2\" content=\"Tiempo de lectura estimado\" \/>\n\t\t<meta name=\"twitter:data2\" content=\"2 minutos\" \/>\n\t\t<script type=\"application\/ld+json\" class=\"aioseo-schema\">\n\t\t\t{\"@context\":\"https:\\\/\\\/schema.org\",\"@graph\":[{\"@type\":\"BlogPosting\",\"@id\":\"https:\\\/\\\/www.eldigitaldeasturias.com\\\/noticias\\\/jose-maria-gimenez-jackson-no-tiro-la-toalla\\\/#blogposting\",\"name\":\"Jos\\u00e9 Mar\\u00eda Gim\\u00e9nez \\u00abJackson no tir\\u00f3 la toalla\\u00bb - El Digital de Asturias\",\"headline\":\"Jos\\u00e9 Mar\\u00eda Gim\\u00e9nez \\u00abJackson no tir\\u00f3 la toalla\\u00bb\",\"author\":{\"@id\":\"https:\\\/\\\/www.eldigitaldeasturias.com\\\/noticias\\\/author\\\/admin\\\/#author\"},\"publisher\":{\"@id\":\"https:\\\/\\\/www.eldigitaldeasturias.com\\\/noticias\\\/#organization\"},\"image\":{\"@type\":\"ImageObject\",\"url\":\"https:\\\/\\\/www.eldigitaldeasturias.com\\\/noticias\\\/wp-content\\\/uploads\\\/2016\\\/02\\\/fotonoticia_20160203155402_800.jpg\",\"width\":800,\"height\":534},\"datePublished\":\"2016-02-03T16:48:27+01:00\",\"dateModified\":\"2016-02-03T16:48:27+01:00\",\"inLanguage\":\"es-ES\",\"mainEntityOfPage\":{\"@id\":\"https:\\\/\\\/www.eldigitaldeasturias.com\\\/noticias\\\/jose-maria-gimenez-jackson-no-tiro-la-toalla\\\/#webpage\"},\"isPartOf\":{\"@id\":\"https:\\\/\\\/www.eldigitaldeasturias.com\\\/noticias\\\/jose-maria-gimenez-jackson-no-tiro-la-toalla\\\/#webpage\"},\"articleSection\":\"Deportes\"},{\"@type\":\"BreadcrumbList\",\"@id\":\"https:\\\/\\\/www.eldigitaldeasturias.com\\\/noticias\\\/jose-maria-gimenez-jackson-no-tiro-la-toalla\\\/#breadcrumblist\",\"itemListElement\":[{\"@type\":\"ListItem\",\"@id\":\"https:\\\/\\\/www.eldigitaldeasturias.com\\\/noticias#listItem\",\"position\":1,\"name\":\"Home\",\"item\":\"https:\\\/\\\/www.eldigitaldeasturias.com\\\/noticias\",\"nextItem\":{\"@type\":\"ListItem\",\"@id\":\"https:\\\/\\\/www.eldigitaldeasturias.com\\\/noticias\\\/category\\\/deportes\\\/#listItem\",\"name\":\"Deportes\"}},{\"@type\":\"ListItem\",\"@id\":\"https:\\\/\\\/www.eldigitaldeasturias.com\\\/noticias\\\/category\\\/deportes\\\/#listItem\",\"position\":2,\"name\":\"Deportes\",\"item\":\"https:\\\/\\\/www.eldigitaldeasturias.com\\\/noticias\\\/category\\\/deportes\\\/\",\"nextItem\":{\"@type\":\"ListItem\",\"@id\":\"https:\\\/\\\/www.eldigitaldeasturias.com\\\/noticias\\\/jose-maria-gimenez-jackson-no-tiro-la-toalla\\\/#listItem\",\"name\":\"Jos\\u00e9 Mar\\u00eda Gim\\u00e9nez \\u00abJackson no tir\\u00f3 la toalla\\u00bb\"},\"previousItem\":{\"@type\":\"ListItem\",\"@id\":\"https:\\\/\\\/www.eldigitaldeasturias.com\\\/noticias#listItem\",\"name\":\"Home\"}},{\"@type\":\"ListItem\",\"@id\":\"https:\\\/\\\/www.eldigitaldeasturias.com\\\/noticias\\\/jose-maria-gimenez-jackson-no-tiro-la-toalla\\\/#listItem\",\"position\":3,\"name\":\"Jos\\u00e9 Mar\\u00eda Gim\\u00e9nez \\u00abJackson no tir\\u00f3 la toalla\\u00bb\",\"previousItem\":{\"@type\":\"ListItem\",\"@id\":\"https:\\\/\\\/www.eldigitaldeasturias.com\\\/noticias\\\/category\\\/deportes\\\/#listItem\",\"name\":\"Deportes\"}}]},{\"@type\":\"Organization\",\"@id\":\"https:\\\/\\\/www.eldigitaldeasturias.com\\\/noticias\\\/#organization\",\"name\":\"El Digital de Asturias\",\"description\":\"Hemeroteca\",\"url\":\"https:\\\/\\\/www.eldigitaldeasturias.com\\\/noticias\\\/\",\"email\":\"info@eldigitaldeasturias.com\",\"telephone\":\"+34652131393\",\"logo\":{\"@type\":\"ImageObject\",\"url\":\"https:\\\/\\\/www.eldigitaldeasturias.com\\\/noticias\\\/wp-content\\\/uploads\\\/2020\\\/12\\\/EDA.jpg\",\"@id\":\"https:\\\/\\\/www.eldigitaldeasturias.com\\\/noticias\\\/jose-maria-gimenez-jackson-no-tiro-la-toalla\\\/#organizationLogo\",\"width\":649,\"height\":297},\"image\":{\"@id\":\"https:\\\/\\\/www.eldigitaldeasturias.com\\\/noticias\\\/jose-maria-gimenez-jackson-no-tiro-la-toalla\\\/#organizationLogo\"},\"sameAs\":[\"https:\\\/\\\/facebook.com\\\/eldigitaldeasturias\",\"https:\\\/\\\/www.youtube.com\\\/channel\\\/UCZP-2wLEB9Rv6erhFmqVnvg\"],\"address\":{\"@id\":\"https:\\\/\\\/www.eldigitaldeasturias.com\\\/noticias\\\/#postaladdress\",\"@type\":\"PostalAddress\",\"streetAddress\":\"san antonio 4,\",\"postalCode\":\"33430\",\"addressLocality\":\"Cand\\u00e1s\",\"addressRegion\":\"Asturias\",\"addressCountry\":\"ES\"}},{\"@type\":\"Person\",\"@id\":\"https:\\\/\\\/www.eldigitaldeasturias.com\\\/noticias\\\/author\\\/admin\\\/#author\",\"url\":\"https:\\\/\\\/www.eldigitaldeasturias.com\\\/noticias\\\/author\\\/admin\\\/\",\"name\":\"El Digital de Asturias\",\"image\":{\"@type\":\"ImageObject\",\"@id\":\"https:\\\/\\\/www.eldigitaldeasturias.com\\\/noticias\\\/jose-maria-gimenez-jackson-no-tiro-la-toalla\\\/#authorImage\",\"url\":\"https:\\\/\\\/www.eldigitaldeasturias.com\\\/noticias\\\/wp-content\\\/litespeed\\\/avatar\\\/18677e78aa0546b92d9dbf31ec7d7668.jpg?ver=1777290358\",\"width\":96,\"height\":96,\"caption\":\"El Digital de Asturias\"}},{\"@type\":\"WebPage\",\"@id\":\"https:\\\/\\\/www.eldigitaldeasturias.com\\\/noticias\\\/jose-maria-gimenez-jackson-no-tiro-la-toalla\\\/#webpage\",\"url\":\"https:\\\/\\\/www.eldigitaldeasturias.com\\\/noticias\\\/jose-maria-gimenez-jackson-no-tiro-la-toalla\\\/\",\"name\":\"Jos\\u00e9 Mar\\u00eda Gim\\u00e9nez \\u00abJackson no tir\\u00f3 la toalla\\u00bb - El Digital de Asturias\",\"description\":\"El defensa uruguayo del Atl\\u00e9tico de Madrid Jos\\u00e9 Mar\\u00eda Gim\\u00e9nez lament\\u00f3 este mi\\u00e9rcoles la marcha al f\\u00fatbol chino del delantero colombiano Jackson Mart\\u00ednez, \\\"un jugador muy importante\\\", y dej\\u00f3 claro que no cree que se rindiese por su falta de goles y de minutos porque \\\"siempre quiso dar el m\\u00e1ximo\\\". \\\"No pudimos charlar porque todo\",\"inLanguage\":\"es-ES\",\"isPartOf\":{\"@id\":\"https:\\\/\\\/www.eldigitaldeasturias.com\\\/noticias\\\/#website\"},\"breadcrumb\":{\"@id\":\"https:\\\/\\\/www.eldigitaldeasturias.com\\\/noticias\\\/jose-maria-gimenez-jackson-no-tiro-la-toalla\\\/#breadcrumblist\"},\"author\":{\"@id\":\"https:\\\/\\\/www.eldigitaldeasturias.com\\\/noticias\\\/author\\\/admin\\\/#author\"},\"creator\":{\"@id\":\"https:\\\/\\\/www.eldigitaldeasturias.com\\\/noticias\\\/author\\\/admin\\\/#author\"},\"image\":{\"@type\":\"ImageObject\",\"url\":\"https:\\\/\\\/www.eldigitaldeasturias.com\\\/noticias\\\/wp-content\\\/uploads\\\/2016\\\/02\\\/fotonoticia_20160203155402_800.jpg\",\"@id\":\"https:\\\/\\\/www.eldigitaldeasturias.com\\\/noticias\\\/jose-maria-gimenez-jackson-no-tiro-la-toalla\\\/#mainImage\",\"width\":800,\"height\":534},\"primaryImageOfPage\":{\"@id\":\"https:\\\/\\\/www.eldigitaldeasturias.com\\\/noticias\\\/jose-maria-gimenez-jackson-no-tiro-la-toalla\\\/#mainImage\"},\"datePublished\":\"2016-02-03T16:48:27+01:00\",\"dateModified\":\"2016-02-03T16:48:27+01:00\"},{\"@type\":\"WebSite\",\"@id\":\"https:\\\/\\\/www.eldigitaldeasturias.com\\\/noticias\\\/#website\",\"url\":\"https:\\\/\\\/www.eldigitaldeasturias.com\\\/noticias\\\/\",\"name\":\"El Digital de Asturias - Diario de actualidad y noticias\",\"alternateName\":\"El Digital de Asturias - Diario de actualidad y noticias\",\"description\":\"Hemeroteca\",\"inLanguage\":\"es-ES\",\"publisher\":{\"@id\":\"https:\\\/\\\/www.eldigitaldeasturias.com\\\/noticias\\\/#organization\"}}]}\n\t\t<\/script>\n\t\t<!-- All in One SEO Pro -->\r\n\t\t<title>Jos\u00e9 Mar\u00eda Gim\u00e9nez \u00abJackson no tir\u00f3 la toalla\u00bb - El Digital de Asturias<\/title>\n\n","aioseo_head_json":{"title":"Jos\u00e9 Mar\u00eda Gim\u00e9nez \u00abJackson no tir\u00f3 la toalla\u00bb - El Digital de Asturias","description":"El defensa uruguayo del Atl\u00e9tico de Madrid Jos\u00e9 Mar\u00eda Gim\u00e9nez lament\u00f3 este mi\u00e9rcoles la marcha al f\u00fatbol chino del delantero colombiano Jackson Mart\u00ednez, \"un jugador muy importante\", y dej\u00f3 claro que no cree que se rindiese por su falta de goles y de minutos porque \"siempre quiso dar el m\u00e1ximo\". \"No pudimos charlar porque todo","canonical_url":"https:\/\/www.eldigitaldeasturias.com\/noticias\/jose-maria-gimenez-jackson-no-tiro-la-toalla\/","robots":"max-image-preview:large","keywords":"deportes","webmasterTools":{"google-site-verification":"UA-38556648-1","msvalidate.01":"7dfe9f3f1b24437ab69f4f2559babe99","miscellaneous":""},"schema":{"@context":"https:\/\/schema.org","@graph":[{"@type":"BlogPosting","@id":"https:\/\/www.eldigitaldeasturias.com\/noticias\/jose-maria-gimenez-jackson-no-tiro-la-toalla\/#blogposting","name":"Jos\u00e9 Mar\u00eda Gim\u00e9nez \u00abJackson no tir\u00f3 la toalla\u00bb - El Digital de Asturias","headline":"Jos\u00e9 Mar\u00eda Gim\u00e9nez \u00abJackson no tir\u00f3 la toalla\u00bb","author":{"@id":"https:\/\/www.eldigitaldeasturias.com\/noticias\/author\/admin\/#author"},"publisher":{"@id":"https:\/\/www.eldigitaldeasturias.com\/noticias\/#organization"},"image":{"@type":"ImageObject","url":"https:\/\/www.eldigitaldeasturias.com\/noticias\/wp-content\/uploads\/2016\/02\/fotonoticia_20160203155402_800.jpg","width":800,"height":534},"datePublished":"2016-02-03T16:48:27+01:00","dateModified":"2016-02-03T16:48:27+01:00","inLanguage":"es-ES","mainEntityOfPage":{"@id":"https:\/\/www.eldigitaldeasturias.com\/noticias\/jose-maria-gimenez-jackson-no-tiro-la-toalla\/#webpage"},"isPartOf":{"@id":"https:\/\/www.eldigitaldeasturias.com\/noticias\/jose-maria-gimenez-jackson-no-tiro-la-toalla\/#webpage"},"articleSection":"Deportes"},{"@type":"BreadcrumbList","@id":"https:\/\/www.eldigitaldeasturias.com\/noticias\/jose-maria-gimenez-jackson-no-tiro-la-toalla\/#breadcrumblist","itemListElement":[{"@type":"ListItem","@id":"https:\/\/www.eldigitaldeasturias.com\/noticias#listItem","position":1,"name":"Home","item":"https:\/\/www.eldigitaldeasturias.com\/noticias","nextItem":{"@type":"ListItem","@id":"https:\/\/www.eldigitaldeasturias.com\/noticias\/category\/deportes\/#listItem","name":"Deportes"}},{"@type":"ListItem","@id":"https:\/\/www.eldigitaldeasturias.com\/noticias\/category\/deportes\/#listItem","position":2,"name":"Deportes","item":"https:\/\/www.eldigitaldeasturias.com\/noticias\/category\/deportes\/","nextItem":{"@type":"ListItem","@id":"https:\/\/www.eldigitaldeasturias.com\/noticias\/jose-maria-gimenez-jackson-no-tiro-la-toalla\/#listItem","name":"Jos\u00e9 Mar\u00eda Gim\u00e9nez \u00abJackson no tir\u00f3 la toalla\u00bb"},"previousItem":{"@type":"ListItem","@id":"https:\/\/www.eldigitaldeasturias.com\/noticias#listItem","name":"Home"}},{"@type":"ListItem","@id":"https:\/\/www.eldigitaldeasturias.com\/noticias\/jose-maria-gimenez-jackson-no-tiro-la-toalla\/#listItem","position":3,"name":"Jos\u00e9 Mar\u00eda Gim\u00e9nez \u00abJackson no tir\u00f3 la toalla\u00bb","previousItem":{"@type":"ListItem","@id":"https:\/\/www.eldigitaldeasturias.com\/noticias\/category\/deportes\/#listItem","name":"Deportes"}}]},{"@type":"Organization","@id":"https:\/\/www.eldigitaldeasturias.com\/noticias\/#organization","name":"El Digital de Asturias","description":"Hemeroteca","url":"https:\/\/www.eldigitaldeasturias.com\/noticias\/","email":"info@eldigitaldeasturias.com","telephone":"+34652131393","logo":{"@type":"ImageObject","url":"https:\/\/www.eldigitaldeasturias.com\/noticias\/wp-content\/uploads\/2020\/12\/EDA.jpg","@id":"https:\/\/www.eldigitaldeasturias.com\/noticias\/jose-maria-gimenez-jackson-no-tiro-la-toalla\/#organizationLogo","width":649,"height":297},"image":{"@id":"https:\/\/www.eldigitaldeasturias.com\/noticias\/jose-maria-gimenez-jackson-no-tiro-la-toalla\/#organizationLogo"},"sameAs":["https:\/\/facebook.com\/eldigitaldeasturias","https:\/\/www.youtube.com\/channel\/UCZP-2wLEB9Rv6erhFmqVnvg"],"address":{"@id":"https:\/\/www.eldigitaldeasturias.com\/noticias\/#postaladdress","@type":"PostalAddress","streetAddress":"san antonio 4,","postalCode":"33430","addressLocality":"Cand\u00e1s","addressRegion":"Asturias","addressCountry":"ES"}},{"@type":"Person","@id":"https:\/\/www.eldigitaldeasturias.com\/noticias\/author\/admin\/#author","url":"https:\/\/www.eldigitaldeasturias.com\/noticias\/author\/admin\/","name":"El Digital de Asturias","image":{"@type":"ImageObject","@id":"https:\/\/www.eldigitaldeasturias.com\/noticias\/jose-maria-gimenez-jackson-no-tiro-la-toalla\/#authorImage","url":"https:\/\/www.eldigitaldeasturias.com\/noticias\/wp-content\/litespeed\/avatar\/18677e78aa0546b92d9dbf31ec7d7668.jpg?ver=1777290358","width":96,"height":96,"caption":"El Digital de Asturias"}},{"@type":"WebPage","@id":"https:\/\/www.eldigitaldeasturias.com\/noticias\/jose-maria-gimenez-jackson-no-tiro-la-toalla\/#webpage","url":"https:\/\/www.eldigitaldeasturias.com\/noticias\/jose-maria-gimenez-jackson-no-tiro-la-toalla\/","name":"Jos\u00e9 Mar\u00eda Gim\u00e9nez \u00abJackson no tir\u00f3 la toalla\u00bb - El Digital de Asturias","description":"El defensa uruguayo del Atl\u00e9tico de Madrid Jos\u00e9 Mar\u00eda Gim\u00e9nez lament\u00f3 este mi\u00e9rcoles la marcha al f\u00fatbol chino del delantero colombiano Jackson Mart\u00ednez, \"un jugador muy importante\", y dej\u00f3 claro que no cree que se rindiese por su falta de goles y de minutos porque \"siempre quiso dar el m\u00e1ximo\". \"No pudimos charlar porque todo","inLanguage":"es-ES","isPartOf":{"@id":"https:\/\/www.eldigitaldeasturias.com\/noticias\/#website"},"breadcrumb":{"@id":"https:\/\/www.eldigitaldeasturias.com\/noticias\/jose-maria-gimenez-jackson-no-tiro-la-toalla\/#breadcrumblist"},"author":{"@id":"https:\/\/www.eldigitaldeasturias.com\/noticias\/author\/admin\/#author"},"creator":{"@id":"https:\/\/www.eldigitaldeasturias.com\/noticias\/author\/admin\/#author"},"image":{"@type":"ImageObject","url":"https:\/\/www.eldigitaldeasturias.com\/noticias\/wp-content\/uploads\/2016\/02\/fotonoticia_20160203155402_800.jpg","@id":"https:\/\/www.eldigitaldeasturias.com\/noticias\/jose-maria-gimenez-jackson-no-tiro-la-toalla\/#mainImage","width":800,"height":534},"primaryImageOfPage":{"@id":"https:\/\/www.eldigitaldeasturias.com\/noticias\/jose-maria-gimenez-jackson-no-tiro-la-toalla\/#mainImage"},"datePublished":"2016-02-03T16:48:27+01:00","dateModified":"2016-02-03T16:48:27+01:00"},{"@type":"WebSite","@id":"https:\/\/www.eldigitaldeasturias.com\/noticias\/#website","url":"https:\/\/www.eldigitaldeasturias.com\/noticias\/","name":"El Digital de Asturias - Diario de actualidad y noticias","alternateName":"El Digital de Asturias - Diario de actualidad y noticias","description":"Hemeroteca","inLanguage":"es-ES","publisher":{"@id":"https:\/\/www.eldigitaldeasturias.com\/noticias\/#organization"}}]},"og:locale":"es_ES","og:site_name":"El Digital de Asturias","og:type":"article","og:title":"Jos\u00e9 Mar\u00eda Gim\u00e9nez \u00abJackson no tir\u00f3 la toalla\u00bb - El Digital de Asturias","og:description":"El defensa uruguayo del Atl\u00e9tico de Madrid Jos\u00e9 Mar\u00eda Gim\u00e9nez lament\u00f3 este mi\u00e9rcoles la marcha al f\u00fatbol chino del delantero colombiano Jackson Mart\u00ednez, &quot;un jugador muy importante&quot;, y dej\u00f3 claro que no cree que se rindiese por su falta de goles y de minutos porque &quot;siempre quiso dar el m\u00e1ximo&quot;. &quot;No pudimos charlar porque todo","og:url":"https:\/\/www.eldigitaldeasturias.com\/noticias\/jose-maria-gimenez-jackson-no-tiro-la-toalla\/","og:image":"https:\/\/www.eldigitaldeasturias.com\/noticias\/wp-content\/uploads\/2016\/02\/fotonoticia_20160203155402_800.jpg","og:image:secure_url":"https:\/\/www.eldigitaldeasturias.com\/noticias\/wp-content\/uploads\/2016\/02\/fotonoticia_20160203155402_800.jpg","og:image:width":800,"og:image:height":534,"article:tag":["deportes"],"article:published_time":"2016-02-03T16:48:27+00:00","article:modified_time":"2016-02-03T16:48:27+00:00","article:publisher":"https:\/\/facebook.com\/eldigitaldeasturias","twitter:card":"summary_large_image","twitter:title":"Jos\u00e9 Mar\u00eda Gim\u00e9nez \u00abJackson no tir\u00f3 la toalla\u00bb - El Digital de Asturias","twitter:description":"El defensa uruguayo del Atl\u00e9tico de Madrid Jos\u00e9 Mar\u00eda Gim\u00e9nez lament\u00f3 este mi\u00e9rcoles la marcha al f\u00fatbol chino del delantero colombiano Jackson Mart\u00ednez, &quot;un jugador muy importante&quot;, y dej\u00f3 claro que no cree que se rindiese por su falta de goles y de minutos porque &quot;siempre quiso dar el m\u00e1ximo&quot;. &quot;No pudimos charlar porque todo","twitter:image":"https:\/\/www.eldigitaldeasturias.com\/noticias\/wp-content\/uploads\/2016\/02\/fotonoticia_20160203155402_800.jpg","twitter:label1":"Escrito por","twitter:data1":"El Digital de Asturias","twitter:label2":"Tiempo de lectura estimado","twitter:data2":"2 minutos"},"aioseo_meta_data":{"post_id":"853429","title":null,"description":null,"keywords":null,"keyphrases":null,"primary_term":null,"canonical_url":null,"og_title":null,"og_description":null,"og_object_type":"default","og_image_type":"default","og_image_url":null,"og_image_width":null,"og_image_height":null,"og_image_custom_url":null,"og_image_custom_fields":null,"og_video":null,"og_custom_url":null,"og_article_section":null,"og_article_tags":null,"twitter_use_og":false,"twitter_card":"default","twitter_image_type":"default","twitter_image_url":null,"twitter_image_custom_url":null,"twitter_image_custom_fields":null,"twitter_title":null,"twitter_description":null,"schema":{"blockGraphs":[],"customGraphs":[],"default":{"data":{"Article":[],"Course":[],"Dataset":[],"FAQPage":[],"Movie":[],"Person":[],"Product":[],"ProductReview":[],"Car":[],"Recipe":[],"Service":[],"SoftwareApplication":[],"WebPage":[]},"graphName":"","isEnabled":true},"graphs":[],"defaultGraph":"","defaultPostTypeGraph":""},"schema_type":null,"schema_type_options":null,"pillar_content":false,"robots_default":true,"robots_noindex":false,"robots_noarchive":false,"robots_nosnippet":false,"robots_nofollow":false,"robots_noimageindex":false,"robots_noodp":false,"robots_notranslate":false,"robots_max_snippet":null,"robots_max_videopreview":null,"robots_max_imagepreview":"large","priority":null,"frequency":null,"local_seo":null,"seo_analyzer_scan_date":"2025-12-09 17:59:29","breadcrumb_settings":null,"limit_modified_date":false,"open_ai":null,"ai":null,"created":"2021-01-23 14:08:12","updated":"2025-12-09 17:59:29"},"aioseo_breadcrumb":"<div class=\"aioseo-breadcrumbs\"><span class=\"aioseo-breadcrumb\">\n\t<a href=\"https:\/\/www.eldigitaldeasturias.com\/noticias\" title=\"Home\">Home<\/a>\n<\/span><span class=\"aioseo-breadcrumb-separator\">\u2013<\/span><span class=\"aioseo-breadcrumb\">\n\t<a href=\"https:\/\/www.eldigitaldeasturias.com\/noticias\/category\/deportes\/\" title=\"Deportes\">Deportes<\/a>\n<\/span><span class=\"aioseo-breadcrumb-separator\">\u2013<\/span><span class=\"aioseo-breadcrumb\">\n\t<a href=\"https:\/\/www.eldigitaldeasturias.com\/noticias\/jose-maria-gimenez-jackson-no-tiro-la-toalla\/\" title=\"Jos\u00e9 Mar\u00eda Gim\u00e9nez \u00abJackson no tir\u00f3 la toalla\u00bb\">Jos\u00e9 Mar\u00eda Gim\u00e9nez \u00abJackson no tir\u00f3 la toalla\u00bb<\/a>\n<\/span><\/div>","aioseo_breadcrumb_json":[{"label":"Home","link":"https:\/\/www.eldigitaldeasturias.com\/noticias"},{"label":"Deportes","link":"https:\/\/www.eldigitaldeasturias.com\/noticias\/category\/deportes\/"},{"label":"Jos\u00e9 Mar\u00eda Gim\u00e9nez \u00abJackson no tir\u00f3 la toalla\u00bb","link":"https:\/\/www.eldigitaldeasturias.com\/noticias\/jose-maria-gimenez-jackson-no-tiro-la-toalla\/"}],"_links":{"self":[{"href":"https:\/\/www.eldigitaldeasturias.com\/noticias\/wp-json\/wp\/v2\/posts\/853429","targetHints":{"allow":["GET"]}}],"collection":[{"href":"https:\/\/www.eldigitaldeasturias.com\/noticias\/wp-json\/wp\/v2\/posts"}],"about":[{"href":"https:\/\/www.eldigitaldeasturias.com\/noticias\/wp-json\/wp\/v2\/types\/post"}],"author":[{"embeddable":true,"href":"https:\/\/www.eldigitaldeasturias.com\/noticias\/wp-json\/wp\/v2\/users\/1"}],"replies":[{"embeddable":true,"href":"https:\/\/www.eldigitaldeasturias.com\/noticias\/wp-json\/wp\/v2\/comments?post=853429"}],"version-history":[{"count":0,"href":"https:\/\/www.eldigitaldeasturias.com\/noticias\/wp-json\/wp\/v2\/posts\/853429\/revisions"}],"wp:featuredmedia":[{"embeddable":true,"href":"https:\/\/www.eldigitaldeasturias.com\/noticias\/wp-json\/wp\/v2\/media\/853430"}],"wp:attachment":[{"href":"https:\/\/www.eldigitaldeasturias.com\/noticias\/wp-json\/wp\/v2\/media?parent=853429"}],"wp:term":[{"taxonomy":"category","embeddable":true,"href":"https:\/\/www.eldigitaldeasturias.com\/noticias\/wp-json\/wp\/v2\/categories?post=853429"},{"taxonomy":"post_tag","embeddable":true,"href":"https:\/\/www.eldigitaldeasturias.com\/noticias\/wp-json\/wp\/v2\/tags?post=853429"}],"curies":[{"name":"wp","href":"https:\/\/api.w.org\/{rel}","templated":true}]}}