{"id":853426,"date":"2016-02-03T16:47:01","date_gmt":"2016-02-03T16:47:01","guid":{"rendered":"http:\/\/www.eldigitaldeasturias.com\/noticias\/?p=853426"},"modified":"2016-02-03T16:47:01","modified_gmt":"2016-02-03T16:47:01","slug":"jorge-lorenzo-se-marcha-de-sepang-con-el-mejor-tiempo","status":"publish","type":"post","link":"https:\/\/www.eldigitaldeasturias.com\/noticias\/jorge-lorenzo-se-marcha-de-sepang-con-el-mejor-tiempo\/","title":{"rendered":"Jorge Lorenzo se \u00abmarcha\u00bb de Sepang con el mejor tiempo"},"content":{"rendered":"<p><img loading=\"lazy\" decoding=\"async\" class=\"alignleft size-medium wp-image-853427\" src=\"https:\/\/www.eldigitaldeasturias.com\/noticias\/wp-content\/uploads\/2016\/02\/fotonoticia_20160203155337_800-360x212.jpg\" alt=\"fotonoticia_20160203155337_800\" width=\"360\" height=\"212\" srcset=\"https:\/\/www.eldigitaldeasturias.com\/noticias\/wp-content\/uploads\/2016\/02\/fotonoticia_20160203155337_800-360x212.jpg 360w, https:\/\/www.eldigitaldeasturias.com\/noticias\/wp-content\/uploads\/2016\/02\/fotonoticia_20160203155337_800-768x452.jpg 768w, https:\/\/www.eldigitaldeasturias.com\/noticias\/wp-content\/uploads\/2016\/02\/fotonoticia_20160203155337_800-650x383.jpg 650w, https:\/\/www.eldigitaldeasturias.com\/noticias\/wp-content\/uploads\/2016\/02\/fotonoticia_20160203155337_800-195x115.jpg 195w, https:\/\/www.eldigitaldeasturias.com\/noticias\/wp-content\/uploads\/2016\/02\/fotonoticia_20160203155337_800.jpg 800w\" sizes=\"auto, (max-width: 360px) 100vw, 360px\" \/>El piloto espa\u00f1ol Jorge Lorenzo (Yamaha) cerr\u00f3 este mi\u00e9rcoles el primer test de pretemporada, que se llev\u00f3 a cabo en el circuito de Sepang (Malasia), no s\u00f3lo como el m\u00e1s r\u00e1pido de la parrilla de MotoGP sino con una amplia diferencia sobre sus rivales.<\/p>\n<p>El balear, actual campe\u00f3n del mundo de la categor\u00eda, ha comenzado fuerte a dos meses de empezar la temporada en Losail (Catar) y se ha mostrado que, pese a las nuevas novedades con los neum\u00e1ticos &#8216;Michelin&#8217; y la electr\u00f3nica com\u00fan para todos, con muy buen ritmo sobre el resto de favoritos. Los siguientes tests ser\u00e1n a partir del 17 de febrero en Phillip Island (Australia).<\/p>\n<p>S\u00f3lo el sorprendente italiano Danilo Petrucci (Ducati), ayudado por las gomas blandas, pudo inmiscuirse en el dominio del mallorqu\u00edn en la jornada del martes, pero el de Yamaha recuper\u00f3 su mando en el \u00faltimo d\u00eda en Sepang, donde la lluvia hizo acto de aparici\u00f3n retrasando el inicio y afectando en las \u00faltimas horas.<\/p>\n<p>Con todo, Lorenzo se march\u00f3 de Malasia con muy buenas sensaciones despu\u00e9s de acabar como el m\u00e1s r\u00e1pido gracias a un registro de 1:59.580, siendo el \u00fanico capaz de la parrilla de bajar de la barrera del 2:00 y mejorando el r\u00e9cord de vuelta r\u00e1pida que ten\u00eda Marc M\u00e1rquez (Repsol Honda) desde que logr\u00f3 la &#8216;pole&#8217; en 2014.<\/p>\n<p>Pero no s\u00f3lo el tiempo del mallorqu\u00edn fue lo que asust\u00f3. Su &#8216;M1&#8217; aventaj\u00f3 en casi un segundo al siguiente en la tabla de tiempos, su compa\u00f1ero en el Movistar Yamaha, el italiano Valentino Rossi, que mejor\u00f3 ostensiblemente pero que no se pudo acercar al pentacampe\u00f3n del mundo con un mejor crono de 2:00.556.<\/p>\n<p>Adem\u00e1s, este mi\u00e9rcoles se vio cierta superioridad de las motos de la escuadra del diapas\u00f3n porque la primera moto del Repsol Honda se qued\u00f3 a m\u00e1s de 300 mil\u00e9simas de &#8216;Il Dottore&#8217; y a casi segundo y medio de Lorenzo.<\/p>\n<p>M\u00e1rquez tambi\u00e9n elev\u00f3 sus prestaciones, pero s\u00f3lo pudo ser tercero (2:00.883), seguido muy de cerca por la Honda del brit\u00e1nico Cal Crutchlow y la Ducati del australiano Casey Stoner, que en su vuelta a los circuitos ha mostrado buen nivel y super\u00f3 a los dos pilotos oficiales del equipo italiano, Andrea Iannone y Andrea Dovizioso.<\/p>\n<p>El de Southport ya estuvo por encima del 2:01, lo mismo que Dani Pedrosa (Repsol Honda), el \u00fanico de los cuatro serios aspirantes que deja Malasia sin poder bajar de esta barrera. Su tiempo de 2:01.161 le hizo finalizar sexto, mientras que Maverick Vi\u00f1ales (Suzuki) cerr\u00f3 el &#8216;top 10&#8217; con 2:01.244.<\/p>\n<p>H\u00e9ctor Barber\u00e1 finaliz\u00f3 und\u00e9cimo el d\u00eda, pero en el global de tiempos de los tres d\u00edas, termin\u00f3 este test como el tercero m\u00e1s r\u00e1pido, gracias a su crono del martes y s\u00f3lo superado por Lorenzo y por Petrucci. Aleix Espargar\u00f3 (Suzuki), Pol Espargar\u00f3 (Yamaha), Esteve Rabat (Estrella Galicia 0,0 Marc VDS MotoGP) y \u00c1lvaro Bautista (Aprilia) fueron el 12, el 15, el 20 y el 21 este mi\u00e9rcoles.<\/p>\n<p>&#8211;TIEMPOS DE LA JORNADA.<\/p>\n<p>1. JORGE LORENZO (ESP\/YAMAHA) 1:59.580.<\/p>\n<p>2. Valentino Rossi (ITA\/Yamaha) a 0.976.<\/p>\n<p>3. MARC M\u00c1RQUEZ (ESP\/REPSOL HONDA) 1.303.<\/p>\n<p>4. Cal Crutchlow (GBR\/Honda) 1.412.<\/p>\n<p>5. Casey Stoner (AUS\/Ducati) 1.490.<\/p>\n<p>6. DANI PEDROSA (ESP\/REPSOL HONDA) 1.581.<\/p>\n<p>7. Danilo Petrucci (ITA\/Ducati) 1.637.<\/p>\n<p>8. Andrea Iannone (ITA\/Ducati) 1.643.<\/p>\n<p>9. Scott Redding (GBR\/Ducati) 1.649.<\/p>\n<p>10. MAVERICK VI\u00d1ALES (ESP\/SUZUKI) 1.664.<\/p>\n","protected":false},"excerpt":{"rendered":"<p>El piloto espa\u00f1ol Jorge Lorenzo (Yamaha) cerr\u00f3 este mi\u00e9rcoles el primer test de pretemporada, que se llev\u00f3 a cabo en el circuito de Sepang (Malasia), no s\u00f3lo como el m\u00e1s r\u00e1pido de la parrilla de MotoGP sino con una amplia diferencia sobre sus rivales. El balear, actual campe\u00f3n del mundo de la categor\u00eda, ha comenzado [&hellip;]<\/p>\n","protected":false},"author":1,"featured_media":853427,"comment_status":"closed","ping_status":"closed","sticky":false,"template":"","format":"standard","meta":{"footnotes":""},"categories":[1],"tags":[],"class_list":["post-853426","post","type-post","status-publish","format-standard","has-post-thumbnail","hentry","category-actualidad"],"aioseo_notices":[],"aioseo_head":"\n\t\t<!-- All in One SEO Pro 4.9.6.2 - aioseo.com -->\n\t<meta name=\"description\" content=\"El piloto espa\u00f1ol Jorge Lorenzo (Yamaha) cerr\u00f3 este mi\u00e9rcoles el primer test de pretemporada, que se llev\u00f3 a cabo en el circuito de Sepang (Malasia), no s\u00f3lo como el m\u00e1s r\u00e1pido de la parrilla de MotoGP sino con una amplia diferencia sobre sus rivales. El balear, actual campe\u00f3n del mundo de la categor\u00eda, ha comenzado\" \/>\n\t<meta name=\"robots\" content=\"max-image-preview:large\" \/>\n\t<meta name=\"author\" content=\"El Digital de Asturias\"\/>\n\t<meta name=\"google-site-verification\" content=\"UA-38556648-1\" \/>\n\t<meta name=\"msvalidate.01\" content=\"7dfe9f3f1b24437ab69f4f2559babe99\" \/>\n\t<meta name=\"keywords\" content=\"actualidad\" \/>\n\t<link rel=\"canonical\" href=\"https:\/\/www.eldigitaldeasturias.com\/noticias\/jorge-lorenzo-se-marcha-de-sepang-con-el-mejor-tiempo\/\" \/>\n\t<meta name=\"generator\" content=\"All in One SEO Pro (AIOSEO) 4.9.6.2\" \/>\n\t\t<meta property=\"og:locale\" content=\"es_ES\" \/>\n\t\t<meta property=\"og:site_name\" content=\"El Digital de Asturias\" \/>\n\t\t<meta property=\"og:type\" content=\"article\" \/>\n\t\t<meta property=\"og:title\" content=\"Jorge Lorenzo se \u00abmarcha\u00bb de Sepang con el mejor tiempo - El Digital de Asturias\" \/>\n\t\t<meta property=\"og:description\" content=\"El piloto espa\u00f1ol Jorge Lorenzo (Yamaha) cerr\u00f3 este mi\u00e9rcoles el primer test de pretemporada, que se llev\u00f3 a cabo en el circuito de Sepang (Malasia), no s\u00f3lo como el m\u00e1s r\u00e1pido de la parrilla de MotoGP sino con una amplia diferencia sobre sus rivales. El balear, actual campe\u00f3n del mundo de la categor\u00eda, ha comenzado\" \/>\n\t\t<meta property=\"og:url\" content=\"https:\/\/www.eldigitaldeasturias.com\/noticias\/jorge-lorenzo-se-marcha-de-sepang-con-el-mejor-tiempo\/\" \/>\n\t\t<meta property=\"og:image\" content=\"https:\/\/www.eldigitaldeasturias.com\/noticias\/wp-content\/uploads\/2016\/02\/fotonoticia_20160203155337_800.jpg\" \/>\n\t\t<meta property=\"og:image:secure_url\" content=\"https:\/\/www.eldigitaldeasturias.com\/noticias\/wp-content\/uploads\/2016\/02\/fotonoticia_20160203155337_800.jpg\" \/>\n\t\t<meta property=\"og:image:width\" content=\"800\" \/>\n\t\t<meta property=\"og:image:height\" content=\"471\" \/>\n\t\t<meta property=\"article:tag\" content=\"actualidad\" \/>\n\t\t<meta property=\"article:published_time\" content=\"2016-02-03T16:47:01+00:00\" \/>\n\t\t<meta property=\"article:modified_time\" content=\"2016-02-03T16:47:01+00:00\" \/>\n\t\t<meta property=\"article:publisher\" content=\"https:\/\/facebook.com\/eldigitaldeasturias\" \/>\n\t\t<meta name=\"twitter:card\" content=\"summary_large_image\" \/>\n\t\t<meta name=\"twitter:title\" content=\"Jorge Lorenzo se \u00abmarcha\u00bb de Sepang con el mejor tiempo - El Digital de Asturias\" \/>\n\t\t<meta name=\"twitter:description\" content=\"El piloto espa\u00f1ol Jorge Lorenzo (Yamaha) cerr\u00f3 este mi\u00e9rcoles el primer test de pretemporada, que se llev\u00f3 a cabo en el circuito de Sepang (Malasia), no s\u00f3lo como el m\u00e1s r\u00e1pido de la parrilla de MotoGP sino con una amplia diferencia sobre sus rivales. El balear, actual campe\u00f3n del mundo de la categor\u00eda, ha comenzado\" \/>\n\t\t<meta name=\"twitter:image\" content=\"https:\/\/www.eldigitaldeasturias.com\/noticias\/wp-content\/uploads\/2016\/02\/fotonoticia_20160203155337_800.jpg\" \/>\n\t\t<meta name=\"twitter:label1\" content=\"Escrito por\" \/>\n\t\t<meta name=\"twitter:data1\" content=\"El Digital de Asturias\" \/>\n\t\t<meta name=\"twitter:label2\" content=\"Tiempo de lectura estimado\" \/>\n\t\t<meta name=\"twitter:data2\" content=\"3 minutos\" \/>\n\t\t<script type=\"application\/ld+json\" class=\"aioseo-schema\">\n\t\t\t{\"@context\":\"https:\\\/\\\/schema.org\",\"@graph\":[{\"@type\":\"BlogPosting\",\"@id\":\"https:\\\/\\\/www.eldigitaldeasturias.com\\\/noticias\\\/jorge-lorenzo-se-marcha-de-sepang-con-el-mejor-tiempo\\\/#blogposting\",\"name\":\"Jorge Lorenzo se \\u00abmarcha\\u00bb de Sepang con el mejor tiempo - El Digital de Asturias\",\"headline\":\"Jorge Lorenzo se \\u00abmarcha\\u00bb de Sepang con el mejor tiempo\",\"author\":{\"@id\":\"https:\\\/\\\/www.eldigitaldeasturias.com\\\/noticias\\\/author\\\/admin\\\/#author\"},\"publisher\":{\"@id\":\"https:\\\/\\\/www.eldigitaldeasturias.com\\\/noticias\\\/#organization\"},\"image\":{\"@type\":\"ImageObject\",\"url\":\"https:\\\/\\\/www.eldigitaldeasturias.com\\\/noticias\\\/wp-content\\\/uploads\\\/2016\\\/02\\\/fotonoticia_20160203155337_800.jpg\",\"width\":800,\"height\":471},\"datePublished\":\"2016-02-03T16:47:01+01:00\",\"dateModified\":\"2016-02-03T16:47:01+01:00\",\"inLanguage\":\"es-ES\",\"mainEntityOfPage\":{\"@id\":\"https:\\\/\\\/www.eldigitaldeasturias.com\\\/noticias\\\/jorge-lorenzo-se-marcha-de-sepang-con-el-mejor-tiempo\\\/#webpage\"},\"isPartOf\":{\"@id\":\"https:\\\/\\\/www.eldigitaldeasturias.com\\\/noticias\\\/jorge-lorenzo-se-marcha-de-sepang-con-el-mejor-tiempo\\\/#webpage\"},\"articleSection\":\"Actualidad\"},{\"@type\":\"BreadcrumbList\",\"@id\":\"https:\\\/\\\/www.eldigitaldeasturias.com\\\/noticias\\\/jorge-lorenzo-se-marcha-de-sepang-con-el-mejor-tiempo\\\/#breadcrumblist\",\"itemListElement\":[{\"@type\":\"ListItem\",\"@id\":\"https:\\\/\\\/www.eldigitaldeasturias.com\\\/noticias#listItem\",\"position\":1,\"name\":\"Home\",\"item\":\"https:\\\/\\\/www.eldigitaldeasturias.com\\\/noticias\",\"nextItem\":{\"@type\":\"ListItem\",\"@id\":\"https:\\\/\\\/www.eldigitaldeasturias.com\\\/noticias\\\/category\\\/actualidad\\\/#listItem\",\"name\":\"Actualidad\"}},{\"@type\":\"ListItem\",\"@id\":\"https:\\\/\\\/www.eldigitaldeasturias.com\\\/noticias\\\/category\\\/actualidad\\\/#listItem\",\"position\":2,\"name\":\"Actualidad\",\"item\":\"https:\\\/\\\/www.eldigitaldeasturias.com\\\/noticias\\\/category\\\/actualidad\\\/\",\"nextItem\":{\"@type\":\"ListItem\",\"@id\":\"https:\\\/\\\/www.eldigitaldeasturias.com\\\/noticias\\\/jorge-lorenzo-se-marcha-de-sepang-con-el-mejor-tiempo\\\/#listItem\",\"name\":\"Jorge Lorenzo se \\u00abmarcha\\u00bb de Sepang con el mejor tiempo\"},\"previousItem\":{\"@type\":\"ListItem\",\"@id\":\"https:\\\/\\\/www.eldigitaldeasturias.com\\\/noticias#listItem\",\"name\":\"Home\"}},{\"@type\":\"ListItem\",\"@id\":\"https:\\\/\\\/www.eldigitaldeasturias.com\\\/noticias\\\/jorge-lorenzo-se-marcha-de-sepang-con-el-mejor-tiempo\\\/#listItem\",\"position\":3,\"name\":\"Jorge Lorenzo se \\u00abmarcha\\u00bb de Sepang con el mejor tiempo\",\"previousItem\":{\"@type\":\"ListItem\",\"@id\":\"https:\\\/\\\/www.eldigitaldeasturias.com\\\/noticias\\\/category\\\/actualidad\\\/#listItem\",\"name\":\"Actualidad\"}}]},{\"@type\":\"Organization\",\"@id\":\"https:\\\/\\\/www.eldigitaldeasturias.com\\\/noticias\\\/#organization\",\"name\":\"El Digital de Asturias\",\"description\":\"Hemeroteca\",\"url\":\"https:\\\/\\\/www.eldigitaldeasturias.com\\\/noticias\\\/\",\"email\":\"info@eldigitaldeasturias.com\",\"telephone\":\"+34652131393\",\"logo\":{\"@type\":\"ImageObject\",\"url\":\"https:\\\/\\\/www.eldigitaldeasturias.com\\\/noticias\\\/wp-content\\\/uploads\\\/2020\\\/12\\\/EDA.jpg\",\"@id\":\"https:\\\/\\\/www.eldigitaldeasturias.com\\\/noticias\\\/jorge-lorenzo-se-marcha-de-sepang-con-el-mejor-tiempo\\\/#organizationLogo\",\"width\":649,\"height\":297},\"image\":{\"@id\":\"https:\\\/\\\/www.eldigitaldeasturias.com\\\/noticias\\\/jorge-lorenzo-se-marcha-de-sepang-con-el-mejor-tiempo\\\/#organizationLogo\"},\"sameAs\":[\"https:\\\/\\\/facebook.com\\\/eldigitaldeasturias\",\"https:\\\/\\\/www.youtube.com\\\/channel\\\/UCZP-2wLEB9Rv6erhFmqVnvg\"],\"address\":{\"@id\":\"https:\\\/\\\/www.eldigitaldeasturias.com\\\/noticias\\\/#postaladdress\",\"@type\":\"PostalAddress\",\"streetAddress\":\"san antonio 4,\",\"postalCode\":\"33430\",\"addressLocality\":\"Cand\\u00e1s\",\"addressRegion\":\"Asturias\",\"addressCountry\":\"ES\"}},{\"@type\":\"Person\",\"@id\":\"https:\\\/\\\/www.eldigitaldeasturias.com\\\/noticias\\\/author\\\/admin\\\/#author\",\"url\":\"https:\\\/\\\/www.eldigitaldeasturias.com\\\/noticias\\\/author\\\/admin\\\/\",\"name\":\"El Digital de Asturias\",\"image\":{\"@type\":\"ImageObject\",\"@id\":\"https:\\\/\\\/www.eldigitaldeasturias.com\\\/noticias\\\/jorge-lorenzo-se-marcha-de-sepang-con-el-mejor-tiempo\\\/#authorImage\",\"url\":\"https:\\\/\\\/www.eldigitaldeasturias.com\\\/noticias\\\/wp-content\\\/litespeed\\\/avatar\\\/18677e78aa0546b92d9dbf31ec7d7668.jpg?ver=1777290358\",\"width\":96,\"height\":96,\"caption\":\"El Digital de Asturias\"}},{\"@type\":\"WebPage\",\"@id\":\"https:\\\/\\\/www.eldigitaldeasturias.com\\\/noticias\\\/jorge-lorenzo-se-marcha-de-sepang-con-el-mejor-tiempo\\\/#webpage\",\"url\":\"https:\\\/\\\/www.eldigitaldeasturias.com\\\/noticias\\\/jorge-lorenzo-se-marcha-de-sepang-con-el-mejor-tiempo\\\/\",\"name\":\"Jorge Lorenzo se \\u00abmarcha\\u00bb de Sepang con el mejor tiempo - El Digital de Asturias\",\"description\":\"El piloto espa\\u00f1ol Jorge Lorenzo (Yamaha) cerr\\u00f3 este mi\\u00e9rcoles el primer test de pretemporada, que se llev\\u00f3 a cabo en el circuito de Sepang (Malasia), no s\\u00f3lo como el m\\u00e1s r\\u00e1pido de la parrilla de MotoGP sino con una amplia diferencia sobre sus rivales. El balear, actual campe\\u00f3n del mundo de la categor\\u00eda, ha comenzado\",\"inLanguage\":\"es-ES\",\"isPartOf\":{\"@id\":\"https:\\\/\\\/www.eldigitaldeasturias.com\\\/noticias\\\/#website\"},\"breadcrumb\":{\"@id\":\"https:\\\/\\\/www.eldigitaldeasturias.com\\\/noticias\\\/jorge-lorenzo-se-marcha-de-sepang-con-el-mejor-tiempo\\\/#breadcrumblist\"},\"author\":{\"@id\":\"https:\\\/\\\/www.eldigitaldeasturias.com\\\/noticias\\\/author\\\/admin\\\/#author\"},\"creator\":{\"@id\":\"https:\\\/\\\/www.eldigitaldeasturias.com\\\/noticias\\\/author\\\/admin\\\/#author\"},\"image\":{\"@type\":\"ImageObject\",\"url\":\"https:\\\/\\\/www.eldigitaldeasturias.com\\\/noticias\\\/wp-content\\\/uploads\\\/2016\\\/02\\\/fotonoticia_20160203155337_800.jpg\",\"@id\":\"https:\\\/\\\/www.eldigitaldeasturias.com\\\/noticias\\\/jorge-lorenzo-se-marcha-de-sepang-con-el-mejor-tiempo\\\/#mainImage\",\"width\":800,\"height\":471},\"primaryImageOfPage\":{\"@id\":\"https:\\\/\\\/www.eldigitaldeasturias.com\\\/noticias\\\/jorge-lorenzo-se-marcha-de-sepang-con-el-mejor-tiempo\\\/#mainImage\"},\"datePublished\":\"2016-02-03T16:47:01+01:00\",\"dateModified\":\"2016-02-03T16:47:01+01:00\"},{\"@type\":\"WebSite\",\"@id\":\"https:\\\/\\\/www.eldigitaldeasturias.com\\\/noticias\\\/#website\",\"url\":\"https:\\\/\\\/www.eldigitaldeasturias.com\\\/noticias\\\/\",\"name\":\"El Digital de Asturias - Diario de actualidad y noticias\",\"alternateName\":\"El Digital de Asturias - Diario de actualidad y noticias\",\"description\":\"Hemeroteca\",\"inLanguage\":\"es-ES\",\"publisher\":{\"@id\":\"https:\\\/\\\/www.eldigitaldeasturias.com\\\/noticias\\\/#organization\"}}]}\n\t\t<\/script>\n\t\t<!-- All in One SEO Pro -->\r\n\t\t<title>Jorge Lorenzo se \u00abmarcha\u00bb de Sepang con el mejor tiempo - El Digital de Asturias<\/title>\n\n","aioseo_head_json":{"title":"Jorge Lorenzo se \u00abmarcha\u00bb de Sepang con el mejor tiempo - El Digital de Asturias","description":"El piloto espa\u00f1ol Jorge Lorenzo (Yamaha) cerr\u00f3 este mi\u00e9rcoles el primer test de pretemporada, que se llev\u00f3 a cabo en el circuito de Sepang (Malasia), no s\u00f3lo como el m\u00e1s r\u00e1pido de la parrilla de MotoGP sino con una amplia diferencia sobre sus rivales. El balear, actual campe\u00f3n del mundo de la categor\u00eda, ha comenzado","canonical_url":"https:\/\/www.eldigitaldeasturias.com\/noticias\/jorge-lorenzo-se-marcha-de-sepang-con-el-mejor-tiempo\/","robots":"max-image-preview:large","keywords":"actualidad","webmasterTools":{"google-site-verification":"UA-38556648-1","msvalidate.01":"7dfe9f3f1b24437ab69f4f2559babe99","miscellaneous":""},"schema":{"@context":"https:\/\/schema.org","@graph":[{"@type":"BlogPosting","@id":"https:\/\/www.eldigitaldeasturias.com\/noticias\/jorge-lorenzo-se-marcha-de-sepang-con-el-mejor-tiempo\/#blogposting","name":"Jorge Lorenzo se \u00abmarcha\u00bb de Sepang con el mejor tiempo - El Digital de Asturias","headline":"Jorge Lorenzo se \u00abmarcha\u00bb de Sepang con el mejor tiempo","author":{"@id":"https:\/\/www.eldigitaldeasturias.com\/noticias\/author\/admin\/#author"},"publisher":{"@id":"https:\/\/www.eldigitaldeasturias.com\/noticias\/#organization"},"image":{"@type":"ImageObject","url":"https:\/\/www.eldigitaldeasturias.com\/noticias\/wp-content\/uploads\/2016\/02\/fotonoticia_20160203155337_800.jpg","width":800,"height":471},"datePublished":"2016-02-03T16:47:01+01:00","dateModified":"2016-02-03T16:47:01+01:00","inLanguage":"es-ES","mainEntityOfPage":{"@id":"https:\/\/www.eldigitaldeasturias.com\/noticias\/jorge-lorenzo-se-marcha-de-sepang-con-el-mejor-tiempo\/#webpage"},"isPartOf":{"@id":"https:\/\/www.eldigitaldeasturias.com\/noticias\/jorge-lorenzo-se-marcha-de-sepang-con-el-mejor-tiempo\/#webpage"},"articleSection":"Actualidad"},{"@type":"BreadcrumbList","@id":"https:\/\/www.eldigitaldeasturias.com\/noticias\/jorge-lorenzo-se-marcha-de-sepang-con-el-mejor-tiempo\/#breadcrumblist","itemListElement":[{"@type":"ListItem","@id":"https:\/\/www.eldigitaldeasturias.com\/noticias#listItem","position":1,"name":"Home","item":"https:\/\/www.eldigitaldeasturias.com\/noticias","nextItem":{"@type":"ListItem","@id":"https:\/\/www.eldigitaldeasturias.com\/noticias\/category\/actualidad\/#listItem","name":"Actualidad"}},{"@type":"ListItem","@id":"https:\/\/www.eldigitaldeasturias.com\/noticias\/category\/actualidad\/#listItem","position":2,"name":"Actualidad","item":"https:\/\/www.eldigitaldeasturias.com\/noticias\/category\/actualidad\/","nextItem":{"@type":"ListItem","@id":"https:\/\/www.eldigitaldeasturias.com\/noticias\/jorge-lorenzo-se-marcha-de-sepang-con-el-mejor-tiempo\/#listItem","name":"Jorge Lorenzo se \u00abmarcha\u00bb de Sepang con el mejor tiempo"},"previousItem":{"@type":"ListItem","@id":"https:\/\/www.eldigitaldeasturias.com\/noticias#listItem","name":"Home"}},{"@type":"ListItem","@id":"https:\/\/www.eldigitaldeasturias.com\/noticias\/jorge-lorenzo-se-marcha-de-sepang-con-el-mejor-tiempo\/#listItem","position":3,"name":"Jorge Lorenzo se \u00abmarcha\u00bb de Sepang con el mejor tiempo","previousItem":{"@type":"ListItem","@id":"https:\/\/www.eldigitaldeasturias.com\/noticias\/category\/actualidad\/#listItem","name":"Actualidad"}}]},{"@type":"Organization","@id":"https:\/\/www.eldigitaldeasturias.com\/noticias\/#organization","name":"El Digital de Asturias","description":"Hemeroteca","url":"https:\/\/www.eldigitaldeasturias.com\/noticias\/","email":"info@eldigitaldeasturias.com","telephone":"+34652131393","logo":{"@type":"ImageObject","url":"https:\/\/www.eldigitaldeasturias.com\/noticias\/wp-content\/uploads\/2020\/12\/EDA.jpg","@id":"https:\/\/www.eldigitaldeasturias.com\/noticias\/jorge-lorenzo-se-marcha-de-sepang-con-el-mejor-tiempo\/#organizationLogo","width":649,"height":297},"image":{"@id":"https:\/\/www.eldigitaldeasturias.com\/noticias\/jorge-lorenzo-se-marcha-de-sepang-con-el-mejor-tiempo\/#organizationLogo"},"sameAs":["https:\/\/facebook.com\/eldigitaldeasturias","https:\/\/www.youtube.com\/channel\/UCZP-2wLEB9Rv6erhFmqVnvg"],"address":{"@id":"https:\/\/www.eldigitaldeasturias.com\/noticias\/#postaladdress","@type":"PostalAddress","streetAddress":"san antonio 4,","postalCode":"33430","addressLocality":"Cand\u00e1s","addressRegion":"Asturias","addressCountry":"ES"}},{"@type":"Person","@id":"https:\/\/www.eldigitaldeasturias.com\/noticias\/author\/admin\/#author","url":"https:\/\/www.eldigitaldeasturias.com\/noticias\/author\/admin\/","name":"El Digital de Asturias","image":{"@type":"ImageObject","@id":"https:\/\/www.eldigitaldeasturias.com\/noticias\/jorge-lorenzo-se-marcha-de-sepang-con-el-mejor-tiempo\/#authorImage","url":"https:\/\/www.eldigitaldeasturias.com\/noticias\/wp-content\/litespeed\/avatar\/18677e78aa0546b92d9dbf31ec7d7668.jpg?ver=1777290358","width":96,"height":96,"caption":"El Digital de Asturias"}},{"@type":"WebPage","@id":"https:\/\/www.eldigitaldeasturias.com\/noticias\/jorge-lorenzo-se-marcha-de-sepang-con-el-mejor-tiempo\/#webpage","url":"https:\/\/www.eldigitaldeasturias.com\/noticias\/jorge-lorenzo-se-marcha-de-sepang-con-el-mejor-tiempo\/","name":"Jorge Lorenzo se \u00abmarcha\u00bb de Sepang con el mejor tiempo - El Digital de Asturias","description":"El piloto espa\u00f1ol Jorge Lorenzo (Yamaha) cerr\u00f3 este mi\u00e9rcoles el primer test de pretemporada, que se llev\u00f3 a cabo en el circuito de Sepang (Malasia), no s\u00f3lo como el m\u00e1s r\u00e1pido de la parrilla de MotoGP sino con una amplia diferencia sobre sus rivales. El balear, actual campe\u00f3n del mundo de la categor\u00eda, ha comenzado","inLanguage":"es-ES","isPartOf":{"@id":"https:\/\/www.eldigitaldeasturias.com\/noticias\/#website"},"breadcrumb":{"@id":"https:\/\/www.eldigitaldeasturias.com\/noticias\/jorge-lorenzo-se-marcha-de-sepang-con-el-mejor-tiempo\/#breadcrumblist"},"author":{"@id":"https:\/\/www.eldigitaldeasturias.com\/noticias\/author\/admin\/#author"},"creator":{"@id":"https:\/\/www.eldigitaldeasturias.com\/noticias\/author\/admin\/#author"},"image":{"@type":"ImageObject","url":"https:\/\/www.eldigitaldeasturias.com\/noticias\/wp-content\/uploads\/2016\/02\/fotonoticia_20160203155337_800.jpg","@id":"https:\/\/www.eldigitaldeasturias.com\/noticias\/jorge-lorenzo-se-marcha-de-sepang-con-el-mejor-tiempo\/#mainImage","width":800,"height":471},"primaryImageOfPage":{"@id":"https:\/\/www.eldigitaldeasturias.com\/noticias\/jorge-lorenzo-se-marcha-de-sepang-con-el-mejor-tiempo\/#mainImage"},"datePublished":"2016-02-03T16:47:01+01:00","dateModified":"2016-02-03T16:47:01+01:00"},{"@type":"WebSite","@id":"https:\/\/www.eldigitaldeasturias.com\/noticias\/#website","url":"https:\/\/www.eldigitaldeasturias.com\/noticias\/","name":"El Digital de Asturias - Diario de actualidad y noticias","alternateName":"El Digital de Asturias - Diario de actualidad y noticias","description":"Hemeroteca","inLanguage":"es-ES","publisher":{"@id":"https:\/\/www.eldigitaldeasturias.com\/noticias\/#organization"}}]},"og:locale":"es_ES","og:site_name":"El Digital de Asturias","og:type":"article","og:title":"Jorge Lorenzo se \u00abmarcha\u00bb de Sepang con el mejor tiempo - El Digital de Asturias","og:description":"El piloto espa\u00f1ol Jorge Lorenzo (Yamaha) cerr\u00f3 este mi\u00e9rcoles el primer test de pretemporada, que se llev\u00f3 a cabo en el circuito de Sepang (Malasia), no s\u00f3lo como el m\u00e1s r\u00e1pido de la parrilla de MotoGP sino con una amplia diferencia sobre sus rivales. El balear, actual campe\u00f3n del mundo de la categor\u00eda, ha comenzado","og:url":"https:\/\/www.eldigitaldeasturias.com\/noticias\/jorge-lorenzo-se-marcha-de-sepang-con-el-mejor-tiempo\/","og:image":"https:\/\/www.eldigitaldeasturias.com\/noticias\/wp-content\/uploads\/2016\/02\/fotonoticia_20160203155337_800.jpg","og:image:secure_url":"https:\/\/www.eldigitaldeasturias.com\/noticias\/wp-content\/uploads\/2016\/02\/fotonoticia_20160203155337_800.jpg","og:image:width":800,"og:image:height":471,"article:tag":["actualidad"],"article:published_time":"2016-02-03T16:47:01+00:00","article:modified_time":"2016-02-03T16:47:01+00:00","article:publisher":"https:\/\/facebook.com\/eldigitaldeasturias","twitter:card":"summary_large_image","twitter:title":"Jorge Lorenzo se \u00abmarcha\u00bb de Sepang con el mejor tiempo - El Digital de Asturias","twitter:description":"El piloto espa\u00f1ol Jorge Lorenzo (Yamaha) cerr\u00f3 este mi\u00e9rcoles el primer test de pretemporada, que se llev\u00f3 a cabo en el circuito de Sepang (Malasia), no s\u00f3lo como el m\u00e1s r\u00e1pido de la parrilla de MotoGP sino con una amplia diferencia sobre sus rivales. El balear, actual campe\u00f3n del mundo de la categor\u00eda, ha comenzado","twitter:image":"https:\/\/www.eldigitaldeasturias.com\/noticias\/wp-content\/uploads\/2016\/02\/fotonoticia_20160203155337_800.jpg","twitter:label1":"Escrito por","twitter:data1":"El Digital de Asturias","twitter:label2":"Tiempo de lectura estimado","twitter:data2":"3 minutos"},"aioseo_meta_data":{"post_id":"853426","title":null,"description":null,"keywords":null,"keyphrases":null,"primary_term":null,"canonical_url":null,"og_title":null,"og_description":null,"og_object_type":"default","og_image_type":"default","og_image_url":null,"og_image_width":null,"og_image_height":null,"og_image_custom_url":null,"og_image_custom_fields":null,"og_video":null,"og_custom_url":null,"og_article_section":null,"og_article_tags":null,"twitter_use_og":false,"twitter_card":"default","twitter_image_type":"default","twitter_image_url":null,"twitter_image_custom_url":null,"twitter_image_custom_fields":null,"twitter_title":null,"twitter_description":null,"schema":{"blockGraphs":[],"customGraphs":[],"default":{"data":{"Article":[],"Course":[],"Dataset":[],"FAQPage":[],"Movie":[],"Person":[],"Product":[],"ProductReview":[],"Car":[],"Recipe":[],"Service":[],"SoftwareApplication":[],"WebPage":[]},"graphName":"","isEnabled":true},"graphs":[],"defaultGraph":"","defaultPostTypeGraph":""},"schema_type":null,"schema_type_options":null,"pillar_content":false,"robots_default":true,"robots_noindex":false,"robots_noarchive":false,"robots_nosnippet":false,"robots_nofollow":false,"robots_noimageindex":false,"robots_noodp":false,"robots_notranslate":false,"robots_max_snippet":null,"robots_max_videopreview":null,"robots_max_imagepreview":"large","priority":null,"frequency":null,"local_seo":null,"seo_analyzer_scan_date":"2025-12-09 17:59:28","breadcrumb_settings":null,"limit_modified_date":false,"open_ai":null,"ai":null,"created":"2021-01-22 11:38:24","updated":"2025-12-09 17:59:28"},"aioseo_breadcrumb":"<div class=\"aioseo-breadcrumbs\"><span class=\"aioseo-breadcrumb\">\n\t<a href=\"https:\/\/www.eldigitaldeasturias.com\/noticias\" title=\"Home\">Home<\/a>\n<\/span><span class=\"aioseo-breadcrumb-separator\">\u2013<\/span><span class=\"aioseo-breadcrumb\">\n\t<a href=\"https:\/\/www.eldigitaldeasturias.com\/noticias\/category\/actualidad\/\" title=\"Actualidad\">Actualidad<\/a>\n<\/span><span class=\"aioseo-breadcrumb-separator\">\u2013<\/span><span class=\"aioseo-breadcrumb\">\n\t<a href=\"https:\/\/www.eldigitaldeasturias.com\/noticias\/jorge-lorenzo-se-marcha-de-sepang-con-el-mejor-tiempo\/\" title=\"Jorge Lorenzo se \u00abmarcha\u00bb de Sepang con el mejor tiempo\">Jorge Lorenzo se \u00abmarcha\u00bb de Sepang con el mejor tiempo<\/a>\n<\/span><\/div>","aioseo_breadcrumb_json":[{"label":"Home","link":"https:\/\/www.eldigitaldeasturias.com\/noticias"},{"label":"Actualidad","link":"https:\/\/www.eldigitaldeasturias.com\/noticias\/category\/actualidad\/"},{"label":"Jorge Lorenzo se \u00abmarcha\u00bb de Sepang con el mejor tiempo","link":"https:\/\/www.eldigitaldeasturias.com\/noticias\/jorge-lorenzo-se-marcha-de-sepang-con-el-mejor-tiempo\/"}],"_links":{"self":[{"href":"https:\/\/www.eldigitaldeasturias.com\/noticias\/wp-json\/wp\/v2\/posts\/853426","targetHints":{"allow":["GET"]}}],"collection":[{"href":"https:\/\/www.eldigitaldeasturias.com\/noticias\/wp-json\/wp\/v2\/posts"}],"about":[{"href":"https:\/\/www.eldigitaldeasturias.com\/noticias\/wp-json\/wp\/v2\/types\/post"}],"author":[{"embeddable":true,"href":"https:\/\/www.eldigitaldeasturias.com\/noticias\/wp-json\/wp\/v2\/users\/1"}],"replies":[{"embeddable":true,"href":"https:\/\/www.eldigitaldeasturias.com\/noticias\/wp-json\/wp\/v2\/comments?post=853426"}],"version-history":[{"count":0,"href":"https:\/\/www.eldigitaldeasturias.com\/noticias\/wp-json\/wp\/v2\/posts\/853426\/revisions"}],"wp:featuredmedia":[{"embeddable":true,"href":"https:\/\/www.eldigitaldeasturias.com\/noticias\/wp-json\/wp\/v2\/media\/853427"}],"wp:attachment":[{"href":"https:\/\/www.eldigitaldeasturias.com\/noticias\/wp-json\/wp\/v2\/media?parent=853426"}],"wp:term":[{"taxonomy":"category","embeddable":true,"href":"https:\/\/www.eldigitaldeasturias.com\/noticias\/wp-json\/wp\/v2\/categories?post=853426"},{"taxonomy":"post_tag","embeddable":true,"href":"https:\/\/www.eldigitaldeasturias.com\/noticias\/wp-json\/wp\/v2\/tags?post=853426"}],"curies":[{"name":"wp","href":"https:\/\/api.w.org\/{rel}","templated":true}]}}