{"id":853420,"date":"2016-02-03T16:44:26","date_gmt":"2016-02-03T16:44:26","guid":{"rendered":"http:\/\/www.eldigitaldeasturias.com\/noticias\/?p=853420"},"modified":"2016-02-03T16:44:26","modified_gmt":"2016-02-03T16:44:26","slug":"miguel-cardenal-el-real-madrid-de-baloncesto-es-una-victima-de-delincuentes","status":"publish","type":"post","link":"https:\/\/www.eldigitaldeasturias.com\/noticias\/miguel-cardenal-el-real-madrid-de-baloncesto-es-una-victima-de-delincuentes\/","title":{"rendered":"Miguel Cardenal \u00abEl Real Madrid de baloncesto es una v\u00edctima de delincuentes\u00bb"},"content":{"rendered":"<p><img loading=\"lazy\" decoding=\"async\" class=\"alignleft size-medium wp-image-853421\" src=\"https:\/\/www.eldigitaldeasturias.com\/noticias\/wp-content\/uploads\/2016\/02\/fotonoticia_20160203155237_800-360x283.jpg\" alt=\"fotonoticia_20160203155237_800\" width=\"360\" height=\"283\" srcset=\"https:\/\/www.eldigitaldeasturias.com\/noticias\/wp-content\/uploads\/2016\/02\/fotonoticia_20160203155237_800-360x283.jpg 360w, https:\/\/www.eldigitaldeasturias.com\/noticias\/wp-content\/uploads\/2016\/02\/fotonoticia_20160203155237_800-768x603.jpg 768w, https:\/\/www.eldigitaldeasturias.com\/noticias\/wp-content\/uploads\/2016\/02\/fotonoticia_20160203155237_800-650x510.jpg 650w, https:\/\/www.eldigitaldeasturias.com\/noticias\/wp-content\/uploads\/2016\/02\/fotonoticia_20160203155237_800.jpg 800w\" sizes=\"auto, (max-width: 360px) 100vw, 360px\" \/>El presidente del Consejo Superior de Deportes (CSD), Miguel Cardenal, se declar\u00f3 convencido de que el Real Madrid es \u00abuna v\u00edctima\u00bb de una mafia de delincuentes en el caso del presunto pasaporte falso del exjugador del conjunto blanco Marcus Slaughter, y que no trat\u00f3 de sacar beneficio por ello.<\/p>\n<p>\u00ab\u00bfSi se le puede quitar una Liga y una Copa? El hecho de que se hayan falsificado unos pasaportes es un delito y lo pasamos a la polic\u00eda. Estoy seguro, aunque no tengo una prueba de esta afirmaci\u00f3n, de que un club como el Madrid no ha hecho esa pr\u00e1ctica a sabiendas\u00bb, dijo en declaraciones a &#8216;El Partido de las 12&#8217; de COPE que recoge Europa Press.<\/p>\n<p>En este sentido, Miguel Cardenal subray\u00f3 que considera \u00abimposible\u00bb que los directivos del equipo blanco supieran de la existencia de ese presunto pasaporte falso de Slaughter, que gan\u00f3 Liga Endesa y Copa del Rey como comunitario. \u00abEl Madrid ser\u00e1 una v\u00edctima de delicuentes que le han intentado enga\u00f1ar\u00bb, afirm\u00f3.<\/p>\n","protected":false},"excerpt":{"rendered":"<p>El presidente del Consejo Superior de Deportes (CSD), Miguel Cardenal, se declar\u00f3 convencido de que el Real Madrid es \u00abuna v\u00edctima\u00bb de una mafia de delincuentes en el caso del presunto pasaporte falso del exjugador del conjunto blanco Marcus Slaughter, y que no trat\u00f3 de sacar beneficio por ello. \u00ab\u00bfSi se le puede quitar una [&hellip;]<\/p>\n","protected":false},"author":1,"featured_media":853421,"comment_status":"closed","ping_status":"closed","sticky":false,"template":"","format":"standard","meta":{"footnotes":""},"categories":[1],"tags":[],"class_list":["post-853420","post","type-post","status-publish","format-standard","has-post-thumbnail","hentry","category-actualidad"],"aioseo_notices":[],"aioseo_head":"\n\t\t<!-- All in One SEO Pro 4.9.6.2 - aioseo.com -->\n\t<meta name=\"description\" content=\"El presidente del Consejo Superior de Deportes (CSD), Miguel Cardenal, se declar\u00f3 convencido de que el Real Madrid es &quot;una v\u00edctima&quot; de una mafia de delincuentes en el caso del presunto pasaporte falso del exjugador del conjunto blanco Marcus Slaughter, y que no trat\u00f3 de sacar beneficio por ello. &quot;\u00bfSi se le puede quitar una\" \/>\n\t<meta name=\"robots\" content=\"max-image-preview:large\" \/>\n\t<meta name=\"author\" content=\"El Digital de Asturias\"\/>\n\t<meta name=\"google-site-verification\" content=\"UA-38556648-1\" \/>\n\t<meta name=\"msvalidate.01\" content=\"7dfe9f3f1b24437ab69f4f2559babe99\" \/>\n\t<meta name=\"keywords\" content=\"actualidad\" \/>\n\t<link rel=\"canonical\" href=\"https:\/\/www.eldigitaldeasturias.com\/noticias\/miguel-cardenal-el-real-madrid-de-baloncesto-es-una-victima-de-delincuentes\/\" \/>\n\t<meta name=\"generator\" content=\"All in One SEO Pro (AIOSEO) 4.9.6.2\" \/>\n\t\t<meta property=\"og:locale\" content=\"es_ES\" \/>\n\t\t<meta property=\"og:site_name\" content=\"El Digital de Asturias\" \/>\n\t\t<meta property=\"og:type\" content=\"article\" \/>\n\t\t<meta property=\"og:title\" content=\"Miguel Cardenal \u00abEl Real Madrid de baloncesto es una v\u00edctima de delincuentes\u00bb - El Digital de Asturias\" \/>\n\t\t<meta property=\"og:description\" content=\"El presidente del Consejo Superior de Deportes (CSD), Miguel Cardenal, se declar\u00f3 convencido de que el Real Madrid es &quot;una v\u00edctima&quot; de una mafia de delincuentes en el caso del presunto pasaporte falso del exjugador del conjunto blanco Marcus Slaughter, y que no trat\u00f3 de sacar beneficio por ello. &quot;\u00bfSi se le puede quitar una\" \/>\n\t\t<meta property=\"og:url\" content=\"https:\/\/www.eldigitaldeasturias.com\/noticias\/miguel-cardenal-el-real-madrid-de-baloncesto-es-una-victima-de-delincuentes\/\" \/>\n\t\t<meta property=\"og:image\" content=\"https:\/\/www.eldigitaldeasturias.com\/noticias\/wp-content\/uploads\/2016\/02\/fotonoticia_20160203155237_800.jpg\" \/>\n\t\t<meta property=\"og:image:secure_url\" content=\"https:\/\/www.eldigitaldeasturias.com\/noticias\/wp-content\/uploads\/2016\/02\/fotonoticia_20160203155237_800.jpg\" \/>\n\t\t<meta property=\"og:image:width\" content=\"800\" \/>\n\t\t<meta property=\"og:image:height\" content=\"628\" \/>\n\t\t<meta property=\"article:tag\" content=\"actualidad\" \/>\n\t\t<meta property=\"article:published_time\" content=\"2016-02-03T16:44:26+00:00\" \/>\n\t\t<meta property=\"article:modified_time\" content=\"2016-02-03T16:44:26+00:00\" \/>\n\t\t<meta property=\"article:publisher\" content=\"https:\/\/facebook.com\/eldigitaldeasturias\" \/>\n\t\t<meta name=\"twitter:card\" content=\"summary_large_image\" \/>\n\t\t<meta name=\"twitter:title\" content=\"Miguel Cardenal \u00abEl Real Madrid de baloncesto es una v\u00edctima de delincuentes\u00bb - El Digital de Asturias\" \/>\n\t\t<meta name=\"twitter:description\" content=\"El presidente del Consejo Superior de Deportes (CSD), Miguel Cardenal, se declar\u00f3 convencido de que el Real Madrid es &quot;una v\u00edctima&quot; de una mafia de delincuentes en el caso del presunto pasaporte falso del exjugador del conjunto blanco Marcus Slaughter, y que no trat\u00f3 de sacar beneficio por ello. &quot;\u00bfSi se le puede quitar una\" \/>\n\t\t<meta name=\"twitter:image\" content=\"https:\/\/www.eldigitaldeasturias.com\/noticias\/wp-content\/uploads\/2016\/02\/fotonoticia_20160203155237_800.jpg\" \/>\n\t\t<meta name=\"twitter:label1\" content=\"Escrito por\" \/>\n\t\t<meta name=\"twitter:data1\" content=\"El Digital de Asturias\" \/>\n\t\t<meta name=\"twitter:label2\" content=\"Tiempo de lectura estimado\" \/>\n\t\t<meta name=\"twitter:data2\" content=\"1 minuto\" \/>\n\t\t<script type=\"application\/ld+json\" class=\"aioseo-schema\">\n\t\t\t{\"@context\":\"https:\\\/\\\/schema.org\",\"@graph\":[{\"@type\":\"BlogPosting\",\"@id\":\"https:\\\/\\\/www.eldigitaldeasturias.com\\\/noticias\\\/miguel-cardenal-el-real-madrid-de-baloncesto-es-una-victima-de-delincuentes\\\/#blogposting\",\"name\":\"Miguel Cardenal \\u00abEl Real Madrid de baloncesto es una v\\u00edctima de delincuentes\\u00bb - El Digital de Asturias\",\"headline\":\"Miguel Cardenal \\u00abEl Real Madrid de baloncesto es una v\\u00edctima de delincuentes\\u00bb\",\"author\":{\"@id\":\"https:\\\/\\\/www.eldigitaldeasturias.com\\\/noticias\\\/author\\\/admin\\\/#author\"},\"publisher\":{\"@id\":\"https:\\\/\\\/www.eldigitaldeasturias.com\\\/noticias\\\/#organization\"},\"image\":{\"@type\":\"ImageObject\",\"url\":\"https:\\\/\\\/www.eldigitaldeasturias.com\\\/noticias\\\/wp-content\\\/uploads\\\/2016\\\/02\\\/fotonoticia_20160203155237_800.jpg\",\"width\":800,\"height\":628},\"datePublished\":\"2016-02-03T16:44:26+01:00\",\"dateModified\":\"2016-02-03T16:44:26+01:00\",\"inLanguage\":\"es-ES\",\"mainEntityOfPage\":{\"@id\":\"https:\\\/\\\/www.eldigitaldeasturias.com\\\/noticias\\\/miguel-cardenal-el-real-madrid-de-baloncesto-es-una-victima-de-delincuentes\\\/#webpage\"},\"isPartOf\":{\"@id\":\"https:\\\/\\\/www.eldigitaldeasturias.com\\\/noticias\\\/miguel-cardenal-el-real-madrid-de-baloncesto-es-una-victima-de-delincuentes\\\/#webpage\"},\"articleSection\":\"Actualidad\"},{\"@type\":\"BreadcrumbList\",\"@id\":\"https:\\\/\\\/www.eldigitaldeasturias.com\\\/noticias\\\/miguel-cardenal-el-real-madrid-de-baloncesto-es-una-victima-de-delincuentes\\\/#breadcrumblist\",\"itemListElement\":[{\"@type\":\"ListItem\",\"@id\":\"https:\\\/\\\/www.eldigitaldeasturias.com\\\/noticias#listItem\",\"position\":1,\"name\":\"Home\",\"item\":\"https:\\\/\\\/www.eldigitaldeasturias.com\\\/noticias\",\"nextItem\":{\"@type\":\"ListItem\",\"@id\":\"https:\\\/\\\/www.eldigitaldeasturias.com\\\/noticias\\\/category\\\/actualidad\\\/#listItem\",\"name\":\"Actualidad\"}},{\"@type\":\"ListItem\",\"@id\":\"https:\\\/\\\/www.eldigitaldeasturias.com\\\/noticias\\\/category\\\/actualidad\\\/#listItem\",\"position\":2,\"name\":\"Actualidad\",\"item\":\"https:\\\/\\\/www.eldigitaldeasturias.com\\\/noticias\\\/category\\\/actualidad\\\/\",\"nextItem\":{\"@type\":\"ListItem\",\"@id\":\"https:\\\/\\\/www.eldigitaldeasturias.com\\\/noticias\\\/miguel-cardenal-el-real-madrid-de-baloncesto-es-una-victima-de-delincuentes\\\/#listItem\",\"name\":\"Miguel Cardenal \\u00abEl Real Madrid de baloncesto es una v\\u00edctima de delincuentes\\u00bb\"},\"previousItem\":{\"@type\":\"ListItem\",\"@id\":\"https:\\\/\\\/www.eldigitaldeasturias.com\\\/noticias#listItem\",\"name\":\"Home\"}},{\"@type\":\"ListItem\",\"@id\":\"https:\\\/\\\/www.eldigitaldeasturias.com\\\/noticias\\\/miguel-cardenal-el-real-madrid-de-baloncesto-es-una-victima-de-delincuentes\\\/#listItem\",\"position\":3,\"name\":\"Miguel Cardenal \\u00abEl Real Madrid de baloncesto es una v\\u00edctima de delincuentes\\u00bb\",\"previousItem\":{\"@type\":\"ListItem\",\"@id\":\"https:\\\/\\\/www.eldigitaldeasturias.com\\\/noticias\\\/category\\\/actualidad\\\/#listItem\",\"name\":\"Actualidad\"}}]},{\"@type\":\"Organization\",\"@id\":\"https:\\\/\\\/www.eldigitaldeasturias.com\\\/noticias\\\/#organization\",\"name\":\"El Digital de Asturias\",\"description\":\"Hemeroteca\",\"url\":\"https:\\\/\\\/www.eldigitaldeasturias.com\\\/noticias\\\/\",\"email\":\"info@eldigitaldeasturias.com\",\"telephone\":\"+34652131393\",\"logo\":{\"@type\":\"ImageObject\",\"url\":\"https:\\\/\\\/www.eldigitaldeasturias.com\\\/noticias\\\/wp-content\\\/uploads\\\/2020\\\/12\\\/EDA.jpg\",\"@id\":\"https:\\\/\\\/www.eldigitaldeasturias.com\\\/noticias\\\/miguel-cardenal-el-real-madrid-de-baloncesto-es-una-victima-de-delincuentes\\\/#organizationLogo\",\"width\":649,\"height\":297},\"image\":{\"@id\":\"https:\\\/\\\/www.eldigitaldeasturias.com\\\/noticias\\\/miguel-cardenal-el-real-madrid-de-baloncesto-es-una-victima-de-delincuentes\\\/#organizationLogo\"},\"sameAs\":[\"https:\\\/\\\/facebook.com\\\/eldigitaldeasturias\",\"https:\\\/\\\/www.youtube.com\\\/channel\\\/UCZP-2wLEB9Rv6erhFmqVnvg\"],\"address\":{\"@id\":\"https:\\\/\\\/www.eldigitaldeasturias.com\\\/noticias\\\/#postaladdress\",\"@type\":\"PostalAddress\",\"streetAddress\":\"san antonio 4,\",\"postalCode\":\"33430\",\"addressLocality\":\"Cand\\u00e1s\",\"addressRegion\":\"Asturias\",\"addressCountry\":\"ES\"}},{\"@type\":\"Person\",\"@id\":\"https:\\\/\\\/www.eldigitaldeasturias.com\\\/noticias\\\/author\\\/admin\\\/#author\",\"url\":\"https:\\\/\\\/www.eldigitaldeasturias.com\\\/noticias\\\/author\\\/admin\\\/\",\"name\":\"El Digital de Asturias\",\"image\":{\"@type\":\"ImageObject\",\"@id\":\"https:\\\/\\\/www.eldigitaldeasturias.com\\\/noticias\\\/miguel-cardenal-el-real-madrid-de-baloncesto-es-una-victima-de-delincuentes\\\/#authorImage\",\"url\":\"https:\\\/\\\/www.eldigitaldeasturias.com\\\/noticias\\\/wp-content\\\/litespeed\\\/avatar\\\/18677e78aa0546b92d9dbf31ec7d7668.jpg?ver=1777290358\",\"width\":96,\"height\":96,\"caption\":\"El Digital de Asturias\"}},{\"@type\":\"WebPage\",\"@id\":\"https:\\\/\\\/www.eldigitaldeasturias.com\\\/noticias\\\/miguel-cardenal-el-real-madrid-de-baloncesto-es-una-victima-de-delincuentes\\\/#webpage\",\"url\":\"https:\\\/\\\/www.eldigitaldeasturias.com\\\/noticias\\\/miguel-cardenal-el-real-madrid-de-baloncesto-es-una-victima-de-delincuentes\\\/\",\"name\":\"Miguel Cardenal \\u00abEl Real Madrid de baloncesto es una v\\u00edctima de delincuentes\\u00bb - El Digital de Asturias\",\"description\":\"El presidente del Consejo Superior de Deportes (CSD), Miguel Cardenal, se declar\\u00f3 convencido de que el Real Madrid es \\\"una v\\u00edctima\\\" de una mafia de delincuentes en el caso del presunto pasaporte falso del exjugador del conjunto blanco Marcus Slaughter, y que no trat\\u00f3 de sacar beneficio por ello. \\\"\\u00bfSi se le puede quitar una\",\"inLanguage\":\"es-ES\",\"isPartOf\":{\"@id\":\"https:\\\/\\\/www.eldigitaldeasturias.com\\\/noticias\\\/#website\"},\"breadcrumb\":{\"@id\":\"https:\\\/\\\/www.eldigitaldeasturias.com\\\/noticias\\\/miguel-cardenal-el-real-madrid-de-baloncesto-es-una-victima-de-delincuentes\\\/#breadcrumblist\"},\"author\":{\"@id\":\"https:\\\/\\\/www.eldigitaldeasturias.com\\\/noticias\\\/author\\\/admin\\\/#author\"},\"creator\":{\"@id\":\"https:\\\/\\\/www.eldigitaldeasturias.com\\\/noticias\\\/author\\\/admin\\\/#author\"},\"image\":{\"@type\":\"ImageObject\",\"url\":\"https:\\\/\\\/www.eldigitaldeasturias.com\\\/noticias\\\/wp-content\\\/uploads\\\/2016\\\/02\\\/fotonoticia_20160203155237_800.jpg\",\"@id\":\"https:\\\/\\\/www.eldigitaldeasturias.com\\\/noticias\\\/miguel-cardenal-el-real-madrid-de-baloncesto-es-una-victima-de-delincuentes\\\/#mainImage\",\"width\":800,\"height\":628},\"primaryImageOfPage\":{\"@id\":\"https:\\\/\\\/www.eldigitaldeasturias.com\\\/noticias\\\/miguel-cardenal-el-real-madrid-de-baloncesto-es-una-victima-de-delincuentes\\\/#mainImage\"},\"datePublished\":\"2016-02-03T16:44:26+01:00\",\"dateModified\":\"2016-02-03T16:44:26+01:00\"},{\"@type\":\"WebSite\",\"@id\":\"https:\\\/\\\/www.eldigitaldeasturias.com\\\/noticias\\\/#website\",\"url\":\"https:\\\/\\\/www.eldigitaldeasturias.com\\\/noticias\\\/\",\"name\":\"El Digital de Asturias - Diario de actualidad y noticias\",\"alternateName\":\"El Digital de Asturias - Diario de actualidad y noticias\",\"description\":\"Hemeroteca\",\"inLanguage\":\"es-ES\",\"publisher\":{\"@id\":\"https:\\\/\\\/www.eldigitaldeasturias.com\\\/noticias\\\/#organization\"}}]}\n\t\t<\/script>\n\t\t<!-- All in One SEO Pro -->\r\n\t\t<title>Miguel Cardenal \u00abEl Real Madrid de baloncesto es una v\u00edctima de delincuentes\u00bb - El Digital de Asturias<\/title>\n\n","aioseo_head_json":{"title":"Miguel Cardenal \u00abEl Real Madrid de baloncesto es una v\u00edctima de delincuentes\u00bb - El Digital de Asturias","description":"El presidente del Consejo Superior de Deportes (CSD), Miguel Cardenal, se declar\u00f3 convencido de que el Real Madrid es \"una v\u00edctima\" de una mafia de delincuentes en el caso del presunto pasaporte falso del exjugador del conjunto blanco Marcus Slaughter, y que no trat\u00f3 de sacar beneficio por ello. \"\u00bfSi se le puede quitar una","canonical_url":"https:\/\/www.eldigitaldeasturias.com\/noticias\/miguel-cardenal-el-real-madrid-de-baloncesto-es-una-victima-de-delincuentes\/","robots":"max-image-preview:large","keywords":"actualidad","webmasterTools":{"google-site-verification":"UA-38556648-1","msvalidate.01":"7dfe9f3f1b24437ab69f4f2559babe99","miscellaneous":""},"schema":{"@context":"https:\/\/schema.org","@graph":[{"@type":"BlogPosting","@id":"https:\/\/www.eldigitaldeasturias.com\/noticias\/miguel-cardenal-el-real-madrid-de-baloncesto-es-una-victima-de-delincuentes\/#blogposting","name":"Miguel Cardenal \u00abEl Real Madrid de baloncesto es una v\u00edctima de delincuentes\u00bb - El Digital de Asturias","headline":"Miguel Cardenal \u00abEl Real Madrid de baloncesto es una v\u00edctima de delincuentes\u00bb","author":{"@id":"https:\/\/www.eldigitaldeasturias.com\/noticias\/author\/admin\/#author"},"publisher":{"@id":"https:\/\/www.eldigitaldeasturias.com\/noticias\/#organization"},"image":{"@type":"ImageObject","url":"https:\/\/www.eldigitaldeasturias.com\/noticias\/wp-content\/uploads\/2016\/02\/fotonoticia_20160203155237_800.jpg","width":800,"height":628},"datePublished":"2016-02-03T16:44:26+01:00","dateModified":"2016-02-03T16:44:26+01:00","inLanguage":"es-ES","mainEntityOfPage":{"@id":"https:\/\/www.eldigitaldeasturias.com\/noticias\/miguel-cardenal-el-real-madrid-de-baloncesto-es-una-victima-de-delincuentes\/#webpage"},"isPartOf":{"@id":"https:\/\/www.eldigitaldeasturias.com\/noticias\/miguel-cardenal-el-real-madrid-de-baloncesto-es-una-victima-de-delincuentes\/#webpage"},"articleSection":"Actualidad"},{"@type":"BreadcrumbList","@id":"https:\/\/www.eldigitaldeasturias.com\/noticias\/miguel-cardenal-el-real-madrid-de-baloncesto-es-una-victima-de-delincuentes\/#breadcrumblist","itemListElement":[{"@type":"ListItem","@id":"https:\/\/www.eldigitaldeasturias.com\/noticias#listItem","position":1,"name":"Home","item":"https:\/\/www.eldigitaldeasturias.com\/noticias","nextItem":{"@type":"ListItem","@id":"https:\/\/www.eldigitaldeasturias.com\/noticias\/category\/actualidad\/#listItem","name":"Actualidad"}},{"@type":"ListItem","@id":"https:\/\/www.eldigitaldeasturias.com\/noticias\/category\/actualidad\/#listItem","position":2,"name":"Actualidad","item":"https:\/\/www.eldigitaldeasturias.com\/noticias\/category\/actualidad\/","nextItem":{"@type":"ListItem","@id":"https:\/\/www.eldigitaldeasturias.com\/noticias\/miguel-cardenal-el-real-madrid-de-baloncesto-es-una-victima-de-delincuentes\/#listItem","name":"Miguel Cardenal \u00abEl Real Madrid de baloncesto es una v\u00edctima de delincuentes\u00bb"},"previousItem":{"@type":"ListItem","@id":"https:\/\/www.eldigitaldeasturias.com\/noticias#listItem","name":"Home"}},{"@type":"ListItem","@id":"https:\/\/www.eldigitaldeasturias.com\/noticias\/miguel-cardenal-el-real-madrid-de-baloncesto-es-una-victima-de-delincuentes\/#listItem","position":3,"name":"Miguel Cardenal \u00abEl Real Madrid de baloncesto es una v\u00edctima de delincuentes\u00bb","previousItem":{"@type":"ListItem","@id":"https:\/\/www.eldigitaldeasturias.com\/noticias\/category\/actualidad\/#listItem","name":"Actualidad"}}]},{"@type":"Organization","@id":"https:\/\/www.eldigitaldeasturias.com\/noticias\/#organization","name":"El Digital de Asturias","description":"Hemeroteca","url":"https:\/\/www.eldigitaldeasturias.com\/noticias\/","email":"info@eldigitaldeasturias.com","telephone":"+34652131393","logo":{"@type":"ImageObject","url":"https:\/\/www.eldigitaldeasturias.com\/noticias\/wp-content\/uploads\/2020\/12\/EDA.jpg","@id":"https:\/\/www.eldigitaldeasturias.com\/noticias\/miguel-cardenal-el-real-madrid-de-baloncesto-es-una-victima-de-delincuentes\/#organizationLogo","width":649,"height":297},"image":{"@id":"https:\/\/www.eldigitaldeasturias.com\/noticias\/miguel-cardenal-el-real-madrid-de-baloncesto-es-una-victima-de-delincuentes\/#organizationLogo"},"sameAs":["https:\/\/facebook.com\/eldigitaldeasturias","https:\/\/www.youtube.com\/channel\/UCZP-2wLEB9Rv6erhFmqVnvg"],"address":{"@id":"https:\/\/www.eldigitaldeasturias.com\/noticias\/#postaladdress","@type":"PostalAddress","streetAddress":"san antonio 4,","postalCode":"33430","addressLocality":"Cand\u00e1s","addressRegion":"Asturias","addressCountry":"ES"}},{"@type":"Person","@id":"https:\/\/www.eldigitaldeasturias.com\/noticias\/author\/admin\/#author","url":"https:\/\/www.eldigitaldeasturias.com\/noticias\/author\/admin\/","name":"El Digital de Asturias","image":{"@type":"ImageObject","@id":"https:\/\/www.eldigitaldeasturias.com\/noticias\/miguel-cardenal-el-real-madrid-de-baloncesto-es-una-victima-de-delincuentes\/#authorImage","url":"https:\/\/www.eldigitaldeasturias.com\/noticias\/wp-content\/litespeed\/avatar\/18677e78aa0546b92d9dbf31ec7d7668.jpg?ver=1777290358","width":96,"height":96,"caption":"El Digital de Asturias"}},{"@type":"WebPage","@id":"https:\/\/www.eldigitaldeasturias.com\/noticias\/miguel-cardenal-el-real-madrid-de-baloncesto-es-una-victima-de-delincuentes\/#webpage","url":"https:\/\/www.eldigitaldeasturias.com\/noticias\/miguel-cardenal-el-real-madrid-de-baloncesto-es-una-victima-de-delincuentes\/","name":"Miguel Cardenal \u00abEl Real Madrid de baloncesto es una v\u00edctima de delincuentes\u00bb - El Digital de Asturias","description":"El presidente del Consejo Superior de Deportes (CSD), Miguel Cardenal, se declar\u00f3 convencido de que el Real Madrid es \"una v\u00edctima\" de una mafia de delincuentes en el caso del presunto pasaporte falso del exjugador del conjunto blanco Marcus Slaughter, y que no trat\u00f3 de sacar beneficio por ello. \"\u00bfSi se le puede quitar una","inLanguage":"es-ES","isPartOf":{"@id":"https:\/\/www.eldigitaldeasturias.com\/noticias\/#website"},"breadcrumb":{"@id":"https:\/\/www.eldigitaldeasturias.com\/noticias\/miguel-cardenal-el-real-madrid-de-baloncesto-es-una-victima-de-delincuentes\/#breadcrumblist"},"author":{"@id":"https:\/\/www.eldigitaldeasturias.com\/noticias\/author\/admin\/#author"},"creator":{"@id":"https:\/\/www.eldigitaldeasturias.com\/noticias\/author\/admin\/#author"},"image":{"@type":"ImageObject","url":"https:\/\/www.eldigitaldeasturias.com\/noticias\/wp-content\/uploads\/2016\/02\/fotonoticia_20160203155237_800.jpg","@id":"https:\/\/www.eldigitaldeasturias.com\/noticias\/miguel-cardenal-el-real-madrid-de-baloncesto-es-una-victima-de-delincuentes\/#mainImage","width":800,"height":628},"primaryImageOfPage":{"@id":"https:\/\/www.eldigitaldeasturias.com\/noticias\/miguel-cardenal-el-real-madrid-de-baloncesto-es-una-victima-de-delincuentes\/#mainImage"},"datePublished":"2016-02-03T16:44:26+01:00","dateModified":"2016-02-03T16:44:26+01:00"},{"@type":"WebSite","@id":"https:\/\/www.eldigitaldeasturias.com\/noticias\/#website","url":"https:\/\/www.eldigitaldeasturias.com\/noticias\/","name":"El Digital de Asturias - Diario de actualidad y noticias","alternateName":"El Digital de Asturias - Diario de actualidad y noticias","description":"Hemeroteca","inLanguage":"es-ES","publisher":{"@id":"https:\/\/www.eldigitaldeasturias.com\/noticias\/#organization"}}]},"og:locale":"es_ES","og:site_name":"El Digital de Asturias","og:type":"article","og:title":"Miguel Cardenal \u00abEl Real Madrid de baloncesto es una v\u00edctima de delincuentes\u00bb - El Digital de Asturias","og:description":"El presidente del Consejo Superior de Deportes (CSD), Miguel Cardenal, se declar\u00f3 convencido de que el Real Madrid es &quot;una v\u00edctima&quot; de una mafia de delincuentes en el caso del presunto pasaporte falso del exjugador del conjunto blanco Marcus Slaughter, y que no trat\u00f3 de sacar beneficio por ello. &quot;\u00bfSi se le puede quitar una","og:url":"https:\/\/www.eldigitaldeasturias.com\/noticias\/miguel-cardenal-el-real-madrid-de-baloncesto-es-una-victima-de-delincuentes\/","og:image":"https:\/\/www.eldigitaldeasturias.com\/noticias\/wp-content\/uploads\/2016\/02\/fotonoticia_20160203155237_800.jpg","og:image:secure_url":"https:\/\/www.eldigitaldeasturias.com\/noticias\/wp-content\/uploads\/2016\/02\/fotonoticia_20160203155237_800.jpg","og:image:width":800,"og:image:height":628,"article:tag":["actualidad"],"article:published_time":"2016-02-03T16:44:26+00:00","article:modified_time":"2016-02-03T16:44:26+00:00","article:publisher":"https:\/\/facebook.com\/eldigitaldeasturias","twitter:card":"summary_large_image","twitter:title":"Miguel Cardenal \u00abEl Real Madrid de baloncesto es una v\u00edctima de delincuentes\u00bb - El Digital de Asturias","twitter:description":"El presidente del Consejo Superior de Deportes (CSD), Miguel Cardenal, se declar\u00f3 convencido de que el Real Madrid es &quot;una v\u00edctima&quot; de una mafia de delincuentes en el caso del presunto pasaporte falso del exjugador del conjunto blanco Marcus Slaughter, y que no trat\u00f3 de sacar beneficio por ello. &quot;\u00bfSi se le puede quitar una","twitter:image":"https:\/\/www.eldigitaldeasturias.com\/noticias\/wp-content\/uploads\/2016\/02\/fotonoticia_20160203155237_800.jpg","twitter:label1":"Escrito por","twitter:data1":"El Digital de Asturias","twitter:label2":"Tiempo de lectura estimado","twitter:data2":"1 minuto"},"aioseo_meta_data":{"post_id":"853420","title":null,"description":null,"keywords":null,"keyphrases":null,"primary_term":null,"canonical_url":null,"og_title":null,"og_description":null,"og_object_type":"default","og_image_type":"default","og_image_url":null,"og_image_width":null,"og_image_height":null,"og_image_custom_url":null,"og_image_custom_fields":null,"og_video":null,"og_custom_url":null,"og_article_section":null,"og_article_tags":null,"twitter_use_og":false,"twitter_card":"default","twitter_image_type":"default","twitter_image_url":null,"twitter_image_custom_url":null,"twitter_image_custom_fields":null,"twitter_title":null,"twitter_description":null,"schema":{"blockGraphs":[],"customGraphs":[],"default":{"data":{"Article":[],"Course":[],"Dataset":[],"FAQPage":[],"Movie":[],"Person":[],"Product":[],"ProductReview":[],"Car":[],"Recipe":[],"Service":[],"SoftwareApplication":[],"WebPage":[]},"graphName":"","isEnabled":true},"graphs":[],"defaultGraph":"","defaultPostTypeGraph":""},"schema_type":null,"schema_type_options":null,"pillar_content":false,"robots_default":true,"robots_noindex":false,"robots_noarchive":false,"robots_nosnippet":false,"robots_nofollow":false,"robots_noimageindex":false,"robots_noodp":false,"robots_notranslate":false,"robots_max_snippet":null,"robots_max_videopreview":null,"robots_max_imagepreview":"large","priority":null,"frequency":null,"local_seo":null,"seo_analyzer_scan_date":"2025-12-09 17:57:12","breadcrumb_settings":null,"limit_modified_date":false,"open_ai":null,"ai":null,"created":"2021-01-22 11:38:24","updated":"2025-12-09 17:57:12"},"aioseo_breadcrumb":"<div class=\"aioseo-breadcrumbs\"><span class=\"aioseo-breadcrumb\">\n\t<a href=\"https:\/\/www.eldigitaldeasturias.com\/noticias\" title=\"Home\">Home<\/a>\n<\/span><span class=\"aioseo-breadcrumb-separator\">\u2013<\/span><span class=\"aioseo-breadcrumb\">\n\t<a href=\"https:\/\/www.eldigitaldeasturias.com\/noticias\/category\/actualidad\/\" title=\"Actualidad\">Actualidad<\/a>\n<\/span><span class=\"aioseo-breadcrumb-separator\">\u2013<\/span><span class=\"aioseo-breadcrumb\">\n\t<a href=\"https:\/\/www.eldigitaldeasturias.com\/noticias\/miguel-cardenal-el-real-madrid-de-baloncesto-es-una-victima-de-delincuentes\/\" title=\"Miguel Cardenal \u00abEl Real Madrid de baloncesto es una v\u00edctima de delincuentes\u00bb\">Miguel Cardenal \u00abEl Real Madrid de baloncesto es una v\u00edctima de delincuentes\u00bb<\/a>\n<\/span><\/div>","aioseo_breadcrumb_json":[{"label":"Home","link":"https:\/\/www.eldigitaldeasturias.com\/noticias"},{"label":"Actualidad","link":"https:\/\/www.eldigitaldeasturias.com\/noticias\/category\/actualidad\/"},{"label":"Miguel Cardenal \u00abEl Real Madrid de baloncesto es una v\u00edctima de delincuentes\u00bb","link":"https:\/\/www.eldigitaldeasturias.com\/noticias\/miguel-cardenal-el-real-madrid-de-baloncesto-es-una-victima-de-delincuentes\/"}],"_links":{"self":[{"href":"https:\/\/www.eldigitaldeasturias.com\/noticias\/wp-json\/wp\/v2\/posts\/853420","targetHints":{"allow":["GET"]}}],"collection":[{"href":"https:\/\/www.eldigitaldeasturias.com\/noticias\/wp-json\/wp\/v2\/posts"}],"about":[{"href":"https:\/\/www.eldigitaldeasturias.com\/noticias\/wp-json\/wp\/v2\/types\/post"}],"author":[{"embeddable":true,"href":"https:\/\/www.eldigitaldeasturias.com\/noticias\/wp-json\/wp\/v2\/users\/1"}],"replies":[{"embeddable":true,"href":"https:\/\/www.eldigitaldeasturias.com\/noticias\/wp-json\/wp\/v2\/comments?post=853420"}],"version-history":[{"count":0,"href":"https:\/\/www.eldigitaldeasturias.com\/noticias\/wp-json\/wp\/v2\/posts\/853420\/revisions"}],"wp:featuredmedia":[{"embeddable":true,"href":"https:\/\/www.eldigitaldeasturias.com\/noticias\/wp-json\/wp\/v2\/media\/853421"}],"wp:attachment":[{"href":"https:\/\/www.eldigitaldeasturias.com\/noticias\/wp-json\/wp\/v2\/media?parent=853420"}],"wp:term":[{"taxonomy":"category","embeddable":true,"href":"https:\/\/www.eldigitaldeasturias.com\/noticias\/wp-json\/wp\/v2\/categories?post=853420"},{"taxonomy":"post_tag","embeddable":true,"href":"https:\/\/www.eldigitaldeasturias.com\/noticias\/wp-json\/wp\/v2\/tags?post=853420"}],"curies":[{"name":"wp","href":"https:\/\/api.w.org\/{rel}","templated":true}]}}