{"id":853417,"date":"2016-02-03T16:43:13","date_gmt":"2016-02-03T16:43:13","guid":{"rendered":"http:\/\/www.eldigitaldeasturias.com\/noticias\/?p=853417"},"modified":"2016-02-03T16:43:13","modified_gmt":"2016-02-03T16:43:13","slug":"miguel-cardenal-el-gobierno-no-cede-a-presiones-y-amenazas-de-la-fifa","status":"publish","type":"post","link":"https:\/\/www.eldigitaldeasturias.com\/noticias\/miguel-cardenal-el-gobierno-no-cede-a-presiones-y-amenazas-de-la-fifa\/","title":{"rendered":"Miguel Cardenal \u00abEl Gobierno no cede a presiones y amenazas de la FIFA\u00bb"},"content":{"rendered":"<p><img loading=\"lazy\" decoding=\"async\" class=\"alignleft size-medium wp-image-853418\" src=\"https:\/\/www.eldigitaldeasturias.com\/noticias\/wp-content\/uploads\/2016\/02\/fotonoticia_20160203155212_800-360x184.jpg\" alt=\"fotonoticia_20160203155212_800\" width=\"360\" height=\"184\" srcset=\"https:\/\/www.eldigitaldeasturias.com\/noticias\/wp-content\/uploads\/2016\/02\/fotonoticia_20160203155212_800-360x184.jpg 360w, https:\/\/www.eldigitaldeasturias.com\/noticias\/wp-content\/uploads\/2016\/02\/fotonoticia_20160203155212_800-768x392.jpg 768w, https:\/\/www.eldigitaldeasturias.com\/noticias\/wp-content\/uploads\/2016\/02\/fotonoticia_20160203155212_800-650x332.jpg 650w, https:\/\/www.eldigitaldeasturias.com\/noticias\/wp-content\/uploads\/2016\/02\/fotonoticia_20160203155212_800.jpg 800w\" sizes=\"auto, (max-width: 360px) 100vw, 360px\" \/>El presidente del Consejo Superior del Deportes (CSD), Miguel Cardenal, afirm\u00f3 que el Gobierno \u00abno ceder\u00e1\u00bb ante ninguna amenaza de la FIFA por una presunta injerencia gubernamental respecto a la Real Federaci\u00f3n Espa\u00f1ola de F\u00fatbol (RFEF), y no ocult\u00f3 que \u00absu candidato\u00bb a la FIFA es Gianni Infantino porque, seg\u00fan \u00e9l, ha hecho \u00abun trabajo extraordinario\u00bb en la UEFA.<\/p>\n<p>\u00abNos amenazaron con excluirnos y el Gobierno estuvo sujeto a la legalidad espa\u00f1ola. En mayo recib\u00ed cartas de FIFA amenazando con que Espa\u00f1a no ir\u00eda a la Eurocopa. El Gobierno no cede a presiones y amenazas injustificadas. Si se diera esa hip\u00f3tesis, por supuesto la respuesta ser\u00eda la misma\u00bb, manifest\u00f3 Miguel Cardenal en declaraciones a &#8216;El Partido de las 12&#8217; de la COPE que recoge Europa Press.<\/p>\n<p>Para Miguel Cardenal, a\u00fan es \u00abmuy prematuro\u00bb para pronunciarse sobre si habr\u00e1 una inhabilitaci\u00f3n del presidente de la RFEF, \u00c1ngel Mar\u00eda Villar, por no colaborar en la investigaci\u00f3n del &#8216;caso Recreativo&#8217; y &#8216;caso Marino&#8217; y aclar\u00f3 que \u00e9sta corresponder\u00eda al Tribunal Administrativo del Deporte (TAD).<\/p>\n<p>\u00ab\u00bfInhabilitado Villar? No tengo ning\u00fan juicio de valor sobre eso. A ra\u00edz de unas informaciones muy graves que han salido en los medios se le han pedido unos documentos, y ha dicho que va a hacer alegaciones. Al CSD no le corresponde abrir un expediente, eso es al TAD en el caso de que se produzca esa vicisitud. La documentaci\u00f3n que le hemos pedido es muy sencilla. Han pasado muchos d\u00edas y me parece razonable que se cumpla ese requerimiento\u00bb, indic\u00f3.<\/p>\n<p>En este sentido, el presidente del Consejo se\u00f1al\u00f3 que a la RFEF \u00abno le asiste la raz\u00f3n\u00bb y hace mucho tiempo que la documentaci\u00f3n sobre el Recreativo de Huelva \u00abtendr\u00eda que estar a disposici\u00f3n\u00bb del CSD y expres\u00f3 su confianza en que este mi\u00e9rcoles dejen pasar a los emisarios que acudir\u00e1n a la Ciudad del F\u00fatbol en Las Rozas (Madrid).<\/p>\n<p>\u00abHay que estar abiertos a lo que quieran hacer y a lo que aparezca y verlo sin ning\u00fan prejuicio. Hay unos documentos en prensa que son muy graves. Hay que ser imparcial. Las competiciones son oficiales y la Federaci\u00f3n debe cumplir sus propios reglamentos, y esto se est\u00e1 cuestionando. Si se corresponde la realidad con lo publicado, hay que escuchar las explicaciones. Ya le hemos dicho tres veces a la Federaci\u00f3n que tenemos que tener esos papeles\u00bb, coment\u00f3.<\/p>\n<p>Por otro lado, se\u00f1al\u00f3 que no tiene \u00abning\u00fan candidato\u00bb en alusi\u00f3n al secretario general de la RFEF, Jorge P\u00e9rez, en las pr\u00f3ximas elecciones de abril porque no deben inmiscuirse. \u00abNo es el candidato de Tebas y Cardenal. En absoluto. Quien quiera hacer esa afirmaci\u00f3n que ponga una prueba. No tengo ning\u00fan inter\u00e9s distinto en ese proceso que en el de otras federaciones. Es una decisi\u00f3n que corresponde al f\u00fatbol\u00bb, matiz\u00f3.<\/p>\n<p>En cambio, no dud\u00f3 en mostrar su apoyo al secretario general de la UEFA, Gianni Infantino, en los pr\u00f3ximo comicios al m\u00e1ximo organismo internacional. \u00ab\u00bfSi es Infantino mi candidato para la FIFA? S\u00ed. Es un sentir muy extendido en todos los Gobiernos de Europa que el trabajo que ha hecho en la UEFA ha sido extraordinario. Ha ayudado mucho en retos como el &#8216;fair play&#8217; financiero, ha trabajo muy estrechamente con la Comisi\u00f3n Europea. Entendemos que trasladar ese modelo a nivel mundial ser\u00eda muy positivo e importante\u00bb, subray\u00f3.<\/p>\n<p>Asimismo, neg\u00f3 que la investigaci\u00f3n sobre las cuentas de la Federaci\u00f3n Espa\u00f1ola de Baloncesto (FEB) haya sido \u00absilencioso\u00bb, pues el CSD ha ido informando de los pasos que ha dado, incluida una auditor\u00eda. \u00abLa diferencia es que la FEB ha facilitado todo. Las alegaciones las ha presentado la FEB, firmada por su presidente, y no hay indicio para dudar de su colaboraci\u00f3n. Hemos pedido la documentaci\u00f3n de los \u00faltimos cuatro a\u00f1os y la han presentado. Los casos de la RFEF y la FEB son radicalmente distintos. En un plazo de dos semanas terminar\u00e1 la auditor\u00eda a Pepe S\u00e1ez y tendremos elementos para juzgar su caso\u00bb, anunci\u00f3.<\/p>\n","protected":false},"excerpt":{"rendered":"<p>El presidente del Consejo Superior del Deportes (CSD), Miguel Cardenal, afirm\u00f3 que el Gobierno \u00abno ceder\u00e1\u00bb ante ninguna amenaza de la FIFA por una presunta injerencia gubernamental respecto a la Real Federaci\u00f3n Espa\u00f1ola de F\u00fatbol (RFEF), y no ocult\u00f3 que \u00absu candidato\u00bb a la FIFA es Gianni Infantino porque, seg\u00fan \u00e9l, ha hecho \u00abun trabajo [&hellip;]<\/p>\n","protected":false},"author":1,"featured_media":853418,"comment_status":"closed","ping_status":"closed","sticky":false,"template":"","format":"standard","meta":{"footnotes":""},"categories":[1],"tags":[],"class_list":["post-853417","post","type-post","status-publish","format-standard","has-post-thumbnail","hentry","category-actualidad"],"aioseo_notices":[],"aioseo_head":"\n\t\t<!-- All in One SEO Pro 4.9.6.2 - aioseo.com -->\n\t<meta name=\"description\" content=\"El presidente del Consejo Superior del Deportes (CSD), Miguel Cardenal, afirm\u00f3 que el Gobierno &quot;no ceder\u00e1&quot; ante ninguna amenaza de la FIFA por una presunta injerencia gubernamental respecto a la Real Federaci\u00f3n Espa\u00f1ola de F\u00fatbol (RFEF), y no ocult\u00f3 que &quot;su candidato&quot; a la FIFA es Gianni Infantino porque, seg\u00fan \u00e9l, ha hecho &quot;un trabajo\" \/>\n\t<meta name=\"robots\" content=\"max-image-preview:large\" \/>\n\t<meta name=\"author\" content=\"El Digital de Asturias\"\/>\n\t<meta name=\"google-site-verification\" content=\"UA-38556648-1\" \/>\n\t<meta name=\"msvalidate.01\" content=\"7dfe9f3f1b24437ab69f4f2559babe99\" \/>\n\t<meta name=\"keywords\" content=\"actualidad\" \/>\n\t<link rel=\"canonical\" href=\"https:\/\/www.eldigitaldeasturias.com\/noticias\/miguel-cardenal-el-gobierno-no-cede-a-presiones-y-amenazas-de-la-fifa\/\" \/>\n\t<meta name=\"generator\" content=\"All in One SEO Pro (AIOSEO) 4.9.6.2\" \/>\n\t\t<meta property=\"og:locale\" content=\"es_ES\" \/>\n\t\t<meta property=\"og:site_name\" content=\"El Digital de Asturias\" \/>\n\t\t<meta property=\"og:type\" content=\"article\" \/>\n\t\t<meta property=\"og:title\" content=\"Miguel Cardenal \u00abEl Gobierno no cede a presiones y amenazas de la FIFA\u00bb - El Digital de Asturias\" \/>\n\t\t<meta property=\"og:description\" content=\"El presidente del Consejo Superior del Deportes (CSD), Miguel Cardenal, afirm\u00f3 que el Gobierno &quot;no ceder\u00e1&quot; ante ninguna amenaza de la FIFA por una presunta injerencia gubernamental respecto a la Real Federaci\u00f3n Espa\u00f1ola de F\u00fatbol (RFEF), y no ocult\u00f3 que &quot;su candidato&quot; a la FIFA es Gianni Infantino porque, seg\u00fan \u00e9l, ha hecho &quot;un trabajo\" \/>\n\t\t<meta property=\"og:url\" content=\"https:\/\/www.eldigitaldeasturias.com\/noticias\/miguel-cardenal-el-gobierno-no-cede-a-presiones-y-amenazas-de-la-fifa\/\" \/>\n\t\t<meta property=\"og:image\" content=\"https:\/\/www.eldigitaldeasturias.com\/noticias\/wp-content\/uploads\/2016\/02\/fotonoticia_20160203155212_800.jpg\" \/>\n\t\t<meta property=\"og:image:secure_url\" content=\"https:\/\/www.eldigitaldeasturias.com\/noticias\/wp-content\/uploads\/2016\/02\/fotonoticia_20160203155212_800.jpg\" \/>\n\t\t<meta property=\"og:image:width\" content=\"800\" \/>\n\t\t<meta property=\"og:image:height\" content=\"408\" \/>\n\t\t<meta property=\"article:tag\" content=\"actualidad\" \/>\n\t\t<meta property=\"article:published_time\" content=\"2016-02-03T16:43:13+00:00\" \/>\n\t\t<meta property=\"article:modified_time\" content=\"2016-02-03T16:43:13+00:00\" \/>\n\t\t<meta property=\"article:publisher\" content=\"https:\/\/facebook.com\/eldigitaldeasturias\" \/>\n\t\t<meta name=\"twitter:card\" content=\"summary_large_image\" \/>\n\t\t<meta name=\"twitter:title\" content=\"Miguel Cardenal \u00abEl Gobierno no cede a presiones y amenazas de la FIFA\u00bb - El Digital de Asturias\" \/>\n\t\t<meta name=\"twitter:description\" content=\"El presidente del Consejo Superior del Deportes (CSD), Miguel Cardenal, afirm\u00f3 que el Gobierno &quot;no ceder\u00e1&quot; ante ninguna amenaza de la FIFA por una presunta injerencia gubernamental respecto a la Real Federaci\u00f3n Espa\u00f1ola de F\u00fatbol (RFEF), y no ocult\u00f3 que &quot;su candidato&quot; a la FIFA es Gianni Infantino porque, seg\u00fan \u00e9l, ha hecho &quot;un trabajo\" \/>\n\t\t<meta name=\"twitter:image\" content=\"https:\/\/www.eldigitaldeasturias.com\/noticias\/wp-content\/uploads\/2016\/02\/fotonoticia_20160203155212_800.jpg\" \/>\n\t\t<meta name=\"twitter:label1\" content=\"Escrito por\" \/>\n\t\t<meta name=\"twitter:data1\" content=\"El Digital de Asturias\" \/>\n\t\t<meta name=\"twitter:label2\" content=\"Tiempo de lectura estimado\" \/>\n\t\t<meta name=\"twitter:data2\" content=\"4 minutos\" \/>\n\t\t<script type=\"application\/ld+json\" class=\"aioseo-schema\">\n\t\t\t{\"@context\":\"https:\\\/\\\/schema.org\",\"@graph\":[{\"@type\":\"BlogPosting\",\"@id\":\"https:\\\/\\\/www.eldigitaldeasturias.com\\\/noticias\\\/miguel-cardenal-el-gobierno-no-cede-a-presiones-y-amenazas-de-la-fifa\\\/#blogposting\",\"name\":\"Miguel Cardenal \\u00abEl Gobierno no cede a presiones y amenazas de la FIFA\\u00bb - El Digital de Asturias\",\"headline\":\"Miguel Cardenal \\u00abEl Gobierno no cede a presiones y amenazas de la FIFA\\u00bb\",\"author\":{\"@id\":\"https:\\\/\\\/www.eldigitaldeasturias.com\\\/noticias\\\/author\\\/admin\\\/#author\"},\"publisher\":{\"@id\":\"https:\\\/\\\/www.eldigitaldeasturias.com\\\/noticias\\\/#organization\"},\"image\":{\"@type\":\"ImageObject\",\"url\":\"https:\\\/\\\/www.eldigitaldeasturias.com\\\/noticias\\\/wp-content\\\/uploads\\\/2016\\\/02\\\/fotonoticia_20160203155212_800.jpg\",\"width\":800,\"height\":408},\"datePublished\":\"2016-02-03T16:43:13+01:00\",\"dateModified\":\"2016-02-03T16:43:13+01:00\",\"inLanguage\":\"es-ES\",\"mainEntityOfPage\":{\"@id\":\"https:\\\/\\\/www.eldigitaldeasturias.com\\\/noticias\\\/miguel-cardenal-el-gobierno-no-cede-a-presiones-y-amenazas-de-la-fifa\\\/#webpage\"},\"isPartOf\":{\"@id\":\"https:\\\/\\\/www.eldigitaldeasturias.com\\\/noticias\\\/miguel-cardenal-el-gobierno-no-cede-a-presiones-y-amenazas-de-la-fifa\\\/#webpage\"},\"articleSection\":\"Actualidad\"},{\"@type\":\"BreadcrumbList\",\"@id\":\"https:\\\/\\\/www.eldigitaldeasturias.com\\\/noticias\\\/miguel-cardenal-el-gobierno-no-cede-a-presiones-y-amenazas-de-la-fifa\\\/#breadcrumblist\",\"itemListElement\":[{\"@type\":\"ListItem\",\"@id\":\"https:\\\/\\\/www.eldigitaldeasturias.com\\\/noticias#listItem\",\"position\":1,\"name\":\"Home\",\"item\":\"https:\\\/\\\/www.eldigitaldeasturias.com\\\/noticias\",\"nextItem\":{\"@type\":\"ListItem\",\"@id\":\"https:\\\/\\\/www.eldigitaldeasturias.com\\\/noticias\\\/category\\\/actualidad\\\/#listItem\",\"name\":\"Actualidad\"}},{\"@type\":\"ListItem\",\"@id\":\"https:\\\/\\\/www.eldigitaldeasturias.com\\\/noticias\\\/category\\\/actualidad\\\/#listItem\",\"position\":2,\"name\":\"Actualidad\",\"item\":\"https:\\\/\\\/www.eldigitaldeasturias.com\\\/noticias\\\/category\\\/actualidad\\\/\",\"nextItem\":{\"@type\":\"ListItem\",\"@id\":\"https:\\\/\\\/www.eldigitaldeasturias.com\\\/noticias\\\/miguel-cardenal-el-gobierno-no-cede-a-presiones-y-amenazas-de-la-fifa\\\/#listItem\",\"name\":\"Miguel Cardenal \\u00abEl Gobierno no cede a presiones y amenazas de la FIFA\\u00bb\"},\"previousItem\":{\"@type\":\"ListItem\",\"@id\":\"https:\\\/\\\/www.eldigitaldeasturias.com\\\/noticias#listItem\",\"name\":\"Home\"}},{\"@type\":\"ListItem\",\"@id\":\"https:\\\/\\\/www.eldigitaldeasturias.com\\\/noticias\\\/miguel-cardenal-el-gobierno-no-cede-a-presiones-y-amenazas-de-la-fifa\\\/#listItem\",\"position\":3,\"name\":\"Miguel Cardenal \\u00abEl Gobierno no cede a presiones y amenazas de la FIFA\\u00bb\",\"previousItem\":{\"@type\":\"ListItem\",\"@id\":\"https:\\\/\\\/www.eldigitaldeasturias.com\\\/noticias\\\/category\\\/actualidad\\\/#listItem\",\"name\":\"Actualidad\"}}]},{\"@type\":\"Organization\",\"@id\":\"https:\\\/\\\/www.eldigitaldeasturias.com\\\/noticias\\\/#organization\",\"name\":\"El Digital de Asturias\",\"description\":\"Hemeroteca\",\"url\":\"https:\\\/\\\/www.eldigitaldeasturias.com\\\/noticias\\\/\",\"email\":\"info@eldigitaldeasturias.com\",\"telephone\":\"+34652131393\",\"logo\":{\"@type\":\"ImageObject\",\"url\":\"https:\\\/\\\/www.eldigitaldeasturias.com\\\/noticias\\\/wp-content\\\/uploads\\\/2020\\\/12\\\/EDA.jpg\",\"@id\":\"https:\\\/\\\/www.eldigitaldeasturias.com\\\/noticias\\\/miguel-cardenal-el-gobierno-no-cede-a-presiones-y-amenazas-de-la-fifa\\\/#organizationLogo\",\"width\":649,\"height\":297},\"image\":{\"@id\":\"https:\\\/\\\/www.eldigitaldeasturias.com\\\/noticias\\\/miguel-cardenal-el-gobierno-no-cede-a-presiones-y-amenazas-de-la-fifa\\\/#organizationLogo\"},\"sameAs\":[\"https:\\\/\\\/facebook.com\\\/eldigitaldeasturias\",\"https:\\\/\\\/www.youtube.com\\\/channel\\\/UCZP-2wLEB9Rv6erhFmqVnvg\"],\"address\":{\"@id\":\"https:\\\/\\\/www.eldigitaldeasturias.com\\\/noticias\\\/#postaladdress\",\"@type\":\"PostalAddress\",\"streetAddress\":\"san antonio 4,\",\"postalCode\":\"33430\",\"addressLocality\":\"Cand\\u00e1s\",\"addressRegion\":\"Asturias\",\"addressCountry\":\"ES\"}},{\"@type\":\"Person\",\"@id\":\"https:\\\/\\\/www.eldigitaldeasturias.com\\\/noticias\\\/author\\\/admin\\\/#author\",\"url\":\"https:\\\/\\\/www.eldigitaldeasturias.com\\\/noticias\\\/author\\\/admin\\\/\",\"name\":\"El Digital de Asturias\",\"image\":{\"@type\":\"ImageObject\",\"@id\":\"https:\\\/\\\/www.eldigitaldeasturias.com\\\/noticias\\\/miguel-cardenal-el-gobierno-no-cede-a-presiones-y-amenazas-de-la-fifa\\\/#authorImage\",\"url\":\"https:\\\/\\\/www.eldigitaldeasturias.com\\\/noticias\\\/wp-content\\\/litespeed\\\/avatar\\\/18677e78aa0546b92d9dbf31ec7d7668.jpg?ver=1777290358\",\"width\":96,\"height\":96,\"caption\":\"El Digital de Asturias\"}},{\"@type\":\"WebPage\",\"@id\":\"https:\\\/\\\/www.eldigitaldeasturias.com\\\/noticias\\\/miguel-cardenal-el-gobierno-no-cede-a-presiones-y-amenazas-de-la-fifa\\\/#webpage\",\"url\":\"https:\\\/\\\/www.eldigitaldeasturias.com\\\/noticias\\\/miguel-cardenal-el-gobierno-no-cede-a-presiones-y-amenazas-de-la-fifa\\\/\",\"name\":\"Miguel Cardenal \\u00abEl Gobierno no cede a presiones y amenazas de la FIFA\\u00bb - El Digital de Asturias\",\"description\":\"El presidente del Consejo Superior del Deportes (CSD), Miguel Cardenal, afirm\\u00f3 que el Gobierno \\\"no ceder\\u00e1\\\" ante ninguna amenaza de la FIFA por una presunta injerencia gubernamental respecto a la Real Federaci\\u00f3n Espa\\u00f1ola de F\\u00fatbol (RFEF), y no ocult\\u00f3 que \\\"su candidato\\\" a la FIFA es Gianni Infantino porque, seg\\u00fan \\u00e9l, ha hecho \\\"un trabajo\",\"inLanguage\":\"es-ES\",\"isPartOf\":{\"@id\":\"https:\\\/\\\/www.eldigitaldeasturias.com\\\/noticias\\\/#website\"},\"breadcrumb\":{\"@id\":\"https:\\\/\\\/www.eldigitaldeasturias.com\\\/noticias\\\/miguel-cardenal-el-gobierno-no-cede-a-presiones-y-amenazas-de-la-fifa\\\/#breadcrumblist\"},\"author\":{\"@id\":\"https:\\\/\\\/www.eldigitaldeasturias.com\\\/noticias\\\/author\\\/admin\\\/#author\"},\"creator\":{\"@id\":\"https:\\\/\\\/www.eldigitaldeasturias.com\\\/noticias\\\/author\\\/admin\\\/#author\"},\"image\":{\"@type\":\"ImageObject\",\"url\":\"https:\\\/\\\/www.eldigitaldeasturias.com\\\/noticias\\\/wp-content\\\/uploads\\\/2016\\\/02\\\/fotonoticia_20160203155212_800.jpg\",\"@id\":\"https:\\\/\\\/www.eldigitaldeasturias.com\\\/noticias\\\/miguel-cardenal-el-gobierno-no-cede-a-presiones-y-amenazas-de-la-fifa\\\/#mainImage\",\"width\":800,\"height\":408},\"primaryImageOfPage\":{\"@id\":\"https:\\\/\\\/www.eldigitaldeasturias.com\\\/noticias\\\/miguel-cardenal-el-gobierno-no-cede-a-presiones-y-amenazas-de-la-fifa\\\/#mainImage\"},\"datePublished\":\"2016-02-03T16:43:13+01:00\",\"dateModified\":\"2016-02-03T16:43:13+01:00\"},{\"@type\":\"WebSite\",\"@id\":\"https:\\\/\\\/www.eldigitaldeasturias.com\\\/noticias\\\/#website\",\"url\":\"https:\\\/\\\/www.eldigitaldeasturias.com\\\/noticias\\\/\",\"name\":\"El Digital de Asturias - Diario de actualidad y noticias\",\"alternateName\":\"El Digital de Asturias - Diario de actualidad y noticias\",\"description\":\"Hemeroteca\",\"inLanguage\":\"es-ES\",\"publisher\":{\"@id\":\"https:\\\/\\\/www.eldigitaldeasturias.com\\\/noticias\\\/#organization\"}}]}\n\t\t<\/script>\n\t\t<!-- All in One SEO Pro -->\r\n\t\t<title>Miguel Cardenal \u00abEl Gobierno no cede a presiones y amenazas de la FIFA\u00bb - El Digital de Asturias<\/title>\n\n","aioseo_head_json":{"title":"Miguel Cardenal \u00abEl Gobierno no cede a presiones y amenazas de la FIFA\u00bb - El Digital de Asturias","description":"El presidente del Consejo Superior del Deportes (CSD), Miguel Cardenal, afirm\u00f3 que el Gobierno \"no ceder\u00e1\" ante ninguna amenaza de la FIFA por una presunta injerencia gubernamental respecto a la Real Federaci\u00f3n Espa\u00f1ola de F\u00fatbol (RFEF), y no ocult\u00f3 que \"su candidato\" a la FIFA es Gianni Infantino porque, seg\u00fan \u00e9l, ha hecho \"un trabajo","canonical_url":"https:\/\/www.eldigitaldeasturias.com\/noticias\/miguel-cardenal-el-gobierno-no-cede-a-presiones-y-amenazas-de-la-fifa\/","robots":"max-image-preview:large","keywords":"actualidad","webmasterTools":{"google-site-verification":"UA-38556648-1","msvalidate.01":"7dfe9f3f1b24437ab69f4f2559babe99","miscellaneous":""},"schema":{"@context":"https:\/\/schema.org","@graph":[{"@type":"BlogPosting","@id":"https:\/\/www.eldigitaldeasturias.com\/noticias\/miguel-cardenal-el-gobierno-no-cede-a-presiones-y-amenazas-de-la-fifa\/#blogposting","name":"Miguel Cardenal \u00abEl Gobierno no cede a presiones y amenazas de la FIFA\u00bb - El Digital de Asturias","headline":"Miguel Cardenal \u00abEl Gobierno no cede a presiones y amenazas de la FIFA\u00bb","author":{"@id":"https:\/\/www.eldigitaldeasturias.com\/noticias\/author\/admin\/#author"},"publisher":{"@id":"https:\/\/www.eldigitaldeasturias.com\/noticias\/#organization"},"image":{"@type":"ImageObject","url":"https:\/\/www.eldigitaldeasturias.com\/noticias\/wp-content\/uploads\/2016\/02\/fotonoticia_20160203155212_800.jpg","width":800,"height":408},"datePublished":"2016-02-03T16:43:13+01:00","dateModified":"2016-02-03T16:43:13+01:00","inLanguage":"es-ES","mainEntityOfPage":{"@id":"https:\/\/www.eldigitaldeasturias.com\/noticias\/miguel-cardenal-el-gobierno-no-cede-a-presiones-y-amenazas-de-la-fifa\/#webpage"},"isPartOf":{"@id":"https:\/\/www.eldigitaldeasturias.com\/noticias\/miguel-cardenal-el-gobierno-no-cede-a-presiones-y-amenazas-de-la-fifa\/#webpage"},"articleSection":"Actualidad"},{"@type":"BreadcrumbList","@id":"https:\/\/www.eldigitaldeasturias.com\/noticias\/miguel-cardenal-el-gobierno-no-cede-a-presiones-y-amenazas-de-la-fifa\/#breadcrumblist","itemListElement":[{"@type":"ListItem","@id":"https:\/\/www.eldigitaldeasturias.com\/noticias#listItem","position":1,"name":"Home","item":"https:\/\/www.eldigitaldeasturias.com\/noticias","nextItem":{"@type":"ListItem","@id":"https:\/\/www.eldigitaldeasturias.com\/noticias\/category\/actualidad\/#listItem","name":"Actualidad"}},{"@type":"ListItem","@id":"https:\/\/www.eldigitaldeasturias.com\/noticias\/category\/actualidad\/#listItem","position":2,"name":"Actualidad","item":"https:\/\/www.eldigitaldeasturias.com\/noticias\/category\/actualidad\/","nextItem":{"@type":"ListItem","@id":"https:\/\/www.eldigitaldeasturias.com\/noticias\/miguel-cardenal-el-gobierno-no-cede-a-presiones-y-amenazas-de-la-fifa\/#listItem","name":"Miguel Cardenal \u00abEl Gobierno no cede a presiones y amenazas de la FIFA\u00bb"},"previousItem":{"@type":"ListItem","@id":"https:\/\/www.eldigitaldeasturias.com\/noticias#listItem","name":"Home"}},{"@type":"ListItem","@id":"https:\/\/www.eldigitaldeasturias.com\/noticias\/miguel-cardenal-el-gobierno-no-cede-a-presiones-y-amenazas-de-la-fifa\/#listItem","position":3,"name":"Miguel Cardenal \u00abEl Gobierno no cede a presiones y amenazas de la FIFA\u00bb","previousItem":{"@type":"ListItem","@id":"https:\/\/www.eldigitaldeasturias.com\/noticias\/category\/actualidad\/#listItem","name":"Actualidad"}}]},{"@type":"Organization","@id":"https:\/\/www.eldigitaldeasturias.com\/noticias\/#organization","name":"El Digital de Asturias","description":"Hemeroteca","url":"https:\/\/www.eldigitaldeasturias.com\/noticias\/","email":"info@eldigitaldeasturias.com","telephone":"+34652131393","logo":{"@type":"ImageObject","url":"https:\/\/www.eldigitaldeasturias.com\/noticias\/wp-content\/uploads\/2020\/12\/EDA.jpg","@id":"https:\/\/www.eldigitaldeasturias.com\/noticias\/miguel-cardenal-el-gobierno-no-cede-a-presiones-y-amenazas-de-la-fifa\/#organizationLogo","width":649,"height":297},"image":{"@id":"https:\/\/www.eldigitaldeasturias.com\/noticias\/miguel-cardenal-el-gobierno-no-cede-a-presiones-y-amenazas-de-la-fifa\/#organizationLogo"},"sameAs":["https:\/\/facebook.com\/eldigitaldeasturias","https:\/\/www.youtube.com\/channel\/UCZP-2wLEB9Rv6erhFmqVnvg"],"address":{"@id":"https:\/\/www.eldigitaldeasturias.com\/noticias\/#postaladdress","@type":"PostalAddress","streetAddress":"san antonio 4,","postalCode":"33430","addressLocality":"Cand\u00e1s","addressRegion":"Asturias","addressCountry":"ES"}},{"@type":"Person","@id":"https:\/\/www.eldigitaldeasturias.com\/noticias\/author\/admin\/#author","url":"https:\/\/www.eldigitaldeasturias.com\/noticias\/author\/admin\/","name":"El Digital de Asturias","image":{"@type":"ImageObject","@id":"https:\/\/www.eldigitaldeasturias.com\/noticias\/miguel-cardenal-el-gobierno-no-cede-a-presiones-y-amenazas-de-la-fifa\/#authorImage","url":"https:\/\/www.eldigitaldeasturias.com\/noticias\/wp-content\/litespeed\/avatar\/18677e78aa0546b92d9dbf31ec7d7668.jpg?ver=1777290358","width":96,"height":96,"caption":"El Digital de Asturias"}},{"@type":"WebPage","@id":"https:\/\/www.eldigitaldeasturias.com\/noticias\/miguel-cardenal-el-gobierno-no-cede-a-presiones-y-amenazas-de-la-fifa\/#webpage","url":"https:\/\/www.eldigitaldeasturias.com\/noticias\/miguel-cardenal-el-gobierno-no-cede-a-presiones-y-amenazas-de-la-fifa\/","name":"Miguel Cardenal \u00abEl Gobierno no cede a presiones y amenazas de la FIFA\u00bb - El Digital de Asturias","description":"El presidente del Consejo Superior del Deportes (CSD), Miguel Cardenal, afirm\u00f3 que el Gobierno \"no ceder\u00e1\" ante ninguna amenaza de la FIFA por una presunta injerencia gubernamental respecto a la Real Federaci\u00f3n Espa\u00f1ola de F\u00fatbol (RFEF), y no ocult\u00f3 que \"su candidato\" a la FIFA es Gianni Infantino porque, seg\u00fan \u00e9l, ha hecho \"un trabajo","inLanguage":"es-ES","isPartOf":{"@id":"https:\/\/www.eldigitaldeasturias.com\/noticias\/#website"},"breadcrumb":{"@id":"https:\/\/www.eldigitaldeasturias.com\/noticias\/miguel-cardenal-el-gobierno-no-cede-a-presiones-y-amenazas-de-la-fifa\/#breadcrumblist"},"author":{"@id":"https:\/\/www.eldigitaldeasturias.com\/noticias\/author\/admin\/#author"},"creator":{"@id":"https:\/\/www.eldigitaldeasturias.com\/noticias\/author\/admin\/#author"},"image":{"@type":"ImageObject","url":"https:\/\/www.eldigitaldeasturias.com\/noticias\/wp-content\/uploads\/2016\/02\/fotonoticia_20160203155212_800.jpg","@id":"https:\/\/www.eldigitaldeasturias.com\/noticias\/miguel-cardenal-el-gobierno-no-cede-a-presiones-y-amenazas-de-la-fifa\/#mainImage","width":800,"height":408},"primaryImageOfPage":{"@id":"https:\/\/www.eldigitaldeasturias.com\/noticias\/miguel-cardenal-el-gobierno-no-cede-a-presiones-y-amenazas-de-la-fifa\/#mainImage"},"datePublished":"2016-02-03T16:43:13+01:00","dateModified":"2016-02-03T16:43:13+01:00"},{"@type":"WebSite","@id":"https:\/\/www.eldigitaldeasturias.com\/noticias\/#website","url":"https:\/\/www.eldigitaldeasturias.com\/noticias\/","name":"El Digital de Asturias - Diario de actualidad y noticias","alternateName":"El Digital de Asturias - Diario de actualidad y noticias","description":"Hemeroteca","inLanguage":"es-ES","publisher":{"@id":"https:\/\/www.eldigitaldeasturias.com\/noticias\/#organization"}}]},"og:locale":"es_ES","og:site_name":"El Digital de Asturias","og:type":"article","og:title":"Miguel Cardenal \u00abEl Gobierno no cede a presiones y amenazas de la FIFA\u00bb - El Digital de Asturias","og:description":"El presidente del Consejo Superior del Deportes (CSD), Miguel Cardenal, afirm\u00f3 que el Gobierno &quot;no ceder\u00e1&quot; ante ninguna amenaza de la FIFA por una presunta injerencia gubernamental respecto a la Real Federaci\u00f3n Espa\u00f1ola de F\u00fatbol (RFEF), y no ocult\u00f3 que &quot;su candidato&quot; a la FIFA es Gianni Infantino porque, seg\u00fan \u00e9l, ha hecho &quot;un trabajo","og:url":"https:\/\/www.eldigitaldeasturias.com\/noticias\/miguel-cardenal-el-gobierno-no-cede-a-presiones-y-amenazas-de-la-fifa\/","og:image":"https:\/\/www.eldigitaldeasturias.com\/noticias\/wp-content\/uploads\/2016\/02\/fotonoticia_20160203155212_800.jpg","og:image:secure_url":"https:\/\/www.eldigitaldeasturias.com\/noticias\/wp-content\/uploads\/2016\/02\/fotonoticia_20160203155212_800.jpg","og:image:width":800,"og:image:height":408,"article:tag":["actualidad"],"article:published_time":"2016-02-03T16:43:13+00:00","article:modified_time":"2016-02-03T16:43:13+00:00","article:publisher":"https:\/\/facebook.com\/eldigitaldeasturias","twitter:card":"summary_large_image","twitter:title":"Miguel Cardenal \u00abEl Gobierno no cede a presiones y amenazas de la FIFA\u00bb - El Digital de Asturias","twitter:description":"El presidente del Consejo Superior del Deportes (CSD), Miguel Cardenal, afirm\u00f3 que el Gobierno &quot;no ceder\u00e1&quot; ante ninguna amenaza de la FIFA por una presunta injerencia gubernamental respecto a la Real Federaci\u00f3n Espa\u00f1ola de F\u00fatbol (RFEF), y no ocult\u00f3 que &quot;su candidato&quot; a la FIFA es Gianni Infantino porque, seg\u00fan \u00e9l, ha hecho &quot;un trabajo","twitter:image":"https:\/\/www.eldigitaldeasturias.com\/noticias\/wp-content\/uploads\/2016\/02\/fotonoticia_20160203155212_800.jpg","twitter:label1":"Escrito por","twitter:data1":"El Digital de Asturias","twitter:label2":"Tiempo de lectura estimado","twitter:data2":"4 minutos"},"aioseo_meta_data":{"post_id":"853417","title":null,"description":null,"keywords":null,"keyphrases":null,"primary_term":null,"canonical_url":null,"og_title":null,"og_description":null,"og_object_type":"default","og_image_type":"default","og_image_url":null,"og_image_width":null,"og_image_height":null,"og_image_custom_url":null,"og_image_custom_fields":null,"og_video":null,"og_custom_url":null,"og_article_section":null,"og_article_tags":null,"twitter_use_og":false,"twitter_card":"default","twitter_image_type":"default","twitter_image_url":null,"twitter_image_custom_url":null,"twitter_image_custom_fields":null,"twitter_title":null,"twitter_description":null,"schema":{"blockGraphs":[],"customGraphs":[],"default":{"data":{"Article":[],"Course":[],"Dataset":[],"FAQPage":[],"Movie":[],"Person":[],"Product":[],"ProductReview":[],"Car":[],"Recipe":[],"Service":[],"SoftwareApplication":[],"WebPage":[]},"graphName":"","isEnabled":true},"graphs":[],"defaultGraph":"","defaultPostTypeGraph":""},"schema_type":null,"schema_type_options":null,"pillar_content":false,"robots_default":true,"robots_noindex":false,"robots_noarchive":false,"robots_nosnippet":false,"robots_nofollow":false,"robots_noimageindex":false,"robots_noodp":false,"robots_notranslate":false,"robots_max_snippet":null,"robots_max_videopreview":null,"robots_max_imagepreview":"large","priority":null,"frequency":null,"local_seo":null,"seo_analyzer_scan_date":"2025-12-09 17:57:11","breadcrumb_settings":null,"limit_modified_date":false,"open_ai":null,"ai":null,"created":"2021-01-22 11:38:24","updated":"2025-12-09 17:57:11"},"aioseo_breadcrumb":"<div class=\"aioseo-breadcrumbs\"><span class=\"aioseo-breadcrumb\">\n\t<a href=\"https:\/\/www.eldigitaldeasturias.com\/noticias\" title=\"Home\">Home<\/a>\n<\/span><span class=\"aioseo-breadcrumb-separator\">\u2013<\/span><span class=\"aioseo-breadcrumb\">\n\t<a href=\"https:\/\/www.eldigitaldeasturias.com\/noticias\/category\/actualidad\/\" title=\"Actualidad\">Actualidad<\/a>\n<\/span><span class=\"aioseo-breadcrumb-separator\">\u2013<\/span><span class=\"aioseo-breadcrumb\">\n\t<a href=\"https:\/\/www.eldigitaldeasturias.com\/noticias\/miguel-cardenal-el-gobierno-no-cede-a-presiones-y-amenazas-de-la-fifa\/\" title=\"Miguel Cardenal \u00abEl Gobierno no cede a presiones y amenazas de la FIFA\u00bb\">Miguel Cardenal \u00abEl Gobierno no cede a presiones y amenazas de la FIFA\u00bb<\/a>\n<\/span><\/div>","aioseo_breadcrumb_json":[{"label":"Home","link":"https:\/\/www.eldigitaldeasturias.com\/noticias"},{"label":"Actualidad","link":"https:\/\/www.eldigitaldeasturias.com\/noticias\/category\/actualidad\/"},{"label":"Miguel Cardenal \u00abEl Gobierno no cede a presiones y amenazas de la FIFA\u00bb","link":"https:\/\/www.eldigitaldeasturias.com\/noticias\/miguel-cardenal-el-gobierno-no-cede-a-presiones-y-amenazas-de-la-fifa\/"}],"_links":{"self":[{"href":"https:\/\/www.eldigitaldeasturias.com\/noticias\/wp-json\/wp\/v2\/posts\/853417","targetHints":{"allow":["GET"]}}],"collection":[{"href":"https:\/\/www.eldigitaldeasturias.com\/noticias\/wp-json\/wp\/v2\/posts"}],"about":[{"href":"https:\/\/www.eldigitaldeasturias.com\/noticias\/wp-json\/wp\/v2\/types\/post"}],"author":[{"embeddable":true,"href":"https:\/\/www.eldigitaldeasturias.com\/noticias\/wp-json\/wp\/v2\/users\/1"}],"replies":[{"embeddable":true,"href":"https:\/\/www.eldigitaldeasturias.com\/noticias\/wp-json\/wp\/v2\/comments?post=853417"}],"version-history":[{"count":0,"href":"https:\/\/www.eldigitaldeasturias.com\/noticias\/wp-json\/wp\/v2\/posts\/853417\/revisions"}],"wp:featuredmedia":[{"embeddable":true,"href":"https:\/\/www.eldigitaldeasturias.com\/noticias\/wp-json\/wp\/v2\/media\/853418"}],"wp:attachment":[{"href":"https:\/\/www.eldigitaldeasturias.com\/noticias\/wp-json\/wp\/v2\/media?parent=853417"}],"wp:term":[{"taxonomy":"category","embeddable":true,"href":"https:\/\/www.eldigitaldeasturias.com\/noticias\/wp-json\/wp\/v2\/categories?post=853417"},{"taxonomy":"post_tag","embeddable":true,"href":"https:\/\/www.eldigitaldeasturias.com\/noticias\/wp-json\/wp\/v2\/tags?post=853417"}],"curies":[{"name":"wp","href":"https:\/\/api.w.org\/{rel}","templated":true}]}}