{"id":853402,"date":"2016-02-03T16:13:35","date_gmt":"2016-02-03T16:13:35","guid":{"rendered":"http:\/\/www.eldigitaldeasturias.com\/noticias\/?p=853402"},"modified":"2016-02-03T16:13:35","modified_gmt":"2016-02-03T16:13:35","slug":"la-reina-cree-que-el-voluntariado-debe-formar-parte-de-un-sistema-bien-ordenado","status":"publish","type":"post","link":"https:\/\/www.eldigitaldeasturias.com\/noticias\/la-reina-cree-que-el-voluntariado-debe-formar-parte-de-un-sistema-bien-ordenado\/","title":{"rendered":"La Reina cree que el voluntariado debe formar parte de un sistema \u00abbien ordenado\u00bb"},"content":{"rendered":"<p><img loading=\"lazy\" decoding=\"async\" class=\"alignleft size-medium wp-image-853403\" src=\"https:\/\/www.eldigitaldeasturias.com\/noticias\/wp-content\/uploads\/2016\/02\/fotonoticia_20160203131658_800-360x240.jpg\" alt=\"fotonoticia_20160203131658_800\" width=\"360\" height=\"240\" srcset=\"https:\/\/www.eldigitaldeasturias.com\/noticias\/wp-content\/uploads\/2016\/02\/fotonoticia_20160203131658_800-360x240.jpg 360w, https:\/\/www.eldigitaldeasturias.com\/noticias\/wp-content\/uploads\/2016\/02\/fotonoticia_20160203131658_800-768x513.jpg 768w, https:\/\/www.eldigitaldeasturias.com\/noticias\/wp-content\/uploads\/2016\/02\/fotonoticia_20160203131658_800-650x434.jpg 650w, https:\/\/www.eldigitaldeasturias.com\/noticias\/wp-content\/uploads\/2016\/02\/fotonoticia_20160203131658_800-84x55.jpg 84w, https:\/\/www.eldigitaldeasturias.com\/noticias\/wp-content\/uploads\/2016\/02\/fotonoticia_20160203131658_800-49x32.jpg 49w, https:\/\/www.eldigitaldeasturias.com\/noticias\/wp-content\/uploads\/2016\/02\/fotonoticia_20160203131658_800.jpg 800w\" sizes=\"auto, (max-width: 360px) 100vw, 360px\" \/>La Reina Letizia ha destacado la necesidad de que el voluntariado forme parte de un sistema organizado \u00abbien calibrado\u00bb y \u00abbien ordenado\u00bb para que pueda sea \u00abeficaz\u00bb y pueda ayudar \u00abde verdad\u00bb a los pacientes que padecen alg\u00fan tipo de c\u00e1ncer.<\/p>\n<p>\u00abQuerer ser voluntario es ya importante, pero esa decisi\u00f3n necesita formar parte de un sistema organizado, bien equilibrado y que est\u00e9 bien ordenado para que sea eficaz y pueda ayudar de verdad a los pacientes con c\u00e1ncer\u00bb, ha aseverado la Reina durante la inauguraci\u00f3n de la V edici\u00f3n del &#8216;Foro Contra el C\u00e1ncer&#8217;, organizado por la Asociaci\u00f3n Espa\u00f1ola contra el C\u00e1ncer (AECC).<\/p>\n<p>Se trata de un acto que, a juicio de la Reina y tambi\u00e9n presidenta de Honor con car\u00e1cter permanente de la AECC y Fundaci\u00f3n Cient\u00edfica, intenta analizar cada a\u00f1o \u00abde forma asilada\u00bb asuntos concretos que tienen que ver con la misi\u00f3n de la organizaci\u00f3n: intentar que los pacientes y sus familias tengan una mejor calidad de vida.<\/p>\n<p>Y en esta edici\u00f3n, los participantes han centrado el debate en la puesta en valor del voluntariado de apoyo a estos enfermos y en la reflexi\u00f3n sobre c\u00f3mo avanzar para integrar el servicio de voluntariado como un elemento m\u00e1s de calidad de la atenci\u00f3n integral sociosanitaria en el \u00e1mbito oncol\u00f3gico.<\/p>\n<p>30.000 ENFERMOS DE C\u00c1NCER EST\u00c1N SOLOS<\/p>\n<p>All\u00ed, la presidenta de la AECC y de su Fundaci\u00f3n Cient\u00edfica, Isabel Oriol, ha avisado de que hay 29.637 enfermos de c\u00e1ncer, mayores de 65 a\u00f1os, que viven solos en Espa\u00f1a y ha asegurado que la previsi\u00f3n es que este n\u00famero siga ascendiendo \u00abconsiderablemente\u00bb en los pr\u00f3ximos a\u00f1os.<\/p>\n<p>Un hecho que se suma a la fragmentaci\u00f3n familiar, a la cada vez \u00abmayor\u00bb franja social en riesgo de aislamiento y soledad y a la situaci\u00f3n actual del \u00e1mbito familiar, la cual \u00abdificulta\u00bb el cuidado familiar tradicional.<\/p>\n<p>Ante esto, Oriol ha informado de que la organizaci\u00f3n se ha propuesto como retos para los pr\u00f3ximos a\u00f1os asegurar el voluntariado dentro de la atenci\u00f3n integral al paciente y familiar, demandar equidad en el acceso a los servicios de voluntariado y ampliar el modelo de integraci\u00f3n \u00abm\u00e1s all\u00e1\u00bb de los hospitales, permitiendo as\u00ed una \u00abmayor\u00bb proximidad.<\/p>\n<p>\u00abQueremos poner en valor la labor del voluntariado de acompa\u00f1amiento a pacientes y familiares, y demandar su integraci\u00f3n en el sistema sociosanitario como un indicador de calidad del mismo y de bienestar para las personas que lo requieren\u00bb, ha comentado.<\/p>\n<p>De hecho, durante el Foro se ha hecho menci\u00f3n al &#8216;Informe de Satisfacci\u00f3n de los Beneficiarios del programa Voluntariado 2016 de la AECC&#8217;, en el que se muestra que m\u00e1s del 80 por ciento de los pacientes y familiares reconocen de forma \u00abmuy positiva\u00bb la labor de los voluntarios de la organizaci\u00f3n y que el 84 por ciento de los pacientes y el 83 por ciento de los familiares recomiendan el contacto con dichos voluntarios.<\/p>\n<p>\u00abENTREGA, SOLIDARIDAD Y ESFUERZO GENEROSO\u00bb<\/p>\n<p>Por su parte, el ministro de Sanidad, Servicios Sociales e Igualdad en funciones, Alfonso Alonso, ha asegurado que la \u00abentrega, solidaridad y el esfuerzo generoso\u00bb de los voluntarios que atienden a los pacientes con c\u00e1ncer y a sus familias supone el \u00ab\u00e9xito\u00bb de las pol\u00edticas sanitarias y ha subrayado la labor de los casi 24.000 voluntarios de la AECC ya que, s\u00f3lo el a\u00f1o pasado, acompa\u00f1aron a 400.000 personas.<\/p>\n<p>Y es que, tal y como ha recordado Alonso, el c\u00e1ncer es la segunda causa de muerte en Espa\u00f1a y la primera de p\u00e9rdida de a\u00f1os de vida potenciales. No obstante, el ministro en funciones ha se\u00f1alado que hay \u00abmotivos para la esperanza\u00bb ya est\u00e1 aumentando la supervivencia, especialmente en el c\u00e1ncer infantil.<\/p>\n<p>Ahora bien, prosigue, para seguir avanzando es imprescindible apoyar por la prevenci\u00f3n, detecci\u00f3n precoz e investigaci\u00f3n. \u00abHay que hacer esfuerzos por mantener la investigaci\u00f3n en el lugar prioritario que le corresponde. El Ministerio de Sanidad ha promovido iniciativas de apoyo a la investigaci\u00f3n oncol\u00f3gica por valor de m\u00e1s de 42 millones de euros en 2015. Adem\u00e1s, cuatro de cada diez ensayos cl\u00ednicos autorizados en Espa\u00f1a por la Agencia Europea de Medicamentos y Productos Sanitarios se desarrollan en el \u00e1rea de la Oncolog\u00eda\u00bb, ha comentado.<\/p>\n<p>Dicho esto, y tras recordar que en la \u00faltima legislatura se han incorporado a la financiaci\u00f3n p\u00fablica 180 f\u00e1rmacos innovadores, Alonso ha solicitado a los ciudadanos que adopten h\u00e1bitos de vida saludables y \u00abtomen conciencia\u00bb de que la prevenci\u00f3n puede salvar vidas.<\/p>\n","protected":false},"excerpt":{"rendered":"<p>La Reina Letizia ha destacado la necesidad de que el voluntariado forme parte de un sistema organizado \u00abbien calibrado\u00bb y \u00abbien ordenado\u00bb para que pueda sea \u00abeficaz\u00bb y pueda ayudar \u00abde verdad\u00bb a los pacientes que padecen alg\u00fan tipo de c\u00e1ncer. \u00abQuerer ser voluntario es ya importante, pero esa decisi\u00f3n necesita formar parte de un [&hellip;]<\/p>\n","protected":false},"author":1,"featured_media":853403,"comment_status":"closed","ping_status":"closed","sticky":false,"template":"","format":"standard","meta":{"footnotes":""},"categories":[1],"tags":[],"class_list":["post-853402","post","type-post","status-publish","format-standard","has-post-thumbnail","hentry","category-actualidad"],"aioseo_notices":[],"aioseo_head":"\n\t\t<!-- All in One SEO Pro 4.9.6.2 - aioseo.com -->\n\t<meta name=\"description\" content=\"La Reina Letizia ha destacado la necesidad de que el voluntariado forme parte de un sistema organizado &quot;bien calibrado&quot; y &quot;bien ordenado&quot; para que pueda sea &quot;eficaz&quot; y pueda ayudar &quot;de verdad&quot; a los pacientes que padecen alg\u00fan tipo de c\u00e1ncer. &quot;Querer ser voluntario es ya importante, pero esa decisi\u00f3n necesita formar parte de un\" \/>\n\t<meta name=\"robots\" content=\"max-image-preview:large\" \/>\n\t<meta name=\"author\" content=\"El Digital de Asturias\"\/>\n\t<meta name=\"google-site-verification\" content=\"UA-38556648-1\" \/>\n\t<meta name=\"msvalidate.01\" content=\"7dfe9f3f1b24437ab69f4f2559babe99\" \/>\n\t<meta name=\"keywords\" content=\"actualidad\" \/>\n\t<link rel=\"canonical\" href=\"https:\/\/www.eldigitaldeasturias.com\/noticias\/la-reina-cree-que-el-voluntariado-debe-formar-parte-de-un-sistema-bien-ordenado\/\" \/>\n\t<meta name=\"generator\" content=\"All in One SEO Pro (AIOSEO) 4.9.6.2\" \/>\n\t\t<meta property=\"og:locale\" content=\"es_ES\" \/>\n\t\t<meta property=\"og:site_name\" content=\"El Digital de Asturias\" \/>\n\t\t<meta property=\"og:type\" content=\"article\" \/>\n\t\t<meta property=\"og:title\" content=\"La Reina cree que el voluntariado debe formar parte de un sistema \u00abbien ordenado\u00bb - El Digital de Asturias\" \/>\n\t\t<meta property=\"og:description\" content=\"La Reina Letizia ha destacado la necesidad de que el voluntariado forme parte de un sistema organizado &quot;bien calibrado&quot; y &quot;bien ordenado&quot; para que pueda sea &quot;eficaz&quot; y pueda ayudar &quot;de verdad&quot; a los pacientes que padecen alg\u00fan tipo de c\u00e1ncer. &quot;Querer ser voluntario es ya importante, pero esa decisi\u00f3n necesita formar parte de un\" \/>\n\t\t<meta property=\"og:url\" content=\"https:\/\/www.eldigitaldeasturias.com\/noticias\/la-reina-cree-que-el-voluntariado-debe-formar-parte-de-un-sistema-bien-ordenado\/\" \/>\n\t\t<meta property=\"og:image\" content=\"https:\/\/www.eldigitaldeasturias.com\/noticias\/wp-content\/uploads\/2016\/02\/fotonoticia_20160203131658_800.jpg\" \/>\n\t\t<meta property=\"og:image:secure_url\" content=\"https:\/\/www.eldigitaldeasturias.com\/noticias\/wp-content\/uploads\/2016\/02\/fotonoticia_20160203131658_800.jpg\" \/>\n\t\t<meta property=\"og:image:width\" content=\"800\" \/>\n\t\t<meta property=\"og:image:height\" content=\"534\" \/>\n\t\t<meta property=\"article:tag\" content=\"actualidad\" \/>\n\t\t<meta property=\"article:published_time\" content=\"2016-02-03T16:13:35+00:00\" \/>\n\t\t<meta property=\"article:modified_time\" content=\"2016-02-03T16:13:35+00:00\" \/>\n\t\t<meta property=\"article:publisher\" content=\"https:\/\/facebook.com\/eldigitaldeasturias\" \/>\n\t\t<meta name=\"twitter:card\" content=\"summary_large_image\" \/>\n\t\t<meta name=\"twitter:title\" content=\"La Reina cree que el voluntariado debe formar parte de un sistema \u00abbien ordenado\u00bb - El Digital de Asturias\" \/>\n\t\t<meta name=\"twitter:description\" content=\"La Reina Letizia ha destacado la necesidad de que el voluntariado forme parte de un sistema organizado &quot;bien calibrado&quot; y &quot;bien ordenado&quot; para que pueda sea &quot;eficaz&quot; y pueda ayudar &quot;de verdad&quot; a los pacientes que padecen alg\u00fan tipo de c\u00e1ncer. &quot;Querer ser voluntario es ya importante, pero esa decisi\u00f3n necesita formar parte de un\" \/>\n\t\t<meta name=\"twitter:image\" content=\"https:\/\/www.eldigitaldeasturias.com\/noticias\/wp-content\/uploads\/2016\/02\/fotonoticia_20160203131658_800.jpg\" \/>\n\t\t<meta name=\"twitter:label1\" content=\"Escrito por\" \/>\n\t\t<meta name=\"twitter:data1\" content=\"El Digital de Asturias\" \/>\n\t\t<meta name=\"twitter:label2\" content=\"Tiempo de lectura estimado\" \/>\n\t\t<meta name=\"twitter:data2\" content=\"4 minutos\" \/>\n\t\t<script type=\"application\/ld+json\" class=\"aioseo-schema\">\n\t\t\t{\"@context\":\"https:\\\/\\\/schema.org\",\"@graph\":[{\"@type\":\"BlogPosting\",\"@id\":\"https:\\\/\\\/www.eldigitaldeasturias.com\\\/noticias\\\/la-reina-cree-que-el-voluntariado-debe-formar-parte-de-un-sistema-bien-ordenado\\\/#blogposting\",\"name\":\"La Reina cree que el voluntariado debe formar parte de un sistema \\u00abbien ordenado\\u00bb - El Digital de Asturias\",\"headline\":\"La Reina cree que el voluntariado debe formar parte de un sistema \\u00abbien ordenado\\u00bb\",\"author\":{\"@id\":\"https:\\\/\\\/www.eldigitaldeasturias.com\\\/noticias\\\/author\\\/admin\\\/#author\"},\"publisher\":{\"@id\":\"https:\\\/\\\/www.eldigitaldeasturias.com\\\/noticias\\\/#organization\"},\"image\":{\"@type\":\"ImageObject\",\"url\":\"https:\\\/\\\/www.eldigitaldeasturias.com\\\/noticias\\\/wp-content\\\/uploads\\\/2016\\\/02\\\/fotonoticia_20160203131658_800.jpg\",\"width\":800,\"height\":534},\"datePublished\":\"2016-02-03T16:13:35+01:00\",\"dateModified\":\"2016-02-03T16:13:35+01:00\",\"inLanguage\":\"es-ES\",\"mainEntityOfPage\":{\"@id\":\"https:\\\/\\\/www.eldigitaldeasturias.com\\\/noticias\\\/la-reina-cree-que-el-voluntariado-debe-formar-parte-de-un-sistema-bien-ordenado\\\/#webpage\"},\"isPartOf\":{\"@id\":\"https:\\\/\\\/www.eldigitaldeasturias.com\\\/noticias\\\/la-reina-cree-que-el-voluntariado-debe-formar-parte-de-un-sistema-bien-ordenado\\\/#webpage\"},\"articleSection\":\"Actualidad\"},{\"@type\":\"BreadcrumbList\",\"@id\":\"https:\\\/\\\/www.eldigitaldeasturias.com\\\/noticias\\\/la-reina-cree-que-el-voluntariado-debe-formar-parte-de-un-sistema-bien-ordenado\\\/#breadcrumblist\",\"itemListElement\":[{\"@type\":\"ListItem\",\"@id\":\"https:\\\/\\\/www.eldigitaldeasturias.com\\\/noticias#listItem\",\"position\":1,\"name\":\"Home\",\"item\":\"https:\\\/\\\/www.eldigitaldeasturias.com\\\/noticias\",\"nextItem\":{\"@type\":\"ListItem\",\"@id\":\"https:\\\/\\\/www.eldigitaldeasturias.com\\\/noticias\\\/category\\\/actualidad\\\/#listItem\",\"name\":\"Actualidad\"}},{\"@type\":\"ListItem\",\"@id\":\"https:\\\/\\\/www.eldigitaldeasturias.com\\\/noticias\\\/category\\\/actualidad\\\/#listItem\",\"position\":2,\"name\":\"Actualidad\",\"item\":\"https:\\\/\\\/www.eldigitaldeasturias.com\\\/noticias\\\/category\\\/actualidad\\\/\",\"nextItem\":{\"@type\":\"ListItem\",\"@id\":\"https:\\\/\\\/www.eldigitaldeasturias.com\\\/noticias\\\/la-reina-cree-que-el-voluntariado-debe-formar-parte-de-un-sistema-bien-ordenado\\\/#listItem\",\"name\":\"La Reina cree que el voluntariado debe formar parte de un sistema \\u00abbien ordenado\\u00bb\"},\"previousItem\":{\"@type\":\"ListItem\",\"@id\":\"https:\\\/\\\/www.eldigitaldeasturias.com\\\/noticias#listItem\",\"name\":\"Home\"}},{\"@type\":\"ListItem\",\"@id\":\"https:\\\/\\\/www.eldigitaldeasturias.com\\\/noticias\\\/la-reina-cree-que-el-voluntariado-debe-formar-parte-de-un-sistema-bien-ordenado\\\/#listItem\",\"position\":3,\"name\":\"La Reina cree que el voluntariado debe formar parte de un sistema \\u00abbien ordenado\\u00bb\",\"previousItem\":{\"@type\":\"ListItem\",\"@id\":\"https:\\\/\\\/www.eldigitaldeasturias.com\\\/noticias\\\/category\\\/actualidad\\\/#listItem\",\"name\":\"Actualidad\"}}]},{\"@type\":\"Organization\",\"@id\":\"https:\\\/\\\/www.eldigitaldeasturias.com\\\/noticias\\\/#organization\",\"name\":\"El Digital de Asturias\",\"description\":\"Hemeroteca\",\"url\":\"https:\\\/\\\/www.eldigitaldeasturias.com\\\/noticias\\\/\",\"email\":\"info@eldigitaldeasturias.com\",\"telephone\":\"+34652131393\",\"logo\":{\"@type\":\"ImageObject\",\"url\":\"https:\\\/\\\/www.eldigitaldeasturias.com\\\/noticias\\\/wp-content\\\/uploads\\\/2020\\\/12\\\/EDA.jpg\",\"@id\":\"https:\\\/\\\/www.eldigitaldeasturias.com\\\/noticias\\\/la-reina-cree-que-el-voluntariado-debe-formar-parte-de-un-sistema-bien-ordenado\\\/#organizationLogo\",\"width\":649,\"height\":297},\"image\":{\"@id\":\"https:\\\/\\\/www.eldigitaldeasturias.com\\\/noticias\\\/la-reina-cree-que-el-voluntariado-debe-formar-parte-de-un-sistema-bien-ordenado\\\/#organizationLogo\"},\"sameAs\":[\"https:\\\/\\\/facebook.com\\\/eldigitaldeasturias\",\"https:\\\/\\\/www.youtube.com\\\/channel\\\/UCZP-2wLEB9Rv6erhFmqVnvg\"],\"address\":{\"@id\":\"https:\\\/\\\/www.eldigitaldeasturias.com\\\/noticias\\\/#postaladdress\",\"@type\":\"PostalAddress\",\"streetAddress\":\"san antonio 4,\",\"postalCode\":\"33430\",\"addressLocality\":\"Cand\\u00e1s\",\"addressRegion\":\"Asturias\",\"addressCountry\":\"ES\"}},{\"@type\":\"Person\",\"@id\":\"https:\\\/\\\/www.eldigitaldeasturias.com\\\/noticias\\\/author\\\/admin\\\/#author\",\"url\":\"https:\\\/\\\/www.eldigitaldeasturias.com\\\/noticias\\\/author\\\/admin\\\/\",\"name\":\"El Digital de Asturias\",\"image\":{\"@type\":\"ImageObject\",\"@id\":\"https:\\\/\\\/www.eldigitaldeasturias.com\\\/noticias\\\/la-reina-cree-que-el-voluntariado-debe-formar-parte-de-un-sistema-bien-ordenado\\\/#authorImage\",\"url\":\"https:\\\/\\\/www.eldigitaldeasturias.com\\\/noticias\\\/wp-content\\\/litespeed\\\/avatar\\\/18677e78aa0546b92d9dbf31ec7d7668.jpg?ver=1777290358\",\"width\":96,\"height\":96,\"caption\":\"El Digital de Asturias\"}},{\"@type\":\"WebPage\",\"@id\":\"https:\\\/\\\/www.eldigitaldeasturias.com\\\/noticias\\\/la-reina-cree-que-el-voluntariado-debe-formar-parte-de-un-sistema-bien-ordenado\\\/#webpage\",\"url\":\"https:\\\/\\\/www.eldigitaldeasturias.com\\\/noticias\\\/la-reina-cree-que-el-voluntariado-debe-formar-parte-de-un-sistema-bien-ordenado\\\/\",\"name\":\"La Reina cree que el voluntariado debe formar parte de un sistema \\u00abbien ordenado\\u00bb - El Digital de Asturias\",\"description\":\"La Reina Letizia ha destacado la necesidad de que el voluntariado forme parte de un sistema organizado \\\"bien calibrado\\\" y \\\"bien ordenado\\\" para que pueda sea \\\"eficaz\\\" y pueda ayudar \\\"de verdad\\\" a los pacientes que padecen alg\\u00fan tipo de c\\u00e1ncer. \\\"Querer ser voluntario es ya importante, pero esa decisi\\u00f3n necesita formar parte de un\",\"inLanguage\":\"es-ES\",\"isPartOf\":{\"@id\":\"https:\\\/\\\/www.eldigitaldeasturias.com\\\/noticias\\\/#website\"},\"breadcrumb\":{\"@id\":\"https:\\\/\\\/www.eldigitaldeasturias.com\\\/noticias\\\/la-reina-cree-que-el-voluntariado-debe-formar-parte-de-un-sistema-bien-ordenado\\\/#breadcrumblist\"},\"author\":{\"@id\":\"https:\\\/\\\/www.eldigitaldeasturias.com\\\/noticias\\\/author\\\/admin\\\/#author\"},\"creator\":{\"@id\":\"https:\\\/\\\/www.eldigitaldeasturias.com\\\/noticias\\\/author\\\/admin\\\/#author\"},\"image\":{\"@type\":\"ImageObject\",\"url\":\"https:\\\/\\\/www.eldigitaldeasturias.com\\\/noticias\\\/wp-content\\\/uploads\\\/2016\\\/02\\\/fotonoticia_20160203131658_800.jpg\",\"@id\":\"https:\\\/\\\/www.eldigitaldeasturias.com\\\/noticias\\\/la-reina-cree-que-el-voluntariado-debe-formar-parte-de-un-sistema-bien-ordenado\\\/#mainImage\",\"width\":800,\"height\":534},\"primaryImageOfPage\":{\"@id\":\"https:\\\/\\\/www.eldigitaldeasturias.com\\\/noticias\\\/la-reina-cree-que-el-voluntariado-debe-formar-parte-de-un-sistema-bien-ordenado\\\/#mainImage\"},\"datePublished\":\"2016-02-03T16:13:35+01:00\",\"dateModified\":\"2016-02-03T16:13:35+01:00\"},{\"@type\":\"WebSite\",\"@id\":\"https:\\\/\\\/www.eldigitaldeasturias.com\\\/noticias\\\/#website\",\"url\":\"https:\\\/\\\/www.eldigitaldeasturias.com\\\/noticias\\\/\",\"name\":\"El Digital de Asturias - Diario de actualidad y noticias\",\"alternateName\":\"El Digital de Asturias - Diario de actualidad y noticias\",\"description\":\"Hemeroteca\",\"inLanguage\":\"es-ES\",\"publisher\":{\"@id\":\"https:\\\/\\\/www.eldigitaldeasturias.com\\\/noticias\\\/#organization\"}}]}\n\t\t<\/script>\n\t\t<!-- All in One SEO Pro -->\r\n\t\t<title>La Reina cree que el voluntariado debe formar parte de un sistema \u00abbien ordenado\u00bb - El Digital de Asturias<\/title>\n\n","aioseo_head_json":{"title":"La Reina cree que el voluntariado debe formar parte de un sistema \u00abbien ordenado\u00bb - El Digital de Asturias","description":"La Reina Letizia ha destacado la necesidad de que el voluntariado forme parte de un sistema organizado \"bien calibrado\" y \"bien ordenado\" para que pueda sea \"eficaz\" y pueda ayudar \"de verdad\" a los pacientes que padecen alg\u00fan tipo de c\u00e1ncer. \"Querer ser voluntario es ya importante, pero esa decisi\u00f3n necesita formar parte de un","canonical_url":"https:\/\/www.eldigitaldeasturias.com\/noticias\/la-reina-cree-que-el-voluntariado-debe-formar-parte-de-un-sistema-bien-ordenado\/","robots":"max-image-preview:large","keywords":"actualidad","webmasterTools":{"google-site-verification":"UA-38556648-1","msvalidate.01":"7dfe9f3f1b24437ab69f4f2559babe99","miscellaneous":""},"schema":{"@context":"https:\/\/schema.org","@graph":[{"@type":"BlogPosting","@id":"https:\/\/www.eldigitaldeasturias.com\/noticias\/la-reina-cree-que-el-voluntariado-debe-formar-parte-de-un-sistema-bien-ordenado\/#blogposting","name":"La Reina cree que el voluntariado debe formar parte de un sistema \u00abbien ordenado\u00bb - El Digital de Asturias","headline":"La Reina cree que el voluntariado debe formar parte de un sistema \u00abbien ordenado\u00bb","author":{"@id":"https:\/\/www.eldigitaldeasturias.com\/noticias\/author\/admin\/#author"},"publisher":{"@id":"https:\/\/www.eldigitaldeasturias.com\/noticias\/#organization"},"image":{"@type":"ImageObject","url":"https:\/\/www.eldigitaldeasturias.com\/noticias\/wp-content\/uploads\/2016\/02\/fotonoticia_20160203131658_800.jpg","width":800,"height":534},"datePublished":"2016-02-03T16:13:35+01:00","dateModified":"2016-02-03T16:13:35+01:00","inLanguage":"es-ES","mainEntityOfPage":{"@id":"https:\/\/www.eldigitaldeasturias.com\/noticias\/la-reina-cree-que-el-voluntariado-debe-formar-parte-de-un-sistema-bien-ordenado\/#webpage"},"isPartOf":{"@id":"https:\/\/www.eldigitaldeasturias.com\/noticias\/la-reina-cree-que-el-voluntariado-debe-formar-parte-de-un-sistema-bien-ordenado\/#webpage"},"articleSection":"Actualidad"},{"@type":"BreadcrumbList","@id":"https:\/\/www.eldigitaldeasturias.com\/noticias\/la-reina-cree-que-el-voluntariado-debe-formar-parte-de-un-sistema-bien-ordenado\/#breadcrumblist","itemListElement":[{"@type":"ListItem","@id":"https:\/\/www.eldigitaldeasturias.com\/noticias#listItem","position":1,"name":"Home","item":"https:\/\/www.eldigitaldeasturias.com\/noticias","nextItem":{"@type":"ListItem","@id":"https:\/\/www.eldigitaldeasturias.com\/noticias\/category\/actualidad\/#listItem","name":"Actualidad"}},{"@type":"ListItem","@id":"https:\/\/www.eldigitaldeasturias.com\/noticias\/category\/actualidad\/#listItem","position":2,"name":"Actualidad","item":"https:\/\/www.eldigitaldeasturias.com\/noticias\/category\/actualidad\/","nextItem":{"@type":"ListItem","@id":"https:\/\/www.eldigitaldeasturias.com\/noticias\/la-reina-cree-que-el-voluntariado-debe-formar-parte-de-un-sistema-bien-ordenado\/#listItem","name":"La Reina cree que el voluntariado debe formar parte de un sistema \u00abbien ordenado\u00bb"},"previousItem":{"@type":"ListItem","@id":"https:\/\/www.eldigitaldeasturias.com\/noticias#listItem","name":"Home"}},{"@type":"ListItem","@id":"https:\/\/www.eldigitaldeasturias.com\/noticias\/la-reina-cree-que-el-voluntariado-debe-formar-parte-de-un-sistema-bien-ordenado\/#listItem","position":3,"name":"La Reina cree que el voluntariado debe formar parte de un sistema \u00abbien ordenado\u00bb","previousItem":{"@type":"ListItem","@id":"https:\/\/www.eldigitaldeasturias.com\/noticias\/category\/actualidad\/#listItem","name":"Actualidad"}}]},{"@type":"Organization","@id":"https:\/\/www.eldigitaldeasturias.com\/noticias\/#organization","name":"El Digital de Asturias","description":"Hemeroteca","url":"https:\/\/www.eldigitaldeasturias.com\/noticias\/","email":"info@eldigitaldeasturias.com","telephone":"+34652131393","logo":{"@type":"ImageObject","url":"https:\/\/www.eldigitaldeasturias.com\/noticias\/wp-content\/uploads\/2020\/12\/EDA.jpg","@id":"https:\/\/www.eldigitaldeasturias.com\/noticias\/la-reina-cree-que-el-voluntariado-debe-formar-parte-de-un-sistema-bien-ordenado\/#organizationLogo","width":649,"height":297},"image":{"@id":"https:\/\/www.eldigitaldeasturias.com\/noticias\/la-reina-cree-que-el-voluntariado-debe-formar-parte-de-un-sistema-bien-ordenado\/#organizationLogo"},"sameAs":["https:\/\/facebook.com\/eldigitaldeasturias","https:\/\/www.youtube.com\/channel\/UCZP-2wLEB9Rv6erhFmqVnvg"],"address":{"@id":"https:\/\/www.eldigitaldeasturias.com\/noticias\/#postaladdress","@type":"PostalAddress","streetAddress":"san antonio 4,","postalCode":"33430","addressLocality":"Cand\u00e1s","addressRegion":"Asturias","addressCountry":"ES"}},{"@type":"Person","@id":"https:\/\/www.eldigitaldeasturias.com\/noticias\/author\/admin\/#author","url":"https:\/\/www.eldigitaldeasturias.com\/noticias\/author\/admin\/","name":"El Digital de Asturias","image":{"@type":"ImageObject","@id":"https:\/\/www.eldigitaldeasturias.com\/noticias\/la-reina-cree-que-el-voluntariado-debe-formar-parte-de-un-sistema-bien-ordenado\/#authorImage","url":"https:\/\/www.eldigitaldeasturias.com\/noticias\/wp-content\/litespeed\/avatar\/18677e78aa0546b92d9dbf31ec7d7668.jpg?ver=1777290358","width":96,"height":96,"caption":"El Digital de Asturias"}},{"@type":"WebPage","@id":"https:\/\/www.eldigitaldeasturias.com\/noticias\/la-reina-cree-que-el-voluntariado-debe-formar-parte-de-un-sistema-bien-ordenado\/#webpage","url":"https:\/\/www.eldigitaldeasturias.com\/noticias\/la-reina-cree-que-el-voluntariado-debe-formar-parte-de-un-sistema-bien-ordenado\/","name":"La Reina cree que el voluntariado debe formar parte de un sistema \u00abbien ordenado\u00bb - El Digital de Asturias","description":"La Reina Letizia ha destacado la necesidad de que el voluntariado forme parte de un sistema organizado \"bien calibrado\" y \"bien ordenado\" para que pueda sea \"eficaz\" y pueda ayudar \"de verdad\" a los pacientes que padecen alg\u00fan tipo de c\u00e1ncer. \"Querer ser voluntario es ya importante, pero esa decisi\u00f3n necesita formar parte de un","inLanguage":"es-ES","isPartOf":{"@id":"https:\/\/www.eldigitaldeasturias.com\/noticias\/#website"},"breadcrumb":{"@id":"https:\/\/www.eldigitaldeasturias.com\/noticias\/la-reina-cree-que-el-voluntariado-debe-formar-parte-de-un-sistema-bien-ordenado\/#breadcrumblist"},"author":{"@id":"https:\/\/www.eldigitaldeasturias.com\/noticias\/author\/admin\/#author"},"creator":{"@id":"https:\/\/www.eldigitaldeasturias.com\/noticias\/author\/admin\/#author"},"image":{"@type":"ImageObject","url":"https:\/\/www.eldigitaldeasturias.com\/noticias\/wp-content\/uploads\/2016\/02\/fotonoticia_20160203131658_800.jpg","@id":"https:\/\/www.eldigitaldeasturias.com\/noticias\/la-reina-cree-que-el-voluntariado-debe-formar-parte-de-un-sistema-bien-ordenado\/#mainImage","width":800,"height":534},"primaryImageOfPage":{"@id":"https:\/\/www.eldigitaldeasturias.com\/noticias\/la-reina-cree-que-el-voluntariado-debe-formar-parte-de-un-sistema-bien-ordenado\/#mainImage"},"datePublished":"2016-02-03T16:13:35+01:00","dateModified":"2016-02-03T16:13:35+01:00"},{"@type":"WebSite","@id":"https:\/\/www.eldigitaldeasturias.com\/noticias\/#website","url":"https:\/\/www.eldigitaldeasturias.com\/noticias\/","name":"El Digital de Asturias - Diario de actualidad y noticias","alternateName":"El Digital de Asturias - Diario de actualidad y noticias","description":"Hemeroteca","inLanguage":"es-ES","publisher":{"@id":"https:\/\/www.eldigitaldeasturias.com\/noticias\/#organization"}}]},"og:locale":"es_ES","og:site_name":"El Digital de Asturias","og:type":"article","og:title":"La Reina cree que el voluntariado debe formar parte de un sistema \u00abbien ordenado\u00bb - El Digital de Asturias","og:description":"La Reina Letizia ha destacado la necesidad de que el voluntariado forme parte de un sistema organizado &quot;bien calibrado&quot; y &quot;bien ordenado&quot; para que pueda sea &quot;eficaz&quot; y pueda ayudar &quot;de verdad&quot; a los pacientes que padecen alg\u00fan tipo de c\u00e1ncer. &quot;Querer ser voluntario es ya importante, pero esa decisi\u00f3n necesita formar parte de un","og:url":"https:\/\/www.eldigitaldeasturias.com\/noticias\/la-reina-cree-que-el-voluntariado-debe-formar-parte-de-un-sistema-bien-ordenado\/","og:image":"https:\/\/www.eldigitaldeasturias.com\/noticias\/wp-content\/uploads\/2016\/02\/fotonoticia_20160203131658_800.jpg","og:image:secure_url":"https:\/\/www.eldigitaldeasturias.com\/noticias\/wp-content\/uploads\/2016\/02\/fotonoticia_20160203131658_800.jpg","og:image:width":800,"og:image:height":534,"article:tag":["actualidad"],"article:published_time":"2016-02-03T16:13:35+00:00","article:modified_time":"2016-02-03T16:13:35+00:00","article:publisher":"https:\/\/facebook.com\/eldigitaldeasturias","twitter:card":"summary_large_image","twitter:title":"La Reina cree que el voluntariado debe formar parte de un sistema \u00abbien ordenado\u00bb - El Digital de Asturias","twitter:description":"La Reina Letizia ha destacado la necesidad de que el voluntariado forme parte de un sistema organizado &quot;bien calibrado&quot; y &quot;bien ordenado&quot; para que pueda sea &quot;eficaz&quot; y pueda ayudar &quot;de verdad&quot; a los pacientes que padecen alg\u00fan tipo de c\u00e1ncer. &quot;Querer ser voluntario es ya importante, pero esa decisi\u00f3n necesita formar parte de un","twitter:image":"https:\/\/www.eldigitaldeasturias.com\/noticias\/wp-content\/uploads\/2016\/02\/fotonoticia_20160203131658_800.jpg","twitter:label1":"Escrito por","twitter:data1":"El Digital de Asturias","twitter:label2":"Tiempo de lectura estimado","twitter:data2":"4 minutos"},"aioseo_meta_data":{"post_id":"853402","title":null,"description":null,"keywords":null,"keyphrases":null,"primary_term":null,"canonical_url":null,"og_title":null,"og_description":null,"og_object_type":"default","og_image_type":"default","og_image_url":null,"og_image_width":null,"og_image_height":null,"og_image_custom_url":null,"og_image_custom_fields":null,"og_video":null,"og_custom_url":null,"og_article_section":null,"og_article_tags":null,"twitter_use_og":false,"twitter_card":"default","twitter_image_type":"default","twitter_image_url":null,"twitter_image_custom_url":null,"twitter_image_custom_fields":null,"twitter_title":null,"twitter_description":null,"schema":{"blockGraphs":[],"customGraphs":[],"default":{"data":{"Article":[],"Course":[],"Dataset":[],"FAQPage":[],"Movie":[],"Person":[],"Product":[],"ProductReview":[],"Car":[],"Recipe":[],"Service":[],"SoftwareApplication":[],"WebPage":[]},"graphName":"","isEnabled":true},"graphs":[],"defaultGraph":"","defaultPostTypeGraph":""},"schema_type":null,"schema_type_options":null,"pillar_content":false,"robots_default":true,"robots_noindex":false,"robots_noarchive":false,"robots_nosnippet":false,"robots_nofollow":false,"robots_noimageindex":false,"robots_noodp":false,"robots_notranslate":false,"robots_max_snippet":null,"robots_max_videopreview":null,"robots_max_imagepreview":"large","priority":null,"frequency":null,"local_seo":null,"seo_analyzer_scan_date":"2025-12-09 17:55:15","breadcrumb_settings":null,"limit_modified_date":false,"open_ai":null,"ai":null,"created":"2021-01-23 03:24:50","updated":"2025-12-09 17:55:15"},"aioseo_breadcrumb":"<div class=\"aioseo-breadcrumbs\"><span class=\"aioseo-breadcrumb\">\n\t<a href=\"https:\/\/www.eldigitaldeasturias.com\/noticias\" title=\"Home\">Home<\/a>\n<\/span><span class=\"aioseo-breadcrumb-separator\">\u2013<\/span><span class=\"aioseo-breadcrumb\">\n\t<a href=\"https:\/\/www.eldigitaldeasturias.com\/noticias\/category\/actualidad\/\" title=\"Actualidad\">Actualidad<\/a>\n<\/span><span class=\"aioseo-breadcrumb-separator\">\u2013<\/span><span class=\"aioseo-breadcrumb\">\n\t<a href=\"https:\/\/www.eldigitaldeasturias.com\/noticias\/la-reina-cree-que-el-voluntariado-debe-formar-parte-de-un-sistema-bien-ordenado\/\" title=\"La Reina cree que el voluntariado debe formar parte de un sistema \u00abbien ordenado\u00bb\">La Reina cree que el voluntariado debe formar parte de un sistema \u00abbien ordenado\u00bb<\/a>\n<\/span><\/div>","aioseo_breadcrumb_json":[{"label":"Home","link":"https:\/\/www.eldigitaldeasturias.com\/noticias"},{"label":"Actualidad","link":"https:\/\/www.eldigitaldeasturias.com\/noticias\/category\/actualidad\/"},{"label":"La Reina cree que el voluntariado debe formar parte de un sistema \u00abbien ordenado\u00bb","link":"https:\/\/www.eldigitaldeasturias.com\/noticias\/la-reina-cree-que-el-voluntariado-debe-formar-parte-de-un-sistema-bien-ordenado\/"}],"_links":{"self":[{"href":"https:\/\/www.eldigitaldeasturias.com\/noticias\/wp-json\/wp\/v2\/posts\/853402","targetHints":{"allow":["GET"]}}],"collection":[{"href":"https:\/\/www.eldigitaldeasturias.com\/noticias\/wp-json\/wp\/v2\/posts"}],"about":[{"href":"https:\/\/www.eldigitaldeasturias.com\/noticias\/wp-json\/wp\/v2\/types\/post"}],"author":[{"embeddable":true,"href":"https:\/\/www.eldigitaldeasturias.com\/noticias\/wp-json\/wp\/v2\/users\/1"}],"replies":[{"embeddable":true,"href":"https:\/\/www.eldigitaldeasturias.com\/noticias\/wp-json\/wp\/v2\/comments?post=853402"}],"version-history":[{"count":0,"href":"https:\/\/www.eldigitaldeasturias.com\/noticias\/wp-json\/wp\/v2\/posts\/853402\/revisions"}],"wp:featuredmedia":[{"embeddable":true,"href":"https:\/\/www.eldigitaldeasturias.com\/noticias\/wp-json\/wp\/v2\/media\/853403"}],"wp:attachment":[{"href":"https:\/\/www.eldigitaldeasturias.com\/noticias\/wp-json\/wp\/v2\/media?parent=853402"}],"wp:term":[{"taxonomy":"category","embeddable":true,"href":"https:\/\/www.eldigitaldeasturias.com\/noticias\/wp-json\/wp\/v2\/categories?post=853402"},{"taxonomy":"post_tag","embeddable":true,"href":"https:\/\/www.eldigitaldeasturias.com\/noticias\/wp-json\/wp\/v2\/tags?post=853402"}],"curies":[{"name":"wp","href":"https:\/\/api.w.org\/{rel}","templated":true}]}}