{"id":853400,"date":"2016-02-03T16:12:13","date_gmt":"2016-02-03T16:12:13","guid":{"rendered":"http:\/\/www.eldigitaldeasturias.com\/noticias\/?p=853400"},"modified":"2016-02-03T16:12:13","modified_gmt":"2016-02-03T16:12:13","slug":"la-fad-lanza-una-campana-con-el-lema-construye-no-esperes","status":"publish","type":"post","link":"https:\/\/www.eldigitaldeasturias.com\/noticias\/la-fad-lanza-una-campana-con-el-lema-construye-no-esperes\/","title":{"rendered":"La FAD lanza una campa\u00f1a con el lema \u00abConstruye. No esperes\u00bb"},"content":{"rendered":"<p><img loading=\"lazy\" decoding=\"async\" class=\"alignleft size-medium wp-image-659697\" src=\"https:\/\/www.eldigitaldeasturias.com\/noticias\/wp-content\/uploads\/2014\/10\/6837097w-215x320.jpg\" alt=\"gente\" width=\"215\" height=\"320\" srcset=\"https:\/\/www.eldigitaldeasturias.com\/noticias\/wp-content\/uploads\/2014\/10\/6837097w-215x320.jpg 215w, https:\/\/www.eldigitaldeasturias.com\/noticias\/wp-content\/uploads\/2014\/10\/6837097w-436x650.jpg 436w, https:\/\/www.eldigitaldeasturias.com\/noticias\/wp-content\/uploads\/2014\/10\/6837097w.jpg 700w\" sizes=\"auto, (max-width: 215px) 100vw, 215px\" \/>La Fundaci\u00f3n de Ayuda a la Drogadicci\u00f3n (FAD) ha lanzado este mi\u00e9rcoles una nueva campa\u00f1a de sensibilizaci\u00f3n bajo el lema &#8216;Construye. No esperes&#8217;, en la que anima a j\u00f3venes y adolescentes a mostrar una actitud activa ante la vida que le ayude a tomar decisiones sobre su futuro y les mantenga alejados de las drogas.<\/p>\n<p>La campa\u00f1a, la primera de esta instituci\u00f3n en su 30 aniversario, va dirigida a j\u00f3venes de 14 a 25 a\u00f1os, pretende transmitir el mensaje de que \u00abcuanto m\u00e1s cosas construyan en su vida, menos espacio dejar\u00e1n para las drogas\u00bb, ha destacado Ignacio Calder\u00f3n, director general de la FAD.<\/p>\n<p>Los \u00faltimos estudios de esta instituci\u00f3n muestran la facilidad de acceso de estas sustancias para los j\u00f3venes en Espa\u00f1a, ya que la mayor\u00eda de estudiantes de 14 a 18 a\u00f1os consideran f\u00e1cilmente disponibles sustancias como el alcohol (m\u00e1s del 90%), el cannabis (69,4%) e incluso los hipnosedantes (53,4%).<\/p>\n<p>Ante esta situaci\u00f3n, la FAD ha decidido pasar de \u00abla represi\u00f3n o la prohibici\u00f3n\u00bb a apostar por \u00abpotenciar las capacidades individuales\u00bb y animar a los j\u00f3venes a \u00abconstruirse una actitud, tomar sus propias decisiones, deseos y su proyecto vital, sin esperar que llegue el momento adecuado para ello\u00bb, seg\u00fan su director general.<\/p>\n<p>\u00abEsto ayuda al desarrollo personal y, cuanto m\u00e1s equilibrado sea, menos riesgo de caer en el consumo de drogas\u00bb, ha defendido Calder\u00f3n.<\/p>\n<p>LA CONSTRUCCI\u00d3N DE UNA ACTITUD POSITIVA \u00abCORRESPONDE A TODOS\u00bb<\/p>\n<p>Aunque el mensaje podr\u00eda ir m\u00e1s dirigido a quienes ya son mayores de edad y, por tanto, tienen m\u00e1s capacidad de decisi\u00f3n, el director de la FAD considera que en el caso de los menores tambi\u00e9n debe servir de reflexi\u00f3n para padres, familiares y educadores, ya que \u00abconstruir una actitud positiva en su vida corresponde a todos\u00bb.<\/p>\n<p>Adem\u00e1s, cree que el mensaje tambi\u00e9n es muy propicio de cara al nuevo contexto socio-econ\u00f3mico que vive Espa\u00f1a, en el que resulta necesario \u00abactivarse\u00bb ya que \u00ablas cosas ya no vienen solas\u00bb.<\/p>\n<p>La campa\u00f1a ha sido dise\u00f1ada por la agencia Publicis y consta de varios &#8216;spots&#8217; para televisi\u00f3n, y redes sociales, cu\u00f1as de radio y dos modelos de gr\u00e1fica para publicidad exterior y prensa. Permanecer\u00e1 activa al menos hasta junio y ser\u00e1 difundida de forma gratuita por la mayor\u00eda de medios de comunicaci\u00f3n.<\/p>\n","protected":false},"excerpt":{"rendered":"<p>La Fundaci\u00f3n de Ayuda a la Drogadicci\u00f3n (FAD) ha lanzado este mi\u00e9rcoles una nueva campa\u00f1a de sensibilizaci\u00f3n bajo el lema &#8216;Construye. No esperes&#8217;, en la que anima a j\u00f3venes y adolescentes a mostrar una actitud activa ante la vida que le ayude a tomar decisiones sobre su futuro y les mantenga alejados de las drogas. [&hellip;]<\/p>\n","protected":false},"author":1,"featured_media":659697,"comment_status":"closed","ping_status":"closed","sticky":false,"template":"","format":"standard","meta":{"footnotes":""},"categories":[28],"tags":[],"class_list":["post-853400","post","type-post","status-publish","format-standard","has-post-thumbnail","hentry","category-sociedad"],"aioseo_notices":[],"aioseo_head":"\n\t\t<!-- All in One SEO Pro 4.9.6.2 - aioseo.com -->\n\t<meta name=\"description\" content=\"La Fundaci\u00f3n de Ayuda a la Drogadicci\u00f3n (FAD) ha lanzado este mi\u00e9rcoles una nueva campa\u00f1a de sensibilizaci\u00f3n bajo el lema &#039;Construye. No esperes&#039;, en la que anima a j\u00f3venes y adolescentes a mostrar una actitud activa ante la vida que le ayude a tomar decisiones sobre su futuro y les mantenga alejados de las drogas.\" \/>\n\t<meta name=\"robots\" content=\"max-image-preview:large\" \/>\n\t<meta name=\"author\" content=\"El Digital de Asturias\"\/>\n\t<meta name=\"google-site-verification\" content=\"UA-38556648-1\" \/>\n\t<meta name=\"msvalidate.01\" content=\"7dfe9f3f1b24437ab69f4f2559babe99\" \/>\n\t<meta name=\"keywords\" content=\"sociedad\" \/>\n\t<link rel=\"canonical\" href=\"https:\/\/www.eldigitaldeasturias.com\/noticias\/la-fad-lanza-una-campana-con-el-lema-construye-no-esperes\/\" \/>\n\t<meta name=\"generator\" content=\"All in One SEO Pro (AIOSEO) 4.9.6.2\" \/>\n\t\t<meta property=\"og:locale\" content=\"es_ES\" \/>\n\t\t<meta property=\"og:site_name\" content=\"El Digital de Asturias\" \/>\n\t\t<meta property=\"og:type\" content=\"article\" \/>\n\t\t<meta property=\"og:title\" content=\"La FAD lanza una campa\u00f1a con el lema \u00abConstruye. No esperes\u00bb - El Digital de Asturias\" \/>\n\t\t<meta property=\"og:description\" content=\"La Fundaci\u00f3n de Ayuda a la Drogadicci\u00f3n (FAD) ha lanzado este mi\u00e9rcoles una nueva campa\u00f1a de sensibilizaci\u00f3n bajo el lema &#039;Construye. No esperes&#039;, en la que anima a j\u00f3venes y adolescentes a mostrar una actitud activa ante la vida que le ayude a tomar decisiones sobre su futuro y les mantenga alejados de las drogas.\" \/>\n\t\t<meta property=\"og:url\" content=\"https:\/\/www.eldigitaldeasturias.com\/noticias\/la-fad-lanza-una-campana-con-el-lema-construye-no-esperes\/\" \/>\n\t\t<meta property=\"og:image\" content=\"https:\/\/www.eldigitaldeasturias.com\/noticias\/wp-content\/uploads\/2014\/10\/6837097w.jpg\" \/>\n\t\t<meta property=\"og:image:secure_url\" content=\"https:\/\/www.eldigitaldeasturias.com\/noticias\/wp-content\/uploads\/2014\/10\/6837097w.jpg\" \/>\n\t\t<meta property=\"og:image:width\" content=\"700\" \/>\n\t\t<meta property=\"og:image:height\" content=\"1044\" \/>\n\t\t<meta property=\"article:tag\" content=\"sociedad\" \/>\n\t\t<meta property=\"article:published_time\" content=\"2016-02-03T16:12:13+00:00\" \/>\n\t\t<meta property=\"article:modified_time\" content=\"2016-02-03T16:12:13+00:00\" \/>\n\t\t<meta property=\"article:publisher\" content=\"https:\/\/facebook.com\/eldigitaldeasturias\" \/>\n\t\t<meta name=\"twitter:card\" content=\"summary_large_image\" \/>\n\t\t<meta name=\"twitter:title\" content=\"La FAD lanza una campa\u00f1a con el lema \u00abConstruye. No esperes\u00bb - El Digital de Asturias\" \/>\n\t\t<meta name=\"twitter:description\" content=\"La Fundaci\u00f3n de Ayuda a la Drogadicci\u00f3n (FAD) ha lanzado este mi\u00e9rcoles una nueva campa\u00f1a de sensibilizaci\u00f3n bajo el lema &#039;Construye. No esperes&#039;, en la que anima a j\u00f3venes y adolescentes a mostrar una actitud activa ante la vida que le ayude a tomar decisiones sobre su futuro y les mantenga alejados de las drogas.\" \/>\n\t\t<meta name=\"twitter:image\" content=\"https:\/\/www.eldigitaldeasturias.com\/noticias\/wp-content\/uploads\/2014\/10\/6837097w.jpg\" \/>\n\t\t<meta name=\"twitter:label1\" content=\"Escrito por\" \/>\n\t\t<meta name=\"twitter:data1\" content=\"El Digital de Asturias\" \/>\n\t\t<meta name=\"twitter:label2\" content=\"Tiempo de lectura estimado\" \/>\n\t\t<meta name=\"twitter:data2\" content=\"2 minutos\" \/>\n\t\t<script type=\"application\/ld+json\" class=\"aioseo-schema\">\n\t\t\t{\"@context\":\"https:\\\/\\\/schema.org\",\"@graph\":[{\"@type\":\"BlogPosting\",\"@id\":\"https:\\\/\\\/www.eldigitaldeasturias.com\\\/noticias\\\/la-fad-lanza-una-campana-con-el-lema-construye-no-esperes\\\/#blogposting\",\"name\":\"La FAD lanza una campa\\u00f1a con el lema \\u00abConstruye. No esperes\\u00bb - El Digital de Asturias\",\"headline\":\"La FAD lanza una campa\\u00f1a con el lema \\u00abConstruye. No esperes\\u00bb\",\"author\":{\"@id\":\"https:\\\/\\\/www.eldigitaldeasturias.com\\\/noticias\\\/author\\\/admin\\\/#author\"},\"publisher\":{\"@id\":\"https:\\\/\\\/www.eldigitaldeasturias.com\\\/noticias\\\/#organization\"},\"image\":{\"@type\":\"ImageObject\",\"url\":\"https:\\\/\\\/www.eldigitaldeasturias.com\\\/noticias\\\/wp-content\\\/uploads\\\/2014\\\/10\\\/6837097w.jpg\",\"width\":700,\"height\":1044},\"datePublished\":\"2016-02-03T16:12:13+01:00\",\"dateModified\":\"2016-02-03T16:12:13+01:00\",\"inLanguage\":\"es-ES\",\"mainEntityOfPage\":{\"@id\":\"https:\\\/\\\/www.eldigitaldeasturias.com\\\/noticias\\\/la-fad-lanza-una-campana-con-el-lema-construye-no-esperes\\\/#webpage\"},\"isPartOf\":{\"@id\":\"https:\\\/\\\/www.eldigitaldeasturias.com\\\/noticias\\\/la-fad-lanza-una-campana-con-el-lema-construye-no-esperes\\\/#webpage\"},\"articleSection\":\"Sociedad\"},{\"@type\":\"BreadcrumbList\",\"@id\":\"https:\\\/\\\/www.eldigitaldeasturias.com\\\/noticias\\\/la-fad-lanza-una-campana-con-el-lema-construye-no-esperes\\\/#breadcrumblist\",\"itemListElement\":[{\"@type\":\"ListItem\",\"@id\":\"https:\\\/\\\/www.eldigitaldeasturias.com\\\/noticias#listItem\",\"position\":1,\"name\":\"Home\",\"item\":\"https:\\\/\\\/www.eldigitaldeasturias.com\\\/noticias\",\"nextItem\":{\"@type\":\"ListItem\",\"@id\":\"https:\\\/\\\/www.eldigitaldeasturias.com\\\/noticias\\\/category\\\/sociedad\\\/#listItem\",\"name\":\"Sociedad\"}},{\"@type\":\"ListItem\",\"@id\":\"https:\\\/\\\/www.eldigitaldeasturias.com\\\/noticias\\\/category\\\/sociedad\\\/#listItem\",\"position\":2,\"name\":\"Sociedad\",\"item\":\"https:\\\/\\\/www.eldigitaldeasturias.com\\\/noticias\\\/category\\\/sociedad\\\/\",\"nextItem\":{\"@type\":\"ListItem\",\"@id\":\"https:\\\/\\\/www.eldigitaldeasturias.com\\\/noticias\\\/la-fad-lanza-una-campana-con-el-lema-construye-no-esperes\\\/#listItem\",\"name\":\"La FAD lanza una campa\\u00f1a con el lema \\u00abConstruye. No esperes\\u00bb\"},\"previousItem\":{\"@type\":\"ListItem\",\"@id\":\"https:\\\/\\\/www.eldigitaldeasturias.com\\\/noticias#listItem\",\"name\":\"Home\"}},{\"@type\":\"ListItem\",\"@id\":\"https:\\\/\\\/www.eldigitaldeasturias.com\\\/noticias\\\/la-fad-lanza-una-campana-con-el-lema-construye-no-esperes\\\/#listItem\",\"position\":3,\"name\":\"La FAD lanza una campa\\u00f1a con el lema \\u00abConstruye. No esperes\\u00bb\",\"previousItem\":{\"@type\":\"ListItem\",\"@id\":\"https:\\\/\\\/www.eldigitaldeasturias.com\\\/noticias\\\/category\\\/sociedad\\\/#listItem\",\"name\":\"Sociedad\"}}]},{\"@type\":\"Organization\",\"@id\":\"https:\\\/\\\/www.eldigitaldeasturias.com\\\/noticias\\\/#organization\",\"name\":\"El Digital de Asturias\",\"description\":\"Hemeroteca\",\"url\":\"https:\\\/\\\/www.eldigitaldeasturias.com\\\/noticias\\\/\",\"email\":\"info@eldigitaldeasturias.com\",\"telephone\":\"+34652131393\",\"logo\":{\"@type\":\"ImageObject\",\"url\":\"https:\\\/\\\/www.eldigitaldeasturias.com\\\/noticias\\\/wp-content\\\/uploads\\\/2020\\\/12\\\/EDA.jpg\",\"@id\":\"https:\\\/\\\/www.eldigitaldeasturias.com\\\/noticias\\\/la-fad-lanza-una-campana-con-el-lema-construye-no-esperes\\\/#organizationLogo\",\"width\":649,\"height\":297},\"image\":{\"@id\":\"https:\\\/\\\/www.eldigitaldeasturias.com\\\/noticias\\\/la-fad-lanza-una-campana-con-el-lema-construye-no-esperes\\\/#organizationLogo\"},\"sameAs\":[\"https:\\\/\\\/facebook.com\\\/eldigitaldeasturias\",\"https:\\\/\\\/www.youtube.com\\\/channel\\\/UCZP-2wLEB9Rv6erhFmqVnvg\"],\"address\":{\"@id\":\"https:\\\/\\\/www.eldigitaldeasturias.com\\\/noticias\\\/#postaladdress\",\"@type\":\"PostalAddress\",\"streetAddress\":\"san antonio 4,\",\"postalCode\":\"33430\",\"addressLocality\":\"Cand\\u00e1s\",\"addressRegion\":\"Asturias\",\"addressCountry\":\"ES\"}},{\"@type\":\"Person\",\"@id\":\"https:\\\/\\\/www.eldigitaldeasturias.com\\\/noticias\\\/author\\\/admin\\\/#author\",\"url\":\"https:\\\/\\\/www.eldigitaldeasturias.com\\\/noticias\\\/author\\\/admin\\\/\",\"name\":\"El Digital de Asturias\",\"image\":{\"@type\":\"ImageObject\",\"@id\":\"https:\\\/\\\/www.eldigitaldeasturias.com\\\/noticias\\\/la-fad-lanza-una-campana-con-el-lema-construye-no-esperes\\\/#authorImage\",\"url\":\"https:\\\/\\\/www.eldigitaldeasturias.com\\\/noticias\\\/wp-content\\\/litespeed\\\/avatar\\\/18677e78aa0546b92d9dbf31ec7d7668.jpg?ver=1777290358\",\"width\":96,\"height\":96,\"caption\":\"El Digital de Asturias\"}},{\"@type\":\"WebPage\",\"@id\":\"https:\\\/\\\/www.eldigitaldeasturias.com\\\/noticias\\\/la-fad-lanza-una-campana-con-el-lema-construye-no-esperes\\\/#webpage\",\"url\":\"https:\\\/\\\/www.eldigitaldeasturias.com\\\/noticias\\\/la-fad-lanza-una-campana-con-el-lema-construye-no-esperes\\\/\",\"name\":\"La FAD lanza una campa\\u00f1a con el lema \\u00abConstruye. No esperes\\u00bb - El Digital de Asturias\",\"description\":\"La Fundaci\\u00f3n de Ayuda a la Drogadicci\\u00f3n (FAD) ha lanzado este mi\\u00e9rcoles una nueva campa\\u00f1a de sensibilizaci\\u00f3n bajo el lema 'Construye. No esperes', en la que anima a j\\u00f3venes y adolescentes a mostrar una actitud activa ante la vida que le ayude a tomar decisiones sobre su futuro y les mantenga alejados de las drogas.\",\"inLanguage\":\"es-ES\",\"isPartOf\":{\"@id\":\"https:\\\/\\\/www.eldigitaldeasturias.com\\\/noticias\\\/#website\"},\"breadcrumb\":{\"@id\":\"https:\\\/\\\/www.eldigitaldeasturias.com\\\/noticias\\\/la-fad-lanza-una-campana-con-el-lema-construye-no-esperes\\\/#breadcrumblist\"},\"author\":{\"@id\":\"https:\\\/\\\/www.eldigitaldeasturias.com\\\/noticias\\\/author\\\/admin\\\/#author\"},\"creator\":{\"@id\":\"https:\\\/\\\/www.eldigitaldeasturias.com\\\/noticias\\\/author\\\/admin\\\/#author\"},\"image\":{\"@type\":\"ImageObject\",\"url\":\"https:\\\/\\\/www.eldigitaldeasturias.com\\\/noticias\\\/wp-content\\\/uploads\\\/2014\\\/10\\\/6837097w.jpg\",\"@id\":\"https:\\\/\\\/www.eldigitaldeasturias.com\\\/noticias\\\/la-fad-lanza-una-campana-con-el-lema-construye-no-esperes\\\/#mainImage\",\"width\":700,\"height\":1044},\"primaryImageOfPage\":{\"@id\":\"https:\\\/\\\/www.eldigitaldeasturias.com\\\/noticias\\\/la-fad-lanza-una-campana-con-el-lema-construye-no-esperes\\\/#mainImage\"},\"datePublished\":\"2016-02-03T16:12:13+01:00\",\"dateModified\":\"2016-02-03T16:12:13+01:00\"},{\"@type\":\"WebSite\",\"@id\":\"https:\\\/\\\/www.eldigitaldeasturias.com\\\/noticias\\\/#website\",\"url\":\"https:\\\/\\\/www.eldigitaldeasturias.com\\\/noticias\\\/\",\"name\":\"El Digital de Asturias - Diario de actualidad y noticias\",\"alternateName\":\"El Digital de Asturias - Diario de actualidad y noticias\",\"description\":\"Hemeroteca\",\"inLanguage\":\"es-ES\",\"publisher\":{\"@id\":\"https:\\\/\\\/www.eldigitaldeasturias.com\\\/noticias\\\/#organization\"}}]}\n\t\t<\/script>\n\t\t<!-- All in One SEO Pro -->\r\n\t\t<title>La FAD lanza una campa\u00f1a con el lema \u00abConstruye. No esperes\u00bb - El Digital de Asturias<\/title>\n\n","aioseo_head_json":{"title":"La FAD lanza una campa\u00f1a con el lema \u00abConstruye. No esperes\u00bb - El Digital de Asturias","description":"La Fundaci\u00f3n de Ayuda a la Drogadicci\u00f3n (FAD) ha lanzado este mi\u00e9rcoles una nueva campa\u00f1a de sensibilizaci\u00f3n bajo el lema 'Construye. No esperes', en la que anima a j\u00f3venes y adolescentes a mostrar una actitud activa ante la vida que le ayude a tomar decisiones sobre su futuro y les mantenga alejados de las drogas.","canonical_url":"https:\/\/www.eldigitaldeasturias.com\/noticias\/la-fad-lanza-una-campana-con-el-lema-construye-no-esperes\/","robots":"max-image-preview:large","keywords":"sociedad","webmasterTools":{"google-site-verification":"UA-38556648-1","msvalidate.01":"7dfe9f3f1b24437ab69f4f2559babe99","miscellaneous":""},"schema":{"@context":"https:\/\/schema.org","@graph":[{"@type":"BlogPosting","@id":"https:\/\/www.eldigitaldeasturias.com\/noticias\/la-fad-lanza-una-campana-con-el-lema-construye-no-esperes\/#blogposting","name":"La FAD lanza una campa\u00f1a con el lema \u00abConstruye. No esperes\u00bb - El Digital de Asturias","headline":"La FAD lanza una campa\u00f1a con el lema \u00abConstruye. No esperes\u00bb","author":{"@id":"https:\/\/www.eldigitaldeasturias.com\/noticias\/author\/admin\/#author"},"publisher":{"@id":"https:\/\/www.eldigitaldeasturias.com\/noticias\/#organization"},"image":{"@type":"ImageObject","url":"https:\/\/www.eldigitaldeasturias.com\/noticias\/wp-content\/uploads\/2014\/10\/6837097w.jpg","width":700,"height":1044},"datePublished":"2016-02-03T16:12:13+01:00","dateModified":"2016-02-03T16:12:13+01:00","inLanguage":"es-ES","mainEntityOfPage":{"@id":"https:\/\/www.eldigitaldeasturias.com\/noticias\/la-fad-lanza-una-campana-con-el-lema-construye-no-esperes\/#webpage"},"isPartOf":{"@id":"https:\/\/www.eldigitaldeasturias.com\/noticias\/la-fad-lanza-una-campana-con-el-lema-construye-no-esperes\/#webpage"},"articleSection":"Sociedad"},{"@type":"BreadcrumbList","@id":"https:\/\/www.eldigitaldeasturias.com\/noticias\/la-fad-lanza-una-campana-con-el-lema-construye-no-esperes\/#breadcrumblist","itemListElement":[{"@type":"ListItem","@id":"https:\/\/www.eldigitaldeasturias.com\/noticias#listItem","position":1,"name":"Home","item":"https:\/\/www.eldigitaldeasturias.com\/noticias","nextItem":{"@type":"ListItem","@id":"https:\/\/www.eldigitaldeasturias.com\/noticias\/category\/sociedad\/#listItem","name":"Sociedad"}},{"@type":"ListItem","@id":"https:\/\/www.eldigitaldeasturias.com\/noticias\/category\/sociedad\/#listItem","position":2,"name":"Sociedad","item":"https:\/\/www.eldigitaldeasturias.com\/noticias\/category\/sociedad\/","nextItem":{"@type":"ListItem","@id":"https:\/\/www.eldigitaldeasturias.com\/noticias\/la-fad-lanza-una-campana-con-el-lema-construye-no-esperes\/#listItem","name":"La FAD lanza una campa\u00f1a con el lema \u00abConstruye. No esperes\u00bb"},"previousItem":{"@type":"ListItem","@id":"https:\/\/www.eldigitaldeasturias.com\/noticias#listItem","name":"Home"}},{"@type":"ListItem","@id":"https:\/\/www.eldigitaldeasturias.com\/noticias\/la-fad-lanza-una-campana-con-el-lema-construye-no-esperes\/#listItem","position":3,"name":"La FAD lanza una campa\u00f1a con el lema \u00abConstruye. No esperes\u00bb","previousItem":{"@type":"ListItem","@id":"https:\/\/www.eldigitaldeasturias.com\/noticias\/category\/sociedad\/#listItem","name":"Sociedad"}}]},{"@type":"Organization","@id":"https:\/\/www.eldigitaldeasturias.com\/noticias\/#organization","name":"El Digital de Asturias","description":"Hemeroteca","url":"https:\/\/www.eldigitaldeasturias.com\/noticias\/","email":"info@eldigitaldeasturias.com","telephone":"+34652131393","logo":{"@type":"ImageObject","url":"https:\/\/www.eldigitaldeasturias.com\/noticias\/wp-content\/uploads\/2020\/12\/EDA.jpg","@id":"https:\/\/www.eldigitaldeasturias.com\/noticias\/la-fad-lanza-una-campana-con-el-lema-construye-no-esperes\/#organizationLogo","width":649,"height":297},"image":{"@id":"https:\/\/www.eldigitaldeasturias.com\/noticias\/la-fad-lanza-una-campana-con-el-lema-construye-no-esperes\/#organizationLogo"},"sameAs":["https:\/\/facebook.com\/eldigitaldeasturias","https:\/\/www.youtube.com\/channel\/UCZP-2wLEB9Rv6erhFmqVnvg"],"address":{"@id":"https:\/\/www.eldigitaldeasturias.com\/noticias\/#postaladdress","@type":"PostalAddress","streetAddress":"san antonio 4,","postalCode":"33430","addressLocality":"Cand\u00e1s","addressRegion":"Asturias","addressCountry":"ES"}},{"@type":"Person","@id":"https:\/\/www.eldigitaldeasturias.com\/noticias\/author\/admin\/#author","url":"https:\/\/www.eldigitaldeasturias.com\/noticias\/author\/admin\/","name":"El Digital de Asturias","image":{"@type":"ImageObject","@id":"https:\/\/www.eldigitaldeasturias.com\/noticias\/la-fad-lanza-una-campana-con-el-lema-construye-no-esperes\/#authorImage","url":"https:\/\/www.eldigitaldeasturias.com\/noticias\/wp-content\/litespeed\/avatar\/18677e78aa0546b92d9dbf31ec7d7668.jpg?ver=1777290358","width":96,"height":96,"caption":"El Digital de Asturias"}},{"@type":"WebPage","@id":"https:\/\/www.eldigitaldeasturias.com\/noticias\/la-fad-lanza-una-campana-con-el-lema-construye-no-esperes\/#webpage","url":"https:\/\/www.eldigitaldeasturias.com\/noticias\/la-fad-lanza-una-campana-con-el-lema-construye-no-esperes\/","name":"La FAD lanza una campa\u00f1a con el lema \u00abConstruye. No esperes\u00bb - El Digital de Asturias","description":"La Fundaci\u00f3n de Ayuda a la Drogadicci\u00f3n (FAD) ha lanzado este mi\u00e9rcoles una nueva campa\u00f1a de sensibilizaci\u00f3n bajo el lema 'Construye. No esperes', en la que anima a j\u00f3venes y adolescentes a mostrar una actitud activa ante la vida que le ayude a tomar decisiones sobre su futuro y les mantenga alejados de las drogas.","inLanguage":"es-ES","isPartOf":{"@id":"https:\/\/www.eldigitaldeasturias.com\/noticias\/#website"},"breadcrumb":{"@id":"https:\/\/www.eldigitaldeasturias.com\/noticias\/la-fad-lanza-una-campana-con-el-lema-construye-no-esperes\/#breadcrumblist"},"author":{"@id":"https:\/\/www.eldigitaldeasturias.com\/noticias\/author\/admin\/#author"},"creator":{"@id":"https:\/\/www.eldigitaldeasturias.com\/noticias\/author\/admin\/#author"},"image":{"@type":"ImageObject","url":"https:\/\/www.eldigitaldeasturias.com\/noticias\/wp-content\/uploads\/2014\/10\/6837097w.jpg","@id":"https:\/\/www.eldigitaldeasturias.com\/noticias\/la-fad-lanza-una-campana-con-el-lema-construye-no-esperes\/#mainImage","width":700,"height":1044},"primaryImageOfPage":{"@id":"https:\/\/www.eldigitaldeasturias.com\/noticias\/la-fad-lanza-una-campana-con-el-lema-construye-no-esperes\/#mainImage"},"datePublished":"2016-02-03T16:12:13+01:00","dateModified":"2016-02-03T16:12:13+01:00"},{"@type":"WebSite","@id":"https:\/\/www.eldigitaldeasturias.com\/noticias\/#website","url":"https:\/\/www.eldigitaldeasturias.com\/noticias\/","name":"El Digital de Asturias - Diario de actualidad y noticias","alternateName":"El Digital de Asturias - Diario de actualidad y noticias","description":"Hemeroteca","inLanguage":"es-ES","publisher":{"@id":"https:\/\/www.eldigitaldeasturias.com\/noticias\/#organization"}}]},"og:locale":"es_ES","og:site_name":"El Digital de Asturias","og:type":"article","og:title":"La FAD lanza una campa\u00f1a con el lema \u00abConstruye. No esperes\u00bb - El Digital de Asturias","og:description":"La Fundaci\u00f3n de Ayuda a la Drogadicci\u00f3n (FAD) ha lanzado este mi\u00e9rcoles una nueva campa\u00f1a de sensibilizaci\u00f3n bajo el lema 'Construye. No esperes', en la que anima a j\u00f3venes y adolescentes a mostrar una actitud activa ante la vida que le ayude a tomar decisiones sobre su futuro y les mantenga alejados de las drogas.","og:url":"https:\/\/www.eldigitaldeasturias.com\/noticias\/la-fad-lanza-una-campana-con-el-lema-construye-no-esperes\/","og:image":"https:\/\/www.eldigitaldeasturias.com\/noticias\/wp-content\/uploads\/2014\/10\/6837097w.jpg","og:image:secure_url":"https:\/\/www.eldigitaldeasturias.com\/noticias\/wp-content\/uploads\/2014\/10\/6837097w.jpg","og:image:width":700,"og:image:height":1044,"article:tag":["sociedad"],"article:published_time":"2016-02-03T16:12:13+00:00","article:modified_time":"2016-02-03T16:12:13+00:00","article:publisher":"https:\/\/facebook.com\/eldigitaldeasturias","twitter:card":"summary_large_image","twitter:title":"La FAD lanza una campa\u00f1a con el lema \u00abConstruye. No esperes\u00bb - El Digital de Asturias","twitter:description":"La Fundaci\u00f3n de Ayuda a la Drogadicci\u00f3n (FAD) ha lanzado este mi\u00e9rcoles una nueva campa\u00f1a de sensibilizaci\u00f3n bajo el lema 'Construye. No esperes', en la que anima a j\u00f3venes y adolescentes a mostrar una actitud activa ante la vida que le ayude a tomar decisiones sobre su futuro y les mantenga alejados de las drogas.","twitter:image":"https:\/\/www.eldigitaldeasturias.com\/noticias\/wp-content\/uploads\/2014\/10\/6837097w.jpg","twitter:label1":"Escrito por","twitter:data1":"El Digital de Asturias","twitter:label2":"Tiempo de lectura estimado","twitter:data2":"2 minutos"},"aioseo_meta_data":{"post_id":"853400","title":null,"description":null,"keywords":null,"keyphrases":null,"primary_term":null,"canonical_url":null,"og_title":null,"og_description":null,"og_object_type":"default","og_image_type":"default","og_image_url":null,"og_image_width":null,"og_image_height":null,"og_image_custom_url":null,"og_image_custom_fields":null,"og_video":null,"og_custom_url":null,"og_article_section":null,"og_article_tags":null,"twitter_use_og":false,"twitter_card":"default","twitter_image_type":"default","twitter_image_url":null,"twitter_image_custom_url":null,"twitter_image_custom_fields":null,"twitter_title":null,"twitter_description":null,"schema":{"blockGraphs":[],"customGraphs":[],"default":{"data":{"Article":[],"Course":[],"Dataset":[],"FAQPage":[],"Movie":[],"Person":[],"Product":[],"ProductReview":[],"Car":[],"Recipe":[],"Service":[],"SoftwareApplication":[],"WebPage":[]},"graphName":"","isEnabled":true},"graphs":[],"defaultGraph":"","defaultPostTypeGraph":""},"schema_type":null,"schema_type_options":null,"pillar_content":false,"robots_default":true,"robots_noindex":false,"robots_noarchive":false,"robots_nosnippet":false,"robots_nofollow":false,"robots_noimageindex":false,"robots_noodp":false,"robots_notranslate":false,"robots_max_snippet":null,"robots_max_videopreview":null,"robots_max_imagepreview":"large","priority":null,"frequency":null,"local_seo":null,"seo_analyzer_scan_date":"2025-12-09 17:55:14","breadcrumb_settings":null,"limit_modified_date":false,"open_ai":null,"ai":null,"created":"2021-01-22 11:24:10","updated":"2025-12-09 17:55:14"},"aioseo_breadcrumb":"<div class=\"aioseo-breadcrumbs\"><span class=\"aioseo-breadcrumb\">\n\t<a href=\"https:\/\/www.eldigitaldeasturias.com\/noticias\" title=\"Home\">Home<\/a>\n<\/span><span class=\"aioseo-breadcrumb-separator\">\u2013<\/span><span class=\"aioseo-breadcrumb\">\n\t<a href=\"https:\/\/www.eldigitaldeasturias.com\/noticias\/category\/sociedad\/\" title=\"Sociedad\">Sociedad<\/a>\n<\/span><span class=\"aioseo-breadcrumb-separator\">\u2013<\/span><span class=\"aioseo-breadcrumb\">\n\t<a href=\"https:\/\/www.eldigitaldeasturias.com\/noticias\/la-fad-lanza-una-campana-con-el-lema-construye-no-esperes\/\" title=\"La FAD lanza una campa\u00f1a con el lema \u00abConstruye. No esperes\u00bb\">La FAD lanza una campa\u00f1a con el lema \u00abConstruye. No esperes\u00bb<\/a>\n<\/span><\/div>","aioseo_breadcrumb_json":[{"label":"Home","link":"https:\/\/www.eldigitaldeasturias.com\/noticias"},{"label":"Sociedad","link":"https:\/\/www.eldigitaldeasturias.com\/noticias\/category\/sociedad\/"},{"label":"La FAD lanza una campa\u00f1a con el lema \u00abConstruye. No esperes\u00bb","link":"https:\/\/www.eldigitaldeasturias.com\/noticias\/la-fad-lanza-una-campana-con-el-lema-construye-no-esperes\/"}],"_links":{"self":[{"href":"https:\/\/www.eldigitaldeasturias.com\/noticias\/wp-json\/wp\/v2\/posts\/853400","targetHints":{"allow":["GET"]}}],"collection":[{"href":"https:\/\/www.eldigitaldeasturias.com\/noticias\/wp-json\/wp\/v2\/posts"}],"about":[{"href":"https:\/\/www.eldigitaldeasturias.com\/noticias\/wp-json\/wp\/v2\/types\/post"}],"author":[{"embeddable":true,"href":"https:\/\/www.eldigitaldeasturias.com\/noticias\/wp-json\/wp\/v2\/users\/1"}],"replies":[{"embeddable":true,"href":"https:\/\/www.eldigitaldeasturias.com\/noticias\/wp-json\/wp\/v2\/comments?post=853400"}],"version-history":[{"count":0,"href":"https:\/\/www.eldigitaldeasturias.com\/noticias\/wp-json\/wp\/v2\/posts\/853400\/revisions"}],"wp:featuredmedia":[{"embeddable":true,"href":"https:\/\/www.eldigitaldeasturias.com\/noticias\/wp-json\/wp\/v2\/media\/659697"}],"wp:attachment":[{"href":"https:\/\/www.eldigitaldeasturias.com\/noticias\/wp-json\/wp\/v2\/media?parent=853400"}],"wp:term":[{"taxonomy":"category","embeddable":true,"href":"https:\/\/www.eldigitaldeasturias.com\/noticias\/wp-json\/wp\/v2\/categories?post=853400"},{"taxonomy":"post_tag","embeddable":true,"href":"https:\/\/www.eldigitaldeasturias.com\/noticias\/wp-json\/wp\/v2\/tags?post=853400"}],"curies":[{"name":"wp","href":"https:\/\/api.w.org\/{rel}","templated":true}]}}