{"id":853397,"date":"2016-02-03T16:10:06","date_gmt":"2016-02-03T16:10:06","guid":{"rendered":"http:\/\/www.eldigitaldeasturias.com\/noticias\/?p=853397"},"modified":"2016-02-03T16:10:06","modified_gmt":"2016-02-03T16:10:06","slug":"las-personas-expuestas-al-ozono-tienen-un-mayor-riesgo-de-morir-por-enfermedad-respiratoria-y-cardiovascular","status":"publish","type":"post","link":"https:\/\/www.eldigitaldeasturias.com\/noticias\/las-personas-expuestas-al-ozono-tienen-un-mayor-riesgo-de-morir-por-enfermedad-respiratoria-y-cardiovascular\/","title":{"rendered":"Las personas expuestas al ozono tienen un mayor riesgo de morir por enfermedad respiratoria y cardiovascular"},"content":{"rendered":"<p><img loading=\"lazy\" decoding=\"async\" class=\"alignleft size-medium wp-image-853398\" src=\"https:\/\/www.eldigitaldeasturias.com\/noticias\/wp-content\/uploads\/2016\/02\/fotonoticia_20160203122353_800-360x270.jpg\" alt=\"fotonoticia_20160203122353_800\" width=\"360\" height=\"270\" srcset=\"https:\/\/www.eldigitaldeasturias.com\/noticias\/wp-content\/uploads\/2016\/02\/fotonoticia_20160203122353_800-360x270.jpg 360w, https:\/\/www.eldigitaldeasturias.com\/noticias\/wp-content\/uploads\/2016\/02\/fotonoticia_20160203122353_800-768x576.jpg 768w, https:\/\/www.eldigitaldeasturias.com\/noticias\/wp-content\/uploads\/2016\/02\/fotonoticia_20160203122353_800-650x488.jpg 650w, https:\/\/www.eldigitaldeasturias.com\/noticias\/wp-content\/uploads\/2016\/02\/fotonoticia_20160203122353_800-125x95.jpg 125w, https:\/\/www.eldigitaldeasturias.com\/noticias\/wp-content\/uploads\/2016\/02\/fotonoticia_20160203122353_800-100x75.jpg 100w, https:\/\/www.eldigitaldeasturias.com\/noticias\/wp-content\/uploads\/2016\/02\/fotonoticia_20160203122353_800.jpg 800w\" sizes=\"auto, (max-width: 360px) 100vw, 360px\" \/>Las personas que est\u00e1n expuestas durante largos periodo de tiempo a concentraciones de ozono (O3) tienen un mayor riesgo de morir por enfermedades respiratorias y cardiovasculares, seg\u00fan ha mostrado un estudio en el que ha participado el Centro de Investigaci\u00f3n en Epidemiolog\u00eda Ambiental (CREAL), centro aliado ISGlobal.<\/p>\n<p>Para alcanzar esta conclusi\u00f3n, publicada en el &#8216;American Journal of Respiratory and Critical Care Medicine&#8217; y recogida por la plataforma Sinc, los investigadores analizaron 670.000 registros del Estudio de Prevenci\u00f3n del C\u00e1ncer de la Sociedad Americana del C\u00e1ncer (CPS-II), iniciado en 1982.<\/p>\n<p>Asimismo, equipararon la causa de la muerte de m\u00e1s de 22 a\u00f1os de la Agencia de Protecci\u00f3n Ambiental de Estados Unidos con los datos de calidad del aire de los Centros para el Control de Enfermedades. Durante ese tiempo, murieron m\u00e1s de 237.000 participantes.<\/p>\n<p>De esta forma, comprobaron que por cada 10 partes adicionales por mil millones (ppb) en la exposici\u00f3n a largo plazo al ozono se aumentaba el riesgo de fallecer por enfermedad pulmonar en un 12 por ciento, por enfermedades cardiovasculares en un 3 por ciento y en un 2 por ciento por todas las causas.<\/p>\n<p>Adem\u00e1s, los cient\u00edficos encontraron que el riesgo de muerte era mayor para la diabetes (16%), seguido de arritmias, insuficiencia cardiaca y paro card\u00edaco (15%) y por enfermedad pulmonar obstructiva cr\u00f3nica (EPOC) (14%).<\/p>\n<p>\u00abCerca de 130 millones de personas viven en \u00e1reas que exceden la norma nacional ambiental de calidad del aire. Mientras que la contaminaci\u00f3n por ozono ha disminuido en Estados Unidos, las reducciones no son tan grandes como la disminuci\u00f3n de otros contaminantes. En otras partes del mundo, el ozono es un problema cada vez mayor\u00bb, ha explicado el investigador de la Universidad de California (EEUU) y coautor del estudio, Michael Jerrett.<\/p>\n<p>Asimismo, tras tener en cuenta las part\u00edculas finas de contaminaci\u00f3n (PM2.5), una causa establecida de mortalidad prematura, y el di\u00f3xido de nitr\u00f3geno (NO2) procedente de la contaminaci\u00f3n atmosf\u00e9rica, relacionado con la mortalidad prematura, los investigadores ajustaron diversos factores conductuales y demogr\u00e1ficos, como el tabaquismo, el consumo de alcohol, el peso corporal, la exposici\u00f3n ocupacional, la dieta, la pobreza y la raza, entre otros.<\/p>\n<p>EL HUMO DEL TR\u00c1FICO AUMENTA EL RIESGO DE MUERTE<\/p>\n<p>Una vez realizado este an\u00e1lisis, comprobaron que las PM2.5 de fuente cercana, en gran parte atribuibles al tr\u00e1fico, estaban m\u00e1s fuertemente asociadas con muertes por enfermedad cardiovascular que las PM2.5 regionales, atribuibles a la quema de combustibles f\u00f3siles y la formaci\u00f3n secundaria de las part\u00edculas en la atm\u00f3sfera.<\/p>\n<p>Adem\u00e1s, por cada aumento de 10 ppb en PM2.5 de origen cercano, la tasa de mortalidad se elev\u00f3 un 41 por ciento, en comparaci\u00f3n con el 7 por ciento para las PM2.5 de origen regional.<\/p>\n<p>\u00abLos resultados dan una imagen m\u00e1s clara sobre los efectos da\u00f1inos de la contaminaci\u00f3n del aire\u00bb, ha comentado la autora principal del estudio e investigadora en el Centro McLaughlin para la Evaluaci\u00f3n de Riesgos en Salud Poblacional, en Ottawa (Canad\u00e1) y el Centro de Investigaci\u00f3n en Epidemiolog\u00eda Ambiental, centro aliado ISGlobal, en Barcelona, Michelle C. Turner.<\/p>\n<p>Finalmente, la investigadora ha advertido de que la carga de la mortalidad cardiovascular y respiratoria del ozono puede ser mucho mayor de lo que previamente se hab\u00eda reconocido.<\/p>\n","protected":false},"excerpt":{"rendered":"<p>Las personas que est\u00e1n expuestas durante largos periodo de tiempo a concentraciones de ozono (O3) tienen un mayor riesgo de morir por enfermedades respiratorias y cardiovasculares, seg\u00fan ha mostrado un estudio en el que ha participado el Centro de Investigaci\u00f3n en Epidemiolog\u00eda Ambiental (CREAL), centro aliado ISGlobal. Para alcanzar esta conclusi\u00f3n, publicada en el &#8216;American [&hellip;]<\/p>\n","protected":false},"author":1,"featured_media":853398,"comment_status":"closed","ping_status":"closed","sticky":false,"template":"","format":"standard","meta":{"footnotes":""},"categories":[28],"tags":[],"class_list":["post-853397","post","type-post","status-publish","format-standard","has-post-thumbnail","hentry","category-sociedad"],"aioseo_notices":[],"aioseo_head":"\n\t\t<!-- All in One SEO Pro 4.9.6.2 - aioseo.com -->\n\t<meta name=\"description\" content=\"Las personas que est\u00e1n expuestas durante largos periodo de tiempo a concentraciones de ozono (O3) tienen un mayor riesgo de morir por enfermedades respiratorias y cardiovasculares, seg\u00fan ha mostrado un estudio en el que ha participado el Centro de Investigaci\u00f3n en Epidemiolog\u00eda Ambiental (CREAL), centro aliado ISGlobal. Para alcanzar esta conclusi\u00f3n, publicada en el &#039;American\" \/>\n\t<meta name=\"robots\" content=\"max-image-preview:large\" \/>\n\t<meta name=\"author\" content=\"El Digital de Asturias\"\/>\n\t<meta name=\"google-site-verification\" content=\"UA-38556648-1\" \/>\n\t<meta name=\"msvalidate.01\" content=\"7dfe9f3f1b24437ab69f4f2559babe99\" \/>\n\t<meta name=\"keywords\" content=\"sociedad\" \/>\n\t<link rel=\"canonical\" href=\"https:\/\/www.eldigitaldeasturias.com\/noticias\/las-personas-expuestas-al-ozono-tienen-un-mayor-riesgo-de-morir-por-enfermedad-respiratoria-y-cardiovascular\/\" \/>\n\t<meta name=\"generator\" content=\"All in One SEO Pro (AIOSEO) 4.9.6.2\" \/>\n\t\t<meta property=\"og:locale\" content=\"es_ES\" \/>\n\t\t<meta property=\"og:site_name\" content=\"El Digital de Asturias\" \/>\n\t\t<meta property=\"og:type\" content=\"article\" \/>\n\t\t<meta property=\"og:title\" content=\"Las personas expuestas al ozono tienen un mayor riesgo de morir por enfermedad respiratoria y cardiovascular - El Digital de Asturias\" \/>\n\t\t<meta property=\"og:description\" content=\"Las personas que est\u00e1n expuestas durante largos periodo de tiempo a concentraciones de ozono (O3) tienen un mayor riesgo de morir por enfermedades respiratorias y cardiovasculares, seg\u00fan ha mostrado un estudio en el que ha participado el Centro de Investigaci\u00f3n en Epidemiolog\u00eda Ambiental (CREAL), centro aliado ISGlobal. Para alcanzar esta conclusi\u00f3n, publicada en el &#039;American\" \/>\n\t\t<meta property=\"og:url\" content=\"https:\/\/www.eldigitaldeasturias.com\/noticias\/las-personas-expuestas-al-ozono-tienen-un-mayor-riesgo-de-morir-por-enfermedad-respiratoria-y-cardiovascular\/\" \/>\n\t\t<meta property=\"og:image\" content=\"https:\/\/www.eldigitaldeasturias.com\/noticias\/wp-content\/uploads\/2016\/02\/fotonoticia_20160203122353_800.jpg\" \/>\n\t\t<meta property=\"og:image:secure_url\" content=\"https:\/\/www.eldigitaldeasturias.com\/noticias\/wp-content\/uploads\/2016\/02\/fotonoticia_20160203122353_800.jpg\" \/>\n\t\t<meta property=\"og:image:width\" content=\"800\" \/>\n\t\t<meta property=\"og:image:height\" content=\"600\" \/>\n\t\t<meta property=\"article:tag\" content=\"sociedad\" \/>\n\t\t<meta property=\"article:published_time\" content=\"2016-02-03T16:10:06+00:00\" \/>\n\t\t<meta property=\"article:modified_time\" content=\"2016-02-03T16:10:06+00:00\" \/>\n\t\t<meta property=\"article:publisher\" content=\"https:\/\/facebook.com\/eldigitaldeasturias\" \/>\n\t\t<meta name=\"twitter:card\" content=\"summary_large_image\" \/>\n\t\t<meta name=\"twitter:title\" content=\"Las personas expuestas al ozono tienen un mayor riesgo de morir por enfermedad respiratoria y cardiovascular - El Digital de Asturias\" \/>\n\t\t<meta name=\"twitter:description\" content=\"Las personas que est\u00e1n expuestas durante largos periodo de tiempo a concentraciones de ozono (O3) tienen un mayor riesgo de morir por enfermedades respiratorias y cardiovasculares, seg\u00fan ha mostrado un estudio en el que ha participado el Centro de Investigaci\u00f3n en Epidemiolog\u00eda Ambiental (CREAL), centro aliado ISGlobal. Para alcanzar esta conclusi\u00f3n, publicada en el &#039;American\" \/>\n\t\t<meta name=\"twitter:image\" content=\"https:\/\/www.eldigitaldeasturias.com\/noticias\/wp-content\/uploads\/2016\/02\/fotonoticia_20160203122353_800.jpg\" \/>\n\t\t<meta name=\"twitter:label1\" content=\"Escrito por\" \/>\n\t\t<meta name=\"twitter:data1\" content=\"El Digital de Asturias\" \/>\n\t\t<meta name=\"twitter:label2\" content=\"Tiempo de lectura estimado\" \/>\n\t\t<meta name=\"twitter:data2\" content=\"3 minutos\" \/>\n\t\t<script type=\"application\/ld+json\" class=\"aioseo-schema\">\n\t\t\t{\"@context\":\"https:\\\/\\\/schema.org\",\"@graph\":[{\"@type\":\"BlogPosting\",\"@id\":\"https:\\\/\\\/www.eldigitaldeasturias.com\\\/noticias\\\/las-personas-expuestas-al-ozono-tienen-un-mayor-riesgo-de-morir-por-enfermedad-respiratoria-y-cardiovascular\\\/#blogposting\",\"name\":\"Las personas expuestas al ozono tienen un mayor riesgo de morir por enfermedad respiratoria y cardiovascular - El Digital de Asturias\",\"headline\":\"Las personas expuestas al ozono tienen un mayor riesgo de morir por enfermedad respiratoria y cardiovascular\",\"author\":{\"@id\":\"https:\\\/\\\/www.eldigitaldeasturias.com\\\/noticias\\\/author\\\/admin\\\/#author\"},\"publisher\":{\"@id\":\"https:\\\/\\\/www.eldigitaldeasturias.com\\\/noticias\\\/#organization\"},\"image\":{\"@type\":\"ImageObject\",\"url\":\"https:\\\/\\\/www.eldigitaldeasturias.com\\\/noticias\\\/wp-content\\\/uploads\\\/2016\\\/02\\\/fotonoticia_20160203122353_800.jpg\",\"width\":800,\"height\":600},\"datePublished\":\"2016-02-03T16:10:06+01:00\",\"dateModified\":\"2016-02-03T16:10:06+01:00\",\"inLanguage\":\"es-ES\",\"mainEntityOfPage\":{\"@id\":\"https:\\\/\\\/www.eldigitaldeasturias.com\\\/noticias\\\/las-personas-expuestas-al-ozono-tienen-un-mayor-riesgo-de-morir-por-enfermedad-respiratoria-y-cardiovascular\\\/#webpage\"},\"isPartOf\":{\"@id\":\"https:\\\/\\\/www.eldigitaldeasturias.com\\\/noticias\\\/las-personas-expuestas-al-ozono-tienen-un-mayor-riesgo-de-morir-por-enfermedad-respiratoria-y-cardiovascular\\\/#webpage\"},\"articleSection\":\"Sociedad\"},{\"@type\":\"BreadcrumbList\",\"@id\":\"https:\\\/\\\/www.eldigitaldeasturias.com\\\/noticias\\\/las-personas-expuestas-al-ozono-tienen-un-mayor-riesgo-de-morir-por-enfermedad-respiratoria-y-cardiovascular\\\/#breadcrumblist\",\"itemListElement\":[{\"@type\":\"ListItem\",\"@id\":\"https:\\\/\\\/www.eldigitaldeasturias.com\\\/noticias#listItem\",\"position\":1,\"name\":\"Home\",\"item\":\"https:\\\/\\\/www.eldigitaldeasturias.com\\\/noticias\",\"nextItem\":{\"@type\":\"ListItem\",\"@id\":\"https:\\\/\\\/www.eldigitaldeasturias.com\\\/noticias\\\/category\\\/sociedad\\\/#listItem\",\"name\":\"Sociedad\"}},{\"@type\":\"ListItem\",\"@id\":\"https:\\\/\\\/www.eldigitaldeasturias.com\\\/noticias\\\/category\\\/sociedad\\\/#listItem\",\"position\":2,\"name\":\"Sociedad\",\"item\":\"https:\\\/\\\/www.eldigitaldeasturias.com\\\/noticias\\\/category\\\/sociedad\\\/\",\"nextItem\":{\"@type\":\"ListItem\",\"@id\":\"https:\\\/\\\/www.eldigitaldeasturias.com\\\/noticias\\\/las-personas-expuestas-al-ozono-tienen-un-mayor-riesgo-de-morir-por-enfermedad-respiratoria-y-cardiovascular\\\/#listItem\",\"name\":\"Las personas expuestas al ozono tienen un mayor riesgo de morir por enfermedad respiratoria y cardiovascular\"},\"previousItem\":{\"@type\":\"ListItem\",\"@id\":\"https:\\\/\\\/www.eldigitaldeasturias.com\\\/noticias#listItem\",\"name\":\"Home\"}},{\"@type\":\"ListItem\",\"@id\":\"https:\\\/\\\/www.eldigitaldeasturias.com\\\/noticias\\\/las-personas-expuestas-al-ozono-tienen-un-mayor-riesgo-de-morir-por-enfermedad-respiratoria-y-cardiovascular\\\/#listItem\",\"position\":3,\"name\":\"Las personas expuestas al ozono tienen un mayor riesgo de morir por enfermedad respiratoria y cardiovascular\",\"previousItem\":{\"@type\":\"ListItem\",\"@id\":\"https:\\\/\\\/www.eldigitaldeasturias.com\\\/noticias\\\/category\\\/sociedad\\\/#listItem\",\"name\":\"Sociedad\"}}]},{\"@type\":\"Organization\",\"@id\":\"https:\\\/\\\/www.eldigitaldeasturias.com\\\/noticias\\\/#organization\",\"name\":\"El Digital de Asturias\",\"description\":\"Hemeroteca\",\"url\":\"https:\\\/\\\/www.eldigitaldeasturias.com\\\/noticias\\\/\",\"email\":\"info@eldigitaldeasturias.com\",\"telephone\":\"+34652131393\",\"logo\":{\"@type\":\"ImageObject\",\"url\":\"https:\\\/\\\/www.eldigitaldeasturias.com\\\/noticias\\\/wp-content\\\/uploads\\\/2020\\\/12\\\/EDA.jpg\",\"@id\":\"https:\\\/\\\/www.eldigitaldeasturias.com\\\/noticias\\\/las-personas-expuestas-al-ozono-tienen-un-mayor-riesgo-de-morir-por-enfermedad-respiratoria-y-cardiovascular\\\/#organizationLogo\",\"width\":649,\"height\":297},\"image\":{\"@id\":\"https:\\\/\\\/www.eldigitaldeasturias.com\\\/noticias\\\/las-personas-expuestas-al-ozono-tienen-un-mayor-riesgo-de-morir-por-enfermedad-respiratoria-y-cardiovascular\\\/#organizationLogo\"},\"sameAs\":[\"https:\\\/\\\/facebook.com\\\/eldigitaldeasturias\",\"https:\\\/\\\/www.youtube.com\\\/channel\\\/UCZP-2wLEB9Rv6erhFmqVnvg\"],\"address\":{\"@id\":\"https:\\\/\\\/www.eldigitaldeasturias.com\\\/noticias\\\/#postaladdress\",\"@type\":\"PostalAddress\",\"streetAddress\":\"san antonio 4,\",\"postalCode\":\"33430\",\"addressLocality\":\"Cand\\u00e1s\",\"addressRegion\":\"Asturias\",\"addressCountry\":\"ES\"}},{\"@type\":\"Person\",\"@id\":\"https:\\\/\\\/www.eldigitaldeasturias.com\\\/noticias\\\/author\\\/admin\\\/#author\",\"url\":\"https:\\\/\\\/www.eldigitaldeasturias.com\\\/noticias\\\/author\\\/admin\\\/\",\"name\":\"El Digital de Asturias\",\"image\":{\"@type\":\"ImageObject\",\"@id\":\"https:\\\/\\\/www.eldigitaldeasturias.com\\\/noticias\\\/las-personas-expuestas-al-ozono-tienen-un-mayor-riesgo-de-morir-por-enfermedad-respiratoria-y-cardiovascular\\\/#authorImage\",\"url\":\"https:\\\/\\\/www.eldigitaldeasturias.com\\\/noticias\\\/wp-content\\\/litespeed\\\/avatar\\\/18677e78aa0546b92d9dbf31ec7d7668.jpg?ver=1777290358\",\"width\":96,\"height\":96,\"caption\":\"El Digital de Asturias\"}},{\"@type\":\"WebPage\",\"@id\":\"https:\\\/\\\/www.eldigitaldeasturias.com\\\/noticias\\\/las-personas-expuestas-al-ozono-tienen-un-mayor-riesgo-de-morir-por-enfermedad-respiratoria-y-cardiovascular\\\/#webpage\",\"url\":\"https:\\\/\\\/www.eldigitaldeasturias.com\\\/noticias\\\/las-personas-expuestas-al-ozono-tienen-un-mayor-riesgo-de-morir-por-enfermedad-respiratoria-y-cardiovascular\\\/\",\"name\":\"Las personas expuestas al ozono tienen un mayor riesgo de morir por enfermedad respiratoria y cardiovascular - El Digital de Asturias\",\"description\":\"Las personas que est\\u00e1n expuestas durante largos periodo de tiempo a concentraciones de ozono (O3) tienen un mayor riesgo de morir por enfermedades respiratorias y cardiovasculares, seg\\u00fan ha mostrado un estudio en el que ha participado el Centro de Investigaci\\u00f3n en Epidemiolog\\u00eda Ambiental (CREAL), centro aliado ISGlobal. Para alcanzar esta conclusi\\u00f3n, publicada en el 'American\",\"inLanguage\":\"es-ES\",\"isPartOf\":{\"@id\":\"https:\\\/\\\/www.eldigitaldeasturias.com\\\/noticias\\\/#website\"},\"breadcrumb\":{\"@id\":\"https:\\\/\\\/www.eldigitaldeasturias.com\\\/noticias\\\/las-personas-expuestas-al-ozono-tienen-un-mayor-riesgo-de-morir-por-enfermedad-respiratoria-y-cardiovascular\\\/#breadcrumblist\"},\"author\":{\"@id\":\"https:\\\/\\\/www.eldigitaldeasturias.com\\\/noticias\\\/author\\\/admin\\\/#author\"},\"creator\":{\"@id\":\"https:\\\/\\\/www.eldigitaldeasturias.com\\\/noticias\\\/author\\\/admin\\\/#author\"},\"image\":{\"@type\":\"ImageObject\",\"url\":\"https:\\\/\\\/www.eldigitaldeasturias.com\\\/noticias\\\/wp-content\\\/uploads\\\/2016\\\/02\\\/fotonoticia_20160203122353_800.jpg\",\"@id\":\"https:\\\/\\\/www.eldigitaldeasturias.com\\\/noticias\\\/las-personas-expuestas-al-ozono-tienen-un-mayor-riesgo-de-morir-por-enfermedad-respiratoria-y-cardiovascular\\\/#mainImage\",\"width\":800,\"height\":600},\"primaryImageOfPage\":{\"@id\":\"https:\\\/\\\/www.eldigitaldeasturias.com\\\/noticias\\\/las-personas-expuestas-al-ozono-tienen-un-mayor-riesgo-de-morir-por-enfermedad-respiratoria-y-cardiovascular\\\/#mainImage\"},\"datePublished\":\"2016-02-03T16:10:06+01:00\",\"dateModified\":\"2016-02-03T16:10:06+01:00\"},{\"@type\":\"WebSite\",\"@id\":\"https:\\\/\\\/www.eldigitaldeasturias.com\\\/noticias\\\/#website\",\"url\":\"https:\\\/\\\/www.eldigitaldeasturias.com\\\/noticias\\\/\",\"name\":\"El Digital de Asturias - Diario de actualidad y noticias\",\"alternateName\":\"El Digital de Asturias - Diario de actualidad y noticias\",\"description\":\"Hemeroteca\",\"inLanguage\":\"es-ES\",\"publisher\":{\"@id\":\"https:\\\/\\\/www.eldigitaldeasturias.com\\\/noticias\\\/#organization\"}}]}\n\t\t<\/script>\n\t\t<!-- All in One SEO Pro -->\r\n\t\t<title>Las personas expuestas al ozono tienen un mayor riesgo de morir por enfermedad respiratoria y cardiovascular - El Digital de Asturias<\/title>\n\n","aioseo_head_json":{"title":"Las personas expuestas al ozono tienen un mayor riesgo de morir por enfermedad respiratoria y cardiovascular - El Digital de Asturias","description":"Las personas que est\u00e1n expuestas durante largos periodo de tiempo a concentraciones de ozono (O3) tienen un mayor riesgo de morir por enfermedades respiratorias y cardiovasculares, seg\u00fan ha mostrado un estudio en el que ha participado el Centro de Investigaci\u00f3n en Epidemiolog\u00eda Ambiental (CREAL), centro aliado ISGlobal. Para alcanzar esta conclusi\u00f3n, publicada en el 'American","canonical_url":"https:\/\/www.eldigitaldeasturias.com\/noticias\/las-personas-expuestas-al-ozono-tienen-un-mayor-riesgo-de-morir-por-enfermedad-respiratoria-y-cardiovascular\/","robots":"max-image-preview:large","keywords":"sociedad","webmasterTools":{"google-site-verification":"UA-38556648-1","msvalidate.01":"7dfe9f3f1b24437ab69f4f2559babe99","miscellaneous":""},"schema":{"@context":"https:\/\/schema.org","@graph":[{"@type":"BlogPosting","@id":"https:\/\/www.eldigitaldeasturias.com\/noticias\/las-personas-expuestas-al-ozono-tienen-un-mayor-riesgo-de-morir-por-enfermedad-respiratoria-y-cardiovascular\/#blogposting","name":"Las personas expuestas al ozono tienen un mayor riesgo de morir por enfermedad respiratoria y cardiovascular - El Digital de Asturias","headline":"Las personas expuestas al ozono tienen un mayor riesgo de morir por enfermedad respiratoria y cardiovascular","author":{"@id":"https:\/\/www.eldigitaldeasturias.com\/noticias\/author\/admin\/#author"},"publisher":{"@id":"https:\/\/www.eldigitaldeasturias.com\/noticias\/#organization"},"image":{"@type":"ImageObject","url":"https:\/\/www.eldigitaldeasturias.com\/noticias\/wp-content\/uploads\/2016\/02\/fotonoticia_20160203122353_800.jpg","width":800,"height":600},"datePublished":"2016-02-03T16:10:06+01:00","dateModified":"2016-02-03T16:10:06+01:00","inLanguage":"es-ES","mainEntityOfPage":{"@id":"https:\/\/www.eldigitaldeasturias.com\/noticias\/las-personas-expuestas-al-ozono-tienen-un-mayor-riesgo-de-morir-por-enfermedad-respiratoria-y-cardiovascular\/#webpage"},"isPartOf":{"@id":"https:\/\/www.eldigitaldeasturias.com\/noticias\/las-personas-expuestas-al-ozono-tienen-un-mayor-riesgo-de-morir-por-enfermedad-respiratoria-y-cardiovascular\/#webpage"},"articleSection":"Sociedad"},{"@type":"BreadcrumbList","@id":"https:\/\/www.eldigitaldeasturias.com\/noticias\/las-personas-expuestas-al-ozono-tienen-un-mayor-riesgo-de-morir-por-enfermedad-respiratoria-y-cardiovascular\/#breadcrumblist","itemListElement":[{"@type":"ListItem","@id":"https:\/\/www.eldigitaldeasturias.com\/noticias#listItem","position":1,"name":"Home","item":"https:\/\/www.eldigitaldeasturias.com\/noticias","nextItem":{"@type":"ListItem","@id":"https:\/\/www.eldigitaldeasturias.com\/noticias\/category\/sociedad\/#listItem","name":"Sociedad"}},{"@type":"ListItem","@id":"https:\/\/www.eldigitaldeasturias.com\/noticias\/category\/sociedad\/#listItem","position":2,"name":"Sociedad","item":"https:\/\/www.eldigitaldeasturias.com\/noticias\/category\/sociedad\/","nextItem":{"@type":"ListItem","@id":"https:\/\/www.eldigitaldeasturias.com\/noticias\/las-personas-expuestas-al-ozono-tienen-un-mayor-riesgo-de-morir-por-enfermedad-respiratoria-y-cardiovascular\/#listItem","name":"Las personas expuestas al ozono tienen un mayor riesgo de morir por enfermedad respiratoria y cardiovascular"},"previousItem":{"@type":"ListItem","@id":"https:\/\/www.eldigitaldeasturias.com\/noticias#listItem","name":"Home"}},{"@type":"ListItem","@id":"https:\/\/www.eldigitaldeasturias.com\/noticias\/las-personas-expuestas-al-ozono-tienen-un-mayor-riesgo-de-morir-por-enfermedad-respiratoria-y-cardiovascular\/#listItem","position":3,"name":"Las personas expuestas al ozono tienen un mayor riesgo de morir por enfermedad respiratoria y cardiovascular","previousItem":{"@type":"ListItem","@id":"https:\/\/www.eldigitaldeasturias.com\/noticias\/category\/sociedad\/#listItem","name":"Sociedad"}}]},{"@type":"Organization","@id":"https:\/\/www.eldigitaldeasturias.com\/noticias\/#organization","name":"El Digital de Asturias","description":"Hemeroteca","url":"https:\/\/www.eldigitaldeasturias.com\/noticias\/","email":"info@eldigitaldeasturias.com","telephone":"+34652131393","logo":{"@type":"ImageObject","url":"https:\/\/www.eldigitaldeasturias.com\/noticias\/wp-content\/uploads\/2020\/12\/EDA.jpg","@id":"https:\/\/www.eldigitaldeasturias.com\/noticias\/las-personas-expuestas-al-ozono-tienen-un-mayor-riesgo-de-morir-por-enfermedad-respiratoria-y-cardiovascular\/#organizationLogo","width":649,"height":297},"image":{"@id":"https:\/\/www.eldigitaldeasturias.com\/noticias\/las-personas-expuestas-al-ozono-tienen-un-mayor-riesgo-de-morir-por-enfermedad-respiratoria-y-cardiovascular\/#organizationLogo"},"sameAs":["https:\/\/facebook.com\/eldigitaldeasturias","https:\/\/www.youtube.com\/channel\/UCZP-2wLEB9Rv6erhFmqVnvg"],"address":{"@id":"https:\/\/www.eldigitaldeasturias.com\/noticias\/#postaladdress","@type":"PostalAddress","streetAddress":"san antonio 4,","postalCode":"33430","addressLocality":"Cand\u00e1s","addressRegion":"Asturias","addressCountry":"ES"}},{"@type":"Person","@id":"https:\/\/www.eldigitaldeasturias.com\/noticias\/author\/admin\/#author","url":"https:\/\/www.eldigitaldeasturias.com\/noticias\/author\/admin\/","name":"El Digital de Asturias","image":{"@type":"ImageObject","@id":"https:\/\/www.eldigitaldeasturias.com\/noticias\/las-personas-expuestas-al-ozono-tienen-un-mayor-riesgo-de-morir-por-enfermedad-respiratoria-y-cardiovascular\/#authorImage","url":"https:\/\/www.eldigitaldeasturias.com\/noticias\/wp-content\/litespeed\/avatar\/18677e78aa0546b92d9dbf31ec7d7668.jpg?ver=1777290358","width":96,"height":96,"caption":"El Digital de Asturias"}},{"@type":"WebPage","@id":"https:\/\/www.eldigitaldeasturias.com\/noticias\/las-personas-expuestas-al-ozono-tienen-un-mayor-riesgo-de-morir-por-enfermedad-respiratoria-y-cardiovascular\/#webpage","url":"https:\/\/www.eldigitaldeasturias.com\/noticias\/las-personas-expuestas-al-ozono-tienen-un-mayor-riesgo-de-morir-por-enfermedad-respiratoria-y-cardiovascular\/","name":"Las personas expuestas al ozono tienen un mayor riesgo de morir por enfermedad respiratoria y cardiovascular - El Digital de Asturias","description":"Las personas que est\u00e1n expuestas durante largos periodo de tiempo a concentraciones de ozono (O3) tienen un mayor riesgo de morir por enfermedades respiratorias y cardiovasculares, seg\u00fan ha mostrado un estudio en el que ha participado el Centro de Investigaci\u00f3n en Epidemiolog\u00eda Ambiental (CREAL), centro aliado ISGlobal. Para alcanzar esta conclusi\u00f3n, publicada en el 'American","inLanguage":"es-ES","isPartOf":{"@id":"https:\/\/www.eldigitaldeasturias.com\/noticias\/#website"},"breadcrumb":{"@id":"https:\/\/www.eldigitaldeasturias.com\/noticias\/las-personas-expuestas-al-ozono-tienen-un-mayor-riesgo-de-morir-por-enfermedad-respiratoria-y-cardiovascular\/#breadcrumblist"},"author":{"@id":"https:\/\/www.eldigitaldeasturias.com\/noticias\/author\/admin\/#author"},"creator":{"@id":"https:\/\/www.eldigitaldeasturias.com\/noticias\/author\/admin\/#author"},"image":{"@type":"ImageObject","url":"https:\/\/www.eldigitaldeasturias.com\/noticias\/wp-content\/uploads\/2016\/02\/fotonoticia_20160203122353_800.jpg","@id":"https:\/\/www.eldigitaldeasturias.com\/noticias\/las-personas-expuestas-al-ozono-tienen-un-mayor-riesgo-de-morir-por-enfermedad-respiratoria-y-cardiovascular\/#mainImage","width":800,"height":600},"primaryImageOfPage":{"@id":"https:\/\/www.eldigitaldeasturias.com\/noticias\/las-personas-expuestas-al-ozono-tienen-un-mayor-riesgo-de-morir-por-enfermedad-respiratoria-y-cardiovascular\/#mainImage"},"datePublished":"2016-02-03T16:10:06+01:00","dateModified":"2016-02-03T16:10:06+01:00"},{"@type":"WebSite","@id":"https:\/\/www.eldigitaldeasturias.com\/noticias\/#website","url":"https:\/\/www.eldigitaldeasturias.com\/noticias\/","name":"El Digital de Asturias - Diario de actualidad y noticias","alternateName":"El Digital de Asturias - Diario de actualidad y noticias","description":"Hemeroteca","inLanguage":"es-ES","publisher":{"@id":"https:\/\/www.eldigitaldeasturias.com\/noticias\/#organization"}}]},"og:locale":"es_ES","og:site_name":"El Digital de Asturias","og:type":"article","og:title":"Las personas expuestas al ozono tienen un mayor riesgo de morir por enfermedad respiratoria y cardiovascular - El Digital de Asturias","og:description":"Las personas que est\u00e1n expuestas durante largos periodo de tiempo a concentraciones de ozono (O3) tienen un mayor riesgo de morir por enfermedades respiratorias y cardiovasculares, seg\u00fan ha mostrado un estudio en el que ha participado el Centro de Investigaci\u00f3n en Epidemiolog\u00eda Ambiental (CREAL), centro aliado ISGlobal. Para alcanzar esta conclusi\u00f3n, publicada en el 'American","og:url":"https:\/\/www.eldigitaldeasturias.com\/noticias\/las-personas-expuestas-al-ozono-tienen-un-mayor-riesgo-de-morir-por-enfermedad-respiratoria-y-cardiovascular\/","og:image":"https:\/\/www.eldigitaldeasturias.com\/noticias\/wp-content\/uploads\/2016\/02\/fotonoticia_20160203122353_800.jpg","og:image:secure_url":"https:\/\/www.eldigitaldeasturias.com\/noticias\/wp-content\/uploads\/2016\/02\/fotonoticia_20160203122353_800.jpg","og:image:width":800,"og:image:height":600,"article:tag":["sociedad"],"article:published_time":"2016-02-03T16:10:06+00:00","article:modified_time":"2016-02-03T16:10:06+00:00","article:publisher":"https:\/\/facebook.com\/eldigitaldeasturias","twitter:card":"summary_large_image","twitter:title":"Las personas expuestas al ozono tienen un mayor riesgo de morir por enfermedad respiratoria y cardiovascular - El Digital de Asturias","twitter:description":"Las personas que est\u00e1n expuestas durante largos periodo de tiempo a concentraciones de ozono (O3) tienen un mayor riesgo de morir por enfermedades respiratorias y cardiovasculares, seg\u00fan ha mostrado un estudio en el que ha participado el Centro de Investigaci\u00f3n en Epidemiolog\u00eda Ambiental (CREAL), centro aliado ISGlobal. Para alcanzar esta conclusi\u00f3n, publicada en el 'American","twitter:image":"https:\/\/www.eldigitaldeasturias.com\/noticias\/wp-content\/uploads\/2016\/02\/fotonoticia_20160203122353_800.jpg","twitter:label1":"Escrito por","twitter:data1":"El Digital de Asturias","twitter:label2":"Tiempo de lectura estimado","twitter:data2":"3 minutos"},"aioseo_meta_data":{"post_id":"853397","title":null,"description":null,"keywords":null,"keyphrases":null,"primary_term":null,"canonical_url":null,"og_title":null,"og_description":null,"og_object_type":"default","og_image_type":"default","og_image_url":null,"og_image_width":null,"og_image_height":null,"og_image_custom_url":null,"og_image_custom_fields":null,"og_video":null,"og_custom_url":null,"og_article_section":null,"og_article_tags":null,"twitter_use_og":false,"twitter_card":"default","twitter_image_type":"default","twitter_image_url":null,"twitter_image_custom_url":null,"twitter_image_custom_fields":null,"twitter_title":null,"twitter_description":null,"schema":{"blockGraphs":[],"customGraphs":[],"default":{"data":{"Article":[],"Course":[],"Dataset":[],"FAQPage":[],"Movie":[],"Person":[],"Product":[],"ProductReview":[],"Car":[],"Recipe":[],"Service":[],"SoftwareApplication":[],"WebPage":[]},"graphName":"","isEnabled":true},"graphs":[],"defaultGraph":"","defaultPostTypeGraph":""},"schema_type":null,"schema_type_options":null,"pillar_content":false,"robots_default":true,"robots_noindex":false,"robots_noarchive":false,"robots_nosnippet":false,"robots_nofollow":false,"robots_noimageindex":false,"robots_noodp":false,"robots_notranslate":false,"robots_max_snippet":null,"robots_max_videopreview":null,"robots_max_imagepreview":"large","priority":null,"frequency":null,"local_seo":null,"seo_analyzer_scan_date":"2025-12-09 17:53:12","breadcrumb_settings":null,"limit_modified_date":false,"open_ai":null,"ai":null,"created":"2021-01-22 11:24:10","updated":"2025-12-09 17:53:12"},"aioseo_breadcrumb":"<div class=\"aioseo-breadcrumbs\"><span class=\"aioseo-breadcrumb\">\n\t<a href=\"https:\/\/www.eldigitaldeasturias.com\/noticias\" title=\"Home\">Home<\/a>\n<\/span><span class=\"aioseo-breadcrumb-separator\">\u2013<\/span><span class=\"aioseo-breadcrumb\">\n\t<a href=\"https:\/\/www.eldigitaldeasturias.com\/noticias\/category\/sociedad\/\" title=\"Sociedad\">Sociedad<\/a>\n<\/span><span class=\"aioseo-breadcrumb-separator\">\u2013<\/span><span class=\"aioseo-breadcrumb\">\n\t<a href=\"https:\/\/www.eldigitaldeasturias.com\/noticias\/las-personas-expuestas-al-ozono-tienen-un-mayor-riesgo-de-morir-por-enfermedad-respiratoria-y-cardiovascular\/\" title=\"Las personas expuestas al ozono tienen un mayor riesgo de morir por enfermedad respiratoria y cardiovascular\">Las personas expuestas al ozono tienen un mayor riesgo de morir por enfermedad respiratoria y cardiovascular<\/a>\n<\/span><\/div>","aioseo_breadcrumb_json":[{"label":"Home","link":"https:\/\/www.eldigitaldeasturias.com\/noticias"},{"label":"Sociedad","link":"https:\/\/www.eldigitaldeasturias.com\/noticias\/category\/sociedad\/"},{"label":"Las personas expuestas al ozono tienen un mayor riesgo de morir por enfermedad respiratoria y cardiovascular","link":"https:\/\/www.eldigitaldeasturias.com\/noticias\/las-personas-expuestas-al-ozono-tienen-un-mayor-riesgo-de-morir-por-enfermedad-respiratoria-y-cardiovascular\/"}],"_links":{"self":[{"href":"https:\/\/www.eldigitaldeasturias.com\/noticias\/wp-json\/wp\/v2\/posts\/853397","targetHints":{"allow":["GET"]}}],"collection":[{"href":"https:\/\/www.eldigitaldeasturias.com\/noticias\/wp-json\/wp\/v2\/posts"}],"about":[{"href":"https:\/\/www.eldigitaldeasturias.com\/noticias\/wp-json\/wp\/v2\/types\/post"}],"author":[{"embeddable":true,"href":"https:\/\/www.eldigitaldeasturias.com\/noticias\/wp-json\/wp\/v2\/users\/1"}],"replies":[{"embeddable":true,"href":"https:\/\/www.eldigitaldeasturias.com\/noticias\/wp-json\/wp\/v2\/comments?post=853397"}],"version-history":[{"count":0,"href":"https:\/\/www.eldigitaldeasturias.com\/noticias\/wp-json\/wp\/v2\/posts\/853397\/revisions"}],"wp:featuredmedia":[{"embeddable":true,"href":"https:\/\/www.eldigitaldeasturias.com\/noticias\/wp-json\/wp\/v2\/media\/853398"}],"wp:attachment":[{"href":"https:\/\/www.eldigitaldeasturias.com\/noticias\/wp-json\/wp\/v2\/media?parent=853397"}],"wp:term":[{"taxonomy":"category","embeddable":true,"href":"https:\/\/www.eldigitaldeasturias.com\/noticias\/wp-json\/wp\/v2\/categories?post=853397"},{"taxonomy":"post_tag","embeddable":true,"href":"https:\/\/www.eldigitaldeasturias.com\/noticias\/wp-json\/wp\/v2\/tags?post=853397"}],"curies":[{"name":"wp","href":"https:\/\/api.w.org\/{rel}","templated":true}]}}